{"id":19085,"date":"2024-11-06T17:00:00","date_gmt":"2024-11-06T20:00:00","guid":{"rendered":"https:\/\/sergiolapegue.com\/site\/?p=19085"},"modified":"2024-11-06T02:01:21","modified_gmt":"2024-11-06T05:01:21","slug":"mariu-fernandez-presenta-vertigo-en-la-trastienda","status":"publish","type":"post","link":"https:\/\/sergiolapegue.com\/site\/2024\/11\/06\/mariu-fernandez-presenta-vertigo-en-la-trastienda\/","title":{"rendered":"MARI\u00da FERN\u00c1NDEZ PRESENTA V\u00c9RTIGO EN LA TRASTIENDA"},"content":{"rendered":"\n<p>Luego de un largo recorrido art\u00edstico donde la m\u00fasica y el teatro la han visto brillar,&nbsp;MARIU FERN\u00c1NDEZpresenta un nuevo show, el viernes 15 de noviembre a las 20:30 horas.&nbsp;<\/p>\n\n\n\n<p>V\u00c9RTIGO, es un concierto que retrata los procesos internos que vive un artista y que constituyen los escalones que uno mismo se pone para escalar y abrirse paso en la industria.<\/p>\n\n\n\n<p>En palabras de Mari\u00fa:&nbsp;\u201cV\u00e9rtigo es animarme a perseguir ese latido que me mueve o que me impulsa, sin tener todas las certezas. Seguir mi voz interna y mandarme a vivir el ritual que implica salir a presentar mis canciones, hacer otras que me encantan y otras que s\u00e9 que si no suenan en un show m\u00edo,&nbsp; no ser\u00eda yo. Un equipazo d\u00e1ndolo todo, mucho coraz\u00f3n, y cosquilleo en la panza: V\u00e9rtigo. Nunca mejor dicho! Estoy muy feliz y ya arranqu\u00e9 tomando envi\u00f3n. Nos vemos ah\u00ed\u201d.<\/p>\n\n\n\n<p>Este concierto nace junto a la Big band que la acompa\u00f1a en los \u00faltimos a\u00f1os y consolida un viaje musical de excelencia. El repertorio, que promete ser inolvidable, repasar\u00e1 los principales hitos de la carrera de Mari\u00fa, versiones de interpretaciones memorables de Back to black, Billie Jean, Funky&nbsp;y temas de su autor\u00eda como \u201cAc\u00e1 no pasa nada\u201d, \u201cPerdida en vos\u201d y su m\u00e1s reciente trabajo como solista \u201cPerd\u00f3name\u201d entre otros.<\/p>\n\n\n\n<figure class=\"wp-block-image size-large is-resized\"><img loading=\"lazy\" decoding=\"async\" width=\"683\" height=\"1024\" src=\"https:\/\/sergiolapegue.com\/site\/wp-content\/uploads\/2024\/11\/Mariu-Fernandez-presenta-Vertigo-4-683x1024.jpg\" alt=\"\" class=\"wp-image-19086\" style=\"width:696px;height:auto\" srcset=\"https:\/\/sergiolapegue.com\/site\/wp-content\/uploads\/2024\/11\/Mariu-Fernandez-presenta-Vertigo-4-683x1024.jpg 683w, https:\/\/sergiolapegue.com\/site\/wp-content\/uploads\/2024\/11\/Mariu-Fernandez-presenta-Vertigo-4-200x300.jpg 200w, https:\/\/sergiolapegue.com\/site\/wp-content\/uploads\/2024\/11\/Mariu-Fernandez-presenta-Vertigo-4-768x1152.jpg 768w, https:\/\/sergiolapegue.com\/site\/wp-content\/uploads\/2024\/11\/Mariu-Fernandez-presenta-Vertigo-4-1024x1536.jpg 1024w, https:\/\/sergiolapegue.com\/site\/wp-content\/uploads\/2024\/11\/Mariu-Fernandez-presenta-Vertigo-4-1365x2048.jpg 1365w, https:\/\/sergiolapegue.com\/site\/wp-content\/uploads\/2024\/11\/Mariu-Fernandez-presenta-Vertigo-4-280x420.jpg 280w, https:\/\/sergiolapegue.com\/site\/wp-content\/uploads\/2024\/11\/Mariu-Fernandez-presenta-Vertigo-4-696x1044.jpg 696w, https:\/\/sergiolapegue.com\/site\/wp-content\/uploads\/2024\/11\/Mariu-Fernandez-presenta-Vertigo-4-1068x1602.jpg 1068w, https:\/\/sergiolapegue.com\/site\/wp-content\/uploads\/2024\/11\/Mariu-Fernandez-presenta-Vertigo-4-1920x2880.jpg 1920w, https:\/\/sergiolapegue.com\/site\/wp-content\/uploads\/2024\/11\/Mariu-Fernandez-presenta-Vertigo-4-scaled.jpg 1707w\" sizes=\"auto, (max-width: 683px) 100vw, 683px\" \/><\/figure>\n\n\n\n<p><strong>SOBRE MARI\u00da FERN\u00c1NDEZ<\/strong><\/p>\n\n\n\n<p>Mari\u00fa Fern\u00e1ndez es una talentosa actriz, cantante, bailarina y compositora argentina con una notable carrera en el \u00e1mbito del espect\u00e1culo. Adem\u00e1s de participar en destacados musicales como \u201cLos Productores&#8221;, &#8220;Sweet Charity&#8221;, &#8221; Rent&#8221;, &#8220;Tango Feroz&#8221;,\u00a0 &#8220;Por amor a Sandro&#8221;,\u00a0 &#8221; El Pasajero&#8221;, &#8220;Shrek&#8221;, y el homenaje a Amy Winehouse en &#8220;Yo no soy Amy&#8221;, tambi\u00e9n ha brillado en &#8220;A Chorus Line&#8221;. Destaca su colaboraci\u00f3n con el aclamado actor Ricardo Dar\u00edn en la pel\u00edcula &#8220;El amor menos pensado&#8221;, lo que evidencia su versatilidad y talento. Como productora, Mari\u00fa toma un rol activo en la creaci\u00f3n y producci\u00f3n de sus espect\u00e1culos, demostrando su compromiso y pasi\u00f3n por el arte. Adem\u00e1s, se destaca por sus actuaciones en vivo en reconocidos escenarios de la escena porte\u00f1a. Actualmente, est\u00e1 enfocada en el desarrollo de nuevo material para su carrera como solista, prometiendo aportar frescura y originalidad a la m\u00fasica argentina con su capacidad creativa y su voz \u00fanica.<\/p>\n\n\n\n<p><strong>Plataformas Mari\u00fa<\/strong><\/p>\n\n\n\n<p><a href=\"https:\/\/91599.clicks.dattanet.com\/track\/click?u=3610389&amp;p=39313539393a3731363a3633333a303a31303a30&amp;s=196d96a54fa046d351790f138630b9b8&amp;m=30218\" target=\"_blank\" rel=\"noreferrer noopener\">Instagram<\/a>&nbsp;|&nbsp;<a href=\"https:\/\/91599.clicks.dattanet.com\/track\/click?u=3610390&amp;p=39313539393a3731363a3633333a303a31313a30&amp;s=196d96a54fa046d351790f138630b9b8&amp;m=30218\" target=\"_blank\" rel=\"noreferrer noopener\">Spotify<\/a>&nbsp;|&nbsp;<a href=\"https:\/\/91599.clicks.dattanet.com\/track\/click?u=3610391&amp;p=39313539393a3731363a3633333a303a31323a30&amp;s=196d96a54fa046d351790f138630b9b8&amp;m=30218\" target=\"_blank\" rel=\"noreferrer noopener\">YouTube<\/a><\/p>\n\n\n\n<figure class=\"wp-block-image size-large is-resized\"><img loading=\"lazy\" decoding=\"async\" width=\"682\" height=\"1024\" src=\"https:\/\/sergiolapegue.com\/site\/wp-content\/uploads\/2024\/11\/Mariu-Fernandez-presenta-Vertigo-1-682x1024.jpeg\" alt=\"\" class=\"wp-image-19087\" style=\"width:696px;height:auto\" srcset=\"https:\/\/sergiolapegue.com\/site\/wp-content\/uploads\/2024\/11\/Mariu-Fernandez-presenta-Vertigo-1-682x1024.jpeg 682w, https:\/\/sergiolapegue.com\/site\/wp-content\/uploads\/2024\/11\/Mariu-Fernandez-presenta-Vertigo-1-200x300.jpeg 200w, https:\/\/sergiolapegue.com\/site\/wp-content\/uploads\/2024\/11\/Mariu-Fernandez-presenta-Vertigo-1-768x1154.jpeg 768w, https:\/\/sergiolapegue.com\/site\/wp-content\/uploads\/2024\/11\/Mariu-Fernandez-presenta-Vertigo-1-280x420.jpeg 280w, https:\/\/sergiolapegue.com\/site\/wp-content\/uploads\/2024\/11\/Mariu-Fernandez-presenta-Vertigo-1-696x1046.jpeg 696w, https:\/\/sergiolapegue.com\/site\/wp-content\/uploads\/2024\/11\/Mariu-Fernandez-presenta-Vertigo-1.jpeg 852w\" sizes=\"auto, (max-width: 682px) 100vw, 682px\" \/><\/figure>\n\n\n\n<p><strong>LA TRASTIENDA CLUB<\/strong><\/p>\n\n\n\n<p>Balcarce 460 \u2013 Capital Federal \u2013 Buenos Aires \u2013 Argentina<\/p>\n\n\n\n<p>Entradas: Desde $ 19.800 \u2013 a trav\u00e9s de&nbsp;<a href=\"https:\/\/91599.clicks.dattanet.com\/track\/click?u=3610384&amp;p=39313539393a3731363a3633333a303a383a30&amp;s=196d96a54fa046d351790f138630b9b8&amp;m=30218\" target=\"_blank\" rel=\"noreferrer noopener\">TUENTRADA.COM<\/a><\/p>\n\n\n\n<p>Funci\u00f3n: Viernes 15 de Noviembre \u2013 20:30 horas<\/p>\n\n\n\n<p>Gracias BMZ Comunicaciones por acercarnos la gacetilla de prensa de Mari\u00fa Fern\u00e1ndez presentando V\u00e9rtigo en La Trastienda Club.<\/p>\n\n\n\n<p><\/p>\n","protected":false},"excerpt":{"rendered":"<p>Luego de un largo recorrido art\u00edstico donde la m\u00fasica y el teatro la han visto brillar,&nbsp;MARIU FERN\u00c1NDEZpresenta un nuevo show, el viernes 15 de noviembre a las 20:30 horas.&nbsp; V\u00c9RTIGO, es un concierto que retrata los procesos internos que vive un artista y que constituyen los escalones que uno mismo se pone para escalar y [&hellip;]<\/p>\n","protected":false},"author":3,"featured_media":19088,"comment_status":"open","ping_status":"closed","sticky":false,"template":"","format":"standard","meta":{"footnotes":""},"categories":[34,56],"tags":[],"class_list":{"0":"post-19085","1":"post","2":"type-post","3":"status-publish","4":"format-standard","5":"has-post-thumbnail","7":"category-arte","8":"category-musica"},"yoast_head":"<!-- This site is optimized with the Yoast SEO plugin v27.4 - https:\/\/yoast.com\/product\/yoast-seo-wordpress\/ -->\n<title>MARI\u00da FERN\u00c1NDEZ PRESENTA V\u00c9RTIGO EN LA TRASTIENDA - Sergio Lapegue<\/title>\n<meta name=\"robots\" content=\"index, follow, max-snippet:-1, max-image-preview:large, max-video-preview:-1\" \/>\n<link rel=\"canonical\" href=\"https:\/\/sergiolapegue.com\/site\/2024\/11\/06\/mariu-fernandez-presenta-vertigo-en-la-trastienda\/\" \/>\n<meta property=\"og:locale\" content=\"es_ES\" \/>\n<meta property=\"og:type\" content=\"article\" \/>\n<meta property=\"og:title\" content=\"MARI\u00da FERN\u00c1NDEZ PRESENTA V\u00c9RTIGO EN LA TRASTIENDA - Sergio Lapegue\" \/>\n<meta property=\"og:description\" content=\"Luego de un largo recorrido art\u00edstico donde la m\u00fasica y el teatro la han visto brillar,&nbsp;MARIU FERN\u00c1NDEZpresenta un nuevo show, el viernes 15 de noviembre a las 20:30 horas.&nbsp; V\u00c9RTIGO, es un concierto que retrata los procesos internos que vive un artista y que constituyen los escalones que uno mismo se pone para escalar y [&hellip;]\" \/>\n<meta property=\"og:url\" content=\"https:\/\/sergiolapegue.com\/site\/2024\/11\/06\/mariu-fernandez-presenta-vertigo-en-la-trastienda\/\" \/>\n<meta property=\"og:site_name\" content=\"Sergio Lapegue\" \/>\n<meta property=\"article:publisher\" content=\"https:\/\/facebook.com\/sergiolapegue\" \/>\n<meta property=\"article:author\" content=\"https:\/\/facebook.com\/danielernesto.montana\" \/>\n<meta property=\"article:published_time\" content=\"2024-11-06T20:00:00+00:00\" \/>\n<meta property=\"og:image\" content=\"https:\/\/sergiolapegue.com\/site\/wp-content\/uploads\/2024\/11\/Mariu-Fernandez-presenta-Vertigo.png\" \/>\n\t<meta property=\"og:image:width\" content=\"1080\" \/>\n\t<meta property=\"og:image:height\" content=\"1080\" \/>\n\t<meta property=\"og:image:type\" content=\"image\/png\" \/>\n<meta name=\"author\" content=\"Daniel E. Monta\u00f1a\" \/>\n<meta name=\"twitter:card\" content=\"summary_large_image\" \/>\n<meta name=\"twitter:creator\" content=\"@https:\/\/twitter.com\/daner_004\" \/>\n<meta name=\"twitter:site\" content=\"@sergiolapegue\" \/>\n<meta name=\"twitter:label1\" content=\"Escrito por\" \/>\n\t<meta name=\"twitter:data1\" content=\"Daniel E. Monta\u00f1a\" \/>\n\t<meta name=\"twitter:label2\" content=\"Tiempo de lectura\" \/>\n\t<meta name=\"twitter:data2\" content=\"3 minutos\" \/>\n<script type=\"application\/ld+json\" class=\"yoast-schema-graph\">{\"@context\":\"https:\\\/\\\/schema.org\",\"@graph\":[{\"@type\":\"Article\",\"@id\":\"https:\\\/\\\/sergiolapegue.com\\\/site\\\/2024\\\/11\\\/06\\\/mariu-fernandez-presenta-vertigo-en-la-trastienda\\\/#article\",\"isPartOf\":{\"@id\":\"https:\\\/\\\/sergiolapegue.com\\\/site\\\/2024\\\/11\\\/06\\\/mariu-fernandez-presenta-vertigo-en-la-trastienda\\\/\"},\"author\":{\"name\":\"Daniel E. Monta\u00f1a\",\"@id\":\"https:\\\/\\\/sergiolapegue.com\\\/site\\\/#\\\/schema\\\/person\\\/9198e7dbab43c6d74d0fd5399af7c3cd\"},\"headline\":\"MARI\u00da FERN\u00c1NDEZ PRESENTA V\u00c9RTIGO EN LA TRASTIENDA\",\"datePublished\":\"2024-11-06T20:00:00+00:00\",\"mainEntityOfPage\":{\"@id\":\"https:\\\/\\\/sergiolapegue.com\\\/site\\\/2024\\\/11\\\/06\\\/mariu-fernandez-presenta-vertigo-en-la-trastienda\\\/\"},\"wordCount\":468,\"commentCount\":0,\"publisher\":{\"@id\":\"https:\\\/\\\/sergiolapegue.com\\\/site\\\/#\\\/schema\\\/person\\\/083aeceeb0734cd166779ea6c0551a37\"},\"image\":{\"@id\":\"https:\\\/\\\/sergiolapegue.com\\\/site\\\/2024\\\/11\\\/06\\\/mariu-fernandez-presenta-vertigo-en-la-trastienda\\\/#primaryimage\"},\"thumbnailUrl\":\"https:\\\/\\\/sergiolapegue.com\\\/site\\\/wp-content\\\/uploads\\\/2024\\\/11\\\/Mariu-Fernandez-presenta-Vertigo.png\",\"articleSection\":[\"Arte\",\"M\u00fasica\"],\"inLanguage\":\"es-AR\",\"potentialAction\":[{\"@type\":\"CommentAction\",\"name\":\"Comment\",\"target\":[\"https:\\\/\\\/sergiolapegue.com\\\/site\\\/2024\\\/11\\\/06\\\/mariu-fernandez-presenta-vertigo-en-la-trastienda\\\/#respond\"]}]},{\"@type\":\"WebPage\",\"@id\":\"https:\\\/\\\/sergiolapegue.com\\\/site\\\/2024\\\/11\\\/06\\\/mariu-fernandez-presenta-vertigo-en-la-trastienda\\\/\",\"url\":\"https:\\\/\\\/sergiolapegue.com\\\/site\\\/2024\\\/11\\\/06\\\/mariu-fernandez-presenta-vertigo-en-la-trastienda\\\/\",\"name\":\"MARI\u00da FERN\u00c1NDEZ PRESENTA V\u00c9RTIGO EN LA TRASTIENDA - Sergio Lapegue\",\"isPartOf\":{\"@id\":\"https:\\\/\\\/sergiolapegue.com\\\/site\\\/#website\"},\"primaryImageOfPage\":{\"@id\":\"https:\\\/\\\/sergiolapegue.com\\\/site\\\/2024\\\/11\\\/06\\\/mariu-fernandez-presenta-vertigo-en-la-trastienda\\\/#primaryimage\"},\"image\":{\"@id\":\"https:\\\/\\\/sergiolapegue.com\\\/site\\\/2024\\\/11\\\/06\\\/mariu-fernandez-presenta-vertigo-en-la-trastienda\\\/#primaryimage\"},\"thumbnailUrl\":\"https:\\\/\\\/sergiolapegue.com\\\/site\\\/wp-content\\\/uploads\\\/2024\\\/11\\\/Mariu-Fernandez-presenta-Vertigo.png\",\"datePublished\":\"2024-11-06T20:00:00+00:00\",\"breadcrumb\":{\"@id\":\"https:\\\/\\\/sergiolapegue.com\\\/site\\\/2024\\\/11\\\/06\\\/mariu-fernandez-presenta-vertigo-en-la-trastienda\\\/#breadcrumb\"},\"inLanguage\":\"es-AR\",\"potentialAction\":[{\"@type\":\"ReadAction\",\"target\":[\"https:\\\/\\\/sergiolapegue.com\\\/site\\\/2024\\\/11\\\/06\\\/mariu-fernandez-presenta-vertigo-en-la-trastienda\\\/\"]}]},{\"@type\":\"ImageObject\",\"inLanguage\":\"es-AR\",\"@id\":\"https:\\\/\\\/sergiolapegue.com\\\/site\\\/2024\\\/11\\\/06\\\/mariu-fernandez-presenta-vertigo-en-la-trastienda\\\/#primaryimage\",\"url\":\"https:\\\/\\\/sergiolapegue.com\\\/site\\\/wp-content\\\/uploads\\\/2024\\\/11\\\/Mariu-Fernandez-presenta-Vertigo.png\",\"contentUrl\":\"https:\\\/\\\/sergiolapegue.com\\\/site\\\/wp-content\\\/uploads\\\/2024\\\/11\\\/Mariu-Fernandez-presenta-Vertigo.png\",\"width\":1080,\"height\":1080},{\"@type\":\"BreadcrumbList\",\"@id\":\"https:\\\/\\\/sergiolapegue.com\\\/site\\\/2024\\\/11\\\/06\\\/mariu-fernandez-presenta-vertigo-en-la-trastienda\\\/#breadcrumb\",\"itemListElement\":[{\"@type\":\"ListItem\",\"position\":1,\"name\":\"Inicio\",\"item\":\"https:\\\/\\\/sergiolapegue.com\\\/site\\\/\"},{\"@type\":\"ListItem\",\"position\":2,\"name\":\"MARI\u00da FERN\u00c1NDEZ PRESENTA V\u00c9RTIGO EN LA TRASTIENDA\"}]},{\"@type\":\"WebSite\",\"@id\":\"https:\\\/\\\/sergiolapegue.com\\\/site\\\/#website\",\"url\":\"https:\\\/\\\/sergiolapegue.com\\\/site\\\/\",\"name\":\"Sergio Lapegue\",\"description\":\"Periodista\",\"publisher\":{\"@id\":\"https:\\\/\\\/sergiolapegue.com\\\/site\\\/#\\\/schema\\\/person\\\/083aeceeb0734cd166779ea6c0551a37\"},\"potentialAction\":[{\"@type\":\"SearchAction\",\"target\":{\"@type\":\"EntryPoint\",\"urlTemplate\":\"https:\\\/\\\/sergiolapegue.com\\\/site\\\/?s={search_term_string}\"},\"query-input\":{\"@type\":\"PropertyValueSpecification\",\"valueRequired\":true,\"valueName\":\"search_term_string\"}}],\"inLanguage\":\"es-AR\"},{\"@type\":[\"Person\",\"Organization\"],\"@id\":\"https:\\\/\\\/sergiolapegue.com\\\/site\\\/#\\\/schema\\\/person\\\/083aeceeb0734cd166779ea6c0551a37\",\"name\":\"Sergio Lapegue\",\"image\":{\"@type\":\"ImageObject\",\"inLanguage\":\"es-AR\",\"@id\":\"https:\\\/\\\/sergiolapegue.com\\\/site\\\/wp-content\\\/uploads\\\/2021\\\/04\\\/logo_header-1.png\",\"url\":\"https:\\\/\\\/sergiolapegue.com\\\/site\\\/wp-content\\\/uploads\\\/2021\\\/04\\\/logo_header-1.png\",\"contentUrl\":\"https:\\\/\\\/sergiolapegue.com\\\/site\\\/wp-content\\\/uploads\\\/2021\\\/04\\\/logo_header-1.png\",\"width\":272,\"height\":90,\"caption\":\"Sergio Lapegue\"},\"logo\":{\"@id\":\"https:\\\/\\\/sergiolapegue.com\\\/site\\\/wp-content\\\/uploads\\\/2021\\\/04\\\/logo_header-1.png\"},\"sameAs\":[\"https:\\\/\\\/facebook.com\\\/sergiolapegue\",\"https:\\\/\\\/instagram.com\\\/sergiolapegue\",\"https:\\\/\\\/x.com\\\/https:\\\/\\\/twitter.com\\\/sergiolapegue\"]},{\"@type\":\"Person\",\"@id\":\"https:\\\/\\\/sergiolapegue.com\\\/site\\\/#\\\/schema\\\/person\\\/9198e7dbab43c6d74d0fd5399af7c3cd\",\"name\":\"Daniel E. Monta\u00f1a\",\"image\":{\"@type\":\"ImageObject\",\"inLanguage\":\"es-AR\",\"@id\":\"https:\\\/\\\/sergiolapegue.com\\\/site\\\/wp-content\\\/uploads\\\/2021\\\/04\\\/sl_avatar_Daniel-150x150.jpg\",\"url\":\"https:\\\/\\\/sergiolapegue.com\\\/site\\\/wp-content\\\/uploads\\\/2021\\\/04\\\/sl_avatar_Daniel-150x150.jpg\",\"contentUrl\":\"https:\\\/\\\/sergiolapegue.com\\\/site\\\/wp-content\\\/uploads\\\/2021\\\/04\\\/sl_avatar_Daniel-150x150.jpg\",\"caption\":\"Daniel E. Monta\u00f1a\"},\"sameAs\":[\"https:\\\/\\\/facebook.com\\\/danielernesto.montana\",\"https:\\\/\\\/instagram.com\\\/daniel_montana1961\",\"https:\\\/\\\/x.com\\\/https:\\\/\\\/twitter.com\\\/daner_004\"],\"url\":\"https:\\\/\\\/sergiolapegue.com\\\/site\\\/author\\\/daniel\\\/\"}]}<\/script>\n<!-- \/ Yoast SEO plugin. -->","yoast_head_json":{"title":"MARI\u00da FERN\u00c1NDEZ PRESENTA V\u00c9RTIGO EN LA TRASTIENDA - Sergio Lapegue","robots":{"index":"index","follow":"follow","max-snippet":"max-snippet:-1","max-image-preview":"max-image-preview:large","max-video-preview":"max-video-preview:-1"},"canonical":"https:\/\/sergiolapegue.com\/site\/2024\/11\/06\/mariu-fernandez-presenta-vertigo-en-la-trastienda\/","og_locale":"es_ES","og_type":"article","og_title":"MARI\u00da FERN\u00c1NDEZ PRESENTA V\u00c9RTIGO EN LA TRASTIENDA - Sergio Lapegue","og_description":"Luego de un largo recorrido art\u00edstico donde la m\u00fasica y el teatro la han visto brillar,&nbsp;MARIU FERN\u00c1NDEZpresenta un nuevo show, el viernes 15 de noviembre a las 20:30 horas.&nbsp; V\u00c9RTIGO, es un concierto que retrata los procesos internos que vive un artista y que constituyen los escalones que uno mismo se pone para escalar y [&hellip;]","og_url":"https:\/\/sergiolapegue.com\/site\/2024\/11\/06\/mariu-fernandez-presenta-vertigo-en-la-trastienda\/","og_site_name":"Sergio Lapegue","article_publisher":"https:\/\/facebook.com\/sergiolapegue","article_author":"https:\/\/facebook.com\/danielernesto.montana","article_published_time":"2024-11-06T20:00:00+00:00","og_image":[{"width":1080,"height":1080,"url":"https:\/\/sergiolapegue.com\/site\/wp-content\/uploads\/2024\/11\/Mariu-Fernandez-presenta-Vertigo.png","type":"image\/png"}],"author":"Daniel E. Monta\u00f1a","twitter_card":"summary_large_image","twitter_creator":"@https:\/\/twitter.com\/daner_004","twitter_site":"@sergiolapegue","twitter_misc":{"Escrito por":"Daniel E. Monta\u00f1a","Tiempo de lectura":"3 minutos"},"schema":{"@context":"https:\/\/schema.org","@graph":[{"@type":"Article","@id":"https:\/\/sergiolapegue.com\/site\/2024\/11\/06\/mariu-fernandez-presenta-vertigo-en-la-trastienda\/#article","isPartOf":{"@id":"https:\/\/sergiolapegue.com\/site\/2024\/11\/06\/mariu-fernandez-presenta-vertigo-en-la-trastienda\/"},"author":{"name":"Daniel E. Monta\u00f1a","@id":"https:\/\/sergiolapegue.com\/site\/#\/schema\/person\/9198e7dbab43c6d74d0fd5399af7c3cd"},"headline":"MARI\u00da FERN\u00c1NDEZ PRESENTA V\u00c9RTIGO EN LA TRASTIENDA","datePublished":"2024-11-06T20:00:00+00:00","mainEntityOfPage":{"@id":"https:\/\/sergiolapegue.com\/site\/2024\/11\/06\/mariu-fernandez-presenta-vertigo-en-la-trastienda\/"},"wordCount":468,"commentCount":0,"publisher":{"@id":"https:\/\/sergiolapegue.com\/site\/#\/schema\/person\/083aeceeb0734cd166779ea6c0551a37"},"image":{"@id":"https:\/\/sergiolapegue.com\/site\/2024\/11\/06\/mariu-fernandez-presenta-vertigo-en-la-trastienda\/#primaryimage"},"thumbnailUrl":"https:\/\/sergiolapegue.com\/site\/wp-content\/uploads\/2024\/11\/Mariu-Fernandez-presenta-Vertigo.png","articleSection":["Arte","M\u00fasica"],"inLanguage":"es-AR","potentialAction":[{"@type":"CommentAction","name":"Comment","target":["https:\/\/sergiolapegue.com\/site\/2024\/11\/06\/mariu-fernandez-presenta-vertigo-en-la-trastienda\/#respond"]}]},{"@type":"WebPage","@id":"https:\/\/sergiolapegue.com\/site\/2024\/11\/06\/mariu-fernandez-presenta-vertigo-en-la-trastienda\/","url":"https:\/\/sergiolapegue.com\/site\/2024\/11\/06\/mariu-fernandez-presenta-vertigo-en-la-trastienda\/","name":"MARI\u00da FERN\u00c1NDEZ PRESENTA V\u00c9RTIGO EN LA TRASTIENDA - Sergio Lapegue","isPartOf":{"@id":"https:\/\/sergiolapegue.com\/site\/#website"},"primaryImageOfPage":{"@id":"https:\/\/sergiolapegue.com\/site\/2024\/11\/06\/mariu-fernandez-presenta-vertigo-en-la-trastienda\/#primaryimage"},"image":{"@id":"https:\/\/sergiolapegue.com\/site\/2024\/11\/06\/mariu-fernandez-presenta-vertigo-en-la-trastienda\/#primaryimage"},"thumbnailUrl":"https:\/\/sergiolapegue.com\/site\/wp-content\/uploads\/2024\/11\/Mariu-Fernandez-presenta-Vertigo.png","datePublished":"2024-11-06T20:00:00+00:00","breadcrumb":{"@id":"https:\/\/sergiolapegue.com\/site\/2024\/11\/06\/mariu-fernandez-presenta-vertigo-en-la-trastienda\/#breadcrumb"},"inLanguage":"es-AR","potentialAction":[{"@type":"ReadAction","target":["https:\/\/sergiolapegue.com\/site\/2024\/11\/06\/mariu-fernandez-presenta-vertigo-en-la-trastienda\/"]}]},{"@type":"ImageObject","inLanguage":"es-AR","@id":"https:\/\/sergiolapegue.com\/site\/2024\/11\/06\/mariu-fernandez-presenta-vertigo-en-la-trastienda\/#primaryimage","url":"https:\/\/sergiolapegue.com\/site\/wp-content\/uploads\/2024\/11\/Mariu-Fernandez-presenta-Vertigo.png","contentUrl":"https:\/\/sergiolapegue.com\/site\/wp-content\/uploads\/2024\/11\/Mariu-Fernandez-presenta-Vertigo.png","width":1080,"height":1080},{"@type":"BreadcrumbList","@id":"https:\/\/sergiolapegue.com\/site\/2024\/11\/06\/mariu-fernandez-presenta-vertigo-en-la-trastienda\/#breadcrumb","itemListElement":[{"@type":"ListItem","position":1,"name":"Inicio","item":"https:\/\/sergiolapegue.com\/site\/"},{"@type":"ListItem","position":2,"name":"MARI\u00da FERN\u00c1NDEZ PRESENTA V\u00c9RTIGO EN LA TRASTIENDA"}]},{"@type":"WebSite","@id":"https:\/\/sergiolapegue.com\/site\/#website","url":"https:\/\/sergiolapegue.com\/site\/","name":"Sergio Lapegue","description":"Periodista","publisher":{"@id":"https:\/\/sergiolapegue.com\/site\/#\/schema\/person\/083aeceeb0734cd166779ea6c0551a37"},"potentialAction":[{"@type":"SearchAction","target":{"@type":"EntryPoint","urlTemplate":"https:\/\/sergiolapegue.com\/site\/?s={search_term_string}"},"query-input":{"@type":"PropertyValueSpecification","valueRequired":true,"valueName":"search_term_string"}}],"inLanguage":"es-AR"},{"@type":["Person","Organization"],"@id":"https:\/\/sergiolapegue.com\/site\/#\/schema\/person\/083aeceeb0734cd166779ea6c0551a37","name":"Sergio Lapegue","image":{"@type":"ImageObject","inLanguage":"es-AR","@id":"https:\/\/sergiolapegue.com\/site\/wp-content\/uploads\/2021\/04\/logo_header-1.png","url":"https:\/\/sergiolapegue.com\/site\/wp-content\/uploads\/2021\/04\/logo_header-1.png","contentUrl":"https:\/\/sergiolapegue.com\/site\/wp-content\/uploads\/2021\/04\/logo_header-1.png","width":272,"height":90,"caption":"Sergio Lapegue"},"logo":{"@id":"https:\/\/sergiolapegue.com\/site\/wp-content\/uploads\/2021\/04\/logo_header-1.png"},"sameAs":["https:\/\/facebook.com\/sergiolapegue","https:\/\/instagram.com\/sergiolapegue","https:\/\/x.com\/https:\/\/twitter.com\/sergiolapegue"]},{"@type":"Person","@id":"https:\/\/sergiolapegue.com\/site\/#\/schema\/person\/9198e7dbab43c6d74d0fd5399af7c3cd","name":"Daniel E. Monta\u00f1a","image":{"@type":"ImageObject","inLanguage":"es-AR","@id":"https:\/\/sergiolapegue.com\/site\/wp-content\/uploads\/2021\/04\/sl_avatar_Daniel-150x150.jpg","url":"https:\/\/sergiolapegue.com\/site\/wp-content\/uploads\/2021\/04\/sl_avatar_Daniel-150x150.jpg","contentUrl":"https:\/\/sergiolapegue.com\/site\/wp-content\/uploads\/2021\/04\/sl_avatar_Daniel-150x150.jpg","caption":"Daniel E. Monta\u00f1a"},"sameAs":["https:\/\/facebook.com\/danielernesto.montana","https:\/\/instagram.com\/daniel_montana1961","https:\/\/x.com\/https:\/\/twitter.com\/daner_004"],"url":"https:\/\/sergiolapegue.com\/site\/author\/daniel\/"}]}},"_links":{"self":[{"href":"https:\/\/sergiolapegue.com\/site\/wp-json\/wp\/v2\/posts\/19085","targetHints":{"allow":["GET"]}}],"collection":[{"href":"https:\/\/sergiolapegue.com\/site\/wp-json\/wp\/v2\/posts"}],"about":[{"href":"https:\/\/sergiolapegue.com\/site\/wp-json\/wp\/v2\/types\/post"}],"author":[{"embeddable":true,"href":"https:\/\/sergiolapegue.com\/site\/wp-json\/wp\/v2\/users\/3"}],"replies":[{"embeddable":true,"href":"https:\/\/sergiolapegue.com\/site\/wp-json\/wp\/v2\/comments?post=19085"}],"version-history":[{"count":1,"href":"https:\/\/sergiolapegue.com\/site\/wp-json\/wp\/v2\/posts\/19085\/revisions"}],"predecessor-version":[{"id":19089,"href":"https:\/\/sergiolapegue.com\/site\/wp-json\/wp\/v2\/posts\/19085\/revisions\/19089"}],"wp:featuredmedia":[{"embeddable":true,"href":"https:\/\/sergiolapegue.com\/site\/wp-json\/wp\/v2\/media\/19088"}],"wp:attachment":[{"href":"https:\/\/sergiolapegue.com\/site\/wp-json\/wp\/v2\/media?parent=19085"}],"wp:term":[{"taxonomy":"category","embeddable":true,"href":"https:\/\/sergiolapegue.com\/site\/wp-json\/wp\/v2\/categories?post=19085"},{"taxonomy":"post_tag","embeddable":true,"href":"https:\/\/sergiolapegue.com\/site\/wp-json\/wp\/v2\/tags?post=19085"}],"curies":[{"name":"wp","href":"https:\/\/api.w.org\/{rel}","templated":true}]}}