{"id":18983,"date":"2024-11-01T01:00:00","date_gmt":"2024-11-01T04:00:00","guid":{"rendered":"https:\/\/sergiolapegue.com\/site\/?p=18983"},"modified":"2024-11-01T00:48:00","modified_gmt":"2024-11-01T03:48:00","slug":"marcela-contra-la-maquina","status":"publish","type":"post","link":"https:\/\/sergiolapegue.com\/site\/2024\/11\/01\/marcela-contra-la-maquina\/","title":{"rendered":"MARCELA CONTRA LA M\u00c1QUINA"},"content":{"rendered":"\n<p>En noviembre N\u00fcn Teatro Bar presenta \u201cMarcela contra la m\u00e1quina\u201d, con texto y direcci\u00f3n de Mariana Chaud y las actuaciones de Ximena Ban\u00fas, Violeta Brener, Nicol\u00e1s Levin y Luciana Lifschitz. Se presentara los d\u00edas s\u00e1bados a las 22:30 horas.<\/p>\n\n\n\n<p>Espect\u00e1culo ganador del Premio ARTEI a la producci\u00f3n de teatro independiente 2024.<\/p>\n\n\n\n<p>Proyecto realizado en coproducci\u00f3n con el FIBA 2024<\/p>\n\n\n\n<figure class=\"wp-block-image size-large\"><img loading=\"lazy\" decoding=\"async\" width=\"1024\" height=\"683\" src=\"https:\/\/sergiolapegue.com\/site\/wp-content\/uploads\/2024\/11\/Marcela-contra-la-maquina-1-1024x683.jpg\" alt=\"\" class=\"wp-image-18984\" srcset=\"https:\/\/sergiolapegue.com\/site\/wp-content\/uploads\/2024\/11\/Marcela-contra-la-maquina-1-1024x683.jpg 1024w, https:\/\/sergiolapegue.com\/site\/wp-content\/uploads\/2024\/11\/Marcela-contra-la-maquina-1-300x200.jpg 300w, https:\/\/sergiolapegue.com\/site\/wp-content\/uploads\/2024\/11\/Marcela-contra-la-maquina-1-768x512.jpg 768w, https:\/\/sergiolapegue.com\/site\/wp-content\/uploads\/2024\/11\/Marcela-contra-la-maquina-1-1536x1024.jpg 1536w, https:\/\/sergiolapegue.com\/site\/wp-content\/uploads\/2024\/11\/Marcela-contra-la-maquina-1-2048x1365.jpg 2048w, https:\/\/sergiolapegue.com\/site\/wp-content\/uploads\/2024\/11\/Marcela-contra-la-maquina-1-630x420.jpg 630w, https:\/\/sergiolapegue.com\/site\/wp-content\/uploads\/2024\/11\/Marcela-contra-la-maquina-1-696x464.jpg 696w, https:\/\/sergiolapegue.com\/site\/wp-content\/uploads\/2024\/11\/Marcela-contra-la-maquina-1-1068x712.jpg 1068w, https:\/\/sergiolapegue.com\/site\/wp-content\/uploads\/2024\/11\/Marcela-contra-la-maquina-1-1920x1280.jpg 1920w\" sizes=\"auto, (max-width: 1024px) 100vw, 1024px\" \/><\/figure>\n\n\n\n<p><strong>SINOPSIS<\/strong><\/p>\n\n\n\n<p>2 actores y 1 dramaturga se juntan a ensayar. Su hija llega y queda presa del ensayo; critica todo lo que hacen.&nbsp;<\/p>\n\n\n\n<p>La obra que ensayan intenta contar los sue\u00f1os de los personajes a trav\u00e9s de una extra\u00f1a hip\u00f3tesis: los sue\u00f1os se han deteriorado con el tiempo, como la alimentaci\u00f3n, el aire y el agua, as\u00ed como la imaginaci\u00f3n. Entablan una competencia con la IA.&nbsp;Actores, personajes y sue\u00f1os se confunden en pesadilla.<\/p>\n\n\n\n<figure class=\"wp-block-image size-large\"><img loading=\"lazy\" decoding=\"async\" width=\"1024\" height=\"683\" src=\"https:\/\/sergiolapegue.com\/site\/wp-content\/uploads\/2024\/11\/Marcela-contra-la-maquina-2-1024x683.jpg\" alt=\"\" class=\"wp-image-18985\" srcset=\"https:\/\/sergiolapegue.com\/site\/wp-content\/uploads\/2024\/11\/Marcela-contra-la-maquina-2-1024x683.jpg 1024w, https:\/\/sergiolapegue.com\/site\/wp-content\/uploads\/2024\/11\/Marcela-contra-la-maquina-2-300x200.jpg 300w, https:\/\/sergiolapegue.com\/site\/wp-content\/uploads\/2024\/11\/Marcela-contra-la-maquina-2-768x512.jpg 768w, https:\/\/sergiolapegue.com\/site\/wp-content\/uploads\/2024\/11\/Marcela-contra-la-maquina-2-1536x1024.jpg 1536w, https:\/\/sergiolapegue.com\/site\/wp-content\/uploads\/2024\/11\/Marcela-contra-la-maquina-2-2048x1365.jpg 2048w, https:\/\/sergiolapegue.com\/site\/wp-content\/uploads\/2024\/11\/Marcela-contra-la-maquina-2-630x420.jpg 630w, https:\/\/sergiolapegue.com\/site\/wp-content\/uploads\/2024\/11\/Marcela-contra-la-maquina-2-696x464.jpg 696w, https:\/\/sergiolapegue.com\/site\/wp-content\/uploads\/2024\/11\/Marcela-contra-la-maquina-2-1068x712.jpg 1068w, https:\/\/sergiolapegue.com\/site\/wp-content\/uploads\/2024\/11\/Marcela-contra-la-maquina-2-1920x1280.jpg 1920w\" sizes=\"auto, (max-width: 1024px) 100vw, 1024px\" \/><\/figure>\n\n\n\n<p><strong>FICHA T\u00c9CNICO ART\u00cdSTICA<\/strong><\/p>\n\n\n\n<p><strong>Texto:<\/strong> Mariana Chaud<\/p>\n\n\n\n<p><strong>Elenco: <\/strong>Ximena Ban\u00fas, Violeta Brener, Nicol\u00e1s Levin, Luciana Lifschitz<\/p>\n\n\n\n<p><strong>Vestuario: <\/strong>Mariana Seropi\u00e1n<\/p>\n\n\n\n<p><strong>Escenograf\u00eda:<\/strong> Ariel Vaccaro<\/p>\n\n\n\n<p><strong>Iluminaci\u00f3n:<\/strong> Mat\u00edas Send\u00f3n<\/p>\n\n\n\n<p><strong>Movimiento:<\/strong> Luciana Acu\u00f1a<\/p>\n\n\n\n<p><strong>Canciones:<\/strong> Lucas Mart\u00ed<\/p>\n\n\n\n<p><strong>Ilustraci\u00f3n: <\/strong>Eugen Hern\u00e1ndez<\/p>\n\n\n\n<p><strong>Dise\u00f1o:<\/strong> Javier Jacob<\/p>\n\n\n\n<p><strong>Asistencia general:<\/strong> Martina Coraita<\/p>\n\n\n\n<p><strong>Asistencia de direcci\u00f3n:<\/strong> Gabo Baigorria, Flor Schrott<\/p>\n\n\n\n<p><strong>Producci\u00f3n general:<\/strong> Gabo Baigorria, Flor Schrott<\/p>\n\n\n\n<p><strong>Direcci\u00f3n:<\/strong> Mariana Chaud<\/p>\n\n\n\n<p><strong>Instagram:&nbsp;<\/strong><a href=\"https:\/\/www.instagram.com\/marcelacontralamaquina\/\" target=\"_blank\" rel=\"noreferrer noopener\">@marcelacontralamaquina<\/a><\/p>\n\n\n\n<p><strong>Duraci\u00f3n:<\/strong> 70 minutos<\/p>\n\n\n\n<p><strong>Clasificaci\u00f3n:<\/strong> Teatro \u2013 Presencial \u2013 Adultos<\/p>\n\n\n\n<figure class=\"wp-block-image size-large\"><img loading=\"lazy\" decoding=\"async\" width=\"1024\" height=\"683\" src=\"https:\/\/sergiolapegue.com\/site\/wp-content\/uploads\/2024\/11\/Marcela-contra-la-maquina-4-1024x683.jpg\" alt=\"\" class=\"wp-image-18986\" srcset=\"https:\/\/sergiolapegue.com\/site\/wp-content\/uploads\/2024\/11\/Marcela-contra-la-maquina-4-1024x683.jpg 1024w, https:\/\/sergiolapegue.com\/site\/wp-content\/uploads\/2024\/11\/Marcela-contra-la-maquina-4-300x200.jpg 300w, https:\/\/sergiolapegue.com\/site\/wp-content\/uploads\/2024\/11\/Marcela-contra-la-maquina-4-768x512.jpg 768w, https:\/\/sergiolapegue.com\/site\/wp-content\/uploads\/2024\/11\/Marcela-contra-la-maquina-4-1536x1024.jpg 1536w, https:\/\/sergiolapegue.com\/site\/wp-content\/uploads\/2024\/11\/Marcela-contra-la-maquina-4-2048x1365.jpg 2048w, https:\/\/sergiolapegue.com\/site\/wp-content\/uploads\/2024\/11\/Marcela-contra-la-maquina-4-630x420.jpg 630w, https:\/\/sergiolapegue.com\/site\/wp-content\/uploads\/2024\/11\/Marcela-contra-la-maquina-4-696x464.jpg 696w, https:\/\/sergiolapegue.com\/site\/wp-content\/uploads\/2024\/11\/Marcela-contra-la-maquina-4-1068x712.jpg 1068w, https:\/\/sergiolapegue.com\/site\/wp-content\/uploads\/2024\/11\/Marcela-contra-la-maquina-4-1920x1280.jpg 1920w\" sizes=\"auto, (max-width: 1024px) 100vw, 1024px\" \/><\/figure>\n\n\n\n<p><strong>N\u00dcN TEATRO BAR<\/strong><\/p>\n\n\n\n<p>Juan Ram\u00edrez de Velasco 419 \u2013 Capital Federal \u2013 Buenos Aires \u2013 Argentina<\/p>\n\n\n\n<p>Tel\u00e9fono: 4854-2107 \u2013 Web: <a href=\"http:\/\/www.nunteatrobar.com.ar\">http:\/\/www.nunteatrobar.com.ar<\/a><\/p>\n\n\n\n<p>Entradas: $ 13.000 \u2013 en boleter\u00eda del teatro o por <a href=\"https:\/\/www.alternativateatral.com\/obra92177-marcela-contra-la-maquina\" target=\"_blank\" rel=\"noreferrer noopener\">ALTERNATIVA TEATRAL<\/a>&nbsp;<\/p>\n\n\n\n<p>Funciones: S\u00e1bados 22:30 horas \u2013 Del 02\/11\/2024 al 07\/12\/2024<\/p>\n\n\n\n<p>\u00a0\u00a0\u00a0\u00a0\u00a0\u00a0\u00a0\u00a0\u00a0\u00a0\u00a0\u00a0\u00a0 \u00a0\u00a0 S\u00e1bado 09 de Noviembre \u2013 18:00 horas<\/p>\n\n\n\n<p>Gracias Susana Lonetti por hacernos llegar la gacetilla de prensa del estreno de este espect\u00e1culo.<\/p>\n\n\n\n<p><\/p>\n","protected":false},"excerpt":{"rendered":"<p>En noviembre N\u00fcn Teatro Bar presenta \u201cMarcela contra la m\u00e1quina\u201d, con texto y direcci\u00f3n de Mariana Chaud y las actuaciones de Ximena Ban\u00fas, Violeta Brener, Nicol\u00e1s Levin y Luciana Lifschitz. Se presentara los d\u00edas s\u00e1bados a las 22:30 horas. Espect\u00e1culo ganador del Premio ARTEI a la producci\u00f3n de teatro independiente 2024. Proyecto realizado en coproducci\u00f3n [&hellip;]<\/p>\n","protected":false},"author":3,"featured_media":18987,"comment_status":"open","ping_status":"closed","sticky":false,"template":"","format":"standard","meta":{"footnotes":""},"categories":[34,35],"tags":[],"class_list":{"0":"post-18983","1":"post","2":"type-post","3":"status-publish","4":"format-standard","5":"has-post-thumbnail","7":"category-arte","8":"category-teatro"},"yoast_head":"<!-- This site is optimized with the Yoast SEO plugin v27.4 - https:\/\/yoast.com\/product\/yoast-seo-wordpress\/ -->\n<title>MARCELA CONTRA LA M\u00c1QUINA - Sergio Lapegue<\/title>\n<meta name=\"robots\" content=\"index, follow, max-snippet:-1, max-image-preview:large, max-video-preview:-1\" \/>\n<link rel=\"canonical\" href=\"https:\/\/sergiolapegue.com\/site\/2024\/11\/01\/marcela-contra-la-maquina\/\" \/>\n<meta property=\"og:locale\" content=\"es_ES\" \/>\n<meta property=\"og:type\" content=\"article\" \/>\n<meta property=\"og:title\" content=\"MARCELA CONTRA LA M\u00c1QUINA - Sergio Lapegue\" \/>\n<meta property=\"og:description\" content=\"En noviembre N\u00fcn Teatro Bar presenta \u201cMarcela contra la m\u00e1quina\u201d, con texto y direcci\u00f3n de Mariana Chaud y las actuaciones de Ximena Ban\u00fas, Violeta Brener, Nicol\u00e1s Levin y Luciana Lifschitz. Se presentara los d\u00edas s\u00e1bados a las 22:30 horas. Espect\u00e1culo ganador del Premio ARTEI a la producci\u00f3n de teatro independiente 2024. Proyecto realizado en coproducci\u00f3n [&hellip;]\" \/>\n<meta property=\"og:url\" content=\"https:\/\/sergiolapegue.com\/site\/2024\/11\/01\/marcela-contra-la-maquina\/\" \/>\n<meta property=\"og:site_name\" content=\"Sergio Lapegue\" \/>\n<meta property=\"article:publisher\" content=\"https:\/\/facebook.com\/sergiolapegue\" \/>\n<meta property=\"article:author\" content=\"https:\/\/facebook.com\/danielernesto.montana\" \/>\n<meta property=\"article:published_time\" content=\"2024-11-01T04:00:00+00:00\" \/>\n<meta property=\"og:image\" content=\"https:\/\/sergiolapegue.com\/site\/wp-content\/uploads\/2024\/11\/Marcela-contra-la-maquina.jpeg\" \/>\n\t<meta property=\"og:image:width\" content=\"1025\" \/>\n\t<meta property=\"og:image:height\" content=\"1280\" \/>\n\t<meta property=\"og:image:type\" content=\"image\/jpeg\" \/>\n<meta name=\"author\" content=\"Daniel E. Monta\u00f1a\" \/>\n<meta name=\"twitter:card\" content=\"summary_large_image\" \/>\n<meta name=\"twitter:creator\" content=\"@https:\/\/twitter.com\/daner_004\" \/>\n<meta name=\"twitter:site\" content=\"@sergiolapegue\" \/>\n<meta name=\"twitter:label1\" content=\"Escrito por\" \/>\n\t<meta name=\"twitter:data1\" content=\"Daniel E. Monta\u00f1a\" \/>\n\t<meta name=\"twitter:label2\" content=\"Tiempo de lectura\" \/>\n\t<meta name=\"twitter:data2\" content=\"2 minutos\" \/>\n<script type=\"application\/ld+json\" class=\"yoast-schema-graph\">{\"@context\":\"https:\\\/\\\/schema.org\",\"@graph\":[{\"@type\":\"Article\",\"@id\":\"https:\\\/\\\/sergiolapegue.com\\\/site\\\/2024\\\/11\\\/01\\\/marcela-contra-la-maquina\\\/#article\",\"isPartOf\":{\"@id\":\"https:\\\/\\\/sergiolapegue.com\\\/site\\\/2024\\\/11\\\/01\\\/marcela-contra-la-maquina\\\/\"},\"author\":{\"name\":\"Daniel E. Monta\u00f1a\",\"@id\":\"https:\\\/\\\/sergiolapegue.com\\\/site\\\/#\\\/schema\\\/person\\\/9198e7dbab43c6d74d0fd5399af7c3cd\"},\"headline\":\"MARCELA CONTRA LA M\u00c1QUINA\",\"datePublished\":\"2024-11-01T04:00:00+00:00\",\"mainEntityOfPage\":{\"@id\":\"https:\\\/\\\/sergiolapegue.com\\\/site\\\/2024\\\/11\\\/01\\\/marcela-contra-la-maquina\\\/\"},\"wordCount\":297,\"commentCount\":0,\"publisher\":{\"@id\":\"https:\\\/\\\/sergiolapegue.com\\\/site\\\/#\\\/schema\\\/person\\\/083aeceeb0734cd166779ea6c0551a37\"},\"image\":{\"@id\":\"https:\\\/\\\/sergiolapegue.com\\\/site\\\/2024\\\/11\\\/01\\\/marcela-contra-la-maquina\\\/#primaryimage\"},\"thumbnailUrl\":\"https:\\\/\\\/sergiolapegue.com\\\/site\\\/wp-content\\\/uploads\\\/2024\\\/11\\\/Marcela-contra-la-maquina.jpeg\",\"articleSection\":[\"Arte\",\"Teatro\"],\"inLanguage\":\"es-AR\",\"potentialAction\":[{\"@type\":\"CommentAction\",\"name\":\"Comment\",\"target\":[\"https:\\\/\\\/sergiolapegue.com\\\/site\\\/2024\\\/11\\\/01\\\/marcela-contra-la-maquina\\\/#respond\"]}]},{\"@type\":\"WebPage\",\"@id\":\"https:\\\/\\\/sergiolapegue.com\\\/site\\\/2024\\\/11\\\/01\\\/marcela-contra-la-maquina\\\/\",\"url\":\"https:\\\/\\\/sergiolapegue.com\\\/site\\\/2024\\\/11\\\/01\\\/marcela-contra-la-maquina\\\/\",\"name\":\"MARCELA CONTRA LA M\u00c1QUINA - Sergio Lapegue\",\"isPartOf\":{\"@id\":\"https:\\\/\\\/sergiolapegue.com\\\/site\\\/#website\"},\"primaryImageOfPage\":{\"@id\":\"https:\\\/\\\/sergiolapegue.com\\\/site\\\/2024\\\/11\\\/01\\\/marcela-contra-la-maquina\\\/#primaryimage\"},\"image\":{\"@id\":\"https:\\\/\\\/sergiolapegue.com\\\/site\\\/2024\\\/11\\\/01\\\/marcela-contra-la-maquina\\\/#primaryimage\"},\"thumbnailUrl\":\"https:\\\/\\\/sergiolapegue.com\\\/site\\\/wp-content\\\/uploads\\\/2024\\\/11\\\/Marcela-contra-la-maquina.jpeg\",\"datePublished\":\"2024-11-01T04:00:00+00:00\",\"breadcrumb\":{\"@id\":\"https:\\\/\\\/sergiolapegue.com\\\/site\\\/2024\\\/11\\\/01\\\/marcela-contra-la-maquina\\\/#breadcrumb\"},\"inLanguage\":\"es-AR\",\"potentialAction\":[{\"@type\":\"ReadAction\",\"target\":[\"https:\\\/\\\/sergiolapegue.com\\\/site\\\/2024\\\/11\\\/01\\\/marcela-contra-la-maquina\\\/\"]}]},{\"@type\":\"ImageObject\",\"inLanguage\":\"es-AR\",\"@id\":\"https:\\\/\\\/sergiolapegue.com\\\/site\\\/2024\\\/11\\\/01\\\/marcela-contra-la-maquina\\\/#primaryimage\",\"url\":\"https:\\\/\\\/sergiolapegue.com\\\/site\\\/wp-content\\\/uploads\\\/2024\\\/11\\\/Marcela-contra-la-maquina.jpeg\",\"contentUrl\":\"https:\\\/\\\/sergiolapegue.com\\\/site\\\/wp-content\\\/uploads\\\/2024\\\/11\\\/Marcela-contra-la-maquina.jpeg\",\"width\":1025,\"height\":1280},{\"@type\":\"BreadcrumbList\",\"@id\":\"https:\\\/\\\/sergiolapegue.com\\\/site\\\/2024\\\/11\\\/01\\\/marcela-contra-la-maquina\\\/#breadcrumb\",\"itemListElement\":[{\"@type\":\"ListItem\",\"position\":1,\"name\":\"Inicio\",\"item\":\"https:\\\/\\\/sergiolapegue.com\\\/site\\\/\"},{\"@type\":\"ListItem\",\"position\":2,\"name\":\"MARCELA CONTRA LA M\u00c1QUINA\"}]},{\"@type\":\"WebSite\",\"@id\":\"https:\\\/\\\/sergiolapegue.com\\\/site\\\/#website\",\"url\":\"https:\\\/\\\/sergiolapegue.com\\\/site\\\/\",\"name\":\"Sergio Lapegue\",\"description\":\"Periodista\",\"publisher\":{\"@id\":\"https:\\\/\\\/sergiolapegue.com\\\/site\\\/#\\\/schema\\\/person\\\/083aeceeb0734cd166779ea6c0551a37\"},\"potentialAction\":[{\"@type\":\"SearchAction\",\"target\":{\"@type\":\"EntryPoint\",\"urlTemplate\":\"https:\\\/\\\/sergiolapegue.com\\\/site\\\/?s={search_term_string}\"},\"query-input\":{\"@type\":\"PropertyValueSpecification\",\"valueRequired\":true,\"valueName\":\"search_term_string\"}}],\"inLanguage\":\"es-AR\"},{\"@type\":[\"Person\",\"Organization\"],\"@id\":\"https:\\\/\\\/sergiolapegue.com\\\/site\\\/#\\\/schema\\\/person\\\/083aeceeb0734cd166779ea6c0551a37\",\"name\":\"Sergio Lapegue\",\"image\":{\"@type\":\"ImageObject\",\"inLanguage\":\"es-AR\",\"@id\":\"https:\\\/\\\/sergiolapegue.com\\\/site\\\/wp-content\\\/uploads\\\/2021\\\/04\\\/logo_header-1.png\",\"url\":\"https:\\\/\\\/sergiolapegue.com\\\/site\\\/wp-content\\\/uploads\\\/2021\\\/04\\\/logo_header-1.png\",\"contentUrl\":\"https:\\\/\\\/sergiolapegue.com\\\/site\\\/wp-content\\\/uploads\\\/2021\\\/04\\\/logo_header-1.png\",\"width\":272,\"height\":90,\"caption\":\"Sergio Lapegue\"},\"logo\":{\"@id\":\"https:\\\/\\\/sergiolapegue.com\\\/site\\\/wp-content\\\/uploads\\\/2021\\\/04\\\/logo_header-1.png\"},\"sameAs\":[\"https:\\\/\\\/facebook.com\\\/sergiolapegue\",\"https:\\\/\\\/instagram.com\\\/sergiolapegue\",\"https:\\\/\\\/x.com\\\/https:\\\/\\\/twitter.com\\\/sergiolapegue\"]},{\"@type\":\"Person\",\"@id\":\"https:\\\/\\\/sergiolapegue.com\\\/site\\\/#\\\/schema\\\/person\\\/9198e7dbab43c6d74d0fd5399af7c3cd\",\"name\":\"Daniel E. Monta\u00f1a\",\"image\":{\"@type\":\"ImageObject\",\"inLanguage\":\"es-AR\",\"@id\":\"https:\\\/\\\/sergiolapegue.com\\\/site\\\/wp-content\\\/uploads\\\/2021\\\/04\\\/sl_avatar_Daniel-150x150.jpg\",\"url\":\"https:\\\/\\\/sergiolapegue.com\\\/site\\\/wp-content\\\/uploads\\\/2021\\\/04\\\/sl_avatar_Daniel-150x150.jpg\",\"contentUrl\":\"https:\\\/\\\/sergiolapegue.com\\\/site\\\/wp-content\\\/uploads\\\/2021\\\/04\\\/sl_avatar_Daniel-150x150.jpg\",\"caption\":\"Daniel E. Monta\u00f1a\"},\"sameAs\":[\"https:\\\/\\\/facebook.com\\\/danielernesto.montana\",\"https:\\\/\\\/instagram.com\\\/daniel_montana1961\",\"https:\\\/\\\/x.com\\\/https:\\\/\\\/twitter.com\\\/daner_004\"],\"url\":\"https:\\\/\\\/sergiolapegue.com\\\/site\\\/author\\\/daniel\\\/\"}]}<\/script>\n<!-- \/ Yoast SEO plugin. -->","yoast_head_json":{"title":"MARCELA CONTRA LA M\u00c1QUINA - Sergio Lapegue","robots":{"index":"index","follow":"follow","max-snippet":"max-snippet:-1","max-image-preview":"max-image-preview:large","max-video-preview":"max-video-preview:-1"},"canonical":"https:\/\/sergiolapegue.com\/site\/2024\/11\/01\/marcela-contra-la-maquina\/","og_locale":"es_ES","og_type":"article","og_title":"MARCELA CONTRA LA M\u00c1QUINA - Sergio Lapegue","og_description":"En noviembre N\u00fcn Teatro Bar presenta \u201cMarcela contra la m\u00e1quina\u201d, con texto y direcci\u00f3n de Mariana Chaud y las actuaciones de Ximena Ban\u00fas, Violeta Brener, Nicol\u00e1s Levin y Luciana Lifschitz. Se presentara los d\u00edas s\u00e1bados a las 22:30 horas. Espect\u00e1culo ganador del Premio ARTEI a la producci\u00f3n de teatro independiente 2024. Proyecto realizado en coproducci\u00f3n [&hellip;]","og_url":"https:\/\/sergiolapegue.com\/site\/2024\/11\/01\/marcela-contra-la-maquina\/","og_site_name":"Sergio Lapegue","article_publisher":"https:\/\/facebook.com\/sergiolapegue","article_author":"https:\/\/facebook.com\/danielernesto.montana","article_published_time":"2024-11-01T04:00:00+00:00","og_image":[{"width":1025,"height":1280,"url":"https:\/\/sergiolapegue.com\/site\/wp-content\/uploads\/2024\/11\/Marcela-contra-la-maquina.jpeg","type":"image\/jpeg"}],"author":"Daniel E. Monta\u00f1a","twitter_card":"summary_large_image","twitter_creator":"@https:\/\/twitter.com\/daner_004","twitter_site":"@sergiolapegue","twitter_misc":{"Escrito por":"Daniel E. Monta\u00f1a","Tiempo de lectura":"2 minutos"},"schema":{"@context":"https:\/\/schema.org","@graph":[{"@type":"Article","@id":"https:\/\/sergiolapegue.com\/site\/2024\/11\/01\/marcela-contra-la-maquina\/#article","isPartOf":{"@id":"https:\/\/sergiolapegue.com\/site\/2024\/11\/01\/marcela-contra-la-maquina\/"},"author":{"name":"Daniel E. Monta\u00f1a","@id":"https:\/\/sergiolapegue.com\/site\/#\/schema\/person\/9198e7dbab43c6d74d0fd5399af7c3cd"},"headline":"MARCELA CONTRA LA M\u00c1QUINA","datePublished":"2024-11-01T04:00:00+00:00","mainEntityOfPage":{"@id":"https:\/\/sergiolapegue.com\/site\/2024\/11\/01\/marcela-contra-la-maquina\/"},"wordCount":297,"commentCount":0,"publisher":{"@id":"https:\/\/sergiolapegue.com\/site\/#\/schema\/person\/083aeceeb0734cd166779ea6c0551a37"},"image":{"@id":"https:\/\/sergiolapegue.com\/site\/2024\/11\/01\/marcela-contra-la-maquina\/#primaryimage"},"thumbnailUrl":"https:\/\/sergiolapegue.com\/site\/wp-content\/uploads\/2024\/11\/Marcela-contra-la-maquina.jpeg","articleSection":["Arte","Teatro"],"inLanguage":"es-AR","potentialAction":[{"@type":"CommentAction","name":"Comment","target":["https:\/\/sergiolapegue.com\/site\/2024\/11\/01\/marcela-contra-la-maquina\/#respond"]}]},{"@type":"WebPage","@id":"https:\/\/sergiolapegue.com\/site\/2024\/11\/01\/marcela-contra-la-maquina\/","url":"https:\/\/sergiolapegue.com\/site\/2024\/11\/01\/marcela-contra-la-maquina\/","name":"MARCELA CONTRA LA M\u00c1QUINA - Sergio Lapegue","isPartOf":{"@id":"https:\/\/sergiolapegue.com\/site\/#website"},"primaryImageOfPage":{"@id":"https:\/\/sergiolapegue.com\/site\/2024\/11\/01\/marcela-contra-la-maquina\/#primaryimage"},"image":{"@id":"https:\/\/sergiolapegue.com\/site\/2024\/11\/01\/marcela-contra-la-maquina\/#primaryimage"},"thumbnailUrl":"https:\/\/sergiolapegue.com\/site\/wp-content\/uploads\/2024\/11\/Marcela-contra-la-maquina.jpeg","datePublished":"2024-11-01T04:00:00+00:00","breadcrumb":{"@id":"https:\/\/sergiolapegue.com\/site\/2024\/11\/01\/marcela-contra-la-maquina\/#breadcrumb"},"inLanguage":"es-AR","potentialAction":[{"@type":"ReadAction","target":["https:\/\/sergiolapegue.com\/site\/2024\/11\/01\/marcela-contra-la-maquina\/"]}]},{"@type":"ImageObject","inLanguage":"es-AR","@id":"https:\/\/sergiolapegue.com\/site\/2024\/11\/01\/marcela-contra-la-maquina\/#primaryimage","url":"https:\/\/sergiolapegue.com\/site\/wp-content\/uploads\/2024\/11\/Marcela-contra-la-maquina.jpeg","contentUrl":"https:\/\/sergiolapegue.com\/site\/wp-content\/uploads\/2024\/11\/Marcela-contra-la-maquina.jpeg","width":1025,"height":1280},{"@type":"BreadcrumbList","@id":"https:\/\/sergiolapegue.com\/site\/2024\/11\/01\/marcela-contra-la-maquina\/#breadcrumb","itemListElement":[{"@type":"ListItem","position":1,"name":"Inicio","item":"https:\/\/sergiolapegue.com\/site\/"},{"@type":"ListItem","position":2,"name":"MARCELA CONTRA LA M\u00c1QUINA"}]},{"@type":"WebSite","@id":"https:\/\/sergiolapegue.com\/site\/#website","url":"https:\/\/sergiolapegue.com\/site\/","name":"Sergio Lapegue","description":"Periodista","publisher":{"@id":"https:\/\/sergiolapegue.com\/site\/#\/schema\/person\/083aeceeb0734cd166779ea6c0551a37"},"potentialAction":[{"@type":"SearchAction","target":{"@type":"EntryPoint","urlTemplate":"https:\/\/sergiolapegue.com\/site\/?s={search_term_string}"},"query-input":{"@type":"PropertyValueSpecification","valueRequired":true,"valueName":"search_term_string"}}],"inLanguage":"es-AR"},{"@type":["Person","Organization"],"@id":"https:\/\/sergiolapegue.com\/site\/#\/schema\/person\/083aeceeb0734cd166779ea6c0551a37","name":"Sergio Lapegue","image":{"@type":"ImageObject","inLanguage":"es-AR","@id":"https:\/\/sergiolapegue.com\/site\/wp-content\/uploads\/2021\/04\/logo_header-1.png","url":"https:\/\/sergiolapegue.com\/site\/wp-content\/uploads\/2021\/04\/logo_header-1.png","contentUrl":"https:\/\/sergiolapegue.com\/site\/wp-content\/uploads\/2021\/04\/logo_header-1.png","width":272,"height":90,"caption":"Sergio Lapegue"},"logo":{"@id":"https:\/\/sergiolapegue.com\/site\/wp-content\/uploads\/2021\/04\/logo_header-1.png"},"sameAs":["https:\/\/facebook.com\/sergiolapegue","https:\/\/instagram.com\/sergiolapegue","https:\/\/x.com\/https:\/\/twitter.com\/sergiolapegue"]},{"@type":"Person","@id":"https:\/\/sergiolapegue.com\/site\/#\/schema\/person\/9198e7dbab43c6d74d0fd5399af7c3cd","name":"Daniel E. Monta\u00f1a","image":{"@type":"ImageObject","inLanguage":"es-AR","@id":"https:\/\/sergiolapegue.com\/site\/wp-content\/uploads\/2021\/04\/sl_avatar_Daniel-150x150.jpg","url":"https:\/\/sergiolapegue.com\/site\/wp-content\/uploads\/2021\/04\/sl_avatar_Daniel-150x150.jpg","contentUrl":"https:\/\/sergiolapegue.com\/site\/wp-content\/uploads\/2021\/04\/sl_avatar_Daniel-150x150.jpg","caption":"Daniel E. Monta\u00f1a"},"sameAs":["https:\/\/facebook.com\/danielernesto.montana","https:\/\/instagram.com\/daniel_montana1961","https:\/\/x.com\/https:\/\/twitter.com\/daner_004"],"url":"https:\/\/sergiolapegue.com\/site\/author\/daniel\/"}]}},"_links":{"self":[{"href":"https:\/\/sergiolapegue.com\/site\/wp-json\/wp\/v2\/posts\/18983","targetHints":{"allow":["GET"]}}],"collection":[{"href":"https:\/\/sergiolapegue.com\/site\/wp-json\/wp\/v2\/posts"}],"about":[{"href":"https:\/\/sergiolapegue.com\/site\/wp-json\/wp\/v2\/types\/post"}],"author":[{"embeddable":true,"href":"https:\/\/sergiolapegue.com\/site\/wp-json\/wp\/v2\/users\/3"}],"replies":[{"embeddable":true,"href":"https:\/\/sergiolapegue.com\/site\/wp-json\/wp\/v2\/comments?post=18983"}],"version-history":[{"count":1,"href":"https:\/\/sergiolapegue.com\/site\/wp-json\/wp\/v2\/posts\/18983\/revisions"}],"predecessor-version":[{"id":18988,"href":"https:\/\/sergiolapegue.com\/site\/wp-json\/wp\/v2\/posts\/18983\/revisions\/18988"}],"wp:featuredmedia":[{"embeddable":true,"href":"https:\/\/sergiolapegue.com\/site\/wp-json\/wp\/v2\/media\/18987"}],"wp:attachment":[{"href":"https:\/\/sergiolapegue.com\/site\/wp-json\/wp\/v2\/media?parent=18983"}],"wp:term":[{"taxonomy":"category","embeddable":true,"href":"https:\/\/sergiolapegue.com\/site\/wp-json\/wp\/v2\/categories?post=18983"},{"taxonomy":"post_tag","embeddable":true,"href":"https:\/\/sergiolapegue.com\/site\/wp-json\/wp\/v2\/tags?post=18983"}],"curies":[{"name":"wp","href":"https:\/\/api.w.org\/{rel}","templated":true}]}}