{"id":18959,"date":"2024-10-31T17:00:00","date_gmt":"2024-10-31T20:00:00","guid":{"rendered":"https:\/\/sergiolapegue.com\/site\/?p=18959"},"modified":"2024-10-31T02:04:03","modified_gmt":"2024-10-31T05:04:03","slug":"la-bicha","status":"publish","type":"post","link":"https:\/\/sergiolapegue.com\/site\/2024\/10\/31\/la-bicha\/","title":{"rendered":"LA BICHA"},"content":{"rendered":"\n<p>En noviembre llega al Teatro Caras y Caretas 2037 \u201cLa Bicha\u201d, con dramaturgia e interpretaci\u00f3n de Malena Laurent y Sol Zaragozi, bajo la direcci\u00f3n de Violeta Marquis. Las funciones ser\u00e1n los d\u00edas s\u00e1bados de noviembre a las 17:00 horas.<\/p>\n\n\n\n<p>Este proyecto cuenta con el apoyo de \u00c1rea 623<\/p>\n\n\n\n<p><strong>SINOPSIS<\/strong><\/p>\n\n\n\n<p>&#8220;La Bicha&#8221; es un melodrama sci-fi que transcurre en un pasado dist\u00f3pico. \u00bfQu\u00e9 pasar\u00eda si las m\u00e1quinas desarrollaran deseos y voluntades? Leticia, una ama de casa acechada por su aspiradora encontrar\u00e1 refugio en una doctora que trabaja en los m\u00e1rgenes de la medicina.<\/p>\n\n\n\n<figure class=\"wp-block-image size-large\"><img loading=\"lazy\" decoding=\"async\" width=\"866\" height=\"1024\" src=\"https:\/\/sergiolapegue.com\/site\/wp-content\/uploads\/2024\/10\/La-bicha-1-866x1024.png\" alt=\"\" class=\"wp-image-18961\" srcset=\"https:\/\/sergiolapegue.com\/site\/wp-content\/uploads\/2024\/10\/La-bicha-1-866x1024.png 866w, https:\/\/sergiolapegue.com\/site\/wp-content\/uploads\/2024\/10\/La-bicha-1-254x300.png 254w, https:\/\/sergiolapegue.com\/site\/wp-content\/uploads\/2024\/10\/La-bicha-1-768x908.png 768w, https:\/\/sergiolapegue.com\/site\/wp-content\/uploads\/2024\/10\/La-bicha-1-1300x1536.png 1300w, https:\/\/sergiolapegue.com\/site\/wp-content\/uploads\/2024\/10\/La-bicha-1-355x420.png 355w, https:\/\/sergiolapegue.com\/site\/wp-content\/uploads\/2024\/10\/La-bicha-1-696x823.png 696w, https:\/\/sergiolapegue.com\/site\/wp-content\/uploads\/2024\/10\/La-bicha-1-1068x1262.png 1068w, https:\/\/sergiolapegue.com\/site\/wp-content\/uploads\/2024\/10\/La-bicha-1.png 1599w\" sizes=\"auto, (max-width: 866px) 100vw, 866px\" \/><\/figure>\n\n\n\n<p><strong>FICHA T\u00c9CNICO ART\u00cdSTICA<\/strong><\/p>\n\n\n\n<p><strong>Autor\u00eda:&nbsp;<\/strong>Malena Laurent y Sol Zaragozi<\/p>\n\n\n\n<p><strong>Act\u00faan: <\/strong>Malena Laurent y Sol Zaragozi<\/p>\n\n\n\n<p><strong>Vestuario:&nbsp;<\/strong>Malena Laurent<\/p>\n\n\n\n<p><strong>Escenograf\u00eda:&nbsp;<\/strong>Nazarena Cofferati<\/p>\n\n\n\n<p><strong>Dise\u00f1o de luces:&nbsp;<\/strong>Rodo Eversdijk<\/p>\n\n\n\n<p><strong>Fotograf\u00eda:&nbsp;<\/strong>Anabella Sarrias<\/p>\n\n\n\n<p><strong>Colaboraci\u00f3n art\u00edstica:&nbsp;<\/strong>Luna Schapira<\/p>\n\n\n\n<p><strong>Prensa:&nbsp;<\/strong>Prens\u00f3polis<\/p>\n\n\n\n<p><strong>Producci\u00f3n:&nbsp;<\/strong>Antonella Fagetti<\/p>\n\n\n\n<p><strong>Direcci\u00f3n:<\/strong>&nbsp;Violeta Marquis<\/p>\n\n\n\n<p><strong>Instagram:<\/strong> @labicha.obra<\/p>\n\n\n\n<p><strong>Duraci\u00f3n:<\/strong> 60 minutos<\/p>\n\n\n\n<p><strong>Clasificaci\u00f3n:<\/strong> Teatro \u2013 Presencial \u2013 Adultos&nbsp;<\/p>\n\n\n\n<p><strong>Agradecimiento:<\/strong> Eugenio Scholnicov<\/p>\n\n\n\n<figure class=\"wp-block-image size-large\"><img loading=\"lazy\" decoding=\"async\" width=\"750\" height=\"1024\" src=\"https:\/\/sergiolapegue.com\/site\/wp-content\/uploads\/2024\/10\/La-bicha-2-750x1024.png\" alt=\"\" class=\"wp-image-18962\" srcset=\"https:\/\/sergiolapegue.com\/site\/wp-content\/uploads\/2024\/10\/La-bicha-2-750x1024.png 750w, https:\/\/sergiolapegue.com\/site\/wp-content\/uploads\/2024\/10\/La-bicha-2-220x300.png 220w, https:\/\/sergiolapegue.com\/site\/wp-content\/uploads\/2024\/10\/La-bicha-2-768x1048.png 768w, https:\/\/sergiolapegue.com\/site\/wp-content\/uploads\/2024\/10\/La-bicha-2-1125x1536.png 1125w, https:\/\/sergiolapegue.com\/site\/wp-content\/uploads\/2024\/10\/La-bicha-2-308x420.png 308w, https:\/\/sergiolapegue.com\/site\/wp-content\/uploads\/2024\/10\/La-bicha-2-696x950.png 696w, https:\/\/sergiolapegue.com\/site\/wp-content\/uploads\/2024\/10\/La-bicha-2-1068x1458.png 1068w, https:\/\/sergiolapegue.com\/site\/wp-content\/uploads\/2024\/10\/La-bicha-2.png 1392w\" sizes=\"auto, (max-width: 750px) 100vw, 750px\" \/><\/figure>\n\n\n\n<p><strong>CARAS Y CARETAS 2037<\/strong><\/p>\n\n\n\n<p>Sarmiento 2037 \u2013 Capital Federal \u2013 Buenos Aires \u2013 Argentina<\/p>\n\n\n\n<p>Entradas: $ 14.000 \u2013 en boleter\u00eda del teatro o por&nbsp;<a href=\"https:\/\/8w40j.r.a.d.sendibm1.com\/mk\/cl\/f\/sh\/1f8JIKXwHGYox7hdyLZylHx8kP\/ruGY8vVLgTTa\" target=\"_blank\" rel=\"noreferrer noopener\">Alternativa.<\/a><\/p>\n\n\n\n<p>Funciones: S\u00e1bados 17:00 horas \u2013 Del 09\/11\/2024 al 30\/11\/2024<\/p>\n\n\n\n<p>Gracias Alejandra P\u00eda Nicolosi de Prens\u00f3polis por enviarnos la gacetilla de prensa de este espect\u00e1culo.<\/p>\n\n\n\n<figure class=\"wp-block-image size-full is-resized\"><img loading=\"lazy\" decoding=\"async\" width=\"904\" height=\"744\" src=\"https:\/\/sergiolapegue.com\/site\/wp-content\/uploads\/2024\/10\/La-bicha-Violeta-Marquis.jpg\" alt=\"\" class=\"wp-image-18963\" style=\"width:334px;height:auto\" srcset=\"https:\/\/sergiolapegue.com\/site\/wp-content\/uploads\/2024\/10\/La-bicha-Violeta-Marquis.jpg 904w, https:\/\/sergiolapegue.com\/site\/wp-content\/uploads\/2024\/10\/La-bicha-Violeta-Marquis-300x247.jpg 300w, https:\/\/sergiolapegue.com\/site\/wp-content\/uploads\/2024\/10\/La-bicha-Violeta-Marquis-768x632.jpg 768w, https:\/\/sergiolapegue.com\/site\/wp-content\/uploads\/2024\/10\/La-bicha-Violeta-Marquis-510x420.jpg 510w, https:\/\/sergiolapegue.com\/site\/wp-content\/uploads\/2024\/10\/La-bicha-Violeta-Marquis-696x573.jpg 696w\" sizes=\"auto, (max-width: 904px) 100vw, 904px\" \/><\/figure>\n\n\n\n<p><strong>SOBRE VIOLETA MARQUIS \u2013 Directora<\/strong><\/p>\n\n\n\n<p>Directora, dramaturga, actriz y productora. Es Licenciada en actuaci\u00f3n por la Universidad Nacional de las Artes y est\u00e1 cursando Dramaturgia en la EMAD.<\/p>\n\n\n\n<p>Escribi\u00f3 y dirigi\u00f3:&nbsp;&#8220;La Burbuja&#8221;, estrenada en el Festival \u201cPeque\u00f1a Voz\u201d (curado por Mariana Mazover); y &#8220;Desertoras&#8221;, seleccionada en La Bienal de Arte Joven y ganadora del FITU en M\u00e9xico. Adem\u00e1s, escribi\u00f3 las obras \u201cLlanto a sueldo\u201d y \u201cVampiro de alma\u201d, para Microteatro.<\/p>\n\n\n\n<p>Actu\u00f3 en &#8220;Por tu Pelo&#8221; (Microteatro) y en &#8220;Por qu\u00e9 tu pelo me recuerdo a un bosque&#8221; (Timbre 4) dirigidas por Flor Dyszel; y en &#8220;Azafatas&#8221; (2018, Teatro La Gloria) dirigida por Mart\u00edn Otero.<\/p>\n\n\n\n<p>En el a\u00f1o 2018 realiz\u00f3 el workshop de creaci\u00f3n grupal dictado por las&nbsp;Piel de Lava&nbsp;de donde surgi\u00f3 &#8220;Villa Lych&#8221;, obra en la que actu\u00f3 y dirigi\u00f3 de manera colectiva. En el a\u00f1o 2021, actu\u00f3 y dirigi\u00f3 de manera colectiva la obra &#8220;Machos Cabr\u00edos&#8221;.<\/p>\n\n\n\n<p>Adem\u00e1s, trabaj\u00f3 como productora en diversas obras teatrales, en el CC 25 de Mayo en el \u00e1rea de Comunidades, y en el CCK en el marco del programa Vacaciones para armar. Hace m\u00e1s de 8 a\u00f1os que se desempe\u00f1a en la docencia, tanto en talleres de teatro como en espacios acad\u00e9micos en la Universidad Nacional de las Artes.<\/p>\n\n\n\n<figure class=\"wp-block-image size-large is-resized\"><img loading=\"lazy\" decoding=\"async\" width=\"1024\" height=\"795\" src=\"https:\/\/sergiolapegue.com\/site\/wp-content\/uploads\/2024\/10\/La-bicha-Malena-Laurent-1024x795.jpg\" alt=\"\" class=\"wp-image-18964\" style=\"width:338px;height:auto\" srcset=\"https:\/\/sergiolapegue.com\/site\/wp-content\/uploads\/2024\/10\/La-bicha-Malena-Laurent-1024x795.jpg 1024w, https:\/\/sergiolapegue.com\/site\/wp-content\/uploads\/2024\/10\/La-bicha-Malena-Laurent-300x233.jpg 300w, https:\/\/sergiolapegue.com\/site\/wp-content\/uploads\/2024\/10\/La-bicha-Malena-Laurent-768x596.jpg 768w, https:\/\/sergiolapegue.com\/site\/wp-content\/uploads\/2024\/10\/La-bicha-Malena-Laurent-1536x1192.jpg 1536w, https:\/\/sergiolapegue.com\/site\/wp-content\/uploads\/2024\/10\/La-bicha-Malena-Laurent-2048x1589.jpg 2048w, https:\/\/sergiolapegue.com\/site\/wp-content\/uploads\/2024\/10\/La-bicha-Malena-Laurent-541x420.jpg 541w, https:\/\/sergiolapegue.com\/site\/wp-content\/uploads\/2024\/10\/La-bicha-Malena-Laurent-696x540.jpg 696w, https:\/\/sergiolapegue.com\/site\/wp-content\/uploads\/2024\/10\/La-bicha-Malena-Laurent-1068x829.jpg 1068w, https:\/\/sergiolapegue.com\/site\/wp-content\/uploads\/2024\/10\/La-bicha-Malena-Laurent-1920x1490.jpg 1920w\" sizes=\"auto, (max-width: 1024px) 100vw, 1024px\" \/><\/figure>\n\n\n\n<p><strong>SOBRE MALENA LAURENT \u2013 Actriz<\/strong><\/p>\n\n\n\n<p>Actriz y docente.Se form\u00f3 actoralmente en la Universidad Nacional de las Artes y en el Sportivo Teatral. Algunos de los&nbsp;espect\u00e1culos donde actu\u00f3&nbsp;fueron: &#8220;Il Turco en Italia&#8221;, dirigida por Pablo Maritano en el Teatro Col\u00f3n; &#8220;El Relato&#8221;, dirigida por Bernardo Cappa; y &#8220;Yo conmigo&#8221;, performance de su autor\u00eda estrenada en el marco del 3er Festival de Teatro Urgente coordinado por Lisandro Rodr\u00edguez en Estudio Los Vidrios.&nbsp;<\/p>\n\n\n\n<p>En cine particip\u00f3 en &#8220;Flipper&#8221;, dirigida por Mat\u00edas Szulansky; y en &#8220;Lola&#8221;, de Francisco Capua. En 2023, gan\u00f3 la beca del Fondo Nacional de las Artes para la producci\u00f3n del espect\u00e1culo &#8220;La Bicha&#8221;, en el cual se desempe\u00f1a como actriz actualmente.<\/p>\n\n\n\n<figure class=\"wp-block-image size-full is-resized\"><img loading=\"lazy\" decoding=\"async\" width=\"600\" height=\"446\" src=\"https:\/\/sergiolapegue.com\/site\/wp-content\/uploads\/2024\/10\/La-bicha-Sol-Zaragozi.png\" alt=\"\" class=\"wp-image-18965\" style=\"width:334px;height:auto\" srcset=\"https:\/\/sergiolapegue.com\/site\/wp-content\/uploads\/2024\/10\/La-bicha-Sol-Zaragozi.png 600w, https:\/\/sergiolapegue.com\/site\/wp-content\/uploads\/2024\/10\/La-bicha-Sol-Zaragozi-300x223.png 300w, https:\/\/sergiolapegue.com\/site\/wp-content\/uploads\/2024\/10\/La-bicha-Sol-Zaragozi-565x420.png 565w, https:\/\/sergiolapegue.com\/site\/wp-content\/uploads\/2024\/10\/La-bicha-Sol-Zaragozi-80x60.png 80w, https:\/\/sergiolapegue.com\/site\/wp-content\/uploads\/2024\/10\/La-bicha-Sol-Zaragozi-485x360.png 485w\" sizes=\"auto, (max-width: 600px) 100vw, 600px\" \/><\/figure>\n\n\n\n<p><strong>SOBRE SOL ZARAGOZI &#8211; Actriz<\/strong><\/p>\n\n\n\n<p>Actriz.&nbsp;Se form\u00f3 en el Sportivo Teatral con Ricardo Bartis y en la Escuela de Actuaci\u00f3n de Nora Moseinco. Se encuentra finalizando la Licenciatura en Actuaci\u00f3n en la Universidad Nacional de las Artes.<\/p>\n\n\n\n<p>En&nbsp;teatro&nbsp;ha participado como actriz en: &#8220;Llanto a Sueldo&#8221; (2023, Microteatro), dirigida por Mar\u00eda Forni; &#8220;Desertoras&#8221; (2023, El Grito), dirigida por Violeta Marquis y estrenada en la Bienal de Arte Joven 2022, y ganadora del Festival Internacional de Teatro Universitario en la Universidad Nacional Aut\u00f3noma de M\u00e9xico; \u201cComo Ivo vivo\u201d (2022), dirigida por Manuela Iseas y Daniel Junowickz (obra estrenada en el marco de la convocatoria Obras de UNA, de la Universidad Nacional de las Artes; &#8220;Ensayo para una Polifon\u00eda Nacional&#8221; con direcci\u00f3n de Mariana Gracia Guerreiro y Ver\u00f3nica Grande (Obra ganadora del Fauna, 2019); y &#8220;Desierto Animal&#8221; &nbsp;(2019) con direcci\u00f3n de Juan Prada.<\/p>\n\n\n\n<p>En&nbsp;cine&nbsp;protagoniz\u00f3: &#8220;Milagro de Oto\u00f1o&#8221; (2018) de N\u00e9stor Zapata (ganadora del premio al mejor largometraje en el Festival Internacional de Cine de Medell\u00edn, Colombia; premio al M\u00e9rito Largometraje en The Accolade Global Film Competition de San Diego; California-EEUU; y el premio del p\u00fablico en el Festival Internacional de Cine Latino de Punta del Este, Uruguay).<\/p>\n\n\n\n<p><strong>SOBRE LES ACTUANTES<\/strong><\/p>\n\n\n\n<p>Les Actuantes&nbsp;es un colectivo independiente de actores y actrices que desarrolla proyectos y espacios culturales desde la idea hasta la materializaci\u00f3n para acompa\u00f1ar la formaci\u00f3n y profesionalizaci\u00f3n de la generaci\u00f3n nacida entre los 90s y los 2000s. Desde el a\u00f1o 2021 trabajan de forma independiente y colaborativa generando espacios de encuentro, di\u00e1logo, investigaci\u00f3n y circulaci\u00f3n que profundicen el cruce e intercambio en el campo de la actuaci\u00f3n.<\/p>\n\n\n\n<p>Despu\u00e9s de cada funci\u00f3n del ciclo, Les Actuantes arma en la terraza del teatro un encuentro con m\u00fasicos en vivo que cambian cada s\u00e1bado, juegos y algo para tomar mientras cae el sol.<\/p>\n\n\n\n<p>Durante el mes de septiembre se present\u00f3 la obra&nbsp;MATI Y PABLITO, una creaci\u00f3n de Andi Bernay, Micaela Irina Zaninovich, Mat\u00edas Marta y Pablo Racciatti.<\/p>\n\n\n\n<p>En el mes de octubre presentaron la obra SUBAT\u00d3MICA, con dramaturgia de Mia Miceli y direcci\u00f3n de Agust\u00edn Daulte y Mia Miceli.<\/p>\n\n\n\n<p><a href=\"http:\/\/www.lesactuantes.com.ar\">www.lesactuantes.com.ar<\/a><\/p>\n\n\n\n<p><a href=\"https:\/\/lt.mydplr.com\/893ef8d36574571360fbe9f133976262-dd7d42da5e81f2eaf3e1c63c2fecd0cb\" target=\"_blank\" rel=\"noreferrer noopener\">@lesactuantes<\/a><\/p>\n\n\n\n<p><\/p>\n","protected":false},"excerpt":{"rendered":"<p>En noviembre llega al Teatro Caras y Caretas 2037 \u201cLa Bicha\u201d, con dramaturgia e interpretaci\u00f3n de Malena Laurent y Sol Zaragozi, bajo la direcci\u00f3n de Violeta Marquis. Las funciones ser\u00e1n los d\u00edas s\u00e1bados de noviembre a las 17:00 horas. Este proyecto cuenta con el apoyo de \u00c1rea 623 SINOPSIS &#8220;La Bicha&#8221; es un melodrama sci-fi [&hellip;]<\/p>\n","protected":false},"author":3,"featured_media":18967,"comment_status":"open","ping_status":"closed","sticky":false,"template":"","format":"standard","meta":{"footnotes":""},"categories":[34,35],"tags":[],"class_list":{"0":"post-18959","1":"post","2":"type-post","3":"status-publish","4":"format-standard","5":"has-post-thumbnail","7":"category-arte","8":"category-teatro"},"yoast_head":"<!-- This site is optimized with the Yoast SEO plugin v27.4 - https:\/\/yoast.com\/product\/yoast-seo-wordpress\/ -->\n<title>LA BICHA - Sergio Lapegue<\/title>\n<meta name=\"robots\" content=\"index, follow, max-snippet:-1, max-image-preview:large, max-video-preview:-1\" \/>\n<link rel=\"canonical\" href=\"https:\/\/sergiolapegue.com\/site\/2024\/10\/31\/la-bicha\/\" \/>\n<meta property=\"og:locale\" content=\"es_ES\" \/>\n<meta property=\"og:type\" content=\"article\" \/>\n<meta property=\"og:title\" content=\"LA BICHA - Sergio Lapegue\" \/>\n<meta property=\"og:description\" content=\"En noviembre llega al Teatro Caras y Caretas 2037 \u201cLa Bicha\u201d, con dramaturgia e interpretaci\u00f3n de Malena Laurent y Sol Zaragozi, bajo la direcci\u00f3n de Violeta Marquis. Las funciones ser\u00e1n los d\u00edas s\u00e1bados de noviembre a las 17:00 horas. Este proyecto cuenta con el apoyo de \u00c1rea 623 SINOPSIS &#8220;La Bicha&#8221; es un melodrama sci-fi [&hellip;]\" \/>\n<meta property=\"og:url\" content=\"https:\/\/sergiolapegue.com\/site\/2024\/10\/31\/la-bicha\/\" \/>\n<meta property=\"og:site_name\" content=\"Sergio Lapegue\" \/>\n<meta property=\"article:publisher\" content=\"https:\/\/facebook.com\/sergiolapegue\" \/>\n<meta property=\"article:author\" content=\"https:\/\/facebook.com\/danielernesto.montana\" \/>\n<meta property=\"article:published_time\" content=\"2024-10-31T20:00:00+00:00\" \/>\n<meta property=\"og:image\" content=\"https:\/\/sergiolapegue.com\/site\/wp-content\/uploads\/2024\/10\/La-bicha-0-1024x847.png\" \/>\n\t<meta property=\"og:image:width\" content=\"1024\" \/>\n\t<meta property=\"og:image:height\" content=\"847\" \/>\n\t<meta property=\"og:image:type\" content=\"image\/png\" \/>\n<meta name=\"author\" content=\"Daniel E. Monta\u00f1a\" \/>\n<meta name=\"twitter:card\" content=\"summary_large_image\" \/>\n<meta name=\"twitter:creator\" content=\"@https:\/\/twitter.com\/daner_004\" \/>\n<meta name=\"twitter:site\" content=\"@sergiolapegue\" \/>\n<meta name=\"twitter:label1\" content=\"Escrito por\" \/>\n\t<meta name=\"twitter:data1\" content=\"Daniel E. Monta\u00f1a\" \/>\n\t<meta name=\"twitter:label2\" content=\"Tiempo de lectura\" \/>\n\t<meta name=\"twitter:data2\" content=\"6 minutos\" \/>\n<script type=\"application\/ld+json\" class=\"yoast-schema-graph\">{\"@context\":\"https:\\\/\\\/schema.org\",\"@graph\":[{\"@type\":\"Article\",\"@id\":\"https:\\\/\\\/sergiolapegue.com\\\/site\\\/2024\\\/10\\\/31\\\/la-bicha\\\/#article\",\"isPartOf\":{\"@id\":\"https:\\\/\\\/sergiolapegue.com\\\/site\\\/2024\\\/10\\\/31\\\/la-bicha\\\/\"},\"author\":{\"name\":\"Daniel E. Monta\u00f1a\",\"@id\":\"https:\\\/\\\/sergiolapegue.com\\\/site\\\/#\\\/schema\\\/person\\\/9198e7dbab43c6d74d0fd5399af7c3cd\"},\"headline\":\"LA BICHA\",\"datePublished\":\"2024-10-31T20:00:00+00:00\",\"mainEntityOfPage\":{\"@id\":\"https:\\\/\\\/sergiolapegue.com\\\/site\\\/2024\\\/10\\\/31\\\/la-bicha\\\/\"},\"wordCount\":949,\"commentCount\":0,\"publisher\":{\"@id\":\"https:\\\/\\\/sergiolapegue.com\\\/site\\\/#\\\/schema\\\/person\\\/083aeceeb0734cd166779ea6c0551a37\"},\"image\":{\"@id\":\"https:\\\/\\\/sergiolapegue.com\\\/site\\\/2024\\\/10\\\/31\\\/la-bicha\\\/#primaryimage\"},\"thumbnailUrl\":\"https:\\\/\\\/sergiolapegue.com\\\/site\\\/wp-content\\\/uploads\\\/2024\\\/10\\\/La-bicha-0.png\",\"articleSection\":[\"Arte\",\"Teatro\"],\"inLanguage\":\"es-AR\",\"potentialAction\":[{\"@type\":\"CommentAction\",\"name\":\"Comment\",\"target\":[\"https:\\\/\\\/sergiolapegue.com\\\/site\\\/2024\\\/10\\\/31\\\/la-bicha\\\/#respond\"]}]},{\"@type\":\"WebPage\",\"@id\":\"https:\\\/\\\/sergiolapegue.com\\\/site\\\/2024\\\/10\\\/31\\\/la-bicha\\\/\",\"url\":\"https:\\\/\\\/sergiolapegue.com\\\/site\\\/2024\\\/10\\\/31\\\/la-bicha\\\/\",\"name\":\"LA BICHA - Sergio Lapegue\",\"isPartOf\":{\"@id\":\"https:\\\/\\\/sergiolapegue.com\\\/site\\\/#website\"},\"primaryImageOfPage\":{\"@id\":\"https:\\\/\\\/sergiolapegue.com\\\/site\\\/2024\\\/10\\\/31\\\/la-bicha\\\/#primaryimage\"},\"image\":{\"@id\":\"https:\\\/\\\/sergiolapegue.com\\\/site\\\/2024\\\/10\\\/31\\\/la-bicha\\\/#primaryimage\"},\"thumbnailUrl\":\"https:\\\/\\\/sergiolapegue.com\\\/site\\\/wp-content\\\/uploads\\\/2024\\\/10\\\/La-bicha-0.png\",\"datePublished\":\"2024-10-31T20:00:00+00:00\",\"breadcrumb\":{\"@id\":\"https:\\\/\\\/sergiolapegue.com\\\/site\\\/2024\\\/10\\\/31\\\/la-bicha\\\/#breadcrumb\"},\"inLanguage\":\"es-AR\",\"potentialAction\":[{\"@type\":\"ReadAction\",\"target\":[\"https:\\\/\\\/sergiolapegue.com\\\/site\\\/2024\\\/10\\\/31\\\/la-bicha\\\/\"]}]},{\"@type\":\"ImageObject\",\"inLanguage\":\"es-AR\",\"@id\":\"https:\\\/\\\/sergiolapegue.com\\\/site\\\/2024\\\/10\\\/31\\\/la-bicha\\\/#primaryimage\",\"url\":\"https:\\\/\\\/sergiolapegue.com\\\/site\\\/wp-content\\\/uploads\\\/2024\\\/10\\\/La-bicha-0.png\",\"contentUrl\":\"https:\\\/\\\/sergiolapegue.com\\\/site\\\/wp-content\\\/uploads\\\/2024\\\/10\\\/La-bicha-0.png\",\"width\":1500,\"height\":1241},{\"@type\":\"BreadcrumbList\",\"@id\":\"https:\\\/\\\/sergiolapegue.com\\\/site\\\/2024\\\/10\\\/31\\\/la-bicha\\\/#breadcrumb\",\"itemListElement\":[{\"@type\":\"ListItem\",\"position\":1,\"name\":\"Inicio\",\"item\":\"https:\\\/\\\/sergiolapegue.com\\\/site\\\/\"},{\"@type\":\"ListItem\",\"position\":2,\"name\":\"LA BICHA\"}]},{\"@type\":\"WebSite\",\"@id\":\"https:\\\/\\\/sergiolapegue.com\\\/site\\\/#website\",\"url\":\"https:\\\/\\\/sergiolapegue.com\\\/site\\\/\",\"name\":\"Sergio Lapegue\",\"description\":\"Periodista\",\"publisher\":{\"@id\":\"https:\\\/\\\/sergiolapegue.com\\\/site\\\/#\\\/schema\\\/person\\\/083aeceeb0734cd166779ea6c0551a37\"},\"potentialAction\":[{\"@type\":\"SearchAction\",\"target\":{\"@type\":\"EntryPoint\",\"urlTemplate\":\"https:\\\/\\\/sergiolapegue.com\\\/site\\\/?s={search_term_string}\"},\"query-input\":{\"@type\":\"PropertyValueSpecification\",\"valueRequired\":true,\"valueName\":\"search_term_string\"}}],\"inLanguage\":\"es-AR\"},{\"@type\":[\"Person\",\"Organization\"],\"@id\":\"https:\\\/\\\/sergiolapegue.com\\\/site\\\/#\\\/schema\\\/person\\\/083aeceeb0734cd166779ea6c0551a37\",\"name\":\"Sergio Lapegue\",\"image\":{\"@type\":\"ImageObject\",\"inLanguage\":\"es-AR\",\"@id\":\"https:\\\/\\\/sergiolapegue.com\\\/site\\\/wp-content\\\/uploads\\\/2021\\\/04\\\/logo_header-1.png\",\"url\":\"https:\\\/\\\/sergiolapegue.com\\\/site\\\/wp-content\\\/uploads\\\/2021\\\/04\\\/logo_header-1.png\",\"contentUrl\":\"https:\\\/\\\/sergiolapegue.com\\\/site\\\/wp-content\\\/uploads\\\/2021\\\/04\\\/logo_header-1.png\",\"width\":272,\"height\":90,\"caption\":\"Sergio Lapegue\"},\"logo\":{\"@id\":\"https:\\\/\\\/sergiolapegue.com\\\/site\\\/wp-content\\\/uploads\\\/2021\\\/04\\\/logo_header-1.png\"},\"sameAs\":[\"https:\\\/\\\/facebook.com\\\/sergiolapegue\",\"https:\\\/\\\/instagram.com\\\/sergiolapegue\",\"https:\\\/\\\/x.com\\\/https:\\\/\\\/twitter.com\\\/sergiolapegue\"]},{\"@type\":\"Person\",\"@id\":\"https:\\\/\\\/sergiolapegue.com\\\/site\\\/#\\\/schema\\\/person\\\/9198e7dbab43c6d74d0fd5399af7c3cd\",\"name\":\"Daniel E. Monta\u00f1a\",\"image\":{\"@type\":\"ImageObject\",\"inLanguage\":\"es-AR\",\"@id\":\"https:\\\/\\\/sergiolapegue.com\\\/site\\\/wp-content\\\/uploads\\\/2021\\\/04\\\/sl_avatar_Daniel-150x150.jpg\",\"url\":\"https:\\\/\\\/sergiolapegue.com\\\/site\\\/wp-content\\\/uploads\\\/2021\\\/04\\\/sl_avatar_Daniel-150x150.jpg\",\"contentUrl\":\"https:\\\/\\\/sergiolapegue.com\\\/site\\\/wp-content\\\/uploads\\\/2021\\\/04\\\/sl_avatar_Daniel-150x150.jpg\",\"caption\":\"Daniel E. Monta\u00f1a\"},\"sameAs\":[\"https:\\\/\\\/facebook.com\\\/danielernesto.montana\",\"https:\\\/\\\/instagram.com\\\/daniel_montana1961\",\"https:\\\/\\\/x.com\\\/https:\\\/\\\/twitter.com\\\/daner_004\"],\"url\":\"https:\\\/\\\/sergiolapegue.com\\\/site\\\/author\\\/daniel\\\/\"}]}<\/script>\n<!-- \/ Yoast SEO plugin. -->","yoast_head_json":{"title":"LA BICHA - Sergio Lapegue","robots":{"index":"index","follow":"follow","max-snippet":"max-snippet:-1","max-image-preview":"max-image-preview:large","max-video-preview":"max-video-preview:-1"},"canonical":"https:\/\/sergiolapegue.com\/site\/2024\/10\/31\/la-bicha\/","og_locale":"es_ES","og_type":"article","og_title":"LA BICHA - Sergio Lapegue","og_description":"En noviembre llega al Teatro Caras y Caretas 2037 \u201cLa Bicha\u201d, con dramaturgia e interpretaci\u00f3n de Malena Laurent y Sol Zaragozi, bajo la direcci\u00f3n de Violeta Marquis. Las funciones ser\u00e1n los d\u00edas s\u00e1bados de noviembre a las 17:00 horas. Este proyecto cuenta con el apoyo de \u00c1rea 623 SINOPSIS &#8220;La Bicha&#8221; es un melodrama sci-fi [&hellip;]","og_url":"https:\/\/sergiolapegue.com\/site\/2024\/10\/31\/la-bicha\/","og_site_name":"Sergio Lapegue","article_publisher":"https:\/\/facebook.com\/sergiolapegue","article_author":"https:\/\/facebook.com\/danielernesto.montana","article_published_time":"2024-10-31T20:00:00+00:00","og_image":[{"width":1024,"height":847,"url":"https:\/\/sergiolapegue.com\/site\/wp-content\/uploads\/2024\/10\/La-bicha-0-1024x847.png","type":"image\/png"}],"author":"Daniel E. Monta\u00f1a","twitter_card":"summary_large_image","twitter_creator":"@https:\/\/twitter.com\/daner_004","twitter_site":"@sergiolapegue","twitter_misc":{"Escrito por":"Daniel E. Monta\u00f1a","Tiempo de lectura":"6 minutos"},"schema":{"@context":"https:\/\/schema.org","@graph":[{"@type":"Article","@id":"https:\/\/sergiolapegue.com\/site\/2024\/10\/31\/la-bicha\/#article","isPartOf":{"@id":"https:\/\/sergiolapegue.com\/site\/2024\/10\/31\/la-bicha\/"},"author":{"name":"Daniel E. Monta\u00f1a","@id":"https:\/\/sergiolapegue.com\/site\/#\/schema\/person\/9198e7dbab43c6d74d0fd5399af7c3cd"},"headline":"LA BICHA","datePublished":"2024-10-31T20:00:00+00:00","mainEntityOfPage":{"@id":"https:\/\/sergiolapegue.com\/site\/2024\/10\/31\/la-bicha\/"},"wordCount":949,"commentCount":0,"publisher":{"@id":"https:\/\/sergiolapegue.com\/site\/#\/schema\/person\/083aeceeb0734cd166779ea6c0551a37"},"image":{"@id":"https:\/\/sergiolapegue.com\/site\/2024\/10\/31\/la-bicha\/#primaryimage"},"thumbnailUrl":"https:\/\/sergiolapegue.com\/site\/wp-content\/uploads\/2024\/10\/La-bicha-0.png","articleSection":["Arte","Teatro"],"inLanguage":"es-AR","potentialAction":[{"@type":"CommentAction","name":"Comment","target":["https:\/\/sergiolapegue.com\/site\/2024\/10\/31\/la-bicha\/#respond"]}]},{"@type":"WebPage","@id":"https:\/\/sergiolapegue.com\/site\/2024\/10\/31\/la-bicha\/","url":"https:\/\/sergiolapegue.com\/site\/2024\/10\/31\/la-bicha\/","name":"LA BICHA - Sergio Lapegue","isPartOf":{"@id":"https:\/\/sergiolapegue.com\/site\/#website"},"primaryImageOfPage":{"@id":"https:\/\/sergiolapegue.com\/site\/2024\/10\/31\/la-bicha\/#primaryimage"},"image":{"@id":"https:\/\/sergiolapegue.com\/site\/2024\/10\/31\/la-bicha\/#primaryimage"},"thumbnailUrl":"https:\/\/sergiolapegue.com\/site\/wp-content\/uploads\/2024\/10\/La-bicha-0.png","datePublished":"2024-10-31T20:00:00+00:00","breadcrumb":{"@id":"https:\/\/sergiolapegue.com\/site\/2024\/10\/31\/la-bicha\/#breadcrumb"},"inLanguage":"es-AR","potentialAction":[{"@type":"ReadAction","target":["https:\/\/sergiolapegue.com\/site\/2024\/10\/31\/la-bicha\/"]}]},{"@type":"ImageObject","inLanguage":"es-AR","@id":"https:\/\/sergiolapegue.com\/site\/2024\/10\/31\/la-bicha\/#primaryimage","url":"https:\/\/sergiolapegue.com\/site\/wp-content\/uploads\/2024\/10\/La-bicha-0.png","contentUrl":"https:\/\/sergiolapegue.com\/site\/wp-content\/uploads\/2024\/10\/La-bicha-0.png","width":1500,"height":1241},{"@type":"BreadcrumbList","@id":"https:\/\/sergiolapegue.com\/site\/2024\/10\/31\/la-bicha\/#breadcrumb","itemListElement":[{"@type":"ListItem","position":1,"name":"Inicio","item":"https:\/\/sergiolapegue.com\/site\/"},{"@type":"ListItem","position":2,"name":"LA BICHA"}]},{"@type":"WebSite","@id":"https:\/\/sergiolapegue.com\/site\/#website","url":"https:\/\/sergiolapegue.com\/site\/","name":"Sergio Lapegue","description":"Periodista","publisher":{"@id":"https:\/\/sergiolapegue.com\/site\/#\/schema\/person\/083aeceeb0734cd166779ea6c0551a37"},"potentialAction":[{"@type":"SearchAction","target":{"@type":"EntryPoint","urlTemplate":"https:\/\/sergiolapegue.com\/site\/?s={search_term_string}"},"query-input":{"@type":"PropertyValueSpecification","valueRequired":true,"valueName":"search_term_string"}}],"inLanguage":"es-AR"},{"@type":["Person","Organization"],"@id":"https:\/\/sergiolapegue.com\/site\/#\/schema\/person\/083aeceeb0734cd166779ea6c0551a37","name":"Sergio Lapegue","image":{"@type":"ImageObject","inLanguage":"es-AR","@id":"https:\/\/sergiolapegue.com\/site\/wp-content\/uploads\/2021\/04\/logo_header-1.png","url":"https:\/\/sergiolapegue.com\/site\/wp-content\/uploads\/2021\/04\/logo_header-1.png","contentUrl":"https:\/\/sergiolapegue.com\/site\/wp-content\/uploads\/2021\/04\/logo_header-1.png","width":272,"height":90,"caption":"Sergio Lapegue"},"logo":{"@id":"https:\/\/sergiolapegue.com\/site\/wp-content\/uploads\/2021\/04\/logo_header-1.png"},"sameAs":["https:\/\/facebook.com\/sergiolapegue","https:\/\/instagram.com\/sergiolapegue","https:\/\/x.com\/https:\/\/twitter.com\/sergiolapegue"]},{"@type":"Person","@id":"https:\/\/sergiolapegue.com\/site\/#\/schema\/person\/9198e7dbab43c6d74d0fd5399af7c3cd","name":"Daniel E. Monta\u00f1a","image":{"@type":"ImageObject","inLanguage":"es-AR","@id":"https:\/\/sergiolapegue.com\/site\/wp-content\/uploads\/2021\/04\/sl_avatar_Daniel-150x150.jpg","url":"https:\/\/sergiolapegue.com\/site\/wp-content\/uploads\/2021\/04\/sl_avatar_Daniel-150x150.jpg","contentUrl":"https:\/\/sergiolapegue.com\/site\/wp-content\/uploads\/2021\/04\/sl_avatar_Daniel-150x150.jpg","caption":"Daniel E. Monta\u00f1a"},"sameAs":["https:\/\/facebook.com\/danielernesto.montana","https:\/\/instagram.com\/daniel_montana1961","https:\/\/x.com\/https:\/\/twitter.com\/daner_004"],"url":"https:\/\/sergiolapegue.com\/site\/author\/daniel\/"}]}},"_links":{"self":[{"href":"https:\/\/sergiolapegue.com\/site\/wp-json\/wp\/v2\/posts\/18959","targetHints":{"allow":["GET"]}}],"collection":[{"href":"https:\/\/sergiolapegue.com\/site\/wp-json\/wp\/v2\/posts"}],"about":[{"href":"https:\/\/sergiolapegue.com\/site\/wp-json\/wp\/v2\/types\/post"}],"author":[{"embeddable":true,"href":"https:\/\/sergiolapegue.com\/site\/wp-json\/wp\/v2\/users\/3"}],"replies":[{"embeddable":true,"href":"https:\/\/sergiolapegue.com\/site\/wp-json\/wp\/v2\/comments?post=18959"}],"version-history":[{"count":1,"href":"https:\/\/sergiolapegue.com\/site\/wp-json\/wp\/v2\/posts\/18959\/revisions"}],"predecessor-version":[{"id":18968,"href":"https:\/\/sergiolapegue.com\/site\/wp-json\/wp\/v2\/posts\/18959\/revisions\/18968"}],"wp:featuredmedia":[{"embeddable":true,"href":"https:\/\/sergiolapegue.com\/site\/wp-json\/wp\/v2\/media\/18967"}],"wp:attachment":[{"href":"https:\/\/sergiolapegue.com\/site\/wp-json\/wp\/v2\/media?parent=18959"}],"wp:term":[{"taxonomy":"category","embeddable":true,"href":"https:\/\/sergiolapegue.com\/site\/wp-json\/wp\/v2\/categories?post=18959"},{"taxonomy":"post_tag","embeddable":true,"href":"https:\/\/sergiolapegue.com\/site\/wp-json\/wp\/v2\/tags?post=18959"}],"curies":[{"name":"wp","href":"https:\/\/api.w.org\/{rel}","templated":true}]}}