{"id":18833,"date":"2024-10-24T17:00:00","date_gmt":"2024-10-24T20:00:00","guid":{"rendered":"https:\/\/sergiolapegue.com\/site\/?p=18833"},"modified":"2024-10-24T16:52:52","modified_gmt":"2024-10-24T19:52:52","slug":"reveca-currumil-lanza-su-primer-disco-debut-buenos-aires","status":"publish","type":"post","link":"https:\/\/sergiolapegue.com\/site\/2024\/10\/24\/reveca-currumil-lanza-su-primer-disco-debut-buenos-aires\/","title":{"rendered":"REVECA CURRUMIL LANZA SU PRIMER DISCO DEBUT \u201cBUENOS AIRES\u201d"},"content":{"rendered":"\n<p><em>\u201cBuenos Aires\u201d\u00a0<\/em>es el nombre del disco debut de\u00a0Reveca Currumil, una artista patag\u00f3nica dedicada a la m\u00fasica popular que une su ra\u00edz folkl\u00f3rica con sonidos del rock y pop nacionales.\u00a0<\/p>\n\n\n\n<p>Su \u00f3pera prima ser\u00e1 presentada en etapas y la primera se trata de un EP que incluye los temas \u201cPetr\u00f3leo y Sol\u201d (en el cual participa F\u00e9lix Mateos, de Los Tabaleros), \u201cAdi\u00f3s\u201d y \u201cEstaci\u00f3n\u201d; producidos todos por el m\u00fasico Bochi Bozzalla (Las Pastillas del Abuelo) y Tino Moroder.\u00a0<\/p>\n\n\n\n<figure class=\"wp-block-image size-large\"><img loading=\"lazy\" decoding=\"async\" width=\"683\" height=\"1024\" src=\"https:\/\/sergiolapegue.com\/site\/wp-content\/uploads\/2024\/10\/Reveca-Currumil-1-683x1024.jpg\" alt=\"\" class=\"wp-image-18834\" srcset=\"https:\/\/sergiolapegue.com\/site\/wp-content\/uploads\/2024\/10\/Reveca-Currumil-1-683x1024.jpg 683w, https:\/\/sergiolapegue.com\/site\/wp-content\/uploads\/2024\/10\/Reveca-Currumil-1-200x300.jpg 200w, https:\/\/sergiolapegue.com\/site\/wp-content\/uploads\/2024\/10\/Reveca-Currumil-1-768x1152.jpg 768w, https:\/\/sergiolapegue.com\/site\/wp-content\/uploads\/2024\/10\/Reveca-Currumil-1-1024x1536.jpg 1024w, https:\/\/sergiolapegue.com\/site\/wp-content\/uploads\/2024\/10\/Reveca-Currumil-1-1365x2048.jpg 1365w, https:\/\/sergiolapegue.com\/site\/wp-content\/uploads\/2024\/10\/Reveca-Currumil-1-280x420.jpg 280w, https:\/\/sergiolapegue.com\/site\/wp-content\/uploads\/2024\/10\/Reveca-Currumil-1-696x1044.jpg 696w, https:\/\/sergiolapegue.com\/site\/wp-content\/uploads\/2024\/10\/Reveca-Currumil-1-1068x1602.jpg 1068w, https:\/\/sergiolapegue.com\/site\/wp-content\/uploads\/2024\/10\/Reveca-Currumil-1-1920x2880.jpg 1920w, https:\/\/sergiolapegue.com\/site\/wp-content\/uploads\/2024\/10\/Reveca-Currumil-1-scaled.jpg 1707w\" sizes=\"auto, (max-width: 683px) 100vw, 683px\" \/><\/figure>\n\n\n\n<p>El 1 de noviembre llegar\u00e1 un segundo EP con reversiones de cl\u00e1sicos del folklore argentino en modo de homenaje y una tercera entrega, tambi\u00e9n en formato EP, con m\u00e1s canciones propias.<\/p>\n\n\n\n<p>\u00bfCu\u00e1ndo podemos verla en vivo? El\u00a0#buenosairestour\u00a0ya comenz\u00f3 y suma fechas en R\u00edo Negro, Neuqu\u00e9n, San Luis, San Juan, Mendoza, Bariloche, C\u00f3rdoba, Buenos Aires; adem\u00e1s de fechas por los pa\u00edses vecinos Chile, Paraguay y Uruguay.<\/p>\n\n\n\n<figure class=\"wp-block-image size-large\"><img loading=\"lazy\" decoding=\"async\" width=\"1024\" height=\"681\" src=\"https:\/\/sergiolapegue.com\/site\/wp-content\/uploads\/2024\/10\/Reveca-Currumil-4-1024x681.jpg\" alt=\"\" class=\"wp-image-18835\" srcset=\"https:\/\/sergiolapegue.com\/site\/wp-content\/uploads\/2024\/10\/Reveca-Currumil-4-1024x681.jpg 1024w, https:\/\/sergiolapegue.com\/site\/wp-content\/uploads\/2024\/10\/Reveca-Currumil-4-300x200.jpg 300w, https:\/\/sergiolapegue.com\/site\/wp-content\/uploads\/2024\/10\/Reveca-Currumil-4-768x511.jpg 768w, https:\/\/sergiolapegue.com\/site\/wp-content\/uploads\/2024\/10\/Reveca-Currumil-4-1536x1022.jpg 1536w, https:\/\/sergiolapegue.com\/site\/wp-content\/uploads\/2024\/10\/Reveca-Currumil-4-2048x1363.jpg 2048w, https:\/\/sergiolapegue.com\/site\/wp-content\/uploads\/2024\/10\/Reveca-Currumil-4-631x420.jpg 631w, https:\/\/sergiolapegue.com\/site\/wp-content\/uploads\/2024\/10\/Reveca-Currumil-4-696x463.jpg 696w, https:\/\/sergiolapegue.com\/site\/wp-content\/uploads\/2024\/10\/Reveca-Currumil-4-1068x711.jpg 1068w, https:\/\/sergiolapegue.com\/site\/wp-content\/uploads\/2024\/10\/Reveca-Currumil-4-1920x1277.jpg 1920w\" sizes=\"auto, (max-width: 1024px) 100vw, 1024px\" \/><\/figure>\n\n\n\n<p>Pr\u00f3xima parada: show apertura de Micky Rodr\u00edguez en R\u00edo Grande. El bajista y fundador de Los Piojos, La Que Faltaba y Ritual 87 tocar\u00e1 el\u00a019 de octubre<strong>\u00a0<\/strong>en el NV Teatro Bar y Reveca Currumil ser\u00e1 su artista soporte.<\/p>\n\n\n\n<p>De all\u00ed volver\u00e1 a los barrios porte\u00f1os para tocar el\u00a025 de octubre\u00a0en la Fiestonra que se hace en el espacio cultural \u201cCasa Jache\u201d; y el\u00a015 de noviembre<strong>\u00a0<\/strong>tocar\u00e1 en Uruguay junto a Bochi Bozalla (Las Pastillas del Abuelo) y Macabre (Catupecu Machu).<\/p>\n\n\n\n<p>Gracias Betsab\u00e9 Gonz\u00e1lez de Agencia CED por acercarnos la gacetilla de prensa de esta nueva cantante.<\/p>\n\n\n\n<p><\/p>\n","protected":false},"excerpt":{"rendered":"<p>\u201cBuenos Aires\u201d\u00a0es el nombre del disco debut de\u00a0Reveca Currumil, una artista patag\u00f3nica dedicada a la m\u00fasica popular que une su ra\u00edz folkl\u00f3rica con sonidos del rock y pop nacionales.\u00a0 Su \u00f3pera prima ser\u00e1 presentada en etapas y la primera se trata de un EP que incluye los temas \u201cPetr\u00f3leo y Sol\u201d (en el cual participa [&hellip;]<\/p>\n","protected":false},"author":3,"featured_media":18836,"comment_status":"open","ping_status":"closed","sticky":false,"template":"","format":"standard","meta":{"footnotes":""},"categories":[34,56],"tags":[],"class_list":{"0":"post-18833","1":"post","2":"type-post","3":"status-publish","4":"format-standard","5":"has-post-thumbnail","7":"category-arte","8":"category-musica"},"yoast_head":"<!-- This site is optimized with the Yoast SEO plugin v27.5 - https:\/\/yoast.com\/product\/yoast-seo-wordpress\/ -->\n<title>REVECA CURRUMIL LANZA SU PRIMER DISCO DEBUT \u201cBUENOS AIRES\u201d - Sergio Lapegue<\/title>\n<meta name=\"robots\" content=\"index, follow, max-snippet:-1, max-image-preview:large, max-video-preview:-1\" \/>\n<link rel=\"canonical\" href=\"https:\/\/sergiolapegue.com\/site\/2024\/10\/24\/reveca-currumil-lanza-su-primer-disco-debut-buenos-aires\/\" \/>\n<meta property=\"og:locale\" content=\"es_ES\" \/>\n<meta property=\"og:type\" content=\"article\" \/>\n<meta property=\"og:title\" content=\"REVECA CURRUMIL LANZA SU PRIMER DISCO DEBUT \u201cBUENOS AIRES\u201d - Sergio Lapegue\" \/>\n<meta property=\"og:description\" content=\"\u201cBuenos Aires\u201d\u00a0es el nombre del disco debut de\u00a0Reveca Currumil, una artista patag\u00f3nica dedicada a la m\u00fasica popular que une su ra\u00edz folkl\u00f3rica con sonidos del rock y pop nacionales.\u00a0 Su \u00f3pera prima ser\u00e1 presentada en etapas y la primera se trata de un EP que incluye los temas \u201cPetr\u00f3leo y Sol\u201d (en el cual participa [&hellip;]\" \/>\n<meta property=\"og:url\" content=\"https:\/\/sergiolapegue.com\/site\/2024\/10\/24\/reveca-currumil-lanza-su-primer-disco-debut-buenos-aires\/\" \/>\n<meta property=\"og:site_name\" content=\"Sergio Lapegue\" \/>\n<meta property=\"article:publisher\" content=\"https:\/\/facebook.com\/sergiolapegue\" \/>\n<meta property=\"article:author\" content=\"https:\/\/facebook.com\/danielernesto.montana\" \/>\n<meta property=\"article:published_time\" content=\"2024-10-24T20:00:00+00:00\" \/>\n<meta property=\"og:image\" content=\"https:\/\/sergiolapegue.com\/site\/wp-content\/uploads\/2024\/10\/Reveca-Currumil.jpg\" \/>\n\t<meta property=\"og:image:width\" content=\"1500\" \/>\n\t<meta property=\"og:image:height\" content=\"1500\" \/>\n\t<meta property=\"og:image:type\" content=\"image\/jpeg\" \/>\n<meta name=\"author\" content=\"Daniel E. Monta\u00f1a\" \/>\n<meta name=\"twitter:card\" content=\"summary_large_image\" \/>\n<meta name=\"twitter:creator\" content=\"@https:\/\/twitter.com\/daner_004\" \/>\n<meta name=\"twitter:site\" content=\"@sergiolapegue\" \/>\n<meta name=\"twitter:label1\" content=\"Escrito por\" \/>\n\t<meta name=\"twitter:data1\" content=\"Daniel E. Monta\u00f1a\" \/>\n\t<meta name=\"twitter:label2\" content=\"Tiempo de lectura\" \/>\n\t<meta name=\"twitter:data2\" content=\"2 minutos\" \/>\n<script type=\"application\/ld+json\" class=\"yoast-schema-graph\">{\"@context\":\"https:\\\/\\\/schema.org\",\"@graph\":[{\"@type\":\"Article\",\"@id\":\"https:\\\/\\\/sergiolapegue.com\\\/site\\\/2024\\\/10\\\/24\\\/reveca-currumil-lanza-su-primer-disco-debut-buenos-aires\\\/#article\",\"isPartOf\":{\"@id\":\"https:\\\/\\\/sergiolapegue.com\\\/site\\\/2024\\\/10\\\/24\\\/reveca-currumil-lanza-su-primer-disco-debut-buenos-aires\\\/\"},\"author\":{\"name\":\"Daniel E. Monta\u00f1a\",\"@id\":\"https:\\\/\\\/sergiolapegue.com\\\/site\\\/#\\\/schema\\\/person\\\/9198e7dbab43c6d74d0fd5399af7c3cd\"},\"headline\":\"REVECA CURRUMIL LANZA SU PRIMER DISCO DEBUT \u201cBUENOS AIRES\u201d\",\"datePublished\":\"2024-10-24T20:00:00+00:00\",\"mainEntityOfPage\":{\"@id\":\"https:\\\/\\\/sergiolapegue.com\\\/site\\\/2024\\\/10\\\/24\\\/reveca-currumil-lanza-su-primer-disco-debut-buenos-aires\\\/\"},\"wordCount\":274,\"commentCount\":0,\"publisher\":{\"@id\":\"https:\\\/\\\/sergiolapegue.com\\\/site\\\/#\\\/schema\\\/person\\\/083aeceeb0734cd166779ea6c0551a37\"},\"image\":{\"@id\":\"https:\\\/\\\/sergiolapegue.com\\\/site\\\/2024\\\/10\\\/24\\\/reveca-currumil-lanza-su-primer-disco-debut-buenos-aires\\\/#primaryimage\"},\"thumbnailUrl\":\"https:\\\/\\\/sergiolapegue.com\\\/site\\\/wp-content\\\/uploads\\\/2024\\\/10\\\/Reveca-Currumil.jpg\",\"articleSection\":[\"Arte\",\"M\u00fasica\"],\"inLanguage\":\"es-AR\",\"potentialAction\":[{\"@type\":\"CommentAction\",\"name\":\"Comment\",\"target\":[\"https:\\\/\\\/sergiolapegue.com\\\/site\\\/2024\\\/10\\\/24\\\/reveca-currumil-lanza-su-primer-disco-debut-buenos-aires\\\/#respond\"]}]},{\"@type\":\"WebPage\",\"@id\":\"https:\\\/\\\/sergiolapegue.com\\\/site\\\/2024\\\/10\\\/24\\\/reveca-currumil-lanza-su-primer-disco-debut-buenos-aires\\\/\",\"url\":\"https:\\\/\\\/sergiolapegue.com\\\/site\\\/2024\\\/10\\\/24\\\/reveca-currumil-lanza-su-primer-disco-debut-buenos-aires\\\/\",\"name\":\"REVECA CURRUMIL LANZA SU PRIMER DISCO DEBUT \u201cBUENOS AIRES\u201d - Sergio Lapegue\",\"isPartOf\":{\"@id\":\"https:\\\/\\\/sergiolapegue.com\\\/site\\\/#website\"},\"primaryImageOfPage\":{\"@id\":\"https:\\\/\\\/sergiolapegue.com\\\/site\\\/2024\\\/10\\\/24\\\/reveca-currumil-lanza-su-primer-disco-debut-buenos-aires\\\/#primaryimage\"},\"image\":{\"@id\":\"https:\\\/\\\/sergiolapegue.com\\\/site\\\/2024\\\/10\\\/24\\\/reveca-currumil-lanza-su-primer-disco-debut-buenos-aires\\\/#primaryimage\"},\"thumbnailUrl\":\"https:\\\/\\\/sergiolapegue.com\\\/site\\\/wp-content\\\/uploads\\\/2024\\\/10\\\/Reveca-Currumil.jpg\",\"datePublished\":\"2024-10-24T20:00:00+00:00\",\"breadcrumb\":{\"@id\":\"https:\\\/\\\/sergiolapegue.com\\\/site\\\/2024\\\/10\\\/24\\\/reveca-currumil-lanza-su-primer-disco-debut-buenos-aires\\\/#breadcrumb\"},\"inLanguage\":\"es-AR\",\"potentialAction\":[{\"@type\":\"ReadAction\",\"target\":[\"https:\\\/\\\/sergiolapegue.com\\\/site\\\/2024\\\/10\\\/24\\\/reveca-currumil-lanza-su-primer-disco-debut-buenos-aires\\\/\"]}]},{\"@type\":\"ImageObject\",\"inLanguage\":\"es-AR\",\"@id\":\"https:\\\/\\\/sergiolapegue.com\\\/site\\\/2024\\\/10\\\/24\\\/reveca-currumil-lanza-su-primer-disco-debut-buenos-aires\\\/#primaryimage\",\"url\":\"https:\\\/\\\/sergiolapegue.com\\\/site\\\/wp-content\\\/uploads\\\/2024\\\/10\\\/Reveca-Currumil.jpg\",\"contentUrl\":\"https:\\\/\\\/sergiolapegue.com\\\/site\\\/wp-content\\\/uploads\\\/2024\\\/10\\\/Reveca-Currumil.jpg\",\"width\":1500,\"height\":1500},{\"@type\":\"BreadcrumbList\",\"@id\":\"https:\\\/\\\/sergiolapegue.com\\\/site\\\/2024\\\/10\\\/24\\\/reveca-currumil-lanza-su-primer-disco-debut-buenos-aires\\\/#breadcrumb\",\"itemListElement\":[{\"@type\":\"ListItem\",\"position\":1,\"name\":\"Inicio\",\"item\":\"https:\\\/\\\/sergiolapegue.com\\\/site\\\/\"},{\"@type\":\"ListItem\",\"position\":2,\"name\":\"REVECA CURRUMIL LANZA SU PRIMER DISCO DEBUT \u201cBUENOS AIRES\u201d\"}]},{\"@type\":\"WebSite\",\"@id\":\"https:\\\/\\\/sergiolapegue.com\\\/site\\\/#website\",\"url\":\"https:\\\/\\\/sergiolapegue.com\\\/site\\\/\",\"name\":\"Sergio Lapegue\",\"description\":\"Periodista\",\"publisher\":{\"@id\":\"https:\\\/\\\/sergiolapegue.com\\\/site\\\/#\\\/schema\\\/person\\\/083aeceeb0734cd166779ea6c0551a37\"},\"potentialAction\":[{\"@type\":\"SearchAction\",\"target\":{\"@type\":\"EntryPoint\",\"urlTemplate\":\"https:\\\/\\\/sergiolapegue.com\\\/site\\\/?s={search_term_string}\"},\"query-input\":{\"@type\":\"PropertyValueSpecification\",\"valueRequired\":true,\"valueName\":\"search_term_string\"}}],\"inLanguage\":\"es-AR\"},{\"@type\":[\"Person\",\"Organization\"],\"@id\":\"https:\\\/\\\/sergiolapegue.com\\\/site\\\/#\\\/schema\\\/person\\\/083aeceeb0734cd166779ea6c0551a37\",\"name\":\"Sergio Lapegue\",\"image\":{\"@type\":\"ImageObject\",\"inLanguage\":\"es-AR\",\"@id\":\"https:\\\/\\\/sergiolapegue.com\\\/site\\\/wp-content\\\/uploads\\\/2021\\\/04\\\/logo_header-1.png\",\"url\":\"https:\\\/\\\/sergiolapegue.com\\\/site\\\/wp-content\\\/uploads\\\/2021\\\/04\\\/logo_header-1.png\",\"contentUrl\":\"https:\\\/\\\/sergiolapegue.com\\\/site\\\/wp-content\\\/uploads\\\/2021\\\/04\\\/logo_header-1.png\",\"width\":272,\"height\":90,\"caption\":\"Sergio Lapegue\"},\"logo\":{\"@id\":\"https:\\\/\\\/sergiolapegue.com\\\/site\\\/wp-content\\\/uploads\\\/2021\\\/04\\\/logo_header-1.png\"},\"sameAs\":[\"https:\\\/\\\/facebook.com\\\/sergiolapegue\",\"https:\\\/\\\/instagram.com\\\/sergiolapegue\",\"https:\\\/\\\/x.com\\\/https:\\\/\\\/twitter.com\\\/sergiolapegue\"]},{\"@type\":\"Person\",\"@id\":\"https:\\\/\\\/sergiolapegue.com\\\/site\\\/#\\\/schema\\\/person\\\/9198e7dbab43c6d74d0fd5399af7c3cd\",\"name\":\"Daniel E. Monta\u00f1a\",\"image\":{\"@type\":\"ImageObject\",\"inLanguage\":\"es-AR\",\"@id\":\"https:\\\/\\\/sergiolapegue.com\\\/site\\\/wp-content\\\/uploads\\\/2021\\\/04\\\/sl_avatar_Daniel-150x150.jpg\",\"url\":\"https:\\\/\\\/sergiolapegue.com\\\/site\\\/wp-content\\\/uploads\\\/2021\\\/04\\\/sl_avatar_Daniel-150x150.jpg\",\"contentUrl\":\"https:\\\/\\\/sergiolapegue.com\\\/site\\\/wp-content\\\/uploads\\\/2021\\\/04\\\/sl_avatar_Daniel-150x150.jpg\",\"caption\":\"Daniel E. Monta\u00f1a\"},\"sameAs\":[\"https:\\\/\\\/facebook.com\\\/danielernesto.montana\",\"https:\\\/\\\/instagram.com\\\/daniel_montana1961\",\"https:\\\/\\\/x.com\\\/https:\\\/\\\/twitter.com\\\/daner_004\"],\"url\":\"https:\\\/\\\/sergiolapegue.com\\\/site\\\/author\\\/daniel\\\/\"}]}<\/script>\n<!-- \/ Yoast SEO plugin. -->","yoast_head_json":{"title":"REVECA CURRUMIL LANZA SU PRIMER DISCO DEBUT \u201cBUENOS AIRES\u201d - Sergio Lapegue","robots":{"index":"index","follow":"follow","max-snippet":"max-snippet:-1","max-image-preview":"max-image-preview:large","max-video-preview":"max-video-preview:-1"},"canonical":"https:\/\/sergiolapegue.com\/site\/2024\/10\/24\/reveca-currumil-lanza-su-primer-disco-debut-buenos-aires\/","og_locale":"es_ES","og_type":"article","og_title":"REVECA CURRUMIL LANZA SU PRIMER DISCO DEBUT \u201cBUENOS AIRES\u201d - Sergio Lapegue","og_description":"\u201cBuenos Aires\u201d\u00a0es el nombre del disco debut de\u00a0Reveca Currumil, una artista patag\u00f3nica dedicada a la m\u00fasica popular que une su ra\u00edz folkl\u00f3rica con sonidos del rock y pop nacionales.\u00a0 Su \u00f3pera prima ser\u00e1 presentada en etapas y la primera se trata de un EP que incluye los temas \u201cPetr\u00f3leo y Sol\u201d (en el cual participa [&hellip;]","og_url":"https:\/\/sergiolapegue.com\/site\/2024\/10\/24\/reveca-currumil-lanza-su-primer-disco-debut-buenos-aires\/","og_site_name":"Sergio Lapegue","article_publisher":"https:\/\/facebook.com\/sergiolapegue","article_author":"https:\/\/facebook.com\/danielernesto.montana","article_published_time":"2024-10-24T20:00:00+00:00","og_image":[{"width":1500,"height":1500,"url":"https:\/\/sergiolapegue.com\/site\/wp-content\/uploads\/2024\/10\/Reveca-Currumil.jpg","type":"image\/jpeg"}],"author":"Daniel E. Monta\u00f1a","twitter_card":"summary_large_image","twitter_creator":"@https:\/\/twitter.com\/daner_004","twitter_site":"@sergiolapegue","twitter_misc":{"Escrito por":"Daniel E. Monta\u00f1a","Tiempo de lectura":"2 minutos"},"schema":{"@context":"https:\/\/schema.org","@graph":[{"@type":"Article","@id":"https:\/\/sergiolapegue.com\/site\/2024\/10\/24\/reveca-currumil-lanza-su-primer-disco-debut-buenos-aires\/#article","isPartOf":{"@id":"https:\/\/sergiolapegue.com\/site\/2024\/10\/24\/reveca-currumil-lanza-su-primer-disco-debut-buenos-aires\/"},"author":{"name":"Daniel E. Monta\u00f1a","@id":"https:\/\/sergiolapegue.com\/site\/#\/schema\/person\/9198e7dbab43c6d74d0fd5399af7c3cd"},"headline":"REVECA CURRUMIL LANZA SU PRIMER DISCO DEBUT \u201cBUENOS AIRES\u201d","datePublished":"2024-10-24T20:00:00+00:00","mainEntityOfPage":{"@id":"https:\/\/sergiolapegue.com\/site\/2024\/10\/24\/reveca-currumil-lanza-su-primer-disco-debut-buenos-aires\/"},"wordCount":274,"commentCount":0,"publisher":{"@id":"https:\/\/sergiolapegue.com\/site\/#\/schema\/person\/083aeceeb0734cd166779ea6c0551a37"},"image":{"@id":"https:\/\/sergiolapegue.com\/site\/2024\/10\/24\/reveca-currumil-lanza-su-primer-disco-debut-buenos-aires\/#primaryimage"},"thumbnailUrl":"https:\/\/sergiolapegue.com\/site\/wp-content\/uploads\/2024\/10\/Reveca-Currumil.jpg","articleSection":["Arte","M\u00fasica"],"inLanguage":"es-AR","potentialAction":[{"@type":"CommentAction","name":"Comment","target":["https:\/\/sergiolapegue.com\/site\/2024\/10\/24\/reveca-currumil-lanza-su-primer-disco-debut-buenos-aires\/#respond"]}]},{"@type":"WebPage","@id":"https:\/\/sergiolapegue.com\/site\/2024\/10\/24\/reveca-currumil-lanza-su-primer-disco-debut-buenos-aires\/","url":"https:\/\/sergiolapegue.com\/site\/2024\/10\/24\/reveca-currumil-lanza-su-primer-disco-debut-buenos-aires\/","name":"REVECA CURRUMIL LANZA SU PRIMER DISCO DEBUT \u201cBUENOS AIRES\u201d - Sergio Lapegue","isPartOf":{"@id":"https:\/\/sergiolapegue.com\/site\/#website"},"primaryImageOfPage":{"@id":"https:\/\/sergiolapegue.com\/site\/2024\/10\/24\/reveca-currumil-lanza-su-primer-disco-debut-buenos-aires\/#primaryimage"},"image":{"@id":"https:\/\/sergiolapegue.com\/site\/2024\/10\/24\/reveca-currumil-lanza-su-primer-disco-debut-buenos-aires\/#primaryimage"},"thumbnailUrl":"https:\/\/sergiolapegue.com\/site\/wp-content\/uploads\/2024\/10\/Reveca-Currumil.jpg","datePublished":"2024-10-24T20:00:00+00:00","breadcrumb":{"@id":"https:\/\/sergiolapegue.com\/site\/2024\/10\/24\/reveca-currumil-lanza-su-primer-disco-debut-buenos-aires\/#breadcrumb"},"inLanguage":"es-AR","potentialAction":[{"@type":"ReadAction","target":["https:\/\/sergiolapegue.com\/site\/2024\/10\/24\/reveca-currumil-lanza-su-primer-disco-debut-buenos-aires\/"]}]},{"@type":"ImageObject","inLanguage":"es-AR","@id":"https:\/\/sergiolapegue.com\/site\/2024\/10\/24\/reveca-currumil-lanza-su-primer-disco-debut-buenos-aires\/#primaryimage","url":"https:\/\/sergiolapegue.com\/site\/wp-content\/uploads\/2024\/10\/Reveca-Currumil.jpg","contentUrl":"https:\/\/sergiolapegue.com\/site\/wp-content\/uploads\/2024\/10\/Reveca-Currumil.jpg","width":1500,"height":1500},{"@type":"BreadcrumbList","@id":"https:\/\/sergiolapegue.com\/site\/2024\/10\/24\/reveca-currumil-lanza-su-primer-disco-debut-buenos-aires\/#breadcrumb","itemListElement":[{"@type":"ListItem","position":1,"name":"Inicio","item":"https:\/\/sergiolapegue.com\/site\/"},{"@type":"ListItem","position":2,"name":"REVECA CURRUMIL LANZA SU PRIMER DISCO DEBUT \u201cBUENOS AIRES\u201d"}]},{"@type":"WebSite","@id":"https:\/\/sergiolapegue.com\/site\/#website","url":"https:\/\/sergiolapegue.com\/site\/","name":"Sergio Lapegue","description":"Periodista","publisher":{"@id":"https:\/\/sergiolapegue.com\/site\/#\/schema\/person\/083aeceeb0734cd166779ea6c0551a37"},"potentialAction":[{"@type":"SearchAction","target":{"@type":"EntryPoint","urlTemplate":"https:\/\/sergiolapegue.com\/site\/?s={search_term_string}"},"query-input":{"@type":"PropertyValueSpecification","valueRequired":true,"valueName":"search_term_string"}}],"inLanguage":"es-AR"},{"@type":["Person","Organization"],"@id":"https:\/\/sergiolapegue.com\/site\/#\/schema\/person\/083aeceeb0734cd166779ea6c0551a37","name":"Sergio Lapegue","image":{"@type":"ImageObject","inLanguage":"es-AR","@id":"https:\/\/sergiolapegue.com\/site\/wp-content\/uploads\/2021\/04\/logo_header-1.png","url":"https:\/\/sergiolapegue.com\/site\/wp-content\/uploads\/2021\/04\/logo_header-1.png","contentUrl":"https:\/\/sergiolapegue.com\/site\/wp-content\/uploads\/2021\/04\/logo_header-1.png","width":272,"height":90,"caption":"Sergio Lapegue"},"logo":{"@id":"https:\/\/sergiolapegue.com\/site\/wp-content\/uploads\/2021\/04\/logo_header-1.png"},"sameAs":["https:\/\/facebook.com\/sergiolapegue","https:\/\/instagram.com\/sergiolapegue","https:\/\/x.com\/https:\/\/twitter.com\/sergiolapegue"]},{"@type":"Person","@id":"https:\/\/sergiolapegue.com\/site\/#\/schema\/person\/9198e7dbab43c6d74d0fd5399af7c3cd","name":"Daniel E. Monta\u00f1a","image":{"@type":"ImageObject","inLanguage":"es-AR","@id":"https:\/\/sergiolapegue.com\/site\/wp-content\/uploads\/2021\/04\/sl_avatar_Daniel-150x150.jpg","url":"https:\/\/sergiolapegue.com\/site\/wp-content\/uploads\/2021\/04\/sl_avatar_Daniel-150x150.jpg","contentUrl":"https:\/\/sergiolapegue.com\/site\/wp-content\/uploads\/2021\/04\/sl_avatar_Daniel-150x150.jpg","caption":"Daniel E. Monta\u00f1a"},"sameAs":["https:\/\/facebook.com\/danielernesto.montana","https:\/\/instagram.com\/daniel_montana1961","https:\/\/x.com\/https:\/\/twitter.com\/daner_004"],"url":"https:\/\/sergiolapegue.com\/site\/author\/daniel\/"}]}},"_links":{"self":[{"href":"https:\/\/sergiolapegue.com\/site\/wp-json\/wp\/v2\/posts\/18833","targetHints":{"allow":["GET"]}}],"collection":[{"href":"https:\/\/sergiolapegue.com\/site\/wp-json\/wp\/v2\/posts"}],"about":[{"href":"https:\/\/sergiolapegue.com\/site\/wp-json\/wp\/v2\/types\/post"}],"author":[{"embeddable":true,"href":"https:\/\/sergiolapegue.com\/site\/wp-json\/wp\/v2\/users\/3"}],"replies":[{"embeddable":true,"href":"https:\/\/sergiolapegue.com\/site\/wp-json\/wp\/v2\/comments?post=18833"}],"version-history":[{"count":1,"href":"https:\/\/sergiolapegue.com\/site\/wp-json\/wp\/v2\/posts\/18833\/revisions"}],"predecessor-version":[{"id":18837,"href":"https:\/\/sergiolapegue.com\/site\/wp-json\/wp\/v2\/posts\/18833\/revisions\/18837"}],"wp:featuredmedia":[{"embeddable":true,"href":"https:\/\/sergiolapegue.com\/site\/wp-json\/wp\/v2\/media\/18836"}],"wp:attachment":[{"href":"https:\/\/sergiolapegue.com\/site\/wp-json\/wp\/v2\/media?parent=18833"}],"wp:term":[{"taxonomy":"category","embeddable":true,"href":"https:\/\/sergiolapegue.com\/site\/wp-json\/wp\/v2\/categories?post=18833"},{"taxonomy":"post_tag","embeddable":true,"href":"https:\/\/sergiolapegue.com\/site\/wp-json\/wp\/v2\/tags?post=18833"}],"curies":[{"name":"wp","href":"https:\/\/api.w.org\/{rel}","templated":true}]}}