{"id":18827,"date":"2024-10-25T01:00:00","date_gmt":"2024-10-25T04:00:00","guid":{"rendered":"https:\/\/sergiolapegue.com\/site\/?p=18827"},"modified":"2024-10-24T16:45:59","modified_gmt":"2024-10-24T19:45:59","slug":"programacion-fin-de-semana-teatro-el-popular-del-25-10-2024-al-27-10-2024","status":"publish","type":"post","link":"https:\/\/sergiolapegue.com\/site\/2024\/10\/25\/programacion-fin-de-semana-teatro-el-popular-del-25-10-2024-al-27-10-2024\/","title":{"rendered":"PROGRAMACI\u00d3N FIN DE SEMANA TEATRO EL POPULAR \u2013 DEL 25\/10\/2024 AL 27\/10\/2024"},"content":{"rendered":"\n<p>El Teatro El Popular est\u00e1 dedicado a la promoci\u00f3n, difusi\u00f3n, ense\u00f1anza y producci\u00f3n de teatro argentino, te presenta la programaci\u00f3n que tiene para este fin de semana.<\/p>\n\n\n\n<p>Adem\u00e1s te contamos que el Teatro El Popular cuenta con varios talleres, entre ellos:<\/p>\n\n\n\n<p>Actuaci\u00f3n para ni\u00f1os; Montaje teatral para adolescentes, j\u00f3venes y adultos; Actuaci\u00f3n para adultos (Principiantes y Avanzados); T\u00e9cnicas de improvisaci\u00f3n y Teatro para adultos + 60.<\/p>\n\n\n\n<p>A continuaci\u00f3n te presentamos las obras que el teatro El Popular tiene en cartelera para que disfrutes.<\/p>\n\n\n\n<p><strong>PROGRAMACI\u00d3N FIN DE SEMANA<\/strong><\/p>\n\n\n\n<p><strong>Viernes 25 de octubre \u2013 20:30 horas.<\/strong><\/p>\n\n\n\n<figure class=\"wp-block-image size-large\"><img loading=\"lazy\" decoding=\"async\" width=\"819\" height=\"1024\" src=\"https:\/\/sergiolapegue.com\/site\/wp-content\/uploads\/2024\/10\/Programacion-fin-de-semana-teatro-el-popular-Historias-para-ser-amadas-2-819x1024.jpeg\" alt=\"\" class=\"wp-image-18828\" srcset=\"https:\/\/sergiolapegue.com\/site\/wp-content\/uploads\/2024\/10\/Programacion-fin-de-semana-teatro-el-popular-Historias-para-ser-amadas-2-819x1024.jpeg 819w, https:\/\/sergiolapegue.com\/site\/wp-content\/uploads\/2024\/10\/Programacion-fin-de-semana-teatro-el-popular-Historias-para-ser-amadas-2-240x300.jpeg 240w, https:\/\/sergiolapegue.com\/site\/wp-content\/uploads\/2024\/10\/Programacion-fin-de-semana-teatro-el-popular-Historias-para-ser-amadas-2-768x960.jpeg 768w, https:\/\/sergiolapegue.com\/site\/wp-content\/uploads\/2024\/10\/Programacion-fin-de-semana-teatro-el-popular-Historias-para-ser-amadas-2-336x420.jpeg 336w, https:\/\/sergiolapegue.com\/site\/wp-content\/uploads\/2024\/10\/Programacion-fin-de-semana-teatro-el-popular-Historias-para-ser-amadas-2-696x870.jpeg 696w, https:\/\/sergiolapegue.com\/site\/wp-content\/uploads\/2024\/10\/Programacion-fin-de-semana-teatro-el-popular-Historias-para-ser-amadas-2.jpeg 830w\" sizes=\"auto, (max-width: 819px) 100vw, 819px\" \/><\/figure>\n\n\n\n<p><strong>\u201cHISTORIAS PARA SER AMADAS\u201d<\/strong><\/p>\n\n\n\n<p>Historias para ser amadas es un espect\u00e1culo que re\u00fane cuatro obras breves de Florencia Aroldi que indagan, con humor, los v\u00ednculos interpersonales.<\/p>\n\n\n\n<p><strong>Amor impaciente<\/strong><\/p>\n\n\n\n<p>Un psic\u00f3logo le dice a su paciente que no puede seguir atendi\u00e9ndola\u2026 Mayra insistir\u00e1 en conocer la verdadera causa.<\/p>\n\n\n\n<p><strong>Act\u00faan:<\/strong>&nbsp;Guadalupe Farina y Gast\u00f3n Giunta<\/p>\n\n\n\n<p><strong>Direcci\u00f3n:<\/strong>&nbsp;Gustavo Armas<\/p>\n\n\n\n<p><strong>No me contaste<\/strong><\/p>\n\n\n\n<p>Una pareja se debate entre hablar o no hablar sobre lo que en realidad les est\u00e1 pasando.<br><strong>Act\u00faan:<\/strong>&nbsp;Macarena Gonz\u00e1lez y Alejandro Szadusrki<\/p>\n\n\n\n<p><strong>Direcci\u00f3n:<\/strong>&nbsp;Florencia Aroldi<\/p>\n\n\n\n<p><strong>Sal de Himalaya<\/strong><\/p>\n\n\n\n<p>Dos amigos acuden a una empresa para contratar un servicio de inmortalidad por un tiempo determinado, pero uno de ellos se arrepiente y el otro no puede adquirir la promoci\u00f3n de 2\u00d71.<\/p>\n\n\n\n<p><strong>Act\u00faan:<\/strong>&nbsp;India Zamero, Omar Zaid y Guillermo Montes<\/p>\n\n\n\n<p><strong>Direcci\u00f3n:<\/strong>&nbsp;Leonel Meunier<\/p>\n\n\n\n<p><strong>Cayetana<br><\/strong>A punto de parir, una madre se arrepiente del nombre que pensaron para su hija por ser el mismo nombre de la enfermera que la est\u00e1 asistiendo. El padre har\u00e1 malabares ling\u00fc\u00edsticos y amorosos para convencerla de que el nombre que eligieron es el mejor nombre para su hija.<\/p>\n\n\n\n<p><strong>Act\u00faan:<\/strong>&nbsp;Magal\u00ed Meli\u00e1 y Martin Navarro<\/p>\n\n\n\n<p><strong>Direcci\u00f3n:<\/strong>&nbsp;D\u00e9bora Longobardi<\/p>\n\n\n\n<p><strong>Entradas:<\/strong>&nbsp;<a href=\"http:\/\/www.alternativateatral.com\/obra91961-historias-para-ser-amadas\" target=\"_blank\" rel=\"noreferrer noopener\">http:\/\/www.alternativateatral.com\/obra91961-historias-para-ser-amadas<\/a><\/p>\n\n\n\n<p><strong>Los viernes y los s\u00e1bados podes disfrutar de buena m\u00fasica \u201cJazz en la antesala\u201d a cargo de Claudio Di Risio<\/strong><\/p>\n\n\n\n<figure class=\"wp-block-image size-large\"><img loading=\"lazy\" decoding=\"async\" width=\"1024\" height=\"1024\" src=\"https:\/\/sergiolapegue.com\/site\/wp-content\/uploads\/2024\/10\/Programacion-Mayo-Teatro-El-Popular-Jazz-en-la-antesala-1024x1024.jpeg\" alt=\"\" class=\"wp-image-18829\" srcset=\"https:\/\/sergiolapegue.com\/site\/wp-content\/uploads\/2024\/10\/Programacion-Mayo-Teatro-El-Popular-Jazz-en-la-antesala-1024x1024.jpeg 1024w, https:\/\/sergiolapegue.com\/site\/wp-content\/uploads\/2024\/10\/Programacion-Mayo-Teatro-El-Popular-Jazz-en-la-antesala-300x300.jpeg 300w, https:\/\/sergiolapegue.com\/site\/wp-content\/uploads\/2024\/10\/Programacion-Mayo-Teatro-El-Popular-Jazz-en-la-antesala-150x150.jpeg 150w, https:\/\/sergiolapegue.com\/site\/wp-content\/uploads\/2024\/10\/Programacion-Mayo-Teatro-El-Popular-Jazz-en-la-antesala-768x768.jpeg 768w, https:\/\/sergiolapegue.com\/site\/wp-content\/uploads\/2024\/10\/Programacion-Mayo-Teatro-El-Popular-Jazz-en-la-antesala-420x420.jpeg 420w, https:\/\/sergiolapegue.com\/site\/wp-content\/uploads\/2024\/10\/Programacion-Mayo-Teatro-El-Popular-Jazz-en-la-antesala-696x696.jpeg 696w, https:\/\/sergiolapegue.com\/site\/wp-content\/uploads\/2024\/10\/Programacion-Mayo-Teatro-El-Popular-Jazz-en-la-antesala-1068x1068.jpeg 1068w, https:\/\/sergiolapegue.com\/site\/wp-content\/uploads\/2024\/10\/Programacion-Mayo-Teatro-El-Popular-Jazz-en-la-antesala.jpeg 1080w\" sizes=\"auto, (max-width: 1024px) 100vw, 1024px\" \/><\/figure>\n\n\n\n<p>\u00a1Llega una hora antes al teatro y disfruta de buena m\u00fasica y deliciosas comidas y bebidas en nuestro bar!<\/p>\n\n\n\n<p><strong>Domingos 20 de octubre \u2013 20:30 horas.&nbsp;<\/strong><\/p>\n\n\n\n<figure class=\"wp-block-image size-full\"><img loading=\"lazy\" decoding=\"async\" width=\"720\" height=\"835\" src=\"https:\/\/sergiolapegue.com\/site\/wp-content\/uploads\/2024\/10\/Programacion-Mayo-Teatro-El-Popular-Marathon.jpeg\" alt=\"\" class=\"wp-image-18830\" srcset=\"https:\/\/sergiolapegue.com\/site\/wp-content\/uploads\/2024\/10\/Programacion-Mayo-Teatro-El-Popular-Marathon.jpeg 720w, https:\/\/sergiolapegue.com\/site\/wp-content\/uploads\/2024\/10\/Programacion-Mayo-Teatro-El-Popular-Marathon-259x300.jpeg 259w, https:\/\/sergiolapegue.com\/site\/wp-content\/uploads\/2024\/10\/Programacion-Mayo-Teatro-El-Popular-Marathon-362x420.jpeg 362w, https:\/\/sergiolapegue.com\/site\/wp-content\/uploads\/2024\/10\/Programacion-Mayo-Teatro-El-Popular-Marathon-696x807.jpeg 696w\" sizes=\"auto, (max-width: 720px) 100vw, 720px\" \/><\/figure>\n\n\n\n<p><strong>Compa\u00f1\u00eda Teatral \u201cEn las nubes\u201d presenta: MARATHON\u2026Si no fuera rid\u00edculo, esto ser\u00eda una tragedia de Ricardo Monti<\/strong><\/p>\n\n\n\n<p>Buenos Aires, d\u00e9cada del 30. Tango y Crisis.<\/p>\n\n\n\n<p>Cinco parejas llevan horas (tal vez d\u00edas) participando de un concurso de baile, que promete un premio desconocido, bailan hasta desfallecer. Un animador y un guardaespaldas que sostienen la maquinaria infrahumana a la que los participantes se sometieron por voluntad propia, y una mujer misteriosa que llega a medianoche generando confusi\u00f3n.<\/p>\n\n\n\n<p>Este es el escenario de lo que podr\u00eda ser una tragedia, si no fuesen tan rid\u00edculas sus circunstancias.<\/p>\n\n\n\n<p><strong>Act\u00faan:<\/strong>&nbsp;Benjam\u00edn De Vedia, Chano Itzcovich, Agust\u00edn Malec, Felipe Mariuzzi Szekely, Milo Messina, Milagros Mocellini, Ciro Pomposiello, Delfina Rey, Camilo S\u00e1nchez Nistal, Camila Truyol, Luc\u00eda Tucci Gim\u00e9nez, Ione Marina Ull\u00faa, Paloma Urquiza.<br><strong>Direcci\u00f3n:<\/strong>&nbsp;Cinthia Demarco<\/p>\n\n\n\n<p><strong>Entradas:<\/strong>&nbsp;<a href=\"https:\/\/www.alternativateatral.com\/obra86248-marathon-si-no-fuera-ridiculo-esto-seria-una-tragedia\" target=\"_blank\" rel=\"noreferrer noopener\">https:\/\/www.alternativateatral.com\/obra86248-marathon-si-no-fuera-ridiculo-esto-seria-una-tragedia<\/a><\/p>\n\n\n\n<figure class=\"wp-block-image size-full is-resized\"><img loading=\"lazy\" decoding=\"async\" width=\"200\" height=\"150\" src=\"https:\/\/sergiolapegue.com\/site\/wp-content\/uploads\/2024\/10\/Programacion-teatro-el-popular-04-10.jpg\" alt=\"\" class=\"wp-image-18831\" style=\"width:336px;height:auto\" srcset=\"https:\/\/sergiolapegue.com\/site\/wp-content\/uploads\/2024\/10\/Programacion-teatro-el-popular-04-10.jpg 200w, https:\/\/sergiolapegue.com\/site\/wp-content\/uploads\/2024\/10\/Programacion-teatro-el-popular-04-10-80x60.jpg 80w\" sizes=\"auto, (max-width: 200px) 100vw, 200px\" \/><\/figure>\n\n\n\n<p><strong>TEATRO EL POPULAR<\/strong><\/p>\n\n\n\n<p>Chile 2080 \u2013 Capital Federal \u2013 Buenos Aires \u2013 Argentina<\/p>\n\n\n\n<p>Tel\u00e9fono: 011 2051-8438<\/p>\n\n\n\n<p>Gracias Maril\u00fa Diz Prensa del Teatro El Popular por hacernos llegar la gacetilla de prensa con toda la informaci\u00f3n de las actividades de este finde semana.<\/p>\n\n\n\n<p><\/p>\n","protected":false},"excerpt":{"rendered":"<p>El Teatro El Popular est\u00e1 dedicado a la promoci\u00f3n, difusi\u00f3n, ense\u00f1anza y producci\u00f3n de teatro argentino, te presenta la programaci\u00f3n que tiene para este fin de semana. Adem\u00e1s te contamos que el Teatro El Popular cuenta con varios talleres, entre ellos: Actuaci\u00f3n para ni\u00f1os; Montaje teatral para adolescentes, j\u00f3venes y adultos; Actuaci\u00f3n para adultos (Principiantes [&hellip;]<\/p>\n","protected":false},"author":3,"featured_media":18831,"comment_status":"open","ping_status":"closed","sticky":false,"template":"","format":"standard","meta":{"footnotes":""},"categories":[34,35],"tags":[],"class_list":{"0":"post-18827","1":"post","2":"type-post","3":"status-publish","4":"format-standard","5":"has-post-thumbnail","7":"category-arte","8":"category-teatro"},"yoast_head":"<!-- This site is optimized with the Yoast SEO plugin v27.5 - https:\/\/yoast.com\/product\/yoast-seo-wordpress\/ -->\n<title>PROGRAMACI\u00d3N FIN DE SEMANA TEATRO EL POPULAR \u2013 DEL 25\/10\/2024 AL 27\/10\/2024 - Sergio Lapegue<\/title>\n<meta name=\"robots\" content=\"index, follow, max-snippet:-1, max-image-preview:large, max-video-preview:-1\" \/>\n<link rel=\"canonical\" href=\"https:\/\/sergiolapegue.com\/site\/2024\/10\/25\/programacion-fin-de-semana-teatro-el-popular-del-25-10-2024-al-27-10-2024\/\" \/>\n<meta property=\"og:locale\" content=\"es_ES\" \/>\n<meta property=\"og:type\" content=\"article\" \/>\n<meta property=\"og:title\" content=\"PROGRAMACI\u00d3N FIN DE SEMANA TEATRO EL POPULAR \u2013 DEL 25\/10\/2024 AL 27\/10\/2024 - Sergio Lapegue\" \/>\n<meta property=\"og:description\" content=\"El Teatro El Popular est\u00e1 dedicado a la promoci\u00f3n, difusi\u00f3n, ense\u00f1anza y producci\u00f3n de teatro argentino, te presenta la programaci\u00f3n que tiene para este fin de semana. Adem\u00e1s te contamos que el Teatro El Popular cuenta con varios talleres, entre ellos: Actuaci\u00f3n para ni\u00f1os; Montaje teatral para adolescentes, j\u00f3venes y adultos; Actuaci\u00f3n para adultos (Principiantes [&hellip;]\" \/>\n<meta property=\"og:url\" content=\"https:\/\/sergiolapegue.com\/site\/2024\/10\/25\/programacion-fin-de-semana-teatro-el-popular-del-25-10-2024-al-27-10-2024\/\" \/>\n<meta property=\"og:site_name\" content=\"Sergio Lapegue\" \/>\n<meta property=\"article:publisher\" content=\"https:\/\/facebook.com\/sergiolapegue\" \/>\n<meta property=\"article:author\" content=\"https:\/\/facebook.com\/danielernesto.montana\" \/>\n<meta property=\"article:published_time\" content=\"2024-10-25T04:00:00+00:00\" \/>\n<meta property=\"og:image\" content=\"https:\/\/sergiolapegue.com\/site\/wp-content\/uploads\/2024\/10\/Programacion-teatro-el-popular-04-10.jpg\" \/>\n\t<meta property=\"og:image:width\" content=\"200\" \/>\n\t<meta property=\"og:image:height\" content=\"150\" \/>\n\t<meta property=\"og:image:type\" content=\"image\/jpeg\" \/>\n<meta name=\"author\" content=\"Daniel E. Monta\u00f1a\" \/>\n<meta name=\"twitter:card\" content=\"summary_large_image\" \/>\n<meta name=\"twitter:creator\" content=\"@https:\/\/twitter.com\/daner_004\" \/>\n<meta name=\"twitter:site\" content=\"@sergiolapegue\" \/>\n<meta name=\"twitter:label1\" content=\"Escrito por\" \/>\n\t<meta name=\"twitter:data1\" content=\"Daniel E. Monta\u00f1a\" \/>\n\t<meta name=\"twitter:label2\" content=\"Tiempo de lectura\" \/>\n\t<meta name=\"twitter:data2\" content=\"4 minutos\" \/>\n<script type=\"application\/ld+json\" class=\"yoast-schema-graph\">{\"@context\":\"https:\\\/\\\/schema.org\",\"@graph\":[{\"@type\":\"Article\",\"@id\":\"https:\\\/\\\/sergiolapegue.com\\\/site\\\/2024\\\/10\\\/25\\\/programacion-fin-de-semana-teatro-el-popular-del-25-10-2024-al-27-10-2024\\\/#article\",\"isPartOf\":{\"@id\":\"https:\\\/\\\/sergiolapegue.com\\\/site\\\/2024\\\/10\\\/25\\\/programacion-fin-de-semana-teatro-el-popular-del-25-10-2024-al-27-10-2024\\\/\"},\"author\":{\"name\":\"Daniel E. Monta\u00f1a\",\"@id\":\"https:\\\/\\\/sergiolapegue.com\\\/site\\\/#\\\/schema\\\/person\\\/9198e7dbab43c6d74d0fd5399af7c3cd\"},\"headline\":\"PROGRAMACI\u00d3N FIN DE SEMANA TEATRO EL POPULAR \u2013 DEL 25\\\/10\\\/2024 AL 27\\\/10\\\/2024\",\"datePublished\":\"2024-10-25T04:00:00+00:00\",\"mainEntityOfPage\":{\"@id\":\"https:\\\/\\\/sergiolapegue.com\\\/site\\\/2024\\\/10\\\/25\\\/programacion-fin-de-semana-teatro-el-popular-del-25-10-2024-al-27-10-2024\\\/\"},\"wordCount\":577,\"commentCount\":0,\"publisher\":{\"@id\":\"https:\\\/\\\/sergiolapegue.com\\\/site\\\/#\\\/schema\\\/person\\\/083aeceeb0734cd166779ea6c0551a37\"},\"image\":{\"@id\":\"https:\\\/\\\/sergiolapegue.com\\\/site\\\/2024\\\/10\\\/25\\\/programacion-fin-de-semana-teatro-el-popular-del-25-10-2024-al-27-10-2024\\\/#primaryimage\"},\"thumbnailUrl\":\"https:\\\/\\\/sergiolapegue.com\\\/site\\\/wp-content\\\/uploads\\\/2024\\\/10\\\/Programacion-teatro-el-popular-04-10.jpg\",\"articleSection\":[\"Arte\",\"Teatro\"],\"inLanguage\":\"es-AR\",\"potentialAction\":[{\"@type\":\"CommentAction\",\"name\":\"Comment\",\"target\":[\"https:\\\/\\\/sergiolapegue.com\\\/site\\\/2024\\\/10\\\/25\\\/programacion-fin-de-semana-teatro-el-popular-del-25-10-2024-al-27-10-2024\\\/#respond\"]}]},{\"@type\":\"WebPage\",\"@id\":\"https:\\\/\\\/sergiolapegue.com\\\/site\\\/2024\\\/10\\\/25\\\/programacion-fin-de-semana-teatro-el-popular-del-25-10-2024-al-27-10-2024\\\/\",\"url\":\"https:\\\/\\\/sergiolapegue.com\\\/site\\\/2024\\\/10\\\/25\\\/programacion-fin-de-semana-teatro-el-popular-del-25-10-2024-al-27-10-2024\\\/\",\"name\":\"PROGRAMACI\u00d3N FIN DE SEMANA TEATRO EL POPULAR \u2013 DEL 25\\\/10\\\/2024 AL 27\\\/10\\\/2024 - Sergio Lapegue\",\"isPartOf\":{\"@id\":\"https:\\\/\\\/sergiolapegue.com\\\/site\\\/#website\"},\"primaryImageOfPage\":{\"@id\":\"https:\\\/\\\/sergiolapegue.com\\\/site\\\/2024\\\/10\\\/25\\\/programacion-fin-de-semana-teatro-el-popular-del-25-10-2024-al-27-10-2024\\\/#primaryimage\"},\"image\":{\"@id\":\"https:\\\/\\\/sergiolapegue.com\\\/site\\\/2024\\\/10\\\/25\\\/programacion-fin-de-semana-teatro-el-popular-del-25-10-2024-al-27-10-2024\\\/#primaryimage\"},\"thumbnailUrl\":\"https:\\\/\\\/sergiolapegue.com\\\/site\\\/wp-content\\\/uploads\\\/2024\\\/10\\\/Programacion-teatro-el-popular-04-10.jpg\",\"datePublished\":\"2024-10-25T04:00:00+00:00\",\"breadcrumb\":{\"@id\":\"https:\\\/\\\/sergiolapegue.com\\\/site\\\/2024\\\/10\\\/25\\\/programacion-fin-de-semana-teatro-el-popular-del-25-10-2024-al-27-10-2024\\\/#breadcrumb\"},\"inLanguage\":\"es-AR\",\"potentialAction\":[{\"@type\":\"ReadAction\",\"target\":[\"https:\\\/\\\/sergiolapegue.com\\\/site\\\/2024\\\/10\\\/25\\\/programacion-fin-de-semana-teatro-el-popular-del-25-10-2024-al-27-10-2024\\\/\"]}]},{\"@type\":\"ImageObject\",\"inLanguage\":\"es-AR\",\"@id\":\"https:\\\/\\\/sergiolapegue.com\\\/site\\\/2024\\\/10\\\/25\\\/programacion-fin-de-semana-teatro-el-popular-del-25-10-2024-al-27-10-2024\\\/#primaryimage\",\"url\":\"https:\\\/\\\/sergiolapegue.com\\\/site\\\/wp-content\\\/uploads\\\/2024\\\/10\\\/Programacion-teatro-el-popular-04-10.jpg\",\"contentUrl\":\"https:\\\/\\\/sergiolapegue.com\\\/site\\\/wp-content\\\/uploads\\\/2024\\\/10\\\/Programacion-teatro-el-popular-04-10.jpg\",\"width\":200,\"height\":150},{\"@type\":\"BreadcrumbList\",\"@id\":\"https:\\\/\\\/sergiolapegue.com\\\/site\\\/2024\\\/10\\\/25\\\/programacion-fin-de-semana-teatro-el-popular-del-25-10-2024-al-27-10-2024\\\/#breadcrumb\",\"itemListElement\":[{\"@type\":\"ListItem\",\"position\":1,\"name\":\"Inicio\",\"item\":\"https:\\\/\\\/sergiolapegue.com\\\/site\\\/\"},{\"@type\":\"ListItem\",\"position\":2,\"name\":\"PROGRAMACI\u00d3N FIN DE SEMANA TEATRO EL POPULAR \u2013 DEL 25\\\/10\\\/2024 AL 27\\\/10\\\/2024\"}]},{\"@type\":\"WebSite\",\"@id\":\"https:\\\/\\\/sergiolapegue.com\\\/site\\\/#website\",\"url\":\"https:\\\/\\\/sergiolapegue.com\\\/site\\\/\",\"name\":\"Sergio Lapegue\",\"description\":\"Periodista\",\"publisher\":{\"@id\":\"https:\\\/\\\/sergiolapegue.com\\\/site\\\/#\\\/schema\\\/person\\\/083aeceeb0734cd166779ea6c0551a37\"},\"potentialAction\":[{\"@type\":\"SearchAction\",\"target\":{\"@type\":\"EntryPoint\",\"urlTemplate\":\"https:\\\/\\\/sergiolapegue.com\\\/site\\\/?s={search_term_string}\"},\"query-input\":{\"@type\":\"PropertyValueSpecification\",\"valueRequired\":true,\"valueName\":\"search_term_string\"}}],\"inLanguage\":\"es-AR\"},{\"@type\":[\"Person\",\"Organization\"],\"@id\":\"https:\\\/\\\/sergiolapegue.com\\\/site\\\/#\\\/schema\\\/person\\\/083aeceeb0734cd166779ea6c0551a37\",\"name\":\"Sergio Lapegue\",\"image\":{\"@type\":\"ImageObject\",\"inLanguage\":\"es-AR\",\"@id\":\"https:\\\/\\\/sergiolapegue.com\\\/site\\\/wp-content\\\/uploads\\\/2021\\\/04\\\/logo_header-1.png\",\"url\":\"https:\\\/\\\/sergiolapegue.com\\\/site\\\/wp-content\\\/uploads\\\/2021\\\/04\\\/logo_header-1.png\",\"contentUrl\":\"https:\\\/\\\/sergiolapegue.com\\\/site\\\/wp-content\\\/uploads\\\/2021\\\/04\\\/logo_header-1.png\",\"width\":272,\"height\":90,\"caption\":\"Sergio Lapegue\"},\"logo\":{\"@id\":\"https:\\\/\\\/sergiolapegue.com\\\/site\\\/wp-content\\\/uploads\\\/2021\\\/04\\\/logo_header-1.png\"},\"sameAs\":[\"https:\\\/\\\/facebook.com\\\/sergiolapegue\",\"https:\\\/\\\/instagram.com\\\/sergiolapegue\",\"https:\\\/\\\/x.com\\\/https:\\\/\\\/twitter.com\\\/sergiolapegue\"]},{\"@type\":\"Person\",\"@id\":\"https:\\\/\\\/sergiolapegue.com\\\/site\\\/#\\\/schema\\\/person\\\/9198e7dbab43c6d74d0fd5399af7c3cd\",\"name\":\"Daniel E. Monta\u00f1a\",\"image\":{\"@type\":\"ImageObject\",\"inLanguage\":\"es-AR\",\"@id\":\"https:\\\/\\\/sergiolapegue.com\\\/site\\\/wp-content\\\/uploads\\\/2021\\\/04\\\/sl_avatar_Daniel-150x150.jpg\",\"url\":\"https:\\\/\\\/sergiolapegue.com\\\/site\\\/wp-content\\\/uploads\\\/2021\\\/04\\\/sl_avatar_Daniel-150x150.jpg\",\"contentUrl\":\"https:\\\/\\\/sergiolapegue.com\\\/site\\\/wp-content\\\/uploads\\\/2021\\\/04\\\/sl_avatar_Daniel-150x150.jpg\",\"caption\":\"Daniel E. Monta\u00f1a\"},\"sameAs\":[\"https:\\\/\\\/facebook.com\\\/danielernesto.montana\",\"https:\\\/\\\/instagram.com\\\/daniel_montana1961\",\"https:\\\/\\\/x.com\\\/https:\\\/\\\/twitter.com\\\/daner_004\"],\"url\":\"https:\\\/\\\/sergiolapegue.com\\\/site\\\/author\\\/daniel\\\/\"}]}<\/script>\n<!-- \/ Yoast SEO plugin. -->","yoast_head_json":{"title":"PROGRAMACI\u00d3N FIN DE SEMANA TEATRO EL POPULAR \u2013 DEL 25\/10\/2024 AL 27\/10\/2024 - Sergio Lapegue","robots":{"index":"index","follow":"follow","max-snippet":"max-snippet:-1","max-image-preview":"max-image-preview:large","max-video-preview":"max-video-preview:-1"},"canonical":"https:\/\/sergiolapegue.com\/site\/2024\/10\/25\/programacion-fin-de-semana-teatro-el-popular-del-25-10-2024-al-27-10-2024\/","og_locale":"es_ES","og_type":"article","og_title":"PROGRAMACI\u00d3N FIN DE SEMANA TEATRO EL POPULAR \u2013 DEL 25\/10\/2024 AL 27\/10\/2024 - Sergio Lapegue","og_description":"El Teatro El Popular est\u00e1 dedicado a la promoci\u00f3n, difusi\u00f3n, ense\u00f1anza y producci\u00f3n de teatro argentino, te presenta la programaci\u00f3n que tiene para este fin de semana. Adem\u00e1s te contamos que el Teatro El Popular cuenta con varios talleres, entre ellos: Actuaci\u00f3n para ni\u00f1os; Montaje teatral para adolescentes, j\u00f3venes y adultos; Actuaci\u00f3n para adultos (Principiantes [&hellip;]","og_url":"https:\/\/sergiolapegue.com\/site\/2024\/10\/25\/programacion-fin-de-semana-teatro-el-popular-del-25-10-2024-al-27-10-2024\/","og_site_name":"Sergio Lapegue","article_publisher":"https:\/\/facebook.com\/sergiolapegue","article_author":"https:\/\/facebook.com\/danielernesto.montana","article_published_time":"2024-10-25T04:00:00+00:00","og_image":[{"width":200,"height":150,"url":"https:\/\/sergiolapegue.com\/site\/wp-content\/uploads\/2024\/10\/Programacion-teatro-el-popular-04-10.jpg","type":"image\/jpeg"}],"author":"Daniel E. Monta\u00f1a","twitter_card":"summary_large_image","twitter_creator":"@https:\/\/twitter.com\/daner_004","twitter_site":"@sergiolapegue","twitter_misc":{"Escrito por":"Daniel E. Monta\u00f1a","Tiempo de lectura":"4 minutos"},"schema":{"@context":"https:\/\/schema.org","@graph":[{"@type":"Article","@id":"https:\/\/sergiolapegue.com\/site\/2024\/10\/25\/programacion-fin-de-semana-teatro-el-popular-del-25-10-2024-al-27-10-2024\/#article","isPartOf":{"@id":"https:\/\/sergiolapegue.com\/site\/2024\/10\/25\/programacion-fin-de-semana-teatro-el-popular-del-25-10-2024-al-27-10-2024\/"},"author":{"name":"Daniel E. Monta\u00f1a","@id":"https:\/\/sergiolapegue.com\/site\/#\/schema\/person\/9198e7dbab43c6d74d0fd5399af7c3cd"},"headline":"PROGRAMACI\u00d3N FIN DE SEMANA TEATRO EL POPULAR \u2013 DEL 25\/10\/2024 AL 27\/10\/2024","datePublished":"2024-10-25T04:00:00+00:00","mainEntityOfPage":{"@id":"https:\/\/sergiolapegue.com\/site\/2024\/10\/25\/programacion-fin-de-semana-teatro-el-popular-del-25-10-2024-al-27-10-2024\/"},"wordCount":577,"commentCount":0,"publisher":{"@id":"https:\/\/sergiolapegue.com\/site\/#\/schema\/person\/083aeceeb0734cd166779ea6c0551a37"},"image":{"@id":"https:\/\/sergiolapegue.com\/site\/2024\/10\/25\/programacion-fin-de-semana-teatro-el-popular-del-25-10-2024-al-27-10-2024\/#primaryimage"},"thumbnailUrl":"https:\/\/sergiolapegue.com\/site\/wp-content\/uploads\/2024\/10\/Programacion-teatro-el-popular-04-10.jpg","articleSection":["Arte","Teatro"],"inLanguage":"es-AR","potentialAction":[{"@type":"CommentAction","name":"Comment","target":["https:\/\/sergiolapegue.com\/site\/2024\/10\/25\/programacion-fin-de-semana-teatro-el-popular-del-25-10-2024-al-27-10-2024\/#respond"]}]},{"@type":"WebPage","@id":"https:\/\/sergiolapegue.com\/site\/2024\/10\/25\/programacion-fin-de-semana-teatro-el-popular-del-25-10-2024-al-27-10-2024\/","url":"https:\/\/sergiolapegue.com\/site\/2024\/10\/25\/programacion-fin-de-semana-teatro-el-popular-del-25-10-2024-al-27-10-2024\/","name":"PROGRAMACI\u00d3N FIN DE SEMANA TEATRO EL POPULAR \u2013 DEL 25\/10\/2024 AL 27\/10\/2024 - Sergio Lapegue","isPartOf":{"@id":"https:\/\/sergiolapegue.com\/site\/#website"},"primaryImageOfPage":{"@id":"https:\/\/sergiolapegue.com\/site\/2024\/10\/25\/programacion-fin-de-semana-teatro-el-popular-del-25-10-2024-al-27-10-2024\/#primaryimage"},"image":{"@id":"https:\/\/sergiolapegue.com\/site\/2024\/10\/25\/programacion-fin-de-semana-teatro-el-popular-del-25-10-2024-al-27-10-2024\/#primaryimage"},"thumbnailUrl":"https:\/\/sergiolapegue.com\/site\/wp-content\/uploads\/2024\/10\/Programacion-teatro-el-popular-04-10.jpg","datePublished":"2024-10-25T04:00:00+00:00","breadcrumb":{"@id":"https:\/\/sergiolapegue.com\/site\/2024\/10\/25\/programacion-fin-de-semana-teatro-el-popular-del-25-10-2024-al-27-10-2024\/#breadcrumb"},"inLanguage":"es-AR","potentialAction":[{"@type":"ReadAction","target":["https:\/\/sergiolapegue.com\/site\/2024\/10\/25\/programacion-fin-de-semana-teatro-el-popular-del-25-10-2024-al-27-10-2024\/"]}]},{"@type":"ImageObject","inLanguage":"es-AR","@id":"https:\/\/sergiolapegue.com\/site\/2024\/10\/25\/programacion-fin-de-semana-teatro-el-popular-del-25-10-2024-al-27-10-2024\/#primaryimage","url":"https:\/\/sergiolapegue.com\/site\/wp-content\/uploads\/2024\/10\/Programacion-teatro-el-popular-04-10.jpg","contentUrl":"https:\/\/sergiolapegue.com\/site\/wp-content\/uploads\/2024\/10\/Programacion-teatro-el-popular-04-10.jpg","width":200,"height":150},{"@type":"BreadcrumbList","@id":"https:\/\/sergiolapegue.com\/site\/2024\/10\/25\/programacion-fin-de-semana-teatro-el-popular-del-25-10-2024-al-27-10-2024\/#breadcrumb","itemListElement":[{"@type":"ListItem","position":1,"name":"Inicio","item":"https:\/\/sergiolapegue.com\/site\/"},{"@type":"ListItem","position":2,"name":"PROGRAMACI\u00d3N FIN DE SEMANA TEATRO EL POPULAR \u2013 DEL 25\/10\/2024 AL 27\/10\/2024"}]},{"@type":"WebSite","@id":"https:\/\/sergiolapegue.com\/site\/#website","url":"https:\/\/sergiolapegue.com\/site\/","name":"Sergio Lapegue","description":"Periodista","publisher":{"@id":"https:\/\/sergiolapegue.com\/site\/#\/schema\/person\/083aeceeb0734cd166779ea6c0551a37"},"potentialAction":[{"@type":"SearchAction","target":{"@type":"EntryPoint","urlTemplate":"https:\/\/sergiolapegue.com\/site\/?s={search_term_string}"},"query-input":{"@type":"PropertyValueSpecification","valueRequired":true,"valueName":"search_term_string"}}],"inLanguage":"es-AR"},{"@type":["Person","Organization"],"@id":"https:\/\/sergiolapegue.com\/site\/#\/schema\/person\/083aeceeb0734cd166779ea6c0551a37","name":"Sergio Lapegue","image":{"@type":"ImageObject","inLanguage":"es-AR","@id":"https:\/\/sergiolapegue.com\/site\/wp-content\/uploads\/2021\/04\/logo_header-1.png","url":"https:\/\/sergiolapegue.com\/site\/wp-content\/uploads\/2021\/04\/logo_header-1.png","contentUrl":"https:\/\/sergiolapegue.com\/site\/wp-content\/uploads\/2021\/04\/logo_header-1.png","width":272,"height":90,"caption":"Sergio Lapegue"},"logo":{"@id":"https:\/\/sergiolapegue.com\/site\/wp-content\/uploads\/2021\/04\/logo_header-1.png"},"sameAs":["https:\/\/facebook.com\/sergiolapegue","https:\/\/instagram.com\/sergiolapegue","https:\/\/x.com\/https:\/\/twitter.com\/sergiolapegue"]},{"@type":"Person","@id":"https:\/\/sergiolapegue.com\/site\/#\/schema\/person\/9198e7dbab43c6d74d0fd5399af7c3cd","name":"Daniel E. Monta\u00f1a","image":{"@type":"ImageObject","inLanguage":"es-AR","@id":"https:\/\/sergiolapegue.com\/site\/wp-content\/uploads\/2021\/04\/sl_avatar_Daniel-150x150.jpg","url":"https:\/\/sergiolapegue.com\/site\/wp-content\/uploads\/2021\/04\/sl_avatar_Daniel-150x150.jpg","contentUrl":"https:\/\/sergiolapegue.com\/site\/wp-content\/uploads\/2021\/04\/sl_avatar_Daniel-150x150.jpg","caption":"Daniel E. Monta\u00f1a"},"sameAs":["https:\/\/facebook.com\/danielernesto.montana","https:\/\/instagram.com\/daniel_montana1961","https:\/\/x.com\/https:\/\/twitter.com\/daner_004"],"url":"https:\/\/sergiolapegue.com\/site\/author\/daniel\/"}]}},"_links":{"self":[{"href":"https:\/\/sergiolapegue.com\/site\/wp-json\/wp\/v2\/posts\/18827","targetHints":{"allow":["GET"]}}],"collection":[{"href":"https:\/\/sergiolapegue.com\/site\/wp-json\/wp\/v2\/posts"}],"about":[{"href":"https:\/\/sergiolapegue.com\/site\/wp-json\/wp\/v2\/types\/post"}],"author":[{"embeddable":true,"href":"https:\/\/sergiolapegue.com\/site\/wp-json\/wp\/v2\/users\/3"}],"replies":[{"embeddable":true,"href":"https:\/\/sergiolapegue.com\/site\/wp-json\/wp\/v2\/comments?post=18827"}],"version-history":[{"count":1,"href":"https:\/\/sergiolapegue.com\/site\/wp-json\/wp\/v2\/posts\/18827\/revisions"}],"predecessor-version":[{"id":18832,"href":"https:\/\/sergiolapegue.com\/site\/wp-json\/wp\/v2\/posts\/18827\/revisions\/18832"}],"wp:featuredmedia":[{"embeddable":true,"href":"https:\/\/sergiolapegue.com\/site\/wp-json\/wp\/v2\/media\/18831"}],"wp:attachment":[{"href":"https:\/\/sergiolapegue.com\/site\/wp-json\/wp\/v2\/media?parent=18827"}],"wp:term":[{"taxonomy":"category","embeddable":true,"href":"https:\/\/sergiolapegue.com\/site\/wp-json\/wp\/v2\/categories?post=18827"},{"taxonomy":"post_tag","embeddable":true,"href":"https:\/\/sergiolapegue.com\/site\/wp-json\/wp\/v2\/tags?post=18827"}],"curies":[{"name":"wp","href":"https:\/\/api.w.org\/{rel}","templated":true}]}}