{"id":18776,"date":"2024-10-22T03:00:00","date_gmt":"2024-10-22T06:00:00","guid":{"rendered":"https:\/\/sergiolapegue.com\/site\/?p=18776"},"modified":"2024-10-22T01:52:40","modified_gmt":"2024-10-22T04:52:40","slug":"diego-sabattini-regresa-a-la-calle-corrientes","status":"publish","type":"post","link":"https:\/\/sergiolapegue.com\/site\/2024\/10\/22\/diego-sabattini-regresa-a-la-calle-corrientes\/","title":{"rendered":"DIEGO SABATTINI REGRESA A LA CALLE CORRIENTES"},"content":{"rendered":"\n<p>A dos a\u00f1os despu\u00e9s de haber cumplido su sue\u00f1o de presentarse en calle Corrientes,&nbsp;Diego Sabattini&nbsp;regresa al&nbsp;Teatro Astros&nbsp;el 3 de noviembre con un espect\u00e1culo llamado &#8220;Por ustedes&#8221;. Este show, dedicado a su fiel p\u00fablico, incluir\u00e1 nuevas composiciones junto con los cl\u00e1sicos que han marcado su carrera, prometiendo una velada inolvidable de m\u00fasica y gratitud hacia quienes lo han acompa\u00f1ado en este viaje.<\/p>\n\n\n\n<p>\u201cMe llena de emoci\u00f3n anunciar mi regreso al emblem\u00e1tico Teatro Astros, en la calle Corrientes. Este regreso es especialmente significativo para m\u00ed, ya que en nuestra \u00faltima presentaci\u00f3n celebramos 30 a\u00f1os de trayectoria musical junto a mis seguidores y presentamos mi \u00faltimo \u00e1lbum, &#8220;Canciones para amar&#8221;. Ser\u00e1 una noche llena de emociones y estoy ansioso por reencontrarme con el p\u00fablico\u201d, comenta Diego Sabattini.<\/p>\n\n\n\n<p><strong>Link de video en YouTube<\/strong><strong><\/strong><\/p>\n\n\n\n<p><a href=\"https:\/\/youtube.com\/@diegosabattinioficial4286?si=igxST0OL2qPaC1Ng\">https:\/\/youtube.com\/@diegosabattinioficial4286?si=igxST0OL2qPaC1Ng<\/a><\/p>\n\n\n\n<figure class=\"wp-block-embed is-type-video is-provider-youtube wp-block-embed-youtube wp-embed-aspect-16-9 wp-has-aspect-ratio\"><div class=\"wp-block-embed__wrapper\">\n<iframe loading=\"lazy\" title=\"Diego Sabattini &quot;Despu\u00e9s de ti qu\u00e9 &quot; (Video Oficial)\" width=\"696\" height=\"392\" src=\"https:\/\/www.youtube.com\/embed\/Xurx2Ks-zzM?feature=oembed\" frameborder=\"0\" allow=\"accelerometer; autoplay; clipboard-write; encrypted-media; gyroscope; picture-in-picture; web-share\" referrerpolicy=\"strict-origin-when-cross-origin\" allowfullscreen><\/iframe>\n<\/div><\/figure>\n\n\n\n<p><strong>SOBRE DIEGO SABATTINI<\/strong><\/p>\n\n\n\n<p>Se uni\u00f3 a la nueva generaci\u00f3n de artistas de la emblem\u00e1tica compa\u00f1\u00eda discogr\u00e1fica CBS (Sony Music) en 1990, a la temprana edad de diecisiete a\u00f1os, bajo la direcci\u00f3n del reconocido productor Rub\u00e9n Aguilera. En los legendarios estudios de Sandro en Banfield, grab\u00f3 su primer disco, marcando el inicio de una carrera musical extraordinaria.<\/p>\n\n\n\n<p>Su debut televisivo lleg\u00f3 de la mano del programa &#8220;Final\u00edsima&#8221; en el antiguo canal 9, conducido por el inolvidable Leonardo Simons. Desde entonces, ha realizado numerosas giras tanto dentro como fuera del pa\u00eds, consolidando su reputaci\u00f3n en diversos escenarios. Radicado durante varios a\u00f1os en el norte de Argentina, trabaj\u00f3 incansablemente llevando su m\u00fasica a audiencias diversas y apasionadas.<br>Con el apoyo de&nbsp;Sandro, a\u00f1os m\u00e1s tarde grab\u00f3 el \u00e1lbum &#8220;Mil noches, mil ma\u00f1anas&#8221; en el extranjero, seguido por varios \u00e1lbumes que destacan por su estilo \u00fanico y perdurable.<br>Desde sus primeros d\u00edas en la industria,&nbsp;Diego Sabattini&nbsp;siempre so\u00f1\u00f3 con cantar en la ic\u00f3nica calle Corrientes. En 2022, ese sue\u00f1o se hizo realidad con la presentaci\u00f3n de su \u00faltimo trabajo discogr\u00e1fico, &#8220;Canciones para amar&#8221;,&nbsp;producido y arreglado magistralmente por Daniel Vil\u00e1.<\/p>\n\n\n\n<p><strong>Links de redes sociales<\/strong><strong><\/strong><\/p>\n\n\n\n<p><a href=\"http:\/\/instagram.com\/sabattinidiego\/\">instagram.com\/sabattinidiego\/<\/a><\/p>\n\n\n\n<p><a href=\"https:\/\/www.facebook.com\/diegosabattiniok\/?locale=es_LA\">diegosabattiniok Facebook<\/a><\/p>\n\n\n\n<figure class=\"wp-block-image size-large\"><img loading=\"lazy\" decoding=\"async\" width=\"1024\" height=\"680\" src=\"https:\/\/sergiolapegue.com\/site\/wp-content\/uploads\/2024\/10\/Diego-Sabattini-regresa-a-la-calle-corrientes-2-1024x680.jpg\" alt=\"\" class=\"wp-image-18777\" srcset=\"https:\/\/sergiolapegue.com\/site\/wp-content\/uploads\/2024\/10\/Diego-Sabattini-regresa-a-la-calle-corrientes-2-1024x680.jpg 1024w, https:\/\/sergiolapegue.com\/site\/wp-content\/uploads\/2024\/10\/Diego-Sabattini-regresa-a-la-calle-corrientes-2-300x199.jpg 300w, https:\/\/sergiolapegue.com\/site\/wp-content\/uploads\/2024\/10\/Diego-Sabattini-regresa-a-la-calle-corrientes-2-768x510.jpg 768w, https:\/\/sergiolapegue.com\/site\/wp-content\/uploads\/2024\/10\/Diego-Sabattini-regresa-a-la-calle-corrientes-2-1536x1020.jpg 1536w, https:\/\/sergiolapegue.com\/site\/wp-content\/uploads\/2024\/10\/Diego-Sabattini-regresa-a-la-calle-corrientes-2-2048x1360.jpg 2048w, https:\/\/sergiolapegue.com\/site\/wp-content\/uploads\/2024\/10\/Diego-Sabattini-regresa-a-la-calle-corrientes-2-632x420.jpg 632w, https:\/\/sergiolapegue.com\/site\/wp-content\/uploads\/2024\/10\/Diego-Sabattini-regresa-a-la-calle-corrientes-2-696x462.jpg 696w, https:\/\/sergiolapegue.com\/site\/wp-content\/uploads\/2024\/10\/Diego-Sabattini-regresa-a-la-calle-corrientes-2-1068x709.jpg 1068w, https:\/\/sergiolapegue.com\/site\/wp-content\/uploads\/2024\/10\/Diego-Sabattini-regresa-a-la-calle-corrientes-2-1920x1275.jpg 1920w\" sizes=\"auto, (max-width: 1024px) 100vw, 1024px\" \/><\/figure>\n\n\n\n<p><strong>TEATRO ASTROS<\/strong><\/p>\n\n\n\n<p>Av. Corrientes 746 \u2013 Capital Federal \u2013 Buenos Aires \u2013 Argentina<\/p>\n\n\n\n<p>Entradas: Desde $ 11.000 a $ 13.000 \u2013 en boleter\u00eda del teatro o por Passline \u2013 Link:<\/p>\n\n\n\n<p><a href=\"https:\/\/www.passline.com\/eventos\/diego-sabattini-por-ustedes-279882\">https:\/\/www.passline.com\/eventos\/diego-sabattini-por-ustedes-279882<\/a><\/p>\n\n\n\n<p>Funci\u00f3n: 03 de Noviembre \u2013 20:30 horas<\/p>\n\n\n\n<p>Gracias Marcela N\u00fa\u00f1ez por enviarnos la gacetilla de prensa del nuevo espect\u00e1culo que realizar\u00e1 Diego Sabattini en el Teatro Astros.<\/p>\n\n\n\n<p><\/p>\n","protected":false},"excerpt":{"rendered":"<p>A dos a\u00f1os despu\u00e9s de haber cumplido su sue\u00f1o de presentarse en calle Corrientes,&nbsp;Diego Sabattini&nbsp;regresa al&nbsp;Teatro Astros&nbsp;el 3 de noviembre con un espect\u00e1culo llamado &#8220;Por ustedes&#8221;. Este show, dedicado a su fiel p\u00fablico, incluir\u00e1 nuevas composiciones junto con los cl\u00e1sicos que han marcado su carrera, prometiendo una velada inolvidable de m\u00fasica y gratitud hacia quienes [&hellip;]<\/p>\n","protected":false},"author":3,"featured_media":18778,"comment_status":"open","ping_status":"closed","sticky":false,"template":"","format":"standard","meta":{"footnotes":""},"categories":[34,56],"tags":[],"class_list":{"0":"post-18776","1":"post","2":"type-post","3":"status-publish","4":"format-standard","5":"has-post-thumbnail","7":"category-arte","8":"category-musica"},"yoast_head":"<!-- This site is optimized with the Yoast SEO plugin v27.5 - https:\/\/yoast.com\/product\/yoast-seo-wordpress\/ -->\n<title>DIEGO SABATTINI REGRESA A LA CALLE CORRIENTES - Sergio Lapegue<\/title>\n<meta name=\"robots\" content=\"index, follow, max-snippet:-1, max-image-preview:large, max-video-preview:-1\" \/>\n<link rel=\"canonical\" href=\"https:\/\/sergiolapegue.com\/site\/2024\/10\/22\/diego-sabattini-regresa-a-la-calle-corrientes\/\" \/>\n<meta property=\"og:locale\" content=\"es_ES\" \/>\n<meta property=\"og:type\" content=\"article\" \/>\n<meta property=\"og:title\" content=\"DIEGO SABATTINI REGRESA A LA CALLE CORRIENTES - Sergio Lapegue\" \/>\n<meta property=\"og:description\" content=\"A dos a\u00f1os despu\u00e9s de haber cumplido su sue\u00f1o de presentarse en calle Corrientes,&nbsp;Diego Sabattini&nbsp;regresa al&nbsp;Teatro Astros&nbsp;el 3 de noviembre con un espect\u00e1culo llamado &#8220;Por ustedes&#8221;. Este show, dedicado a su fiel p\u00fablico, incluir\u00e1 nuevas composiciones junto con los cl\u00e1sicos que han marcado su carrera, prometiendo una velada inolvidable de m\u00fasica y gratitud hacia quienes [&hellip;]\" \/>\n<meta property=\"og:url\" content=\"https:\/\/sergiolapegue.com\/site\/2024\/10\/22\/diego-sabattini-regresa-a-la-calle-corrientes\/\" \/>\n<meta property=\"og:site_name\" content=\"Sergio Lapegue\" \/>\n<meta property=\"article:publisher\" content=\"https:\/\/facebook.com\/sergiolapegue\" \/>\n<meta property=\"article:author\" content=\"https:\/\/facebook.com\/danielernesto.montana\" \/>\n<meta property=\"article:published_time\" content=\"2024-10-22T06:00:00+00:00\" \/>\n<meta property=\"og:image\" content=\"https:\/\/sergiolapegue.com\/site\/wp-content\/uploads\/2024\/10\/Diego-Sabattini-regresa-a-la-calle-corrientes.jpeg\" \/>\n\t<meta property=\"og:image:width\" content=\"708\" \/>\n\t<meta property=\"og:image:height\" content=\"707\" \/>\n\t<meta property=\"og:image:type\" content=\"image\/jpeg\" \/>\n<meta name=\"author\" content=\"Daniel E. Monta\u00f1a\" \/>\n<meta name=\"twitter:card\" content=\"summary_large_image\" \/>\n<meta name=\"twitter:creator\" content=\"@https:\/\/twitter.com\/daner_004\" \/>\n<meta name=\"twitter:site\" content=\"@sergiolapegue\" \/>\n<meta name=\"twitter:label1\" content=\"Escrito por\" \/>\n\t<meta name=\"twitter:data1\" content=\"Daniel E. Monta\u00f1a\" \/>\n\t<meta name=\"twitter:label2\" content=\"Tiempo de lectura\" \/>\n\t<meta name=\"twitter:data2\" content=\"3 minutos\" \/>\n<script type=\"application\/ld+json\" class=\"yoast-schema-graph\">{\"@context\":\"https:\\\/\\\/schema.org\",\"@graph\":[{\"@type\":\"Article\",\"@id\":\"https:\\\/\\\/sergiolapegue.com\\\/site\\\/2024\\\/10\\\/22\\\/diego-sabattini-regresa-a-la-calle-corrientes\\\/#article\",\"isPartOf\":{\"@id\":\"https:\\\/\\\/sergiolapegue.com\\\/site\\\/2024\\\/10\\\/22\\\/diego-sabattini-regresa-a-la-calle-corrientes\\\/\"},\"author\":{\"name\":\"Daniel E. Monta\u00f1a\",\"@id\":\"https:\\\/\\\/sergiolapegue.com\\\/site\\\/#\\\/schema\\\/person\\\/9198e7dbab43c6d74d0fd5399af7c3cd\"},\"headline\":\"DIEGO SABATTINI REGRESA A LA CALLE CORRIENTES\",\"datePublished\":\"2024-10-22T06:00:00+00:00\",\"mainEntityOfPage\":{\"@id\":\"https:\\\/\\\/sergiolapegue.com\\\/site\\\/2024\\\/10\\\/22\\\/diego-sabattini-regresa-a-la-calle-corrientes\\\/\"},\"wordCount\":442,\"commentCount\":0,\"publisher\":{\"@id\":\"https:\\\/\\\/sergiolapegue.com\\\/site\\\/#\\\/schema\\\/person\\\/083aeceeb0734cd166779ea6c0551a37\"},\"image\":{\"@id\":\"https:\\\/\\\/sergiolapegue.com\\\/site\\\/2024\\\/10\\\/22\\\/diego-sabattini-regresa-a-la-calle-corrientes\\\/#primaryimage\"},\"thumbnailUrl\":\"https:\\\/\\\/sergiolapegue.com\\\/site\\\/wp-content\\\/uploads\\\/2024\\\/10\\\/Diego-Sabattini-regresa-a-la-calle-corrientes.jpeg\",\"articleSection\":[\"Arte\",\"M\u00fasica\"],\"inLanguage\":\"es-AR\",\"potentialAction\":[{\"@type\":\"CommentAction\",\"name\":\"Comment\",\"target\":[\"https:\\\/\\\/sergiolapegue.com\\\/site\\\/2024\\\/10\\\/22\\\/diego-sabattini-regresa-a-la-calle-corrientes\\\/#respond\"]}]},{\"@type\":\"WebPage\",\"@id\":\"https:\\\/\\\/sergiolapegue.com\\\/site\\\/2024\\\/10\\\/22\\\/diego-sabattini-regresa-a-la-calle-corrientes\\\/\",\"url\":\"https:\\\/\\\/sergiolapegue.com\\\/site\\\/2024\\\/10\\\/22\\\/diego-sabattini-regresa-a-la-calle-corrientes\\\/\",\"name\":\"DIEGO SABATTINI REGRESA A LA CALLE CORRIENTES - Sergio Lapegue\",\"isPartOf\":{\"@id\":\"https:\\\/\\\/sergiolapegue.com\\\/site\\\/#website\"},\"primaryImageOfPage\":{\"@id\":\"https:\\\/\\\/sergiolapegue.com\\\/site\\\/2024\\\/10\\\/22\\\/diego-sabattini-regresa-a-la-calle-corrientes\\\/#primaryimage\"},\"image\":{\"@id\":\"https:\\\/\\\/sergiolapegue.com\\\/site\\\/2024\\\/10\\\/22\\\/diego-sabattini-regresa-a-la-calle-corrientes\\\/#primaryimage\"},\"thumbnailUrl\":\"https:\\\/\\\/sergiolapegue.com\\\/site\\\/wp-content\\\/uploads\\\/2024\\\/10\\\/Diego-Sabattini-regresa-a-la-calle-corrientes.jpeg\",\"datePublished\":\"2024-10-22T06:00:00+00:00\",\"breadcrumb\":{\"@id\":\"https:\\\/\\\/sergiolapegue.com\\\/site\\\/2024\\\/10\\\/22\\\/diego-sabattini-regresa-a-la-calle-corrientes\\\/#breadcrumb\"},\"inLanguage\":\"es-AR\",\"potentialAction\":[{\"@type\":\"ReadAction\",\"target\":[\"https:\\\/\\\/sergiolapegue.com\\\/site\\\/2024\\\/10\\\/22\\\/diego-sabattini-regresa-a-la-calle-corrientes\\\/\"]}]},{\"@type\":\"ImageObject\",\"inLanguage\":\"es-AR\",\"@id\":\"https:\\\/\\\/sergiolapegue.com\\\/site\\\/2024\\\/10\\\/22\\\/diego-sabattini-regresa-a-la-calle-corrientes\\\/#primaryimage\",\"url\":\"https:\\\/\\\/sergiolapegue.com\\\/site\\\/wp-content\\\/uploads\\\/2024\\\/10\\\/Diego-Sabattini-regresa-a-la-calle-corrientes.jpeg\",\"contentUrl\":\"https:\\\/\\\/sergiolapegue.com\\\/site\\\/wp-content\\\/uploads\\\/2024\\\/10\\\/Diego-Sabattini-regresa-a-la-calle-corrientes.jpeg\",\"width\":708,\"height\":707},{\"@type\":\"BreadcrumbList\",\"@id\":\"https:\\\/\\\/sergiolapegue.com\\\/site\\\/2024\\\/10\\\/22\\\/diego-sabattini-regresa-a-la-calle-corrientes\\\/#breadcrumb\",\"itemListElement\":[{\"@type\":\"ListItem\",\"position\":1,\"name\":\"Inicio\",\"item\":\"https:\\\/\\\/sergiolapegue.com\\\/site\\\/\"},{\"@type\":\"ListItem\",\"position\":2,\"name\":\"DIEGO SABATTINI REGRESA A LA CALLE CORRIENTES\"}]},{\"@type\":\"WebSite\",\"@id\":\"https:\\\/\\\/sergiolapegue.com\\\/site\\\/#website\",\"url\":\"https:\\\/\\\/sergiolapegue.com\\\/site\\\/\",\"name\":\"Sergio Lapegue\",\"description\":\"Periodista\",\"publisher\":{\"@id\":\"https:\\\/\\\/sergiolapegue.com\\\/site\\\/#\\\/schema\\\/person\\\/083aeceeb0734cd166779ea6c0551a37\"},\"potentialAction\":[{\"@type\":\"SearchAction\",\"target\":{\"@type\":\"EntryPoint\",\"urlTemplate\":\"https:\\\/\\\/sergiolapegue.com\\\/site\\\/?s={search_term_string}\"},\"query-input\":{\"@type\":\"PropertyValueSpecification\",\"valueRequired\":true,\"valueName\":\"search_term_string\"}}],\"inLanguage\":\"es-AR\"},{\"@type\":[\"Person\",\"Organization\"],\"@id\":\"https:\\\/\\\/sergiolapegue.com\\\/site\\\/#\\\/schema\\\/person\\\/083aeceeb0734cd166779ea6c0551a37\",\"name\":\"Sergio Lapegue\",\"image\":{\"@type\":\"ImageObject\",\"inLanguage\":\"es-AR\",\"@id\":\"https:\\\/\\\/sergiolapegue.com\\\/site\\\/wp-content\\\/uploads\\\/2021\\\/04\\\/logo_header-1.png\",\"url\":\"https:\\\/\\\/sergiolapegue.com\\\/site\\\/wp-content\\\/uploads\\\/2021\\\/04\\\/logo_header-1.png\",\"contentUrl\":\"https:\\\/\\\/sergiolapegue.com\\\/site\\\/wp-content\\\/uploads\\\/2021\\\/04\\\/logo_header-1.png\",\"width\":272,\"height\":90,\"caption\":\"Sergio Lapegue\"},\"logo\":{\"@id\":\"https:\\\/\\\/sergiolapegue.com\\\/site\\\/wp-content\\\/uploads\\\/2021\\\/04\\\/logo_header-1.png\"},\"sameAs\":[\"https:\\\/\\\/facebook.com\\\/sergiolapegue\",\"https:\\\/\\\/instagram.com\\\/sergiolapegue\",\"https:\\\/\\\/x.com\\\/https:\\\/\\\/twitter.com\\\/sergiolapegue\"]},{\"@type\":\"Person\",\"@id\":\"https:\\\/\\\/sergiolapegue.com\\\/site\\\/#\\\/schema\\\/person\\\/9198e7dbab43c6d74d0fd5399af7c3cd\",\"name\":\"Daniel E. Monta\u00f1a\",\"image\":{\"@type\":\"ImageObject\",\"inLanguage\":\"es-AR\",\"@id\":\"https:\\\/\\\/sergiolapegue.com\\\/site\\\/wp-content\\\/uploads\\\/2021\\\/04\\\/sl_avatar_Daniel-150x150.jpg\",\"url\":\"https:\\\/\\\/sergiolapegue.com\\\/site\\\/wp-content\\\/uploads\\\/2021\\\/04\\\/sl_avatar_Daniel-150x150.jpg\",\"contentUrl\":\"https:\\\/\\\/sergiolapegue.com\\\/site\\\/wp-content\\\/uploads\\\/2021\\\/04\\\/sl_avatar_Daniel-150x150.jpg\",\"caption\":\"Daniel E. Monta\u00f1a\"},\"sameAs\":[\"https:\\\/\\\/facebook.com\\\/danielernesto.montana\",\"https:\\\/\\\/instagram.com\\\/daniel_montana1961\",\"https:\\\/\\\/x.com\\\/https:\\\/\\\/twitter.com\\\/daner_004\"],\"url\":\"https:\\\/\\\/sergiolapegue.com\\\/site\\\/author\\\/daniel\\\/\"}]}<\/script>\n<!-- \/ Yoast SEO plugin. -->","yoast_head_json":{"title":"DIEGO SABATTINI REGRESA A LA CALLE CORRIENTES - Sergio Lapegue","robots":{"index":"index","follow":"follow","max-snippet":"max-snippet:-1","max-image-preview":"max-image-preview:large","max-video-preview":"max-video-preview:-1"},"canonical":"https:\/\/sergiolapegue.com\/site\/2024\/10\/22\/diego-sabattini-regresa-a-la-calle-corrientes\/","og_locale":"es_ES","og_type":"article","og_title":"DIEGO SABATTINI REGRESA A LA CALLE CORRIENTES - Sergio Lapegue","og_description":"A dos a\u00f1os despu\u00e9s de haber cumplido su sue\u00f1o de presentarse en calle Corrientes,&nbsp;Diego Sabattini&nbsp;regresa al&nbsp;Teatro Astros&nbsp;el 3 de noviembre con un espect\u00e1culo llamado &#8220;Por ustedes&#8221;. Este show, dedicado a su fiel p\u00fablico, incluir\u00e1 nuevas composiciones junto con los cl\u00e1sicos que han marcado su carrera, prometiendo una velada inolvidable de m\u00fasica y gratitud hacia quienes [&hellip;]","og_url":"https:\/\/sergiolapegue.com\/site\/2024\/10\/22\/diego-sabattini-regresa-a-la-calle-corrientes\/","og_site_name":"Sergio Lapegue","article_publisher":"https:\/\/facebook.com\/sergiolapegue","article_author":"https:\/\/facebook.com\/danielernesto.montana","article_published_time":"2024-10-22T06:00:00+00:00","og_image":[{"width":708,"height":707,"url":"https:\/\/sergiolapegue.com\/site\/wp-content\/uploads\/2024\/10\/Diego-Sabattini-regresa-a-la-calle-corrientes.jpeg","type":"image\/jpeg"}],"author":"Daniel E. Monta\u00f1a","twitter_card":"summary_large_image","twitter_creator":"@https:\/\/twitter.com\/daner_004","twitter_site":"@sergiolapegue","twitter_misc":{"Escrito por":"Daniel E. Monta\u00f1a","Tiempo de lectura":"3 minutos"},"schema":{"@context":"https:\/\/schema.org","@graph":[{"@type":"Article","@id":"https:\/\/sergiolapegue.com\/site\/2024\/10\/22\/diego-sabattini-regresa-a-la-calle-corrientes\/#article","isPartOf":{"@id":"https:\/\/sergiolapegue.com\/site\/2024\/10\/22\/diego-sabattini-regresa-a-la-calle-corrientes\/"},"author":{"name":"Daniel E. Monta\u00f1a","@id":"https:\/\/sergiolapegue.com\/site\/#\/schema\/person\/9198e7dbab43c6d74d0fd5399af7c3cd"},"headline":"DIEGO SABATTINI REGRESA A LA CALLE CORRIENTES","datePublished":"2024-10-22T06:00:00+00:00","mainEntityOfPage":{"@id":"https:\/\/sergiolapegue.com\/site\/2024\/10\/22\/diego-sabattini-regresa-a-la-calle-corrientes\/"},"wordCount":442,"commentCount":0,"publisher":{"@id":"https:\/\/sergiolapegue.com\/site\/#\/schema\/person\/083aeceeb0734cd166779ea6c0551a37"},"image":{"@id":"https:\/\/sergiolapegue.com\/site\/2024\/10\/22\/diego-sabattini-regresa-a-la-calle-corrientes\/#primaryimage"},"thumbnailUrl":"https:\/\/sergiolapegue.com\/site\/wp-content\/uploads\/2024\/10\/Diego-Sabattini-regresa-a-la-calle-corrientes.jpeg","articleSection":["Arte","M\u00fasica"],"inLanguage":"es-AR","potentialAction":[{"@type":"CommentAction","name":"Comment","target":["https:\/\/sergiolapegue.com\/site\/2024\/10\/22\/diego-sabattini-regresa-a-la-calle-corrientes\/#respond"]}]},{"@type":"WebPage","@id":"https:\/\/sergiolapegue.com\/site\/2024\/10\/22\/diego-sabattini-regresa-a-la-calle-corrientes\/","url":"https:\/\/sergiolapegue.com\/site\/2024\/10\/22\/diego-sabattini-regresa-a-la-calle-corrientes\/","name":"DIEGO SABATTINI REGRESA A LA CALLE CORRIENTES - Sergio Lapegue","isPartOf":{"@id":"https:\/\/sergiolapegue.com\/site\/#website"},"primaryImageOfPage":{"@id":"https:\/\/sergiolapegue.com\/site\/2024\/10\/22\/diego-sabattini-regresa-a-la-calle-corrientes\/#primaryimage"},"image":{"@id":"https:\/\/sergiolapegue.com\/site\/2024\/10\/22\/diego-sabattini-regresa-a-la-calle-corrientes\/#primaryimage"},"thumbnailUrl":"https:\/\/sergiolapegue.com\/site\/wp-content\/uploads\/2024\/10\/Diego-Sabattini-regresa-a-la-calle-corrientes.jpeg","datePublished":"2024-10-22T06:00:00+00:00","breadcrumb":{"@id":"https:\/\/sergiolapegue.com\/site\/2024\/10\/22\/diego-sabattini-regresa-a-la-calle-corrientes\/#breadcrumb"},"inLanguage":"es-AR","potentialAction":[{"@type":"ReadAction","target":["https:\/\/sergiolapegue.com\/site\/2024\/10\/22\/diego-sabattini-regresa-a-la-calle-corrientes\/"]}]},{"@type":"ImageObject","inLanguage":"es-AR","@id":"https:\/\/sergiolapegue.com\/site\/2024\/10\/22\/diego-sabattini-regresa-a-la-calle-corrientes\/#primaryimage","url":"https:\/\/sergiolapegue.com\/site\/wp-content\/uploads\/2024\/10\/Diego-Sabattini-regresa-a-la-calle-corrientes.jpeg","contentUrl":"https:\/\/sergiolapegue.com\/site\/wp-content\/uploads\/2024\/10\/Diego-Sabattini-regresa-a-la-calle-corrientes.jpeg","width":708,"height":707},{"@type":"BreadcrumbList","@id":"https:\/\/sergiolapegue.com\/site\/2024\/10\/22\/diego-sabattini-regresa-a-la-calle-corrientes\/#breadcrumb","itemListElement":[{"@type":"ListItem","position":1,"name":"Inicio","item":"https:\/\/sergiolapegue.com\/site\/"},{"@type":"ListItem","position":2,"name":"DIEGO SABATTINI REGRESA A LA CALLE CORRIENTES"}]},{"@type":"WebSite","@id":"https:\/\/sergiolapegue.com\/site\/#website","url":"https:\/\/sergiolapegue.com\/site\/","name":"Sergio Lapegue","description":"Periodista","publisher":{"@id":"https:\/\/sergiolapegue.com\/site\/#\/schema\/person\/083aeceeb0734cd166779ea6c0551a37"},"potentialAction":[{"@type":"SearchAction","target":{"@type":"EntryPoint","urlTemplate":"https:\/\/sergiolapegue.com\/site\/?s={search_term_string}"},"query-input":{"@type":"PropertyValueSpecification","valueRequired":true,"valueName":"search_term_string"}}],"inLanguage":"es-AR"},{"@type":["Person","Organization"],"@id":"https:\/\/sergiolapegue.com\/site\/#\/schema\/person\/083aeceeb0734cd166779ea6c0551a37","name":"Sergio Lapegue","image":{"@type":"ImageObject","inLanguage":"es-AR","@id":"https:\/\/sergiolapegue.com\/site\/wp-content\/uploads\/2021\/04\/logo_header-1.png","url":"https:\/\/sergiolapegue.com\/site\/wp-content\/uploads\/2021\/04\/logo_header-1.png","contentUrl":"https:\/\/sergiolapegue.com\/site\/wp-content\/uploads\/2021\/04\/logo_header-1.png","width":272,"height":90,"caption":"Sergio Lapegue"},"logo":{"@id":"https:\/\/sergiolapegue.com\/site\/wp-content\/uploads\/2021\/04\/logo_header-1.png"},"sameAs":["https:\/\/facebook.com\/sergiolapegue","https:\/\/instagram.com\/sergiolapegue","https:\/\/x.com\/https:\/\/twitter.com\/sergiolapegue"]},{"@type":"Person","@id":"https:\/\/sergiolapegue.com\/site\/#\/schema\/person\/9198e7dbab43c6d74d0fd5399af7c3cd","name":"Daniel E. Monta\u00f1a","image":{"@type":"ImageObject","inLanguage":"es-AR","@id":"https:\/\/sergiolapegue.com\/site\/wp-content\/uploads\/2021\/04\/sl_avatar_Daniel-150x150.jpg","url":"https:\/\/sergiolapegue.com\/site\/wp-content\/uploads\/2021\/04\/sl_avatar_Daniel-150x150.jpg","contentUrl":"https:\/\/sergiolapegue.com\/site\/wp-content\/uploads\/2021\/04\/sl_avatar_Daniel-150x150.jpg","caption":"Daniel E. Monta\u00f1a"},"sameAs":["https:\/\/facebook.com\/danielernesto.montana","https:\/\/instagram.com\/daniel_montana1961","https:\/\/x.com\/https:\/\/twitter.com\/daner_004"],"url":"https:\/\/sergiolapegue.com\/site\/author\/daniel\/"}]}},"_links":{"self":[{"href":"https:\/\/sergiolapegue.com\/site\/wp-json\/wp\/v2\/posts\/18776","targetHints":{"allow":["GET"]}}],"collection":[{"href":"https:\/\/sergiolapegue.com\/site\/wp-json\/wp\/v2\/posts"}],"about":[{"href":"https:\/\/sergiolapegue.com\/site\/wp-json\/wp\/v2\/types\/post"}],"author":[{"embeddable":true,"href":"https:\/\/sergiolapegue.com\/site\/wp-json\/wp\/v2\/users\/3"}],"replies":[{"embeddable":true,"href":"https:\/\/sergiolapegue.com\/site\/wp-json\/wp\/v2\/comments?post=18776"}],"version-history":[{"count":1,"href":"https:\/\/sergiolapegue.com\/site\/wp-json\/wp\/v2\/posts\/18776\/revisions"}],"predecessor-version":[{"id":18779,"href":"https:\/\/sergiolapegue.com\/site\/wp-json\/wp\/v2\/posts\/18776\/revisions\/18779"}],"wp:featuredmedia":[{"embeddable":true,"href":"https:\/\/sergiolapegue.com\/site\/wp-json\/wp\/v2\/media\/18778"}],"wp:attachment":[{"href":"https:\/\/sergiolapegue.com\/site\/wp-json\/wp\/v2\/media?parent=18776"}],"wp:term":[{"taxonomy":"category","embeddable":true,"href":"https:\/\/sergiolapegue.com\/site\/wp-json\/wp\/v2\/categories?post=18776"},{"taxonomy":"post_tag","embeddable":true,"href":"https:\/\/sergiolapegue.com\/site\/wp-json\/wp\/v2\/tags?post=18776"}],"curies":[{"name":"wp","href":"https:\/\/api.w.org\/{rel}","templated":true}]}}