{"id":18748,"date":"2024-10-22T13:58:16","date_gmt":"2024-10-22T16:58:16","guid":{"rendered":"https:\/\/sergiolapegue.com\/site\/?p=18748"},"modified":"2024-10-21T14:01:14","modified_gmt":"2024-10-21T17:01:14","slug":"respirar-para-vivir-la-importancia-de-la-rehabilitacion-respiratoria","status":"publish","type":"post","link":"https:\/\/sergiolapegue.com\/site\/2024\/10\/22\/respirar-para-vivir-la-importancia-de-la-rehabilitacion-respiratoria\/","title":{"rendered":"Respirar para vivir: La importancia de la rehabilitaci\u00f3n respiratoria"},"content":{"rendered":"\n<p>La rehabilitaci\u00f3n respiratoria es una herramienta fundamental para mejorar la calidad de vida de millones de personas que viven con enfermedades pulmonares cr\u00f3nicas. Esta pr\u00e1ctica puede ser de gran beneficio para una variedad de condiciones como EPOC, asma, fibrosis qu\u00edstica, e hipertensi\u00f3n pulmonar, por nombrar las m\u00e1s frecuentes. Pero \u00bfqu\u00e9 es la rehabilitaci\u00f3n respiratoria y c\u00f3mo puede cambiarle la vida a estos pacientes?<br><br>Se trata de un programa supervisado desarrollado por profesionales de la salud, en su mayor\u00eda kinesi\u00f3logos o m\u00e9dicos que, a trav\u00e9s de ejercicios, educaci\u00f3n y terapia, ayuda a los pacientes a respirar mejor, aumentar su tolerancia a la actividad f\u00edsica y mejorar su calidad de vida en general. Estudios internacionales y locales muestran que los pacientes tambi\u00e9n experimentan menos hospitalizaciones y menor mortalidad.<br><br>Seg\u00fan la Asociaci\u00f3n Argentina de Medicina Respiratoria (AAMR), un paciente con EPOC -una enfermedad que afecta a m\u00e1s de 2 millones de argentinos- puede reducir hasta en un 25% las hospitalizaciones por exacerbaciones realizando rehabilitaci\u00f3n respiratoria, lo que alivia la carga sobre el sistema de salud y mejora el pron\u00f3stico del paciente.<br><br>Otro claro ejemplo fue la pandemia de COVID-19, que puso de manifiesto la urgencia de ampliar el acceso a esta herramienta cuando miles de argentinos sufrieron secuelas pulmonares y encontraron en estos programas una esperanza para recuperar su salud. Sin embargo, su implementaci\u00f3n y acceso a\u00fan est\u00e1n limitados por varios factores. A pesar de contar con programas y profesionales altamente capacitados, la distribuci\u00f3n de los centros de rehabilitaci\u00f3n no es homog\u00e9nea a lo largo del pa\u00eds, generando desigualdades, especialmente en las zonas m\u00e1s alejadas de los grandes centros urbanos.<br><br>La Asociaci\u00f3n Argentina de Medicina Respiratoria, pudo identificar 58 centros registrados en todo el pa\u00eds para que la comunidad pueda tener acceso a elegir el m\u00e1s cercano a su domicilio y poder iniciar la pr\u00e1ctica indicada. En general, cualquier persona con una enfermedad pulmonar cr\u00f3nica que afecte su calidad de vida puede beneficiarse de la rehabilitaci\u00f3n respiratoria. Sin embargo, es importante consultar a un m\u00e9dico para determinar si es la opci\u00f3n adecuada para cada paciente.<br><br><strong>\u2757Para visualizar los centros de rehabilitaci\u00f3n respiratoria registrados en todo el pa\u00eds&nbsp;<a href=\"https:\/\/aamr.us8.list-manage.com\/track\/click?u=f2ee43744d7e5d36681fc8783&amp;id=1bdc1ebe64&amp;e=a4fe177bbc\" target=\"_blank\" rel=\"noreferrer noopener\">hac\u00e9 click aqu\u00ed.<\/a><\/strong><br><br><strong>Beneficios que transforman vidas<\/strong><\/p>\n\n\n\n<figure class=\"wp-block-image size-full is-style-rounded\"><img loading=\"lazy\" decoding=\"async\" width=\"768\" height=\"512\" src=\"https:\/\/sergiolapegue.com\/site\/wp-content\/uploads\/2024\/10\/rehabilitacion-respiratoria01.jpg\" alt=\"\" class=\"wp-image-18749\" srcset=\"https:\/\/sergiolapegue.com\/site\/wp-content\/uploads\/2024\/10\/rehabilitacion-respiratoria01.jpg 768w, https:\/\/sergiolapegue.com\/site\/wp-content\/uploads\/2024\/10\/rehabilitacion-respiratoria01-300x200.jpg 300w, https:\/\/sergiolapegue.com\/site\/wp-content\/uploads\/2024\/10\/rehabilitacion-respiratoria01-630x420.jpg 630w, https:\/\/sergiolapegue.com\/site\/wp-content\/uploads\/2024\/10\/rehabilitacion-respiratoria01-696x464.jpg 696w\" sizes=\"auto, (max-width: 768px) 100vw, 768px\" \/><\/figure>\n\n\n\n<ul class=\"wp-block-list\">\n<li>Mayor tolerancia al ejercicio: Los pacientes pueden realizar actividades diarias con menos dificultad.<\/li>\n\n\n\n<li>Menor sensaci\u00f3n de falta de aire: Mejora la calidad de vida y reduce la ansiedad.<\/li>\n\n\n\n<li>Menos hospitalizaciones: Al controlar mejor los s\u00edntomas, se reducen las exacerbaciones y la necesidad de hospitalizaci\u00f3n.<\/li>\n\n\n\n<li>Mayor independencia: Los pacientes pueden realizar actividades de la vida diaria de manera m\u00e1s aut\u00f3noma.<\/li>\n\n\n\n<li>Mejor calidad de vida: La rehabilitaci\u00f3n respiratoria tiene un impacto positivo en el bienestar general del paciente.<\/li>\n<\/ul>\n\n\n\n<p>Los beneficios de la rehabilitaci\u00f3n respiratoria son indiscutibles. Pacientes que antes se ve\u00edan limitados para realizar actividades simples, hoy pueden disfrutar de paseos, compartir tiempo con sus seres queridos y llevar una vida m\u00e1s activa. Sin embargo, en Argentina a\u00fan enfrentamos desaf\u00edos.<br><br>\u00bfTe imagin\u00e1s un pa\u00eds donde todas las personas con enfermedades respiratorias cr\u00f3nicas puedan tener una mejor calidad de vida? Cada 22 de octubre celebramos el D\u00eda de la Rehabilitaci\u00f3n Respiratoria, una fecha para reconocer a los profesionales que trabajan incansablemente y redoblar esfuerzos para garantizar el acceso a toda la poblaci\u00f3n.<\/p>\n","protected":false},"excerpt":{"rendered":"<p>La rehabilitaci\u00f3n respiratoria es una herramienta fundamental para mejorar la calidad de vida de millones de personas que viven con enfermedades pulmonares cr\u00f3nicas. Esta pr\u00e1ctica puede ser de gran beneficio para una variedad de condiciones como EPOC, asma, fibrosis qu\u00edstica, e hipertensi\u00f3n pulmonar, por nombrar las m\u00e1s frecuentes. Pero \u00bfqu\u00e9 es la rehabilitaci\u00f3n respiratoria y [&hellip;]<\/p>\n","protected":false},"author":4,"featured_media":18750,"comment_status":"closed","ping_status":"closed","sticky":false,"template":"","format":"standard","meta":{"footnotes":""},"categories":[40],"tags":[788,3591,1133,157,210,155,3892,268,66,1107],"class_list":{"0":"post-18748","1":"post","2":"type-post","3":"status-publish","4":"format-standard","5":"has-post-thumbnail","7":"category-salud","8":"tag-asma","9":"tag-cronico","10":"tag-curar","11":"tag-enfermedad","12":"tag-epoc","13":"tag-pulmon","14":"tag-rehabilitacion","15":"tag-respirar","16":"tag-salud","17":"tag-vida"},"yoast_head":"<!-- This site is optimized with the Yoast SEO plugin v27.5 - https:\/\/yoast.com\/product\/yoast-seo-wordpress\/ -->\n<title>Respirar para vivir: La importancia de la rehabilitaci\u00f3n respiratoria - Sergio Lapegue<\/title>\n<meta name=\"robots\" content=\"index, follow, max-snippet:-1, max-image-preview:large, max-video-preview:-1\" \/>\n<link rel=\"canonical\" href=\"https:\/\/sergiolapegue.com\/site\/2024\/10\/22\/respirar-para-vivir-la-importancia-de-la-rehabilitacion-respiratoria\/\" \/>\n<meta property=\"og:locale\" content=\"es_ES\" \/>\n<meta property=\"og:type\" content=\"article\" \/>\n<meta property=\"og:title\" content=\"Respirar para vivir: La importancia de la rehabilitaci\u00f3n respiratoria - Sergio Lapegue\" \/>\n<meta property=\"og:description\" content=\"La rehabilitaci\u00f3n respiratoria es una herramienta fundamental para mejorar la calidad de vida de millones de personas que viven con enfermedades pulmonares cr\u00f3nicas. Esta pr\u00e1ctica puede ser de gran beneficio para una variedad de condiciones como EPOC, asma, fibrosis qu\u00edstica, e hipertensi\u00f3n pulmonar, por nombrar las m\u00e1s frecuentes. Pero \u00bfqu\u00e9 es la rehabilitaci\u00f3n respiratoria y [&hellip;]\" \/>\n<meta property=\"og:url\" content=\"https:\/\/sergiolapegue.com\/site\/2024\/10\/22\/respirar-para-vivir-la-importancia-de-la-rehabilitacion-respiratoria\/\" \/>\n<meta property=\"og:site_name\" content=\"Sergio Lapegue\" \/>\n<meta property=\"article:publisher\" content=\"https:\/\/facebook.com\/sergiolapegue\" \/>\n<meta property=\"article:published_time\" content=\"2024-10-22T16:58:16+00:00\" \/>\n<meta property=\"og:image\" content=\"https:\/\/sergiolapegue.com\/site\/wp-content\/uploads\/2024\/10\/rehabilitacion-respiratoria02.jpg\" \/>\n\t<meta property=\"og:image:width\" content=\"280\" \/>\n\t<meta property=\"og:image:height\" content=\"180\" \/>\n\t<meta property=\"og:image:type\" content=\"image\/jpeg\" \/>\n<meta name=\"author\" content=\"Leonardo Monta\u00f1a\" \/>\n<meta name=\"twitter:card\" content=\"summary_large_image\" \/>\n<meta name=\"twitter:creator\" content=\"@https:\/\/twitter.com\/soytoto81\" \/>\n<meta name=\"twitter:site\" content=\"@sergiolapegue\" \/>\n<meta name=\"twitter:label1\" content=\"Escrito por\" \/>\n\t<meta name=\"twitter:data1\" content=\"Leonardo Monta\u00f1a\" \/>\n\t<meta name=\"twitter:label2\" content=\"Tiempo de lectura\" \/>\n\t<meta name=\"twitter:data2\" content=\"3 minutos\" \/>\n<script type=\"application\/ld+json\" class=\"yoast-schema-graph\">{\"@context\":\"https:\\\/\\\/schema.org\",\"@graph\":[{\"@type\":\"Article\",\"@id\":\"https:\\\/\\\/sergiolapegue.com\\\/site\\\/2024\\\/10\\\/22\\\/respirar-para-vivir-la-importancia-de-la-rehabilitacion-respiratoria\\\/#article\",\"isPartOf\":{\"@id\":\"https:\\\/\\\/sergiolapegue.com\\\/site\\\/2024\\\/10\\\/22\\\/respirar-para-vivir-la-importancia-de-la-rehabilitacion-respiratoria\\\/\"},\"author\":{\"name\":\"Leonardo Monta\u00f1a\",\"@id\":\"https:\\\/\\\/sergiolapegue.com\\\/site\\\/#\\\/schema\\\/person\\\/00adf937d010c7f79a180dc4916a40e0\"},\"headline\":\"Respirar para vivir: La importancia de la rehabilitaci\u00f3n respiratoria\",\"datePublished\":\"2024-10-22T16:58:16+00:00\",\"mainEntityOfPage\":{\"@id\":\"https:\\\/\\\/sergiolapegue.com\\\/site\\\/2024\\\/10\\\/22\\\/respirar-para-vivir-la-importancia-de-la-rehabilitacion-respiratoria\\\/\"},\"wordCount\":592,\"publisher\":{\"@id\":\"https:\\\/\\\/sergiolapegue.com\\\/site\\\/#\\\/schema\\\/person\\\/083aeceeb0734cd166779ea6c0551a37\"},\"image\":{\"@id\":\"https:\\\/\\\/sergiolapegue.com\\\/site\\\/2024\\\/10\\\/22\\\/respirar-para-vivir-la-importancia-de-la-rehabilitacion-respiratoria\\\/#primaryimage\"},\"thumbnailUrl\":\"https:\\\/\\\/sergiolapegue.com\\\/site\\\/wp-content\\\/uploads\\\/2024\\\/10\\\/rehabilitacion-respiratoria02.jpg\",\"keywords\":[\"asma\",\"cronico\",\"curar\",\"enfermedad\",\"epoc\",\"pulmon\",\"rehabilitacion\",\"respirar\",\"salud\",\"vida\"],\"articleSection\":[\"Salud\"],\"inLanguage\":\"es-AR\"},{\"@type\":\"WebPage\",\"@id\":\"https:\\\/\\\/sergiolapegue.com\\\/site\\\/2024\\\/10\\\/22\\\/respirar-para-vivir-la-importancia-de-la-rehabilitacion-respiratoria\\\/\",\"url\":\"https:\\\/\\\/sergiolapegue.com\\\/site\\\/2024\\\/10\\\/22\\\/respirar-para-vivir-la-importancia-de-la-rehabilitacion-respiratoria\\\/\",\"name\":\"Respirar para vivir: La importancia de la rehabilitaci\u00f3n respiratoria - Sergio Lapegue\",\"isPartOf\":{\"@id\":\"https:\\\/\\\/sergiolapegue.com\\\/site\\\/#website\"},\"primaryImageOfPage\":{\"@id\":\"https:\\\/\\\/sergiolapegue.com\\\/site\\\/2024\\\/10\\\/22\\\/respirar-para-vivir-la-importancia-de-la-rehabilitacion-respiratoria\\\/#primaryimage\"},\"image\":{\"@id\":\"https:\\\/\\\/sergiolapegue.com\\\/site\\\/2024\\\/10\\\/22\\\/respirar-para-vivir-la-importancia-de-la-rehabilitacion-respiratoria\\\/#primaryimage\"},\"thumbnailUrl\":\"https:\\\/\\\/sergiolapegue.com\\\/site\\\/wp-content\\\/uploads\\\/2024\\\/10\\\/rehabilitacion-respiratoria02.jpg\",\"datePublished\":\"2024-10-22T16:58:16+00:00\",\"breadcrumb\":{\"@id\":\"https:\\\/\\\/sergiolapegue.com\\\/site\\\/2024\\\/10\\\/22\\\/respirar-para-vivir-la-importancia-de-la-rehabilitacion-respiratoria\\\/#breadcrumb\"},\"inLanguage\":\"es-AR\",\"potentialAction\":[{\"@type\":\"ReadAction\",\"target\":[\"https:\\\/\\\/sergiolapegue.com\\\/site\\\/2024\\\/10\\\/22\\\/respirar-para-vivir-la-importancia-de-la-rehabilitacion-respiratoria\\\/\"]}]},{\"@type\":\"ImageObject\",\"inLanguage\":\"es-AR\",\"@id\":\"https:\\\/\\\/sergiolapegue.com\\\/site\\\/2024\\\/10\\\/22\\\/respirar-para-vivir-la-importancia-de-la-rehabilitacion-respiratoria\\\/#primaryimage\",\"url\":\"https:\\\/\\\/sergiolapegue.com\\\/site\\\/wp-content\\\/uploads\\\/2024\\\/10\\\/rehabilitacion-respiratoria02.jpg\",\"contentUrl\":\"https:\\\/\\\/sergiolapegue.com\\\/site\\\/wp-content\\\/uploads\\\/2024\\\/10\\\/rehabilitacion-respiratoria02.jpg\",\"width\":280,\"height\":180},{\"@type\":\"BreadcrumbList\",\"@id\":\"https:\\\/\\\/sergiolapegue.com\\\/site\\\/2024\\\/10\\\/22\\\/respirar-para-vivir-la-importancia-de-la-rehabilitacion-respiratoria\\\/#breadcrumb\",\"itemListElement\":[{\"@type\":\"ListItem\",\"position\":1,\"name\":\"Inicio\",\"item\":\"https:\\\/\\\/sergiolapegue.com\\\/site\\\/\"},{\"@type\":\"ListItem\",\"position\":2,\"name\":\"Respirar para vivir: La importancia de la rehabilitaci\u00f3n respiratoria\"}]},{\"@type\":\"WebSite\",\"@id\":\"https:\\\/\\\/sergiolapegue.com\\\/site\\\/#website\",\"url\":\"https:\\\/\\\/sergiolapegue.com\\\/site\\\/\",\"name\":\"Sergio Lapegue\",\"description\":\"Periodista\",\"publisher\":{\"@id\":\"https:\\\/\\\/sergiolapegue.com\\\/site\\\/#\\\/schema\\\/person\\\/083aeceeb0734cd166779ea6c0551a37\"},\"potentialAction\":[{\"@type\":\"SearchAction\",\"target\":{\"@type\":\"EntryPoint\",\"urlTemplate\":\"https:\\\/\\\/sergiolapegue.com\\\/site\\\/?s={search_term_string}\"},\"query-input\":{\"@type\":\"PropertyValueSpecification\",\"valueRequired\":true,\"valueName\":\"search_term_string\"}}],\"inLanguage\":\"es-AR\"},{\"@type\":[\"Person\",\"Organization\"],\"@id\":\"https:\\\/\\\/sergiolapegue.com\\\/site\\\/#\\\/schema\\\/person\\\/083aeceeb0734cd166779ea6c0551a37\",\"name\":\"Sergio Lapegue\",\"image\":{\"@type\":\"ImageObject\",\"inLanguage\":\"es-AR\",\"@id\":\"https:\\\/\\\/sergiolapegue.com\\\/site\\\/wp-content\\\/uploads\\\/2021\\\/04\\\/logo_header-1.png\",\"url\":\"https:\\\/\\\/sergiolapegue.com\\\/site\\\/wp-content\\\/uploads\\\/2021\\\/04\\\/logo_header-1.png\",\"contentUrl\":\"https:\\\/\\\/sergiolapegue.com\\\/site\\\/wp-content\\\/uploads\\\/2021\\\/04\\\/logo_header-1.png\",\"width\":272,\"height\":90,\"caption\":\"Sergio Lapegue\"},\"logo\":{\"@id\":\"https:\\\/\\\/sergiolapegue.com\\\/site\\\/wp-content\\\/uploads\\\/2021\\\/04\\\/logo_header-1.png\"},\"sameAs\":[\"https:\\\/\\\/facebook.com\\\/sergiolapegue\",\"https:\\\/\\\/instagram.com\\\/sergiolapegue\",\"https:\\\/\\\/x.com\\\/https:\\\/\\\/twitter.com\\\/sergiolapegue\"]},{\"@type\":\"Person\",\"@id\":\"https:\\\/\\\/sergiolapegue.com\\\/site\\\/#\\\/schema\\\/person\\\/00adf937d010c7f79a180dc4916a40e0\",\"name\":\"Leonardo Monta\u00f1a\",\"image\":{\"@type\":\"ImageObject\",\"inLanguage\":\"es-AR\",\"@id\":\"https:\\\/\\\/sergiolapegue.com\\\/site\\\/wp-content\\\/uploads\\\/2021\\\/04\\\/sl_avatar_Leonardo-150x150.jpg\",\"url\":\"https:\\\/\\\/sergiolapegue.com\\\/site\\\/wp-content\\\/uploads\\\/2021\\\/04\\\/sl_avatar_Leonardo-150x150.jpg\",\"contentUrl\":\"https:\\\/\\\/sergiolapegue.com\\\/site\\\/wp-content\\\/uploads\\\/2021\\\/04\\\/sl_avatar_Leonardo-150x150.jpg\",\"caption\":\"Leonardo Monta\u00f1a\"},\"sameAs\":[\"https:\\\/\\\/x.com\\\/https:\\\/\\\/twitter.com\\\/soytoto81\"],\"url\":\"https:\\\/\\\/sergiolapegue.com\\\/site\\\/author\\\/leonardo\\\/\"}]}<\/script>\n<!-- \/ Yoast SEO plugin. -->","yoast_head_json":{"title":"Respirar para vivir: La importancia de la rehabilitaci\u00f3n respiratoria - Sergio Lapegue","robots":{"index":"index","follow":"follow","max-snippet":"max-snippet:-1","max-image-preview":"max-image-preview:large","max-video-preview":"max-video-preview:-1"},"canonical":"https:\/\/sergiolapegue.com\/site\/2024\/10\/22\/respirar-para-vivir-la-importancia-de-la-rehabilitacion-respiratoria\/","og_locale":"es_ES","og_type":"article","og_title":"Respirar para vivir: La importancia de la rehabilitaci\u00f3n respiratoria - Sergio Lapegue","og_description":"La rehabilitaci\u00f3n respiratoria es una herramienta fundamental para mejorar la calidad de vida de millones de personas que viven con enfermedades pulmonares cr\u00f3nicas. Esta pr\u00e1ctica puede ser de gran beneficio para una variedad de condiciones como EPOC, asma, fibrosis qu\u00edstica, e hipertensi\u00f3n pulmonar, por nombrar las m\u00e1s frecuentes. Pero \u00bfqu\u00e9 es la rehabilitaci\u00f3n respiratoria y [&hellip;]","og_url":"https:\/\/sergiolapegue.com\/site\/2024\/10\/22\/respirar-para-vivir-la-importancia-de-la-rehabilitacion-respiratoria\/","og_site_name":"Sergio Lapegue","article_publisher":"https:\/\/facebook.com\/sergiolapegue","article_published_time":"2024-10-22T16:58:16+00:00","og_image":[{"width":280,"height":180,"url":"https:\/\/sergiolapegue.com\/site\/wp-content\/uploads\/2024\/10\/rehabilitacion-respiratoria02.jpg","type":"image\/jpeg"}],"author":"Leonardo Monta\u00f1a","twitter_card":"summary_large_image","twitter_creator":"@https:\/\/twitter.com\/soytoto81","twitter_site":"@sergiolapegue","twitter_misc":{"Escrito por":"Leonardo Monta\u00f1a","Tiempo de lectura":"3 minutos"},"schema":{"@context":"https:\/\/schema.org","@graph":[{"@type":"Article","@id":"https:\/\/sergiolapegue.com\/site\/2024\/10\/22\/respirar-para-vivir-la-importancia-de-la-rehabilitacion-respiratoria\/#article","isPartOf":{"@id":"https:\/\/sergiolapegue.com\/site\/2024\/10\/22\/respirar-para-vivir-la-importancia-de-la-rehabilitacion-respiratoria\/"},"author":{"name":"Leonardo Monta\u00f1a","@id":"https:\/\/sergiolapegue.com\/site\/#\/schema\/person\/00adf937d010c7f79a180dc4916a40e0"},"headline":"Respirar para vivir: La importancia de la rehabilitaci\u00f3n respiratoria","datePublished":"2024-10-22T16:58:16+00:00","mainEntityOfPage":{"@id":"https:\/\/sergiolapegue.com\/site\/2024\/10\/22\/respirar-para-vivir-la-importancia-de-la-rehabilitacion-respiratoria\/"},"wordCount":592,"publisher":{"@id":"https:\/\/sergiolapegue.com\/site\/#\/schema\/person\/083aeceeb0734cd166779ea6c0551a37"},"image":{"@id":"https:\/\/sergiolapegue.com\/site\/2024\/10\/22\/respirar-para-vivir-la-importancia-de-la-rehabilitacion-respiratoria\/#primaryimage"},"thumbnailUrl":"https:\/\/sergiolapegue.com\/site\/wp-content\/uploads\/2024\/10\/rehabilitacion-respiratoria02.jpg","keywords":["asma","cronico","curar","enfermedad","epoc","pulmon","rehabilitacion","respirar","salud","vida"],"articleSection":["Salud"],"inLanguage":"es-AR"},{"@type":"WebPage","@id":"https:\/\/sergiolapegue.com\/site\/2024\/10\/22\/respirar-para-vivir-la-importancia-de-la-rehabilitacion-respiratoria\/","url":"https:\/\/sergiolapegue.com\/site\/2024\/10\/22\/respirar-para-vivir-la-importancia-de-la-rehabilitacion-respiratoria\/","name":"Respirar para vivir: La importancia de la rehabilitaci\u00f3n respiratoria - Sergio Lapegue","isPartOf":{"@id":"https:\/\/sergiolapegue.com\/site\/#website"},"primaryImageOfPage":{"@id":"https:\/\/sergiolapegue.com\/site\/2024\/10\/22\/respirar-para-vivir-la-importancia-de-la-rehabilitacion-respiratoria\/#primaryimage"},"image":{"@id":"https:\/\/sergiolapegue.com\/site\/2024\/10\/22\/respirar-para-vivir-la-importancia-de-la-rehabilitacion-respiratoria\/#primaryimage"},"thumbnailUrl":"https:\/\/sergiolapegue.com\/site\/wp-content\/uploads\/2024\/10\/rehabilitacion-respiratoria02.jpg","datePublished":"2024-10-22T16:58:16+00:00","breadcrumb":{"@id":"https:\/\/sergiolapegue.com\/site\/2024\/10\/22\/respirar-para-vivir-la-importancia-de-la-rehabilitacion-respiratoria\/#breadcrumb"},"inLanguage":"es-AR","potentialAction":[{"@type":"ReadAction","target":["https:\/\/sergiolapegue.com\/site\/2024\/10\/22\/respirar-para-vivir-la-importancia-de-la-rehabilitacion-respiratoria\/"]}]},{"@type":"ImageObject","inLanguage":"es-AR","@id":"https:\/\/sergiolapegue.com\/site\/2024\/10\/22\/respirar-para-vivir-la-importancia-de-la-rehabilitacion-respiratoria\/#primaryimage","url":"https:\/\/sergiolapegue.com\/site\/wp-content\/uploads\/2024\/10\/rehabilitacion-respiratoria02.jpg","contentUrl":"https:\/\/sergiolapegue.com\/site\/wp-content\/uploads\/2024\/10\/rehabilitacion-respiratoria02.jpg","width":280,"height":180},{"@type":"BreadcrumbList","@id":"https:\/\/sergiolapegue.com\/site\/2024\/10\/22\/respirar-para-vivir-la-importancia-de-la-rehabilitacion-respiratoria\/#breadcrumb","itemListElement":[{"@type":"ListItem","position":1,"name":"Inicio","item":"https:\/\/sergiolapegue.com\/site\/"},{"@type":"ListItem","position":2,"name":"Respirar para vivir: La importancia de la rehabilitaci\u00f3n respiratoria"}]},{"@type":"WebSite","@id":"https:\/\/sergiolapegue.com\/site\/#website","url":"https:\/\/sergiolapegue.com\/site\/","name":"Sergio Lapegue","description":"Periodista","publisher":{"@id":"https:\/\/sergiolapegue.com\/site\/#\/schema\/person\/083aeceeb0734cd166779ea6c0551a37"},"potentialAction":[{"@type":"SearchAction","target":{"@type":"EntryPoint","urlTemplate":"https:\/\/sergiolapegue.com\/site\/?s={search_term_string}"},"query-input":{"@type":"PropertyValueSpecification","valueRequired":true,"valueName":"search_term_string"}}],"inLanguage":"es-AR"},{"@type":["Person","Organization"],"@id":"https:\/\/sergiolapegue.com\/site\/#\/schema\/person\/083aeceeb0734cd166779ea6c0551a37","name":"Sergio Lapegue","image":{"@type":"ImageObject","inLanguage":"es-AR","@id":"https:\/\/sergiolapegue.com\/site\/wp-content\/uploads\/2021\/04\/logo_header-1.png","url":"https:\/\/sergiolapegue.com\/site\/wp-content\/uploads\/2021\/04\/logo_header-1.png","contentUrl":"https:\/\/sergiolapegue.com\/site\/wp-content\/uploads\/2021\/04\/logo_header-1.png","width":272,"height":90,"caption":"Sergio Lapegue"},"logo":{"@id":"https:\/\/sergiolapegue.com\/site\/wp-content\/uploads\/2021\/04\/logo_header-1.png"},"sameAs":["https:\/\/facebook.com\/sergiolapegue","https:\/\/instagram.com\/sergiolapegue","https:\/\/x.com\/https:\/\/twitter.com\/sergiolapegue"]},{"@type":"Person","@id":"https:\/\/sergiolapegue.com\/site\/#\/schema\/person\/00adf937d010c7f79a180dc4916a40e0","name":"Leonardo Monta\u00f1a","image":{"@type":"ImageObject","inLanguage":"es-AR","@id":"https:\/\/sergiolapegue.com\/site\/wp-content\/uploads\/2021\/04\/sl_avatar_Leonardo-150x150.jpg","url":"https:\/\/sergiolapegue.com\/site\/wp-content\/uploads\/2021\/04\/sl_avatar_Leonardo-150x150.jpg","contentUrl":"https:\/\/sergiolapegue.com\/site\/wp-content\/uploads\/2021\/04\/sl_avatar_Leonardo-150x150.jpg","caption":"Leonardo Monta\u00f1a"},"sameAs":["https:\/\/x.com\/https:\/\/twitter.com\/soytoto81"],"url":"https:\/\/sergiolapegue.com\/site\/author\/leonardo\/"}]}},"_links":{"self":[{"href":"https:\/\/sergiolapegue.com\/site\/wp-json\/wp\/v2\/posts\/18748","targetHints":{"allow":["GET"]}}],"collection":[{"href":"https:\/\/sergiolapegue.com\/site\/wp-json\/wp\/v2\/posts"}],"about":[{"href":"https:\/\/sergiolapegue.com\/site\/wp-json\/wp\/v2\/types\/post"}],"author":[{"embeddable":true,"href":"https:\/\/sergiolapegue.com\/site\/wp-json\/wp\/v2\/users\/4"}],"replies":[{"embeddable":true,"href":"https:\/\/sergiolapegue.com\/site\/wp-json\/wp\/v2\/comments?post=18748"}],"version-history":[{"count":1,"href":"https:\/\/sergiolapegue.com\/site\/wp-json\/wp\/v2\/posts\/18748\/revisions"}],"predecessor-version":[{"id":18751,"href":"https:\/\/sergiolapegue.com\/site\/wp-json\/wp\/v2\/posts\/18748\/revisions\/18751"}],"wp:featuredmedia":[{"embeddable":true,"href":"https:\/\/sergiolapegue.com\/site\/wp-json\/wp\/v2\/media\/18750"}],"wp:attachment":[{"href":"https:\/\/sergiolapegue.com\/site\/wp-json\/wp\/v2\/media?parent=18748"}],"wp:term":[{"taxonomy":"category","embeddable":true,"href":"https:\/\/sergiolapegue.com\/site\/wp-json\/wp\/v2\/categories?post=18748"},{"taxonomy":"post_tag","embeddable":true,"href":"https:\/\/sergiolapegue.com\/site\/wp-json\/wp\/v2\/tags?post=18748"}],"curies":[{"name":"wp","href":"https:\/\/api.w.org\/{rel}","templated":true}]}}