{"id":18654,"date":"2024-10-17T01:00:00","date_gmt":"2024-10-17T04:00:00","guid":{"rendered":"https:\/\/sergiolapegue.com\/site\/?p=18654"},"modified":"2024-10-16T03:13:22","modified_gmt":"2024-10-16T06:13:22","slug":"programacion-fin-de-semana-teatro-el-popular-del-18-10-2024-al-20-10-2024","status":"publish","type":"post","link":"https:\/\/sergiolapegue.com\/site\/2024\/10\/17\/programacion-fin-de-semana-teatro-el-popular-del-18-10-2024-al-20-10-2024\/","title":{"rendered":"PROGRAMACI\u00d3N FIN DE SEMANA TEATRO EL POPULAR \u2013 DEL 18\/10\/2024 AL 20\/10\/2024"},"content":{"rendered":"\n<p>El Teatro El Popular est\u00e1 dedicado a la promoci\u00f3n, difusi\u00f3n, ense\u00f1anza y producci\u00f3n de teatro argentino, te presenta la programaci\u00f3n que tiene para este fin de semana.<\/p>\n\n\n\n<p>Adem\u00e1s te contamos que el Teatro El Popular cuenta con varios talleres, entre ellos:<\/p>\n\n\n\n<p>Actuaci\u00f3n para ni\u00f1os; Montaje teatral para adolescentes, j\u00f3venes y adultos; Actuaci\u00f3n para adultos (Principiantes y Avanzados); T\u00e9cnicas de improvisaci\u00f3n y Teatro para adultos + 60.<\/p>\n\n\n\n<p><strong>PROGRAMACI\u00d3N FIN DE SEMANA<\/strong><\/p>\n\n\n\n<p><strong>Viernes 18 de octubre \u2013 20:30 horas.<\/strong><\/p>\n\n\n\n<figure class=\"wp-block-image size-large\"><img loading=\"lazy\" decoding=\"async\" width=\"819\" height=\"1024\" src=\"https:\/\/sergiolapegue.com\/site\/wp-content\/uploads\/2024\/10\/Programacion-fin-de-semana-teatro-el-popular-Historias-para-ser-amadas-1-819x1024.jpeg\" alt=\"\" class=\"wp-image-18655\" srcset=\"https:\/\/sergiolapegue.com\/site\/wp-content\/uploads\/2024\/10\/Programacion-fin-de-semana-teatro-el-popular-Historias-para-ser-amadas-1-819x1024.jpeg 819w, https:\/\/sergiolapegue.com\/site\/wp-content\/uploads\/2024\/10\/Programacion-fin-de-semana-teatro-el-popular-Historias-para-ser-amadas-1-240x300.jpeg 240w, https:\/\/sergiolapegue.com\/site\/wp-content\/uploads\/2024\/10\/Programacion-fin-de-semana-teatro-el-popular-Historias-para-ser-amadas-1-768x960.jpeg 768w, https:\/\/sergiolapegue.com\/site\/wp-content\/uploads\/2024\/10\/Programacion-fin-de-semana-teatro-el-popular-Historias-para-ser-amadas-1-336x420.jpeg 336w, https:\/\/sergiolapegue.com\/site\/wp-content\/uploads\/2024\/10\/Programacion-fin-de-semana-teatro-el-popular-Historias-para-ser-amadas-1-696x870.jpeg 696w, https:\/\/sergiolapegue.com\/site\/wp-content\/uploads\/2024\/10\/Programacion-fin-de-semana-teatro-el-popular-Historias-para-ser-amadas-1.jpeg 830w\" sizes=\"auto, (max-width: 819px) 100vw, 819px\" \/><\/figure>\n\n\n\n<p><strong>&#8220;HISTORIAS PARA SER AMADAS&#8221;<\/strong><\/p>\n\n\n\n<p>Historias para ser amadas es un espect\u00e1culo que re\u00fane cuatro obras breves de Florencia Aroldi que indagan, con humor, los v\u00ednculos interpersonales.<strong><\/strong><\/p>\n\n\n\n<p><strong>Amor impaciente<\/strong><\/p>\n\n\n\n<p>Un psic\u00f3logo le dice a su paciente que no puede seguir atendi\u00e9ndola\u2026 Mayra insistir\u00e1 en conocer la verdadera causa.<\/p>\n\n\n\n<p><strong>Act\u00faan:<\/strong> Guadalupe Farina y Gast\u00f3n Giunta<\/p>\n\n\n\n<p><strong>Direcci\u00f3n:<\/strong> Gustavo Armas<\/p>\n\n\n\n<p><strong>No me contaste<\/strong><\/p>\n\n\n\n<p>Una pareja se debate entre hablar o no hablar sobre lo que en realidad les est\u00e1 pasando.<br><strong>Act\u00faan:<\/strong> Macarena Gonz\u00e1lez y Alejandro Szadusrki<\/p>\n\n\n\n<p><strong>Direcci\u00f3n:<\/strong> Florencia Aroldi<\/p>\n\n\n\n<p><strong>Sal de Himalaya<\/strong><\/p>\n\n\n\n<p>Dos amigos acuden a una empresa para contratar un servicio de inmortalidad por un tiempo determinado, pero uno de ellos se arrepiente y el otro no puede adquirir la promoci\u00f3n de 2&#215;1.<\/p>\n\n\n\n<p><strong>Act\u00faan:<\/strong> India Zamero, Omar Zaid y Guillermo Montes<\/p>\n\n\n\n<p><strong>Direcci\u00f3n:<\/strong> Leonel Meunier<\/p>\n\n\n\n<p><strong>Cayetana<br><\/strong>A punto de parir, una madre se arrepiente del nombre que pensaron para su hija por ser el mismo nombre de la enfermera que la est\u00e1 asistiendo. El padre har\u00e1 malabares ling\u00fc\u00edsticos y amorosos para convencerla de que el nombre que eligieron es el mejor nombre para su hija.<\/p>\n\n\n\n<p><strong>Act\u00faan:<\/strong> Magal\u00ed Meli\u00e1 y Martin Navarro<\/p>\n\n\n\n<p><strong>Direcci\u00f3n:<\/strong> D\u00e9bora Longobardi<\/p>\n\n\n\n<p><strong>Entradas:<\/strong>&nbsp;<a href=\"http:\/\/www.alternativateatral.com\/obra91961-historias-para-ser-amadas\" target=\"_blank\" rel=\"noreferrer noopener\">http:\/\/www.alternativateatral.com\/obra91961-historias-para-ser-amadas<\/a><\/p>\n\n\n\n<p><strong>S\u00e1bado 19 de octubre \u2013 21:00 horas.<\/strong><\/p>\n\n\n\n<figure class=\"wp-block-image size-large\"><img loading=\"lazy\" decoding=\"async\" width=\"724\" height=\"1024\" src=\"https:\/\/sergiolapegue.com\/site\/wp-content\/uploads\/2024\/10\/Programacion-fin-de-semana-teatro-el-popular-Flyer-Retazos-de-Evita-724x1024.png\" alt=\"\" class=\"wp-image-18656\" srcset=\"https:\/\/sergiolapegue.com\/site\/wp-content\/uploads\/2024\/10\/Programacion-fin-de-semana-teatro-el-popular-Flyer-Retazos-de-Evita-724x1024.png 724w, https:\/\/sergiolapegue.com\/site\/wp-content\/uploads\/2024\/10\/Programacion-fin-de-semana-teatro-el-popular-Flyer-Retazos-de-Evita-212x300.png 212w, https:\/\/sergiolapegue.com\/site\/wp-content\/uploads\/2024\/10\/Programacion-fin-de-semana-teatro-el-popular-Flyer-Retazos-de-Evita-768x1086.png 768w, https:\/\/sergiolapegue.com\/site\/wp-content\/uploads\/2024\/10\/Programacion-fin-de-semana-teatro-el-popular-Flyer-Retazos-de-Evita-1086x1536.png 1086w, https:\/\/sergiolapegue.com\/site\/wp-content\/uploads\/2024\/10\/Programacion-fin-de-semana-teatro-el-popular-Flyer-Retazos-de-Evita-1448x2048.png 1448w, https:\/\/sergiolapegue.com\/site\/wp-content\/uploads\/2024\/10\/Programacion-fin-de-semana-teatro-el-popular-Flyer-Retazos-de-Evita-297x420.png 297w, https:\/\/sergiolapegue.com\/site\/wp-content\/uploads\/2024\/10\/Programacion-fin-de-semana-teatro-el-popular-Flyer-Retazos-de-Evita-696x985.png 696w, https:\/\/sergiolapegue.com\/site\/wp-content\/uploads\/2024\/10\/Programacion-fin-de-semana-teatro-el-popular-Flyer-Retazos-de-Evita-1068x1511.png 1068w, https:\/\/sergiolapegue.com\/site\/wp-content\/uploads\/2024\/10\/Programacion-fin-de-semana-teatro-el-popular-Flyer-Retazos-de-Evita.png 1587w\" sizes=\"auto, (max-width: 724px) 100vw, 724px\" \/><\/figure>\n\n\n\n<p><strong>&#8220;RETAZOS DE EVITA&#8221;<\/strong><\/p>\n\n\n\n<p>&#8220;Retazos de Evita&#8221; es una obra de teatro documental que aborda la historia de Evita como retazos. Relatos, recuerdos y canciones se re\u00fanen para dialogar con una estatua imaginaria.<\/p>\n\n\n\n<p>Unipersonal con dramaturgia y actuaci\u00f3n de Felisa Cura basado en textos de Erminda Duarte y C\u00e1tulo Castillo.<\/p>\n\n\n\n<p>La obra parte de investigaciones hist\u00f3rico-antropol\u00f3gicas en torno a la cultura popular del peronismo, sus representaciones y producciones culturales, y transcurre como di\u00e1logo po\u00e9tico entre una estatua viviente y diferentes voces y situaciones que se articulan para contar la historia de Evita desde una perspectiva &#8220;descamisada&#8221;.<br>Compartiremos un segundo bloque de Tangos en Homenaje a Evita y los maestros, que son fuente de inspiraci\u00f3n de la obra, con m\u00fasica a cargo de Daniela Saez Feli\u00fa.<br><strong>Entradas:<\/strong>&nbsp;<a href=\"http:\/\/www.alternativateatral.com\/obra89833-retazos-de-evita\" target=\"_blank\" rel=\"noreferrer noopener\">http:\/\/www.alternativateatral.com\/obra89833-retazos-de-evita<\/a><\/p>\n\n\n\n<p><strong>Los viernes y los s\u00e1bados podes disfrutar de buena m\u00fasica \u201cJazz en la antesala\u201d a cargo de Claudio Di Risio<\/strong><\/p>\n\n\n\n<figure class=\"wp-block-image size-large\"><img loading=\"lazy\" decoding=\"async\" width=\"1024\" height=\"1024\" src=\"https:\/\/sergiolapegue.com\/site\/wp-content\/uploads\/2024\/10\/Programacion-fin-de-semana-teatro-el-popular-Jazz-en-la-antesala-1-1024x1024.png\" alt=\"\" class=\"wp-image-18657\" srcset=\"https:\/\/sergiolapegue.com\/site\/wp-content\/uploads\/2024\/10\/Programacion-fin-de-semana-teatro-el-popular-Jazz-en-la-antesala-1-1024x1024.png 1024w, https:\/\/sergiolapegue.com\/site\/wp-content\/uploads\/2024\/10\/Programacion-fin-de-semana-teatro-el-popular-Jazz-en-la-antesala-1-300x300.png 300w, https:\/\/sergiolapegue.com\/site\/wp-content\/uploads\/2024\/10\/Programacion-fin-de-semana-teatro-el-popular-Jazz-en-la-antesala-1-150x150.png 150w, https:\/\/sergiolapegue.com\/site\/wp-content\/uploads\/2024\/10\/Programacion-fin-de-semana-teatro-el-popular-Jazz-en-la-antesala-1-768x768.png 768w, https:\/\/sergiolapegue.com\/site\/wp-content\/uploads\/2024\/10\/Programacion-fin-de-semana-teatro-el-popular-Jazz-en-la-antesala-1-420x420.png 420w, https:\/\/sergiolapegue.com\/site\/wp-content\/uploads\/2024\/10\/Programacion-fin-de-semana-teatro-el-popular-Jazz-en-la-antesala-1-696x696.png 696w, https:\/\/sergiolapegue.com\/site\/wp-content\/uploads\/2024\/10\/Programacion-fin-de-semana-teatro-el-popular-Jazz-en-la-antesala-1-1068x1068.png 1068w, https:\/\/sergiolapegue.com\/site\/wp-content\/uploads\/2024\/10\/Programacion-fin-de-semana-teatro-el-popular-Jazz-en-la-antesala-1.png 1080w\" sizes=\"auto, (max-width: 1024px) 100vw, 1024px\" \/><\/figure>\n\n\n\n<p>\u00a1Llega una hora antes al teatro y disfruta de buena m\u00fasica y deliciosas comidas y bebidas en nuestro bar!<\/p>\n\n\n\n<p><strong>Domingo 20 de octubre \u2013 17:00 horas.<\/strong><\/p>\n\n\n\n<figure class=\"wp-block-image size-full\"><img loading=\"lazy\" decoding=\"async\" width=\"800\" height=\"800\" src=\"https:\/\/sergiolapegue.com\/site\/wp-content\/uploads\/2024\/10\/Programacion-fin-de-semana-teatro-popular-Por-que-afuera-no-hay-lugar-para-mi.jpeg\" alt=\"\" class=\"wp-image-18658\" srcset=\"https:\/\/sergiolapegue.com\/site\/wp-content\/uploads\/2024\/10\/Programacion-fin-de-semana-teatro-popular-Por-que-afuera-no-hay-lugar-para-mi.jpeg 800w, https:\/\/sergiolapegue.com\/site\/wp-content\/uploads\/2024\/10\/Programacion-fin-de-semana-teatro-popular-Por-que-afuera-no-hay-lugar-para-mi-300x300.jpeg 300w, https:\/\/sergiolapegue.com\/site\/wp-content\/uploads\/2024\/10\/Programacion-fin-de-semana-teatro-popular-Por-que-afuera-no-hay-lugar-para-mi-150x150.jpeg 150w, https:\/\/sergiolapegue.com\/site\/wp-content\/uploads\/2024\/10\/Programacion-fin-de-semana-teatro-popular-Por-que-afuera-no-hay-lugar-para-mi-768x768.jpeg 768w, https:\/\/sergiolapegue.com\/site\/wp-content\/uploads\/2024\/10\/Programacion-fin-de-semana-teatro-popular-Por-que-afuera-no-hay-lugar-para-mi-420x420.jpeg 420w, https:\/\/sergiolapegue.com\/site\/wp-content\/uploads\/2024\/10\/Programacion-fin-de-semana-teatro-popular-Por-que-afuera-no-hay-lugar-para-mi-696x696.jpeg 696w\" sizes=\"auto, (max-width: 800px) 100vw, 800px\" \/><\/figure>\n\n\n\n<p><strong>&#8220;\u00bfPOR QU\u00c9 AFUERA NO HAY LUGAR PARA M\u00cd?&#8221;<\/strong><\/p>\n\n\n\n<p>Una reflexi\u00f3n acerca del impacto padecido por seres humanos en contextos de encierro.<br>En el marco del 16 Festival y Congreso Latinoamericano de Arte hacia la desmanicomializaci\u00f3n.<br>Es una obra de teatro inspirada en la investigaci\u00f3n que realiz\u00f3 su autora, Mar\u00eda Ester Mazza, en un hospital monovalente y creada en el taller de dramaturgia de Patricia Zangaro.<br>La obra parte de una pregunta fundamental: \u00bfPor qu\u00e9 una sociedad &#8220;saca de circulaci\u00f3n&#8221; a sus sufrientes? De este modo, pone en entredicho los m\u00e9todos de encierro permanente para pacientes de la salud mental. Confronta en una tensi\u00f3n sin pausa el abordaje psiqui\u00e1trico tradicional con una nueva mirada en cuanto al tratamiento de la salud mental. En otras palabras, el enfrentamiento entre la decisi\u00f3n de un encierro sin l\u00edmite para el paciente &#8220;cr\u00f3nico&#8221; vs. el trabajo y tejido de tramas comunitarias que promuevan la rehabilitaci\u00f3n y la externaci\u00f3n asistida.<br>Desde su preestreno en 2023 en el teatro La Rancher\u00eda de Bs. As., ha llevado adelante una gira con presentaciones en el conurbano y en CABA en 2024.<\/p>\n\n\n\n<p>El Desguace, Teatro M\u00e1scaras, Centro Cultural y Social Jos\u00e9 Artigas, Teatro Aparecidas, La Calle Larga, son algunos de los espacios recorridos hasta el momento y contin\u00faan las propuestas.<\/p>\n\n\n\n<p>La obra &#8220;\u00bfPor qu\u00e9 afuera no hay lugar para m\u00ed?&#8221; fue declarada de Inter\u00e9s Municipal, Cultural y Social por El Honorable Concejo Deliberante de Luj\u00e1n.<\/p>\n\n\n\n<p><strong>Dramaturgia:<\/strong>&nbsp;Mar\u00eda Ester Mazza<\/p>\n\n\n\n<p><strong>Act\u00faan:<\/strong>&nbsp;Mar\u00eda Ester Mazza, Mariano Monsalvo, Mariela Vega<\/p>\n\n\n\n<p><strong>M\u00fasicos:<\/strong>&nbsp;Mar\u00eda Laura Grimaldi<\/p>\n\n\n\n<p><strong>Voz:<\/strong>&nbsp;Mar\u00eda Laura Grimaldi<\/p>\n\n\n\n<p><strong>Asistencia de direcci\u00f3n:<\/strong>&nbsp;Airton Santos<\/p>\n\n\n\n<p><strong>Prensa:<\/strong>&nbsp;Patricia Morante<\/p>\n\n\n\n<p><strong>Direcci\u00f3n:<\/strong>&nbsp;Patricia Zangaro<\/p>\n\n\n\n<p><strong>Entradas:<\/strong> A la gorra.<\/p>\n\n\n\n<p><strong>Reserva tu lugar:<\/strong>&nbsp;<a href=\"http:\/\/www.alternativateatral.com\/obra92365-por-que-afuera-no-hay-lugar-para-mi\" target=\"_blank\" rel=\"noreferrer noopener\">http:\/\/www.alternativateatral.com\/obra92365-por-que-afuera-no-hay-lugar-para-mi<\/a><\/p>\n\n\n\n<p><strong>Domingos 20 de octubre \u2013 20:30 horas.&nbsp;<\/strong><\/p>\n\n\n\n<figure class=\"wp-block-image size-large\"><img loading=\"lazy\" decoding=\"async\" width=\"819\" height=\"1024\" src=\"https:\/\/sergiolapegue.com\/site\/wp-content\/uploads\/2024\/10\/Programacion-fin-de-semana-teatro-el-popular-Marathon-1-819x1024.jpeg\" alt=\"\" class=\"wp-image-18659\" srcset=\"https:\/\/sergiolapegue.com\/site\/wp-content\/uploads\/2024\/10\/Programacion-fin-de-semana-teatro-el-popular-Marathon-1-819x1024.jpeg 819w, https:\/\/sergiolapegue.com\/site\/wp-content\/uploads\/2024\/10\/Programacion-fin-de-semana-teatro-el-popular-Marathon-1-240x300.jpeg 240w, https:\/\/sergiolapegue.com\/site\/wp-content\/uploads\/2024\/10\/Programacion-fin-de-semana-teatro-el-popular-Marathon-1-768x960.jpeg 768w, https:\/\/sergiolapegue.com\/site\/wp-content\/uploads\/2024\/10\/Programacion-fin-de-semana-teatro-el-popular-Marathon-1-336x420.jpeg 336w, https:\/\/sergiolapegue.com\/site\/wp-content\/uploads\/2024\/10\/Programacion-fin-de-semana-teatro-el-popular-Marathon-1-696x870.jpeg 696w, https:\/\/sergiolapegue.com\/site\/wp-content\/uploads\/2024\/10\/Programacion-fin-de-semana-teatro-el-popular-Marathon-1-1068x1335.jpeg 1068w, https:\/\/sergiolapegue.com\/site\/wp-content\/uploads\/2024\/10\/Programacion-fin-de-semana-teatro-el-popular-Marathon-1.jpeg 1080w\" sizes=\"auto, (max-width: 819px) 100vw, 819px\" \/><\/figure>\n\n\n\n<p><strong>Compa\u00f1\u00eda Teatral &#8220;En las nubes&#8221; presenta: MARATHON&#8230;Si no fuera rid\u00edculo, esto ser\u00eda una tragedia de Ricardo Monti<\/strong><strong><\/strong><\/p>\n\n\n\n<p>Buenos Aires, d\u00e9cada del 30. Tango y Crisis.<\/p>\n\n\n\n<p>Cinco parejas llevan horas (tal vez d\u00edas) participando de un concurso de baile, que promete un premio desconocido, bailan hasta desfallecer. Un animador y un guardaespaldas que sostienen la maquinaria infrahumana a la que los participantes se sometieron por voluntad propia, y una mujer misteriosa que llega a medianoche generando confusi\u00f3n.<\/p>\n\n\n\n<p>Este es el escenario de lo que podr\u00eda ser una tragedia, si no fuesen tan rid\u00edculas sus circunstancias.<\/p>\n\n\n\n<p><strong>Act\u00faan:<\/strong>&nbsp;Benjam\u00edn De Vedia, Chano Itzcovich, Agust\u00edn Malec, Felipe Mariuzzi Szekely, Milo Messina, Milagros Mocellini, Ciro Pomposiello, Delfina Rey, Camilo S\u00e1nchez Nistal, Camila Truyol, Luc\u00eda Tucci Gim\u00e9nez, Ione Marina Ull\u00faa, Paloma Urquiza.<br><strong>Direcci\u00f3n:<\/strong>&nbsp;Cinthia Demarco<\/p>\n\n\n\n<p><strong>Entradas:<\/strong>&nbsp;<a href=\"https:\/\/www.alternativateatral.com\/obra86248-marathon-si-no-fuera-ridiculo-esto-seria-una-tragedia\" target=\"_blank\" rel=\"noreferrer noopener\">https:\/\/www.alternativateatral.com\/obra86248-marathon-si-no-fuera-ridiculo-esto-seria-una-tragedia<\/a><\/p>\n\n\n\n<figure class=\"wp-block-image size-full\"><img loading=\"lazy\" decoding=\"async\" width=\"352\" height=\"268\" src=\"https:\/\/sergiolapegue.com\/site\/wp-content\/uploads\/2024\/10\/Teatro-El-Popular-1.jpeg\" alt=\"\" class=\"wp-image-18660\" srcset=\"https:\/\/sergiolapegue.com\/site\/wp-content\/uploads\/2024\/10\/Teatro-El-Popular-1.jpeg 352w, https:\/\/sergiolapegue.com\/site\/wp-content\/uploads\/2024\/10\/Teatro-El-Popular-1-300x228.jpeg 300w, https:\/\/sergiolapegue.com\/site\/wp-content\/uploads\/2024\/10\/Teatro-El-Popular-1-80x60.jpeg 80w\" sizes=\"auto, (max-width: 352px) 100vw, 352px\" \/><\/figure>\n\n\n\n<p><strong>TEATRO EL POPULAR<\/strong><\/p>\n\n\n\n<p>Chile 2080 \u2013 Capital Federal \u2013 Buenos Aires \u2013 Argentina<\/p>\n\n\n\n<p>Tel\u00e9fono: 011 2051-8438<\/p>\n\n\n\n<p>Gracias Maril\u00fa Diz Prensa del Teatro El Popular por hacernos llegar la gacetilla de prensa con toda la informaci\u00f3n de las actividades de este finde semana.<\/p>\n\n\n\n<p><\/p>\n","protected":false},"excerpt":{"rendered":"<p>El Teatro El Popular est\u00e1 dedicado a la promoci\u00f3n, difusi\u00f3n, ense\u00f1anza y producci\u00f3n de teatro argentino, te presenta la programaci\u00f3n que tiene para este fin de semana. Adem\u00e1s te contamos que el Teatro El Popular cuenta con varios talleres, entre ellos: Actuaci\u00f3n para ni\u00f1os; Montaje teatral para adolescentes, j\u00f3venes y adultos; Actuaci\u00f3n para adultos (Principiantes [&hellip;]<\/p>\n","protected":false},"author":3,"featured_media":18660,"comment_status":"open","ping_status":"closed","sticky":false,"template":"","format":"standard","meta":{"footnotes":""},"categories":[34,56,35],"tags":[],"class_list":{"0":"post-18654","1":"post","2":"type-post","3":"status-publish","4":"format-standard","5":"has-post-thumbnail","7":"category-arte","8":"category-musica","9":"category-teatro"},"yoast_head":"<!-- This site is optimized with the Yoast SEO plugin v27.5 - https:\/\/yoast.com\/product\/yoast-seo-wordpress\/ -->\n<title>PROGRAMACI\u00d3N FIN DE SEMANA TEATRO EL POPULAR \u2013 DEL 18\/10\/2024 AL 20\/10\/2024 - Sergio Lapegue<\/title>\n<meta name=\"robots\" content=\"index, follow, max-snippet:-1, max-image-preview:large, max-video-preview:-1\" \/>\n<link rel=\"canonical\" href=\"https:\/\/sergiolapegue.com\/site\/2024\/10\/17\/programacion-fin-de-semana-teatro-el-popular-del-18-10-2024-al-20-10-2024\/\" \/>\n<meta property=\"og:locale\" content=\"es_ES\" \/>\n<meta property=\"og:type\" content=\"article\" \/>\n<meta property=\"og:title\" content=\"PROGRAMACI\u00d3N FIN DE SEMANA TEATRO EL POPULAR \u2013 DEL 18\/10\/2024 AL 20\/10\/2024 - Sergio Lapegue\" \/>\n<meta property=\"og:description\" content=\"El Teatro El Popular est\u00e1 dedicado a la promoci\u00f3n, difusi\u00f3n, ense\u00f1anza y producci\u00f3n de teatro argentino, te presenta la programaci\u00f3n que tiene para este fin de semana. Adem\u00e1s te contamos que el Teatro El Popular cuenta con varios talleres, entre ellos: Actuaci\u00f3n para ni\u00f1os; Montaje teatral para adolescentes, j\u00f3venes y adultos; Actuaci\u00f3n para adultos (Principiantes [&hellip;]\" \/>\n<meta property=\"og:url\" content=\"https:\/\/sergiolapegue.com\/site\/2024\/10\/17\/programacion-fin-de-semana-teatro-el-popular-del-18-10-2024-al-20-10-2024\/\" \/>\n<meta property=\"og:site_name\" content=\"Sergio Lapegue\" \/>\n<meta property=\"article:publisher\" content=\"https:\/\/facebook.com\/sergiolapegue\" \/>\n<meta property=\"article:author\" content=\"https:\/\/facebook.com\/danielernesto.montana\" \/>\n<meta property=\"article:published_time\" content=\"2024-10-17T04:00:00+00:00\" \/>\n<meta property=\"og:image\" content=\"https:\/\/sergiolapegue.com\/site\/wp-content\/uploads\/2024\/10\/Teatro-El-Popular-1.jpeg\" \/>\n\t<meta property=\"og:image:width\" content=\"352\" \/>\n\t<meta property=\"og:image:height\" content=\"268\" \/>\n\t<meta property=\"og:image:type\" content=\"image\/jpeg\" \/>\n<meta name=\"author\" content=\"Daniel E. Monta\u00f1a\" \/>\n<meta name=\"twitter:card\" content=\"summary_large_image\" \/>\n<meta name=\"twitter:creator\" content=\"@https:\/\/twitter.com\/daner_004\" \/>\n<meta name=\"twitter:site\" content=\"@sergiolapegue\" \/>\n<meta name=\"twitter:label1\" content=\"Escrito por\" \/>\n\t<meta name=\"twitter:data1\" content=\"Daniel E. Monta\u00f1a\" \/>\n\t<meta name=\"twitter:label2\" content=\"Tiempo de lectura\" \/>\n\t<meta name=\"twitter:data2\" content=\"6 minutos\" \/>\n<script type=\"application\/ld+json\" class=\"yoast-schema-graph\">{\"@context\":\"https:\\\/\\\/schema.org\",\"@graph\":[{\"@type\":\"Article\",\"@id\":\"https:\\\/\\\/sergiolapegue.com\\\/site\\\/2024\\\/10\\\/17\\\/programacion-fin-de-semana-teatro-el-popular-del-18-10-2024-al-20-10-2024\\\/#article\",\"isPartOf\":{\"@id\":\"https:\\\/\\\/sergiolapegue.com\\\/site\\\/2024\\\/10\\\/17\\\/programacion-fin-de-semana-teatro-el-popular-del-18-10-2024-al-20-10-2024\\\/\"},\"author\":{\"name\":\"Daniel E. Monta\u00f1a\",\"@id\":\"https:\\\/\\\/sergiolapegue.com\\\/site\\\/#\\\/schema\\\/person\\\/9198e7dbab43c6d74d0fd5399af7c3cd\"},\"headline\":\"PROGRAMACI\u00d3N FIN DE SEMANA TEATRO EL POPULAR \u2013 DEL 18\\\/10\\\/2024 AL 20\\\/10\\\/2024\",\"datePublished\":\"2024-10-17T04:00:00+00:00\",\"mainEntityOfPage\":{\"@id\":\"https:\\\/\\\/sergiolapegue.com\\\/site\\\/2024\\\/10\\\/17\\\/programacion-fin-de-semana-teatro-el-popular-del-18-10-2024-al-20-10-2024\\\/\"},\"wordCount\":1012,\"commentCount\":0,\"publisher\":{\"@id\":\"https:\\\/\\\/sergiolapegue.com\\\/site\\\/#\\\/schema\\\/person\\\/083aeceeb0734cd166779ea6c0551a37\"},\"image\":{\"@id\":\"https:\\\/\\\/sergiolapegue.com\\\/site\\\/2024\\\/10\\\/17\\\/programacion-fin-de-semana-teatro-el-popular-del-18-10-2024-al-20-10-2024\\\/#primaryimage\"},\"thumbnailUrl\":\"https:\\\/\\\/sergiolapegue.com\\\/site\\\/wp-content\\\/uploads\\\/2024\\\/10\\\/Teatro-El-Popular-1.jpeg\",\"articleSection\":[\"Arte\",\"M\u00fasica\",\"Teatro\"],\"inLanguage\":\"es-AR\",\"potentialAction\":[{\"@type\":\"CommentAction\",\"name\":\"Comment\",\"target\":[\"https:\\\/\\\/sergiolapegue.com\\\/site\\\/2024\\\/10\\\/17\\\/programacion-fin-de-semana-teatro-el-popular-del-18-10-2024-al-20-10-2024\\\/#respond\"]}]},{\"@type\":\"WebPage\",\"@id\":\"https:\\\/\\\/sergiolapegue.com\\\/site\\\/2024\\\/10\\\/17\\\/programacion-fin-de-semana-teatro-el-popular-del-18-10-2024-al-20-10-2024\\\/\",\"url\":\"https:\\\/\\\/sergiolapegue.com\\\/site\\\/2024\\\/10\\\/17\\\/programacion-fin-de-semana-teatro-el-popular-del-18-10-2024-al-20-10-2024\\\/\",\"name\":\"PROGRAMACI\u00d3N FIN DE SEMANA TEATRO EL POPULAR \u2013 DEL 18\\\/10\\\/2024 AL 20\\\/10\\\/2024 - Sergio Lapegue\",\"isPartOf\":{\"@id\":\"https:\\\/\\\/sergiolapegue.com\\\/site\\\/#website\"},\"primaryImageOfPage\":{\"@id\":\"https:\\\/\\\/sergiolapegue.com\\\/site\\\/2024\\\/10\\\/17\\\/programacion-fin-de-semana-teatro-el-popular-del-18-10-2024-al-20-10-2024\\\/#primaryimage\"},\"image\":{\"@id\":\"https:\\\/\\\/sergiolapegue.com\\\/site\\\/2024\\\/10\\\/17\\\/programacion-fin-de-semana-teatro-el-popular-del-18-10-2024-al-20-10-2024\\\/#primaryimage\"},\"thumbnailUrl\":\"https:\\\/\\\/sergiolapegue.com\\\/site\\\/wp-content\\\/uploads\\\/2024\\\/10\\\/Teatro-El-Popular-1.jpeg\",\"datePublished\":\"2024-10-17T04:00:00+00:00\",\"breadcrumb\":{\"@id\":\"https:\\\/\\\/sergiolapegue.com\\\/site\\\/2024\\\/10\\\/17\\\/programacion-fin-de-semana-teatro-el-popular-del-18-10-2024-al-20-10-2024\\\/#breadcrumb\"},\"inLanguage\":\"es-AR\",\"potentialAction\":[{\"@type\":\"ReadAction\",\"target\":[\"https:\\\/\\\/sergiolapegue.com\\\/site\\\/2024\\\/10\\\/17\\\/programacion-fin-de-semana-teatro-el-popular-del-18-10-2024-al-20-10-2024\\\/\"]}]},{\"@type\":\"ImageObject\",\"inLanguage\":\"es-AR\",\"@id\":\"https:\\\/\\\/sergiolapegue.com\\\/site\\\/2024\\\/10\\\/17\\\/programacion-fin-de-semana-teatro-el-popular-del-18-10-2024-al-20-10-2024\\\/#primaryimage\",\"url\":\"https:\\\/\\\/sergiolapegue.com\\\/site\\\/wp-content\\\/uploads\\\/2024\\\/10\\\/Teatro-El-Popular-1.jpeg\",\"contentUrl\":\"https:\\\/\\\/sergiolapegue.com\\\/site\\\/wp-content\\\/uploads\\\/2024\\\/10\\\/Teatro-El-Popular-1.jpeg\",\"width\":352,\"height\":268},{\"@type\":\"BreadcrumbList\",\"@id\":\"https:\\\/\\\/sergiolapegue.com\\\/site\\\/2024\\\/10\\\/17\\\/programacion-fin-de-semana-teatro-el-popular-del-18-10-2024-al-20-10-2024\\\/#breadcrumb\",\"itemListElement\":[{\"@type\":\"ListItem\",\"position\":1,\"name\":\"Inicio\",\"item\":\"https:\\\/\\\/sergiolapegue.com\\\/site\\\/\"},{\"@type\":\"ListItem\",\"position\":2,\"name\":\"PROGRAMACI\u00d3N FIN DE SEMANA TEATRO EL POPULAR \u2013 DEL 18\\\/10\\\/2024 AL 20\\\/10\\\/2024\"}]},{\"@type\":\"WebSite\",\"@id\":\"https:\\\/\\\/sergiolapegue.com\\\/site\\\/#website\",\"url\":\"https:\\\/\\\/sergiolapegue.com\\\/site\\\/\",\"name\":\"Sergio Lapegue\",\"description\":\"Periodista\",\"publisher\":{\"@id\":\"https:\\\/\\\/sergiolapegue.com\\\/site\\\/#\\\/schema\\\/person\\\/083aeceeb0734cd166779ea6c0551a37\"},\"potentialAction\":[{\"@type\":\"SearchAction\",\"target\":{\"@type\":\"EntryPoint\",\"urlTemplate\":\"https:\\\/\\\/sergiolapegue.com\\\/site\\\/?s={search_term_string}\"},\"query-input\":{\"@type\":\"PropertyValueSpecification\",\"valueRequired\":true,\"valueName\":\"search_term_string\"}}],\"inLanguage\":\"es-AR\"},{\"@type\":[\"Person\",\"Organization\"],\"@id\":\"https:\\\/\\\/sergiolapegue.com\\\/site\\\/#\\\/schema\\\/person\\\/083aeceeb0734cd166779ea6c0551a37\",\"name\":\"Sergio Lapegue\",\"image\":{\"@type\":\"ImageObject\",\"inLanguage\":\"es-AR\",\"@id\":\"https:\\\/\\\/sergiolapegue.com\\\/site\\\/wp-content\\\/uploads\\\/2021\\\/04\\\/logo_header-1.png\",\"url\":\"https:\\\/\\\/sergiolapegue.com\\\/site\\\/wp-content\\\/uploads\\\/2021\\\/04\\\/logo_header-1.png\",\"contentUrl\":\"https:\\\/\\\/sergiolapegue.com\\\/site\\\/wp-content\\\/uploads\\\/2021\\\/04\\\/logo_header-1.png\",\"width\":272,\"height\":90,\"caption\":\"Sergio Lapegue\"},\"logo\":{\"@id\":\"https:\\\/\\\/sergiolapegue.com\\\/site\\\/wp-content\\\/uploads\\\/2021\\\/04\\\/logo_header-1.png\"},\"sameAs\":[\"https:\\\/\\\/facebook.com\\\/sergiolapegue\",\"https:\\\/\\\/instagram.com\\\/sergiolapegue\",\"https:\\\/\\\/x.com\\\/https:\\\/\\\/twitter.com\\\/sergiolapegue\"]},{\"@type\":\"Person\",\"@id\":\"https:\\\/\\\/sergiolapegue.com\\\/site\\\/#\\\/schema\\\/person\\\/9198e7dbab43c6d74d0fd5399af7c3cd\",\"name\":\"Daniel E. Monta\u00f1a\",\"image\":{\"@type\":\"ImageObject\",\"inLanguage\":\"es-AR\",\"@id\":\"https:\\\/\\\/sergiolapegue.com\\\/site\\\/wp-content\\\/uploads\\\/2021\\\/04\\\/sl_avatar_Daniel-150x150.jpg\",\"url\":\"https:\\\/\\\/sergiolapegue.com\\\/site\\\/wp-content\\\/uploads\\\/2021\\\/04\\\/sl_avatar_Daniel-150x150.jpg\",\"contentUrl\":\"https:\\\/\\\/sergiolapegue.com\\\/site\\\/wp-content\\\/uploads\\\/2021\\\/04\\\/sl_avatar_Daniel-150x150.jpg\",\"caption\":\"Daniel E. Monta\u00f1a\"},\"sameAs\":[\"https:\\\/\\\/facebook.com\\\/danielernesto.montana\",\"https:\\\/\\\/instagram.com\\\/daniel_montana1961\",\"https:\\\/\\\/x.com\\\/https:\\\/\\\/twitter.com\\\/daner_004\"],\"url\":\"https:\\\/\\\/sergiolapegue.com\\\/site\\\/author\\\/daniel\\\/\"}]}<\/script>\n<!-- \/ Yoast SEO plugin. -->","yoast_head_json":{"title":"PROGRAMACI\u00d3N FIN DE SEMANA TEATRO EL POPULAR \u2013 DEL 18\/10\/2024 AL 20\/10\/2024 - Sergio Lapegue","robots":{"index":"index","follow":"follow","max-snippet":"max-snippet:-1","max-image-preview":"max-image-preview:large","max-video-preview":"max-video-preview:-1"},"canonical":"https:\/\/sergiolapegue.com\/site\/2024\/10\/17\/programacion-fin-de-semana-teatro-el-popular-del-18-10-2024-al-20-10-2024\/","og_locale":"es_ES","og_type":"article","og_title":"PROGRAMACI\u00d3N FIN DE SEMANA TEATRO EL POPULAR \u2013 DEL 18\/10\/2024 AL 20\/10\/2024 - Sergio Lapegue","og_description":"El Teatro El Popular est\u00e1 dedicado a la promoci\u00f3n, difusi\u00f3n, ense\u00f1anza y producci\u00f3n de teatro argentino, te presenta la programaci\u00f3n que tiene para este fin de semana. Adem\u00e1s te contamos que el Teatro El Popular cuenta con varios talleres, entre ellos: Actuaci\u00f3n para ni\u00f1os; Montaje teatral para adolescentes, j\u00f3venes y adultos; Actuaci\u00f3n para adultos (Principiantes [&hellip;]","og_url":"https:\/\/sergiolapegue.com\/site\/2024\/10\/17\/programacion-fin-de-semana-teatro-el-popular-del-18-10-2024-al-20-10-2024\/","og_site_name":"Sergio Lapegue","article_publisher":"https:\/\/facebook.com\/sergiolapegue","article_author":"https:\/\/facebook.com\/danielernesto.montana","article_published_time":"2024-10-17T04:00:00+00:00","og_image":[{"width":352,"height":268,"url":"https:\/\/sergiolapegue.com\/site\/wp-content\/uploads\/2024\/10\/Teatro-El-Popular-1.jpeg","type":"image\/jpeg"}],"author":"Daniel E. Monta\u00f1a","twitter_card":"summary_large_image","twitter_creator":"@https:\/\/twitter.com\/daner_004","twitter_site":"@sergiolapegue","twitter_misc":{"Escrito por":"Daniel E. Monta\u00f1a","Tiempo de lectura":"6 minutos"},"schema":{"@context":"https:\/\/schema.org","@graph":[{"@type":"Article","@id":"https:\/\/sergiolapegue.com\/site\/2024\/10\/17\/programacion-fin-de-semana-teatro-el-popular-del-18-10-2024-al-20-10-2024\/#article","isPartOf":{"@id":"https:\/\/sergiolapegue.com\/site\/2024\/10\/17\/programacion-fin-de-semana-teatro-el-popular-del-18-10-2024-al-20-10-2024\/"},"author":{"name":"Daniel E. Monta\u00f1a","@id":"https:\/\/sergiolapegue.com\/site\/#\/schema\/person\/9198e7dbab43c6d74d0fd5399af7c3cd"},"headline":"PROGRAMACI\u00d3N FIN DE SEMANA TEATRO EL POPULAR \u2013 DEL 18\/10\/2024 AL 20\/10\/2024","datePublished":"2024-10-17T04:00:00+00:00","mainEntityOfPage":{"@id":"https:\/\/sergiolapegue.com\/site\/2024\/10\/17\/programacion-fin-de-semana-teatro-el-popular-del-18-10-2024-al-20-10-2024\/"},"wordCount":1012,"commentCount":0,"publisher":{"@id":"https:\/\/sergiolapegue.com\/site\/#\/schema\/person\/083aeceeb0734cd166779ea6c0551a37"},"image":{"@id":"https:\/\/sergiolapegue.com\/site\/2024\/10\/17\/programacion-fin-de-semana-teatro-el-popular-del-18-10-2024-al-20-10-2024\/#primaryimage"},"thumbnailUrl":"https:\/\/sergiolapegue.com\/site\/wp-content\/uploads\/2024\/10\/Teatro-El-Popular-1.jpeg","articleSection":["Arte","M\u00fasica","Teatro"],"inLanguage":"es-AR","potentialAction":[{"@type":"CommentAction","name":"Comment","target":["https:\/\/sergiolapegue.com\/site\/2024\/10\/17\/programacion-fin-de-semana-teatro-el-popular-del-18-10-2024-al-20-10-2024\/#respond"]}]},{"@type":"WebPage","@id":"https:\/\/sergiolapegue.com\/site\/2024\/10\/17\/programacion-fin-de-semana-teatro-el-popular-del-18-10-2024-al-20-10-2024\/","url":"https:\/\/sergiolapegue.com\/site\/2024\/10\/17\/programacion-fin-de-semana-teatro-el-popular-del-18-10-2024-al-20-10-2024\/","name":"PROGRAMACI\u00d3N FIN DE SEMANA TEATRO EL POPULAR \u2013 DEL 18\/10\/2024 AL 20\/10\/2024 - Sergio Lapegue","isPartOf":{"@id":"https:\/\/sergiolapegue.com\/site\/#website"},"primaryImageOfPage":{"@id":"https:\/\/sergiolapegue.com\/site\/2024\/10\/17\/programacion-fin-de-semana-teatro-el-popular-del-18-10-2024-al-20-10-2024\/#primaryimage"},"image":{"@id":"https:\/\/sergiolapegue.com\/site\/2024\/10\/17\/programacion-fin-de-semana-teatro-el-popular-del-18-10-2024-al-20-10-2024\/#primaryimage"},"thumbnailUrl":"https:\/\/sergiolapegue.com\/site\/wp-content\/uploads\/2024\/10\/Teatro-El-Popular-1.jpeg","datePublished":"2024-10-17T04:00:00+00:00","breadcrumb":{"@id":"https:\/\/sergiolapegue.com\/site\/2024\/10\/17\/programacion-fin-de-semana-teatro-el-popular-del-18-10-2024-al-20-10-2024\/#breadcrumb"},"inLanguage":"es-AR","potentialAction":[{"@type":"ReadAction","target":["https:\/\/sergiolapegue.com\/site\/2024\/10\/17\/programacion-fin-de-semana-teatro-el-popular-del-18-10-2024-al-20-10-2024\/"]}]},{"@type":"ImageObject","inLanguage":"es-AR","@id":"https:\/\/sergiolapegue.com\/site\/2024\/10\/17\/programacion-fin-de-semana-teatro-el-popular-del-18-10-2024-al-20-10-2024\/#primaryimage","url":"https:\/\/sergiolapegue.com\/site\/wp-content\/uploads\/2024\/10\/Teatro-El-Popular-1.jpeg","contentUrl":"https:\/\/sergiolapegue.com\/site\/wp-content\/uploads\/2024\/10\/Teatro-El-Popular-1.jpeg","width":352,"height":268},{"@type":"BreadcrumbList","@id":"https:\/\/sergiolapegue.com\/site\/2024\/10\/17\/programacion-fin-de-semana-teatro-el-popular-del-18-10-2024-al-20-10-2024\/#breadcrumb","itemListElement":[{"@type":"ListItem","position":1,"name":"Inicio","item":"https:\/\/sergiolapegue.com\/site\/"},{"@type":"ListItem","position":2,"name":"PROGRAMACI\u00d3N FIN DE SEMANA TEATRO EL POPULAR \u2013 DEL 18\/10\/2024 AL 20\/10\/2024"}]},{"@type":"WebSite","@id":"https:\/\/sergiolapegue.com\/site\/#website","url":"https:\/\/sergiolapegue.com\/site\/","name":"Sergio Lapegue","description":"Periodista","publisher":{"@id":"https:\/\/sergiolapegue.com\/site\/#\/schema\/person\/083aeceeb0734cd166779ea6c0551a37"},"potentialAction":[{"@type":"SearchAction","target":{"@type":"EntryPoint","urlTemplate":"https:\/\/sergiolapegue.com\/site\/?s={search_term_string}"},"query-input":{"@type":"PropertyValueSpecification","valueRequired":true,"valueName":"search_term_string"}}],"inLanguage":"es-AR"},{"@type":["Person","Organization"],"@id":"https:\/\/sergiolapegue.com\/site\/#\/schema\/person\/083aeceeb0734cd166779ea6c0551a37","name":"Sergio Lapegue","image":{"@type":"ImageObject","inLanguage":"es-AR","@id":"https:\/\/sergiolapegue.com\/site\/wp-content\/uploads\/2021\/04\/logo_header-1.png","url":"https:\/\/sergiolapegue.com\/site\/wp-content\/uploads\/2021\/04\/logo_header-1.png","contentUrl":"https:\/\/sergiolapegue.com\/site\/wp-content\/uploads\/2021\/04\/logo_header-1.png","width":272,"height":90,"caption":"Sergio Lapegue"},"logo":{"@id":"https:\/\/sergiolapegue.com\/site\/wp-content\/uploads\/2021\/04\/logo_header-1.png"},"sameAs":["https:\/\/facebook.com\/sergiolapegue","https:\/\/instagram.com\/sergiolapegue","https:\/\/x.com\/https:\/\/twitter.com\/sergiolapegue"]},{"@type":"Person","@id":"https:\/\/sergiolapegue.com\/site\/#\/schema\/person\/9198e7dbab43c6d74d0fd5399af7c3cd","name":"Daniel E. Monta\u00f1a","image":{"@type":"ImageObject","inLanguage":"es-AR","@id":"https:\/\/sergiolapegue.com\/site\/wp-content\/uploads\/2021\/04\/sl_avatar_Daniel-150x150.jpg","url":"https:\/\/sergiolapegue.com\/site\/wp-content\/uploads\/2021\/04\/sl_avatar_Daniel-150x150.jpg","contentUrl":"https:\/\/sergiolapegue.com\/site\/wp-content\/uploads\/2021\/04\/sl_avatar_Daniel-150x150.jpg","caption":"Daniel E. Monta\u00f1a"},"sameAs":["https:\/\/facebook.com\/danielernesto.montana","https:\/\/instagram.com\/daniel_montana1961","https:\/\/x.com\/https:\/\/twitter.com\/daner_004"],"url":"https:\/\/sergiolapegue.com\/site\/author\/daniel\/"}]}},"_links":{"self":[{"href":"https:\/\/sergiolapegue.com\/site\/wp-json\/wp\/v2\/posts\/18654","targetHints":{"allow":["GET"]}}],"collection":[{"href":"https:\/\/sergiolapegue.com\/site\/wp-json\/wp\/v2\/posts"}],"about":[{"href":"https:\/\/sergiolapegue.com\/site\/wp-json\/wp\/v2\/types\/post"}],"author":[{"embeddable":true,"href":"https:\/\/sergiolapegue.com\/site\/wp-json\/wp\/v2\/users\/3"}],"replies":[{"embeddable":true,"href":"https:\/\/sergiolapegue.com\/site\/wp-json\/wp\/v2\/comments?post=18654"}],"version-history":[{"count":1,"href":"https:\/\/sergiolapegue.com\/site\/wp-json\/wp\/v2\/posts\/18654\/revisions"}],"predecessor-version":[{"id":18661,"href":"https:\/\/sergiolapegue.com\/site\/wp-json\/wp\/v2\/posts\/18654\/revisions\/18661"}],"wp:featuredmedia":[{"embeddable":true,"href":"https:\/\/sergiolapegue.com\/site\/wp-json\/wp\/v2\/media\/18660"}],"wp:attachment":[{"href":"https:\/\/sergiolapegue.com\/site\/wp-json\/wp\/v2\/media?parent=18654"}],"wp:term":[{"taxonomy":"category","embeddable":true,"href":"https:\/\/sergiolapegue.com\/site\/wp-json\/wp\/v2\/categories?post=18654"},{"taxonomy":"post_tag","embeddable":true,"href":"https:\/\/sergiolapegue.com\/site\/wp-json\/wp\/v2\/tags?post=18654"}],"curies":[{"name":"wp","href":"https:\/\/api.w.org\/{rel}","templated":true}]}}