{"id":18314,"date":"2024-10-02T14:23:36","date_gmt":"2024-10-02T17:23:36","guid":{"rendered":"https:\/\/sergiolapegue.com\/site\/?p=18314"},"modified":"2024-10-02T14:23:37","modified_gmt":"2024-10-02T17:23:37","slug":"vuelve-la-feria-leer-y-comer-sergio-lapegue-dira-presente","status":"publish","type":"post","link":"https:\/\/sergiolapegue.com\/site\/2024\/10\/02\/vuelve-la-feria-leer-y-comer-sergio-lapegue-dira-presente\/","title":{"rendered":"Vuelve la Feria Leer y Comer: Sergio Lapeg\u00fce dir\u00e1 presente"},"content":{"rendered":"\n<p>El festival Leer y Comer regresa este fin de semana con una propuesta \u00fanica que combina literatura, arte y gastronom\u00eda en un solo espacio. Con entrada libre y gratuita, el evento celebra su 17\u00aa edici\u00f3n en Concepci\u00f3n Arenal y Warnes, en el barrio de Chacarita, desde las 12 horas.<\/p>\n\n\n\n<p>Para los amantes de la lectura, esta feria se consolid\u00f3 como una de las citas culturales m\u00e1s importantes del a\u00f1o en la Ciudad de Buenos Aires, donde la cultura y los sabores se encuentran para ofrecer una experiencia inolvidable.<\/p>\n\n\n\n<p>En Leer y Comer vas a encontrar una gran variedad de food trucks que ofrecen una amplia gama de opciones gastron\u00f3micas. Desde comida vegana, vegetariana, sin TACC, hasta especialidades gourmet.<\/p>\n\n\n\n<p>Adem\u00e1s de la oferta culinaria, el festival contar\u00e1 con las tradicionales charlas tem\u00e1ticas, presentaciones de libros, m\u00fasica en vivo, talleres y actividades para los m\u00e1s chicos. Todo esto dentro de un ambiente familiar y relajado.<\/p>\n\n\n\n<p>Y en esas presentaciones estar\u00e1 la de Sergio Lapeg\u00fce, junto a su hja Mica Lapeg\u00fce. Ser\u00e1 el domingo 6 de octubre a las 17.30hs, en el escenario Montenegro. Ven\u00ed a conocerlo, escucharlo, charlar y sacarte fotos junto a \u00e9l.<\/p>\n\n\n\n<figure class=\"wp-block-image size-large\"><img loading=\"lazy\" decoding=\"async\" width=\"1024\" height=\"1024\" src=\"https:\/\/sergiolapegue.com\/site\/wp-content\/uploads\/2024\/10\/WhatsApp-Image-2024-10-02-at-13.22.10-1024x1024.jpeg\" alt=\"\" class=\"wp-image-18315\" srcset=\"https:\/\/sergiolapegue.com\/site\/wp-content\/uploads\/2024\/10\/WhatsApp-Image-2024-10-02-at-13.22.10-1024x1024.jpeg 1024w, https:\/\/sergiolapegue.com\/site\/wp-content\/uploads\/2024\/10\/WhatsApp-Image-2024-10-02-at-13.22.10-300x300.jpeg 300w, https:\/\/sergiolapegue.com\/site\/wp-content\/uploads\/2024\/10\/WhatsApp-Image-2024-10-02-at-13.22.10-150x150.jpeg 150w, https:\/\/sergiolapegue.com\/site\/wp-content\/uploads\/2024\/10\/WhatsApp-Image-2024-10-02-at-13.22.10-768x768.jpeg 768w, https:\/\/sergiolapegue.com\/site\/wp-content\/uploads\/2024\/10\/WhatsApp-Image-2024-10-02-at-13.22.10-420x420.jpeg 420w, https:\/\/sergiolapegue.com\/site\/wp-content\/uploads\/2024\/10\/WhatsApp-Image-2024-10-02-at-13.22.10-696x696.jpeg 696w, https:\/\/sergiolapegue.com\/site\/wp-content\/uploads\/2024\/10\/WhatsApp-Image-2024-10-02-at-13.22.10-1068x1068.jpeg 1068w, https:\/\/sergiolapegue.com\/site\/wp-content\/uploads\/2024\/10\/WhatsApp-Image-2024-10-02-at-13.22.10.jpeg 1080w\" sizes=\"auto, (max-width: 1024px) 100vw, 1024px\" \/><\/figure>\n\n\n\n<p>Adem\u00e1s, este a\u00f1o, el festival contar\u00e1 con importantes personalidades del \u00e1mbito cultural y gastron\u00f3mico.<\/p>\n\n\n\n<p>La diversidad gastron\u00f3mica es uno de los principales atractivos del festival. Cada uno de los puestos ofrecer\u00e1 platos de alta calidad para que puedas disfrutar de una experiencia culinaria completa mientras te sumerg\u00eds en el mundo de los libros.<\/p>\n","protected":false},"excerpt":{"rendered":"<p>El festival Leer y Comer regresa este fin de semana con una propuesta \u00fanica que combina literatura, arte y gastronom\u00eda en un solo espacio. Con entrada libre y gratuita, el evento celebra su 17\u00aa edici\u00f3n en Concepci\u00f3n Arenal y Warnes, en el barrio de Chacarita, desde las 12 horas. Para los amantes de la lectura, [&hellip;]<\/p>\n","protected":false},"author":4,"featured_media":18316,"comment_status":"closed","ping_status":"closed","sticky":false,"template":"","format":"standard","meta":{"footnotes":""},"categories":[38],"tags":[983,1822,2593,1373,306,1252,2252,696,3786,1697,866,105,1319,3849,2472,3848],"class_list":{"0":"post-18314","1":"post","2":"type-post","3":"status-publish","4":"format-standard","5":"has-post-thumbnail","7":"category-actualidad","8":"tag-arte","9":"tag-chacarita","10":"tag-charlas","11":"tag-comer","12":"tag-comida","13":"tag-cultura","14":"tag-feria","15":"tag-gastronomia","16":"tag-gourmet","17":"tag-gratis","18":"tag-leer","19":"tag-literatura","20":"tag-tacc","21":"tag-talleres","22":"tag-vegano","23":"tag-vegetariano"},"yoast_head":"<!-- This site is optimized with the Yoast SEO plugin v27.5 - https:\/\/yoast.com\/product\/yoast-seo-wordpress\/ -->\n<title>Vuelve la Feria Leer y Comer: Sergio Lapeg\u00fce dir\u00e1 presente - Sergio Lapegue<\/title>\n<meta name=\"robots\" content=\"index, follow, max-snippet:-1, max-image-preview:large, max-video-preview:-1\" \/>\n<link rel=\"canonical\" href=\"https:\/\/sergiolapegue.com\/site\/2024\/10\/02\/vuelve-la-feria-leer-y-comer-sergio-lapegue-dira-presente\/\" \/>\n<meta property=\"og:locale\" content=\"es_ES\" \/>\n<meta property=\"og:type\" content=\"article\" \/>\n<meta property=\"og:title\" content=\"Vuelve la Feria Leer y Comer: Sergio Lapeg\u00fce dir\u00e1 presente - Sergio Lapegue\" \/>\n<meta property=\"og:description\" content=\"El festival Leer y Comer regresa este fin de semana con una propuesta \u00fanica que combina literatura, arte y gastronom\u00eda en un solo espacio. Con entrada libre y gratuita, el evento celebra su 17\u00aa edici\u00f3n en Concepci\u00f3n Arenal y Warnes, en el barrio de Chacarita, desde las 12 horas. Para los amantes de la lectura, [&hellip;]\" \/>\n<meta property=\"og:url\" content=\"https:\/\/sergiolapegue.com\/site\/2024\/10\/02\/vuelve-la-feria-leer-y-comer-sergio-lapegue-dira-presente\/\" \/>\n<meta property=\"og:site_name\" content=\"Sergio Lapegue\" \/>\n<meta property=\"article:publisher\" content=\"https:\/\/facebook.com\/sergiolapegue\" \/>\n<meta property=\"article:published_time\" content=\"2024-10-02T17:23:36+00:00\" \/>\n<meta property=\"article:modified_time\" content=\"2024-10-02T17:23:37+00:00\" \/>\n<meta property=\"og:image\" content=\"https:\/\/sergiolapegue.com\/site\/wp-content\/uploads\/2024\/10\/WhatsApp-Image-2024-10-02-at-14.21.02.jpeg\" \/>\n\t<meta property=\"og:image:width\" content=\"1200\" \/>\n\t<meta property=\"og:image:height\" content=\"1452\" \/>\n\t<meta property=\"og:image:type\" content=\"image\/jpeg\" \/>\n<meta name=\"author\" content=\"Leonardo Monta\u00f1a\" \/>\n<meta name=\"twitter:card\" content=\"summary_large_image\" \/>\n<meta name=\"twitter:creator\" content=\"@https:\/\/twitter.com\/soytoto81\" \/>\n<meta name=\"twitter:site\" content=\"@sergiolapegue\" \/>\n<meta name=\"twitter:label1\" content=\"Escrito por\" \/>\n\t<meta name=\"twitter:data1\" content=\"Leonardo Monta\u00f1a\" \/>\n\t<meta name=\"twitter:label2\" content=\"Tiempo de lectura\" \/>\n\t<meta name=\"twitter:data2\" content=\"2 minutos\" \/>\n<script type=\"application\/ld+json\" class=\"yoast-schema-graph\">{\"@context\":\"https:\\\/\\\/schema.org\",\"@graph\":[{\"@type\":\"Article\",\"@id\":\"https:\\\/\\\/sergiolapegue.com\\\/site\\\/2024\\\/10\\\/02\\\/vuelve-la-feria-leer-y-comer-sergio-lapegue-dira-presente\\\/#article\",\"isPartOf\":{\"@id\":\"https:\\\/\\\/sergiolapegue.com\\\/site\\\/2024\\\/10\\\/02\\\/vuelve-la-feria-leer-y-comer-sergio-lapegue-dira-presente\\\/\"},\"author\":{\"name\":\"Leonardo Monta\u00f1a\",\"@id\":\"https:\\\/\\\/sergiolapegue.com\\\/site\\\/#\\\/schema\\\/person\\\/00adf937d010c7f79a180dc4916a40e0\"},\"headline\":\"Vuelve la Feria Leer y Comer: Sergio Lapeg\u00fce dir\u00e1 presente\",\"datePublished\":\"2024-10-02T17:23:36+00:00\",\"dateModified\":\"2024-10-02T17:23:37+00:00\",\"mainEntityOfPage\":{\"@id\":\"https:\\\/\\\/sergiolapegue.com\\\/site\\\/2024\\\/10\\\/02\\\/vuelve-la-feria-leer-y-comer-sergio-lapegue-dira-presente\\\/\"},\"wordCount\":270,\"publisher\":{\"@id\":\"https:\\\/\\\/sergiolapegue.com\\\/site\\\/#\\\/schema\\\/person\\\/083aeceeb0734cd166779ea6c0551a37\"},\"image\":{\"@id\":\"https:\\\/\\\/sergiolapegue.com\\\/site\\\/2024\\\/10\\\/02\\\/vuelve-la-feria-leer-y-comer-sergio-lapegue-dira-presente\\\/#primaryimage\"},\"thumbnailUrl\":\"https:\\\/\\\/sergiolapegue.com\\\/site\\\/wp-content\\\/uploads\\\/2024\\\/10\\\/WhatsApp-Image-2024-10-02-at-14.21.02.jpeg\",\"keywords\":[\"arte\",\"chacarita\",\"charlas\",\"comer\",\"comida\",\"cultura\",\"feria\",\"gastronomia\",\"gourmet\",\"gratis\",\"leer\",\"literatura\",\"tacc\",\"talleres\",\"vegano\",\"vegetariano\"],\"articleSection\":[\"Actualidad\"],\"inLanguage\":\"es-AR\"},{\"@type\":\"WebPage\",\"@id\":\"https:\\\/\\\/sergiolapegue.com\\\/site\\\/2024\\\/10\\\/02\\\/vuelve-la-feria-leer-y-comer-sergio-lapegue-dira-presente\\\/\",\"url\":\"https:\\\/\\\/sergiolapegue.com\\\/site\\\/2024\\\/10\\\/02\\\/vuelve-la-feria-leer-y-comer-sergio-lapegue-dira-presente\\\/\",\"name\":\"Vuelve la Feria Leer y Comer: Sergio Lapeg\u00fce dir\u00e1 presente - Sergio Lapegue\",\"isPartOf\":{\"@id\":\"https:\\\/\\\/sergiolapegue.com\\\/site\\\/#website\"},\"primaryImageOfPage\":{\"@id\":\"https:\\\/\\\/sergiolapegue.com\\\/site\\\/2024\\\/10\\\/02\\\/vuelve-la-feria-leer-y-comer-sergio-lapegue-dira-presente\\\/#primaryimage\"},\"image\":{\"@id\":\"https:\\\/\\\/sergiolapegue.com\\\/site\\\/2024\\\/10\\\/02\\\/vuelve-la-feria-leer-y-comer-sergio-lapegue-dira-presente\\\/#primaryimage\"},\"thumbnailUrl\":\"https:\\\/\\\/sergiolapegue.com\\\/site\\\/wp-content\\\/uploads\\\/2024\\\/10\\\/WhatsApp-Image-2024-10-02-at-14.21.02.jpeg\",\"datePublished\":\"2024-10-02T17:23:36+00:00\",\"dateModified\":\"2024-10-02T17:23:37+00:00\",\"breadcrumb\":{\"@id\":\"https:\\\/\\\/sergiolapegue.com\\\/site\\\/2024\\\/10\\\/02\\\/vuelve-la-feria-leer-y-comer-sergio-lapegue-dira-presente\\\/#breadcrumb\"},\"inLanguage\":\"es-AR\",\"potentialAction\":[{\"@type\":\"ReadAction\",\"target\":[\"https:\\\/\\\/sergiolapegue.com\\\/site\\\/2024\\\/10\\\/02\\\/vuelve-la-feria-leer-y-comer-sergio-lapegue-dira-presente\\\/\"]}]},{\"@type\":\"ImageObject\",\"inLanguage\":\"es-AR\",\"@id\":\"https:\\\/\\\/sergiolapegue.com\\\/site\\\/2024\\\/10\\\/02\\\/vuelve-la-feria-leer-y-comer-sergio-lapegue-dira-presente\\\/#primaryimage\",\"url\":\"https:\\\/\\\/sergiolapegue.com\\\/site\\\/wp-content\\\/uploads\\\/2024\\\/10\\\/WhatsApp-Image-2024-10-02-at-14.21.02.jpeg\",\"contentUrl\":\"https:\\\/\\\/sergiolapegue.com\\\/site\\\/wp-content\\\/uploads\\\/2024\\\/10\\\/WhatsApp-Image-2024-10-02-at-14.21.02.jpeg\",\"width\":1200,\"height\":1452},{\"@type\":\"BreadcrumbList\",\"@id\":\"https:\\\/\\\/sergiolapegue.com\\\/site\\\/2024\\\/10\\\/02\\\/vuelve-la-feria-leer-y-comer-sergio-lapegue-dira-presente\\\/#breadcrumb\",\"itemListElement\":[{\"@type\":\"ListItem\",\"position\":1,\"name\":\"Inicio\",\"item\":\"https:\\\/\\\/sergiolapegue.com\\\/site\\\/\"},{\"@type\":\"ListItem\",\"position\":2,\"name\":\"Vuelve la Feria Leer y Comer: Sergio Lapeg\u00fce dir\u00e1 presente\"}]},{\"@type\":\"WebSite\",\"@id\":\"https:\\\/\\\/sergiolapegue.com\\\/site\\\/#website\",\"url\":\"https:\\\/\\\/sergiolapegue.com\\\/site\\\/\",\"name\":\"Sergio Lapegue\",\"description\":\"Periodista\",\"publisher\":{\"@id\":\"https:\\\/\\\/sergiolapegue.com\\\/site\\\/#\\\/schema\\\/person\\\/083aeceeb0734cd166779ea6c0551a37\"},\"potentialAction\":[{\"@type\":\"SearchAction\",\"target\":{\"@type\":\"EntryPoint\",\"urlTemplate\":\"https:\\\/\\\/sergiolapegue.com\\\/site\\\/?s={search_term_string}\"},\"query-input\":{\"@type\":\"PropertyValueSpecification\",\"valueRequired\":true,\"valueName\":\"search_term_string\"}}],\"inLanguage\":\"es-AR\"},{\"@type\":[\"Person\",\"Organization\"],\"@id\":\"https:\\\/\\\/sergiolapegue.com\\\/site\\\/#\\\/schema\\\/person\\\/083aeceeb0734cd166779ea6c0551a37\",\"name\":\"Sergio Lapegue\",\"image\":{\"@type\":\"ImageObject\",\"inLanguage\":\"es-AR\",\"@id\":\"https:\\\/\\\/sergiolapegue.com\\\/site\\\/wp-content\\\/uploads\\\/2021\\\/04\\\/logo_header-1.png\",\"url\":\"https:\\\/\\\/sergiolapegue.com\\\/site\\\/wp-content\\\/uploads\\\/2021\\\/04\\\/logo_header-1.png\",\"contentUrl\":\"https:\\\/\\\/sergiolapegue.com\\\/site\\\/wp-content\\\/uploads\\\/2021\\\/04\\\/logo_header-1.png\",\"width\":272,\"height\":90,\"caption\":\"Sergio Lapegue\"},\"logo\":{\"@id\":\"https:\\\/\\\/sergiolapegue.com\\\/site\\\/wp-content\\\/uploads\\\/2021\\\/04\\\/logo_header-1.png\"},\"sameAs\":[\"https:\\\/\\\/facebook.com\\\/sergiolapegue\",\"https:\\\/\\\/instagram.com\\\/sergiolapegue\",\"https:\\\/\\\/x.com\\\/https:\\\/\\\/twitter.com\\\/sergiolapegue\"]},{\"@type\":\"Person\",\"@id\":\"https:\\\/\\\/sergiolapegue.com\\\/site\\\/#\\\/schema\\\/person\\\/00adf937d010c7f79a180dc4916a40e0\",\"name\":\"Leonardo Monta\u00f1a\",\"image\":{\"@type\":\"ImageObject\",\"inLanguage\":\"es-AR\",\"@id\":\"https:\\\/\\\/sergiolapegue.com\\\/site\\\/wp-content\\\/uploads\\\/2021\\\/04\\\/sl_avatar_Leonardo-150x150.jpg\",\"url\":\"https:\\\/\\\/sergiolapegue.com\\\/site\\\/wp-content\\\/uploads\\\/2021\\\/04\\\/sl_avatar_Leonardo-150x150.jpg\",\"contentUrl\":\"https:\\\/\\\/sergiolapegue.com\\\/site\\\/wp-content\\\/uploads\\\/2021\\\/04\\\/sl_avatar_Leonardo-150x150.jpg\",\"caption\":\"Leonardo Monta\u00f1a\"},\"sameAs\":[\"https:\\\/\\\/x.com\\\/https:\\\/\\\/twitter.com\\\/soytoto81\"],\"url\":\"https:\\\/\\\/sergiolapegue.com\\\/site\\\/author\\\/leonardo\\\/\"}]}<\/script>\n<!-- \/ Yoast SEO plugin. -->","yoast_head_json":{"title":"Vuelve la Feria Leer y Comer: Sergio Lapeg\u00fce dir\u00e1 presente - Sergio Lapegue","robots":{"index":"index","follow":"follow","max-snippet":"max-snippet:-1","max-image-preview":"max-image-preview:large","max-video-preview":"max-video-preview:-1"},"canonical":"https:\/\/sergiolapegue.com\/site\/2024\/10\/02\/vuelve-la-feria-leer-y-comer-sergio-lapegue-dira-presente\/","og_locale":"es_ES","og_type":"article","og_title":"Vuelve la Feria Leer y Comer: Sergio Lapeg\u00fce dir\u00e1 presente - Sergio Lapegue","og_description":"El festival Leer y Comer regresa este fin de semana con una propuesta \u00fanica que combina literatura, arte y gastronom\u00eda en un solo espacio. Con entrada libre y gratuita, el evento celebra su 17\u00aa edici\u00f3n en Concepci\u00f3n Arenal y Warnes, en el barrio de Chacarita, desde las 12 horas. Para los amantes de la lectura, [&hellip;]","og_url":"https:\/\/sergiolapegue.com\/site\/2024\/10\/02\/vuelve-la-feria-leer-y-comer-sergio-lapegue-dira-presente\/","og_site_name":"Sergio Lapegue","article_publisher":"https:\/\/facebook.com\/sergiolapegue","article_published_time":"2024-10-02T17:23:36+00:00","article_modified_time":"2024-10-02T17:23:37+00:00","og_image":[{"width":1200,"height":1452,"url":"https:\/\/sergiolapegue.com\/site\/wp-content\/uploads\/2024\/10\/WhatsApp-Image-2024-10-02-at-14.21.02.jpeg","type":"image\/jpeg"}],"author":"Leonardo Monta\u00f1a","twitter_card":"summary_large_image","twitter_creator":"@https:\/\/twitter.com\/soytoto81","twitter_site":"@sergiolapegue","twitter_misc":{"Escrito por":"Leonardo Monta\u00f1a","Tiempo de lectura":"2 minutos"},"schema":{"@context":"https:\/\/schema.org","@graph":[{"@type":"Article","@id":"https:\/\/sergiolapegue.com\/site\/2024\/10\/02\/vuelve-la-feria-leer-y-comer-sergio-lapegue-dira-presente\/#article","isPartOf":{"@id":"https:\/\/sergiolapegue.com\/site\/2024\/10\/02\/vuelve-la-feria-leer-y-comer-sergio-lapegue-dira-presente\/"},"author":{"name":"Leonardo Monta\u00f1a","@id":"https:\/\/sergiolapegue.com\/site\/#\/schema\/person\/00adf937d010c7f79a180dc4916a40e0"},"headline":"Vuelve la Feria Leer y Comer: Sergio Lapeg\u00fce dir\u00e1 presente","datePublished":"2024-10-02T17:23:36+00:00","dateModified":"2024-10-02T17:23:37+00:00","mainEntityOfPage":{"@id":"https:\/\/sergiolapegue.com\/site\/2024\/10\/02\/vuelve-la-feria-leer-y-comer-sergio-lapegue-dira-presente\/"},"wordCount":270,"publisher":{"@id":"https:\/\/sergiolapegue.com\/site\/#\/schema\/person\/083aeceeb0734cd166779ea6c0551a37"},"image":{"@id":"https:\/\/sergiolapegue.com\/site\/2024\/10\/02\/vuelve-la-feria-leer-y-comer-sergio-lapegue-dira-presente\/#primaryimage"},"thumbnailUrl":"https:\/\/sergiolapegue.com\/site\/wp-content\/uploads\/2024\/10\/WhatsApp-Image-2024-10-02-at-14.21.02.jpeg","keywords":["arte","chacarita","charlas","comer","comida","cultura","feria","gastronomia","gourmet","gratis","leer","literatura","tacc","talleres","vegano","vegetariano"],"articleSection":["Actualidad"],"inLanguage":"es-AR"},{"@type":"WebPage","@id":"https:\/\/sergiolapegue.com\/site\/2024\/10\/02\/vuelve-la-feria-leer-y-comer-sergio-lapegue-dira-presente\/","url":"https:\/\/sergiolapegue.com\/site\/2024\/10\/02\/vuelve-la-feria-leer-y-comer-sergio-lapegue-dira-presente\/","name":"Vuelve la Feria Leer y Comer: Sergio Lapeg\u00fce dir\u00e1 presente - Sergio Lapegue","isPartOf":{"@id":"https:\/\/sergiolapegue.com\/site\/#website"},"primaryImageOfPage":{"@id":"https:\/\/sergiolapegue.com\/site\/2024\/10\/02\/vuelve-la-feria-leer-y-comer-sergio-lapegue-dira-presente\/#primaryimage"},"image":{"@id":"https:\/\/sergiolapegue.com\/site\/2024\/10\/02\/vuelve-la-feria-leer-y-comer-sergio-lapegue-dira-presente\/#primaryimage"},"thumbnailUrl":"https:\/\/sergiolapegue.com\/site\/wp-content\/uploads\/2024\/10\/WhatsApp-Image-2024-10-02-at-14.21.02.jpeg","datePublished":"2024-10-02T17:23:36+00:00","dateModified":"2024-10-02T17:23:37+00:00","breadcrumb":{"@id":"https:\/\/sergiolapegue.com\/site\/2024\/10\/02\/vuelve-la-feria-leer-y-comer-sergio-lapegue-dira-presente\/#breadcrumb"},"inLanguage":"es-AR","potentialAction":[{"@type":"ReadAction","target":["https:\/\/sergiolapegue.com\/site\/2024\/10\/02\/vuelve-la-feria-leer-y-comer-sergio-lapegue-dira-presente\/"]}]},{"@type":"ImageObject","inLanguage":"es-AR","@id":"https:\/\/sergiolapegue.com\/site\/2024\/10\/02\/vuelve-la-feria-leer-y-comer-sergio-lapegue-dira-presente\/#primaryimage","url":"https:\/\/sergiolapegue.com\/site\/wp-content\/uploads\/2024\/10\/WhatsApp-Image-2024-10-02-at-14.21.02.jpeg","contentUrl":"https:\/\/sergiolapegue.com\/site\/wp-content\/uploads\/2024\/10\/WhatsApp-Image-2024-10-02-at-14.21.02.jpeg","width":1200,"height":1452},{"@type":"BreadcrumbList","@id":"https:\/\/sergiolapegue.com\/site\/2024\/10\/02\/vuelve-la-feria-leer-y-comer-sergio-lapegue-dira-presente\/#breadcrumb","itemListElement":[{"@type":"ListItem","position":1,"name":"Inicio","item":"https:\/\/sergiolapegue.com\/site\/"},{"@type":"ListItem","position":2,"name":"Vuelve la Feria Leer y Comer: Sergio Lapeg\u00fce dir\u00e1 presente"}]},{"@type":"WebSite","@id":"https:\/\/sergiolapegue.com\/site\/#website","url":"https:\/\/sergiolapegue.com\/site\/","name":"Sergio Lapegue","description":"Periodista","publisher":{"@id":"https:\/\/sergiolapegue.com\/site\/#\/schema\/person\/083aeceeb0734cd166779ea6c0551a37"},"potentialAction":[{"@type":"SearchAction","target":{"@type":"EntryPoint","urlTemplate":"https:\/\/sergiolapegue.com\/site\/?s={search_term_string}"},"query-input":{"@type":"PropertyValueSpecification","valueRequired":true,"valueName":"search_term_string"}}],"inLanguage":"es-AR"},{"@type":["Person","Organization"],"@id":"https:\/\/sergiolapegue.com\/site\/#\/schema\/person\/083aeceeb0734cd166779ea6c0551a37","name":"Sergio Lapegue","image":{"@type":"ImageObject","inLanguage":"es-AR","@id":"https:\/\/sergiolapegue.com\/site\/wp-content\/uploads\/2021\/04\/logo_header-1.png","url":"https:\/\/sergiolapegue.com\/site\/wp-content\/uploads\/2021\/04\/logo_header-1.png","contentUrl":"https:\/\/sergiolapegue.com\/site\/wp-content\/uploads\/2021\/04\/logo_header-1.png","width":272,"height":90,"caption":"Sergio Lapegue"},"logo":{"@id":"https:\/\/sergiolapegue.com\/site\/wp-content\/uploads\/2021\/04\/logo_header-1.png"},"sameAs":["https:\/\/facebook.com\/sergiolapegue","https:\/\/instagram.com\/sergiolapegue","https:\/\/x.com\/https:\/\/twitter.com\/sergiolapegue"]},{"@type":"Person","@id":"https:\/\/sergiolapegue.com\/site\/#\/schema\/person\/00adf937d010c7f79a180dc4916a40e0","name":"Leonardo Monta\u00f1a","image":{"@type":"ImageObject","inLanguage":"es-AR","@id":"https:\/\/sergiolapegue.com\/site\/wp-content\/uploads\/2021\/04\/sl_avatar_Leonardo-150x150.jpg","url":"https:\/\/sergiolapegue.com\/site\/wp-content\/uploads\/2021\/04\/sl_avatar_Leonardo-150x150.jpg","contentUrl":"https:\/\/sergiolapegue.com\/site\/wp-content\/uploads\/2021\/04\/sl_avatar_Leonardo-150x150.jpg","caption":"Leonardo Monta\u00f1a"},"sameAs":["https:\/\/x.com\/https:\/\/twitter.com\/soytoto81"],"url":"https:\/\/sergiolapegue.com\/site\/author\/leonardo\/"}]}},"_links":{"self":[{"href":"https:\/\/sergiolapegue.com\/site\/wp-json\/wp\/v2\/posts\/18314","targetHints":{"allow":["GET"]}}],"collection":[{"href":"https:\/\/sergiolapegue.com\/site\/wp-json\/wp\/v2\/posts"}],"about":[{"href":"https:\/\/sergiolapegue.com\/site\/wp-json\/wp\/v2\/types\/post"}],"author":[{"embeddable":true,"href":"https:\/\/sergiolapegue.com\/site\/wp-json\/wp\/v2\/users\/4"}],"replies":[{"embeddable":true,"href":"https:\/\/sergiolapegue.com\/site\/wp-json\/wp\/v2\/comments?post=18314"}],"version-history":[{"count":1,"href":"https:\/\/sergiolapegue.com\/site\/wp-json\/wp\/v2\/posts\/18314\/revisions"}],"predecessor-version":[{"id":18317,"href":"https:\/\/sergiolapegue.com\/site\/wp-json\/wp\/v2\/posts\/18314\/revisions\/18317"}],"wp:featuredmedia":[{"embeddable":true,"href":"https:\/\/sergiolapegue.com\/site\/wp-json\/wp\/v2\/media\/18316"}],"wp:attachment":[{"href":"https:\/\/sergiolapegue.com\/site\/wp-json\/wp\/v2\/media?parent=18314"}],"wp:term":[{"taxonomy":"category","embeddable":true,"href":"https:\/\/sergiolapegue.com\/site\/wp-json\/wp\/v2\/categories?post=18314"},{"taxonomy":"post_tag","embeddable":true,"href":"https:\/\/sergiolapegue.com\/site\/wp-json\/wp\/v2\/tags?post=18314"}],"curies":[{"name":"wp","href":"https:\/\/api.w.org\/{rel}","templated":true}]}}