{"id":18304,"date":"2024-10-02T17:00:00","date_gmt":"2024-10-02T20:00:00","guid":{"rendered":"https:\/\/sergiolapegue.com\/site\/?p=18304"},"modified":"2024-10-02T02:31:59","modified_gmt":"2024-10-02T05:31:59","slug":"muneca-o-el-naufragio","status":"publish","type":"post","link":"https:\/\/sergiolapegue.com\/site\/2024\/10\/02\/muneca-o-el-naufragio\/","title":{"rendered":"\u201cMU\u00d1ECA O EL NAUFRAGIO\u201d"},"content":{"rendered":"\n<p>El Domingo 13 de Octubre se llevar\u00e1 a cabo el estreno de &#8220;Mu\u00f1eca o el naufragio&#8221;, con dramaturgia de Irene Almus, direcci\u00f3n de Mariana Giovine y las actuaciones de<\/p>\n\n\n\n<p>Eduardo Calvo,&nbsp;Luciana Vieyra,&nbsp;Gast\u00f3n Fr\u00edas,&nbsp;Santiago Fraccarolli,&nbsp;Irene Almus.<\/p>\n\n\n\n<p>Las funciones ser\u00e1n los d\u00edas domingos en el Espacio Experimental Le\u00f3nidas Barletta,<\/p>\n\n\n\n<figure class=\"wp-block-image size-full\"><img loading=\"lazy\" decoding=\"async\" width=\"852\" height=\"852\" src=\"https:\/\/sergiolapegue.com\/site\/wp-content\/uploads\/2024\/10\/Muneca-o-el-naufragio-1.jpeg\" alt=\"\" class=\"wp-image-18305\" srcset=\"https:\/\/sergiolapegue.com\/site\/wp-content\/uploads\/2024\/10\/Muneca-o-el-naufragio-1.jpeg 852w, https:\/\/sergiolapegue.com\/site\/wp-content\/uploads\/2024\/10\/Muneca-o-el-naufragio-1-300x300.jpeg 300w, https:\/\/sergiolapegue.com\/site\/wp-content\/uploads\/2024\/10\/Muneca-o-el-naufragio-1-150x150.jpeg 150w, https:\/\/sergiolapegue.com\/site\/wp-content\/uploads\/2024\/10\/Muneca-o-el-naufragio-1-768x768.jpeg 768w, https:\/\/sergiolapegue.com\/site\/wp-content\/uploads\/2024\/10\/Muneca-o-el-naufragio-1-420x420.jpeg 420w, https:\/\/sergiolapegue.com\/site\/wp-content\/uploads\/2024\/10\/Muneca-o-el-naufragio-1-696x696.jpeg 696w\" sizes=\"auto, (max-width: 852px) 100vw, 852px\" \/><\/figure>\n\n\n\n<p><strong>SINOPSIS<\/strong><\/p>\n\n\n\n<p>Corre el a\u00f1o 1941. En un teatro de la m\u00edtica avenida Corrientes, un grupo de actores ensaya Mu\u00f1eca de Armando Disc\u00e9polo. Durante este proceso saldr\u00e1n a la luz, con humor y patetismo, los celos, envidias y amores de sus integrantes. Todo esto confluir\u00e1 en un final inesperado donde ficci\u00f3n y realidad se mezclar\u00e1n en un final sorprendente.<\/p>\n\n\n\n<p><strong>ACERCA DE LA OBRA<\/strong><\/p>\n\n\n\n<p>La concepci\u00f3n esc\u00e9nica de &#8220;Mu\u00f1eca o el Naufragio&#8221; se sustenta en la rica tradici\u00f3n del teatro grotesco argentino. Ambientada en el contexto oscuro de la Segunda Guerra Mundial, aborda tanto las dificultades profesionales como las relaciones humanas y emocionales de los personajes.&nbsp;<\/p>\n\n\n\n<p>La obra&nbsp;se desarrolla durante el proceso de ensayos de la obra &#8220;Mu\u00f1eca&#8221; de Armando Disc\u00e9polo. Este enfoque permite que el p\u00fablico pueda sumergirse&nbsp;en el ambiente \u00edntimo y ca\u00f3tico de un proceso creativo, revelando&nbsp;las miserias y vulnerabilidades tanto de los personajes ficticios, como de los actores enfrentando su propia lucha creativa.&nbsp;El humor se convierte en una v\u00e1lvula de escape para el miedo al olvido, al fracaso y a la opresi\u00f3n. &#8220;Mu\u00f1eca o el Naufragio&#8221; no solo celebra el legado teatral argentino, sino que tambi\u00e9n nos invita a re\u00edrnos de nuestros propios temores.&nbsp; &nbsp;&nbsp;<\/p>\n\n\n\n<figure class=\"wp-block-image size-large\"><img loading=\"lazy\" decoding=\"async\" width=\"1024\" height=\"723\" src=\"https:\/\/sergiolapegue.com\/site\/wp-content\/uploads\/2024\/10\/Muneca-o-el-naufragio-2-1024x723.jpg\" alt=\"\" class=\"wp-image-18306\" srcset=\"https:\/\/sergiolapegue.com\/site\/wp-content\/uploads\/2024\/10\/Muneca-o-el-naufragio-2-1024x723.jpg 1024w, https:\/\/sergiolapegue.com\/site\/wp-content\/uploads\/2024\/10\/Muneca-o-el-naufragio-2-300x212.jpg 300w, https:\/\/sergiolapegue.com\/site\/wp-content\/uploads\/2024\/10\/Muneca-o-el-naufragio-2-768x542.jpg 768w, https:\/\/sergiolapegue.com\/site\/wp-content\/uploads\/2024\/10\/Muneca-o-el-naufragio-2-595x420.jpg 595w, https:\/\/sergiolapegue.com\/site\/wp-content\/uploads\/2024\/10\/Muneca-o-el-naufragio-2-696x492.jpg 696w, https:\/\/sergiolapegue.com\/site\/wp-content\/uploads\/2024\/10\/Muneca-o-el-naufragio-2-1068x754.jpg 1068w, https:\/\/sergiolapegue.com\/site\/wp-content\/uploads\/2024\/10\/Muneca-o-el-naufragio-2.jpg 1280w\" sizes=\"auto, (max-width: 1024px) 100vw, 1024px\" \/><\/figure>\n\n\n\n<p><strong>FICHA T\u00c9CNICO ART\u00cdSTICA<\/strong><\/p>\n\n\n\n<p><strong>Dramaturgia:<\/strong>&nbsp;Irene Almus<\/p>\n\n\n\n<p><strong>Actuaci\u00f3n:<\/strong>&nbsp;Eduardo Calvo&nbsp;como Ren\u00e9 Bravo\/ Anselmo&nbsp;<\/p>\n\n\n\n<p>\u00a0\u00a0\u00a0\u00a0\u00a0\u00a0\u00a0\u00a0\u00a0\u00a0\u00a0\u00a0\u00a0\u00a0\u00a0\u00a0\u00a0 Luciana Vieyra\u00a0como Adela Pico\/ Mu\u00f1eca<\/p>\n\n\n\n<p>\u00a0\u00a0\u00a0\u00a0\u00a0\u00a0\u00a0\u00a0\u00a0\u00a0\u00a0\u00a0\u00a0\u00a0\u00a0\u00a0\u00a0 Gast\u00f3n Fr\u00edas\u00a0como Fito Leber\/ Enrique<\/p>\n\n\n\n<p>\u00a0\u00a0\u00a0\u00a0\u00a0\u00a0\u00a0\u00a0\u00a0\u00a0\u00a0\u00a0\u00a0\u00a0\u00a0\u00a0\u00a0 Santiago Fraccarolli\u00a0como Emilio<\/p>\n\n\n\n<p>\u00a0\u00a0\u00a0\u00a0\u00a0\u00a0\u00a0\u00a0\u00a0\u00a0\u00a0\u00a0\u00a0\u00a0\u00a0\u00a0\u00a0 Irene Almus\u00a0como Beatriz<\/p>\n\n\n\n<p><strong>Escenograf\u00eda:<\/strong>&nbsp;Alejandro Mateo<\/p>\n\n\n\n<p><strong>Vestuario:<\/strong>&nbsp;Alejandro Mateo<\/p>\n\n\n\n<p><strong>Iluminaci\u00f3n:<\/strong>&nbsp;Horacio Novelle<\/p>\n\n\n\n<p><strong>M\u00fasica original:<\/strong>&nbsp;Gast\u00f3n Fr\u00edas<\/p>\n\n\n\n<p><strong>Dise\u00f1o gr\u00e1fico:<\/strong>&nbsp;Santiago Fraccarolli<\/p>\n\n\n\n<p><strong>Fotograf\u00eda:<\/strong>&nbsp;Gast\u00f3n Fr\u00edas<\/p>\n\n\n\n<p><strong>Prensa:<\/strong>&nbsp;Valeria Franchi<\/p>\n\n\n\n<p><strong>Producci\u00f3n ejecutiva:<\/strong>&nbsp;Fabi Maneiro<\/p>\n\n\n\n<p><strong>Asistente de direcci\u00f3n:<\/strong>&nbsp;Tadeo Goldstein<\/p>\n\n\n\n<p><strong>Direcci\u00f3n:<\/strong>&nbsp;Mariana Giovine<\/p>\n\n\n\n<p><strong>Instagram:<\/strong> @munecaoelnaufragio<\/p>\n\n\n\n<p><strong>Duraci\u00f3n:<\/strong>&nbsp;60 minutos<\/p>\n\n\n\n<p><strong>Clasificaci\u00f3n:<\/strong> Teatro \u2013 Presencial \u2013 Adultos <a><\/a><\/p>\n\n\n\n<figure class=\"wp-block-image size-full is-resized\"><img loading=\"lazy\" decoding=\"async\" width=\"444\" height=\"528\" src=\"https:\/\/sergiolapegue.com\/site\/wp-content\/uploads\/2024\/10\/Muneca-o-el-naufragio-4.jpeg\" alt=\"\" class=\"wp-image-18307\" style=\"width:696px;height:auto\" srcset=\"https:\/\/sergiolapegue.com\/site\/wp-content\/uploads\/2024\/10\/Muneca-o-el-naufragio-4.jpeg 444w, https:\/\/sergiolapegue.com\/site\/wp-content\/uploads\/2024\/10\/Muneca-o-el-naufragio-4-252x300.jpeg 252w, https:\/\/sergiolapegue.com\/site\/wp-content\/uploads\/2024\/10\/Muneca-o-el-naufragio-4-353x420.jpeg 353w\" sizes=\"auto, (max-width: 444px) 100vw, 444px\" \/><\/figure>\n\n\n\n<p><strong>SALA TEATRAL INDA LEDESMA \u2013 ESPACIO EXPERIMENTAL LE\u00d3NIDAS BARLETTA<\/strong><\/p>\n\n\n\n<p>Av. Roque S\u00e1enz Pe\u00f1a 943 \u2013 Capital Federal \u2013 Buenos Aires \u2013 Argentina<\/p>\n\n\n\n<p>Tel\u00e9fono: 4326-3606<\/p>\n\n\n\n<p>Entradas: $ 10.000 \u2013 en boleter\u00eda del teatro o por <a href=\"http:\/\/www.alternativateatral.com\">www.alternativateatral.com<\/a><\/p>\n\n\n\n<p>Funciones: Domingos 19:00 horas \u2013 Del 13\/10\/2024 al 24\/11\/2024<\/p>\n\n\n\n<p>Gracias Valeria Franchi por acercarnos la gacetilla de prensa del estreno de este espect\u00e1culo.<\/p>\n\n\n\n<p><strong>SOBRE IRENE ALMUS \u2013 Dramaturga \u2013 Actriz<\/strong><\/p>\n\n\n\n<p>Premios y nominaciones:<\/p>\n\n\n\n<p>Nominaciones a: Mejor Actriz de reparto por los premios Florencio S\u00e1nchez, Trinidad Guevara, Estrella de Mar, Mar\u00eda Guerrero, ACE.&nbsp;Premio Hugo Mejor Actriz protag\u00f3nica en musical.&nbsp;Como autora: Nominaci\u00f3n Mejor Obra Musical Premios Hugo a \u201cEspumas de Oriente\u201d.&nbsp;Nominaci\u00f3n Mejor Obra alternativa Premios ACE a \u201cEspumas de Oriente\u201d.<\/p>\n\n\n\n<p>Teatro: \u201cLos empe\u00f1os de una casa\u201d, &#8220;La celosa de s\u00ed misma&#8221;, \u201cEl lindo Don Diego\u201d y \u201cLa Discreta enamorada\u201d Centro Cultural de la Cooperaci\u00f3n y festivales en Espa\u00f1a; \u201cEspumas de Oriente\u201d Teatro N\u00fcn;&nbsp; \u201cVacas Sagradas\u201d, \u201cEstado del tiempo\u201d Centro Cultural de la Cooperaci\u00f3n;&nbsp; \u201cCosas de Payasas\u201d Centro Cultural de la Cooperaci\u00f3n; \u201cEl Conventillo de la Paloma\u201d, \u201cGlobo\u201d, &#8220;Amarga Marietta&#8221; Teatro Nacional Cervantes; \u201cRomeo y Julieta\u201d Teatro Regio;&nbsp; \u201cDespertar de Primavera\u201d Teatro Astral; \u201cEl Salpic\u00f3n\u201d Paseo La Plaza. Cine: Dos ilusiones, El cine de Maite, El regreso de Peter Cascada, Un juego absurdo, Piedras, Ni\u00f1o pez, D\u00edas de vinilo, Eso que llaman amor, La lata de bizcochos, Cielito lindo, Yo nena, yo princesa.<\/p>\n\n\n\n<p><strong>SOBRE MARIANA GIOVINE \u2013 Directora<\/strong><\/p>\n\n\n\n<p>Naci\u00f3 en Buenos Aires el 25 de noviembre de 1980, es actriz, docente y directora teatral. Se&nbsp;egres\u00f3 de la Escuela Metropolitana de Arte Dram\u00e1tico (EMAD) y recibi\u00f3 formaci\u00f3n adicional con reconocidos maestros como Alejandra Boero,&nbsp; Agust\u00edn Alezzo, Diego Cazabat, Hern\u00e1n Franco, Gabriel Cham\u00e9 Buend\u00eda.&nbsp;<\/p>\n\n\n\n<p>Nominada como revelaci\u00f3n premio Florencio S\u00e1nchez 2013 por la direcci\u00f3n de \u201cA prop\u00f3sito del tiempo\u201d. Nominada premio Estrella de Mar 2016 como mejor actriz de comedia dram\u00e1tica por su actuaci\u00f3n en \u201cDistracciones\u201d.&nbsp;<\/p>\n\n\n\n<p>Como directora, ha trabajado en producciones como &#8220;Cocinando con Elisa&#8221; y &#8220;Distracciones&#8221;, &#8220;La panadera&nbsp;de los poetas&#8221;, &#8220;A prop\u00f3sito del tiempo&#8221; entre otras. Su trayectoria actoral incluye obras como &#8220;Filomena Marturano&#8221;, &#8220;Romeo y Julieta&#8221;, &#8220;La Farolera&#8221; y &#8220;Yerma&#8221;, entre otras.&nbsp;<\/p>\n\n\n\n<p>Adem\u00e1s, fue parte del grupo \u201cCatalinas Sur\u201d y particip\u00f3 en el ciclo \u201cTeatro por la identidad\u201d.&nbsp;&nbsp;<\/p>\n\n\n\n<p><\/p>\n","protected":false},"excerpt":{"rendered":"<p>El Domingo 13 de Octubre se llevar\u00e1 a cabo el estreno de &#8220;Mu\u00f1eca o el naufragio&#8221;, con dramaturgia de Irene Almus, direcci\u00f3n de Mariana Giovine y las actuaciones de Eduardo Calvo,&nbsp;Luciana Vieyra,&nbsp;Gast\u00f3n Fr\u00edas,&nbsp;Santiago Fraccarolli,&nbsp;Irene Almus. Las funciones ser\u00e1n los d\u00edas domingos en el Espacio Experimental Le\u00f3nidas Barletta, SINOPSIS Corre el a\u00f1o 1941. En un teatro [&hellip;]<\/p>\n","protected":false},"author":3,"featured_media":18308,"comment_status":"open","ping_status":"closed","sticky":false,"template":"","format":"standard","meta":{"footnotes":""},"categories":[34,35],"tags":[],"class_list":{"0":"post-18304","1":"post","2":"type-post","3":"status-publish","4":"format-standard","5":"has-post-thumbnail","7":"category-arte","8":"category-teatro"},"yoast_head":"<!-- This site is optimized with the Yoast SEO plugin v27.5 - https:\/\/yoast.com\/product\/yoast-seo-wordpress\/ -->\n<title>\u201cMU\u00d1ECA O EL NAUFRAGIO\u201d - Sergio Lapegue<\/title>\n<meta name=\"robots\" content=\"index, follow, max-snippet:-1, max-image-preview:large, max-video-preview:-1\" \/>\n<link rel=\"canonical\" href=\"https:\/\/sergiolapegue.com\/site\/2024\/10\/02\/muneca-o-el-naufragio\/\" \/>\n<meta property=\"og:locale\" content=\"es_ES\" \/>\n<meta property=\"og:type\" content=\"article\" \/>\n<meta property=\"og:title\" content=\"\u201cMU\u00d1ECA O EL NAUFRAGIO\u201d - Sergio Lapegue\" \/>\n<meta property=\"og:description\" content=\"El Domingo 13 de Octubre se llevar\u00e1 a cabo el estreno de &#8220;Mu\u00f1eca o el naufragio&#8221;, con dramaturgia de Irene Almus, direcci\u00f3n de Mariana Giovine y las actuaciones de Eduardo Calvo,&nbsp;Luciana Vieyra,&nbsp;Gast\u00f3n Fr\u00edas,&nbsp;Santiago Fraccarolli,&nbsp;Irene Almus. Las funciones ser\u00e1n los d\u00edas domingos en el Espacio Experimental Le\u00f3nidas Barletta, SINOPSIS Corre el a\u00f1o 1941. En un teatro [&hellip;]\" \/>\n<meta property=\"og:url\" content=\"https:\/\/sergiolapegue.com\/site\/2024\/10\/02\/muneca-o-el-naufragio\/\" \/>\n<meta property=\"og:site_name\" content=\"Sergio Lapegue\" \/>\n<meta property=\"article:publisher\" content=\"https:\/\/facebook.com\/sergiolapegue\" \/>\n<meta property=\"article:author\" content=\"https:\/\/facebook.com\/danielernesto.montana\" \/>\n<meta property=\"article:published_time\" content=\"2024-10-02T20:00:00+00:00\" \/>\n<meta property=\"og:image\" content=\"https:\/\/sergiolapegue.com\/site\/wp-content\/uploads\/2024\/10\/Muneca-o-el-naufragio.jpg\" \/>\n\t<meta property=\"og:image:width\" content=\"1080\" \/>\n\t<meta property=\"og:image:height\" content=\"1080\" \/>\n\t<meta property=\"og:image:type\" content=\"image\/jpeg\" \/>\n<meta name=\"author\" content=\"Daniel E. Monta\u00f1a\" \/>\n<meta name=\"twitter:card\" content=\"summary_large_image\" \/>\n<meta name=\"twitter:creator\" content=\"@https:\/\/twitter.com\/daner_004\" \/>\n<meta name=\"twitter:site\" content=\"@sergiolapegue\" \/>\n<meta name=\"twitter:label1\" content=\"Escrito por\" \/>\n\t<meta name=\"twitter:data1\" content=\"Daniel E. Monta\u00f1a\" \/>\n\t<meta name=\"twitter:label2\" content=\"Tiempo de lectura\" \/>\n\t<meta name=\"twitter:data2\" content=\"4 minutos\" \/>\n<script type=\"application\/ld+json\" class=\"yoast-schema-graph\">{\"@context\":\"https:\\\/\\\/schema.org\",\"@graph\":[{\"@type\":\"Article\",\"@id\":\"https:\\\/\\\/sergiolapegue.com\\\/site\\\/2024\\\/10\\\/02\\\/muneca-o-el-naufragio\\\/#article\",\"isPartOf\":{\"@id\":\"https:\\\/\\\/sergiolapegue.com\\\/site\\\/2024\\\/10\\\/02\\\/muneca-o-el-naufragio\\\/\"},\"author\":{\"name\":\"Daniel E. Monta\u00f1a\",\"@id\":\"https:\\\/\\\/sergiolapegue.com\\\/site\\\/#\\\/schema\\\/person\\\/9198e7dbab43c6d74d0fd5399af7c3cd\"},\"headline\":\"\u201cMU\u00d1ECA O EL NAUFRAGIO\u201d\",\"datePublished\":\"2024-10-02T20:00:00+00:00\",\"mainEntityOfPage\":{\"@id\":\"https:\\\/\\\/sergiolapegue.com\\\/site\\\/2024\\\/10\\\/02\\\/muneca-o-el-naufragio\\\/\"},\"wordCount\":800,\"commentCount\":0,\"publisher\":{\"@id\":\"https:\\\/\\\/sergiolapegue.com\\\/site\\\/#\\\/schema\\\/person\\\/083aeceeb0734cd166779ea6c0551a37\"},\"image\":{\"@id\":\"https:\\\/\\\/sergiolapegue.com\\\/site\\\/2024\\\/10\\\/02\\\/muneca-o-el-naufragio\\\/#primaryimage\"},\"thumbnailUrl\":\"https:\\\/\\\/sergiolapegue.com\\\/site\\\/wp-content\\\/uploads\\\/2024\\\/10\\\/Muneca-o-el-naufragio.jpg\",\"articleSection\":[\"Arte\",\"Teatro\"],\"inLanguage\":\"es-AR\",\"potentialAction\":[{\"@type\":\"CommentAction\",\"name\":\"Comment\",\"target\":[\"https:\\\/\\\/sergiolapegue.com\\\/site\\\/2024\\\/10\\\/02\\\/muneca-o-el-naufragio\\\/#respond\"]}]},{\"@type\":\"WebPage\",\"@id\":\"https:\\\/\\\/sergiolapegue.com\\\/site\\\/2024\\\/10\\\/02\\\/muneca-o-el-naufragio\\\/\",\"url\":\"https:\\\/\\\/sergiolapegue.com\\\/site\\\/2024\\\/10\\\/02\\\/muneca-o-el-naufragio\\\/\",\"name\":\"\u201cMU\u00d1ECA O EL NAUFRAGIO\u201d - Sergio Lapegue\",\"isPartOf\":{\"@id\":\"https:\\\/\\\/sergiolapegue.com\\\/site\\\/#website\"},\"primaryImageOfPage\":{\"@id\":\"https:\\\/\\\/sergiolapegue.com\\\/site\\\/2024\\\/10\\\/02\\\/muneca-o-el-naufragio\\\/#primaryimage\"},\"image\":{\"@id\":\"https:\\\/\\\/sergiolapegue.com\\\/site\\\/2024\\\/10\\\/02\\\/muneca-o-el-naufragio\\\/#primaryimage\"},\"thumbnailUrl\":\"https:\\\/\\\/sergiolapegue.com\\\/site\\\/wp-content\\\/uploads\\\/2024\\\/10\\\/Muneca-o-el-naufragio.jpg\",\"datePublished\":\"2024-10-02T20:00:00+00:00\",\"breadcrumb\":{\"@id\":\"https:\\\/\\\/sergiolapegue.com\\\/site\\\/2024\\\/10\\\/02\\\/muneca-o-el-naufragio\\\/#breadcrumb\"},\"inLanguage\":\"es-AR\",\"potentialAction\":[{\"@type\":\"ReadAction\",\"target\":[\"https:\\\/\\\/sergiolapegue.com\\\/site\\\/2024\\\/10\\\/02\\\/muneca-o-el-naufragio\\\/\"]}]},{\"@type\":\"ImageObject\",\"inLanguage\":\"es-AR\",\"@id\":\"https:\\\/\\\/sergiolapegue.com\\\/site\\\/2024\\\/10\\\/02\\\/muneca-o-el-naufragio\\\/#primaryimage\",\"url\":\"https:\\\/\\\/sergiolapegue.com\\\/site\\\/wp-content\\\/uploads\\\/2024\\\/10\\\/Muneca-o-el-naufragio.jpg\",\"contentUrl\":\"https:\\\/\\\/sergiolapegue.com\\\/site\\\/wp-content\\\/uploads\\\/2024\\\/10\\\/Muneca-o-el-naufragio.jpg\",\"width\":1080,\"height\":1080},{\"@type\":\"BreadcrumbList\",\"@id\":\"https:\\\/\\\/sergiolapegue.com\\\/site\\\/2024\\\/10\\\/02\\\/muneca-o-el-naufragio\\\/#breadcrumb\",\"itemListElement\":[{\"@type\":\"ListItem\",\"position\":1,\"name\":\"Inicio\",\"item\":\"https:\\\/\\\/sergiolapegue.com\\\/site\\\/\"},{\"@type\":\"ListItem\",\"position\":2,\"name\":\"\u201cMU\u00d1ECA O EL NAUFRAGIO\u201d\"}]},{\"@type\":\"WebSite\",\"@id\":\"https:\\\/\\\/sergiolapegue.com\\\/site\\\/#website\",\"url\":\"https:\\\/\\\/sergiolapegue.com\\\/site\\\/\",\"name\":\"Sergio Lapegue\",\"description\":\"Periodista\",\"publisher\":{\"@id\":\"https:\\\/\\\/sergiolapegue.com\\\/site\\\/#\\\/schema\\\/person\\\/083aeceeb0734cd166779ea6c0551a37\"},\"potentialAction\":[{\"@type\":\"SearchAction\",\"target\":{\"@type\":\"EntryPoint\",\"urlTemplate\":\"https:\\\/\\\/sergiolapegue.com\\\/site\\\/?s={search_term_string}\"},\"query-input\":{\"@type\":\"PropertyValueSpecification\",\"valueRequired\":true,\"valueName\":\"search_term_string\"}}],\"inLanguage\":\"es-AR\"},{\"@type\":[\"Person\",\"Organization\"],\"@id\":\"https:\\\/\\\/sergiolapegue.com\\\/site\\\/#\\\/schema\\\/person\\\/083aeceeb0734cd166779ea6c0551a37\",\"name\":\"Sergio Lapegue\",\"image\":{\"@type\":\"ImageObject\",\"inLanguage\":\"es-AR\",\"@id\":\"https:\\\/\\\/sergiolapegue.com\\\/site\\\/wp-content\\\/uploads\\\/2021\\\/04\\\/logo_header-1.png\",\"url\":\"https:\\\/\\\/sergiolapegue.com\\\/site\\\/wp-content\\\/uploads\\\/2021\\\/04\\\/logo_header-1.png\",\"contentUrl\":\"https:\\\/\\\/sergiolapegue.com\\\/site\\\/wp-content\\\/uploads\\\/2021\\\/04\\\/logo_header-1.png\",\"width\":272,\"height\":90,\"caption\":\"Sergio Lapegue\"},\"logo\":{\"@id\":\"https:\\\/\\\/sergiolapegue.com\\\/site\\\/wp-content\\\/uploads\\\/2021\\\/04\\\/logo_header-1.png\"},\"sameAs\":[\"https:\\\/\\\/facebook.com\\\/sergiolapegue\",\"https:\\\/\\\/instagram.com\\\/sergiolapegue\",\"https:\\\/\\\/x.com\\\/https:\\\/\\\/twitter.com\\\/sergiolapegue\"]},{\"@type\":\"Person\",\"@id\":\"https:\\\/\\\/sergiolapegue.com\\\/site\\\/#\\\/schema\\\/person\\\/9198e7dbab43c6d74d0fd5399af7c3cd\",\"name\":\"Daniel E. Monta\u00f1a\",\"image\":{\"@type\":\"ImageObject\",\"inLanguage\":\"es-AR\",\"@id\":\"https:\\\/\\\/sergiolapegue.com\\\/site\\\/wp-content\\\/uploads\\\/2021\\\/04\\\/sl_avatar_Daniel-150x150.jpg\",\"url\":\"https:\\\/\\\/sergiolapegue.com\\\/site\\\/wp-content\\\/uploads\\\/2021\\\/04\\\/sl_avatar_Daniel-150x150.jpg\",\"contentUrl\":\"https:\\\/\\\/sergiolapegue.com\\\/site\\\/wp-content\\\/uploads\\\/2021\\\/04\\\/sl_avatar_Daniel-150x150.jpg\",\"caption\":\"Daniel E. Monta\u00f1a\"},\"sameAs\":[\"https:\\\/\\\/facebook.com\\\/danielernesto.montana\",\"https:\\\/\\\/instagram.com\\\/daniel_montana1961\",\"https:\\\/\\\/x.com\\\/https:\\\/\\\/twitter.com\\\/daner_004\"],\"url\":\"https:\\\/\\\/sergiolapegue.com\\\/site\\\/author\\\/daniel\\\/\"}]}<\/script>\n<!-- \/ Yoast SEO plugin. -->","yoast_head_json":{"title":"\u201cMU\u00d1ECA O EL NAUFRAGIO\u201d - Sergio Lapegue","robots":{"index":"index","follow":"follow","max-snippet":"max-snippet:-1","max-image-preview":"max-image-preview:large","max-video-preview":"max-video-preview:-1"},"canonical":"https:\/\/sergiolapegue.com\/site\/2024\/10\/02\/muneca-o-el-naufragio\/","og_locale":"es_ES","og_type":"article","og_title":"\u201cMU\u00d1ECA O EL NAUFRAGIO\u201d - Sergio Lapegue","og_description":"El Domingo 13 de Octubre se llevar\u00e1 a cabo el estreno de &#8220;Mu\u00f1eca o el naufragio&#8221;, con dramaturgia de Irene Almus, direcci\u00f3n de Mariana Giovine y las actuaciones de Eduardo Calvo,&nbsp;Luciana Vieyra,&nbsp;Gast\u00f3n Fr\u00edas,&nbsp;Santiago Fraccarolli,&nbsp;Irene Almus. Las funciones ser\u00e1n los d\u00edas domingos en el Espacio Experimental Le\u00f3nidas Barletta, SINOPSIS Corre el a\u00f1o 1941. En un teatro [&hellip;]","og_url":"https:\/\/sergiolapegue.com\/site\/2024\/10\/02\/muneca-o-el-naufragio\/","og_site_name":"Sergio Lapegue","article_publisher":"https:\/\/facebook.com\/sergiolapegue","article_author":"https:\/\/facebook.com\/danielernesto.montana","article_published_time":"2024-10-02T20:00:00+00:00","og_image":[{"width":1080,"height":1080,"url":"https:\/\/sergiolapegue.com\/site\/wp-content\/uploads\/2024\/10\/Muneca-o-el-naufragio.jpg","type":"image\/jpeg"}],"author":"Daniel E. Monta\u00f1a","twitter_card":"summary_large_image","twitter_creator":"@https:\/\/twitter.com\/daner_004","twitter_site":"@sergiolapegue","twitter_misc":{"Escrito por":"Daniel E. Monta\u00f1a","Tiempo de lectura":"4 minutos"},"schema":{"@context":"https:\/\/schema.org","@graph":[{"@type":"Article","@id":"https:\/\/sergiolapegue.com\/site\/2024\/10\/02\/muneca-o-el-naufragio\/#article","isPartOf":{"@id":"https:\/\/sergiolapegue.com\/site\/2024\/10\/02\/muneca-o-el-naufragio\/"},"author":{"name":"Daniel E. Monta\u00f1a","@id":"https:\/\/sergiolapegue.com\/site\/#\/schema\/person\/9198e7dbab43c6d74d0fd5399af7c3cd"},"headline":"\u201cMU\u00d1ECA O EL NAUFRAGIO\u201d","datePublished":"2024-10-02T20:00:00+00:00","mainEntityOfPage":{"@id":"https:\/\/sergiolapegue.com\/site\/2024\/10\/02\/muneca-o-el-naufragio\/"},"wordCount":800,"commentCount":0,"publisher":{"@id":"https:\/\/sergiolapegue.com\/site\/#\/schema\/person\/083aeceeb0734cd166779ea6c0551a37"},"image":{"@id":"https:\/\/sergiolapegue.com\/site\/2024\/10\/02\/muneca-o-el-naufragio\/#primaryimage"},"thumbnailUrl":"https:\/\/sergiolapegue.com\/site\/wp-content\/uploads\/2024\/10\/Muneca-o-el-naufragio.jpg","articleSection":["Arte","Teatro"],"inLanguage":"es-AR","potentialAction":[{"@type":"CommentAction","name":"Comment","target":["https:\/\/sergiolapegue.com\/site\/2024\/10\/02\/muneca-o-el-naufragio\/#respond"]}]},{"@type":"WebPage","@id":"https:\/\/sergiolapegue.com\/site\/2024\/10\/02\/muneca-o-el-naufragio\/","url":"https:\/\/sergiolapegue.com\/site\/2024\/10\/02\/muneca-o-el-naufragio\/","name":"\u201cMU\u00d1ECA O EL NAUFRAGIO\u201d - Sergio Lapegue","isPartOf":{"@id":"https:\/\/sergiolapegue.com\/site\/#website"},"primaryImageOfPage":{"@id":"https:\/\/sergiolapegue.com\/site\/2024\/10\/02\/muneca-o-el-naufragio\/#primaryimage"},"image":{"@id":"https:\/\/sergiolapegue.com\/site\/2024\/10\/02\/muneca-o-el-naufragio\/#primaryimage"},"thumbnailUrl":"https:\/\/sergiolapegue.com\/site\/wp-content\/uploads\/2024\/10\/Muneca-o-el-naufragio.jpg","datePublished":"2024-10-02T20:00:00+00:00","breadcrumb":{"@id":"https:\/\/sergiolapegue.com\/site\/2024\/10\/02\/muneca-o-el-naufragio\/#breadcrumb"},"inLanguage":"es-AR","potentialAction":[{"@type":"ReadAction","target":["https:\/\/sergiolapegue.com\/site\/2024\/10\/02\/muneca-o-el-naufragio\/"]}]},{"@type":"ImageObject","inLanguage":"es-AR","@id":"https:\/\/sergiolapegue.com\/site\/2024\/10\/02\/muneca-o-el-naufragio\/#primaryimage","url":"https:\/\/sergiolapegue.com\/site\/wp-content\/uploads\/2024\/10\/Muneca-o-el-naufragio.jpg","contentUrl":"https:\/\/sergiolapegue.com\/site\/wp-content\/uploads\/2024\/10\/Muneca-o-el-naufragio.jpg","width":1080,"height":1080},{"@type":"BreadcrumbList","@id":"https:\/\/sergiolapegue.com\/site\/2024\/10\/02\/muneca-o-el-naufragio\/#breadcrumb","itemListElement":[{"@type":"ListItem","position":1,"name":"Inicio","item":"https:\/\/sergiolapegue.com\/site\/"},{"@type":"ListItem","position":2,"name":"\u201cMU\u00d1ECA O EL NAUFRAGIO\u201d"}]},{"@type":"WebSite","@id":"https:\/\/sergiolapegue.com\/site\/#website","url":"https:\/\/sergiolapegue.com\/site\/","name":"Sergio Lapegue","description":"Periodista","publisher":{"@id":"https:\/\/sergiolapegue.com\/site\/#\/schema\/person\/083aeceeb0734cd166779ea6c0551a37"},"potentialAction":[{"@type":"SearchAction","target":{"@type":"EntryPoint","urlTemplate":"https:\/\/sergiolapegue.com\/site\/?s={search_term_string}"},"query-input":{"@type":"PropertyValueSpecification","valueRequired":true,"valueName":"search_term_string"}}],"inLanguage":"es-AR"},{"@type":["Person","Organization"],"@id":"https:\/\/sergiolapegue.com\/site\/#\/schema\/person\/083aeceeb0734cd166779ea6c0551a37","name":"Sergio Lapegue","image":{"@type":"ImageObject","inLanguage":"es-AR","@id":"https:\/\/sergiolapegue.com\/site\/wp-content\/uploads\/2021\/04\/logo_header-1.png","url":"https:\/\/sergiolapegue.com\/site\/wp-content\/uploads\/2021\/04\/logo_header-1.png","contentUrl":"https:\/\/sergiolapegue.com\/site\/wp-content\/uploads\/2021\/04\/logo_header-1.png","width":272,"height":90,"caption":"Sergio Lapegue"},"logo":{"@id":"https:\/\/sergiolapegue.com\/site\/wp-content\/uploads\/2021\/04\/logo_header-1.png"},"sameAs":["https:\/\/facebook.com\/sergiolapegue","https:\/\/instagram.com\/sergiolapegue","https:\/\/x.com\/https:\/\/twitter.com\/sergiolapegue"]},{"@type":"Person","@id":"https:\/\/sergiolapegue.com\/site\/#\/schema\/person\/9198e7dbab43c6d74d0fd5399af7c3cd","name":"Daniel E. Monta\u00f1a","image":{"@type":"ImageObject","inLanguage":"es-AR","@id":"https:\/\/sergiolapegue.com\/site\/wp-content\/uploads\/2021\/04\/sl_avatar_Daniel-150x150.jpg","url":"https:\/\/sergiolapegue.com\/site\/wp-content\/uploads\/2021\/04\/sl_avatar_Daniel-150x150.jpg","contentUrl":"https:\/\/sergiolapegue.com\/site\/wp-content\/uploads\/2021\/04\/sl_avatar_Daniel-150x150.jpg","caption":"Daniel E. Monta\u00f1a"},"sameAs":["https:\/\/facebook.com\/danielernesto.montana","https:\/\/instagram.com\/daniel_montana1961","https:\/\/x.com\/https:\/\/twitter.com\/daner_004"],"url":"https:\/\/sergiolapegue.com\/site\/author\/daniel\/"}]}},"_links":{"self":[{"href":"https:\/\/sergiolapegue.com\/site\/wp-json\/wp\/v2\/posts\/18304","targetHints":{"allow":["GET"]}}],"collection":[{"href":"https:\/\/sergiolapegue.com\/site\/wp-json\/wp\/v2\/posts"}],"about":[{"href":"https:\/\/sergiolapegue.com\/site\/wp-json\/wp\/v2\/types\/post"}],"author":[{"embeddable":true,"href":"https:\/\/sergiolapegue.com\/site\/wp-json\/wp\/v2\/users\/3"}],"replies":[{"embeddable":true,"href":"https:\/\/sergiolapegue.com\/site\/wp-json\/wp\/v2\/comments?post=18304"}],"version-history":[{"count":1,"href":"https:\/\/sergiolapegue.com\/site\/wp-json\/wp\/v2\/posts\/18304\/revisions"}],"predecessor-version":[{"id":18309,"href":"https:\/\/sergiolapegue.com\/site\/wp-json\/wp\/v2\/posts\/18304\/revisions\/18309"}],"wp:featuredmedia":[{"embeddable":true,"href":"https:\/\/sergiolapegue.com\/site\/wp-json\/wp\/v2\/media\/18308"}],"wp:attachment":[{"href":"https:\/\/sergiolapegue.com\/site\/wp-json\/wp\/v2\/media?parent=18304"}],"wp:term":[{"taxonomy":"category","embeddable":true,"href":"https:\/\/sergiolapegue.com\/site\/wp-json\/wp\/v2\/categories?post=18304"},{"taxonomy":"post_tag","embeddable":true,"href":"https:\/\/sergiolapegue.com\/site\/wp-json\/wp\/v2\/tags?post=18304"}],"curies":[{"name":"wp","href":"https:\/\/api.w.org\/{rel}","templated":true}]}}