{"id":18275,"date":"2024-09-30T15:55:23","date_gmt":"2024-09-30T18:55:23","guid":{"rendered":"https:\/\/sergiolapegue.com\/site\/?p=18275"},"modified":"2024-09-30T15:55:24","modified_gmt":"2024-09-30T18:55:24","slug":"hit-astral-de-la-semana-eclipse-de-sol-y-luna-nueva-en-libra","status":"publish","type":"post","link":"https:\/\/sergiolapegue.com\/site\/2024\/09\/30\/hit-astral-de-la-semana-eclipse-de-sol-y-luna-nueva-en-libra\/","title":{"rendered":"HIT ASTRAL DE LA SEMANA: ECLIPSE de SOL y LUNA NUEVA en LIBRA"},"content":{"rendered":"\n<p>Empezamos una semana fuerte porque tenemos el \u00faltimo Eclipse Solar del a\u00f1o este mi\u00e9rcoles 2 de octubre. El eclipse, con la Luna Nueva en Libra, estar\u00e1 visible en el sur de nuestro pa\u00eds.<\/p>\n\n\n\n<p>Si bien el eclipse va a mover fuerte el eje de las relaciones, revelando temas k\u00e1rmicos pendientes para nuestra evoluci\u00f3n emocional;&nbsp; tambi\u00e9n viene acompa\u00f1ado de un hermoso tr\u00edgono de agua, que es un aspecto muy positivo, entre Marte, Venus y Saturno, esto favorece los aprendizajes y nos facilita el trabajo de revisar viejos patrones vinculares para no repetirlos y poder romper con din\u00e1micas de poder o dependencia que ya no nos sirvan.&nbsp;<\/p>\n\n\n\n<p>Este eclipse puede traer a la luz tambi\u00e9n conflictos o tensiones que estaban ocultas o pendientes, para que sean resueltas de inmediato y de una manera donde haya un real equilibrio entre dar y recibir.&nbsp;<\/p>\n\n\n\n<p><strong>SIGNOS DESTACADOS DE LA SEMANA: <\/strong>Libra y Aries los m\u00e1s movilizados por el eclipse, ser\u00e1n convocados a mirarse y mirar a su alrededor. Es tiempo de poner en armon\u00eda lo que est\u00e1 desbalanceado. Sabr\u00e1n c\u00f3mo hacerlo. Esta es la oportunidad.<\/p>\n\n\n\n<p><strong>FRASE GU\u00cdA PARA ESTA SEMANA: <\/strong>\u201cMe equilibro y sostengo la tensi\u00f3n.\u201d<\/p>\n\n\n\n<p><strong>ARCANOS ALIADOS DEL TAROT:&nbsp;<\/strong><\/p>\n\n\n\n<p><strong>LA LUNA \/<\/strong> Esta carta te recuerda que estamos hechos de un delicado equilibrio entre la luz y la sombra, y que no debemos fascinarnos s\u00f3lo con uno de esos estados, porque los dos son necesarios, en su justa medida.<\/p>\n\n\n\n<figure class=\"wp-block-image size-full\"><img loading=\"lazy\" decoding=\"async\" width=\"600\" height=\"600\" src=\"https:\/\/sergiolapegue.com\/site\/wp-content\/uploads\/2024\/09\/2-1-1.jpg\" alt=\"\" class=\"wp-image-18276\" srcset=\"https:\/\/sergiolapegue.com\/site\/wp-content\/uploads\/2024\/09\/2-1-1.jpg 600w, https:\/\/sergiolapegue.com\/site\/wp-content\/uploads\/2024\/09\/2-1-1-300x300.jpg 300w, https:\/\/sergiolapegue.com\/site\/wp-content\/uploads\/2024\/09\/2-1-1-150x150.jpg 150w, https:\/\/sergiolapegue.com\/site\/wp-content\/uploads\/2024\/09\/2-1-1-420x420.jpg 420w\" sizes=\"auto, (max-width: 600px) 100vw, 600px\" \/><\/figure>\n\n\n\n<p><strong>PREDICCIONES:<\/strong><\/p>\n\n\n\n<p><strong>SIGNOS DE FUEGO #ARIES #LEO #SAGITARIO<\/strong><\/p>\n\n\n\n<p>El eclipse les hace reflexionar sobre c\u00f3mo est\u00e1n manejando las relaciones interpersonales. \u00bfHay demasiado individualismo o existe una real cooperaci\u00f3n?&nbsp;<\/p>\n\n\n\n<p>Bueno, son d\u00edas para suavizar la acci\u00f3n impulsiva.&nbsp;<\/p>\n\n\n\n<p>Practicar la paciencia y abrirse a la negociaci\u00f3n y sobre todo, al respeto mutuo.<\/p>\n\n\n\n<p><strong>SIGNOS DE TIERRA #TAURO #VIRGO #CAPRICORNIO<\/strong><\/p>\n\n\n\n<p>El eclipse pone foco en soltar viejas estructuras que traban el crecimiento emocional.&nbsp;<\/p>\n\n\n\n<p>No se aferren a lo estable, sean flexibles y dejen que las relaciones evolucionen como tengan que evolucionar, as\u00ed sea perdiendo cosas.<\/p>\n\n\n\n<p><strong>SIGNOS DE AIRE #G\u00c9MINIS #LIBRA #ACUARIO<\/strong><\/p>\n\n\n\n<p>Este eclipse impacta en la comunicaci\u00f3n con los dem\u00e1s.&nbsp;<\/p>\n\n\n\n<p>Ser\u00e1 un buen momento para clarificar malos entendidos.<\/p>\n\n\n\n<p>Usar la habilidad que tienen para el di\u00e1logo y mediar lo m\u00e1s posible.<\/p>\n\n\n\n<p>Busquen soluciones pac\u00edficas y prioricen la salud psico-emocional.<\/p>\n\n\n\n<p><strong>SIGNOS DE AGUA #C\u00c1NCER #ESCORPIO #PISCIS<\/strong><\/p>\n\n\n\n<p>El eclipse toca sentimientos profundos.<\/p>\n\n\n\n<p>Buen momento para sanar y dejar patrones emocionales que ya no funcionan.&nbsp;<\/p>\n\n\n\n<p>Ejerciten el desapego y construyan relaciones donde puedan ser vulnerables sin miedo.&nbsp;<\/p>\n","protected":false},"excerpt":{"rendered":"<p>Empezamos una semana fuerte porque tenemos el \u00faltimo Eclipse Solar del a\u00f1o este mi\u00e9rcoles 2 de octubre. El eclipse, con la Luna Nueva en Libra, estar\u00e1 visible en el sur de nuestro pa\u00eds. Si bien el eclipse va a mover fuerte el eje de las relaciones, revelando temas k\u00e1rmicos pendientes para nuestra evoluci\u00f3n emocional;&nbsp; tambi\u00e9n [&hellip;]<\/p>\n","protected":false},"author":9,"featured_media":18277,"comment_status":"closed","ping_status":"closed","sticky":false,"template":"","format":"standard","meta":{"footnotes":""},"categories":[2901],"tags":[3282,3258,2914,3050,2907,492,2905],"class_list":{"0":"post-18275","1":"post","2":"type-post","3":"status-publish","4":"format-standard","5":"has-post-thumbnail","7":"category-astrotarot","8":"tag-astros","9":"tag-cartas","10":"tag-eclipse","11":"tag-horoscopo","12":"tag-libra","13":"tag-sol","14":"tag-tarot"},"yoast_head":"<!-- This site is optimized with the Yoast SEO plugin v27.5 - https:\/\/yoast.com\/product\/yoast-seo-wordpress\/ -->\n<title>HIT ASTRAL DE LA SEMANA: ECLIPSE de SOL y LUNA NUEVA en LIBRA - Sergio Lapegue<\/title>\n<meta name=\"robots\" content=\"index, follow, max-snippet:-1, max-image-preview:large, max-video-preview:-1\" \/>\n<link rel=\"canonical\" href=\"https:\/\/sergiolapegue.com\/site\/2024\/09\/30\/hit-astral-de-la-semana-eclipse-de-sol-y-luna-nueva-en-libra\/\" \/>\n<meta property=\"og:locale\" content=\"es_ES\" \/>\n<meta property=\"og:type\" content=\"article\" \/>\n<meta property=\"og:title\" content=\"HIT ASTRAL DE LA SEMANA: ECLIPSE de SOL y LUNA NUEVA en LIBRA - Sergio Lapegue\" \/>\n<meta property=\"og:description\" content=\"Empezamos una semana fuerte porque tenemos el \u00faltimo Eclipse Solar del a\u00f1o este mi\u00e9rcoles 2 de octubre. El eclipse, con la Luna Nueva en Libra, estar\u00e1 visible en el sur de nuestro pa\u00eds. Si bien el eclipse va a mover fuerte el eje de las relaciones, revelando temas k\u00e1rmicos pendientes para nuestra evoluci\u00f3n emocional;&nbsp; tambi\u00e9n [&hellip;]\" \/>\n<meta property=\"og:url\" content=\"https:\/\/sergiolapegue.com\/site\/2024\/09\/30\/hit-astral-de-la-semana-eclipse-de-sol-y-luna-nueva-en-libra\/\" \/>\n<meta property=\"og:site_name\" content=\"Sergio Lapegue\" \/>\n<meta property=\"article:publisher\" content=\"https:\/\/facebook.com\/sergiolapegue\" \/>\n<meta property=\"article:published_time\" content=\"2024-09-30T18:55:23+00:00\" \/>\n<meta property=\"article:modified_time\" content=\"2024-09-30T18:55:24+00:00\" \/>\n<meta property=\"og:image\" content=\"https:\/\/sergiolapegue.com\/site\/wp-content\/uploads\/2024\/09\/1-1-1.jpg\" \/>\n\t<meta property=\"og:image:width\" content=\"640\" \/>\n\t<meta property=\"og:image:height\" content=\"635\" \/>\n\t<meta property=\"og:image:type\" content=\"image\/jpeg\" \/>\n<meta name=\"author\" content=\"Victoria Garc\u00eda Garcilazo\" \/>\n<meta name=\"twitter:card\" content=\"summary_large_image\" \/>\n<meta name=\"twitter:site\" content=\"@sergiolapegue\" \/>\n<meta name=\"twitter:label1\" content=\"Escrito por\" \/>\n\t<meta name=\"twitter:data1\" content=\"Victoria Garc\u00eda Garcilazo\" \/>\n\t<meta name=\"twitter:label2\" content=\"Tiempo de lectura\" \/>\n\t<meta name=\"twitter:data2\" content=\"3 minutos\" \/>\n<script type=\"application\/ld+json\" class=\"yoast-schema-graph\">{\"@context\":\"https:\\\/\\\/schema.org\",\"@graph\":[{\"@type\":\"Article\",\"@id\":\"https:\\\/\\\/sergiolapegue.com\\\/site\\\/2024\\\/09\\\/30\\\/hit-astral-de-la-semana-eclipse-de-sol-y-luna-nueva-en-libra\\\/#article\",\"isPartOf\":{\"@id\":\"https:\\\/\\\/sergiolapegue.com\\\/site\\\/2024\\\/09\\\/30\\\/hit-astral-de-la-semana-eclipse-de-sol-y-luna-nueva-en-libra\\\/\"},\"author\":{\"name\":\"Victoria Garc\u00eda Garcilazo\",\"@id\":\"https:\\\/\\\/sergiolapegue.com\\\/site\\\/#\\\/schema\\\/person\\\/038a19a76176d528a1a27ac17e18af68\"},\"headline\":\"HIT ASTRAL DE LA SEMANA: ECLIPSE de SOL y LUNA NUEVA en LIBRA\",\"datePublished\":\"2024-09-30T18:55:23+00:00\",\"dateModified\":\"2024-09-30T18:55:24+00:00\",\"mainEntityOfPage\":{\"@id\":\"https:\\\/\\\/sergiolapegue.com\\\/site\\\/2024\\\/09\\\/30\\\/hit-astral-de-la-semana-eclipse-de-sol-y-luna-nueva-en-libra\\\/\"},\"wordCount\":456,\"publisher\":{\"@id\":\"https:\\\/\\\/sergiolapegue.com\\\/site\\\/#\\\/schema\\\/person\\\/083aeceeb0734cd166779ea6c0551a37\"},\"image\":{\"@id\":\"https:\\\/\\\/sergiolapegue.com\\\/site\\\/2024\\\/09\\\/30\\\/hit-astral-de-la-semana-eclipse-de-sol-y-luna-nueva-en-libra\\\/#primaryimage\"},\"thumbnailUrl\":\"https:\\\/\\\/sergiolapegue.com\\\/site\\\/wp-content\\\/uploads\\\/2024\\\/09\\\/1-1-1.jpg\",\"keywords\":[\"astros\",\"cartas\",\"eclipse\",\"horoscopo\",\"libra\",\"sol\",\"tarot\"],\"articleSection\":[\"Astrotarot\"],\"inLanguage\":\"es-AR\"},{\"@type\":\"WebPage\",\"@id\":\"https:\\\/\\\/sergiolapegue.com\\\/site\\\/2024\\\/09\\\/30\\\/hit-astral-de-la-semana-eclipse-de-sol-y-luna-nueva-en-libra\\\/\",\"url\":\"https:\\\/\\\/sergiolapegue.com\\\/site\\\/2024\\\/09\\\/30\\\/hit-astral-de-la-semana-eclipse-de-sol-y-luna-nueva-en-libra\\\/\",\"name\":\"HIT ASTRAL DE LA SEMANA: ECLIPSE de SOL y LUNA NUEVA en LIBRA - Sergio Lapegue\",\"isPartOf\":{\"@id\":\"https:\\\/\\\/sergiolapegue.com\\\/site\\\/#website\"},\"primaryImageOfPage\":{\"@id\":\"https:\\\/\\\/sergiolapegue.com\\\/site\\\/2024\\\/09\\\/30\\\/hit-astral-de-la-semana-eclipse-de-sol-y-luna-nueva-en-libra\\\/#primaryimage\"},\"image\":{\"@id\":\"https:\\\/\\\/sergiolapegue.com\\\/site\\\/2024\\\/09\\\/30\\\/hit-astral-de-la-semana-eclipse-de-sol-y-luna-nueva-en-libra\\\/#primaryimage\"},\"thumbnailUrl\":\"https:\\\/\\\/sergiolapegue.com\\\/site\\\/wp-content\\\/uploads\\\/2024\\\/09\\\/1-1-1.jpg\",\"datePublished\":\"2024-09-30T18:55:23+00:00\",\"dateModified\":\"2024-09-30T18:55:24+00:00\",\"breadcrumb\":{\"@id\":\"https:\\\/\\\/sergiolapegue.com\\\/site\\\/2024\\\/09\\\/30\\\/hit-astral-de-la-semana-eclipse-de-sol-y-luna-nueva-en-libra\\\/#breadcrumb\"},\"inLanguage\":\"es-AR\",\"potentialAction\":[{\"@type\":\"ReadAction\",\"target\":[\"https:\\\/\\\/sergiolapegue.com\\\/site\\\/2024\\\/09\\\/30\\\/hit-astral-de-la-semana-eclipse-de-sol-y-luna-nueva-en-libra\\\/\"]}]},{\"@type\":\"ImageObject\",\"inLanguage\":\"es-AR\",\"@id\":\"https:\\\/\\\/sergiolapegue.com\\\/site\\\/2024\\\/09\\\/30\\\/hit-astral-de-la-semana-eclipse-de-sol-y-luna-nueva-en-libra\\\/#primaryimage\",\"url\":\"https:\\\/\\\/sergiolapegue.com\\\/site\\\/wp-content\\\/uploads\\\/2024\\\/09\\\/1-1-1.jpg\",\"contentUrl\":\"https:\\\/\\\/sergiolapegue.com\\\/site\\\/wp-content\\\/uploads\\\/2024\\\/09\\\/1-1-1.jpg\",\"width\":640,\"height\":635},{\"@type\":\"BreadcrumbList\",\"@id\":\"https:\\\/\\\/sergiolapegue.com\\\/site\\\/2024\\\/09\\\/30\\\/hit-astral-de-la-semana-eclipse-de-sol-y-luna-nueva-en-libra\\\/#breadcrumb\",\"itemListElement\":[{\"@type\":\"ListItem\",\"position\":1,\"name\":\"Inicio\",\"item\":\"https:\\\/\\\/sergiolapegue.com\\\/site\\\/\"},{\"@type\":\"ListItem\",\"position\":2,\"name\":\"HIT ASTRAL DE LA SEMANA: ECLIPSE de SOL y LUNA NUEVA en LIBRA\"}]},{\"@type\":\"WebSite\",\"@id\":\"https:\\\/\\\/sergiolapegue.com\\\/site\\\/#website\",\"url\":\"https:\\\/\\\/sergiolapegue.com\\\/site\\\/\",\"name\":\"Sergio Lapegue\",\"description\":\"Periodista\",\"publisher\":{\"@id\":\"https:\\\/\\\/sergiolapegue.com\\\/site\\\/#\\\/schema\\\/person\\\/083aeceeb0734cd166779ea6c0551a37\"},\"potentialAction\":[{\"@type\":\"SearchAction\",\"target\":{\"@type\":\"EntryPoint\",\"urlTemplate\":\"https:\\\/\\\/sergiolapegue.com\\\/site\\\/?s={search_term_string}\"},\"query-input\":{\"@type\":\"PropertyValueSpecification\",\"valueRequired\":true,\"valueName\":\"search_term_string\"}}],\"inLanguage\":\"es-AR\"},{\"@type\":[\"Person\",\"Organization\"],\"@id\":\"https:\\\/\\\/sergiolapegue.com\\\/site\\\/#\\\/schema\\\/person\\\/083aeceeb0734cd166779ea6c0551a37\",\"name\":\"Sergio Lapegue\",\"image\":{\"@type\":\"ImageObject\",\"inLanguage\":\"es-AR\",\"@id\":\"https:\\\/\\\/sergiolapegue.com\\\/site\\\/wp-content\\\/uploads\\\/2021\\\/04\\\/logo_header-1.png\",\"url\":\"https:\\\/\\\/sergiolapegue.com\\\/site\\\/wp-content\\\/uploads\\\/2021\\\/04\\\/logo_header-1.png\",\"contentUrl\":\"https:\\\/\\\/sergiolapegue.com\\\/site\\\/wp-content\\\/uploads\\\/2021\\\/04\\\/logo_header-1.png\",\"width\":272,\"height\":90,\"caption\":\"Sergio Lapegue\"},\"logo\":{\"@id\":\"https:\\\/\\\/sergiolapegue.com\\\/site\\\/wp-content\\\/uploads\\\/2021\\\/04\\\/logo_header-1.png\"},\"sameAs\":[\"https:\\\/\\\/facebook.com\\\/sergiolapegue\",\"https:\\\/\\\/instagram.com\\\/sergiolapegue\",\"https:\\\/\\\/x.com\\\/https:\\\/\\\/twitter.com\\\/sergiolapegue\"]},{\"@type\":\"Person\",\"@id\":\"https:\\\/\\\/sergiolapegue.com\\\/site\\\/#\\\/schema\\\/person\\\/038a19a76176d528a1a27ac17e18af68\",\"name\":\"Victoria Garc\u00eda Garcilazo\",\"image\":{\"@type\":\"ImageObject\",\"inLanguage\":\"es-AR\",\"@id\":\"https:\\\/\\\/sergiolapegue.com\\\/site\\\/wp-content\\\/uploads\\\/2025\\\/12\\\/victoriaGarciaGarcilazo-150x150.jpg\",\"url\":\"https:\\\/\\\/sergiolapegue.com\\\/site\\\/wp-content\\\/uploads\\\/2025\\\/12\\\/victoriaGarciaGarcilazo-150x150.jpg\",\"contentUrl\":\"https:\\\/\\\/sergiolapegue.com\\\/site\\\/wp-content\\\/uploads\\\/2025\\\/12\\\/victoriaGarciaGarcilazo-150x150.jpg\",\"caption\":\"Victoria Garc\u00eda Garcilazo\"},\"sameAs\":[\"https:\\\/\\\/lavictoriadevenus.com\\\/\",\"https:\\\/\\\/www.instagram.com\\\/lavictoriadevenus\\\/\",\"https:\\\/\\\/www.youtube.com\\\/channel\\\/UCPAWzfQij6wJRHSTN5wi3Mg\"],\"url\":\"https:\\\/\\\/sergiolapegue.com\\\/site\\\/author\\\/victoria\\\/\"}]}<\/script>\n<!-- \/ Yoast SEO plugin. -->","yoast_head_json":{"title":"HIT ASTRAL DE LA SEMANA: ECLIPSE de SOL y LUNA NUEVA en LIBRA - Sergio Lapegue","robots":{"index":"index","follow":"follow","max-snippet":"max-snippet:-1","max-image-preview":"max-image-preview:large","max-video-preview":"max-video-preview:-1"},"canonical":"https:\/\/sergiolapegue.com\/site\/2024\/09\/30\/hit-astral-de-la-semana-eclipse-de-sol-y-luna-nueva-en-libra\/","og_locale":"es_ES","og_type":"article","og_title":"HIT ASTRAL DE LA SEMANA: ECLIPSE de SOL y LUNA NUEVA en LIBRA - Sergio Lapegue","og_description":"Empezamos una semana fuerte porque tenemos el \u00faltimo Eclipse Solar del a\u00f1o este mi\u00e9rcoles 2 de octubre. El eclipse, con la Luna Nueva en Libra, estar\u00e1 visible en el sur de nuestro pa\u00eds. Si bien el eclipse va a mover fuerte el eje de las relaciones, revelando temas k\u00e1rmicos pendientes para nuestra evoluci\u00f3n emocional;&nbsp; tambi\u00e9n [&hellip;]","og_url":"https:\/\/sergiolapegue.com\/site\/2024\/09\/30\/hit-astral-de-la-semana-eclipse-de-sol-y-luna-nueva-en-libra\/","og_site_name":"Sergio Lapegue","article_publisher":"https:\/\/facebook.com\/sergiolapegue","article_published_time":"2024-09-30T18:55:23+00:00","article_modified_time":"2024-09-30T18:55:24+00:00","og_image":[{"width":640,"height":635,"url":"https:\/\/sergiolapegue.com\/site\/wp-content\/uploads\/2024\/09\/1-1-1.jpg","type":"image\/jpeg"}],"author":"Victoria Garc\u00eda Garcilazo","twitter_card":"summary_large_image","twitter_site":"@sergiolapegue","twitter_misc":{"Escrito por":"Victoria Garc\u00eda Garcilazo","Tiempo de lectura":"3 minutos"},"schema":{"@context":"https:\/\/schema.org","@graph":[{"@type":"Article","@id":"https:\/\/sergiolapegue.com\/site\/2024\/09\/30\/hit-astral-de-la-semana-eclipse-de-sol-y-luna-nueva-en-libra\/#article","isPartOf":{"@id":"https:\/\/sergiolapegue.com\/site\/2024\/09\/30\/hit-astral-de-la-semana-eclipse-de-sol-y-luna-nueva-en-libra\/"},"author":{"name":"Victoria Garc\u00eda Garcilazo","@id":"https:\/\/sergiolapegue.com\/site\/#\/schema\/person\/038a19a76176d528a1a27ac17e18af68"},"headline":"HIT ASTRAL DE LA SEMANA: ECLIPSE de SOL y LUNA NUEVA en LIBRA","datePublished":"2024-09-30T18:55:23+00:00","dateModified":"2024-09-30T18:55:24+00:00","mainEntityOfPage":{"@id":"https:\/\/sergiolapegue.com\/site\/2024\/09\/30\/hit-astral-de-la-semana-eclipse-de-sol-y-luna-nueva-en-libra\/"},"wordCount":456,"publisher":{"@id":"https:\/\/sergiolapegue.com\/site\/#\/schema\/person\/083aeceeb0734cd166779ea6c0551a37"},"image":{"@id":"https:\/\/sergiolapegue.com\/site\/2024\/09\/30\/hit-astral-de-la-semana-eclipse-de-sol-y-luna-nueva-en-libra\/#primaryimage"},"thumbnailUrl":"https:\/\/sergiolapegue.com\/site\/wp-content\/uploads\/2024\/09\/1-1-1.jpg","keywords":["astros","cartas","eclipse","horoscopo","libra","sol","tarot"],"articleSection":["Astrotarot"],"inLanguage":"es-AR"},{"@type":"WebPage","@id":"https:\/\/sergiolapegue.com\/site\/2024\/09\/30\/hit-astral-de-la-semana-eclipse-de-sol-y-luna-nueva-en-libra\/","url":"https:\/\/sergiolapegue.com\/site\/2024\/09\/30\/hit-astral-de-la-semana-eclipse-de-sol-y-luna-nueva-en-libra\/","name":"HIT ASTRAL DE LA SEMANA: ECLIPSE de SOL y LUNA NUEVA en LIBRA - Sergio Lapegue","isPartOf":{"@id":"https:\/\/sergiolapegue.com\/site\/#website"},"primaryImageOfPage":{"@id":"https:\/\/sergiolapegue.com\/site\/2024\/09\/30\/hit-astral-de-la-semana-eclipse-de-sol-y-luna-nueva-en-libra\/#primaryimage"},"image":{"@id":"https:\/\/sergiolapegue.com\/site\/2024\/09\/30\/hit-astral-de-la-semana-eclipse-de-sol-y-luna-nueva-en-libra\/#primaryimage"},"thumbnailUrl":"https:\/\/sergiolapegue.com\/site\/wp-content\/uploads\/2024\/09\/1-1-1.jpg","datePublished":"2024-09-30T18:55:23+00:00","dateModified":"2024-09-30T18:55:24+00:00","breadcrumb":{"@id":"https:\/\/sergiolapegue.com\/site\/2024\/09\/30\/hit-astral-de-la-semana-eclipse-de-sol-y-luna-nueva-en-libra\/#breadcrumb"},"inLanguage":"es-AR","potentialAction":[{"@type":"ReadAction","target":["https:\/\/sergiolapegue.com\/site\/2024\/09\/30\/hit-astral-de-la-semana-eclipse-de-sol-y-luna-nueva-en-libra\/"]}]},{"@type":"ImageObject","inLanguage":"es-AR","@id":"https:\/\/sergiolapegue.com\/site\/2024\/09\/30\/hit-astral-de-la-semana-eclipse-de-sol-y-luna-nueva-en-libra\/#primaryimage","url":"https:\/\/sergiolapegue.com\/site\/wp-content\/uploads\/2024\/09\/1-1-1.jpg","contentUrl":"https:\/\/sergiolapegue.com\/site\/wp-content\/uploads\/2024\/09\/1-1-1.jpg","width":640,"height":635},{"@type":"BreadcrumbList","@id":"https:\/\/sergiolapegue.com\/site\/2024\/09\/30\/hit-astral-de-la-semana-eclipse-de-sol-y-luna-nueva-en-libra\/#breadcrumb","itemListElement":[{"@type":"ListItem","position":1,"name":"Inicio","item":"https:\/\/sergiolapegue.com\/site\/"},{"@type":"ListItem","position":2,"name":"HIT ASTRAL DE LA SEMANA: ECLIPSE de SOL y LUNA NUEVA en LIBRA"}]},{"@type":"WebSite","@id":"https:\/\/sergiolapegue.com\/site\/#website","url":"https:\/\/sergiolapegue.com\/site\/","name":"Sergio Lapegue","description":"Periodista","publisher":{"@id":"https:\/\/sergiolapegue.com\/site\/#\/schema\/person\/083aeceeb0734cd166779ea6c0551a37"},"potentialAction":[{"@type":"SearchAction","target":{"@type":"EntryPoint","urlTemplate":"https:\/\/sergiolapegue.com\/site\/?s={search_term_string}"},"query-input":{"@type":"PropertyValueSpecification","valueRequired":true,"valueName":"search_term_string"}}],"inLanguage":"es-AR"},{"@type":["Person","Organization"],"@id":"https:\/\/sergiolapegue.com\/site\/#\/schema\/person\/083aeceeb0734cd166779ea6c0551a37","name":"Sergio Lapegue","image":{"@type":"ImageObject","inLanguage":"es-AR","@id":"https:\/\/sergiolapegue.com\/site\/wp-content\/uploads\/2021\/04\/logo_header-1.png","url":"https:\/\/sergiolapegue.com\/site\/wp-content\/uploads\/2021\/04\/logo_header-1.png","contentUrl":"https:\/\/sergiolapegue.com\/site\/wp-content\/uploads\/2021\/04\/logo_header-1.png","width":272,"height":90,"caption":"Sergio Lapegue"},"logo":{"@id":"https:\/\/sergiolapegue.com\/site\/wp-content\/uploads\/2021\/04\/logo_header-1.png"},"sameAs":["https:\/\/facebook.com\/sergiolapegue","https:\/\/instagram.com\/sergiolapegue","https:\/\/x.com\/https:\/\/twitter.com\/sergiolapegue"]},{"@type":"Person","@id":"https:\/\/sergiolapegue.com\/site\/#\/schema\/person\/038a19a76176d528a1a27ac17e18af68","name":"Victoria Garc\u00eda Garcilazo","image":{"@type":"ImageObject","inLanguage":"es-AR","@id":"https:\/\/sergiolapegue.com\/site\/wp-content\/uploads\/2025\/12\/victoriaGarciaGarcilazo-150x150.jpg","url":"https:\/\/sergiolapegue.com\/site\/wp-content\/uploads\/2025\/12\/victoriaGarciaGarcilazo-150x150.jpg","contentUrl":"https:\/\/sergiolapegue.com\/site\/wp-content\/uploads\/2025\/12\/victoriaGarciaGarcilazo-150x150.jpg","caption":"Victoria Garc\u00eda Garcilazo"},"sameAs":["https:\/\/lavictoriadevenus.com\/","https:\/\/www.instagram.com\/lavictoriadevenus\/","https:\/\/www.youtube.com\/channel\/UCPAWzfQij6wJRHSTN5wi3Mg"],"url":"https:\/\/sergiolapegue.com\/site\/author\/victoria\/"}]}},"_links":{"self":[{"href":"https:\/\/sergiolapegue.com\/site\/wp-json\/wp\/v2\/posts\/18275","targetHints":{"allow":["GET"]}}],"collection":[{"href":"https:\/\/sergiolapegue.com\/site\/wp-json\/wp\/v2\/posts"}],"about":[{"href":"https:\/\/sergiolapegue.com\/site\/wp-json\/wp\/v2\/types\/post"}],"author":[{"embeddable":true,"href":"https:\/\/sergiolapegue.com\/site\/wp-json\/wp\/v2\/users\/9"}],"replies":[{"embeddable":true,"href":"https:\/\/sergiolapegue.com\/site\/wp-json\/wp\/v2\/comments?post=18275"}],"version-history":[{"count":1,"href":"https:\/\/sergiolapegue.com\/site\/wp-json\/wp\/v2\/posts\/18275\/revisions"}],"predecessor-version":[{"id":18278,"href":"https:\/\/sergiolapegue.com\/site\/wp-json\/wp\/v2\/posts\/18275\/revisions\/18278"}],"wp:featuredmedia":[{"embeddable":true,"href":"https:\/\/sergiolapegue.com\/site\/wp-json\/wp\/v2\/media\/18277"}],"wp:attachment":[{"href":"https:\/\/sergiolapegue.com\/site\/wp-json\/wp\/v2\/media?parent=18275"}],"wp:term":[{"taxonomy":"category","embeddable":true,"href":"https:\/\/sergiolapegue.com\/site\/wp-json\/wp\/v2\/categories?post=18275"},{"taxonomy":"post_tag","embeddable":true,"href":"https:\/\/sergiolapegue.com\/site\/wp-json\/wp\/v2\/tags?post=18275"}],"curies":[{"name":"wp","href":"https:\/\/api.w.org\/{rel}","templated":true}]}}