{"id":17935,"date":"2024-09-16T12:13:59","date_gmt":"2024-09-16T15:13:59","guid":{"rendered":"https:\/\/sergiolapegue.com\/site\/?p=17935"},"modified":"2024-09-16T12:14:00","modified_gmt":"2024-09-16T15:14:00","slug":"hit-astral-de-la-semana-eclipse-parcial-de-luna-en-piscis","status":"publish","type":"post","link":"https:\/\/sergiolapegue.com\/site\/2024\/09\/16\/hit-astral-de-la-semana-eclipse-parcial-de-luna-en-piscis\/","title":{"rendered":"HIT ASTRAL DE LA SEMANA: ECLIPSE PARCIAL DE LUNA EN PISCIS"},"content":{"rendered":"\n<p>Comenzamos una semana que tendr\u00e1 como protagonista a un eclipse parcial de Luna en Piscis. Ma\u00f1ana martes, la Luna llena empieza a anticipar el cambio de eje k\u00e1rmico hacia VIRGO-PISCIS que se dar\u00e1 a partir del a\u00f1o que viene. Este eclipse es tambi\u00e9n la antesala del equinoccio de Primavera lo que puede traer algunos tintes rom\u00e1nticos ya que la LUNA est\u00e1 involucrada con NEPTUNO creando un polo de fantas\u00eda y sensibilidad m\u00e1s intenso de lo habitual.<\/p>\n\n\n\n<p>Como sabemos, los eclipses provocan eventos que nos sirven para la toma de consciencia de cuestiones emocionales muy inconscientes.&nbsp;&nbsp;<\/p>\n\n\n\n<p>La Luna en PISCIS junto a NEPTUNO podr\u00e1 crearnos velos y enga\u00f1os que necesitas identificar con la inteligencia virginiana para no sentirnos defraudados.&nbsp;&nbsp;<\/p>\n\n\n\n<p>Esta luna es propicia para hacer desintoxicaciones, visibilizar adicciones, integrar la compasi\u00f3n por el pr\u00f3jimo,&nbsp; desarrollar la&nbsp; espiritualidad, el sentido del sacrificio y re aprender la forma en que nos relacionamos con la naturaleza y todos los seres vivos.&nbsp;<\/p>\n\n\n\n<p>La salud deber\u00e1 ser atendida estos d\u00edas, con mayor descanso, hidrataci\u00f3n y alimentaci\u00f3n saludable.<\/p>\n\n\n\n<p><strong>SIGNOS DESTACADOS DE LA SEMANA: <\/strong>igual que la semana pasada, G\u00e9minis, Virgo y Piscis ser\u00e1n los signos m\u00e1s afectados por estas tensiones. El Eclipse les pega fuerte pero con un prop\u00f3sito profundo que es positivo. El pr\u00f3ximo 2 de octubre algunas fichas van a caerles. Conf\u00eden en el proceso.<\/p>\n\n\n\n<p><strong>FRASE GU\u00cdA PARA ESTA SEMANA: <\/strong>\u201cHoy puedo caminar con los ojos cerrados\u201d<\/p>\n\n\n\n<p><strong>ARCANOS ALIADOS DEL TAROT:&nbsp;<\/strong><\/p>\n\n\n\n<p><strong>LA LUNA \/<\/strong> Esta carta te pide que pongas foco en lo emocional pero sin dejarte abrumar por los sentimientos.Todo ir\u00e1 pasando.<\/p>\n\n\n\n<figure class=\"wp-block-image size-full is-resized is-style-default\"><img loading=\"lazy\" decoding=\"async\" width=\"616\" height=\"510\" src=\"https:\/\/sergiolapegue.com\/site\/wp-content\/uploads\/2024\/09\/1-1.jpg\" alt=\"\" class=\"wp-image-17936\" style=\"width:696px;height:auto\" srcset=\"https:\/\/sergiolapegue.com\/site\/wp-content\/uploads\/2024\/09\/1-1.jpg 616w, https:\/\/sergiolapegue.com\/site\/wp-content\/uploads\/2024\/09\/1-1-300x248.jpg 300w, https:\/\/sergiolapegue.com\/site\/wp-content\/uploads\/2024\/09\/1-1-507x420.jpg 507w\" sizes=\"auto, (max-width: 616px) 100vw, 616px\" \/><\/figure>\n\n\n\n<p><strong>PREDICCIONES:<\/strong><\/p>\n\n\n\n<p><strong>SIGNOS DE FUEGO #ARIES #LEO #SAGITARIO<\/strong><\/p>\n\n\n\n<p>Sagitario un poco m\u00e1s afectado<\/p>\n\n\n\n<p>Pero todos trabajen el exceso de mente.<\/p>\n\n\n\n<p>No se encasillen en los protocolos y formas r\u00edgidas.<\/p>\n\n\n\n<p>Y b\u00e1jenle un cambio a la cr\u00edtica.<\/p>\n\n\n\n<p><strong>SIGNOS DE TIERRA #TAURO #VIRGO #CAPRICORNIO<\/strong><\/p>\n\n\n\n<p>Salgan de la b\u00fasqueda perpetua de perfecci\u00f3n.<\/p>\n\n\n\n<p>No limiten su expresi\u00f3n creativa, y sensibilidad.<\/p>\n\n\n\n<p>Vuelvan a conectarse con la improvisaci\u00f3n.<\/p>\n\n\n\n<p>Virgo en particular, tomen una pausa si pueden.<\/p>\n\n\n\n<p><strong>SIGNOS DE AIRE #G\u00c9MINIS #LIBRA #ACUARIO<\/strong><\/p>\n\n\n\n<p>El eclipse les aumenta la intensidad a las emociones.<\/p>\n\n\n\n<p>Ocupense de estar preparados para esas sensaciones.<\/p>\n\n\n\n<p>\u00c1rmense un espacio de calma y reflexi\u00f3n.<\/p>\n\n\n\n<p>Especialmente G\u00e9minis mucho om y menos palabras.<\/p>\n\n\n\n<p><strong>SIGNOS DE AGUA #C\u00c1NCER #ESCORPIO #PISCIS<\/strong><\/p>\n\n\n\n<p>Este eclipse les indica que es momento de fluir.&nbsp;<\/p>\n\n\n\n<p>No se angustien por lo material, eso vendr\u00e1 a su tiempo.<\/p>\n\n\n\n<p>Conecten con la sanaci\u00f3n y suelten el exceso de control.<\/p>\n\n\n\n<p>Piscianos, piscianas, hora de sentir. Conecten con el rezo.<\/p>\n","protected":false},"excerpt":{"rendered":"<p>Comenzamos una semana que tendr\u00e1 como protagonista a un eclipse parcial de Luna en Piscis. Ma\u00f1ana martes, la Luna llena empieza a anticipar el cambio de eje k\u00e1rmico hacia VIRGO-PISCIS que se dar\u00e1 a partir del a\u00f1o que viene. Este eclipse es tambi\u00e9n la antesala del equinoccio de Primavera lo que puede traer algunos tintes [&hellip;]<\/p>\n","protected":false},"author":9,"featured_media":17937,"comment_status":"closed","ping_status":"closed","sticky":false,"template":"","format":"standard","meta":{"footnotes":""},"categories":[2901],"tags":[2916,3258,2914,3050,1552,3822,3299,492,2905,3821],"class_list":{"0":"post-17935","1":"post","2":"type-post","3":"status-publish","4":"format-standard","5":"has-post-thumbnail","7":"category-astrotarot","8":"tag-astral","9":"tag-cartas","10":"tag-eclipse","11":"tag-horoscopo","12":"tag-luna","13":"tag-neptuno","14":"tag-picis","15":"tag-sol","16":"tag-tarot","17":"tag-tarotismo"},"yoast_head":"<!-- This site is optimized with the Yoast SEO plugin v27.5 - https:\/\/yoast.com\/product\/yoast-seo-wordpress\/ -->\n<title>HIT ASTRAL DE LA SEMANA: ECLIPSE PARCIAL DE LUNA EN PISCIS - Sergio Lapegue<\/title>\n<meta name=\"robots\" content=\"index, follow, max-snippet:-1, max-image-preview:large, max-video-preview:-1\" \/>\n<link rel=\"canonical\" href=\"https:\/\/sergiolapegue.com\/site\/2024\/09\/16\/hit-astral-de-la-semana-eclipse-parcial-de-luna-en-piscis\/\" \/>\n<meta property=\"og:locale\" content=\"es_ES\" \/>\n<meta property=\"og:type\" content=\"article\" \/>\n<meta property=\"og:title\" content=\"HIT ASTRAL DE LA SEMANA: ECLIPSE PARCIAL DE LUNA EN PISCIS - Sergio Lapegue\" \/>\n<meta property=\"og:description\" content=\"Comenzamos una semana que tendr\u00e1 como protagonista a un eclipse parcial de Luna en Piscis. Ma\u00f1ana martes, la Luna llena empieza a anticipar el cambio de eje k\u00e1rmico hacia VIRGO-PISCIS que se dar\u00e1 a partir del a\u00f1o que viene. Este eclipse es tambi\u00e9n la antesala del equinoccio de Primavera lo que puede traer algunos tintes [&hellip;]\" \/>\n<meta property=\"og:url\" content=\"https:\/\/sergiolapegue.com\/site\/2024\/09\/16\/hit-astral-de-la-semana-eclipse-parcial-de-luna-en-piscis\/\" \/>\n<meta property=\"og:site_name\" content=\"Sergio Lapegue\" \/>\n<meta property=\"article:publisher\" content=\"https:\/\/facebook.com\/sergiolapegue\" \/>\n<meta property=\"article:published_time\" content=\"2024-09-16T15:13:59+00:00\" \/>\n<meta property=\"article:modified_time\" content=\"2024-09-16T15:14:00+00:00\" \/>\n<meta property=\"og:image\" content=\"https:\/\/sergiolapegue.com\/site\/wp-content\/uploads\/2024\/09\/2-1.jpg\" \/>\n\t<meta property=\"og:image:width\" content=\"500\" \/>\n\t<meta property=\"og:image:height\" content=\"501\" \/>\n\t<meta property=\"og:image:type\" content=\"image\/jpeg\" \/>\n<meta name=\"author\" content=\"Victoria Garc\u00eda Garcilazo\" \/>\n<meta name=\"twitter:card\" content=\"summary_large_image\" \/>\n<meta name=\"twitter:site\" content=\"@sergiolapegue\" \/>\n<meta name=\"twitter:label1\" content=\"Escrito por\" \/>\n\t<meta name=\"twitter:data1\" content=\"Victoria Garc\u00eda Garcilazo\" \/>\n\t<meta name=\"twitter:label2\" content=\"Tiempo de lectura\" \/>\n\t<meta name=\"twitter:data2\" content=\"3 minutos\" \/>\n<script type=\"application\/ld+json\" class=\"yoast-schema-graph\">{\"@context\":\"https:\\\/\\\/schema.org\",\"@graph\":[{\"@type\":\"Article\",\"@id\":\"https:\\\/\\\/sergiolapegue.com\\\/site\\\/2024\\\/09\\\/16\\\/hit-astral-de-la-semana-eclipse-parcial-de-luna-en-piscis\\\/#article\",\"isPartOf\":{\"@id\":\"https:\\\/\\\/sergiolapegue.com\\\/site\\\/2024\\\/09\\\/16\\\/hit-astral-de-la-semana-eclipse-parcial-de-luna-en-piscis\\\/\"},\"author\":{\"name\":\"Victoria Garc\u00eda Garcilazo\",\"@id\":\"https:\\\/\\\/sergiolapegue.com\\\/site\\\/#\\\/schema\\\/person\\\/038a19a76176d528a1a27ac17e18af68\"},\"headline\":\"HIT ASTRAL DE LA SEMANA: ECLIPSE PARCIAL DE LUNA EN PISCIS\",\"datePublished\":\"2024-09-16T15:13:59+00:00\",\"dateModified\":\"2024-09-16T15:14:00+00:00\",\"mainEntityOfPage\":{\"@id\":\"https:\\\/\\\/sergiolapegue.com\\\/site\\\/2024\\\/09\\\/16\\\/hit-astral-de-la-semana-eclipse-parcial-de-luna-en-piscis\\\/\"},\"wordCount\":460,\"publisher\":{\"@id\":\"https:\\\/\\\/sergiolapegue.com\\\/site\\\/#\\\/schema\\\/person\\\/083aeceeb0734cd166779ea6c0551a37\"},\"image\":{\"@id\":\"https:\\\/\\\/sergiolapegue.com\\\/site\\\/2024\\\/09\\\/16\\\/hit-astral-de-la-semana-eclipse-parcial-de-luna-en-piscis\\\/#primaryimage\"},\"thumbnailUrl\":\"https:\\\/\\\/sergiolapegue.com\\\/site\\\/wp-content\\\/uploads\\\/2024\\\/09\\\/2-1.jpg\",\"keywords\":[\"astral\",\"cartas\",\"eclipse\",\"horoscopo\",\"luna\",\"neptuno\",\"picis\",\"sol\",\"tarot\",\"tarotismo\"],\"articleSection\":[\"Astrotarot\"],\"inLanguage\":\"es-AR\"},{\"@type\":\"WebPage\",\"@id\":\"https:\\\/\\\/sergiolapegue.com\\\/site\\\/2024\\\/09\\\/16\\\/hit-astral-de-la-semana-eclipse-parcial-de-luna-en-piscis\\\/\",\"url\":\"https:\\\/\\\/sergiolapegue.com\\\/site\\\/2024\\\/09\\\/16\\\/hit-astral-de-la-semana-eclipse-parcial-de-luna-en-piscis\\\/\",\"name\":\"HIT ASTRAL DE LA SEMANA: ECLIPSE PARCIAL DE LUNA EN PISCIS - Sergio Lapegue\",\"isPartOf\":{\"@id\":\"https:\\\/\\\/sergiolapegue.com\\\/site\\\/#website\"},\"primaryImageOfPage\":{\"@id\":\"https:\\\/\\\/sergiolapegue.com\\\/site\\\/2024\\\/09\\\/16\\\/hit-astral-de-la-semana-eclipse-parcial-de-luna-en-piscis\\\/#primaryimage\"},\"image\":{\"@id\":\"https:\\\/\\\/sergiolapegue.com\\\/site\\\/2024\\\/09\\\/16\\\/hit-astral-de-la-semana-eclipse-parcial-de-luna-en-piscis\\\/#primaryimage\"},\"thumbnailUrl\":\"https:\\\/\\\/sergiolapegue.com\\\/site\\\/wp-content\\\/uploads\\\/2024\\\/09\\\/2-1.jpg\",\"datePublished\":\"2024-09-16T15:13:59+00:00\",\"dateModified\":\"2024-09-16T15:14:00+00:00\",\"breadcrumb\":{\"@id\":\"https:\\\/\\\/sergiolapegue.com\\\/site\\\/2024\\\/09\\\/16\\\/hit-astral-de-la-semana-eclipse-parcial-de-luna-en-piscis\\\/#breadcrumb\"},\"inLanguage\":\"es-AR\",\"potentialAction\":[{\"@type\":\"ReadAction\",\"target\":[\"https:\\\/\\\/sergiolapegue.com\\\/site\\\/2024\\\/09\\\/16\\\/hit-astral-de-la-semana-eclipse-parcial-de-luna-en-piscis\\\/\"]}]},{\"@type\":\"ImageObject\",\"inLanguage\":\"es-AR\",\"@id\":\"https:\\\/\\\/sergiolapegue.com\\\/site\\\/2024\\\/09\\\/16\\\/hit-astral-de-la-semana-eclipse-parcial-de-luna-en-piscis\\\/#primaryimage\",\"url\":\"https:\\\/\\\/sergiolapegue.com\\\/site\\\/wp-content\\\/uploads\\\/2024\\\/09\\\/2-1.jpg\",\"contentUrl\":\"https:\\\/\\\/sergiolapegue.com\\\/site\\\/wp-content\\\/uploads\\\/2024\\\/09\\\/2-1.jpg\",\"width\":500,\"height\":501},{\"@type\":\"BreadcrumbList\",\"@id\":\"https:\\\/\\\/sergiolapegue.com\\\/site\\\/2024\\\/09\\\/16\\\/hit-astral-de-la-semana-eclipse-parcial-de-luna-en-piscis\\\/#breadcrumb\",\"itemListElement\":[{\"@type\":\"ListItem\",\"position\":1,\"name\":\"Inicio\",\"item\":\"https:\\\/\\\/sergiolapegue.com\\\/site\\\/\"},{\"@type\":\"ListItem\",\"position\":2,\"name\":\"HIT ASTRAL DE LA SEMANA: ECLIPSE PARCIAL DE LUNA EN PISCIS\"}]},{\"@type\":\"WebSite\",\"@id\":\"https:\\\/\\\/sergiolapegue.com\\\/site\\\/#website\",\"url\":\"https:\\\/\\\/sergiolapegue.com\\\/site\\\/\",\"name\":\"Sergio Lapegue\",\"description\":\"Periodista\",\"publisher\":{\"@id\":\"https:\\\/\\\/sergiolapegue.com\\\/site\\\/#\\\/schema\\\/person\\\/083aeceeb0734cd166779ea6c0551a37\"},\"potentialAction\":[{\"@type\":\"SearchAction\",\"target\":{\"@type\":\"EntryPoint\",\"urlTemplate\":\"https:\\\/\\\/sergiolapegue.com\\\/site\\\/?s={search_term_string}\"},\"query-input\":{\"@type\":\"PropertyValueSpecification\",\"valueRequired\":true,\"valueName\":\"search_term_string\"}}],\"inLanguage\":\"es-AR\"},{\"@type\":[\"Person\",\"Organization\"],\"@id\":\"https:\\\/\\\/sergiolapegue.com\\\/site\\\/#\\\/schema\\\/person\\\/083aeceeb0734cd166779ea6c0551a37\",\"name\":\"Sergio Lapegue\",\"image\":{\"@type\":\"ImageObject\",\"inLanguage\":\"es-AR\",\"@id\":\"https:\\\/\\\/sergiolapegue.com\\\/site\\\/wp-content\\\/uploads\\\/2021\\\/04\\\/logo_header-1.png\",\"url\":\"https:\\\/\\\/sergiolapegue.com\\\/site\\\/wp-content\\\/uploads\\\/2021\\\/04\\\/logo_header-1.png\",\"contentUrl\":\"https:\\\/\\\/sergiolapegue.com\\\/site\\\/wp-content\\\/uploads\\\/2021\\\/04\\\/logo_header-1.png\",\"width\":272,\"height\":90,\"caption\":\"Sergio Lapegue\"},\"logo\":{\"@id\":\"https:\\\/\\\/sergiolapegue.com\\\/site\\\/wp-content\\\/uploads\\\/2021\\\/04\\\/logo_header-1.png\"},\"sameAs\":[\"https:\\\/\\\/facebook.com\\\/sergiolapegue\",\"https:\\\/\\\/instagram.com\\\/sergiolapegue\",\"https:\\\/\\\/x.com\\\/https:\\\/\\\/twitter.com\\\/sergiolapegue\"]},{\"@type\":\"Person\",\"@id\":\"https:\\\/\\\/sergiolapegue.com\\\/site\\\/#\\\/schema\\\/person\\\/038a19a76176d528a1a27ac17e18af68\",\"name\":\"Victoria Garc\u00eda Garcilazo\",\"image\":{\"@type\":\"ImageObject\",\"inLanguage\":\"es-AR\",\"@id\":\"https:\\\/\\\/sergiolapegue.com\\\/site\\\/wp-content\\\/uploads\\\/2025\\\/12\\\/victoriaGarciaGarcilazo-150x150.jpg\",\"url\":\"https:\\\/\\\/sergiolapegue.com\\\/site\\\/wp-content\\\/uploads\\\/2025\\\/12\\\/victoriaGarciaGarcilazo-150x150.jpg\",\"contentUrl\":\"https:\\\/\\\/sergiolapegue.com\\\/site\\\/wp-content\\\/uploads\\\/2025\\\/12\\\/victoriaGarciaGarcilazo-150x150.jpg\",\"caption\":\"Victoria Garc\u00eda Garcilazo\"},\"sameAs\":[\"https:\\\/\\\/lavictoriadevenus.com\\\/\",\"https:\\\/\\\/www.instagram.com\\\/lavictoriadevenus\\\/\",\"https:\\\/\\\/www.youtube.com\\\/channel\\\/UCPAWzfQij6wJRHSTN5wi3Mg\"],\"url\":\"https:\\\/\\\/sergiolapegue.com\\\/site\\\/author\\\/victoria\\\/\"}]}<\/script>\n<!-- \/ Yoast SEO plugin. -->","yoast_head_json":{"title":"HIT ASTRAL DE LA SEMANA: ECLIPSE PARCIAL DE LUNA EN PISCIS - Sergio Lapegue","robots":{"index":"index","follow":"follow","max-snippet":"max-snippet:-1","max-image-preview":"max-image-preview:large","max-video-preview":"max-video-preview:-1"},"canonical":"https:\/\/sergiolapegue.com\/site\/2024\/09\/16\/hit-astral-de-la-semana-eclipse-parcial-de-luna-en-piscis\/","og_locale":"es_ES","og_type":"article","og_title":"HIT ASTRAL DE LA SEMANA: ECLIPSE PARCIAL DE LUNA EN PISCIS - Sergio Lapegue","og_description":"Comenzamos una semana que tendr\u00e1 como protagonista a un eclipse parcial de Luna en Piscis. Ma\u00f1ana martes, la Luna llena empieza a anticipar el cambio de eje k\u00e1rmico hacia VIRGO-PISCIS que se dar\u00e1 a partir del a\u00f1o que viene. Este eclipse es tambi\u00e9n la antesala del equinoccio de Primavera lo que puede traer algunos tintes [&hellip;]","og_url":"https:\/\/sergiolapegue.com\/site\/2024\/09\/16\/hit-astral-de-la-semana-eclipse-parcial-de-luna-en-piscis\/","og_site_name":"Sergio Lapegue","article_publisher":"https:\/\/facebook.com\/sergiolapegue","article_published_time":"2024-09-16T15:13:59+00:00","article_modified_time":"2024-09-16T15:14:00+00:00","og_image":[{"width":500,"height":501,"url":"https:\/\/sergiolapegue.com\/site\/wp-content\/uploads\/2024\/09\/2-1.jpg","type":"image\/jpeg"}],"author":"Victoria Garc\u00eda Garcilazo","twitter_card":"summary_large_image","twitter_site":"@sergiolapegue","twitter_misc":{"Escrito por":"Victoria Garc\u00eda Garcilazo","Tiempo de lectura":"3 minutos"},"schema":{"@context":"https:\/\/schema.org","@graph":[{"@type":"Article","@id":"https:\/\/sergiolapegue.com\/site\/2024\/09\/16\/hit-astral-de-la-semana-eclipse-parcial-de-luna-en-piscis\/#article","isPartOf":{"@id":"https:\/\/sergiolapegue.com\/site\/2024\/09\/16\/hit-astral-de-la-semana-eclipse-parcial-de-luna-en-piscis\/"},"author":{"name":"Victoria Garc\u00eda Garcilazo","@id":"https:\/\/sergiolapegue.com\/site\/#\/schema\/person\/038a19a76176d528a1a27ac17e18af68"},"headline":"HIT ASTRAL DE LA SEMANA: ECLIPSE PARCIAL DE LUNA EN PISCIS","datePublished":"2024-09-16T15:13:59+00:00","dateModified":"2024-09-16T15:14:00+00:00","mainEntityOfPage":{"@id":"https:\/\/sergiolapegue.com\/site\/2024\/09\/16\/hit-astral-de-la-semana-eclipse-parcial-de-luna-en-piscis\/"},"wordCount":460,"publisher":{"@id":"https:\/\/sergiolapegue.com\/site\/#\/schema\/person\/083aeceeb0734cd166779ea6c0551a37"},"image":{"@id":"https:\/\/sergiolapegue.com\/site\/2024\/09\/16\/hit-astral-de-la-semana-eclipse-parcial-de-luna-en-piscis\/#primaryimage"},"thumbnailUrl":"https:\/\/sergiolapegue.com\/site\/wp-content\/uploads\/2024\/09\/2-1.jpg","keywords":["astral","cartas","eclipse","horoscopo","luna","neptuno","picis","sol","tarot","tarotismo"],"articleSection":["Astrotarot"],"inLanguage":"es-AR"},{"@type":"WebPage","@id":"https:\/\/sergiolapegue.com\/site\/2024\/09\/16\/hit-astral-de-la-semana-eclipse-parcial-de-luna-en-piscis\/","url":"https:\/\/sergiolapegue.com\/site\/2024\/09\/16\/hit-astral-de-la-semana-eclipse-parcial-de-luna-en-piscis\/","name":"HIT ASTRAL DE LA SEMANA: ECLIPSE PARCIAL DE LUNA EN PISCIS - Sergio Lapegue","isPartOf":{"@id":"https:\/\/sergiolapegue.com\/site\/#website"},"primaryImageOfPage":{"@id":"https:\/\/sergiolapegue.com\/site\/2024\/09\/16\/hit-astral-de-la-semana-eclipse-parcial-de-luna-en-piscis\/#primaryimage"},"image":{"@id":"https:\/\/sergiolapegue.com\/site\/2024\/09\/16\/hit-astral-de-la-semana-eclipse-parcial-de-luna-en-piscis\/#primaryimage"},"thumbnailUrl":"https:\/\/sergiolapegue.com\/site\/wp-content\/uploads\/2024\/09\/2-1.jpg","datePublished":"2024-09-16T15:13:59+00:00","dateModified":"2024-09-16T15:14:00+00:00","breadcrumb":{"@id":"https:\/\/sergiolapegue.com\/site\/2024\/09\/16\/hit-astral-de-la-semana-eclipse-parcial-de-luna-en-piscis\/#breadcrumb"},"inLanguage":"es-AR","potentialAction":[{"@type":"ReadAction","target":["https:\/\/sergiolapegue.com\/site\/2024\/09\/16\/hit-astral-de-la-semana-eclipse-parcial-de-luna-en-piscis\/"]}]},{"@type":"ImageObject","inLanguage":"es-AR","@id":"https:\/\/sergiolapegue.com\/site\/2024\/09\/16\/hit-astral-de-la-semana-eclipse-parcial-de-luna-en-piscis\/#primaryimage","url":"https:\/\/sergiolapegue.com\/site\/wp-content\/uploads\/2024\/09\/2-1.jpg","contentUrl":"https:\/\/sergiolapegue.com\/site\/wp-content\/uploads\/2024\/09\/2-1.jpg","width":500,"height":501},{"@type":"BreadcrumbList","@id":"https:\/\/sergiolapegue.com\/site\/2024\/09\/16\/hit-astral-de-la-semana-eclipse-parcial-de-luna-en-piscis\/#breadcrumb","itemListElement":[{"@type":"ListItem","position":1,"name":"Inicio","item":"https:\/\/sergiolapegue.com\/site\/"},{"@type":"ListItem","position":2,"name":"HIT ASTRAL DE LA SEMANA: ECLIPSE PARCIAL DE LUNA EN PISCIS"}]},{"@type":"WebSite","@id":"https:\/\/sergiolapegue.com\/site\/#website","url":"https:\/\/sergiolapegue.com\/site\/","name":"Sergio Lapegue","description":"Periodista","publisher":{"@id":"https:\/\/sergiolapegue.com\/site\/#\/schema\/person\/083aeceeb0734cd166779ea6c0551a37"},"potentialAction":[{"@type":"SearchAction","target":{"@type":"EntryPoint","urlTemplate":"https:\/\/sergiolapegue.com\/site\/?s={search_term_string}"},"query-input":{"@type":"PropertyValueSpecification","valueRequired":true,"valueName":"search_term_string"}}],"inLanguage":"es-AR"},{"@type":["Person","Organization"],"@id":"https:\/\/sergiolapegue.com\/site\/#\/schema\/person\/083aeceeb0734cd166779ea6c0551a37","name":"Sergio Lapegue","image":{"@type":"ImageObject","inLanguage":"es-AR","@id":"https:\/\/sergiolapegue.com\/site\/wp-content\/uploads\/2021\/04\/logo_header-1.png","url":"https:\/\/sergiolapegue.com\/site\/wp-content\/uploads\/2021\/04\/logo_header-1.png","contentUrl":"https:\/\/sergiolapegue.com\/site\/wp-content\/uploads\/2021\/04\/logo_header-1.png","width":272,"height":90,"caption":"Sergio Lapegue"},"logo":{"@id":"https:\/\/sergiolapegue.com\/site\/wp-content\/uploads\/2021\/04\/logo_header-1.png"},"sameAs":["https:\/\/facebook.com\/sergiolapegue","https:\/\/instagram.com\/sergiolapegue","https:\/\/x.com\/https:\/\/twitter.com\/sergiolapegue"]},{"@type":"Person","@id":"https:\/\/sergiolapegue.com\/site\/#\/schema\/person\/038a19a76176d528a1a27ac17e18af68","name":"Victoria Garc\u00eda Garcilazo","image":{"@type":"ImageObject","inLanguage":"es-AR","@id":"https:\/\/sergiolapegue.com\/site\/wp-content\/uploads\/2025\/12\/victoriaGarciaGarcilazo-150x150.jpg","url":"https:\/\/sergiolapegue.com\/site\/wp-content\/uploads\/2025\/12\/victoriaGarciaGarcilazo-150x150.jpg","contentUrl":"https:\/\/sergiolapegue.com\/site\/wp-content\/uploads\/2025\/12\/victoriaGarciaGarcilazo-150x150.jpg","caption":"Victoria Garc\u00eda Garcilazo"},"sameAs":["https:\/\/lavictoriadevenus.com\/","https:\/\/www.instagram.com\/lavictoriadevenus\/","https:\/\/www.youtube.com\/channel\/UCPAWzfQij6wJRHSTN5wi3Mg"],"url":"https:\/\/sergiolapegue.com\/site\/author\/victoria\/"}]}},"_links":{"self":[{"href":"https:\/\/sergiolapegue.com\/site\/wp-json\/wp\/v2\/posts\/17935","targetHints":{"allow":["GET"]}}],"collection":[{"href":"https:\/\/sergiolapegue.com\/site\/wp-json\/wp\/v2\/posts"}],"about":[{"href":"https:\/\/sergiolapegue.com\/site\/wp-json\/wp\/v2\/types\/post"}],"author":[{"embeddable":true,"href":"https:\/\/sergiolapegue.com\/site\/wp-json\/wp\/v2\/users\/9"}],"replies":[{"embeddable":true,"href":"https:\/\/sergiolapegue.com\/site\/wp-json\/wp\/v2\/comments?post=17935"}],"version-history":[{"count":1,"href":"https:\/\/sergiolapegue.com\/site\/wp-json\/wp\/v2\/posts\/17935\/revisions"}],"predecessor-version":[{"id":17938,"href":"https:\/\/sergiolapegue.com\/site\/wp-json\/wp\/v2\/posts\/17935\/revisions\/17938"}],"wp:featuredmedia":[{"embeddable":true,"href":"https:\/\/sergiolapegue.com\/site\/wp-json\/wp\/v2\/media\/17937"}],"wp:attachment":[{"href":"https:\/\/sergiolapegue.com\/site\/wp-json\/wp\/v2\/media?parent=17935"}],"wp:term":[{"taxonomy":"category","embeddable":true,"href":"https:\/\/sergiolapegue.com\/site\/wp-json\/wp\/v2\/categories?post=17935"},{"taxonomy":"post_tag","embeddable":true,"href":"https:\/\/sergiolapegue.com\/site\/wp-json\/wp\/v2\/tags?post=17935"}],"curies":[{"name":"wp","href":"https:\/\/api.w.org\/{rel}","templated":true}]}}