{"id":17874,"date":"2024-09-25T09:46:00","date_gmt":"2024-09-25T12:46:00","guid":{"rendered":"https:\/\/sergiolapegue.com\/site\/?p=17874"},"modified":"2024-09-13T15:48:18","modified_gmt":"2024-09-13T18:48:18","slug":"tendencias-de-corte-y-color-seguir-o-no-seguir-las-tendencias","status":"publish","type":"post","link":"https:\/\/sergiolapegue.com\/site\/2024\/09\/25\/tendencias-de-corte-y-color-seguir-o-no-seguir-las-tendencias\/","title":{"rendered":"Tendencias de corte y color: \u00bfseguir o no seguir las tendencias?"},"content":{"rendered":"\n<p>Cada seis meses, el mundo de la peluquer\u00eda se renueva con las colecciones de corte y color que marcan la pauta para la temporada. Las grandes marcas como L&#8217;Or\u00e9al y Wella nos presentan lo \u00faltimo en tendencias, inspiradas en pasarelas internacionales y dise\u00f1adas para llevar nuestra imagen al siguiente nivel.<\/p>\n\n\n\n<p>Este a\u00f1o, por ejemplo, L&#8217;Or\u00e9al ha destacado el \u201cBeurre Blonde&#8221; un rubio dorado c\u00e1lido y luminoso que exuda brillo natural, alej\u00e1ndose de los tonos fr\u00edos y cenizos, y proponiendo cortes texturizados y livianos como el &#8220;Italian Bob&#8221;, que aporta sofisticaci\u00f3n y movimiento sin esfuerzo<\/p>\n\n\n\n<p>Por otro lado, Wella apuesta por el \u201cGolden Hour Bronze&#8221;, un tono c\u00e1lido que mezcla bronces y \u00e1mbares para crear un efecto brillante inspirado en la luz del atardecer, ideal para melenas morenas. Para las m\u00e1s atrevidas, sugiere el \u201cBold Teal Hair&#8221; es un azul verdoso vibrante que a\u00f1ade un toque de audacia y luminosidad, especialmente en cabellos oscuros.<\/p>\n\n\n\n<p><strong>Sin embargo, aunque estas propuestas son emocionantes y nos tientan a experimentar, la realidad es que nuestro cabello no puede adaptarse tan r\u00e1pidamente a estos cambios sin sufrir las consecuencias.<\/strong><\/p>\n\n\n\n<p>Es imposible para nosotras, las mujeres, estar constantemente actualizadas con cada nueva tendencia sin comprometer la salud de nuestro cabello. Los procesos de coloraci\u00f3n dr\u00e1sticos, como los cambios intensos en el color del cabello, pueden da\u00f1ar la fibra capilar y llevarnos a una lucha constante por mantener nuestro cabello en buen estado.<\/p>\n\n\n\n<p>En cuanto a los cortes, la variedad en las intenciones de corte puede hacer que el cabello no tenga tiempo suficiente para crecer y prepararse para la pr\u00f3xima temporada. Cambiar de corte cada seis meses puede ser emocionante, pero tambi\u00e9n puede resultar frustrante cuando el cabello no ha crecido lo suficiente para adaptarse a las nuevas tendencias.<\/p>\n\n\n\n<p>Por eso, es fundamental que entendamos la moda no como una imposici\u00f3n, sino como una inspiraci\u00f3n.&nbsp;<strong>No tenemos que ser esclavas de las tendencias; lo m\u00e1s importante es sentirnos bien con lo que vemos en el espejo. Debemos elegir lo que nos hace sentir c\u00f3modas y seguras, priorizando siempre la salud de nuestro cabello.<\/strong><\/p>\n\n\n\n<p>Si bien es cierto que las tendencias son una excelente referencia cuando queremos un cambio, no debemos obsesionarnos con seguirlas al pie de la letra. A veces, un peque\u00f1o ajuste o un toque sutil que nos haga sentir renovadas es m\u00e1s que suficiente. La clave est\u00e1 en adaptar la moda a nuestra personalidad y estilo de vida, no al rev\u00e9s.<\/p>\n\n\n\n<p>As\u00ed que, mientras las pasarelas dictan qu\u00e9 es lo &#8220;in&#8221; cada temporada, recordemos que lo m\u00e1s importante es c\u00f3mo nos sentimos con nosotras mismas. Y si alguna vez sentimos el impulso de un cambio, las tendencias estar\u00e1n ah\u00ed para guiarnos, pero siempre desde una perspectiva que respete la individualidad y la salud capilar.<\/p>\n\n\n\n<figure class=\"wp-block-image size-large is-resized\"><img loading=\"lazy\" decoding=\"async\" width=\"860\" height=\"1024\" src=\"https:\/\/sergiolapegue.com\/site\/wp-content\/uploads\/2024\/09\/Georgina-Buscaglia-860x1024.jpeg\" alt=\"\" class=\"wp-image-17875\" style=\"width:368px;height:auto\" srcset=\"https:\/\/sergiolapegue.com\/site\/wp-content\/uploads\/2024\/09\/Georgina-Buscaglia-860x1024.jpeg 860w, https:\/\/sergiolapegue.com\/site\/wp-content\/uploads\/2024\/09\/Georgina-Buscaglia-252x300.jpeg 252w, https:\/\/sergiolapegue.com\/site\/wp-content\/uploads\/2024\/09\/Georgina-Buscaglia-768x914.jpeg 768w, https:\/\/sergiolapegue.com\/site\/wp-content\/uploads\/2024\/09\/Georgina-Buscaglia-353x420.jpeg 353w, https:\/\/sergiolapegue.com\/site\/wp-content\/uploads\/2024\/09\/Georgina-Buscaglia-696x829.jpeg 696w, https:\/\/sergiolapegue.com\/site\/wp-content\/uploads\/2024\/09\/Georgina-Buscaglia-1068x1272.jpeg 1068w, https:\/\/sergiolapegue.com\/site\/wp-content\/uploads\/2024\/09\/Georgina-Buscaglia.jpeg 1075w\" sizes=\"auto, (max-width: 860px) 100vw, 860px\" \/><figcaption class=\"wp-element-caption\"><em>Por\u00a0Georgina\u00a0Buscaglia, especialista en color y cuidado del cabello @exhalapeluqueria\u00a0<\/em><\/figcaption><\/figure>\n","protected":false},"excerpt":{"rendered":"<p>Cada seis meses, el mundo de la peluquer\u00eda se renueva con las colecciones de corte y color que marcan la pauta para la temporada. Las grandes marcas como L&#8217;Or\u00e9al y Wella nos presentan lo \u00faltimo en tendencias, inspiradas en pasarelas internacionales y dise\u00f1adas para llevar nuestra imagen al siguiente nivel. Este a\u00f1o, por ejemplo, L&#8217;Or\u00e9al [&hellip;]<\/p>\n","protected":false},"author":4,"featured_media":17876,"comment_status":"closed","ping_status":"closed","sticky":false,"template":"","format":"standard","meta":{"footnotes":""},"categories":[38],"tags":[3136,3509,3815,2539,297,3009,3816,2570,727],"class_list":{"0":"post-17874","1":"post","2":"type-post","3":"status-publish","4":"format-standard","5":"has-post-thumbnail","7":"category-actualidad","8":"tag-cabello","9":"tag-color","10":"tag-corte","11":"tag-marca","12":"tag-pelo","13":"tag-peluqueria","14":"tag-rulo","15":"tag-temporada","16":"tag-tendencia"},"yoast_head":"<!-- This site is optimized with the Yoast SEO plugin v27.5 - https:\/\/yoast.com\/product\/yoast-seo-wordpress\/ -->\n<title>Tendencias de corte y color: \u00bfseguir o no seguir las tendencias? - Sergio Lapegue<\/title>\n<meta name=\"robots\" content=\"index, follow, max-snippet:-1, max-image-preview:large, max-video-preview:-1\" \/>\n<link rel=\"canonical\" href=\"https:\/\/sergiolapegue.com\/site\/2024\/09\/25\/tendencias-de-corte-y-color-seguir-o-no-seguir-las-tendencias\/\" \/>\n<meta property=\"og:locale\" content=\"es_ES\" \/>\n<meta property=\"og:type\" content=\"article\" \/>\n<meta property=\"og:title\" content=\"Tendencias de corte y color: \u00bfseguir o no seguir las tendencias? - Sergio Lapegue\" \/>\n<meta property=\"og:description\" content=\"Cada seis meses, el mundo de la peluquer\u00eda se renueva con las colecciones de corte y color que marcan la pauta para la temporada. Las grandes marcas como L&#8217;Or\u00e9al y Wella nos presentan lo \u00faltimo en tendencias, inspiradas en pasarelas internacionales y dise\u00f1adas para llevar nuestra imagen al siguiente nivel. Este a\u00f1o, por ejemplo, L&#8217;Or\u00e9al [&hellip;]\" \/>\n<meta property=\"og:url\" content=\"https:\/\/sergiolapegue.com\/site\/2024\/09\/25\/tendencias-de-corte-y-color-seguir-o-no-seguir-las-tendencias\/\" \/>\n<meta property=\"og:site_name\" content=\"Sergio Lapegue\" \/>\n<meta property=\"article:publisher\" content=\"https:\/\/facebook.com\/sergiolapegue\" \/>\n<meta property=\"article:published_time\" content=\"2024-09-25T12:46:00+00:00\" \/>\n<meta property=\"og:image\" content=\"https:\/\/sergiolapegue.com\/site\/wp-content\/uploads\/2024\/09\/TENDENCIAS-MODA-CABELLO-20232024.png\" \/>\n\t<meta property=\"og:image:width\" content=\"800\" \/>\n\t<meta property=\"og:image:height\" content=\"500\" \/>\n\t<meta property=\"og:image:type\" content=\"image\/png\" \/>\n<meta name=\"author\" content=\"Leonardo Monta\u00f1a\" \/>\n<meta name=\"twitter:card\" content=\"summary_large_image\" \/>\n<meta name=\"twitter:creator\" content=\"@https:\/\/twitter.com\/soytoto81\" \/>\n<meta name=\"twitter:site\" content=\"@sergiolapegue\" \/>\n<meta name=\"twitter:label1\" content=\"Escrito por\" \/>\n\t<meta name=\"twitter:data1\" content=\"Leonardo Monta\u00f1a\" \/>\n\t<meta name=\"twitter:label2\" content=\"Tiempo de lectura\" \/>\n\t<meta name=\"twitter:data2\" content=\"3 minutos\" \/>\n<script type=\"application\/ld+json\" class=\"yoast-schema-graph\">{\"@context\":\"https:\\\/\\\/schema.org\",\"@graph\":[{\"@type\":\"Article\",\"@id\":\"https:\\\/\\\/sergiolapegue.com\\\/site\\\/2024\\\/09\\\/25\\\/tendencias-de-corte-y-color-seguir-o-no-seguir-las-tendencias\\\/#article\",\"isPartOf\":{\"@id\":\"https:\\\/\\\/sergiolapegue.com\\\/site\\\/2024\\\/09\\\/25\\\/tendencias-de-corte-y-color-seguir-o-no-seguir-las-tendencias\\\/\"},\"author\":{\"name\":\"Leonardo Monta\u00f1a\",\"@id\":\"https:\\\/\\\/sergiolapegue.com\\\/site\\\/#\\\/schema\\\/person\\\/00adf937d010c7f79a180dc4916a40e0\"},\"headline\":\"Tendencias de corte y color: \u00bfseguir o no seguir las tendencias?\",\"datePublished\":\"2024-09-25T12:46:00+00:00\",\"mainEntityOfPage\":{\"@id\":\"https:\\\/\\\/sergiolapegue.com\\\/site\\\/2024\\\/09\\\/25\\\/tendencias-de-corte-y-color-seguir-o-no-seguir-las-tendencias\\\/\"},\"wordCount\":512,\"publisher\":{\"@id\":\"https:\\\/\\\/sergiolapegue.com\\\/site\\\/#\\\/schema\\\/person\\\/083aeceeb0734cd166779ea6c0551a37\"},\"image\":{\"@id\":\"https:\\\/\\\/sergiolapegue.com\\\/site\\\/2024\\\/09\\\/25\\\/tendencias-de-corte-y-color-seguir-o-no-seguir-las-tendencias\\\/#primaryimage\"},\"thumbnailUrl\":\"https:\\\/\\\/sergiolapegue.com\\\/site\\\/wp-content\\\/uploads\\\/2024\\\/09\\\/TENDENCIAS-MODA-CABELLO-20232024.png\",\"keywords\":[\"cabello\",\"color\",\"corte\",\"marca\",\"pelo\",\"peluqueria\",\"rulo\",\"temporada\",\"tendencia\"],\"articleSection\":[\"Actualidad\"],\"inLanguage\":\"es-AR\"},{\"@type\":\"WebPage\",\"@id\":\"https:\\\/\\\/sergiolapegue.com\\\/site\\\/2024\\\/09\\\/25\\\/tendencias-de-corte-y-color-seguir-o-no-seguir-las-tendencias\\\/\",\"url\":\"https:\\\/\\\/sergiolapegue.com\\\/site\\\/2024\\\/09\\\/25\\\/tendencias-de-corte-y-color-seguir-o-no-seguir-las-tendencias\\\/\",\"name\":\"Tendencias de corte y color: \u00bfseguir o no seguir las tendencias? - Sergio Lapegue\",\"isPartOf\":{\"@id\":\"https:\\\/\\\/sergiolapegue.com\\\/site\\\/#website\"},\"primaryImageOfPage\":{\"@id\":\"https:\\\/\\\/sergiolapegue.com\\\/site\\\/2024\\\/09\\\/25\\\/tendencias-de-corte-y-color-seguir-o-no-seguir-las-tendencias\\\/#primaryimage\"},\"image\":{\"@id\":\"https:\\\/\\\/sergiolapegue.com\\\/site\\\/2024\\\/09\\\/25\\\/tendencias-de-corte-y-color-seguir-o-no-seguir-las-tendencias\\\/#primaryimage\"},\"thumbnailUrl\":\"https:\\\/\\\/sergiolapegue.com\\\/site\\\/wp-content\\\/uploads\\\/2024\\\/09\\\/TENDENCIAS-MODA-CABELLO-20232024.png\",\"datePublished\":\"2024-09-25T12:46:00+00:00\",\"breadcrumb\":{\"@id\":\"https:\\\/\\\/sergiolapegue.com\\\/site\\\/2024\\\/09\\\/25\\\/tendencias-de-corte-y-color-seguir-o-no-seguir-las-tendencias\\\/#breadcrumb\"},\"inLanguage\":\"es-AR\",\"potentialAction\":[{\"@type\":\"ReadAction\",\"target\":[\"https:\\\/\\\/sergiolapegue.com\\\/site\\\/2024\\\/09\\\/25\\\/tendencias-de-corte-y-color-seguir-o-no-seguir-las-tendencias\\\/\"]}]},{\"@type\":\"ImageObject\",\"inLanguage\":\"es-AR\",\"@id\":\"https:\\\/\\\/sergiolapegue.com\\\/site\\\/2024\\\/09\\\/25\\\/tendencias-de-corte-y-color-seguir-o-no-seguir-las-tendencias\\\/#primaryimage\",\"url\":\"https:\\\/\\\/sergiolapegue.com\\\/site\\\/wp-content\\\/uploads\\\/2024\\\/09\\\/TENDENCIAS-MODA-CABELLO-20232024.png\",\"contentUrl\":\"https:\\\/\\\/sergiolapegue.com\\\/site\\\/wp-content\\\/uploads\\\/2024\\\/09\\\/TENDENCIAS-MODA-CABELLO-20232024.png\",\"width\":800,\"height\":500},{\"@type\":\"BreadcrumbList\",\"@id\":\"https:\\\/\\\/sergiolapegue.com\\\/site\\\/2024\\\/09\\\/25\\\/tendencias-de-corte-y-color-seguir-o-no-seguir-las-tendencias\\\/#breadcrumb\",\"itemListElement\":[{\"@type\":\"ListItem\",\"position\":1,\"name\":\"Inicio\",\"item\":\"https:\\\/\\\/sergiolapegue.com\\\/site\\\/\"},{\"@type\":\"ListItem\",\"position\":2,\"name\":\"Tendencias de corte y color: \u00bfseguir o no seguir las tendencias?\"}]},{\"@type\":\"WebSite\",\"@id\":\"https:\\\/\\\/sergiolapegue.com\\\/site\\\/#website\",\"url\":\"https:\\\/\\\/sergiolapegue.com\\\/site\\\/\",\"name\":\"Sergio Lapegue\",\"description\":\"Periodista\",\"publisher\":{\"@id\":\"https:\\\/\\\/sergiolapegue.com\\\/site\\\/#\\\/schema\\\/person\\\/083aeceeb0734cd166779ea6c0551a37\"},\"potentialAction\":[{\"@type\":\"SearchAction\",\"target\":{\"@type\":\"EntryPoint\",\"urlTemplate\":\"https:\\\/\\\/sergiolapegue.com\\\/site\\\/?s={search_term_string}\"},\"query-input\":{\"@type\":\"PropertyValueSpecification\",\"valueRequired\":true,\"valueName\":\"search_term_string\"}}],\"inLanguage\":\"es-AR\"},{\"@type\":[\"Person\",\"Organization\"],\"@id\":\"https:\\\/\\\/sergiolapegue.com\\\/site\\\/#\\\/schema\\\/person\\\/083aeceeb0734cd166779ea6c0551a37\",\"name\":\"Sergio Lapegue\",\"image\":{\"@type\":\"ImageObject\",\"inLanguage\":\"es-AR\",\"@id\":\"https:\\\/\\\/sergiolapegue.com\\\/site\\\/wp-content\\\/uploads\\\/2021\\\/04\\\/logo_header-1.png\",\"url\":\"https:\\\/\\\/sergiolapegue.com\\\/site\\\/wp-content\\\/uploads\\\/2021\\\/04\\\/logo_header-1.png\",\"contentUrl\":\"https:\\\/\\\/sergiolapegue.com\\\/site\\\/wp-content\\\/uploads\\\/2021\\\/04\\\/logo_header-1.png\",\"width\":272,\"height\":90,\"caption\":\"Sergio Lapegue\"},\"logo\":{\"@id\":\"https:\\\/\\\/sergiolapegue.com\\\/site\\\/wp-content\\\/uploads\\\/2021\\\/04\\\/logo_header-1.png\"},\"sameAs\":[\"https:\\\/\\\/facebook.com\\\/sergiolapegue\",\"https:\\\/\\\/instagram.com\\\/sergiolapegue\",\"https:\\\/\\\/x.com\\\/https:\\\/\\\/twitter.com\\\/sergiolapegue\"]},{\"@type\":\"Person\",\"@id\":\"https:\\\/\\\/sergiolapegue.com\\\/site\\\/#\\\/schema\\\/person\\\/00adf937d010c7f79a180dc4916a40e0\",\"name\":\"Leonardo Monta\u00f1a\",\"image\":{\"@type\":\"ImageObject\",\"inLanguage\":\"es-AR\",\"@id\":\"https:\\\/\\\/sergiolapegue.com\\\/site\\\/wp-content\\\/uploads\\\/2021\\\/04\\\/sl_avatar_Leonardo-150x150.jpg\",\"url\":\"https:\\\/\\\/sergiolapegue.com\\\/site\\\/wp-content\\\/uploads\\\/2021\\\/04\\\/sl_avatar_Leonardo-150x150.jpg\",\"contentUrl\":\"https:\\\/\\\/sergiolapegue.com\\\/site\\\/wp-content\\\/uploads\\\/2021\\\/04\\\/sl_avatar_Leonardo-150x150.jpg\",\"caption\":\"Leonardo Monta\u00f1a\"},\"sameAs\":[\"https:\\\/\\\/x.com\\\/https:\\\/\\\/twitter.com\\\/soytoto81\"],\"url\":\"https:\\\/\\\/sergiolapegue.com\\\/site\\\/author\\\/leonardo\\\/\"}]}<\/script>\n<!-- \/ Yoast SEO plugin. -->","yoast_head_json":{"title":"Tendencias de corte y color: \u00bfseguir o no seguir las tendencias? - Sergio Lapegue","robots":{"index":"index","follow":"follow","max-snippet":"max-snippet:-1","max-image-preview":"max-image-preview:large","max-video-preview":"max-video-preview:-1"},"canonical":"https:\/\/sergiolapegue.com\/site\/2024\/09\/25\/tendencias-de-corte-y-color-seguir-o-no-seguir-las-tendencias\/","og_locale":"es_ES","og_type":"article","og_title":"Tendencias de corte y color: \u00bfseguir o no seguir las tendencias? - Sergio Lapegue","og_description":"Cada seis meses, el mundo de la peluquer\u00eda se renueva con las colecciones de corte y color que marcan la pauta para la temporada. Las grandes marcas como L&#8217;Or\u00e9al y Wella nos presentan lo \u00faltimo en tendencias, inspiradas en pasarelas internacionales y dise\u00f1adas para llevar nuestra imagen al siguiente nivel. Este a\u00f1o, por ejemplo, L&#8217;Or\u00e9al [&hellip;]","og_url":"https:\/\/sergiolapegue.com\/site\/2024\/09\/25\/tendencias-de-corte-y-color-seguir-o-no-seguir-las-tendencias\/","og_site_name":"Sergio Lapegue","article_publisher":"https:\/\/facebook.com\/sergiolapegue","article_published_time":"2024-09-25T12:46:00+00:00","og_image":[{"width":800,"height":500,"url":"https:\/\/sergiolapegue.com\/site\/wp-content\/uploads\/2024\/09\/TENDENCIAS-MODA-CABELLO-20232024.png","type":"image\/png"}],"author":"Leonardo Monta\u00f1a","twitter_card":"summary_large_image","twitter_creator":"@https:\/\/twitter.com\/soytoto81","twitter_site":"@sergiolapegue","twitter_misc":{"Escrito por":"Leonardo Monta\u00f1a","Tiempo de lectura":"3 minutos"},"schema":{"@context":"https:\/\/schema.org","@graph":[{"@type":"Article","@id":"https:\/\/sergiolapegue.com\/site\/2024\/09\/25\/tendencias-de-corte-y-color-seguir-o-no-seguir-las-tendencias\/#article","isPartOf":{"@id":"https:\/\/sergiolapegue.com\/site\/2024\/09\/25\/tendencias-de-corte-y-color-seguir-o-no-seguir-las-tendencias\/"},"author":{"name":"Leonardo Monta\u00f1a","@id":"https:\/\/sergiolapegue.com\/site\/#\/schema\/person\/00adf937d010c7f79a180dc4916a40e0"},"headline":"Tendencias de corte y color: \u00bfseguir o no seguir las tendencias?","datePublished":"2024-09-25T12:46:00+00:00","mainEntityOfPage":{"@id":"https:\/\/sergiolapegue.com\/site\/2024\/09\/25\/tendencias-de-corte-y-color-seguir-o-no-seguir-las-tendencias\/"},"wordCount":512,"publisher":{"@id":"https:\/\/sergiolapegue.com\/site\/#\/schema\/person\/083aeceeb0734cd166779ea6c0551a37"},"image":{"@id":"https:\/\/sergiolapegue.com\/site\/2024\/09\/25\/tendencias-de-corte-y-color-seguir-o-no-seguir-las-tendencias\/#primaryimage"},"thumbnailUrl":"https:\/\/sergiolapegue.com\/site\/wp-content\/uploads\/2024\/09\/TENDENCIAS-MODA-CABELLO-20232024.png","keywords":["cabello","color","corte","marca","pelo","peluqueria","rulo","temporada","tendencia"],"articleSection":["Actualidad"],"inLanguage":"es-AR"},{"@type":"WebPage","@id":"https:\/\/sergiolapegue.com\/site\/2024\/09\/25\/tendencias-de-corte-y-color-seguir-o-no-seguir-las-tendencias\/","url":"https:\/\/sergiolapegue.com\/site\/2024\/09\/25\/tendencias-de-corte-y-color-seguir-o-no-seguir-las-tendencias\/","name":"Tendencias de corte y color: \u00bfseguir o no seguir las tendencias? - Sergio Lapegue","isPartOf":{"@id":"https:\/\/sergiolapegue.com\/site\/#website"},"primaryImageOfPage":{"@id":"https:\/\/sergiolapegue.com\/site\/2024\/09\/25\/tendencias-de-corte-y-color-seguir-o-no-seguir-las-tendencias\/#primaryimage"},"image":{"@id":"https:\/\/sergiolapegue.com\/site\/2024\/09\/25\/tendencias-de-corte-y-color-seguir-o-no-seguir-las-tendencias\/#primaryimage"},"thumbnailUrl":"https:\/\/sergiolapegue.com\/site\/wp-content\/uploads\/2024\/09\/TENDENCIAS-MODA-CABELLO-20232024.png","datePublished":"2024-09-25T12:46:00+00:00","breadcrumb":{"@id":"https:\/\/sergiolapegue.com\/site\/2024\/09\/25\/tendencias-de-corte-y-color-seguir-o-no-seguir-las-tendencias\/#breadcrumb"},"inLanguage":"es-AR","potentialAction":[{"@type":"ReadAction","target":["https:\/\/sergiolapegue.com\/site\/2024\/09\/25\/tendencias-de-corte-y-color-seguir-o-no-seguir-las-tendencias\/"]}]},{"@type":"ImageObject","inLanguage":"es-AR","@id":"https:\/\/sergiolapegue.com\/site\/2024\/09\/25\/tendencias-de-corte-y-color-seguir-o-no-seguir-las-tendencias\/#primaryimage","url":"https:\/\/sergiolapegue.com\/site\/wp-content\/uploads\/2024\/09\/TENDENCIAS-MODA-CABELLO-20232024.png","contentUrl":"https:\/\/sergiolapegue.com\/site\/wp-content\/uploads\/2024\/09\/TENDENCIAS-MODA-CABELLO-20232024.png","width":800,"height":500},{"@type":"BreadcrumbList","@id":"https:\/\/sergiolapegue.com\/site\/2024\/09\/25\/tendencias-de-corte-y-color-seguir-o-no-seguir-las-tendencias\/#breadcrumb","itemListElement":[{"@type":"ListItem","position":1,"name":"Inicio","item":"https:\/\/sergiolapegue.com\/site\/"},{"@type":"ListItem","position":2,"name":"Tendencias de corte y color: \u00bfseguir o no seguir las tendencias?"}]},{"@type":"WebSite","@id":"https:\/\/sergiolapegue.com\/site\/#website","url":"https:\/\/sergiolapegue.com\/site\/","name":"Sergio Lapegue","description":"Periodista","publisher":{"@id":"https:\/\/sergiolapegue.com\/site\/#\/schema\/person\/083aeceeb0734cd166779ea6c0551a37"},"potentialAction":[{"@type":"SearchAction","target":{"@type":"EntryPoint","urlTemplate":"https:\/\/sergiolapegue.com\/site\/?s={search_term_string}"},"query-input":{"@type":"PropertyValueSpecification","valueRequired":true,"valueName":"search_term_string"}}],"inLanguage":"es-AR"},{"@type":["Person","Organization"],"@id":"https:\/\/sergiolapegue.com\/site\/#\/schema\/person\/083aeceeb0734cd166779ea6c0551a37","name":"Sergio Lapegue","image":{"@type":"ImageObject","inLanguage":"es-AR","@id":"https:\/\/sergiolapegue.com\/site\/wp-content\/uploads\/2021\/04\/logo_header-1.png","url":"https:\/\/sergiolapegue.com\/site\/wp-content\/uploads\/2021\/04\/logo_header-1.png","contentUrl":"https:\/\/sergiolapegue.com\/site\/wp-content\/uploads\/2021\/04\/logo_header-1.png","width":272,"height":90,"caption":"Sergio Lapegue"},"logo":{"@id":"https:\/\/sergiolapegue.com\/site\/wp-content\/uploads\/2021\/04\/logo_header-1.png"},"sameAs":["https:\/\/facebook.com\/sergiolapegue","https:\/\/instagram.com\/sergiolapegue","https:\/\/x.com\/https:\/\/twitter.com\/sergiolapegue"]},{"@type":"Person","@id":"https:\/\/sergiolapegue.com\/site\/#\/schema\/person\/00adf937d010c7f79a180dc4916a40e0","name":"Leonardo Monta\u00f1a","image":{"@type":"ImageObject","inLanguage":"es-AR","@id":"https:\/\/sergiolapegue.com\/site\/wp-content\/uploads\/2021\/04\/sl_avatar_Leonardo-150x150.jpg","url":"https:\/\/sergiolapegue.com\/site\/wp-content\/uploads\/2021\/04\/sl_avatar_Leonardo-150x150.jpg","contentUrl":"https:\/\/sergiolapegue.com\/site\/wp-content\/uploads\/2021\/04\/sl_avatar_Leonardo-150x150.jpg","caption":"Leonardo Monta\u00f1a"},"sameAs":["https:\/\/x.com\/https:\/\/twitter.com\/soytoto81"],"url":"https:\/\/sergiolapegue.com\/site\/author\/leonardo\/"}]}},"_links":{"self":[{"href":"https:\/\/sergiolapegue.com\/site\/wp-json\/wp\/v2\/posts\/17874","targetHints":{"allow":["GET"]}}],"collection":[{"href":"https:\/\/sergiolapegue.com\/site\/wp-json\/wp\/v2\/posts"}],"about":[{"href":"https:\/\/sergiolapegue.com\/site\/wp-json\/wp\/v2\/types\/post"}],"author":[{"embeddable":true,"href":"https:\/\/sergiolapegue.com\/site\/wp-json\/wp\/v2\/users\/4"}],"replies":[{"embeddable":true,"href":"https:\/\/sergiolapegue.com\/site\/wp-json\/wp\/v2\/comments?post=17874"}],"version-history":[{"count":1,"href":"https:\/\/sergiolapegue.com\/site\/wp-json\/wp\/v2\/posts\/17874\/revisions"}],"predecessor-version":[{"id":17877,"href":"https:\/\/sergiolapegue.com\/site\/wp-json\/wp\/v2\/posts\/17874\/revisions\/17877"}],"wp:featuredmedia":[{"embeddable":true,"href":"https:\/\/sergiolapegue.com\/site\/wp-json\/wp\/v2\/media\/17876"}],"wp:attachment":[{"href":"https:\/\/sergiolapegue.com\/site\/wp-json\/wp\/v2\/media?parent=17874"}],"wp:term":[{"taxonomy":"category","embeddable":true,"href":"https:\/\/sergiolapegue.com\/site\/wp-json\/wp\/v2\/categories?post=17874"},{"taxonomy":"post_tag","embeddable":true,"href":"https:\/\/sergiolapegue.com\/site\/wp-json\/wp\/v2\/tags?post=17874"}],"curies":[{"name":"wp","href":"https:\/\/api.w.org\/{rel}","templated":true}]}}