{"id":17867,"date":"2024-09-13T14:21:39","date_gmt":"2024-09-13T17:21:39","guid":{"rendered":"https:\/\/sergiolapegue.com\/site\/?p=17867"},"modified":"2024-09-13T14:21:40","modified_gmt":"2024-09-13T17:21:40","slug":"vuelve-la-feria-picnic-gourmet-una-propuesta-que-fusiona-la-alta-gastronomia-y-la-musica-en-vivo","status":"publish","type":"post","link":"https:\/\/sergiolapegue.com\/site\/2024\/09\/13\/vuelve-la-feria-picnic-gourmet-una-propuesta-que-fusiona-la-alta-gastronomia-y-la-musica-en-vivo\/","title":{"rendered":"Vuelve la Feria Picnic Gourmet: una propuesta que fusiona la alta gastronom\u00eda y la m\u00fasica en vivo"},"content":{"rendered":"\n<p>El 14 y 15 de septiembre llega una nueva edici\u00f3n de la feria que hace honor a los picnics, y que nos acerca a la primavera. Con m\u00e1s de 30 puestos gastron\u00f3micos cui, Feria Picnic Gourmet ofrecer\u00e1 opciones de alto nivel con un gran abanico de sabores, acompa\u00f1ado de m\u00fasica en vivo y masterclass para disfrutar de un fin de semana en el coraz\u00f3n de Palermo.<\/p>\n\n\n\n<p>Vuelve una nueva edici\u00f3n de la Feria Picnic Gourmet en El Rosedal de Palermo, y la cita es 14 y 15 de septiembre de 10 a 18 hs, con entrada libre y gratuita.<\/p>\n\n\n\n<p>La idea de la feria , es acercar los sabores m\u00e1s selectos y diversos de los emprendimientos gastron\u00f3micos locales. Y de esta manera, cada visitante podr\u00e1 elegir sus opciones entre las m\u00e1s de 30 estaciones con sabores tradicionales tanto de Argentina como de Jap\u00f3n, Francia, Italia, Estados Unidos, Colombia, Venezuela, Alemania y B\u00e9lgica para que cada uno pueda elegir y combinar platos para armar su picnic ideal dentro<br>de El Rosedal.<\/p>\n\n\n\n<p>Las personas podr\u00e1n seleccionar entre opciones cl\u00e1sicos como quesos y tartas, u otros m\u00e1s ex\u00f3ticos como un pretzel hasta sushi. Tambi\u00e9n habr\u00e1 alternativas para los que prefieran disfrutar de un picnic dulce con<br>pasteler\u00eda de primera calidad, asimismo se dispondr\u00e1 de propuestas para cel\u00edacos y vegetarianos. Los visitantes tendr\u00e1n a disposici\u00f3n mesas y manteles -para armar sus picnics- entre las flores y arboledas de este<br>verdadero oasis de la ciudad. Adem\u00e1s, durante el s\u00e1bado y domingo habr\u00e1 masterclass, m\u00fasica en vivo y otros entretenimientos que ser\u00e1n el condimento perfecto para estas dos jornadas exquisitas.<\/p>\n\n\n\n<figure class=\"wp-block-image size-large is-style-rounded\"><img loading=\"lazy\" decoding=\"async\" width=\"1024\" height=\"683\" src=\"https:\/\/sergiolapegue.com\/site\/wp-content\/uploads\/2024\/09\/feria-gourmet01-1024x683.png\" alt=\"\" class=\"wp-image-17868\" srcset=\"https:\/\/sergiolapegue.com\/site\/wp-content\/uploads\/2024\/09\/feria-gourmet01-1024x683.png 1024w, https:\/\/sergiolapegue.com\/site\/wp-content\/uploads\/2024\/09\/feria-gourmet01-300x200.png 300w, https:\/\/sergiolapegue.com\/site\/wp-content\/uploads\/2024\/09\/feria-gourmet01-768x512.png 768w, https:\/\/sergiolapegue.com\/site\/wp-content\/uploads\/2024\/09\/feria-gourmet01-630x420.png 630w, https:\/\/sergiolapegue.com\/site\/wp-content\/uploads\/2024\/09\/feria-gourmet01-696x464.png 696w, https:\/\/sergiolapegue.com\/site\/wp-content\/uploads\/2024\/09\/feria-gourmet01-1068x712.png 1068w, https:\/\/sergiolapegue.com\/site\/wp-content\/uploads\/2024\/09\/feria-gourmet01.png 1200w\" sizes=\"auto, (max-width: 1024px) 100vw, 1024px\" \/><\/figure>\n\n\n\n<p>\u201cLa idea naci\u00f3 con el objetivo de organizar un evento gastron\u00f3mico al aire libre para disfrutar en familia, con amigos o en una cita rom\u00e1ntica. Lo bueno es que la comida de un picnic puede adaptarse a una variedad de<br>gustos y presupuestos A algunos les gusta lo salado, a otro lo dulce\u2026<\/p>\n\n\n\n<p>Pero lo que no hay duda, es que a todos nos encantan los picnics rodeados de naturaleza!\u201d, Cuentan Cecilia y Carlos, productores ejecutivos de Feria Picnic Gourmet, ambos con una gran trayectoria en producciones gastron\u00f3micas.<\/p>\n\n\n\n<p><strong>Todo lo que ten\u00e9s que saber<\/strong><br>D\u00f3nde y C\u00f3mo: El Rosedal de Palermo, frente a la estaci\u00f3n saludable.<br>Figueroa Alcorta y Sarmiento. Entrada libre y gratuita. Se abona la consumici\u00f3n en cada stand.<br>Cu\u00e1ndo: S\u00e1bado 14 y domingo 15 de Septiembre de 10 a 18 horas.<\/p>\n","protected":false},"excerpt":{"rendered":"<p>El 14 y 15 de septiembre llega una nueva edici\u00f3n de la feria que hace honor a los picnics, y que nos acerca a la primavera. Con m\u00e1s de 30 puestos gastron\u00f3micos cui, Feria Picnic Gourmet ofrecer\u00e1 opciones de alto nivel con un gran abanico de sabores, acompa\u00f1ado de m\u00fasica en vivo y masterclass para [&hellip;]<\/p>\n","protected":false},"author":4,"featured_media":17869,"comment_status":"closed","ping_status":"closed","sticky":false,"template":"","format":"standard","meta":{"footnotes":""},"categories":[38],"tags":[306,2252,696,3786,111,3809],"class_list":{"0":"post-17867","1":"post","2":"type-post","3":"status-publish","4":"format-standard","5":"has-post-thumbnail","7":"category-actualidad","8":"tag-comida","9":"tag-feria","10":"tag-gastronomia","11":"tag-gourmet","12":"tag-musica","13":"tag-pic-nic"},"yoast_head":"<!-- This site is optimized with the Yoast SEO plugin v27.5 - https:\/\/yoast.com\/product\/yoast-seo-wordpress\/ -->\n<title>Vuelve la Feria Picnic Gourmet: una propuesta que fusiona la alta gastronom\u00eda y la m\u00fasica en vivo - Sergio Lapegue<\/title>\n<meta name=\"robots\" content=\"index, follow, max-snippet:-1, max-image-preview:large, max-video-preview:-1\" \/>\n<link rel=\"canonical\" href=\"https:\/\/sergiolapegue.com\/site\/2024\/09\/13\/vuelve-la-feria-picnic-gourmet-una-propuesta-que-fusiona-la-alta-gastronomia-y-la-musica-en-vivo\/\" \/>\n<meta property=\"og:locale\" content=\"es_ES\" \/>\n<meta property=\"og:type\" content=\"article\" \/>\n<meta property=\"og:title\" content=\"Vuelve la Feria Picnic Gourmet: una propuesta que fusiona la alta gastronom\u00eda y la m\u00fasica en vivo - Sergio Lapegue\" \/>\n<meta property=\"og:description\" content=\"El 14 y 15 de septiembre llega una nueva edici\u00f3n de la feria que hace honor a los picnics, y que nos acerca a la primavera. Con m\u00e1s de 30 puestos gastron\u00f3micos cui, Feria Picnic Gourmet ofrecer\u00e1 opciones de alto nivel con un gran abanico de sabores, acompa\u00f1ado de m\u00fasica en vivo y masterclass para [&hellip;]\" \/>\n<meta property=\"og:url\" content=\"https:\/\/sergiolapegue.com\/site\/2024\/09\/13\/vuelve-la-feria-picnic-gourmet-una-propuesta-que-fusiona-la-alta-gastronomia-y-la-musica-en-vivo\/\" \/>\n<meta property=\"og:site_name\" content=\"Sergio Lapegue\" \/>\n<meta property=\"article:publisher\" content=\"https:\/\/facebook.com\/sergiolapegue\" \/>\n<meta property=\"article:published_time\" content=\"2024-09-13T17:21:39+00:00\" \/>\n<meta property=\"article:modified_time\" content=\"2024-09-13T17:21:40+00:00\" \/>\n<meta property=\"og:image\" content=\"https:\/\/sergiolapegue.com\/site\/wp-content\/uploads\/2024\/09\/feria-gourmet02.jpg\" \/>\n\t<meta property=\"og:image:width\" content=\"500\" \/>\n\t<meta property=\"og:image:height\" content=\"344\" \/>\n\t<meta property=\"og:image:type\" content=\"image\/jpeg\" \/>\n<meta name=\"author\" content=\"Leonardo Monta\u00f1a\" \/>\n<meta name=\"twitter:card\" content=\"summary_large_image\" \/>\n<meta name=\"twitter:creator\" content=\"@https:\/\/twitter.com\/soytoto81\" \/>\n<meta name=\"twitter:site\" content=\"@sergiolapegue\" \/>\n<meta name=\"twitter:label1\" content=\"Escrito por\" \/>\n\t<meta name=\"twitter:data1\" content=\"Leonardo Monta\u00f1a\" \/>\n\t<meta name=\"twitter:label2\" content=\"Tiempo de lectura\" \/>\n\t<meta name=\"twitter:data2\" content=\"3 minutos\" \/>\n<script type=\"application\/ld+json\" class=\"yoast-schema-graph\">{\"@context\":\"https:\\\/\\\/schema.org\",\"@graph\":[{\"@type\":\"Article\",\"@id\":\"https:\\\/\\\/sergiolapegue.com\\\/site\\\/2024\\\/09\\\/13\\\/vuelve-la-feria-picnic-gourmet-una-propuesta-que-fusiona-la-alta-gastronomia-y-la-musica-en-vivo\\\/#article\",\"isPartOf\":{\"@id\":\"https:\\\/\\\/sergiolapegue.com\\\/site\\\/2024\\\/09\\\/13\\\/vuelve-la-feria-picnic-gourmet-una-propuesta-que-fusiona-la-alta-gastronomia-y-la-musica-en-vivo\\\/\"},\"author\":{\"name\":\"Leonardo Monta\u00f1a\",\"@id\":\"https:\\\/\\\/sergiolapegue.com\\\/site\\\/#\\\/schema\\\/person\\\/00adf937d010c7f79a180dc4916a40e0\"},\"headline\":\"Vuelve la Feria Picnic Gourmet: una propuesta que fusiona la alta gastronom\u00eda y la m\u00fasica en vivo\",\"datePublished\":\"2024-09-13T17:21:39+00:00\",\"dateModified\":\"2024-09-13T17:21:40+00:00\",\"mainEntityOfPage\":{\"@id\":\"https:\\\/\\\/sergiolapegue.com\\\/site\\\/2024\\\/09\\\/13\\\/vuelve-la-feria-picnic-gourmet-una-propuesta-que-fusiona-la-alta-gastronomia-y-la-musica-en-vivo\\\/\"},\"wordCount\":435,\"publisher\":{\"@id\":\"https:\\\/\\\/sergiolapegue.com\\\/site\\\/#\\\/schema\\\/person\\\/083aeceeb0734cd166779ea6c0551a37\"},\"image\":{\"@id\":\"https:\\\/\\\/sergiolapegue.com\\\/site\\\/2024\\\/09\\\/13\\\/vuelve-la-feria-picnic-gourmet-una-propuesta-que-fusiona-la-alta-gastronomia-y-la-musica-en-vivo\\\/#primaryimage\"},\"thumbnailUrl\":\"https:\\\/\\\/sergiolapegue.com\\\/site\\\/wp-content\\\/uploads\\\/2024\\\/09\\\/feria-gourmet02.jpg\",\"keywords\":[\"comida\",\"feria\",\"gastronomia\",\"gourmet\",\"musica\",\"pic nic\"],\"articleSection\":[\"Actualidad\"],\"inLanguage\":\"es-AR\"},{\"@type\":\"WebPage\",\"@id\":\"https:\\\/\\\/sergiolapegue.com\\\/site\\\/2024\\\/09\\\/13\\\/vuelve-la-feria-picnic-gourmet-una-propuesta-que-fusiona-la-alta-gastronomia-y-la-musica-en-vivo\\\/\",\"url\":\"https:\\\/\\\/sergiolapegue.com\\\/site\\\/2024\\\/09\\\/13\\\/vuelve-la-feria-picnic-gourmet-una-propuesta-que-fusiona-la-alta-gastronomia-y-la-musica-en-vivo\\\/\",\"name\":\"Vuelve la Feria Picnic Gourmet: una propuesta que fusiona la alta gastronom\u00eda y la m\u00fasica en vivo - Sergio Lapegue\",\"isPartOf\":{\"@id\":\"https:\\\/\\\/sergiolapegue.com\\\/site\\\/#website\"},\"primaryImageOfPage\":{\"@id\":\"https:\\\/\\\/sergiolapegue.com\\\/site\\\/2024\\\/09\\\/13\\\/vuelve-la-feria-picnic-gourmet-una-propuesta-que-fusiona-la-alta-gastronomia-y-la-musica-en-vivo\\\/#primaryimage\"},\"image\":{\"@id\":\"https:\\\/\\\/sergiolapegue.com\\\/site\\\/2024\\\/09\\\/13\\\/vuelve-la-feria-picnic-gourmet-una-propuesta-que-fusiona-la-alta-gastronomia-y-la-musica-en-vivo\\\/#primaryimage\"},\"thumbnailUrl\":\"https:\\\/\\\/sergiolapegue.com\\\/site\\\/wp-content\\\/uploads\\\/2024\\\/09\\\/feria-gourmet02.jpg\",\"datePublished\":\"2024-09-13T17:21:39+00:00\",\"dateModified\":\"2024-09-13T17:21:40+00:00\",\"breadcrumb\":{\"@id\":\"https:\\\/\\\/sergiolapegue.com\\\/site\\\/2024\\\/09\\\/13\\\/vuelve-la-feria-picnic-gourmet-una-propuesta-que-fusiona-la-alta-gastronomia-y-la-musica-en-vivo\\\/#breadcrumb\"},\"inLanguage\":\"es-AR\",\"potentialAction\":[{\"@type\":\"ReadAction\",\"target\":[\"https:\\\/\\\/sergiolapegue.com\\\/site\\\/2024\\\/09\\\/13\\\/vuelve-la-feria-picnic-gourmet-una-propuesta-que-fusiona-la-alta-gastronomia-y-la-musica-en-vivo\\\/\"]}]},{\"@type\":\"ImageObject\",\"inLanguage\":\"es-AR\",\"@id\":\"https:\\\/\\\/sergiolapegue.com\\\/site\\\/2024\\\/09\\\/13\\\/vuelve-la-feria-picnic-gourmet-una-propuesta-que-fusiona-la-alta-gastronomia-y-la-musica-en-vivo\\\/#primaryimage\",\"url\":\"https:\\\/\\\/sergiolapegue.com\\\/site\\\/wp-content\\\/uploads\\\/2024\\\/09\\\/feria-gourmet02.jpg\",\"contentUrl\":\"https:\\\/\\\/sergiolapegue.com\\\/site\\\/wp-content\\\/uploads\\\/2024\\\/09\\\/feria-gourmet02.jpg\",\"width\":500,\"height\":344},{\"@type\":\"BreadcrumbList\",\"@id\":\"https:\\\/\\\/sergiolapegue.com\\\/site\\\/2024\\\/09\\\/13\\\/vuelve-la-feria-picnic-gourmet-una-propuesta-que-fusiona-la-alta-gastronomia-y-la-musica-en-vivo\\\/#breadcrumb\",\"itemListElement\":[{\"@type\":\"ListItem\",\"position\":1,\"name\":\"Inicio\",\"item\":\"https:\\\/\\\/sergiolapegue.com\\\/site\\\/\"},{\"@type\":\"ListItem\",\"position\":2,\"name\":\"Vuelve la Feria Picnic Gourmet: una propuesta que fusiona la alta gastronom\u00eda y la m\u00fasica en vivo\"}]},{\"@type\":\"WebSite\",\"@id\":\"https:\\\/\\\/sergiolapegue.com\\\/site\\\/#website\",\"url\":\"https:\\\/\\\/sergiolapegue.com\\\/site\\\/\",\"name\":\"Sergio Lapegue\",\"description\":\"Periodista\",\"publisher\":{\"@id\":\"https:\\\/\\\/sergiolapegue.com\\\/site\\\/#\\\/schema\\\/person\\\/083aeceeb0734cd166779ea6c0551a37\"},\"potentialAction\":[{\"@type\":\"SearchAction\",\"target\":{\"@type\":\"EntryPoint\",\"urlTemplate\":\"https:\\\/\\\/sergiolapegue.com\\\/site\\\/?s={search_term_string}\"},\"query-input\":{\"@type\":\"PropertyValueSpecification\",\"valueRequired\":true,\"valueName\":\"search_term_string\"}}],\"inLanguage\":\"es-AR\"},{\"@type\":[\"Person\",\"Organization\"],\"@id\":\"https:\\\/\\\/sergiolapegue.com\\\/site\\\/#\\\/schema\\\/person\\\/083aeceeb0734cd166779ea6c0551a37\",\"name\":\"Sergio Lapegue\",\"image\":{\"@type\":\"ImageObject\",\"inLanguage\":\"es-AR\",\"@id\":\"https:\\\/\\\/sergiolapegue.com\\\/site\\\/wp-content\\\/uploads\\\/2021\\\/04\\\/logo_header-1.png\",\"url\":\"https:\\\/\\\/sergiolapegue.com\\\/site\\\/wp-content\\\/uploads\\\/2021\\\/04\\\/logo_header-1.png\",\"contentUrl\":\"https:\\\/\\\/sergiolapegue.com\\\/site\\\/wp-content\\\/uploads\\\/2021\\\/04\\\/logo_header-1.png\",\"width\":272,\"height\":90,\"caption\":\"Sergio Lapegue\"},\"logo\":{\"@id\":\"https:\\\/\\\/sergiolapegue.com\\\/site\\\/wp-content\\\/uploads\\\/2021\\\/04\\\/logo_header-1.png\"},\"sameAs\":[\"https:\\\/\\\/facebook.com\\\/sergiolapegue\",\"https:\\\/\\\/instagram.com\\\/sergiolapegue\",\"https:\\\/\\\/x.com\\\/https:\\\/\\\/twitter.com\\\/sergiolapegue\"]},{\"@type\":\"Person\",\"@id\":\"https:\\\/\\\/sergiolapegue.com\\\/site\\\/#\\\/schema\\\/person\\\/00adf937d010c7f79a180dc4916a40e0\",\"name\":\"Leonardo Monta\u00f1a\",\"image\":{\"@type\":\"ImageObject\",\"inLanguage\":\"es-AR\",\"@id\":\"https:\\\/\\\/sergiolapegue.com\\\/site\\\/wp-content\\\/uploads\\\/2021\\\/04\\\/sl_avatar_Leonardo-150x150.jpg\",\"url\":\"https:\\\/\\\/sergiolapegue.com\\\/site\\\/wp-content\\\/uploads\\\/2021\\\/04\\\/sl_avatar_Leonardo-150x150.jpg\",\"contentUrl\":\"https:\\\/\\\/sergiolapegue.com\\\/site\\\/wp-content\\\/uploads\\\/2021\\\/04\\\/sl_avatar_Leonardo-150x150.jpg\",\"caption\":\"Leonardo Monta\u00f1a\"},\"sameAs\":[\"https:\\\/\\\/x.com\\\/https:\\\/\\\/twitter.com\\\/soytoto81\"],\"url\":\"https:\\\/\\\/sergiolapegue.com\\\/site\\\/author\\\/leonardo\\\/\"}]}<\/script>\n<!-- \/ Yoast SEO plugin. -->","yoast_head_json":{"title":"Vuelve la Feria Picnic Gourmet: una propuesta que fusiona la alta gastronom\u00eda y la m\u00fasica en vivo - Sergio Lapegue","robots":{"index":"index","follow":"follow","max-snippet":"max-snippet:-1","max-image-preview":"max-image-preview:large","max-video-preview":"max-video-preview:-1"},"canonical":"https:\/\/sergiolapegue.com\/site\/2024\/09\/13\/vuelve-la-feria-picnic-gourmet-una-propuesta-que-fusiona-la-alta-gastronomia-y-la-musica-en-vivo\/","og_locale":"es_ES","og_type":"article","og_title":"Vuelve la Feria Picnic Gourmet: una propuesta que fusiona la alta gastronom\u00eda y la m\u00fasica en vivo - Sergio Lapegue","og_description":"El 14 y 15 de septiembre llega una nueva edici\u00f3n de la feria que hace honor a los picnics, y que nos acerca a la primavera. Con m\u00e1s de 30 puestos gastron\u00f3micos cui, Feria Picnic Gourmet ofrecer\u00e1 opciones de alto nivel con un gran abanico de sabores, acompa\u00f1ado de m\u00fasica en vivo y masterclass para [&hellip;]","og_url":"https:\/\/sergiolapegue.com\/site\/2024\/09\/13\/vuelve-la-feria-picnic-gourmet-una-propuesta-que-fusiona-la-alta-gastronomia-y-la-musica-en-vivo\/","og_site_name":"Sergio Lapegue","article_publisher":"https:\/\/facebook.com\/sergiolapegue","article_published_time":"2024-09-13T17:21:39+00:00","article_modified_time":"2024-09-13T17:21:40+00:00","og_image":[{"width":500,"height":344,"url":"https:\/\/sergiolapegue.com\/site\/wp-content\/uploads\/2024\/09\/feria-gourmet02.jpg","type":"image\/jpeg"}],"author":"Leonardo Monta\u00f1a","twitter_card":"summary_large_image","twitter_creator":"@https:\/\/twitter.com\/soytoto81","twitter_site":"@sergiolapegue","twitter_misc":{"Escrito por":"Leonardo Monta\u00f1a","Tiempo de lectura":"3 minutos"},"schema":{"@context":"https:\/\/schema.org","@graph":[{"@type":"Article","@id":"https:\/\/sergiolapegue.com\/site\/2024\/09\/13\/vuelve-la-feria-picnic-gourmet-una-propuesta-que-fusiona-la-alta-gastronomia-y-la-musica-en-vivo\/#article","isPartOf":{"@id":"https:\/\/sergiolapegue.com\/site\/2024\/09\/13\/vuelve-la-feria-picnic-gourmet-una-propuesta-que-fusiona-la-alta-gastronomia-y-la-musica-en-vivo\/"},"author":{"name":"Leonardo Monta\u00f1a","@id":"https:\/\/sergiolapegue.com\/site\/#\/schema\/person\/00adf937d010c7f79a180dc4916a40e0"},"headline":"Vuelve la Feria Picnic Gourmet: una propuesta que fusiona la alta gastronom\u00eda y la m\u00fasica en vivo","datePublished":"2024-09-13T17:21:39+00:00","dateModified":"2024-09-13T17:21:40+00:00","mainEntityOfPage":{"@id":"https:\/\/sergiolapegue.com\/site\/2024\/09\/13\/vuelve-la-feria-picnic-gourmet-una-propuesta-que-fusiona-la-alta-gastronomia-y-la-musica-en-vivo\/"},"wordCount":435,"publisher":{"@id":"https:\/\/sergiolapegue.com\/site\/#\/schema\/person\/083aeceeb0734cd166779ea6c0551a37"},"image":{"@id":"https:\/\/sergiolapegue.com\/site\/2024\/09\/13\/vuelve-la-feria-picnic-gourmet-una-propuesta-que-fusiona-la-alta-gastronomia-y-la-musica-en-vivo\/#primaryimage"},"thumbnailUrl":"https:\/\/sergiolapegue.com\/site\/wp-content\/uploads\/2024\/09\/feria-gourmet02.jpg","keywords":["comida","feria","gastronomia","gourmet","musica","pic nic"],"articleSection":["Actualidad"],"inLanguage":"es-AR"},{"@type":"WebPage","@id":"https:\/\/sergiolapegue.com\/site\/2024\/09\/13\/vuelve-la-feria-picnic-gourmet-una-propuesta-que-fusiona-la-alta-gastronomia-y-la-musica-en-vivo\/","url":"https:\/\/sergiolapegue.com\/site\/2024\/09\/13\/vuelve-la-feria-picnic-gourmet-una-propuesta-que-fusiona-la-alta-gastronomia-y-la-musica-en-vivo\/","name":"Vuelve la Feria Picnic Gourmet: una propuesta que fusiona la alta gastronom\u00eda y la m\u00fasica en vivo - Sergio Lapegue","isPartOf":{"@id":"https:\/\/sergiolapegue.com\/site\/#website"},"primaryImageOfPage":{"@id":"https:\/\/sergiolapegue.com\/site\/2024\/09\/13\/vuelve-la-feria-picnic-gourmet-una-propuesta-que-fusiona-la-alta-gastronomia-y-la-musica-en-vivo\/#primaryimage"},"image":{"@id":"https:\/\/sergiolapegue.com\/site\/2024\/09\/13\/vuelve-la-feria-picnic-gourmet-una-propuesta-que-fusiona-la-alta-gastronomia-y-la-musica-en-vivo\/#primaryimage"},"thumbnailUrl":"https:\/\/sergiolapegue.com\/site\/wp-content\/uploads\/2024\/09\/feria-gourmet02.jpg","datePublished":"2024-09-13T17:21:39+00:00","dateModified":"2024-09-13T17:21:40+00:00","breadcrumb":{"@id":"https:\/\/sergiolapegue.com\/site\/2024\/09\/13\/vuelve-la-feria-picnic-gourmet-una-propuesta-que-fusiona-la-alta-gastronomia-y-la-musica-en-vivo\/#breadcrumb"},"inLanguage":"es-AR","potentialAction":[{"@type":"ReadAction","target":["https:\/\/sergiolapegue.com\/site\/2024\/09\/13\/vuelve-la-feria-picnic-gourmet-una-propuesta-que-fusiona-la-alta-gastronomia-y-la-musica-en-vivo\/"]}]},{"@type":"ImageObject","inLanguage":"es-AR","@id":"https:\/\/sergiolapegue.com\/site\/2024\/09\/13\/vuelve-la-feria-picnic-gourmet-una-propuesta-que-fusiona-la-alta-gastronomia-y-la-musica-en-vivo\/#primaryimage","url":"https:\/\/sergiolapegue.com\/site\/wp-content\/uploads\/2024\/09\/feria-gourmet02.jpg","contentUrl":"https:\/\/sergiolapegue.com\/site\/wp-content\/uploads\/2024\/09\/feria-gourmet02.jpg","width":500,"height":344},{"@type":"BreadcrumbList","@id":"https:\/\/sergiolapegue.com\/site\/2024\/09\/13\/vuelve-la-feria-picnic-gourmet-una-propuesta-que-fusiona-la-alta-gastronomia-y-la-musica-en-vivo\/#breadcrumb","itemListElement":[{"@type":"ListItem","position":1,"name":"Inicio","item":"https:\/\/sergiolapegue.com\/site\/"},{"@type":"ListItem","position":2,"name":"Vuelve la Feria Picnic Gourmet: una propuesta que fusiona la alta gastronom\u00eda y la m\u00fasica en vivo"}]},{"@type":"WebSite","@id":"https:\/\/sergiolapegue.com\/site\/#website","url":"https:\/\/sergiolapegue.com\/site\/","name":"Sergio Lapegue","description":"Periodista","publisher":{"@id":"https:\/\/sergiolapegue.com\/site\/#\/schema\/person\/083aeceeb0734cd166779ea6c0551a37"},"potentialAction":[{"@type":"SearchAction","target":{"@type":"EntryPoint","urlTemplate":"https:\/\/sergiolapegue.com\/site\/?s={search_term_string}"},"query-input":{"@type":"PropertyValueSpecification","valueRequired":true,"valueName":"search_term_string"}}],"inLanguage":"es-AR"},{"@type":["Person","Organization"],"@id":"https:\/\/sergiolapegue.com\/site\/#\/schema\/person\/083aeceeb0734cd166779ea6c0551a37","name":"Sergio Lapegue","image":{"@type":"ImageObject","inLanguage":"es-AR","@id":"https:\/\/sergiolapegue.com\/site\/wp-content\/uploads\/2021\/04\/logo_header-1.png","url":"https:\/\/sergiolapegue.com\/site\/wp-content\/uploads\/2021\/04\/logo_header-1.png","contentUrl":"https:\/\/sergiolapegue.com\/site\/wp-content\/uploads\/2021\/04\/logo_header-1.png","width":272,"height":90,"caption":"Sergio Lapegue"},"logo":{"@id":"https:\/\/sergiolapegue.com\/site\/wp-content\/uploads\/2021\/04\/logo_header-1.png"},"sameAs":["https:\/\/facebook.com\/sergiolapegue","https:\/\/instagram.com\/sergiolapegue","https:\/\/x.com\/https:\/\/twitter.com\/sergiolapegue"]},{"@type":"Person","@id":"https:\/\/sergiolapegue.com\/site\/#\/schema\/person\/00adf937d010c7f79a180dc4916a40e0","name":"Leonardo Monta\u00f1a","image":{"@type":"ImageObject","inLanguage":"es-AR","@id":"https:\/\/sergiolapegue.com\/site\/wp-content\/uploads\/2021\/04\/sl_avatar_Leonardo-150x150.jpg","url":"https:\/\/sergiolapegue.com\/site\/wp-content\/uploads\/2021\/04\/sl_avatar_Leonardo-150x150.jpg","contentUrl":"https:\/\/sergiolapegue.com\/site\/wp-content\/uploads\/2021\/04\/sl_avatar_Leonardo-150x150.jpg","caption":"Leonardo Monta\u00f1a"},"sameAs":["https:\/\/x.com\/https:\/\/twitter.com\/soytoto81"],"url":"https:\/\/sergiolapegue.com\/site\/author\/leonardo\/"}]}},"_links":{"self":[{"href":"https:\/\/sergiolapegue.com\/site\/wp-json\/wp\/v2\/posts\/17867","targetHints":{"allow":["GET"]}}],"collection":[{"href":"https:\/\/sergiolapegue.com\/site\/wp-json\/wp\/v2\/posts"}],"about":[{"href":"https:\/\/sergiolapegue.com\/site\/wp-json\/wp\/v2\/types\/post"}],"author":[{"embeddable":true,"href":"https:\/\/sergiolapegue.com\/site\/wp-json\/wp\/v2\/users\/4"}],"replies":[{"embeddable":true,"href":"https:\/\/sergiolapegue.com\/site\/wp-json\/wp\/v2\/comments?post=17867"}],"version-history":[{"count":1,"href":"https:\/\/sergiolapegue.com\/site\/wp-json\/wp\/v2\/posts\/17867\/revisions"}],"predecessor-version":[{"id":17870,"href":"https:\/\/sergiolapegue.com\/site\/wp-json\/wp\/v2\/posts\/17867\/revisions\/17870"}],"wp:featuredmedia":[{"embeddable":true,"href":"https:\/\/sergiolapegue.com\/site\/wp-json\/wp\/v2\/media\/17869"}],"wp:attachment":[{"href":"https:\/\/sergiolapegue.com\/site\/wp-json\/wp\/v2\/media?parent=17867"}],"wp:term":[{"taxonomy":"category","embeddable":true,"href":"https:\/\/sergiolapegue.com\/site\/wp-json\/wp\/v2\/categories?post=17867"},{"taxonomy":"post_tag","embeddable":true,"href":"https:\/\/sergiolapegue.com\/site\/wp-json\/wp\/v2\/tags?post=17867"}],"curies":[{"name":"wp","href":"https:\/\/api.w.org\/{rel}","templated":true}]}}