{"id":17838,"date":"2024-09-14T00:39:00","date_gmt":"2024-09-14T03:39:00","guid":{"rendered":"https:\/\/sergiolapegue.com\/site\/?p=17838"},"modified":"2024-09-12T14:42:08","modified_gmt":"2024-09-12T17:42:08","slug":"estudiantes-de-san-luis-representaran-a-argentina-en-atenas-2","status":"publish","type":"post","link":"https:\/\/sergiolapegue.com\/site\/2024\/09\/14\/estudiantes-de-san-luis-representaran-a-argentina-en-atenas-2\/","title":{"rendered":"Estudiantes de San Luis representar\u00e1n a Argentina en Atenas"},"content":{"rendered":"\n<p>Representante&nbsp;argentino&nbsp;por octavo a\u00f1o consecutivo de la competici\u00f3n First Global Challenge, Educabot, empresa argentina l\u00edder en&nbsp;<a href=\"https:\/\/www.iproup.com\/innovacion\/39794-alumnas-de-la-ort-ganan-premio-internacional\" target=\"_blank\" rel=\"noreferrer noopener\">transformaci\u00f3n digital educativa<\/a>,&nbsp;presenta a los siete&nbsp;estudiantes de&nbsp;diferentes colegios&nbsp;de la provincia de San Luis&nbsp;que representar\u00e1n&nbsp;a Argentina durante esta competencia internacional de rob\u00f3tica. En&nbsp;la edici\u00f3n de 2023, Argentina, representado por el colegio Thomas Alva Edison de Mendoza, obtuvo el 2\u00b0 puesto.<\/p>\n\n\n\n<p><em>&#8220;Estamos sumamente orgullosos de ser<\/em><em>&nbsp;el partner local de este evento mundial,&nbsp;lo&nbsp;que nos permite seguir d\u00e1ndoles la oportunidad a chicos de todas las provincias del pa\u00eds de ser parte de un encuentro mundial y mostrarle al mundo el talento que tenemos<\/em>&#8220;, comenta&nbsp;<strong>Mat\u00edas Scovotti, CEO y Cofundador de Educabot.<\/strong><\/p>\n\n\n\n<p>Del 26 al 29 de septiembre de 2024, estudiantes de m\u00e1s de 190 pa\u00edses se reunir\u00e1n en Atenas, Grecia, como sede de los Juegos Ol\u00edmpicos antiguos y modernos, con el objetivo de seguir inspirando a los j\u00f3venes del mundo a que se dediquen a los campos STEAM, Science, Technology, Engineering and Mathematics (ciencia, tecnolog\u00eda, ingenier\u00eda y matem\u00e1ticas),&nbsp;y sean los l\u00edderes que resuelvan colectivamente los problemas m\u00e1s acuciantes de nuestro planeta.<\/p>\n\n\n\n<p>Este a\u00f1o la competencia pondr\u00e1 foco en la producci\u00f3n sostenible de alimentos como uno de los retos m\u00e1s importantes del siglo 21, de ah\u00ed el nombre de esta edici\u00f3n&nbsp;<strong>&#8220;First Global Feeding the Future&#8221;<\/strong>&nbsp;(Alimentar el Futuro). El tema de este a\u00f1o desaf\u00eda a los equipos a conocer y abordar los obst\u00e1culos y las oportunidades para proporcionar a la poblaci\u00f3n mundial alimentos equitativos, seguros, nutritivos y responsables con el medio ambiente.<\/p>\n\n\n\n<p>A partir de una consigna, los estudiantes deber\u00e1n crear un robot bajo esta tem\u00e1tica con el objetivo de mejorar el abastecimiento y la producci\u00f3n de alimentos como parte esencial para el desarrollo de la vida.<\/p>\n\n\n\n<p>Durante la competici\u00f3n se pondr\u00e1 de relieve la necesidad de mejorar simult\u00e1neamente las repercusiones econ\u00f3micas, sociales y medioambientales para crear un sistema alimentario verdaderamente sostenible.<\/p>\n\n\n\n<figure class=\"wp-block-image size-large is-style-rounded\"><img loading=\"lazy\" decoding=\"async\" width=\"1024\" height=\"683\" src=\"https:\/\/sergiolapegue.com\/site\/wp-content\/uploads\/2024\/09\/7-1024x683.jpg\" alt=\"\" class=\"wp-image-17839\" srcset=\"https:\/\/sergiolapegue.com\/site\/wp-content\/uploads\/2024\/09\/7-1024x683.jpg 1024w, https:\/\/sergiolapegue.com\/site\/wp-content\/uploads\/2024\/09\/7-300x200.jpg 300w, https:\/\/sergiolapegue.com\/site\/wp-content\/uploads\/2024\/09\/7-768x512.jpg 768w, https:\/\/sergiolapegue.com\/site\/wp-content\/uploads\/2024\/09\/7-1536x1024.jpg 1536w, https:\/\/sergiolapegue.com\/site\/wp-content\/uploads\/2024\/09\/7-630x420.jpg 630w, https:\/\/sergiolapegue.com\/site\/wp-content\/uploads\/2024\/09\/7-696x464.jpg 696w, https:\/\/sergiolapegue.com\/site\/wp-content\/uploads\/2024\/09\/7-1068x712.jpg 1068w, https:\/\/sergiolapegue.com\/site\/wp-content\/uploads\/2024\/09\/7.jpg 1620w\" sizes=\"auto, (max-width: 1024px) 100vw, 1024px\" \/><\/figure>\n\n\n\n<p><em>&#8220;Este a\u00f1o es muy especial para Educabot, ya que acaba de firmar un convenio de colaboraci\u00f3n con la Fundaci\u00f3n Potenciar Argentina, convirti\u00e9ndose en un aliada estrat\u00e9gica para promover el apoyo y la colaboraci\u00f3n por parte de diferentes sectores y empresas con el objetivo de impulsar el crecimiento de la educaci\u00f3n STEAM&#8221;,&nbsp;<\/em>destaca Scovotti.&nbsp;<em>&#8220;Este apoyo es fundamental para que nuestros j\u00f3venes puedan participar de esta prestigiosa competencia internacional de rob\u00f3tica&#8221;,<\/em>&nbsp;agrega.<\/p>\n\n\n\n<p>La Fundaci\u00f3n Potenciar Argentina trabaja en pos de acercar herramientas de aprendizajes y metodolog\u00edas novedosas para mejorar la calidad educativa y tener una educaci\u00f3n que forme personas preparadas para enfrentar los desaf\u00edos de una sociedad desarrollada, a trav\u00e9s de capacitaciones, investigaci\u00f3n, desarrollo de proyectos y soluciones novedosas. La alianza con Educabot tiene como fin seguir desarrollando programas educativos y buscar partners corporativos que quieran asumir un compromiso con la educaci\u00f3n.<\/p>\n\n\n\n<p><strong>\u00bfQui\u00e9nes representan a Argentina?<\/strong><\/p>\n\n\n\n<p>Este a\u00f1o los estudiantes que tendr\u00e1n la gran oportunidad de representar al pa\u00eds son: Sol Mart\u00ednez Bugtrupo (17&nbsp;a\u00f1os), Lucas Nehuen Savanco Trento (16&nbsp;a\u00f1os), Sim\u00f3n Agust\u00edn Mocayar Tonn (16&nbsp;a\u00f1os), Jana Mednis Viapiana (17&nbsp;a\u00f1os), C\u00e9sar Alejandro Estrada Dubor (17&nbsp;a\u00f1os), quienes estar\u00e1n acompa\u00f1ados de dos mentores: Mart\u00edn Lucas Fern\u00e1ndez Macri y Facundo Mat\u00edas Mugetti.<\/p>\n\n\n\n<p>Por el excelente desempe\u00f1o que tuvo San Luis, representada por los colegios y sus estudiantes en las competencias nacionales de rob\u00f3tica, y con la ayuda de expertos en educaci\u00f3n y tecnolog\u00eda de la provincia que son partners de Educabot,&nbsp; fue que quedaron seleccionados estos 7 chicos.<\/p>\n\n\n\n<p>Este evento representa una oportunidad \u00fanica para todos los que participan.&nbsp;M\u00e1s all\u00e1 de seguir adquiriendo conocimiento rob\u00f3tico, los chicos que participaron en ediciones anteriores&nbsp;destacan y valoran el trabajo en equipo, el v\u00ednculo con otras culturas y la apertura al mundo.<\/p>\n","protected":false},"excerpt":{"rendered":"<p>Representante&nbsp;argentino&nbsp;por octavo a\u00f1o consecutivo de la competici\u00f3n First Global Challenge, Educabot, empresa argentina l\u00edder en&nbsp;transformaci\u00f3n digital educativa,&nbsp;presenta a los siete&nbsp;estudiantes de&nbsp;diferentes colegios&nbsp;de la provincia de San Luis&nbsp;que representar\u00e1n&nbsp;a Argentina durante esta competencia internacional de rob\u00f3tica. En&nbsp;la edici\u00f3n de 2023, Argentina, representado por el colegio Thomas Alva Edison de Mendoza, obtuvo el 2\u00b0 puesto. &#8220;Estamos sumamente [&hellip;]<\/p>\n","protected":false},"author":4,"featured_media":17840,"comment_status":"closed","ping_status":"closed","sticky":false,"template":"","format":"standard","meta":{"footnotes":""},"categories":[38],"tags":[89,3766,1053,3805,2260,2897,62,314,179],"class_list":{"0":"post-17838","1":"post","2":"type-post","3":"status-publish","4":"format-standard","5":"has-post-thumbnail","7":"category-actualidad","8":"tag-argentina","9":"tag-atenas","10":"tag-colegio","11":"tag-competicion","12":"tag-estudiante","13":"tag-robotica","14":"tag-san-luis","15":"tag-tecno","16":"tag-tecnologia"},"yoast_head":"<!-- This site is optimized with the Yoast SEO plugin v27.5 - https:\/\/yoast.com\/product\/yoast-seo-wordpress\/ -->\n<title>Estudiantes de San Luis representar\u00e1n a Argentina en Atenas - Sergio Lapegue<\/title>\n<meta name=\"robots\" content=\"index, follow, max-snippet:-1, max-image-preview:large, max-video-preview:-1\" \/>\n<link rel=\"canonical\" href=\"https:\/\/sergiolapegue.com\/site\/2024\/09\/14\/estudiantes-de-san-luis-representaran-a-argentina-en-atenas-2\/\" \/>\n<meta property=\"og:locale\" content=\"es_ES\" \/>\n<meta property=\"og:type\" content=\"article\" \/>\n<meta property=\"og:title\" content=\"Estudiantes de San Luis representar\u00e1n a Argentina en Atenas - Sergio Lapegue\" \/>\n<meta property=\"og:description\" content=\"Representante&nbsp;argentino&nbsp;por octavo a\u00f1o consecutivo de la competici\u00f3n First Global Challenge, Educabot, empresa argentina l\u00edder en&nbsp;transformaci\u00f3n digital educativa,&nbsp;presenta a los siete&nbsp;estudiantes de&nbsp;diferentes colegios&nbsp;de la provincia de San Luis&nbsp;que representar\u00e1n&nbsp;a Argentina durante esta competencia internacional de rob\u00f3tica. En&nbsp;la edici\u00f3n de 2023, Argentina, representado por el colegio Thomas Alva Edison de Mendoza, obtuvo el 2\u00b0 puesto. &#8220;Estamos sumamente [&hellip;]\" \/>\n<meta property=\"og:url\" content=\"https:\/\/sergiolapegue.com\/site\/2024\/09\/14\/estudiantes-de-san-luis-representaran-a-argentina-en-atenas-2\/\" \/>\n<meta property=\"og:site_name\" content=\"Sergio Lapegue\" \/>\n<meta property=\"article:publisher\" content=\"https:\/\/facebook.com\/sergiolapegue\" \/>\n<meta property=\"article:published_time\" content=\"2024-09-14T03:39:00+00:00\" \/>\n<meta property=\"og:image\" content=\"https:\/\/sergiolapegue.com\/site\/wp-content\/uploads\/2024\/09\/Team-Argentina-scaled.jpg\" \/>\n\t<meta property=\"og:image:width\" content=\"2560\" \/>\n\t<meta property=\"og:image:height\" content=\"1644\" \/>\n\t<meta property=\"og:image:type\" content=\"image\/jpeg\" \/>\n<meta name=\"author\" content=\"Leonardo Monta\u00f1a\" \/>\n<meta name=\"twitter:card\" content=\"summary_large_image\" \/>\n<meta name=\"twitter:creator\" content=\"@https:\/\/twitter.com\/soytoto81\" \/>\n<meta name=\"twitter:site\" content=\"@sergiolapegue\" \/>\n<meta name=\"twitter:label1\" content=\"Escrito por\" \/>\n\t<meta name=\"twitter:data1\" content=\"Leonardo Monta\u00f1a\" \/>\n\t<meta name=\"twitter:label2\" content=\"Tiempo de lectura\" \/>\n\t<meta name=\"twitter:data2\" content=\"4 minutos\" \/>\n<script type=\"application\/ld+json\" class=\"yoast-schema-graph\">{\"@context\":\"https:\\\/\\\/schema.org\",\"@graph\":[{\"@type\":\"Article\",\"@id\":\"https:\\\/\\\/sergiolapegue.com\\\/site\\\/2024\\\/09\\\/14\\\/estudiantes-de-san-luis-representaran-a-argentina-en-atenas-2\\\/#article\",\"isPartOf\":{\"@id\":\"https:\\\/\\\/sergiolapegue.com\\\/site\\\/2024\\\/09\\\/14\\\/estudiantes-de-san-luis-representaran-a-argentina-en-atenas-2\\\/\"},\"author\":{\"name\":\"Leonardo Monta\u00f1a\",\"@id\":\"https:\\\/\\\/sergiolapegue.com\\\/site\\\/#\\\/schema\\\/person\\\/00adf937d010c7f79a180dc4916a40e0\"},\"headline\":\"Estudiantes de San Luis representar\u00e1n a Argentina en Atenas\",\"datePublished\":\"2024-09-14T03:39:00+00:00\",\"mainEntityOfPage\":{\"@id\":\"https:\\\/\\\/sergiolapegue.com\\\/site\\\/2024\\\/09\\\/14\\\/estudiantes-de-san-luis-representaran-a-argentina-en-atenas-2\\\/\"},\"wordCount\":705,\"publisher\":{\"@id\":\"https:\\\/\\\/sergiolapegue.com\\\/site\\\/#\\\/schema\\\/person\\\/083aeceeb0734cd166779ea6c0551a37\"},\"image\":{\"@id\":\"https:\\\/\\\/sergiolapegue.com\\\/site\\\/2024\\\/09\\\/14\\\/estudiantes-de-san-luis-representaran-a-argentina-en-atenas-2\\\/#primaryimage\"},\"thumbnailUrl\":\"https:\\\/\\\/sergiolapegue.com\\\/site\\\/wp-content\\\/uploads\\\/2024\\\/09\\\/Team-Argentina-scaled.jpg\",\"keywords\":[\"argentina\",\"atenas\",\"colegio\",\"competicion\",\"estudiante\",\"robotica\",\"san luis\",\"tecno\",\"tecnologia\"],\"articleSection\":[\"Actualidad\"],\"inLanguage\":\"es-AR\"},{\"@type\":\"WebPage\",\"@id\":\"https:\\\/\\\/sergiolapegue.com\\\/site\\\/2024\\\/09\\\/14\\\/estudiantes-de-san-luis-representaran-a-argentina-en-atenas-2\\\/\",\"url\":\"https:\\\/\\\/sergiolapegue.com\\\/site\\\/2024\\\/09\\\/14\\\/estudiantes-de-san-luis-representaran-a-argentina-en-atenas-2\\\/\",\"name\":\"Estudiantes de San Luis representar\u00e1n a Argentina en Atenas - Sergio Lapegue\",\"isPartOf\":{\"@id\":\"https:\\\/\\\/sergiolapegue.com\\\/site\\\/#website\"},\"primaryImageOfPage\":{\"@id\":\"https:\\\/\\\/sergiolapegue.com\\\/site\\\/2024\\\/09\\\/14\\\/estudiantes-de-san-luis-representaran-a-argentina-en-atenas-2\\\/#primaryimage\"},\"image\":{\"@id\":\"https:\\\/\\\/sergiolapegue.com\\\/site\\\/2024\\\/09\\\/14\\\/estudiantes-de-san-luis-representaran-a-argentina-en-atenas-2\\\/#primaryimage\"},\"thumbnailUrl\":\"https:\\\/\\\/sergiolapegue.com\\\/site\\\/wp-content\\\/uploads\\\/2024\\\/09\\\/Team-Argentina-scaled.jpg\",\"datePublished\":\"2024-09-14T03:39:00+00:00\",\"breadcrumb\":{\"@id\":\"https:\\\/\\\/sergiolapegue.com\\\/site\\\/2024\\\/09\\\/14\\\/estudiantes-de-san-luis-representaran-a-argentina-en-atenas-2\\\/#breadcrumb\"},\"inLanguage\":\"es-AR\",\"potentialAction\":[{\"@type\":\"ReadAction\",\"target\":[\"https:\\\/\\\/sergiolapegue.com\\\/site\\\/2024\\\/09\\\/14\\\/estudiantes-de-san-luis-representaran-a-argentina-en-atenas-2\\\/\"]}]},{\"@type\":\"ImageObject\",\"inLanguage\":\"es-AR\",\"@id\":\"https:\\\/\\\/sergiolapegue.com\\\/site\\\/2024\\\/09\\\/14\\\/estudiantes-de-san-luis-representaran-a-argentina-en-atenas-2\\\/#primaryimage\",\"url\":\"https:\\\/\\\/sergiolapegue.com\\\/site\\\/wp-content\\\/uploads\\\/2024\\\/09\\\/Team-Argentina-scaled.jpg\",\"contentUrl\":\"https:\\\/\\\/sergiolapegue.com\\\/site\\\/wp-content\\\/uploads\\\/2024\\\/09\\\/Team-Argentina-scaled.jpg\",\"width\":2560,\"height\":1644},{\"@type\":\"BreadcrumbList\",\"@id\":\"https:\\\/\\\/sergiolapegue.com\\\/site\\\/2024\\\/09\\\/14\\\/estudiantes-de-san-luis-representaran-a-argentina-en-atenas-2\\\/#breadcrumb\",\"itemListElement\":[{\"@type\":\"ListItem\",\"position\":1,\"name\":\"Inicio\",\"item\":\"https:\\\/\\\/sergiolapegue.com\\\/site\\\/\"},{\"@type\":\"ListItem\",\"position\":2,\"name\":\"Estudiantes de San Luis representar\u00e1n a Argentina en Atenas\"}]},{\"@type\":\"WebSite\",\"@id\":\"https:\\\/\\\/sergiolapegue.com\\\/site\\\/#website\",\"url\":\"https:\\\/\\\/sergiolapegue.com\\\/site\\\/\",\"name\":\"Sergio Lapegue\",\"description\":\"Periodista\",\"publisher\":{\"@id\":\"https:\\\/\\\/sergiolapegue.com\\\/site\\\/#\\\/schema\\\/person\\\/083aeceeb0734cd166779ea6c0551a37\"},\"potentialAction\":[{\"@type\":\"SearchAction\",\"target\":{\"@type\":\"EntryPoint\",\"urlTemplate\":\"https:\\\/\\\/sergiolapegue.com\\\/site\\\/?s={search_term_string}\"},\"query-input\":{\"@type\":\"PropertyValueSpecification\",\"valueRequired\":true,\"valueName\":\"search_term_string\"}}],\"inLanguage\":\"es-AR\"},{\"@type\":[\"Person\",\"Organization\"],\"@id\":\"https:\\\/\\\/sergiolapegue.com\\\/site\\\/#\\\/schema\\\/person\\\/083aeceeb0734cd166779ea6c0551a37\",\"name\":\"Sergio Lapegue\",\"image\":{\"@type\":\"ImageObject\",\"inLanguage\":\"es-AR\",\"@id\":\"https:\\\/\\\/sergiolapegue.com\\\/site\\\/wp-content\\\/uploads\\\/2021\\\/04\\\/logo_header-1.png\",\"url\":\"https:\\\/\\\/sergiolapegue.com\\\/site\\\/wp-content\\\/uploads\\\/2021\\\/04\\\/logo_header-1.png\",\"contentUrl\":\"https:\\\/\\\/sergiolapegue.com\\\/site\\\/wp-content\\\/uploads\\\/2021\\\/04\\\/logo_header-1.png\",\"width\":272,\"height\":90,\"caption\":\"Sergio Lapegue\"},\"logo\":{\"@id\":\"https:\\\/\\\/sergiolapegue.com\\\/site\\\/wp-content\\\/uploads\\\/2021\\\/04\\\/logo_header-1.png\"},\"sameAs\":[\"https:\\\/\\\/facebook.com\\\/sergiolapegue\",\"https:\\\/\\\/instagram.com\\\/sergiolapegue\",\"https:\\\/\\\/x.com\\\/https:\\\/\\\/twitter.com\\\/sergiolapegue\"]},{\"@type\":\"Person\",\"@id\":\"https:\\\/\\\/sergiolapegue.com\\\/site\\\/#\\\/schema\\\/person\\\/00adf937d010c7f79a180dc4916a40e0\",\"name\":\"Leonardo Monta\u00f1a\",\"image\":{\"@type\":\"ImageObject\",\"inLanguage\":\"es-AR\",\"@id\":\"https:\\\/\\\/sergiolapegue.com\\\/site\\\/wp-content\\\/uploads\\\/2021\\\/04\\\/sl_avatar_Leonardo-150x150.jpg\",\"url\":\"https:\\\/\\\/sergiolapegue.com\\\/site\\\/wp-content\\\/uploads\\\/2021\\\/04\\\/sl_avatar_Leonardo-150x150.jpg\",\"contentUrl\":\"https:\\\/\\\/sergiolapegue.com\\\/site\\\/wp-content\\\/uploads\\\/2021\\\/04\\\/sl_avatar_Leonardo-150x150.jpg\",\"caption\":\"Leonardo Monta\u00f1a\"},\"sameAs\":[\"https:\\\/\\\/x.com\\\/https:\\\/\\\/twitter.com\\\/soytoto81\"],\"url\":\"https:\\\/\\\/sergiolapegue.com\\\/site\\\/author\\\/leonardo\\\/\"}]}<\/script>\n<!-- \/ Yoast SEO plugin. -->","yoast_head_json":{"title":"Estudiantes de San Luis representar\u00e1n a Argentina en Atenas - Sergio Lapegue","robots":{"index":"index","follow":"follow","max-snippet":"max-snippet:-1","max-image-preview":"max-image-preview:large","max-video-preview":"max-video-preview:-1"},"canonical":"https:\/\/sergiolapegue.com\/site\/2024\/09\/14\/estudiantes-de-san-luis-representaran-a-argentina-en-atenas-2\/","og_locale":"es_ES","og_type":"article","og_title":"Estudiantes de San Luis representar\u00e1n a Argentina en Atenas - Sergio Lapegue","og_description":"Representante&nbsp;argentino&nbsp;por octavo a\u00f1o consecutivo de la competici\u00f3n First Global Challenge, Educabot, empresa argentina l\u00edder en&nbsp;transformaci\u00f3n digital educativa,&nbsp;presenta a los siete&nbsp;estudiantes de&nbsp;diferentes colegios&nbsp;de la provincia de San Luis&nbsp;que representar\u00e1n&nbsp;a Argentina durante esta competencia internacional de rob\u00f3tica. En&nbsp;la edici\u00f3n de 2023, Argentina, representado por el colegio Thomas Alva Edison de Mendoza, obtuvo el 2\u00b0 puesto. &#8220;Estamos sumamente [&hellip;]","og_url":"https:\/\/sergiolapegue.com\/site\/2024\/09\/14\/estudiantes-de-san-luis-representaran-a-argentina-en-atenas-2\/","og_site_name":"Sergio Lapegue","article_publisher":"https:\/\/facebook.com\/sergiolapegue","article_published_time":"2024-09-14T03:39:00+00:00","og_image":[{"width":2560,"height":1644,"url":"https:\/\/sergiolapegue.com\/site\/wp-content\/uploads\/2024\/09\/Team-Argentina-scaled.jpg","type":"image\/jpeg"}],"author":"Leonardo Monta\u00f1a","twitter_card":"summary_large_image","twitter_creator":"@https:\/\/twitter.com\/soytoto81","twitter_site":"@sergiolapegue","twitter_misc":{"Escrito por":"Leonardo Monta\u00f1a","Tiempo de lectura":"4 minutos"},"schema":{"@context":"https:\/\/schema.org","@graph":[{"@type":"Article","@id":"https:\/\/sergiolapegue.com\/site\/2024\/09\/14\/estudiantes-de-san-luis-representaran-a-argentina-en-atenas-2\/#article","isPartOf":{"@id":"https:\/\/sergiolapegue.com\/site\/2024\/09\/14\/estudiantes-de-san-luis-representaran-a-argentina-en-atenas-2\/"},"author":{"name":"Leonardo Monta\u00f1a","@id":"https:\/\/sergiolapegue.com\/site\/#\/schema\/person\/00adf937d010c7f79a180dc4916a40e0"},"headline":"Estudiantes de San Luis representar\u00e1n a Argentina en Atenas","datePublished":"2024-09-14T03:39:00+00:00","mainEntityOfPage":{"@id":"https:\/\/sergiolapegue.com\/site\/2024\/09\/14\/estudiantes-de-san-luis-representaran-a-argentina-en-atenas-2\/"},"wordCount":705,"publisher":{"@id":"https:\/\/sergiolapegue.com\/site\/#\/schema\/person\/083aeceeb0734cd166779ea6c0551a37"},"image":{"@id":"https:\/\/sergiolapegue.com\/site\/2024\/09\/14\/estudiantes-de-san-luis-representaran-a-argentina-en-atenas-2\/#primaryimage"},"thumbnailUrl":"https:\/\/sergiolapegue.com\/site\/wp-content\/uploads\/2024\/09\/Team-Argentina-scaled.jpg","keywords":["argentina","atenas","colegio","competicion","estudiante","robotica","san luis","tecno","tecnologia"],"articleSection":["Actualidad"],"inLanguage":"es-AR"},{"@type":"WebPage","@id":"https:\/\/sergiolapegue.com\/site\/2024\/09\/14\/estudiantes-de-san-luis-representaran-a-argentina-en-atenas-2\/","url":"https:\/\/sergiolapegue.com\/site\/2024\/09\/14\/estudiantes-de-san-luis-representaran-a-argentina-en-atenas-2\/","name":"Estudiantes de San Luis representar\u00e1n a Argentina en Atenas - Sergio Lapegue","isPartOf":{"@id":"https:\/\/sergiolapegue.com\/site\/#website"},"primaryImageOfPage":{"@id":"https:\/\/sergiolapegue.com\/site\/2024\/09\/14\/estudiantes-de-san-luis-representaran-a-argentina-en-atenas-2\/#primaryimage"},"image":{"@id":"https:\/\/sergiolapegue.com\/site\/2024\/09\/14\/estudiantes-de-san-luis-representaran-a-argentina-en-atenas-2\/#primaryimage"},"thumbnailUrl":"https:\/\/sergiolapegue.com\/site\/wp-content\/uploads\/2024\/09\/Team-Argentina-scaled.jpg","datePublished":"2024-09-14T03:39:00+00:00","breadcrumb":{"@id":"https:\/\/sergiolapegue.com\/site\/2024\/09\/14\/estudiantes-de-san-luis-representaran-a-argentina-en-atenas-2\/#breadcrumb"},"inLanguage":"es-AR","potentialAction":[{"@type":"ReadAction","target":["https:\/\/sergiolapegue.com\/site\/2024\/09\/14\/estudiantes-de-san-luis-representaran-a-argentina-en-atenas-2\/"]}]},{"@type":"ImageObject","inLanguage":"es-AR","@id":"https:\/\/sergiolapegue.com\/site\/2024\/09\/14\/estudiantes-de-san-luis-representaran-a-argentina-en-atenas-2\/#primaryimage","url":"https:\/\/sergiolapegue.com\/site\/wp-content\/uploads\/2024\/09\/Team-Argentina-scaled.jpg","contentUrl":"https:\/\/sergiolapegue.com\/site\/wp-content\/uploads\/2024\/09\/Team-Argentina-scaled.jpg","width":2560,"height":1644},{"@type":"BreadcrumbList","@id":"https:\/\/sergiolapegue.com\/site\/2024\/09\/14\/estudiantes-de-san-luis-representaran-a-argentina-en-atenas-2\/#breadcrumb","itemListElement":[{"@type":"ListItem","position":1,"name":"Inicio","item":"https:\/\/sergiolapegue.com\/site\/"},{"@type":"ListItem","position":2,"name":"Estudiantes de San Luis representar\u00e1n a Argentina en Atenas"}]},{"@type":"WebSite","@id":"https:\/\/sergiolapegue.com\/site\/#website","url":"https:\/\/sergiolapegue.com\/site\/","name":"Sergio Lapegue","description":"Periodista","publisher":{"@id":"https:\/\/sergiolapegue.com\/site\/#\/schema\/person\/083aeceeb0734cd166779ea6c0551a37"},"potentialAction":[{"@type":"SearchAction","target":{"@type":"EntryPoint","urlTemplate":"https:\/\/sergiolapegue.com\/site\/?s={search_term_string}"},"query-input":{"@type":"PropertyValueSpecification","valueRequired":true,"valueName":"search_term_string"}}],"inLanguage":"es-AR"},{"@type":["Person","Organization"],"@id":"https:\/\/sergiolapegue.com\/site\/#\/schema\/person\/083aeceeb0734cd166779ea6c0551a37","name":"Sergio Lapegue","image":{"@type":"ImageObject","inLanguage":"es-AR","@id":"https:\/\/sergiolapegue.com\/site\/wp-content\/uploads\/2021\/04\/logo_header-1.png","url":"https:\/\/sergiolapegue.com\/site\/wp-content\/uploads\/2021\/04\/logo_header-1.png","contentUrl":"https:\/\/sergiolapegue.com\/site\/wp-content\/uploads\/2021\/04\/logo_header-1.png","width":272,"height":90,"caption":"Sergio Lapegue"},"logo":{"@id":"https:\/\/sergiolapegue.com\/site\/wp-content\/uploads\/2021\/04\/logo_header-1.png"},"sameAs":["https:\/\/facebook.com\/sergiolapegue","https:\/\/instagram.com\/sergiolapegue","https:\/\/x.com\/https:\/\/twitter.com\/sergiolapegue"]},{"@type":"Person","@id":"https:\/\/sergiolapegue.com\/site\/#\/schema\/person\/00adf937d010c7f79a180dc4916a40e0","name":"Leonardo Monta\u00f1a","image":{"@type":"ImageObject","inLanguage":"es-AR","@id":"https:\/\/sergiolapegue.com\/site\/wp-content\/uploads\/2021\/04\/sl_avatar_Leonardo-150x150.jpg","url":"https:\/\/sergiolapegue.com\/site\/wp-content\/uploads\/2021\/04\/sl_avatar_Leonardo-150x150.jpg","contentUrl":"https:\/\/sergiolapegue.com\/site\/wp-content\/uploads\/2021\/04\/sl_avatar_Leonardo-150x150.jpg","caption":"Leonardo Monta\u00f1a"},"sameAs":["https:\/\/x.com\/https:\/\/twitter.com\/soytoto81"],"url":"https:\/\/sergiolapegue.com\/site\/author\/leonardo\/"}]}},"_links":{"self":[{"href":"https:\/\/sergiolapegue.com\/site\/wp-json\/wp\/v2\/posts\/17838","targetHints":{"allow":["GET"]}}],"collection":[{"href":"https:\/\/sergiolapegue.com\/site\/wp-json\/wp\/v2\/posts"}],"about":[{"href":"https:\/\/sergiolapegue.com\/site\/wp-json\/wp\/v2\/types\/post"}],"author":[{"embeddable":true,"href":"https:\/\/sergiolapegue.com\/site\/wp-json\/wp\/v2\/users\/4"}],"replies":[{"embeddable":true,"href":"https:\/\/sergiolapegue.com\/site\/wp-json\/wp\/v2\/comments?post=17838"}],"version-history":[{"count":1,"href":"https:\/\/sergiolapegue.com\/site\/wp-json\/wp\/v2\/posts\/17838\/revisions"}],"predecessor-version":[{"id":17841,"href":"https:\/\/sergiolapegue.com\/site\/wp-json\/wp\/v2\/posts\/17838\/revisions\/17841"}],"wp:featuredmedia":[{"embeddable":true,"href":"https:\/\/sergiolapegue.com\/site\/wp-json\/wp\/v2\/media\/17840"}],"wp:attachment":[{"href":"https:\/\/sergiolapegue.com\/site\/wp-json\/wp\/v2\/media?parent=17838"}],"wp:term":[{"taxonomy":"category","embeddable":true,"href":"https:\/\/sergiolapegue.com\/site\/wp-json\/wp\/v2\/categories?post=17838"},{"taxonomy":"post_tag","embeddable":true,"href":"https:\/\/sergiolapegue.com\/site\/wp-json\/wp\/v2\/tags?post=17838"}],"curies":[{"name":"wp","href":"https:\/\/api.w.org\/{rel}","templated":true}]}}