{"id":17702,"date":"2024-09-10T09:53:00","date_gmt":"2024-09-10T12:53:00","guid":{"rendered":"https:\/\/sergiolapegue.com\/site\/?p=17702"},"modified":"2024-09-09T11:57:01","modified_gmt":"2024-09-09T14:57:01","slug":"incendios-forestales-aumenta-la-preocupacion-por-la-salud-respiratoria","status":"publish","type":"post","link":"https:\/\/sergiolapegue.com\/site\/2024\/09\/10\/incendios-forestales-aumenta-la-preocupacion-por-la-salud-respiratoria\/","title":{"rendered":"Incendios forestales: aumenta la preocupaci\u00f3n por la salud respiratoria"},"content":{"rendered":"\n<p>El Servicio Meteorol\u00f3gico Nacional advirti\u00f3 que una nube de humo proveniente de incendios forestales en Bolivia, Brasil y Paraguay se desplazar\u00e1 hacia nuestro pa\u00eds, afectando la visibilidad en el AMBA y con la posibilidad de afectar a varias provincias.&nbsp;<strong>Esto no es nuevo, Argentina se encuentra actualmente en situaci\u00f3n de emergencia \u00edgnea y la problem\u00e1tica de la creciente cantidad de focos de incendios forestales, rurales, de pastizales en nuestro pa\u00eds se reitera a\u00f1o tras a\u00f1o.<\/strong><br><br>Los focos de incendios tienen m\u00faltiples motivos, y las acciones humanas son responsables del 95% de los casos. La proliferaci\u00f3n de los incendios tambi\u00e9n se explica por el cambio clim\u00e1tico: altas temperaturas, intensas sequ\u00edas, bajos niveles h\u00eddricos. Todas estas condiciones hacen que los territorios sean m\u00e1s propensos a incendios o que \u00e9stos se propaguen m\u00e1s r\u00e1pidamente.<br><br>El material particulado de los incendios forestales puede viajar hasta 1000 km y, por lo tanto, representar una amenaza para la salud respiratoria en un \u00e1rea amplia. Las emisiones incluyen adem\u00e1s mon\u00f3xido de carbono; \u00f3xidos de nitr\u00f3geno, incluidos NO2 y \u00f3xido n\u00edtrico; y compuestos org\u00e1nicos vol\u00e1tiles.<br><br>\u00c9stas producen inflamaci\u00f3n que empeora las enfermedades respiratorias cr\u00f3nicas como el asma bronquial y la enfermedad pulmonar obstructiva cr\u00f3nica, cambios gen\u00e9ticos que pueden desencadenar c\u00e1ncer, aumentan el riesgo de infecciones respiratorias, y tienen efectos directos sobre los ojos, nariz, la piel y otros \u00f3rganos. Muchas enfermedades respiratorias, incluidas el asma y la enfermedad pulmonar obstructiva cr\u00f3nica, se desencadenan por factores ambientales.<br><br><strong>Recomendaciones de la Asociaci\u00f3n Argentina de Medicina Respiratoria para la poblaci\u00f3n<\/strong><br><br>Las personas m\u00e1s vulnerables a los efectos adversos del humo de los incendios forestales incluyen a los mayores de 65 a\u00f1os, las personas con afecciones card\u00edacas o respiratorias preexistentes, las personas de \u00e1reas socioecon\u00f3micas m\u00e1s bajas y los ni\u00f1os debido a su sistema respiratorio menos maduro, y mayor frecuencia respiratoria en relaci\u00f3n con el tama\u00f1o corporal.<br><br>El impacto del humo es claramente hoy visible a trav\u00e9s del aumento de hospitalizaciones, visitas al departamento de emergencias y uso de medicamentos para el asma. Por eso desde la Asociaci\u00f3n Argentina de Medicina Respiratoria acercamos recomendaciones para toda la poblaci\u00f3n:<\/p>\n\n\n\n<figure class=\"wp-block-image size-large is-style-rounded\"><img loading=\"lazy\" decoding=\"async\" width=\"1024\" height=\"683\" src=\"https:\/\/sergiolapegue.com\/site\/wp-content\/uploads\/2024\/09\/incendios-forestales03-1024x683.jpg\" alt=\"\" class=\"wp-image-17704\" srcset=\"https:\/\/sergiolapegue.com\/site\/wp-content\/uploads\/2024\/09\/incendios-forestales03-1024x683.jpg 1024w, https:\/\/sergiolapegue.com\/site\/wp-content\/uploads\/2024\/09\/incendios-forestales03-300x200.jpg 300w, https:\/\/sergiolapegue.com\/site\/wp-content\/uploads\/2024\/09\/incendios-forestales03-768x512.jpg 768w, https:\/\/sergiolapegue.com\/site\/wp-content\/uploads\/2024\/09\/incendios-forestales03-1536x1024.jpg 1536w, https:\/\/sergiolapegue.com\/site\/wp-content\/uploads\/2024\/09\/incendios-forestales03-630x420.jpg 630w, https:\/\/sergiolapegue.com\/site\/wp-content\/uploads\/2024\/09\/incendios-forestales03-696x464.jpg 696w, https:\/\/sergiolapegue.com\/site\/wp-content\/uploads\/2024\/09\/incendios-forestales03-1068x712.jpg 1068w, https:\/\/sergiolapegue.com\/site\/wp-content\/uploads\/2024\/09\/incendios-forestales03.jpg 1900w\" sizes=\"auto, (max-width: 1024px) 100vw, 1024px\" \/><\/figure>\n\n\n\n<ul class=\"wp-block-list\">\n<li>Mantenga las puertas y las ventanas cerradas.<\/li>\n\n\n\n<li>Si tiene aire acondicionado, enci\u00e9ndalo cerrando la entrada de aire exterior, y mantenga el filtro limpio para evitar que entre el humo.<\/li>\n\n\n\n<li>Mantenga la buena calidad del aire interior. No aumente la contaminaci\u00f3n del aire de adentro.<\/li>\n\n\n\n<li>No fume tabaco ni ning\u00fan otro producto, ya que con ello aumentar\u00e1 la contaminaci\u00f3n del aire.<\/li>\n\n\n\n<li>Si las concentraciones de humo son altas, no encienda nada que queme como, por ejemplo, velas o la chimenea.<\/li>\n\n\n\n<li>No pase la aspiradora porque esto mueve las part\u00edculas que ya hay en su casa.<\/li>\n\n\n\n<li>Si tiene asma u otra enfermedad pulmonar o cardiovascular, tome sus medicamentos y llame al m\u00e9dico si sus s\u00edntomas se agravan.<\/li>\n\n\n\n<li>Si sale, use mascarilla. Las mascarillas contra el polvo no son suficientes, no protegen a los pulmones contra el humo. Las mascarillas &#8220;N95&#8221; brindar\u00e1n algo de protecci\u00f3n cuando se usan adecuadamente.<\/li>\n\n\n\n<li>Evite o minimice las actividades recreativas y\/o deportivas al aire libre.<\/li>\n<\/ul>\n\n\n\n<figure class=\"wp-block-image size-large is-style-rounded\"><img loading=\"lazy\" decoding=\"async\" width=\"1024\" height=\"576\" src=\"https:\/\/sergiolapegue.com\/site\/wp-content\/uploads\/2024\/09\/incendios-forestales02-1024x576.webp\" alt=\"\" class=\"wp-image-17703\" srcset=\"https:\/\/sergiolapegue.com\/site\/wp-content\/uploads\/2024\/09\/incendios-forestales02-1024x576.webp 1024w, https:\/\/sergiolapegue.com\/site\/wp-content\/uploads\/2024\/09\/incendios-forestales02-300x169.webp 300w, https:\/\/sergiolapegue.com\/site\/wp-content\/uploads\/2024\/09\/incendios-forestales02-768x432.webp 768w, https:\/\/sergiolapegue.com\/site\/wp-content\/uploads\/2024\/09\/incendios-forestales02-1536x864.webp 1536w, https:\/\/sergiolapegue.com\/site\/wp-content\/uploads\/2024\/09\/incendios-forestales02-746x420.webp 746w, https:\/\/sergiolapegue.com\/site\/wp-content\/uploads\/2024\/09\/incendios-forestales02-696x392.webp 696w, https:\/\/sergiolapegue.com\/site\/wp-content\/uploads\/2024\/09\/incendios-forestales02-1068x601.webp 1068w, https:\/\/sergiolapegue.com\/site\/wp-content\/uploads\/2024\/09\/incendios-forestales02-1920x1080.webp 1920w, https:\/\/sergiolapegue.com\/site\/wp-content\/uploads\/2024\/09\/incendios-forestales02.webp 1960w\" sizes=\"auto, (max-width: 1024px) 100vw, 1024px\" \/><\/figure>\n\n\n\n<p>&nbsp;<br><strong>Preocupan la situaci\u00f3n clim\u00e1tica y los incendios recurrentes<\/strong><br><br>Un hecho fundamental a resaltar es que aproximadamente un 21% del territorio argentino est\u00e1 compuesto por humedales y los incendios presentan un riesgo enorme a estos ecosistemas que ayudan a mitigar los efectos que provocan las sequ\u00edas, previniendo los focos de fuego, son barreras naturales que ayudan a prevenir el avance de las llamas. Son clave para reducir los efectos de la crisis clim\u00e1tica porque aportan diversidad biol\u00f3gica y cultural, son fuentes para el almacenamiento de carbono, ya que retienen m\u00e1s gases de efecto invernadero; almacenan agua y as\u00ed amortiguan los impactos de las lluvias, fundamental para el control de las inundaciones.<br><br>Desde la Asociaci\u00f3n Argentina de Medicina Respiratoria expresamos nuestra preocupaci\u00f3n por los incendios recurrentes en las distintas geograf\u00edas del pa\u00eds, y el impacto en la salud respiratoria en particular, y consideramos necesaria la concientizaci\u00f3n del problema, la priorizaci\u00f3n del mismo y la toma de decisiones en las esferas que correspondan para contener esta situaci\u00f3n que enferma a la sociedad.<br><br>Un enfoque federal de esta situaci\u00f3n es mandatorio por ello convocamos a generar una agenda que contemple estrategias a corto y largo plazo focalizada en este importante problema sanitario que representa una amenaza para la salud respiratoria. Proponemos el relevamiento del conocimiento social del tema, actividades de educaci\u00f3n, concientizaci\u00f3n y trabajos de investigaci\u00f3n que pongan de manifiesto su impacto sobre la salud.<\/p>\n","protected":false},"excerpt":{"rendered":"<p>El Servicio Meteorol\u00f3gico Nacional advirti\u00f3 que una nube de humo proveniente de incendios forestales en Bolivia, Brasil y Paraguay se desplazar\u00e1 hacia nuestro pa\u00eds, afectando la visibilidad en el AMBA y con la posibilidad de afectar a varias provincias.&nbsp;Esto no es nuevo, Argentina se encuentra actualmente en situaci\u00f3n de emergencia \u00edgnea y la problem\u00e1tica de [&hellip;]<\/p>\n","protected":false},"author":4,"featured_media":17705,"comment_status":"closed","ping_status":"closed","sticky":false,"template":"","format":"standard","meta":{"footnotes":""},"categories":[38],"tags":[89,3422,2282,2281,2913,1394,1559,155,268,66,3785],"class_list":{"0":"post-17702","1":"post","2":"type-post","3":"status-publish","4":"format-standard","5":"has-post-thumbnail","7":"category-actualidad","8":"tag-argentina","9":"tag-bomberos","10":"tag-focos","11":"tag-forestal","12":"tag-fuego","13":"tag-humo","14":"tag-incendio","15":"tag-pulmon","16":"tag-respirar","17":"tag-salud","18":"tag-servicio-meteorologico"},"yoast_head":"<!-- This site is optimized with the Yoast SEO plugin v27.4 - https:\/\/yoast.com\/product\/yoast-seo-wordpress\/ -->\n<title>Incendios forestales: aumenta la preocupaci\u00f3n por la salud respiratoria - Sergio Lapegue<\/title>\n<meta name=\"robots\" content=\"index, follow, max-snippet:-1, max-image-preview:large, max-video-preview:-1\" \/>\n<link rel=\"canonical\" href=\"https:\/\/sergiolapegue.com\/site\/2024\/09\/10\/incendios-forestales-aumenta-la-preocupacion-por-la-salud-respiratoria\/\" \/>\n<meta property=\"og:locale\" content=\"es_ES\" \/>\n<meta property=\"og:type\" content=\"article\" \/>\n<meta property=\"og:title\" content=\"Incendios forestales: aumenta la preocupaci\u00f3n por la salud respiratoria - Sergio Lapegue\" \/>\n<meta property=\"og:description\" content=\"El Servicio Meteorol\u00f3gico Nacional advirti\u00f3 que una nube de humo proveniente de incendios forestales en Bolivia, Brasil y Paraguay se desplazar\u00e1 hacia nuestro pa\u00eds, afectando la visibilidad en el AMBA y con la posibilidad de afectar a varias provincias.&nbsp;Esto no es nuevo, Argentina se encuentra actualmente en situaci\u00f3n de emergencia \u00edgnea y la problem\u00e1tica de [&hellip;]\" \/>\n<meta property=\"og:url\" content=\"https:\/\/sergiolapegue.com\/site\/2024\/09\/10\/incendios-forestales-aumenta-la-preocupacion-por-la-salud-respiratoria\/\" \/>\n<meta property=\"og:site_name\" content=\"Sergio Lapegue\" \/>\n<meta property=\"article:publisher\" content=\"https:\/\/facebook.com\/sergiolapegue\" \/>\n<meta property=\"article:published_time\" content=\"2024-09-10T12:53:00+00:00\" \/>\n<meta property=\"og:image\" content=\"https:\/\/sergiolapegue.com\/site\/wp-content\/uploads\/2024\/09\/incendios-forestales01.webp\" \/>\n\t<meta property=\"og:image:width\" content=\"1200\" \/>\n\t<meta property=\"og:image:height\" content=\"800\" \/>\n\t<meta property=\"og:image:type\" content=\"image\/webp\" \/>\n<meta name=\"author\" content=\"Leonardo Monta\u00f1a\" \/>\n<meta name=\"twitter:card\" content=\"summary_large_image\" \/>\n<meta name=\"twitter:creator\" content=\"@https:\/\/twitter.com\/soytoto81\" \/>\n<meta name=\"twitter:site\" content=\"@sergiolapegue\" \/>\n<meta name=\"twitter:label1\" content=\"Escrito por\" \/>\n\t<meta name=\"twitter:data1\" content=\"Leonardo Monta\u00f1a\" \/>\n\t<meta name=\"twitter:label2\" content=\"Tiempo de lectura\" \/>\n\t<meta name=\"twitter:data2\" content=\"4 minutos\" \/>\n<script type=\"application\/ld+json\" class=\"yoast-schema-graph\">{\"@context\":\"https:\\\/\\\/schema.org\",\"@graph\":[{\"@type\":\"Article\",\"@id\":\"https:\\\/\\\/sergiolapegue.com\\\/site\\\/2024\\\/09\\\/10\\\/incendios-forestales-aumenta-la-preocupacion-por-la-salud-respiratoria\\\/#article\",\"isPartOf\":{\"@id\":\"https:\\\/\\\/sergiolapegue.com\\\/site\\\/2024\\\/09\\\/10\\\/incendios-forestales-aumenta-la-preocupacion-por-la-salud-respiratoria\\\/\"},\"author\":{\"name\":\"Leonardo Monta\u00f1a\",\"@id\":\"https:\\\/\\\/sergiolapegue.com\\\/site\\\/#\\\/schema\\\/person\\\/00adf937d010c7f79a180dc4916a40e0\"},\"headline\":\"Incendios forestales: aumenta la preocupaci\u00f3n por la salud respiratoria\",\"datePublished\":\"2024-09-10T12:53:00+00:00\",\"mainEntityOfPage\":{\"@id\":\"https:\\\/\\\/sergiolapegue.com\\\/site\\\/2024\\\/09\\\/10\\\/incendios-forestales-aumenta-la-preocupacion-por-la-salud-respiratoria\\\/\"},\"wordCount\":810,\"publisher\":{\"@id\":\"https:\\\/\\\/sergiolapegue.com\\\/site\\\/#\\\/schema\\\/person\\\/083aeceeb0734cd166779ea6c0551a37\"},\"image\":{\"@id\":\"https:\\\/\\\/sergiolapegue.com\\\/site\\\/2024\\\/09\\\/10\\\/incendios-forestales-aumenta-la-preocupacion-por-la-salud-respiratoria\\\/#primaryimage\"},\"thumbnailUrl\":\"https:\\\/\\\/sergiolapegue.com\\\/site\\\/wp-content\\\/uploads\\\/2024\\\/09\\\/incendios-forestales01.webp\",\"keywords\":[\"argentina\",\"Bomberos\",\"focos\",\"forestal\",\"fuego\",\"humo\",\"incendio\",\"pulmon\",\"respirar\",\"salud\",\"servicio meteorologico\"],\"articleSection\":[\"Actualidad\"],\"inLanguage\":\"es-AR\"},{\"@type\":\"WebPage\",\"@id\":\"https:\\\/\\\/sergiolapegue.com\\\/site\\\/2024\\\/09\\\/10\\\/incendios-forestales-aumenta-la-preocupacion-por-la-salud-respiratoria\\\/\",\"url\":\"https:\\\/\\\/sergiolapegue.com\\\/site\\\/2024\\\/09\\\/10\\\/incendios-forestales-aumenta-la-preocupacion-por-la-salud-respiratoria\\\/\",\"name\":\"Incendios forestales: aumenta la preocupaci\u00f3n por la salud respiratoria - Sergio Lapegue\",\"isPartOf\":{\"@id\":\"https:\\\/\\\/sergiolapegue.com\\\/site\\\/#website\"},\"primaryImageOfPage\":{\"@id\":\"https:\\\/\\\/sergiolapegue.com\\\/site\\\/2024\\\/09\\\/10\\\/incendios-forestales-aumenta-la-preocupacion-por-la-salud-respiratoria\\\/#primaryimage\"},\"image\":{\"@id\":\"https:\\\/\\\/sergiolapegue.com\\\/site\\\/2024\\\/09\\\/10\\\/incendios-forestales-aumenta-la-preocupacion-por-la-salud-respiratoria\\\/#primaryimage\"},\"thumbnailUrl\":\"https:\\\/\\\/sergiolapegue.com\\\/site\\\/wp-content\\\/uploads\\\/2024\\\/09\\\/incendios-forestales01.webp\",\"datePublished\":\"2024-09-10T12:53:00+00:00\",\"breadcrumb\":{\"@id\":\"https:\\\/\\\/sergiolapegue.com\\\/site\\\/2024\\\/09\\\/10\\\/incendios-forestales-aumenta-la-preocupacion-por-la-salud-respiratoria\\\/#breadcrumb\"},\"inLanguage\":\"es-AR\",\"potentialAction\":[{\"@type\":\"ReadAction\",\"target\":[\"https:\\\/\\\/sergiolapegue.com\\\/site\\\/2024\\\/09\\\/10\\\/incendios-forestales-aumenta-la-preocupacion-por-la-salud-respiratoria\\\/\"]}]},{\"@type\":\"ImageObject\",\"inLanguage\":\"es-AR\",\"@id\":\"https:\\\/\\\/sergiolapegue.com\\\/site\\\/2024\\\/09\\\/10\\\/incendios-forestales-aumenta-la-preocupacion-por-la-salud-respiratoria\\\/#primaryimage\",\"url\":\"https:\\\/\\\/sergiolapegue.com\\\/site\\\/wp-content\\\/uploads\\\/2024\\\/09\\\/incendios-forestales01.webp\",\"contentUrl\":\"https:\\\/\\\/sergiolapegue.com\\\/site\\\/wp-content\\\/uploads\\\/2024\\\/09\\\/incendios-forestales01.webp\",\"width\":1200,\"height\":800},{\"@type\":\"BreadcrumbList\",\"@id\":\"https:\\\/\\\/sergiolapegue.com\\\/site\\\/2024\\\/09\\\/10\\\/incendios-forestales-aumenta-la-preocupacion-por-la-salud-respiratoria\\\/#breadcrumb\",\"itemListElement\":[{\"@type\":\"ListItem\",\"position\":1,\"name\":\"Inicio\",\"item\":\"https:\\\/\\\/sergiolapegue.com\\\/site\\\/\"},{\"@type\":\"ListItem\",\"position\":2,\"name\":\"Incendios forestales: aumenta la preocupaci\u00f3n por la salud respiratoria\"}]},{\"@type\":\"WebSite\",\"@id\":\"https:\\\/\\\/sergiolapegue.com\\\/site\\\/#website\",\"url\":\"https:\\\/\\\/sergiolapegue.com\\\/site\\\/\",\"name\":\"Sergio Lapegue\",\"description\":\"Periodista\",\"publisher\":{\"@id\":\"https:\\\/\\\/sergiolapegue.com\\\/site\\\/#\\\/schema\\\/person\\\/083aeceeb0734cd166779ea6c0551a37\"},\"potentialAction\":[{\"@type\":\"SearchAction\",\"target\":{\"@type\":\"EntryPoint\",\"urlTemplate\":\"https:\\\/\\\/sergiolapegue.com\\\/site\\\/?s={search_term_string}\"},\"query-input\":{\"@type\":\"PropertyValueSpecification\",\"valueRequired\":true,\"valueName\":\"search_term_string\"}}],\"inLanguage\":\"es-AR\"},{\"@type\":[\"Person\",\"Organization\"],\"@id\":\"https:\\\/\\\/sergiolapegue.com\\\/site\\\/#\\\/schema\\\/person\\\/083aeceeb0734cd166779ea6c0551a37\",\"name\":\"Sergio Lapegue\",\"image\":{\"@type\":\"ImageObject\",\"inLanguage\":\"es-AR\",\"@id\":\"https:\\\/\\\/sergiolapegue.com\\\/site\\\/wp-content\\\/uploads\\\/2021\\\/04\\\/logo_header-1.png\",\"url\":\"https:\\\/\\\/sergiolapegue.com\\\/site\\\/wp-content\\\/uploads\\\/2021\\\/04\\\/logo_header-1.png\",\"contentUrl\":\"https:\\\/\\\/sergiolapegue.com\\\/site\\\/wp-content\\\/uploads\\\/2021\\\/04\\\/logo_header-1.png\",\"width\":272,\"height\":90,\"caption\":\"Sergio Lapegue\"},\"logo\":{\"@id\":\"https:\\\/\\\/sergiolapegue.com\\\/site\\\/wp-content\\\/uploads\\\/2021\\\/04\\\/logo_header-1.png\"},\"sameAs\":[\"https:\\\/\\\/facebook.com\\\/sergiolapegue\",\"https:\\\/\\\/instagram.com\\\/sergiolapegue\",\"https:\\\/\\\/x.com\\\/https:\\\/\\\/twitter.com\\\/sergiolapegue\"]},{\"@type\":\"Person\",\"@id\":\"https:\\\/\\\/sergiolapegue.com\\\/site\\\/#\\\/schema\\\/person\\\/00adf937d010c7f79a180dc4916a40e0\",\"name\":\"Leonardo Monta\u00f1a\",\"image\":{\"@type\":\"ImageObject\",\"inLanguage\":\"es-AR\",\"@id\":\"https:\\\/\\\/sergiolapegue.com\\\/site\\\/wp-content\\\/uploads\\\/2021\\\/04\\\/sl_avatar_Leonardo-150x150.jpg\",\"url\":\"https:\\\/\\\/sergiolapegue.com\\\/site\\\/wp-content\\\/uploads\\\/2021\\\/04\\\/sl_avatar_Leonardo-150x150.jpg\",\"contentUrl\":\"https:\\\/\\\/sergiolapegue.com\\\/site\\\/wp-content\\\/uploads\\\/2021\\\/04\\\/sl_avatar_Leonardo-150x150.jpg\",\"caption\":\"Leonardo Monta\u00f1a\"},\"sameAs\":[\"https:\\\/\\\/x.com\\\/https:\\\/\\\/twitter.com\\\/soytoto81\"],\"url\":\"https:\\\/\\\/sergiolapegue.com\\\/site\\\/author\\\/leonardo\\\/\"}]}<\/script>\n<!-- \/ Yoast SEO plugin. -->","yoast_head_json":{"title":"Incendios forestales: aumenta la preocupaci\u00f3n por la salud respiratoria - Sergio Lapegue","robots":{"index":"index","follow":"follow","max-snippet":"max-snippet:-1","max-image-preview":"max-image-preview:large","max-video-preview":"max-video-preview:-1"},"canonical":"https:\/\/sergiolapegue.com\/site\/2024\/09\/10\/incendios-forestales-aumenta-la-preocupacion-por-la-salud-respiratoria\/","og_locale":"es_ES","og_type":"article","og_title":"Incendios forestales: aumenta la preocupaci\u00f3n por la salud respiratoria - Sergio Lapegue","og_description":"El Servicio Meteorol\u00f3gico Nacional advirti\u00f3 que una nube de humo proveniente de incendios forestales en Bolivia, Brasil y Paraguay se desplazar\u00e1 hacia nuestro pa\u00eds, afectando la visibilidad en el AMBA y con la posibilidad de afectar a varias provincias.&nbsp;Esto no es nuevo, Argentina se encuentra actualmente en situaci\u00f3n de emergencia \u00edgnea y la problem\u00e1tica de [&hellip;]","og_url":"https:\/\/sergiolapegue.com\/site\/2024\/09\/10\/incendios-forestales-aumenta-la-preocupacion-por-la-salud-respiratoria\/","og_site_name":"Sergio Lapegue","article_publisher":"https:\/\/facebook.com\/sergiolapegue","article_published_time":"2024-09-10T12:53:00+00:00","og_image":[{"width":1200,"height":800,"url":"https:\/\/sergiolapegue.com\/site\/wp-content\/uploads\/2024\/09\/incendios-forestales01.webp","type":"image\/webp"}],"author":"Leonardo Monta\u00f1a","twitter_card":"summary_large_image","twitter_creator":"@https:\/\/twitter.com\/soytoto81","twitter_site":"@sergiolapegue","twitter_misc":{"Escrito por":"Leonardo Monta\u00f1a","Tiempo de lectura":"4 minutos"},"schema":{"@context":"https:\/\/schema.org","@graph":[{"@type":"Article","@id":"https:\/\/sergiolapegue.com\/site\/2024\/09\/10\/incendios-forestales-aumenta-la-preocupacion-por-la-salud-respiratoria\/#article","isPartOf":{"@id":"https:\/\/sergiolapegue.com\/site\/2024\/09\/10\/incendios-forestales-aumenta-la-preocupacion-por-la-salud-respiratoria\/"},"author":{"name":"Leonardo Monta\u00f1a","@id":"https:\/\/sergiolapegue.com\/site\/#\/schema\/person\/00adf937d010c7f79a180dc4916a40e0"},"headline":"Incendios forestales: aumenta la preocupaci\u00f3n por la salud respiratoria","datePublished":"2024-09-10T12:53:00+00:00","mainEntityOfPage":{"@id":"https:\/\/sergiolapegue.com\/site\/2024\/09\/10\/incendios-forestales-aumenta-la-preocupacion-por-la-salud-respiratoria\/"},"wordCount":810,"publisher":{"@id":"https:\/\/sergiolapegue.com\/site\/#\/schema\/person\/083aeceeb0734cd166779ea6c0551a37"},"image":{"@id":"https:\/\/sergiolapegue.com\/site\/2024\/09\/10\/incendios-forestales-aumenta-la-preocupacion-por-la-salud-respiratoria\/#primaryimage"},"thumbnailUrl":"https:\/\/sergiolapegue.com\/site\/wp-content\/uploads\/2024\/09\/incendios-forestales01.webp","keywords":["argentina","Bomberos","focos","forestal","fuego","humo","incendio","pulmon","respirar","salud","servicio meteorologico"],"articleSection":["Actualidad"],"inLanguage":"es-AR"},{"@type":"WebPage","@id":"https:\/\/sergiolapegue.com\/site\/2024\/09\/10\/incendios-forestales-aumenta-la-preocupacion-por-la-salud-respiratoria\/","url":"https:\/\/sergiolapegue.com\/site\/2024\/09\/10\/incendios-forestales-aumenta-la-preocupacion-por-la-salud-respiratoria\/","name":"Incendios forestales: aumenta la preocupaci\u00f3n por la salud respiratoria - Sergio Lapegue","isPartOf":{"@id":"https:\/\/sergiolapegue.com\/site\/#website"},"primaryImageOfPage":{"@id":"https:\/\/sergiolapegue.com\/site\/2024\/09\/10\/incendios-forestales-aumenta-la-preocupacion-por-la-salud-respiratoria\/#primaryimage"},"image":{"@id":"https:\/\/sergiolapegue.com\/site\/2024\/09\/10\/incendios-forestales-aumenta-la-preocupacion-por-la-salud-respiratoria\/#primaryimage"},"thumbnailUrl":"https:\/\/sergiolapegue.com\/site\/wp-content\/uploads\/2024\/09\/incendios-forestales01.webp","datePublished":"2024-09-10T12:53:00+00:00","breadcrumb":{"@id":"https:\/\/sergiolapegue.com\/site\/2024\/09\/10\/incendios-forestales-aumenta-la-preocupacion-por-la-salud-respiratoria\/#breadcrumb"},"inLanguage":"es-AR","potentialAction":[{"@type":"ReadAction","target":["https:\/\/sergiolapegue.com\/site\/2024\/09\/10\/incendios-forestales-aumenta-la-preocupacion-por-la-salud-respiratoria\/"]}]},{"@type":"ImageObject","inLanguage":"es-AR","@id":"https:\/\/sergiolapegue.com\/site\/2024\/09\/10\/incendios-forestales-aumenta-la-preocupacion-por-la-salud-respiratoria\/#primaryimage","url":"https:\/\/sergiolapegue.com\/site\/wp-content\/uploads\/2024\/09\/incendios-forestales01.webp","contentUrl":"https:\/\/sergiolapegue.com\/site\/wp-content\/uploads\/2024\/09\/incendios-forestales01.webp","width":1200,"height":800},{"@type":"BreadcrumbList","@id":"https:\/\/sergiolapegue.com\/site\/2024\/09\/10\/incendios-forestales-aumenta-la-preocupacion-por-la-salud-respiratoria\/#breadcrumb","itemListElement":[{"@type":"ListItem","position":1,"name":"Inicio","item":"https:\/\/sergiolapegue.com\/site\/"},{"@type":"ListItem","position":2,"name":"Incendios forestales: aumenta la preocupaci\u00f3n por la salud respiratoria"}]},{"@type":"WebSite","@id":"https:\/\/sergiolapegue.com\/site\/#website","url":"https:\/\/sergiolapegue.com\/site\/","name":"Sergio Lapegue","description":"Periodista","publisher":{"@id":"https:\/\/sergiolapegue.com\/site\/#\/schema\/person\/083aeceeb0734cd166779ea6c0551a37"},"potentialAction":[{"@type":"SearchAction","target":{"@type":"EntryPoint","urlTemplate":"https:\/\/sergiolapegue.com\/site\/?s={search_term_string}"},"query-input":{"@type":"PropertyValueSpecification","valueRequired":true,"valueName":"search_term_string"}}],"inLanguage":"es-AR"},{"@type":["Person","Organization"],"@id":"https:\/\/sergiolapegue.com\/site\/#\/schema\/person\/083aeceeb0734cd166779ea6c0551a37","name":"Sergio Lapegue","image":{"@type":"ImageObject","inLanguage":"es-AR","@id":"https:\/\/sergiolapegue.com\/site\/wp-content\/uploads\/2021\/04\/logo_header-1.png","url":"https:\/\/sergiolapegue.com\/site\/wp-content\/uploads\/2021\/04\/logo_header-1.png","contentUrl":"https:\/\/sergiolapegue.com\/site\/wp-content\/uploads\/2021\/04\/logo_header-1.png","width":272,"height":90,"caption":"Sergio Lapegue"},"logo":{"@id":"https:\/\/sergiolapegue.com\/site\/wp-content\/uploads\/2021\/04\/logo_header-1.png"},"sameAs":["https:\/\/facebook.com\/sergiolapegue","https:\/\/instagram.com\/sergiolapegue","https:\/\/x.com\/https:\/\/twitter.com\/sergiolapegue"]},{"@type":"Person","@id":"https:\/\/sergiolapegue.com\/site\/#\/schema\/person\/00adf937d010c7f79a180dc4916a40e0","name":"Leonardo Monta\u00f1a","image":{"@type":"ImageObject","inLanguage":"es-AR","@id":"https:\/\/sergiolapegue.com\/site\/wp-content\/uploads\/2021\/04\/sl_avatar_Leonardo-150x150.jpg","url":"https:\/\/sergiolapegue.com\/site\/wp-content\/uploads\/2021\/04\/sl_avatar_Leonardo-150x150.jpg","contentUrl":"https:\/\/sergiolapegue.com\/site\/wp-content\/uploads\/2021\/04\/sl_avatar_Leonardo-150x150.jpg","caption":"Leonardo Monta\u00f1a"},"sameAs":["https:\/\/x.com\/https:\/\/twitter.com\/soytoto81"],"url":"https:\/\/sergiolapegue.com\/site\/author\/leonardo\/"}]}},"_links":{"self":[{"href":"https:\/\/sergiolapegue.com\/site\/wp-json\/wp\/v2\/posts\/17702","targetHints":{"allow":["GET"]}}],"collection":[{"href":"https:\/\/sergiolapegue.com\/site\/wp-json\/wp\/v2\/posts"}],"about":[{"href":"https:\/\/sergiolapegue.com\/site\/wp-json\/wp\/v2\/types\/post"}],"author":[{"embeddable":true,"href":"https:\/\/sergiolapegue.com\/site\/wp-json\/wp\/v2\/users\/4"}],"replies":[{"embeddable":true,"href":"https:\/\/sergiolapegue.com\/site\/wp-json\/wp\/v2\/comments?post=17702"}],"version-history":[{"count":1,"href":"https:\/\/sergiolapegue.com\/site\/wp-json\/wp\/v2\/posts\/17702\/revisions"}],"predecessor-version":[{"id":17706,"href":"https:\/\/sergiolapegue.com\/site\/wp-json\/wp\/v2\/posts\/17702\/revisions\/17706"}],"wp:featuredmedia":[{"embeddable":true,"href":"https:\/\/sergiolapegue.com\/site\/wp-json\/wp\/v2\/media\/17705"}],"wp:attachment":[{"href":"https:\/\/sergiolapegue.com\/site\/wp-json\/wp\/v2\/media?parent=17702"}],"wp:term":[{"taxonomy":"category","embeddable":true,"href":"https:\/\/sergiolapegue.com\/site\/wp-json\/wp\/v2\/categories?post=17702"},{"taxonomy":"post_tag","embeddable":true,"href":"https:\/\/sergiolapegue.com\/site\/wp-json\/wp\/v2\/tags?post=17702"}],"curies":[{"name":"wp","href":"https:\/\/api.w.org\/{rel}","templated":true}]}}