{"id":17609,"date":"2024-09-05T09:00:00","date_gmt":"2024-09-05T12:00:00","guid":{"rendered":"https:\/\/sergiolapegue.com\/site\/?p=17609"},"modified":"2024-09-04T16:43:40","modified_gmt":"2024-09-04T19:43:40","slug":"recital-de-piano-en-la-sala-sinfonica-del-csmmf","status":"publish","type":"post","link":"https:\/\/sergiolapegue.com\/site\/2024\/09\/05\/recital-de-piano-en-la-sala-sinfonica-del-csmmf\/","title":{"rendered":"RECITAL DE PIANO EN LA SALA SINF\u00d3NICA DEL CSMMF"},"content":{"rendered":"\n<p>Este s\u00e1bado 7 de septiembre los profesores del Conservatorio Superior de M\u00fasica Manuel de Falla, Lautaro Soria y Miguel Cosarinsky ofrecer\u00e1n un recital de piano con obras de Chopin. La presentaci\u00f3n ser\u00e1 en la Sala Sinf\u00f3nica de nuestra sede central.<\/p>\n\n\n\n<figure class=\"wp-block-image size-full is-resized\"><img loading=\"lazy\" decoding=\"async\" width=\"480\" height=\"118\" src=\"https:\/\/sergiolapegue.com\/site\/wp-content\/uploads\/2024\/09\/Recital-de-Piano-Alianza-Francesa-sede-Palermo-0.png\" alt=\"\" class=\"wp-image-17610\" style=\"width:696px;height:auto\" srcset=\"https:\/\/sergiolapegue.com\/site\/wp-content\/uploads\/2024\/09\/Recital-de-Piano-Alianza-Francesa-sede-Palermo-0.png 480w, https:\/\/sergiolapegue.com\/site\/wp-content\/uploads\/2024\/09\/Recital-de-Piano-Alianza-Francesa-sede-Palermo-0-300x74.png 300w\" sizes=\"auto, (max-width: 480px) 100vw, 480px\" \/><\/figure>\n\n\n\n<p><strong>CONSERVATORIO SUPERIOR DE M\u00daSICA<\/strong><\/p>\n\n\n\n<p>Gallo 238 3\u00b0 Piso \u2013 Capital Federal \u2013 Buenos Aires \u2013 Argentina<\/p>\n\n\n\n<p>Entradas: Libre y gratuitas \u2013 el ingreso es por orden de llegada y hasta agotar la capacidad de la Sala Sinf\u00f3nica del CSMMF.<\/p>\n\n\n\n<p>Funci\u00f3n: S\u00e1bado 07 de Septiembre \u2013 18:00 horas<\/p>\n\n\n\n<p>Gracias al Conservatorio Superior de M\u00fasica Manuel de Falla por acercarnos la gacetilla de prensa del recital de piano que brindaran en su sede central.<\/p>\n","protected":false},"excerpt":{"rendered":"<p>Este s\u00e1bado 7 de septiembre los profesores del Conservatorio Superior de M\u00fasica Manuel de Falla, Lautaro Soria y Miguel Cosarinsky ofrecer\u00e1n un recital de piano con obras de Chopin. La presentaci\u00f3n ser\u00e1 en la Sala Sinf\u00f3nica de nuestra sede central. CONSERVATORIO SUPERIOR DE M\u00daSICA Gallo 238 3\u00b0 Piso \u2013 Capital Federal \u2013 Buenos Aires \u2013 [&hellip;]<\/p>\n","protected":false},"author":3,"featured_media":17611,"comment_status":"open","ping_status":"closed","sticky":false,"template":"","format":"standard","meta":{"footnotes":""},"categories":[34,56],"tags":[],"class_list":{"0":"post-17609","1":"post","2":"type-post","3":"status-publish","4":"format-standard","5":"has-post-thumbnail","7":"category-arte","8":"category-musica"},"yoast_head":"<!-- This site is optimized with the Yoast SEO plugin v27.5 - https:\/\/yoast.com\/product\/yoast-seo-wordpress\/ -->\n<title>RECITAL DE PIANO EN LA SALA SINF\u00d3NICA DEL CSMMF - Sergio Lapegue<\/title>\n<meta name=\"robots\" content=\"index, follow, max-snippet:-1, max-image-preview:large, max-video-preview:-1\" \/>\n<link rel=\"canonical\" href=\"https:\/\/sergiolapegue.com\/site\/2024\/09\/05\/recital-de-piano-en-la-sala-sinfonica-del-csmmf\/\" \/>\n<meta property=\"og:locale\" content=\"es_ES\" \/>\n<meta property=\"og:type\" content=\"article\" \/>\n<meta property=\"og:title\" content=\"RECITAL DE PIANO EN LA SALA SINF\u00d3NICA DEL CSMMF - Sergio Lapegue\" \/>\n<meta property=\"og:description\" content=\"Este s\u00e1bado 7 de septiembre los profesores del Conservatorio Superior de M\u00fasica Manuel de Falla, Lautaro Soria y Miguel Cosarinsky ofrecer\u00e1n un recital de piano con obras de Chopin. La presentaci\u00f3n ser\u00e1 en la Sala Sinf\u00f3nica de nuestra sede central. CONSERVATORIO SUPERIOR DE M\u00daSICA Gallo 238 3\u00b0 Piso \u2013 Capital Federal \u2013 Buenos Aires \u2013 [&hellip;]\" \/>\n<meta property=\"og:url\" content=\"https:\/\/sergiolapegue.com\/site\/2024\/09\/05\/recital-de-piano-en-la-sala-sinfonica-del-csmmf\/\" \/>\n<meta property=\"og:site_name\" content=\"Sergio Lapegue\" \/>\n<meta property=\"article:publisher\" content=\"https:\/\/facebook.com\/sergiolapegue\" \/>\n<meta property=\"article:author\" content=\"https:\/\/facebook.com\/danielernesto.montana\" \/>\n<meta property=\"article:published_time\" content=\"2024-09-05T12:00:00+00:00\" \/>\n<meta property=\"og:image\" content=\"https:\/\/sergiolapegue.com\/site\/wp-content\/uploads\/2024\/09\/Recital-de-Piano-en-la-Sala-Sinfonica-del-CSMMF.png\" \/>\n\t<meta property=\"og:image:width\" content=\"560\" \/>\n\t<meta property=\"og:image:height\" content=\"592\" \/>\n\t<meta property=\"og:image:type\" content=\"image\/png\" \/>\n<meta name=\"author\" content=\"Daniel E. Monta\u00f1a\" \/>\n<meta name=\"twitter:card\" content=\"summary_large_image\" \/>\n<meta name=\"twitter:creator\" content=\"@https:\/\/twitter.com\/daner_004\" \/>\n<meta name=\"twitter:site\" content=\"@sergiolapegue\" \/>\n<meta name=\"twitter:label1\" content=\"Escrito por\" \/>\n\t<meta name=\"twitter:data1\" content=\"Daniel E. Monta\u00f1a\" \/>\n\t<meta name=\"twitter:label2\" content=\"Tiempo de lectura\" \/>\n\t<meta name=\"twitter:data2\" content=\"1 minuto\" \/>\n<script type=\"application\/ld+json\" class=\"yoast-schema-graph\">{\"@context\":\"https:\\\/\\\/schema.org\",\"@graph\":[{\"@type\":\"Article\",\"@id\":\"https:\\\/\\\/sergiolapegue.com\\\/site\\\/2024\\\/09\\\/05\\\/recital-de-piano-en-la-sala-sinfonica-del-csmmf\\\/#article\",\"isPartOf\":{\"@id\":\"https:\\\/\\\/sergiolapegue.com\\\/site\\\/2024\\\/09\\\/05\\\/recital-de-piano-en-la-sala-sinfonica-del-csmmf\\\/\"},\"author\":{\"name\":\"Daniel E. Monta\u00f1a\",\"@id\":\"https:\\\/\\\/sergiolapegue.com\\\/site\\\/#\\\/schema\\\/person\\\/9198e7dbab43c6d74d0fd5399af7c3cd\"},\"headline\":\"RECITAL DE PIANO EN LA SALA SINF\u00d3NICA DEL CSMMF\",\"datePublished\":\"2024-09-05T12:00:00+00:00\",\"mainEntityOfPage\":{\"@id\":\"https:\\\/\\\/sergiolapegue.com\\\/site\\\/2024\\\/09\\\/05\\\/recital-de-piano-en-la-sala-sinfonica-del-csmmf\\\/\"},\"wordCount\":122,\"commentCount\":0,\"publisher\":{\"@id\":\"https:\\\/\\\/sergiolapegue.com\\\/site\\\/#\\\/schema\\\/person\\\/083aeceeb0734cd166779ea6c0551a37\"},\"image\":{\"@id\":\"https:\\\/\\\/sergiolapegue.com\\\/site\\\/2024\\\/09\\\/05\\\/recital-de-piano-en-la-sala-sinfonica-del-csmmf\\\/#primaryimage\"},\"thumbnailUrl\":\"https:\\\/\\\/sergiolapegue.com\\\/site\\\/wp-content\\\/uploads\\\/2024\\\/09\\\/Recital-de-Piano-en-la-Sala-Sinfonica-del-CSMMF.png\",\"articleSection\":[\"Arte\",\"M\u00fasica\"],\"inLanguage\":\"es-AR\",\"potentialAction\":[{\"@type\":\"CommentAction\",\"name\":\"Comment\",\"target\":[\"https:\\\/\\\/sergiolapegue.com\\\/site\\\/2024\\\/09\\\/05\\\/recital-de-piano-en-la-sala-sinfonica-del-csmmf\\\/#respond\"]}]},{\"@type\":\"WebPage\",\"@id\":\"https:\\\/\\\/sergiolapegue.com\\\/site\\\/2024\\\/09\\\/05\\\/recital-de-piano-en-la-sala-sinfonica-del-csmmf\\\/\",\"url\":\"https:\\\/\\\/sergiolapegue.com\\\/site\\\/2024\\\/09\\\/05\\\/recital-de-piano-en-la-sala-sinfonica-del-csmmf\\\/\",\"name\":\"RECITAL DE PIANO EN LA SALA SINF\u00d3NICA DEL CSMMF - Sergio Lapegue\",\"isPartOf\":{\"@id\":\"https:\\\/\\\/sergiolapegue.com\\\/site\\\/#website\"},\"primaryImageOfPage\":{\"@id\":\"https:\\\/\\\/sergiolapegue.com\\\/site\\\/2024\\\/09\\\/05\\\/recital-de-piano-en-la-sala-sinfonica-del-csmmf\\\/#primaryimage\"},\"image\":{\"@id\":\"https:\\\/\\\/sergiolapegue.com\\\/site\\\/2024\\\/09\\\/05\\\/recital-de-piano-en-la-sala-sinfonica-del-csmmf\\\/#primaryimage\"},\"thumbnailUrl\":\"https:\\\/\\\/sergiolapegue.com\\\/site\\\/wp-content\\\/uploads\\\/2024\\\/09\\\/Recital-de-Piano-en-la-Sala-Sinfonica-del-CSMMF.png\",\"datePublished\":\"2024-09-05T12:00:00+00:00\",\"breadcrumb\":{\"@id\":\"https:\\\/\\\/sergiolapegue.com\\\/site\\\/2024\\\/09\\\/05\\\/recital-de-piano-en-la-sala-sinfonica-del-csmmf\\\/#breadcrumb\"},\"inLanguage\":\"es-AR\",\"potentialAction\":[{\"@type\":\"ReadAction\",\"target\":[\"https:\\\/\\\/sergiolapegue.com\\\/site\\\/2024\\\/09\\\/05\\\/recital-de-piano-en-la-sala-sinfonica-del-csmmf\\\/\"]}]},{\"@type\":\"ImageObject\",\"inLanguage\":\"es-AR\",\"@id\":\"https:\\\/\\\/sergiolapegue.com\\\/site\\\/2024\\\/09\\\/05\\\/recital-de-piano-en-la-sala-sinfonica-del-csmmf\\\/#primaryimage\",\"url\":\"https:\\\/\\\/sergiolapegue.com\\\/site\\\/wp-content\\\/uploads\\\/2024\\\/09\\\/Recital-de-Piano-en-la-Sala-Sinfonica-del-CSMMF.png\",\"contentUrl\":\"https:\\\/\\\/sergiolapegue.com\\\/site\\\/wp-content\\\/uploads\\\/2024\\\/09\\\/Recital-de-Piano-en-la-Sala-Sinfonica-del-CSMMF.png\",\"width\":560,\"height\":592},{\"@type\":\"BreadcrumbList\",\"@id\":\"https:\\\/\\\/sergiolapegue.com\\\/site\\\/2024\\\/09\\\/05\\\/recital-de-piano-en-la-sala-sinfonica-del-csmmf\\\/#breadcrumb\",\"itemListElement\":[{\"@type\":\"ListItem\",\"position\":1,\"name\":\"Inicio\",\"item\":\"https:\\\/\\\/sergiolapegue.com\\\/site\\\/\"},{\"@type\":\"ListItem\",\"position\":2,\"name\":\"RECITAL DE PIANO EN LA SALA SINF\u00d3NICA DEL CSMMF\"}]},{\"@type\":\"WebSite\",\"@id\":\"https:\\\/\\\/sergiolapegue.com\\\/site\\\/#website\",\"url\":\"https:\\\/\\\/sergiolapegue.com\\\/site\\\/\",\"name\":\"Sergio Lapegue\",\"description\":\"Periodista\",\"publisher\":{\"@id\":\"https:\\\/\\\/sergiolapegue.com\\\/site\\\/#\\\/schema\\\/person\\\/083aeceeb0734cd166779ea6c0551a37\"},\"potentialAction\":[{\"@type\":\"SearchAction\",\"target\":{\"@type\":\"EntryPoint\",\"urlTemplate\":\"https:\\\/\\\/sergiolapegue.com\\\/site\\\/?s={search_term_string}\"},\"query-input\":{\"@type\":\"PropertyValueSpecification\",\"valueRequired\":true,\"valueName\":\"search_term_string\"}}],\"inLanguage\":\"es-AR\"},{\"@type\":[\"Person\",\"Organization\"],\"@id\":\"https:\\\/\\\/sergiolapegue.com\\\/site\\\/#\\\/schema\\\/person\\\/083aeceeb0734cd166779ea6c0551a37\",\"name\":\"Sergio Lapegue\",\"image\":{\"@type\":\"ImageObject\",\"inLanguage\":\"es-AR\",\"@id\":\"https:\\\/\\\/sergiolapegue.com\\\/site\\\/wp-content\\\/uploads\\\/2021\\\/04\\\/logo_header-1.png\",\"url\":\"https:\\\/\\\/sergiolapegue.com\\\/site\\\/wp-content\\\/uploads\\\/2021\\\/04\\\/logo_header-1.png\",\"contentUrl\":\"https:\\\/\\\/sergiolapegue.com\\\/site\\\/wp-content\\\/uploads\\\/2021\\\/04\\\/logo_header-1.png\",\"width\":272,\"height\":90,\"caption\":\"Sergio Lapegue\"},\"logo\":{\"@id\":\"https:\\\/\\\/sergiolapegue.com\\\/site\\\/wp-content\\\/uploads\\\/2021\\\/04\\\/logo_header-1.png\"},\"sameAs\":[\"https:\\\/\\\/facebook.com\\\/sergiolapegue\",\"https:\\\/\\\/instagram.com\\\/sergiolapegue\",\"https:\\\/\\\/x.com\\\/https:\\\/\\\/twitter.com\\\/sergiolapegue\"]},{\"@type\":\"Person\",\"@id\":\"https:\\\/\\\/sergiolapegue.com\\\/site\\\/#\\\/schema\\\/person\\\/9198e7dbab43c6d74d0fd5399af7c3cd\",\"name\":\"Daniel E. Monta\u00f1a\",\"image\":{\"@type\":\"ImageObject\",\"inLanguage\":\"es-AR\",\"@id\":\"https:\\\/\\\/sergiolapegue.com\\\/site\\\/wp-content\\\/uploads\\\/2021\\\/04\\\/sl_avatar_Daniel-150x150.jpg\",\"url\":\"https:\\\/\\\/sergiolapegue.com\\\/site\\\/wp-content\\\/uploads\\\/2021\\\/04\\\/sl_avatar_Daniel-150x150.jpg\",\"contentUrl\":\"https:\\\/\\\/sergiolapegue.com\\\/site\\\/wp-content\\\/uploads\\\/2021\\\/04\\\/sl_avatar_Daniel-150x150.jpg\",\"caption\":\"Daniel E. Monta\u00f1a\"},\"sameAs\":[\"https:\\\/\\\/facebook.com\\\/danielernesto.montana\",\"https:\\\/\\\/instagram.com\\\/daniel_montana1961\",\"https:\\\/\\\/x.com\\\/https:\\\/\\\/twitter.com\\\/daner_004\"],\"url\":\"https:\\\/\\\/sergiolapegue.com\\\/site\\\/author\\\/daniel\\\/\"}]}<\/script>\n<!-- \/ Yoast SEO plugin. -->","yoast_head_json":{"title":"RECITAL DE PIANO EN LA SALA SINF\u00d3NICA DEL CSMMF - Sergio Lapegue","robots":{"index":"index","follow":"follow","max-snippet":"max-snippet:-1","max-image-preview":"max-image-preview:large","max-video-preview":"max-video-preview:-1"},"canonical":"https:\/\/sergiolapegue.com\/site\/2024\/09\/05\/recital-de-piano-en-la-sala-sinfonica-del-csmmf\/","og_locale":"es_ES","og_type":"article","og_title":"RECITAL DE PIANO EN LA SALA SINF\u00d3NICA DEL CSMMF - Sergio Lapegue","og_description":"Este s\u00e1bado 7 de septiembre los profesores del Conservatorio Superior de M\u00fasica Manuel de Falla, Lautaro Soria y Miguel Cosarinsky ofrecer\u00e1n un recital de piano con obras de Chopin. La presentaci\u00f3n ser\u00e1 en la Sala Sinf\u00f3nica de nuestra sede central. CONSERVATORIO SUPERIOR DE M\u00daSICA Gallo 238 3\u00b0 Piso \u2013 Capital Federal \u2013 Buenos Aires \u2013 [&hellip;]","og_url":"https:\/\/sergiolapegue.com\/site\/2024\/09\/05\/recital-de-piano-en-la-sala-sinfonica-del-csmmf\/","og_site_name":"Sergio Lapegue","article_publisher":"https:\/\/facebook.com\/sergiolapegue","article_author":"https:\/\/facebook.com\/danielernesto.montana","article_published_time":"2024-09-05T12:00:00+00:00","og_image":[{"width":560,"height":592,"url":"https:\/\/sergiolapegue.com\/site\/wp-content\/uploads\/2024\/09\/Recital-de-Piano-en-la-Sala-Sinfonica-del-CSMMF.png","type":"image\/png"}],"author":"Daniel E. Monta\u00f1a","twitter_card":"summary_large_image","twitter_creator":"@https:\/\/twitter.com\/daner_004","twitter_site":"@sergiolapegue","twitter_misc":{"Escrito por":"Daniel E. Monta\u00f1a","Tiempo de lectura":"1 minuto"},"schema":{"@context":"https:\/\/schema.org","@graph":[{"@type":"Article","@id":"https:\/\/sergiolapegue.com\/site\/2024\/09\/05\/recital-de-piano-en-la-sala-sinfonica-del-csmmf\/#article","isPartOf":{"@id":"https:\/\/sergiolapegue.com\/site\/2024\/09\/05\/recital-de-piano-en-la-sala-sinfonica-del-csmmf\/"},"author":{"name":"Daniel E. Monta\u00f1a","@id":"https:\/\/sergiolapegue.com\/site\/#\/schema\/person\/9198e7dbab43c6d74d0fd5399af7c3cd"},"headline":"RECITAL DE PIANO EN LA SALA SINF\u00d3NICA DEL CSMMF","datePublished":"2024-09-05T12:00:00+00:00","mainEntityOfPage":{"@id":"https:\/\/sergiolapegue.com\/site\/2024\/09\/05\/recital-de-piano-en-la-sala-sinfonica-del-csmmf\/"},"wordCount":122,"commentCount":0,"publisher":{"@id":"https:\/\/sergiolapegue.com\/site\/#\/schema\/person\/083aeceeb0734cd166779ea6c0551a37"},"image":{"@id":"https:\/\/sergiolapegue.com\/site\/2024\/09\/05\/recital-de-piano-en-la-sala-sinfonica-del-csmmf\/#primaryimage"},"thumbnailUrl":"https:\/\/sergiolapegue.com\/site\/wp-content\/uploads\/2024\/09\/Recital-de-Piano-en-la-Sala-Sinfonica-del-CSMMF.png","articleSection":["Arte","M\u00fasica"],"inLanguage":"es-AR","potentialAction":[{"@type":"CommentAction","name":"Comment","target":["https:\/\/sergiolapegue.com\/site\/2024\/09\/05\/recital-de-piano-en-la-sala-sinfonica-del-csmmf\/#respond"]}]},{"@type":"WebPage","@id":"https:\/\/sergiolapegue.com\/site\/2024\/09\/05\/recital-de-piano-en-la-sala-sinfonica-del-csmmf\/","url":"https:\/\/sergiolapegue.com\/site\/2024\/09\/05\/recital-de-piano-en-la-sala-sinfonica-del-csmmf\/","name":"RECITAL DE PIANO EN LA SALA SINF\u00d3NICA DEL CSMMF - Sergio Lapegue","isPartOf":{"@id":"https:\/\/sergiolapegue.com\/site\/#website"},"primaryImageOfPage":{"@id":"https:\/\/sergiolapegue.com\/site\/2024\/09\/05\/recital-de-piano-en-la-sala-sinfonica-del-csmmf\/#primaryimage"},"image":{"@id":"https:\/\/sergiolapegue.com\/site\/2024\/09\/05\/recital-de-piano-en-la-sala-sinfonica-del-csmmf\/#primaryimage"},"thumbnailUrl":"https:\/\/sergiolapegue.com\/site\/wp-content\/uploads\/2024\/09\/Recital-de-Piano-en-la-Sala-Sinfonica-del-CSMMF.png","datePublished":"2024-09-05T12:00:00+00:00","breadcrumb":{"@id":"https:\/\/sergiolapegue.com\/site\/2024\/09\/05\/recital-de-piano-en-la-sala-sinfonica-del-csmmf\/#breadcrumb"},"inLanguage":"es-AR","potentialAction":[{"@type":"ReadAction","target":["https:\/\/sergiolapegue.com\/site\/2024\/09\/05\/recital-de-piano-en-la-sala-sinfonica-del-csmmf\/"]}]},{"@type":"ImageObject","inLanguage":"es-AR","@id":"https:\/\/sergiolapegue.com\/site\/2024\/09\/05\/recital-de-piano-en-la-sala-sinfonica-del-csmmf\/#primaryimage","url":"https:\/\/sergiolapegue.com\/site\/wp-content\/uploads\/2024\/09\/Recital-de-Piano-en-la-Sala-Sinfonica-del-CSMMF.png","contentUrl":"https:\/\/sergiolapegue.com\/site\/wp-content\/uploads\/2024\/09\/Recital-de-Piano-en-la-Sala-Sinfonica-del-CSMMF.png","width":560,"height":592},{"@type":"BreadcrumbList","@id":"https:\/\/sergiolapegue.com\/site\/2024\/09\/05\/recital-de-piano-en-la-sala-sinfonica-del-csmmf\/#breadcrumb","itemListElement":[{"@type":"ListItem","position":1,"name":"Inicio","item":"https:\/\/sergiolapegue.com\/site\/"},{"@type":"ListItem","position":2,"name":"RECITAL DE PIANO EN LA SALA SINF\u00d3NICA DEL CSMMF"}]},{"@type":"WebSite","@id":"https:\/\/sergiolapegue.com\/site\/#website","url":"https:\/\/sergiolapegue.com\/site\/","name":"Sergio Lapegue","description":"Periodista","publisher":{"@id":"https:\/\/sergiolapegue.com\/site\/#\/schema\/person\/083aeceeb0734cd166779ea6c0551a37"},"potentialAction":[{"@type":"SearchAction","target":{"@type":"EntryPoint","urlTemplate":"https:\/\/sergiolapegue.com\/site\/?s={search_term_string}"},"query-input":{"@type":"PropertyValueSpecification","valueRequired":true,"valueName":"search_term_string"}}],"inLanguage":"es-AR"},{"@type":["Person","Organization"],"@id":"https:\/\/sergiolapegue.com\/site\/#\/schema\/person\/083aeceeb0734cd166779ea6c0551a37","name":"Sergio Lapegue","image":{"@type":"ImageObject","inLanguage":"es-AR","@id":"https:\/\/sergiolapegue.com\/site\/wp-content\/uploads\/2021\/04\/logo_header-1.png","url":"https:\/\/sergiolapegue.com\/site\/wp-content\/uploads\/2021\/04\/logo_header-1.png","contentUrl":"https:\/\/sergiolapegue.com\/site\/wp-content\/uploads\/2021\/04\/logo_header-1.png","width":272,"height":90,"caption":"Sergio Lapegue"},"logo":{"@id":"https:\/\/sergiolapegue.com\/site\/wp-content\/uploads\/2021\/04\/logo_header-1.png"},"sameAs":["https:\/\/facebook.com\/sergiolapegue","https:\/\/instagram.com\/sergiolapegue","https:\/\/x.com\/https:\/\/twitter.com\/sergiolapegue"]},{"@type":"Person","@id":"https:\/\/sergiolapegue.com\/site\/#\/schema\/person\/9198e7dbab43c6d74d0fd5399af7c3cd","name":"Daniel E. Monta\u00f1a","image":{"@type":"ImageObject","inLanguage":"es-AR","@id":"https:\/\/sergiolapegue.com\/site\/wp-content\/uploads\/2021\/04\/sl_avatar_Daniel-150x150.jpg","url":"https:\/\/sergiolapegue.com\/site\/wp-content\/uploads\/2021\/04\/sl_avatar_Daniel-150x150.jpg","contentUrl":"https:\/\/sergiolapegue.com\/site\/wp-content\/uploads\/2021\/04\/sl_avatar_Daniel-150x150.jpg","caption":"Daniel E. Monta\u00f1a"},"sameAs":["https:\/\/facebook.com\/danielernesto.montana","https:\/\/instagram.com\/daniel_montana1961","https:\/\/x.com\/https:\/\/twitter.com\/daner_004"],"url":"https:\/\/sergiolapegue.com\/site\/author\/daniel\/"}]}},"_links":{"self":[{"href":"https:\/\/sergiolapegue.com\/site\/wp-json\/wp\/v2\/posts\/17609","targetHints":{"allow":["GET"]}}],"collection":[{"href":"https:\/\/sergiolapegue.com\/site\/wp-json\/wp\/v2\/posts"}],"about":[{"href":"https:\/\/sergiolapegue.com\/site\/wp-json\/wp\/v2\/types\/post"}],"author":[{"embeddable":true,"href":"https:\/\/sergiolapegue.com\/site\/wp-json\/wp\/v2\/users\/3"}],"replies":[{"embeddable":true,"href":"https:\/\/sergiolapegue.com\/site\/wp-json\/wp\/v2\/comments?post=17609"}],"version-history":[{"count":1,"href":"https:\/\/sergiolapegue.com\/site\/wp-json\/wp\/v2\/posts\/17609\/revisions"}],"predecessor-version":[{"id":17612,"href":"https:\/\/sergiolapegue.com\/site\/wp-json\/wp\/v2\/posts\/17609\/revisions\/17612"}],"wp:featuredmedia":[{"embeddable":true,"href":"https:\/\/sergiolapegue.com\/site\/wp-json\/wp\/v2\/media\/17611"}],"wp:attachment":[{"href":"https:\/\/sergiolapegue.com\/site\/wp-json\/wp\/v2\/media?parent=17609"}],"wp:term":[{"taxonomy":"category","embeddable":true,"href":"https:\/\/sergiolapegue.com\/site\/wp-json\/wp\/v2\/categories?post=17609"},{"taxonomy":"post_tag","embeddable":true,"href":"https:\/\/sergiolapegue.com\/site\/wp-json\/wp\/v2\/tags?post=17609"}],"curies":[{"name":"wp","href":"https:\/\/api.w.org\/{rel}","templated":true}]}}