{"id":17354,"date":"2024-10-17T09:00:00","date_gmt":"2024-10-17T12:00:00","guid":{"rendered":"https:\/\/sergiolapegue.com\/site\/?p=17354"},"modified":"2024-10-16T03:40:29","modified_gmt":"2024-10-16T06:40:29","slug":"el-aparato","status":"publish","type":"post","link":"https:\/\/sergiolapegue.com\/site\/2024\/10\/17\/el-aparato\/","title":{"rendered":"EL APARATO"},"content":{"rendered":"\n<p>El Aparato, realizar\u00e1 una funci\u00f3n a beneficio para los comedores a cargo de los curas en opci\u00f3n por los pobres. La misma tendr\u00e1 lugar el domingo 27 de octubre a las 17:00 horas en el Teatro El Vitral.<\/p>\n\n\n\n<p>========================================================<\/p>\n\n\n\n<p><strong>Un extraordinario texto de Carlos Belloso, que seg\u00fan el describe<\/strong><strong> naci\u00f3 como advertencia al temible escenario pol\u00edtico que atraviesa el pa\u00eds, adem\u00e1s aclara<\/strong><strong> <\/strong><strong>que el unipersonal fue escrito el a\u00f1o pasado antes de las paso, las generales y el balotaje y que no es una critica a un gobierno sino al sistema.<\/strong><strong><\/strong><\/p>\n\n\n\n<p><strong>La obra comienza con la historia de un operario m\u00e1s en una regi\u00f3n gobernada y dirigida por el Gran Otro, que mantiene con mano f\u00e9rrea, lobotomizada a una&nbsp;sociedad d\u00f3cil y manipulada. All\u00ed cualquier tipo de libertad de expresi\u00f3n est\u00e1 totalmente prohibida, nadie se puede salir del orden establecido, ni siquiera haciendo un mal gesto puntual. Cualquiera que infrinja m\u00ednimamente las normas es ajusticiado y desaparece para siempre, como si no hubiese existido. Todo el mundo puede ser un esp\u00eda y las m\u00faltiples c\u00e1maras se ocupan de que a nadie se le ocurra saltarse las reglas.<\/strong><strong><\/strong><\/p>\n\n\n\n<p><strong>El operario decide, aun a riesgo de que lo descubran y lo asesinen,<\/strong><strong> arriesgar su vida por su derecho a ser v\u00edctima. Ninguna cantidad de evidencia, por m\u00e1s clara que esta sea, lo traer\u00e1 nuevamente a la realidad.<\/strong><strong><\/strong><\/p>\n\n\n\n<p><strong>Algunos temas sobre los que trata son<\/strong><strong> la manipulaci\u00f3n colectiva, la vigilancia totalitaria a la figura del individuo, la idiotizaci\u00f3n como mecanismo de dominaci\u00f3n, la b\u00fasqueda del poder y la represi\u00f3n.<\/strong><strong><\/strong><\/p>\n\n\n\n<p><strong>Una inteligente puesta en escena, la m\u00fasica, la iluminaci\u00f3n y la puesta audiovisual son excelentes. Maravilloso <\/strong><strong>Hern\u00e1n Curly Jim\u00e9nez en la direcci\u00f3n del espect\u00e1culo.<\/strong><\/p>\n\n\n\n<p><strong>El trabajo de Carlos Belloso es magistral y m\u00e1s all\u00e1 de la risa, cada palabra que dice es un golpe de realidad que duele, incomoda, molesta, disgusta y uno se queda reflexionando.<\/strong><strong><\/strong><\/p>\n\n\n\n<p><strong>Una obra que no pueden dejar de ver!!! Excelente e Imperdible!!!<\/strong><\/p>\n\n\n\n<figure class=\"wp-block-image size-large\"><img loading=\"lazy\" decoding=\"async\" width=\"1024\" height=\"561\" src=\"https:\/\/sergiolapegue.com\/site\/wp-content\/uploads\/2024\/08\/El-aparato-1-1024x561.jpeg\" alt=\"\" class=\"wp-image-17355\" srcset=\"https:\/\/sergiolapegue.com\/site\/wp-content\/uploads\/2024\/08\/El-aparato-1-1024x561.jpeg 1024w, https:\/\/sergiolapegue.com\/site\/wp-content\/uploads\/2024\/08\/El-aparato-1-300x164.jpeg 300w, https:\/\/sergiolapegue.com\/site\/wp-content\/uploads\/2024\/08\/El-aparato-1-768x420.jpeg 768w, https:\/\/sergiolapegue.com\/site\/wp-content\/uploads\/2024\/08\/El-aparato-1-1536x841.jpeg 1536w, https:\/\/sergiolapegue.com\/site\/wp-content\/uploads\/2024\/08\/El-aparato-1-2048x1121.jpeg 2048w, https:\/\/sergiolapegue.com\/site\/wp-content\/uploads\/2024\/08\/El-aparato-1-767x420.jpeg 767w, https:\/\/sergiolapegue.com\/site\/wp-content\/uploads\/2024\/08\/El-aparato-1-696x381.jpeg 696w, https:\/\/sergiolapegue.com\/site\/wp-content\/uploads\/2024\/08\/El-aparato-1-1068x585.jpeg 1068w, https:\/\/sergiolapegue.com\/site\/wp-content\/uploads\/2024\/08\/El-aparato-1-1920x1051.jpeg 1920w\" sizes=\"auto, (max-width: 1024px) 100vw, 1024px\" \/><\/figure>\n\n\n\n<p>A partir del 18 de septiembre y solo por 2 \u00fanicas funciones sube a escena \u201cEl Aparato\u201d, con autor\u00eda e interpretaci\u00f3n de Carlos Belloso, bajo la direcci\u00f3n de Hern\u00e1n Curly Jim\u00e9nez. Las funciones ser\u00e1n los d\u00edas mi\u00e9rcoles en el Chacarerean Teatre.<\/p>\n\n\n\n<p><strong>SINOPSIS<\/strong><strong><\/strong><\/p>\n\n\n\n<p>En una sociedad futura, un Estado dictatorial imprime personas 3D porque se est\u00e1n quedando sin partidarios. Las personas han dejado de pensar. Un operador se revela e imprime al Dictador para hacer propaganda del R\u00e9gimen. Ante la sospecha de pensamiento independiente, el operario arriesgar\u00e1 su vida por su derecho a ser v\u00edctima. Ninguna cantidad de evidencia, por m\u00e1s clara que esta sea, lo traer\u00e1 nuevamente a la realidad.<\/p>\n\n\n\n<figure class=\"wp-block-image size-large\"><img loading=\"lazy\" decoding=\"async\" width=\"1024\" height=\"576\" src=\"https:\/\/sergiolapegue.com\/site\/wp-content\/uploads\/2024\/08\/El-aparato-2-1024x576.jpeg\" alt=\"\" class=\"wp-image-17356\" srcset=\"https:\/\/sergiolapegue.com\/site\/wp-content\/uploads\/2024\/08\/El-aparato-2-1024x576.jpeg 1024w, https:\/\/sergiolapegue.com\/site\/wp-content\/uploads\/2024\/08\/El-aparato-2-300x169.jpeg 300w, https:\/\/sergiolapegue.com\/site\/wp-content\/uploads\/2024\/08\/El-aparato-2-768x432.jpeg 768w, https:\/\/sergiolapegue.com\/site\/wp-content\/uploads\/2024\/08\/El-aparato-2-1536x864.jpeg 1536w, https:\/\/sergiolapegue.com\/site\/wp-content\/uploads\/2024\/08\/El-aparato-2-2048x1152.jpeg 2048w, https:\/\/sergiolapegue.com\/site\/wp-content\/uploads\/2024\/08\/El-aparato-2-747x420.jpeg 747w, https:\/\/sergiolapegue.com\/site\/wp-content\/uploads\/2024\/08\/El-aparato-2-696x392.jpeg 696w, https:\/\/sergiolapegue.com\/site\/wp-content\/uploads\/2024\/08\/El-aparato-2-1068x601.jpeg 1068w, https:\/\/sergiolapegue.com\/site\/wp-content\/uploads\/2024\/08\/El-aparato-2-1920x1080.jpeg 1920w\" sizes=\"auto, (max-width: 1024px) 100vw, 1024px\" \/><\/figure>\n\n\n\n<p><strong>FICHA T\u00c9CNICO ART\u00cdSTICA<\/strong><\/p>\n\n\n\n<p><strong>Autor\u00eda:<\/strong>&nbsp;Carlos Belloso<\/p>\n\n\n\n<p><strong>Int\u00e9rprete:<\/strong>&nbsp;Carlos Belloso<\/p>\n\n\n\n<p><strong>Dise\u00f1o de luces:<\/strong>&nbsp;Gonzalo C\u00f3rdova<\/p>\n\n\n\n<p><strong>Dise\u00f1o sonoro:<\/strong>&nbsp;Bruno Belloso<\/p>\n\n\n\n<p><strong>Visuales en vivo:<\/strong>&nbsp;Mart\u00edn Facundo G\u00f3mez<\/p>\n\n\n\n<p><strong>Prensa:<\/strong>&nbsp;Natalia Bocca<\/p>\n\n\n\n<p><strong>Asistencia general:<\/strong>&nbsp;Ileana Jaciw<\/p>\n\n\n\n<p><strong>Direcci\u00f3n:<\/strong>&nbsp;Hern\u00e1n Curly Jim\u00e9nez<\/p>\n\n\n\n<p><strong>Duraci\u00f3n:<\/strong> 60 minutos<\/p>\n\n\n\n<p><strong>Clasificaci\u00f3n:<\/strong> Teatro \u2013 Presencial \u2013 Adultos \u2013 Comedia<\/p>\n\n\n\n<figure class=\"wp-block-image size-large\"><img loading=\"lazy\" decoding=\"async\" width=\"1024\" height=\"518\" src=\"https:\/\/sergiolapegue.com\/site\/wp-content\/uploads\/2024\/08\/El-aparato-3-1024x518.jpeg\" alt=\"\" class=\"wp-image-17357\" srcset=\"https:\/\/sergiolapegue.com\/site\/wp-content\/uploads\/2024\/08\/El-aparato-3-1024x518.jpeg 1024w, https:\/\/sergiolapegue.com\/site\/wp-content\/uploads\/2024\/08\/El-aparato-3-300x152.jpeg 300w, https:\/\/sergiolapegue.com\/site\/wp-content\/uploads\/2024\/08\/El-aparato-3-768x388.jpeg 768w, https:\/\/sergiolapegue.com\/site\/wp-content\/uploads\/2024\/08\/El-aparato-3-1536x777.jpeg 1536w, https:\/\/sergiolapegue.com\/site\/wp-content\/uploads\/2024\/08\/El-aparato-3-2048x1036.jpeg 2048w, https:\/\/sergiolapegue.com\/site\/wp-content\/uploads\/2024\/08\/El-aparato-3-831x420.jpeg 831w, https:\/\/sergiolapegue.com\/site\/wp-content\/uploads\/2024\/08\/El-aparato-3-696x352.jpeg 696w, https:\/\/sergiolapegue.com\/site\/wp-content\/uploads\/2024\/08\/El-aparato-3-1068x540.jpeg 1068w, https:\/\/sergiolapegue.com\/site\/wp-content\/uploads\/2024\/08\/El-aparato-3-1920x971.jpeg 1920w\" sizes=\"auto, (max-width: 1024px) 100vw, 1024px\" \/><\/figure>\n\n\n\n<p><strong>TEATRO EL VITRAL<\/strong><\/p>\n\n\n\n<p>Rodr\u00edguez Pe\u00f1a 344 \u2013 Capital Federal \u2013 Buenos Aires \u2013 Argentina<\/p>\n\n\n\n<p>Entradas: $ 15.000 o 2 X $ 26.000 \u2013 en boleter\u00eda del teatro o a trav\u00e9s de Alternativa Teatral &#8211; Link: <a href=\"https:\/\/publico.alternativateatral.com\/entradas85231-el-aparato?o=14\">https:\/\/publico.alternativateatral.com\/entradas85231-el-aparato?o=14<\/a><\/p>\n\n\n\n<p>Funci\u00f3n: Domingo 27 de Octubre &#8211; 17:00 horas  \u00a0<\/p>\n\n\n\n<p>Gracias Natalia Bocca por acercarnos la gacetilla de prensa del reestreno de este espect\u00e1culo.<\/p>\n\n\n\n<p><strong>SOBRE EL&nbsp;DRAMATURGO Y ACTOR<\/strong><strong><\/strong><\/p>\n\n\n\n<figure class=\"wp-block-image size-large is-resized\"><img loading=\"lazy\" decoding=\"async\" width=\"1024\" height=\"683\" src=\"https:\/\/sergiolapegue.com\/site\/wp-content\/uploads\/2024\/08\/El-aparato-Carlos-Belloso-1024x683.jpg\" alt=\"\" class=\"wp-image-17358\" style=\"width:333px;height:auto\" srcset=\"https:\/\/sergiolapegue.com\/site\/wp-content\/uploads\/2024\/08\/El-aparato-Carlos-Belloso-1024x683.jpg 1024w, https:\/\/sergiolapegue.com\/site\/wp-content\/uploads\/2024\/08\/El-aparato-Carlos-Belloso-300x200.jpg 300w, https:\/\/sergiolapegue.com\/site\/wp-content\/uploads\/2024\/08\/El-aparato-Carlos-Belloso-768x512.jpg 768w, https:\/\/sergiolapegue.com\/site\/wp-content\/uploads\/2024\/08\/El-aparato-Carlos-Belloso-1536x1024.jpg 1536w, https:\/\/sergiolapegue.com\/site\/wp-content\/uploads\/2024\/08\/El-aparato-Carlos-Belloso-2048x1365.jpg 2048w, https:\/\/sergiolapegue.com\/site\/wp-content\/uploads\/2024\/08\/El-aparato-Carlos-Belloso-630x420.jpg 630w, https:\/\/sergiolapegue.com\/site\/wp-content\/uploads\/2024\/08\/El-aparato-Carlos-Belloso-696x464.jpg 696w, https:\/\/sergiolapegue.com\/site\/wp-content\/uploads\/2024\/08\/El-aparato-Carlos-Belloso-1068x712.jpg 1068w, https:\/\/sergiolapegue.com\/site\/wp-content\/uploads\/2024\/08\/El-aparato-Carlos-Belloso-1920x1280.jpg 1920w\" sizes=\"auto, (max-width: 1024px) 100vw, 1024px\" \/><\/figure>\n\n\n\n<p><strong>Carlos Belloso<\/strong><\/p>\n\n\n\n<p>Actor y Director. Dirigi\u00f3 diversos grupos de teatro independiente, apoyando este tipo de teatro. Ya que su formaci\u00f3n parte del teatro under. Su trabajo en la direcci\u00f3n y puesta es, sobre todas las cosas, optimizar los mecanismos de actuaci\u00f3n, en puestas austeras con escenograf\u00edas simples para resaltar la expresi\u00f3n y la gestualidad. En sus puestas el humor es fundamental y lo que busca es el contraste entre la profundidad del mensaje y la superficie del gag.<\/p>\n\n\n\n<p>Como actor estudi\u00f3 en la Escuela Municipal de Arte Dram\u00e1tico de Buenos Aires.<\/p>\n\n\n\n<p>En 1999, interpret\u00f3 a El Vasquito, en la telenovela Campeones de la vida. En 2002, en la exitosa miniserie Tumberos, interpret\u00f3 a Guillermo Marmotta, alias &#8220;Willy&#8221;, un reo capo en C\u00e1rcel de Caseros. En 2013 form\u00f3 parte del elenco de Le Pr\u00e9nom (El nombre) una comedia dirigida por Arturo Puig en el Multiteatro de la Calle Corrientes con gran \u00e9xito. Comparti\u00f3 la obra con Germ\u00e1n Palacios, Mercedes Funes, Peto Menahem y Jorgelina Aruzzi. En ese a\u00f1o, gan\u00f3 un Premios Tato, por su actuaci\u00f3n en el episodio Padre del aula, del unitario Historia cl\u00ednica, donde interpret\u00f3 a Domingo Faustino Sarmiento. En 2015, protagoniz\u00f3 el film de suspenso Baires, junto a Benjam\u00edn Vicu\u00f1a, Germ\u00e1n Palacios, Sabrina Garciarena, Rodrigo Guirao D\u00edaz y Juana Viale, en donde interpret\u00f3 al peligroso psic\u00f3pata narcotraficante Eric Le Blanc. En 2018, protagoniz\u00f3 la obra \u201cEl test\u201d y el musical \u201cAladin\u201d.<\/p>\n\n\n\n<p><strong>Premios Tato<\/strong>, Actuaci\u00f3n en cap\u00edtulo \u00fanico, 2013<\/p>\n\n\n\n<p><strong>Premio Mart\u00edn Fierro<\/strong>, Actor de reparto en Drama, 2007<\/p>\n\n\n\n<p><strong>Premio Mart\u00edn Fierro<\/strong>, Actor de reparto en Comedia, 2006<\/p>\n\n\n\n<p><strong>Premio Mart\u00edn Fierro<\/strong>, Mejor actor, 2006<\/p>\n\n\n\n<p><strong>Premio Mart\u00edn Fierro<\/strong>, Actor de reparto en Unitario y\/o Miniserie, 2003<\/p>\n\n\n\n<p><strong>Premio Mart\u00edn Fierro<\/strong>, Actor Protagonista de Unitario y\/o Miniserie, 2002<\/p>\n\n\n\n<p><strong>Premio Mart\u00edn Fierro<\/strong>, Artista revelaci\u00f3n, 1999&nbsp;<\/p>\n\n\n\n<p>Actualmente act\u00faa tambi\u00e9n el espect\u00e1culo: \u201cUna terapia integral\u201d en el Teatro Metropolitan y dirige \u201cOperarius\u201d en Hasta Trilce<\/p>\n\n\n\n<p><strong>SOBRE EL&nbsp;DIRECTOR<\/strong><strong><\/strong><\/p>\n\n\n\n<figure class=\"wp-block-image size-large is-resized\"><img loading=\"lazy\" decoding=\"async\" width=\"680\" height=\"1024\" src=\"https:\/\/sergiolapegue.com\/site\/wp-content\/uploads\/2024\/08\/El-aparato-Hernan-Curly-Jimenez-680x1024.jpg\" alt=\"\" class=\"wp-image-17359\" style=\"width:333px;height:auto\" srcset=\"https:\/\/sergiolapegue.com\/site\/wp-content\/uploads\/2024\/08\/El-aparato-Hernan-Curly-Jimenez-680x1024.jpg 680w, https:\/\/sergiolapegue.com\/site\/wp-content\/uploads\/2024\/08\/El-aparato-Hernan-Curly-Jimenez-199x300.jpg 199w, https:\/\/sergiolapegue.com\/site\/wp-content\/uploads\/2024\/08\/El-aparato-Hernan-Curly-Jimenez-768x1157.jpg 768w, https:\/\/sergiolapegue.com\/site\/wp-content\/uploads\/2024\/08\/El-aparato-Hernan-Curly-Jimenez-1020x1536.jpg 1020w, https:\/\/sergiolapegue.com\/site\/wp-content\/uploads\/2024\/08\/El-aparato-Hernan-Curly-Jimenez-1360x2048.jpg 1360w, https:\/\/sergiolapegue.com\/site\/wp-content\/uploads\/2024\/08\/El-aparato-Hernan-Curly-Jimenez-279x420.jpg 279w, https:\/\/sergiolapegue.com\/site\/wp-content\/uploads\/2024\/08\/El-aparato-Hernan-Curly-Jimenez-696x1048.jpg 696w, https:\/\/sergiolapegue.com\/site\/wp-content\/uploads\/2024\/08\/El-aparato-Hernan-Curly-Jimenez-1068x1609.jpg 1068w, https:\/\/sergiolapegue.com\/site\/wp-content\/uploads\/2024\/08\/El-aparato-Hernan-Curly-Jimenez-1920x2892.jpg 1920w, https:\/\/sergiolapegue.com\/site\/wp-content\/uploads\/2024\/08\/El-aparato-Hernan-Curly-Jimenez-scaled.jpg 1699w\" sizes=\"auto, (max-width: 680px) 100vw, 680px\" \/><\/figure>\n\n\n\n<p><strong>Hern\u00e1n Curly Jim\u00e9nez<\/strong><\/p>\n\n\n\n<p>Dio&nbsp;vida&nbsp;a&nbsp;numerosos&nbsp;personajes&nbsp;del&nbsp;teatro&nbsp;cl\u00e1sico&nbsp;y&nbsp;de la escena off. En el Teatro San Mart\u00edn est\u00e1 haciendo &#8220;Cyrano de Bergerac&#8221;, tambi\u00e9n hizo \u201cLa Tempestad\u201d junto&nbsp;a&nbsp;Alfredo&nbsp;Alc\u00f3n,&nbsp;dirigido por Llu\u00eds Pasqual; \u201cEl Burgu\u00e9s Gentilhombre\u201d de Moli\u00e8re, junto a Enrique Pinti, dirigido por Willy Land\u00edn. En el Festival&nbsp;Shakespeare,&nbsp;particip\u00f3&nbsp;en&nbsp;\u201cAntonio&nbsp;y&nbsp;Cleopatra\u201d&nbsp;y&nbsp;&#8220;Hamlet&#8221;&nbsp;dirigidas&nbsp;por&nbsp;Patricio Orozco. Fue parte de producciones de la calle Corrientes como \u201cH\u00e9rcules, la maldici\u00f3n de Hades\u201d dirigido por Flavio Mendoza, \u201cInodoro Pereyra\u201d dirigido por Manuel Gonz\u00e1lez Gil y \u201cEn Desconcierto&#8221; junto a Hugo Varela. En el teatro off se destacan&nbsp;\u201cCreo&nbsp;en&nbsp;Elvis\u201d,&nbsp;dirigida por Luciano C\u00e1ceres; \u201cAnfitri\u00f3n\u201d de Moli\u00e8re dirigida por Guillermo Cacace; \u201cRemis\u00e9rias\u201d, dirigida por Carlos Belloso, entre muchas&nbsp;m\u00e1s.<\/p>\n\n\n\n<p>Particip\u00f3&nbsp;en&nbsp;decenas&nbsp;de&nbsp;pel\u00edculas,&nbsp;como&nbsp;\u201cNo&nbsp;sos&nbsp;vos,&nbsp;soy&nbsp;yo\u201d&nbsp;de&nbsp;Juan&nbsp;Taratuto,&nbsp;\u201cLa&nbsp;leyenda\u201d de Sebasti\u00e1n Pivoto, \u201cUna sombra ya pronto ser\u00e1s\u201d de H\u00e9ctor Olivera o \u201cMessi\u201d de Alex de<\/p>\n\n\n\n<p>la&nbsp;Iglesia.&nbsp;De&nbsp;sus&nbsp;participaciones&nbsp;en&nbsp;TV,&nbsp;se&nbsp;destacan&nbsp;&#8220;Atrapa&nbsp;a&nbsp;un&nbsp;ladr\u00f3n&#8221;&nbsp;y&nbsp;\u201cAmar&nbsp;despu\u00e9s de&nbsp;Amar\u201d&nbsp;(TELEFE),&nbsp;\u201cCiega&nbsp;a&nbsp;Citas\u201d&nbsp;(Canal&nbsp;7),&nbsp;\u201cSomos&nbsp;Familia\u201d&nbsp;(TELEFE),&nbsp;\u201cVigilantes\u201d (TBS), adem\u00e1s de numerosas campa\u00f1as publicitarias.<\/p>\n\n\n\n<p>Como&nbsp;director&nbsp;teatral,&nbsp;hizo&nbsp;&#8220;Ah,&nbsp;Mir\u00e1&nbsp;Vos\u2026&#8221;&nbsp;en&nbsp;No&nbsp;Avestruz&nbsp;y&nbsp;&#8220;El&nbsp;Aparato&#8221;,&nbsp;unipersonal&nbsp;de Carlos Belloso en Teatro El Grito y Muy Teatro y &#8220;Peso Blue&#8221; y \u201cPinopio\u201d en Microteatro.<\/p>\n\n\n\n<p><\/p>\n","protected":false},"excerpt":{"rendered":"<p>El Aparato, realizar\u00e1 una funci\u00f3n a beneficio para los comedores a cargo de los curas en opci\u00f3n por los pobres. La misma tendr\u00e1 lugar el domingo 27 de octubre a las 17:00 horas en el Teatro El Vitral. ======================================================== Un extraordinario texto de Carlos Belloso, que seg\u00fan el describe naci\u00f3 como advertencia al temible escenario [&hellip;]<\/p>\n","protected":false},"author":3,"featured_media":18667,"comment_status":"open","ping_status":"closed","sticky":false,"template":"","format":"standard","meta":{"footnotes":""},"categories":[34,35],"tags":[],"class_list":{"0":"post-17354","1":"post","2":"type-post","3":"status-publish","4":"format-standard","5":"has-post-thumbnail","7":"category-arte","8":"category-teatro"},"yoast_head":"<!-- This site is optimized with the Yoast SEO plugin v27.5 - https:\/\/yoast.com\/product\/yoast-seo-wordpress\/ -->\n<title>EL APARATO - Sergio Lapegue<\/title>\n<meta name=\"robots\" content=\"index, follow, max-snippet:-1, max-image-preview:large, max-video-preview:-1\" \/>\n<link rel=\"canonical\" href=\"https:\/\/sergiolapegue.com\/site\/2024\/10\/17\/el-aparato\/\" \/>\n<meta property=\"og:locale\" content=\"es_ES\" \/>\n<meta property=\"og:type\" content=\"article\" \/>\n<meta property=\"og:title\" content=\"EL APARATO - Sergio Lapegue\" \/>\n<meta property=\"og:description\" content=\"El Aparato, realizar\u00e1 una funci\u00f3n a beneficio para los comedores a cargo de los curas en opci\u00f3n por los pobres. La misma tendr\u00e1 lugar el domingo 27 de octubre a las 17:00 horas en el Teatro El Vitral. ======================================================== Un extraordinario texto de Carlos Belloso, que seg\u00fan el describe naci\u00f3 como advertencia al temible escenario [&hellip;]\" \/>\n<meta property=\"og:url\" content=\"https:\/\/sergiolapegue.com\/site\/2024\/10\/17\/el-aparato\/\" \/>\n<meta property=\"og:site_name\" content=\"Sergio Lapegue\" \/>\n<meta property=\"article:publisher\" content=\"https:\/\/facebook.com\/sergiolapegue\" \/>\n<meta property=\"article:author\" content=\"https:\/\/facebook.com\/danielernesto.montana\" \/>\n<meta property=\"article:published_time\" content=\"2024-10-17T12:00:00+00:00\" \/>\n<meta property=\"og:image\" content=\"https:\/\/sergiolapegue.com\/site\/wp-content\/uploads\/2024\/09\/El-Aparato-0.jpeg\" \/>\n\t<meta property=\"og:image:width\" content=\"2500\" \/>\n\t<meta property=\"og:image:height\" content=\"2500\" \/>\n\t<meta property=\"og:image:type\" content=\"image\/jpeg\" \/>\n<meta name=\"author\" content=\"Daniel E. Monta\u00f1a\" \/>\n<meta name=\"twitter:card\" content=\"summary_large_image\" \/>\n<meta name=\"twitter:creator\" content=\"@https:\/\/twitter.com\/daner_004\" \/>\n<meta name=\"twitter:site\" content=\"@sergiolapegue\" \/>\n<meta name=\"twitter:label1\" content=\"Escrito por\" \/>\n\t<meta name=\"twitter:data1\" content=\"Daniel E. Monta\u00f1a\" \/>\n\t<meta name=\"twitter:label2\" content=\"Tiempo de lectura\" \/>\n\t<meta name=\"twitter:data2\" content=\"7 minutos\" \/>\n<script type=\"application\/ld+json\" class=\"yoast-schema-graph\">{\"@context\":\"https:\\\/\\\/schema.org\",\"@graph\":[{\"@type\":\"Article\",\"@id\":\"https:\\\/\\\/sergiolapegue.com\\\/site\\\/2024\\\/10\\\/17\\\/el-aparato\\\/#article\",\"isPartOf\":{\"@id\":\"https:\\\/\\\/sergiolapegue.com\\\/site\\\/2024\\\/10\\\/17\\\/el-aparato\\\/\"},\"author\":{\"name\":\"Daniel E. Monta\u00f1a\",\"@id\":\"https:\\\/\\\/sergiolapegue.com\\\/site\\\/#\\\/schema\\\/person\\\/9198e7dbab43c6d74d0fd5399af7c3cd\"},\"headline\":\"EL APARATO\",\"datePublished\":\"2024-10-17T12:00:00+00:00\",\"mainEntityOfPage\":{\"@id\":\"https:\\\/\\\/sergiolapegue.com\\\/site\\\/2024\\\/10\\\/17\\\/el-aparato\\\/\"},\"wordCount\":1266,\"commentCount\":0,\"publisher\":{\"@id\":\"https:\\\/\\\/sergiolapegue.com\\\/site\\\/#\\\/schema\\\/person\\\/083aeceeb0734cd166779ea6c0551a37\"},\"image\":{\"@id\":\"https:\\\/\\\/sergiolapegue.com\\\/site\\\/2024\\\/10\\\/17\\\/el-aparato\\\/#primaryimage\"},\"thumbnailUrl\":\"https:\\\/\\\/sergiolapegue.com\\\/site\\\/wp-content\\\/uploads\\\/2024\\\/09\\\/El-Aparato-0.jpeg\",\"articleSection\":[\"Arte\",\"Teatro\"],\"inLanguage\":\"es-AR\",\"potentialAction\":[{\"@type\":\"CommentAction\",\"name\":\"Comment\",\"target\":[\"https:\\\/\\\/sergiolapegue.com\\\/site\\\/2024\\\/10\\\/17\\\/el-aparato\\\/#respond\"]}]},{\"@type\":\"WebPage\",\"@id\":\"https:\\\/\\\/sergiolapegue.com\\\/site\\\/2024\\\/10\\\/17\\\/el-aparato\\\/\",\"url\":\"https:\\\/\\\/sergiolapegue.com\\\/site\\\/2024\\\/10\\\/17\\\/el-aparato\\\/\",\"name\":\"EL APARATO - Sergio Lapegue\",\"isPartOf\":{\"@id\":\"https:\\\/\\\/sergiolapegue.com\\\/site\\\/#website\"},\"primaryImageOfPage\":{\"@id\":\"https:\\\/\\\/sergiolapegue.com\\\/site\\\/2024\\\/10\\\/17\\\/el-aparato\\\/#primaryimage\"},\"image\":{\"@id\":\"https:\\\/\\\/sergiolapegue.com\\\/site\\\/2024\\\/10\\\/17\\\/el-aparato\\\/#primaryimage\"},\"thumbnailUrl\":\"https:\\\/\\\/sergiolapegue.com\\\/site\\\/wp-content\\\/uploads\\\/2024\\\/09\\\/El-Aparato-0.jpeg\",\"datePublished\":\"2024-10-17T12:00:00+00:00\",\"breadcrumb\":{\"@id\":\"https:\\\/\\\/sergiolapegue.com\\\/site\\\/2024\\\/10\\\/17\\\/el-aparato\\\/#breadcrumb\"},\"inLanguage\":\"es-AR\",\"potentialAction\":[{\"@type\":\"ReadAction\",\"target\":[\"https:\\\/\\\/sergiolapegue.com\\\/site\\\/2024\\\/10\\\/17\\\/el-aparato\\\/\"]}]},{\"@type\":\"ImageObject\",\"inLanguage\":\"es-AR\",\"@id\":\"https:\\\/\\\/sergiolapegue.com\\\/site\\\/2024\\\/10\\\/17\\\/el-aparato\\\/#primaryimage\",\"url\":\"https:\\\/\\\/sergiolapegue.com\\\/site\\\/wp-content\\\/uploads\\\/2024\\\/09\\\/El-Aparato-0.jpeg\",\"contentUrl\":\"https:\\\/\\\/sergiolapegue.com\\\/site\\\/wp-content\\\/uploads\\\/2024\\\/09\\\/El-Aparato-0.jpeg\",\"width\":2500,\"height\":2500},{\"@type\":\"BreadcrumbList\",\"@id\":\"https:\\\/\\\/sergiolapegue.com\\\/site\\\/2024\\\/10\\\/17\\\/el-aparato\\\/#breadcrumb\",\"itemListElement\":[{\"@type\":\"ListItem\",\"position\":1,\"name\":\"Inicio\",\"item\":\"https:\\\/\\\/sergiolapegue.com\\\/site\\\/\"},{\"@type\":\"ListItem\",\"position\":2,\"name\":\"EL APARATO\"}]},{\"@type\":\"WebSite\",\"@id\":\"https:\\\/\\\/sergiolapegue.com\\\/site\\\/#website\",\"url\":\"https:\\\/\\\/sergiolapegue.com\\\/site\\\/\",\"name\":\"Sergio Lapegue\",\"description\":\"Periodista\",\"publisher\":{\"@id\":\"https:\\\/\\\/sergiolapegue.com\\\/site\\\/#\\\/schema\\\/person\\\/083aeceeb0734cd166779ea6c0551a37\"},\"potentialAction\":[{\"@type\":\"SearchAction\",\"target\":{\"@type\":\"EntryPoint\",\"urlTemplate\":\"https:\\\/\\\/sergiolapegue.com\\\/site\\\/?s={search_term_string}\"},\"query-input\":{\"@type\":\"PropertyValueSpecification\",\"valueRequired\":true,\"valueName\":\"search_term_string\"}}],\"inLanguage\":\"es-AR\"},{\"@type\":[\"Person\",\"Organization\"],\"@id\":\"https:\\\/\\\/sergiolapegue.com\\\/site\\\/#\\\/schema\\\/person\\\/083aeceeb0734cd166779ea6c0551a37\",\"name\":\"Sergio Lapegue\",\"image\":{\"@type\":\"ImageObject\",\"inLanguage\":\"es-AR\",\"@id\":\"https:\\\/\\\/sergiolapegue.com\\\/site\\\/wp-content\\\/uploads\\\/2021\\\/04\\\/logo_header-1.png\",\"url\":\"https:\\\/\\\/sergiolapegue.com\\\/site\\\/wp-content\\\/uploads\\\/2021\\\/04\\\/logo_header-1.png\",\"contentUrl\":\"https:\\\/\\\/sergiolapegue.com\\\/site\\\/wp-content\\\/uploads\\\/2021\\\/04\\\/logo_header-1.png\",\"width\":272,\"height\":90,\"caption\":\"Sergio Lapegue\"},\"logo\":{\"@id\":\"https:\\\/\\\/sergiolapegue.com\\\/site\\\/wp-content\\\/uploads\\\/2021\\\/04\\\/logo_header-1.png\"},\"sameAs\":[\"https:\\\/\\\/facebook.com\\\/sergiolapegue\",\"https:\\\/\\\/instagram.com\\\/sergiolapegue\",\"https:\\\/\\\/x.com\\\/https:\\\/\\\/twitter.com\\\/sergiolapegue\"]},{\"@type\":\"Person\",\"@id\":\"https:\\\/\\\/sergiolapegue.com\\\/site\\\/#\\\/schema\\\/person\\\/9198e7dbab43c6d74d0fd5399af7c3cd\",\"name\":\"Daniel E. Monta\u00f1a\",\"image\":{\"@type\":\"ImageObject\",\"inLanguage\":\"es-AR\",\"@id\":\"https:\\\/\\\/sergiolapegue.com\\\/site\\\/wp-content\\\/uploads\\\/2021\\\/04\\\/sl_avatar_Daniel-150x150.jpg\",\"url\":\"https:\\\/\\\/sergiolapegue.com\\\/site\\\/wp-content\\\/uploads\\\/2021\\\/04\\\/sl_avatar_Daniel-150x150.jpg\",\"contentUrl\":\"https:\\\/\\\/sergiolapegue.com\\\/site\\\/wp-content\\\/uploads\\\/2021\\\/04\\\/sl_avatar_Daniel-150x150.jpg\",\"caption\":\"Daniel E. Monta\u00f1a\"},\"sameAs\":[\"https:\\\/\\\/facebook.com\\\/danielernesto.montana\",\"https:\\\/\\\/instagram.com\\\/daniel_montana1961\",\"https:\\\/\\\/x.com\\\/https:\\\/\\\/twitter.com\\\/daner_004\"],\"url\":\"https:\\\/\\\/sergiolapegue.com\\\/site\\\/author\\\/daniel\\\/\"}]}<\/script>\n<!-- \/ Yoast SEO plugin. -->","yoast_head_json":{"title":"EL APARATO - Sergio Lapegue","robots":{"index":"index","follow":"follow","max-snippet":"max-snippet:-1","max-image-preview":"max-image-preview:large","max-video-preview":"max-video-preview:-1"},"canonical":"https:\/\/sergiolapegue.com\/site\/2024\/10\/17\/el-aparato\/","og_locale":"es_ES","og_type":"article","og_title":"EL APARATO - Sergio Lapegue","og_description":"El Aparato, realizar\u00e1 una funci\u00f3n a beneficio para los comedores a cargo de los curas en opci\u00f3n por los pobres. La misma tendr\u00e1 lugar el domingo 27 de octubre a las 17:00 horas en el Teatro El Vitral. ======================================================== Un extraordinario texto de Carlos Belloso, que seg\u00fan el describe naci\u00f3 como advertencia al temible escenario [&hellip;]","og_url":"https:\/\/sergiolapegue.com\/site\/2024\/10\/17\/el-aparato\/","og_site_name":"Sergio Lapegue","article_publisher":"https:\/\/facebook.com\/sergiolapegue","article_author":"https:\/\/facebook.com\/danielernesto.montana","article_published_time":"2024-10-17T12:00:00+00:00","og_image":[{"width":2500,"height":2500,"url":"https:\/\/sergiolapegue.com\/site\/wp-content\/uploads\/2024\/09\/El-Aparato-0.jpeg","type":"image\/jpeg"}],"author":"Daniel E. Monta\u00f1a","twitter_card":"summary_large_image","twitter_creator":"@https:\/\/twitter.com\/daner_004","twitter_site":"@sergiolapegue","twitter_misc":{"Escrito por":"Daniel E. Monta\u00f1a","Tiempo de lectura":"7 minutos"},"schema":{"@context":"https:\/\/schema.org","@graph":[{"@type":"Article","@id":"https:\/\/sergiolapegue.com\/site\/2024\/10\/17\/el-aparato\/#article","isPartOf":{"@id":"https:\/\/sergiolapegue.com\/site\/2024\/10\/17\/el-aparato\/"},"author":{"name":"Daniel E. Monta\u00f1a","@id":"https:\/\/sergiolapegue.com\/site\/#\/schema\/person\/9198e7dbab43c6d74d0fd5399af7c3cd"},"headline":"EL APARATO","datePublished":"2024-10-17T12:00:00+00:00","mainEntityOfPage":{"@id":"https:\/\/sergiolapegue.com\/site\/2024\/10\/17\/el-aparato\/"},"wordCount":1266,"commentCount":0,"publisher":{"@id":"https:\/\/sergiolapegue.com\/site\/#\/schema\/person\/083aeceeb0734cd166779ea6c0551a37"},"image":{"@id":"https:\/\/sergiolapegue.com\/site\/2024\/10\/17\/el-aparato\/#primaryimage"},"thumbnailUrl":"https:\/\/sergiolapegue.com\/site\/wp-content\/uploads\/2024\/09\/El-Aparato-0.jpeg","articleSection":["Arte","Teatro"],"inLanguage":"es-AR","potentialAction":[{"@type":"CommentAction","name":"Comment","target":["https:\/\/sergiolapegue.com\/site\/2024\/10\/17\/el-aparato\/#respond"]}]},{"@type":"WebPage","@id":"https:\/\/sergiolapegue.com\/site\/2024\/10\/17\/el-aparato\/","url":"https:\/\/sergiolapegue.com\/site\/2024\/10\/17\/el-aparato\/","name":"EL APARATO - Sergio Lapegue","isPartOf":{"@id":"https:\/\/sergiolapegue.com\/site\/#website"},"primaryImageOfPage":{"@id":"https:\/\/sergiolapegue.com\/site\/2024\/10\/17\/el-aparato\/#primaryimage"},"image":{"@id":"https:\/\/sergiolapegue.com\/site\/2024\/10\/17\/el-aparato\/#primaryimage"},"thumbnailUrl":"https:\/\/sergiolapegue.com\/site\/wp-content\/uploads\/2024\/09\/El-Aparato-0.jpeg","datePublished":"2024-10-17T12:00:00+00:00","breadcrumb":{"@id":"https:\/\/sergiolapegue.com\/site\/2024\/10\/17\/el-aparato\/#breadcrumb"},"inLanguage":"es-AR","potentialAction":[{"@type":"ReadAction","target":["https:\/\/sergiolapegue.com\/site\/2024\/10\/17\/el-aparato\/"]}]},{"@type":"ImageObject","inLanguage":"es-AR","@id":"https:\/\/sergiolapegue.com\/site\/2024\/10\/17\/el-aparato\/#primaryimage","url":"https:\/\/sergiolapegue.com\/site\/wp-content\/uploads\/2024\/09\/El-Aparato-0.jpeg","contentUrl":"https:\/\/sergiolapegue.com\/site\/wp-content\/uploads\/2024\/09\/El-Aparato-0.jpeg","width":2500,"height":2500},{"@type":"BreadcrumbList","@id":"https:\/\/sergiolapegue.com\/site\/2024\/10\/17\/el-aparato\/#breadcrumb","itemListElement":[{"@type":"ListItem","position":1,"name":"Inicio","item":"https:\/\/sergiolapegue.com\/site\/"},{"@type":"ListItem","position":2,"name":"EL APARATO"}]},{"@type":"WebSite","@id":"https:\/\/sergiolapegue.com\/site\/#website","url":"https:\/\/sergiolapegue.com\/site\/","name":"Sergio Lapegue","description":"Periodista","publisher":{"@id":"https:\/\/sergiolapegue.com\/site\/#\/schema\/person\/083aeceeb0734cd166779ea6c0551a37"},"potentialAction":[{"@type":"SearchAction","target":{"@type":"EntryPoint","urlTemplate":"https:\/\/sergiolapegue.com\/site\/?s={search_term_string}"},"query-input":{"@type":"PropertyValueSpecification","valueRequired":true,"valueName":"search_term_string"}}],"inLanguage":"es-AR"},{"@type":["Person","Organization"],"@id":"https:\/\/sergiolapegue.com\/site\/#\/schema\/person\/083aeceeb0734cd166779ea6c0551a37","name":"Sergio Lapegue","image":{"@type":"ImageObject","inLanguage":"es-AR","@id":"https:\/\/sergiolapegue.com\/site\/wp-content\/uploads\/2021\/04\/logo_header-1.png","url":"https:\/\/sergiolapegue.com\/site\/wp-content\/uploads\/2021\/04\/logo_header-1.png","contentUrl":"https:\/\/sergiolapegue.com\/site\/wp-content\/uploads\/2021\/04\/logo_header-1.png","width":272,"height":90,"caption":"Sergio Lapegue"},"logo":{"@id":"https:\/\/sergiolapegue.com\/site\/wp-content\/uploads\/2021\/04\/logo_header-1.png"},"sameAs":["https:\/\/facebook.com\/sergiolapegue","https:\/\/instagram.com\/sergiolapegue","https:\/\/x.com\/https:\/\/twitter.com\/sergiolapegue"]},{"@type":"Person","@id":"https:\/\/sergiolapegue.com\/site\/#\/schema\/person\/9198e7dbab43c6d74d0fd5399af7c3cd","name":"Daniel E. Monta\u00f1a","image":{"@type":"ImageObject","inLanguage":"es-AR","@id":"https:\/\/sergiolapegue.com\/site\/wp-content\/uploads\/2021\/04\/sl_avatar_Daniel-150x150.jpg","url":"https:\/\/sergiolapegue.com\/site\/wp-content\/uploads\/2021\/04\/sl_avatar_Daniel-150x150.jpg","contentUrl":"https:\/\/sergiolapegue.com\/site\/wp-content\/uploads\/2021\/04\/sl_avatar_Daniel-150x150.jpg","caption":"Daniel E. Monta\u00f1a"},"sameAs":["https:\/\/facebook.com\/danielernesto.montana","https:\/\/instagram.com\/daniel_montana1961","https:\/\/x.com\/https:\/\/twitter.com\/daner_004"],"url":"https:\/\/sergiolapegue.com\/site\/author\/daniel\/"}]}},"_links":{"self":[{"href":"https:\/\/sergiolapegue.com\/site\/wp-json\/wp\/v2\/posts\/17354","targetHints":{"allow":["GET"]}}],"collection":[{"href":"https:\/\/sergiolapegue.com\/site\/wp-json\/wp\/v2\/posts"}],"about":[{"href":"https:\/\/sergiolapegue.com\/site\/wp-json\/wp\/v2\/types\/post"}],"author":[{"embeddable":true,"href":"https:\/\/sergiolapegue.com\/site\/wp-json\/wp\/v2\/users\/3"}],"replies":[{"embeddable":true,"href":"https:\/\/sergiolapegue.com\/site\/wp-json\/wp\/v2\/comments?post=17354"}],"version-history":[{"count":4,"href":"https:\/\/sergiolapegue.com\/site\/wp-json\/wp\/v2\/posts\/17354\/revisions"}],"predecessor-version":[{"id":18670,"href":"https:\/\/sergiolapegue.com\/site\/wp-json\/wp\/v2\/posts\/17354\/revisions\/18670"}],"wp:featuredmedia":[{"embeddable":true,"href":"https:\/\/sergiolapegue.com\/site\/wp-json\/wp\/v2\/media\/18667"}],"wp:attachment":[{"href":"https:\/\/sergiolapegue.com\/site\/wp-json\/wp\/v2\/media?parent=17354"}],"wp:term":[{"taxonomy":"category","embeddable":true,"href":"https:\/\/sergiolapegue.com\/site\/wp-json\/wp\/v2\/categories?post=17354"},{"taxonomy":"post_tag","embeddable":true,"href":"https:\/\/sergiolapegue.com\/site\/wp-json\/wp\/v2\/tags?post=17354"}],"curies":[{"name":"wp","href":"https:\/\/api.w.org\/{rel}","templated":true}]}}