{"id":16721,"date":"2024-08-09T09:23:00","date_gmt":"2024-08-09T12:23:00","guid":{"rendered":"https:\/\/sergiolapegue.com\/site\/?p=16721"},"modified":"2024-08-01T12:35:58","modified_gmt":"2024-08-01T15:35:58","slug":"los-noruegos-se-sienten-culpables-por-ser-rico","status":"publish","type":"post","link":"https:\/\/sergiolapegue.com\/site\/2024\/08\/09\/los-noruegos-se-sienten-culpables-por-ser-rico\/","title":{"rendered":"Los noruegos se sienten culpables por ser rico"},"content":{"rendered":"\n<p>Los noruegos, conocidos por su alto nivel de vida, est\u00e1n lidiando con un sentimiento cada vez m\u00e1s presente: la culpa por su riqueza.<\/p>\n\n\n\n<p>Esta sensaci\u00f3n, que algunos han llamado \u201cescandiculpa\u201d, surge de la comparaci\u00f3n entre su bienestar y las dificultades que enfrentan otras partes del mundo, especialmente aquellas que se ven afectadas por las acciones de su pa\u00eds.<\/p>\n\n\n\n<p>Noruega es uno de los pa\u00edses m\u00e1s ricos del planeta gracias a sus enormes reservas de petr\u00f3leo. Sin embargo, su prosperidad gener\u00f3 un debate sobre la \u00e9tica de su modelo econ\u00f3mico y su impacto en otros pa\u00edses.<\/p>\n\n\n\n<p>El pa\u00eds europeo est\u00e1 tan bien que hasta tiene super\u00e1vit presupuestario: sus ingresos superan sus gastos, un fuerte contraste con pa\u00edses como Argentina, que tiene que endeudarse para cubrir su d\u00e9ficit presupuestario.<\/p>\n\n\n\n<figure class=\"wp-block-image size-full is-style-rounded\"><img loading=\"lazy\" decoding=\"async\" width=\"779\" height=\"446\" src=\"https:\/\/sergiolapegue.com\/site\/wp-content\/uploads\/2024\/08\/noruega02.jpg\" alt=\"\" class=\"wp-image-16722\" srcset=\"https:\/\/sergiolapegue.com\/site\/wp-content\/uploads\/2024\/08\/noruega02.jpg 779w, https:\/\/sergiolapegue.com\/site\/wp-content\/uploads\/2024\/08\/noruega02-300x172.jpg 300w, https:\/\/sergiolapegue.com\/site\/wp-content\/uploads\/2024\/08\/noruega02-768x440.jpg 768w, https:\/\/sergiolapegue.com\/site\/wp-content\/uploads\/2024\/08\/noruega02-734x420.jpg 734w, https:\/\/sergiolapegue.com\/site\/wp-content\/uploads\/2024\/08\/noruega02-696x398.jpg 696w\" sizes=\"auto, (max-width: 779px) 100vw, 779px\" \/><\/figure>\n\n\n\n<p>El t\u00e9rmino \u201cescandiculpa\u201d lo acu\u00f1\u00f3 Elisabeth Oxfeldt, una profesora de literatura escandinava de la Universidad de Oslo que descubri\u00f3 el \u201csurgimiento de una narrativa de culpabilidad sobre las vidas privilegiadas de las personas en un mundo donde otros sufren\u201d.<\/p>\n\n\n\n<p>Oxfeldt lleg\u00f3 a identificarlo, incluso, en libros y pel\u00edculas: \u201cAl observar la literatura, las pel\u00edculas y las series contempor\u00e1neas, descubr\u00ed que el contraste entre el yo feliz o privilegiado y el \u201cotro\u201d sufriente generaba culpa, inquietud, incomodidad o verg\u00fcenza\u201d, explic\u00f3 en di\u00e1logo con @bbc.<\/p>\n","protected":false},"excerpt":{"rendered":"<p>Los noruegos, conocidos por su alto nivel de vida, est\u00e1n lidiando con un sentimiento cada vez m\u00e1s presente: la culpa por su riqueza. Esta sensaci\u00f3n, que algunos han llamado \u201cescandiculpa\u201d, surge de la comparaci\u00f3n entre su bienestar y las dificultades que enfrentan otras partes del mundo, especialmente aquellas que se ven afectadas por las acciones [&hellip;]<\/p>\n","protected":false},"author":4,"featured_media":16723,"comment_status":"closed","ping_status":"closed","sticky":false,"template":"","format":"standard","meta":{"footnotes":""},"categories":[38],"tags":[3688,1461,1846,3127,2559,3689,1107],"class_list":{"0":"post-16721","1":"post","2":"type-post","3":"status-publish","4":"format-standard","5":"has-post-thumbnail","7":"category-actualidad","8":"tag-culpa","9":"tag-noruega","10":"tag-pobre","11":"tag-rico","12":"tag-riqueza","13":"tag-sentimiento","14":"tag-vida"},"yoast_head":"<!-- This site is optimized with the Yoast SEO plugin v27.5 - https:\/\/yoast.com\/product\/yoast-seo-wordpress\/ -->\n<title>Los noruegos se sienten culpables por ser rico - Sergio Lapegue<\/title>\n<meta name=\"robots\" content=\"index, follow, max-snippet:-1, max-image-preview:large, max-video-preview:-1\" \/>\n<link rel=\"canonical\" href=\"https:\/\/sergiolapegue.com\/site\/2024\/08\/09\/los-noruegos-se-sienten-culpables-por-ser-rico\/\" \/>\n<meta property=\"og:locale\" content=\"es_ES\" \/>\n<meta property=\"og:type\" content=\"article\" \/>\n<meta property=\"og:title\" content=\"Los noruegos se sienten culpables por ser rico - Sergio Lapegue\" \/>\n<meta property=\"og:description\" content=\"Los noruegos, conocidos por su alto nivel de vida, est\u00e1n lidiando con un sentimiento cada vez m\u00e1s presente: la culpa por su riqueza. Esta sensaci\u00f3n, que algunos han llamado \u201cescandiculpa\u201d, surge de la comparaci\u00f3n entre su bienestar y las dificultades que enfrentan otras partes del mundo, especialmente aquellas que se ven afectadas por las acciones [&hellip;]\" \/>\n<meta property=\"og:url\" content=\"https:\/\/sergiolapegue.com\/site\/2024\/08\/09\/los-noruegos-se-sienten-culpables-por-ser-rico\/\" \/>\n<meta property=\"og:site_name\" content=\"Sergio Lapegue\" \/>\n<meta property=\"article:publisher\" content=\"https:\/\/facebook.com\/sergiolapegue\" \/>\n<meta property=\"article:published_time\" content=\"2024-08-09T12:23:00+00:00\" \/>\n<meta property=\"og:image\" content=\"https:\/\/sergiolapegue.com\/site\/wp-content\/uploads\/2024\/08\/noruega01.jpg\" \/>\n\t<meta property=\"og:image:width\" content=\"980\" \/>\n\t<meta property=\"og:image:height\" content=\"653\" \/>\n\t<meta property=\"og:image:type\" content=\"image\/jpeg\" \/>\n<meta name=\"author\" content=\"Leonardo Monta\u00f1a\" \/>\n<meta name=\"twitter:card\" content=\"summary_large_image\" \/>\n<meta name=\"twitter:creator\" content=\"@https:\/\/twitter.com\/soytoto81\" \/>\n<meta name=\"twitter:site\" content=\"@sergiolapegue\" \/>\n<meta name=\"twitter:label1\" content=\"Escrito por\" \/>\n\t<meta name=\"twitter:data1\" content=\"Leonardo Monta\u00f1a\" \/>\n\t<meta name=\"twitter:label2\" content=\"Tiempo de lectura\" \/>\n\t<meta name=\"twitter:data2\" content=\"2 minutos\" \/>\n<script type=\"application\/ld+json\" class=\"yoast-schema-graph\">{\"@context\":\"https:\\\/\\\/schema.org\",\"@graph\":[{\"@type\":\"Article\",\"@id\":\"https:\\\/\\\/sergiolapegue.com\\\/site\\\/2024\\\/08\\\/09\\\/los-noruegos-se-sienten-culpables-por-ser-rico\\\/#article\",\"isPartOf\":{\"@id\":\"https:\\\/\\\/sergiolapegue.com\\\/site\\\/2024\\\/08\\\/09\\\/los-noruegos-se-sienten-culpables-por-ser-rico\\\/\"},\"author\":{\"name\":\"Leonardo Monta\u00f1a\",\"@id\":\"https:\\\/\\\/sergiolapegue.com\\\/site\\\/#\\\/schema\\\/person\\\/00adf937d010c7f79a180dc4916a40e0\"},\"headline\":\"Los noruegos se sienten culpables por ser rico\",\"datePublished\":\"2024-08-09T12:23:00+00:00\",\"mainEntityOfPage\":{\"@id\":\"https:\\\/\\\/sergiolapegue.com\\\/site\\\/2024\\\/08\\\/09\\\/los-noruegos-se-sienten-culpables-por-ser-rico\\\/\"},\"wordCount\":238,\"publisher\":{\"@id\":\"https:\\\/\\\/sergiolapegue.com\\\/site\\\/#\\\/schema\\\/person\\\/083aeceeb0734cd166779ea6c0551a37\"},\"image\":{\"@id\":\"https:\\\/\\\/sergiolapegue.com\\\/site\\\/2024\\\/08\\\/09\\\/los-noruegos-se-sienten-culpables-por-ser-rico\\\/#primaryimage\"},\"thumbnailUrl\":\"https:\\\/\\\/sergiolapegue.com\\\/site\\\/wp-content\\\/uploads\\\/2024\\\/08\\\/noruega01.jpg\",\"keywords\":[\"culpa\",\"noruega\",\"pobre\",\"rico\",\"riqueza\",\"sentimiento\",\"vida\"],\"articleSection\":[\"Actualidad\"],\"inLanguage\":\"es-AR\"},{\"@type\":\"WebPage\",\"@id\":\"https:\\\/\\\/sergiolapegue.com\\\/site\\\/2024\\\/08\\\/09\\\/los-noruegos-se-sienten-culpables-por-ser-rico\\\/\",\"url\":\"https:\\\/\\\/sergiolapegue.com\\\/site\\\/2024\\\/08\\\/09\\\/los-noruegos-se-sienten-culpables-por-ser-rico\\\/\",\"name\":\"Los noruegos se sienten culpables por ser rico - Sergio Lapegue\",\"isPartOf\":{\"@id\":\"https:\\\/\\\/sergiolapegue.com\\\/site\\\/#website\"},\"primaryImageOfPage\":{\"@id\":\"https:\\\/\\\/sergiolapegue.com\\\/site\\\/2024\\\/08\\\/09\\\/los-noruegos-se-sienten-culpables-por-ser-rico\\\/#primaryimage\"},\"image\":{\"@id\":\"https:\\\/\\\/sergiolapegue.com\\\/site\\\/2024\\\/08\\\/09\\\/los-noruegos-se-sienten-culpables-por-ser-rico\\\/#primaryimage\"},\"thumbnailUrl\":\"https:\\\/\\\/sergiolapegue.com\\\/site\\\/wp-content\\\/uploads\\\/2024\\\/08\\\/noruega01.jpg\",\"datePublished\":\"2024-08-09T12:23:00+00:00\",\"breadcrumb\":{\"@id\":\"https:\\\/\\\/sergiolapegue.com\\\/site\\\/2024\\\/08\\\/09\\\/los-noruegos-se-sienten-culpables-por-ser-rico\\\/#breadcrumb\"},\"inLanguage\":\"es-AR\",\"potentialAction\":[{\"@type\":\"ReadAction\",\"target\":[\"https:\\\/\\\/sergiolapegue.com\\\/site\\\/2024\\\/08\\\/09\\\/los-noruegos-se-sienten-culpables-por-ser-rico\\\/\"]}]},{\"@type\":\"ImageObject\",\"inLanguage\":\"es-AR\",\"@id\":\"https:\\\/\\\/sergiolapegue.com\\\/site\\\/2024\\\/08\\\/09\\\/los-noruegos-se-sienten-culpables-por-ser-rico\\\/#primaryimage\",\"url\":\"https:\\\/\\\/sergiolapegue.com\\\/site\\\/wp-content\\\/uploads\\\/2024\\\/08\\\/noruega01.jpg\",\"contentUrl\":\"https:\\\/\\\/sergiolapegue.com\\\/site\\\/wp-content\\\/uploads\\\/2024\\\/08\\\/noruega01.jpg\",\"width\":980,\"height\":653},{\"@type\":\"BreadcrumbList\",\"@id\":\"https:\\\/\\\/sergiolapegue.com\\\/site\\\/2024\\\/08\\\/09\\\/los-noruegos-se-sienten-culpables-por-ser-rico\\\/#breadcrumb\",\"itemListElement\":[{\"@type\":\"ListItem\",\"position\":1,\"name\":\"Inicio\",\"item\":\"https:\\\/\\\/sergiolapegue.com\\\/site\\\/\"},{\"@type\":\"ListItem\",\"position\":2,\"name\":\"Los noruegos se sienten culpables por ser rico\"}]},{\"@type\":\"WebSite\",\"@id\":\"https:\\\/\\\/sergiolapegue.com\\\/site\\\/#website\",\"url\":\"https:\\\/\\\/sergiolapegue.com\\\/site\\\/\",\"name\":\"Sergio Lapegue\",\"description\":\"Periodista\",\"publisher\":{\"@id\":\"https:\\\/\\\/sergiolapegue.com\\\/site\\\/#\\\/schema\\\/person\\\/083aeceeb0734cd166779ea6c0551a37\"},\"potentialAction\":[{\"@type\":\"SearchAction\",\"target\":{\"@type\":\"EntryPoint\",\"urlTemplate\":\"https:\\\/\\\/sergiolapegue.com\\\/site\\\/?s={search_term_string}\"},\"query-input\":{\"@type\":\"PropertyValueSpecification\",\"valueRequired\":true,\"valueName\":\"search_term_string\"}}],\"inLanguage\":\"es-AR\"},{\"@type\":[\"Person\",\"Organization\"],\"@id\":\"https:\\\/\\\/sergiolapegue.com\\\/site\\\/#\\\/schema\\\/person\\\/083aeceeb0734cd166779ea6c0551a37\",\"name\":\"Sergio Lapegue\",\"image\":{\"@type\":\"ImageObject\",\"inLanguage\":\"es-AR\",\"@id\":\"https:\\\/\\\/sergiolapegue.com\\\/site\\\/wp-content\\\/uploads\\\/2021\\\/04\\\/logo_header-1.png\",\"url\":\"https:\\\/\\\/sergiolapegue.com\\\/site\\\/wp-content\\\/uploads\\\/2021\\\/04\\\/logo_header-1.png\",\"contentUrl\":\"https:\\\/\\\/sergiolapegue.com\\\/site\\\/wp-content\\\/uploads\\\/2021\\\/04\\\/logo_header-1.png\",\"width\":272,\"height\":90,\"caption\":\"Sergio Lapegue\"},\"logo\":{\"@id\":\"https:\\\/\\\/sergiolapegue.com\\\/site\\\/wp-content\\\/uploads\\\/2021\\\/04\\\/logo_header-1.png\"},\"sameAs\":[\"https:\\\/\\\/facebook.com\\\/sergiolapegue\",\"https:\\\/\\\/instagram.com\\\/sergiolapegue\",\"https:\\\/\\\/x.com\\\/https:\\\/\\\/twitter.com\\\/sergiolapegue\"]},{\"@type\":\"Person\",\"@id\":\"https:\\\/\\\/sergiolapegue.com\\\/site\\\/#\\\/schema\\\/person\\\/00adf937d010c7f79a180dc4916a40e0\",\"name\":\"Leonardo Monta\u00f1a\",\"image\":{\"@type\":\"ImageObject\",\"inLanguage\":\"es-AR\",\"@id\":\"https:\\\/\\\/sergiolapegue.com\\\/site\\\/wp-content\\\/uploads\\\/2021\\\/04\\\/sl_avatar_Leonardo-150x150.jpg\",\"url\":\"https:\\\/\\\/sergiolapegue.com\\\/site\\\/wp-content\\\/uploads\\\/2021\\\/04\\\/sl_avatar_Leonardo-150x150.jpg\",\"contentUrl\":\"https:\\\/\\\/sergiolapegue.com\\\/site\\\/wp-content\\\/uploads\\\/2021\\\/04\\\/sl_avatar_Leonardo-150x150.jpg\",\"caption\":\"Leonardo Monta\u00f1a\"},\"sameAs\":[\"https:\\\/\\\/x.com\\\/https:\\\/\\\/twitter.com\\\/soytoto81\"],\"url\":\"https:\\\/\\\/sergiolapegue.com\\\/site\\\/author\\\/leonardo\\\/\"}]}<\/script>\n<!-- \/ Yoast SEO plugin. -->","yoast_head_json":{"title":"Los noruegos se sienten culpables por ser rico - Sergio Lapegue","robots":{"index":"index","follow":"follow","max-snippet":"max-snippet:-1","max-image-preview":"max-image-preview:large","max-video-preview":"max-video-preview:-1"},"canonical":"https:\/\/sergiolapegue.com\/site\/2024\/08\/09\/los-noruegos-se-sienten-culpables-por-ser-rico\/","og_locale":"es_ES","og_type":"article","og_title":"Los noruegos se sienten culpables por ser rico - Sergio Lapegue","og_description":"Los noruegos, conocidos por su alto nivel de vida, est\u00e1n lidiando con un sentimiento cada vez m\u00e1s presente: la culpa por su riqueza. Esta sensaci\u00f3n, que algunos han llamado \u201cescandiculpa\u201d, surge de la comparaci\u00f3n entre su bienestar y las dificultades que enfrentan otras partes del mundo, especialmente aquellas que se ven afectadas por las acciones [&hellip;]","og_url":"https:\/\/sergiolapegue.com\/site\/2024\/08\/09\/los-noruegos-se-sienten-culpables-por-ser-rico\/","og_site_name":"Sergio Lapegue","article_publisher":"https:\/\/facebook.com\/sergiolapegue","article_published_time":"2024-08-09T12:23:00+00:00","og_image":[{"width":980,"height":653,"url":"https:\/\/sergiolapegue.com\/site\/wp-content\/uploads\/2024\/08\/noruega01.jpg","type":"image\/jpeg"}],"author":"Leonardo Monta\u00f1a","twitter_card":"summary_large_image","twitter_creator":"@https:\/\/twitter.com\/soytoto81","twitter_site":"@sergiolapegue","twitter_misc":{"Escrito por":"Leonardo Monta\u00f1a","Tiempo de lectura":"2 minutos"},"schema":{"@context":"https:\/\/schema.org","@graph":[{"@type":"Article","@id":"https:\/\/sergiolapegue.com\/site\/2024\/08\/09\/los-noruegos-se-sienten-culpables-por-ser-rico\/#article","isPartOf":{"@id":"https:\/\/sergiolapegue.com\/site\/2024\/08\/09\/los-noruegos-se-sienten-culpables-por-ser-rico\/"},"author":{"name":"Leonardo Monta\u00f1a","@id":"https:\/\/sergiolapegue.com\/site\/#\/schema\/person\/00adf937d010c7f79a180dc4916a40e0"},"headline":"Los noruegos se sienten culpables por ser rico","datePublished":"2024-08-09T12:23:00+00:00","mainEntityOfPage":{"@id":"https:\/\/sergiolapegue.com\/site\/2024\/08\/09\/los-noruegos-se-sienten-culpables-por-ser-rico\/"},"wordCount":238,"publisher":{"@id":"https:\/\/sergiolapegue.com\/site\/#\/schema\/person\/083aeceeb0734cd166779ea6c0551a37"},"image":{"@id":"https:\/\/sergiolapegue.com\/site\/2024\/08\/09\/los-noruegos-se-sienten-culpables-por-ser-rico\/#primaryimage"},"thumbnailUrl":"https:\/\/sergiolapegue.com\/site\/wp-content\/uploads\/2024\/08\/noruega01.jpg","keywords":["culpa","noruega","pobre","rico","riqueza","sentimiento","vida"],"articleSection":["Actualidad"],"inLanguage":"es-AR"},{"@type":"WebPage","@id":"https:\/\/sergiolapegue.com\/site\/2024\/08\/09\/los-noruegos-se-sienten-culpables-por-ser-rico\/","url":"https:\/\/sergiolapegue.com\/site\/2024\/08\/09\/los-noruegos-se-sienten-culpables-por-ser-rico\/","name":"Los noruegos se sienten culpables por ser rico - Sergio Lapegue","isPartOf":{"@id":"https:\/\/sergiolapegue.com\/site\/#website"},"primaryImageOfPage":{"@id":"https:\/\/sergiolapegue.com\/site\/2024\/08\/09\/los-noruegos-se-sienten-culpables-por-ser-rico\/#primaryimage"},"image":{"@id":"https:\/\/sergiolapegue.com\/site\/2024\/08\/09\/los-noruegos-se-sienten-culpables-por-ser-rico\/#primaryimage"},"thumbnailUrl":"https:\/\/sergiolapegue.com\/site\/wp-content\/uploads\/2024\/08\/noruega01.jpg","datePublished":"2024-08-09T12:23:00+00:00","breadcrumb":{"@id":"https:\/\/sergiolapegue.com\/site\/2024\/08\/09\/los-noruegos-se-sienten-culpables-por-ser-rico\/#breadcrumb"},"inLanguage":"es-AR","potentialAction":[{"@type":"ReadAction","target":["https:\/\/sergiolapegue.com\/site\/2024\/08\/09\/los-noruegos-se-sienten-culpables-por-ser-rico\/"]}]},{"@type":"ImageObject","inLanguage":"es-AR","@id":"https:\/\/sergiolapegue.com\/site\/2024\/08\/09\/los-noruegos-se-sienten-culpables-por-ser-rico\/#primaryimage","url":"https:\/\/sergiolapegue.com\/site\/wp-content\/uploads\/2024\/08\/noruega01.jpg","contentUrl":"https:\/\/sergiolapegue.com\/site\/wp-content\/uploads\/2024\/08\/noruega01.jpg","width":980,"height":653},{"@type":"BreadcrumbList","@id":"https:\/\/sergiolapegue.com\/site\/2024\/08\/09\/los-noruegos-se-sienten-culpables-por-ser-rico\/#breadcrumb","itemListElement":[{"@type":"ListItem","position":1,"name":"Inicio","item":"https:\/\/sergiolapegue.com\/site\/"},{"@type":"ListItem","position":2,"name":"Los noruegos se sienten culpables por ser rico"}]},{"@type":"WebSite","@id":"https:\/\/sergiolapegue.com\/site\/#website","url":"https:\/\/sergiolapegue.com\/site\/","name":"Sergio Lapegue","description":"Periodista","publisher":{"@id":"https:\/\/sergiolapegue.com\/site\/#\/schema\/person\/083aeceeb0734cd166779ea6c0551a37"},"potentialAction":[{"@type":"SearchAction","target":{"@type":"EntryPoint","urlTemplate":"https:\/\/sergiolapegue.com\/site\/?s={search_term_string}"},"query-input":{"@type":"PropertyValueSpecification","valueRequired":true,"valueName":"search_term_string"}}],"inLanguage":"es-AR"},{"@type":["Person","Organization"],"@id":"https:\/\/sergiolapegue.com\/site\/#\/schema\/person\/083aeceeb0734cd166779ea6c0551a37","name":"Sergio Lapegue","image":{"@type":"ImageObject","inLanguage":"es-AR","@id":"https:\/\/sergiolapegue.com\/site\/wp-content\/uploads\/2021\/04\/logo_header-1.png","url":"https:\/\/sergiolapegue.com\/site\/wp-content\/uploads\/2021\/04\/logo_header-1.png","contentUrl":"https:\/\/sergiolapegue.com\/site\/wp-content\/uploads\/2021\/04\/logo_header-1.png","width":272,"height":90,"caption":"Sergio Lapegue"},"logo":{"@id":"https:\/\/sergiolapegue.com\/site\/wp-content\/uploads\/2021\/04\/logo_header-1.png"},"sameAs":["https:\/\/facebook.com\/sergiolapegue","https:\/\/instagram.com\/sergiolapegue","https:\/\/x.com\/https:\/\/twitter.com\/sergiolapegue"]},{"@type":"Person","@id":"https:\/\/sergiolapegue.com\/site\/#\/schema\/person\/00adf937d010c7f79a180dc4916a40e0","name":"Leonardo Monta\u00f1a","image":{"@type":"ImageObject","inLanguage":"es-AR","@id":"https:\/\/sergiolapegue.com\/site\/wp-content\/uploads\/2021\/04\/sl_avatar_Leonardo-150x150.jpg","url":"https:\/\/sergiolapegue.com\/site\/wp-content\/uploads\/2021\/04\/sl_avatar_Leonardo-150x150.jpg","contentUrl":"https:\/\/sergiolapegue.com\/site\/wp-content\/uploads\/2021\/04\/sl_avatar_Leonardo-150x150.jpg","caption":"Leonardo Monta\u00f1a"},"sameAs":["https:\/\/x.com\/https:\/\/twitter.com\/soytoto81"],"url":"https:\/\/sergiolapegue.com\/site\/author\/leonardo\/"}]}},"_links":{"self":[{"href":"https:\/\/sergiolapegue.com\/site\/wp-json\/wp\/v2\/posts\/16721","targetHints":{"allow":["GET"]}}],"collection":[{"href":"https:\/\/sergiolapegue.com\/site\/wp-json\/wp\/v2\/posts"}],"about":[{"href":"https:\/\/sergiolapegue.com\/site\/wp-json\/wp\/v2\/types\/post"}],"author":[{"embeddable":true,"href":"https:\/\/sergiolapegue.com\/site\/wp-json\/wp\/v2\/users\/4"}],"replies":[{"embeddable":true,"href":"https:\/\/sergiolapegue.com\/site\/wp-json\/wp\/v2\/comments?post=16721"}],"version-history":[{"count":1,"href":"https:\/\/sergiolapegue.com\/site\/wp-json\/wp\/v2\/posts\/16721\/revisions"}],"predecessor-version":[{"id":16724,"href":"https:\/\/sergiolapegue.com\/site\/wp-json\/wp\/v2\/posts\/16721\/revisions\/16724"}],"wp:featuredmedia":[{"embeddable":true,"href":"https:\/\/sergiolapegue.com\/site\/wp-json\/wp\/v2\/media\/16723"}],"wp:attachment":[{"href":"https:\/\/sergiolapegue.com\/site\/wp-json\/wp\/v2\/media?parent=16721"}],"wp:term":[{"taxonomy":"category","embeddable":true,"href":"https:\/\/sergiolapegue.com\/site\/wp-json\/wp\/v2\/categories?post=16721"},{"taxonomy":"post_tag","embeddable":true,"href":"https:\/\/sergiolapegue.com\/site\/wp-json\/wp\/v2\/tags?post=16721"}],"curies":[{"name":"wp","href":"https:\/\/api.w.org\/{rel}","templated":true}]}}