{"id":16659,"date":"2024-07-31T01:00:00","date_gmt":"2024-07-31T04:00:00","guid":{"rendered":"https:\/\/sergiolapegue.com\/site\/?p=16659"},"modified":"2024-07-30T01:41:47","modified_gmt":"2024-07-30T04:41:47","slug":"programacion-del-fin-de-semana-teatro-el-popular","status":"publish","type":"post","link":"https:\/\/sergiolapegue.com\/site\/2024\/07\/31\/programacion-del-fin-de-semana-teatro-el-popular\/","title":{"rendered":"PROGRAMACI\u00d3N DEL FIN DE SEMANA TEATRO EL POPULAR"},"content":{"rendered":"\n<p>Les acercamos los estrenos y las obras que siguen en cartel en el Teatro El Popular a partir de este finde semana de agosto.<\/p>\n\n\n\n<p>Las entradas de las mismas se podr\u00e1n obtener en la boleter\u00eda del teatro a trav\u00e9s de Alternativa Teatral, el link se encuentra al final de cada obra presentada.<\/p>\n\n\n\n<p><\/p>\n\n\n\n<figure class=\"wp-block-image size-large\"><img loading=\"lazy\" decoding=\"async\" width=\"1019\" height=\"1024\" src=\"https:\/\/sergiolapegue.com\/site\/wp-content\/uploads\/2024\/07\/Teatro-el-Popular-Los-estados-de-la-cosa-1019x1024.jpeg\" alt=\"\" class=\"wp-image-16660\" srcset=\"https:\/\/sergiolapegue.com\/site\/wp-content\/uploads\/2024\/07\/Teatro-el-Popular-Los-estados-de-la-cosa-1019x1024.jpeg 1019w, https:\/\/sergiolapegue.com\/site\/wp-content\/uploads\/2024\/07\/Teatro-el-Popular-Los-estados-de-la-cosa-300x300.jpeg 300w, https:\/\/sergiolapegue.com\/site\/wp-content\/uploads\/2024\/07\/Teatro-el-Popular-Los-estados-de-la-cosa-150x150.jpeg 150w, https:\/\/sergiolapegue.com\/site\/wp-content\/uploads\/2024\/07\/Teatro-el-Popular-Los-estados-de-la-cosa-768x771.jpeg 768w, https:\/\/sergiolapegue.com\/site\/wp-content\/uploads\/2024\/07\/Teatro-el-Popular-Los-estados-de-la-cosa-418x420.jpeg 418w, https:\/\/sergiolapegue.com\/site\/wp-content\/uploads\/2024\/07\/Teatro-el-Popular-Los-estados-de-la-cosa-696x699.jpeg 696w, https:\/\/sergiolapegue.com\/site\/wp-content\/uploads\/2024\/07\/Teatro-el-Popular-Los-estados-de-la-cosa-1068x1073.jpeg 1068w, https:\/\/sergiolapegue.com\/site\/wp-content\/uploads\/2024\/07\/Teatro-el-Popular-Los-estados-de-la-cosa.jpeg 1328w\" sizes=\"auto, (max-width: 1019px) 100vw, 1019px\" \/><\/figure>\n\n\n\n<p><strong>\u00a1\u00a1\u00a1ESTRENO!!! &#8220;LOS ESTADOS DE LA COSA&#8221;<\/strong><\/p>\n\n\n\n<p><strong>Viernes 2 de agosto \u2013 20 :30 horas.<\/strong><\/p>\n\n\n\n<p>Un hijo que se transforma en obra, su muerte abre y despierta lugares donde su padre y madre conviven con sus contradicciones, inconciencias y sue\u00f1os.<br>Una tragedia que dobla las rodillas y un salto a seguir, propulsado por lo inquietante.<br>La obra toma tintes de atemporalidad viajando con perturbaciones, certezas, indecisiones.<br>B\u00fasquedas y alegr\u00edas; denunciando como se cubre lo sucio del paisaje social, pidiendo parteras para estar acompa\u00f1ados al nacer.<\/p>\n\n\n\n<p>La mujer y su vientre como camino final de lo pr\u00f3ximo vital.<\/p>\n\n\n\n<p>Las historias de vida en un \u00edntimo conjunto de sentidos dan a luz mellizos para proteger el pasado tr\u00e1gico.<\/p>\n\n\n\n<p><strong>Autor\u00eda:<\/strong>&nbsp;Mariano Menichelli<\/p>\n\n\n\n<p><strong>Act\u00faan:<\/strong>&nbsp;Lorena Del Lujan Mendoza \u2013 Mariano Menichelli \u2013 Mercedes Oviedo<\/p>\n\n\n\n<p><strong>Vestuario:<\/strong>&nbsp;Myriam Dom\u00ednguez Arg\u00fcello<\/p>\n\n\n\n<p><strong>Escenograf\u00eda:<\/strong>&nbsp;Guillermo Bechthold \u2013 Mariano Menichelli<\/p>\n\n\n\n<p><strong>Iluminaci\u00f3n:<\/strong>&nbsp;Iv\u00e1n Domnanovich<\/p>\n\n\n\n<p><strong>M\u00fasica:<\/strong>&nbsp;Carlos Quiroga<\/p>\n\n\n\n<p><strong>Sonido:<\/strong>&nbsp;Sebasti\u00e1n Ariola<\/p>\n\n\n\n<p><strong>Artista pl\u00e1stico:<\/strong>&nbsp;Mara Admella<\/p>\n\n\n\n<p><strong>Fotograf\u00eda:<\/strong>&nbsp;Iv\u00e1n Domnanovich<\/p>\n\n\n\n<p><strong>Direcci\u00f3n:<\/strong>&nbsp;Guillermo Bechthold<\/p>\n\n\n\n<p><strong>Entradas:<\/strong>&nbsp;<a href=\"http:\/\/www.alternativateatral.com\/obra89417-los-estados-de-la-cosa\" target=\"_blank\" rel=\"noreferrer noopener\">http:\/\/www.alternativateatral.com\/obra89417-los-estados-de-la-cosa<\/a><\/p>\n\n\n\n<figure class=\"wp-block-image size-large\"><img loading=\"lazy\" decoding=\"async\" width=\"1024\" height=\"1024\" src=\"https:\/\/sergiolapegue.com\/site\/wp-content\/uploads\/2024\/07\/Teatro-el-Popular-Rufina-levanta-vuelo-1024x1024.jpg\" alt=\"\" class=\"wp-image-16661\" srcset=\"https:\/\/sergiolapegue.com\/site\/wp-content\/uploads\/2024\/07\/Teatro-el-Popular-Rufina-levanta-vuelo-1024x1024.jpg 1024w, https:\/\/sergiolapegue.com\/site\/wp-content\/uploads\/2024\/07\/Teatro-el-Popular-Rufina-levanta-vuelo-300x300.jpg 300w, https:\/\/sergiolapegue.com\/site\/wp-content\/uploads\/2024\/07\/Teatro-el-Popular-Rufina-levanta-vuelo-150x150.jpg 150w, https:\/\/sergiolapegue.com\/site\/wp-content\/uploads\/2024\/07\/Teatro-el-Popular-Rufina-levanta-vuelo-768x768.jpg 768w, https:\/\/sergiolapegue.com\/site\/wp-content\/uploads\/2024\/07\/Teatro-el-Popular-Rufina-levanta-vuelo-420x420.jpg 420w, https:\/\/sergiolapegue.com\/site\/wp-content\/uploads\/2024\/07\/Teatro-el-Popular-Rufina-levanta-vuelo-696x696.jpg 696w, https:\/\/sergiolapegue.com\/site\/wp-content\/uploads\/2024\/07\/Teatro-el-Popular-Rufina-levanta-vuelo-1068x1068.jpg 1068w, https:\/\/sergiolapegue.com\/site\/wp-content\/uploads\/2024\/07\/Teatro-el-Popular-Rufina-levanta-vuelo.jpg 1080w\" sizes=\"auto, (max-width: 1024px) 100vw, 1024px\" \/><\/figure>\n\n\n\n<p><strong>\u00a1\u00a1\u00a1ESTRENO!!! &#8220;RUFINA LEVANTA VUELO&#8221;<\/strong><\/p>\n\n\n\n<p><strong>S\u00e1bado 3 de agosto \u2013 20:30 horas.<\/strong><\/p>\n\n\n\n<p>&#8220;Rufina Levanta Vuelo&#8221; revive el mito de Rufina Cambaceres, atrapada en un mausoleo con su madre, mientras \u00e1ngeles del cielo intentan liberarla para unas vacaciones. Una obra llena de drama y humor celestial.<\/p>\n\n\n\n<p><strong>Dramaturgia:&nbsp;<\/strong>Rub\u00e9n Ram\u00edrez<\/p>\n\n\n\n<p><strong>Act\u00faan:<\/strong>&nbsp;Atilio Farina \u2013 Nicolas Martuccio \u2013 Zaida Mazzitelli \u2013 Alicia Naya \u2013 Clara Su\u00e1rez<br><strong>Dise\u00f1o de escenograf\u00eda:&nbsp;<\/strong>H\u00e9ctor Calmet<\/p>\n\n\n\n<p><strong>Asistencia general:<\/strong>&nbsp;Lorena Lemos<\/p>\n\n\n\n<p><strong>Prensa:<\/strong>&nbsp;Tehagolaprensa<br><strong>Producci\u00f3n ejecutiva:<\/strong>&nbsp;Ver\u00f3nica Parre\u00f1o<\/p>\n\n\n\n<p><strong>Direcci\u00f3n:&nbsp;<\/strong>Rub\u00e9n Ram\u00edrez<\/p>\n\n\n\n<p><strong>Entradas:<\/strong>&nbsp;<a href=\"http:\/\/www.alternativateatral.com\/obra90723-rufina-levanta-vuelo\" target=\"_blank\" rel=\"noreferrer noopener\">http:\/\/www.alternativateatral.com\/obra90723-rufina-levanta-vuelo<\/a><\/p>\n\n\n\n<figure class=\"wp-block-image size-full\"><img loading=\"lazy\" decoding=\"async\" width=\"720\" height=\"720\" src=\"https:\/\/sergiolapegue.com\/site\/wp-content\/uploads\/2024\/07\/Teatro-el-Popular-Gentrificadxs.jpg\" alt=\"\" class=\"wp-image-16662\" srcset=\"https:\/\/sergiolapegue.com\/site\/wp-content\/uploads\/2024\/07\/Teatro-el-Popular-Gentrificadxs.jpg 720w, https:\/\/sergiolapegue.com\/site\/wp-content\/uploads\/2024\/07\/Teatro-el-Popular-Gentrificadxs-300x300.jpg 300w, https:\/\/sergiolapegue.com\/site\/wp-content\/uploads\/2024\/07\/Teatro-el-Popular-Gentrificadxs-150x150.jpg 150w, https:\/\/sergiolapegue.com\/site\/wp-content\/uploads\/2024\/07\/Teatro-el-Popular-Gentrificadxs-420x420.jpg 420w, https:\/\/sergiolapegue.com\/site\/wp-content\/uploads\/2024\/07\/Teatro-el-Popular-Gentrificadxs-696x696.jpg 696w\" sizes=\"auto, (max-width: 720px) 100vw, 720px\" \/><\/figure>\n\n\n\n<p><strong>\u00a1\u00a1\u00a1VUELVE &#8220;GENTRIFICADXS&#8221;!!! Obra de recorrido por las calles de Balvanera. Una propuesta de la Compa\u00f1\u00eda de Funciones Patri\u00f3ticas<\/strong><\/p>\n\n\n\n<p><strong>Domingos de agosto \u2013 16:30 horas.<\/strong><\/p>\n\n\n\n<p>La gentrificaci\u00f3n es una de las formas de colonialismo del siglo XXI. Es un proceso de \u201crenovaci\u00f3n urbana\u201d por el cual las clases altas y medias (aunque las medias est\u00e1n cada vez m\u00e1s bajas) desplazan a los habitantes pobres de sus barrios. No sucede \u00fanicamente en un espacio. Tiene efectos concretos sobre las personas. En esta ciudad, estamos siendo gentrificadxs desde hace tiempo.<\/p>\n\n\n\n<p><strong>Performer y director:<\/strong> Mart\u00edn Seijo<\/p>\n\n\n\n<p><strong>Producci\u00f3n:<\/strong> Compa\u00f1\u00eda de Funciones Patri\u00f3ticas&nbsp;&nbsp;<\/p>\n\n\n\n<p>\u00a1Cupos limitados! Se suspende por lluvia. Punto de encuentro y de salida: Teatro El Popular, Chile 2080, CABA<\/p>\n\n\n\n<p><strong>Entradas:&nbsp;<\/strong><a href=\"http:\/\/www.alternativateatral.com\/obra89802-gentrificadxs\" target=\"_blank\" rel=\"noreferrer noopener\">http:\/\/www.alternativateatral.com\/obra89802-gentrificadxs<\/a><\/p>\n\n\n\n<figure class=\"wp-block-image size-full\"><img loading=\"lazy\" decoding=\"async\" width=\"720\" height=\"900\" src=\"https:\/\/sergiolapegue.com\/site\/wp-content\/uploads\/2024\/07\/Teatro-el-Popular-Marathon.jpeg\" alt=\"\" class=\"wp-image-16663\" srcset=\"https:\/\/sergiolapegue.com\/site\/wp-content\/uploads\/2024\/07\/Teatro-el-Popular-Marathon.jpeg 720w, https:\/\/sergiolapegue.com\/site\/wp-content\/uploads\/2024\/07\/Teatro-el-Popular-Marathon-240x300.jpeg 240w, https:\/\/sergiolapegue.com\/site\/wp-content\/uploads\/2024\/07\/Teatro-el-Popular-Marathon-336x420.jpeg 336w, https:\/\/sergiolapegue.com\/site\/wp-content\/uploads\/2024\/07\/Teatro-el-Popular-Marathon-696x870.jpeg 696w\" sizes=\"auto, (max-width: 720px) 100vw, 720px\" \/><\/figure>\n\n\n\n<p><strong>Compa\u00f1\u00eda Teatral &#8220;En las nubes&#8221; presenta: MARATHON&#8230;Si no fuera rid\u00edculo, esto ser\u00eda una tragedia de Ricardo Monti<\/strong><\/p>\n\n\n\n<p><strong>Domingos de agosto \u2013 20:30 horas.&nbsp;<\/strong><\/p>\n\n\n\n<p>Buenos Aires, d\u00e9cada del 30. Tango y Crisis.<\/p>\n\n\n\n<p>Cinco parejas llevan horas (tal vez d\u00edas) participando de un concurso de baile, que promete un premio desconocido, bailan hasta desfallecer. Un animador y un guardaespaldas que sostienen la maquinaria infrahumana a la que los participantes se sometieron por voluntad propia, y una mujer misteriosa que llega a medianoche generando confusi\u00f3n.<\/p>\n\n\n\n<p>Este es el escenario de lo que podr\u00eda ser una tragedia, si no fuesen tan rid\u00edculas sus circunstancias.<\/p>\n\n\n\n<p><strong>Act\u00faan:&nbsp;<\/strong>Benjam\u00edn De Vedia \u2013 Chano Itzcovich \u2013 Agust\u00edn Malec \u2013 Felipe Mariuzzi Szekely \u2013 Milo Messina \u2013 Milagros Mocellini \u2013 Ciro Pomposiello \u2013 Delfina Rey \u2013 Camilo S\u00e1nchez Nistal \u2013 Camila Truyol \u2013 Luc\u00eda Tucci Gim\u00e9nez \u2013 Ione Marina Ull\u00faa \u2013 Paloma Urquiza.<\/p>\n\n\n\n<p><strong>Direcci\u00f3n:&nbsp;<\/strong>Cinthia Demarco<\/p>\n\n\n\n<p><strong>Entradas:&nbsp;<\/strong><a href=\"https:\/\/www.alternativateatral.com\/obra86248-marathon-si-no-fuera-ridiculo-esto-seria-una-tragedia\" target=\"_blank\" rel=\"noreferrer noopener\">https:\/\/www.alternativateatral.com\/obra86248-marathon-si-no-fuera-ridiculo-esto-seria-una-tragedia<\/a><\/p>\n\n\n\n<figure class=\"wp-block-image size-full\"><img loading=\"lazy\" decoding=\"async\" width=\"352\" height=\"268\" src=\"https:\/\/sergiolapegue.com\/site\/wp-content\/uploads\/2024\/07\/Teatro-El-Popular.jpeg\" alt=\"\" class=\"wp-image-16664\" srcset=\"https:\/\/sergiolapegue.com\/site\/wp-content\/uploads\/2024\/07\/Teatro-El-Popular.jpeg 352w, https:\/\/sergiolapegue.com\/site\/wp-content\/uploads\/2024\/07\/Teatro-El-Popular-300x228.jpeg 300w, https:\/\/sergiolapegue.com\/site\/wp-content\/uploads\/2024\/07\/Teatro-El-Popular-80x60.jpeg 80w\" sizes=\"auto, (max-width: 352px) 100vw, 352px\" \/><\/figure>\n\n\n\n<p><strong>TEATRO EL POPULAR<\/strong><\/p>\n\n\n\n<p>Chile 2080 \u2013 Capital Federal \u2013 Buenos Aires \u2013 Argentina<\/p>\n\n\n\n<p>Gracias Maril\u00fa Diz por enviarnos la gacetilla de prensa con toda la informaci\u00f3n de los espect\u00e1culos que contin\u00faan y se estrenan en agosto.<\/p>\n\n\n\n<p><\/p>\n","protected":false},"excerpt":{"rendered":"<p>Les acercamos los estrenos y las obras que siguen en cartel en el Teatro El Popular a partir de este finde semana de agosto. Las entradas de las mismas se podr\u00e1n obtener en la boleter\u00eda del teatro a trav\u00e9s de Alternativa Teatral, el link se encuentra al final de cada obra presentada. \u00a1\u00a1\u00a1ESTRENO!!! &#8220;LOS ESTADOS [&hellip;]<\/p>\n","protected":false},"author":3,"featured_media":16664,"comment_status":"open","ping_status":"closed","sticky":false,"template":"","format":"standard","meta":{"footnotes":""},"categories":[34,35],"tags":[],"class_list":{"0":"post-16659","1":"post","2":"type-post","3":"status-publish","4":"format-standard","5":"has-post-thumbnail","7":"category-arte","8":"category-teatro"},"yoast_head":"<!-- This site is optimized with the Yoast SEO plugin v27.5 - https:\/\/yoast.com\/product\/yoast-seo-wordpress\/ -->\n<title>PROGRAMACI\u00d3N DEL FIN DE SEMANA TEATRO EL POPULAR - Sergio Lapegue<\/title>\n<meta name=\"robots\" content=\"index, follow, max-snippet:-1, max-image-preview:large, max-video-preview:-1\" \/>\n<link rel=\"canonical\" href=\"https:\/\/sergiolapegue.com\/site\/2024\/07\/31\/programacion-del-fin-de-semana-teatro-el-popular\/\" \/>\n<meta property=\"og:locale\" content=\"es_ES\" \/>\n<meta property=\"og:type\" content=\"article\" \/>\n<meta property=\"og:title\" content=\"PROGRAMACI\u00d3N DEL FIN DE SEMANA TEATRO EL POPULAR - Sergio Lapegue\" \/>\n<meta property=\"og:description\" content=\"Les acercamos los estrenos y las obras que siguen en cartel en el Teatro El Popular a partir de este finde semana de agosto. Las entradas de las mismas se podr\u00e1n obtener en la boleter\u00eda del teatro a trav\u00e9s de Alternativa Teatral, el link se encuentra al final de cada obra presentada. \u00a1\u00a1\u00a1ESTRENO!!! &#8220;LOS ESTADOS [&hellip;]\" \/>\n<meta property=\"og:url\" content=\"https:\/\/sergiolapegue.com\/site\/2024\/07\/31\/programacion-del-fin-de-semana-teatro-el-popular\/\" \/>\n<meta property=\"og:site_name\" content=\"Sergio Lapegue\" \/>\n<meta property=\"article:publisher\" content=\"https:\/\/facebook.com\/sergiolapegue\" \/>\n<meta property=\"article:author\" content=\"https:\/\/facebook.com\/danielernesto.montana\" \/>\n<meta property=\"article:published_time\" content=\"2024-07-31T04:00:00+00:00\" \/>\n<meta property=\"og:image\" content=\"https:\/\/sergiolapegue.com\/site\/wp-content\/uploads\/2024\/07\/Teatro-El-Popular.jpeg\" \/>\n\t<meta property=\"og:image:width\" content=\"352\" \/>\n\t<meta property=\"og:image:height\" content=\"268\" \/>\n\t<meta property=\"og:image:type\" content=\"image\/jpeg\" \/>\n<meta name=\"author\" content=\"Daniel E. Monta\u00f1a\" \/>\n<meta name=\"twitter:card\" content=\"summary_large_image\" \/>\n<meta name=\"twitter:creator\" content=\"@https:\/\/twitter.com\/daner_004\" \/>\n<meta name=\"twitter:site\" content=\"@sergiolapegue\" \/>\n<meta name=\"twitter:label1\" content=\"Escrito por\" \/>\n\t<meta name=\"twitter:data1\" content=\"Daniel E. Monta\u00f1a\" \/>\n\t<meta name=\"twitter:label2\" content=\"Tiempo de lectura\" \/>\n\t<meta name=\"twitter:data2\" content=\"4 minutos\" \/>\n<script type=\"application\/ld+json\" class=\"yoast-schema-graph\">{\"@context\":\"https:\\\/\\\/schema.org\",\"@graph\":[{\"@type\":\"Article\",\"@id\":\"https:\\\/\\\/sergiolapegue.com\\\/site\\\/2024\\\/07\\\/31\\\/programacion-del-fin-de-semana-teatro-el-popular\\\/#article\",\"isPartOf\":{\"@id\":\"https:\\\/\\\/sergiolapegue.com\\\/site\\\/2024\\\/07\\\/31\\\/programacion-del-fin-de-semana-teatro-el-popular\\\/\"},\"author\":{\"name\":\"Daniel E. Monta\u00f1a\",\"@id\":\"https:\\\/\\\/sergiolapegue.com\\\/site\\\/#\\\/schema\\\/person\\\/9198e7dbab43c6d74d0fd5399af7c3cd\"},\"headline\":\"PROGRAMACI\u00d3N DEL FIN DE SEMANA TEATRO EL POPULAR\",\"datePublished\":\"2024-07-31T04:00:00+00:00\",\"mainEntityOfPage\":{\"@id\":\"https:\\\/\\\/sergiolapegue.com\\\/site\\\/2024\\\/07\\\/31\\\/programacion-del-fin-de-semana-teatro-el-popular\\\/\"},\"wordCount\":681,\"commentCount\":0,\"publisher\":{\"@id\":\"https:\\\/\\\/sergiolapegue.com\\\/site\\\/#\\\/schema\\\/person\\\/083aeceeb0734cd166779ea6c0551a37\"},\"image\":{\"@id\":\"https:\\\/\\\/sergiolapegue.com\\\/site\\\/2024\\\/07\\\/31\\\/programacion-del-fin-de-semana-teatro-el-popular\\\/#primaryimage\"},\"thumbnailUrl\":\"https:\\\/\\\/sergiolapegue.com\\\/site\\\/wp-content\\\/uploads\\\/2024\\\/07\\\/Teatro-El-Popular.jpeg\",\"articleSection\":[\"Arte\",\"Teatro\"],\"inLanguage\":\"es-AR\",\"potentialAction\":[{\"@type\":\"CommentAction\",\"name\":\"Comment\",\"target\":[\"https:\\\/\\\/sergiolapegue.com\\\/site\\\/2024\\\/07\\\/31\\\/programacion-del-fin-de-semana-teatro-el-popular\\\/#respond\"]}]},{\"@type\":\"WebPage\",\"@id\":\"https:\\\/\\\/sergiolapegue.com\\\/site\\\/2024\\\/07\\\/31\\\/programacion-del-fin-de-semana-teatro-el-popular\\\/\",\"url\":\"https:\\\/\\\/sergiolapegue.com\\\/site\\\/2024\\\/07\\\/31\\\/programacion-del-fin-de-semana-teatro-el-popular\\\/\",\"name\":\"PROGRAMACI\u00d3N DEL FIN DE SEMANA TEATRO EL POPULAR - Sergio Lapegue\",\"isPartOf\":{\"@id\":\"https:\\\/\\\/sergiolapegue.com\\\/site\\\/#website\"},\"primaryImageOfPage\":{\"@id\":\"https:\\\/\\\/sergiolapegue.com\\\/site\\\/2024\\\/07\\\/31\\\/programacion-del-fin-de-semana-teatro-el-popular\\\/#primaryimage\"},\"image\":{\"@id\":\"https:\\\/\\\/sergiolapegue.com\\\/site\\\/2024\\\/07\\\/31\\\/programacion-del-fin-de-semana-teatro-el-popular\\\/#primaryimage\"},\"thumbnailUrl\":\"https:\\\/\\\/sergiolapegue.com\\\/site\\\/wp-content\\\/uploads\\\/2024\\\/07\\\/Teatro-El-Popular.jpeg\",\"datePublished\":\"2024-07-31T04:00:00+00:00\",\"breadcrumb\":{\"@id\":\"https:\\\/\\\/sergiolapegue.com\\\/site\\\/2024\\\/07\\\/31\\\/programacion-del-fin-de-semana-teatro-el-popular\\\/#breadcrumb\"},\"inLanguage\":\"es-AR\",\"potentialAction\":[{\"@type\":\"ReadAction\",\"target\":[\"https:\\\/\\\/sergiolapegue.com\\\/site\\\/2024\\\/07\\\/31\\\/programacion-del-fin-de-semana-teatro-el-popular\\\/\"]}]},{\"@type\":\"ImageObject\",\"inLanguage\":\"es-AR\",\"@id\":\"https:\\\/\\\/sergiolapegue.com\\\/site\\\/2024\\\/07\\\/31\\\/programacion-del-fin-de-semana-teatro-el-popular\\\/#primaryimage\",\"url\":\"https:\\\/\\\/sergiolapegue.com\\\/site\\\/wp-content\\\/uploads\\\/2024\\\/07\\\/Teatro-El-Popular.jpeg\",\"contentUrl\":\"https:\\\/\\\/sergiolapegue.com\\\/site\\\/wp-content\\\/uploads\\\/2024\\\/07\\\/Teatro-El-Popular.jpeg\",\"width\":352,\"height\":268},{\"@type\":\"BreadcrumbList\",\"@id\":\"https:\\\/\\\/sergiolapegue.com\\\/site\\\/2024\\\/07\\\/31\\\/programacion-del-fin-de-semana-teatro-el-popular\\\/#breadcrumb\",\"itemListElement\":[{\"@type\":\"ListItem\",\"position\":1,\"name\":\"Inicio\",\"item\":\"https:\\\/\\\/sergiolapegue.com\\\/site\\\/\"},{\"@type\":\"ListItem\",\"position\":2,\"name\":\"PROGRAMACI\u00d3N DEL FIN DE SEMANA TEATRO EL POPULAR\"}]},{\"@type\":\"WebSite\",\"@id\":\"https:\\\/\\\/sergiolapegue.com\\\/site\\\/#website\",\"url\":\"https:\\\/\\\/sergiolapegue.com\\\/site\\\/\",\"name\":\"Sergio Lapegue\",\"description\":\"Periodista\",\"publisher\":{\"@id\":\"https:\\\/\\\/sergiolapegue.com\\\/site\\\/#\\\/schema\\\/person\\\/083aeceeb0734cd166779ea6c0551a37\"},\"potentialAction\":[{\"@type\":\"SearchAction\",\"target\":{\"@type\":\"EntryPoint\",\"urlTemplate\":\"https:\\\/\\\/sergiolapegue.com\\\/site\\\/?s={search_term_string}\"},\"query-input\":{\"@type\":\"PropertyValueSpecification\",\"valueRequired\":true,\"valueName\":\"search_term_string\"}}],\"inLanguage\":\"es-AR\"},{\"@type\":[\"Person\",\"Organization\"],\"@id\":\"https:\\\/\\\/sergiolapegue.com\\\/site\\\/#\\\/schema\\\/person\\\/083aeceeb0734cd166779ea6c0551a37\",\"name\":\"Sergio Lapegue\",\"image\":{\"@type\":\"ImageObject\",\"inLanguage\":\"es-AR\",\"@id\":\"https:\\\/\\\/sergiolapegue.com\\\/site\\\/wp-content\\\/uploads\\\/2021\\\/04\\\/logo_header-1.png\",\"url\":\"https:\\\/\\\/sergiolapegue.com\\\/site\\\/wp-content\\\/uploads\\\/2021\\\/04\\\/logo_header-1.png\",\"contentUrl\":\"https:\\\/\\\/sergiolapegue.com\\\/site\\\/wp-content\\\/uploads\\\/2021\\\/04\\\/logo_header-1.png\",\"width\":272,\"height\":90,\"caption\":\"Sergio Lapegue\"},\"logo\":{\"@id\":\"https:\\\/\\\/sergiolapegue.com\\\/site\\\/wp-content\\\/uploads\\\/2021\\\/04\\\/logo_header-1.png\"},\"sameAs\":[\"https:\\\/\\\/facebook.com\\\/sergiolapegue\",\"https:\\\/\\\/instagram.com\\\/sergiolapegue\",\"https:\\\/\\\/x.com\\\/https:\\\/\\\/twitter.com\\\/sergiolapegue\"]},{\"@type\":\"Person\",\"@id\":\"https:\\\/\\\/sergiolapegue.com\\\/site\\\/#\\\/schema\\\/person\\\/9198e7dbab43c6d74d0fd5399af7c3cd\",\"name\":\"Daniel E. Monta\u00f1a\",\"image\":{\"@type\":\"ImageObject\",\"inLanguage\":\"es-AR\",\"@id\":\"https:\\\/\\\/sergiolapegue.com\\\/site\\\/wp-content\\\/uploads\\\/2021\\\/04\\\/sl_avatar_Daniel-150x150.jpg\",\"url\":\"https:\\\/\\\/sergiolapegue.com\\\/site\\\/wp-content\\\/uploads\\\/2021\\\/04\\\/sl_avatar_Daniel-150x150.jpg\",\"contentUrl\":\"https:\\\/\\\/sergiolapegue.com\\\/site\\\/wp-content\\\/uploads\\\/2021\\\/04\\\/sl_avatar_Daniel-150x150.jpg\",\"caption\":\"Daniel E. Monta\u00f1a\"},\"sameAs\":[\"https:\\\/\\\/facebook.com\\\/danielernesto.montana\",\"https:\\\/\\\/instagram.com\\\/daniel_montana1961\",\"https:\\\/\\\/x.com\\\/https:\\\/\\\/twitter.com\\\/daner_004\"],\"url\":\"https:\\\/\\\/sergiolapegue.com\\\/site\\\/author\\\/daniel\\\/\"}]}<\/script>\n<!-- \/ Yoast SEO plugin. -->","yoast_head_json":{"title":"PROGRAMACI\u00d3N DEL FIN DE SEMANA TEATRO EL POPULAR - Sergio Lapegue","robots":{"index":"index","follow":"follow","max-snippet":"max-snippet:-1","max-image-preview":"max-image-preview:large","max-video-preview":"max-video-preview:-1"},"canonical":"https:\/\/sergiolapegue.com\/site\/2024\/07\/31\/programacion-del-fin-de-semana-teatro-el-popular\/","og_locale":"es_ES","og_type":"article","og_title":"PROGRAMACI\u00d3N DEL FIN DE SEMANA TEATRO EL POPULAR - Sergio Lapegue","og_description":"Les acercamos los estrenos y las obras que siguen en cartel en el Teatro El Popular a partir de este finde semana de agosto. Las entradas de las mismas se podr\u00e1n obtener en la boleter\u00eda del teatro a trav\u00e9s de Alternativa Teatral, el link se encuentra al final de cada obra presentada. \u00a1\u00a1\u00a1ESTRENO!!! &#8220;LOS ESTADOS [&hellip;]","og_url":"https:\/\/sergiolapegue.com\/site\/2024\/07\/31\/programacion-del-fin-de-semana-teatro-el-popular\/","og_site_name":"Sergio Lapegue","article_publisher":"https:\/\/facebook.com\/sergiolapegue","article_author":"https:\/\/facebook.com\/danielernesto.montana","article_published_time":"2024-07-31T04:00:00+00:00","og_image":[{"width":352,"height":268,"url":"https:\/\/sergiolapegue.com\/site\/wp-content\/uploads\/2024\/07\/Teatro-El-Popular.jpeg","type":"image\/jpeg"}],"author":"Daniel E. Monta\u00f1a","twitter_card":"summary_large_image","twitter_creator":"@https:\/\/twitter.com\/daner_004","twitter_site":"@sergiolapegue","twitter_misc":{"Escrito por":"Daniel E. Monta\u00f1a","Tiempo de lectura":"4 minutos"},"schema":{"@context":"https:\/\/schema.org","@graph":[{"@type":"Article","@id":"https:\/\/sergiolapegue.com\/site\/2024\/07\/31\/programacion-del-fin-de-semana-teatro-el-popular\/#article","isPartOf":{"@id":"https:\/\/sergiolapegue.com\/site\/2024\/07\/31\/programacion-del-fin-de-semana-teatro-el-popular\/"},"author":{"name":"Daniel E. Monta\u00f1a","@id":"https:\/\/sergiolapegue.com\/site\/#\/schema\/person\/9198e7dbab43c6d74d0fd5399af7c3cd"},"headline":"PROGRAMACI\u00d3N DEL FIN DE SEMANA TEATRO EL POPULAR","datePublished":"2024-07-31T04:00:00+00:00","mainEntityOfPage":{"@id":"https:\/\/sergiolapegue.com\/site\/2024\/07\/31\/programacion-del-fin-de-semana-teatro-el-popular\/"},"wordCount":681,"commentCount":0,"publisher":{"@id":"https:\/\/sergiolapegue.com\/site\/#\/schema\/person\/083aeceeb0734cd166779ea6c0551a37"},"image":{"@id":"https:\/\/sergiolapegue.com\/site\/2024\/07\/31\/programacion-del-fin-de-semana-teatro-el-popular\/#primaryimage"},"thumbnailUrl":"https:\/\/sergiolapegue.com\/site\/wp-content\/uploads\/2024\/07\/Teatro-El-Popular.jpeg","articleSection":["Arte","Teatro"],"inLanguage":"es-AR","potentialAction":[{"@type":"CommentAction","name":"Comment","target":["https:\/\/sergiolapegue.com\/site\/2024\/07\/31\/programacion-del-fin-de-semana-teatro-el-popular\/#respond"]}]},{"@type":"WebPage","@id":"https:\/\/sergiolapegue.com\/site\/2024\/07\/31\/programacion-del-fin-de-semana-teatro-el-popular\/","url":"https:\/\/sergiolapegue.com\/site\/2024\/07\/31\/programacion-del-fin-de-semana-teatro-el-popular\/","name":"PROGRAMACI\u00d3N DEL FIN DE SEMANA TEATRO EL POPULAR - Sergio Lapegue","isPartOf":{"@id":"https:\/\/sergiolapegue.com\/site\/#website"},"primaryImageOfPage":{"@id":"https:\/\/sergiolapegue.com\/site\/2024\/07\/31\/programacion-del-fin-de-semana-teatro-el-popular\/#primaryimage"},"image":{"@id":"https:\/\/sergiolapegue.com\/site\/2024\/07\/31\/programacion-del-fin-de-semana-teatro-el-popular\/#primaryimage"},"thumbnailUrl":"https:\/\/sergiolapegue.com\/site\/wp-content\/uploads\/2024\/07\/Teatro-El-Popular.jpeg","datePublished":"2024-07-31T04:00:00+00:00","breadcrumb":{"@id":"https:\/\/sergiolapegue.com\/site\/2024\/07\/31\/programacion-del-fin-de-semana-teatro-el-popular\/#breadcrumb"},"inLanguage":"es-AR","potentialAction":[{"@type":"ReadAction","target":["https:\/\/sergiolapegue.com\/site\/2024\/07\/31\/programacion-del-fin-de-semana-teatro-el-popular\/"]}]},{"@type":"ImageObject","inLanguage":"es-AR","@id":"https:\/\/sergiolapegue.com\/site\/2024\/07\/31\/programacion-del-fin-de-semana-teatro-el-popular\/#primaryimage","url":"https:\/\/sergiolapegue.com\/site\/wp-content\/uploads\/2024\/07\/Teatro-El-Popular.jpeg","contentUrl":"https:\/\/sergiolapegue.com\/site\/wp-content\/uploads\/2024\/07\/Teatro-El-Popular.jpeg","width":352,"height":268},{"@type":"BreadcrumbList","@id":"https:\/\/sergiolapegue.com\/site\/2024\/07\/31\/programacion-del-fin-de-semana-teatro-el-popular\/#breadcrumb","itemListElement":[{"@type":"ListItem","position":1,"name":"Inicio","item":"https:\/\/sergiolapegue.com\/site\/"},{"@type":"ListItem","position":2,"name":"PROGRAMACI\u00d3N DEL FIN DE SEMANA TEATRO EL POPULAR"}]},{"@type":"WebSite","@id":"https:\/\/sergiolapegue.com\/site\/#website","url":"https:\/\/sergiolapegue.com\/site\/","name":"Sergio Lapegue","description":"Periodista","publisher":{"@id":"https:\/\/sergiolapegue.com\/site\/#\/schema\/person\/083aeceeb0734cd166779ea6c0551a37"},"potentialAction":[{"@type":"SearchAction","target":{"@type":"EntryPoint","urlTemplate":"https:\/\/sergiolapegue.com\/site\/?s={search_term_string}"},"query-input":{"@type":"PropertyValueSpecification","valueRequired":true,"valueName":"search_term_string"}}],"inLanguage":"es-AR"},{"@type":["Person","Organization"],"@id":"https:\/\/sergiolapegue.com\/site\/#\/schema\/person\/083aeceeb0734cd166779ea6c0551a37","name":"Sergio Lapegue","image":{"@type":"ImageObject","inLanguage":"es-AR","@id":"https:\/\/sergiolapegue.com\/site\/wp-content\/uploads\/2021\/04\/logo_header-1.png","url":"https:\/\/sergiolapegue.com\/site\/wp-content\/uploads\/2021\/04\/logo_header-1.png","contentUrl":"https:\/\/sergiolapegue.com\/site\/wp-content\/uploads\/2021\/04\/logo_header-1.png","width":272,"height":90,"caption":"Sergio Lapegue"},"logo":{"@id":"https:\/\/sergiolapegue.com\/site\/wp-content\/uploads\/2021\/04\/logo_header-1.png"},"sameAs":["https:\/\/facebook.com\/sergiolapegue","https:\/\/instagram.com\/sergiolapegue","https:\/\/x.com\/https:\/\/twitter.com\/sergiolapegue"]},{"@type":"Person","@id":"https:\/\/sergiolapegue.com\/site\/#\/schema\/person\/9198e7dbab43c6d74d0fd5399af7c3cd","name":"Daniel E. Monta\u00f1a","image":{"@type":"ImageObject","inLanguage":"es-AR","@id":"https:\/\/sergiolapegue.com\/site\/wp-content\/uploads\/2021\/04\/sl_avatar_Daniel-150x150.jpg","url":"https:\/\/sergiolapegue.com\/site\/wp-content\/uploads\/2021\/04\/sl_avatar_Daniel-150x150.jpg","contentUrl":"https:\/\/sergiolapegue.com\/site\/wp-content\/uploads\/2021\/04\/sl_avatar_Daniel-150x150.jpg","caption":"Daniel E. Monta\u00f1a"},"sameAs":["https:\/\/facebook.com\/danielernesto.montana","https:\/\/instagram.com\/daniel_montana1961","https:\/\/x.com\/https:\/\/twitter.com\/daner_004"],"url":"https:\/\/sergiolapegue.com\/site\/author\/daniel\/"}]}},"_links":{"self":[{"href":"https:\/\/sergiolapegue.com\/site\/wp-json\/wp\/v2\/posts\/16659","targetHints":{"allow":["GET"]}}],"collection":[{"href":"https:\/\/sergiolapegue.com\/site\/wp-json\/wp\/v2\/posts"}],"about":[{"href":"https:\/\/sergiolapegue.com\/site\/wp-json\/wp\/v2\/types\/post"}],"author":[{"embeddable":true,"href":"https:\/\/sergiolapegue.com\/site\/wp-json\/wp\/v2\/users\/3"}],"replies":[{"embeddable":true,"href":"https:\/\/sergiolapegue.com\/site\/wp-json\/wp\/v2\/comments?post=16659"}],"version-history":[{"count":1,"href":"https:\/\/sergiolapegue.com\/site\/wp-json\/wp\/v2\/posts\/16659\/revisions"}],"predecessor-version":[{"id":16665,"href":"https:\/\/sergiolapegue.com\/site\/wp-json\/wp\/v2\/posts\/16659\/revisions\/16665"}],"wp:featuredmedia":[{"embeddable":true,"href":"https:\/\/sergiolapegue.com\/site\/wp-json\/wp\/v2\/media\/16664"}],"wp:attachment":[{"href":"https:\/\/sergiolapegue.com\/site\/wp-json\/wp\/v2\/media?parent=16659"}],"wp:term":[{"taxonomy":"category","embeddable":true,"href":"https:\/\/sergiolapegue.com\/site\/wp-json\/wp\/v2\/categories?post=16659"},{"taxonomy":"post_tag","embeddable":true,"href":"https:\/\/sergiolapegue.com\/site\/wp-json\/wp\/v2\/tags?post=16659"}],"curies":[{"name":"wp","href":"https:\/\/api.w.org\/{rel}","templated":true}]}}