{"id":16613,"date":"2024-07-29T13:22:49","date_gmt":"2024-07-29T16:22:49","guid":{"rendered":"https:\/\/sergiolapegue.com\/site\/?p=16613"},"modified":"2024-07-29T13:22:51","modified_gmt":"2024-07-29T16:22:51","slug":"el-recuerdo-de-los-desfiles-primaverales-y-el-circulo-amigos-de-lomas","status":"publish","type":"post","link":"https:\/\/sergiolapegue.com\/site\/2024\/07\/29\/el-recuerdo-de-los-desfiles-primaverales-y-el-circulo-amigos-de-lomas\/","title":{"rendered":"El recuerdo de los desfiles primaverales y el C\u00edrculo Amigos de Lomas"},"content":{"rendered":"\n<p>Ustedes saben, queridos lectores de&nbsp;<strong><a href=\"https:\/\/launion.com.ar\/\" target=\"_blank\" rel=\"noreferrer noopener\">La Uni\u00f3n<\/a><\/strong>, lo mucho que para m\u00ed significa la palabra &#8220;amigo&#8221;. Tanto en mi vida privada como en la profesional, hace a\u00f1os que hago culto de la amistad y la considero clave para alcanzar la felicidad. Es por eso que me pone muy contento poder dedicarle la columna de hoy a un organismo local que hizo de la amistad una instituci\u00f3n: el&nbsp;<strong>C\u00edrculo Amigos de Lomas.&nbsp;<\/strong><\/p>\n\n\n\n<p>Nacido en la conjunci\u00f3n de las Fiestas Primaverales y la C\u00e1mara de Comercio, el C\u00edrculo tuvo como intenci\u00f3n y fin primordial exaltar la amistad con asiduas reuniones de camarader\u00eda. El&nbsp;<strong>C\u00edrculo Amigos de Lomas<\/strong>&nbsp;fue una consecuencia directa de aquellas comisiones&nbsp;que organizaban los festejos del D\u00eda de la Primavera.&nbsp;<\/p>\n\n\n\n<p>Estos festejos comenzaron a organizarse en 1947 en la calle m\u00e1s comercial y caracter\u00edstica de la ciudad: la&nbsp;<strong><a href=\"https:\/\/launion.com.ar\/nota\/39561\/2024\/07\/las-calles-de-lomas-que-se-inspiraron-en-los-proceres-de-la-independencia\" target=\"_blank\" rel=\"noreferrer noopener\">peatonal Laprida.&nbsp;<\/a><\/strong>Mucha gente acud\u00eda a la celebraci\u00f3n y disfrutaban de las presentaciones de artistas reconocidos y conjuntos locales que aprovechaban&nbsp;as\u00ed su primer roce con la gente.<\/p>\n\n\n\n<p>El palco oficial, desde el cual se realizaban las transmisiones y que contaba adem\u00e1s con la presencia de los artistas e invitados especiales, estaba ubicado en el cruce de&nbsp;<strong>Laprida<\/strong>&nbsp;y Necochea (hoy la avenida), hasta que una&nbsp;noche el entonces gobernador de la Provincia de Buenos Aires, Domingo Mercante, lo derrib\u00f3 con el coche oficial debido a la poca iluminaci\u00f3n. Por suerte no hubo heridos.&nbsp;<\/p>\n\n\n\n<p>A partir de este accidente y para evitar su repetici\u00f3n, las autoridades resolvieron trasladar el palco hasta la esquina de Acevedo y Laprida, frente al conocido caf\u00e9 &#8220;La Brasile\u00f1a&#8221;, donde qued\u00f3 permanentemente estable durante los festejos.<\/p>\n\n\n\n<p>Don&nbsp;<strong>Esteban Ceriani&nbsp;<\/strong>fue el &#8220;presidente vitalicio&#8221; de estas reuniones y uno de los principales organizadores. Era en la C\u00e1mara de Comercio donde se gestaban y armaban los festejos de la Primavera, siempre muy atentos a las condiciones clim\u00e1ticas por ser septiembre un mes lluvioso&nbsp;y a veces con d\u00edas todav\u00eda fr\u00edos. La carroza en que se paseaba la Reina fue construida especialmente y las princesas luc\u00edan sus trajes y belleza en las que ced\u00edan las cocher\u00edas de la zona.&nbsp;&nbsp;<\/p>\n\n\n\n<p>Las primeras reuniones del&nbsp;<strong>C\u00edrculo Amigos de Lomas<\/strong>&nbsp;se hicieron en un taller de fotograf\u00eda ubicado frente al Teatro Espa\u00f1ol. A\u00f1os despu\u00e9s se impuls\u00f3 la compra de un edificio para afirmar el crecimiento de la instituci\u00f3n. En una reuni\u00f3n de comisi\u00f3n se aprob\u00f3&nbsp;el proyecto y se compr\u00f3 una casa en Boedo 789, nueva sede. Se resolvi\u00f3 que el sentido de la amistad y una leal camarader\u00eda ser\u00edan el &#8220;leit motiv&#8221; de su existencia.<\/p>\n\n\n\n<p>Posteriormente se hicieron reformas para hacerlo m\u00e1s funcional, con sal\u00f3n de actos y otras comodidades&nbsp;acordes a las celebraciones y reuniones. Las nuevas obras fueron bendecidas por el Obispo de la Di\u00f3cesis, monse\u00f1or Alejandro Schell. Con los a\u00f1os se fueron incorporando asociados y vecinos, quienes tambi\u00e9n disfrutaron la organizaci\u00f3n de vacaciones y excursiones, hoy en d\u00eda conocidas como escapadas de miniturismo. \u00bfQu\u00e9 tal?&nbsp;<\/p>\n\n\n\n<p><strong><em><a href=\"https:\/\/launion.com.ar\/nota\/40062\/2024\/07\/el-recuerdo-de-los-desfiles-primaverales-y-el-circulo-amigos-de-lomas\" target=\"_blank\" rel=\"noreferrer noopener\">Art\u00edculo publicado en el diario La Uni\u00f3n de Lomas de Zamora.-<\/a><\/em><\/strong><\/p>\n","protected":false},"excerpt":{"rendered":"<p>Ustedes saben, queridos lectores de&nbsp;La Uni\u00f3n, lo mucho que para m\u00ed significa la palabra &#8220;amigo&#8221;. Tanto en mi vida privada como en la profesional, hace a\u00f1os que hago culto de la amistad y la considero clave para alcanzar la felicidad. Es por eso que me pone muy contento poder dedicarle la columna de hoy a [&hellip;]<\/p>\n","protected":false},"author":6,"featured_media":16614,"comment_status":"closed","ping_status":"closed","sticky":false,"template":"","format":"standard","meta":{"footnotes":""},"categories":[1276],"tags":[1323,1277,379],"class_list":{"0":"post-16613","1":"post","2":"type-post","3":"status-publish","4":"format-standard","5":"has-post-thumbnail","7":"category-de-puno-y-letra-lomas-de-zamora","8":"tag-la-union","9":"tag-lomas-de-zamora","10":"tag-sergio-lapegue-2"},"yoast_head":"<!-- This site is optimized with the Yoast SEO plugin v27.5 - https:\/\/yoast.com\/product\/yoast-seo-wordpress\/ -->\n<title>El recuerdo de los desfiles primaverales y el C\u00edrculo Amigos de Lomas - Sergio Lapegue<\/title>\n<meta name=\"description\" content=\"Desde 1947 comenzaron a organizarse los eventos y a ra\u00edz de ah\u00ed se fue armando un grupo que tuvo como fin primordial exaltar la amistad.\" \/>\n<meta name=\"robots\" content=\"index, follow, max-snippet:-1, max-image-preview:large, max-video-preview:-1\" \/>\n<link rel=\"canonical\" href=\"https:\/\/sergiolapegue.com\/site\/2024\/07\/29\/el-recuerdo-de-los-desfiles-primaverales-y-el-circulo-amigos-de-lomas\/\" \/>\n<meta property=\"og:locale\" content=\"es_ES\" \/>\n<meta property=\"og:type\" content=\"article\" \/>\n<meta property=\"og:title\" content=\"El recuerdo de los desfiles primaverales y el C\u00edrculo Amigos de Lomas - Sergio Lapegue\" \/>\n<meta property=\"og:description\" content=\"Desde 1947 comenzaron a organizarse los eventos y a ra\u00edz de ah\u00ed se fue armando un grupo que tuvo como fin primordial exaltar la amistad.\" \/>\n<meta property=\"og:url\" content=\"https:\/\/sergiolapegue.com\/site\/2024\/07\/29\/el-recuerdo-de-los-desfiles-primaverales-y-el-circulo-amigos-de-lomas\/\" \/>\n<meta property=\"og:site_name\" content=\"Sergio Lapegue\" \/>\n<meta property=\"article:publisher\" content=\"https:\/\/facebook.com\/sergiolapegue\" \/>\n<meta property=\"article:author\" content=\"https:\/\/facebook.com\/sergiolapegue\" \/>\n<meta property=\"article:published_time\" content=\"2024-07-29T16:22:49+00:00\" \/>\n<meta property=\"article:modified_time\" content=\"2024-07-29T16:22:51+00:00\" \/>\n<meta property=\"og:image\" content=\"https:\/\/sergiolapegue.com\/site\/wp-content\/uploads\/2024\/07\/1102827.webp\" \/>\n\t<meta property=\"og:image:width\" content=\"1000\" \/>\n\t<meta property=\"og:image:height\" content=\"525\" \/>\n\t<meta property=\"og:image:type\" content=\"image\/webp\" \/>\n<meta name=\"author\" content=\"Sergio Lapegue\" \/>\n<meta name=\"twitter:card\" content=\"summary_large_image\" \/>\n<meta name=\"twitter:creator\" content=\"@https:\/\/twitter.com\/sergiolapegue\" \/>\n<meta name=\"twitter:site\" content=\"@sergiolapegue\" \/>\n<meta name=\"twitter:label1\" content=\"Escrito por\" \/>\n\t<meta name=\"twitter:data1\" content=\"Sergio Lapegue\" \/>\n\t<meta name=\"twitter:label2\" content=\"Tiempo de lectura\" \/>\n\t<meta name=\"twitter:data2\" content=\"3 minutos\" \/>\n<script type=\"application\/ld+json\" class=\"yoast-schema-graph\">{\"@context\":\"https:\\\/\\\/schema.org\",\"@graph\":[{\"@type\":\"Article\",\"@id\":\"https:\\\/\\\/sergiolapegue.com\\\/site\\\/2024\\\/07\\\/29\\\/el-recuerdo-de-los-desfiles-primaverales-y-el-circulo-amigos-de-lomas\\\/#article\",\"isPartOf\":{\"@id\":\"https:\\\/\\\/sergiolapegue.com\\\/site\\\/2024\\\/07\\\/29\\\/el-recuerdo-de-los-desfiles-primaverales-y-el-circulo-amigos-de-lomas\\\/\"},\"author\":{\"name\":\"Sergio Lapegue\",\"@id\":\"https:\\\/\\\/sergiolapegue.com\\\/site\\\/#\\\/schema\\\/person\\\/083aeceeb0734cd166779ea6c0551a37\"},\"headline\":\"El recuerdo de los desfiles primaverales y el C\u00edrculo Amigos de Lomas\",\"datePublished\":\"2024-07-29T16:22:49+00:00\",\"dateModified\":\"2024-07-29T16:22:51+00:00\",\"mainEntityOfPage\":{\"@id\":\"https:\\\/\\\/sergiolapegue.com\\\/site\\\/2024\\\/07\\\/29\\\/el-recuerdo-de-los-desfiles-primaverales-y-el-circulo-amigos-de-lomas\\\/\"},\"wordCount\":579,\"publisher\":{\"@id\":\"https:\\\/\\\/sergiolapegue.com\\\/site\\\/#\\\/schema\\\/person\\\/083aeceeb0734cd166779ea6c0551a37\"},\"image\":{\"@id\":\"https:\\\/\\\/sergiolapegue.com\\\/site\\\/2024\\\/07\\\/29\\\/el-recuerdo-de-los-desfiles-primaverales-y-el-circulo-amigos-de-lomas\\\/#primaryimage\"},\"thumbnailUrl\":\"https:\\\/\\\/sergiolapegue.com\\\/site\\\/wp-content\\\/uploads\\\/2024\\\/07\\\/1102827.webp\",\"keywords\":[\"La Uni\u00f3n\",\"Lomas de Zamora\",\"Sergio Lapeg\u00fce\"],\"articleSection\":[\"De Pu\u00f1o y Letra Lomas de Zamora\"],\"inLanguage\":\"es-AR\"},{\"@type\":\"WebPage\",\"@id\":\"https:\\\/\\\/sergiolapegue.com\\\/site\\\/2024\\\/07\\\/29\\\/el-recuerdo-de-los-desfiles-primaverales-y-el-circulo-amigos-de-lomas\\\/\",\"url\":\"https:\\\/\\\/sergiolapegue.com\\\/site\\\/2024\\\/07\\\/29\\\/el-recuerdo-de-los-desfiles-primaverales-y-el-circulo-amigos-de-lomas\\\/\",\"name\":\"El recuerdo de los desfiles primaverales y el C\u00edrculo Amigos de Lomas - Sergio Lapegue\",\"isPartOf\":{\"@id\":\"https:\\\/\\\/sergiolapegue.com\\\/site\\\/#website\"},\"primaryImageOfPage\":{\"@id\":\"https:\\\/\\\/sergiolapegue.com\\\/site\\\/2024\\\/07\\\/29\\\/el-recuerdo-de-los-desfiles-primaverales-y-el-circulo-amigos-de-lomas\\\/#primaryimage\"},\"image\":{\"@id\":\"https:\\\/\\\/sergiolapegue.com\\\/site\\\/2024\\\/07\\\/29\\\/el-recuerdo-de-los-desfiles-primaverales-y-el-circulo-amigos-de-lomas\\\/#primaryimage\"},\"thumbnailUrl\":\"https:\\\/\\\/sergiolapegue.com\\\/site\\\/wp-content\\\/uploads\\\/2024\\\/07\\\/1102827.webp\",\"datePublished\":\"2024-07-29T16:22:49+00:00\",\"dateModified\":\"2024-07-29T16:22:51+00:00\",\"description\":\"Desde 1947 comenzaron a organizarse los eventos y a ra\u00edz de ah\u00ed se fue armando un grupo que tuvo como fin primordial exaltar la amistad.\",\"breadcrumb\":{\"@id\":\"https:\\\/\\\/sergiolapegue.com\\\/site\\\/2024\\\/07\\\/29\\\/el-recuerdo-de-los-desfiles-primaverales-y-el-circulo-amigos-de-lomas\\\/#breadcrumb\"},\"inLanguage\":\"es-AR\",\"potentialAction\":[{\"@type\":\"ReadAction\",\"target\":[\"https:\\\/\\\/sergiolapegue.com\\\/site\\\/2024\\\/07\\\/29\\\/el-recuerdo-de-los-desfiles-primaverales-y-el-circulo-amigos-de-lomas\\\/\"]}]},{\"@type\":\"ImageObject\",\"inLanguage\":\"es-AR\",\"@id\":\"https:\\\/\\\/sergiolapegue.com\\\/site\\\/2024\\\/07\\\/29\\\/el-recuerdo-de-los-desfiles-primaverales-y-el-circulo-amigos-de-lomas\\\/#primaryimage\",\"url\":\"https:\\\/\\\/sergiolapegue.com\\\/site\\\/wp-content\\\/uploads\\\/2024\\\/07\\\/1102827.webp\",\"contentUrl\":\"https:\\\/\\\/sergiolapegue.com\\\/site\\\/wp-content\\\/uploads\\\/2024\\\/07\\\/1102827.webp\",\"width\":1000,\"height\":525},{\"@type\":\"BreadcrumbList\",\"@id\":\"https:\\\/\\\/sergiolapegue.com\\\/site\\\/2024\\\/07\\\/29\\\/el-recuerdo-de-los-desfiles-primaverales-y-el-circulo-amigos-de-lomas\\\/#breadcrumb\",\"itemListElement\":[{\"@type\":\"ListItem\",\"position\":1,\"name\":\"Inicio\",\"item\":\"https:\\\/\\\/sergiolapegue.com\\\/site\\\/\"},{\"@type\":\"ListItem\",\"position\":2,\"name\":\"El recuerdo de los desfiles primaverales y el C\u00edrculo Amigos de Lomas\"}]},{\"@type\":\"WebSite\",\"@id\":\"https:\\\/\\\/sergiolapegue.com\\\/site\\\/#website\",\"url\":\"https:\\\/\\\/sergiolapegue.com\\\/site\\\/\",\"name\":\"Sergio Lapegue\",\"description\":\"Periodista\",\"publisher\":{\"@id\":\"https:\\\/\\\/sergiolapegue.com\\\/site\\\/#\\\/schema\\\/person\\\/083aeceeb0734cd166779ea6c0551a37\"},\"potentialAction\":[{\"@type\":\"SearchAction\",\"target\":{\"@type\":\"EntryPoint\",\"urlTemplate\":\"https:\\\/\\\/sergiolapegue.com\\\/site\\\/?s={search_term_string}\"},\"query-input\":{\"@type\":\"PropertyValueSpecification\",\"valueRequired\":true,\"valueName\":\"search_term_string\"}}],\"inLanguage\":\"es-AR\"},{\"@type\":[\"Person\",\"Organization\"],\"@id\":\"https:\\\/\\\/sergiolapegue.com\\\/site\\\/#\\\/schema\\\/person\\\/083aeceeb0734cd166779ea6c0551a37\",\"name\":\"Sergio Lapegue\",\"image\":{\"@type\":\"ImageObject\",\"inLanguage\":\"es-AR\",\"@id\":\"https:\\\/\\\/sergiolapegue.com\\\/site\\\/wp-content\\\/uploads\\\/2021\\\/04\\\/logo_header-1.png\",\"url\":\"https:\\\/\\\/sergiolapegue.com\\\/site\\\/wp-content\\\/uploads\\\/2021\\\/04\\\/logo_header-1.png\",\"contentUrl\":\"https:\\\/\\\/sergiolapegue.com\\\/site\\\/wp-content\\\/uploads\\\/2021\\\/04\\\/logo_header-1.png\",\"width\":272,\"height\":90,\"caption\":\"Sergio Lapegue\"},\"logo\":{\"@id\":\"https:\\\/\\\/sergiolapegue.com\\\/site\\\/wp-content\\\/uploads\\\/2021\\\/04\\\/logo_header-1.png\"},\"sameAs\":[\"https:\\\/\\\/facebook.com\\\/sergiolapegue\",\"https:\\\/\\\/instagram.com\\\/sergiolapegue\",\"https:\\\/\\\/x.com\\\/https:\\\/\\\/twitter.com\\\/sergiolapegue\"],\"url\":\"https:\\\/\\\/sergiolapegue.com\\\/site\\\/author\\\/sergio\\\/\"}]}<\/script>\n<!-- \/ Yoast SEO plugin. -->","yoast_head_json":{"title":"El recuerdo de los desfiles primaverales y el C\u00edrculo Amigos de Lomas - Sergio Lapegue","description":"Desde 1947 comenzaron a organizarse los eventos y a ra\u00edz de ah\u00ed se fue armando un grupo que tuvo como fin primordial exaltar la amistad.","robots":{"index":"index","follow":"follow","max-snippet":"max-snippet:-1","max-image-preview":"max-image-preview:large","max-video-preview":"max-video-preview:-1"},"canonical":"https:\/\/sergiolapegue.com\/site\/2024\/07\/29\/el-recuerdo-de-los-desfiles-primaverales-y-el-circulo-amigos-de-lomas\/","og_locale":"es_ES","og_type":"article","og_title":"El recuerdo de los desfiles primaverales y el C\u00edrculo Amigos de Lomas - Sergio Lapegue","og_description":"Desde 1947 comenzaron a organizarse los eventos y a ra\u00edz de ah\u00ed se fue armando un grupo que tuvo como fin primordial exaltar la amistad.","og_url":"https:\/\/sergiolapegue.com\/site\/2024\/07\/29\/el-recuerdo-de-los-desfiles-primaverales-y-el-circulo-amigos-de-lomas\/","og_site_name":"Sergio Lapegue","article_publisher":"https:\/\/facebook.com\/sergiolapegue","article_author":"https:\/\/facebook.com\/sergiolapegue","article_published_time":"2024-07-29T16:22:49+00:00","article_modified_time":"2024-07-29T16:22:51+00:00","og_image":[{"width":1000,"height":525,"url":"https:\/\/sergiolapegue.com\/site\/wp-content\/uploads\/2024\/07\/1102827.webp","type":"image\/webp"}],"author":"Sergio Lapegue","twitter_card":"summary_large_image","twitter_creator":"@https:\/\/twitter.com\/sergiolapegue","twitter_site":"@sergiolapegue","twitter_misc":{"Escrito por":"Sergio Lapegue","Tiempo de lectura":"3 minutos"},"schema":{"@context":"https:\/\/schema.org","@graph":[{"@type":"Article","@id":"https:\/\/sergiolapegue.com\/site\/2024\/07\/29\/el-recuerdo-de-los-desfiles-primaverales-y-el-circulo-amigos-de-lomas\/#article","isPartOf":{"@id":"https:\/\/sergiolapegue.com\/site\/2024\/07\/29\/el-recuerdo-de-los-desfiles-primaverales-y-el-circulo-amigos-de-lomas\/"},"author":{"name":"Sergio Lapegue","@id":"https:\/\/sergiolapegue.com\/site\/#\/schema\/person\/083aeceeb0734cd166779ea6c0551a37"},"headline":"El recuerdo de los desfiles primaverales y el C\u00edrculo Amigos de Lomas","datePublished":"2024-07-29T16:22:49+00:00","dateModified":"2024-07-29T16:22:51+00:00","mainEntityOfPage":{"@id":"https:\/\/sergiolapegue.com\/site\/2024\/07\/29\/el-recuerdo-de-los-desfiles-primaverales-y-el-circulo-amigos-de-lomas\/"},"wordCount":579,"publisher":{"@id":"https:\/\/sergiolapegue.com\/site\/#\/schema\/person\/083aeceeb0734cd166779ea6c0551a37"},"image":{"@id":"https:\/\/sergiolapegue.com\/site\/2024\/07\/29\/el-recuerdo-de-los-desfiles-primaverales-y-el-circulo-amigos-de-lomas\/#primaryimage"},"thumbnailUrl":"https:\/\/sergiolapegue.com\/site\/wp-content\/uploads\/2024\/07\/1102827.webp","keywords":["La Uni\u00f3n","Lomas de Zamora","Sergio Lapeg\u00fce"],"articleSection":["De Pu\u00f1o y Letra Lomas de Zamora"],"inLanguage":"es-AR"},{"@type":"WebPage","@id":"https:\/\/sergiolapegue.com\/site\/2024\/07\/29\/el-recuerdo-de-los-desfiles-primaverales-y-el-circulo-amigos-de-lomas\/","url":"https:\/\/sergiolapegue.com\/site\/2024\/07\/29\/el-recuerdo-de-los-desfiles-primaverales-y-el-circulo-amigos-de-lomas\/","name":"El recuerdo de los desfiles primaverales y el C\u00edrculo Amigos de Lomas - Sergio Lapegue","isPartOf":{"@id":"https:\/\/sergiolapegue.com\/site\/#website"},"primaryImageOfPage":{"@id":"https:\/\/sergiolapegue.com\/site\/2024\/07\/29\/el-recuerdo-de-los-desfiles-primaverales-y-el-circulo-amigos-de-lomas\/#primaryimage"},"image":{"@id":"https:\/\/sergiolapegue.com\/site\/2024\/07\/29\/el-recuerdo-de-los-desfiles-primaverales-y-el-circulo-amigos-de-lomas\/#primaryimage"},"thumbnailUrl":"https:\/\/sergiolapegue.com\/site\/wp-content\/uploads\/2024\/07\/1102827.webp","datePublished":"2024-07-29T16:22:49+00:00","dateModified":"2024-07-29T16:22:51+00:00","description":"Desde 1947 comenzaron a organizarse los eventos y a ra\u00edz de ah\u00ed se fue armando un grupo que tuvo como fin primordial exaltar la amistad.","breadcrumb":{"@id":"https:\/\/sergiolapegue.com\/site\/2024\/07\/29\/el-recuerdo-de-los-desfiles-primaverales-y-el-circulo-amigos-de-lomas\/#breadcrumb"},"inLanguage":"es-AR","potentialAction":[{"@type":"ReadAction","target":["https:\/\/sergiolapegue.com\/site\/2024\/07\/29\/el-recuerdo-de-los-desfiles-primaverales-y-el-circulo-amigos-de-lomas\/"]}]},{"@type":"ImageObject","inLanguage":"es-AR","@id":"https:\/\/sergiolapegue.com\/site\/2024\/07\/29\/el-recuerdo-de-los-desfiles-primaverales-y-el-circulo-amigos-de-lomas\/#primaryimage","url":"https:\/\/sergiolapegue.com\/site\/wp-content\/uploads\/2024\/07\/1102827.webp","contentUrl":"https:\/\/sergiolapegue.com\/site\/wp-content\/uploads\/2024\/07\/1102827.webp","width":1000,"height":525},{"@type":"BreadcrumbList","@id":"https:\/\/sergiolapegue.com\/site\/2024\/07\/29\/el-recuerdo-de-los-desfiles-primaverales-y-el-circulo-amigos-de-lomas\/#breadcrumb","itemListElement":[{"@type":"ListItem","position":1,"name":"Inicio","item":"https:\/\/sergiolapegue.com\/site\/"},{"@type":"ListItem","position":2,"name":"El recuerdo de los desfiles primaverales y el C\u00edrculo Amigos de Lomas"}]},{"@type":"WebSite","@id":"https:\/\/sergiolapegue.com\/site\/#website","url":"https:\/\/sergiolapegue.com\/site\/","name":"Sergio Lapegue","description":"Periodista","publisher":{"@id":"https:\/\/sergiolapegue.com\/site\/#\/schema\/person\/083aeceeb0734cd166779ea6c0551a37"},"potentialAction":[{"@type":"SearchAction","target":{"@type":"EntryPoint","urlTemplate":"https:\/\/sergiolapegue.com\/site\/?s={search_term_string}"},"query-input":{"@type":"PropertyValueSpecification","valueRequired":true,"valueName":"search_term_string"}}],"inLanguage":"es-AR"},{"@type":["Person","Organization"],"@id":"https:\/\/sergiolapegue.com\/site\/#\/schema\/person\/083aeceeb0734cd166779ea6c0551a37","name":"Sergio Lapegue","image":{"@type":"ImageObject","inLanguage":"es-AR","@id":"https:\/\/sergiolapegue.com\/site\/wp-content\/uploads\/2021\/04\/logo_header-1.png","url":"https:\/\/sergiolapegue.com\/site\/wp-content\/uploads\/2021\/04\/logo_header-1.png","contentUrl":"https:\/\/sergiolapegue.com\/site\/wp-content\/uploads\/2021\/04\/logo_header-1.png","width":272,"height":90,"caption":"Sergio Lapegue"},"logo":{"@id":"https:\/\/sergiolapegue.com\/site\/wp-content\/uploads\/2021\/04\/logo_header-1.png"},"sameAs":["https:\/\/facebook.com\/sergiolapegue","https:\/\/instagram.com\/sergiolapegue","https:\/\/x.com\/https:\/\/twitter.com\/sergiolapegue"],"url":"https:\/\/sergiolapegue.com\/site\/author\/sergio\/"}]}},"_links":{"self":[{"href":"https:\/\/sergiolapegue.com\/site\/wp-json\/wp\/v2\/posts\/16613","targetHints":{"allow":["GET"]}}],"collection":[{"href":"https:\/\/sergiolapegue.com\/site\/wp-json\/wp\/v2\/posts"}],"about":[{"href":"https:\/\/sergiolapegue.com\/site\/wp-json\/wp\/v2\/types\/post"}],"author":[{"embeddable":true,"href":"https:\/\/sergiolapegue.com\/site\/wp-json\/wp\/v2\/users\/6"}],"replies":[{"embeddable":true,"href":"https:\/\/sergiolapegue.com\/site\/wp-json\/wp\/v2\/comments?post=16613"}],"version-history":[{"count":1,"href":"https:\/\/sergiolapegue.com\/site\/wp-json\/wp\/v2\/posts\/16613\/revisions"}],"predecessor-version":[{"id":16615,"href":"https:\/\/sergiolapegue.com\/site\/wp-json\/wp\/v2\/posts\/16613\/revisions\/16615"}],"wp:featuredmedia":[{"embeddable":true,"href":"https:\/\/sergiolapegue.com\/site\/wp-json\/wp\/v2\/media\/16614"}],"wp:attachment":[{"href":"https:\/\/sergiolapegue.com\/site\/wp-json\/wp\/v2\/media?parent=16613"}],"wp:term":[{"taxonomy":"category","embeddable":true,"href":"https:\/\/sergiolapegue.com\/site\/wp-json\/wp\/v2\/categories?post=16613"},{"taxonomy":"post_tag","embeddable":true,"href":"https:\/\/sergiolapegue.com\/site\/wp-json\/wp\/v2\/tags?post=16613"}],"curies":[{"name":"wp","href":"https:\/\/api.w.org\/{rel}","templated":true}]}}