{"id":16593,"date":"2024-07-30T09:00:00","date_gmt":"2024-07-30T12:00:00","guid":{"rendered":"https:\/\/sergiolapegue.com\/site\/?p=16593"},"modified":"2024-07-29T01:04:37","modified_gmt":"2024-07-29T04:04:37","slug":"lucas-gonzalez-canta-a-nacha-guevara","status":"publish","type":"post","link":"https:\/\/sergiolapegue.com\/site\/2024\/07\/30\/lucas-gonzalez-canta-a-nacha-guevara\/","title":{"rendered":"\u201cLUCAS GONZ\u00c1LEZ CANTA A NACHA GUEVARA\u201d"},"content":{"rendered":"\n<p>Luego de brillar en Madrid, llega a la Calle Corrientes \u201cLucas Gonz\u00e1lez canta a Nacha Guevara\u201d, el espect\u00e1culo con el que este artista homenajea a su gran maestra , el cual cuenta con la autorizaci\u00f3n de la Se\u00f1ora Nacha Guevara. Las funciones ser\u00e1n los d\u00edas 09, 11, 15, 16 y 18 de agosto en el Teatro Multiescena CPM.<\/p>\n\n\n\n<figure class=\"wp-block-image size-large is-resized\"><img loading=\"lazy\" decoding=\"async\" width=\"683\" height=\"1024\" src=\"https:\/\/sergiolapegue.com\/site\/wp-content\/uploads\/2024\/07\/Lucas-Gonzalez-canta-a-Nacha-Guevara-5-683x1024.jpg\" alt=\"\" class=\"wp-image-16596\" style=\"width:696px;height:auto\" srcset=\"https:\/\/sergiolapegue.com\/site\/wp-content\/uploads\/2024\/07\/Lucas-Gonzalez-canta-a-Nacha-Guevara-5-683x1024.jpg 683w, https:\/\/sergiolapegue.com\/site\/wp-content\/uploads\/2024\/07\/Lucas-Gonzalez-canta-a-Nacha-Guevara-5-200x300.jpg 200w, https:\/\/sergiolapegue.com\/site\/wp-content\/uploads\/2024\/07\/Lucas-Gonzalez-canta-a-Nacha-Guevara-5-768x1152.jpg 768w, https:\/\/sergiolapegue.com\/site\/wp-content\/uploads\/2024\/07\/Lucas-Gonzalez-canta-a-Nacha-Guevara-5-1024x1536.jpg 1024w, https:\/\/sergiolapegue.com\/site\/wp-content\/uploads\/2024\/07\/Lucas-Gonzalez-canta-a-Nacha-Guevara-5-1365x2048.jpg 1365w, https:\/\/sergiolapegue.com\/site\/wp-content\/uploads\/2024\/07\/Lucas-Gonzalez-canta-a-Nacha-Guevara-5-280x420.jpg 280w, https:\/\/sergiolapegue.com\/site\/wp-content\/uploads\/2024\/07\/Lucas-Gonzalez-canta-a-Nacha-Guevara-5-696x1044.jpg 696w, https:\/\/sergiolapegue.com\/site\/wp-content\/uploads\/2024\/07\/Lucas-Gonzalez-canta-a-Nacha-Guevara-5-1068x1602.jpg 1068w, https:\/\/sergiolapegue.com\/site\/wp-content\/uploads\/2024\/07\/Lucas-Gonzalez-canta-a-Nacha-Guevara-5-1920x2880.jpg 1920w, https:\/\/sergiolapegue.com\/site\/wp-content\/uploads\/2024\/07\/Lucas-Gonzalez-canta-a-Nacha-Guevara-5-scaled.jpg 1707w\" sizes=\"auto, (max-width: 683px) 100vw, 683px\" \/><\/figure>\n\n\n\n<p><strong>SINOPSIS<\/strong><\/p>\n\n\n\n<p>\u201cLucas Gonz\u00e1lez canta a Nacha Guevara\u201d es un espect\u00e1culo conceptual acerca de la vida y obra de la gran artista argentina; la talentosa Nacha Guevara. Una propuesta poderosa: su cautivante vida. La infancia en Mar del Plata, su paso por el Instituto Di Tella, el exilio, Broadway y su regreso a Buenos Aires en 1983. Nacha Guevara: actriz, cantante, directora; transgresora, vanguardista y rebelde; rasgos que hacen de esta fant\u00e1stica int\u00e9rprete una gran artista contempor\u00e1nea digna de homenajear. Descubre por qu\u00e9 Nacha Guevara es una de las m\u00e1s grandes celebrities de Argentina&#8230; y del mundo.<\/p>\n\n\n\n<p>&#8230;porque el grito no es bastante, Lucas Gonz\u00e1lez canta a NACHA GUEVARA.<\/p>\n\n\n\n<figure class=\"wp-block-image size-large\"><img loading=\"lazy\" decoding=\"async\" width=\"1024\" height=\"458\" src=\"https:\/\/sergiolapegue.com\/site\/wp-content\/uploads\/2024\/07\/Lucas-Gonzalez-canta-a-Nacha-Guevara-1-1024x458.jpg\" alt=\"\" class=\"wp-image-16594\" srcset=\"https:\/\/sergiolapegue.com\/site\/wp-content\/uploads\/2024\/07\/Lucas-Gonzalez-canta-a-Nacha-Guevara-1-1024x458.jpg 1024w, https:\/\/sergiolapegue.com\/site\/wp-content\/uploads\/2024\/07\/Lucas-Gonzalez-canta-a-Nacha-Guevara-1-300x134.jpg 300w, https:\/\/sergiolapegue.com\/site\/wp-content\/uploads\/2024\/07\/Lucas-Gonzalez-canta-a-Nacha-Guevara-1-768x344.jpg 768w, https:\/\/sergiolapegue.com\/site\/wp-content\/uploads\/2024\/07\/Lucas-Gonzalez-canta-a-Nacha-Guevara-1-1536x688.jpg 1536w, https:\/\/sergiolapegue.com\/site\/wp-content\/uploads\/2024\/07\/Lucas-Gonzalez-canta-a-Nacha-Guevara-1-938x420.jpg 938w, https:\/\/sergiolapegue.com\/site\/wp-content\/uploads\/2024\/07\/Lucas-Gonzalez-canta-a-Nacha-Guevara-1-696x312.jpg 696w, https:\/\/sergiolapegue.com\/site\/wp-content\/uploads\/2024\/07\/Lucas-Gonzalez-canta-a-Nacha-Guevara-1-1068x478.jpg 1068w, https:\/\/sergiolapegue.com\/site\/wp-content\/uploads\/2024\/07\/Lucas-Gonzalez-canta-a-Nacha-Guevara-1.jpg 1899w\" sizes=\"auto, (max-width: 1024px) 100vw, 1024px\" \/><\/figure>\n\n\n\n<p><strong>PALABRAS DE SU CREADOR LUCAS GONZ\u00c1ALEZ<\/strong><\/p>\n\n\n\n<p>Hay una frase de Antonio Porchia con la que me identifico mucho que dice: &#8220;Hago lo que hago para que el universal equilibrio del que soy parte no pierda equilibrio\u201d. Amo la belleza, creo en la belleza, me rindo ante la belleza; ante esa que nos vincula con la armon\u00eda, con la plenitud, con la libertad; y creo que ese es el porqu\u00e9 de este espect\u00e1culo. Lleg\u00f3 un momento de mi carrera en donde me di cuenta de que necesitaba contar y cantar de su repertorio. Pienso que nos debemos silencio, escucha; nos debemos poes\u00eda, y mensajes que nos refresquen el alma. Por todo esto es que escrib\u00ed y es que los invito a vivir: &#8220;Lucas Gonz\u00e1lez canta a Nacha Guevara&#8221;.<\/p>\n\n\n\n<figure class=\"wp-block-image size-large\"><img loading=\"lazy\" decoding=\"async\" width=\"1024\" height=\"445\" src=\"https:\/\/sergiolapegue.com\/site\/wp-content\/uploads\/2024\/07\/Lucas-Gonzalez-canta-a-Nacha-Guevara-2-1024x445.jpg\" alt=\"\" class=\"wp-image-16595\" srcset=\"https:\/\/sergiolapegue.com\/site\/wp-content\/uploads\/2024\/07\/Lucas-Gonzalez-canta-a-Nacha-Guevara-2-1024x445.jpg 1024w, https:\/\/sergiolapegue.com\/site\/wp-content\/uploads\/2024\/07\/Lucas-Gonzalez-canta-a-Nacha-Guevara-2-300x130.jpg 300w, https:\/\/sergiolapegue.com\/site\/wp-content\/uploads\/2024\/07\/Lucas-Gonzalez-canta-a-Nacha-Guevara-2-768x334.jpg 768w, https:\/\/sergiolapegue.com\/site\/wp-content\/uploads\/2024\/07\/Lucas-Gonzalez-canta-a-Nacha-Guevara-2-1536x668.jpg 1536w, https:\/\/sergiolapegue.com\/site\/wp-content\/uploads\/2024\/07\/Lucas-Gonzalez-canta-a-Nacha-Guevara-2-966x420.jpg 966w, https:\/\/sergiolapegue.com\/site\/wp-content\/uploads\/2024\/07\/Lucas-Gonzalez-canta-a-Nacha-Guevara-2-696x303.jpg 696w, https:\/\/sergiolapegue.com\/site\/wp-content\/uploads\/2024\/07\/Lucas-Gonzalez-canta-a-Nacha-Guevara-2-1068x464.jpg 1068w, https:\/\/sergiolapegue.com\/site\/wp-content\/uploads\/2024\/07\/Lucas-Gonzalez-canta-a-Nacha-Guevara-2.jpg 1902w\" sizes=\"auto, (max-width: 1024px) 100vw, 1024px\" \/><\/figure>\n\n\n\n<p><strong>FICHA T\u00c9CNICO ART\u00cdSTICA<\/strong><\/p>\n\n\n\n<p><strong>Idea:<\/strong> Lucas Gonz\u00e1lez<\/p>\n\n\n\n<p><strong>Elenco:<\/strong> Lucas Gonz\u00e1lez<\/p>\n\n\n\n<p><strong>Producci\u00f3n art\u00edstica:<\/strong> Myriam Simerman<\/p>\n\n\n\n<p><strong>Preparador Vocal:<\/strong> Sebasti\u00e1n Mazzoni<\/p>\n\n\n\n<p><strong>Productora T\u00e9cnica:<\/strong> Marianella Albarrac\u00edn<\/p>\n\n\n\n<p><strong>Dise\u00f1o gr\u00e1fico:<\/strong> Eduardo Garc\u00eda<\/p>\n\n\n\n<p><strong>Asistente personal:<\/strong> B\u00e1rbara Su\u00e1rez<\/p>\n\n\n\n<p><strong>Prensa:<\/strong> BMZ Comunicaciones<\/p>\n\n\n\n<p><strong>Coordinadora de Prensa:<\/strong> Vero Larrea<\/p>\n\n\n\n<p><strong>Producci\u00f3n Ejecutiva:<\/strong> Ra\u00fal S. Alg\u00e1n<\/p>\n\n\n\n<p><strong>Producci\u00f3n General:<\/strong> Lucas Gonz\u00e1lez<\/p>\n\n\n\n<p><strong>Direcci\u00f3n General:<\/strong> Lucas Gonz\u00e1lez<\/p>\n\n\n\n<p><strong>Instagram:<\/strong> @lucasgonzalezshow<\/p>\n\n\n\n<p><strong>Duraci\u00f3n de la obra:<\/strong> 80 minutos<\/p>\n\n\n\n<figure class=\"wp-block-image size-large\"><img loading=\"lazy\" decoding=\"async\" width=\"1024\" height=\"460\" src=\"https:\/\/sergiolapegue.com\/site\/wp-content\/uploads\/2024\/07\/Lucas-Gonzalez-canta-a-Nacha-Guevara-4-1024x460.jpg\" alt=\"\" class=\"wp-image-16597\" srcset=\"https:\/\/sergiolapegue.com\/site\/wp-content\/uploads\/2024\/07\/Lucas-Gonzalez-canta-a-Nacha-Guevara-4-1024x460.jpg 1024w, https:\/\/sergiolapegue.com\/site\/wp-content\/uploads\/2024\/07\/Lucas-Gonzalez-canta-a-Nacha-Guevara-4-300x135.jpg 300w, https:\/\/sergiolapegue.com\/site\/wp-content\/uploads\/2024\/07\/Lucas-Gonzalez-canta-a-Nacha-Guevara-4-768x345.jpg 768w, https:\/\/sergiolapegue.com\/site\/wp-content\/uploads\/2024\/07\/Lucas-Gonzalez-canta-a-Nacha-Guevara-4-1536x691.jpg 1536w, https:\/\/sergiolapegue.com\/site\/wp-content\/uploads\/2024\/07\/Lucas-Gonzalez-canta-a-Nacha-Guevara-4-934x420.jpg 934w, https:\/\/sergiolapegue.com\/site\/wp-content\/uploads\/2024\/07\/Lucas-Gonzalez-canta-a-Nacha-Guevara-4-696x313.jpg 696w, https:\/\/sergiolapegue.com\/site\/wp-content\/uploads\/2024\/07\/Lucas-Gonzalez-canta-a-Nacha-Guevara-4-1068x480.jpg 1068w, https:\/\/sergiolapegue.com\/site\/wp-content\/uploads\/2024\/07\/Lucas-Gonzalez-canta-a-Nacha-Guevara-4.jpg 1888w\" sizes=\"auto, (max-width: 1024px) 100vw, 1024px\" \/><\/figure>\n\n\n\n<p><strong>TEATRO MULTIESCENA CPM<\/strong><\/p>\n\n\n\n<p>Av. Corrientes 1764 \u2013 Capital Federal \u2013 Buenos Aires \u2013 Argentina<\/p>\n\n\n\n<p>Tel\u00e9fono: 5235-3643<\/p>\n\n\n\n<p>Entradas: $ 16.000 \u2013 en la boleter\u00eda del teatro o por Plateanet<\/p>\n\n\n\n<p>Funciones: Viernes 09 y 16 de Agosto \u2013 19:30 horas<\/p>\n\n\n\n<p>\u00a0\u00a0\u00a0\u00a0\u00a0\u00a0\u00a0\u00a0\u00a0\u00a0\u00a0\u00a0\u00a0\u00a0\u00a0\u00a0 Domingo 11y 18 de Agosto \u2013 20:30 horas<\/p>\n\n\n\n<p>\u00a0 \u00a0\u00a0\u00a0\u00a0\u00a0\u00a0\u00a0\u00a0\u00a0\u00a0\u00a0\u00a0\u00a0\u00a0\u00a0Jueves 15 de Agosto \u2013 19:30 horas<\/p>\n\n\n\n<p>Gracias Marcelo Boccia de BMZ Comunicaciones por acercarnos la gacetilla de prensa del estreno de este espect\u00e1culo.<\/p>\n\n\n\n<figure class=\"wp-block-image size-large is-resized\"><img loading=\"lazy\" decoding=\"async\" width=\"769\" height=\"1024\" src=\"https:\/\/sergiolapegue.com\/site\/wp-content\/uploads\/2024\/07\/Lucas-Gonzalez-canta-a-Nacha-Guevara-Lucas-Gonzalez-769x1024.jpg\" alt=\"\" class=\"wp-image-16598\" style=\"width:335px;height:auto\" srcset=\"https:\/\/sergiolapegue.com\/site\/wp-content\/uploads\/2024\/07\/Lucas-Gonzalez-canta-a-Nacha-Guevara-Lucas-Gonzalez-769x1024.jpg 769w, https:\/\/sergiolapegue.com\/site\/wp-content\/uploads\/2024\/07\/Lucas-Gonzalez-canta-a-Nacha-Guevara-Lucas-Gonzalez-225x300.jpg 225w, https:\/\/sergiolapegue.com\/site\/wp-content\/uploads\/2024\/07\/Lucas-Gonzalez-canta-a-Nacha-Guevara-Lucas-Gonzalez-768x1022.jpg 768w, https:\/\/sergiolapegue.com\/site\/wp-content\/uploads\/2024\/07\/Lucas-Gonzalez-canta-a-Nacha-Guevara-Lucas-Gonzalez-1154x1536.jpg 1154w, https:\/\/sergiolapegue.com\/site\/wp-content\/uploads\/2024\/07\/Lucas-Gonzalez-canta-a-Nacha-Guevara-Lucas-Gonzalez-1539x2048.jpg 1539w, https:\/\/sergiolapegue.com\/site\/wp-content\/uploads\/2024\/07\/Lucas-Gonzalez-canta-a-Nacha-Guevara-Lucas-Gonzalez-316x420.jpg 316w, https:\/\/sergiolapegue.com\/site\/wp-content\/uploads\/2024\/07\/Lucas-Gonzalez-canta-a-Nacha-Guevara-Lucas-Gonzalez-696x926.jpg 696w, https:\/\/sergiolapegue.com\/site\/wp-content\/uploads\/2024\/07\/Lucas-Gonzalez-canta-a-Nacha-Guevara-Lucas-Gonzalez-1068x1422.jpg 1068w, https:\/\/sergiolapegue.com\/site\/wp-content\/uploads\/2024\/07\/Lucas-Gonzalez-canta-a-Nacha-Guevara-Lucas-Gonzalez-1920x2556.jpg 1920w, https:\/\/sergiolapegue.com\/site\/wp-content\/uploads\/2024\/07\/Lucas-Gonzalez-canta-a-Nacha-Guevara-Lucas-Gonzalez-scaled.jpg 1923w\" sizes=\"auto, (max-width: 769px) 100vw, 769px\" \/><\/figure>\n\n\n\n<p><strong>SOBRE LUCAS GONZ\u00c1LEZ<\/strong><\/p>\n\n\n\n<p>Durante m\u00e1s de una d\u00e9cada se dedic\u00f3 en exclusiva al mundo de la danza, desarroll\u00e1ndose como bailar\u00edn profesional en grandes producciones teatrales y televisivas. Forj\u00f3 su formaci\u00f3n acad\u00e9mica &#8211; entre otros &#8211; en la Escuela Nacional de Danza y en el reconocido Teatro Col\u00f3n de la Ciudad de Buenos Aires. Maestros: Silvia Panal y Mario Galizzi (Danza cl\u00e1sica) \u2013 Cristina Barnils (Danza contempor\u00e1nea) \u2013 Manuel Vallejos (Danza Jazz) \u2013 Adri\u00e1n Viola (Danza urbana). Posteriormente, tras haber integrado el elenco del prestigios\u00edsimo Grupo Caviar, contin\u00fao su carrera centr\u00e1ndose exclusivamente en el transformismo, especializ\u00e1ndose en el arte de la personificaci\u00f3n y la fonom\u00edmica. En 2017 comienza a estudiar su voz e inicia su formaci\u00f3n en canto y t\u00e9cnica vocal con el maestro Luis Al\u00fa y el foniatra Fernando Garc\u00eda Escudero. Ese mismo a\u00f1o estrena su primer unipersonal; un espect\u00e1culo de stand-up comedy llamado: \u201cUna chica con clase\u201d. En julio de 2018 se lanza como cantante y presenta su primer concierto de tangos y milongas: \u201cEl coraz\u00f3n mirando al sur\u201d; y en 2019, tras haber cumplido sus primeros 10 a\u00f1os en Espa\u00f1a, se estrena en la modalidad caf\u00e9-concert llevando al escenario: \u201cMadrid aqu\u00ed estoy\u201d, un ecl\u00e9ctico show en donde mezcla canto, personificaciones y humor. En julio de ese mismo a\u00f1o se presenta como cantante en el escenario de la Puerta del Sol en el Madrid Pride. En 2020, a consecuencia de la COVID-19, su actividad art\u00edstica se basa fundamentalmente en espect\u00e1culos on-line: &#8220;Preferidas del cabaret&#8221;, &#8220;Soy un circo&#8221; y &#8220;Drama Queen&#8221;. Posteriormente retoma su labor teatral y estrena &#8220;Soy un circo&#8221; y &#8220;Reciclatango&#8221; (junto a la bailarina Alicia Gonzal). En 2021 lleva a escena un nuevo espect\u00e1culo de cabaret: &#8220;O\u00edd mortales&#8221; y paralelamente experimenta el placer del arte callejero, llevando a las calles del centro de Madrid su querid\u00edsimo &#8220;A la puta calle&#8221;. En 2022 cumple uno de sus m\u00e1s grandes sue\u00f1os: &#8220;Lucas Gonz\u00e1lez canta a Nacha Guevara&#8221;, un musical homenaje a la gran artista argentina; llev\u00e1ndolo por varias salas madrile\u00f1as: DT Espacio Esc\u00e9nico, Azarte y La casa de Rovodorovsky. En la actualidad, tiene en cartel &#8220;New York New York&#8221; y de forma regular conduce eventos privados y diferentes cenas shows de la capital espa\u00f1ola. A nivel acad\u00e9mico, se encuentra cursando el \u00faltimo a\u00f1o de la carrera de Arte Dram\u00e1tico en EMAD &#8211; Escuela Municipal de Arte Dram\u00e1tico de la ciudad de Madrid. Maestro: Antonio Sansano y Montse Ortiz (Interpretaci\u00f3n), y contin\u00faa su formaci\u00f3n en t\u00e9cnica vocal junto al gran maestro argentino Sebasti\u00e1n Mazzoni.<\/p>\n\n\n\n<p><\/p>\n","protected":false},"excerpt":{"rendered":"<p>Luego de brillar en Madrid, llega a la Calle Corrientes \u201cLucas Gonz\u00e1lez canta a Nacha Guevara\u201d, el espect\u00e1culo con el que este artista homenajea a su gran maestra , el cual cuenta con la autorizaci\u00f3n de la Se\u00f1ora Nacha Guevara. Las funciones ser\u00e1n los d\u00edas 09, 11, 15, 16 y 18 de agosto en el [&hellip;]<\/p>\n","protected":false},"author":3,"featured_media":16599,"comment_status":"open","ping_status":"closed","sticky":false,"template":"","format":"standard","meta":{"footnotes":""},"categories":[34,56,35],"tags":[],"class_list":{"0":"post-16593","1":"post","2":"type-post","3":"status-publish","4":"format-standard","5":"has-post-thumbnail","7":"category-arte","8":"category-musica","9":"category-teatro"},"yoast_head":"<!-- This site is optimized with the Yoast SEO plugin v27.5 - https:\/\/yoast.com\/product\/yoast-seo-wordpress\/ -->\n<title>\u201cLUCAS GONZ\u00c1LEZ CANTA A NACHA GUEVARA\u201d - Sergio Lapegue<\/title>\n<meta name=\"robots\" content=\"index, follow, max-snippet:-1, max-image-preview:large, max-video-preview:-1\" \/>\n<link rel=\"canonical\" href=\"https:\/\/sergiolapegue.com\/site\/2024\/07\/30\/lucas-gonzalez-canta-a-nacha-guevara\/\" \/>\n<meta property=\"og:locale\" content=\"es_ES\" \/>\n<meta property=\"og:type\" content=\"article\" \/>\n<meta property=\"og:title\" content=\"\u201cLUCAS GONZ\u00c1LEZ CANTA A NACHA GUEVARA\u201d - Sergio Lapegue\" \/>\n<meta property=\"og:description\" content=\"Luego de brillar en Madrid, llega a la Calle Corrientes \u201cLucas Gonz\u00e1lez canta a Nacha Guevara\u201d, el espect\u00e1culo con el que este artista homenajea a su gran maestra , el cual cuenta con la autorizaci\u00f3n de la Se\u00f1ora Nacha Guevara. Las funciones ser\u00e1n los d\u00edas 09, 11, 15, 16 y 18 de agosto en el [&hellip;]\" \/>\n<meta property=\"og:url\" content=\"https:\/\/sergiolapegue.com\/site\/2024\/07\/30\/lucas-gonzalez-canta-a-nacha-guevara\/\" \/>\n<meta property=\"og:site_name\" content=\"Sergio Lapegue\" \/>\n<meta property=\"article:publisher\" content=\"https:\/\/facebook.com\/sergiolapegue\" \/>\n<meta property=\"article:author\" content=\"https:\/\/facebook.com\/danielernesto.montana\" \/>\n<meta property=\"article:published_time\" content=\"2024-07-30T12:00:00+00:00\" \/>\n<meta property=\"og:image\" content=\"https:\/\/sergiolapegue.com\/site\/wp-content\/uploads\/2024\/07\/Lucas-Gonzalez-canta-a-Nacha-Guevara-1024x1024.jpg\" \/>\n\t<meta property=\"og:image:width\" content=\"1024\" \/>\n\t<meta property=\"og:image:height\" content=\"1024\" \/>\n\t<meta property=\"og:image:type\" content=\"image\/jpeg\" \/>\n<meta name=\"author\" content=\"Daniel E. Monta\u00f1a\" \/>\n<meta name=\"twitter:card\" content=\"summary_large_image\" \/>\n<meta name=\"twitter:creator\" content=\"@https:\/\/twitter.com\/daner_004\" \/>\n<meta name=\"twitter:site\" content=\"@sergiolapegue\" \/>\n<meta name=\"twitter:label1\" content=\"Escrito por\" \/>\n\t<meta name=\"twitter:data1\" content=\"Daniel E. Monta\u00f1a\" \/>\n\t<meta name=\"twitter:label2\" content=\"Tiempo de lectura\" \/>\n\t<meta name=\"twitter:data2\" content=\"5 minutos\" \/>\n<script type=\"application\/ld+json\" class=\"yoast-schema-graph\">{\"@context\":\"https:\\\/\\\/schema.org\",\"@graph\":[{\"@type\":\"Article\",\"@id\":\"https:\\\/\\\/sergiolapegue.com\\\/site\\\/2024\\\/07\\\/30\\\/lucas-gonzalez-canta-a-nacha-guevara\\\/#article\",\"isPartOf\":{\"@id\":\"https:\\\/\\\/sergiolapegue.com\\\/site\\\/2024\\\/07\\\/30\\\/lucas-gonzalez-canta-a-nacha-guevara\\\/\"},\"author\":{\"name\":\"Daniel E. Monta\u00f1a\",\"@id\":\"https:\\\/\\\/sergiolapegue.com\\\/site\\\/#\\\/schema\\\/person\\\/9198e7dbab43c6d74d0fd5399af7c3cd\"},\"headline\":\"\u201cLUCAS GONZ\u00c1LEZ CANTA A NACHA GUEVARA\u201d\",\"datePublished\":\"2024-07-30T12:00:00+00:00\",\"mainEntityOfPage\":{\"@id\":\"https:\\\/\\\/sergiolapegue.com\\\/site\\\/2024\\\/07\\\/30\\\/lucas-gonzalez-canta-a-nacha-guevara\\\/\"},\"wordCount\":899,\"commentCount\":0,\"publisher\":{\"@id\":\"https:\\\/\\\/sergiolapegue.com\\\/site\\\/#\\\/schema\\\/person\\\/083aeceeb0734cd166779ea6c0551a37\"},\"image\":{\"@id\":\"https:\\\/\\\/sergiolapegue.com\\\/site\\\/2024\\\/07\\\/30\\\/lucas-gonzalez-canta-a-nacha-guevara\\\/#primaryimage\"},\"thumbnailUrl\":\"https:\\\/\\\/sergiolapegue.com\\\/site\\\/wp-content\\\/uploads\\\/2024\\\/07\\\/Lucas-Gonzalez-canta-a-Nacha-Guevara.jpg\",\"articleSection\":[\"Arte\",\"M\u00fasica\",\"Teatro\"],\"inLanguage\":\"es-AR\",\"potentialAction\":[{\"@type\":\"CommentAction\",\"name\":\"Comment\",\"target\":[\"https:\\\/\\\/sergiolapegue.com\\\/site\\\/2024\\\/07\\\/30\\\/lucas-gonzalez-canta-a-nacha-guevara\\\/#respond\"]}]},{\"@type\":\"WebPage\",\"@id\":\"https:\\\/\\\/sergiolapegue.com\\\/site\\\/2024\\\/07\\\/30\\\/lucas-gonzalez-canta-a-nacha-guevara\\\/\",\"url\":\"https:\\\/\\\/sergiolapegue.com\\\/site\\\/2024\\\/07\\\/30\\\/lucas-gonzalez-canta-a-nacha-guevara\\\/\",\"name\":\"\u201cLUCAS GONZ\u00c1LEZ CANTA A NACHA GUEVARA\u201d - Sergio Lapegue\",\"isPartOf\":{\"@id\":\"https:\\\/\\\/sergiolapegue.com\\\/site\\\/#website\"},\"primaryImageOfPage\":{\"@id\":\"https:\\\/\\\/sergiolapegue.com\\\/site\\\/2024\\\/07\\\/30\\\/lucas-gonzalez-canta-a-nacha-guevara\\\/#primaryimage\"},\"image\":{\"@id\":\"https:\\\/\\\/sergiolapegue.com\\\/site\\\/2024\\\/07\\\/30\\\/lucas-gonzalez-canta-a-nacha-guevara\\\/#primaryimage\"},\"thumbnailUrl\":\"https:\\\/\\\/sergiolapegue.com\\\/site\\\/wp-content\\\/uploads\\\/2024\\\/07\\\/Lucas-Gonzalez-canta-a-Nacha-Guevara.jpg\",\"datePublished\":\"2024-07-30T12:00:00+00:00\",\"breadcrumb\":{\"@id\":\"https:\\\/\\\/sergiolapegue.com\\\/site\\\/2024\\\/07\\\/30\\\/lucas-gonzalez-canta-a-nacha-guevara\\\/#breadcrumb\"},\"inLanguage\":\"es-AR\",\"potentialAction\":[{\"@type\":\"ReadAction\",\"target\":[\"https:\\\/\\\/sergiolapegue.com\\\/site\\\/2024\\\/07\\\/30\\\/lucas-gonzalez-canta-a-nacha-guevara\\\/\"]}]},{\"@type\":\"ImageObject\",\"inLanguage\":\"es-AR\",\"@id\":\"https:\\\/\\\/sergiolapegue.com\\\/site\\\/2024\\\/07\\\/30\\\/lucas-gonzalez-canta-a-nacha-guevara\\\/#primaryimage\",\"url\":\"https:\\\/\\\/sergiolapegue.com\\\/site\\\/wp-content\\\/uploads\\\/2024\\\/07\\\/Lucas-Gonzalez-canta-a-Nacha-Guevara.jpg\",\"contentUrl\":\"https:\\\/\\\/sergiolapegue.com\\\/site\\\/wp-content\\\/uploads\\\/2024\\\/07\\\/Lucas-Gonzalez-canta-a-Nacha-Guevara.jpg\",\"width\":2400,\"height\":2400},{\"@type\":\"BreadcrumbList\",\"@id\":\"https:\\\/\\\/sergiolapegue.com\\\/site\\\/2024\\\/07\\\/30\\\/lucas-gonzalez-canta-a-nacha-guevara\\\/#breadcrumb\",\"itemListElement\":[{\"@type\":\"ListItem\",\"position\":1,\"name\":\"Inicio\",\"item\":\"https:\\\/\\\/sergiolapegue.com\\\/site\\\/\"},{\"@type\":\"ListItem\",\"position\":2,\"name\":\"\u201cLUCAS GONZ\u00c1LEZ CANTA A NACHA GUEVARA\u201d\"}]},{\"@type\":\"WebSite\",\"@id\":\"https:\\\/\\\/sergiolapegue.com\\\/site\\\/#website\",\"url\":\"https:\\\/\\\/sergiolapegue.com\\\/site\\\/\",\"name\":\"Sergio Lapegue\",\"description\":\"Periodista\",\"publisher\":{\"@id\":\"https:\\\/\\\/sergiolapegue.com\\\/site\\\/#\\\/schema\\\/person\\\/083aeceeb0734cd166779ea6c0551a37\"},\"potentialAction\":[{\"@type\":\"SearchAction\",\"target\":{\"@type\":\"EntryPoint\",\"urlTemplate\":\"https:\\\/\\\/sergiolapegue.com\\\/site\\\/?s={search_term_string}\"},\"query-input\":{\"@type\":\"PropertyValueSpecification\",\"valueRequired\":true,\"valueName\":\"search_term_string\"}}],\"inLanguage\":\"es-AR\"},{\"@type\":[\"Person\",\"Organization\"],\"@id\":\"https:\\\/\\\/sergiolapegue.com\\\/site\\\/#\\\/schema\\\/person\\\/083aeceeb0734cd166779ea6c0551a37\",\"name\":\"Sergio Lapegue\",\"image\":{\"@type\":\"ImageObject\",\"inLanguage\":\"es-AR\",\"@id\":\"https:\\\/\\\/sergiolapegue.com\\\/site\\\/wp-content\\\/uploads\\\/2021\\\/04\\\/logo_header-1.png\",\"url\":\"https:\\\/\\\/sergiolapegue.com\\\/site\\\/wp-content\\\/uploads\\\/2021\\\/04\\\/logo_header-1.png\",\"contentUrl\":\"https:\\\/\\\/sergiolapegue.com\\\/site\\\/wp-content\\\/uploads\\\/2021\\\/04\\\/logo_header-1.png\",\"width\":272,\"height\":90,\"caption\":\"Sergio Lapegue\"},\"logo\":{\"@id\":\"https:\\\/\\\/sergiolapegue.com\\\/site\\\/wp-content\\\/uploads\\\/2021\\\/04\\\/logo_header-1.png\"},\"sameAs\":[\"https:\\\/\\\/facebook.com\\\/sergiolapegue\",\"https:\\\/\\\/instagram.com\\\/sergiolapegue\",\"https:\\\/\\\/x.com\\\/https:\\\/\\\/twitter.com\\\/sergiolapegue\"]},{\"@type\":\"Person\",\"@id\":\"https:\\\/\\\/sergiolapegue.com\\\/site\\\/#\\\/schema\\\/person\\\/9198e7dbab43c6d74d0fd5399af7c3cd\",\"name\":\"Daniel E. Monta\u00f1a\",\"image\":{\"@type\":\"ImageObject\",\"inLanguage\":\"es-AR\",\"@id\":\"https:\\\/\\\/sergiolapegue.com\\\/site\\\/wp-content\\\/uploads\\\/2021\\\/04\\\/sl_avatar_Daniel-150x150.jpg\",\"url\":\"https:\\\/\\\/sergiolapegue.com\\\/site\\\/wp-content\\\/uploads\\\/2021\\\/04\\\/sl_avatar_Daniel-150x150.jpg\",\"contentUrl\":\"https:\\\/\\\/sergiolapegue.com\\\/site\\\/wp-content\\\/uploads\\\/2021\\\/04\\\/sl_avatar_Daniel-150x150.jpg\",\"caption\":\"Daniel E. Monta\u00f1a\"},\"sameAs\":[\"https:\\\/\\\/facebook.com\\\/danielernesto.montana\",\"https:\\\/\\\/instagram.com\\\/daniel_montana1961\",\"https:\\\/\\\/x.com\\\/https:\\\/\\\/twitter.com\\\/daner_004\"],\"url\":\"https:\\\/\\\/sergiolapegue.com\\\/site\\\/author\\\/daniel\\\/\"}]}<\/script>\n<!-- \/ Yoast SEO plugin. -->","yoast_head_json":{"title":"\u201cLUCAS GONZ\u00c1LEZ CANTA A NACHA GUEVARA\u201d - Sergio Lapegue","robots":{"index":"index","follow":"follow","max-snippet":"max-snippet:-1","max-image-preview":"max-image-preview:large","max-video-preview":"max-video-preview:-1"},"canonical":"https:\/\/sergiolapegue.com\/site\/2024\/07\/30\/lucas-gonzalez-canta-a-nacha-guevara\/","og_locale":"es_ES","og_type":"article","og_title":"\u201cLUCAS GONZ\u00c1LEZ CANTA A NACHA GUEVARA\u201d - Sergio Lapegue","og_description":"Luego de brillar en Madrid, llega a la Calle Corrientes \u201cLucas Gonz\u00e1lez canta a Nacha Guevara\u201d, el espect\u00e1culo con el que este artista homenajea a su gran maestra , el cual cuenta con la autorizaci\u00f3n de la Se\u00f1ora Nacha Guevara. Las funciones ser\u00e1n los d\u00edas 09, 11, 15, 16 y 18 de agosto en el [&hellip;]","og_url":"https:\/\/sergiolapegue.com\/site\/2024\/07\/30\/lucas-gonzalez-canta-a-nacha-guevara\/","og_site_name":"Sergio Lapegue","article_publisher":"https:\/\/facebook.com\/sergiolapegue","article_author":"https:\/\/facebook.com\/danielernesto.montana","article_published_time":"2024-07-30T12:00:00+00:00","og_image":[{"width":1024,"height":1024,"url":"https:\/\/sergiolapegue.com\/site\/wp-content\/uploads\/2024\/07\/Lucas-Gonzalez-canta-a-Nacha-Guevara-1024x1024.jpg","type":"image\/jpeg"}],"author":"Daniel E. Monta\u00f1a","twitter_card":"summary_large_image","twitter_creator":"@https:\/\/twitter.com\/daner_004","twitter_site":"@sergiolapegue","twitter_misc":{"Escrito por":"Daniel E. Monta\u00f1a","Tiempo de lectura":"5 minutos"},"schema":{"@context":"https:\/\/schema.org","@graph":[{"@type":"Article","@id":"https:\/\/sergiolapegue.com\/site\/2024\/07\/30\/lucas-gonzalez-canta-a-nacha-guevara\/#article","isPartOf":{"@id":"https:\/\/sergiolapegue.com\/site\/2024\/07\/30\/lucas-gonzalez-canta-a-nacha-guevara\/"},"author":{"name":"Daniel E. Monta\u00f1a","@id":"https:\/\/sergiolapegue.com\/site\/#\/schema\/person\/9198e7dbab43c6d74d0fd5399af7c3cd"},"headline":"\u201cLUCAS GONZ\u00c1LEZ CANTA A NACHA GUEVARA\u201d","datePublished":"2024-07-30T12:00:00+00:00","mainEntityOfPage":{"@id":"https:\/\/sergiolapegue.com\/site\/2024\/07\/30\/lucas-gonzalez-canta-a-nacha-guevara\/"},"wordCount":899,"commentCount":0,"publisher":{"@id":"https:\/\/sergiolapegue.com\/site\/#\/schema\/person\/083aeceeb0734cd166779ea6c0551a37"},"image":{"@id":"https:\/\/sergiolapegue.com\/site\/2024\/07\/30\/lucas-gonzalez-canta-a-nacha-guevara\/#primaryimage"},"thumbnailUrl":"https:\/\/sergiolapegue.com\/site\/wp-content\/uploads\/2024\/07\/Lucas-Gonzalez-canta-a-Nacha-Guevara.jpg","articleSection":["Arte","M\u00fasica","Teatro"],"inLanguage":"es-AR","potentialAction":[{"@type":"CommentAction","name":"Comment","target":["https:\/\/sergiolapegue.com\/site\/2024\/07\/30\/lucas-gonzalez-canta-a-nacha-guevara\/#respond"]}]},{"@type":"WebPage","@id":"https:\/\/sergiolapegue.com\/site\/2024\/07\/30\/lucas-gonzalez-canta-a-nacha-guevara\/","url":"https:\/\/sergiolapegue.com\/site\/2024\/07\/30\/lucas-gonzalez-canta-a-nacha-guevara\/","name":"\u201cLUCAS GONZ\u00c1LEZ CANTA A NACHA GUEVARA\u201d - Sergio Lapegue","isPartOf":{"@id":"https:\/\/sergiolapegue.com\/site\/#website"},"primaryImageOfPage":{"@id":"https:\/\/sergiolapegue.com\/site\/2024\/07\/30\/lucas-gonzalez-canta-a-nacha-guevara\/#primaryimage"},"image":{"@id":"https:\/\/sergiolapegue.com\/site\/2024\/07\/30\/lucas-gonzalez-canta-a-nacha-guevara\/#primaryimage"},"thumbnailUrl":"https:\/\/sergiolapegue.com\/site\/wp-content\/uploads\/2024\/07\/Lucas-Gonzalez-canta-a-Nacha-Guevara.jpg","datePublished":"2024-07-30T12:00:00+00:00","breadcrumb":{"@id":"https:\/\/sergiolapegue.com\/site\/2024\/07\/30\/lucas-gonzalez-canta-a-nacha-guevara\/#breadcrumb"},"inLanguage":"es-AR","potentialAction":[{"@type":"ReadAction","target":["https:\/\/sergiolapegue.com\/site\/2024\/07\/30\/lucas-gonzalez-canta-a-nacha-guevara\/"]}]},{"@type":"ImageObject","inLanguage":"es-AR","@id":"https:\/\/sergiolapegue.com\/site\/2024\/07\/30\/lucas-gonzalez-canta-a-nacha-guevara\/#primaryimage","url":"https:\/\/sergiolapegue.com\/site\/wp-content\/uploads\/2024\/07\/Lucas-Gonzalez-canta-a-Nacha-Guevara.jpg","contentUrl":"https:\/\/sergiolapegue.com\/site\/wp-content\/uploads\/2024\/07\/Lucas-Gonzalez-canta-a-Nacha-Guevara.jpg","width":2400,"height":2400},{"@type":"BreadcrumbList","@id":"https:\/\/sergiolapegue.com\/site\/2024\/07\/30\/lucas-gonzalez-canta-a-nacha-guevara\/#breadcrumb","itemListElement":[{"@type":"ListItem","position":1,"name":"Inicio","item":"https:\/\/sergiolapegue.com\/site\/"},{"@type":"ListItem","position":2,"name":"\u201cLUCAS GONZ\u00c1LEZ CANTA A NACHA GUEVARA\u201d"}]},{"@type":"WebSite","@id":"https:\/\/sergiolapegue.com\/site\/#website","url":"https:\/\/sergiolapegue.com\/site\/","name":"Sergio Lapegue","description":"Periodista","publisher":{"@id":"https:\/\/sergiolapegue.com\/site\/#\/schema\/person\/083aeceeb0734cd166779ea6c0551a37"},"potentialAction":[{"@type":"SearchAction","target":{"@type":"EntryPoint","urlTemplate":"https:\/\/sergiolapegue.com\/site\/?s={search_term_string}"},"query-input":{"@type":"PropertyValueSpecification","valueRequired":true,"valueName":"search_term_string"}}],"inLanguage":"es-AR"},{"@type":["Person","Organization"],"@id":"https:\/\/sergiolapegue.com\/site\/#\/schema\/person\/083aeceeb0734cd166779ea6c0551a37","name":"Sergio Lapegue","image":{"@type":"ImageObject","inLanguage":"es-AR","@id":"https:\/\/sergiolapegue.com\/site\/wp-content\/uploads\/2021\/04\/logo_header-1.png","url":"https:\/\/sergiolapegue.com\/site\/wp-content\/uploads\/2021\/04\/logo_header-1.png","contentUrl":"https:\/\/sergiolapegue.com\/site\/wp-content\/uploads\/2021\/04\/logo_header-1.png","width":272,"height":90,"caption":"Sergio Lapegue"},"logo":{"@id":"https:\/\/sergiolapegue.com\/site\/wp-content\/uploads\/2021\/04\/logo_header-1.png"},"sameAs":["https:\/\/facebook.com\/sergiolapegue","https:\/\/instagram.com\/sergiolapegue","https:\/\/x.com\/https:\/\/twitter.com\/sergiolapegue"]},{"@type":"Person","@id":"https:\/\/sergiolapegue.com\/site\/#\/schema\/person\/9198e7dbab43c6d74d0fd5399af7c3cd","name":"Daniel E. Monta\u00f1a","image":{"@type":"ImageObject","inLanguage":"es-AR","@id":"https:\/\/sergiolapegue.com\/site\/wp-content\/uploads\/2021\/04\/sl_avatar_Daniel-150x150.jpg","url":"https:\/\/sergiolapegue.com\/site\/wp-content\/uploads\/2021\/04\/sl_avatar_Daniel-150x150.jpg","contentUrl":"https:\/\/sergiolapegue.com\/site\/wp-content\/uploads\/2021\/04\/sl_avatar_Daniel-150x150.jpg","caption":"Daniel E. Monta\u00f1a"},"sameAs":["https:\/\/facebook.com\/danielernesto.montana","https:\/\/instagram.com\/daniel_montana1961","https:\/\/x.com\/https:\/\/twitter.com\/daner_004"],"url":"https:\/\/sergiolapegue.com\/site\/author\/daniel\/"}]}},"_links":{"self":[{"href":"https:\/\/sergiolapegue.com\/site\/wp-json\/wp\/v2\/posts\/16593","targetHints":{"allow":["GET"]}}],"collection":[{"href":"https:\/\/sergiolapegue.com\/site\/wp-json\/wp\/v2\/posts"}],"about":[{"href":"https:\/\/sergiolapegue.com\/site\/wp-json\/wp\/v2\/types\/post"}],"author":[{"embeddable":true,"href":"https:\/\/sergiolapegue.com\/site\/wp-json\/wp\/v2\/users\/3"}],"replies":[{"embeddable":true,"href":"https:\/\/sergiolapegue.com\/site\/wp-json\/wp\/v2\/comments?post=16593"}],"version-history":[{"count":1,"href":"https:\/\/sergiolapegue.com\/site\/wp-json\/wp\/v2\/posts\/16593\/revisions"}],"predecessor-version":[{"id":16600,"href":"https:\/\/sergiolapegue.com\/site\/wp-json\/wp\/v2\/posts\/16593\/revisions\/16600"}],"wp:featuredmedia":[{"embeddable":true,"href":"https:\/\/sergiolapegue.com\/site\/wp-json\/wp\/v2\/media\/16599"}],"wp:attachment":[{"href":"https:\/\/sergiolapegue.com\/site\/wp-json\/wp\/v2\/media?parent=16593"}],"wp:term":[{"taxonomy":"category","embeddable":true,"href":"https:\/\/sergiolapegue.com\/site\/wp-json\/wp\/v2\/categories?post=16593"},{"taxonomy":"post_tag","embeddable":true,"href":"https:\/\/sergiolapegue.com\/site\/wp-json\/wp\/v2\/tags?post=16593"}],"curies":[{"name":"wp","href":"https:\/\/api.w.org\/{rel}","templated":true}]}}