{"id":16509,"date":"2024-07-30T09:34:00","date_gmt":"2024-07-30T12:34:00","guid":{"rendered":"https:\/\/sergiolapegue.com\/site\/?p=16509"},"modified":"2024-07-25T15:40:08","modified_gmt":"2024-07-25T18:40:08","slug":"autocuidado-un-compromiso-con-nuestra-salud","status":"publish","type":"post","link":"https:\/\/sergiolapegue.com\/site\/2024\/07\/30\/autocuidado-un-compromiso-con-nuestra-salud\/","title":{"rendered":"Autocuidado: un compromiso con nuestra salud"},"content":{"rendered":"\n<p><strong>\u00bfqu\u00e9 es el autocuidado?<\/strong><br>M\u00e1s all\u00e1 de una responsabilidad, el autocuidado es una estrategia para prevenir enfermedades y promover conductas saludables, convirti\u00e9ndonos en protagonistas de nuestro propio bienestar. \u201cLas pr\u00e1cticas de autocuidado var\u00edan seg\u00fan las necesidades e intereses de cada persona, pero todas persiguen un objetivo com\u00fan: la conservaci\u00f3n de la salud\u201d, explica Ailin Catal\u00e1, especialista en Comunicaci\u00f3n en Salud y Jefa de Comunicaci\u00f3n Institucional de OSPEDYC.<\/p>\n\n\n\n<p><br>Incorporar rutinas de autocuidado en nuestro d\u00eda a d\u00eda es fundamental para mejorar nuestra calidad de vida y prevenir enfermedades. Esto incluye una alimentaci\u00f3n adecuada, la realizaci\u00f3n de actividades f\u00edsicas saludables, mantener buenas relaciones sociales, reconocer y valorar las propias emociones, y descansar cuando sea necesario, entre otras actividades de cuidado personal. Incorporar rutinas de autocuidado es importante para prevenir enfermedades tanto f\u00edsicas como mentales -como la ansiedad y la depresi\u00f3n-, y<br>para la recuperaci\u00f3n en el caso de estar transitando alguna enfermedad. &#8220;Incluso peque\u00f1as acciones como usar el cintur\u00f3n de seguridad en todos los asientos, cruzar la calle con prudencia, mantener una buena higiene dental, asegurar una adecuada ventilaci\u00f3n para prevenir intoxicaciones por mon\u00f3xido de carbono, conocer los antecedentes m\u00e9dicos familiares para realizar los chequeos pertinentes, son solo algunas de las m\u00faltiples formas de autocuidado que podemos implementar de manera inmediata y que marcan una gran<br>diferencia\u201d, comparte la especialista en Comunicaci\u00f3n en Salud.<\/p>\n\n\n\n<figure class=\"wp-block-image size-large is-style-rounded\"><img loading=\"lazy\" decoding=\"async\" width=\"1024\" height=\"683\" src=\"https:\/\/sergiolapegue.com\/site\/wp-content\/uploads\/2024\/07\/autocuidado02-1024x683.jpg\" alt=\"\" class=\"wp-image-16511\" srcset=\"https:\/\/sergiolapegue.com\/site\/wp-content\/uploads\/2024\/07\/autocuidado02-1024x683.jpg 1024w, https:\/\/sergiolapegue.com\/site\/wp-content\/uploads\/2024\/07\/autocuidado02-300x200.jpg 300w, https:\/\/sergiolapegue.com\/site\/wp-content\/uploads\/2024\/07\/autocuidado02-768x512.jpg 768w, https:\/\/sergiolapegue.com\/site\/wp-content\/uploads\/2024\/07\/autocuidado02-630x420.jpg 630w, https:\/\/sergiolapegue.com\/site\/wp-content\/uploads\/2024\/07\/autocuidado02-696x464.jpg 696w, https:\/\/sergiolapegue.com\/site\/wp-content\/uploads\/2024\/07\/autocuidado02-1068x712.jpg 1068w, https:\/\/sergiolapegue.com\/site\/wp-content\/uploads\/2024\/07\/autocuidado02.jpg 1254w\" sizes=\"auto, (max-width: 1024px) 100vw, 1024px\" \/><\/figure>\n\n\n\n<p><br>\u00bfC\u00f3mo podemos cuidarnos en diferentes dimensiones?<br>El autocuidado f\u00edsico incluye mantener una alimentaci\u00f3n saludable, adoptar h\u00e1bitos de higiene adecuados, seguir un r\u00e9gimen de sue\u00f1o apropiado, realizar actividad f\u00edsica regular, prevenir y atender enfermedades, y realizar los chequeos anuales necesarios.<\/p>\n\n\n\n<p><br>El autocuidado cognitivo implica estimular nuestras facultades intelectuales, el pensamiento cr\u00edtico, la creatividad y otras competencias, as\u00ed como aprender y desarrollar habilidades de inter\u00e9s personal. <\/p>\n\n\n\n<p><br>El autocuidado social se enfoca en construir v\u00ednculos y conexiones saludables, mantener una red de apoyo, cuidar las relaciones y ser consciente del impacto de ciertas influencias sociales. El autocuidado emocional consiste en identificar y gestionar nuestras emociones, practicar t\u00e9cnicas de relajaci\u00f3n y buscar ayuda profesional si es necesario.<\/p>\n\n\n\n<p><br>\u201cEs importante comprender que la prevenci\u00f3n de enfermedades no es responsabilidad exclusiva de los equipos de salud, sino una herramienta que influye en cada decisi\u00f3n que tomamos a diario. Por eso, cambiar nuestra percepci\u00f3n sobre la prevenci\u00f3n y verla no como una carga, sino como una oportunidad para vivir plenamente, es fundamental para el cuidado de uno mismo\u201d, afirma la especialista Ailin Catal\u00e1. Adem\u00e1s, adoptar h\u00e1bitos saludables no solo mejora la calidad de vida personal, sino que tambi\u00e9n fortalece la salud<br>p\u00fablica, apoya a la econom\u00eda nacional y contribuye al bienestar general de la comunidad.<\/p>\n\n\n\n<p>En este D\u00eda Internacional del Autocuidado, tomemos consciencia de la importancia de cuidarnos a nosotros mismos y hagamos de la salud una prioridad. \u201cCada elecci\u00f3n que realizamos hoy es una inversi\u00f3n en nuestro futuro, ya que vivir de manera saludable no solo contribuye a nuestra longevidad, sino que tambi\u00e9n enriquece la calidad de cada momento que vivimos\u201d, concluye la Jefa de Comunicaci\u00f3n Institucional de OSPEDYC.<\/p>\n\n\n\n<figure class=\"wp-block-image size-large is-style-rounded\"><img loading=\"lazy\" decoding=\"async\" width=\"1024\" height=\"683\" src=\"https:\/\/sergiolapegue.com\/site\/wp-content\/uploads\/2024\/07\/autocuidado03-1024x683.jpg\" alt=\"\" class=\"wp-image-16510\" srcset=\"https:\/\/sergiolapegue.com\/site\/wp-content\/uploads\/2024\/07\/autocuidado03-1024x683.jpg 1024w, https:\/\/sergiolapegue.com\/site\/wp-content\/uploads\/2024\/07\/autocuidado03-300x200.jpg 300w, https:\/\/sergiolapegue.com\/site\/wp-content\/uploads\/2024\/07\/autocuidado03-768x512.jpg 768w, https:\/\/sergiolapegue.com\/site\/wp-content\/uploads\/2024\/07\/autocuidado03-630x420.jpg 630w, https:\/\/sergiolapegue.com\/site\/wp-content\/uploads\/2024\/07\/autocuidado03-696x464.jpg 696w, https:\/\/sergiolapegue.com\/site\/wp-content\/uploads\/2024\/07\/autocuidado03-1068x712.jpg 1068w, https:\/\/sergiolapegue.com\/site\/wp-content\/uploads\/2024\/07\/autocuidado03.jpg 1200w\" sizes=\"auto, (max-width: 1024px) 100vw, 1024px\" \/><\/figure>\n\n\n\n<p><strong>Acerca de OSPEDYC<\/strong><br>OSPEDYC es una obra social con origen en UTEDYC- Uni\u00f3n Trabajadores de Entidades Deportivas y Civiles-, creada para cuidar la salud de sus beneficiarios, as\u00ed como tambi\u00e9n la de sus afiliados voluntarios. Fiel a sus valores -solidaridad, igualdad y eficiencia-, OSPEDYC ofrece un servicio de cobertura m\u00e9dica nacional para la atenci\u00f3n integral de todos sus usuarios. Con m\u00e1s de 120 mil afiliados, 10 centros m\u00e9dicos propios y un desarrollo continuo en materia de infraestructura, servicios, equipamiento tecnol\u00f3gico y recursos humanos, OSPEDYC se posiciona como una instituci\u00f3n l\u00edder dentro del sistema de<br>seguridad social. M\u00e1s informaci\u00f3n en: <a href=\"https:\/\/www.ospedyc.org.ar\/nuevositio\/index.aspx\" target=\"_blank\" rel=\"noreferrer noopener\">https:\/\/www.ospedyc.org.ar\/nuevositio\/index.aspx<\/a><\/p>\n","protected":false},"excerpt":{"rendered":"<p>\u00bfqu\u00e9 es el autocuidado?M\u00e1s all\u00e1 de una responsabilidad, el autocuidado es una estrategia para prevenir enfermedades y promover conductas saludables, convirti\u00e9ndonos en protagonistas de nuestro propio bienestar. \u201cLas pr\u00e1cticas de autocuidado var\u00edan seg\u00fan las necesidades e intereses de cada persona, pero todas persiguen un objetivo com\u00fan: la conservaci\u00f3n de la salud\u201d, explica Ailin Catal\u00e1, especialista [&hellip;]<\/p>\n","protected":false},"author":4,"featured_media":16512,"comment_status":"closed","ping_status":"closed","sticky":false,"template":"","format":"standard","meta":{"footnotes":""},"categories":[38,40],"tags":[3666,2844,157,854,3667,1986,3668,66],"class_list":{"0":"post-16509","1":"post","2":"type-post","3":"status-publish","4":"format-standard","5":"has-post-thumbnail","7":"category-actualidad","8":"category-salud","9":"tag-autocuidado","10":"tag-compromiso","11":"tag-enfermedad","12":"tag-prevenir","13":"tag-promover","14":"tag-responsabilidad","15":"tag-rutinas","16":"tag-salud"},"yoast_head":"<!-- This site is optimized with the Yoast SEO plugin v27.5 - https:\/\/yoast.com\/product\/yoast-seo-wordpress\/ -->\n<title>Autocuidado: un compromiso con nuestra salud - Sergio Lapegue<\/title>\n<meta name=\"robots\" content=\"index, follow, max-snippet:-1, max-image-preview:large, max-video-preview:-1\" \/>\n<link rel=\"canonical\" href=\"https:\/\/sergiolapegue.com\/site\/2024\/07\/30\/autocuidado-un-compromiso-con-nuestra-salud\/\" \/>\n<meta property=\"og:locale\" content=\"es_ES\" \/>\n<meta property=\"og:type\" content=\"article\" \/>\n<meta property=\"og:title\" content=\"Autocuidado: un compromiso con nuestra salud - Sergio Lapegue\" \/>\n<meta property=\"og:description\" content=\"\u00bfqu\u00e9 es el autocuidado?M\u00e1s all\u00e1 de una responsabilidad, el autocuidado es una estrategia para prevenir enfermedades y promover conductas saludables, convirti\u00e9ndonos en protagonistas de nuestro propio bienestar. \u201cLas pr\u00e1cticas de autocuidado var\u00edan seg\u00fan las necesidades e intereses de cada persona, pero todas persiguen un objetivo com\u00fan: la conservaci\u00f3n de la salud\u201d, explica Ailin Catal\u00e1, especialista [&hellip;]\" \/>\n<meta property=\"og:url\" content=\"https:\/\/sergiolapegue.com\/site\/2024\/07\/30\/autocuidado-un-compromiso-con-nuestra-salud\/\" \/>\n<meta property=\"og:site_name\" content=\"Sergio Lapegue\" \/>\n<meta property=\"article:publisher\" content=\"https:\/\/facebook.com\/sergiolapegue\" \/>\n<meta property=\"article:published_time\" content=\"2024-07-30T12:34:00+00:00\" \/>\n<meta property=\"og:image\" content=\"https:\/\/sergiolapegue.com\/site\/wp-content\/uploads\/2024\/07\/autocuidado01.jpg\" \/>\n\t<meta property=\"og:image:width\" content=\"1024\" \/>\n\t<meta property=\"og:image:height\" content=\"1024\" \/>\n\t<meta property=\"og:image:type\" content=\"image\/jpeg\" \/>\n<meta name=\"author\" content=\"Leonardo Monta\u00f1a\" \/>\n<meta name=\"twitter:card\" content=\"summary_large_image\" \/>\n<meta name=\"twitter:creator\" content=\"@https:\/\/twitter.com\/soytoto81\" \/>\n<meta name=\"twitter:site\" content=\"@sergiolapegue\" \/>\n<meta name=\"twitter:label1\" content=\"Escrito por\" \/>\n\t<meta name=\"twitter:data1\" content=\"Leonardo Monta\u00f1a\" \/>\n\t<meta name=\"twitter:label2\" content=\"Tiempo de lectura\" \/>\n\t<meta name=\"twitter:data2\" content=\"4 minutos\" \/>\n<script type=\"application\/ld+json\" class=\"yoast-schema-graph\">{\"@context\":\"https:\\\/\\\/schema.org\",\"@graph\":[{\"@type\":\"Article\",\"@id\":\"https:\\\/\\\/sergiolapegue.com\\\/site\\\/2024\\\/07\\\/30\\\/autocuidado-un-compromiso-con-nuestra-salud\\\/#article\",\"isPartOf\":{\"@id\":\"https:\\\/\\\/sergiolapegue.com\\\/site\\\/2024\\\/07\\\/30\\\/autocuidado-un-compromiso-con-nuestra-salud\\\/\"},\"author\":{\"name\":\"Leonardo Monta\u00f1a\",\"@id\":\"https:\\\/\\\/sergiolapegue.com\\\/site\\\/#\\\/schema\\\/person\\\/00adf937d010c7f79a180dc4916a40e0\"},\"headline\":\"Autocuidado: un compromiso con nuestra salud\",\"datePublished\":\"2024-07-30T12:34:00+00:00\",\"mainEntityOfPage\":{\"@id\":\"https:\\\/\\\/sergiolapegue.com\\\/site\\\/2024\\\/07\\\/30\\\/autocuidado-un-compromiso-con-nuestra-salud\\\/\"},\"wordCount\":663,\"publisher\":{\"@id\":\"https:\\\/\\\/sergiolapegue.com\\\/site\\\/#\\\/schema\\\/person\\\/083aeceeb0734cd166779ea6c0551a37\"},\"image\":{\"@id\":\"https:\\\/\\\/sergiolapegue.com\\\/site\\\/2024\\\/07\\\/30\\\/autocuidado-un-compromiso-con-nuestra-salud\\\/#primaryimage\"},\"thumbnailUrl\":\"https:\\\/\\\/sergiolapegue.com\\\/site\\\/wp-content\\\/uploads\\\/2024\\\/07\\\/autocuidado01.jpg\",\"keywords\":[\"autocuidado\",\"compromiso\",\"enfermedad\",\"prevenir\",\"promover\",\"responsabilidad\",\"rutinas\",\"salud\"],\"articleSection\":[\"Actualidad\",\"Salud\"],\"inLanguage\":\"es-AR\"},{\"@type\":\"WebPage\",\"@id\":\"https:\\\/\\\/sergiolapegue.com\\\/site\\\/2024\\\/07\\\/30\\\/autocuidado-un-compromiso-con-nuestra-salud\\\/\",\"url\":\"https:\\\/\\\/sergiolapegue.com\\\/site\\\/2024\\\/07\\\/30\\\/autocuidado-un-compromiso-con-nuestra-salud\\\/\",\"name\":\"Autocuidado: un compromiso con nuestra salud - Sergio Lapegue\",\"isPartOf\":{\"@id\":\"https:\\\/\\\/sergiolapegue.com\\\/site\\\/#website\"},\"primaryImageOfPage\":{\"@id\":\"https:\\\/\\\/sergiolapegue.com\\\/site\\\/2024\\\/07\\\/30\\\/autocuidado-un-compromiso-con-nuestra-salud\\\/#primaryimage\"},\"image\":{\"@id\":\"https:\\\/\\\/sergiolapegue.com\\\/site\\\/2024\\\/07\\\/30\\\/autocuidado-un-compromiso-con-nuestra-salud\\\/#primaryimage\"},\"thumbnailUrl\":\"https:\\\/\\\/sergiolapegue.com\\\/site\\\/wp-content\\\/uploads\\\/2024\\\/07\\\/autocuidado01.jpg\",\"datePublished\":\"2024-07-30T12:34:00+00:00\",\"breadcrumb\":{\"@id\":\"https:\\\/\\\/sergiolapegue.com\\\/site\\\/2024\\\/07\\\/30\\\/autocuidado-un-compromiso-con-nuestra-salud\\\/#breadcrumb\"},\"inLanguage\":\"es-AR\",\"potentialAction\":[{\"@type\":\"ReadAction\",\"target\":[\"https:\\\/\\\/sergiolapegue.com\\\/site\\\/2024\\\/07\\\/30\\\/autocuidado-un-compromiso-con-nuestra-salud\\\/\"]}]},{\"@type\":\"ImageObject\",\"inLanguage\":\"es-AR\",\"@id\":\"https:\\\/\\\/sergiolapegue.com\\\/site\\\/2024\\\/07\\\/30\\\/autocuidado-un-compromiso-con-nuestra-salud\\\/#primaryimage\",\"url\":\"https:\\\/\\\/sergiolapegue.com\\\/site\\\/wp-content\\\/uploads\\\/2024\\\/07\\\/autocuidado01.jpg\",\"contentUrl\":\"https:\\\/\\\/sergiolapegue.com\\\/site\\\/wp-content\\\/uploads\\\/2024\\\/07\\\/autocuidado01.jpg\",\"width\":1024,\"height\":1024},{\"@type\":\"BreadcrumbList\",\"@id\":\"https:\\\/\\\/sergiolapegue.com\\\/site\\\/2024\\\/07\\\/30\\\/autocuidado-un-compromiso-con-nuestra-salud\\\/#breadcrumb\",\"itemListElement\":[{\"@type\":\"ListItem\",\"position\":1,\"name\":\"Inicio\",\"item\":\"https:\\\/\\\/sergiolapegue.com\\\/site\\\/\"},{\"@type\":\"ListItem\",\"position\":2,\"name\":\"Autocuidado: un compromiso con nuestra salud\"}]},{\"@type\":\"WebSite\",\"@id\":\"https:\\\/\\\/sergiolapegue.com\\\/site\\\/#website\",\"url\":\"https:\\\/\\\/sergiolapegue.com\\\/site\\\/\",\"name\":\"Sergio Lapegue\",\"description\":\"Periodista\",\"publisher\":{\"@id\":\"https:\\\/\\\/sergiolapegue.com\\\/site\\\/#\\\/schema\\\/person\\\/083aeceeb0734cd166779ea6c0551a37\"},\"potentialAction\":[{\"@type\":\"SearchAction\",\"target\":{\"@type\":\"EntryPoint\",\"urlTemplate\":\"https:\\\/\\\/sergiolapegue.com\\\/site\\\/?s={search_term_string}\"},\"query-input\":{\"@type\":\"PropertyValueSpecification\",\"valueRequired\":true,\"valueName\":\"search_term_string\"}}],\"inLanguage\":\"es-AR\"},{\"@type\":[\"Person\",\"Organization\"],\"@id\":\"https:\\\/\\\/sergiolapegue.com\\\/site\\\/#\\\/schema\\\/person\\\/083aeceeb0734cd166779ea6c0551a37\",\"name\":\"Sergio Lapegue\",\"image\":{\"@type\":\"ImageObject\",\"inLanguage\":\"es-AR\",\"@id\":\"https:\\\/\\\/sergiolapegue.com\\\/site\\\/wp-content\\\/uploads\\\/2021\\\/04\\\/logo_header-1.png\",\"url\":\"https:\\\/\\\/sergiolapegue.com\\\/site\\\/wp-content\\\/uploads\\\/2021\\\/04\\\/logo_header-1.png\",\"contentUrl\":\"https:\\\/\\\/sergiolapegue.com\\\/site\\\/wp-content\\\/uploads\\\/2021\\\/04\\\/logo_header-1.png\",\"width\":272,\"height\":90,\"caption\":\"Sergio Lapegue\"},\"logo\":{\"@id\":\"https:\\\/\\\/sergiolapegue.com\\\/site\\\/wp-content\\\/uploads\\\/2021\\\/04\\\/logo_header-1.png\"},\"sameAs\":[\"https:\\\/\\\/facebook.com\\\/sergiolapegue\",\"https:\\\/\\\/instagram.com\\\/sergiolapegue\",\"https:\\\/\\\/x.com\\\/https:\\\/\\\/twitter.com\\\/sergiolapegue\"]},{\"@type\":\"Person\",\"@id\":\"https:\\\/\\\/sergiolapegue.com\\\/site\\\/#\\\/schema\\\/person\\\/00adf937d010c7f79a180dc4916a40e0\",\"name\":\"Leonardo Monta\u00f1a\",\"image\":{\"@type\":\"ImageObject\",\"inLanguage\":\"es-AR\",\"@id\":\"https:\\\/\\\/sergiolapegue.com\\\/site\\\/wp-content\\\/uploads\\\/2021\\\/04\\\/sl_avatar_Leonardo-150x150.jpg\",\"url\":\"https:\\\/\\\/sergiolapegue.com\\\/site\\\/wp-content\\\/uploads\\\/2021\\\/04\\\/sl_avatar_Leonardo-150x150.jpg\",\"contentUrl\":\"https:\\\/\\\/sergiolapegue.com\\\/site\\\/wp-content\\\/uploads\\\/2021\\\/04\\\/sl_avatar_Leonardo-150x150.jpg\",\"caption\":\"Leonardo Monta\u00f1a\"},\"sameAs\":[\"https:\\\/\\\/x.com\\\/https:\\\/\\\/twitter.com\\\/soytoto81\"],\"url\":\"https:\\\/\\\/sergiolapegue.com\\\/site\\\/author\\\/leonardo\\\/\"}]}<\/script>\n<!-- \/ Yoast SEO plugin. -->","yoast_head_json":{"title":"Autocuidado: un compromiso con nuestra salud - Sergio Lapegue","robots":{"index":"index","follow":"follow","max-snippet":"max-snippet:-1","max-image-preview":"max-image-preview:large","max-video-preview":"max-video-preview:-1"},"canonical":"https:\/\/sergiolapegue.com\/site\/2024\/07\/30\/autocuidado-un-compromiso-con-nuestra-salud\/","og_locale":"es_ES","og_type":"article","og_title":"Autocuidado: un compromiso con nuestra salud - Sergio Lapegue","og_description":"\u00bfqu\u00e9 es el autocuidado?M\u00e1s all\u00e1 de una responsabilidad, el autocuidado es una estrategia para prevenir enfermedades y promover conductas saludables, convirti\u00e9ndonos en protagonistas de nuestro propio bienestar. \u201cLas pr\u00e1cticas de autocuidado var\u00edan seg\u00fan las necesidades e intereses de cada persona, pero todas persiguen un objetivo com\u00fan: la conservaci\u00f3n de la salud\u201d, explica Ailin Catal\u00e1, especialista [&hellip;]","og_url":"https:\/\/sergiolapegue.com\/site\/2024\/07\/30\/autocuidado-un-compromiso-con-nuestra-salud\/","og_site_name":"Sergio Lapegue","article_publisher":"https:\/\/facebook.com\/sergiolapegue","article_published_time":"2024-07-30T12:34:00+00:00","og_image":[{"width":1024,"height":1024,"url":"https:\/\/sergiolapegue.com\/site\/wp-content\/uploads\/2024\/07\/autocuidado01.jpg","type":"image\/jpeg"}],"author":"Leonardo Monta\u00f1a","twitter_card":"summary_large_image","twitter_creator":"@https:\/\/twitter.com\/soytoto81","twitter_site":"@sergiolapegue","twitter_misc":{"Escrito por":"Leonardo Monta\u00f1a","Tiempo de lectura":"4 minutos"},"schema":{"@context":"https:\/\/schema.org","@graph":[{"@type":"Article","@id":"https:\/\/sergiolapegue.com\/site\/2024\/07\/30\/autocuidado-un-compromiso-con-nuestra-salud\/#article","isPartOf":{"@id":"https:\/\/sergiolapegue.com\/site\/2024\/07\/30\/autocuidado-un-compromiso-con-nuestra-salud\/"},"author":{"name":"Leonardo Monta\u00f1a","@id":"https:\/\/sergiolapegue.com\/site\/#\/schema\/person\/00adf937d010c7f79a180dc4916a40e0"},"headline":"Autocuidado: un compromiso con nuestra salud","datePublished":"2024-07-30T12:34:00+00:00","mainEntityOfPage":{"@id":"https:\/\/sergiolapegue.com\/site\/2024\/07\/30\/autocuidado-un-compromiso-con-nuestra-salud\/"},"wordCount":663,"publisher":{"@id":"https:\/\/sergiolapegue.com\/site\/#\/schema\/person\/083aeceeb0734cd166779ea6c0551a37"},"image":{"@id":"https:\/\/sergiolapegue.com\/site\/2024\/07\/30\/autocuidado-un-compromiso-con-nuestra-salud\/#primaryimage"},"thumbnailUrl":"https:\/\/sergiolapegue.com\/site\/wp-content\/uploads\/2024\/07\/autocuidado01.jpg","keywords":["autocuidado","compromiso","enfermedad","prevenir","promover","responsabilidad","rutinas","salud"],"articleSection":["Actualidad","Salud"],"inLanguage":"es-AR"},{"@type":"WebPage","@id":"https:\/\/sergiolapegue.com\/site\/2024\/07\/30\/autocuidado-un-compromiso-con-nuestra-salud\/","url":"https:\/\/sergiolapegue.com\/site\/2024\/07\/30\/autocuidado-un-compromiso-con-nuestra-salud\/","name":"Autocuidado: un compromiso con nuestra salud - Sergio Lapegue","isPartOf":{"@id":"https:\/\/sergiolapegue.com\/site\/#website"},"primaryImageOfPage":{"@id":"https:\/\/sergiolapegue.com\/site\/2024\/07\/30\/autocuidado-un-compromiso-con-nuestra-salud\/#primaryimage"},"image":{"@id":"https:\/\/sergiolapegue.com\/site\/2024\/07\/30\/autocuidado-un-compromiso-con-nuestra-salud\/#primaryimage"},"thumbnailUrl":"https:\/\/sergiolapegue.com\/site\/wp-content\/uploads\/2024\/07\/autocuidado01.jpg","datePublished":"2024-07-30T12:34:00+00:00","breadcrumb":{"@id":"https:\/\/sergiolapegue.com\/site\/2024\/07\/30\/autocuidado-un-compromiso-con-nuestra-salud\/#breadcrumb"},"inLanguage":"es-AR","potentialAction":[{"@type":"ReadAction","target":["https:\/\/sergiolapegue.com\/site\/2024\/07\/30\/autocuidado-un-compromiso-con-nuestra-salud\/"]}]},{"@type":"ImageObject","inLanguage":"es-AR","@id":"https:\/\/sergiolapegue.com\/site\/2024\/07\/30\/autocuidado-un-compromiso-con-nuestra-salud\/#primaryimage","url":"https:\/\/sergiolapegue.com\/site\/wp-content\/uploads\/2024\/07\/autocuidado01.jpg","contentUrl":"https:\/\/sergiolapegue.com\/site\/wp-content\/uploads\/2024\/07\/autocuidado01.jpg","width":1024,"height":1024},{"@type":"BreadcrumbList","@id":"https:\/\/sergiolapegue.com\/site\/2024\/07\/30\/autocuidado-un-compromiso-con-nuestra-salud\/#breadcrumb","itemListElement":[{"@type":"ListItem","position":1,"name":"Inicio","item":"https:\/\/sergiolapegue.com\/site\/"},{"@type":"ListItem","position":2,"name":"Autocuidado: un compromiso con nuestra salud"}]},{"@type":"WebSite","@id":"https:\/\/sergiolapegue.com\/site\/#website","url":"https:\/\/sergiolapegue.com\/site\/","name":"Sergio Lapegue","description":"Periodista","publisher":{"@id":"https:\/\/sergiolapegue.com\/site\/#\/schema\/person\/083aeceeb0734cd166779ea6c0551a37"},"potentialAction":[{"@type":"SearchAction","target":{"@type":"EntryPoint","urlTemplate":"https:\/\/sergiolapegue.com\/site\/?s={search_term_string}"},"query-input":{"@type":"PropertyValueSpecification","valueRequired":true,"valueName":"search_term_string"}}],"inLanguage":"es-AR"},{"@type":["Person","Organization"],"@id":"https:\/\/sergiolapegue.com\/site\/#\/schema\/person\/083aeceeb0734cd166779ea6c0551a37","name":"Sergio Lapegue","image":{"@type":"ImageObject","inLanguage":"es-AR","@id":"https:\/\/sergiolapegue.com\/site\/wp-content\/uploads\/2021\/04\/logo_header-1.png","url":"https:\/\/sergiolapegue.com\/site\/wp-content\/uploads\/2021\/04\/logo_header-1.png","contentUrl":"https:\/\/sergiolapegue.com\/site\/wp-content\/uploads\/2021\/04\/logo_header-1.png","width":272,"height":90,"caption":"Sergio Lapegue"},"logo":{"@id":"https:\/\/sergiolapegue.com\/site\/wp-content\/uploads\/2021\/04\/logo_header-1.png"},"sameAs":["https:\/\/facebook.com\/sergiolapegue","https:\/\/instagram.com\/sergiolapegue","https:\/\/x.com\/https:\/\/twitter.com\/sergiolapegue"]},{"@type":"Person","@id":"https:\/\/sergiolapegue.com\/site\/#\/schema\/person\/00adf937d010c7f79a180dc4916a40e0","name":"Leonardo Monta\u00f1a","image":{"@type":"ImageObject","inLanguage":"es-AR","@id":"https:\/\/sergiolapegue.com\/site\/wp-content\/uploads\/2021\/04\/sl_avatar_Leonardo-150x150.jpg","url":"https:\/\/sergiolapegue.com\/site\/wp-content\/uploads\/2021\/04\/sl_avatar_Leonardo-150x150.jpg","contentUrl":"https:\/\/sergiolapegue.com\/site\/wp-content\/uploads\/2021\/04\/sl_avatar_Leonardo-150x150.jpg","caption":"Leonardo Monta\u00f1a"},"sameAs":["https:\/\/x.com\/https:\/\/twitter.com\/soytoto81"],"url":"https:\/\/sergiolapegue.com\/site\/author\/leonardo\/"}]}},"_links":{"self":[{"href":"https:\/\/sergiolapegue.com\/site\/wp-json\/wp\/v2\/posts\/16509","targetHints":{"allow":["GET"]}}],"collection":[{"href":"https:\/\/sergiolapegue.com\/site\/wp-json\/wp\/v2\/posts"}],"about":[{"href":"https:\/\/sergiolapegue.com\/site\/wp-json\/wp\/v2\/types\/post"}],"author":[{"embeddable":true,"href":"https:\/\/sergiolapegue.com\/site\/wp-json\/wp\/v2\/users\/4"}],"replies":[{"embeddable":true,"href":"https:\/\/sergiolapegue.com\/site\/wp-json\/wp\/v2\/comments?post=16509"}],"version-history":[{"count":1,"href":"https:\/\/sergiolapegue.com\/site\/wp-json\/wp\/v2\/posts\/16509\/revisions"}],"predecessor-version":[{"id":16513,"href":"https:\/\/sergiolapegue.com\/site\/wp-json\/wp\/v2\/posts\/16509\/revisions\/16513"}],"wp:featuredmedia":[{"embeddable":true,"href":"https:\/\/sergiolapegue.com\/site\/wp-json\/wp\/v2\/media\/16512"}],"wp:attachment":[{"href":"https:\/\/sergiolapegue.com\/site\/wp-json\/wp\/v2\/media?parent=16509"}],"wp:term":[{"taxonomy":"category","embeddable":true,"href":"https:\/\/sergiolapegue.com\/site\/wp-json\/wp\/v2\/categories?post=16509"},{"taxonomy":"post_tag","embeddable":true,"href":"https:\/\/sergiolapegue.com\/site\/wp-json\/wp\/v2\/tags?post=16509"}],"curies":[{"name":"wp","href":"https:\/\/api.w.org\/{rel}","templated":true}]}}