{"id":16389,"date":"2024-07-22T09:00:00","date_gmt":"2024-07-22T12:00:00","guid":{"rendered":"https:\/\/sergiolapegue.com\/site\/?p=16389"},"modified":"2024-07-25T02:05:48","modified_gmt":"2024-07-25T05:05:48","slug":"donde-esta-almodovar","status":"publish","type":"post","link":"https:\/\/sergiolapegue.com\/site\/2024\/07\/22\/donde-esta-almodovar\/","title":{"rendered":"\u00bfD\u00d3NDE EST\u00c1 ALMOD\u00d3VAR?"},"content":{"rendered":"\n<p>En agosto llega al Paseo La Plaza \u00bfD\u00f3nde est\u00e1 Almod\u00f3var? una comedia con adaptaci\u00f3n y direcci\u00f3n de Daniel Fern\u00e1ndez y las actuaciones de Ana Andr\u00e9, Carina Buono, Crystal Stefanoff, &nbsp;Fernando Kracovsky, Gast\u00f3n Dufau, Juan Carosio y Jos\u00e9 Pileggi.<\/p>\n\n\n\n<p>Se presentara todos los jueves en la Sala Cort\u00e1zar a las 20:00 horas. &nbsp;<\/p>\n\n\n\n<figure class=\"wp-block-image size-large\"><img loading=\"lazy\" decoding=\"async\" width=\"1024\" height=\"683\" src=\"https:\/\/sergiolapegue.com\/site\/wp-content\/uploads\/2024\/07\/Donde-esta-Almodovar-4-1024x683.jpg\" alt=\"\" class=\"wp-image-16484\" srcset=\"https:\/\/sergiolapegue.com\/site\/wp-content\/uploads\/2024\/07\/Donde-esta-Almodovar-4-1024x683.jpg 1024w, https:\/\/sergiolapegue.com\/site\/wp-content\/uploads\/2024\/07\/Donde-esta-Almodovar-4-300x200.jpg 300w, https:\/\/sergiolapegue.com\/site\/wp-content\/uploads\/2024\/07\/Donde-esta-Almodovar-4-768x513.jpg 768w, https:\/\/sergiolapegue.com\/site\/wp-content\/uploads\/2024\/07\/Donde-esta-Almodovar-4-1536x1025.jpg 1536w, https:\/\/sergiolapegue.com\/site\/wp-content\/uploads\/2024\/07\/Donde-esta-Almodovar-4-2048x1367.jpg 2048w, https:\/\/sergiolapegue.com\/site\/wp-content\/uploads\/2024\/07\/Donde-esta-Almodovar-4-629x420.jpg 629w, https:\/\/sergiolapegue.com\/site\/wp-content\/uploads\/2024\/07\/Donde-esta-Almodovar-4-696x465.jpg 696w, https:\/\/sergiolapegue.com\/site\/wp-content\/uploads\/2024\/07\/Donde-esta-Almodovar-4-1068x713.jpg 1068w, https:\/\/sergiolapegue.com\/site\/wp-content\/uploads\/2024\/07\/Donde-esta-Almodovar-4-1920x1281.jpg 1920w\" sizes=\"auto, (max-width: 1024px) 100vw, 1024px\" \/><\/figure>\n\n\n\n<p><strong>SINOPSIS<\/strong><\/p>\n\n\n\n<p>Almod\u00f3var filmar\u00e1 su pr\u00f3xima pel\u00edcula en Argentina. Un productora de dudosa eficiencia contrata a un autor para que termine el guion imitando el estilo del director manchego. Hay emoci\u00f3n entre los actores y el personal relacionado con la filmaci\u00f3n. Los actores est\u00e1n elegidos, el maquillaje y el vestuario listos, las c\u00e1maras preparadas, comienza el rodaje!!!<\/p>\n\n\n\n<p>Pero nadie ve a Pedro Almod\u00f3var en el set.<\/p>\n\n\n\n<p>Comienzan las dudas en el equipo t\u00e9cnico, las furias entre los egos de los artistas sumadas a la incertidumbre del paradero de Pedro que colisionan en un final digno de una pel\u00edcula de Almod\u00f3var.<\/p>\n\n\n\n<figure class=\"wp-block-image size-full is-resized\"><img loading=\"lazy\" decoding=\"async\" width=\"650\" height=\"467\" src=\"https:\/\/sergiolapegue.com\/site\/wp-content\/uploads\/2024\/07\/Donde-esta-almodovar-2.jpg\" alt=\"\" class=\"wp-image-16390\" style=\"width:696px;height:auto\" srcset=\"https:\/\/sergiolapegue.com\/site\/wp-content\/uploads\/2024\/07\/Donde-esta-almodovar-2.jpg 650w, https:\/\/sergiolapegue.com\/site\/wp-content\/uploads\/2024\/07\/Donde-esta-almodovar-2-300x216.jpg 300w, https:\/\/sergiolapegue.com\/site\/wp-content\/uploads\/2024\/07\/Donde-esta-almodovar-2-585x420.jpg 585w\" sizes=\"auto, (max-width: 650px) 100vw, 650px\" \/><\/figure>\n\n\n\n<p><strong>FICHA T\u00c9CNICO ART\u00cdSTICA<\/strong><\/p>\n\n\n\n<p><strong>Adaptaci\u00f3n:<\/strong> Daniel Fern\u00e1ndez<\/p>\n\n\n\n<p><strong>Elenco:<\/strong> Ana Andr\u00e9 \u2013 Carina Buono \u2013 Crystal Stefanoff \u2013 Fernando Kracovsky \u2013 Gast\u00f3n Dufau \u2013 Juan Carosio \u2013 Jos\u00e9 Pileggi<\/p>\n\n\n\n<p><strong>Fotograf\u00eda:<\/strong> Nacho Lunadei<\/p>\n\n\n\n<p><strong>Redes:<\/strong> BMZ Comunicaciones<\/p>\n\n\n\n<p><strong>Dise\u00f1o gr\u00e1fico:<\/strong> Agust\u00edn Miyasato<\/p>\n\n\n\n<p><strong>Prensa:<\/strong> BMZ Comunicaciones<\/p>\n\n\n\n<p><strong>Asistente de direcci\u00f3n:<\/strong> Gast\u00f3n Dufau<\/p>\n\n\n\n<p><strong>Direcci\u00f3n:<\/strong> Daniel Fern\u00e1ndez<\/p>\n\n\n\n<p><strong>Instagram:<\/strong> @dondeestaalmodovar<\/p>\n\n\n\n<p><strong>Clasificaci\u00f3n:<\/strong> Teatro \u2013 Presencial \u2013 Comedia \u2013 Para mayores de 13 a\u00f1os<\/p>\n\n\n\n<figure class=\"wp-block-image size-large\"><img loading=\"lazy\" decoding=\"async\" width=\"1024\" height=\"683\" src=\"https:\/\/sergiolapegue.com\/site\/wp-content\/uploads\/2024\/07\/Donde-esta-Almodovar-5-1024x683.jpg\" alt=\"\" class=\"wp-image-16486\" srcset=\"https:\/\/sergiolapegue.com\/site\/wp-content\/uploads\/2024\/07\/Donde-esta-Almodovar-5-1024x683.jpg 1024w, https:\/\/sergiolapegue.com\/site\/wp-content\/uploads\/2024\/07\/Donde-esta-Almodovar-5-300x200.jpg 300w, https:\/\/sergiolapegue.com\/site\/wp-content\/uploads\/2024\/07\/Donde-esta-Almodovar-5-768x513.jpg 768w, https:\/\/sergiolapegue.com\/site\/wp-content\/uploads\/2024\/07\/Donde-esta-Almodovar-5-1536x1025.jpg 1536w, https:\/\/sergiolapegue.com\/site\/wp-content\/uploads\/2024\/07\/Donde-esta-Almodovar-5-2048x1367.jpg 2048w, https:\/\/sergiolapegue.com\/site\/wp-content\/uploads\/2024\/07\/Donde-esta-Almodovar-5-629x420.jpg 629w, https:\/\/sergiolapegue.com\/site\/wp-content\/uploads\/2024\/07\/Donde-esta-Almodovar-5-696x465.jpg 696w, https:\/\/sergiolapegue.com\/site\/wp-content\/uploads\/2024\/07\/Donde-esta-Almodovar-5-1068x713.jpg 1068w, https:\/\/sergiolapegue.com\/site\/wp-content\/uploads\/2024\/07\/Donde-esta-Almodovar-5-1920x1281.jpg 1920w\" sizes=\"auto, (max-width: 1024px) 100vw, 1024px\" \/><\/figure>\n\n\n\n<p><strong>PASEO LA PLAZA \u2013 Sala Cort\u00e1zar<\/strong><\/p>\n\n\n\n<p>Av. Corrientes 1660 \u2013 Capital Federal \u2013 Buenos Aires \u2013 Argentina<\/p>\n\n\n\n<p>Tel\u00e9fono: 6320-5300<\/p>\n\n\n\n<p>Entradas: $ 9.500 \u2013 en boleter\u00eda del teatro o por Plateanet<\/p>\n\n\n\n<p>Funciones: Jueves 20:00 horas \u2013 Del 01\/08\/2024 al 29\/08\/2024<\/p>\n\n\n\n<p>Gracias Marcelo Boccia de BMZ Comunicaciones por hacernos llegar la gacetilla de prensa del estreno de este espect\u00e1culo.<\/p>\n","protected":false},"excerpt":{"rendered":"<p>En agosto llega al Paseo La Plaza \u00bfD\u00f3nde est\u00e1 Almod\u00f3var? una comedia con adaptaci\u00f3n y direcci\u00f3n de Daniel Fern\u00e1ndez y las actuaciones de Ana Andr\u00e9, Carina Buono, Crystal Stefanoff, &nbsp;Fernando Kracovsky, Gast\u00f3n Dufau, Juan Carosio y Jos\u00e9 Pileggi. Se presentara todos los jueves en la Sala Cort\u00e1zar a las 20:00 horas. &nbsp; SINOPSIS Almod\u00f3var filmar\u00e1 [&hellip;]<\/p>\n","protected":false},"author":3,"featured_media":16392,"comment_status":"open","ping_status":"closed","sticky":false,"template":"","format":"standard","meta":{"footnotes":""},"categories":[34,35],"tags":[],"class_list":{"0":"post-16389","1":"post","2":"type-post","3":"status-publish","4":"format-standard","5":"has-post-thumbnail","7":"category-arte","8":"category-teatro"},"yoast_head":"<!-- This site is optimized with the Yoast SEO plugin v27.5 - https:\/\/yoast.com\/product\/yoast-seo-wordpress\/ -->\n<title>\u00bfD\u00d3NDE EST\u00c1 ALMOD\u00d3VAR? - Sergio Lapegue<\/title>\n<meta name=\"robots\" content=\"index, follow, max-snippet:-1, max-image-preview:large, max-video-preview:-1\" \/>\n<link rel=\"canonical\" href=\"https:\/\/sergiolapegue.com\/site\/2024\/07\/22\/donde-esta-almodovar\/\" \/>\n<meta property=\"og:locale\" content=\"es_ES\" \/>\n<meta property=\"og:type\" content=\"article\" \/>\n<meta property=\"og:title\" content=\"\u00bfD\u00d3NDE EST\u00c1 ALMOD\u00d3VAR? - Sergio Lapegue\" \/>\n<meta property=\"og:description\" content=\"En agosto llega al Paseo La Plaza \u00bfD\u00f3nde est\u00e1 Almod\u00f3var? una comedia con adaptaci\u00f3n y direcci\u00f3n de Daniel Fern\u00e1ndez y las actuaciones de Ana Andr\u00e9, Carina Buono, Crystal Stefanoff, &nbsp;Fernando Kracovsky, Gast\u00f3n Dufau, Juan Carosio y Jos\u00e9 Pileggi. Se presentara todos los jueves en la Sala Cort\u00e1zar a las 20:00 horas. &nbsp; SINOPSIS Almod\u00f3var filmar\u00e1 [&hellip;]\" \/>\n<meta property=\"og:url\" content=\"https:\/\/sergiolapegue.com\/site\/2024\/07\/22\/donde-esta-almodovar\/\" \/>\n<meta property=\"og:site_name\" content=\"Sergio Lapegue\" \/>\n<meta property=\"article:publisher\" content=\"https:\/\/facebook.com\/sergiolapegue\" \/>\n<meta property=\"article:author\" content=\"https:\/\/facebook.com\/danielernesto.montana\" \/>\n<meta property=\"article:published_time\" content=\"2024-07-22T12:00:00+00:00\" \/>\n<meta property=\"article:modified_time\" content=\"2024-07-25T05:05:48+00:00\" \/>\n<meta property=\"og:image\" content=\"https:\/\/sergiolapegue.com\/site\/wp-content\/uploads\/2024\/07\/Donde-esta-Almodovar.jpeg\" \/>\n\t<meta property=\"og:image:width\" content=\"779\" \/>\n\t<meta property=\"og:image:height\" content=\"954\" \/>\n\t<meta property=\"og:image:type\" content=\"image\/jpeg\" \/>\n<meta name=\"author\" content=\"Daniel E. Monta\u00f1a\" \/>\n<meta name=\"twitter:card\" content=\"summary_large_image\" \/>\n<meta name=\"twitter:creator\" content=\"@https:\/\/twitter.com\/daner_004\" \/>\n<meta name=\"twitter:site\" content=\"@sergiolapegue\" \/>\n<meta name=\"twitter:label1\" content=\"Escrito por\" \/>\n\t<meta name=\"twitter:data1\" content=\"Daniel E. Monta\u00f1a\" \/>\n\t<meta name=\"twitter:label2\" content=\"Tiempo de lectura\" \/>\n\t<meta name=\"twitter:data2\" content=\"2 minutos\" \/>\n<script type=\"application\/ld+json\" class=\"yoast-schema-graph\">{\"@context\":\"https:\\\/\\\/schema.org\",\"@graph\":[{\"@type\":\"Article\",\"@id\":\"https:\\\/\\\/sergiolapegue.com\\\/site\\\/2024\\\/07\\\/22\\\/donde-esta-almodovar\\\/#article\",\"isPartOf\":{\"@id\":\"https:\\\/\\\/sergiolapegue.com\\\/site\\\/2024\\\/07\\\/22\\\/donde-esta-almodovar\\\/\"},\"author\":{\"name\":\"Daniel E. Monta\u00f1a\",\"@id\":\"https:\\\/\\\/sergiolapegue.com\\\/site\\\/#\\\/schema\\\/person\\\/9198e7dbab43c6d74d0fd5399af7c3cd\"},\"headline\":\"\u00bfD\u00d3NDE EST\u00c1 ALMOD\u00d3VAR?\",\"datePublished\":\"2024-07-22T12:00:00+00:00\",\"dateModified\":\"2024-07-25T05:05:48+00:00\",\"mainEntityOfPage\":{\"@id\":\"https:\\\/\\\/sergiolapegue.com\\\/site\\\/2024\\\/07\\\/22\\\/donde-esta-almodovar\\\/\"},\"wordCount\":290,\"commentCount\":0,\"publisher\":{\"@id\":\"https:\\\/\\\/sergiolapegue.com\\\/site\\\/#\\\/schema\\\/person\\\/083aeceeb0734cd166779ea6c0551a37\"},\"image\":{\"@id\":\"https:\\\/\\\/sergiolapegue.com\\\/site\\\/2024\\\/07\\\/22\\\/donde-esta-almodovar\\\/#primaryimage\"},\"thumbnailUrl\":\"https:\\\/\\\/sergiolapegue.com\\\/site\\\/wp-content\\\/uploads\\\/2024\\\/07\\\/Donde-esta-Almodovar.jpeg\",\"articleSection\":[\"Arte\",\"Teatro\"],\"inLanguage\":\"es-AR\",\"potentialAction\":[{\"@type\":\"CommentAction\",\"name\":\"Comment\",\"target\":[\"https:\\\/\\\/sergiolapegue.com\\\/site\\\/2024\\\/07\\\/22\\\/donde-esta-almodovar\\\/#respond\"]}]},{\"@type\":\"WebPage\",\"@id\":\"https:\\\/\\\/sergiolapegue.com\\\/site\\\/2024\\\/07\\\/22\\\/donde-esta-almodovar\\\/\",\"url\":\"https:\\\/\\\/sergiolapegue.com\\\/site\\\/2024\\\/07\\\/22\\\/donde-esta-almodovar\\\/\",\"name\":\"\u00bfD\u00d3NDE EST\u00c1 ALMOD\u00d3VAR? - Sergio Lapegue\",\"isPartOf\":{\"@id\":\"https:\\\/\\\/sergiolapegue.com\\\/site\\\/#website\"},\"primaryImageOfPage\":{\"@id\":\"https:\\\/\\\/sergiolapegue.com\\\/site\\\/2024\\\/07\\\/22\\\/donde-esta-almodovar\\\/#primaryimage\"},\"image\":{\"@id\":\"https:\\\/\\\/sergiolapegue.com\\\/site\\\/2024\\\/07\\\/22\\\/donde-esta-almodovar\\\/#primaryimage\"},\"thumbnailUrl\":\"https:\\\/\\\/sergiolapegue.com\\\/site\\\/wp-content\\\/uploads\\\/2024\\\/07\\\/Donde-esta-Almodovar.jpeg\",\"datePublished\":\"2024-07-22T12:00:00+00:00\",\"dateModified\":\"2024-07-25T05:05:48+00:00\",\"breadcrumb\":{\"@id\":\"https:\\\/\\\/sergiolapegue.com\\\/site\\\/2024\\\/07\\\/22\\\/donde-esta-almodovar\\\/#breadcrumb\"},\"inLanguage\":\"es-AR\",\"potentialAction\":[{\"@type\":\"ReadAction\",\"target\":[\"https:\\\/\\\/sergiolapegue.com\\\/site\\\/2024\\\/07\\\/22\\\/donde-esta-almodovar\\\/\"]}]},{\"@type\":\"ImageObject\",\"inLanguage\":\"es-AR\",\"@id\":\"https:\\\/\\\/sergiolapegue.com\\\/site\\\/2024\\\/07\\\/22\\\/donde-esta-almodovar\\\/#primaryimage\",\"url\":\"https:\\\/\\\/sergiolapegue.com\\\/site\\\/wp-content\\\/uploads\\\/2024\\\/07\\\/Donde-esta-Almodovar.jpeg\",\"contentUrl\":\"https:\\\/\\\/sergiolapegue.com\\\/site\\\/wp-content\\\/uploads\\\/2024\\\/07\\\/Donde-esta-Almodovar.jpeg\",\"width\":779,\"height\":954},{\"@type\":\"BreadcrumbList\",\"@id\":\"https:\\\/\\\/sergiolapegue.com\\\/site\\\/2024\\\/07\\\/22\\\/donde-esta-almodovar\\\/#breadcrumb\",\"itemListElement\":[{\"@type\":\"ListItem\",\"position\":1,\"name\":\"Inicio\",\"item\":\"https:\\\/\\\/sergiolapegue.com\\\/site\\\/\"},{\"@type\":\"ListItem\",\"position\":2,\"name\":\"\u00bfD\u00d3NDE EST\u00c1 ALMOD\u00d3VAR?\"}]},{\"@type\":\"WebSite\",\"@id\":\"https:\\\/\\\/sergiolapegue.com\\\/site\\\/#website\",\"url\":\"https:\\\/\\\/sergiolapegue.com\\\/site\\\/\",\"name\":\"Sergio Lapegue\",\"description\":\"Periodista\",\"publisher\":{\"@id\":\"https:\\\/\\\/sergiolapegue.com\\\/site\\\/#\\\/schema\\\/person\\\/083aeceeb0734cd166779ea6c0551a37\"},\"potentialAction\":[{\"@type\":\"SearchAction\",\"target\":{\"@type\":\"EntryPoint\",\"urlTemplate\":\"https:\\\/\\\/sergiolapegue.com\\\/site\\\/?s={search_term_string}\"},\"query-input\":{\"@type\":\"PropertyValueSpecification\",\"valueRequired\":true,\"valueName\":\"search_term_string\"}}],\"inLanguage\":\"es-AR\"},{\"@type\":[\"Person\",\"Organization\"],\"@id\":\"https:\\\/\\\/sergiolapegue.com\\\/site\\\/#\\\/schema\\\/person\\\/083aeceeb0734cd166779ea6c0551a37\",\"name\":\"Sergio Lapegue\",\"image\":{\"@type\":\"ImageObject\",\"inLanguage\":\"es-AR\",\"@id\":\"https:\\\/\\\/sergiolapegue.com\\\/site\\\/wp-content\\\/uploads\\\/2021\\\/04\\\/logo_header-1.png\",\"url\":\"https:\\\/\\\/sergiolapegue.com\\\/site\\\/wp-content\\\/uploads\\\/2021\\\/04\\\/logo_header-1.png\",\"contentUrl\":\"https:\\\/\\\/sergiolapegue.com\\\/site\\\/wp-content\\\/uploads\\\/2021\\\/04\\\/logo_header-1.png\",\"width\":272,\"height\":90,\"caption\":\"Sergio Lapegue\"},\"logo\":{\"@id\":\"https:\\\/\\\/sergiolapegue.com\\\/site\\\/wp-content\\\/uploads\\\/2021\\\/04\\\/logo_header-1.png\"},\"sameAs\":[\"https:\\\/\\\/facebook.com\\\/sergiolapegue\",\"https:\\\/\\\/instagram.com\\\/sergiolapegue\",\"https:\\\/\\\/x.com\\\/https:\\\/\\\/twitter.com\\\/sergiolapegue\"]},{\"@type\":\"Person\",\"@id\":\"https:\\\/\\\/sergiolapegue.com\\\/site\\\/#\\\/schema\\\/person\\\/9198e7dbab43c6d74d0fd5399af7c3cd\",\"name\":\"Daniel E. Monta\u00f1a\",\"image\":{\"@type\":\"ImageObject\",\"inLanguage\":\"es-AR\",\"@id\":\"https:\\\/\\\/sergiolapegue.com\\\/site\\\/wp-content\\\/uploads\\\/2021\\\/04\\\/sl_avatar_Daniel-150x150.jpg\",\"url\":\"https:\\\/\\\/sergiolapegue.com\\\/site\\\/wp-content\\\/uploads\\\/2021\\\/04\\\/sl_avatar_Daniel-150x150.jpg\",\"contentUrl\":\"https:\\\/\\\/sergiolapegue.com\\\/site\\\/wp-content\\\/uploads\\\/2021\\\/04\\\/sl_avatar_Daniel-150x150.jpg\",\"caption\":\"Daniel E. Monta\u00f1a\"},\"sameAs\":[\"https:\\\/\\\/facebook.com\\\/danielernesto.montana\",\"https:\\\/\\\/instagram.com\\\/daniel_montana1961\",\"https:\\\/\\\/x.com\\\/https:\\\/\\\/twitter.com\\\/daner_004\"],\"url\":\"https:\\\/\\\/sergiolapegue.com\\\/site\\\/author\\\/daniel\\\/\"}]}<\/script>\n<!-- \/ Yoast SEO plugin. -->","yoast_head_json":{"title":"\u00bfD\u00d3NDE EST\u00c1 ALMOD\u00d3VAR? - Sergio Lapegue","robots":{"index":"index","follow":"follow","max-snippet":"max-snippet:-1","max-image-preview":"max-image-preview:large","max-video-preview":"max-video-preview:-1"},"canonical":"https:\/\/sergiolapegue.com\/site\/2024\/07\/22\/donde-esta-almodovar\/","og_locale":"es_ES","og_type":"article","og_title":"\u00bfD\u00d3NDE EST\u00c1 ALMOD\u00d3VAR? - Sergio Lapegue","og_description":"En agosto llega al Paseo La Plaza \u00bfD\u00f3nde est\u00e1 Almod\u00f3var? una comedia con adaptaci\u00f3n y direcci\u00f3n de Daniel Fern\u00e1ndez y las actuaciones de Ana Andr\u00e9, Carina Buono, Crystal Stefanoff, &nbsp;Fernando Kracovsky, Gast\u00f3n Dufau, Juan Carosio y Jos\u00e9 Pileggi. Se presentara todos los jueves en la Sala Cort\u00e1zar a las 20:00 horas. &nbsp; SINOPSIS Almod\u00f3var filmar\u00e1 [&hellip;]","og_url":"https:\/\/sergiolapegue.com\/site\/2024\/07\/22\/donde-esta-almodovar\/","og_site_name":"Sergio Lapegue","article_publisher":"https:\/\/facebook.com\/sergiolapegue","article_author":"https:\/\/facebook.com\/danielernesto.montana","article_published_time":"2024-07-22T12:00:00+00:00","article_modified_time":"2024-07-25T05:05:48+00:00","og_image":[{"width":779,"height":954,"url":"https:\/\/sergiolapegue.com\/site\/wp-content\/uploads\/2024\/07\/Donde-esta-Almodovar.jpeg","type":"image\/jpeg"}],"author":"Daniel E. Monta\u00f1a","twitter_card":"summary_large_image","twitter_creator":"@https:\/\/twitter.com\/daner_004","twitter_site":"@sergiolapegue","twitter_misc":{"Escrito por":"Daniel E. Monta\u00f1a","Tiempo de lectura":"2 minutos"},"schema":{"@context":"https:\/\/schema.org","@graph":[{"@type":"Article","@id":"https:\/\/sergiolapegue.com\/site\/2024\/07\/22\/donde-esta-almodovar\/#article","isPartOf":{"@id":"https:\/\/sergiolapegue.com\/site\/2024\/07\/22\/donde-esta-almodovar\/"},"author":{"name":"Daniel E. Monta\u00f1a","@id":"https:\/\/sergiolapegue.com\/site\/#\/schema\/person\/9198e7dbab43c6d74d0fd5399af7c3cd"},"headline":"\u00bfD\u00d3NDE EST\u00c1 ALMOD\u00d3VAR?","datePublished":"2024-07-22T12:00:00+00:00","dateModified":"2024-07-25T05:05:48+00:00","mainEntityOfPage":{"@id":"https:\/\/sergiolapegue.com\/site\/2024\/07\/22\/donde-esta-almodovar\/"},"wordCount":290,"commentCount":0,"publisher":{"@id":"https:\/\/sergiolapegue.com\/site\/#\/schema\/person\/083aeceeb0734cd166779ea6c0551a37"},"image":{"@id":"https:\/\/sergiolapegue.com\/site\/2024\/07\/22\/donde-esta-almodovar\/#primaryimage"},"thumbnailUrl":"https:\/\/sergiolapegue.com\/site\/wp-content\/uploads\/2024\/07\/Donde-esta-Almodovar.jpeg","articleSection":["Arte","Teatro"],"inLanguage":"es-AR","potentialAction":[{"@type":"CommentAction","name":"Comment","target":["https:\/\/sergiolapegue.com\/site\/2024\/07\/22\/donde-esta-almodovar\/#respond"]}]},{"@type":"WebPage","@id":"https:\/\/sergiolapegue.com\/site\/2024\/07\/22\/donde-esta-almodovar\/","url":"https:\/\/sergiolapegue.com\/site\/2024\/07\/22\/donde-esta-almodovar\/","name":"\u00bfD\u00d3NDE EST\u00c1 ALMOD\u00d3VAR? - Sergio Lapegue","isPartOf":{"@id":"https:\/\/sergiolapegue.com\/site\/#website"},"primaryImageOfPage":{"@id":"https:\/\/sergiolapegue.com\/site\/2024\/07\/22\/donde-esta-almodovar\/#primaryimage"},"image":{"@id":"https:\/\/sergiolapegue.com\/site\/2024\/07\/22\/donde-esta-almodovar\/#primaryimage"},"thumbnailUrl":"https:\/\/sergiolapegue.com\/site\/wp-content\/uploads\/2024\/07\/Donde-esta-Almodovar.jpeg","datePublished":"2024-07-22T12:00:00+00:00","dateModified":"2024-07-25T05:05:48+00:00","breadcrumb":{"@id":"https:\/\/sergiolapegue.com\/site\/2024\/07\/22\/donde-esta-almodovar\/#breadcrumb"},"inLanguage":"es-AR","potentialAction":[{"@type":"ReadAction","target":["https:\/\/sergiolapegue.com\/site\/2024\/07\/22\/donde-esta-almodovar\/"]}]},{"@type":"ImageObject","inLanguage":"es-AR","@id":"https:\/\/sergiolapegue.com\/site\/2024\/07\/22\/donde-esta-almodovar\/#primaryimage","url":"https:\/\/sergiolapegue.com\/site\/wp-content\/uploads\/2024\/07\/Donde-esta-Almodovar.jpeg","contentUrl":"https:\/\/sergiolapegue.com\/site\/wp-content\/uploads\/2024\/07\/Donde-esta-Almodovar.jpeg","width":779,"height":954},{"@type":"BreadcrumbList","@id":"https:\/\/sergiolapegue.com\/site\/2024\/07\/22\/donde-esta-almodovar\/#breadcrumb","itemListElement":[{"@type":"ListItem","position":1,"name":"Inicio","item":"https:\/\/sergiolapegue.com\/site\/"},{"@type":"ListItem","position":2,"name":"\u00bfD\u00d3NDE EST\u00c1 ALMOD\u00d3VAR?"}]},{"@type":"WebSite","@id":"https:\/\/sergiolapegue.com\/site\/#website","url":"https:\/\/sergiolapegue.com\/site\/","name":"Sergio Lapegue","description":"Periodista","publisher":{"@id":"https:\/\/sergiolapegue.com\/site\/#\/schema\/person\/083aeceeb0734cd166779ea6c0551a37"},"potentialAction":[{"@type":"SearchAction","target":{"@type":"EntryPoint","urlTemplate":"https:\/\/sergiolapegue.com\/site\/?s={search_term_string}"},"query-input":{"@type":"PropertyValueSpecification","valueRequired":true,"valueName":"search_term_string"}}],"inLanguage":"es-AR"},{"@type":["Person","Organization"],"@id":"https:\/\/sergiolapegue.com\/site\/#\/schema\/person\/083aeceeb0734cd166779ea6c0551a37","name":"Sergio Lapegue","image":{"@type":"ImageObject","inLanguage":"es-AR","@id":"https:\/\/sergiolapegue.com\/site\/wp-content\/uploads\/2021\/04\/logo_header-1.png","url":"https:\/\/sergiolapegue.com\/site\/wp-content\/uploads\/2021\/04\/logo_header-1.png","contentUrl":"https:\/\/sergiolapegue.com\/site\/wp-content\/uploads\/2021\/04\/logo_header-1.png","width":272,"height":90,"caption":"Sergio Lapegue"},"logo":{"@id":"https:\/\/sergiolapegue.com\/site\/wp-content\/uploads\/2021\/04\/logo_header-1.png"},"sameAs":["https:\/\/facebook.com\/sergiolapegue","https:\/\/instagram.com\/sergiolapegue","https:\/\/x.com\/https:\/\/twitter.com\/sergiolapegue"]},{"@type":"Person","@id":"https:\/\/sergiolapegue.com\/site\/#\/schema\/person\/9198e7dbab43c6d74d0fd5399af7c3cd","name":"Daniel E. Monta\u00f1a","image":{"@type":"ImageObject","inLanguage":"es-AR","@id":"https:\/\/sergiolapegue.com\/site\/wp-content\/uploads\/2021\/04\/sl_avatar_Daniel-150x150.jpg","url":"https:\/\/sergiolapegue.com\/site\/wp-content\/uploads\/2021\/04\/sl_avatar_Daniel-150x150.jpg","contentUrl":"https:\/\/sergiolapegue.com\/site\/wp-content\/uploads\/2021\/04\/sl_avatar_Daniel-150x150.jpg","caption":"Daniel E. Monta\u00f1a"},"sameAs":["https:\/\/facebook.com\/danielernesto.montana","https:\/\/instagram.com\/daniel_montana1961","https:\/\/x.com\/https:\/\/twitter.com\/daner_004"],"url":"https:\/\/sergiolapegue.com\/site\/author\/daniel\/"}]}},"_links":{"self":[{"href":"https:\/\/sergiolapegue.com\/site\/wp-json\/wp\/v2\/posts\/16389","targetHints":{"allow":["GET"]}}],"collection":[{"href":"https:\/\/sergiolapegue.com\/site\/wp-json\/wp\/v2\/posts"}],"about":[{"href":"https:\/\/sergiolapegue.com\/site\/wp-json\/wp\/v2\/types\/post"}],"author":[{"embeddable":true,"href":"https:\/\/sergiolapegue.com\/site\/wp-json\/wp\/v2\/users\/3"}],"replies":[{"embeddable":true,"href":"https:\/\/sergiolapegue.com\/site\/wp-json\/wp\/v2\/comments?post=16389"}],"version-history":[{"count":2,"href":"https:\/\/sergiolapegue.com\/site\/wp-json\/wp\/v2\/posts\/16389\/revisions"}],"predecessor-version":[{"id":16487,"href":"https:\/\/sergiolapegue.com\/site\/wp-json\/wp\/v2\/posts\/16389\/revisions\/16487"}],"wp:featuredmedia":[{"embeddable":true,"href":"https:\/\/sergiolapegue.com\/site\/wp-json\/wp\/v2\/media\/16392"}],"wp:attachment":[{"href":"https:\/\/sergiolapegue.com\/site\/wp-json\/wp\/v2\/media?parent=16389"}],"wp:term":[{"taxonomy":"category","embeddable":true,"href":"https:\/\/sergiolapegue.com\/site\/wp-json\/wp\/v2\/categories?post=16389"},{"taxonomy":"post_tag","embeddable":true,"href":"https:\/\/sergiolapegue.com\/site\/wp-json\/wp\/v2\/tags?post=16389"}],"curies":[{"name":"wp","href":"https:\/\/api.w.org\/{rel}","templated":true}]}}