{"id":16384,"date":"2024-07-22T01:00:00","date_gmt":"2024-07-22T04:00:00","guid":{"rendered":"https:\/\/sergiolapegue.com\/site\/?p=16384"},"modified":"2024-07-21T01:51:14","modified_gmt":"2024-07-21T04:51:14","slug":"la-jenny-y-donde-esta-juan-carlos","status":"publish","type":"post","link":"https:\/\/sergiolapegue.com\/site\/2024\/07\/22\/la-jenny-y-donde-esta-juan-carlos\/","title":{"rendered":"\u201cLA JENNY\u2026 Y D\u00d3NDE EST\u00c1 JUAN CARLOS?\u201d"},"content":{"rendered":"\n<p>Wali Iturriaga, el artista y creador de contenidos que se hizo popular a trav\u00e9s del personaje de \u201cLa Jenny\u201d y que es conocido como \u201cel rey de las redes sociales\u201d con m\u00e1s de 16 millones de seguidores, estrenar\u00e1 su nuevo espect\u00e1culo en el Teatro Astral de la Avenida Corrientes.<\/p>\n\n\n\n<p>A partir del jueves 1 de Agosto, el artista que es r\u00e9cord de espectadores y recaudaciones en la gira teatral nacional 2024 y el influencer que m\u00e1s convoca en los teatros del pa\u00eds, llega al porte\u00f1\u00edsimo teatro Astral con el estreno de \u201cLa Jenny\u2026Y d\u00f3nde est\u00e1 Juan Carlos?\u201d en funciones que se realizar\u00e1n de jueves a domingo.<\/p>\n\n\n\n<p>Junto a su esposa, Milagros P\u00e9rez y sus hijos la familia Iturriaga en pleno estar\u00e1 en el Teatro Astral con el espect\u00e1culo que fue un suceso de boleter\u00eda en la temporada teatral marplatense 2024, en semana Santa en el porte\u00f1\u00edsimo Gran Rex y que actualmente bate r\u00e9cord de recaudaciones y agrega funciones en la gira nacional.&nbsp;<\/p>\n\n\n\n<p>El consagrado influencer llega al Teatro Astral de la Avenida Corrientes en una producci\u00f3n de Lucas Tamer en un espect\u00e1culo galardonado con el premio Estrella de mar 2024.<\/p>\n\n\n\n<figure class=\"wp-block-image size-large\"><img loading=\"lazy\" decoding=\"async\" width=\"1024\" height=\"458\" src=\"https:\/\/sergiolapegue.com\/site\/wp-content\/uploads\/2024\/07\/La-Jenny-Y-donde-esta-Juan-Carlos-1-1024x458.jpg\" alt=\"\" class=\"wp-image-16385\" srcset=\"https:\/\/sergiolapegue.com\/site\/wp-content\/uploads\/2024\/07\/La-Jenny-Y-donde-esta-Juan-Carlos-1-1024x458.jpg 1024w, https:\/\/sergiolapegue.com\/site\/wp-content\/uploads\/2024\/07\/La-Jenny-Y-donde-esta-Juan-Carlos-1-300x134.jpg 300w, https:\/\/sergiolapegue.com\/site\/wp-content\/uploads\/2024\/07\/La-Jenny-Y-donde-esta-Juan-Carlos-1-768x344.jpg 768w, https:\/\/sergiolapegue.com\/site\/wp-content\/uploads\/2024\/07\/La-Jenny-Y-donde-esta-Juan-Carlos-1-1536x688.jpg 1536w, https:\/\/sergiolapegue.com\/site\/wp-content\/uploads\/2024\/07\/La-Jenny-Y-donde-esta-Juan-Carlos-1-938x420.jpg 938w, https:\/\/sergiolapegue.com\/site\/wp-content\/uploads\/2024\/07\/La-Jenny-Y-donde-esta-Juan-Carlos-1-696x312.jpg 696w, https:\/\/sergiolapegue.com\/site\/wp-content\/uploads\/2024\/07\/La-Jenny-Y-donde-esta-Juan-Carlos-1-1068x478.jpg 1068w, https:\/\/sergiolapegue.com\/site\/wp-content\/uploads\/2024\/07\/La-Jenny-Y-donde-esta-Juan-Carlos-1.jpg 1899w\" sizes=\"auto, (max-width: 1024px) 100vw, 1024px\" \/><\/figure>\n\n\n\n<p><strong>TEATRO ASTRAL <\/strong><strong><\/strong><\/p>\n\n\n\n<p>Av. Corrientes 1639 \u2013 Capital Federal \u2013 Buenos Aires \u2013 Argentina<\/p>\n\n\n\n<p>Tel\u00e9fono: 4374-5707<\/p>\n\n\n\n<p>Entradas: Desde $ 14.000 hasta $ 20.000 \u2013 en boleter\u00eda del teatro o por Plateanet<\/p>\n\n\n\n<p>Funciones: Jueves 20:00 horas \u2013 Desde el 01\/08\/2024<\/p>\n\n\n\n<p>\u00a0\u00a0\u00a0\u00a0\u00a0\u00a0\u00a0\u00a0\u00a0\u00a0\u00a0\u00a0\u00a0\u00a0\u00a0\u00a0 Viernes 20:30 horas \u2013 Desde el 02\/08\/2024<\/p>\n\n\n\n<p>\u00a0\u00a0\u00a0\u00a0\u00a0\u00a0\u00a0\u00a0\u00a0\u00a0\u00a0\u00a0\u00a0\u00a0\u00a0\u00a0 S\u00e1bados 20:00 horas \u2013 Desde el 03\/08\/2024<\/p>\n\n\n\n<p>\u00a0\u00a0\u00a0\u00a0\u00a0\u00a0\u00a0\u00a0\u00a0\u00a0\u00a0\u00a0\u00a0\u00a0\u00a0\u00a0 Domingos 19:30 horas \u2013 Desde el 04\/08\/2024<\/p>\n\n\n\n<p>Gracias Alejandro Veroutis por enviarnos la gacetilla de prensa de este exitoso unipersonal de Wali Iturriaga que llega a la calle Corrientes.<\/p>\n\n\n\n<figure class=\"wp-block-image size-large is-resized\"><img loading=\"lazy\" decoding=\"async\" width=\"1024\" height=\"576\" src=\"https:\/\/sergiolapegue.com\/site\/wp-content\/uploads\/2024\/07\/La-Jenny-Y-donde-esta-Juan-Carlos-Wali-Iturriaga-1024x576.jpg\" alt=\"\" class=\"wp-image-16386\" style=\"width:304px;height:auto\" srcset=\"https:\/\/sergiolapegue.com\/site\/wp-content\/uploads\/2024\/07\/La-Jenny-Y-donde-esta-Juan-Carlos-Wali-Iturriaga-1024x576.jpg 1024w, https:\/\/sergiolapegue.com\/site\/wp-content\/uploads\/2024\/07\/La-Jenny-Y-donde-esta-Juan-Carlos-Wali-Iturriaga-300x169.jpg 300w, https:\/\/sergiolapegue.com\/site\/wp-content\/uploads\/2024\/07\/La-Jenny-Y-donde-esta-Juan-Carlos-Wali-Iturriaga-768x432.jpg 768w, https:\/\/sergiolapegue.com\/site\/wp-content\/uploads\/2024\/07\/La-Jenny-Y-donde-esta-Juan-Carlos-Wali-Iturriaga-747x420.jpg 747w, https:\/\/sergiolapegue.com\/site\/wp-content\/uploads\/2024\/07\/La-Jenny-Y-donde-esta-Juan-Carlos-Wali-Iturriaga-696x392.jpg 696w, https:\/\/sergiolapegue.com\/site\/wp-content\/uploads\/2024\/07\/La-Jenny-Y-donde-esta-Juan-Carlos-Wali-Iturriaga-1068x601.jpg 1068w, https:\/\/sergiolapegue.com\/site\/wp-content\/uploads\/2024\/07\/La-Jenny-Y-donde-esta-Juan-Carlos-Wali-Iturriaga.jpg 1280w\" sizes=\"auto, (max-width: 1024px) 100vw, 1024px\" \/><\/figure>\n\n\n\n<p><strong>SOBRE WALI ITURRIAGA<\/strong><\/p>\n\n\n\n<p>Naci\u00f3 en la ciudad de Corrientes, el terru\u00f1o donde se realiza la Fiesta Nacional del Chamam\u00e9, a orillas del Paran\u00e1. Su padre,&nbsp;H\u00e9ctor Beltr\u00e1n, se aboc\u00f3 al rubro de los gimnasios, actividad que su hijo hered\u00f3 hasta convertirse en un referente nacional del&nbsp;<em>crossfit<\/em>, esa variante del gym que requiere de fuerza y cierta valent\u00eda, representando al pa\u00eds a nivel internacional. Se cr\u00edo en ese ambiente y&nbsp;durante veinticinco a\u00f1os se dedic\u00f3 a eso, aunque, paralelamente, estaba relacionado con el arte. La madre del actor es&nbsp;Moni Munilla, una destacada escritora, quien trabaj\u00f3 en el \u00e1rea de Cultura de su ciudad, toda una influencia para su hijo. Siempre estuvo relacionado con la escritura y tambi\u00e9n con la pintura. A los diez a\u00f1os ya pintaba al \u00f3leo y en acr\u00edlico y llego a exponer.<\/p>\n\n\n\n<p>Si bien hoy todo un pa\u00eds lo conoce como&nbsp;Wali Iturriaga, ese no es su nombre real. Su nombre es Eduardo Beltr\u00e1n, lo que sucede es que hubo un problema con su pap\u00e1 y sus padres. Cuando sus abuelos se separaron, su abuela hac\u00eda firmar a su pap\u00e1 como&nbsp;Iturriaga, que era el apellido materno. Cuando comenz\u00f3 su carrera art\u00edstica, se le complic\u00f3 abrir sus cuentas en las redes sociales por una cuesti\u00f3n de verificaci\u00f3n de apellido. Pensaban que era un impostor.<\/p>\n\n\n\n<p>Su propio gimnasio era el m\u00e1s exitoso de la ciudad de Corrientes y Wali no paraba de viajar para mostrar sus habilidades y perfeccionarse en la disciplina del&nbsp;<em>crossfit<\/em>. En simult\u00e1neo, la inclinaci\u00f3n art\u00edstica lo llev\u00f3 a&nbsp;formar algunas agrupaciones de punk-rock. Tambi\u00e9n estudi\u00f3 teatro y fotograf\u00eda. Pensaba que, en alg\u00fan momento, algo iba a pasar en su vida, porque, si bien le gustaba el gimnasio, no era lo que amaba.<\/p>\n\n\n\n<p>Iturriaga&nbsp;se instal\u00f3 en Buenos Aires con&nbsp;Mity, con su mujer y sus cuatro hijos. Familia numerosa que le gustar\u00eda ampliar ya que, seg\u00fan reconoce,&nbsp;le gustar\u00eda tener un hijo m\u00e1s. Los suyos son una prioridad y trata de darles tiempo y atenci\u00f3n, a pesar de este momento de explosi\u00f3n laboral.<\/p>\n\n\n\n<p><\/p>\n","protected":false},"excerpt":{"rendered":"<p>Wali Iturriaga, el artista y creador de contenidos que se hizo popular a trav\u00e9s del personaje de \u201cLa Jenny\u201d y que es conocido como \u201cel rey de las redes sociales\u201d con m\u00e1s de 16 millones de seguidores, estrenar\u00e1 su nuevo espect\u00e1culo en el Teatro Astral de la Avenida Corrientes. A partir del jueves 1 de [&hellip;]<\/p>\n","protected":false},"author":3,"featured_media":16387,"comment_status":"open","ping_status":"closed","sticky":false,"template":"","format":"standard","meta":{"footnotes":""},"categories":[34,35],"tags":[],"class_list":{"0":"post-16384","1":"post","2":"type-post","3":"status-publish","4":"format-standard","5":"has-post-thumbnail","7":"category-arte","8":"category-teatro"},"yoast_head":"<!-- This site is optimized with the Yoast SEO plugin v27.5 - https:\/\/yoast.com\/product\/yoast-seo-wordpress\/ -->\n<title>\u201cLA JENNY\u2026 Y D\u00d3NDE EST\u00c1 JUAN CARLOS?\u201d - Sergio Lapegue<\/title>\n<meta name=\"robots\" content=\"index, follow, max-snippet:-1, max-image-preview:large, max-video-preview:-1\" \/>\n<link rel=\"canonical\" href=\"https:\/\/sergiolapegue.com\/site\/2024\/07\/22\/la-jenny-y-donde-esta-juan-carlos\/\" \/>\n<meta property=\"og:locale\" content=\"es_ES\" \/>\n<meta property=\"og:type\" content=\"article\" \/>\n<meta property=\"og:title\" content=\"\u201cLA JENNY\u2026 Y D\u00d3NDE EST\u00c1 JUAN CARLOS?\u201d - Sergio Lapegue\" \/>\n<meta property=\"og:description\" content=\"Wali Iturriaga, el artista y creador de contenidos que se hizo popular a trav\u00e9s del personaje de \u201cLa Jenny\u201d y que es conocido como \u201cel rey de las redes sociales\u201d con m\u00e1s de 16 millones de seguidores, estrenar\u00e1 su nuevo espect\u00e1culo en el Teatro Astral de la Avenida Corrientes. A partir del jueves 1 de [&hellip;]\" \/>\n<meta property=\"og:url\" content=\"https:\/\/sergiolapegue.com\/site\/2024\/07\/22\/la-jenny-y-donde-esta-juan-carlos\/\" \/>\n<meta property=\"og:site_name\" content=\"Sergio Lapegue\" \/>\n<meta property=\"article:publisher\" content=\"https:\/\/facebook.com\/sergiolapegue\" \/>\n<meta property=\"article:author\" content=\"https:\/\/facebook.com\/danielernesto.montana\" \/>\n<meta property=\"article:published_time\" content=\"2024-07-22T04:00:00+00:00\" \/>\n<meta property=\"og:image\" content=\"https:\/\/sergiolapegue.com\/site\/wp-content\/uploads\/2024\/07\/La-Jenny-Y-donde-esta-Juan-Carlos.jpg\" \/>\n\t<meta property=\"og:image:width\" content=\"1080\" \/>\n\t<meta property=\"og:image:height\" content=\"1080\" \/>\n\t<meta property=\"og:image:type\" content=\"image\/jpeg\" \/>\n<meta name=\"author\" content=\"Daniel E. Monta\u00f1a\" \/>\n<meta name=\"twitter:card\" content=\"summary_large_image\" \/>\n<meta name=\"twitter:creator\" content=\"@https:\/\/twitter.com\/daner_004\" \/>\n<meta name=\"twitter:site\" content=\"@sergiolapegue\" \/>\n<meta name=\"twitter:label1\" content=\"Escrito por\" \/>\n\t<meta name=\"twitter:data1\" content=\"Daniel E. Monta\u00f1a\" \/>\n\t<meta name=\"twitter:label2\" content=\"Tiempo de lectura\" \/>\n\t<meta name=\"twitter:data2\" content=\"4 minutos\" \/>\n<script type=\"application\/ld+json\" class=\"yoast-schema-graph\">{\"@context\":\"https:\\\/\\\/schema.org\",\"@graph\":[{\"@type\":\"Article\",\"@id\":\"https:\\\/\\\/sergiolapegue.com\\\/site\\\/2024\\\/07\\\/22\\\/la-jenny-y-donde-esta-juan-carlos\\\/#article\",\"isPartOf\":{\"@id\":\"https:\\\/\\\/sergiolapegue.com\\\/site\\\/2024\\\/07\\\/22\\\/la-jenny-y-donde-esta-juan-carlos\\\/\"},\"author\":{\"name\":\"Daniel E. Monta\u00f1a\",\"@id\":\"https:\\\/\\\/sergiolapegue.com\\\/site\\\/#\\\/schema\\\/person\\\/9198e7dbab43c6d74d0fd5399af7c3cd\"},\"headline\":\"\u201cLA JENNY\u2026 Y D\u00d3NDE EST\u00c1 JUAN CARLOS?\u201d\",\"datePublished\":\"2024-07-22T04:00:00+00:00\",\"mainEntityOfPage\":{\"@id\":\"https:\\\/\\\/sergiolapegue.com\\\/site\\\/2024\\\/07\\\/22\\\/la-jenny-y-donde-esta-juan-carlos\\\/\"},\"wordCount\":654,\"commentCount\":0,\"publisher\":{\"@id\":\"https:\\\/\\\/sergiolapegue.com\\\/site\\\/#\\\/schema\\\/person\\\/083aeceeb0734cd166779ea6c0551a37\"},\"image\":{\"@id\":\"https:\\\/\\\/sergiolapegue.com\\\/site\\\/2024\\\/07\\\/22\\\/la-jenny-y-donde-esta-juan-carlos\\\/#primaryimage\"},\"thumbnailUrl\":\"https:\\\/\\\/sergiolapegue.com\\\/site\\\/wp-content\\\/uploads\\\/2024\\\/07\\\/La-Jenny-Y-donde-esta-Juan-Carlos.jpg\",\"articleSection\":[\"Arte\",\"Teatro\"],\"inLanguage\":\"es-AR\",\"potentialAction\":[{\"@type\":\"CommentAction\",\"name\":\"Comment\",\"target\":[\"https:\\\/\\\/sergiolapegue.com\\\/site\\\/2024\\\/07\\\/22\\\/la-jenny-y-donde-esta-juan-carlos\\\/#respond\"]}]},{\"@type\":\"WebPage\",\"@id\":\"https:\\\/\\\/sergiolapegue.com\\\/site\\\/2024\\\/07\\\/22\\\/la-jenny-y-donde-esta-juan-carlos\\\/\",\"url\":\"https:\\\/\\\/sergiolapegue.com\\\/site\\\/2024\\\/07\\\/22\\\/la-jenny-y-donde-esta-juan-carlos\\\/\",\"name\":\"\u201cLA JENNY\u2026 Y D\u00d3NDE EST\u00c1 JUAN CARLOS?\u201d - Sergio Lapegue\",\"isPartOf\":{\"@id\":\"https:\\\/\\\/sergiolapegue.com\\\/site\\\/#website\"},\"primaryImageOfPage\":{\"@id\":\"https:\\\/\\\/sergiolapegue.com\\\/site\\\/2024\\\/07\\\/22\\\/la-jenny-y-donde-esta-juan-carlos\\\/#primaryimage\"},\"image\":{\"@id\":\"https:\\\/\\\/sergiolapegue.com\\\/site\\\/2024\\\/07\\\/22\\\/la-jenny-y-donde-esta-juan-carlos\\\/#primaryimage\"},\"thumbnailUrl\":\"https:\\\/\\\/sergiolapegue.com\\\/site\\\/wp-content\\\/uploads\\\/2024\\\/07\\\/La-Jenny-Y-donde-esta-Juan-Carlos.jpg\",\"datePublished\":\"2024-07-22T04:00:00+00:00\",\"breadcrumb\":{\"@id\":\"https:\\\/\\\/sergiolapegue.com\\\/site\\\/2024\\\/07\\\/22\\\/la-jenny-y-donde-esta-juan-carlos\\\/#breadcrumb\"},\"inLanguage\":\"es-AR\",\"potentialAction\":[{\"@type\":\"ReadAction\",\"target\":[\"https:\\\/\\\/sergiolapegue.com\\\/site\\\/2024\\\/07\\\/22\\\/la-jenny-y-donde-esta-juan-carlos\\\/\"]}]},{\"@type\":\"ImageObject\",\"inLanguage\":\"es-AR\",\"@id\":\"https:\\\/\\\/sergiolapegue.com\\\/site\\\/2024\\\/07\\\/22\\\/la-jenny-y-donde-esta-juan-carlos\\\/#primaryimage\",\"url\":\"https:\\\/\\\/sergiolapegue.com\\\/site\\\/wp-content\\\/uploads\\\/2024\\\/07\\\/La-Jenny-Y-donde-esta-Juan-Carlos.jpg\",\"contentUrl\":\"https:\\\/\\\/sergiolapegue.com\\\/site\\\/wp-content\\\/uploads\\\/2024\\\/07\\\/La-Jenny-Y-donde-esta-Juan-Carlos.jpg\",\"width\":1080,\"height\":1080},{\"@type\":\"BreadcrumbList\",\"@id\":\"https:\\\/\\\/sergiolapegue.com\\\/site\\\/2024\\\/07\\\/22\\\/la-jenny-y-donde-esta-juan-carlos\\\/#breadcrumb\",\"itemListElement\":[{\"@type\":\"ListItem\",\"position\":1,\"name\":\"Inicio\",\"item\":\"https:\\\/\\\/sergiolapegue.com\\\/site\\\/\"},{\"@type\":\"ListItem\",\"position\":2,\"name\":\"\u201cLA JENNY\u2026 Y D\u00d3NDE EST\u00c1 JUAN CARLOS?\u201d\"}]},{\"@type\":\"WebSite\",\"@id\":\"https:\\\/\\\/sergiolapegue.com\\\/site\\\/#website\",\"url\":\"https:\\\/\\\/sergiolapegue.com\\\/site\\\/\",\"name\":\"Sergio Lapegue\",\"description\":\"Periodista\",\"publisher\":{\"@id\":\"https:\\\/\\\/sergiolapegue.com\\\/site\\\/#\\\/schema\\\/person\\\/083aeceeb0734cd166779ea6c0551a37\"},\"potentialAction\":[{\"@type\":\"SearchAction\",\"target\":{\"@type\":\"EntryPoint\",\"urlTemplate\":\"https:\\\/\\\/sergiolapegue.com\\\/site\\\/?s={search_term_string}\"},\"query-input\":{\"@type\":\"PropertyValueSpecification\",\"valueRequired\":true,\"valueName\":\"search_term_string\"}}],\"inLanguage\":\"es-AR\"},{\"@type\":[\"Person\",\"Organization\"],\"@id\":\"https:\\\/\\\/sergiolapegue.com\\\/site\\\/#\\\/schema\\\/person\\\/083aeceeb0734cd166779ea6c0551a37\",\"name\":\"Sergio Lapegue\",\"image\":{\"@type\":\"ImageObject\",\"inLanguage\":\"es-AR\",\"@id\":\"https:\\\/\\\/sergiolapegue.com\\\/site\\\/wp-content\\\/uploads\\\/2021\\\/04\\\/logo_header-1.png\",\"url\":\"https:\\\/\\\/sergiolapegue.com\\\/site\\\/wp-content\\\/uploads\\\/2021\\\/04\\\/logo_header-1.png\",\"contentUrl\":\"https:\\\/\\\/sergiolapegue.com\\\/site\\\/wp-content\\\/uploads\\\/2021\\\/04\\\/logo_header-1.png\",\"width\":272,\"height\":90,\"caption\":\"Sergio Lapegue\"},\"logo\":{\"@id\":\"https:\\\/\\\/sergiolapegue.com\\\/site\\\/wp-content\\\/uploads\\\/2021\\\/04\\\/logo_header-1.png\"},\"sameAs\":[\"https:\\\/\\\/facebook.com\\\/sergiolapegue\",\"https:\\\/\\\/instagram.com\\\/sergiolapegue\",\"https:\\\/\\\/x.com\\\/https:\\\/\\\/twitter.com\\\/sergiolapegue\"]},{\"@type\":\"Person\",\"@id\":\"https:\\\/\\\/sergiolapegue.com\\\/site\\\/#\\\/schema\\\/person\\\/9198e7dbab43c6d74d0fd5399af7c3cd\",\"name\":\"Daniel E. Monta\u00f1a\",\"image\":{\"@type\":\"ImageObject\",\"inLanguage\":\"es-AR\",\"@id\":\"https:\\\/\\\/sergiolapegue.com\\\/site\\\/wp-content\\\/uploads\\\/2021\\\/04\\\/sl_avatar_Daniel-150x150.jpg\",\"url\":\"https:\\\/\\\/sergiolapegue.com\\\/site\\\/wp-content\\\/uploads\\\/2021\\\/04\\\/sl_avatar_Daniel-150x150.jpg\",\"contentUrl\":\"https:\\\/\\\/sergiolapegue.com\\\/site\\\/wp-content\\\/uploads\\\/2021\\\/04\\\/sl_avatar_Daniel-150x150.jpg\",\"caption\":\"Daniel E. Monta\u00f1a\"},\"sameAs\":[\"https:\\\/\\\/facebook.com\\\/danielernesto.montana\",\"https:\\\/\\\/instagram.com\\\/daniel_montana1961\",\"https:\\\/\\\/x.com\\\/https:\\\/\\\/twitter.com\\\/daner_004\"],\"url\":\"https:\\\/\\\/sergiolapegue.com\\\/site\\\/author\\\/daniel\\\/\"}]}<\/script>\n<!-- \/ Yoast SEO plugin. -->","yoast_head_json":{"title":"\u201cLA JENNY\u2026 Y D\u00d3NDE EST\u00c1 JUAN CARLOS?\u201d - Sergio Lapegue","robots":{"index":"index","follow":"follow","max-snippet":"max-snippet:-1","max-image-preview":"max-image-preview:large","max-video-preview":"max-video-preview:-1"},"canonical":"https:\/\/sergiolapegue.com\/site\/2024\/07\/22\/la-jenny-y-donde-esta-juan-carlos\/","og_locale":"es_ES","og_type":"article","og_title":"\u201cLA JENNY\u2026 Y D\u00d3NDE EST\u00c1 JUAN CARLOS?\u201d - Sergio Lapegue","og_description":"Wali Iturriaga, el artista y creador de contenidos que se hizo popular a trav\u00e9s del personaje de \u201cLa Jenny\u201d y que es conocido como \u201cel rey de las redes sociales\u201d con m\u00e1s de 16 millones de seguidores, estrenar\u00e1 su nuevo espect\u00e1culo en el Teatro Astral de la Avenida Corrientes. A partir del jueves 1 de [&hellip;]","og_url":"https:\/\/sergiolapegue.com\/site\/2024\/07\/22\/la-jenny-y-donde-esta-juan-carlos\/","og_site_name":"Sergio Lapegue","article_publisher":"https:\/\/facebook.com\/sergiolapegue","article_author":"https:\/\/facebook.com\/danielernesto.montana","article_published_time":"2024-07-22T04:00:00+00:00","og_image":[{"width":1080,"height":1080,"url":"https:\/\/sergiolapegue.com\/site\/wp-content\/uploads\/2024\/07\/La-Jenny-Y-donde-esta-Juan-Carlos.jpg","type":"image\/jpeg"}],"author":"Daniel E. Monta\u00f1a","twitter_card":"summary_large_image","twitter_creator":"@https:\/\/twitter.com\/daner_004","twitter_site":"@sergiolapegue","twitter_misc":{"Escrito por":"Daniel E. Monta\u00f1a","Tiempo de lectura":"4 minutos"},"schema":{"@context":"https:\/\/schema.org","@graph":[{"@type":"Article","@id":"https:\/\/sergiolapegue.com\/site\/2024\/07\/22\/la-jenny-y-donde-esta-juan-carlos\/#article","isPartOf":{"@id":"https:\/\/sergiolapegue.com\/site\/2024\/07\/22\/la-jenny-y-donde-esta-juan-carlos\/"},"author":{"name":"Daniel E. Monta\u00f1a","@id":"https:\/\/sergiolapegue.com\/site\/#\/schema\/person\/9198e7dbab43c6d74d0fd5399af7c3cd"},"headline":"\u201cLA JENNY\u2026 Y D\u00d3NDE EST\u00c1 JUAN CARLOS?\u201d","datePublished":"2024-07-22T04:00:00+00:00","mainEntityOfPage":{"@id":"https:\/\/sergiolapegue.com\/site\/2024\/07\/22\/la-jenny-y-donde-esta-juan-carlos\/"},"wordCount":654,"commentCount":0,"publisher":{"@id":"https:\/\/sergiolapegue.com\/site\/#\/schema\/person\/083aeceeb0734cd166779ea6c0551a37"},"image":{"@id":"https:\/\/sergiolapegue.com\/site\/2024\/07\/22\/la-jenny-y-donde-esta-juan-carlos\/#primaryimage"},"thumbnailUrl":"https:\/\/sergiolapegue.com\/site\/wp-content\/uploads\/2024\/07\/La-Jenny-Y-donde-esta-Juan-Carlos.jpg","articleSection":["Arte","Teatro"],"inLanguage":"es-AR","potentialAction":[{"@type":"CommentAction","name":"Comment","target":["https:\/\/sergiolapegue.com\/site\/2024\/07\/22\/la-jenny-y-donde-esta-juan-carlos\/#respond"]}]},{"@type":"WebPage","@id":"https:\/\/sergiolapegue.com\/site\/2024\/07\/22\/la-jenny-y-donde-esta-juan-carlos\/","url":"https:\/\/sergiolapegue.com\/site\/2024\/07\/22\/la-jenny-y-donde-esta-juan-carlos\/","name":"\u201cLA JENNY\u2026 Y D\u00d3NDE EST\u00c1 JUAN CARLOS?\u201d - Sergio Lapegue","isPartOf":{"@id":"https:\/\/sergiolapegue.com\/site\/#website"},"primaryImageOfPage":{"@id":"https:\/\/sergiolapegue.com\/site\/2024\/07\/22\/la-jenny-y-donde-esta-juan-carlos\/#primaryimage"},"image":{"@id":"https:\/\/sergiolapegue.com\/site\/2024\/07\/22\/la-jenny-y-donde-esta-juan-carlos\/#primaryimage"},"thumbnailUrl":"https:\/\/sergiolapegue.com\/site\/wp-content\/uploads\/2024\/07\/La-Jenny-Y-donde-esta-Juan-Carlos.jpg","datePublished":"2024-07-22T04:00:00+00:00","breadcrumb":{"@id":"https:\/\/sergiolapegue.com\/site\/2024\/07\/22\/la-jenny-y-donde-esta-juan-carlos\/#breadcrumb"},"inLanguage":"es-AR","potentialAction":[{"@type":"ReadAction","target":["https:\/\/sergiolapegue.com\/site\/2024\/07\/22\/la-jenny-y-donde-esta-juan-carlos\/"]}]},{"@type":"ImageObject","inLanguage":"es-AR","@id":"https:\/\/sergiolapegue.com\/site\/2024\/07\/22\/la-jenny-y-donde-esta-juan-carlos\/#primaryimage","url":"https:\/\/sergiolapegue.com\/site\/wp-content\/uploads\/2024\/07\/La-Jenny-Y-donde-esta-Juan-Carlos.jpg","contentUrl":"https:\/\/sergiolapegue.com\/site\/wp-content\/uploads\/2024\/07\/La-Jenny-Y-donde-esta-Juan-Carlos.jpg","width":1080,"height":1080},{"@type":"BreadcrumbList","@id":"https:\/\/sergiolapegue.com\/site\/2024\/07\/22\/la-jenny-y-donde-esta-juan-carlos\/#breadcrumb","itemListElement":[{"@type":"ListItem","position":1,"name":"Inicio","item":"https:\/\/sergiolapegue.com\/site\/"},{"@type":"ListItem","position":2,"name":"\u201cLA JENNY\u2026 Y D\u00d3NDE EST\u00c1 JUAN CARLOS?\u201d"}]},{"@type":"WebSite","@id":"https:\/\/sergiolapegue.com\/site\/#website","url":"https:\/\/sergiolapegue.com\/site\/","name":"Sergio Lapegue","description":"Periodista","publisher":{"@id":"https:\/\/sergiolapegue.com\/site\/#\/schema\/person\/083aeceeb0734cd166779ea6c0551a37"},"potentialAction":[{"@type":"SearchAction","target":{"@type":"EntryPoint","urlTemplate":"https:\/\/sergiolapegue.com\/site\/?s={search_term_string}"},"query-input":{"@type":"PropertyValueSpecification","valueRequired":true,"valueName":"search_term_string"}}],"inLanguage":"es-AR"},{"@type":["Person","Organization"],"@id":"https:\/\/sergiolapegue.com\/site\/#\/schema\/person\/083aeceeb0734cd166779ea6c0551a37","name":"Sergio Lapegue","image":{"@type":"ImageObject","inLanguage":"es-AR","@id":"https:\/\/sergiolapegue.com\/site\/wp-content\/uploads\/2021\/04\/logo_header-1.png","url":"https:\/\/sergiolapegue.com\/site\/wp-content\/uploads\/2021\/04\/logo_header-1.png","contentUrl":"https:\/\/sergiolapegue.com\/site\/wp-content\/uploads\/2021\/04\/logo_header-1.png","width":272,"height":90,"caption":"Sergio Lapegue"},"logo":{"@id":"https:\/\/sergiolapegue.com\/site\/wp-content\/uploads\/2021\/04\/logo_header-1.png"},"sameAs":["https:\/\/facebook.com\/sergiolapegue","https:\/\/instagram.com\/sergiolapegue","https:\/\/x.com\/https:\/\/twitter.com\/sergiolapegue"]},{"@type":"Person","@id":"https:\/\/sergiolapegue.com\/site\/#\/schema\/person\/9198e7dbab43c6d74d0fd5399af7c3cd","name":"Daniel E. Monta\u00f1a","image":{"@type":"ImageObject","inLanguage":"es-AR","@id":"https:\/\/sergiolapegue.com\/site\/wp-content\/uploads\/2021\/04\/sl_avatar_Daniel-150x150.jpg","url":"https:\/\/sergiolapegue.com\/site\/wp-content\/uploads\/2021\/04\/sl_avatar_Daniel-150x150.jpg","contentUrl":"https:\/\/sergiolapegue.com\/site\/wp-content\/uploads\/2021\/04\/sl_avatar_Daniel-150x150.jpg","caption":"Daniel E. Monta\u00f1a"},"sameAs":["https:\/\/facebook.com\/danielernesto.montana","https:\/\/instagram.com\/daniel_montana1961","https:\/\/x.com\/https:\/\/twitter.com\/daner_004"],"url":"https:\/\/sergiolapegue.com\/site\/author\/daniel\/"}]}},"_links":{"self":[{"href":"https:\/\/sergiolapegue.com\/site\/wp-json\/wp\/v2\/posts\/16384","targetHints":{"allow":["GET"]}}],"collection":[{"href":"https:\/\/sergiolapegue.com\/site\/wp-json\/wp\/v2\/posts"}],"about":[{"href":"https:\/\/sergiolapegue.com\/site\/wp-json\/wp\/v2\/types\/post"}],"author":[{"embeddable":true,"href":"https:\/\/sergiolapegue.com\/site\/wp-json\/wp\/v2\/users\/3"}],"replies":[{"embeddable":true,"href":"https:\/\/sergiolapegue.com\/site\/wp-json\/wp\/v2\/comments?post=16384"}],"version-history":[{"count":1,"href":"https:\/\/sergiolapegue.com\/site\/wp-json\/wp\/v2\/posts\/16384\/revisions"}],"predecessor-version":[{"id":16388,"href":"https:\/\/sergiolapegue.com\/site\/wp-json\/wp\/v2\/posts\/16384\/revisions\/16388"}],"wp:featuredmedia":[{"embeddable":true,"href":"https:\/\/sergiolapegue.com\/site\/wp-json\/wp\/v2\/media\/16387"}],"wp:attachment":[{"href":"https:\/\/sergiolapegue.com\/site\/wp-json\/wp\/v2\/media?parent=16384"}],"wp:term":[{"taxonomy":"category","embeddable":true,"href":"https:\/\/sergiolapegue.com\/site\/wp-json\/wp\/v2\/categories?post=16384"},{"taxonomy":"post_tag","embeddable":true,"href":"https:\/\/sergiolapegue.com\/site\/wp-json\/wp\/v2\/tags?post=16384"}],"curies":[{"name":"wp","href":"https:\/\/api.w.org\/{rel}","templated":true}]}}