{"id":16354,"date":"2024-07-22T09:00:00","date_gmt":"2024-07-22T12:00:00","guid":{"rendered":"https:\/\/sergiolapegue.com\/site\/?p=16354"},"modified":"2024-07-19T13:13:28","modified_gmt":"2024-07-19T16:13:28","slug":"el-buen-ser-en-la-marca-personal","status":"publish","type":"post","link":"https:\/\/sergiolapegue.com\/site\/2024\/07\/22\/el-buen-ser-en-la-marca-personal\/","title":{"rendered":"El Buen Ser en la Marca Personal"},"content":{"rendered":"\n<p><strong>La Lecci\u00f3n de Dibu Mart\u00ednez<\/strong><\/p>\n\n\n\n<p>En el mundo del deporte, y m\u00e1s all\u00e1 de \u00e9l, la marca personal es mucho m\u00e1s que habilidades t\u00e9cnicas o logros profesionales. Se trata de construir una identidad aut\u00e9ntica y humana que conecte con las personas en un nivel m\u00e1s profundo. Un ejemplo claro de esta filosof\u00eda es el arquero Emiliano &#8220;Dibu&#8221; Mart\u00ednez, cuyo carisma y calidez han trascendido las fronteras del campo de juego para dejar una huella duradera en la percepci\u00f3n p\u00fablica.<\/p>\n\n\n\n<p><strong>Humor y Empat\u00eda: Las Claves del Dibu<\/strong><\/p>\n\n\n\n<p>Dibu Mart\u00ednez no solo destaca por su capacidad para detener penales y hacer atajadas impresionantes; su personalidad \u00fanica y su enfoque en el buen ser son fundamentales para su marca personal. En el \u00e1mbito deportivo, donde la competencia es feroz y cada detalle cuenta, Dibu ha demostrado que ser aut\u00e9ntico y tener un buen coraz\u00f3n pueden ser tan importantes como el talento.<\/p>\n\n\n\n<p>Un ejemplo perfecto de esto es su comportamiento en los partidos. En el \u00faltimo encuentro, despu\u00e9s de una intensa tanda de penales, Dibu se tom\u00f3 un momento para saludar al arquero del equipo contrario. Este gesto, aunque simple, refleja una profunda empat\u00eda y respeto por sus colegas, independientemente del resultado. Este tipo de acciones no solo muestran su car\u00e1cter, sino que tambi\u00e9n fortalecen su imagen p\u00fablica como una persona c\u00e1lida y accesible.<\/p>\n\n\n\n<figure class=\"wp-block-image size-large\"><img loading=\"lazy\" decoding=\"async\" width=\"1024\" height=\"572\" src=\"https:\/\/sergiolapegue.com\/site\/wp-content\/uploads\/2024\/07\/Dibu-Martinez01-1024x572.jpg\" alt=\"\" class=\"wp-image-16356\" srcset=\"https:\/\/sergiolapegue.com\/site\/wp-content\/uploads\/2024\/07\/Dibu-Martinez01-1024x572.jpg 1024w, https:\/\/sergiolapegue.com\/site\/wp-content\/uploads\/2024\/07\/Dibu-Martinez01-300x168.jpg 300w, https:\/\/sergiolapegue.com\/site\/wp-content\/uploads\/2024\/07\/Dibu-Martinez01-768x429.jpg 768w, https:\/\/sergiolapegue.com\/site\/wp-content\/uploads\/2024\/07\/Dibu-Martinez01-752x420.jpg 752w, https:\/\/sergiolapegue.com\/site\/wp-content\/uploads\/2024\/07\/Dibu-Martinez01-696x389.jpg 696w, https:\/\/sergiolapegue.com\/site\/wp-content\/uploads\/2024\/07\/Dibu-Martinez01-1068x596.jpg 1068w, https:\/\/sergiolapegue.com\/site\/wp-content\/uploads\/2024\/07\/Dibu-Martinez01.jpg 1200w\" sizes=\"auto, (max-width: 1024px) 100vw, 1024px\" \/><\/figure>\n\n\n\n<p><strong>La Importancia del Buen Ser en la Marca Personal<\/strong><\/p>\n\n\n\n<p>Ser una buena persona y demostrarlo consistentemente habla de una marca personal s\u00f3lida, confiable y transparente. En un mundo donde la autenticidad es cada vez m\u00e1s valorada, el buen ser se convierte en un pilar fundamental para construir una marca personal que realmente resuene con los dem\u00e1s.<\/p>\n\n\n\n<p>Dibu Mart\u00ednez nos ense\u00f1a que el humor y la empat\u00eda no est\u00e1n re\u00f1idos con el profesionalismo. De hecho, estos elementos pueden potenciar nuestra imagen y diferenciarnos en cualquier campo, ya sea en el deporte, los negocios o cualquier otro \u00e1mbito. La combinaci\u00f3n de talento y humanidad crea una conexi\u00f3n genuina con el p\u00fablico, lo cual es esencial para el \u00e9xito a largo plazo.<\/p>\n\n\n\n<p><strong>Entrenamiento y Dedicaci\u00f3n: La Base del \u00c9xito de Dibu<\/strong><\/p>\n\n\n\n<p>Adem\u00e1s de su car\u00e1cter y valores, Dibu Mart\u00ednez respalda su desempe\u00f1o con una dedicaci\u00f3n impresionante al entrenamiento. Seg\u00fan un informe de la revista&nbsp;<em>Goalkeeper<\/em>, los arqueros profesionales, como Mart\u00ednez, realizan entre 400 y 500 repeticiones diarias de ejercicios espec\u00edficos para mejorar sus reflejos, fuerza y agilidad . Este r\u00e9gimen riguroso es esencial para mantener su rendimiento al m\u00e1s alto nivel y demuestra que el \u00e9xito en el deporte no es solo una cuesti\u00f3n de talento innato, sino tambi\u00e9n de trabajo arduo y constante.<\/p>\n\n\n\n<figure class=\"wp-block-image size-full\"><img loading=\"lazy\" decoding=\"async\" width=\"686\" height=\"386\" src=\"https:\/\/sergiolapegue.com\/site\/wp-content\/uploads\/2024\/07\/Dibu-Martinez03.jpg\" alt=\"\" class=\"wp-image-16355\" srcset=\"https:\/\/sergiolapegue.com\/site\/wp-content\/uploads\/2024\/07\/Dibu-Martinez03.jpg 686w, https:\/\/sergiolapegue.com\/site\/wp-content\/uploads\/2024\/07\/Dibu-Martinez03-300x169.jpg 300w\" sizes=\"auto, (max-width: 686px) 100vw, 686px\" \/><\/figure>\n\n\n\n<p><strong>Transladando la Filosof\u00eda del Buen Ser al Deporte y M\u00e1s All\u00e1<\/strong><\/p>\n\n\n\n<p>La historia de Dibu Mart\u00ednez nos muestra que, adem\u00e1s de entrenar arduamente y mejorar nuestras habilidades t\u00e9cnicas, es crucial cultivar nuestras cualidades humanas. En el deporte, esto significa no solo practicar y entrenar incansablemente, sino tambi\u00e9n mostrar respeto y amabilidad hacia los dem\u00e1s.<\/p>\n\n\n\n<p>Para todos aquellos que buscan construir una marca personal s\u00f3lida, la lecci\u00f3n es clara: el buen ser debe ser una parte integral de nuestra estrategia. La autenticidad, la empat\u00eda y el humor pueden ser herramientas poderosas para conectar con otros y dejar una impresi\u00f3n duradera.<\/p>\n\n\n\n<p>En resumen, la marca personal no se trata solo de lo que hacemos, sino de c\u00f3mo lo hacemos y qui\u00e9nes somos en el proceso. Siguiendo el ejemplo de Dibu Mart\u00ednez, podemos ver que ser una buena persona y demostrarlo no solo mejora nuestra imagen, sino que tambi\u00e9n enriquece nuestras vidas y las de quienes nos rodean.<\/p>\n\n\n\n<figure class=\"wp-block-image size-large is-resized\"><img loading=\"lazy\" decoding=\"async\" width=\"1066\" height=\"1600\" src=\"https:\/\/sergiolapegue.com\/site\/wp-content\/uploads\/2024\/07\/WhatsApp-Image-2024-07-19-at-12.56.16-edited.jpeg\" alt=\"\" class=\"wp-image-16361\" style=\"width:262px;height:auto\" srcset=\"https:\/\/sergiolapegue.com\/site\/wp-content\/uploads\/2024\/07\/WhatsApp-Image-2024-07-19-at-12.56.16-edited.jpeg 1066w, https:\/\/sergiolapegue.com\/site\/wp-content\/uploads\/2024\/07\/WhatsApp-Image-2024-07-19-at-12.56.16-edited-200x300.jpeg 200w, https:\/\/sergiolapegue.com\/site\/wp-content\/uploads\/2024\/07\/WhatsApp-Image-2024-07-19-at-12.56.16-edited-682x1024.jpeg 682w, https:\/\/sergiolapegue.com\/site\/wp-content\/uploads\/2024\/07\/WhatsApp-Image-2024-07-19-at-12.56.16-edited-768x1153.jpeg 768w, https:\/\/sergiolapegue.com\/site\/wp-content\/uploads\/2024\/07\/WhatsApp-Image-2024-07-19-at-12.56.16-edited-1023x1536.jpeg 1023w, https:\/\/sergiolapegue.com\/site\/wp-content\/uploads\/2024\/07\/WhatsApp-Image-2024-07-19-at-12.56.16-edited-280x420.jpeg 280w, https:\/\/sergiolapegue.com\/site\/wp-content\/uploads\/2024\/07\/WhatsApp-Image-2024-07-19-at-12.56.16-edited-696x1045.jpeg 696w\" sizes=\"auto, (max-width: 1066px) 100vw, 1066px\" \/><figcaption class=\"wp-element-caption\">Soledad Depresbitero es Lic en Relaciones P\u00fablicas, comunicadora y experta en Personal Branding.<\/figcaption><\/figure>\n","protected":false},"excerpt":{"rendered":"<p>La Lecci\u00f3n de Dibu Mart\u00ednez En el mundo del deporte, y m\u00e1s all\u00e1 de \u00e9l, la marca personal es mucho m\u00e1s que habilidades t\u00e9cnicas o logros profesionales. Se trata de construir una identidad aut\u00e9ntica y humana que conecte con las personas en un nivel m\u00e1s profundo. Un ejemplo claro de esta filosof\u00eda es el arquero [&hellip;]<\/p>\n","protected":false},"author":4,"featured_media":16357,"comment_status":"closed","ping_status":"closed","sticky":false,"template":"","format":"standard","meta":{"footnotes":""},"categories":[38],"tags":[89,3034,264,3658,2903,3228],"class_list":{"0":"post-16354","1":"post","2":"type-post","3":"status-publish","4":"format-standard","5":"has-post-thumbnail","7":"category-actualidad","8":"tag-argentina","9":"tag-arquero","10":"tag-deporte","11":"tag-dibu","12":"tag-filosofia","13":"tag-martinez"},"yoast_head":"<!-- This site is optimized with the Yoast SEO plugin v27.5 - https:\/\/yoast.com\/product\/yoast-seo-wordpress\/ -->\n<title>El Buen Ser en la Marca Personal - Sergio Lapegue<\/title>\n<meta name=\"robots\" content=\"index, follow, max-snippet:-1, max-image-preview:large, max-video-preview:-1\" \/>\n<link rel=\"canonical\" href=\"https:\/\/sergiolapegue.com\/site\/2024\/07\/22\/el-buen-ser-en-la-marca-personal\/\" \/>\n<meta property=\"og:locale\" content=\"es_ES\" \/>\n<meta property=\"og:type\" content=\"article\" \/>\n<meta property=\"og:title\" content=\"El Buen Ser en la Marca Personal - Sergio Lapegue\" \/>\n<meta property=\"og:description\" content=\"La Lecci\u00f3n de Dibu Mart\u00ednez En el mundo del deporte, y m\u00e1s all\u00e1 de \u00e9l, la marca personal es mucho m\u00e1s que habilidades t\u00e9cnicas o logros profesionales. Se trata de construir una identidad aut\u00e9ntica y humana que conecte con las personas en un nivel m\u00e1s profundo. Un ejemplo claro de esta filosof\u00eda es el arquero [&hellip;]\" \/>\n<meta property=\"og:url\" content=\"https:\/\/sergiolapegue.com\/site\/2024\/07\/22\/el-buen-ser-en-la-marca-personal\/\" \/>\n<meta property=\"og:site_name\" content=\"Sergio Lapegue\" \/>\n<meta property=\"article:publisher\" content=\"https:\/\/facebook.com\/sergiolapegue\" \/>\n<meta property=\"article:published_time\" content=\"2024-07-22T12:00:00+00:00\" \/>\n<meta property=\"og:image\" content=\"https:\/\/sergiolapegue.com\/site\/wp-content\/uploads\/2024\/07\/Dibu-Martinez02.webp\" \/>\n\t<meta property=\"og:image:width\" content=\"980\" \/>\n\t<meta property=\"og:image:height\" content=\"640\" \/>\n\t<meta property=\"og:image:type\" content=\"image\/webp\" \/>\n<meta name=\"author\" content=\"Leonardo Monta\u00f1a\" \/>\n<meta name=\"twitter:card\" content=\"summary_large_image\" \/>\n<meta name=\"twitter:creator\" content=\"@https:\/\/twitter.com\/soytoto81\" \/>\n<meta name=\"twitter:site\" content=\"@sergiolapegue\" \/>\n<meta name=\"twitter:label1\" content=\"Escrito por\" \/>\n\t<meta name=\"twitter:data1\" content=\"Leonardo Monta\u00f1a\" \/>\n\t<meta name=\"twitter:label2\" content=\"Tiempo de lectura\" \/>\n\t<meta name=\"twitter:data2\" content=\"4 minutos\" \/>\n<script type=\"application\/ld+json\" class=\"yoast-schema-graph\">{\"@context\":\"https:\\\/\\\/schema.org\",\"@graph\":[{\"@type\":\"Article\",\"@id\":\"https:\\\/\\\/sergiolapegue.com\\\/site\\\/2024\\\/07\\\/22\\\/el-buen-ser-en-la-marca-personal\\\/#article\",\"isPartOf\":{\"@id\":\"https:\\\/\\\/sergiolapegue.com\\\/site\\\/2024\\\/07\\\/22\\\/el-buen-ser-en-la-marca-personal\\\/\"},\"author\":{\"name\":\"Leonardo Monta\u00f1a\",\"@id\":\"https:\\\/\\\/sergiolapegue.com\\\/site\\\/#\\\/schema\\\/person\\\/00adf937d010c7f79a180dc4916a40e0\"},\"headline\":\"El Buen Ser en la Marca Personal\",\"datePublished\":\"2024-07-22T12:00:00+00:00\",\"mainEntityOfPage\":{\"@id\":\"https:\\\/\\\/sergiolapegue.com\\\/site\\\/2024\\\/07\\\/22\\\/el-buen-ser-en-la-marca-personal\\\/\"},\"wordCount\":665,\"publisher\":{\"@id\":\"https:\\\/\\\/sergiolapegue.com\\\/site\\\/#\\\/schema\\\/person\\\/083aeceeb0734cd166779ea6c0551a37\"},\"image\":{\"@id\":\"https:\\\/\\\/sergiolapegue.com\\\/site\\\/2024\\\/07\\\/22\\\/el-buen-ser-en-la-marca-personal\\\/#primaryimage\"},\"thumbnailUrl\":\"https:\\\/\\\/sergiolapegue.com\\\/site\\\/wp-content\\\/uploads\\\/2024\\\/07\\\/Dibu-Martinez02.webp\",\"keywords\":[\"argentina\",\"arquero\",\"deporte\",\"dibu\",\"filosofia\",\"martinez\"],\"articleSection\":[\"Actualidad\"],\"inLanguage\":\"es-AR\"},{\"@type\":\"WebPage\",\"@id\":\"https:\\\/\\\/sergiolapegue.com\\\/site\\\/2024\\\/07\\\/22\\\/el-buen-ser-en-la-marca-personal\\\/\",\"url\":\"https:\\\/\\\/sergiolapegue.com\\\/site\\\/2024\\\/07\\\/22\\\/el-buen-ser-en-la-marca-personal\\\/\",\"name\":\"El Buen Ser en la Marca Personal - Sergio Lapegue\",\"isPartOf\":{\"@id\":\"https:\\\/\\\/sergiolapegue.com\\\/site\\\/#website\"},\"primaryImageOfPage\":{\"@id\":\"https:\\\/\\\/sergiolapegue.com\\\/site\\\/2024\\\/07\\\/22\\\/el-buen-ser-en-la-marca-personal\\\/#primaryimage\"},\"image\":{\"@id\":\"https:\\\/\\\/sergiolapegue.com\\\/site\\\/2024\\\/07\\\/22\\\/el-buen-ser-en-la-marca-personal\\\/#primaryimage\"},\"thumbnailUrl\":\"https:\\\/\\\/sergiolapegue.com\\\/site\\\/wp-content\\\/uploads\\\/2024\\\/07\\\/Dibu-Martinez02.webp\",\"datePublished\":\"2024-07-22T12:00:00+00:00\",\"breadcrumb\":{\"@id\":\"https:\\\/\\\/sergiolapegue.com\\\/site\\\/2024\\\/07\\\/22\\\/el-buen-ser-en-la-marca-personal\\\/#breadcrumb\"},\"inLanguage\":\"es-AR\",\"potentialAction\":[{\"@type\":\"ReadAction\",\"target\":[\"https:\\\/\\\/sergiolapegue.com\\\/site\\\/2024\\\/07\\\/22\\\/el-buen-ser-en-la-marca-personal\\\/\"]}]},{\"@type\":\"ImageObject\",\"inLanguage\":\"es-AR\",\"@id\":\"https:\\\/\\\/sergiolapegue.com\\\/site\\\/2024\\\/07\\\/22\\\/el-buen-ser-en-la-marca-personal\\\/#primaryimage\",\"url\":\"https:\\\/\\\/sergiolapegue.com\\\/site\\\/wp-content\\\/uploads\\\/2024\\\/07\\\/Dibu-Martinez02.webp\",\"contentUrl\":\"https:\\\/\\\/sergiolapegue.com\\\/site\\\/wp-content\\\/uploads\\\/2024\\\/07\\\/Dibu-Martinez02.webp\",\"width\":980,\"height\":640},{\"@type\":\"BreadcrumbList\",\"@id\":\"https:\\\/\\\/sergiolapegue.com\\\/site\\\/2024\\\/07\\\/22\\\/el-buen-ser-en-la-marca-personal\\\/#breadcrumb\",\"itemListElement\":[{\"@type\":\"ListItem\",\"position\":1,\"name\":\"Inicio\",\"item\":\"https:\\\/\\\/sergiolapegue.com\\\/site\\\/\"},{\"@type\":\"ListItem\",\"position\":2,\"name\":\"El Buen Ser en la Marca Personal\"}]},{\"@type\":\"WebSite\",\"@id\":\"https:\\\/\\\/sergiolapegue.com\\\/site\\\/#website\",\"url\":\"https:\\\/\\\/sergiolapegue.com\\\/site\\\/\",\"name\":\"Sergio Lapegue\",\"description\":\"Periodista\",\"publisher\":{\"@id\":\"https:\\\/\\\/sergiolapegue.com\\\/site\\\/#\\\/schema\\\/person\\\/083aeceeb0734cd166779ea6c0551a37\"},\"potentialAction\":[{\"@type\":\"SearchAction\",\"target\":{\"@type\":\"EntryPoint\",\"urlTemplate\":\"https:\\\/\\\/sergiolapegue.com\\\/site\\\/?s={search_term_string}\"},\"query-input\":{\"@type\":\"PropertyValueSpecification\",\"valueRequired\":true,\"valueName\":\"search_term_string\"}}],\"inLanguage\":\"es-AR\"},{\"@type\":[\"Person\",\"Organization\"],\"@id\":\"https:\\\/\\\/sergiolapegue.com\\\/site\\\/#\\\/schema\\\/person\\\/083aeceeb0734cd166779ea6c0551a37\",\"name\":\"Sergio Lapegue\",\"image\":{\"@type\":\"ImageObject\",\"inLanguage\":\"es-AR\",\"@id\":\"https:\\\/\\\/sergiolapegue.com\\\/site\\\/wp-content\\\/uploads\\\/2021\\\/04\\\/logo_header-1.png\",\"url\":\"https:\\\/\\\/sergiolapegue.com\\\/site\\\/wp-content\\\/uploads\\\/2021\\\/04\\\/logo_header-1.png\",\"contentUrl\":\"https:\\\/\\\/sergiolapegue.com\\\/site\\\/wp-content\\\/uploads\\\/2021\\\/04\\\/logo_header-1.png\",\"width\":272,\"height\":90,\"caption\":\"Sergio Lapegue\"},\"logo\":{\"@id\":\"https:\\\/\\\/sergiolapegue.com\\\/site\\\/wp-content\\\/uploads\\\/2021\\\/04\\\/logo_header-1.png\"},\"sameAs\":[\"https:\\\/\\\/facebook.com\\\/sergiolapegue\",\"https:\\\/\\\/instagram.com\\\/sergiolapegue\",\"https:\\\/\\\/x.com\\\/https:\\\/\\\/twitter.com\\\/sergiolapegue\"]},{\"@type\":\"Person\",\"@id\":\"https:\\\/\\\/sergiolapegue.com\\\/site\\\/#\\\/schema\\\/person\\\/00adf937d010c7f79a180dc4916a40e0\",\"name\":\"Leonardo Monta\u00f1a\",\"image\":{\"@type\":\"ImageObject\",\"inLanguage\":\"es-AR\",\"@id\":\"https:\\\/\\\/sergiolapegue.com\\\/site\\\/wp-content\\\/uploads\\\/2021\\\/04\\\/sl_avatar_Leonardo-150x150.jpg\",\"url\":\"https:\\\/\\\/sergiolapegue.com\\\/site\\\/wp-content\\\/uploads\\\/2021\\\/04\\\/sl_avatar_Leonardo-150x150.jpg\",\"contentUrl\":\"https:\\\/\\\/sergiolapegue.com\\\/site\\\/wp-content\\\/uploads\\\/2021\\\/04\\\/sl_avatar_Leonardo-150x150.jpg\",\"caption\":\"Leonardo Monta\u00f1a\"},\"sameAs\":[\"https:\\\/\\\/x.com\\\/https:\\\/\\\/twitter.com\\\/soytoto81\"],\"url\":\"https:\\\/\\\/sergiolapegue.com\\\/site\\\/author\\\/leonardo\\\/\"}]}<\/script>\n<!-- \/ Yoast SEO plugin. -->","yoast_head_json":{"title":"El Buen Ser en la Marca Personal - Sergio Lapegue","robots":{"index":"index","follow":"follow","max-snippet":"max-snippet:-1","max-image-preview":"max-image-preview:large","max-video-preview":"max-video-preview:-1"},"canonical":"https:\/\/sergiolapegue.com\/site\/2024\/07\/22\/el-buen-ser-en-la-marca-personal\/","og_locale":"es_ES","og_type":"article","og_title":"El Buen Ser en la Marca Personal - Sergio Lapegue","og_description":"La Lecci\u00f3n de Dibu Mart\u00ednez En el mundo del deporte, y m\u00e1s all\u00e1 de \u00e9l, la marca personal es mucho m\u00e1s que habilidades t\u00e9cnicas o logros profesionales. Se trata de construir una identidad aut\u00e9ntica y humana que conecte con las personas en un nivel m\u00e1s profundo. Un ejemplo claro de esta filosof\u00eda es el arquero [&hellip;]","og_url":"https:\/\/sergiolapegue.com\/site\/2024\/07\/22\/el-buen-ser-en-la-marca-personal\/","og_site_name":"Sergio Lapegue","article_publisher":"https:\/\/facebook.com\/sergiolapegue","article_published_time":"2024-07-22T12:00:00+00:00","og_image":[{"width":980,"height":640,"url":"https:\/\/sergiolapegue.com\/site\/wp-content\/uploads\/2024\/07\/Dibu-Martinez02.webp","type":"image\/webp"}],"author":"Leonardo Monta\u00f1a","twitter_card":"summary_large_image","twitter_creator":"@https:\/\/twitter.com\/soytoto81","twitter_site":"@sergiolapegue","twitter_misc":{"Escrito por":"Leonardo Monta\u00f1a","Tiempo de lectura":"4 minutos"},"schema":{"@context":"https:\/\/schema.org","@graph":[{"@type":"Article","@id":"https:\/\/sergiolapegue.com\/site\/2024\/07\/22\/el-buen-ser-en-la-marca-personal\/#article","isPartOf":{"@id":"https:\/\/sergiolapegue.com\/site\/2024\/07\/22\/el-buen-ser-en-la-marca-personal\/"},"author":{"name":"Leonardo Monta\u00f1a","@id":"https:\/\/sergiolapegue.com\/site\/#\/schema\/person\/00adf937d010c7f79a180dc4916a40e0"},"headline":"El Buen Ser en la Marca Personal","datePublished":"2024-07-22T12:00:00+00:00","mainEntityOfPage":{"@id":"https:\/\/sergiolapegue.com\/site\/2024\/07\/22\/el-buen-ser-en-la-marca-personal\/"},"wordCount":665,"publisher":{"@id":"https:\/\/sergiolapegue.com\/site\/#\/schema\/person\/083aeceeb0734cd166779ea6c0551a37"},"image":{"@id":"https:\/\/sergiolapegue.com\/site\/2024\/07\/22\/el-buen-ser-en-la-marca-personal\/#primaryimage"},"thumbnailUrl":"https:\/\/sergiolapegue.com\/site\/wp-content\/uploads\/2024\/07\/Dibu-Martinez02.webp","keywords":["argentina","arquero","deporte","dibu","filosofia","martinez"],"articleSection":["Actualidad"],"inLanguage":"es-AR"},{"@type":"WebPage","@id":"https:\/\/sergiolapegue.com\/site\/2024\/07\/22\/el-buen-ser-en-la-marca-personal\/","url":"https:\/\/sergiolapegue.com\/site\/2024\/07\/22\/el-buen-ser-en-la-marca-personal\/","name":"El Buen Ser en la Marca Personal - Sergio Lapegue","isPartOf":{"@id":"https:\/\/sergiolapegue.com\/site\/#website"},"primaryImageOfPage":{"@id":"https:\/\/sergiolapegue.com\/site\/2024\/07\/22\/el-buen-ser-en-la-marca-personal\/#primaryimage"},"image":{"@id":"https:\/\/sergiolapegue.com\/site\/2024\/07\/22\/el-buen-ser-en-la-marca-personal\/#primaryimage"},"thumbnailUrl":"https:\/\/sergiolapegue.com\/site\/wp-content\/uploads\/2024\/07\/Dibu-Martinez02.webp","datePublished":"2024-07-22T12:00:00+00:00","breadcrumb":{"@id":"https:\/\/sergiolapegue.com\/site\/2024\/07\/22\/el-buen-ser-en-la-marca-personal\/#breadcrumb"},"inLanguage":"es-AR","potentialAction":[{"@type":"ReadAction","target":["https:\/\/sergiolapegue.com\/site\/2024\/07\/22\/el-buen-ser-en-la-marca-personal\/"]}]},{"@type":"ImageObject","inLanguage":"es-AR","@id":"https:\/\/sergiolapegue.com\/site\/2024\/07\/22\/el-buen-ser-en-la-marca-personal\/#primaryimage","url":"https:\/\/sergiolapegue.com\/site\/wp-content\/uploads\/2024\/07\/Dibu-Martinez02.webp","contentUrl":"https:\/\/sergiolapegue.com\/site\/wp-content\/uploads\/2024\/07\/Dibu-Martinez02.webp","width":980,"height":640},{"@type":"BreadcrumbList","@id":"https:\/\/sergiolapegue.com\/site\/2024\/07\/22\/el-buen-ser-en-la-marca-personal\/#breadcrumb","itemListElement":[{"@type":"ListItem","position":1,"name":"Inicio","item":"https:\/\/sergiolapegue.com\/site\/"},{"@type":"ListItem","position":2,"name":"El Buen Ser en la Marca Personal"}]},{"@type":"WebSite","@id":"https:\/\/sergiolapegue.com\/site\/#website","url":"https:\/\/sergiolapegue.com\/site\/","name":"Sergio Lapegue","description":"Periodista","publisher":{"@id":"https:\/\/sergiolapegue.com\/site\/#\/schema\/person\/083aeceeb0734cd166779ea6c0551a37"},"potentialAction":[{"@type":"SearchAction","target":{"@type":"EntryPoint","urlTemplate":"https:\/\/sergiolapegue.com\/site\/?s={search_term_string}"},"query-input":{"@type":"PropertyValueSpecification","valueRequired":true,"valueName":"search_term_string"}}],"inLanguage":"es-AR"},{"@type":["Person","Organization"],"@id":"https:\/\/sergiolapegue.com\/site\/#\/schema\/person\/083aeceeb0734cd166779ea6c0551a37","name":"Sergio Lapegue","image":{"@type":"ImageObject","inLanguage":"es-AR","@id":"https:\/\/sergiolapegue.com\/site\/wp-content\/uploads\/2021\/04\/logo_header-1.png","url":"https:\/\/sergiolapegue.com\/site\/wp-content\/uploads\/2021\/04\/logo_header-1.png","contentUrl":"https:\/\/sergiolapegue.com\/site\/wp-content\/uploads\/2021\/04\/logo_header-1.png","width":272,"height":90,"caption":"Sergio Lapegue"},"logo":{"@id":"https:\/\/sergiolapegue.com\/site\/wp-content\/uploads\/2021\/04\/logo_header-1.png"},"sameAs":["https:\/\/facebook.com\/sergiolapegue","https:\/\/instagram.com\/sergiolapegue","https:\/\/x.com\/https:\/\/twitter.com\/sergiolapegue"]},{"@type":"Person","@id":"https:\/\/sergiolapegue.com\/site\/#\/schema\/person\/00adf937d010c7f79a180dc4916a40e0","name":"Leonardo Monta\u00f1a","image":{"@type":"ImageObject","inLanguage":"es-AR","@id":"https:\/\/sergiolapegue.com\/site\/wp-content\/uploads\/2021\/04\/sl_avatar_Leonardo-150x150.jpg","url":"https:\/\/sergiolapegue.com\/site\/wp-content\/uploads\/2021\/04\/sl_avatar_Leonardo-150x150.jpg","contentUrl":"https:\/\/sergiolapegue.com\/site\/wp-content\/uploads\/2021\/04\/sl_avatar_Leonardo-150x150.jpg","caption":"Leonardo Monta\u00f1a"},"sameAs":["https:\/\/x.com\/https:\/\/twitter.com\/soytoto81"],"url":"https:\/\/sergiolapegue.com\/site\/author\/leonardo\/"}]}},"_links":{"self":[{"href":"https:\/\/sergiolapegue.com\/site\/wp-json\/wp\/v2\/posts\/16354","targetHints":{"allow":["GET"]}}],"collection":[{"href":"https:\/\/sergiolapegue.com\/site\/wp-json\/wp\/v2\/posts"}],"about":[{"href":"https:\/\/sergiolapegue.com\/site\/wp-json\/wp\/v2\/types\/post"}],"author":[{"embeddable":true,"href":"https:\/\/sergiolapegue.com\/site\/wp-json\/wp\/v2\/users\/4"}],"replies":[{"embeddable":true,"href":"https:\/\/sergiolapegue.com\/site\/wp-json\/wp\/v2\/comments?post=16354"}],"version-history":[{"count":2,"href":"https:\/\/sergiolapegue.com\/site\/wp-json\/wp\/v2\/posts\/16354\/revisions"}],"predecessor-version":[{"id":16362,"href":"https:\/\/sergiolapegue.com\/site\/wp-json\/wp\/v2\/posts\/16354\/revisions\/16362"}],"wp:featuredmedia":[{"embeddable":true,"href":"https:\/\/sergiolapegue.com\/site\/wp-json\/wp\/v2\/media\/16357"}],"wp:attachment":[{"href":"https:\/\/sergiolapegue.com\/site\/wp-json\/wp\/v2\/media?parent=16354"}],"wp:term":[{"taxonomy":"category","embeddable":true,"href":"https:\/\/sergiolapegue.com\/site\/wp-json\/wp\/v2\/categories?post=16354"},{"taxonomy":"post_tag","embeddable":true,"href":"https:\/\/sergiolapegue.com\/site\/wp-json\/wp\/v2\/tags?post=16354"}],"curies":[{"name":"wp","href":"https:\/\/api.w.org\/{rel}","templated":true}]}}