{"id":16236,"date":"2024-07-13T10:31:00","date_gmt":"2024-07-13T13:31:00","guid":{"rendered":"https:\/\/sergiolapegue.com\/site\/?p=16236"},"modified":"2024-07-12T12:37:32","modified_gmt":"2024-07-12T15:37:32","slug":"shakira-se-presentara-en-la-final-de-la-conmebol-copa-america-usa-2024","status":"publish","type":"post","link":"https:\/\/sergiolapegue.com\/site\/2024\/07\/13\/shakira-se-presentara-en-la-final-de-la-conmebol-copa-america-usa-2024\/","title":{"rendered":"Shakira se presentar\u00e1 en la final de la conmebol copa am\u00e9rica usa 2024"},"content":{"rendered":"\n<p>CONMEBOL, confirm\u00f3 que la artista ganadora del GRAMMY\u00ae y Latin GRAMMY\u00ae Shakira, ser\u00e1 por primera vez en la historia de la Copa Am\u00e9rica\u2122\ufe0f, el torneo de selecciones m\u00e1s antiguo y emocionante del mundo, la primera presentaci\u00f3n musical durante el entretiempo de la final, que se realizar\u00e1 el domingo 14 de julio, en el Hard Rock Stadium en la ciudad de Miami.<\/p>\n\n\n\n<p>Shakira, cuyas actuaciones en los m\u00e1s grandes eventos del planeta como el S\u00faper Bowl y tres mundiales de f\u00fatbol, ya la hace un \u00edcono en el mundo deportivo, volver\u00e1 al escenario con una combinaci\u00f3n de sus himnos conocidos y sus m\u00e1s recientes \u00e9xitos.<\/p>\n\n\n\n<p>&#8220;Shakira es una extraordinaria estrella sudamericana que ha deslumbrado al mundo entero. Sus canciones se cantan y bailan en todos los rincones del planeta, convirtiendo su arte en un fen\u00f3meno global que cruza fronteras y que disfrutan millones de personas. Estamos seguros de que su actuaci\u00f3n en el escenario de la Copa Am\u00e9rica USA 2024\u2122\ufe0f potenciar\u00e1 el mensaje de sana pasi\u00f3n y de unidad a trav\u00e9s del deporte&#8221;, declar\u00f3 Alejandro Dom\u00ednguez, presidente de la CONMEBOL.<\/p>\n\n\n\n<p>La final de la CONMEBOL Copa Am\u00e9rica USA 2024\u2122 se realizar\u00e1 el domingo 14 de julio, con m\u00e1s de 54.000 aficionados a la fecha, en el Hard Rock Stadium en Miami, Florida.<\/p>\n\n\n\n<p>Tras el \u00e9xito de su nuevo \u00e1lbum Las Mujeres Ya No Lloran, uno de los \u00e1lbumes con m\u00e1s streams del a\u00f1o, Shakira comenzar\u00e1 su esperada gira mundial del mismo nombre con 17 conciertos por Estados Unidos, arrancando este 2 de noviembre en Palm Desert, CA.<\/p>\n\n\n\n<p><strong>Acerca de Shakira<\/strong><\/p>\n\n\n\n<p>Shakira, una cantautora colombiana y ganadora de varios premios GRAMMY\u00ae, ha alcanzado renombre global. Ha vendido m\u00e1s de 95 millones de discos en todo el mundo y ha sido galardonada con tres GRAMMYs\u00ae, doce Latin GRAMMYs\u00ae y m\u00faltiples premios World Music, American Music y Billboard, entre otros. Es la artista femenina latina m\u00e1s vista y una de las diez artistas m\u00e1s populares en la historia de YouTube, con m\u00e1s de 27 mil millones de vistas acumuladas. En Spotify, es la artista latina femenina m\u00e1s escuchada de todos los tiempos.<\/p>\n\n\n\n<p>Recientemente, Shakira lanz\u00f3 su duod\u00e9cimo \u00e1lbum de estudio, &#8220;Las Mujeres Ya No Lloran&#8221;, que ha recibido excelentes cr\u00edticas. El \u00e1lbum es un impresionante testimonio de su resiliencia y fortaleza, as\u00ed como del poder transformador de la m\u00fasica en los momentos m\u00e1s dif\u00edciles. En las primeras 24 horas desde su lanzamiento, el \u00e1lbum se convirti\u00f3 en el m\u00e1s escuchado del 2024 y obtuvo la certificaci\u00f3n 7 veces Platino.<\/p>\n\n\n\n<p>Su \u00e1lbum anterior, &#8220;El Dorado&#8221;, alcanz\u00f3 el puesto #1 en iTunes en 37 pa\u00edses y gan\u00f3 el premio al Mejor \u00c1lbum Vocal Pop en los Latin GRAMMY\u00ae Awards 2017 y al Mejor \u00c1lbum Pop Latino en los GRAMMY\u00ae Awards 2018. Con m\u00e1s de 12 mil millones de reproducciones, es uno de los \u00e1lbumes femeninos m\u00e1s escuchados de todos los tiempos.<\/p>\n\n\n\n<p>En un momento hist\u00f3rico, la colaboraci\u00f3n de Shakira en &#8220;SHAKIRA || BZRP Music Sessions #53&#8221; registr\u00f3 m\u00e1s de 14 millones de reproducciones en Spotify y m\u00e1s de 52 millones de vistas en YouTube en 24 horas. La canci\u00f3n debut\u00f3 en el puesto #9 en el Billboard Hot 100, marcando otro hito para Shakira como la primera mujer solista en debutar en el Top 10 con una canci\u00f3n en espa\u00f1ol y siendo la canci\u00f3n en espa\u00f1ol con m\u00e1s reproducciones en un solo d\u00eda en la historia de Spotify.<\/p>\n\n\n\n<p>Por su contribuci\u00f3n a la m\u00fasica, Shakira recibi\u00f3 el Premio MTV Michael Jackson Video Vanguard en los MTV Video Music Awards, ofreciendo una impresionante actuaci\u00f3n de sus grandes \u00e9xitos en honor al premio.<\/p>\n\n\n\n<p>Pocos d\u00edas despu\u00e9s del lanzamiento de su aclamado \u00e1lbum &#8220;Las Mujeres Ya No Lloran&#8221;, Shakira sorprendi\u00f3 a una multitud de m\u00e1s de 40,000 personas en Times Square con una actuaci\u00f3n fascinante en el escenario TSX, marcando la mayor audiencia para una actuaci\u00f3n en ese lugar.<\/p>\n\n\n\n<figure class=\"wp-block-image size-large\"><img loading=\"lazy\" decoding=\"async\" width=\"1024\" height=\"682\" src=\"https:\/\/sergiolapegue.com\/site\/wp-content\/uploads\/2024\/07\/shakira02-1024x682.webp\" alt=\"\" class=\"wp-image-16237\" srcset=\"https:\/\/sergiolapegue.com\/site\/wp-content\/uploads\/2024\/07\/shakira02-1024x682.webp 1024w, https:\/\/sergiolapegue.com\/site\/wp-content\/uploads\/2024\/07\/shakira02-300x200.webp 300w, https:\/\/sergiolapegue.com\/site\/wp-content\/uploads\/2024\/07\/shakira02-768x512.webp 768w, https:\/\/sergiolapegue.com\/site\/wp-content\/uploads\/2024\/07\/shakira02-630x420.webp 630w, https:\/\/sergiolapegue.com\/site\/wp-content\/uploads\/2024\/07\/shakira02-696x464.webp 696w, https:\/\/sergiolapegue.com\/site\/wp-content\/uploads\/2024\/07\/shakira02-1068x712.webp 1068w, https:\/\/sergiolapegue.com\/site\/wp-content\/uploads\/2024\/07\/shakira02.webp 1400w\" sizes=\"auto, (max-width: 1024px) 100vw, 1024px\" \/><\/figure>\n\n\n\n<p><strong>CONMEBOL Copa Am\u00e9rica 2024<\/strong><\/p>\n\n\n\n<p>La CONMEBOL Copa Am\u00e9rica 2024\u2122\ufe0f se jugar\u00e1 en Estados Unidos e incluye 10 equipos de la CONMEBOL y 6 equipos invitados de la Concacaf. En esta edici\u00f3n, este tradicional torneo ser\u00e1 organizado por ambas confederaciones.<\/p>\n\n\n\n<p>Las seis selecciones de Concacaf se clasificaron a trav\u00e9s de la Concacaf Nations League 2023\/24. Los representantes de Am\u00e9rica del Norte, Central y el Caribe son Estados Unidos, Panam\u00e1, Jamaica, M\u00e9xico, Canad\u00e1 y Costa Rica.<\/p>\n\n\n\n<p>En la 48\u00aa edici\u00f3n de una de las competiciones m\u00e1s importantes del continente, esta ser\u00e1 la segunda vez en la historia del torneo que albergar\u00e1 a 16 equipos &#8211; habiendo recibido el mismo n\u00famero de equipos en su edici\u00f3n de 2016, tambi\u00e9n celebrada en los Estados Unidos.<\/p>\n\n\n\n<p>Saldr\u00e1n al campo equipos que han ganado 10 t\u00edtulos de la Copa Mundial de la FIFA y las mayores estrellas del f\u00fatbol mundial para disputar 32 partidos en esta edici\u00f3n del torneo en junio y julio de 2024.<\/p>\n\n\n\n<figure class=\"wp-block-embed is-type-video is-provider-youtube wp-block-embed-youtube wp-embed-aspect-16-9 wp-has-aspect-ratio\"><div class=\"wp-block-embed__wrapper\">\n<div class=\"youtube-embed\" data-video_id=\"s6E_fNnLt-w\"><iframe loading=\"lazy\" title=\"Shakira (Canci\u00f3n Oficial de La Copa Am\u00e9rica 2024) (Official Video)\" width=\"696\" height=\"392\" src=\"https:\/\/www.youtube.com\/embed\/s6E_fNnLt-w?feature=oembed&#038;enablejsapi=1\" frameborder=\"0\" allow=\"accelerometer; autoplay; clipboard-write; encrypted-media; gyroscope; picture-in-picture; web-share\" referrerpolicy=\"strict-origin-when-cross-origin\" allowfullscreen><\/iframe><\/div>\n<\/div><\/figure>\n\n\n\n<p><strong>Vibra el continente<\/strong><\/p>\n\n\n\n<p>La CONMEBOL Copa Am\u00e9rica tiene un poder incre\u00edble, puede hacer que todo se mueva, que las emociones vibren y los corazones se eleven.<\/p>\n\n\n\n<p>Hace flamear las banderas, temblar las redes, las tribunas y los estadios. Su historia enorgullece a todo el continente, y nuestro f\u00fatbol late con una fuerza unida.<\/p>\n\n\n\n<p>Esta competici\u00f3n tiene el poder de sacar a relucir la mejor versi\u00f3n de lo que somos: f\u00fatbol, historia, alegr\u00eda y pasi\u00f3n.<\/p>\n","protected":false},"excerpt":{"rendered":"<p>CONMEBOL, confirm\u00f3 que la artista ganadora del GRAMMY\u00ae y Latin GRAMMY\u00ae Shakira, ser\u00e1 por primera vez en la historia de la Copa Am\u00e9rica\u2122\ufe0f, el torneo de selecciones m\u00e1s antiguo y emocionante del mundo, la primera presentaci\u00f3n musical durante el entretiempo de la final, que se realizar\u00e1 el domingo 14 de julio, en el Hard Rock [&hellip;]<\/p>\n","protected":false},"author":4,"featured_media":16238,"comment_status":"closed","ping_status":"closed","sticky":false,"template":"","format":"standard","meta":{"footnotes":""},"categories":[38],"tags":[301,3651,3635,1009,2040,148,1299,1306,3650],"class_list":{"0":"post-16236","1":"post","2":"type-post","3":"status-publish","4":"format-standard","5":"has-post-thumbnail","7":"category-actualidad","8":"tag-cantante","9":"tag-conmebol","10":"tag-copa-america-2","11":"tag-estados-unidos","12":"tag-final","13":"tag-futbol","14":"tag-futbolista","15":"tag-jugador","16":"tag-shakira"},"yoast_head":"<!-- This site is optimized with the Yoast SEO plugin v27.4 - https:\/\/yoast.com\/product\/yoast-seo-wordpress\/ -->\n<title>Shakira se presentar\u00e1 en la final de la conmebol copa am\u00e9rica usa 2024 - Sergio Lapegue<\/title>\n<meta name=\"robots\" content=\"index, follow, max-snippet:-1, max-image-preview:large, max-video-preview:-1\" \/>\n<link rel=\"canonical\" href=\"https:\/\/sergiolapegue.com\/site\/2024\/07\/13\/shakira-se-presentara-en-la-final-de-la-conmebol-copa-america-usa-2024\/\" \/>\n<meta property=\"og:locale\" content=\"es_ES\" \/>\n<meta property=\"og:type\" content=\"article\" \/>\n<meta property=\"og:title\" content=\"Shakira se presentar\u00e1 en la final de la conmebol copa am\u00e9rica usa 2024 - Sergio Lapegue\" \/>\n<meta property=\"og:description\" content=\"CONMEBOL, confirm\u00f3 que la artista ganadora del GRAMMY\u00ae y Latin GRAMMY\u00ae Shakira, ser\u00e1 por primera vez en la historia de la Copa Am\u00e9rica\u2122\ufe0f, el torneo de selecciones m\u00e1s antiguo y emocionante del mundo, la primera presentaci\u00f3n musical durante el entretiempo de la final, que se realizar\u00e1 el domingo 14 de julio, en el Hard Rock [&hellip;]\" \/>\n<meta property=\"og:url\" content=\"https:\/\/sergiolapegue.com\/site\/2024\/07\/13\/shakira-se-presentara-en-la-final-de-la-conmebol-copa-america-usa-2024\/\" \/>\n<meta property=\"og:site_name\" content=\"Sergio Lapegue\" \/>\n<meta property=\"article:publisher\" content=\"https:\/\/facebook.com\/sergiolapegue\" \/>\n<meta property=\"article:published_time\" content=\"2024-07-13T13:31:00+00:00\" \/>\n<meta property=\"og:image\" content=\"https:\/\/sergiolapegue.com\/site\/wp-content\/uploads\/2024\/07\/shakira01.webp\" \/>\n\t<meta property=\"og:image:width\" content=\"1024\" \/>\n\t<meta property=\"og:image:height\" content=\"628\" \/>\n\t<meta property=\"og:image:type\" content=\"image\/webp\" \/>\n<meta name=\"author\" content=\"Leonardo Monta\u00f1a\" \/>\n<meta name=\"twitter:card\" content=\"summary_large_image\" \/>\n<meta name=\"twitter:creator\" content=\"@https:\/\/twitter.com\/soytoto81\" \/>\n<meta name=\"twitter:site\" content=\"@sergiolapegue\" \/>\n<meta name=\"twitter:label1\" content=\"Escrito por\" \/>\n\t<meta name=\"twitter:data1\" content=\"Leonardo Monta\u00f1a\" \/>\n\t<meta name=\"twitter:label2\" content=\"Tiempo de lectura\" \/>\n\t<meta name=\"twitter:data2\" content=\"5 minutos\" \/>\n<script type=\"application\/ld+json\" class=\"yoast-schema-graph\">{\"@context\":\"https:\\\/\\\/schema.org\",\"@graph\":[{\"@type\":\"Article\",\"@id\":\"https:\\\/\\\/sergiolapegue.com\\\/site\\\/2024\\\/07\\\/13\\\/shakira-se-presentara-en-la-final-de-la-conmebol-copa-america-usa-2024\\\/#article\",\"isPartOf\":{\"@id\":\"https:\\\/\\\/sergiolapegue.com\\\/site\\\/2024\\\/07\\\/13\\\/shakira-se-presentara-en-la-final-de-la-conmebol-copa-america-usa-2024\\\/\"},\"author\":{\"name\":\"Leonardo Monta\u00f1a\",\"@id\":\"https:\\\/\\\/sergiolapegue.com\\\/site\\\/#\\\/schema\\\/person\\\/00adf937d010c7f79a180dc4916a40e0\"},\"headline\":\"Shakira se presentar\u00e1 en la final de la conmebol copa am\u00e9rica usa 2024\",\"datePublished\":\"2024-07-13T13:31:00+00:00\",\"mainEntityOfPage\":{\"@id\":\"https:\\\/\\\/sergiolapegue.com\\\/site\\\/2024\\\/07\\\/13\\\/shakira-se-presentara-en-la-final-de-la-conmebol-copa-america-usa-2024\\\/\"},\"wordCount\":934,\"publisher\":{\"@id\":\"https:\\\/\\\/sergiolapegue.com\\\/site\\\/#\\\/schema\\\/person\\\/083aeceeb0734cd166779ea6c0551a37\"},\"image\":{\"@id\":\"https:\\\/\\\/sergiolapegue.com\\\/site\\\/2024\\\/07\\\/13\\\/shakira-se-presentara-en-la-final-de-la-conmebol-copa-america-usa-2024\\\/#primaryimage\"},\"thumbnailUrl\":\"https:\\\/\\\/sergiolapegue.com\\\/site\\\/wp-content\\\/uploads\\\/2024\\\/07\\\/shakira01.webp\",\"keywords\":[\"cantante\",\"conmebol\",\"copa america\",\"estados unidos\",\"final\",\"futbol\",\"futbolista\",\"jugador\",\"shakira\"],\"articleSection\":[\"Actualidad\"],\"inLanguage\":\"es-AR\"},{\"@type\":\"WebPage\",\"@id\":\"https:\\\/\\\/sergiolapegue.com\\\/site\\\/2024\\\/07\\\/13\\\/shakira-se-presentara-en-la-final-de-la-conmebol-copa-america-usa-2024\\\/\",\"url\":\"https:\\\/\\\/sergiolapegue.com\\\/site\\\/2024\\\/07\\\/13\\\/shakira-se-presentara-en-la-final-de-la-conmebol-copa-america-usa-2024\\\/\",\"name\":\"Shakira se presentar\u00e1 en la final de la conmebol copa am\u00e9rica usa 2024 - Sergio Lapegue\",\"isPartOf\":{\"@id\":\"https:\\\/\\\/sergiolapegue.com\\\/site\\\/#website\"},\"primaryImageOfPage\":{\"@id\":\"https:\\\/\\\/sergiolapegue.com\\\/site\\\/2024\\\/07\\\/13\\\/shakira-se-presentara-en-la-final-de-la-conmebol-copa-america-usa-2024\\\/#primaryimage\"},\"image\":{\"@id\":\"https:\\\/\\\/sergiolapegue.com\\\/site\\\/2024\\\/07\\\/13\\\/shakira-se-presentara-en-la-final-de-la-conmebol-copa-america-usa-2024\\\/#primaryimage\"},\"thumbnailUrl\":\"https:\\\/\\\/sergiolapegue.com\\\/site\\\/wp-content\\\/uploads\\\/2024\\\/07\\\/shakira01.webp\",\"datePublished\":\"2024-07-13T13:31:00+00:00\",\"breadcrumb\":{\"@id\":\"https:\\\/\\\/sergiolapegue.com\\\/site\\\/2024\\\/07\\\/13\\\/shakira-se-presentara-en-la-final-de-la-conmebol-copa-america-usa-2024\\\/#breadcrumb\"},\"inLanguage\":\"es-AR\",\"potentialAction\":[{\"@type\":\"ReadAction\",\"target\":[\"https:\\\/\\\/sergiolapegue.com\\\/site\\\/2024\\\/07\\\/13\\\/shakira-se-presentara-en-la-final-de-la-conmebol-copa-america-usa-2024\\\/\"]}]},{\"@type\":\"ImageObject\",\"inLanguage\":\"es-AR\",\"@id\":\"https:\\\/\\\/sergiolapegue.com\\\/site\\\/2024\\\/07\\\/13\\\/shakira-se-presentara-en-la-final-de-la-conmebol-copa-america-usa-2024\\\/#primaryimage\",\"url\":\"https:\\\/\\\/sergiolapegue.com\\\/site\\\/wp-content\\\/uploads\\\/2024\\\/07\\\/shakira01.webp\",\"contentUrl\":\"https:\\\/\\\/sergiolapegue.com\\\/site\\\/wp-content\\\/uploads\\\/2024\\\/07\\\/shakira01.webp\",\"width\":1024,\"height\":628},{\"@type\":\"BreadcrumbList\",\"@id\":\"https:\\\/\\\/sergiolapegue.com\\\/site\\\/2024\\\/07\\\/13\\\/shakira-se-presentara-en-la-final-de-la-conmebol-copa-america-usa-2024\\\/#breadcrumb\",\"itemListElement\":[{\"@type\":\"ListItem\",\"position\":1,\"name\":\"Inicio\",\"item\":\"https:\\\/\\\/sergiolapegue.com\\\/site\\\/\"},{\"@type\":\"ListItem\",\"position\":2,\"name\":\"Shakira se presentar\u00e1 en la final de la conmebol copa am\u00e9rica usa 2024\"}]},{\"@type\":\"WebSite\",\"@id\":\"https:\\\/\\\/sergiolapegue.com\\\/site\\\/#website\",\"url\":\"https:\\\/\\\/sergiolapegue.com\\\/site\\\/\",\"name\":\"Sergio Lapegue\",\"description\":\"Periodista\",\"publisher\":{\"@id\":\"https:\\\/\\\/sergiolapegue.com\\\/site\\\/#\\\/schema\\\/person\\\/083aeceeb0734cd166779ea6c0551a37\"},\"potentialAction\":[{\"@type\":\"SearchAction\",\"target\":{\"@type\":\"EntryPoint\",\"urlTemplate\":\"https:\\\/\\\/sergiolapegue.com\\\/site\\\/?s={search_term_string}\"},\"query-input\":{\"@type\":\"PropertyValueSpecification\",\"valueRequired\":true,\"valueName\":\"search_term_string\"}}],\"inLanguage\":\"es-AR\"},{\"@type\":[\"Person\",\"Organization\"],\"@id\":\"https:\\\/\\\/sergiolapegue.com\\\/site\\\/#\\\/schema\\\/person\\\/083aeceeb0734cd166779ea6c0551a37\",\"name\":\"Sergio Lapegue\",\"image\":{\"@type\":\"ImageObject\",\"inLanguage\":\"es-AR\",\"@id\":\"https:\\\/\\\/sergiolapegue.com\\\/site\\\/wp-content\\\/uploads\\\/2021\\\/04\\\/logo_header-1.png\",\"url\":\"https:\\\/\\\/sergiolapegue.com\\\/site\\\/wp-content\\\/uploads\\\/2021\\\/04\\\/logo_header-1.png\",\"contentUrl\":\"https:\\\/\\\/sergiolapegue.com\\\/site\\\/wp-content\\\/uploads\\\/2021\\\/04\\\/logo_header-1.png\",\"width\":272,\"height\":90,\"caption\":\"Sergio Lapegue\"},\"logo\":{\"@id\":\"https:\\\/\\\/sergiolapegue.com\\\/site\\\/wp-content\\\/uploads\\\/2021\\\/04\\\/logo_header-1.png\"},\"sameAs\":[\"https:\\\/\\\/facebook.com\\\/sergiolapegue\",\"https:\\\/\\\/instagram.com\\\/sergiolapegue\",\"https:\\\/\\\/x.com\\\/https:\\\/\\\/twitter.com\\\/sergiolapegue\"]},{\"@type\":\"Person\",\"@id\":\"https:\\\/\\\/sergiolapegue.com\\\/site\\\/#\\\/schema\\\/person\\\/00adf937d010c7f79a180dc4916a40e0\",\"name\":\"Leonardo Monta\u00f1a\",\"image\":{\"@type\":\"ImageObject\",\"inLanguage\":\"es-AR\",\"@id\":\"https:\\\/\\\/sergiolapegue.com\\\/site\\\/wp-content\\\/uploads\\\/2021\\\/04\\\/sl_avatar_Leonardo-150x150.jpg\",\"url\":\"https:\\\/\\\/sergiolapegue.com\\\/site\\\/wp-content\\\/uploads\\\/2021\\\/04\\\/sl_avatar_Leonardo-150x150.jpg\",\"contentUrl\":\"https:\\\/\\\/sergiolapegue.com\\\/site\\\/wp-content\\\/uploads\\\/2021\\\/04\\\/sl_avatar_Leonardo-150x150.jpg\",\"caption\":\"Leonardo Monta\u00f1a\"},\"sameAs\":[\"https:\\\/\\\/x.com\\\/https:\\\/\\\/twitter.com\\\/soytoto81\"],\"url\":\"https:\\\/\\\/sergiolapegue.com\\\/site\\\/author\\\/leonardo\\\/\"}]}<\/script>\n<!-- \/ Yoast SEO plugin. -->","yoast_head_json":{"title":"Shakira se presentar\u00e1 en la final de la conmebol copa am\u00e9rica usa 2024 - Sergio Lapegue","robots":{"index":"index","follow":"follow","max-snippet":"max-snippet:-1","max-image-preview":"max-image-preview:large","max-video-preview":"max-video-preview:-1"},"canonical":"https:\/\/sergiolapegue.com\/site\/2024\/07\/13\/shakira-se-presentara-en-la-final-de-la-conmebol-copa-america-usa-2024\/","og_locale":"es_ES","og_type":"article","og_title":"Shakira se presentar\u00e1 en la final de la conmebol copa am\u00e9rica usa 2024 - Sergio Lapegue","og_description":"CONMEBOL, confirm\u00f3 que la artista ganadora del GRAMMY\u00ae y Latin GRAMMY\u00ae Shakira, ser\u00e1 por primera vez en la historia de la Copa Am\u00e9rica\u2122\ufe0f, el torneo de selecciones m\u00e1s antiguo y emocionante del mundo, la primera presentaci\u00f3n musical durante el entretiempo de la final, que se realizar\u00e1 el domingo 14 de julio, en el Hard Rock [&hellip;]","og_url":"https:\/\/sergiolapegue.com\/site\/2024\/07\/13\/shakira-se-presentara-en-la-final-de-la-conmebol-copa-america-usa-2024\/","og_site_name":"Sergio Lapegue","article_publisher":"https:\/\/facebook.com\/sergiolapegue","article_published_time":"2024-07-13T13:31:00+00:00","og_image":[{"width":1024,"height":628,"url":"https:\/\/sergiolapegue.com\/site\/wp-content\/uploads\/2024\/07\/shakira01.webp","type":"image\/webp"}],"author":"Leonardo Monta\u00f1a","twitter_card":"summary_large_image","twitter_creator":"@https:\/\/twitter.com\/soytoto81","twitter_site":"@sergiolapegue","twitter_misc":{"Escrito por":"Leonardo Monta\u00f1a","Tiempo de lectura":"5 minutos"},"schema":{"@context":"https:\/\/schema.org","@graph":[{"@type":"Article","@id":"https:\/\/sergiolapegue.com\/site\/2024\/07\/13\/shakira-se-presentara-en-la-final-de-la-conmebol-copa-america-usa-2024\/#article","isPartOf":{"@id":"https:\/\/sergiolapegue.com\/site\/2024\/07\/13\/shakira-se-presentara-en-la-final-de-la-conmebol-copa-america-usa-2024\/"},"author":{"name":"Leonardo Monta\u00f1a","@id":"https:\/\/sergiolapegue.com\/site\/#\/schema\/person\/00adf937d010c7f79a180dc4916a40e0"},"headline":"Shakira se presentar\u00e1 en la final de la conmebol copa am\u00e9rica usa 2024","datePublished":"2024-07-13T13:31:00+00:00","mainEntityOfPage":{"@id":"https:\/\/sergiolapegue.com\/site\/2024\/07\/13\/shakira-se-presentara-en-la-final-de-la-conmebol-copa-america-usa-2024\/"},"wordCount":934,"publisher":{"@id":"https:\/\/sergiolapegue.com\/site\/#\/schema\/person\/083aeceeb0734cd166779ea6c0551a37"},"image":{"@id":"https:\/\/sergiolapegue.com\/site\/2024\/07\/13\/shakira-se-presentara-en-la-final-de-la-conmebol-copa-america-usa-2024\/#primaryimage"},"thumbnailUrl":"https:\/\/sergiolapegue.com\/site\/wp-content\/uploads\/2024\/07\/shakira01.webp","keywords":["cantante","conmebol","copa america","estados unidos","final","futbol","futbolista","jugador","shakira"],"articleSection":["Actualidad"],"inLanguage":"es-AR"},{"@type":"WebPage","@id":"https:\/\/sergiolapegue.com\/site\/2024\/07\/13\/shakira-se-presentara-en-la-final-de-la-conmebol-copa-america-usa-2024\/","url":"https:\/\/sergiolapegue.com\/site\/2024\/07\/13\/shakira-se-presentara-en-la-final-de-la-conmebol-copa-america-usa-2024\/","name":"Shakira se presentar\u00e1 en la final de la conmebol copa am\u00e9rica usa 2024 - Sergio Lapegue","isPartOf":{"@id":"https:\/\/sergiolapegue.com\/site\/#website"},"primaryImageOfPage":{"@id":"https:\/\/sergiolapegue.com\/site\/2024\/07\/13\/shakira-se-presentara-en-la-final-de-la-conmebol-copa-america-usa-2024\/#primaryimage"},"image":{"@id":"https:\/\/sergiolapegue.com\/site\/2024\/07\/13\/shakira-se-presentara-en-la-final-de-la-conmebol-copa-america-usa-2024\/#primaryimage"},"thumbnailUrl":"https:\/\/sergiolapegue.com\/site\/wp-content\/uploads\/2024\/07\/shakira01.webp","datePublished":"2024-07-13T13:31:00+00:00","breadcrumb":{"@id":"https:\/\/sergiolapegue.com\/site\/2024\/07\/13\/shakira-se-presentara-en-la-final-de-la-conmebol-copa-america-usa-2024\/#breadcrumb"},"inLanguage":"es-AR","potentialAction":[{"@type":"ReadAction","target":["https:\/\/sergiolapegue.com\/site\/2024\/07\/13\/shakira-se-presentara-en-la-final-de-la-conmebol-copa-america-usa-2024\/"]}]},{"@type":"ImageObject","inLanguage":"es-AR","@id":"https:\/\/sergiolapegue.com\/site\/2024\/07\/13\/shakira-se-presentara-en-la-final-de-la-conmebol-copa-america-usa-2024\/#primaryimage","url":"https:\/\/sergiolapegue.com\/site\/wp-content\/uploads\/2024\/07\/shakira01.webp","contentUrl":"https:\/\/sergiolapegue.com\/site\/wp-content\/uploads\/2024\/07\/shakira01.webp","width":1024,"height":628},{"@type":"BreadcrumbList","@id":"https:\/\/sergiolapegue.com\/site\/2024\/07\/13\/shakira-se-presentara-en-la-final-de-la-conmebol-copa-america-usa-2024\/#breadcrumb","itemListElement":[{"@type":"ListItem","position":1,"name":"Inicio","item":"https:\/\/sergiolapegue.com\/site\/"},{"@type":"ListItem","position":2,"name":"Shakira se presentar\u00e1 en la final de la conmebol copa am\u00e9rica usa 2024"}]},{"@type":"WebSite","@id":"https:\/\/sergiolapegue.com\/site\/#website","url":"https:\/\/sergiolapegue.com\/site\/","name":"Sergio Lapegue","description":"Periodista","publisher":{"@id":"https:\/\/sergiolapegue.com\/site\/#\/schema\/person\/083aeceeb0734cd166779ea6c0551a37"},"potentialAction":[{"@type":"SearchAction","target":{"@type":"EntryPoint","urlTemplate":"https:\/\/sergiolapegue.com\/site\/?s={search_term_string}"},"query-input":{"@type":"PropertyValueSpecification","valueRequired":true,"valueName":"search_term_string"}}],"inLanguage":"es-AR"},{"@type":["Person","Organization"],"@id":"https:\/\/sergiolapegue.com\/site\/#\/schema\/person\/083aeceeb0734cd166779ea6c0551a37","name":"Sergio Lapegue","image":{"@type":"ImageObject","inLanguage":"es-AR","@id":"https:\/\/sergiolapegue.com\/site\/wp-content\/uploads\/2021\/04\/logo_header-1.png","url":"https:\/\/sergiolapegue.com\/site\/wp-content\/uploads\/2021\/04\/logo_header-1.png","contentUrl":"https:\/\/sergiolapegue.com\/site\/wp-content\/uploads\/2021\/04\/logo_header-1.png","width":272,"height":90,"caption":"Sergio Lapegue"},"logo":{"@id":"https:\/\/sergiolapegue.com\/site\/wp-content\/uploads\/2021\/04\/logo_header-1.png"},"sameAs":["https:\/\/facebook.com\/sergiolapegue","https:\/\/instagram.com\/sergiolapegue","https:\/\/x.com\/https:\/\/twitter.com\/sergiolapegue"]},{"@type":"Person","@id":"https:\/\/sergiolapegue.com\/site\/#\/schema\/person\/00adf937d010c7f79a180dc4916a40e0","name":"Leonardo Monta\u00f1a","image":{"@type":"ImageObject","inLanguage":"es-AR","@id":"https:\/\/sergiolapegue.com\/site\/wp-content\/uploads\/2021\/04\/sl_avatar_Leonardo-150x150.jpg","url":"https:\/\/sergiolapegue.com\/site\/wp-content\/uploads\/2021\/04\/sl_avatar_Leonardo-150x150.jpg","contentUrl":"https:\/\/sergiolapegue.com\/site\/wp-content\/uploads\/2021\/04\/sl_avatar_Leonardo-150x150.jpg","caption":"Leonardo Monta\u00f1a"},"sameAs":["https:\/\/x.com\/https:\/\/twitter.com\/soytoto81"],"url":"https:\/\/sergiolapegue.com\/site\/author\/leonardo\/"}]}},"_links":{"self":[{"href":"https:\/\/sergiolapegue.com\/site\/wp-json\/wp\/v2\/posts\/16236","targetHints":{"allow":["GET"]}}],"collection":[{"href":"https:\/\/sergiolapegue.com\/site\/wp-json\/wp\/v2\/posts"}],"about":[{"href":"https:\/\/sergiolapegue.com\/site\/wp-json\/wp\/v2\/types\/post"}],"author":[{"embeddable":true,"href":"https:\/\/sergiolapegue.com\/site\/wp-json\/wp\/v2\/users\/4"}],"replies":[{"embeddable":true,"href":"https:\/\/sergiolapegue.com\/site\/wp-json\/wp\/v2\/comments?post=16236"}],"version-history":[{"count":1,"href":"https:\/\/sergiolapegue.com\/site\/wp-json\/wp\/v2\/posts\/16236\/revisions"}],"predecessor-version":[{"id":16239,"href":"https:\/\/sergiolapegue.com\/site\/wp-json\/wp\/v2\/posts\/16236\/revisions\/16239"}],"wp:featuredmedia":[{"embeddable":true,"href":"https:\/\/sergiolapegue.com\/site\/wp-json\/wp\/v2\/media\/16238"}],"wp:attachment":[{"href":"https:\/\/sergiolapegue.com\/site\/wp-json\/wp\/v2\/media?parent=16236"}],"wp:term":[{"taxonomy":"category","embeddable":true,"href":"https:\/\/sergiolapegue.com\/site\/wp-json\/wp\/v2\/categories?post=16236"},{"taxonomy":"post_tag","embeddable":true,"href":"https:\/\/sergiolapegue.com\/site\/wp-json\/wp\/v2\/tags?post=16236"}],"curies":[{"name":"wp","href":"https:\/\/api.w.org\/{rel}","templated":true}]}}