{"id":16234,"date":"2024-07-15T00:27:00","date_gmt":"2024-07-15T03:27:00","guid":{"rendered":"https:\/\/sergiolapegue.com\/site\/?p=16234"},"modified":"2024-07-12T12:37:54","modified_gmt":"2024-07-12T15:37:54","slug":"caba-el-59-de-las-busquedas-esta-orientado-a-alquiler","status":"publish","type":"post","link":"https:\/\/sergiolapegue.com\/site\/2024\/07\/15\/caba-el-59-de-las-busquedas-esta-orientado-a-alquiler\/","title":{"rendered":"CABA: el 59% de las b\u00fasquedas est\u00e1 orientado a alquiler"},"content":{"rendered":"\n<p>En la primera mitad del a\u00f1o <strong>las b\u00fasquedas para alquiler en AMBA <\/strong>disminuyeron y pasaron de 65% en enero a <strong>56% en junio<\/strong>. Mientras que las b\u00fasquedas para adquisici\u00f3n aumentaron y representan el 41%. Por \u00faltimo, las unidades para alquiler temporal son las que menos demanda reciben, se ubican en 2%, un m\u00ednimo hist\u00f3rico.&nbsp;<\/p>\n\n\n\n<p>Desde 2017 hasta julio de 2020 se registr\u00f3 un crecimiento en la b\u00fasqueda de alquileres en el Gran Buenos Aires, sin embargo, desde 2020 CABA volvi\u00f3 a tomar mayor participaci\u00f3n. <strong>Actualmente la Ciudad de Buenos Aires registra el 64% de las b\u00fasquedas, mientras que GBA norte, el 13% y GBA oeste-sur, el 22%.<\/strong><\/p>\n\n\n\n<p><strong>CABA es la zona donde se concentra mayormente la relaci\u00f3n demanda por avisos de alquiler, 19% por encima del promedio del AMBA.<\/strong> En GBA norte el promedio de la relaci\u00f3n de demanda por aviso est\u00e1 47% por debajo del promedio, mientras que en el caso de GBA oeste-sur, la presi\u00f3n de demanda se ubica 14% por encima de la media. Esta \u00faltima es la \u00fanica zona del AMBA donde aumentan las b\u00fasquedas. Por el contrario, cae en GBA norte y CABA.&nbsp;<\/p>\n\n\n\n<p><strong>En comparaci\u00f3n a los niveles de pre pandemia, en mayo 2024, GBA norte recibe 88% mayor presi\u00f3n de demanda<\/strong>, mientras que GBA oeste y sur reciben 54% m\u00e1s y, en contrapartida, CABA recibe 16% menos. A partir de la derogaci\u00f3n de la Ley de Alquileres la oferta parecer\u00eda haberse extendido m\u00e1s que la demanda, lo que genera una <strong>disminuci\u00f3n de la presi\u00f3n de demanda en los avisos en pesos<\/strong>.&nbsp;<\/p>\n\n\n\n<p><em>Tipolog\u00edas m\u00e1s buscadas: los PH reciben 2.3 veces m\u00e1s demanda que un departamento<\/em><\/p>\n\n\n\n<p><strong>Los departamentos reciben el 83% de las b\u00fasquedas de alquiler, mientras que el 17% se divide en casas y PHs. <\/strong>Los PHs son los inmuebles m\u00e1s escasos para alquilar en relaci\u00f3n a la demanda que hay. En GBA norte la escasez es m\u00e1xima y un aviso de PH recibe 2.9 veces m\u00e1s visitas que un departamento. Sin embargo, en la comparaci\u00f3n interanual, en todos los distritos cae la demanda de PHs y aumenta la de casas.&nbsp;<\/p>\n\n\n\n<p>En <strong>CABA y GBA oeste y sur<\/strong> se registra una estructura similar de preferencias con una <strong>demanda m\u00e1xima en monoambientes<\/strong> que disminuye hacia las unidades m\u00e1s grandes. Esto representa un cambio en GBA oeste y sur cuando un a\u00f1o atr\u00e1s las unidades de mayor demanda eran las de dos ambientes. En <strong>GBA norte<\/strong> la presi\u00f3n de demanda <strong>es m\u00e1xima sobre las unidades de dos ambientes.<\/strong><\/p>\n\n\n\n<p>En la comparaci\u00f3n interanual, CABA registra mayor presi\u00f3n de demanda en unidades de tres y cuatro ambientes, mientras que GBA norte presenta una disminuci\u00f3n en la demanda de monoambientes y tres ambientes.&nbsp;<\/p>\n\n\n\n<figure class=\"wp-block-image size-large\"><img decoding=\"async\" src=\"https:\/\/sergiolapegue.com\/site\/wp-content\/uploads\/2021\/11\/alquiler02-1024x683.jpg\" alt=\"\" class=\"wp-image-2696\"\/><\/figure>\n\n\n\n<p><strong>\u00bfQu\u00e9 barrios de CABA son los m\u00e1s demandados?<\/strong><\/p>\n\n\n\n<p>Palermo (16%), Recoleta (10%) y Belgrano (7%) son los barrios que mayor b\u00fasqueda reciben. Sin embargo,&nbsp; en relaci\u00f3n a la presi\u00f3n de demanda, entendida como la relaci\u00f3n entre demanda y oferta, Lugano es el que mayor \u00edndice presenta, con un total de 282%. Le siguen Coghlan (178%) y Villa Riachuelo (173%).<\/p>\n\n\n\n<p>En contrapartida, Monserrat, Coghlan y Colegiales son los barrios que menos b\u00fasquedas reciben, cada uno con 2% del total de las b\u00fasquedas. En cambio, Puerto Madero (9%), Retiro (33%) y Palermo (45%) son los barrios en los que la demanda m\u00e1s se convalida con la oferta existente.&nbsp;<\/p>\n\n\n\n<p><strong>AMBA: la antig\u00fcedad de las propiedades buscadas&nbsp;<\/strong><\/p>\n\n\n\n<p>En CABA las unidades que tienen entre 25 y 50 a\u00f1os de antig\u00fcedad son las m\u00e1s requeridas, mientras que las unidades a estrenar registran una presi\u00f3n de demanda entre un 27% y 30% por debajo de la media.&nbsp;<\/p>\n\n\n\n<p>Si bien en GBA norte, las unidades de entre 25 y 30 a\u00f1os tambi\u00e9n son las m\u00e1s buscadas, registra una ca\u00edda en comparaci\u00f3n interanual. Actualmente recibe 2,5 veces m\u00e1s presi\u00f3n de demanda que el segmento 0-10 a\u00f1os.&nbsp;<\/p>\n\n\n\n<p>Por \u00faltimo, en el caso de GBA oeste-sur, las unidades de m\u00e1s de 50 a\u00f1os son las de mayor demanda, reciben un 16% m\u00e1s de b\u00fasquedas que los nuevos departamentos.&nbsp;<\/p>\n\n\n\n<figure class=\"wp-block-image size-full\"><img decoding=\"async\" src=\"https:\/\/sergiolapegue.com\/site\/wp-content\/uploads\/2021\/10\/alquiler.jpg\" alt=\"\" class=\"wp-image-2326\"\/><\/figure>\n\n\n\n<p><strong>Disminuye la b\u00fasqueda de avisos en d\u00f3lares<\/strong><\/p>\n\n\n\n<p><strong>A partir de enero de 2024, los avisos en pesos reciben 3 veces m\u00e1s inter\u00e9s que los avisos en d\u00f3lares, <\/strong>notablemente por debajo del per\u00edodo 2015-2020, cuando los avisos en pesos recib\u00edan 13,6 veces m\u00e1s contactos que los publicados en d\u00f3lares.<\/p>\n\n\n\n<p>A su vez, desde junio de 2020, los avisos de alquileres en d\u00f3lares comenzaron a crecer y en diciembre de 2023 el porcentaje era del 50%. En 2024, la cantidad comenz\u00f3 a retroceder nuevamente y en<strong> junio, el 53% de los avisos est\u00e1n en pesos.&nbsp;<\/strong><\/p>\n\n\n\n<p><strong>Acerca de Zonaprop:<\/strong><\/p>\n\n\n\n<p><em>Zonaprop es el portal de clasificados online de real estate en Argentina que ofrece una extensa selecci\u00f3n de inmuebles: casas, departamentos, terrenos, oficinas comerciales y emprendimientos para alquilar o comprar. Zonaprop forma parte del Grupo QuintoAndar y tiene como objetivo ayudar a las personas a encontrar su nuevo hogar.<\/em><\/p>\n","protected":false},"excerpt":{"rendered":"<p>En la primera mitad del a\u00f1o las b\u00fasquedas para alquiler en AMBA disminuyeron y pasaron de 65% en enero a 56% en junio. Mientras que las b\u00fasquedas para adquisici\u00f3n aumentaron y representan el 41%. Por \u00faltimo, las unidades para alquiler temporal son las que menos demanda reciben, se ubican en 2%, un m\u00ednimo hist\u00f3rico.&nbsp; Desde [&hellip;]<\/p>\n","protected":false},"author":4,"featured_media":0,"comment_status":"closed","ping_status":"closed","sticky":false,"template":"","format":"standard","meta":{"footnotes":""},"categories":[38],"tags":[240,3648,1329,1526,242,241,359,2164,3649,1236],"class_list":{"0":"post-16234","1":"post","2":"type-post","3":"status-publish","4":"format-standard","6":"category-actualidad","7":"tag-alquiler","8":"tag-amba","9":"tag-busqueda","10":"tag-caba","11":"tag-casa","12":"tag-departamento","13":"tag-dolares","14":"tag-inquilino","15":"tag-prestamo","16":"tag-venta"},"yoast_head":"<!-- This site is optimized with the Yoast SEO plugin v27.4 - https:\/\/yoast.com\/product\/yoast-seo-wordpress\/ -->\n<title>CABA: el 59% de las b\u00fasquedas est\u00e1 orientado a alquiler - Sergio Lapegue<\/title>\n<meta name=\"robots\" content=\"index, follow, max-snippet:-1, max-image-preview:large, max-video-preview:-1\" \/>\n<link rel=\"canonical\" href=\"https:\/\/sergiolapegue.com\/site\/2024\/07\/15\/caba-el-59-de-las-busquedas-esta-orientado-a-alquiler\/\" \/>\n<meta property=\"og:locale\" content=\"es_ES\" \/>\n<meta property=\"og:type\" content=\"article\" \/>\n<meta property=\"og:title\" content=\"CABA: el 59% de las b\u00fasquedas est\u00e1 orientado a alquiler - Sergio Lapegue\" \/>\n<meta property=\"og:description\" content=\"En la primera mitad del a\u00f1o las b\u00fasquedas para alquiler en AMBA disminuyeron y pasaron de 65% en enero a 56% en junio. Mientras que las b\u00fasquedas para adquisici\u00f3n aumentaron y representan el 41%. Por \u00faltimo, las unidades para alquiler temporal son las que menos demanda reciben, se ubican en 2%, un m\u00ednimo hist\u00f3rico.&nbsp; Desde [&hellip;]\" \/>\n<meta property=\"og:url\" content=\"https:\/\/sergiolapegue.com\/site\/2024\/07\/15\/caba-el-59-de-las-busquedas-esta-orientado-a-alquiler\/\" \/>\n<meta property=\"og:site_name\" content=\"Sergio Lapegue\" \/>\n<meta property=\"article:publisher\" content=\"https:\/\/facebook.com\/sergiolapegue\" \/>\n<meta property=\"article:published_time\" content=\"2024-07-15T03:27:00+00:00\" \/>\n<meta property=\"og:image\" content=\"https:\/\/sergiolapegue.com\/site\/wp-content\/uploads\/2023\/01\/alquiler06.webp\" \/>\n\t<meta property=\"og:image:width\" content=\"790\" \/>\n\t<meta property=\"og:image:height\" content=\"443\" \/>\n\t<meta property=\"og:image:type\" content=\"image\/webp\" \/>\n<meta name=\"author\" content=\"Leonardo Monta\u00f1a\" \/>\n<meta name=\"twitter:card\" content=\"summary_large_image\" \/>\n<meta name=\"twitter:creator\" content=\"@https:\/\/twitter.com\/soytoto81\" \/>\n<meta name=\"twitter:site\" content=\"@sergiolapegue\" \/>\n<meta name=\"twitter:label1\" content=\"Escrito por\" \/>\n\t<meta name=\"twitter:data1\" content=\"Leonardo Monta\u00f1a\" \/>\n\t<meta name=\"twitter:label2\" content=\"Tiempo de lectura\" \/>\n\t<meta name=\"twitter:data2\" content=\"5 minutos\" \/>\n<script type=\"application\/ld+json\" class=\"yoast-schema-graph\">{\"@context\":\"https:\\\/\\\/schema.org\",\"@graph\":[{\"@type\":\"Article\",\"@id\":\"https:\\\/\\\/sergiolapegue.com\\\/site\\\/2024\\\/07\\\/15\\\/caba-el-59-de-las-busquedas-esta-orientado-a-alquiler\\\/#article\",\"isPartOf\":{\"@id\":\"https:\\\/\\\/sergiolapegue.com\\\/site\\\/2024\\\/07\\\/15\\\/caba-el-59-de-las-busquedas-esta-orientado-a-alquiler\\\/\"},\"author\":{\"name\":\"Leonardo Monta\u00f1a\",\"@id\":\"https:\\\/\\\/sergiolapegue.com\\\/site\\\/#\\\/schema\\\/person\\\/00adf937d010c7f79a180dc4916a40e0\"},\"headline\":\"CABA: el 59% de las b\u00fasquedas est\u00e1 orientado a alquiler\",\"datePublished\":\"2024-07-15T03:27:00+00:00\",\"mainEntityOfPage\":{\"@id\":\"https:\\\/\\\/sergiolapegue.com\\\/site\\\/2024\\\/07\\\/15\\\/caba-el-59-de-las-busquedas-esta-orientado-a-alquiler\\\/\"},\"wordCount\":856,\"publisher\":{\"@id\":\"https:\\\/\\\/sergiolapegue.com\\\/site\\\/#\\\/schema\\\/person\\\/083aeceeb0734cd166779ea6c0551a37\"},\"image\":{\"@id\":\"https:\\\/\\\/sergiolapegue.com\\\/site\\\/2024\\\/07\\\/15\\\/caba-el-59-de-las-busquedas-esta-orientado-a-alquiler\\\/#primaryimage\"},\"thumbnailUrl\":\"https:\\\/\\\/sergiolapegue.com\\\/site\\\/wp-content\\\/uploads\\\/2021\\\/11\\\/alquiler02-1024x683.jpg\",\"keywords\":[\"alquiler\",\"amba\",\"busqueda\",\"caba\",\"casa\",\"departamento\",\"dolares\",\"inquilino\",\"prestamo\",\"venta\"],\"articleSection\":[\"Actualidad\"],\"inLanguage\":\"es-AR\"},{\"@type\":\"WebPage\",\"@id\":\"https:\\\/\\\/sergiolapegue.com\\\/site\\\/2024\\\/07\\\/15\\\/caba-el-59-de-las-busquedas-esta-orientado-a-alquiler\\\/\",\"url\":\"https:\\\/\\\/sergiolapegue.com\\\/site\\\/2024\\\/07\\\/15\\\/caba-el-59-de-las-busquedas-esta-orientado-a-alquiler\\\/\",\"name\":\"CABA: el 59% de las b\u00fasquedas est\u00e1 orientado a alquiler - Sergio Lapegue\",\"isPartOf\":{\"@id\":\"https:\\\/\\\/sergiolapegue.com\\\/site\\\/#website\"},\"primaryImageOfPage\":{\"@id\":\"https:\\\/\\\/sergiolapegue.com\\\/site\\\/2024\\\/07\\\/15\\\/caba-el-59-de-las-busquedas-esta-orientado-a-alquiler\\\/#primaryimage\"},\"image\":{\"@id\":\"https:\\\/\\\/sergiolapegue.com\\\/site\\\/2024\\\/07\\\/15\\\/caba-el-59-de-las-busquedas-esta-orientado-a-alquiler\\\/#primaryimage\"},\"thumbnailUrl\":\"https:\\\/\\\/sergiolapegue.com\\\/site\\\/wp-content\\\/uploads\\\/2021\\\/11\\\/alquiler02-1024x683.jpg\",\"datePublished\":\"2024-07-15T03:27:00+00:00\",\"breadcrumb\":{\"@id\":\"https:\\\/\\\/sergiolapegue.com\\\/site\\\/2024\\\/07\\\/15\\\/caba-el-59-de-las-busquedas-esta-orientado-a-alquiler\\\/#breadcrumb\"},\"inLanguage\":\"es-AR\",\"potentialAction\":[{\"@type\":\"ReadAction\",\"target\":[\"https:\\\/\\\/sergiolapegue.com\\\/site\\\/2024\\\/07\\\/15\\\/caba-el-59-de-las-busquedas-esta-orientado-a-alquiler\\\/\"]}]},{\"@type\":\"ImageObject\",\"inLanguage\":\"es-AR\",\"@id\":\"https:\\\/\\\/sergiolapegue.com\\\/site\\\/2024\\\/07\\\/15\\\/caba-el-59-de-las-busquedas-esta-orientado-a-alquiler\\\/#primaryimage\",\"url\":\"\",\"contentUrl\":\"\"},{\"@type\":\"BreadcrumbList\",\"@id\":\"https:\\\/\\\/sergiolapegue.com\\\/site\\\/2024\\\/07\\\/15\\\/caba-el-59-de-las-busquedas-esta-orientado-a-alquiler\\\/#breadcrumb\",\"itemListElement\":[{\"@type\":\"ListItem\",\"position\":1,\"name\":\"Inicio\",\"item\":\"https:\\\/\\\/sergiolapegue.com\\\/site\\\/\"},{\"@type\":\"ListItem\",\"position\":2,\"name\":\"CABA: el 59% de las b\u00fasquedas est\u00e1 orientado a alquiler\"}]},{\"@type\":\"WebSite\",\"@id\":\"https:\\\/\\\/sergiolapegue.com\\\/site\\\/#website\",\"url\":\"https:\\\/\\\/sergiolapegue.com\\\/site\\\/\",\"name\":\"Sergio Lapegue\",\"description\":\"Periodista\",\"publisher\":{\"@id\":\"https:\\\/\\\/sergiolapegue.com\\\/site\\\/#\\\/schema\\\/person\\\/083aeceeb0734cd166779ea6c0551a37\"},\"potentialAction\":[{\"@type\":\"SearchAction\",\"target\":{\"@type\":\"EntryPoint\",\"urlTemplate\":\"https:\\\/\\\/sergiolapegue.com\\\/site\\\/?s={search_term_string}\"},\"query-input\":{\"@type\":\"PropertyValueSpecification\",\"valueRequired\":true,\"valueName\":\"search_term_string\"}}],\"inLanguage\":\"es-AR\"},{\"@type\":[\"Person\",\"Organization\"],\"@id\":\"https:\\\/\\\/sergiolapegue.com\\\/site\\\/#\\\/schema\\\/person\\\/083aeceeb0734cd166779ea6c0551a37\",\"name\":\"Sergio Lapegue\",\"image\":{\"@type\":\"ImageObject\",\"inLanguage\":\"es-AR\",\"@id\":\"https:\\\/\\\/sergiolapegue.com\\\/site\\\/wp-content\\\/uploads\\\/2021\\\/04\\\/logo_header-1.png\",\"url\":\"https:\\\/\\\/sergiolapegue.com\\\/site\\\/wp-content\\\/uploads\\\/2021\\\/04\\\/logo_header-1.png\",\"contentUrl\":\"https:\\\/\\\/sergiolapegue.com\\\/site\\\/wp-content\\\/uploads\\\/2021\\\/04\\\/logo_header-1.png\",\"width\":272,\"height\":90,\"caption\":\"Sergio Lapegue\"},\"logo\":{\"@id\":\"https:\\\/\\\/sergiolapegue.com\\\/site\\\/wp-content\\\/uploads\\\/2021\\\/04\\\/logo_header-1.png\"},\"sameAs\":[\"https:\\\/\\\/facebook.com\\\/sergiolapegue\",\"https:\\\/\\\/instagram.com\\\/sergiolapegue\",\"https:\\\/\\\/x.com\\\/https:\\\/\\\/twitter.com\\\/sergiolapegue\"]},{\"@type\":\"Person\",\"@id\":\"https:\\\/\\\/sergiolapegue.com\\\/site\\\/#\\\/schema\\\/person\\\/00adf937d010c7f79a180dc4916a40e0\",\"name\":\"Leonardo Monta\u00f1a\",\"image\":{\"@type\":\"ImageObject\",\"inLanguage\":\"es-AR\",\"@id\":\"https:\\\/\\\/sergiolapegue.com\\\/site\\\/wp-content\\\/uploads\\\/2021\\\/04\\\/sl_avatar_Leonardo-150x150.jpg\",\"url\":\"https:\\\/\\\/sergiolapegue.com\\\/site\\\/wp-content\\\/uploads\\\/2021\\\/04\\\/sl_avatar_Leonardo-150x150.jpg\",\"contentUrl\":\"https:\\\/\\\/sergiolapegue.com\\\/site\\\/wp-content\\\/uploads\\\/2021\\\/04\\\/sl_avatar_Leonardo-150x150.jpg\",\"caption\":\"Leonardo Monta\u00f1a\"},\"sameAs\":[\"https:\\\/\\\/x.com\\\/https:\\\/\\\/twitter.com\\\/soytoto81\"],\"url\":\"https:\\\/\\\/sergiolapegue.com\\\/site\\\/author\\\/leonardo\\\/\"}]}<\/script>\n<!-- \/ Yoast SEO plugin. -->","yoast_head_json":{"title":"CABA: el 59% de las b\u00fasquedas est\u00e1 orientado a alquiler - Sergio Lapegue","robots":{"index":"index","follow":"follow","max-snippet":"max-snippet:-1","max-image-preview":"max-image-preview:large","max-video-preview":"max-video-preview:-1"},"canonical":"https:\/\/sergiolapegue.com\/site\/2024\/07\/15\/caba-el-59-de-las-busquedas-esta-orientado-a-alquiler\/","og_locale":"es_ES","og_type":"article","og_title":"CABA: el 59% de las b\u00fasquedas est\u00e1 orientado a alquiler - Sergio Lapegue","og_description":"En la primera mitad del a\u00f1o las b\u00fasquedas para alquiler en AMBA disminuyeron y pasaron de 65% en enero a 56% en junio. Mientras que las b\u00fasquedas para adquisici\u00f3n aumentaron y representan el 41%. Por \u00faltimo, las unidades para alquiler temporal son las que menos demanda reciben, se ubican en 2%, un m\u00ednimo hist\u00f3rico.&nbsp; Desde [&hellip;]","og_url":"https:\/\/sergiolapegue.com\/site\/2024\/07\/15\/caba-el-59-de-las-busquedas-esta-orientado-a-alquiler\/","og_site_name":"Sergio Lapegue","article_publisher":"https:\/\/facebook.com\/sergiolapegue","article_published_time":"2024-07-15T03:27:00+00:00","og_image":[{"width":790,"height":443,"url":"https:\/\/sergiolapegue.com\/site\/wp-content\/uploads\/2023\/01\/alquiler06.webp","type":"image\/webp"}],"author":"Leonardo Monta\u00f1a","twitter_card":"summary_large_image","twitter_creator":"@https:\/\/twitter.com\/soytoto81","twitter_site":"@sergiolapegue","twitter_misc":{"Escrito por":"Leonardo Monta\u00f1a","Tiempo de lectura":"5 minutos"},"schema":{"@context":"https:\/\/schema.org","@graph":[{"@type":"Article","@id":"https:\/\/sergiolapegue.com\/site\/2024\/07\/15\/caba-el-59-de-las-busquedas-esta-orientado-a-alquiler\/#article","isPartOf":{"@id":"https:\/\/sergiolapegue.com\/site\/2024\/07\/15\/caba-el-59-de-las-busquedas-esta-orientado-a-alquiler\/"},"author":{"name":"Leonardo Monta\u00f1a","@id":"https:\/\/sergiolapegue.com\/site\/#\/schema\/person\/00adf937d010c7f79a180dc4916a40e0"},"headline":"CABA: el 59% de las b\u00fasquedas est\u00e1 orientado a alquiler","datePublished":"2024-07-15T03:27:00+00:00","mainEntityOfPage":{"@id":"https:\/\/sergiolapegue.com\/site\/2024\/07\/15\/caba-el-59-de-las-busquedas-esta-orientado-a-alquiler\/"},"wordCount":856,"publisher":{"@id":"https:\/\/sergiolapegue.com\/site\/#\/schema\/person\/083aeceeb0734cd166779ea6c0551a37"},"image":{"@id":"https:\/\/sergiolapegue.com\/site\/2024\/07\/15\/caba-el-59-de-las-busquedas-esta-orientado-a-alquiler\/#primaryimage"},"thumbnailUrl":"https:\/\/sergiolapegue.com\/site\/wp-content\/uploads\/2021\/11\/alquiler02-1024x683.jpg","keywords":["alquiler","amba","busqueda","caba","casa","departamento","dolares","inquilino","prestamo","venta"],"articleSection":["Actualidad"],"inLanguage":"es-AR"},{"@type":"WebPage","@id":"https:\/\/sergiolapegue.com\/site\/2024\/07\/15\/caba-el-59-de-las-busquedas-esta-orientado-a-alquiler\/","url":"https:\/\/sergiolapegue.com\/site\/2024\/07\/15\/caba-el-59-de-las-busquedas-esta-orientado-a-alquiler\/","name":"CABA: el 59% de las b\u00fasquedas est\u00e1 orientado a alquiler - Sergio Lapegue","isPartOf":{"@id":"https:\/\/sergiolapegue.com\/site\/#website"},"primaryImageOfPage":{"@id":"https:\/\/sergiolapegue.com\/site\/2024\/07\/15\/caba-el-59-de-las-busquedas-esta-orientado-a-alquiler\/#primaryimage"},"image":{"@id":"https:\/\/sergiolapegue.com\/site\/2024\/07\/15\/caba-el-59-de-las-busquedas-esta-orientado-a-alquiler\/#primaryimage"},"thumbnailUrl":"https:\/\/sergiolapegue.com\/site\/wp-content\/uploads\/2021\/11\/alquiler02-1024x683.jpg","datePublished":"2024-07-15T03:27:00+00:00","breadcrumb":{"@id":"https:\/\/sergiolapegue.com\/site\/2024\/07\/15\/caba-el-59-de-las-busquedas-esta-orientado-a-alquiler\/#breadcrumb"},"inLanguage":"es-AR","potentialAction":[{"@type":"ReadAction","target":["https:\/\/sergiolapegue.com\/site\/2024\/07\/15\/caba-el-59-de-las-busquedas-esta-orientado-a-alquiler\/"]}]},{"@type":"ImageObject","inLanguage":"es-AR","@id":"https:\/\/sergiolapegue.com\/site\/2024\/07\/15\/caba-el-59-de-las-busquedas-esta-orientado-a-alquiler\/#primaryimage","url":"","contentUrl":""},{"@type":"BreadcrumbList","@id":"https:\/\/sergiolapegue.com\/site\/2024\/07\/15\/caba-el-59-de-las-busquedas-esta-orientado-a-alquiler\/#breadcrumb","itemListElement":[{"@type":"ListItem","position":1,"name":"Inicio","item":"https:\/\/sergiolapegue.com\/site\/"},{"@type":"ListItem","position":2,"name":"CABA: el 59% de las b\u00fasquedas est\u00e1 orientado a alquiler"}]},{"@type":"WebSite","@id":"https:\/\/sergiolapegue.com\/site\/#website","url":"https:\/\/sergiolapegue.com\/site\/","name":"Sergio Lapegue","description":"Periodista","publisher":{"@id":"https:\/\/sergiolapegue.com\/site\/#\/schema\/person\/083aeceeb0734cd166779ea6c0551a37"},"potentialAction":[{"@type":"SearchAction","target":{"@type":"EntryPoint","urlTemplate":"https:\/\/sergiolapegue.com\/site\/?s={search_term_string}"},"query-input":{"@type":"PropertyValueSpecification","valueRequired":true,"valueName":"search_term_string"}}],"inLanguage":"es-AR"},{"@type":["Person","Organization"],"@id":"https:\/\/sergiolapegue.com\/site\/#\/schema\/person\/083aeceeb0734cd166779ea6c0551a37","name":"Sergio Lapegue","image":{"@type":"ImageObject","inLanguage":"es-AR","@id":"https:\/\/sergiolapegue.com\/site\/wp-content\/uploads\/2021\/04\/logo_header-1.png","url":"https:\/\/sergiolapegue.com\/site\/wp-content\/uploads\/2021\/04\/logo_header-1.png","contentUrl":"https:\/\/sergiolapegue.com\/site\/wp-content\/uploads\/2021\/04\/logo_header-1.png","width":272,"height":90,"caption":"Sergio Lapegue"},"logo":{"@id":"https:\/\/sergiolapegue.com\/site\/wp-content\/uploads\/2021\/04\/logo_header-1.png"},"sameAs":["https:\/\/facebook.com\/sergiolapegue","https:\/\/instagram.com\/sergiolapegue","https:\/\/x.com\/https:\/\/twitter.com\/sergiolapegue"]},{"@type":"Person","@id":"https:\/\/sergiolapegue.com\/site\/#\/schema\/person\/00adf937d010c7f79a180dc4916a40e0","name":"Leonardo Monta\u00f1a","image":{"@type":"ImageObject","inLanguage":"es-AR","@id":"https:\/\/sergiolapegue.com\/site\/wp-content\/uploads\/2021\/04\/sl_avatar_Leonardo-150x150.jpg","url":"https:\/\/sergiolapegue.com\/site\/wp-content\/uploads\/2021\/04\/sl_avatar_Leonardo-150x150.jpg","contentUrl":"https:\/\/sergiolapegue.com\/site\/wp-content\/uploads\/2021\/04\/sl_avatar_Leonardo-150x150.jpg","caption":"Leonardo Monta\u00f1a"},"sameAs":["https:\/\/x.com\/https:\/\/twitter.com\/soytoto81"],"url":"https:\/\/sergiolapegue.com\/site\/author\/leonardo\/"}]}},"_links":{"self":[{"href":"https:\/\/sergiolapegue.com\/site\/wp-json\/wp\/v2\/posts\/16234","targetHints":{"allow":["GET"]}}],"collection":[{"href":"https:\/\/sergiolapegue.com\/site\/wp-json\/wp\/v2\/posts"}],"about":[{"href":"https:\/\/sergiolapegue.com\/site\/wp-json\/wp\/v2\/types\/post"}],"author":[{"embeddable":true,"href":"https:\/\/sergiolapegue.com\/site\/wp-json\/wp\/v2\/users\/4"}],"replies":[{"embeddable":true,"href":"https:\/\/sergiolapegue.com\/site\/wp-json\/wp\/v2\/comments?post=16234"}],"version-history":[{"count":1,"href":"https:\/\/sergiolapegue.com\/site\/wp-json\/wp\/v2\/posts\/16234\/revisions"}],"predecessor-version":[{"id":16235,"href":"https:\/\/sergiolapegue.com\/site\/wp-json\/wp\/v2\/posts\/16234\/revisions\/16235"}],"wp:attachment":[{"href":"https:\/\/sergiolapegue.com\/site\/wp-json\/wp\/v2\/media?parent=16234"}],"wp:term":[{"taxonomy":"category","embeddable":true,"href":"https:\/\/sergiolapegue.com\/site\/wp-json\/wp\/v2\/categories?post=16234"},{"taxonomy":"post_tag","embeddable":true,"href":"https:\/\/sergiolapegue.com\/site\/wp-json\/wp\/v2\/tags?post=16234"}],"curies":[{"name":"wp","href":"https:\/\/api.w.org\/{rel}","templated":true}]}}