{"id":16123,"date":"2024-07-10T05:00:00","date_gmt":"2024-07-10T08:00:00","guid":{"rendered":"https:\/\/sergiolapegue.com\/site\/?p=16123"},"modified":"2024-07-09T04:14:16","modified_gmt":"2024-07-09T07:14:16","slug":"mimu-un-mundo-dentro-del-mundo","status":"publish","type":"post","link":"https:\/\/sergiolapegue.com\/site\/2024\/07\/10\/mimu-un-mundo-dentro-del-mundo\/","title":{"rendered":"MIMU, UN MUNDO DENTRO DEL MUNDO"},"content":{"rendered":"\n<p>El&nbsp;martes 16 de julio a las 15hs, en plenas vacaciones de invierno, estrena&nbsp;Mimu, un mundo dentro del mundo,&nbsp;en el Teatro Border.<\/p>\n\n\n\n<p>Mimu&#8230;&nbsp;es una obra de teatro musical para infancias que invita a mirar de un modo nuevo el mundo. Cuenta con&nbsp;autor\u00eda y direcci\u00f3n de Mercedes Torre, y la&nbsp;curadur\u00eda en educaci\u00f3n y crianza respetuosa&nbsp;de Denise Kornitz.<\/p>\n\n\n\n<p>Adem\u00e1s, con las&nbsp;canciones de Mercedes Torre y Pablo Viotti,&nbsp;acompa\u00f1adas&nbsp;en vivo por el pianista Dami\u00e1n Ferraro.<\/p>\n\n\n\n<figure class=\"wp-block-image size-large\"><img loading=\"lazy\" decoding=\"async\" width=\"1024\" height=\"626\" src=\"https:\/\/sergiolapegue.com\/site\/wp-content\/uploads\/2024\/07\/Mimu-Un-mundo-dentro-del-mundo-1-1024x626.jpg\" alt=\"\" class=\"wp-image-16124\" srcset=\"https:\/\/sergiolapegue.com\/site\/wp-content\/uploads\/2024\/07\/Mimu-Un-mundo-dentro-del-mundo-1-1024x626.jpg 1024w, https:\/\/sergiolapegue.com\/site\/wp-content\/uploads\/2024\/07\/Mimu-Un-mundo-dentro-del-mundo-1-300x183.jpg 300w, https:\/\/sergiolapegue.com\/site\/wp-content\/uploads\/2024\/07\/Mimu-Un-mundo-dentro-del-mundo-1-768x469.jpg 768w, https:\/\/sergiolapegue.com\/site\/wp-content\/uploads\/2024\/07\/Mimu-Un-mundo-dentro-del-mundo-1-1536x938.jpg 1536w, https:\/\/sergiolapegue.com\/site\/wp-content\/uploads\/2024\/07\/Mimu-Un-mundo-dentro-del-mundo-1-2048x1251.jpg 2048w, https:\/\/sergiolapegue.com\/site\/wp-content\/uploads\/2024\/07\/Mimu-Un-mundo-dentro-del-mundo-1-687x420.jpg 687w, https:\/\/sergiolapegue.com\/site\/wp-content\/uploads\/2024\/07\/Mimu-Un-mundo-dentro-del-mundo-1-696x425.jpg 696w, https:\/\/sergiolapegue.com\/site\/wp-content\/uploads\/2024\/07\/Mimu-Un-mundo-dentro-del-mundo-1-1068x653.jpg 1068w, https:\/\/sergiolapegue.com\/site\/wp-content\/uploads\/2024\/07\/Mimu-Un-mundo-dentro-del-mundo-1-1920x1173.jpg 1920w\" sizes=\"auto, (max-width: 1024px) 100vw, 1024px\" \/><\/figure>\n\n\n\n<p><strong>SOBRE LA OBRA<\/strong><\/p>\n\n\n\n<p>Mimu vive en el bosque, en un hogar donde la m\u00fasica y el juego son el modo desde ver el mundo. La curiosidad la impulsa a conocer nuevas realidades: llega la escuela, y se encuentra con m\u00e1s interrogantes qu\u00e9 respuestas. \u00bfCu\u00e1ntas formas de habitar el mundo son posibles?&nbsp; \u00bfC\u00f3mo descubrir nuevas maneras de aprender?&nbsp; \u00bfQu\u00e9 es lo que nos hace diferentes?<\/p>\n\n\n\n<p>Mimu te invita a ser parte de esta aventura que es mirar de un modo nuevo el mundo.<\/p>\n\n\n\n<figure class=\"wp-block-image size-large\"><img loading=\"lazy\" decoding=\"async\" width=\"683\" height=\"1024\" src=\"https:\/\/sergiolapegue.com\/site\/wp-content\/uploads\/2024\/07\/Mimu-Un-mundo-dentro-del-mundo-3-683x1024.jpg\" alt=\"\" class=\"wp-image-16125\" srcset=\"https:\/\/sergiolapegue.com\/site\/wp-content\/uploads\/2024\/07\/Mimu-Un-mundo-dentro-del-mundo-3-683x1024.jpg 683w, https:\/\/sergiolapegue.com\/site\/wp-content\/uploads\/2024\/07\/Mimu-Un-mundo-dentro-del-mundo-3-200x300.jpg 200w, https:\/\/sergiolapegue.com\/site\/wp-content\/uploads\/2024\/07\/Mimu-Un-mundo-dentro-del-mundo-3-768x1152.jpg 768w, https:\/\/sergiolapegue.com\/site\/wp-content\/uploads\/2024\/07\/Mimu-Un-mundo-dentro-del-mundo-3-1024x1536.jpg 1024w, https:\/\/sergiolapegue.com\/site\/wp-content\/uploads\/2024\/07\/Mimu-Un-mundo-dentro-del-mundo-3-1365x2048.jpg 1365w, https:\/\/sergiolapegue.com\/site\/wp-content\/uploads\/2024\/07\/Mimu-Un-mundo-dentro-del-mundo-3-280x420.jpg 280w, https:\/\/sergiolapegue.com\/site\/wp-content\/uploads\/2024\/07\/Mimu-Un-mundo-dentro-del-mundo-3-696x1044.jpg 696w, https:\/\/sergiolapegue.com\/site\/wp-content\/uploads\/2024\/07\/Mimu-Un-mundo-dentro-del-mundo-3-1068x1602.jpg 1068w, https:\/\/sergiolapegue.com\/site\/wp-content\/uploads\/2024\/07\/Mimu-Un-mundo-dentro-del-mundo-3-1920x2880.jpg 1920w, https:\/\/sergiolapegue.com\/site\/wp-content\/uploads\/2024\/07\/Mimu-Un-mundo-dentro-del-mundo-3-scaled.jpg 1707w\" sizes=\"auto, (max-width: 683px) 100vw, 683px\" \/><\/figure>\n\n\n\n<p><strong>PALABRAS DE SU AUTORA<\/strong><\/p>\n\n\n\n<p>&#8220;Al convocarme para escribir este material, me cuentan del deseo de hacer un espect\u00e1culo sobre otras maneras de habitar el mundo, la crianza respetuosa, y la posibilidad de poner en escena los conflictos que aparecen al crecer y descubrir que la realidad es m\u00e1s amplia de lo que imagin\u00e1bamos. Exist\u00eda ya un personaje que protagonizar\u00eda la historia, Mimu, del que ten\u00edan algunas ideas pero al que necesit\u00e1bamos encontrarle materialidad para \u201ctirar del hilo\u201d y descubrir que historia contar\u00edamos. De a poco comienza a aparecer, y tras casi tres meses de trabajo, encontramos \u201cMimu, un mundo dentro del mundo\u201d. Quer\u00edamos que esta familia nos hable de una manera diferente de vincularnos, y de pensar la infancia y las relaciones en general. Lo que a simple vista podr\u00eda ser una familia \u201ctipo\u201d, rompe permanentemente con los \u201cestereotipos\u201d, dando lugar a la reflexi\u00f3n y a repensar nuestra propia forma de construir \u201cun mundo dentro del mundo\u201d. \u2013 <strong>Mercedes Torre<\/strong><\/p>\n\n\n\n<figure class=\"wp-block-image size-large\"><img loading=\"lazy\" decoding=\"async\" width=\"1024\" height=\"683\" src=\"https:\/\/sergiolapegue.com\/site\/wp-content\/uploads\/2024\/07\/Mimu-Un-mundo-dentro-del-mundo-2-1024x683.jpg\" alt=\"\" class=\"wp-image-16126\" srcset=\"https:\/\/sergiolapegue.com\/site\/wp-content\/uploads\/2024\/07\/Mimu-Un-mundo-dentro-del-mundo-2-1024x683.jpg 1024w, https:\/\/sergiolapegue.com\/site\/wp-content\/uploads\/2024\/07\/Mimu-Un-mundo-dentro-del-mundo-2-300x200.jpg 300w, https:\/\/sergiolapegue.com\/site\/wp-content\/uploads\/2024\/07\/Mimu-Un-mundo-dentro-del-mundo-2-768x512.jpg 768w, https:\/\/sergiolapegue.com\/site\/wp-content\/uploads\/2024\/07\/Mimu-Un-mundo-dentro-del-mundo-2-1536x1024.jpg 1536w, https:\/\/sergiolapegue.com\/site\/wp-content\/uploads\/2024\/07\/Mimu-Un-mundo-dentro-del-mundo-2-2048x1365.jpg 2048w, https:\/\/sergiolapegue.com\/site\/wp-content\/uploads\/2024\/07\/Mimu-Un-mundo-dentro-del-mundo-2-630x420.jpg 630w, https:\/\/sergiolapegue.com\/site\/wp-content\/uploads\/2024\/07\/Mimu-Un-mundo-dentro-del-mundo-2-696x464.jpg 696w, https:\/\/sergiolapegue.com\/site\/wp-content\/uploads\/2024\/07\/Mimu-Un-mundo-dentro-del-mundo-2-1068x712.jpg 1068w, https:\/\/sergiolapegue.com\/site\/wp-content\/uploads\/2024\/07\/Mimu-Un-mundo-dentro-del-mundo-2-1920x1280.jpg 1920w\" sizes=\"auto, (max-width: 1024px) 100vw, 1024px\" \/><\/figure>\n\n\n\n<p><strong>FICHA T\u00c9CNICO ART\u00cdSTICA<\/strong><\/p>\n\n\n\n<p><strong>Dramaturgia:<\/strong>&nbsp;Mercedes Torre<\/p>\n\n\n\n<p><strong>Int\u00e9rpretes:<\/strong>&nbsp;Mica Raimundo \u2013 Sonia Aleman \u2013 Carlos Ledrag \u2013 Brenda Chi<\/p>\n\n\n\n<p><strong>M\u00fasica en vivo:<\/strong>&nbsp;Dami\u00e1n Ferraro<\/p>\n\n\n\n<p><strong>Composici\u00f3n musical en canciones:<\/strong>&nbsp;Pablo Viotti y Mercedes Torre<\/p>\n\n\n\n<p><strong>Letras:<\/strong>&nbsp;Mercedes Torre<\/p>\n\n\n\n<p><strong>M\u00fasica incidental:<\/strong>&nbsp;Pablo Viotti<\/p>\n\n\n\n<p><strong>Escenograf\u00eda y vestuario:<\/strong>&nbsp;Paula Molina<\/p>\n\n\n\n<p><strong>Coreograf\u00eda:<\/strong>&nbsp;Fede Fedele<\/p>\n\n\n\n<p><strong>Logo:<\/strong>&nbsp;Virginia Allievi<\/p>\n\n\n\n<p><strong>Gr\u00e1fica:<\/strong>&nbsp;Luz Fiumara<\/p>\n\n\n\n<p><strong>Redes:<\/strong>&nbsp;Brisa Rivadeneyra<\/p>\n\n\n\n<p><strong>Fotos:<\/strong>&nbsp;Fiorela Romay<\/p>\n\n\n\n<p><strong>Prensa:<\/strong>&nbsp;Prens\u00f3polis<\/p>\n\n\n\n<p><strong>Producci\u00f3n ejecutiva:<\/strong>&nbsp;Rabesan<\/p>\n\n\n\n<p><strong>Idea original:<\/strong>&nbsp;Mica Raimundo y Denise Kornitz<\/p>\n\n\n\n<p><strong>Curadur\u00eda en educaci\u00f3n y crianza respetuosa:<\/strong>&nbsp;Denise Kornitz<\/p>\n\n\n\n<p><strong>Asistente de producci\u00f3n:<\/strong>&nbsp;Lila Rosemblit<\/p>\n\n\n\n<p><strong>Producci\u00f3n general:<\/strong>&nbsp;Denise Kornitz<\/p>\n\n\n\n<p><strong>Directora:<\/strong>&nbsp;Mercedes Torre<\/p>\n\n\n\n<p><strong>Instagram:<\/strong> @mimusoyyo<\/p>\n\n\n\n<p><strong>Duraci\u00f3n:<\/strong>&nbsp;60 min. &nbsp;<\/p>\n\n\n\n<p><strong>Clasificaci\u00f3n:<\/strong> Teatro \u2013 Presencial \u2013 Infantil \u2013 Musical &nbsp;<\/p>\n\n\n\n<p><strong>Edad sugerida:&nbsp;<\/strong>de 6 a 10 a\u00f1os<\/p>\n\n\n\n<figure class=\"wp-block-image size-large is-resized\"><img loading=\"lazy\" decoding=\"async\" width=\"1024\" height=\"683\" src=\"https:\/\/sergiolapegue.com\/site\/wp-content\/uploads\/2024\/07\/Mimu-Un-mundo-dentro-del-mundo-4-1024x683.jpg\" alt=\"\" class=\"wp-image-16127\" style=\"width:696px;height:auto\" srcset=\"https:\/\/sergiolapegue.com\/site\/wp-content\/uploads\/2024\/07\/Mimu-Un-mundo-dentro-del-mundo-4-1024x683.jpg 1024w, https:\/\/sergiolapegue.com\/site\/wp-content\/uploads\/2024\/07\/Mimu-Un-mundo-dentro-del-mundo-4-300x200.jpg 300w, https:\/\/sergiolapegue.com\/site\/wp-content\/uploads\/2024\/07\/Mimu-Un-mundo-dentro-del-mundo-4-768x512.jpg 768w, https:\/\/sergiolapegue.com\/site\/wp-content\/uploads\/2024\/07\/Mimu-Un-mundo-dentro-del-mundo-4-1536x1024.jpg 1536w, https:\/\/sergiolapegue.com\/site\/wp-content\/uploads\/2024\/07\/Mimu-Un-mundo-dentro-del-mundo-4-2048x1365.jpg 2048w, https:\/\/sergiolapegue.com\/site\/wp-content\/uploads\/2024\/07\/Mimu-Un-mundo-dentro-del-mundo-4-630x420.jpg 630w, https:\/\/sergiolapegue.com\/site\/wp-content\/uploads\/2024\/07\/Mimu-Un-mundo-dentro-del-mundo-4-696x464.jpg 696w, https:\/\/sergiolapegue.com\/site\/wp-content\/uploads\/2024\/07\/Mimu-Un-mundo-dentro-del-mundo-4-1068x712.jpg 1068w, https:\/\/sergiolapegue.com\/site\/wp-content\/uploads\/2024\/07\/Mimu-Un-mundo-dentro-del-mundo-4-1920x1280.jpg 1920w\" sizes=\"auto, (max-width: 1024px) 100vw, 1024px\" \/><\/figure>\n\n\n\n<p><strong>TEATRO BORDER<\/strong><\/p>\n\n\n\n<p>Godoy Cruz 1838 \u2013 Capital Federal \u2013 Buenos Aires \u2013 Argentina<\/p>\n\n\n\n<p>Entradas: $ 10.000 \u2013 (Descuentos por pack familiar y grupos) \u2013 a trav\u00e9s de la &nbsp;<\/p>\n\n\n\n<p>\u00a0\u00a0\u00a0\u00a0\u00a0\u00a0\u00a0\u00a0\u00a0\u00a0\u00a0\u00a0\u00a0\u00a0 <a href=\"https:\/\/8w40j.r.a.d.sendibm1.com\/mk\/cl\/f\/sh\/1f8JIKXwHGYox7hdyLZylHx8kP\/orDsR58h-XsT\" target=\"_blank\" rel=\"noreferrer noopener\">web del Teatro Border<\/a> o por Alternativa Teatral<\/p>\n\n\n\n<p>Funciones: Martes 16 de Julio \u2013 15:00 horas<\/p>\n\n\n\n<p>\u00a0\u00a0\u00a0\u00a0\u00a0\u00a0\u00a0\u00a0\u00a0\u00a0\u00a0\u00a0\u00a0\u00a0\u00a0  Jueves 18 de Julio \u2013 15:00 horas<\/p>\n\n\n\n<p>\u00a0\u00a0\u00a0\u00a0\u00a0\u00a0\u00a0\u00a0\u00a0\u00a0\u00a0\u00a0\u00a0\u00a0\u00a0\u00a0 S\u00e1bado 20 de Julio \u2013 15:00 horas<\/p>\n\n\n\n<p>\u00a0\u00a0\u00a0\u00a0\u00a0\u00a0\u00a0\u00a0\u00a0\u00a0\u00a0\u00a0\u00a0\u00a0\u00a0\u00a0 Jueves 25 de Julio \u2013 17:00 horas<\/p>\n\n\n\n<p>\u00a0\u00a0\u00a0\u00a0\u00a0\u00a0\u00a0\u00a0\u00a0\u00a0\u00a0\u00a0\u00a0\u00a0\u00a0\u00a0 S\u00e1bado 27 de Julio \u2013 15:00 horas \u00a0<\/p>\n\n\n\n<p>Gracias Alejandra P\u00eda Nicolosi de Prens\u00f3polis Comunicaci\u00f3n y Prensa por acercarnos la gacetilla de prensa de este espect\u00e1culo infantil.<\/p>\n\n\n\n<p><\/p>\n\n\n\n<figure class=\"wp-block-image size-full is-resized\"><img loading=\"lazy\" decoding=\"async\" width=\"600\" height=\"814\" src=\"https:\/\/sergiolapegue.com\/site\/wp-content\/uploads\/2024\/07\/Mimu-Un-mundo-dentro-del-mundo-Mercedes-Torre.png\" alt=\"\" class=\"wp-image-16128\" style=\"width:304px;height:auto\" srcset=\"https:\/\/sergiolapegue.com\/site\/wp-content\/uploads\/2024\/07\/Mimu-Un-mundo-dentro-del-mundo-Mercedes-Torre.png 600w, https:\/\/sergiolapegue.com\/site\/wp-content\/uploads\/2024\/07\/Mimu-Un-mundo-dentro-del-mundo-Mercedes-Torre-221x300.png 221w, https:\/\/sergiolapegue.com\/site\/wp-content\/uploads\/2024\/07\/Mimu-Un-mundo-dentro-del-mundo-Mercedes-Torre-310x420.png 310w\" sizes=\"auto, (max-width: 600px) 100vw, 600px\" \/><\/figure>\n\n\n\n<p><strong>SOBRE MERCEDES TORRE \u2013 Autora y Directora<\/strong><strong><\/strong><\/p>\n\n\n\n<p>Naci\u00f3 en la Ciudad de Buenos Aires el 10 de octubre de 1985. Es\u00a0actriz, m\u00fasica. Se recibi\u00f3 de Licenciada de Arte Dram\u00e1tico por la UNA y continu\u00f3 su formaci\u00f3n con diversos docentes en canto y danza. Trabaj\u00f3 tanto en el teatro oficial, como en el independiente y el comercial. Fue nominada como\u00a0actriz revelaci\u00f3n en los premios Florencio S\u00e1nchez y como mejor actriz de teatro musical infantil por los Premios Hugo. Adem\u00e1s, gan\u00f3 2 Premios ATINA al teatro infantil como mejor direcci\u00f3n y mejor espect\u00e1culo \u201cPerdiendo el tiempo\u201d de Las Hermanas Misterio.\u00a0Particip\u00f3 como actriz de diversos festivales en Argentina, Chile, y M\u00e9xico. Como docente imparti\u00f3 seminarios de actuaci\u00f3n en el Festival \u201cCuenta Habana\u201d (Cuba) con el apoyo de la Canciller\u00eda Argentina. Trabaj\u00f3 en: \u201cRecuerdos a la hora de la siesta\u201d dirigida por Emiliano Dionisi, en el CTBA; \u201cNetwork\u201d con direcci\u00f3n de Corina Fiorillo en el Teatro Coliseo; \u201cEl Martin Fierro\u201d de la Banda de la Risa, dirigida por Tony Lestingui en el TNC; \u201cEl Avaro\u201d con direcci\u00f3n de Corina Fiorillo en el CTBA. En el teatro off fue parte de \u201cPotranca\u201d con direcci\u00f3n de Mariela Asencio, \u201cComo una perra en un descampado\u201d con direcci\u00f3n de Corina Fiorillo; \u201cEl pasado\u201d dirigido por Julieta De Simone; y \u201cUn impostor\u201d de Guillermo Cacace. Es creadora del grupo de teatro y m\u00fasica \u201cLas Hermanas Misterio\u201d, con el que recibieron cinco nominaciones para los Premios Hugo, fueron destacadas en Teatro del Mundo; nominadas como mejor espect\u00e1culo extranjero en los Premios Florencio S\u00e1nchez en Uruguay; y destacadas de inter\u00e9s cultural por el gobierno de la ciudad de Buenos Aires. Ha coordinado diferentes proyectos culturales en Barrios Populares (\u201cLa Revuelta Cultural\u201d; \u201cEllas Hacen\u201d; \u201cClub Madre del Pueblo\u201d Villa 1-11-14), y dictado talleres de formaci\u00f3n docente en el \u00e1rea art\u00edstica para el Nivel inicial. Desde el 2010 trabaja impartiendo talleres de m\u00fasica y teatro para infancias en forma privada. En la actualidad, lo hace en \u201cRisas de la Tierra\u201d. Actualmente, se presenta con su primer unipersonal musical \u201cReversible\u201d, junto a Pablo Viotti dirigida por Juan Andr\u00e9s Romanazzi.<\/p>\n\n\n\n<figure class=\"wp-block-image size-full is-resized\"><img loading=\"lazy\" decoding=\"async\" width=\"390\" height=\"257\" src=\"https:\/\/sergiolapegue.com\/site\/wp-content\/uploads\/2024\/07\/Mimu-Un-mundo-dentro-del-mundo-Pablo-Viotti.png\" alt=\"\" class=\"wp-image-16129\" style=\"width:300px;height:auto\" srcset=\"https:\/\/sergiolapegue.com\/site\/wp-content\/uploads\/2024\/07\/Mimu-Un-mundo-dentro-del-mundo-Pablo-Viotti.png 390w, https:\/\/sergiolapegue.com\/site\/wp-content\/uploads\/2024\/07\/Mimu-Un-mundo-dentro-del-mundo-Pablo-Viotti-300x198.png 300w\" sizes=\"auto, (max-width: 390px) 100vw, 390px\" \/><\/figure>\n\n\n\n<p><strong>SOBRE PABLO VIOTTI \u2013 Compositor musical<\/strong><\/p>\n\n\n\n<p>M\u00fasico argentino que se desempe\u00f1a principalmente como compositor, arreglador, dise\u00f1ador de sonido, pianista, guitarrista, bajista, cantante y actor en artes esc\u00e9nicas. Tambi\u00e9n es productor discogr\u00e1fico. En la \u00faltima d\u00e9cada, compuso, dise\u00f1\u00f3 e interpret\u00f3 m\u00fasica en m\u00e1s de 15 espect\u00e1culos dirigidos por prestigioso artistas (Oscar Barney Finn, Mariana Chaud y Katia Szechtman, Gustavo Tarr\u00edo, Maruja Bustamante, entre otros). Entre sus trabajos destacados se encuentra la participaci\u00f3n en \u201cFamilia no tipo y la nube maligna\u201d (teatro Cervantes, 2022, ganador del premio de la ACE a mejor espect\u00e1culo infantil) dirigido por Mariana Chaud y Gustavo Tarr\u00edo. Se desempe\u00f1a como tecladista, coreuta, arreglador y productor en el conjunto \u201cMabel y los Inmaculados\u201d desde el 2017. Y adem\u00e1s, como tecladista, productor, arreglador y director musical en \u201cAnia\u201d desde el 2013. Adem\u00e1s, produjo, grab\u00f3 mezcl\u00f3 e interpret\u00f3 diversos instrumentos y voces en diversos y simples, y realiz\u00f3 la banda de sonido original y la direcci\u00f3n de sonido de la serie web ganadora del concurso del INCAA \u201cCentro cultural\u201d (2019), dirigida por Sebasti\u00e1n Crusat.<\/p>\n\n\n\n<p><strong>SOBRE EL ELENCO<\/strong><\/p>\n\n\n\n<figure class=\"wp-block-image size-full is-resized\"><img loading=\"lazy\" decoding=\"async\" width=\"974\" height=\"437\" src=\"https:\/\/sergiolapegue.com\/site\/wp-content\/uploads\/2024\/07\/Mimu-Un-mundo-dentro-del-mundo-Carlos-Ledrag.png\" alt=\"\" class=\"wp-image-16130\" style=\"width:307px;height:auto\" srcset=\"https:\/\/sergiolapegue.com\/site\/wp-content\/uploads\/2024\/07\/Mimu-Un-mundo-dentro-del-mundo-Carlos-Ledrag.png 974w, https:\/\/sergiolapegue.com\/site\/wp-content\/uploads\/2024\/07\/Mimu-Un-mundo-dentro-del-mundo-Carlos-Ledrag-300x135.png 300w, https:\/\/sergiolapegue.com\/site\/wp-content\/uploads\/2024\/07\/Mimu-Un-mundo-dentro-del-mundo-Carlos-Ledrag-768x345.png 768w, https:\/\/sergiolapegue.com\/site\/wp-content\/uploads\/2024\/07\/Mimu-Un-mundo-dentro-del-mundo-Carlos-Ledrag-936x420.png 936w, https:\/\/sergiolapegue.com\/site\/wp-content\/uploads\/2024\/07\/Mimu-Un-mundo-dentro-del-mundo-Carlos-Ledrag-696x312.png 696w\" sizes=\"auto, (max-width: 974px) 100vw, 974px\" \/><\/figure>\n\n\n\n<p><strong>CARLOS LEDRAG<\/strong><\/p>\n\n\n\n<p>Naci\u00f3 en 1983. Se form\u00f3 como m\u00fasico estudiando guitarra desde ni\u00f1o, durante la adolescencia comenz\u00f3 con la actuaci\u00f3n a estudiar y trabajar form\u00e1ndose continuamente hasta la actualidad (Guillermo Cacace, Adri\u00e1n Blanco, CC San Mart\u00edn, etc.). Se form\u00f3 como cantante con maestros como Susana Naidich y Ricardo Ortale y pr\u00e1ctica el m\u00e9todo Rabine desde 2014 habiendo entrenado con Macarena Robledo, Mariano Pattin y Elisa Viladesau, entre otros. Se recibi\u00f3 de Locutor Nacional en el ISER en el 2018. Como actor y m\u00fasico trabaj\u00f3 en compa\u00f1\u00edas independientes, en el Teatro Cervantes, Teatro San Mart\u00edn y en producciones de la secretar\u00eda de cultura de CABA. Es la voz oficial de Fm La Boca y conduce en dicha radio y en Radio Zoe.\u00a0A lo largo de su trayectoria fue galardonado con importantes premios:\u00a0Nominado a los premios Trinidad Guevara en 2009 por \u201cMejor m\u00fasica original\u201d de la obra \u201cTransAtl\u00e1ntico\u201d (Teatro Cervantes); Premios Hugo 2016 como \u201cRevelaci\u00f3n Masculina\u201d por su actuaci\u00f3n en \u201cErrante en la sombra\u201d (C.C. San Mart\u00edn); Premios Luisa Vehil 2019 por la m\u00fasica original de \u201cFedra\u201d (Teatro San Mart\u00edn); Premios ACE 2021 como integrante del elenco de \u201cLa Falc\u00f3n\u201d (Teatro El extranjero) y en \u201cActuaci\u00f3n masculina en musical\u201d por su actuaci\u00f3n en \u201cDel barrio la mondiola\u201d; y Premios Hugo 2021 como \u201cMejor interpretaci\u00f3n masculina en musical off\u201d por su interpretaci\u00f3n en \u201cLa Falc\u00f3n\u201d, al igual que en la categor\u00eda \u201cMejores arreglos musicales\u201d del mismo espect\u00e1culo.<\/p>\n\n\n\n<figure class=\"wp-block-image size-full is-resized\"><img loading=\"lazy\" decoding=\"async\" width=\"974\" height=\"974\" src=\"https:\/\/sergiolapegue.com\/site\/wp-content\/uploads\/2024\/07\/Mimu-Un-mundo-dentro-del-mundo-Micaela-Raimundo.png\" alt=\"\" class=\"wp-image-16131\" style=\"width:300px;height:auto\" srcset=\"https:\/\/sergiolapegue.com\/site\/wp-content\/uploads\/2024\/07\/Mimu-Un-mundo-dentro-del-mundo-Micaela-Raimundo.png 974w, https:\/\/sergiolapegue.com\/site\/wp-content\/uploads\/2024\/07\/Mimu-Un-mundo-dentro-del-mundo-Micaela-Raimundo-300x300.png 300w, https:\/\/sergiolapegue.com\/site\/wp-content\/uploads\/2024\/07\/Mimu-Un-mundo-dentro-del-mundo-Micaela-Raimundo-150x150.png 150w, https:\/\/sergiolapegue.com\/site\/wp-content\/uploads\/2024\/07\/Mimu-Un-mundo-dentro-del-mundo-Micaela-Raimundo-768x768.png 768w, https:\/\/sergiolapegue.com\/site\/wp-content\/uploads\/2024\/07\/Mimu-Un-mundo-dentro-del-mundo-Micaela-Raimundo-420x420.png 420w, https:\/\/sergiolapegue.com\/site\/wp-content\/uploads\/2024\/07\/Mimu-Un-mundo-dentro-del-mundo-Micaela-Raimundo-696x696.png 696w\" sizes=\"auto, (max-width: 974px) 100vw, 974px\" \/><\/figure>\n\n\n\n<p><strong>MICAELA RAIMUNDO<\/strong><\/p>\n\n\n\n<p>Oriunda de Pergamino, int\u00e9rprete en\u00a0Teatro Musical, fue formada con una beca en la\u00a0Fundaci\u00f3n Julio Bocca, egresada en el a\u00f1o 2017.\u00a0Ampli\u00f3 su formaci\u00f3n en &#8220;Tu Experiencia Broadway&#8221; en Nueva York, siendo guiada por maestros de renombre como Stacey Lee, Luis Salgado, Kacie Sheik y Wendy Parr. Su trayectoria art\u00edstica se distingue por su versatilidad y talento multidisciplinario. Posee habilidades en acrobacia y contin\u00faa perfeccionando su t\u00e9cnica vocal con maestros como Carla Liguori e Inbal Comedi. Entre sus\u00a0musicales m\u00e1s destacados\u00a0se encuentran producciones como &#8220;Fantas\u00eda un encanto congelado&#8221; (2023) en el Teatro Astral y gira en Miramar durante la temporada de verano; &#8220;Brujas&#8221; musical infantil (2023); &#8220;Fantas\u00eda una m\u00e1gica navidad&#8221; (2023) en el Teatro San Mart\u00edn; &#8220;Ca\u00edda Libre&#8221; (2023), &#8220;F\u00e1brica de Juguetes&#8221; (2022), y &#8220;Ventanitas en concierto&#8221; (2018). Tambi\u00e9n, ha desarrollado su talento en danza, y actuaci\u00f3n en la escuela de Julio Ch\u00e1vez, y en actuaci\u00f3n frente a c\u00e1mara con Leo Rodr\u00edguez. Adem\u00e1s, trabaja como actriz en publicidades, videoclips, gr\u00e1ficas y obras teatrales.<\/p>\n\n\n\n<figure class=\"wp-block-image size-full is-resized\"><img loading=\"lazy\" decoding=\"async\" width=\"974\" height=\"955\" src=\"https:\/\/sergiolapegue.com\/site\/wp-content\/uploads\/2024\/07\/Mimu-Un-mundo-dentro-del-mundo-Sonia-Aleman.png\" alt=\"\" class=\"wp-image-16132\" style=\"width:306px;height:auto\" srcset=\"https:\/\/sergiolapegue.com\/site\/wp-content\/uploads\/2024\/07\/Mimu-Un-mundo-dentro-del-mundo-Sonia-Aleman.png 974w, https:\/\/sergiolapegue.com\/site\/wp-content\/uploads\/2024\/07\/Mimu-Un-mundo-dentro-del-mundo-Sonia-Aleman-300x294.png 300w, https:\/\/sergiolapegue.com\/site\/wp-content\/uploads\/2024\/07\/Mimu-Un-mundo-dentro-del-mundo-Sonia-Aleman-768x753.png 768w, https:\/\/sergiolapegue.com\/site\/wp-content\/uploads\/2024\/07\/Mimu-Un-mundo-dentro-del-mundo-Sonia-Aleman-428x420.png 428w, https:\/\/sergiolapegue.com\/site\/wp-content\/uploads\/2024\/07\/Mimu-Un-mundo-dentro-del-mundo-Sonia-Aleman-696x682.png 696w\" sizes=\"auto, (max-width: 974px) 100vw, 974px\" \/><\/figure>\n\n\n\n<p><strong>SONIA ALEMAN<\/strong><\/p>\n\n\n\n<p>Egresada de la carrera del\u00a0Teatro Musical en la Fundaci\u00f3n Julio Bocca.\u00a0C\u00f3mo actriz, se form\u00f3 con docentes como Carlos Gianni, Laura Eva Avelluto, Pablo Bellocchio y Lucia Di Carlo. Tiene a su vez formaci\u00f3n como dramaturga, clown y cantante. Sus Trabajos actorales destacados son &#8220;El juego&#8221; de Fran Ruiz Barlette, &#8220;Banda Lavanda&#8221; de Samir Carrillo, &#8220;La violeta&#8221; de Sonia Alem\u00e1n, &#8220;Se\u00f1or Ladr\u00f3n&#8221; de David Munchnik, &#8220;Las Vecinas&#8221; de Sonia Alem\u00e1n, &#8220;Lo que el viento me cont\u00f3&#8221; de Eleonora Valdez y Sonia Alem\u00e1n, &#8220;Hasta el fin de los d\u00edas&#8221; de Rafael Nofal y &#8220;Antonela Canela&#8221; de Luz Moyano. Como arregladora vocal particip\u00f3 en el espect\u00e1culo \u201cJard\u00edn Imposible&#8221; (FIBA 2023). Actualmente, dicta clases de teatro, ensamble y t\u00e9cnica vocal en la Fundaci\u00f3n Julio Bocca a ni\u00f1es y adolescentes, y se desempe\u00f1a como compositora, realizadora y dise\u00f1adora gr\u00e1fica.<\/p>\n\n\n\n<figure class=\"wp-block-image size-full is-resized\"><img loading=\"lazy\" decoding=\"async\" width=\"974\" height=\"936\" src=\"https:\/\/sergiolapegue.com\/site\/wp-content\/uploads\/2024\/07\/Mimu-Un-mundo-dentro-del-mundo-Brenda-Chi.png\" alt=\"\" class=\"wp-image-16133\" style=\"width:304px;height:auto\" srcset=\"https:\/\/sergiolapegue.com\/site\/wp-content\/uploads\/2024\/07\/Mimu-Un-mundo-dentro-del-mundo-Brenda-Chi.png 974w, https:\/\/sergiolapegue.com\/site\/wp-content\/uploads\/2024\/07\/Mimu-Un-mundo-dentro-del-mundo-Brenda-Chi-300x288.png 300w, https:\/\/sergiolapegue.com\/site\/wp-content\/uploads\/2024\/07\/Mimu-Un-mundo-dentro-del-mundo-Brenda-Chi-768x738.png 768w, https:\/\/sergiolapegue.com\/site\/wp-content\/uploads\/2024\/07\/Mimu-Un-mundo-dentro-del-mundo-Brenda-Chi-437x420.png 437w, https:\/\/sergiolapegue.com\/site\/wp-content\/uploads\/2024\/07\/Mimu-Un-mundo-dentro-del-mundo-Brenda-Chi-696x669.png 696w\" sizes=\"auto, (max-width: 974px) 100vw, 974px\" \/><\/figure>\n\n\n\n<p><strong>BRENDA CHI<\/strong><\/p>\n\n\n\n<p>Es\u00a0actriz, docente y directora. Formada en actuaci\u00f3n con M\u00f3nica Bruni, Ricardo Bartis, Marcelo Savignone, Nora Moseinco, entre otros. Formada en pr\u00e1cticas esc\u00e9nicas y teatro f\u00edsico con Juan Coulasso, Lisandro Rodr\u00edguez, Leticia Mazzur. Recibida como int\u00e9rprete de comedia musical en Julio Bocca (2014). Estudiante de direcci\u00f3n esc\u00e9nica en la UNA donde fue formada con Bernardo Cappa, Gustavo Tarr\u00edo, entre otros. Docente de teatro para ni\u00f1os y adolescentes. Trabaja como actriz en cine, TV, publicidades y gr\u00e1ficas.\u00a0Cuenta con un recorrido actoral en diferentes g\u00e9neros teatrales como infanto juveniles, teatro para beb\u00e9s, musicales y obras de texto, donde ha podido trabajar para el Complejo Teatral San Martin de Buenos Aires y en distintos Festivales realizados en la Ciudad de Buenos Aires y Gran Buenos Aires. Recibi\u00f3\u00a0nominaciones a Premios Hugo\u00a0como actriz de teatro musical infantil en el 2014 (Rebelius) y 2022 (Poemas de Asuntos). Dirigi\u00f3 y escribi\u00f3 &#8220;La Benito Encuentros&#8221;, y la obra &#8220;Brisho&#8221;, ganadora del programa de cupo residente de artistas chilenos (2023). Actualmente, continua su desempe\u00f1o como actriz y directora en diferentes obras teatrales y medios audiovisuales. Es docente de teatro en la escuela de N\u00dcN Teatro, y contin\u00faa su formaci\u00f3n como directora en la UNA, y como int\u00e9rprete, cantante y actriz con distintos docentes en sus estudios particulares y seminarios.<\/p>\n\n\n\n<p><\/p>\n","protected":false},"excerpt":{"rendered":"<p>El&nbsp;martes 16 de julio a las 15hs, en plenas vacaciones de invierno, estrena&nbsp;Mimu, un mundo dentro del mundo,&nbsp;en el Teatro Border. Mimu&#8230;&nbsp;es una obra de teatro musical para infancias que invita a mirar de un modo nuevo el mundo. Cuenta con&nbsp;autor\u00eda y direcci\u00f3n de Mercedes Torre, y la&nbsp;curadur\u00eda en educaci\u00f3n y crianza respetuosa&nbsp;de Denise Kornitz. [&hellip;]<\/p>\n","protected":false},"author":3,"featured_media":16134,"comment_status":"open","ping_status":"closed","sticky":false,"template":"","format":"standard","meta":{"footnotes":""},"categories":[34,35],"tags":[],"class_list":{"0":"post-16123","1":"post","2":"type-post","3":"status-publish","4":"format-standard","5":"has-post-thumbnail","7":"category-arte","8":"category-teatro"},"yoast_head":"<!-- This site is optimized with the Yoast SEO plugin v27.5 - https:\/\/yoast.com\/product\/yoast-seo-wordpress\/ -->\n<title>MIMU, UN MUNDO DENTRO DEL MUNDO - Sergio Lapegue<\/title>\n<meta name=\"robots\" content=\"index, follow, max-snippet:-1, max-image-preview:large, max-video-preview:-1\" \/>\n<link rel=\"canonical\" href=\"https:\/\/sergiolapegue.com\/site\/2024\/07\/10\/mimu-un-mundo-dentro-del-mundo\/\" \/>\n<meta property=\"og:locale\" content=\"es_ES\" \/>\n<meta property=\"og:type\" content=\"article\" \/>\n<meta property=\"og:title\" content=\"MIMU, UN MUNDO DENTRO DEL MUNDO - Sergio Lapegue\" \/>\n<meta property=\"og:description\" content=\"El&nbsp;martes 16 de julio a las 15hs, en plenas vacaciones de invierno, estrena&nbsp;Mimu, un mundo dentro del mundo,&nbsp;en el Teatro Border. Mimu&#8230;&nbsp;es una obra de teatro musical para infancias que invita a mirar de un modo nuevo el mundo. Cuenta con&nbsp;autor\u00eda y direcci\u00f3n de Mercedes Torre, y la&nbsp;curadur\u00eda en educaci\u00f3n y crianza respetuosa&nbsp;de Denise Kornitz. [&hellip;]\" \/>\n<meta property=\"og:url\" content=\"https:\/\/sergiolapegue.com\/site\/2024\/07\/10\/mimu-un-mundo-dentro-del-mundo\/\" \/>\n<meta property=\"og:site_name\" content=\"Sergio Lapegue\" \/>\n<meta property=\"article:publisher\" content=\"https:\/\/facebook.com\/sergiolapegue\" \/>\n<meta property=\"article:author\" content=\"https:\/\/facebook.com\/danielernesto.montana\" \/>\n<meta property=\"article:published_time\" content=\"2024-07-10T08:00:00+00:00\" \/>\n<meta property=\"og:image\" content=\"https:\/\/sergiolapegue.com\/site\/wp-content\/uploads\/2024\/07\/Mimu-Un-mundo-dentro-del-mundo-scaled.jpeg\" \/>\n\t<meta property=\"og:image:width\" content=\"2519\" \/>\n\t<meta property=\"og:image:height\" content=\"2560\" \/>\n\t<meta property=\"og:image:type\" content=\"image\/jpeg\" \/>\n<meta name=\"author\" content=\"Daniel E. Monta\u00f1a\" \/>\n<meta name=\"twitter:card\" content=\"summary_large_image\" \/>\n<meta name=\"twitter:creator\" content=\"@https:\/\/twitter.com\/daner_004\" \/>\n<meta name=\"twitter:site\" content=\"@sergiolapegue\" \/>\n<meta name=\"twitter:label1\" content=\"Escrito por\" \/>\n\t<meta name=\"twitter:data1\" content=\"Daniel E. Monta\u00f1a\" \/>\n\t<meta name=\"twitter:label2\" content=\"Tiempo de lectura\" \/>\n\t<meta name=\"twitter:data2\" content=\"11 minutos\" \/>\n<script type=\"application\/ld+json\" class=\"yoast-schema-graph\">{\"@context\":\"https:\\\/\\\/schema.org\",\"@graph\":[{\"@type\":\"Article\",\"@id\":\"https:\\\/\\\/sergiolapegue.com\\\/site\\\/2024\\\/07\\\/10\\\/mimu-un-mundo-dentro-del-mundo\\\/#article\",\"isPartOf\":{\"@id\":\"https:\\\/\\\/sergiolapegue.com\\\/site\\\/2024\\\/07\\\/10\\\/mimu-un-mundo-dentro-del-mundo\\\/\"},\"author\":{\"name\":\"Daniel E. Monta\u00f1a\",\"@id\":\"https:\\\/\\\/sergiolapegue.com\\\/site\\\/#\\\/schema\\\/person\\\/9198e7dbab43c6d74d0fd5399af7c3cd\"},\"headline\":\"MIMU, UN MUNDO DENTRO DEL MUNDO\",\"datePublished\":\"2024-07-10T08:00:00+00:00\",\"mainEntityOfPage\":{\"@id\":\"https:\\\/\\\/sergiolapegue.com\\\/site\\\/2024\\\/07\\\/10\\\/mimu-un-mundo-dentro-del-mundo\\\/\"},\"wordCount\":1958,\"commentCount\":0,\"publisher\":{\"@id\":\"https:\\\/\\\/sergiolapegue.com\\\/site\\\/#\\\/schema\\\/person\\\/083aeceeb0734cd166779ea6c0551a37\"},\"image\":{\"@id\":\"https:\\\/\\\/sergiolapegue.com\\\/site\\\/2024\\\/07\\\/10\\\/mimu-un-mundo-dentro-del-mundo\\\/#primaryimage\"},\"thumbnailUrl\":\"https:\\\/\\\/sergiolapegue.com\\\/site\\\/wp-content\\\/uploads\\\/2024\\\/07\\\/Mimu-Un-mundo-dentro-del-mundo-scaled.jpeg\",\"articleSection\":[\"Arte\",\"Teatro\"],\"inLanguage\":\"es-AR\",\"potentialAction\":[{\"@type\":\"CommentAction\",\"name\":\"Comment\",\"target\":[\"https:\\\/\\\/sergiolapegue.com\\\/site\\\/2024\\\/07\\\/10\\\/mimu-un-mundo-dentro-del-mundo\\\/#respond\"]}]},{\"@type\":\"WebPage\",\"@id\":\"https:\\\/\\\/sergiolapegue.com\\\/site\\\/2024\\\/07\\\/10\\\/mimu-un-mundo-dentro-del-mundo\\\/\",\"url\":\"https:\\\/\\\/sergiolapegue.com\\\/site\\\/2024\\\/07\\\/10\\\/mimu-un-mundo-dentro-del-mundo\\\/\",\"name\":\"MIMU, UN MUNDO DENTRO DEL MUNDO - Sergio Lapegue\",\"isPartOf\":{\"@id\":\"https:\\\/\\\/sergiolapegue.com\\\/site\\\/#website\"},\"primaryImageOfPage\":{\"@id\":\"https:\\\/\\\/sergiolapegue.com\\\/site\\\/2024\\\/07\\\/10\\\/mimu-un-mundo-dentro-del-mundo\\\/#primaryimage\"},\"image\":{\"@id\":\"https:\\\/\\\/sergiolapegue.com\\\/site\\\/2024\\\/07\\\/10\\\/mimu-un-mundo-dentro-del-mundo\\\/#primaryimage\"},\"thumbnailUrl\":\"https:\\\/\\\/sergiolapegue.com\\\/site\\\/wp-content\\\/uploads\\\/2024\\\/07\\\/Mimu-Un-mundo-dentro-del-mundo-scaled.jpeg\",\"datePublished\":\"2024-07-10T08:00:00+00:00\",\"breadcrumb\":{\"@id\":\"https:\\\/\\\/sergiolapegue.com\\\/site\\\/2024\\\/07\\\/10\\\/mimu-un-mundo-dentro-del-mundo\\\/#breadcrumb\"},\"inLanguage\":\"es-AR\",\"potentialAction\":[{\"@type\":\"ReadAction\",\"target\":[\"https:\\\/\\\/sergiolapegue.com\\\/site\\\/2024\\\/07\\\/10\\\/mimu-un-mundo-dentro-del-mundo\\\/\"]}]},{\"@type\":\"ImageObject\",\"inLanguage\":\"es-AR\",\"@id\":\"https:\\\/\\\/sergiolapegue.com\\\/site\\\/2024\\\/07\\\/10\\\/mimu-un-mundo-dentro-del-mundo\\\/#primaryimage\",\"url\":\"https:\\\/\\\/sergiolapegue.com\\\/site\\\/wp-content\\\/uploads\\\/2024\\\/07\\\/Mimu-Un-mundo-dentro-del-mundo-scaled.jpeg\",\"contentUrl\":\"https:\\\/\\\/sergiolapegue.com\\\/site\\\/wp-content\\\/uploads\\\/2024\\\/07\\\/Mimu-Un-mundo-dentro-del-mundo-scaled.jpeg\",\"width\":2519,\"height\":2560},{\"@type\":\"BreadcrumbList\",\"@id\":\"https:\\\/\\\/sergiolapegue.com\\\/site\\\/2024\\\/07\\\/10\\\/mimu-un-mundo-dentro-del-mundo\\\/#breadcrumb\",\"itemListElement\":[{\"@type\":\"ListItem\",\"position\":1,\"name\":\"Inicio\",\"item\":\"https:\\\/\\\/sergiolapegue.com\\\/site\\\/\"},{\"@type\":\"ListItem\",\"position\":2,\"name\":\"MIMU, UN MUNDO DENTRO DEL MUNDO\"}]},{\"@type\":\"WebSite\",\"@id\":\"https:\\\/\\\/sergiolapegue.com\\\/site\\\/#website\",\"url\":\"https:\\\/\\\/sergiolapegue.com\\\/site\\\/\",\"name\":\"Sergio Lapegue\",\"description\":\"Periodista\",\"publisher\":{\"@id\":\"https:\\\/\\\/sergiolapegue.com\\\/site\\\/#\\\/schema\\\/person\\\/083aeceeb0734cd166779ea6c0551a37\"},\"potentialAction\":[{\"@type\":\"SearchAction\",\"target\":{\"@type\":\"EntryPoint\",\"urlTemplate\":\"https:\\\/\\\/sergiolapegue.com\\\/site\\\/?s={search_term_string}\"},\"query-input\":{\"@type\":\"PropertyValueSpecification\",\"valueRequired\":true,\"valueName\":\"search_term_string\"}}],\"inLanguage\":\"es-AR\"},{\"@type\":[\"Person\",\"Organization\"],\"@id\":\"https:\\\/\\\/sergiolapegue.com\\\/site\\\/#\\\/schema\\\/person\\\/083aeceeb0734cd166779ea6c0551a37\",\"name\":\"Sergio Lapegue\",\"image\":{\"@type\":\"ImageObject\",\"inLanguage\":\"es-AR\",\"@id\":\"https:\\\/\\\/sergiolapegue.com\\\/site\\\/wp-content\\\/uploads\\\/2021\\\/04\\\/logo_header-1.png\",\"url\":\"https:\\\/\\\/sergiolapegue.com\\\/site\\\/wp-content\\\/uploads\\\/2021\\\/04\\\/logo_header-1.png\",\"contentUrl\":\"https:\\\/\\\/sergiolapegue.com\\\/site\\\/wp-content\\\/uploads\\\/2021\\\/04\\\/logo_header-1.png\",\"width\":272,\"height\":90,\"caption\":\"Sergio Lapegue\"},\"logo\":{\"@id\":\"https:\\\/\\\/sergiolapegue.com\\\/site\\\/wp-content\\\/uploads\\\/2021\\\/04\\\/logo_header-1.png\"},\"sameAs\":[\"https:\\\/\\\/facebook.com\\\/sergiolapegue\",\"https:\\\/\\\/instagram.com\\\/sergiolapegue\",\"https:\\\/\\\/x.com\\\/https:\\\/\\\/twitter.com\\\/sergiolapegue\"]},{\"@type\":\"Person\",\"@id\":\"https:\\\/\\\/sergiolapegue.com\\\/site\\\/#\\\/schema\\\/person\\\/9198e7dbab43c6d74d0fd5399af7c3cd\",\"name\":\"Daniel E. Monta\u00f1a\",\"image\":{\"@type\":\"ImageObject\",\"inLanguage\":\"es-AR\",\"@id\":\"https:\\\/\\\/sergiolapegue.com\\\/site\\\/wp-content\\\/uploads\\\/2021\\\/04\\\/sl_avatar_Daniel-150x150.jpg\",\"url\":\"https:\\\/\\\/sergiolapegue.com\\\/site\\\/wp-content\\\/uploads\\\/2021\\\/04\\\/sl_avatar_Daniel-150x150.jpg\",\"contentUrl\":\"https:\\\/\\\/sergiolapegue.com\\\/site\\\/wp-content\\\/uploads\\\/2021\\\/04\\\/sl_avatar_Daniel-150x150.jpg\",\"caption\":\"Daniel E. Monta\u00f1a\"},\"sameAs\":[\"https:\\\/\\\/facebook.com\\\/danielernesto.montana\",\"https:\\\/\\\/instagram.com\\\/daniel_montana1961\",\"https:\\\/\\\/x.com\\\/https:\\\/\\\/twitter.com\\\/daner_004\"],\"url\":\"https:\\\/\\\/sergiolapegue.com\\\/site\\\/author\\\/daniel\\\/\"}]}<\/script>\n<!-- \/ Yoast SEO plugin. -->","yoast_head_json":{"title":"MIMU, UN MUNDO DENTRO DEL MUNDO - Sergio Lapegue","robots":{"index":"index","follow":"follow","max-snippet":"max-snippet:-1","max-image-preview":"max-image-preview:large","max-video-preview":"max-video-preview:-1"},"canonical":"https:\/\/sergiolapegue.com\/site\/2024\/07\/10\/mimu-un-mundo-dentro-del-mundo\/","og_locale":"es_ES","og_type":"article","og_title":"MIMU, UN MUNDO DENTRO DEL MUNDO - Sergio Lapegue","og_description":"El&nbsp;martes 16 de julio a las 15hs, en plenas vacaciones de invierno, estrena&nbsp;Mimu, un mundo dentro del mundo,&nbsp;en el Teatro Border. Mimu&#8230;&nbsp;es una obra de teatro musical para infancias que invita a mirar de un modo nuevo el mundo. Cuenta con&nbsp;autor\u00eda y direcci\u00f3n de Mercedes Torre, y la&nbsp;curadur\u00eda en educaci\u00f3n y crianza respetuosa&nbsp;de Denise Kornitz. [&hellip;]","og_url":"https:\/\/sergiolapegue.com\/site\/2024\/07\/10\/mimu-un-mundo-dentro-del-mundo\/","og_site_name":"Sergio Lapegue","article_publisher":"https:\/\/facebook.com\/sergiolapegue","article_author":"https:\/\/facebook.com\/danielernesto.montana","article_published_time":"2024-07-10T08:00:00+00:00","og_image":[{"width":2519,"height":2560,"url":"https:\/\/sergiolapegue.com\/site\/wp-content\/uploads\/2024\/07\/Mimu-Un-mundo-dentro-del-mundo-scaled.jpeg","type":"image\/jpeg"}],"author":"Daniel E. Monta\u00f1a","twitter_card":"summary_large_image","twitter_creator":"@https:\/\/twitter.com\/daner_004","twitter_site":"@sergiolapegue","twitter_misc":{"Escrito por":"Daniel E. Monta\u00f1a","Tiempo de lectura":"11 minutos"},"schema":{"@context":"https:\/\/schema.org","@graph":[{"@type":"Article","@id":"https:\/\/sergiolapegue.com\/site\/2024\/07\/10\/mimu-un-mundo-dentro-del-mundo\/#article","isPartOf":{"@id":"https:\/\/sergiolapegue.com\/site\/2024\/07\/10\/mimu-un-mundo-dentro-del-mundo\/"},"author":{"name":"Daniel E. Monta\u00f1a","@id":"https:\/\/sergiolapegue.com\/site\/#\/schema\/person\/9198e7dbab43c6d74d0fd5399af7c3cd"},"headline":"MIMU, UN MUNDO DENTRO DEL MUNDO","datePublished":"2024-07-10T08:00:00+00:00","mainEntityOfPage":{"@id":"https:\/\/sergiolapegue.com\/site\/2024\/07\/10\/mimu-un-mundo-dentro-del-mundo\/"},"wordCount":1958,"commentCount":0,"publisher":{"@id":"https:\/\/sergiolapegue.com\/site\/#\/schema\/person\/083aeceeb0734cd166779ea6c0551a37"},"image":{"@id":"https:\/\/sergiolapegue.com\/site\/2024\/07\/10\/mimu-un-mundo-dentro-del-mundo\/#primaryimage"},"thumbnailUrl":"https:\/\/sergiolapegue.com\/site\/wp-content\/uploads\/2024\/07\/Mimu-Un-mundo-dentro-del-mundo-scaled.jpeg","articleSection":["Arte","Teatro"],"inLanguage":"es-AR","potentialAction":[{"@type":"CommentAction","name":"Comment","target":["https:\/\/sergiolapegue.com\/site\/2024\/07\/10\/mimu-un-mundo-dentro-del-mundo\/#respond"]}]},{"@type":"WebPage","@id":"https:\/\/sergiolapegue.com\/site\/2024\/07\/10\/mimu-un-mundo-dentro-del-mundo\/","url":"https:\/\/sergiolapegue.com\/site\/2024\/07\/10\/mimu-un-mundo-dentro-del-mundo\/","name":"MIMU, UN MUNDO DENTRO DEL MUNDO - Sergio Lapegue","isPartOf":{"@id":"https:\/\/sergiolapegue.com\/site\/#website"},"primaryImageOfPage":{"@id":"https:\/\/sergiolapegue.com\/site\/2024\/07\/10\/mimu-un-mundo-dentro-del-mundo\/#primaryimage"},"image":{"@id":"https:\/\/sergiolapegue.com\/site\/2024\/07\/10\/mimu-un-mundo-dentro-del-mundo\/#primaryimage"},"thumbnailUrl":"https:\/\/sergiolapegue.com\/site\/wp-content\/uploads\/2024\/07\/Mimu-Un-mundo-dentro-del-mundo-scaled.jpeg","datePublished":"2024-07-10T08:00:00+00:00","breadcrumb":{"@id":"https:\/\/sergiolapegue.com\/site\/2024\/07\/10\/mimu-un-mundo-dentro-del-mundo\/#breadcrumb"},"inLanguage":"es-AR","potentialAction":[{"@type":"ReadAction","target":["https:\/\/sergiolapegue.com\/site\/2024\/07\/10\/mimu-un-mundo-dentro-del-mundo\/"]}]},{"@type":"ImageObject","inLanguage":"es-AR","@id":"https:\/\/sergiolapegue.com\/site\/2024\/07\/10\/mimu-un-mundo-dentro-del-mundo\/#primaryimage","url":"https:\/\/sergiolapegue.com\/site\/wp-content\/uploads\/2024\/07\/Mimu-Un-mundo-dentro-del-mundo-scaled.jpeg","contentUrl":"https:\/\/sergiolapegue.com\/site\/wp-content\/uploads\/2024\/07\/Mimu-Un-mundo-dentro-del-mundo-scaled.jpeg","width":2519,"height":2560},{"@type":"BreadcrumbList","@id":"https:\/\/sergiolapegue.com\/site\/2024\/07\/10\/mimu-un-mundo-dentro-del-mundo\/#breadcrumb","itemListElement":[{"@type":"ListItem","position":1,"name":"Inicio","item":"https:\/\/sergiolapegue.com\/site\/"},{"@type":"ListItem","position":2,"name":"MIMU, UN MUNDO DENTRO DEL MUNDO"}]},{"@type":"WebSite","@id":"https:\/\/sergiolapegue.com\/site\/#website","url":"https:\/\/sergiolapegue.com\/site\/","name":"Sergio Lapegue","description":"Periodista","publisher":{"@id":"https:\/\/sergiolapegue.com\/site\/#\/schema\/person\/083aeceeb0734cd166779ea6c0551a37"},"potentialAction":[{"@type":"SearchAction","target":{"@type":"EntryPoint","urlTemplate":"https:\/\/sergiolapegue.com\/site\/?s={search_term_string}"},"query-input":{"@type":"PropertyValueSpecification","valueRequired":true,"valueName":"search_term_string"}}],"inLanguage":"es-AR"},{"@type":["Person","Organization"],"@id":"https:\/\/sergiolapegue.com\/site\/#\/schema\/person\/083aeceeb0734cd166779ea6c0551a37","name":"Sergio Lapegue","image":{"@type":"ImageObject","inLanguage":"es-AR","@id":"https:\/\/sergiolapegue.com\/site\/wp-content\/uploads\/2021\/04\/logo_header-1.png","url":"https:\/\/sergiolapegue.com\/site\/wp-content\/uploads\/2021\/04\/logo_header-1.png","contentUrl":"https:\/\/sergiolapegue.com\/site\/wp-content\/uploads\/2021\/04\/logo_header-1.png","width":272,"height":90,"caption":"Sergio Lapegue"},"logo":{"@id":"https:\/\/sergiolapegue.com\/site\/wp-content\/uploads\/2021\/04\/logo_header-1.png"},"sameAs":["https:\/\/facebook.com\/sergiolapegue","https:\/\/instagram.com\/sergiolapegue","https:\/\/x.com\/https:\/\/twitter.com\/sergiolapegue"]},{"@type":"Person","@id":"https:\/\/sergiolapegue.com\/site\/#\/schema\/person\/9198e7dbab43c6d74d0fd5399af7c3cd","name":"Daniel E. Monta\u00f1a","image":{"@type":"ImageObject","inLanguage":"es-AR","@id":"https:\/\/sergiolapegue.com\/site\/wp-content\/uploads\/2021\/04\/sl_avatar_Daniel-150x150.jpg","url":"https:\/\/sergiolapegue.com\/site\/wp-content\/uploads\/2021\/04\/sl_avatar_Daniel-150x150.jpg","contentUrl":"https:\/\/sergiolapegue.com\/site\/wp-content\/uploads\/2021\/04\/sl_avatar_Daniel-150x150.jpg","caption":"Daniel E. Monta\u00f1a"},"sameAs":["https:\/\/facebook.com\/danielernesto.montana","https:\/\/instagram.com\/daniel_montana1961","https:\/\/x.com\/https:\/\/twitter.com\/daner_004"],"url":"https:\/\/sergiolapegue.com\/site\/author\/daniel\/"}]}},"_links":{"self":[{"href":"https:\/\/sergiolapegue.com\/site\/wp-json\/wp\/v2\/posts\/16123","targetHints":{"allow":["GET"]}}],"collection":[{"href":"https:\/\/sergiolapegue.com\/site\/wp-json\/wp\/v2\/posts"}],"about":[{"href":"https:\/\/sergiolapegue.com\/site\/wp-json\/wp\/v2\/types\/post"}],"author":[{"embeddable":true,"href":"https:\/\/sergiolapegue.com\/site\/wp-json\/wp\/v2\/users\/3"}],"replies":[{"embeddable":true,"href":"https:\/\/sergiolapegue.com\/site\/wp-json\/wp\/v2\/comments?post=16123"}],"version-history":[{"count":1,"href":"https:\/\/sergiolapegue.com\/site\/wp-json\/wp\/v2\/posts\/16123\/revisions"}],"predecessor-version":[{"id":16135,"href":"https:\/\/sergiolapegue.com\/site\/wp-json\/wp\/v2\/posts\/16123\/revisions\/16135"}],"wp:featuredmedia":[{"embeddable":true,"href":"https:\/\/sergiolapegue.com\/site\/wp-json\/wp\/v2\/media\/16134"}],"wp:attachment":[{"href":"https:\/\/sergiolapegue.com\/site\/wp-json\/wp\/v2\/media?parent=16123"}],"wp:term":[{"taxonomy":"category","embeddable":true,"href":"https:\/\/sergiolapegue.com\/site\/wp-json\/wp\/v2\/categories?post=16123"},{"taxonomy":"post_tag","embeddable":true,"href":"https:\/\/sergiolapegue.com\/site\/wp-json\/wp\/v2\/tags?post=16123"}],"curies":[{"name":"wp","href":"https:\/\/api.w.org\/{rel}","templated":true}]}}