{"id":16107,"date":"2024-07-08T10:38:54","date_gmt":"2024-07-08T13:38:54","guid":{"rendered":"https:\/\/sergiolapegue.com\/site\/?p=16107"},"modified":"2024-07-08T10:38:55","modified_gmt":"2024-07-08T13:38:55","slug":"que-se-sabe-de-la-fiesta-del-buen-camino-un-desfile-clave-para-lomas-de-zamora","status":"publish","type":"post","link":"https:\/\/sergiolapegue.com\/site\/2024\/07\/08\/que-se-sabe-de-la-fiesta-del-buen-camino-un-desfile-clave-para-lomas-de-zamora\/","title":{"rendered":"Qu\u00e9 se sabe de la Fiesta del Buen Camino, un desfile clave para Lomas de Zamora"},"content":{"rendered":"\n<p>\u00a1Hola, amigos! Qu\u00e9 alegr\u00eda volvernos a encontrar en<strong><a href=\"https:\/\/launion.com.ar\/\" target=\"_blank\" rel=\"noreferrer noopener\">&nbsp;La Uni\u00f3n<\/a><\/strong><a href=\"https:\/\/launion.com.ar\/\" target=\"_blank\" rel=\"noreferrer noopener\">, el diario de nuestro querido barrio,<\/a>&nbsp;para repasar otra historia interesante sobre el pasado de<a href=\"https:\/\/launion.com.ar\/nota\/39515\/2024\/07\/separan-los-residuos-y-cuidan-el-ambiente-en-114-farmacias-de-lomas\" target=\"_blank\" rel=\"noreferrer noopener\">&nbsp;<\/a><strong><a href=\"https:\/\/launion.com.ar\/nota\/39515\/2024\/07\/separan-los-residuos-y-cuidan-el-ambiente-en-114-farmacias-de-lomas\" target=\"_blank\" rel=\"noreferrer noopener\">Lomas de Zamora.&nbsp;&nbsp;<\/a><\/strong><\/p>\n\n\n\n<p>Hoy los invito a viajar a la d\u00e9cada de 1930: con el sostenido aumento de la poblaci\u00f3n, los barrios iban reemplazando a las grandes quintas. Esto caus\u00f3 una imperiosa necesidad de transporte para poder trasladar a los nuevos vecinos y que ese crecimiento demogr\u00e1fico&nbsp;no se convirtiera en un problema para las autoridades municipales. Paralelamente, el crecimiento del parque automotor demand\u00f3 el adoquinamiento de las calles de tierra para posibilitar una mejor circulaci\u00f3n.&nbsp;&nbsp;<\/p>\n\n\n\n<p>Con el correr de los a\u00f1os, el sistema de transporte fue cambiando, mejorando, y&nbsp;<strong><a href=\"https:\/\/launion.com.ar\/nota\/35904\/2024\/02\/asi-surgio-la-estacion-de-temperley-el-nudo-ferroviario-del-sur\" target=\"_blank\" rel=\"noreferrer noopener\">Temperley&nbsp;<\/a><\/strong><a href=\"https:\/\/launion.com.ar\/nota\/35904\/2024\/02\/asi-surgio-la-estacion-de-temperley-el-nudo-ferroviario-del-sur\" target=\"_blank\" rel=\"noreferrer noopener\">se adecu\u00f3 al progreso<\/a>: el 9 de julio de 1925, la C<strong>omisi\u00f3n de Fiestas Patrias<\/strong>, presidida por el&nbsp;<strong>doctor Mario Noguera Bosch<\/strong>, organiz\u00f3 con el auspicio del Touring Club Argentino&nbsp;un desfile de autos y carruajes que lo llam\u00f3 la&nbsp;<strong>&#8220;Fiesta del Buen Camino&#8221;.&nbsp;<\/strong><\/p>\n\n\n\n<p>Los folletos de propaganda de esa \u00e9poca anunciaban que &#8220;con un buen camino no hay larga distancia, ni vida cara, ni poblaci\u00f3n atrapada, ni atraso en las distintas regiones del pa\u00eds&#8221;. Tambi\u00e9n dec\u00eda la publicidad que &#8220;cuando los pueblos tienen buenos caminos&nbsp;no hay monopolio posible por parte de las empresas de transporte&#8221;.&nbsp;<\/p>\n\n\n\n<p>Otra cuesti\u00f3n importante que se discut\u00eda por aquellos a\u00f1os qued\u00f3 expresada en este p\u00e1rrafo: &#8220;El comercio de\u00a0<strong>Lomas de Zamora\u00a0<\/strong>conoci\u00f3 la libertad de las tarifas de carga por ferrocarril reci\u00e9n cuando se le dio un camino bien pavimentado, para tr\u00e1fico liviano\u00a0y pesado, como el que nos une a la ciudad de Buenos Aires&#8221;. De esta forma hab\u00eda llegado la hora de la competencia entre el camino (automotores) y el riel (trenes).\u00a0<\/p>\n\n\n\n<p>El tan esperado desfile de rodados comenz\u00f3 a las 14 horas, en 25 de Mayo y Brandsen, ubicando el palco oficial frente a la playa de cargas,<a href=\"https:\/\/launion.com.ar\/nota\/37804\/2024\/05\/un-capricho-y-una-donacion--la-historia-detras-de-la-avenida-meeks\" target=\"_blank\" rel=\"noreferrer noopener\">&nbsp;en la avenida Meeks<\/a>. El recorrido pasaba por&nbsp;<strong>Lomas, Banfield<\/strong>&nbsp;y finalizaba en&nbsp;<strong>Remedios de Escalada.<\/strong><\/p>\n\n\n\n<p>Al frente iba un coche de carrera marca Stutz conducido por Emilio Emmanuelli, acompa\u00f1ado por Miguel \u00c1ngel Firpo. Lo segu\u00eda un cami\u00f3n Saurer, en el cual iba una banda de m\u00fasica.&nbsp;<\/p>\n\n\n\n<p>Los representantes de distintas marcas de autos presentaban varios modelos de Ford, Chevrolet, Dodge, Lincoln, Fiat y camiones Saurer y Brockway. Cerraba el desfile chatas de la Municipalidad de Lomas y carros del Cuerpo de Bomberos Voluntarios. El desfile\u00a0fue un \u00e9xito, sumando unas 18.000 personas. En fin amigos, otra historia sobre nuestro pasado. Nos volvemos a encontrar la semana que viene.<\/p>\n\n\n\n<p><strong><em><a href=\"https:\/\/launion.com.ar\/nota\/39517\/2024\/07\/que-se-sabe-de-la-fiesta-del-buen-camino-un-desfile-clave-para-lomas-de-zamora\">Art\u00edculo publicado en el diario La Uni\u00f3n.-<\/a><\/em><\/strong><\/p>\n","protected":false},"excerpt":{"rendered":"<p>\u00a1Hola, amigos! Qu\u00e9 alegr\u00eda volvernos a encontrar en&nbsp;La Uni\u00f3n, el diario de nuestro querido barrio,&nbsp;para repasar otra historia interesante sobre el pasado de&nbsp;Lomas de Zamora.&nbsp;&nbsp; Hoy los invito a viajar a la d\u00e9cada de 1930: con el sostenido aumento de la poblaci\u00f3n, los barrios iban reemplazando a las grandes quintas. Esto caus\u00f3 una imperiosa necesidad [&hellip;]<\/p>\n","protected":false},"author":6,"featured_media":16108,"comment_status":"closed","ping_status":"closed","sticky":false,"template":"","format":"standard","meta":{"footnotes":""},"categories":[1276],"tags":[1323,1277],"class_list":{"0":"post-16107","1":"post","2":"type-post","3":"status-publish","4":"format-standard","5":"has-post-thumbnail","7":"category-de-puno-y-letra-lomas-de-zamora","8":"tag-la-union","9":"tag-lomas-de-zamora"},"yoast_head":"<!-- This site is optimized with the Yoast SEO plugin v27.5 - https:\/\/yoast.com\/product\/yoast-seo-wordpress\/ -->\n<title>Qu\u00e9 se sabe de la Fiesta del Buen Camino, un desfile clave para Lomas de Zamora - Sergio Lapegue<\/title>\n<meta name=\"description\" content=\"El 9 de julio de 1925, la Comisi\u00f3n de Fiestas Patrias, presidida por el doctor Noguera Bosch, organiz\u00f3 un evento que fue un \u00e9xito.\" \/>\n<meta name=\"robots\" content=\"index, follow, max-snippet:-1, max-image-preview:large, max-video-preview:-1\" \/>\n<link rel=\"canonical\" href=\"https:\/\/sergiolapegue.com\/site\/2024\/07\/08\/que-se-sabe-de-la-fiesta-del-buen-camino-un-desfile-clave-para-lomas-de-zamora\/\" \/>\n<meta property=\"og:locale\" content=\"es_ES\" \/>\n<meta property=\"og:type\" content=\"article\" \/>\n<meta property=\"og:title\" content=\"Qu\u00e9 se sabe de la Fiesta del Buen Camino, un desfile clave para Lomas de Zamora - Sergio Lapegue\" \/>\n<meta property=\"og:description\" content=\"El 9 de julio de 1925, la Comisi\u00f3n de Fiestas Patrias, presidida por el doctor Noguera Bosch, organiz\u00f3 un evento que fue un \u00e9xito.\" \/>\n<meta property=\"og:url\" content=\"https:\/\/sergiolapegue.com\/site\/2024\/07\/08\/que-se-sabe-de-la-fiesta-del-buen-camino-un-desfile-clave-para-lomas-de-zamora\/\" \/>\n<meta property=\"og:site_name\" content=\"Sergio Lapegue\" \/>\n<meta property=\"article:publisher\" content=\"https:\/\/facebook.com\/sergiolapegue\" \/>\n<meta property=\"article:author\" content=\"https:\/\/facebook.com\/sergiolapegue\" \/>\n<meta property=\"article:published_time\" content=\"2024-07-08T13:38:54+00:00\" \/>\n<meta property=\"article:modified_time\" content=\"2024-07-08T13:38:55+00:00\" \/>\n<meta property=\"og:image\" content=\"https:\/\/sergiolapegue.com\/site\/wp-content\/uploads\/2024\/07\/1101363.webp\" \/>\n\t<meta property=\"og:image:width\" content=\"1000\" \/>\n\t<meta property=\"og:image:height\" content=\"525\" \/>\n\t<meta property=\"og:image:type\" content=\"image\/webp\" \/>\n<meta name=\"author\" content=\"Sergio Lapegue\" \/>\n<meta name=\"twitter:card\" content=\"summary_large_image\" \/>\n<meta name=\"twitter:creator\" content=\"@https:\/\/twitter.com\/sergiolapegue\" \/>\n<meta name=\"twitter:site\" content=\"@sergiolapegue\" \/>\n<meta name=\"twitter:label1\" content=\"Escrito por\" \/>\n\t<meta name=\"twitter:data1\" content=\"Sergio Lapegue\" \/>\n\t<meta name=\"twitter:label2\" content=\"Tiempo de lectura\" \/>\n\t<meta name=\"twitter:data2\" content=\"3 minutos\" \/>\n<script type=\"application\/ld+json\" class=\"yoast-schema-graph\">{\"@context\":\"https:\\\/\\\/schema.org\",\"@graph\":[{\"@type\":\"Article\",\"@id\":\"https:\\\/\\\/sergiolapegue.com\\\/site\\\/2024\\\/07\\\/08\\\/que-se-sabe-de-la-fiesta-del-buen-camino-un-desfile-clave-para-lomas-de-zamora\\\/#article\",\"isPartOf\":{\"@id\":\"https:\\\/\\\/sergiolapegue.com\\\/site\\\/2024\\\/07\\\/08\\\/que-se-sabe-de-la-fiesta-del-buen-camino-un-desfile-clave-para-lomas-de-zamora\\\/\"},\"author\":{\"name\":\"Sergio Lapegue\",\"@id\":\"https:\\\/\\\/sergiolapegue.com\\\/site\\\/#\\\/schema\\\/person\\\/083aeceeb0734cd166779ea6c0551a37\"},\"headline\":\"Qu\u00e9 se sabe de la Fiesta del Buen Camino, un desfile clave para Lomas de Zamora\",\"datePublished\":\"2024-07-08T13:38:54+00:00\",\"dateModified\":\"2024-07-08T13:38:55+00:00\",\"mainEntityOfPage\":{\"@id\":\"https:\\\/\\\/sergiolapegue.com\\\/site\\\/2024\\\/07\\\/08\\\/que-se-sabe-de-la-fiesta-del-buen-camino-un-desfile-clave-para-lomas-de-zamora\\\/\"},\"wordCount\":485,\"publisher\":{\"@id\":\"https:\\\/\\\/sergiolapegue.com\\\/site\\\/#\\\/schema\\\/person\\\/083aeceeb0734cd166779ea6c0551a37\"},\"image\":{\"@id\":\"https:\\\/\\\/sergiolapegue.com\\\/site\\\/2024\\\/07\\\/08\\\/que-se-sabe-de-la-fiesta-del-buen-camino-un-desfile-clave-para-lomas-de-zamora\\\/#primaryimage\"},\"thumbnailUrl\":\"https:\\\/\\\/sergiolapegue.com\\\/site\\\/wp-content\\\/uploads\\\/2024\\\/07\\\/1101363.webp\",\"keywords\":[\"La Uni\u00f3n\",\"Lomas de Zamora\"],\"articleSection\":[\"De Pu\u00f1o y Letra Lomas de Zamora\"],\"inLanguage\":\"es-AR\"},{\"@type\":\"WebPage\",\"@id\":\"https:\\\/\\\/sergiolapegue.com\\\/site\\\/2024\\\/07\\\/08\\\/que-se-sabe-de-la-fiesta-del-buen-camino-un-desfile-clave-para-lomas-de-zamora\\\/\",\"url\":\"https:\\\/\\\/sergiolapegue.com\\\/site\\\/2024\\\/07\\\/08\\\/que-se-sabe-de-la-fiesta-del-buen-camino-un-desfile-clave-para-lomas-de-zamora\\\/\",\"name\":\"Qu\u00e9 se sabe de la Fiesta del Buen Camino, un desfile clave para Lomas de Zamora - Sergio Lapegue\",\"isPartOf\":{\"@id\":\"https:\\\/\\\/sergiolapegue.com\\\/site\\\/#website\"},\"primaryImageOfPage\":{\"@id\":\"https:\\\/\\\/sergiolapegue.com\\\/site\\\/2024\\\/07\\\/08\\\/que-se-sabe-de-la-fiesta-del-buen-camino-un-desfile-clave-para-lomas-de-zamora\\\/#primaryimage\"},\"image\":{\"@id\":\"https:\\\/\\\/sergiolapegue.com\\\/site\\\/2024\\\/07\\\/08\\\/que-se-sabe-de-la-fiesta-del-buen-camino-un-desfile-clave-para-lomas-de-zamora\\\/#primaryimage\"},\"thumbnailUrl\":\"https:\\\/\\\/sergiolapegue.com\\\/site\\\/wp-content\\\/uploads\\\/2024\\\/07\\\/1101363.webp\",\"datePublished\":\"2024-07-08T13:38:54+00:00\",\"dateModified\":\"2024-07-08T13:38:55+00:00\",\"description\":\"El 9 de julio de 1925, la Comisi\u00f3n de Fiestas Patrias, presidida por el doctor Noguera Bosch, organiz\u00f3 un evento que fue un \u00e9xito.\",\"breadcrumb\":{\"@id\":\"https:\\\/\\\/sergiolapegue.com\\\/site\\\/2024\\\/07\\\/08\\\/que-se-sabe-de-la-fiesta-del-buen-camino-un-desfile-clave-para-lomas-de-zamora\\\/#breadcrumb\"},\"inLanguage\":\"es-AR\",\"potentialAction\":[{\"@type\":\"ReadAction\",\"target\":[\"https:\\\/\\\/sergiolapegue.com\\\/site\\\/2024\\\/07\\\/08\\\/que-se-sabe-de-la-fiesta-del-buen-camino-un-desfile-clave-para-lomas-de-zamora\\\/\"]}]},{\"@type\":\"ImageObject\",\"inLanguage\":\"es-AR\",\"@id\":\"https:\\\/\\\/sergiolapegue.com\\\/site\\\/2024\\\/07\\\/08\\\/que-se-sabe-de-la-fiesta-del-buen-camino-un-desfile-clave-para-lomas-de-zamora\\\/#primaryimage\",\"url\":\"https:\\\/\\\/sergiolapegue.com\\\/site\\\/wp-content\\\/uploads\\\/2024\\\/07\\\/1101363.webp\",\"contentUrl\":\"https:\\\/\\\/sergiolapegue.com\\\/site\\\/wp-content\\\/uploads\\\/2024\\\/07\\\/1101363.webp\",\"width\":1000,\"height\":525},{\"@type\":\"BreadcrumbList\",\"@id\":\"https:\\\/\\\/sergiolapegue.com\\\/site\\\/2024\\\/07\\\/08\\\/que-se-sabe-de-la-fiesta-del-buen-camino-un-desfile-clave-para-lomas-de-zamora\\\/#breadcrumb\",\"itemListElement\":[{\"@type\":\"ListItem\",\"position\":1,\"name\":\"Inicio\",\"item\":\"https:\\\/\\\/sergiolapegue.com\\\/site\\\/\"},{\"@type\":\"ListItem\",\"position\":2,\"name\":\"Qu\u00e9 se sabe de la Fiesta del Buen Camino, un desfile clave para Lomas de Zamora\"}]},{\"@type\":\"WebSite\",\"@id\":\"https:\\\/\\\/sergiolapegue.com\\\/site\\\/#website\",\"url\":\"https:\\\/\\\/sergiolapegue.com\\\/site\\\/\",\"name\":\"Sergio Lapegue\",\"description\":\"Periodista\",\"publisher\":{\"@id\":\"https:\\\/\\\/sergiolapegue.com\\\/site\\\/#\\\/schema\\\/person\\\/083aeceeb0734cd166779ea6c0551a37\"},\"potentialAction\":[{\"@type\":\"SearchAction\",\"target\":{\"@type\":\"EntryPoint\",\"urlTemplate\":\"https:\\\/\\\/sergiolapegue.com\\\/site\\\/?s={search_term_string}\"},\"query-input\":{\"@type\":\"PropertyValueSpecification\",\"valueRequired\":true,\"valueName\":\"search_term_string\"}}],\"inLanguage\":\"es-AR\"},{\"@type\":[\"Person\",\"Organization\"],\"@id\":\"https:\\\/\\\/sergiolapegue.com\\\/site\\\/#\\\/schema\\\/person\\\/083aeceeb0734cd166779ea6c0551a37\",\"name\":\"Sergio Lapegue\",\"image\":{\"@type\":\"ImageObject\",\"inLanguage\":\"es-AR\",\"@id\":\"https:\\\/\\\/sergiolapegue.com\\\/site\\\/wp-content\\\/uploads\\\/2021\\\/04\\\/logo_header-1.png\",\"url\":\"https:\\\/\\\/sergiolapegue.com\\\/site\\\/wp-content\\\/uploads\\\/2021\\\/04\\\/logo_header-1.png\",\"contentUrl\":\"https:\\\/\\\/sergiolapegue.com\\\/site\\\/wp-content\\\/uploads\\\/2021\\\/04\\\/logo_header-1.png\",\"width\":272,\"height\":90,\"caption\":\"Sergio Lapegue\"},\"logo\":{\"@id\":\"https:\\\/\\\/sergiolapegue.com\\\/site\\\/wp-content\\\/uploads\\\/2021\\\/04\\\/logo_header-1.png\"},\"sameAs\":[\"https:\\\/\\\/facebook.com\\\/sergiolapegue\",\"https:\\\/\\\/instagram.com\\\/sergiolapegue\",\"https:\\\/\\\/x.com\\\/https:\\\/\\\/twitter.com\\\/sergiolapegue\"],\"url\":\"https:\\\/\\\/sergiolapegue.com\\\/site\\\/author\\\/sergio\\\/\"}]}<\/script>\n<!-- \/ Yoast SEO plugin. -->","yoast_head_json":{"title":"Qu\u00e9 se sabe de la Fiesta del Buen Camino, un desfile clave para Lomas de Zamora - Sergio Lapegue","description":"El 9 de julio de 1925, la Comisi\u00f3n de Fiestas Patrias, presidida por el doctor Noguera Bosch, organiz\u00f3 un evento que fue un \u00e9xito.","robots":{"index":"index","follow":"follow","max-snippet":"max-snippet:-1","max-image-preview":"max-image-preview:large","max-video-preview":"max-video-preview:-1"},"canonical":"https:\/\/sergiolapegue.com\/site\/2024\/07\/08\/que-se-sabe-de-la-fiesta-del-buen-camino-un-desfile-clave-para-lomas-de-zamora\/","og_locale":"es_ES","og_type":"article","og_title":"Qu\u00e9 se sabe de la Fiesta del Buen Camino, un desfile clave para Lomas de Zamora - Sergio Lapegue","og_description":"El 9 de julio de 1925, la Comisi\u00f3n de Fiestas Patrias, presidida por el doctor Noguera Bosch, organiz\u00f3 un evento que fue un \u00e9xito.","og_url":"https:\/\/sergiolapegue.com\/site\/2024\/07\/08\/que-se-sabe-de-la-fiesta-del-buen-camino-un-desfile-clave-para-lomas-de-zamora\/","og_site_name":"Sergio Lapegue","article_publisher":"https:\/\/facebook.com\/sergiolapegue","article_author":"https:\/\/facebook.com\/sergiolapegue","article_published_time":"2024-07-08T13:38:54+00:00","article_modified_time":"2024-07-08T13:38:55+00:00","og_image":[{"width":1000,"height":525,"url":"https:\/\/sergiolapegue.com\/site\/wp-content\/uploads\/2024\/07\/1101363.webp","type":"image\/webp"}],"author":"Sergio Lapegue","twitter_card":"summary_large_image","twitter_creator":"@https:\/\/twitter.com\/sergiolapegue","twitter_site":"@sergiolapegue","twitter_misc":{"Escrito por":"Sergio Lapegue","Tiempo de lectura":"3 minutos"},"schema":{"@context":"https:\/\/schema.org","@graph":[{"@type":"Article","@id":"https:\/\/sergiolapegue.com\/site\/2024\/07\/08\/que-se-sabe-de-la-fiesta-del-buen-camino-un-desfile-clave-para-lomas-de-zamora\/#article","isPartOf":{"@id":"https:\/\/sergiolapegue.com\/site\/2024\/07\/08\/que-se-sabe-de-la-fiesta-del-buen-camino-un-desfile-clave-para-lomas-de-zamora\/"},"author":{"name":"Sergio Lapegue","@id":"https:\/\/sergiolapegue.com\/site\/#\/schema\/person\/083aeceeb0734cd166779ea6c0551a37"},"headline":"Qu\u00e9 se sabe de la Fiesta del Buen Camino, un desfile clave para Lomas de Zamora","datePublished":"2024-07-08T13:38:54+00:00","dateModified":"2024-07-08T13:38:55+00:00","mainEntityOfPage":{"@id":"https:\/\/sergiolapegue.com\/site\/2024\/07\/08\/que-se-sabe-de-la-fiesta-del-buen-camino-un-desfile-clave-para-lomas-de-zamora\/"},"wordCount":485,"publisher":{"@id":"https:\/\/sergiolapegue.com\/site\/#\/schema\/person\/083aeceeb0734cd166779ea6c0551a37"},"image":{"@id":"https:\/\/sergiolapegue.com\/site\/2024\/07\/08\/que-se-sabe-de-la-fiesta-del-buen-camino-un-desfile-clave-para-lomas-de-zamora\/#primaryimage"},"thumbnailUrl":"https:\/\/sergiolapegue.com\/site\/wp-content\/uploads\/2024\/07\/1101363.webp","keywords":["La Uni\u00f3n","Lomas de Zamora"],"articleSection":["De Pu\u00f1o y Letra Lomas de Zamora"],"inLanguage":"es-AR"},{"@type":"WebPage","@id":"https:\/\/sergiolapegue.com\/site\/2024\/07\/08\/que-se-sabe-de-la-fiesta-del-buen-camino-un-desfile-clave-para-lomas-de-zamora\/","url":"https:\/\/sergiolapegue.com\/site\/2024\/07\/08\/que-se-sabe-de-la-fiesta-del-buen-camino-un-desfile-clave-para-lomas-de-zamora\/","name":"Qu\u00e9 se sabe de la Fiesta del Buen Camino, un desfile clave para Lomas de Zamora - Sergio Lapegue","isPartOf":{"@id":"https:\/\/sergiolapegue.com\/site\/#website"},"primaryImageOfPage":{"@id":"https:\/\/sergiolapegue.com\/site\/2024\/07\/08\/que-se-sabe-de-la-fiesta-del-buen-camino-un-desfile-clave-para-lomas-de-zamora\/#primaryimage"},"image":{"@id":"https:\/\/sergiolapegue.com\/site\/2024\/07\/08\/que-se-sabe-de-la-fiesta-del-buen-camino-un-desfile-clave-para-lomas-de-zamora\/#primaryimage"},"thumbnailUrl":"https:\/\/sergiolapegue.com\/site\/wp-content\/uploads\/2024\/07\/1101363.webp","datePublished":"2024-07-08T13:38:54+00:00","dateModified":"2024-07-08T13:38:55+00:00","description":"El 9 de julio de 1925, la Comisi\u00f3n de Fiestas Patrias, presidida por el doctor Noguera Bosch, organiz\u00f3 un evento que fue un \u00e9xito.","breadcrumb":{"@id":"https:\/\/sergiolapegue.com\/site\/2024\/07\/08\/que-se-sabe-de-la-fiesta-del-buen-camino-un-desfile-clave-para-lomas-de-zamora\/#breadcrumb"},"inLanguage":"es-AR","potentialAction":[{"@type":"ReadAction","target":["https:\/\/sergiolapegue.com\/site\/2024\/07\/08\/que-se-sabe-de-la-fiesta-del-buen-camino-un-desfile-clave-para-lomas-de-zamora\/"]}]},{"@type":"ImageObject","inLanguage":"es-AR","@id":"https:\/\/sergiolapegue.com\/site\/2024\/07\/08\/que-se-sabe-de-la-fiesta-del-buen-camino-un-desfile-clave-para-lomas-de-zamora\/#primaryimage","url":"https:\/\/sergiolapegue.com\/site\/wp-content\/uploads\/2024\/07\/1101363.webp","contentUrl":"https:\/\/sergiolapegue.com\/site\/wp-content\/uploads\/2024\/07\/1101363.webp","width":1000,"height":525},{"@type":"BreadcrumbList","@id":"https:\/\/sergiolapegue.com\/site\/2024\/07\/08\/que-se-sabe-de-la-fiesta-del-buen-camino-un-desfile-clave-para-lomas-de-zamora\/#breadcrumb","itemListElement":[{"@type":"ListItem","position":1,"name":"Inicio","item":"https:\/\/sergiolapegue.com\/site\/"},{"@type":"ListItem","position":2,"name":"Qu\u00e9 se sabe de la Fiesta del Buen Camino, un desfile clave para Lomas de Zamora"}]},{"@type":"WebSite","@id":"https:\/\/sergiolapegue.com\/site\/#website","url":"https:\/\/sergiolapegue.com\/site\/","name":"Sergio Lapegue","description":"Periodista","publisher":{"@id":"https:\/\/sergiolapegue.com\/site\/#\/schema\/person\/083aeceeb0734cd166779ea6c0551a37"},"potentialAction":[{"@type":"SearchAction","target":{"@type":"EntryPoint","urlTemplate":"https:\/\/sergiolapegue.com\/site\/?s={search_term_string}"},"query-input":{"@type":"PropertyValueSpecification","valueRequired":true,"valueName":"search_term_string"}}],"inLanguage":"es-AR"},{"@type":["Person","Organization"],"@id":"https:\/\/sergiolapegue.com\/site\/#\/schema\/person\/083aeceeb0734cd166779ea6c0551a37","name":"Sergio Lapegue","image":{"@type":"ImageObject","inLanguage":"es-AR","@id":"https:\/\/sergiolapegue.com\/site\/wp-content\/uploads\/2021\/04\/logo_header-1.png","url":"https:\/\/sergiolapegue.com\/site\/wp-content\/uploads\/2021\/04\/logo_header-1.png","contentUrl":"https:\/\/sergiolapegue.com\/site\/wp-content\/uploads\/2021\/04\/logo_header-1.png","width":272,"height":90,"caption":"Sergio Lapegue"},"logo":{"@id":"https:\/\/sergiolapegue.com\/site\/wp-content\/uploads\/2021\/04\/logo_header-1.png"},"sameAs":["https:\/\/facebook.com\/sergiolapegue","https:\/\/instagram.com\/sergiolapegue","https:\/\/x.com\/https:\/\/twitter.com\/sergiolapegue"],"url":"https:\/\/sergiolapegue.com\/site\/author\/sergio\/"}]}},"_links":{"self":[{"href":"https:\/\/sergiolapegue.com\/site\/wp-json\/wp\/v2\/posts\/16107","targetHints":{"allow":["GET"]}}],"collection":[{"href":"https:\/\/sergiolapegue.com\/site\/wp-json\/wp\/v2\/posts"}],"about":[{"href":"https:\/\/sergiolapegue.com\/site\/wp-json\/wp\/v2\/types\/post"}],"author":[{"embeddable":true,"href":"https:\/\/sergiolapegue.com\/site\/wp-json\/wp\/v2\/users\/6"}],"replies":[{"embeddable":true,"href":"https:\/\/sergiolapegue.com\/site\/wp-json\/wp\/v2\/comments?post=16107"}],"version-history":[{"count":1,"href":"https:\/\/sergiolapegue.com\/site\/wp-json\/wp\/v2\/posts\/16107\/revisions"}],"predecessor-version":[{"id":16109,"href":"https:\/\/sergiolapegue.com\/site\/wp-json\/wp\/v2\/posts\/16107\/revisions\/16109"}],"wp:featuredmedia":[{"embeddable":true,"href":"https:\/\/sergiolapegue.com\/site\/wp-json\/wp\/v2\/media\/16108"}],"wp:attachment":[{"href":"https:\/\/sergiolapegue.com\/site\/wp-json\/wp\/v2\/media?parent=16107"}],"wp:term":[{"taxonomy":"category","embeddable":true,"href":"https:\/\/sergiolapegue.com\/site\/wp-json\/wp\/v2\/categories?post=16107"},{"taxonomy":"post_tag","embeddable":true,"href":"https:\/\/sergiolapegue.com\/site\/wp-json\/wp\/v2\/tags?post=16107"}],"curies":[{"name":"wp","href":"https:\/\/api.w.org\/{rel}","templated":true}]}}