{"id":16065,"date":"2024-07-06T05:00:00","date_gmt":"2024-07-06T08:00:00","guid":{"rendered":"https:\/\/sergiolapegue.com\/site\/?p=16065"},"modified":"2024-07-06T00:46:22","modified_gmt":"2024-07-06T03:46:22","slug":"el-cuarto-de-veronica-ultimas-4-funciones","status":"publish","type":"post","link":"https:\/\/sergiolapegue.com\/site\/2024\/07\/06\/el-cuarto-de-veronica-ultimas-4-funciones\/","title":{"rendered":"\u201cEL CUARTO DE VER\u00d3NICA\u201d \u00daLTIMAS 4 FUNCIONES"},"content":{"rendered":"\n<p>\u201cEl cuarto de Ver\u00f3nica\u201d, la pieza teatral de terror y suspenso que desde hace seis a\u00f1os es un suceso del teatro argentino, protagonizada por&nbsp;Silvia Kutika, que recibi\u00f3 importantes premios este mes de Julio, se despide definitivamente del&nbsp;Teatro Metropolitan de la ciudad aut\u00f3noma de Buenos Aires y se podr\u00e1 ver en estos&nbsp;\u00faltimos cuatro mi\u00e9rcoles de Julio a las 20 horas.&nbsp;&nbsp;&nbsp;&nbsp;<\/p>\n\n\n\n<p>\u201cEl cuarto de Ver\u00f3nica\u201d&nbsp;escrita por&nbsp;Ira Levin, el maestro del suspenso y el terror creador de &#8220;El beb\u00e9 de Rosemary\u201d, se convirti\u00f3 a lo largo de estos seis a\u00f1os&nbsp;en&nbsp;un aut\u00e9ntico&nbsp;suceso de boleter\u00eda.&nbsp;La obra es un&nbsp;referente del teatro de suspenso&nbsp;y hoy es considerada&nbsp;un cl\u00e1sico&nbsp;del g\u00e9nero.&nbsp;Desde la primera funci\u00f3n en la Argentina la obra siempre se represent\u00f3 con&nbsp;localidades completamente agotadas.<\/p>\n\n\n\n<p>El espect\u00e1culo es un&nbsp;thriller psicol\u00f3gico teatral&nbsp;que, como sucede con el cine, mantiene al p\u00fablico inm\u00f3vil en la platea. La obra fue un \u00e9xito sin precedentes en Broadway a principios de la d\u00e9cada de los 70 y luego se represent\u00f3 en Londres, pero Ira Levin siempre se neg\u00f3 a que su exitosa obra teatral se llevar\u00e1 al cine porque expres\u00f3 que la magia de \u201cEl cuarto de Ver\u00f3nica\u201d deb\u00eda ser presencial en una sala teatral.&nbsp;<\/p>\n\n\n\n<figure class=\"wp-block-image size-full\"><img loading=\"lazy\" decoding=\"async\" width=\"897\" height=\"581\" src=\"https:\/\/sergiolapegue.com\/site\/wp-content\/uploads\/2024\/07\/El-cuarto-de-Veronica-1.jpg\" alt=\"\" class=\"wp-image-16066\" srcset=\"https:\/\/sergiolapegue.com\/site\/wp-content\/uploads\/2024\/07\/El-cuarto-de-Veronica-1.jpg 897w, https:\/\/sergiolapegue.com\/site\/wp-content\/uploads\/2024\/07\/El-cuarto-de-Veronica-1-300x194.jpg 300w, https:\/\/sergiolapegue.com\/site\/wp-content\/uploads\/2024\/07\/El-cuarto-de-Veronica-1-768x497.jpg 768w, https:\/\/sergiolapegue.com\/site\/wp-content\/uploads\/2024\/07\/El-cuarto-de-Veronica-1-648x420.jpg 648w, https:\/\/sergiolapegue.com\/site\/wp-content\/uploads\/2024\/07\/El-cuarto-de-Veronica-1-696x451.jpg 696w\" sizes=\"auto, (max-width: 897px) 100vw, 897px\" \/><\/figure>\n\n\n\n<p><strong>SINOPSIS<\/strong><\/p>\n\n\n\n<p>La acci\u00f3n transcurre en Boston donde Susan, una joven de 20 a\u00f1os es abordada mientras cena con su novio en un restaurante por una encantadora pareja de ancianos que se muestra impresionada por el parecido de Susan con Ver\u00f3nica, fallecida hace mucho tiempo. Susan y su novio acompa\u00f1an a la pareja hasta la mansi\u00f3n para ver el retrato de Ver\u00f3nica y comprobar el parecido. All\u00ed comienza esta intrigante pesadilla teatral con un final inesperado.&nbsp;<\/p>\n\n\n\n<figure class=\"wp-block-image size-full\"><img loading=\"lazy\" decoding=\"async\" width=\"904\" height=\"604\" src=\"https:\/\/sergiolapegue.com\/site\/wp-content\/uploads\/2024\/07\/El-cuarto-de-Veronica-2.jpg\" alt=\"\" class=\"wp-image-16067\" srcset=\"https:\/\/sergiolapegue.com\/site\/wp-content\/uploads\/2024\/07\/El-cuarto-de-Veronica-2.jpg 904w, https:\/\/sergiolapegue.com\/site\/wp-content\/uploads\/2024\/07\/El-cuarto-de-Veronica-2-300x200.jpg 300w, https:\/\/sergiolapegue.com\/site\/wp-content\/uploads\/2024\/07\/El-cuarto-de-Veronica-2-768x513.jpg 768w, https:\/\/sergiolapegue.com\/site\/wp-content\/uploads\/2024\/07\/El-cuarto-de-Veronica-2-629x420.jpg 629w, https:\/\/sergiolapegue.com\/site\/wp-content\/uploads\/2024\/07\/El-cuarto-de-Veronica-2-696x465.jpg 696w\" sizes=\"auto, (max-width: 904px) 100vw, 904px\" \/><\/figure>\n\n\n\n<p><strong>FICHA T\u00c9CNICO ART\u00cdSTICA<\/strong><\/p>\n\n\n\n<p><strong>Autor:<\/strong>&nbsp;Ira Levin<\/p>\n\n\n\n<p><strong>Act\u00faan:<\/strong> Silvia Kutika &#8211; Laurentino Blanco \u2013 Clara Saccone &#8211; Luis Porzio<\/p>\n\n\n\n<p><strong>Stage manager:<\/strong> Fernando Cuellar<\/p>\n\n\n\n<p><strong>Dise\u00f1o gr\u00e1fico:<\/strong> Juan Lavega Rooney<\/p>\n\n\n\n<p><strong>Dise\u00f1o de iluminaci\u00f3n:<\/strong> Sebasti\u00e1n Serran&nbsp;<\/p>\n\n\n\n<p><strong>Vestuario:<\/strong> Fernando Cuellar<\/p>\n\n\n\n<p><strong>M\u00fasica original:<\/strong> Mart\u00edn Bianchedi<\/p>\n\n\n\n<p><strong>Redes sociales:<\/strong> Juan Lavega Rooney<\/p>\n\n\n\n<p><strong>Prensa:<\/strong> Alejandro Veroutis<\/p>\n\n\n\n<p><strong>Producci\u00f3n ejecutiva:<\/strong> Adri\u00e1n L\u00e1zare<\/p>\n\n\n\n<p><strong>Instagram:<\/strong> @elcuartodeveronicaok&nbsp;<\/p>\n\n\n\n<p><strong>Clasificaci\u00f3n:<\/strong> Teatro \u2013 Presencial \u2013 Adultos \u2013 Drama<\/p>\n\n\n\n<figure class=\"wp-block-image size-large\"><img loading=\"lazy\" decoding=\"async\" width=\"683\" height=\"1024\" src=\"https:\/\/sergiolapegue.com\/site\/wp-content\/uploads\/2024\/07\/El-cuarto-de-Veronica-3-683x1024.jpg\" alt=\"\" class=\"wp-image-16068\" srcset=\"https:\/\/sergiolapegue.com\/site\/wp-content\/uploads\/2024\/07\/El-cuarto-de-Veronica-3-683x1024.jpg 683w, https:\/\/sergiolapegue.com\/site\/wp-content\/uploads\/2024\/07\/El-cuarto-de-Veronica-3-200x300.jpg 200w, https:\/\/sergiolapegue.com\/site\/wp-content\/uploads\/2024\/07\/El-cuarto-de-Veronica-3-768x1151.jpg 768w, https:\/\/sergiolapegue.com\/site\/wp-content\/uploads\/2024\/07\/El-cuarto-de-Veronica-3-280x420.jpg 280w, https:\/\/sergiolapegue.com\/site\/wp-content\/uploads\/2024\/07\/El-cuarto-de-Veronica-3-696x1043.jpg 696w, https:\/\/sergiolapegue.com\/site\/wp-content\/uploads\/2024\/07\/El-cuarto-de-Veronica-3.jpg 901w\" sizes=\"auto, (max-width: 683px) 100vw, 683px\" \/><\/figure>\n\n\n\n<p><strong>TEATRO METROPOLITAN&nbsp;<\/strong><\/p>\n\n\n\n<p>Av. Corrientes 1343 \u2013 Capital Federal \u2013 Buenos Aires \u2013 Argentina<\/p>\n\n\n\n<p>Tel\u00e9fono: 5277-0500<\/p>\n\n\n\n<p>Entradas: Desde $ 16.500 a $ 18.000 \u2013 en boleter\u00eda del teatro o por Plateanet<\/p>\n\n\n\n<p>Funciones: Mi\u00e9rcoles 20:00 horas \u2013 Hasta el 31\/07\/2024<\/p>\n\n\n\n<p>Gracias Alejandro Veroutis\u00a0por hacernos llegar la gacetilla de prensa de este exitoso espect\u00e1culo que vuelve a subir en su cuarta temporada.<\/p>\n\n\n\n<p><\/p>\n","protected":false},"excerpt":{"rendered":"<p>\u201cEl cuarto de Ver\u00f3nica\u201d, la pieza teatral de terror y suspenso que desde hace seis a\u00f1os es un suceso del teatro argentino, protagonizada por&nbsp;Silvia Kutika, que recibi\u00f3 importantes premios este mes de Julio, se despide definitivamente del&nbsp;Teatro Metropolitan de la ciudad aut\u00f3noma de Buenos Aires y se podr\u00e1 ver en estos&nbsp;\u00faltimos cuatro mi\u00e9rcoles de Julio [&hellip;]<\/p>\n","protected":false},"author":3,"featured_media":16069,"comment_status":"open","ping_status":"closed","sticky":false,"template":"","format":"standard","meta":{"footnotes":""},"categories":[34,35],"tags":[],"class_list":{"0":"post-16065","1":"post","2":"type-post","3":"status-publish","4":"format-standard","5":"has-post-thumbnail","7":"category-arte","8":"category-teatro"},"yoast_head":"<!-- This site is optimized with the Yoast SEO plugin v27.4 - https:\/\/yoast.com\/product\/yoast-seo-wordpress\/ -->\n<title>\u201cEL CUARTO DE VER\u00d3NICA\u201d \u00daLTIMAS 4 FUNCIONES - Sergio Lapegue<\/title>\n<meta name=\"robots\" content=\"index, follow, max-snippet:-1, max-image-preview:large, max-video-preview:-1\" \/>\n<link rel=\"canonical\" href=\"https:\/\/sergiolapegue.com\/site\/2024\/07\/06\/el-cuarto-de-veronica-ultimas-4-funciones\/\" \/>\n<meta property=\"og:locale\" content=\"es_ES\" \/>\n<meta property=\"og:type\" content=\"article\" \/>\n<meta property=\"og:title\" content=\"\u201cEL CUARTO DE VER\u00d3NICA\u201d \u00daLTIMAS 4 FUNCIONES - Sergio Lapegue\" \/>\n<meta property=\"og:description\" content=\"\u201cEl cuarto de Ver\u00f3nica\u201d, la pieza teatral de terror y suspenso que desde hace seis a\u00f1os es un suceso del teatro argentino, protagonizada por&nbsp;Silvia Kutika, que recibi\u00f3 importantes premios este mes de Julio, se despide definitivamente del&nbsp;Teatro Metropolitan de la ciudad aut\u00f3noma de Buenos Aires y se podr\u00e1 ver en estos&nbsp;\u00faltimos cuatro mi\u00e9rcoles de Julio [&hellip;]\" \/>\n<meta property=\"og:url\" content=\"https:\/\/sergiolapegue.com\/site\/2024\/07\/06\/el-cuarto-de-veronica-ultimas-4-funciones\/\" \/>\n<meta property=\"og:site_name\" content=\"Sergio Lapegue\" \/>\n<meta property=\"article:publisher\" content=\"https:\/\/facebook.com\/sergiolapegue\" \/>\n<meta property=\"article:author\" content=\"https:\/\/facebook.com\/danielernesto.montana\" \/>\n<meta property=\"article:published_time\" content=\"2024-07-06T08:00:00+00:00\" \/>\n<meta property=\"og:image\" content=\"https:\/\/sergiolapegue.com\/site\/wp-content\/uploads\/2024\/07\/El-cuarto-de.jpg\" \/>\n\t<meta property=\"og:image:width\" content=\"902\" \/>\n\t<meta property=\"og:image:height\" content=\"907\" \/>\n\t<meta property=\"og:image:type\" content=\"image\/jpeg\" \/>\n<meta name=\"author\" content=\"Daniel E. Monta\u00f1a\" \/>\n<meta name=\"twitter:card\" content=\"summary_large_image\" \/>\n<meta name=\"twitter:creator\" content=\"@https:\/\/twitter.com\/daner_004\" \/>\n<meta name=\"twitter:site\" content=\"@sergiolapegue\" \/>\n<meta name=\"twitter:label1\" content=\"Escrito por\" \/>\n\t<meta name=\"twitter:data1\" content=\"Daniel E. Monta\u00f1a\" \/>\n\t<meta name=\"twitter:label2\" content=\"Tiempo de lectura\" \/>\n\t<meta name=\"twitter:data2\" content=\"3 minutos\" \/>\n<script type=\"application\/ld+json\" class=\"yoast-schema-graph\">{\"@context\":\"https:\\\/\\\/schema.org\",\"@graph\":[{\"@type\":\"Article\",\"@id\":\"https:\\\/\\\/sergiolapegue.com\\\/site\\\/2024\\\/07\\\/06\\\/el-cuarto-de-veronica-ultimas-4-funciones\\\/#article\",\"isPartOf\":{\"@id\":\"https:\\\/\\\/sergiolapegue.com\\\/site\\\/2024\\\/07\\\/06\\\/el-cuarto-de-veronica-ultimas-4-funciones\\\/\"},\"author\":{\"name\":\"Daniel E. Monta\u00f1a\",\"@id\":\"https:\\\/\\\/sergiolapegue.com\\\/site\\\/#\\\/schema\\\/person\\\/9198e7dbab43c6d74d0fd5399af7c3cd\"},\"headline\":\"\u201cEL CUARTO DE VER\u00d3NICA\u201d \u00daLTIMAS 4 FUNCIONES\",\"datePublished\":\"2024-07-06T08:00:00+00:00\",\"mainEntityOfPage\":{\"@id\":\"https:\\\/\\\/sergiolapegue.com\\\/site\\\/2024\\\/07\\\/06\\\/el-cuarto-de-veronica-ultimas-4-funciones\\\/\"},\"wordCount\":460,\"commentCount\":0,\"publisher\":{\"@id\":\"https:\\\/\\\/sergiolapegue.com\\\/site\\\/#\\\/schema\\\/person\\\/083aeceeb0734cd166779ea6c0551a37\"},\"image\":{\"@id\":\"https:\\\/\\\/sergiolapegue.com\\\/site\\\/2024\\\/07\\\/06\\\/el-cuarto-de-veronica-ultimas-4-funciones\\\/#primaryimage\"},\"thumbnailUrl\":\"https:\\\/\\\/sergiolapegue.com\\\/site\\\/wp-content\\\/uploads\\\/2024\\\/07\\\/El-cuarto-de.jpg\",\"articleSection\":[\"Arte\",\"Teatro\"],\"inLanguage\":\"es-AR\",\"potentialAction\":[{\"@type\":\"CommentAction\",\"name\":\"Comment\",\"target\":[\"https:\\\/\\\/sergiolapegue.com\\\/site\\\/2024\\\/07\\\/06\\\/el-cuarto-de-veronica-ultimas-4-funciones\\\/#respond\"]}]},{\"@type\":\"WebPage\",\"@id\":\"https:\\\/\\\/sergiolapegue.com\\\/site\\\/2024\\\/07\\\/06\\\/el-cuarto-de-veronica-ultimas-4-funciones\\\/\",\"url\":\"https:\\\/\\\/sergiolapegue.com\\\/site\\\/2024\\\/07\\\/06\\\/el-cuarto-de-veronica-ultimas-4-funciones\\\/\",\"name\":\"\u201cEL CUARTO DE VER\u00d3NICA\u201d \u00daLTIMAS 4 FUNCIONES - Sergio Lapegue\",\"isPartOf\":{\"@id\":\"https:\\\/\\\/sergiolapegue.com\\\/site\\\/#website\"},\"primaryImageOfPage\":{\"@id\":\"https:\\\/\\\/sergiolapegue.com\\\/site\\\/2024\\\/07\\\/06\\\/el-cuarto-de-veronica-ultimas-4-funciones\\\/#primaryimage\"},\"image\":{\"@id\":\"https:\\\/\\\/sergiolapegue.com\\\/site\\\/2024\\\/07\\\/06\\\/el-cuarto-de-veronica-ultimas-4-funciones\\\/#primaryimage\"},\"thumbnailUrl\":\"https:\\\/\\\/sergiolapegue.com\\\/site\\\/wp-content\\\/uploads\\\/2024\\\/07\\\/El-cuarto-de.jpg\",\"datePublished\":\"2024-07-06T08:00:00+00:00\",\"breadcrumb\":{\"@id\":\"https:\\\/\\\/sergiolapegue.com\\\/site\\\/2024\\\/07\\\/06\\\/el-cuarto-de-veronica-ultimas-4-funciones\\\/#breadcrumb\"},\"inLanguage\":\"es-AR\",\"potentialAction\":[{\"@type\":\"ReadAction\",\"target\":[\"https:\\\/\\\/sergiolapegue.com\\\/site\\\/2024\\\/07\\\/06\\\/el-cuarto-de-veronica-ultimas-4-funciones\\\/\"]}]},{\"@type\":\"ImageObject\",\"inLanguage\":\"es-AR\",\"@id\":\"https:\\\/\\\/sergiolapegue.com\\\/site\\\/2024\\\/07\\\/06\\\/el-cuarto-de-veronica-ultimas-4-funciones\\\/#primaryimage\",\"url\":\"https:\\\/\\\/sergiolapegue.com\\\/site\\\/wp-content\\\/uploads\\\/2024\\\/07\\\/El-cuarto-de.jpg\",\"contentUrl\":\"https:\\\/\\\/sergiolapegue.com\\\/site\\\/wp-content\\\/uploads\\\/2024\\\/07\\\/El-cuarto-de.jpg\",\"width\":902,\"height\":907},{\"@type\":\"BreadcrumbList\",\"@id\":\"https:\\\/\\\/sergiolapegue.com\\\/site\\\/2024\\\/07\\\/06\\\/el-cuarto-de-veronica-ultimas-4-funciones\\\/#breadcrumb\",\"itemListElement\":[{\"@type\":\"ListItem\",\"position\":1,\"name\":\"Inicio\",\"item\":\"https:\\\/\\\/sergiolapegue.com\\\/site\\\/\"},{\"@type\":\"ListItem\",\"position\":2,\"name\":\"\u201cEL CUARTO DE VER\u00d3NICA\u201d \u00daLTIMAS 4 FUNCIONES\"}]},{\"@type\":\"WebSite\",\"@id\":\"https:\\\/\\\/sergiolapegue.com\\\/site\\\/#website\",\"url\":\"https:\\\/\\\/sergiolapegue.com\\\/site\\\/\",\"name\":\"Sergio Lapegue\",\"description\":\"Periodista\",\"publisher\":{\"@id\":\"https:\\\/\\\/sergiolapegue.com\\\/site\\\/#\\\/schema\\\/person\\\/083aeceeb0734cd166779ea6c0551a37\"},\"potentialAction\":[{\"@type\":\"SearchAction\",\"target\":{\"@type\":\"EntryPoint\",\"urlTemplate\":\"https:\\\/\\\/sergiolapegue.com\\\/site\\\/?s={search_term_string}\"},\"query-input\":{\"@type\":\"PropertyValueSpecification\",\"valueRequired\":true,\"valueName\":\"search_term_string\"}}],\"inLanguage\":\"es-AR\"},{\"@type\":[\"Person\",\"Organization\"],\"@id\":\"https:\\\/\\\/sergiolapegue.com\\\/site\\\/#\\\/schema\\\/person\\\/083aeceeb0734cd166779ea6c0551a37\",\"name\":\"Sergio Lapegue\",\"image\":{\"@type\":\"ImageObject\",\"inLanguage\":\"es-AR\",\"@id\":\"https:\\\/\\\/sergiolapegue.com\\\/site\\\/wp-content\\\/uploads\\\/2021\\\/04\\\/logo_header-1.png\",\"url\":\"https:\\\/\\\/sergiolapegue.com\\\/site\\\/wp-content\\\/uploads\\\/2021\\\/04\\\/logo_header-1.png\",\"contentUrl\":\"https:\\\/\\\/sergiolapegue.com\\\/site\\\/wp-content\\\/uploads\\\/2021\\\/04\\\/logo_header-1.png\",\"width\":272,\"height\":90,\"caption\":\"Sergio Lapegue\"},\"logo\":{\"@id\":\"https:\\\/\\\/sergiolapegue.com\\\/site\\\/wp-content\\\/uploads\\\/2021\\\/04\\\/logo_header-1.png\"},\"sameAs\":[\"https:\\\/\\\/facebook.com\\\/sergiolapegue\",\"https:\\\/\\\/instagram.com\\\/sergiolapegue\",\"https:\\\/\\\/x.com\\\/https:\\\/\\\/twitter.com\\\/sergiolapegue\"]},{\"@type\":\"Person\",\"@id\":\"https:\\\/\\\/sergiolapegue.com\\\/site\\\/#\\\/schema\\\/person\\\/9198e7dbab43c6d74d0fd5399af7c3cd\",\"name\":\"Daniel E. Monta\u00f1a\",\"image\":{\"@type\":\"ImageObject\",\"inLanguage\":\"es-AR\",\"@id\":\"https:\\\/\\\/sergiolapegue.com\\\/site\\\/wp-content\\\/uploads\\\/2021\\\/04\\\/sl_avatar_Daniel-150x150.jpg\",\"url\":\"https:\\\/\\\/sergiolapegue.com\\\/site\\\/wp-content\\\/uploads\\\/2021\\\/04\\\/sl_avatar_Daniel-150x150.jpg\",\"contentUrl\":\"https:\\\/\\\/sergiolapegue.com\\\/site\\\/wp-content\\\/uploads\\\/2021\\\/04\\\/sl_avatar_Daniel-150x150.jpg\",\"caption\":\"Daniel E. Monta\u00f1a\"},\"sameAs\":[\"https:\\\/\\\/facebook.com\\\/danielernesto.montana\",\"https:\\\/\\\/instagram.com\\\/daniel_montana1961\",\"https:\\\/\\\/x.com\\\/https:\\\/\\\/twitter.com\\\/daner_004\"],\"url\":\"https:\\\/\\\/sergiolapegue.com\\\/site\\\/author\\\/daniel\\\/\"}]}<\/script>\n<!-- \/ Yoast SEO plugin. -->","yoast_head_json":{"title":"\u201cEL CUARTO DE VER\u00d3NICA\u201d \u00daLTIMAS 4 FUNCIONES - Sergio Lapegue","robots":{"index":"index","follow":"follow","max-snippet":"max-snippet:-1","max-image-preview":"max-image-preview:large","max-video-preview":"max-video-preview:-1"},"canonical":"https:\/\/sergiolapegue.com\/site\/2024\/07\/06\/el-cuarto-de-veronica-ultimas-4-funciones\/","og_locale":"es_ES","og_type":"article","og_title":"\u201cEL CUARTO DE VER\u00d3NICA\u201d \u00daLTIMAS 4 FUNCIONES - Sergio Lapegue","og_description":"\u201cEl cuarto de Ver\u00f3nica\u201d, la pieza teatral de terror y suspenso que desde hace seis a\u00f1os es un suceso del teatro argentino, protagonizada por&nbsp;Silvia Kutika, que recibi\u00f3 importantes premios este mes de Julio, se despide definitivamente del&nbsp;Teatro Metropolitan de la ciudad aut\u00f3noma de Buenos Aires y se podr\u00e1 ver en estos&nbsp;\u00faltimos cuatro mi\u00e9rcoles de Julio [&hellip;]","og_url":"https:\/\/sergiolapegue.com\/site\/2024\/07\/06\/el-cuarto-de-veronica-ultimas-4-funciones\/","og_site_name":"Sergio Lapegue","article_publisher":"https:\/\/facebook.com\/sergiolapegue","article_author":"https:\/\/facebook.com\/danielernesto.montana","article_published_time":"2024-07-06T08:00:00+00:00","og_image":[{"width":902,"height":907,"url":"https:\/\/sergiolapegue.com\/site\/wp-content\/uploads\/2024\/07\/El-cuarto-de.jpg","type":"image\/jpeg"}],"author":"Daniel E. Monta\u00f1a","twitter_card":"summary_large_image","twitter_creator":"@https:\/\/twitter.com\/daner_004","twitter_site":"@sergiolapegue","twitter_misc":{"Escrito por":"Daniel E. Monta\u00f1a","Tiempo de lectura":"3 minutos"},"schema":{"@context":"https:\/\/schema.org","@graph":[{"@type":"Article","@id":"https:\/\/sergiolapegue.com\/site\/2024\/07\/06\/el-cuarto-de-veronica-ultimas-4-funciones\/#article","isPartOf":{"@id":"https:\/\/sergiolapegue.com\/site\/2024\/07\/06\/el-cuarto-de-veronica-ultimas-4-funciones\/"},"author":{"name":"Daniel E. Monta\u00f1a","@id":"https:\/\/sergiolapegue.com\/site\/#\/schema\/person\/9198e7dbab43c6d74d0fd5399af7c3cd"},"headline":"\u201cEL CUARTO DE VER\u00d3NICA\u201d \u00daLTIMAS 4 FUNCIONES","datePublished":"2024-07-06T08:00:00+00:00","mainEntityOfPage":{"@id":"https:\/\/sergiolapegue.com\/site\/2024\/07\/06\/el-cuarto-de-veronica-ultimas-4-funciones\/"},"wordCount":460,"commentCount":0,"publisher":{"@id":"https:\/\/sergiolapegue.com\/site\/#\/schema\/person\/083aeceeb0734cd166779ea6c0551a37"},"image":{"@id":"https:\/\/sergiolapegue.com\/site\/2024\/07\/06\/el-cuarto-de-veronica-ultimas-4-funciones\/#primaryimage"},"thumbnailUrl":"https:\/\/sergiolapegue.com\/site\/wp-content\/uploads\/2024\/07\/El-cuarto-de.jpg","articleSection":["Arte","Teatro"],"inLanguage":"es-AR","potentialAction":[{"@type":"CommentAction","name":"Comment","target":["https:\/\/sergiolapegue.com\/site\/2024\/07\/06\/el-cuarto-de-veronica-ultimas-4-funciones\/#respond"]}]},{"@type":"WebPage","@id":"https:\/\/sergiolapegue.com\/site\/2024\/07\/06\/el-cuarto-de-veronica-ultimas-4-funciones\/","url":"https:\/\/sergiolapegue.com\/site\/2024\/07\/06\/el-cuarto-de-veronica-ultimas-4-funciones\/","name":"\u201cEL CUARTO DE VER\u00d3NICA\u201d \u00daLTIMAS 4 FUNCIONES - Sergio Lapegue","isPartOf":{"@id":"https:\/\/sergiolapegue.com\/site\/#website"},"primaryImageOfPage":{"@id":"https:\/\/sergiolapegue.com\/site\/2024\/07\/06\/el-cuarto-de-veronica-ultimas-4-funciones\/#primaryimage"},"image":{"@id":"https:\/\/sergiolapegue.com\/site\/2024\/07\/06\/el-cuarto-de-veronica-ultimas-4-funciones\/#primaryimage"},"thumbnailUrl":"https:\/\/sergiolapegue.com\/site\/wp-content\/uploads\/2024\/07\/El-cuarto-de.jpg","datePublished":"2024-07-06T08:00:00+00:00","breadcrumb":{"@id":"https:\/\/sergiolapegue.com\/site\/2024\/07\/06\/el-cuarto-de-veronica-ultimas-4-funciones\/#breadcrumb"},"inLanguage":"es-AR","potentialAction":[{"@type":"ReadAction","target":["https:\/\/sergiolapegue.com\/site\/2024\/07\/06\/el-cuarto-de-veronica-ultimas-4-funciones\/"]}]},{"@type":"ImageObject","inLanguage":"es-AR","@id":"https:\/\/sergiolapegue.com\/site\/2024\/07\/06\/el-cuarto-de-veronica-ultimas-4-funciones\/#primaryimage","url":"https:\/\/sergiolapegue.com\/site\/wp-content\/uploads\/2024\/07\/El-cuarto-de.jpg","contentUrl":"https:\/\/sergiolapegue.com\/site\/wp-content\/uploads\/2024\/07\/El-cuarto-de.jpg","width":902,"height":907},{"@type":"BreadcrumbList","@id":"https:\/\/sergiolapegue.com\/site\/2024\/07\/06\/el-cuarto-de-veronica-ultimas-4-funciones\/#breadcrumb","itemListElement":[{"@type":"ListItem","position":1,"name":"Inicio","item":"https:\/\/sergiolapegue.com\/site\/"},{"@type":"ListItem","position":2,"name":"\u201cEL CUARTO DE VER\u00d3NICA\u201d \u00daLTIMAS 4 FUNCIONES"}]},{"@type":"WebSite","@id":"https:\/\/sergiolapegue.com\/site\/#website","url":"https:\/\/sergiolapegue.com\/site\/","name":"Sergio Lapegue","description":"Periodista","publisher":{"@id":"https:\/\/sergiolapegue.com\/site\/#\/schema\/person\/083aeceeb0734cd166779ea6c0551a37"},"potentialAction":[{"@type":"SearchAction","target":{"@type":"EntryPoint","urlTemplate":"https:\/\/sergiolapegue.com\/site\/?s={search_term_string}"},"query-input":{"@type":"PropertyValueSpecification","valueRequired":true,"valueName":"search_term_string"}}],"inLanguage":"es-AR"},{"@type":["Person","Organization"],"@id":"https:\/\/sergiolapegue.com\/site\/#\/schema\/person\/083aeceeb0734cd166779ea6c0551a37","name":"Sergio Lapegue","image":{"@type":"ImageObject","inLanguage":"es-AR","@id":"https:\/\/sergiolapegue.com\/site\/wp-content\/uploads\/2021\/04\/logo_header-1.png","url":"https:\/\/sergiolapegue.com\/site\/wp-content\/uploads\/2021\/04\/logo_header-1.png","contentUrl":"https:\/\/sergiolapegue.com\/site\/wp-content\/uploads\/2021\/04\/logo_header-1.png","width":272,"height":90,"caption":"Sergio Lapegue"},"logo":{"@id":"https:\/\/sergiolapegue.com\/site\/wp-content\/uploads\/2021\/04\/logo_header-1.png"},"sameAs":["https:\/\/facebook.com\/sergiolapegue","https:\/\/instagram.com\/sergiolapegue","https:\/\/x.com\/https:\/\/twitter.com\/sergiolapegue"]},{"@type":"Person","@id":"https:\/\/sergiolapegue.com\/site\/#\/schema\/person\/9198e7dbab43c6d74d0fd5399af7c3cd","name":"Daniel E. Monta\u00f1a","image":{"@type":"ImageObject","inLanguage":"es-AR","@id":"https:\/\/sergiolapegue.com\/site\/wp-content\/uploads\/2021\/04\/sl_avatar_Daniel-150x150.jpg","url":"https:\/\/sergiolapegue.com\/site\/wp-content\/uploads\/2021\/04\/sl_avatar_Daniel-150x150.jpg","contentUrl":"https:\/\/sergiolapegue.com\/site\/wp-content\/uploads\/2021\/04\/sl_avatar_Daniel-150x150.jpg","caption":"Daniel E. Monta\u00f1a"},"sameAs":["https:\/\/facebook.com\/danielernesto.montana","https:\/\/instagram.com\/daniel_montana1961","https:\/\/x.com\/https:\/\/twitter.com\/daner_004"],"url":"https:\/\/sergiolapegue.com\/site\/author\/daniel\/"}]}},"_links":{"self":[{"href":"https:\/\/sergiolapegue.com\/site\/wp-json\/wp\/v2\/posts\/16065","targetHints":{"allow":["GET"]}}],"collection":[{"href":"https:\/\/sergiolapegue.com\/site\/wp-json\/wp\/v2\/posts"}],"about":[{"href":"https:\/\/sergiolapegue.com\/site\/wp-json\/wp\/v2\/types\/post"}],"author":[{"embeddable":true,"href":"https:\/\/sergiolapegue.com\/site\/wp-json\/wp\/v2\/users\/3"}],"replies":[{"embeddable":true,"href":"https:\/\/sergiolapegue.com\/site\/wp-json\/wp\/v2\/comments?post=16065"}],"version-history":[{"count":1,"href":"https:\/\/sergiolapegue.com\/site\/wp-json\/wp\/v2\/posts\/16065\/revisions"}],"predecessor-version":[{"id":16070,"href":"https:\/\/sergiolapegue.com\/site\/wp-json\/wp\/v2\/posts\/16065\/revisions\/16070"}],"wp:featuredmedia":[{"embeddable":true,"href":"https:\/\/sergiolapegue.com\/site\/wp-json\/wp\/v2\/media\/16069"}],"wp:attachment":[{"href":"https:\/\/sergiolapegue.com\/site\/wp-json\/wp\/v2\/media?parent=16065"}],"wp:term":[{"taxonomy":"category","embeddable":true,"href":"https:\/\/sergiolapegue.com\/site\/wp-json\/wp\/v2\/categories?post=16065"},{"taxonomy":"post_tag","embeddable":true,"href":"https:\/\/sergiolapegue.com\/site\/wp-json\/wp\/v2\/tags?post=16065"}],"curies":[{"name":"wp","href":"https:\/\/api.w.org\/{rel}","templated":true}]}}