{"id":16039,"date":"2024-07-29T01:00:00","date_gmt":"2024-07-29T04:00:00","guid":{"rendered":"https:\/\/sergiolapegue.com\/site\/?p=16039"},"modified":"2024-07-27T16:42:53","modified_gmt":"2024-07-27T19:42:53","slug":"romance-del-baco-y-la-vaca-3","status":"publish","type":"post","link":"https:\/\/sergiolapegue.com\/site\/2024\/07\/29\/romance-del-baco-y-la-vaca-3\/","title":{"rendered":"\u201cROMANCE DEL BACO Y LA VACA\u201d"},"content":{"rendered":"\n<p class=\"wp-block-paragraph\">A pedido del p\u00fablico y por localidades agotadas continua en el mes de agosto uno de los unipersonales m\u00e1s ovacionados de los \u00faltimos tiempos:&nbsp;Marco Antonio Caponi en  \u201cROMANCE DEL BACO Y LA VACA\u201d&nbsp;escrito por Gonzalo Demar\u00eda y dirigido por el propio Caponi. Las funciones ser\u00e1n los jueves a las 20:30 horas en Espacio Callej\u00f3n.<\/p>\n\n\n\n<figure class=\"wp-block-image size-large\"><img loading=\"lazy\" decoding=\"async\" width=\"1024\" height=\"682\" src=\"https:\/\/sergiolapegue.com\/site\/wp-content\/uploads\/2024\/07\/Romance-del-Baco-y-la-Vaca-1-1024x682.jpg\" alt=\"\" class=\"wp-image-16040\" srcset=\"https:\/\/sergiolapegue.com\/site\/wp-content\/uploads\/2024\/07\/Romance-del-Baco-y-la-Vaca-1-1024x682.jpg 1024w, https:\/\/sergiolapegue.com\/site\/wp-content\/uploads\/2024\/07\/Romance-del-Baco-y-la-Vaca-1-300x200.jpg 300w, https:\/\/sergiolapegue.com\/site\/wp-content\/uploads\/2024\/07\/Romance-del-Baco-y-la-Vaca-1-768x511.jpg 768w, https:\/\/sergiolapegue.com\/site\/wp-content\/uploads\/2024\/07\/Romance-del-Baco-y-la-Vaca-1-631x420.jpg 631w, https:\/\/sergiolapegue.com\/site\/wp-content\/uploads\/2024\/07\/Romance-del-Baco-y-la-Vaca-1-696x464.jpg 696w, https:\/\/sergiolapegue.com\/site\/wp-content\/uploads\/2024\/07\/Romance-del-Baco-y-la-Vaca-1-1068x711.jpg 1068w, https:\/\/sergiolapegue.com\/site\/wp-content\/uploads\/2024\/07\/Romance-del-Baco-y-la-Vaca-1.jpg 1440w\" sizes=\"auto, (max-width: 1024px) 100vw, 1024px\" \/><\/figure>\n\n\n\n<p class=\"wp-block-paragraph\"><strong>SINOPSIS<\/strong><\/p>\n\n\n\n<p class=\"wp-block-paragraph\">Baco es un unipersonal en verso gauchesco. La tradici\u00f3n rural m\u00e1s netamente argentina se mezcla con la \u00e9pica griega y el blues. El universo sonoro creado por este gaucho con su humilde&nbsp;<em>\u201cviola\u00b4e lata\u201d<\/em>&nbsp;hecha con restos de basura y su prodigiosa y perturbada memoria, nos sumergir\u00e1n en im\u00e1genes y paisajes con humor y situaciones delirantes, tan delirantes como su verdadera historia de amor.<\/p>\n\n\n\n<p class=\"wp-block-paragraph\"><strong>Premios y nominaciones:<\/strong>&nbsp;La obra recibi\u00f3 numerosos premios y nominaciones, entre los que se destacan el&nbsp;Premio ACE a Mejor Actor&nbsp;y&nbsp;nominaci\u00f3n al Mejor Director;&nbsp;dos Premios LUISA VEHIL&nbsp;y&nbsp;3 Nominaciones a los Premios TRINIDAD GUEVARA.<\/p>\n\n\n\n<figure class=\"wp-block-image size-large\"><img loading=\"lazy\" decoding=\"async\" width=\"861\" height=\"1024\" src=\"https:\/\/sergiolapegue.com\/site\/wp-content\/uploads\/2024\/07\/Romance-del-Baco-y-la-Vaca-4-861x1024.jpg\" alt=\"\" class=\"wp-image-16041\" srcset=\"https:\/\/sergiolapegue.com\/site\/wp-content\/uploads\/2024\/07\/Romance-del-Baco-y-la-Vaca-4-861x1024.jpg 861w, https:\/\/sergiolapegue.com\/site\/wp-content\/uploads\/2024\/07\/Romance-del-Baco-y-la-Vaca-4-252x300.jpg 252w, https:\/\/sergiolapegue.com\/site\/wp-content\/uploads\/2024\/07\/Romance-del-Baco-y-la-Vaca-4-768x914.jpg 768w, https:\/\/sergiolapegue.com\/site\/wp-content\/uploads\/2024\/07\/Romance-del-Baco-y-la-Vaca-4-1291x1536.jpg 1291w, https:\/\/sergiolapegue.com\/site\/wp-content\/uploads\/2024\/07\/Romance-del-Baco-y-la-Vaca-4-353x420.jpg 353w, https:\/\/sergiolapegue.com\/site\/wp-content\/uploads\/2024\/07\/Romance-del-Baco-y-la-Vaca-4-696x828.jpg 696w, https:\/\/sergiolapegue.com\/site\/wp-content\/uploads\/2024\/07\/Romance-del-Baco-y-la-Vaca-4-1068x1270.jpg 1068w, https:\/\/sergiolapegue.com\/site\/wp-content\/uploads\/2024\/07\/Romance-del-Baco-y-la-Vaca-4.jpg 1440w\" sizes=\"auto, (max-width: 861px) 100vw, 861px\" \/><\/figure>\n\n\n\n<p class=\"wp-block-paragraph\"><strong>FICHA T\u00c9CNICO ART\u00cdSTICA <\/strong><strong><\/strong><\/p>\n\n\n\n<p class=\"wp-block-paragraph\"><strong>Autor:<\/strong> Gonzalo Demar\u00eda<\/p>\n\n\n\n<p class=\"wp-block-paragraph\"><strong>Act\u00faa:<\/strong> Marco Antonio Caponi <strong>&nbsp;<\/strong><\/p>\n\n\n\n<p class=\"wp-block-paragraph\"><strong>Asistencia de direcci\u00f3n:<\/strong>&nbsp;Manuel Caponi&nbsp;<\/p>\n\n\n\n<p class=\"wp-block-paragraph\"><strong>Producci\u00f3n:&nbsp;<\/strong>Luc\u00eda Asurey&nbsp;<\/p>\n\n\n\n<p class=\"wp-block-paragraph\"><strong>Vestuario:<\/strong>&nbsp;Pamela Martinelli&nbsp;<\/p>\n\n\n\n<p class=\"wp-block-paragraph\"><strong>Iluminaci\u00f3n:<\/strong>&nbsp;Gonzalo C\u00f3rdova&nbsp;<\/p>\n\n\n\n<p class=\"wp-block-paragraph\"><strong>Fotograf\u00eda:<\/strong>&nbsp;Pablo Munne&nbsp;<\/p>\n\n\n\n<p class=\"wp-block-paragraph\"><strong>Caracterizaci\u00f3n:&nbsp;<\/strong>Agustina Luque<\/p>\n\n\n\n<p class=\"wp-block-paragraph\"><strong>Dise\u00f1o Sonoro:&nbsp;<\/strong>Marco Antonio Caponi<\/p>\n\n\n\n<p class=\"wp-block-paragraph\"><strong>Dise\u00f1o de Gr\u00e1fica:<\/strong>&nbsp;Carmelo Maselli&nbsp;<\/p>\n\n\n\n<p class=\"wp-block-paragraph\"><strong>Prensa:&nbsp;<\/strong>Marcelo Boccia para BMZ Comunicaciones<\/p>\n\n\n\n<p class=\"wp-block-paragraph\"><strong>Producci\u00f3n: <\/strong>@l.a.n.a.v.e.p.u.l.p.o<strong>&nbsp; <\/strong>&nbsp;<\/p>\n\n\n\n<p class=\"wp-block-paragraph\"><strong>Direcci\u00f3n:<\/strong> Marco Antonio Caponi<\/p>\n\n\n\n<p class=\"wp-block-paragraph\"><strong>Instagram:<\/strong> @romancedelbacoylavaca<\/p>\n\n\n\n<p class=\"wp-block-paragraph\"><strong>Duraci\u00f3n:&nbsp;<\/strong>65 minutos<\/p>\n\n\n\n<p class=\"wp-block-paragraph\"><strong>Clasificaci\u00f3n:<\/strong> Teatro \u2013 Presencial \u2013 Adultos \u2013 Unipersonal<\/p>\n\n\n\n<figure class=\"wp-block-image size-large\"><img loading=\"lazy\" decoding=\"async\" width=\"1024\" height=\"969\" src=\"https:\/\/sergiolapegue.com\/site\/wp-content\/uploads\/2024\/07\/Romance-del-Baco-y-la-Vaca-6-1024x969.jpg\" alt=\"\" class=\"wp-image-16042\" srcset=\"https:\/\/sergiolapegue.com\/site\/wp-content\/uploads\/2024\/07\/Romance-del-Baco-y-la-Vaca-6-1024x969.jpg 1024w, https:\/\/sergiolapegue.com\/site\/wp-content\/uploads\/2024\/07\/Romance-del-Baco-y-la-Vaca-6-300x284.jpg 300w, https:\/\/sergiolapegue.com\/site\/wp-content\/uploads\/2024\/07\/Romance-del-Baco-y-la-Vaca-6-768x727.jpg 768w, https:\/\/sergiolapegue.com\/site\/wp-content\/uploads\/2024\/07\/Romance-del-Baco-y-la-Vaca-6-444x420.jpg 444w, https:\/\/sergiolapegue.com\/site\/wp-content\/uploads\/2024\/07\/Romance-del-Baco-y-la-Vaca-6-696x659.jpg 696w, https:\/\/sergiolapegue.com\/site\/wp-content\/uploads\/2024\/07\/Romance-del-Baco-y-la-Vaca-6-1068x1011.jpg 1068w, https:\/\/sergiolapegue.com\/site\/wp-content\/uploads\/2024\/07\/Romance-del-Baco-y-la-Vaca-6.jpg 1440w\" sizes=\"auto, (max-width: 1024px) 100vw, 1024px\" \/><\/figure>\n\n\n\n<p class=\"wp-block-paragraph\"><strong>ESPACIO CALLEJ\u00d3N&nbsp;<\/strong><\/p>\n\n\n\n<p class=\"wp-block-paragraph\">Humahuaca 3759 \u2013 Capital Federal \u2013 Buenos Aires \u2013 Argentina<\/p>\n\n\n\n<p class=\"wp-block-paragraph\">Reservas: 11 2396-7013<\/p>\n\n\n\n<p class=\"wp-block-paragraph\">Entradas: Desde $ 10.000 \u2013 en boleter\u00eda del teatro o por <a href=\"https:\/\/91599.clicks.dattanet.com\/track\/click?u=2981963&amp;p=39313539393a3634373a3536323a303a393a30&amp;s=054f87de5eaf99862bb9009884f33676&amp;m=30218\" target=\"_blank\" rel=\"noreferrer noopener\"><strong>Alternativa Teatral<\/strong><\/a><\/p>\n\n\n\n<p class=\"wp-block-paragraph\">Funciones: Jueves 20:30 horas \u2013 Desde el 11\/07\/2024<\/p>\n\n\n\n<p class=\"wp-block-paragraph\">Gracias BMZ Comunicaciones por enviarnos la gacetilla de prensa de este exitoso unipersonal.<\/p>\n\n\n\n<p class=\"wp-block-paragraph\"><strong>UNA DUPLA DE LUJO: CAPONI \u2013 DEMAR\u00cdA<\/strong><\/p>\n\n\n\n<p class=\"wp-block-paragraph\">En estos a\u00f1os Marco Antonio Caponi y Gonzalo Demar\u00eda vienen desarrollando un trabajo en com\u00fan, sostenido en cuatro t\u00edtulos: \u201cLa anticrista y las langostas contra los v\u00edrgenes encratitas\u201d, \u201cEl Acto Gratuito\u201d, \u201cPeque\u00f1o circo casero de los hermanos Su\u00e1rez\u201d y este unipersonal, \u201cRomance del Baco y la Vaca\u201d. Esta complicidad les permiti\u00f3 desarrollar un pensamiento particular sobre el teatro, sus temas y sus t\u00e9cnicas, adem\u00e1s de un lenguaje en el que la palabra se vuelve materia, arma arrojadiza y pirueta.<\/p>\n\n\n\n<p class=\"wp-block-paragraph\"><strong>MARCO ANTONIO CAPONI<\/strong><\/p>\n\n\n\n<p class=\"wp-block-paragraph\">Oriundo de Mendoza, Marco tiene una basta carrera tanto en TV, como en cine y teatro. En teatro se destaca actualmente en \u201cREVERSO\u201d junto a Carla Peterson y trabaj\u00f3 en obras como \u201cFilosof\u00eda de Vida\u201d, junto a Alfredo Alc\u00f3n, rol por el que fue nominado a los Premios ACE y Florencio S\u00e1nchez; \u201cEn la soledad de los campos de algod\u00f3n\u201d, \u201cEl acto gratuito\u201d (por el que gan\u00f3 el Premio Planeando sobre Bue como mejor actor); \u201cEl peque\u00f1o circo de los hermanos Suarez\u201d y \u201cEva Per\u00f3n de COPI\u201d en el Teatro Nacional Cervantes. En cine trabaj\u00f3 en pel\u00edculas como \u201dLa odisea de los Giles\u201d, \u201cPasaje de Vida\u201d (nominado a los Premios C\u00f3ndor), \u201cNadie nos mira\u201d, \u201cPatagonia\u201d y &#8220;Asfixiados&#8221;. En series fue Fabito en \u201cEl Tigre Ver\u00f3n\u201d (1 y 2) y por su papel de Sandro en \u201cSandro de Am\u00e9rica\u201d fue nominado a los Premios Martin Fierro. Particip\u00f3 en las dos temporadas de la serie \u201cIOSI, el esp\u00eda arrepentido\u201d de Sebasti\u00e1n Borensztein y Daniel Burman para Amazon Prime Video y en el film \u201cEL GERENTE\u201d junto a Leonardo Sbaraglia. En TV tiene una basta carrera donde se destacan t\u00edtulos como \u201cLa Leona\u201d, \u201cGraduados\u201d, \u201c12 casas\u201d, \u201c100 d\u00edas para enamorarse\u201d y \u201cHerederos de una venganza\u201d.<\/p>\n\n\n\n<p class=\"wp-block-paragraph\"><strong>GONZALO DEMAR\u00cdA<\/strong><\/p>\n\n\n\n<p class=\"wp-block-paragraph\">Tiene un extenso recorrido en su carrera como dramaturgo. Escribi\u00f3 obras tales como \u201c40 D\u00edas &amp; 40 Noches\u201d, \u201cTarascones\u201d, \u201cDeshonrada\u201d, \u201cLa Comedia es Peligrosa\u201d, \u201cLa Reina del Pabell\u00f3n\u201d y \u201cSangre Sudor &amp; Siliconas\u201d, siendo estas \u00faltimas dos tambi\u00e9n dirigidas por \u00e9l mismo. Tambi\u00e9n tiene distintos libros publicados desde 1992, as\u00ed como art\u00edculos en revistas nacionales y extranjeras. Entre ellos se encuentran las novelas \u201cEl Club de los Vampiros\u201d y \u201cLas Pochoeaters\u201d y la obra premiada por la Academia Nacional de la Historia (Argentina) y por la Fundaci\u00f3n Del Pino (Espa\u00f1a) \u201cHistoria geneal\u00f3gica de los Virreyes del R\u00edo de la Plata\u201d y su \u00faltimo libro \u201cCacer\u00eda\u201d que MGM compr\u00f3 los derechos para llevarla al cine. Actualmente dirige el Teatro Nacional Cervantes.<\/p>\n\n\n\n<p class=\"wp-block-paragraph\"><\/p>\n","protected":false},"excerpt":{"rendered":"<p>A pedido del p\u00fablico y por localidades agotadas continua en el mes de agosto uno de los unipersonales m\u00e1s ovacionados de los \u00faltimos tiempos:&nbsp;Marco Antonio Caponi en \u201cROMANCE DEL BACO Y LA VACA\u201d&nbsp;escrito por Gonzalo Demar\u00eda y dirigido por el propio Caponi. Las funciones ser\u00e1n los jueves a las 20:30 horas en Espacio Callej\u00f3n. SINOPSIS [&hellip;]<\/p>\n","protected":false},"author":3,"featured_media":16043,"comment_status":"open","ping_status":"closed","sticky":false,"template":"","format":"standard","meta":{"footnotes":""},"categories":[34,35],"tags":[],"class_list":["post-16039","post","type-post","status-publish","format-standard","has-post-thumbnail","category-arte","category-teatro"],"yoast_head":"<!-- This site is optimized with the Yoast SEO plugin v28.4 - https:\/\/yoast.com\/product\/yoast-seo-wordpress\/ -->\n<title>\u201cROMANCE DEL BACO Y LA VACA\u201d - Sergio Lapegue<\/title>\n<meta name=\"robots\" content=\"index, follow, max-snippet:-1, max-image-preview:large, max-video-preview:-1\" \/>\n<link rel=\"canonical\" href=\"https:\/\/sergiolapegue.com\/site\/2024\/07\/29\/romance-del-baco-y-la-vaca-3\/\" \/>\n<meta property=\"og:locale\" content=\"es_ES\" \/>\n<meta property=\"og:type\" content=\"article\" \/>\n<meta property=\"og:title\" content=\"\u201cROMANCE DEL BACO Y LA VACA\u201d - Sergio Lapegue\" \/>\n<meta property=\"og:description\" content=\"A pedido del p\u00fablico y por localidades agotadas continua en el mes de agosto uno de los unipersonales m\u00e1s ovacionados de los \u00faltimos tiempos:&nbsp;Marco Antonio Caponi en \u201cROMANCE DEL BACO Y LA VACA\u201d&nbsp;escrito por Gonzalo Demar\u00eda y dirigido por el propio Caponi. Las funciones ser\u00e1n los jueves a las 20:30 horas en Espacio Callej\u00f3n. SINOPSIS [&hellip;]\" \/>\n<meta property=\"og:url\" content=\"https:\/\/sergiolapegue.com\/site\/2024\/07\/29\/romance-del-baco-y-la-vaca-3\/\" \/>\n<meta property=\"og:site_name\" content=\"Sergio Lapegue\" \/>\n<meta property=\"article:publisher\" content=\"https:\/\/facebook.com\/sergiolapegue\" \/>\n<meta property=\"article:author\" content=\"https:\/\/facebook.com\/danielernesto.montana\" \/>\n<meta property=\"article:published_time\" content=\"2024-07-29T04:00:00+00:00\" \/>\n<meta property=\"og:image\" content=\"https:\/\/sergiolapegue.com\/site\/wp-content\/uploads\/2024\/07\/Romance-del-Baco-y-la-Vaca.jpeg\" \/>\n\t<meta property=\"og:image:width\" content=\"1024\" \/>\n\t<meta property=\"og:image:height\" content=\"1024\" \/>\n\t<meta property=\"og:image:type\" content=\"image\/jpeg\" \/>\n<meta name=\"author\" content=\"Daniel E. Monta\u00f1a\" \/>\n<meta name=\"twitter:card\" content=\"summary_large_image\" \/>\n<meta name=\"twitter:creator\" content=\"@https:\/\/twitter.com\/daner_004\" \/>\n<meta name=\"twitter:site\" content=\"@sergiolapegue\" \/>\n<meta name=\"twitter:label1\" content=\"Escrito por\" \/>\n\t<meta name=\"twitter:data1\" content=\"Daniel E. Monta\u00f1a\" \/>\n\t<meta name=\"twitter:label2\" content=\"Tiempo de lectura\" \/>\n\t<meta name=\"twitter:data2\" content=\"4 minutos\" \/>\n<script type=\"application\/ld+json\" class=\"yoast-schema-graph\">{\"@context\":\"https:\\\/\\\/schema.org\",\"@graph\":[{\"@type\":\"Article\",\"@id\":\"https:\\\/\\\/sergiolapegue.com\\\/site\\\/2024\\\/07\\\/29\\\/romance-del-baco-y-la-vaca-3\\\/#article\",\"isPartOf\":{\"@id\":\"https:\\\/\\\/sergiolapegue.com\\\/site\\\/2024\\\/07\\\/29\\\/romance-del-baco-y-la-vaca-3\\\/\"},\"author\":{\"name\":\"Daniel E. Monta\u00f1a\",\"@id\":\"https:\\\/\\\/sergiolapegue.com\\\/site\\\/#\\\/schema\\\/person\\\/9198e7dbab43c6d74d0fd5399af7c3cd\"},\"headline\":\"\u201cROMANCE DEL BACO Y LA VACA\u201d\",\"datePublished\":\"2024-07-29T04:00:00+00:00\",\"mainEntityOfPage\":{\"@id\":\"https:\\\/\\\/sergiolapegue.com\\\/site\\\/2024\\\/07\\\/29\\\/romance-del-baco-y-la-vaca-3\\\/\"},\"wordCount\":774,\"commentCount\":0,\"publisher\":{\"@id\":\"https:\\\/\\\/sergiolapegue.com\\\/site\\\/#\\\/schema\\\/person\\\/083aeceeb0734cd166779ea6c0551a37\"},\"image\":{\"@id\":\"https:\\\/\\\/sergiolapegue.com\\\/site\\\/2024\\\/07\\\/29\\\/romance-del-baco-y-la-vaca-3\\\/#primaryimage\"},\"thumbnailUrl\":\"https:\\\/\\\/sergiolapegue.com\\\/site\\\/wp-content\\\/uploads\\\/2024\\\/07\\\/Romance-del-Baco-y-la-Vaca.jpeg\",\"articleSection\":[\"Arte\",\"Teatro\"],\"inLanguage\":\"es-AR\",\"potentialAction\":[{\"@type\":\"CommentAction\",\"name\":\"Comment\",\"target\":[\"https:\\\/\\\/sergiolapegue.com\\\/site\\\/2024\\\/07\\\/29\\\/romance-del-baco-y-la-vaca-3\\\/#respond\"]}]},{\"@type\":\"WebPage\",\"@id\":\"https:\\\/\\\/sergiolapegue.com\\\/site\\\/2024\\\/07\\\/29\\\/romance-del-baco-y-la-vaca-3\\\/\",\"url\":\"https:\\\/\\\/sergiolapegue.com\\\/site\\\/2024\\\/07\\\/29\\\/romance-del-baco-y-la-vaca-3\\\/\",\"name\":\"\u201cROMANCE DEL BACO Y LA VACA\u201d - Sergio Lapegue\",\"isPartOf\":{\"@id\":\"https:\\\/\\\/sergiolapegue.com\\\/site\\\/#website\"},\"primaryImageOfPage\":{\"@id\":\"https:\\\/\\\/sergiolapegue.com\\\/site\\\/2024\\\/07\\\/29\\\/romance-del-baco-y-la-vaca-3\\\/#primaryimage\"},\"image\":{\"@id\":\"https:\\\/\\\/sergiolapegue.com\\\/site\\\/2024\\\/07\\\/29\\\/romance-del-baco-y-la-vaca-3\\\/#primaryimage\"},\"thumbnailUrl\":\"https:\\\/\\\/sergiolapegue.com\\\/site\\\/wp-content\\\/uploads\\\/2024\\\/07\\\/Romance-del-Baco-y-la-Vaca.jpeg\",\"datePublished\":\"2024-07-29T04:00:00+00:00\",\"breadcrumb\":{\"@id\":\"https:\\\/\\\/sergiolapegue.com\\\/site\\\/2024\\\/07\\\/29\\\/romance-del-baco-y-la-vaca-3\\\/#breadcrumb\"},\"inLanguage\":\"es-AR\",\"potentialAction\":[{\"@type\":\"ReadAction\",\"target\":[\"https:\\\/\\\/sergiolapegue.com\\\/site\\\/2024\\\/07\\\/29\\\/romance-del-baco-y-la-vaca-3\\\/\"]}]},{\"@type\":\"ImageObject\",\"inLanguage\":\"es-AR\",\"@id\":\"https:\\\/\\\/sergiolapegue.com\\\/site\\\/2024\\\/07\\\/29\\\/romance-del-baco-y-la-vaca-3\\\/#primaryimage\",\"url\":\"https:\\\/\\\/sergiolapegue.com\\\/site\\\/wp-content\\\/uploads\\\/2024\\\/07\\\/Romance-del-Baco-y-la-Vaca.jpeg\",\"contentUrl\":\"https:\\\/\\\/sergiolapegue.com\\\/site\\\/wp-content\\\/uploads\\\/2024\\\/07\\\/Romance-del-Baco-y-la-Vaca.jpeg\",\"width\":1024,\"height\":1024},{\"@type\":\"BreadcrumbList\",\"@id\":\"https:\\\/\\\/sergiolapegue.com\\\/site\\\/2024\\\/07\\\/29\\\/romance-del-baco-y-la-vaca-3\\\/#breadcrumb\",\"itemListElement\":[{\"@type\":\"ListItem\",\"position\":1,\"name\":\"Inicio\",\"item\":\"https:\\\/\\\/sergiolapegue.com\\\/site\\\/\"},{\"@type\":\"ListItem\",\"position\":2,\"name\":\"\u201cROMANCE DEL BACO Y LA VACA\u201d\"}]},{\"@type\":\"WebSite\",\"@id\":\"https:\\\/\\\/sergiolapegue.com\\\/site\\\/#website\",\"url\":\"https:\\\/\\\/sergiolapegue.com\\\/site\\\/\",\"name\":\"Sergio Lapegue\",\"description\":\"Periodista y conductor de radio y televisi\u00f3n argentino, nacido el 6 de septiembre de 1964.\",\"publisher\":{\"@id\":\"https:\\\/\\\/sergiolapegue.com\\\/site\\\/#\\\/schema\\\/person\\\/083aeceeb0734cd166779ea6c0551a37\"},\"potentialAction\":[{\"@type\":\"SearchAction\",\"target\":{\"@type\":\"EntryPoint\",\"urlTemplate\":\"https:\\\/\\\/sergiolapegue.com\\\/site\\\/?s={search_term_string}\"},\"query-input\":{\"@type\":\"PropertyValueSpecification\",\"valueRequired\":true,\"valueName\":\"search_term_string\"}}],\"inLanguage\":\"es-AR\"},{\"@type\":[\"Person\",\"Organization\"],\"@id\":\"https:\\\/\\\/sergiolapegue.com\\\/site\\\/#\\\/schema\\\/person\\\/083aeceeb0734cd166779ea6c0551a37\",\"name\":\"Sergio Lapegue\",\"image\":{\"@type\":\"ImageObject\",\"inLanguage\":\"es-AR\",\"@id\":\"https:\\\/\\\/sergiolapegue.com\\\/site\\\/wp-content\\\/uploads\\\/2021\\\/04\\\/logo_header-1.png\",\"url\":\"https:\\\/\\\/sergiolapegue.com\\\/site\\\/wp-content\\\/uploads\\\/2021\\\/04\\\/logo_header-1.png\",\"contentUrl\":\"https:\\\/\\\/sergiolapegue.com\\\/site\\\/wp-content\\\/uploads\\\/2021\\\/04\\\/logo_header-1.png\",\"width\":272,\"height\":90,\"caption\":\"Sergio Lapegue\"},\"logo\":{\"@id\":\"https:\\\/\\\/sergiolapegue.com\\\/site\\\/wp-content\\\/uploads\\\/2021\\\/04\\\/logo_header-1.png\"},\"sameAs\":[\"https:\\\/\\\/facebook.com\\\/sergiolapegue\",\"https:\\\/\\\/instagram.com\\\/sergiolapegue\",\"https:\\\/\\\/x.com\\\/https:\\\/\\\/twitter.com\\\/sergiolapegue\"]},{\"@type\":\"Person\",\"@id\":\"https:\\\/\\\/sergiolapegue.com\\\/site\\\/#\\\/schema\\\/person\\\/9198e7dbab43c6d74d0fd5399af7c3cd\",\"name\":\"Daniel E. Monta\u00f1a\",\"image\":{\"@type\":\"ImageObject\",\"inLanguage\":\"es-AR\",\"@id\":\"https:\\\/\\\/sergiolapegue.com\\\/site\\\/wp-content\\\/uploads\\\/2021\\\/04\\\/sl_avatar_Daniel-150x150.jpg\",\"url\":\"https:\\\/\\\/sergiolapegue.com\\\/site\\\/wp-content\\\/uploads\\\/2021\\\/04\\\/sl_avatar_Daniel-150x150.jpg\",\"contentUrl\":\"https:\\\/\\\/sergiolapegue.com\\\/site\\\/wp-content\\\/uploads\\\/2021\\\/04\\\/sl_avatar_Daniel-150x150.jpg\",\"caption\":\"Daniel E. Monta\u00f1a\"},\"sameAs\":[\"https:\\\/\\\/facebook.com\\\/danielernesto.montana\",\"https:\\\/\\\/instagram.com\\\/daniel_montana1961\",\"https:\\\/\\\/x.com\\\/https:\\\/\\\/twitter.com\\\/daner_004\"],\"url\":\"https:\\\/\\\/sergiolapegue.com\\\/site\\\/author\\\/daniel\\\/\"}]}<\/script>\n<!-- \/ Yoast SEO plugin. -->","yoast_head_json":{"title":"\u201cROMANCE DEL BACO Y LA VACA\u201d - Sergio Lapegue","robots":{"index":"index","follow":"follow","max-snippet":"max-snippet:-1","max-image-preview":"max-image-preview:large","max-video-preview":"max-video-preview:-1"},"canonical":"https:\/\/sergiolapegue.com\/site\/2024\/07\/29\/romance-del-baco-y-la-vaca-3\/","og_locale":"es_ES","og_type":"article","og_title":"\u201cROMANCE DEL BACO Y LA VACA\u201d - Sergio Lapegue","og_description":"A pedido del p\u00fablico y por localidades agotadas continua en el mes de agosto uno de los unipersonales m\u00e1s ovacionados de los \u00faltimos tiempos:&nbsp;Marco Antonio Caponi en \u201cROMANCE DEL BACO Y LA VACA\u201d&nbsp;escrito por Gonzalo Demar\u00eda y dirigido por el propio Caponi. Las funciones ser\u00e1n los jueves a las 20:30 horas en Espacio Callej\u00f3n. SINOPSIS [&hellip;]","og_url":"https:\/\/sergiolapegue.com\/site\/2024\/07\/29\/romance-del-baco-y-la-vaca-3\/","og_site_name":"Sergio Lapegue","article_publisher":"https:\/\/facebook.com\/sergiolapegue","article_author":"https:\/\/facebook.com\/danielernesto.montana","article_published_time":"2024-07-29T04:00:00+00:00","og_image":[{"width":1024,"height":1024,"url":"https:\/\/sergiolapegue.com\/site\/wp-content\/uploads\/2024\/07\/Romance-del-Baco-y-la-Vaca.jpeg","type":"image\/jpeg"}],"author":"Daniel E. Monta\u00f1a","twitter_card":"summary_large_image","twitter_creator":"@https:\/\/twitter.com\/daner_004","twitter_site":"@sergiolapegue","twitter_misc":{"Escrito por":"Daniel E. Monta\u00f1a","Tiempo de lectura":"4 minutos"},"schema":{"@context":"https:\/\/schema.org","@graph":[{"@type":"Article","@id":"https:\/\/sergiolapegue.com\/site\/2024\/07\/29\/romance-del-baco-y-la-vaca-3\/#article","isPartOf":{"@id":"https:\/\/sergiolapegue.com\/site\/2024\/07\/29\/romance-del-baco-y-la-vaca-3\/"},"author":{"name":"Daniel E. Monta\u00f1a","@id":"https:\/\/sergiolapegue.com\/site\/#\/schema\/person\/9198e7dbab43c6d74d0fd5399af7c3cd"},"headline":"\u201cROMANCE DEL BACO Y LA VACA\u201d","datePublished":"2024-07-29T04:00:00+00:00","mainEntityOfPage":{"@id":"https:\/\/sergiolapegue.com\/site\/2024\/07\/29\/romance-del-baco-y-la-vaca-3\/"},"wordCount":774,"commentCount":0,"publisher":{"@id":"https:\/\/sergiolapegue.com\/site\/#\/schema\/person\/083aeceeb0734cd166779ea6c0551a37"},"image":{"@id":"https:\/\/sergiolapegue.com\/site\/2024\/07\/29\/romance-del-baco-y-la-vaca-3\/#primaryimage"},"thumbnailUrl":"https:\/\/sergiolapegue.com\/site\/wp-content\/uploads\/2024\/07\/Romance-del-Baco-y-la-Vaca.jpeg","articleSection":["Arte","Teatro"],"inLanguage":"es-AR","potentialAction":[{"@type":"CommentAction","name":"Comment","target":["https:\/\/sergiolapegue.com\/site\/2024\/07\/29\/romance-del-baco-y-la-vaca-3\/#respond"]}]},{"@type":"WebPage","@id":"https:\/\/sergiolapegue.com\/site\/2024\/07\/29\/romance-del-baco-y-la-vaca-3\/","url":"https:\/\/sergiolapegue.com\/site\/2024\/07\/29\/romance-del-baco-y-la-vaca-3\/","name":"\u201cROMANCE DEL BACO Y LA VACA\u201d - Sergio Lapegue","isPartOf":{"@id":"https:\/\/sergiolapegue.com\/site\/#website"},"primaryImageOfPage":{"@id":"https:\/\/sergiolapegue.com\/site\/2024\/07\/29\/romance-del-baco-y-la-vaca-3\/#primaryimage"},"image":{"@id":"https:\/\/sergiolapegue.com\/site\/2024\/07\/29\/romance-del-baco-y-la-vaca-3\/#primaryimage"},"thumbnailUrl":"https:\/\/sergiolapegue.com\/site\/wp-content\/uploads\/2024\/07\/Romance-del-Baco-y-la-Vaca.jpeg","datePublished":"2024-07-29T04:00:00+00:00","breadcrumb":{"@id":"https:\/\/sergiolapegue.com\/site\/2024\/07\/29\/romance-del-baco-y-la-vaca-3\/#breadcrumb"},"inLanguage":"es-AR","potentialAction":[{"@type":"ReadAction","target":["https:\/\/sergiolapegue.com\/site\/2024\/07\/29\/romance-del-baco-y-la-vaca-3\/"]}]},{"@type":"ImageObject","inLanguage":"es-AR","@id":"https:\/\/sergiolapegue.com\/site\/2024\/07\/29\/romance-del-baco-y-la-vaca-3\/#primaryimage","url":"https:\/\/sergiolapegue.com\/site\/wp-content\/uploads\/2024\/07\/Romance-del-Baco-y-la-Vaca.jpeg","contentUrl":"https:\/\/sergiolapegue.com\/site\/wp-content\/uploads\/2024\/07\/Romance-del-Baco-y-la-Vaca.jpeg","width":1024,"height":1024},{"@type":"BreadcrumbList","@id":"https:\/\/sergiolapegue.com\/site\/2024\/07\/29\/romance-del-baco-y-la-vaca-3\/#breadcrumb","itemListElement":[{"@type":"ListItem","position":1,"name":"Inicio","item":"https:\/\/sergiolapegue.com\/site\/"},{"@type":"ListItem","position":2,"name":"\u201cROMANCE DEL BACO Y LA VACA\u201d"}]},{"@type":"WebSite","@id":"https:\/\/sergiolapegue.com\/site\/#website","url":"https:\/\/sergiolapegue.com\/site\/","name":"Sergio Lapegue","description":"Periodista y conductor de radio y televisi\u00f3n argentino, nacido el 6 de septiembre de 1964.","publisher":{"@id":"https:\/\/sergiolapegue.com\/site\/#\/schema\/person\/083aeceeb0734cd166779ea6c0551a37"},"potentialAction":[{"@type":"SearchAction","target":{"@type":"EntryPoint","urlTemplate":"https:\/\/sergiolapegue.com\/site\/?s={search_term_string}"},"query-input":{"@type":"PropertyValueSpecification","valueRequired":true,"valueName":"search_term_string"}}],"inLanguage":"es-AR"},{"@type":["Person","Organization"],"@id":"https:\/\/sergiolapegue.com\/site\/#\/schema\/person\/083aeceeb0734cd166779ea6c0551a37","name":"Sergio Lapegue","image":{"@type":"ImageObject","inLanguage":"es-AR","@id":"https:\/\/sergiolapegue.com\/site\/wp-content\/uploads\/2021\/04\/logo_header-1.png","url":"https:\/\/sergiolapegue.com\/site\/wp-content\/uploads\/2021\/04\/logo_header-1.png","contentUrl":"https:\/\/sergiolapegue.com\/site\/wp-content\/uploads\/2021\/04\/logo_header-1.png","width":272,"height":90,"caption":"Sergio Lapegue"},"logo":{"@id":"https:\/\/sergiolapegue.com\/site\/wp-content\/uploads\/2021\/04\/logo_header-1.png"},"sameAs":["https:\/\/facebook.com\/sergiolapegue","https:\/\/instagram.com\/sergiolapegue","https:\/\/x.com\/https:\/\/twitter.com\/sergiolapegue"]},{"@type":"Person","@id":"https:\/\/sergiolapegue.com\/site\/#\/schema\/person\/9198e7dbab43c6d74d0fd5399af7c3cd","name":"Daniel E. Monta\u00f1a","image":{"@type":"ImageObject","inLanguage":"es-AR","@id":"https:\/\/sergiolapegue.com\/site\/wp-content\/uploads\/2021\/04\/sl_avatar_Daniel-150x150.jpg","url":"https:\/\/sergiolapegue.com\/site\/wp-content\/uploads\/2021\/04\/sl_avatar_Daniel-150x150.jpg","contentUrl":"https:\/\/sergiolapegue.com\/site\/wp-content\/uploads\/2021\/04\/sl_avatar_Daniel-150x150.jpg","caption":"Daniel E. Monta\u00f1a"},"sameAs":["https:\/\/facebook.com\/danielernesto.montana","https:\/\/instagram.com\/daniel_montana1961","https:\/\/x.com\/https:\/\/twitter.com\/daner_004"],"url":"https:\/\/sergiolapegue.com\/site\/author\/daniel\/"}]}},"_links":{"self":[{"href":"https:\/\/sergiolapegue.com\/site\/wp-json\/wp\/v2\/posts\/16039","targetHints":{"allow":["GET"]}}],"collection":[{"href":"https:\/\/sergiolapegue.com\/site\/wp-json\/wp\/v2\/posts"}],"about":[{"href":"https:\/\/sergiolapegue.com\/site\/wp-json\/wp\/v2\/types\/post"}],"author":[{"embeddable":true,"href":"https:\/\/sergiolapegue.com\/site\/wp-json\/wp\/v2\/users\/3"}],"replies":[{"embeddable":true,"href":"https:\/\/sergiolapegue.com\/site\/wp-json\/wp\/v2\/comments?post=16039"}],"version-history":[{"count":3,"href":"https:\/\/sergiolapegue.com\/site\/wp-json\/wp\/v2\/posts\/16039\/revisions"}],"predecessor-version":[{"id":16580,"href":"https:\/\/sergiolapegue.com\/site\/wp-json\/wp\/v2\/posts\/16039\/revisions\/16580"}],"wp:featuredmedia":[{"embeddable":true,"href":"https:\/\/sergiolapegue.com\/site\/wp-json\/wp\/v2\/media\/16043"}],"wp:attachment":[{"href":"https:\/\/sergiolapegue.com\/site\/wp-json\/wp\/v2\/media?parent=16039"}],"wp:term":[{"taxonomy":"category","embeddable":true,"href":"https:\/\/sergiolapegue.com\/site\/wp-json\/wp\/v2\/categories?post=16039"},{"taxonomy":"post_tag","embeddable":true,"href":"https:\/\/sergiolapegue.com\/site\/wp-json\/wp\/v2\/tags?post=16039"}],"curies":[{"name":"wp","href":"https:\/\/api.w.org\/{rel}","templated":true}]}}