{"id":16003,"date":"2024-07-09T09:25:00","date_gmt":"2024-07-09T12:25:00","guid":{"rendered":"https:\/\/sergiolapegue.com\/site\/?p=16003"},"modified":"2024-07-03T11:28:19","modified_gmt":"2024-07-03T14:28:19","slug":"cada-ano-los-accidentes-de-transito-son-la-principal-causa-de-muerte-de-1-19-millones-de-personas","status":"publish","type":"post","link":"https:\/\/sergiolapegue.com\/site\/2024\/07\/09\/cada-ano-los-accidentes-de-transito-son-la-principal-causa-de-muerte-de-1-19-millones-de-personas\/","title":{"rendered":"Cada a\u00f1o, los accidentes de tr\u00e1nsito son la principal causa de muerte de 1.19 millones de personas\u00a0"},"content":{"rendered":"\n<p>En septiembre de 2020, la Asamblea General de la ONU adopt\u00f3 la&nbsp;resoluci\u00f3n A\/RES\/74\/299&nbsp;\u201dMejorando la seguridad vial mundial\u201d, proclamando la D\u00e9cada de Acci\u00f3n para la Seguridad Vial 2021-2030, con el ambicioso objetivo de prevenir al menos el 50% de las muertes por accidentes de tr\u00e1nsito y lesiones, para el 2030.&nbsp;<\/p>\n\n\n\n<p>En Argentina, seg\u00fan la asociaci\u00f3n Civil \u201cLuchemos por la vida\u201d, mientras varias medidas han demostrado avances en su prevenci\u00f3n en otros pa\u00edses, en el pa\u00eds no se reduce el n\u00famero de muertes anuales en accidentes de tr\u00e1nsito, desde hace varios a\u00f1os.&nbsp;<\/p>\n\n\n\n<p><em>\u201cEn 2022, la provincia de Buenos Aires encabez\u00f3 las estad\u00edsticas con m\u00e1s de 1880 muertes, mientras que a nivel nacional, el 54% de las v\u00edctimas eran menores de 35 a\u00f1os. Los datos revelan un aumento preocupante en las muertes de motociclistas, siniestros un\u00ed-vehiculares y una prevalencia significativa de conductores menores de 35 a\u00f1os\u201d,<\/em>&nbsp;menciona la&nbsp;<strong>Dra. Valeria El Haj, Directora M\u00e9dica Nacional de OSPEDYC.<\/strong><\/p>\n\n\n\n<figure class=\"wp-block-image size-full is-style-rounded\"><img decoding=\"async\" src=\"https:\/\/sergiolapegue.com\/site\/wp-content\/uploads\/2023\/06\/accidente-de-transito01.jpg\" alt=\"\" class=\"wp-image-9841\"\/><\/figure>\n\n\n\n<p><strong>Factores cr\u00edticos y medidas preventivas<\/strong><\/p>\n\n\n\n<p>Es importante destacar la importancia de la prevenci\u00f3n y el respeto a las normas de tr\u00e1nsito.&nbsp;<em>\u201cMedidas como respetar las velocidades indicadas, mantener la distancia entre veh\u00edculos, uso del cintur\u00f3n de seguridad, cascos para motociclistas y ciclistas, y la abstenci\u00f3n del uso de tel\u00e9fonos celulares al conducir, son fundamentales para evitar los accidentes de tr\u00e1nsito\u201d,&nbsp;<\/em>enfatiza&nbsp;<strong>la profesional de OSPEDYC.<\/strong><\/p>\n\n\n\n<p>La asociaci\u00f3n \u201cLuchemos por la vida\u201d subraya la relaci\u00f3n entre el consumo de drogas ilegales y alcohol con los accidentes de tr\u00e1nsito. Datos revelan que el 18% de los conductores en CABA dieron positivo por drogas en pruebas, siendo la marihuana y la coca\u00edna las m\u00e1s comunes.<\/p>\n\n\n\n<p>Las drogas ilegales que generan adicci\u00f3n, como la marihuana, la coca\u00edna, el \u00e9xtasis, anfetaminas, etc., afectan la conducci\u00f3n porque perturban siempre, en mayor o menor medida, el funcionamiento psicof\u00edsico del conductor: altera la percepci\u00f3n sensorial, la atenci\u00f3n, la coordinaci\u00f3n motora y reduce la percepci\u00f3n del riesgo.&nbsp;<\/p>\n\n\n\n<h3 class=\"wp-block-heading\">Adem\u00e1s, se destacan los siguientes datos c\u00f3mo los m\u00e1s preocupantes:&nbsp;<\/h3>\n\n\n\n<ul class=\"wp-block-list\">\n<li>Aumentan las muertes entre motociclistas, que son casi la mitad de todas las v\u00edctimas. \u00a0<\/li>\n\n\n\n<li>Cada vez son m\u00e1s frecuentes los siniestros uni-vehiculares. Son casi un tercio del total.\u00a0<\/li>\n\n\n\n<li>M\u00e1s del 50% de las muertes se concentran en el grupo m\u00e1s joven, espec\u00edficamente en aquellos menores de 35 a\u00f1os, representando un 56% del total.<\/li>\n\n\n\n<li>Los fines de semana son m\u00e1s peligrosos: solo esos 2 d\u00edas generan 44 % de los muertos.<\/li>\n<\/ul>\n\n\n\n<p><strong>\u00bfQu\u00e9 factores se deben tener en cuenta para evitar accidentes de tr\u00e1nsito?<\/strong><\/p>\n\n\n\n<p>La mayor\u00eda de los accidentes pueden evitarse, si se trabaja desde la prevenci\u00f3n y se respetan las normas de tr\u00e1nsito. Algunas entidades sostienen que \u201c<em>si se puede evitar, no es un accidente\u201d<\/em>. De esta manera, existen medidas de seguridad vial que demostraron ser efectivas para cuidar la vida de las personas, ya sea que est\u00e9n dentro o fuera de un veh\u00edculo:<\/p>\n\n\n\n<ul class=\"wp-block-list\">\n<li>Respetar las velocidades\u00a0 indicadas, en calles, avenidas, rutas y autopistas.<\/li>\n\n\n\n<li>Mantener la distancia entre veh\u00edculos al circular, que es mayor cuando llueve.<\/li>\n\n\n\n<li>Usar el cintur\u00f3n de seguridad siempre, desde el inicio.<\/li>\n\n\n\n<li>Los ni\u00f1os deben permanecer sentados en butacas especiales con sus respectivos cinturones de acuerdo con la edad.<\/li>\n\n\n\n<li>No usar el celular al volante, ni por mensajes, manos libres o programar GPS.<\/li>\n\n\n\n<li>Incorporar el uso de cascos al usar bicicletas, skates, monopatines o motos.<\/li>\n\n\n\n<li>Los peatones y conductores deben respetar las se\u00f1ales de tr\u00e1nsito, circular por donde corresponde y prestar atenci\u00f3n al circular por la v\u00eda p\u00fablica.<\/li>\n\n\n\n<li>No consumir alcohol, medicaci\u00f3n o drogas il\u00edcitas que dificultan la conducci\u00f3n.<\/li>\n<\/ul>\n\n\n\n<figure class=\"wp-block-image size-large is-style-rounded\"><img loading=\"lazy\" decoding=\"async\" width=\"1024\" height=\"576\" src=\"https:\/\/sergiolapegue.com\/site\/wp-content\/uploads\/2024\/07\/accidente-de-auto04-1024x576.jpg\" alt=\"\" class=\"wp-image-16004\" srcset=\"https:\/\/sergiolapegue.com\/site\/wp-content\/uploads\/2024\/07\/accidente-de-auto04-1024x576.jpg 1024w, https:\/\/sergiolapegue.com\/site\/wp-content\/uploads\/2024\/07\/accidente-de-auto04-300x169.jpg 300w, https:\/\/sergiolapegue.com\/site\/wp-content\/uploads\/2024\/07\/accidente-de-auto04-768x432.jpg 768w, https:\/\/sergiolapegue.com\/site\/wp-content\/uploads\/2024\/07\/accidente-de-auto04-1536x864.jpg 1536w, https:\/\/sergiolapegue.com\/site\/wp-content\/uploads\/2024\/07\/accidente-de-auto04-747x420.jpg 747w, https:\/\/sergiolapegue.com\/site\/wp-content\/uploads\/2024\/07\/accidente-de-auto04-696x392.jpg 696w, https:\/\/sergiolapegue.com\/site\/wp-content\/uploads\/2024\/07\/accidente-de-auto04-1068x601.jpg 1068w, https:\/\/sergiolapegue.com\/site\/wp-content\/uploads\/2024\/07\/accidente-de-auto04.jpg 1920w\" sizes=\"auto, (max-width: 1024px) 100vw, 1024px\" \/><\/figure>\n\n\n\n<p><strong>Llamado a la acci\u00f3n y recursos de asistencia<\/strong><\/p>\n\n\n\n<p><em>\u201cEs fundamental educar, concientizar, difundir e implementar medidas concretas, que eviten o reduzcan estas tragedias, reiterando el compromiso de la sociedad con la seguridad vial y la prevenci\u00f3n, abogando por un cambio significativo en las estad\u00edsticas de accidentes de tr\u00e1nsito en Argentina\u201d<\/em>, concluye la Dra. El Haj.<\/p>\n\n\n\n<p><strong>Sobre OSPEDYC<\/strong>\u00a0<strong>OSPEDYC<\/strong>\u00a0es una obra social con origen en UTEDYC-\u00a0Uni\u00f3n Trabajadores de Entidades Deportivas y Civiles-, creada para cuidar la salud de sus beneficiarios, as\u00ed como tambi\u00e9n la de sus afiliados voluntarios. Fiel a sus valores -solidaridad, igualdad y eficiencia-, OSPEDYC ofrece un servicio de cobertura m\u00e9dica nacional para la atenci\u00f3n integral de todos sus usuarios. Con m\u00e1s de 120 mil afiliados, 10 centros m\u00e9dicos propios y un desarrollo continuo en materia de infraestructura, servicios, equipamiento tecnol\u00f3gico y recursos humanos, OSPEDYC se posiciona como una instituci\u00f3n l\u00edder dentro del sistema de seguridad social. M\u00e1s informaci\u00f3n en:\u00a0<a href=\"https:\/\/www.ospedyc.org.ar\/nuevositio\/index.aspx\" target=\"_blank\" rel=\"noreferrer noopener\">https:\/\/www.ospedyc.org.ar\/nuevositio\/index.aspx<\/a><\/p>\n","protected":false},"excerpt":{"rendered":"<p>En septiembre de 2020, la Asamblea General de la ONU adopt\u00f3 la&nbsp;resoluci\u00f3n A\/RES\/74\/299&nbsp;\u201dMejorando la seguridad vial mundial\u201d, proclamando la D\u00e9cada de Acci\u00f3n para la Seguridad Vial 2021-2030, con el ambicioso objetivo de prevenir al menos el 50% de las muertes por accidentes de tr\u00e1nsito y lesiones, para el 2030.&nbsp; En Argentina, seg\u00fan la asociaci\u00f3n Civil [&hellip;]<\/p>\n","protected":false},"author":4,"featured_media":16005,"comment_status":"closed","ping_status":"closed","sticky":false,"template":"","format":"standard","meta":{"footnotes":""},"categories":[38],"tags":[630,95,1975,107,1228,1316,1107],"class_list":{"0":"post-16003","1":"post","2":"type-post","3":"status-publish","4":"format-standard","5":"has-post-thumbnail","7":"category-actualidad","8":"tag-accidente","9":"tag-auto","10":"tag-conductor","11":"tag-muerte","12":"tag-persona","13":"tag-seguridad","14":"tag-vida"},"yoast_head":"<!-- This site is optimized with the Yoast SEO plugin v27.5 - https:\/\/yoast.com\/product\/yoast-seo-wordpress\/ -->\n<title>Cada a\u00f1o, los accidentes de tr\u00e1nsito son la principal causa de muerte de 1.19 millones de personas\u00a0 - Sergio Lapegue<\/title>\n<meta name=\"robots\" content=\"index, follow, max-snippet:-1, max-image-preview:large, max-video-preview:-1\" \/>\n<link rel=\"canonical\" href=\"https:\/\/sergiolapegue.com\/site\/2024\/07\/09\/cada-ano-los-accidentes-de-transito-son-la-principal-causa-de-muerte-de-1-19-millones-de-personas\/\" \/>\n<meta property=\"og:locale\" content=\"es_ES\" \/>\n<meta property=\"og:type\" content=\"article\" \/>\n<meta property=\"og:title\" content=\"Cada a\u00f1o, los accidentes de tr\u00e1nsito son la principal causa de muerte de 1.19 millones de personas\u00a0 - Sergio Lapegue\" \/>\n<meta property=\"og:description\" content=\"En septiembre de 2020, la Asamblea General de la ONU adopt\u00f3 la&nbsp;resoluci\u00f3n A\/RES\/74\/299&nbsp;\u201dMejorando la seguridad vial mundial\u201d, proclamando la D\u00e9cada de Acci\u00f3n para la Seguridad Vial 2021-2030, con el ambicioso objetivo de prevenir al menos el 50% de las muertes por accidentes de tr\u00e1nsito y lesiones, para el 2030.&nbsp; En Argentina, seg\u00fan la asociaci\u00f3n Civil [&hellip;]\" \/>\n<meta property=\"og:url\" content=\"https:\/\/sergiolapegue.com\/site\/2024\/07\/09\/cada-ano-los-accidentes-de-transito-son-la-principal-causa-de-muerte-de-1-19-millones-de-personas\/\" \/>\n<meta property=\"og:site_name\" content=\"Sergio Lapegue\" \/>\n<meta property=\"article:publisher\" content=\"https:\/\/facebook.com\/sergiolapegue\" \/>\n<meta property=\"article:published_time\" content=\"2024-07-09T12:25:00+00:00\" \/>\n<meta property=\"og:image\" content=\"https:\/\/sergiolapegue.com\/site\/wp-content\/uploads\/2024\/07\/accidente-de-auto05.jpg\" \/>\n\t<meta property=\"og:image:width\" content=\"1280\" \/>\n\t<meta property=\"og:image:height\" content=\"720\" \/>\n\t<meta property=\"og:image:type\" content=\"image\/jpeg\" \/>\n<meta name=\"author\" content=\"Leonardo Monta\u00f1a\" \/>\n<meta name=\"twitter:card\" content=\"summary_large_image\" \/>\n<meta name=\"twitter:creator\" content=\"@https:\/\/twitter.com\/soytoto81\" \/>\n<meta name=\"twitter:site\" content=\"@sergiolapegue\" \/>\n<meta name=\"twitter:label1\" content=\"Escrito por\" \/>\n\t<meta name=\"twitter:data1\" content=\"Leonardo Monta\u00f1a\" \/>\n\t<meta name=\"twitter:label2\" content=\"Tiempo de lectura\" \/>\n\t<meta name=\"twitter:data2\" content=\"4 minutos\" \/>\n<script type=\"application\/ld+json\" class=\"yoast-schema-graph\">{\"@context\":\"https:\\\/\\\/schema.org\",\"@graph\":[{\"@type\":\"Article\",\"@id\":\"https:\\\/\\\/sergiolapegue.com\\\/site\\\/2024\\\/07\\\/09\\\/cada-ano-los-accidentes-de-transito-son-la-principal-causa-de-muerte-de-1-19-millones-de-personas\\\/#article\",\"isPartOf\":{\"@id\":\"https:\\\/\\\/sergiolapegue.com\\\/site\\\/2024\\\/07\\\/09\\\/cada-ano-los-accidentes-de-transito-son-la-principal-causa-de-muerte-de-1-19-millones-de-personas\\\/\"},\"author\":{\"name\":\"Leonardo Monta\u00f1a\",\"@id\":\"https:\\\/\\\/sergiolapegue.com\\\/site\\\/#\\\/schema\\\/person\\\/00adf937d010c7f79a180dc4916a40e0\"},\"headline\":\"Cada a\u00f1o, los accidentes de tr\u00e1nsito son la principal causa de muerte de 1.19 millones de personas\u00a0\",\"datePublished\":\"2024-07-09T12:25:00+00:00\",\"mainEntityOfPage\":{\"@id\":\"https:\\\/\\\/sergiolapegue.com\\\/site\\\/2024\\\/07\\\/09\\\/cada-ano-los-accidentes-de-transito-son-la-principal-causa-de-muerte-de-1-19-millones-de-personas\\\/\"},\"wordCount\":832,\"publisher\":{\"@id\":\"https:\\\/\\\/sergiolapegue.com\\\/site\\\/#\\\/schema\\\/person\\\/083aeceeb0734cd166779ea6c0551a37\"},\"image\":{\"@id\":\"https:\\\/\\\/sergiolapegue.com\\\/site\\\/2024\\\/07\\\/09\\\/cada-ano-los-accidentes-de-transito-son-la-principal-causa-de-muerte-de-1-19-millones-de-personas\\\/#primaryimage\"},\"thumbnailUrl\":\"https:\\\/\\\/sergiolapegue.com\\\/site\\\/wp-content\\\/uploads\\\/2024\\\/07\\\/accidente-de-auto05.jpg\",\"keywords\":[\"accidente\",\"auto\",\"conductor\",\"muerte\",\"persona\",\"seguridad\",\"vida\"],\"articleSection\":[\"Actualidad\"],\"inLanguage\":\"es-AR\"},{\"@type\":\"WebPage\",\"@id\":\"https:\\\/\\\/sergiolapegue.com\\\/site\\\/2024\\\/07\\\/09\\\/cada-ano-los-accidentes-de-transito-son-la-principal-causa-de-muerte-de-1-19-millones-de-personas\\\/\",\"url\":\"https:\\\/\\\/sergiolapegue.com\\\/site\\\/2024\\\/07\\\/09\\\/cada-ano-los-accidentes-de-transito-son-la-principal-causa-de-muerte-de-1-19-millones-de-personas\\\/\",\"name\":\"Cada a\u00f1o, los accidentes de tr\u00e1nsito son la principal causa de muerte de 1.19 millones de personas\u00a0 - Sergio Lapegue\",\"isPartOf\":{\"@id\":\"https:\\\/\\\/sergiolapegue.com\\\/site\\\/#website\"},\"primaryImageOfPage\":{\"@id\":\"https:\\\/\\\/sergiolapegue.com\\\/site\\\/2024\\\/07\\\/09\\\/cada-ano-los-accidentes-de-transito-son-la-principal-causa-de-muerte-de-1-19-millones-de-personas\\\/#primaryimage\"},\"image\":{\"@id\":\"https:\\\/\\\/sergiolapegue.com\\\/site\\\/2024\\\/07\\\/09\\\/cada-ano-los-accidentes-de-transito-son-la-principal-causa-de-muerte-de-1-19-millones-de-personas\\\/#primaryimage\"},\"thumbnailUrl\":\"https:\\\/\\\/sergiolapegue.com\\\/site\\\/wp-content\\\/uploads\\\/2024\\\/07\\\/accidente-de-auto05.jpg\",\"datePublished\":\"2024-07-09T12:25:00+00:00\",\"breadcrumb\":{\"@id\":\"https:\\\/\\\/sergiolapegue.com\\\/site\\\/2024\\\/07\\\/09\\\/cada-ano-los-accidentes-de-transito-son-la-principal-causa-de-muerte-de-1-19-millones-de-personas\\\/#breadcrumb\"},\"inLanguage\":\"es-AR\",\"potentialAction\":[{\"@type\":\"ReadAction\",\"target\":[\"https:\\\/\\\/sergiolapegue.com\\\/site\\\/2024\\\/07\\\/09\\\/cada-ano-los-accidentes-de-transito-son-la-principal-causa-de-muerte-de-1-19-millones-de-personas\\\/\"]}]},{\"@type\":\"ImageObject\",\"inLanguage\":\"es-AR\",\"@id\":\"https:\\\/\\\/sergiolapegue.com\\\/site\\\/2024\\\/07\\\/09\\\/cada-ano-los-accidentes-de-transito-son-la-principal-causa-de-muerte-de-1-19-millones-de-personas\\\/#primaryimage\",\"url\":\"https:\\\/\\\/sergiolapegue.com\\\/site\\\/wp-content\\\/uploads\\\/2024\\\/07\\\/accidente-de-auto05.jpg\",\"contentUrl\":\"https:\\\/\\\/sergiolapegue.com\\\/site\\\/wp-content\\\/uploads\\\/2024\\\/07\\\/accidente-de-auto05.jpg\",\"width\":1280,\"height\":720},{\"@type\":\"BreadcrumbList\",\"@id\":\"https:\\\/\\\/sergiolapegue.com\\\/site\\\/2024\\\/07\\\/09\\\/cada-ano-los-accidentes-de-transito-son-la-principal-causa-de-muerte-de-1-19-millones-de-personas\\\/#breadcrumb\",\"itemListElement\":[{\"@type\":\"ListItem\",\"position\":1,\"name\":\"Inicio\",\"item\":\"https:\\\/\\\/sergiolapegue.com\\\/site\\\/\"},{\"@type\":\"ListItem\",\"position\":2,\"name\":\"Cada a\u00f1o, los accidentes de tr\u00e1nsito son la principal causa de muerte de 1.19 millones de personas\u00a0\"}]},{\"@type\":\"WebSite\",\"@id\":\"https:\\\/\\\/sergiolapegue.com\\\/site\\\/#website\",\"url\":\"https:\\\/\\\/sergiolapegue.com\\\/site\\\/\",\"name\":\"Sergio Lapegue\",\"description\":\"Periodista\",\"publisher\":{\"@id\":\"https:\\\/\\\/sergiolapegue.com\\\/site\\\/#\\\/schema\\\/person\\\/083aeceeb0734cd166779ea6c0551a37\"},\"potentialAction\":[{\"@type\":\"SearchAction\",\"target\":{\"@type\":\"EntryPoint\",\"urlTemplate\":\"https:\\\/\\\/sergiolapegue.com\\\/site\\\/?s={search_term_string}\"},\"query-input\":{\"@type\":\"PropertyValueSpecification\",\"valueRequired\":true,\"valueName\":\"search_term_string\"}}],\"inLanguage\":\"es-AR\"},{\"@type\":[\"Person\",\"Organization\"],\"@id\":\"https:\\\/\\\/sergiolapegue.com\\\/site\\\/#\\\/schema\\\/person\\\/083aeceeb0734cd166779ea6c0551a37\",\"name\":\"Sergio Lapegue\",\"image\":{\"@type\":\"ImageObject\",\"inLanguage\":\"es-AR\",\"@id\":\"https:\\\/\\\/sergiolapegue.com\\\/site\\\/wp-content\\\/uploads\\\/2021\\\/04\\\/logo_header-1.png\",\"url\":\"https:\\\/\\\/sergiolapegue.com\\\/site\\\/wp-content\\\/uploads\\\/2021\\\/04\\\/logo_header-1.png\",\"contentUrl\":\"https:\\\/\\\/sergiolapegue.com\\\/site\\\/wp-content\\\/uploads\\\/2021\\\/04\\\/logo_header-1.png\",\"width\":272,\"height\":90,\"caption\":\"Sergio Lapegue\"},\"logo\":{\"@id\":\"https:\\\/\\\/sergiolapegue.com\\\/site\\\/wp-content\\\/uploads\\\/2021\\\/04\\\/logo_header-1.png\"},\"sameAs\":[\"https:\\\/\\\/facebook.com\\\/sergiolapegue\",\"https:\\\/\\\/instagram.com\\\/sergiolapegue\",\"https:\\\/\\\/x.com\\\/https:\\\/\\\/twitter.com\\\/sergiolapegue\"]},{\"@type\":\"Person\",\"@id\":\"https:\\\/\\\/sergiolapegue.com\\\/site\\\/#\\\/schema\\\/person\\\/00adf937d010c7f79a180dc4916a40e0\",\"name\":\"Leonardo Monta\u00f1a\",\"image\":{\"@type\":\"ImageObject\",\"inLanguage\":\"es-AR\",\"@id\":\"https:\\\/\\\/sergiolapegue.com\\\/site\\\/wp-content\\\/uploads\\\/2021\\\/04\\\/sl_avatar_Leonardo-150x150.jpg\",\"url\":\"https:\\\/\\\/sergiolapegue.com\\\/site\\\/wp-content\\\/uploads\\\/2021\\\/04\\\/sl_avatar_Leonardo-150x150.jpg\",\"contentUrl\":\"https:\\\/\\\/sergiolapegue.com\\\/site\\\/wp-content\\\/uploads\\\/2021\\\/04\\\/sl_avatar_Leonardo-150x150.jpg\",\"caption\":\"Leonardo Monta\u00f1a\"},\"sameAs\":[\"https:\\\/\\\/x.com\\\/https:\\\/\\\/twitter.com\\\/soytoto81\"],\"url\":\"https:\\\/\\\/sergiolapegue.com\\\/site\\\/author\\\/leonardo\\\/\"}]}<\/script>\n<!-- \/ Yoast SEO plugin. -->","yoast_head_json":{"title":"Cada a\u00f1o, los accidentes de tr\u00e1nsito son la principal causa de muerte de 1.19 millones de personas\u00a0 - Sergio Lapegue","robots":{"index":"index","follow":"follow","max-snippet":"max-snippet:-1","max-image-preview":"max-image-preview:large","max-video-preview":"max-video-preview:-1"},"canonical":"https:\/\/sergiolapegue.com\/site\/2024\/07\/09\/cada-ano-los-accidentes-de-transito-son-la-principal-causa-de-muerte-de-1-19-millones-de-personas\/","og_locale":"es_ES","og_type":"article","og_title":"Cada a\u00f1o, los accidentes de tr\u00e1nsito son la principal causa de muerte de 1.19 millones de personas\u00a0 - Sergio Lapegue","og_description":"En septiembre de 2020, la Asamblea General de la ONU adopt\u00f3 la&nbsp;resoluci\u00f3n A\/RES\/74\/299&nbsp;\u201dMejorando la seguridad vial mundial\u201d, proclamando la D\u00e9cada de Acci\u00f3n para la Seguridad Vial 2021-2030, con el ambicioso objetivo de prevenir al menos el 50% de las muertes por accidentes de tr\u00e1nsito y lesiones, para el 2030.&nbsp; En Argentina, seg\u00fan la asociaci\u00f3n Civil [&hellip;]","og_url":"https:\/\/sergiolapegue.com\/site\/2024\/07\/09\/cada-ano-los-accidentes-de-transito-son-la-principal-causa-de-muerte-de-1-19-millones-de-personas\/","og_site_name":"Sergio Lapegue","article_publisher":"https:\/\/facebook.com\/sergiolapegue","article_published_time":"2024-07-09T12:25:00+00:00","og_image":[{"width":1280,"height":720,"url":"https:\/\/sergiolapegue.com\/site\/wp-content\/uploads\/2024\/07\/accidente-de-auto05.jpg","type":"image\/jpeg"}],"author":"Leonardo Monta\u00f1a","twitter_card":"summary_large_image","twitter_creator":"@https:\/\/twitter.com\/soytoto81","twitter_site":"@sergiolapegue","twitter_misc":{"Escrito por":"Leonardo Monta\u00f1a","Tiempo de lectura":"4 minutos"},"schema":{"@context":"https:\/\/schema.org","@graph":[{"@type":"Article","@id":"https:\/\/sergiolapegue.com\/site\/2024\/07\/09\/cada-ano-los-accidentes-de-transito-son-la-principal-causa-de-muerte-de-1-19-millones-de-personas\/#article","isPartOf":{"@id":"https:\/\/sergiolapegue.com\/site\/2024\/07\/09\/cada-ano-los-accidentes-de-transito-son-la-principal-causa-de-muerte-de-1-19-millones-de-personas\/"},"author":{"name":"Leonardo Monta\u00f1a","@id":"https:\/\/sergiolapegue.com\/site\/#\/schema\/person\/00adf937d010c7f79a180dc4916a40e0"},"headline":"Cada a\u00f1o, los accidentes de tr\u00e1nsito son la principal causa de muerte de 1.19 millones de personas\u00a0","datePublished":"2024-07-09T12:25:00+00:00","mainEntityOfPage":{"@id":"https:\/\/sergiolapegue.com\/site\/2024\/07\/09\/cada-ano-los-accidentes-de-transito-son-la-principal-causa-de-muerte-de-1-19-millones-de-personas\/"},"wordCount":832,"publisher":{"@id":"https:\/\/sergiolapegue.com\/site\/#\/schema\/person\/083aeceeb0734cd166779ea6c0551a37"},"image":{"@id":"https:\/\/sergiolapegue.com\/site\/2024\/07\/09\/cada-ano-los-accidentes-de-transito-son-la-principal-causa-de-muerte-de-1-19-millones-de-personas\/#primaryimage"},"thumbnailUrl":"https:\/\/sergiolapegue.com\/site\/wp-content\/uploads\/2024\/07\/accidente-de-auto05.jpg","keywords":["accidente","auto","conductor","muerte","persona","seguridad","vida"],"articleSection":["Actualidad"],"inLanguage":"es-AR"},{"@type":"WebPage","@id":"https:\/\/sergiolapegue.com\/site\/2024\/07\/09\/cada-ano-los-accidentes-de-transito-son-la-principal-causa-de-muerte-de-1-19-millones-de-personas\/","url":"https:\/\/sergiolapegue.com\/site\/2024\/07\/09\/cada-ano-los-accidentes-de-transito-son-la-principal-causa-de-muerte-de-1-19-millones-de-personas\/","name":"Cada a\u00f1o, los accidentes de tr\u00e1nsito son la principal causa de muerte de 1.19 millones de personas\u00a0 - Sergio Lapegue","isPartOf":{"@id":"https:\/\/sergiolapegue.com\/site\/#website"},"primaryImageOfPage":{"@id":"https:\/\/sergiolapegue.com\/site\/2024\/07\/09\/cada-ano-los-accidentes-de-transito-son-la-principal-causa-de-muerte-de-1-19-millones-de-personas\/#primaryimage"},"image":{"@id":"https:\/\/sergiolapegue.com\/site\/2024\/07\/09\/cada-ano-los-accidentes-de-transito-son-la-principal-causa-de-muerte-de-1-19-millones-de-personas\/#primaryimage"},"thumbnailUrl":"https:\/\/sergiolapegue.com\/site\/wp-content\/uploads\/2024\/07\/accidente-de-auto05.jpg","datePublished":"2024-07-09T12:25:00+00:00","breadcrumb":{"@id":"https:\/\/sergiolapegue.com\/site\/2024\/07\/09\/cada-ano-los-accidentes-de-transito-son-la-principal-causa-de-muerte-de-1-19-millones-de-personas\/#breadcrumb"},"inLanguage":"es-AR","potentialAction":[{"@type":"ReadAction","target":["https:\/\/sergiolapegue.com\/site\/2024\/07\/09\/cada-ano-los-accidentes-de-transito-son-la-principal-causa-de-muerte-de-1-19-millones-de-personas\/"]}]},{"@type":"ImageObject","inLanguage":"es-AR","@id":"https:\/\/sergiolapegue.com\/site\/2024\/07\/09\/cada-ano-los-accidentes-de-transito-son-la-principal-causa-de-muerte-de-1-19-millones-de-personas\/#primaryimage","url":"https:\/\/sergiolapegue.com\/site\/wp-content\/uploads\/2024\/07\/accidente-de-auto05.jpg","contentUrl":"https:\/\/sergiolapegue.com\/site\/wp-content\/uploads\/2024\/07\/accidente-de-auto05.jpg","width":1280,"height":720},{"@type":"BreadcrumbList","@id":"https:\/\/sergiolapegue.com\/site\/2024\/07\/09\/cada-ano-los-accidentes-de-transito-son-la-principal-causa-de-muerte-de-1-19-millones-de-personas\/#breadcrumb","itemListElement":[{"@type":"ListItem","position":1,"name":"Inicio","item":"https:\/\/sergiolapegue.com\/site\/"},{"@type":"ListItem","position":2,"name":"Cada a\u00f1o, los accidentes de tr\u00e1nsito son la principal causa de muerte de 1.19 millones de personas\u00a0"}]},{"@type":"WebSite","@id":"https:\/\/sergiolapegue.com\/site\/#website","url":"https:\/\/sergiolapegue.com\/site\/","name":"Sergio Lapegue","description":"Periodista","publisher":{"@id":"https:\/\/sergiolapegue.com\/site\/#\/schema\/person\/083aeceeb0734cd166779ea6c0551a37"},"potentialAction":[{"@type":"SearchAction","target":{"@type":"EntryPoint","urlTemplate":"https:\/\/sergiolapegue.com\/site\/?s={search_term_string}"},"query-input":{"@type":"PropertyValueSpecification","valueRequired":true,"valueName":"search_term_string"}}],"inLanguage":"es-AR"},{"@type":["Person","Organization"],"@id":"https:\/\/sergiolapegue.com\/site\/#\/schema\/person\/083aeceeb0734cd166779ea6c0551a37","name":"Sergio Lapegue","image":{"@type":"ImageObject","inLanguage":"es-AR","@id":"https:\/\/sergiolapegue.com\/site\/wp-content\/uploads\/2021\/04\/logo_header-1.png","url":"https:\/\/sergiolapegue.com\/site\/wp-content\/uploads\/2021\/04\/logo_header-1.png","contentUrl":"https:\/\/sergiolapegue.com\/site\/wp-content\/uploads\/2021\/04\/logo_header-1.png","width":272,"height":90,"caption":"Sergio Lapegue"},"logo":{"@id":"https:\/\/sergiolapegue.com\/site\/wp-content\/uploads\/2021\/04\/logo_header-1.png"},"sameAs":["https:\/\/facebook.com\/sergiolapegue","https:\/\/instagram.com\/sergiolapegue","https:\/\/x.com\/https:\/\/twitter.com\/sergiolapegue"]},{"@type":"Person","@id":"https:\/\/sergiolapegue.com\/site\/#\/schema\/person\/00adf937d010c7f79a180dc4916a40e0","name":"Leonardo Monta\u00f1a","image":{"@type":"ImageObject","inLanguage":"es-AR","@id":"https:\/\/sergiolapegue.com\/site\/wp-content\/uploads\/2021\/04\/sl_avatar_Leonardo-150x150.jpg","url":"https:\/\/sergiolapegue.com\/site\/wp-content\/uploads\/2021\/04\/sl_avatar_Leonardo-150x150.jpg","contentUrl":"https:\/\/sergiolapegue.com\/site\/wp-content\/uploads\/2021\/04\/sl_avatar_Leonardo-150x150.jpg","caption":"Leonardo Monta\u00f1a"},"sameAs":["https:\/\/x.com\/https:\/\/twitter.com\/soytoto81"],"url":"https:\/\/sergiolapegue.com\/site\/author\/leonardo\/"}]}},"_links":{"self":[{"href":"https:\/\/sergiolapegue.com\/site\/wp-json\/wp\/v2\/posts\/16003","targetHints":{"allow":["GET"]}}],"collection":[{"href":"https:\/\/sergiolapegue.com\/site\/wp-json\/wp\/v2\/posts"}],"about":[{"href":"https:\/\/sergiolapegue.com\/site\/wp-json\/wp\/v2\/types\/post"}],"author":[{"embeddable":true,"href":"https:\/\/sergiolapegue.com\/site\/wp-json\/wp\/v2\/users\/4"}],"replies":[{"embeddable":true,"href":"https:\/\/sergiolapegue.com\/site\/wp-json\/wp\/v2\/comments?post=16003"}],"version-history":[{"count":1,"href":"https:\/\/sergiolapegue.com\/site\/wp-json\/wp\/v2\/posts\/16003\/revisions"}],"predecessor-version":[{"id":16006,"href":"https:\/\/sergiolapegue.com\/site\/wp-json\/wp\/v2\/posts\/16003\/revisions\/16006"}],"wp:featuredmedia":[{"embeddable":true,"href":"https:\/\/sergiolapegue.com\/site\/wp-json\/wp\/v2\/media\/16005"}],"wp:attachment":[{"href":"https:\/\/sergiolapegue.com\/site\/wp-json\/wp\/v2\/media?parent=16003"}],"wp:term":[{"taxonomy":"category","embeddable":true,"href":"https:\/\/sergiolapegue.com\/site\/wp-json\/wp\/v2\/categories?post=16003"},{"taxonomy":"post_tag","embeddable":true,"href":"https:\/\/sergiolapegue.com\/site\/wp-json\/wp\/v2\/tags?post=16003"}],"curies":[{"name":"wp","href":"https:\/\/api.w.org\/{rel}","templated":true}]}}