{"id":15823,"date":"2024-06-29T09:37:00","date_gmt":"2024-06-29T12:37:00","guid":{"rendered":"https:\/\/sergiolapegue.com\/site\/?p=15823"},"modified":"2024-06-25T14:42:29","modified_gmt":"2024-06-25T17:42:29","slug":"la-poeta-y-educadora-pamela-vestfrid-reflexiona-en-un-encantador-cuento-ilustrado-sobre-la-dimension-de-lo-colectivo-la-diversidad-y-la-inclusion","status":"publish","type":"post","link":"https:\/\/sergiolapegue.com\/site\/2024\/06\/29\/la-poeta-y-educadora-pamela-vestfrid-reflexiona-en-un-encantador-cuento-ilustrado-sobre-la-dimension-de-lo-colectivo-la-diversidad-y-la-inclusion\/","title":{"rendered":"La poeta y educadora Pamela Vestfrid reflexiona en un encantador cuento ilustrado sobre la dimensi\u00f3n de lo colectivo, la diversidad y la inclusi\u00f3n."},"content":{"rendered":"\n<p><strong>La cofrad\u00eda de los caracoles<\/strong> es una peque\u00f1a historia sobre los v\u00ednculos que pueden desarrollarse entre seres que son o parecen muy diferentes: en este nuevo cuento ilustrado de Pamela Vestfrid, <strong>un gato que siempre ha salido a cazar caracoles despu\u00e9s de la lluvia, desea por primera vez unirse a ellos, a su comunidad, en lugar de atacarlos<\/strong>. \u00bfSer\u00e1 posible dibujar una nueva amistad entre especies tan diversas? \u00bfPodr\u00e1n los caracoles confiar en \u00e9l?<\/p>\n\n\n\n<p><strong><em>En abril, La cofrad\u00eda de los caracoles recibi\u00f3 la Faja de Honor de la Sociedad de Escritores de la Provincia de Buenos Aires (SEP) en la categor\u00eda \u201cCuento infantil\/juvenil\u201d.<\/em><\/strong><\/p>\n\n\n\n<p>Dice Vestfrid sobre su libro: <em>\u201cEste cuento ilustrado propone a los lectores reflexionar sobre la amistad que se puede generar entre seres muy distintos. Aborda temas como la soledad, la empat\u00eda y los lazos que se despliegan en el patio de una casa entre un gato y un grupo de caracoles que aparecen tras copiosas lluvias\u201d.<\/em><\/p>\n\n\n\n<p><em>\u201cEsta peque\u00f1a historia refleja lo maravilloso de la vida <\/em>-a\u00f1ade la autora-.<em> Animarnos a cambiar en nuestros v\u00ednculos, abrirnos al encuentro de otras almas diversas que nos permitan crecer, conocer otras perspectivas de habitar el mundo.\u201d<\/em><\/p>\n\n\n\n<p><em>\u200bLa cofrad\u00eda de los caracoles<\/em> estar\u00e1 presente en la <strong>32<\/strong><strong>\u00aa<\/strong><strong> Feria del Libro Infantil y Juvenil<\/strong> (Stand de la SADE), que tendr\u00e1 lugar del 8 al 28 de julio en el Palacio Libertad (ExCCK, Sarmiento 151, CABA) de la Secretar\u00eda de Cultura de la Naci\u00f3n.<\/p>\n\n\n\n<p><strong>Pod\u00e9s adquirir este y otros libros de Pamela Vestfrid, desde cualquier punto del pa\u00eds, en <\/strong><a href=\"http:\/\/www.lanormallibros.com.ar\"><strong>www.lanormallibros.com.ar<\/strong><\/a>&nbsp;<\/p>\n\n\n\n<p><strong><em>\u00bfQui\u00e9n es la autora de La cofrad\u00eda de los caracoles?<\/em><\/strong><\/p>\n\n\n\n<p><strong>Pamela Vestfrid<\/strong> (<em>IG: <\/em><a href=\"http:\/\/pamela_vestfrid\/?utm_source=brevo&amp;utm_campaign=Gacetilla%20La%20cofrada%20de%20los%20caracoles&amp;utm_medium=email\"><em>@pamela_vestfrid<\/em><\/a><em>)<\/em><strong><em> <\/em><\/strong>naci\u00f3 en 1977 en La Plata, provincia de Buenos Aires, donde reside actualmente. Es Licenciada y Profesora en Comunicaci\u00f3n Social, egresada de la Universidad Nacional de La Plata (UNLP). Desde hace m\u00e1s de dos d\u00e9cadas, se desempe\u00f1a como profesora en establecimientos terciarios y universitarios.<\/p>\n\n\n<div class=\"wp-block-image\">\n<figure class=\"aligncenter\"><img decoding=\"async\" src=\"https:\/\/lh7-us.googleusercontent.com\/docsz\/AD_4nXfjvCZMfPGGdvmQC3DiYGQdBllH5EQof-LWOkFEwDdmYUtkGmyGlS83kMSio04fAWKcVFhyNXx9WT0Ckop5tORO4_Iw7m416kdgRUz-HqqD91-6Kgf0GmbCZQtD3vUt4IdUg9W6uIa2DKwnYOWV6N8LBBEJ?key=76Z-vaIRrWL1yTqswN0MBw\" alt=\"\"\/><\/figure>\n<\/div>\n\n\n<p>En enero de 2022 public\u00f3 el libro de cuentos, poemas, collages y fotograf\u00edas <strong><em>Collage infinito<\/em><\/strong>, a trav\u00e9s de Ediciones Hesp\u00e9rides, de La Plata. A este volumen le sigui\u00f3, en junio de ese a\u00f1o y por el mismo sello, el lanzamiento de su cuento <strong><em>La cofrad\u00eda de los caracoles<\/em><\/strong>, bellamente ilustrado por Rodrigo Vilches Luppo.<\/p>\n\n\n\n<p>En 2023, Vestfrid public\u00f3 el volumen <strong><em>Atajos po\u00e9ticos<\/em><\/strong>, 62 poemas acompa\u00f1ados con ilustraciones de Valentina Zeltner. Tambi\u00e9n durante el a\u00f1o pasado, cuatro estudiantes avanzados de la C\u00e1tedra de Lenguaje visual 3, de la Universidad Nacional de La Plata, realizaron versiones creativas de su cuento <strong>\u201cCuesti\u00f3n de imagen\u201d<\/strong>, que actualmente pueden leerse gratuitamente en el portal del SEDICI (sedici.unlp.edu.ar)<\/p>\n\n\n\n<p>En paralelo a su actividad literaria, esta destacada autora platense escribe en revistas acad\u00e9micas y medios de prensa sobre<strong> cultura digital, documentaci\u00f3n narrativa de la experiencia docente y metodolog\u00eda de la investigaci\u00f3n social<\/strong>. Adem\u00e1s, brinda capacitaciones de escritura presenciales y a distancia para quienes quieren desplegar su creatividad.<\/p>\n","protected":false},"excerpt":{"rendered":"<p>La cofrad\u00eda de los caracoles es una peque\u00f1a historia sobre los v\u00ednculos que pueden desarrollarse entre seres que son o parecen muy diferentes: en este nuevo cuento ilustrado de Pamela Vestfrid, un gato que siempre ha salido a cazar caracoles despu\u00e9s de la lluvia, desea por primera vez unirse a ellos, a su comunidad, en [&hellip;]<\/p>\n","protected":false},"author":4,"featured_media":15824,"comment_status":"closed","ping_status":"closed","sticky":false,"template":"","format":"standard","meta":{"footnotes":""},"categories":[34,37],"tags":[3617,1363,2342,1032,3616,684,2947],"class_list":{"0":"post-15823","1":"post","2":"type-post","3":"status-publish","4":"format-standard","5":"has-post-thumbnail","7":"category-arte","8":"category-libros","9":"tag-cofradia","10":"tag-colectivo","11":"tag-cuento","12":"tag-diversidad","13":"tag-educadora","14":"tag-inclusion","15":"tag-poeta"},"yoast_head":"<!-- This site is optimized with the Yoast SEO plugin v27.5 - https:\/\/yoast.com\/product\/yoast-seo-wordpress\/ -->\n<title>La poeta y educadora Pamela Vestfrid reflexiona en un encantador cuento ilustrado sobre la dimensi\u00f3n de lo colectivo, la diversidad y la inclusi\u00f3n. - Sergio Lapegue<\/title>\n<meta name=\"robots\" content=\"index, follow, max-snippet:-1, max-image-preview:large, max-video-preview:-1\" \/>\n<link rel=\"canonical\" href=\"https:\/\/sergiolapegue.com\/site\/2024\/06\/29\/la-poeta-y-educadora-pamela-vestfrid-reflexiona-en-un-encantador-cuento-ilustrado-sobre-la-dimension-de-lo-colectivo-la-diversidad-y-la-inclusion\/\" \/>\n<meta property=\"og:locale\" content=\"es_ES\" \/>\n<meta property=\"og:type\" content=\"article\" \/>\n<meta property=\"og:title\" content=\"La poeta y educadora Pamela Vestfrid reflexiona en un encantador cuento ilustrado sobre la dimensi\u00f3n de lo colectivo, la diversidad y la inclusi\u00f3n. - Sergio Lapegue\" \/>\n<meta property=\"og:description\" content=\"La cofrad\u00eda de los caracoles es una peque\u00f1a historia sobre los v\u00ednculos que pueden desarrollarse entre seres que son o parecen muy diferentes: en este nuevo cuento ilustrado de Pamela Vestfrid, un gato que siempre ha salido a cazar caracoles despu\u00e9s de la lluvia, desea por primera vez unirse a ellos, a su comunidad, en [&hellip;]\" \/>\n<meta property=\"og:url\" content=\"https:\/\/sergiolapegue.com\/site\/2024\/06\/29\/la-poeta-y-educadora-pamela-vestfrid-reflexiona-en-un-encantador-cuento-ilustrado-sobre-la-dimension-de-lo-colectivo-la-diversidad-y-la-inclusion\/\" \/>\n<meta property=\"og:site_name\" content=\"Sergio Lapegue\" \/>\n<meta property=\"article:publisher\" content=\"https:\/\/facebook.com\/sergiolapegue\" \/>\n<meta property=\"article:published_time\" content=\"2024-06-29T12:37:00+00:00\" \/>\n<meta property=\"og:image\" content=\"https:\/\/sergiolapegue.com\/site\/wp-content\/uploads\/2024\/06\/la-cofradia.webp\" \/>\n\t<meta property=\"og:image:width\" content=\"1496\" \/>\n\t<meta property=\"og:image:height\" content=\"1496\" \/>\n\t<meta property=\"og:image:type\" content=\"image\/webp\" \/>\n<meta name=\"author\" content=\"Leonardo Monta\u00f1a\" \/>\n<meta name=\"twitter:card\" content=\"summary_large_image\" \/>\n<meta name=\"twitter:creator\" content=\"@https:\/\/twitter.com\/soytoto81\" \/>\n<meta name=\"twitter:site\" content=\"@sergiolapegue\" \/>\n<meta name=\"twitter:label1\" content=\"Escrito por\" \/>\n\t<meta name=\"twitter:data1\" content=\"Leonardo Monta\u00f1a\" \/>\n\t<meta name=\"twitter:label2\" content=\"Tiempo de lectura\" \/>\n\t<meta name=\"twitter:data2\" content=\"3 minutos\" \/>\n<script type=\"application\/ld+json\" class=\"yoast-schema-graph\">{\"@context\":\"https:\\\/\\\/schema.org\",\"@graph\":[{\"@type\":\"Article\",\"@id\":\"https:\\\/\\\/sergiolapegue.com\\\/site\\\/2024\\\/06\\\/29\\\/la-poeta-y-educadora-pamela-vestfrid-reflexiona-en-un-encantador-cuento-ilustrado-sobre-la-dimension-de-lo-colectivo-la-diversidad-y-la-inclusion\\\/#article\",\"isPartOf\":{\"@id\":\"https:\\\/\\\/sergiolapegue.com\\\/site\\\/2024\\\/06\\\/29\\\/la-poeta-y-educadora-pamela-vestfrid-reflexiona-en-un-encantador-cuento-ilustrado-sobre-la-dimension-de-lo-colectivo-la-diversidad-y-la-inclusion\\\/\"},\"author\":{\"name\":\"Leonardo Monta\u00f1a\",\"@id\":\"https:\\\/\\\/sergiolapegue.com\\\/site\\\/#\\\/schema\\\/person\\\/00adf937d010c7f79a180dc4916a40e0\"},\"headline\":\"La poeta y educadora Pamela Vestfrid reflexiona en un encantador cuento ilustrado sobre la dimensi\u00f3n de lo colectivo, la diversidad y la inclusi\u00f3n.\",\"datePublished\":\"2024-06-29T12:37:00+00:00\",\"mainEntityOfPage\":{\"@id\":\"https:\\\/\\\/sergiolapegue.com\\\/site\\\/2024\\\/06\\\/29\\\/la-poeta-y-educadora-pamela-vestfrid-reflexiona-en-un-encantador-cuento-ilustrado-sobre-la-dimension-de-lo-colectivo-la-diversidad-y-la-inclusion\\\/\"},\"wordCount\":537,\"publisher\":{\"@id\":\"https:\\\/\\\/sergiolapegue.com\\\/site\\\/#\\\/schema\\\/person\\\/083aeceeb0734cd166779ea6c0551a37\"},\"image\":{\"@id\":\"https:\\\/\\\/sergiolapegue.com\\\/site\\\/2024\\\/06\\\/29\\\/la-poeta-y-educadora-pamela-vestfrid-reflexiona-en-un-encantador-cuento-ilustrado-sobre-la-dimension-de-lo-colectivo-la-diversidad-y-la-inclusion\\\/#primaryimage\"},\"thumbnailUrl\":\"https:\\\/\\\/sergiolapegue.com\\\/site\\\/wp-content\\\/uploads\\\/2024\\\/06\\\/la-cofradia.webp\",\"keywords\":[\"cofradia\",\"colectivo\",\"cuento\",\"diversidad\",\"educadora\",\"inclusion\",\"poeta\"],\"articleSection\":[\"Arte\",\"Libros\"],\"inLanguage\":\"es-AR\"},{\"@type\":\"WebPage\",\"@id\":\"https:\\\/\\\/sergiolapegue.com\\\/site\\\/2024\\\/06\\\/29\\\/la-poeta-y-educadora-pamela-vestfrid-reflexiona-en-un-encantador-cuento-ilustrado-sobre-la-dimension-de-lo-colectivo-la-diversidad-y-la-inclusion\\\/\",\"url\":\"https:\\\/\\\/sergiolapegue.com\\\/site\\\/2024\\\/06\\\/29\\\/la-poeta-y-educadora-pamela-vestfrid-reflexiona-en-un-encantador-cuento-ilustrado-sobre-la-dimension-de-lo-colectivo-la-diversidad-y-la-inclusion\\\/\",\"name\":\"La poeta y educadora Pamela Vestfrid reflexiona en un encantador cuento ilustrado sobre la dimensi\u00f3n de lo colectivo, la diversidad y la inclusi\u00f3n. - Sergio Lapegue\",\"isPartOf\":{\"@id\":\"https:\\\/\\\/sergiolapegue.com\\\/site\\\/#website\"},\"primaryImageOfPage\":{\"@id\":\"https:\\\/\\\/sergiolapegue.com\\\/site\\\/2024\\\/06\\\/29\\\/la-poeta-y-educadora-pamela-vestfrid-reflexiona-en-un-encantador-cuento-ilustrado-sobre-la-dimension-de-lo-colectivo-la-diversidad-y-la-inclusion\\\/#primaryimage\"},\"image\":{\"@id\":\"https:\\\/\\\/sergiolapegue.com\\\/site\\\/2024\\\/06\\\/29\\\/la-poeta-y-educadora-pamela-vestfrid-reflexiona-en-un-encantador-cuento-ilustrado-sobre-la-dimension-de-lo-colectivo-la-diversidad-y-la-inclusion\\\/#primaryimage\"},\"thumbnailUrl\":\"https:\\\/\\\/sergiolapegue.com\\\/site\\\/wp-content\\\/uploads\\\/2024\\\/06\\\/la-cofradia.webp\",\"datePublished\":\"2024-06-29T12:37:00+00:00\",\"breadcrumb\":{\"@id\":\"https:\\\/\\\/sergiolapegue.com\\\/site\\\/2024\\\/06\\\/29\\\/la-poeta-y-educadora-pamela-vestfrid-reflexiona-en-un-encantador-cuento-ilustrado-sobre-la-dimension-de-lo-colectivo-la-diversidad-y-la-inclusion\\\/#breadcrumb\"},\"inLanguage\":\"es-AR\",\"potentialAction\":[{\"@type\":\"ReadAction\",\"target\":[\"https:\\\/\\\/sergiolapegue.com\\\/site\\\/2024\\\/06\\\/29\\\/la-poeta-y-educadora-pamela-vestfrid-reflexiona-en-un-encantador-cuento-ilustrado-sobre-la-dimension-de-lo-colectivo-la-diversidad-y-la-inclusion\\\/\"]}]},{\"@type\":\"ImageObject\",\"inLanguage\":\"es-AR\",\"@id\":\"https:\\\/\\\/sergiolapegue.com\\\/site\\\/2024\\\/06\\\/29\\\/la-poeta-y-educadora-pamela-vestfrid-reflexiona-en-un-encantador-cuento-ilustrado-sobre-la-dimension-de-lo-colectivo-la-diversidad-y-la-inclusion\\\/#primaryimage\",\"url\":\"https:\\\/\\\/sergiolapegue.com\\\/site\\\/wp-content\\\/uploads\\\/2024\\\/06\\\/la-cofradia.webp\",\"contentUrl\":\"https:\\\/\\\/sergiolapegue.com\\\/site\\\/wp-content\\\/uploads\\\/2024\\\/06\\\/la-cofradia.webp\",\"width\":1496,\"height\":1496},{\"@type\":\"BreadcrumbList\",\"@id\":\"https:\\\/\\\/sergiolapegue.com\\\/site\\\/2024\\\/06\\\/29\\\/la-poeta-y-educadora-pamela-vestfrid-reflexiona-en-un-encantador-cuento-ilustrado-sobre-la-dimension-de-lo-colectivo-la-diversidad-y-la-inclusion\\\/#breadcrumb\",\"itemListElement\":[{\"@type\":\"ListItem\",\"position\":1,\"name\":\"Inicio\",\"item\":\"https:\\\/\\\/sergiolapegue.com\\\/site\\\/\"},{\"@type\":\"ListItem\",\"position\":2,\"name\":\"La poeta y educadora Pamela Vestfrid reflexiona en un encantador cuento ilustrado sobre la dimensi\u00f3n de lo colectivo, la diversidad y la inclusi\u00f3n.\"}]},{\"@type\":\"WebSite\",\"@id\":\"https:\\\/\\\/sergiolapegue.com\\\/site\\\/#website\",\"url\":\"https:\\\/\\\/sergiolapegue.com\\\/site\\\/\",\"name\":\"Sergio Lapegue\",\"description\":\"Periodista\",\"publisher\":{\"@id\":\"https:\\\/\\\/sergiolapegue.com\\\/site\\\/#\\\/schema\\\/person\\\/083aeceeb0734cd166779ea6c0551a37\"},\"potentialAction\":[{\"@type\":\"SearchAction\",\"target\":{\"@type\":\"EntryPoint\",\"urlTemplate\":\"https:\\\/\\\/sergiolapegue.com\\\/site\\\/?s={search_term_string}\"},\"query-input\":{\"@type\":\"PropertyValueSpecification\",\"valueRequired\":true,\"valueName\":\"search_term_string\"}}],\"inLanguage\":\"es-AR\"},{\"@type\":[\"Person\",\"Organization\"],\"@id\":\"https:\\\/\\\/sergiolapegue.com\\\/site\\\/#\\\/schema\\\/person\\\/083aeceeb0734cd166779ea6c0551a37\",\"name\":\"Sergio Lapegue\",\"image\":{\"@type\":\"ImageObject\",\"inLanguage\":\"es-AR\",\"@id\":\"https:\\\/\\\/sergiolapegue.com\\\/site\\\/wp-content\\\/uploads\\\/2021\\\/04\\\/logo_header-1.png\",\"url\":\"https:\\\/\\\/sergiolapegue.com\\\/site\\\/wp-content\\\/uploads\\\/2021\\\/04\\\/logo_header-1.png\",\"contentUrl\":\"https:\\\/\\\/sergiolapegue.com\\\/site\\\/wp-content\\\/uploads\\\/2021\\\/04\\\/logo_header-1.png\",\"width\":272,\"height\":90,\"caption\":\"Sergio Lapegue\"},\"logo\":{\"@id\":\"https:\\\/\\\/sergiolapegue.com\\\/site\\\/wp-content\\\/uploads\\\/2021\\\/04\\\/logo_header-1.png\"},\"sameAs\":[\"https:\\\/\\\/facebook.com\\\/sergiolapegue\",\"https:\\\/\\\/instagram.com\\\/sergiolapegue\",\"https:\\\/\\\/x.com\\\/https:\\\/\\\/twitter.com\\\/sergiolapegue\"]},{\"@type\":\"Person\",\"@id\":\"https:\\\/\\\/sergiolapegue.com\\\/site\\\/#\\\/schema\\\/person\\\/00adf937d010c7f79a180dc4916a40e0\",\"name\":\"Leonardo Monta\u00f1a\",\"image\":{\"@type\":\"ImageObject\",\"inLanguage\":\"es-AR\",\"@id\":\"https:\\\/\\\/sergiolapegue.com\\\/site\\\/wp-content\\\/uploads\\\/2021\\\/04\\\/sl_avatar_Leonardo-150x150.jpg\",\"url\":\"https:\\\/\\\/sergiolapegue.com\\\/site\\\/wp-content\\\/uploads\\\/2021\\\/04\\\/sl_avatar_Leonardo-150x150.jpg\",\"contentUrl\":\"https:\\\/\\\/sergiolapegue.com\\\/site\\\/wp-content\\\/uploads\\\/2021\\\/04\\\/sl_avatar_Leonardo-150x150.jpg\",\"caption\":\"Leonardo Monta\u00f1a\"},\"sameAs\":[\"https:\\\/\\\/x.com\\\/https:\\\/\\\/twitter.com\\\/soytoto81\"],\"url\":\"https:\\\/\\\/sergiolapegue.com\\\/site\\\/author\\\/leonardo\\\/\"}]}<\/script>\n<!-- \/ Yoast SEO plugin. -->","yoast_head_json":{"title":"La poeta y educadora Pamela Vestfrid reflexiona en un encantador cuento ilustrado sobre la dimensi\u00f3n de lo colectivo, la diversidad y la inclusi\u00f3n. - Sergio Lapegue","robots":{"index":"index","follow":"follow","max-snippet":"max-snippet:-1","max-image-preview":"max-image-preview:large","max-video-preview":"max-video-preview:-1"},"canonical":"https:\/\/sergiolapegue.com\/site\/2024\/06\/29\/la-poeta-y-educadora-pamela-vestfrid-reflexiona-en-un-encantador-cuento-ilustrado-sobre-la-dimension-de-lo-colectivo-la-diversidad-y-la-inclusion\/","og_locale":"es_ES","og_type":"article","og_title":"La poeta y educadora Pamela Vestfrid reflexiona en un encantador cuento ilustrado sobre la dimensi\u00f3n de lo colectivo, la diversidad y la inclusi\u00f3n. - Sergio Lapegue","og_description":"La cofrad\u00eda de los caracoles es una peque\u00f1a historia sobre los v\u00ednculos que pueden desarrollarse entre seres que son o parecen muy diferentes: en este nuevo cuento ilustrado de Pamela Vestfrid, un gato que siempre ha salido a cazar caracoles despu\u00e9s de la lluvia, desea por primera vez unirse a ellos, a su comunidad, en [&hellip;]","og_url":"https:\/\/sergiolapegue.com\/site\/2024\/06\/29\/la-poeta-y-educadora-pamela-vestfrid-reflexiona-en-un-encantador-cuento-ilustrado-sobre-la-dimension-de-lo-colectivo-la-diversidad-y-la-inclusion\/","og_site_name":"Sergio Lapegue","article_publisher":"https:\/\/facebook.com\/sergiolapegue","article_published_time":"2024-06-29T12:37:00+00:00","og_image":[{"width":1496,"height":1496,"url":"https:\/\/sergiolapegue.com\/site\/wp-content\/uploads\/2024\/06\/la-cofradia.webp","type":"image\/webp"}],"author":"Leonardo Monta\u00f1a","twitter_card":"summary_large_image","twitter_creator":"@https:\/\/twitter.com\/soytoto81","twitter_site":"@sergiolapegue","twitter_misc":{"Escrito por":"Leonardo Monta\u00f1a","Tiempo de lectura":"3 minutos"},"schema":{"@context":"https:\/\/schema.org","@graph":[{"@type":"Article","@id":"https:\/\/sergiolapegue.com\/site\/2024\/06\/29\/la-poeta-y-educadora-pamela-vestfrid-reflexiona-en-un-encantador-cuento-ilustrado-sobre-la-dimension-de-lo-colectivo-la-diversidad-y-la-inclusion\/#article","isPartOf":{"@id":"https:\/\/sergiolapegue.com\/site\/2024\/06\/29\/la-poeta-y-educadora-pamela-vestfrid-reflexiona-en-un-encantador-cuento-ilustrado-sobre-la-dimension-de-lo-colectivo-la-diversidad-y-la-inclusion\/"},"author":{"name":"Leonardo Monta\u00f1a","@id":"https:\/\/sergiolapegue.com\/site\/#\/schema\/person\/00adf937d010c7f79a180dc4916a40e0"},"headline":"La poeta y educadora Pamela Vestfrid reflexiona en un encantador cuento ilustrado sobre la dimensi\u00f3n de lo colectivo, la diversidad y la inclusi\u00f3n.","datePublished":"2024-06-29T12:37:00+00:00","mainEntityOfPage":{"@id":"https:\/\/sergiolapegue.com\/site\/2024\/06\/29\/la-poeta-y-educadora-pamela-vestfrid-reflexiona-en-un-encantador-cuento-ilustrado-sobre-la-dimension-de-lo-colectivo-la-diversidad-y-la-inclusion\/"},"wordCount":537,"publisher":{"@id":"https:\/\/sergiolapegue.com\/site\/#\/schema\/person\/083aeceeb0734cd166779ea6c0551a37"},"image":{"@id":"https:\/\/sergiolapegue.com\/site\/2024\/06\/29\/la-poeta-y-educadora-pamela-vestfrid-reflexiona-en-un-encantador-cuento-ilustrado-sobre-la-dimension-de-lo-colectivo-la-diversidad-y-la-inclusion\/#primaryimage"},"thumbnailUrl":"https:\/\/sergiolapegue.com\/site\/wp-content\/uploads\/2024\/06\/la-cofradia.webp","keywords":["cofradia","colectivo","cuento","diversidad","educadora","inclusion","poeta"],"articleSection":["Arte","Libros"],"inLanguage":"es-AR"},{"@type":"WebPage","@id":"https:\/\/sergiolapegue.com\/site\/2024\/06\/29\/la-poeta-y-educadora-pamela-vestfrid-reflexiona-en-un-encantador-cuento-ilustrado-sobre-la-dimension-de-lo-colectivo-la-diversidad-y-la-inclusion\/","url":"https:\/\/sergiolapegue.com\/site\/2024\/06\/29\/la-poeta-y-educadora-pamela-vestfrid-reflexiona-en-un-encantador-cuento-ilustrado-sobre-la-dimension-de-lo-colectivo-la-diversidad-y-la-inclusion\/","name":"La poeta y educadora Pamela Vestfrid reflexiona en un encantador cuento ilustrado sobre la dimensi\u00f3n de lo colectivo, la diversidad y la inclusi\u00f3n. - Sergio Lapegue","isPartOf":{"@id":"https:\/\/sergiolapegue.com\/site\/#website"},"primaryImageOfPage":{"@id":"https:\/\/sergiolapegue.com\/site\/2024\/06\/29\/la-poeta-y-educadora-pamela-vestfrid-reflexiona-en-un-encantador-cuento-ilustrado-sobre-la-dimension-de-lo-colectivo-la-diversidad-y-la-inclusion\/#primaryimage"},"image":{"@id":"https:\/\/sergiolapegue.com\/site\/2024\/06\/29\/la-poeta-y-educadora-pamela-vestfrid-reflexiona-en-un-encantador-cuento-ilustrado-sobre-la-dimension-de-lo-colectivo-la-diversidad-y-la-inclusion\/#primaryimage"},"thumbnailUrl":"https:\/\/sergiolapegue.com\/site\/wp-content\/uploads\/2024\/06\/la-cofradia.webp","datePublished":"2024-06-29T12:37:00+00:00","breadcrumb":{"@id":"https:\/\/sergiolapegue.com\/site\/2024\/06\/29\/la-poeta-y-educadora-pamela-vestfrid-reflexiona-en-un-encantador-cuento-ilustrado-sobre-la-dimension-de-lo-colectivo-la-diversidad-y-la-inclusion\/#breadcrumb"},"inLanguage":"es-AR","potentialAction":[{"@type":"ReadAction","target":["https:\/\/sergiolapegue.com\/site\/2024\/06\/29\/la-poeta-y-educadora-pamela-vestfrid-reflexiona-en-un-encantador-cuento-ilustrado-sobre-la-dimension-de-lo-colectivo-la-diversidad-y-la-inclusion\/"]}]},{"@type":"ImageObject","inLanguage":"es-AR","@id":"https:\/\/sergiolapegue.com\/site\/2024\/06\/29\/la-poeta-y-educadora-pamela-vestfrid-reflexiona-en-un-encantador-cuento-ilustrado-sobre-la-dimension-de-lo-colectivo-la-diversidad-y-la-inclusion\/#primaryimage","url":"https:\/\/sergiolapegue.com\/site\/wp-content\/uploads\/2024\/06\/la-cofradia.webp","contentUrl":"https:\/\/sergiolapegue.com\/site\/wp-content\/uploads\/2024\/06\/la-cofradia.webp","width":1496,"height":1496},{"@type":"BreadcrumbList","@id":"https:\/\/sergiolapegue.com\/site\/2024\/06\/29\/la-poeta-y-educadora-pamela-vestfrid-reflexiona-en-un-encantador-cuento-ilustrado-sobre-la-dimension-de-lo-colectivo-la-diversidad-y-la-inclusion\/#breadcrumb","itemListElement":[{"@type":"ListItem","position":1,"name":"Inicio","item":"https:\/\/sergiolapegue.com\/site\/"},{"@type":"ListItem","position":2,"name":"La poeta y educadora Pamela Vestfrid reflexiona en un encantador cuento ilustrado sobre la dimensi\u00f3n de lo colectivo, la diversidad y la inclusi\u00f3n."}]},{"@type":"WebSite","@id":"https:\/\/sergiolapegue.com\/site\/#website","url":"https:\/\/sergiolapegue.com\/site\/","name":"Sergio Lapegue","description":"Periodista","publisher":{"@id":"https:\/\/sergiolapegue.com\/site\/#\/schema\/person\/083aeceeb0734cd166779ea6c0551a37"},"potentialAction":[{"@type":"SearchAction","target":{"@type":"EntryPoint","urlTemplate":"https:\/\/sergiolapegue.com\/site\/?s={search_term_string}"},"query-input":{"@type":"PropertyValueSpecification","valueRequired":true,"valueName":"search_term_string"}}],"inLanguage":"es-AR"},{"@type":["Person","Organization"],"@id":"https:\/\/sergiolapegue.com\/site\/#\/schema\/person\/083aeceeb0734cd166779ea6c0551a37","name":"Sergio Lapegue","image":{"@type":"ImageObject","inLanguage":"es-AR","@id":"https:\/\/sergiolapegue.com\/site\/wp-content\/uploads\/2021\/04\/logo_header-1.png","url":"https:\/\/sergiolapegue.com\/site\/wp-content\/uploads\/2021\/04\/logo_header-1.png","contentUrl":"https:\/\/sergiolapegue.com\/site\/wp-content\/uploads\/2021\/04\/logo_header-1.png","width":272,"height":90,"caption":"Sergio Lapegue"},"logo":{"@id":"https:\/\/sergiolapegue.com\/site\/wp-content\/uploads\/2021\/04\/logo_header-1.png"},"sameAs":["https:\/\/facebook.com\/sergiolapegue","https:\/\/instagram.com\/sergiolapegue","https:\/\/x.com\/https:\/\/twitter.com\/sergiolapegue"]},{"@type":"Person","@id":"https:\/\/sergiolapegue.com\/site\/#\/schema\/person\/00adf937d010c7f79a180dc4916a40e0","name":"Leonardo Monta\u00f1a","image":{"@type":"ImageObject","inLanguage":"es-AR","@id":"https:\/\/sergiolapegue.com\/site\/wp-content\/uploads\/2021\/04\/sl_avatar_Leonardo-150x150.jpg","url":"https:\/\/sergiolapegue.com\/site\/wp-content\/uploads\/2021\/04\/sl_avatar_Leonardo-150x150.jpg","contentUrl":"https:\/\/sergiolapegue.com\/site\/wp-content\/uploads\/2021\/04\/sl_avatar_Leonardo-150x150.jpg","caption":"Leonardo Monta\u00f1a"},"sameAs":["https:\/\/x.com\/https:\/\/twitter.com\/soytoto81"],"url":"https:\/\/sergiolapegue.com\/site\/author\/leonardo\/"}]}},"_links":{"self":[{"href":"https:\/\/sergiolapegue.com\/site\/wp-json\/wp\/v2\/posts\/15823","targetHints":{"allow":["GET"]}}],"collection":[{"href":"https:\/\/sergiolapegue.com\/site\/wp-json\/wp\/v2\/posts"}],"about":[{"href":"https:\/\/sergiolapegue.com\/site\/wp-json\/wp\/v2\/types\/post"}],"author":[{"embeddable":true,"href":"https:\/\/sergiolapegue.com\/site\/wp-json\/wp\/v2\/users\/4"}],"replies":[{"embeddable":true,"href":"https:\/\/sergiolapegue.com\/site\/wp-json\/wp\/v2\/comments?post=15823"}],"version-history":[{"count":1,"href":"https:\/\/sergiolapegue.com\/site\/wp-json\/wp\/v2\/posts\/15823\/revisions"}],"predecessor-version":[{"id":15825,"href":"https:\/\/sergiolapegue.com\/site\/wp-json\/wp\/v2\/posts\/15823\/revisions\/15825"}],"wp:featuredmedia":[{"embeddable":true,"href":"https:\/\/sergiolapegue.com\/site\/wp-json\/wp\/v2\/media\/15824"}],"wp:attachment":[{"href":"https:\/\/sergiolapegue.com\/site\/wp-json\/wp\/v2\/media?parent=15823"}],"wp:term":[{"taxonomy":"category","embeddable":true,"href":"https:\/\/sergiolapegue.com\/site\/wp-json\/wp\/v2\/categories?post=15823"},{"taxonomy":"post_tag","embeddable":true,"href":"https:\/\/sergiolapegue.com\/site\/wp-json\/wp\/v2\/tags?post=15823"}],"curies":[{"name":"wp","href":"https:\/\/api.w.org\/{rel}","templated":true}]}}