{"id":15780,"date":"2024-06-27T17:00:00","date_gmt":"2024-06-27T20:00:00","guid":{"rendered":"https:\/\/sergiolapegue.com\/site\/?p=15780"},"modified":"2024-06-26T00:41:54","modified_gmt":"2024-06-26T03:41:54","slug":"mejunje-llega-al-cine-gaumont","status":"publish","type":"post","link":"https:\/\/sergiolapegue.com\/site\/2024\/06\/27\/mejunje-llega-al-cine-gaumont\/","title":{"rendered":"Mejunje llega al Cine Gaumont"},"content":{"rendered":"\n<p>El 4 de julio se estrena en el cine Gaumont MEJUNJE del director Javier Pernas. El documental cuenta la historia de Melisa Granados, una actriz de 37 a\u00f1os con s\u00edndrome de down que, pese a su larga trayectoria en el mundo teatral y con m\u00e1s de una docena de obras en escena, decide dar un cambio radical a su carrera abandonando el drama para volcarse a la comedia y al clown. Re\u00edrse de las propias frustraciones, dice la actriz. No hacer llorar nunca m\u00e1s a nadie.<\/p>\n\n\n\n<p>Su clown es Mejunje, una payasa glamourosa con aires de diva que confronta e incomoda. Junto a ella, la actriz luchar\u00e1 por derribar muros y prejuicios para abrirse camino dentro de un mundo que la discrimina y estigmatiza, con solo la risa como arma. La historia de Mejunje es la historia de Melisa y de lo que tuvo que luchar toda su vida para llegar a este momento: salir a escena, sola frente al p\u00fablico, con el \u00fanico fin de hacerlo re\u00edr y que, como dice ella: \u201cla vean con otros ojos\u201d.<\/p>\n\n\n\n<p>Es, a su vez, el recorrido al que se enfrentan las mujeres con discapacidad. El apoyo de su entorno, los cuidados de su madre y las herramientas que encontr\u00f3 en el teatro para barrer su autopercepci\u00f3n. Melisa y Mejunje se enfrentan a su p\u00fablico con el desaf\u00edo de hacerlo re\u00edr y dar un paso m\u00e1s en la construcci\u00f3n de comunidades m\u00e1s inclusivas.<\/p>\n\n\n\n<p>Con producci\u00f3n de Carolina L\u00f3pez Scondras y Daniel Baez y m\u00fasica a cargo de la Orquesta Escuela de Chascom\u00fas, el documental particip\u00f3 del FIC.UBA 2023, d\u00f3nde recibi\u00f3 una menci\u00f3n especial del jurado y del Festival de Cine de Chascom\u00fas \u2013 FCCH con proyecci\u00f3n a sala llena.<\/p>\n\n\n\n<p>MEJUNJE Podr\u00e1 verse del 4 al 10 de Julio a las 18.45 hs en el espacio INCAA \u2013 Cine Gaumont de Avenida Rivadavia 1635, CABA.<\/p>\n\n\n\n<figure class=\"wp-block-image size-full\"><img loading=\"lazy\" decoding=\"async\" width=\"730\" height=\"410\" src=\"https:\/\/sergiolapegue.com\/site\/wp-content\/uploads\/2024\/06\/Mejunje01.jpg\" alt=\"\" class=\"wp-image-15781\" srcset=\"https:\/\/sergiolapegue.com\/site\/wp-content\/uploads\/2024\/06\/Mejunje01.jpg 730w, https:\/\/sergiolapegue.com\/site\/wp-content\/uploads\/2024\/06\/Mejunje01-300x168.jpg 300w, https:\/\/sergiolapegue.com\/site\/wp-content\/uploads\/2024\/06\/Mejunje01-696x391.jpg 696w\" sizes=\"auto, (max-width: 730px) 100vw, 730px\" \/><\/figure>\n\n\n\n<p><strong>SINOPSIS<\/strong><\/p>\n\n\n\n<p>Melisa Granados es actriz, tiene 37 a\u00f1os y s\u00edndrome de down. Lleva una larga trayectoria en el mundo teatral y m\u00e1s de una docena de obras en escena. Sin embargo, esta noche es distinta. Estrena su primer unipersonal.<\/p>\n\n\n\n<p>A \u00e9l llega luego de un a\u00f1o de trabajo y despu\u00e9s de decidir abandonar el teatro cl\u00e1sico para dedicarse al clown. Re\u00edrse de las propias frustraciones, dice la actriz. No hacer llorar nunca m\u00e1s a nadie.<\/p>\n\n\n\n<p>Su clown es Mejunje, una payasa glamourosa con aires de diva que confronta e incomoda. Junto a ella, la actriz luchar\u00e1 por derribar muros y prejuicios para abrirse camino dentro de un mundo que la discrimina y estigmatiza, con solo la risa como arma.<\/p>\n\n\n\n<p>La historia de Mejunje es la historia de Melisa y es, a su vez, el recorrido al que se enfrentan las mujeres con discapacidad. El apoyo de su entorno, los cuidados de su madre y las herramientas que encontr\u00f3 en el teatro para barrer su autopercepci\u00f3n. Melisa y Mejunje se enfrentan a su p\u00fablico con el desaf\u00edo de hacerlo re\u00edr y dar un paso m\u00e1s en la construcci\u00f3n de comunidades m\u00e1s inclusivas.<\/p>\n\n\n\n<figure class=\"wp-block-image size-full\"><img loading=\"lazy\" decoding=\"async\" width=\"990\" height=\"354\" src=\"https:\/\/sergiolapegue.com\/site\/wp-content\/uploads\/2024\/06\/Mejunje02.jpg\" alt=\"\" class=\"wp-image-15782\" srcset=\"https:\/\/sergiolapegue.com\/site\/wp-content\/uploads\/2024\/06\/Mejunje02.jpg 990w, https:\/\/sergiolapegue.com\/site\/wp-content\/uploads\/2024\/06\/Mejunje02-300x107.jpg 300w, https:\/\/sergiolapegue.com\/site\/wp-content\/uploads\/2024\/06\/Mejunje02-768x275.jpg 768w, https:\/\/sergiolapegue.com\/site\/wp-content\/uploads\/2024\/06\/Mejunje02-696x249.jpg 696w\" sizes=\"auto, (max-width: 990px) 100vw, 990px\" \/><\/figure>\n\n\n\n<p><strong>Ficha T\u00e9cnica<\/strong><\/p>\n\n\n\n<p>T\u00edtulo original: Mejunje<br>Pa\u00eds: Argentina<br>Duraci\u00f3n en minutos: 82<br>A\u00f1o: 2022<br>Idioma: Espa\u00f1ol<br>Subtitulos: Ingl\u00e9s<br>Director: Javier Pernas<br>Gui\u00f3n: Javier Pernas<br>Fotograf\u00eda: Fernando Nogueira<br>Edici\u00f3n: Luciana Rodrigues Dacunto<br>Dise\u00f1o de sonido: Dino Savi<br>M\u00fasica: Orquesta Escuela Chascom\u00fas<br>Producci\u00f3n: Carolina L\u00f3pez Scondras \/ Daniel Baez<br>Gr\u00e1fica: Juan Cruz Gonella<br>Compa\u00f1\u00eda Productora: NAG Producciones<br>Protagonistas:<br>Melisa Granados<br>Fernando Jegger<br>Elsa G\u00f3mez Diani<\/p>\n\n\n\n<figure class=\"wp-block-image size-full is-resized\"><img loading=\"lazy\" decoding=\"async\" width=\"982\" height=\"315\" src=\"https:\/\/sergiolapegue.com\/site\/wp-content\/uploads\/2024\/06\/Mejunje03.jpg\" alt=\"\" class=\"wp-image-15783\" style=\"width:703px;height:auto\" srcset=\"https:\/\/sergiolapegue.com\/site\/wp-content\/uploads\/2024\/06\/Mejunje03.jpg 982w, https:\/\/sergiolapegue.com\/site\/wp-content\/uploads\/2024\/06\/Mejunje03-300x96.jpg 300w, https:\/\/sergiolapegue.com\/site\/wp-content\/uploads\/2024\/06\/Mejunje03-768x246.jpg 768w, https:\/\/sergiolapegue.com\/site\/wp-content\/uploads\/2024\/06\/Mejunje03-696x223.jpg 696w\" sizes=\"auto, (max-width: 982px) 100vw, 982px\" \/><\/figure>\n\n\n\n<p><strong>JAVIER PERNAS (director)<\/strong><\/p>\n\n\n\n<p>Nace en Buenos Aires, Argentina, el 31 de marzo de 1976. En el a\u00f1o 1998 obtiene la Licenciatura en Periodismo en la Universidad del Salvador de Buenos Aires, donde consigue una beca para realizar cursos extraacad\u00e9micos en el Instituto Tecnol\u00f3gico y de Estudios Superiores Monterrey, en M\u00e9xico.<\/p>\n\n\n\n<p>A su regreso a la Argentina comienza a trabajar en distintos canales de televisi\u00f3n en lo que refiere a la producci\u00f3n y realizaci\u00f3n, tanto de programas period\u00edsticos como art\u00edsticos. Dentro de esta actividad, se destaca como realizador volcado al tratamiento de la imagen, el guion y a<br>la posproducci\u00f3n por m\u00e1s de diez a\u00f1os.<\/p>\n\n\n\n<p>En el 2008 realiza el Master Documental y Sociedad en la Escola de Cinema i Audiovisuals de Catalunya ESCAC en Espa\u00f1a, participando en la realizaci\u00f3n colectiva del Documental MERCAT, seleccionado para el Festival Documenta Madrid 2009.<\/p>\n\n\n\n<p>BAR CARMEL, su primer largometraje, cont\u00f3 con la coproducci\u00f3n de TV\u00b73 y el ICIC y fue emitido con gran \u00e9xito por TVC. Otras series y documentales como FET A M\u00c0, EL ROSTRE DEL CIRURGIA o LA FRAGILIDAD DEL TIEMPO entre otros tambi\u00e9n contaron con el apoyo de cadenas y redes de televisi\u00f3n.<\/p>\n\n\n\n<p>En 2013 dirige PISO COMPARTIDO, su segundo largometraje documental con el que participa del Festival de Derechos Humanos y Cine de Barcelona y el Festival Mexicano Contra el Silencio, Todas Las Voces.<\/p>\n\n\n\n<p>En el a\u00f1o 2015 graba el documental MIRALA (que linda viene\u2026) en la Ciudad de Buenos Aires sobre una de las murgas m\u00e1s importantes del carnaval porte\u00f1o con apoyo del INCAA y amplia participaci\u00f3n en festivales y encuentros y en 2020 La\u2019NamQom [estoy aqu\u00ed y ahora], tambi\u00e9n con apoyo del Instituto de cine, sobre la situaci\u00f3n y cosmolog\u00eda de los pueblos originarios en el norte argentino.<\/p>\n\n\n\n<p>Mejunje es su \u00faltimo documental realizado en la ciudad del Chascom\u00fas, Provincia de Buenos Aires, Argentina. Seleccionado y galardonado en la Primera edici\u00f3n del Festival Internacional de Cine de la UBA.<\/p>\n\n\n\n<figure class=\"wp-block-image size-full\"><img loading=\"lazy\" decoding=\"async\" width=\"987\" height=\"351\" src=\"https:\/\/sergiolapegue.com\/site\/wp-content\/uploads\/2024\/06\/Mejunje04.jpg\" alt=\"\" class=\"wp-image-15784\" srcset=\"https:\/\/sergiolapegue.com\/site\/wp-content\/uploads\/2024\/06\/Mejunje04.jpg 987w, https:\/\/sergiolapegue.com\/site\/wp-content\/uploads\/2024\/06\/Mejunje04-300x107.jpg 300w, https:\/\/sergiolapegue.com\/site\/wp-content\/uploads\/2024\/06\/Mejunje04-768x273.jpg 768w, https:\/\/sergiolapegue.com\/site\/wp-content\/uploads\/2024\/06\/Mejunje04-696x248.jpg 696w\" sizes=\"auto, (max-width: 987px) 100vw, 987px\" \/><\/figure>\n\n\n\n<p><strong>Datos de contacto<\/strong><\/p>\n\n\n\n<p>Compa\u00f1\u00eda: NAG Producciones<br>Nombre del contacto: Javier Pernas<br>Mail: javierpernas@gmail.com<br>IG: @mejunje_documental<br><\/p>\n\n\n\n<p><strong>Trailer<\/strong><\/p>\n\n\n\n<figure class=\"wp-block-embed is-type-video is-provider-vimeo wp-block-embed-vimeo wp-embed-aspect-16-9 wp-has-aspect-ratio\"><div class=\"wp-block-embed__wrapper\">\n<iframe loading=\"lazy\" title=\"Trailer Documental Mejunje\" src=\"https:\/\/player.vimeo.com\/video\/816627312?dnt=1&amp;app_id=122963\" width=\"696\" height=\"392\" frameborder=\"0\" allow=\"autoplay; fullscreen; picture-in-picture; clipboard-write\"><\/iframe>\n<\/div><\/figure>\n","protected":false},"excerpt":{"rendered":"<p>El 4 de julio se estrena en el cine Gaumont MEJUNJE del director Javier Pernas. El documental cuenta la historia de Melisa Granados, una actriz de 37 a\u00f1os con s\u00edndrome de down que, pese a su larga trayectoria en el mundo teatral y con m\u00e1s de una docena de obras en escena, decide dar un [&hellip;]<\/p>\n","protected":false},"author":3,"featured_media":15785,"comment_status":"closed","ping_status":"closed","sticky":false,"template":"","format":"standard","meta":{"footnotes":""},"categories":[34,36],"tags":[980,3605,3606,933,533,3603,3602,3604,2362],"class_list":{"0":"post-15780","1":"post","2":"type-post","3":"status-publish","4":"format-standard","5":"has-post-thumbnail","7":"category-arte","8":"category-cine","9":"tag-cine","10":"tag-clown","11":"tag-diva","12":"tag-documental","13":"tag-down","14":"tag-gaumont","15":"tag-mejunje","16":"tag-payaso","17":"tag-reir"},"yoast_head":"<!-- This site is optimized with the Yoast SEO plugin v27.5 - https:\/\/yoast.com\/product\/yoast-seo-wordpress\/ -->\n<title>Mejunje llega al Cine Gaumont - Sergio Lapegue<\/title>\n<meta name=\"robots\" content=\"index, follow, max-snippet:-1, max-image-preview:large, max-video-preview:-1\" \/>\n<link rel=\"canonical\" href=\"https:\/\/sergiolapegue.com\/site\/2024\/06\/27\/mejunje-llega-al-cine-gaumont\/\" \/>\n<meta property=\"og:locale\" content=\"es_ES\" \/>\n<meta property=\"og:type\" content=\"article\" \/>\n<meta property=\"og:title\" content=\"Mejunje llega al Cine Gaumont - Sergio Lapegue\" \/>\n<meta property=\"og:description\" content=\"El 4 de julio se estrena en el cine Gaumont MEJUNJE del director Javier Pernas. El documental cuenta la historia de Melisa Granados, una actriz de 37 a\u00f1os con s\u00edndrome de down que, pese a su larga trayectoria en el mundo teatral y con m\u00e1s de una docena de obras en escena, decide dar un [&hellip;]\" \/>\n<meta property=\"og:url\" content=\"https:\/\/sergiolapegue.com\/site\/2024\/06\/27\/mejunje-llega-al-cine-gaumont\/\" \/>\n<meta property=\"og:site_name\" content=\"Sergio Lapegue\" \/>\n<meta property=\"article:publisher\" content=\"https:\/\/facebook.com\/sergiolapegue\" \/>\n<meta property=\"article:author\" content=\"https:\/\/facebook.com\/danielernesto.montana\" \/>\n<meta property=\"article:published_time\" content=\"2024-06-27T20:00:00+00:00\" \/>\n<meta property=\"og:image\" content=\"https:\/\/sergiolapegue.com\/site\/wp-content\/uploads\/2024\/06\/WhatsApp-Image-2024-06-18-at-16.54.32.jpeg\" \/>\n\t<meta property=\"og:image:width\" content=\"1024\" \/>\n\t<meta property=\"og:image:height\" content=\"1280\" \/>\n\t<meta property=\"og:image:type\" content=\"image\/jpeg\" \/>\n<meta name=\"author\" content=\"Daniel E. Monta\u00f1a\" \/>\n<meta name=\"twitter:card\" content=\"summary_large_image\" \/>\n<meta name=\"twitter:creator\" content=\"@https:\/\/twitter.com\/daner_004\" \/>\n<meta name=\"twitter:site\" content=\"@sergiolapegue\" \/>\n<meta name=\"twitter:label1\" content=\"Escrito por\" \/>\n\t<meta name=\"twitter:data1\" content=\"Daniel E. Monta\u00f1a\" \/>\n\t<meta name=\"twitter:label2\" content=\"Tiempo de lectura\" \/>\n\t<meta name=\"twitter:data2\" content=\"5 minutos\" \/>\n<script type=\"application\/ld+json\" class=\"yoast-schema-graph\">{\"@context\":\"https:\\\/\\\/schema.org\",\"@graph\":[{\"@type\":\"Article\",\"@id\":\"https:\\\/\\\/sergiolapegue.com\\\/site\\\/2024\\\/06\\\/27\\\/mejunje-llega-al-cine-gaumont\\\/#article\",\"isPartOf\":{\"@id\":\"https:\\\/\\\/sergiolapegue.com\\\/site\\\/2024\\\/06\\\/27\\\/mejunje-llega-al-cine-gaumont\\\/\"},\"author\":{\"name\":\"Daniel E. Monta\u00f1a\",\"@id\":\"https:\\\/\\\/sergiolapegue.com\\\/site\\\/#\\\/schema\\\/person\\\/9198e7dbab43c6d74d0fd5399af7c3cd\"},\"headline\":\"Mejunje llega al Cine Gaumont\",\"datePublished\":\"2024-06-27T20:00:00+00:00\",\"mainEntityOfPage\":{\"@id\":\"https:\\\/\\\/sergiolapegue.com\\\/site\\\/2024\\\/06\\\/27\\\/mejunje-llega-al-cine-gaumont\\\/\"},\"wordCount\":956,\"publisher\":{\"@id\":\"https:\\\/\\\/sergiolapegue.com\\\/site\\\/#\\\/schema\\\/person\\\/083aeceeb0734cd166779ea6c0551a37\"},\"image\":{\"@id\":\"https:\\\/\\\/sergiolapegue.com\\\/site\\\/2024\\\/06\\\/27\\\/mejunje-llega-al-cine-gaumont\\\/#primaryimage\"},\"thumbnailUrl\":\"https:\\\/\\\/sergiolapegue.com\\\/site\\\/wp-content\\\/uploads\\\/2024\\\/06\\\/WhatsApp-Image-2024-06-18-at-16.54.32.jpeg\",\"keywords\":[\"cine\",\"clown\",\"diva\",\"documental\",\"down\",\"gaumont\",\"mejunje\",\"payaso\",\"reir\"],\"articleSection\":[\"Arte\",\"Cine\"],\"inLanguage\":\"es-AR\"},{\"@type\":\"WebPage\",\"@id\":\"https:\\\/\\\/sergiolapegue.com\\\/site\\\/2024\\\/06\\\/27\\\/mejunje-llega-al-cine-gaumont\\\/\",\"url\":\"https:\\\/\\\/sergiolapegue.com\\\/site\\\/2024\\\/06\\\/27\\\/mejunje-llega-al-cine-gaumont\\\/\",\"name\":\"Mejunje llega al Cine Gaumont - Sergio Lapegue\",\"isPartOf\":{\"@id\":\"https:\\\/\\\/sergiolapegue.com\\\/site\\\/#website\"},\"primaryImageOfPage\":{\"@id\":\"https:\\\/\\\/sergiolapegue.com\\\/site\\\/2024\\\/06\\\/27\\\/mejunje-llega-al-cine-gaumont\\\/#primaryimage\"},\"image\":{\"@id\":\"https:\\\/\\\/sergiolapegue.com\\\/site\\\/2024\\\/06\\\/27\\\/mejunje-llega-al-cine-gaumont\\\/#primaryimage\"},\"thumbnailUrl\":\"https:\\\/\\\/sergiolapegue.com\\\/site\\\/wp-content\\\/uploads\\\/2024\\\/06\\\/WhatsApp-Image-2024-06-18-at-16.54.32.jpeg\",\"datePublished\":\"2024-06-27T20:00:00+00:00\",\"breadcrumb\":{\"@id\":\"https:\\\/\\\/sergiolapegue.com\\\/site\\\/2024\\\/06\\\/27\\\/mejunje-llega-al-cine-gaumont\\\/#breadcrumb\"},\"inLanguage\":\"es-AR\",\"potentialAction\":[{\"@type\":\"ReadAction\",\"target\":[\"https:\\\/\\\/sergiolapegue.com\\\/site\\\/2024\\\/06\\\/27\\\/mejunje-llega-al-cine-gaumont\\\/\"]}]},{\"@type\":\"ImageObject\",\"inLanguage\":\"es-AR\",\"@id\":\"https:\\\/\\\/sergiolapegue.com\\\/site\\\/2024\\\/06\\\/27\\\/mejunje-llega-al-cine-gaumont\\\/#primaryimage\",\"url\":\"https:\\\/\\\/sergiolapegue.com\\\/site\\\/wp-content\\\/uploads\\\/2024\\\/06\\\/WhatsApp-Image-2024-06-18-at-16.54.32.jpeg\",\"contentUrl\":\"https:\\\/\\\/sergiolapegue.com\\\/site\\\/wp-content\\\/uploads\\\/2024\\\/06\\\/WhatsApp-Image-2024-06-18-at-16.54.32.jpeg\",\"width\":1024,\"height\":1280},{\"@type\":\"BreadcrumbList\",\"@id\":\"https:\\\/\\\/sergiolapegue.com\\\/site\\\/2024\\\/06\\\/27\\\/mejunje-llega-al-cine-gaumont\\\/#breadcrumb\",\"itemListElement\":[{\"@type\":\"ListItem\",\"position\":1,\"name\":\"Inicio\",\"item\":\"https:\\\/\\\/sergiolapegue.com\\\/site\\\/\"},{\"@type\":\"ListItem\",\"position\":2,\"name\":\"Mejunje llega al Cine Gaumont\"}]},{\"@type\":\"WebSite\",\"@id\":\"https:\\\/\\\/sergiolapegue.com\\\/site\\\/#website\",\"url\":\"https:\\\/\\\/sergiolapegue.com\\\/site\\\/\",\"name\":\"Sergio Lapegue\",\"description\":\"Periodista\",\"publisher\":{\"@id\":\"https:\\\/\\\/sergiolapegue.com\\\/site\\\/#\\\/schema\\\/person\\\/083aeceeb0734cd166779ea6c0551a37\"},\"potentialAction\":[{\"@type\":\"SearchAction\",\"target\":{\"@type\":\"EntryPoint\",\"urlTemplate\":\"https:\\\/\\\/sergiolapegue.com\\\/site\\\/?s={search_term_string}\"},\"query-input\":{\"@type\":\"PropertyValueSpecification\",\"valueRequired\":true,\"valueName\":\"search_term_string\"}}],\"inLanguage\":\"es-AR\"},{\"@type\":[\"Person\",\"Organization\"],\"@id\":\"https:\\\/\\\/sergiolapegue.com\\\/site\\\/#\\\/schema\\\/person\\\/083aeceeb0734cd166779ea6c0551a37\",\"name\":\"Sergio Lapegue\",\"image\":{\"@type\":\"ImageObject\",\"inLanguage\":\"es-AR\",\"@id\":\"https:\\\/\\\/sergiolapegue.com\\\/site\\\/wp-content\\\/uploads\\\/2021\\\/04\\\/logo_header-1.png\",\"url\":\"https:\\\/\\\/sergiolapegue.com\\\/site\\\/wp-content\\\/uploads\\\/2021\\\/04\\\/logo_header-1.png\",\"contentUrl\":\"https:\\\/\\\/sergiolapegue.com\\\/site\\\/wp-content\\\/uploads\\\/2021\\\/04\\\/logo_header-1.png\",\"width\":272,\"height\":90,\"caption\":\"Sergio Lapegue\"},\"logo\":{\"@id\":\"https:\\\/\\\/sergiolapegue.com\\\/site\\\/wp-content\\\/uploads\\\/2021\\\/04\\\/logo_header-1.png\"},\"sameAs\":[\"https:\\\/\\\/facebook.com\\\/sergiolapegue\",\"https:\\\/\\\/instagram.com\\\/sergiolapegue\",\"https:\\\/\\\/x.com\\\/https:\\\/\\\/twitter.com\\\/sergiolapegue\"]},{\"@type\":\"Person\",\"@id\":\"https:\\\/\\\/sergiolapegue.com\\\/site\\\/#\\\/schema\\\/person\\\/9198e7dbab43c6d74d0fd5399af7c3cd\",\"name\":\"Daniel E. Monta\u00f1a\",\"image\":{\"@type\":\"ImageObject\",\"inLanguage\":\"es-AR\",\"@id\":\"https:\\\/\\\/sergiolapegue.com\\\/site\\\/wp-content\\\/uploads\\\/2021\\\/04\\\/sl_avatar_Daniel-150x150.jpg\",\"url\":\"https:\\\/\\\/sergiolapegue.com\\\/site\\\/wp-content\\\/uploads\\\/2021\\\/04\\\/sl_avatar_Daniel-150x150.jpg\",\"contentUrl\":\"https:\\\/\\\/sergiolapegue.com\\\/site\\\/wp-content\\\/uploads\\\/2021\\\/04\\\/sl_avatar_Daniel-150x150.jpg\",\"caption\":\"Daniel E. Monta\u00f1a\"},\"sameAs\":[\"https:\\\/\\\/facebook.com\\\/danielernesto.montana\",\"https:\\\/\\\/instagram.com\\\/daniel_montana1961\",\"https:\\\/\\\/x.com\\\/https:\\\/\\\/twitter.com\\\/daner_004\"],\"url\":\"https:\\\/\\\/sergiolapegue.com\\\/site\\\/author\\\/daniel\\\/\"}]}<\/script>\n<!-- \/ Yoast SEO plugin. -->","yoast_head_json":{"title":"Mejunje llega al Cine Gaumont - Sergio Lapegue","robots":{"index":"index","follow":"follow","max-snippet":"max-snippet:-1","max-image-preview":"max-image-preview:large","max-video-preview":"max-video-preview:-1"},"canonical":"https:\/\/sergiolapegue.com\/site\/2024\/06\/27\/mejunje-llega-al-cine-gaumont\/","og_locale":"es_ES","og_type":"article","og_title":"Mejunje llega al Cine Gaumont - Sergio Lapegue","og_description":"El 4 de julio se estrena en el cine Gaumont MEJUNJE del director Javier Pernas. El documental cuenta la historia de Melisa Granados, una actriz de 37 a\u00f1os con s\u00edndrome de down que, pese a su larga trayectoria en el mundo teatral y con m\u00e1s de una docena de obras en escena, decide dar un [&hellip;]","og_url":"https:\/\/sergiolapegue.com\/site\/2024\/06\/27\/mejunje-llega-al-cine-gaumont\/","og_site_name":"Sergio Lapegue","article_publisher":"https:\/\/facebook.com\/sergiolapegue","article_author":"https:\/\/facebook.com\/danielernesto.montana","article_published_time":"2024-06-27T20:00:00+00:00","og_image":[{"width":1024,"height":1280,"url":"https:\/\/sergiolapegue.com\/site\/wp-content\/uploads\/2024\/06\/WhatsApp-Image-2024-06-18-at-16.54.32.jpeg","type":"image\/jpeg"}],"author":"Daniel E. Monta\u00f1a","twitter_card":"summary_large_image","twitter_creator":"@https:\/\/twitter.com\/daner_004","twitter_site":"@sergiolapegue","twitter_misc":{"Escrito por":"Daniel E. Monta\u00f1a","Tiempo de lectura":"5 minutos"},"schema":{"@context":"https:\/\/schema.org","@graph":[{"@type":"Article","@id":"https:\/\/sergiolapegue.com\/site\/2024\/06\/27\/mejunje-llega-al-cine-gaumont\/#article","isPartOf":{"@id":"https:\/\/sergiolapegue.com\/site\/2024\/06\/27\/mejunje-llega-al-cine-gaumont\/"},"author":{"name":"Daniel E. Monta\u00f1a","@id":"https:\/\/sergiolapegue.com\/site\/#\/schema\/person\/9198e7dbab43c6d74d0fd5399af7c3cd"},"headline":"Mejunje llega al Cine Gaumont","datePublished":"2024-06-27T20:00:00+00:00","mainEntityOfPage":{"@id":"https:\/\/sergiolapegue.com\/site\/2024\/06\/27\/mejunje-llega-al-cine-gaumont\/"},"wordCount":956,"publisher":{"@id":"https:\/\/sergiolapegue.com\/site\/#\/schema\/person\/083aeceeb0734cd166779ea6c0551a37"},"image":{"@id":"https:\/\/sergiolapegue.com\/site\/2024\/06\/27\/mejunje-llega-al-cine-gaumont\/#primaryimage"},"thumbnailUrl":"https:\/\/sergiolapegue.com\/site\/wp-content\/uploads\/2024\/06\/WhatsApp-Image-2024-06-18-at-16.54.32.jpeg","keywords":["cine","clown","diva","documental","down","gaumont","mejunje","payaso","reir"],"articleSection":["Arte","Cine"],"inLanguage":"es-AR"},{"@type":"WebPage","@id":"https:\/\/sergiolapegue.com\/site\/2024\/06\/27\/mejunje-llega-al-cine-gaumont\/","url":"https:\/\/sergiolapegue.com\/site\/2024\/06\/27\/mejunje-llega-al-cine-gaumont\/","name":"Mejunje llega al Cine Gaumont - Sergio Lapegue","isPartOf":{"@id":"https:\/\/sergiolapegue.com\/site\/#website"},"primaryImageOfPage":{"@id":"https:\/\/sergiolapegue.com\/site\/2024\/06\/27\/mejunje-llega-al-cine-gaumont\/#primaryimage"},"image":{"@id":"https:\/\/sergiolapegue.com\/site\/2024\/06\/27\/mejunje-llega-al-cine-gaumont\/#primaryimage"},"thumbnailUrl":"https:\/\/sergiolapegue.com\/site\/wp-content\/uploads\/2024\/06\/WhatsApp-Image-2024-06-18-at-16.54.32.jpeg","datePublished":"2024-06-27T20:00:00+00:00","breadcrumb":{"@id":"https:\/\/sergiolapegue.com\/site\/2024\/06\/27\/mejunje-llega-al-cine-gaumont\/#breadcrumb"},"inLanguage":"es-AR","potentialAction":[{"@type":"ReadAction","target":["https:\/\/sergiolapegue.com\/site\/2024\/06\/27\/mejunje-llega-al-cine-gaumont\/"]}]},{"@type":"ImageObject","inLanguage":"es-AR","@id":"https:\/\/sergiolapegue.com\/site\/2024\/06\/27\/mejunje-llega-al-cine-gaumont\/#primaryimage","url":"https:\/\/sergiolapegue.com\/site\/wp-content\/uploads\/2024\/06\/WhatsApp-Image-2024-06-18-at-16.54.32.jpeg","contentUrl":"https:\/\/sergiolapegue.com\/site\/wp-content\/uploads\/2024\/06\/WhatsApp-Image-2024-06-18-at-16.54.32.jpeg","width":1024,"height":1280},{"@type":"BreadcrumbList","@id":"https:\/\/sergiolapegue.com\/site\/2024\/06\/27\/mejunje-llega-al-cine-gaumont\/#breadcrumb","itemListElement":[{"@type":"ListItem","position":1,"name":"Inicio","item":"https:\/\/sergiolapegue.com\/site\/"},{"@type":"ListItem","position":2,"name":"Mejunje llega al Cine Gaumont"}]},{"@type":"WebSite","@id":"https:\/\/sergiolapegue.com\/site\/#website","url":"https:\/\/sergiolapegue.com\/site\/","name":"Sergio Lapegue","description":"Periodista","publisher":{"@id":"https:\/\/sergiolapegue.com\/site\/#\/schema\/person\/083aeceeb0734cd166779ea6c0551a37"},"potentialAction":[{"@type":"SearchAction","target":{"@type":"EntryPoint","urlTemplate":"https:\/\/sergiolapegue.com\/site\/?s={search_term_string}"},"query-input":{"@type":"PropertyValueSpecification","valueRequired":true,"valueName":"search_term_string"}}],"inLanguage":"es-AR"},{"@type":["Person","Organization"],"@id":"https:\/\/sergiolapegue.com\/site\/#\/schema\/person\/083aeceeb0734cd166779ea6c0551a37","name":"Sergio Lapegue","image":{"@type":"ImageObject","inLanguage":"es-AR","@id":"https:\/\/sergiolapegue.com\/site\/wp-content\/uploads\/2021\/04\/logo_header-1.png","url":"https:\/\/sergiolapegue.com\/site\/wp-content\/uploads\/2021\/04\/logo_header-1.png","contentUrl":"https:\/\/sergiolapegue.com\/site\/wp-content\/uploads\/2021\/04\/logo_header-1.png","width":272,"height":90,"caption":"Sergio Lapegue"},"logo":{"@id":"https:\/\/sergiolapegue.com\/site\/wp-content\/uploads\/2021\/04\/logo_header-1.png"},"sameAs":["https:\/\/facebook.com\/sergiolapegue","https:\/\/instagram.com\/sergiolapegue","https:\/\/x.com\/https:\/\/twitter.com\/sergiolapegue"]},{"@type":"Person","@id":"https:\/\/sergiolapegue.com\/site\/#\/schema\/person\/9198e7dbab43c6d74d0fd5399af7c3cd","name":"Daniel E. Monta\u00f1a","image":{"@type":"ImageObject","inLanguage":"es-AR","@id":"https:\/\/sergiolapegue.com\/site\/wp-content\/uploads\/2021\/04\/sl_avatar_Daniel-150x150.jpg","url":"https:\/\/sergiolapegue.com\/site\/wp-content\/uploads\/2021\/04\/sl_avatar_Daniel-150x150.jpg","contentUrl":"https:\/\/sergiolapegue.com\/site\/wp-content\/uploads\/2021\/04\/sl_avatar_Daniel-150x150.jpg","caption":"Daniel E. Monta\u00f1a"},"sameAs":["https:\/\/facebook.com\/danielernesto.montana","https:\/\/instagram.com\/daniel_montana1961","https:\/\/x.com\/https:\/\/twitter.com\/daner_004"],"url":"https:\/\/sergiolapegue.com\/site\/author\/daniel\/"}]}},"_links":{"self":[{"href":"https:\/\/sergiolapegue.com\/site\/wp-json\/wp\/v2\/posts\/15780","targetHints":{"allow":["GET"]}}],"collection":[{"href":"https:\/\/sergiolapegue.com\/site\/wp-json\/wp\/v2\/posts"}],"about":[{"href":"https:\/\/sergiolapegue.com\/site\/wp-json\/wp\/v2\/types\/post"}],"author":[{"embeddable":true,"href":"https:\/\/sergiolapegue.com\/site\/wp-json\/wp\/v2\/users\/3"}],"replies":[{"embeddable":true,"href":"https:\/\/sergiolapegue.com\/site\/wp-json\/wp\/v2\/comments?post=15780"}],"version-history":[{"count":2,"href":"https:\/\/sergiolapegue.com\/site\/wp-json\/wp\/v2\/posts\/15780\/revisions"}],"predecessor-version":[{"id":15788,"href":"https:\/\/sergiolapegue.com\/site\/wp-json\/wp\/v2\/posts\/15780\/revisions\/15788"}],"wp:featuredmedia":[{"embeddable":true,"href":"https:\/\/sergiolapegue.com\/site\/wp-json\/wp\/v2\/media\/15785"}],"wp:attachment":[{"href":"https:\/\/sergiolapegue.com\/site\/wp-json\/wp\/v2\/media?parent=15780"}],"wp:term":[{"taxonomy":"category","embeddable":true,"href":"https:\/\/sergiolapegue.com\/site\/wp-json\/wp\/v2\/categories?post=15780"},{"taxonomy":"post_tag","embeddable":true,"href":"https:\/\/sergiolapegue.com\/site\/wp-json\/wp\/v2\/tags?post=15780"}],"curies":[{"name":"wp","href":"https:\/\/api.w.org\/{rel}","templated":true}]}}