{"id":15605,"date":"2024-06-15T17:00:00","date_gmt":"2024-06-15T20:00:00","guid":{"rendered":"https:\/\/sergiolapegue.com\/site\/?p=15605"},"modified":"2024-06-14T00:57:21","modified_gmt":"2024-06-14T03:57:21","slug":"las-criadas-2","status":"publish","type":"post","link":"https:\/\/sergiolapegue.com\/site\/2024\/06\/15\/las-criadas-2\/","title":{"rendered":"\u201cLAS CRIADAS\u201d"},"content":{"rendered":"\n<p>La obra, de Jean Genet, dirigida por Dar\u00edo Serantes y con las actuaciones de Fabi\u00e1n Pedroza, Alberto Romero, Juan Rutkus, Dar\u00edo Serantes y Miguel \u00c1ngel Zandonadi, tiene funciones los d\u00edas viernes de junio y julio en \u00cdtaca Complejo Teatral. &nbsp;&nbsp;<\/p>\n\n\n\n<figure class=\"wp-block-image size-large\"><img loading=\"lazy\" decoding=\"async\" width=\"1024\" height=\"683\" src=\"https:\/\/sergiolapegue.com\/site\/wp-content\/uploads\/2024\/06\/Las-criadas-2-1024x683.jpg\" alt=\"\" class=\"wp-image-15606\" srcset=\"https:\/\/sergiolapegue.com\/site\/wp-content\/uploads\/2024\/06\/Las-criadas-2-1024x683.jpg 1024w, https:\/\/sergiolapegue.com\/site\/wp-content\/uploads\/2024\/06\/Las-criadas-2-300x200.jpg 300w, https:\/\/sergiolapegue.com\/site\/wp-content\/uploads\/2024\/06\/Las-criadas-2-768x512.jpg 768w, https:\/\/sergiolapegue.com\/site\/wp-content\/uploads\/2024\/06\/Las-criadas-2-1536x1025.jpg 1536w, https:\/\/sergiolapegue.com\/site\/wp-content\/uploads\/2024\/06\/Las-criadas-2-630x420.jpg 630w, https:\/\/sergiolapegue.com\/site\/wp-content\/uploads\/2024\/06\/Las-criadas-2-696x464.jpg 696w, https:\/\/sergiolapegue.com\/site\/wp-content\/uploads\/2024\/06\/Las-criadas-2-1068x712.jpg 1068w, https:\/\/sergiolapegue.com\/site\/wp-content\/uploads\/2024\/06\/Las-criadas-2-1920x1281.jpg 1920w, https:\/\/sergiolapegue.com\/site\/wp-content\/uploads\/2024\/06\/Las-criadas-2.jpg 2048w\" sizes=\"auto, (max-width: 1024px) 100vw, 1024px\" \/><\/figure>\n\n\n\n<p><strong>SINOPSIS<\/strong><\/p>\n\n\n\n<p>Juego de roles, ceremonia secreta, perversa. Clara y Solange van hasta el l\u00edmite y m\u00e1s all\u00e1, son capaces de todo, ellas creen.<\/p>\n\n\n\n<p>Ritual diab\u00f3lico, preparadas para el crimen, adoran a la Se\u00f1ora, la envidian, husmean en sus cosas, como perras en celo, como hu\u00e9rfanas vagando por las calles, sin nada. S\u00f3lo con su odio.<\/p>\n\n\n\n<p>Mientras tanto, la Se\u00f1ora se luce, se pavonea, disfruta del dolor ajeno, goza con la tortura, resplandece con su risotada de triunfo.<\/p>\n\n\n\n<p>Quererse en la esclavitud no es quererse.<\/p>\n\n\n\n<figure class=\"wp-block-image size-large\"><img loading=\"lazy\" decoding=\"async\" width=\"1024\" height=\"683\" src=\"https:\/\/sergiolapegue.com\/site\/wp-content\/uploads\/2024\/06\/Las-criadas-1-1024x683.jpg\" alt=\"\" class=\"wp-image-15607\" srcset=\"https:\/\/sergiolapegue.com\/site\/wp-content\/uploads\/2024\/06\/Las-criadas-1-1024x683.jpg 1024w, https:\/\/sergiolapegue.com\/site\/wp-content\/uploads\/2024\/06\/Las-criadas-1-300x200.jpg 300w, https:\/\/sergiolapegue.com\/site\/wp-content\/uploads\/2024\/06\/Las-criadas-1-768x512.jpg 768w, https:\/\/sergiolapegue.com\/site\/wp-content\/uploads\/2024\/06\/Las-criadas-1-1536x1025.jpg 1536w, https:\/\/sergiolapegue.com\/site\/wp-content\/uploads\/2024\/06\/Las-criadas-1-630x420.jpg 630w, https:\/\/sergiolapegue.com\/site\/wp-content\/uploads\/2024\/06\/Las-criadas-1-696x464.jpg 696w, https:\/\/sergiolapegue.com\/site\/wp-content\/uploads\/2024\/06\/Las-criadas-1-1068x712.jpg 1068w, https:\/\/sergiolapegue.com\/site\/wp-content\/uploads\/2024\/06\/Las-criadas-1-1920x1281.jpg 1920w, https:\/\/sergiolapegue.com\/site\/wp-content\/uploads\/2024\/06\/Las-criadas-1.jpg 2048w\" sizes=\"auto, (max-width: 1024px) 100vw, 1024px\" \/><\/figure>\n\n\n\n<p><strong>PALABRAS DE DAR\u00cdO SERANTES, DIRECTOR Y ACTOR<\/strong><\/p>\n\n\n\n<p>La Compa\u00f1\u00eda Teatro diverso vuelve a reunirse para reeditar este cl\u00e1sico de Jean Genet, que, como tal, no s\u00f3lo no ha perdido vigencia, sino que acompa\u00f1a y denuncia la eterna lucha de los desvalidos frente a la opresi\u00f3n de quienes ostentan poder. Una rebeli\u00f3n que siempre es sofocada por lo siniestro. Pero este espanto no une a los oprimidos, los enfrenta, los desorganiza y confunde con promesas que nunca se cumplir\u00e1n.&nbsp;&#8220;Quererse en la esclavitud no es quererse&#8221; dice Solange y as\u00ed es, cuando a uno le quitan todo se vuelve muy malo.<\/p>\n\n\n\n<figure class=\"wp-block-image size-full\"><img loading=\"lazy\" decoding=\"async\" width=\"960\" height=\"640\" src=\"https:\/\/sergiolapegue.com\/site\/wp-content\/uploads\/2024\/06\/Las-criadas-3.jpg\" alt=\"\" class=\"wp-image-15608\" srcset=\"https:\/\/sergiolapegue.com\/site\/wp-content\/uploads\/2024\/06\/Las-criadas-3.jpg 960w, https:\/\/sergiolapegue.com\/site\/wp-content\/uploads\/2024\/06\/Las-criadas-3-300x200.jpg 300w, https:\/\/sergiolapegue.com\/site\/wp-content\/uploads\/2024\/06\/Las-criadas-3-768x512.jpg 768w, https:\/\/sergiolapegue.com\/site\/wp-content\/uploads\/2024\/06\/Las-criadas-3-630x420.jpg 630w, https:\/\/sergiolapegue.com\/site\/wp-content\/uploads\/2024\/06\/Las-criadas-3-696x464.jpg 696w\" sizes=\"auto, (max-width: 960px) 100vw, 960px\" \/><\/figure>\n\n\n\n<p><strong>FICHA T\u00c9CNICO ART\u00cdSTICA<\/strong><\/p>\n\n\n\n<p><strong>Autor\u00eda:<\/strong> Jean Genet<\/p>\n\n\n\n<p><strong>Act\u00faan:<\/strong> Fabi\u00e1n Pedroza \u2013 Alberto Romero \u2013 Juan Rutkus \u2013 Dar\u00edo Serantes \u2013 Miguel \u00c1ngel Zandonadi<\/p>\n\n\n\n<p><strong>Maquillaje:<\/strong> Juan Rutkus<\/p>\n\n\n\n<p><strong>Dise\u00f1o de vestuario:<\/strong> Miguel \u00c1ngel Zandonadi<\/p>\n\n\n\n<p><strong>Dise\u00f1o de luces:<\/strong> 3boxes, Diego Alonso<\/p>\n\n\n\n<p><strong>Dise\u00f1o gr\u00e1fico:<\/strong> 3boxes<\/p>\n\n\n\n<p><strong>Comunicaci\u00f3n:<\/strong> Nico Mat\u00edas Urra y Pablito Lancone<\/p>\n\n\n\n<p><strong>Asistente de direcci\u00f3n:<\/strong> Fabi\u00e1n Pedroza<\/p>\n\n\n\n<p><strong>Direcci\u00f3n:<\/strong> Dar\u00edo Serantes<\/p>\n\n\n\n<p><strong>Instagram:<\/strong> Las criadas (<a href=\"https:\/\/www.instagram.com\/lascriadas.obra\/\" target=\"_blank\" rel=\"noreferrer noopener\">@lascriadas.obra<\/a>)<\/p>\n\n\n\n<p><strong>Facebook:<\/strong> Lascriadasdiverso (<a href=\"https:\/\/www.facebook.com\/lascriadas.teatrodiverso\" target=\"_blank\" rel=\"noreferrer noopener\">@lascriadas.teatrodiverso<\/a>)<\/p>\n\n\n\n<p><strong>Duraci\u00f3n:<\/strong> 60 minutos<\/p>\n\n\n\n<p><strong>Clasificaci\u00f3n:<\/strong> Teatro \u2013 Presencial \u2013 Adultos<\/p>\n\n\n\n<figure class=\"wp-block-image size-large is-resized\"><img loading=\"lazy\" decoding=\"async\" width=\"683\" height=\"1024\" src=\"https:\/\/sergiolapegue.com\/site\/wp-content\/uploads\/2024\/06\/Las-criadas-4-683x1024.jpg\" alt=\"\" class=\"wp-image-15609\" style=\"width:696px;height:auto\" srcset=\"https:\/\/sergiolapegue.com\/site\/wp-content\/uploads\/2024\/06\/Las-criadas-4-683x1024.jpg 683w, https:\/\/sergiolapegue.com\/site\/wp-content\/uploads\/2024\/06\/Las-criadas-4-200x300.jpg 200w, https:\/\/sergiolapegue.com\/site\/wp-content\/uploads\/2024\/06\/Las-criadas-4-768x1151.jpg 768w, https:\/\/sergiolapegue.com\/site\/wp-content\/uploads\/2024\/06\/Las-criadas-4-1025x1536.jpg 1025w, https:\/\/sergiolapegue.com\/site\/wp-content\/uploads\/2024\/06\/Las-criadas-4-1366x2048.jpg 1366w, https:\/\/sergiolapegue.com\/site\/wp-content\/uploads\/2024\/06\/Las-criadas-4-280x420.jpg 280w, https:\/\/sergiolapegue.com\/site\/wp-content\/uploads\/2024\/06\/Las-criadas-4-696x1043.jpg 696w, https:\/\/sergiolapegue.com\/site\/wp-content\/uploads\/2024\/06\/Las-criadas-4-1068x1601.jpg 1068w, https:\/\/sergiolapegue.com\/site\/wp-content\/uploads\/2024\/06\/Las-criadas-4.jpg 1668w\" sizes=\"auto, (max-width: 683px) 100vw, 683px\" \/><\/figure>\n\n\n\n<p><strong>\u00cdTACA COMPLEJO TEATRAL<\/strong><\/p>\n\n\n\n<p>Humahuaca 4027 \u2013 Capital Federal \u2013 Buenos Aires \u2013 Argentina<\/p>\n\n\n\n<p>Tel\u00e9fono: 7549-3926 \u2013 WhatsApp: 11 6 669-4027<\/p>\n\n\n\n<p>Entradas: Desde $ 8.000 \u2013 en boleter\u00eda del teatro o por Alternativa Teatral<\/p>\n\n\n\n<p>Funciones: Viernes 22:00 horas \u2013 Del 07\/06\/2024 al 26\/07\/2024<\/p>\n\n\n\n<p>Gracias Pablo Lancone por enviarnos la gacetilla de prensa de este espect\u00e1culo.<\/p>\n","protected":false},"excerpt":{"rendered":"<p>La obra, de Jean Genet, dirigida por Dar\u00edo Serantes y con las actuaciones de Fabi\u00e1n Pedroza, Alberto Romero, Juan Rutkus, Dar\u00edo Serantes y Miguel \u00c1ngel Zandonadi, tiene funciones los d\u00edas viernes de junio y julio en \u00cdtaca Complejo Teatral. &nbsp;&nbsp; SINOPSIS Juego de roles, ceremonia secreta, perversa. Clara y Solange van hasta el l\u00edmite y [&hellip;]<\/p>\n","protected":false},"author":3,"featured_media":15610,"comment_status":"open","ping_status":"closed","sticky":false,"template":"","format":"standard","meta":{"footnotes":""},"categories":[34,35],"tags":[],"class_list":{"0":"post-15605","1":"post","2":"type-post","3":"status-publish","4":"format-standard","5":"has-post-thumbnail","7":"category-arte","8":"category-teatro"},"yoast_head":"<!-- This site is optimized with the Yoast SEO plugin v27.4 - https:\/\/yoast.com\/product\/yoast-seo-wordpress\/ -->\n<title>\u201cLAS CRIADAS\u201d - Sergio Lapegue<\/title>\n<meta name=\"robots\" content=\"index, follow, max-snippet:-1, max-image-preview:large, max-video-preview:-1\" \/>\n<link rel=\"canonical\" href=\"https:\/\/sergiolapegue.com\/site\/2024\/06\/15\/las-criadas-2\/\" \/>\n<meta property=\"og:locale\" content=\"es_ES\" \/>\n<meta property=\"og:type\" content=\"article\" \/>\n<meta property=\"og:title\" content=\"\u201cLAS CRIADAS\u201d - Sergio Lapegue\" \/>\n<meta property=\"og:description\" content=\"La obra, de Jean Genet, dirigida por Dar\u00edo Serantes y con las actuaciones de Fabi\u00e1n Pedroza, Alberto Romero, Juan Rutkus, Dar\u00edo Serantes y Miguel \u00c1ngel Zandonadi, tiene funciones los d\u00edas viernes de junio y julio en \u00cdtaca Complejo Teatral. &nbsp;&nbsp; SINOPSIS Juego de roles, ceremonia secreta, perversa. Clara y Solange van hasta el l\u00edmite y [&hellip;]\" \/>\n<meta property=\"og:url\" content=\"https:\/\/sergiolapegue.com\/site\/2024\/06\/15\/las-criadas-2\/\" \/>\n<meta property=\"og:site_name\" content=\"Sergio Lapegue\" \/>\n<meta property=\"article:publisher\" content=\"https:\/\/facebook.com\/sergiolapegue\" \/>\n<meta property=\"article:author\" content=\"https:\/\/facebook.com\/danielernesto.montana\" \/>\n<meta property=\"article:published_time\" content=\"2024-06-15T20:00:00+00:00\" \/>\n<meta property=\"og:image\" content=\"https:\/\/sergiolapegue.com\/site\/wp-content\/uploads\/2024\/06\/Las-criadas-1024x1024.jpg\" \/>\n\t<meta property=\"og:image:width\" content=\"1024\" \/>\n\t<meta property=\"og:image:height\" content=\"1024\" \/>\n\t<meta property=\"og:image:type\" content=\"image\/jpeg\" \/>\n<meta name=\"author\" content=\"Daniel E. Monta\u00f1a\" \/>\n<meta name=\"twitter:card\" content=\"summary_large_image\" \/>\n<meta name=\"twitter:creator\" content=\"@https:\/\/twitter.com\/daner_004\" \/>\n<meta name=\"twitter:site\" content=\"@sergiolapegue\" \/>\n<meta name=\"twitter:label1\" content=\"Escrito por\" \/>\n\t<meta name=\"twitter:data1\" content=\"Daniel E. Monta\u00f1a\" \/>\n\t<meta name=\"twitter:label2\" content=\"Tiempo de lectura\" \/>\n\t<meta name=\"twitter:data2\" content=\"3 minutos\" \/>\n<script type=\"application\/ld+json\" class=\"yoast-schema-graph\">{\"@context\":\"https:\\\/\\\/schema.org\",\"@graph\":[{\"@type\":\"Article\",\"@id\":\"https:\\\/\\\/sergiolapegue.com\\\/site\\\/2024\\\/06\\\/15\\\/las-criadas-2\\\/#article\",\"isPartOf\":{\"@id\":\"https:\\\/\\\/sergiolapegue.com\\\/site\\\/2024\\\/06\\\/15\\\/las-criadas-2\\\/\"},\"author\":{\"name\":\"Daniel E. Monta\u00f1a\",\"@id\":\"https:\\\/\\\/sergiolapegue.com\\\/site\\\/#\\\/schema\\\/person\\\/9198e7dbab43c6d74d0fd5399af7c3cd\"},\"headline\":\"\u201cLAS CRIADAS\u201d\",\"datePublished\":\"2024-06-15T20:00:00+00:00\",\"mainEntityOfPage\":{\"@id\":\"https:\\\/\\\/sergiolapegue.com\\\/site\\\/2024\\\/06\\\/15\\\/las-criadas-2\\\/\"},\"wordCount\":374,\"commentCount\":0,\"publisher\":{\"@id\":\"https:\\\/\\\/sergiolapegue.com\\\/site\\\/#\\\/schema\\\/person\\\/083aeceeb0734cd166779ea6c0551a37\"},\"image\":{\"@id\":\"https:\\\/\\\/sergiolapegue.com\\\/site\\\/2024\\\/06\\\/15\\\/las-criadas-2\\\/#primaryimage\"},\"thumbnailUrl\":\"https:\\\/\\\/sergiolapegue.com\\\/site\\\/wp-content\\\/uploads\\\/2024\\\/06\\\/Las-criadas.jpg\",\"articleSection\":[\"Arte\",\"Teatro\"],\"inLanguage\":\"es-AR\",\"potentialAction\":[{\"@type\":\"CommentAction\",\"name\":\"Comment\",\"target\":[\"https:\\\/\\\/sergiolapegue.com\\\/site\\\/2024\\\/06\\\/15\\\/las-criadas-2\\\/#respond\"]}]},{\"@type\":\"WebPage\",\"@id\":\"https:\\\/\\\/sergiolapegue.com\\\/site\\\/2024\\\/06\\\/15\\\/las-criadas-2\\\/\",\"url\":\"https:\\\/\\\/sergiolapegue.com\\\/site\\\/2024\\\/06\\\/15\\\/las-criadas-2\\\/\",\"name\":\"\u201cLAS CRIADAS\u201d - Sergio Lapegue\",\"isPartOf\":{\"@id\":\"https:\\\/\\\/sergiolapegue.com\\\/site\\\/#website\"},\"primaryImageOfPage\":{\"@id\":\"https:\\\/\\\/sergiolapegue.com\\\/site\\\/2024\\\/06\\\/15\\\/las-criadas-2\\\/#primaryimage\"},\"image\":{\"@id\":\"https:\\\/\\\/sergiolapegue.com\\\/site\\\/2024\\\/06\\\/15\\\/las-criadas-2\\\/#primaryimage\"},\"thumbnailUrl\":\"https:\\\/\\\/sergiolapegue.com\\\/site\\\/wp-content\\\/uploads\\\/2024\\\/06\\\/Las-criadas.jpg\",\"datePublished\":\"2024-06-15T20:00:00+00:00\",\"breadcrumb\":{\"@id\":\"https:\\\/\\\/sergiolapegue.com\\\/site\\\/2024\\\/06\\\/15\\\/las-criadas-2\\\/#breadcrumb\"},\"inLanguage\":\"es-AR\",\"potentialAction\":[{\"@type\":\"ReadAction\",\"target\":[\"https:\\\/\\\/sergiolapegue.com\\\/site\\\/2024\\\/06\\\/15\\\/las-criadas-2\\\/\"]}]},{\"@type\":\"ImageObject\",\"inLanguage\":\"es-AR\",\"@id\":\"https:\\\/\\\/sergiolapegue.com\\\/site\\\/2024\\\/06\\\/15\\\/las-criadas-2\\\/#primaryimage\",\"url\":\"https:\\\/\\\/sergiolapegue.com\\\/site\\\/wp-content\\\/uploads\\\/2024\\\/06\\\/Las-criadas.jpg\",\"contentUrl\":\"https:\\\/\\\/sergiolapegue.com\\\/site\\\/wp-content\\\/uploads\\\/2024\\\/06\\\/Las-criadas.jpg\",\"width\":2160,\"height\":2160},{\"@type\":\"BreadcrumbList\",\"@id\":\"https:\\\/\\\/sergiolapegue.com\\\/site\\\/2024\\\/06\\\/15\\\/las-criadas-2\\\/#breadcrumb\",\"itemListElement\":[{\"@type\":\"ListItem\",\"position\":1,\"name\":\"Inicio\",\"item\":\"https:\\\/\\\/sergiolapegue.com\\\/site\\\/\"},{\"@type\":\"ListItem\",\"position\":2,\"name\":\"\u201cLAS CRIADAS\u201d\"}]},{\"@type\":\"WebSite\",\"@id\":\"https:\\\/\\\/sergiolapegue.com\\\/site\\\/#website\",\"url\":\"https:\\\/\\\/sergiolapegue.com\\\/site\\\/\",\"name\":\"Sergio Lapegue\",\"description\":\"Periodista\",\"publisher\":{\"@id\":\"https:\\\/\\\/sergiolapegue.com\\\/site\\\/#\\\/schema\\\/person\\\/083aeceeb0734cd166779ea6c0551a37\"},\"potentialAction\":[{\"@type\":\"SearchAction\",\"target\":{\"@type\":\"EntryPoint\",\"urlTemplate\":\"https:\\\/\\\/sergiolapegue.com\\\/site\\\/?s={search_term_string}\"},\"query-input\":{\"@type\":\"PropertyValueSpecification\",\"valueRequired\":true,\"valueName\":\"search_term_string\"}}],\"inLanguage\":\"es-AR\"},{\"@type\":[\"Person\",\"Organization\"],\"@id\":\"https:\\\/\\\/sergiolapegue.com\\\/site\\\/#\\\/schema\\\/person\\\/083aeceeb0734cd166779ea6c0551a37\",\"name\":\"Sergio Lapegue\",\"image\":{\"@type\":\"ImageObject\",\"inLanguage\":\"es-AR\",\"@id\":\"https:\\\/\\\/sergiolapegue.com\\\/site\\\/wp-content\\\/uploads\\\/2021\\\/04\\\/logo_header-1.png\",\"url\":\"https:\\\/\\\/sergiolapegue.com\\\/site\\\/wp-content\\\/uploads\\\/2021\\\/04\\\/logo_header-1.png\",\"contentUrl\":\"https:\\\/\\\/sergiolapegue.com\\\/site\\\/wp-content\\\/uploads\\\/2021\\\/04\\\/logo_header-1.png\",\"width\":272,\"height\":90,\"caption\":\"Sergio Lapegue\"},\"logo\":{\"@id\":\"https:\\\/\\\/sergiolapegue.com\\\/site\\\/wp-content\\\/uploads\\\/2021\\\/04\\\/logo_header-1.png\"},\"sameAs\":[\"https:\\\/\\\/facebook.com\\\/sergiolapegue\",\"https:\\\/\\\/instagram.com\\\/sergiolapegue\",\"https:\\\/\\\/x.com\\\/https:\\\/\\\/twitter.com\\\/sergiolapegue\"]},{\"@type\":\"Person\",\"@id\":\"https:\\\/\\\/sergiolapegue.com\\\/site\\\/#\\\/schema\\\/person\\\/9198e7dbab43c6d74d0fd5399af7c3cd\",\"name\":\"Daniel E. Monta\u00f1a\",\"image\":{\"@type\":\"ImageObject\",\"inLanguage\":\"es-AR\",\"@id\":\"https:\\\/\\\/sergiolapegue.com\\\/site\\\/wp-content\\\/uploads\\\/2021\\\/04\\\/sl_avatar_Daniel-150x150.jpg\",\"url\":\"https:\\\/\\\/sergiolapegue.com\\\/site\\\/wp-content\\\/uploads\\\/2021\\\/04\\\/sl_avatar_Daniel-150x150.jpg\",\"contentUrl\":\"https:\\\/\\\/sergiolapegue.com\\\/site\\\/wp-content\\\/uploads\\\/2021\\\/04\\\/sl_avatar_Daniel-150x150.jpg\",\"caption\":\"Daniel E. Monta\u00f1a\"},\"sameAs\":[\"https:\\\/\\\/facebook.com\\\/danielernesto.montana\",\"https:\\\/\\\/instagram.com\\\/daniel_montana1961\",\"https:\\\/\\\/x.com\\\/https:\\\/\\\/twitter.com\\\/daner_004\"],\"url\":\"https:\\\/\\\/sergiolapegue.com\\\/site\\\/author\\\/daniel\\\/\"}]}<\/script>\n<!-- \/ Yoast SEO plugin. -->","yoast_head_json":{"title":"\u201cLAS CRIADAS\u201d - Sergio Lapegue","robots":{"index":"index","follow":"follow","max-snippet":"max-snippet:-1","max-image-preview":"max-image-preview:large","max-video-preview":"max-video-preview:-1"},"canonical":"https:\/\/sergiolapegue.com\/site\/2024\/06\/15\/las-criadas-2\/","og_locale":"es_ES","og_type":"article","og_title":"\u201cLAS CRIADAS\u201d - Sergio Lapegue","og_description":"La obra, de Jean Genet, dirigida por Dar\u00edo Serantes y con las actuaciones de Fabi\u00e1n Pedroza, Alberto Romero, Juan Rutkus, Dar\u00edo Serantes y Miguel \u00c1ngel Zandonadi, tiene funciones los d\u00edas viernes de junio y julio en \u00cdtaca Complejo Teatral. &nbsp;&nbsp; SINOPSIS Juego de roles, ceremonia secreta, perversa. Clara y Solange van hasta el l\u00edmite y [&hellip;]","og_url":"https:\/\/sergiolapegue.com\/site\/2024\/06\/15\/las-criadas-2\/","og_site_name":"Sergio Lapegue","article_publisher":"https:\/\/facebook.com\/sergiolapegue","article_author":"https:\/\/facebook.com\/danielernesto.montana","article_published_time":"2024-06-15T20:00:00+00:00","og_image":[{"width":1024,"height":1024,"url":"https:\/\/sergiolapegue.com\/site\/wp-content\/uploads\/2024\/06\/Las-criadas-1024x1024.jpg","type":"image\/jpeg"}],"author":"Daniel E. Monta\u00f1a","twitter_card":"summary_large_image","twitter_creator":"@https:\/\/twitter.com\/daner_004","twitter_site":"@sergiolapegue","twitter_misc":{"Escrito por":"Daniel E. Monta\u00f1a","Tiempo de lectura":"3 minutos"},"schema":{"@context":"https:\/\/schema.org","@graph":[{"@type":"Article","@id":"https:\/\/sergiolapegue.com\/site\/2024\/06\/15\/las-criadas-2\/#article","isPartOf":{"@id":"https:\/\/sergiolapegue.com\/site\/2024\/06\/15\/las-criadas-2\/"},"author":{"name":"Daniel E. Monta\u00f1a","@id":"https:\/\/sergiolapegue.com\/site\/#\/schema\/person\/9198e7dbab43c6d74d0fd5399af7c3cd"},"headline":"\u201cLAS CRIADAS\u201d","datePublished":"2024-06-15T20:00:00+00:00","mainEntityOfPage":{"@id":"https:\/\/sergiolapegue.com\/site\/2024\/06\/15\/las-criadas-2\/"},"wordCount":374,"commentCount":0,"publisher":{"@id":"https:\/\/sergiolapegue.com\/site\/#\/schema\/person\/083aeceeb0734cd166779ea6c0551a37"},"image":{"@id":"https:\/\/sergiolapegue.com\/site\/2024\/06\/15\/las-criadas-2\/#primaryimage"},"thumbnailUrl":"https:\/\/sergiolapegue.com\/site\/wp-content\/uploads\/2024\/06\/Las-criadas.jpg","articleSection":["Arte","Teatro"],"inLanguage":"es-AR","potentialAction":[{"@type":"CommentAction","name":"Comment","target":["https:\/\/sergiolapegue.com\/site\/2024\/06\/15\/las-criadas-2\/#respond"]}]},{"@type":"WebPage","@id":"https:\/\/sergiolapegue.com\/site\/2024\/06\/15\/las-criadas-2\/","url":"https:\/\/sergiolapegue.com\/site\/2024\/06\/15\/las-criadas-2\/","name":"\u201cLAS CRIADAS\u201d - Sergio Lapegue","isPartOf":{"@id":"https:\/\/sergiolapegue.com\/site\/#website"},"primaryImageOfPage":{"@id":"https:\/\/sergiolapegue.com\/site\/2024\/06\/15\/las-criadas-2\/#primaryimage"},"image":{"@id":"https:\/\/sergiolapegue.com\/site\/2024\/06\/15\/las-criadas-2\/#primaryimage"},"thumbnailUrl":"https:\/\/sergiolapegue.com\/site\/wp-content\/uploads\/2024\/06\/Las-criadas.jpg","datePublished":"2024-06-15T20:00:00+00:00","breadcrumb":{"@id":"https:\/\/sergiolapegue.com\/site\/2024\/06\/15\/las-criadas-2\/#breadcrumb"},"inLanguage":"es-AR","potentialAction":[{"@type":"ReadAction","target":["https:\/\/sergiolapegue.com\/site\/2024\/06\/15\/las-criadas-2\/"]}]},{"@type":"ImageObject","inLanguage":"es-AR","@id":"https:\/\/sergiolapegue.com\/site\/2024\/06\/15\/las-criadas-2\/#primaryimage","url":"https:\/\/sergiolapegue.com\/site\/wp-content\/uploads\/2024\/06\/Las-criadas.jpg","contentUrl":"https:\/\/sergiolapegue.com\/site\/wp-content\/uploads\/2024\/06\/Las-criadas.jpg","width":2160,"height":2160},{"@type":"BreadcrumbList","@id":"https:\/\/sergiolapegue.com\/site\/2024\/06\/15\/las-criadas-2\/#breadcrumb","itemListElement":[{"@type":"ListItem","position":1,"name":"Inicio","item":"https:\/\/sergiolapegue.com\/site\/"},{"@type":"ListItem","position":2,"name":"\u201cLAS CRIADAS\u201d"}]},{"@type":"WebSite","@id":"https:\/\/sergiolapegue.com\/site\/#website","url":"https:\/\/sergiolapegue.com\/site\/","name":"Sergio Lapegue","description":"Periodista","publisher":{"@id":"https:\/\/sergiolapegue.com\/site\/#\/schema\/person\/083aeceeb0734cd166779ea6c0551a37"},"potentialAction":[{"@type":"SearchAction","target":{"@type":"EntryPoint","urlTemplate":"https:\/\/sergiolapegue.com\/site\/?s={search_term_string}"},"query-input":{"@type":"PropertyValueSpecification","valueRequired":true,"valueName":"search_term_string"}}],"inLanguage":"es-AR"},{"@type":["Person","Organization"],"@id":"https:\/\/sergiolapegue.com\/site\/#\/schema\/person\/083aeceeb0734cd166779ea6c0551a37","name":"Sergio Lapegue","image":{"@type":"ImageObject","inLanguage":"es-AR","@id":"https:\/\/sergiolapegue.com\/site\/wp-content\/uploads\/2021\/04\/logo_header-1.png","url":"https:\/\/sergiolapegue.com\/site\/wp-content\/uploads\/2021\/04\/logo_header-1.png","contentUrl":"https:\/\/sergiolapegue.com\/site\/wp-content\/uploads\/2021\/04\/logo_header-1.png","width":272,"height":90,"caption":"Sergio Lapegue"},"logo":{"@id":"https:\/\/sergiolapegue.com\/site\/wp-content\/uploads\/2021\/04\/logo_header-1.png"},"sameAs":["https:\/\/facebook.com\/sergiolapegue","https:\/\/instagram.com\/sergiolapegue","https:\/\/x.com\/https:\/\/twitter.com\/sergiolapegue"]},{"@type":"Person","@id":"https:\/\/sergiolapegue.com\/site\/#\/schema\/person\/9198e7dbab43c6d74d0fd5399af7c3cd","name":"Daniel E. Monta\u00f1a","image":{"@type":"ImageObject","inLanguage":"es-AR","@id":"https:\/\/sergiolapegue.com\/site\/wp-content\/uploads\/2021\/04\/sl_avatar_Daniel-150x150.jpg","url":"https:\/\/sergiolapegue.com\/site\/wp-content\/uploads\/2021\/04\/sl_avatar_Daniel-150x150.jpg","contentUrl":"https:\/\/sergiolapegue.com\/site\/wp-content\/uploads\/2021\/04\/sl_avatar_Daniel-150x150.jpg","caption":"Daniel E. Monta\u00f1a"},"sameAs":["https:\/\/facebook.com\/danielernesto.montana","https:\/\/instagram.com\/daniel_montana1961","https:\/\/x.com\/https:\/\/twitter.com\/daner_004"],"url":"https:\/\/sergiolapegue.com\/site\/author\/daniel\/"}]}},"_links":{"self":[{"href":"https:\/\/sergiolapegue.com\/site\/wp-json\/wp\/v2\/posts\/15605","targetHints":{"allow":["GET"]}}],"collection":[{"href":"https:\/\/sergiolapegue.com\/site\/wp-json\/wp\/v2\/posts"}],"about":[{"href":"https:\/\/sergiolapegue.com\/site\/wp-json\/wp\/v2\/types\/post"}],"author":[{"embeddable":true,"href":"https:\/\/sergiolapegue.com\/site\/wp-json\/wp\/v2\/users\/3"}],"replies":[{"embeddable":true,"href":"https:\/\/sergiolapegue.com\/site\/wp-json\/wp\/v2\/comments?post=15605"}],"version-history":[{"count":1,"href":"https:\/\/sergiolapegue.com\/site\/wp-json\/wp\/v2\/posts\/15605\/revisions"}],"predecessor-version":[{"id":15611,"href":"https:\/\/sergiolapegue.com\/site\/wp-json\/wp\/v2\/posts\/15605\/revisions\/15611"}],"wp:featuredmedia":[{"embeddable":true,"href":"https:\/\/sergiolapegue.com\/site\/wp-json\/wp\/v2\/media\/15610"}],"wp:attachment":[{"href":"https:\/\/sergiolapegue.com\/site\/wp-json\/wp\/v2\/media?parent=15605"}],"wp:term":[{"taxonomy":"category","embeddable":true,"href":"https:\/\/sergiolapegue.com\/site\/wp-json\/wp\/v2\/categories?post=15605"},{"taxonomy":"post_tag","embeddable":true,"href":"https:\/\/sergiolapegue.com\/site\/wp-json\/wp\/v2\/tags?post=15605"}],"curies":[{"name":"wp","href":"https:\/\/api.w.org\/{rel}","templated":true}]}}