{"id":15553,"date":"2024-06-12T12:00:50","date_gmt":"2024-06-12T15:00:50","guid":{"rendered":"https:\/\/sergiolapegue.com\/site\/?p=15553"},"modified":"2024-06-12T12:00:50","modified_gmt":"2024-06-12T15:00:50","slug":"el-poder-de-las-palabras","status":"publish","type":"post","link":"https:\/\/sergiolapegue.com\/site\/2024\/06\/12\/el-poder-de-las-palabras\/","title":{"rendered":"El poder de las palabras"},"content":{"rendered":"\n<p>\u00a1Hola, amigos! Hoy quiero hablarles de la forma en que decimos las cosas, en c\u00f3mo tratamos a los dem\u00e1s. La palabra, cuando la decimos con amor, con amabilidad, tiene otro efecto. No es lo mismo decir algo con bronca que con amor. La misma palabra, dicha con un tono diferente, lo cambia todo. &nbsp;<\/p>\n\n\n\n<p>Las palabras son tan importantes que a veces ni nos damos cuenta del impacto que tienen en nuestra vida y en la vida de los dem\u00e1s. Una palabra puede levantar el \u00e1nimo, puede motivar, puede cambiar un d\u00eda, puede cambiar una vida. As\u00ed que pensemos antes de hablar.&nbsp;<\/p>\n\n\n\n<p>Nunca sabemos las batallas internas que las personas est\u00e1n enfrentando. \u00bfQu\u00e9 queremos transmitir? \u00bfQu\u00e9 queremos generar en el otro? Porque las palabras no se las lleva el viento. Las palabras quedan. Si somos amables y considerados creamos un espacio donde las personas se sienten valoradas y respetadas. Esto no nos hace menos, sino que nos engrandece. Pensar en el otro y no ser impecables con nuestras palabras implica no solo ser honestos, sino tambi\u00e9n hablar con intenci\u00f3n y cuidado.&nbsp;<\/p>\n\n\n\n<p>Pens\u00e1 bien antes de hablar. Pens\u00e1 bien antes de decir lo que quieras decir. Porque puede cambiarle la vida a una persona. Puede motivar, puede lastimar. Eleg\u00ed bien tus palabras. Eleg\u00ed bien c\u00f3mo decir las cosas. Las palabras tienen poder. Poder de cambiar todo. Poder de destruir o de construir. Las palabras tienen un poder enorme. Depende de vos. Eleg\u00ed bien. No te olvides nunca de eso.&nbsp;<\/p>\n\n\n\n<p><strong><em>Te lo dice un amigo.\u00a0<\/em><\/strong><\/p>\n","protected":false},"excerpt":{"rendered":"<p>\u00a1Hola, amigos! Hoy quiero hablarles de la forma en que decimos las cosas, en c\u00f3mo tratamos a los dem\u00e1s. La palabra, cuando la decimos con amor, con amabilidad, tiene otro efecto. No es lo mismo decir algo con bronca que con amor. La misma palabra, dicha con un tono diferente, lo cambia todo. &nbsp; Las [&hellip;]<\/p>\n","protected":false},"author":6,"featured_media":14661,"comment_status":"closed","ping_status":"closed","sticky":false,"template":"","format":"standard","meta":{"footnotes":""},"categories":[31],"tags":[379],"class_list":{"0":"post-15553","1":"post","2":"type-post","3":"status-publish","4":"format-standard","5":"has-post-thumbnail","7":"category-de-puno-y-letra","8":"tag-sergio-lapegue-2"},"yoast_head":"<!-- This site is optimized with the Yoast SEO plugin v27.5 - https:\/\/yoast.com\/product\/yoast-seo-wordpress\/ -->\n<title>El poder de las palabras - Sergio Lapegue<\/title>\n<meta name=\"description\" content=\"Las palabras son tan importantes que a veces ni nos damos cuenta del impacto que tienen en nuestra vida y en la vida de los dem\u00e1s.\" \/>\n<meta name=\"robots\" content=\"index, follow, max-snippet:-1, max-image-preview:large, max-video-preview:-1\" \/>\n<link rel=\"canonical\" href=\"https:\/\/sergiolapegue.com\/site\/2024\/06\/12\/el-poder-de-las-palabras\/\" \/>\n<meta property=\"og:locale\" content=\"es_ES\" \/>\n<meta property=\"og:type\" content=\"article\" \/>\n<meta property=\"og:title\" content=\"El poder de las palabras - Sergio Lapegue\" \/>\n<meta property=\"og:description\" content=\"Las palabras son tan importantes que a veces ni nos damos cuenta del impacto que tienen en nuestra vida y en la vida de los dem\u00e1s.\" \/>\n<meta property=\"og:url\" content=\"https:\/\/sergiolapegue.com\/site\/2024\/06\/12\/el-poder-de-las-palabras\/\" \/>\n<meta property=\"og:site_name\" content=\"Sergio Lapegue\" \/>\n<meta property=\"article:publisher\" content=\"https:\/\/facebook.com\/sergiolapegue\" \/>\n<meta property=\"article:author\" content=\"https:\/\/facebook.com\/sergiolapegue\" \/>\n<meta property=\"article:published_time\" content=\"2024-06-12T15:00:50+00:00\" \/>\n<meta property=\"og:image\" content=\"https:\/\/sergiolapegue.com\/site\/wp-content\/uploads\/2024\/05\/lapegueee.jpg\" \/>\n\t<meta property=\"og:image:width\" content=\"1200\" \/>\n\t<meta property=\"og:image:height\" content=\"675\" \/>\n\t<meta property=\"og:image:type\" content=\"image\/jpeg\" \/>\n<meta name=\"author\" content=\"Sergio Lapegue\" \/>\n<meta name=\"twitter:card\" content=\"summary_large_image\" \/>\n<meta name=\"twitter:creator\" content=\"@https:\/\/twitter.com\/sergiolapegue\" \/>\n<meta name=\"twitter:site\" content=\"@sergiolapegue\" \/>\n<meta name=\"twitter:label1\" content=\"Escrito por\" \/>\n\t<meta name=\"twitter:data1\" content=\"Sergio Lapegue\" \/>\n\t<meta name=\"twitter:label2\" content=\"Tiempo de lectura\" \/>\n\t<meta name=\"twitter:data2\" content=\"2 minutos\" \/>\n<script type=\"application\/ld+json\" class=\"yoast-schema-graph\">{\"@context\":\"https:\\\/\\\/schema.org\",\"@graph\":[{\"@type\":\"Article\",\"@id\":\"https:\\\/\\\/sergiolapegue.com\\\/site\\\/2024\\\/06\\\/12\\\/el-poder-de-las-palabras\\\/#article\",\"isPartOf\":{\"@id\":\"https:\\\/\\\/sergiolapegue.com\\\/site\\\/2024\\\/06\\\/12\\\/el-poder-de-las-palabras\\\/\"},\"author\":{\"name\":\"Sergio Lapegue\",\"@id\":\"https:\\\/\\\/sergiolapegue.com\\\/site\\\/#\\\/schema\\\/person\\\/083aeceeb0734cd166779ea6c0551a37\"},\"headline\":\"El poder de las palabras\",\"datePublished\":\"2024-06-12T15:00:50+00:00\",\"mainEntityOfPage\":{\"@id\":\"https:\\\/\\\/sergiolapegue.com\\\/site\\\/2024\\\/06\\\/12\\\/el-poder-de-las-palabras\\\/\"},\"wordCount\":269,\"publisher\":{\"@id\":\"https:\\\/\\\/sergiolapegue.com\\\/site\\\/#\\\/schema\\\/person\\\/083aeceeb0734cd166779ea6c0551a37\"},\"image\":{\"@id\":\"https:\\\/\\\/sergiolapegue.com\\\/site\\\/2024\\\/06\\\/12\\\/el-poder-de-las-palabras\\\/#primaryimage\"},\"thumbnailUrl\":\"https:\\\/\\\/sergiolapegue.com\\\/site\\\/wp-content\\\/uploads\\\/2024\\\/05\\\/lapegueee.jpg\",\"keywords\":[\"Sergio Lapeg\u00fce\"],\"articleSection\":[\"De Pu\u00f1o y Letra\"],\"inLanguage\":\"es-AR\"},{\"@type\":\"WebPage\",\"@id\":\"https:\\\/\\\/sergiolapegue.com\\\/site\\\/2024\\\/06\\\/12\\\/el-poder-de-las-palabras\\\/\",\"url\":\"https:\\\/\\\/sergiolapegue.com\\\/site\\\/2024\\\/06\\\/12\\\/el-poder-de-las-palabras\\\/\",\"name\":\"El poder de las palabras - Sergio Lapegue\",\"isPartOf\":{\"@id\":\"https:\\\/\\\/sergiolapegue.com\\\/site\\\/#website\"},\"primaryImageOfPage\":{\"@id\":\"https:\\\/\\\/sergiolapegue.com\\\/site\\\/2024\\\/06\\\/12\\\/el-poder-de-las-palabras\\\/#primaryimage\"},\"image\":{\"@id\":\"https:\\\/\\\/sergiolapegue.com\\\/site\\\/2024\\\/06\\\/12\\\/el-poder-de-las-palabras\\\/#primaryimage\"},\"thumbnailUrl\":\"https:\\\/\\\/sergiolapegue.com\\\/site\\\/wp-content\\\/uploads\\\/2024\\\/05\\\/lapegueee.jpg\",\"datePublished\":\"2024-06-12T15:00:50+00:00\",\"description\":\"Las palabras son tan importantes que a veces ni nos damos cuenta del impacto que tienen en nuestra vida y en la vida de los dem\u00e1s.\",\"breadcrumb\":{\"@id\":\"https:\\\/\\\/sergiolapegue.com\\\/site\\\/2024\\\/06\\\/12\\\/el-poder-de-las-palabras\\\/#breadcrumb\"},\"inLanguage\":\"es-AR\",\"potentialAction\":[{\"@type\":\"ReadAction\",\"target\":[\"https:\\\/\\\/sergiolapegue.com\\\/site\\\/2024\\\/06\\\/12\\\/el-poder-de-las-palabras\\\/\"]}]},{\"@type\":\"ImageObject\",\"inLanguage\":\"es-AR\",\"@id\":\"https:\\\/\\\/sergiolapegue.com\\\/site\\\/2024\\\/06\\\/12\\\/el-poder-de-las-palabras\\\/#primaryimage\",\"url\":\"https:\\\/\\\/sergiolapegue.com\\\/site\\\/wp-content\\\/uploads\\\/2024\\\/05\\\/lapegueee.jpg\",\"contentUrl\":\"https:\\\/\\\/sergiolapegue.com\\\/site\\\/wp-content\\\/uploads\\\/2024\\\/05\\\/lapegueee.jpg\",\"width\":1200,\"height\":675},{\"@type\":\"BreadcrumbList\",\"@id\":\"https:\\\/\\\/sergiolapegue.com\\\/site\\\/2024\\\/06\\\/12\\\/el-poder-de-las-palabras\\\/#breadcrumb\",\"itemListElement\":[{\"@type\":\"ListItem\",\"position\":1,\"name\":\"Inicio\",\"item\":\"https:\\\/\\\/sergiolapegue.com\\\/site\\\/\"},{\"@type\":\"ListItem\",\"position\":2,\"name\":\"El poder de las palabras\"}]},{\"@type\":\"WebSite\",\"@id\":\"https:\\\/\\\/sergiolapegue.com\\\/site\\\/#website\",\"url\":\"https:\\\/\\\/sergiolapegue.com\\\/site\\\/\",\"name\":\"Sergio Lapegue\",\"description\":\"Periodista\",\"publisher\":{\"@id\":\"https:\\\/\\\/sergiolapegue.com\\\/site\\\/#\\\/schema\\\/person\\\/083aeceeb0734cd166779ea6c0551a37\"},\"potentialAction\":[{\"@type\":\"SearchAction\",\"target\":{\"@type\":\"EntryPoint\",\"urlTemplate\":\"https:\\\/\\\/sergiolapegue.com\\\/site\\\/?s={search_term_string}\"},\"query-input\":{\"@type\":\"PropertyValueSpecification\",\"valueRequired\":true,\"valueName\":\"search_term_string\"}}],\"inLanguage\":\"es-AR\"},{\"@type\":[\"Person\",\"Organization\"],\"@id\":\"https:\\\/\\\/sergiolapegue.com\\\/site\\\/#\\\/schema\\\/person\\\/083aeceeb0734cd166779ea6c0551a37\",\"name\":\"Sergio Lapegue\",\"image\":{\"@type\":\"ImageObject\",\"inLanguage\":\"es-AR\",\"@id\":\"https:\\\/\\\/sergiolapegue.com\\\/site\\\/wp-content\\\/uploads\\\/2021\\\/04\\\/logo_header-1.png\",\"url\":\"https:\\\/\\\/sergiolapegue.com\\\/site\\\/wp-content\\\/uploads\\\/2021\\\/04\\\/logo_header-1.png\",\"contentUrl\":\"https:\\\/\\\/sergiolapegue.com\\\/site\\\/wp-content\\\/uploads\\\/2021\\\/04\\\/logo_header-1.png\",\"width\":272,\"height\":90,\"caption\":\"Sergio Lapegue\"},\"logo\":{\"@id\":\"https:\\\/\\\/sergiolapegue.com\\\/site\\\/wp-content\\\/uploads\\\/2021\\\/04\\\/logo_header-1.png\"},\"sameAs\":[\"https:\\\/\\\/facebook.com\\\/sergiolapegue\",\"https:\\\/\\\/instagram.com\\\/sergiolapegue\",\"https:\\\/\\\/x.com\\\/https:\\\/\\\/twitter.com\\\/sergiolapegue\"],\"url\":\"https:\\\/\\\/sergiolapegue.com\\\/site\\\/author\\\/sergio\\\/\"}]}<\/script>\n<!-- \/ Yoast SEO plugin. -->","yoast_head_json":{"title":"El poder de las palabras - Sergio Lapegue","description":"Las palabras son tan importantes que a veces ni nos damos cuenta del impacto que tienen en nuestra vida y en la vida de los dem\u00e1s.","robots":{"index":"index","follow":"follow","max-snippet":"max-snippet:-1","max-image-preview":"max-image-preview:large","max-video-preview":"max-video-preview:-1"},"canonical":"https:\/\/sergiolapegue.com\/site\/2024\/06\/12\/el-poder-de-las-palabras\/","og_locale":"es_ES","og_type":"article","og_title":"El poder de las palabras - Sergio Lapegue","og_description":"Las palabras son tan importantes que a veces ni nos damos cuenta del impacto que tienen en nuestra vida y en la vida de los dem\u00e1s.","og_url":"https:\/\/sergiolapegue.com\/site\/2024\/06\/12\/el-poder-de-las-palabras\/","og_site_name":"Sergio Lapegue","article_publisher":"https:\/\/facebook.com\/sergiolapegue","article_author":"https:\/\/facebook.com\/sergiolapegue","article_published_time":"2024-06-12T15:00:50+00:00","og_image":[{"width":1200,"height":675,"url":"https:\/\/sergiolapegue.com\/site\/wp-content\/uploads\/2024\/05\/lapegueee.jpg","type":"image\/jpeg"}],"author":"Sergio Lapegue","twitter_card":"summary_large_image","twitter_creator":"@https:\/\/twitter.com\/sergiolapegue","twitter_site":"@sergiolapegue","twitter_misc":{"Escrito por":"Sergio Lapegue","Tiempo de lectura":"2 minutos"},"schema":{"@context":"https:\/\/schema.org","@graph":[{"@type":"Article","@id":"https:\/\/sergiolapegue.com\/site\/2024\/06\/12\/el-poder-de-las-palabras\/#article","isPartOf":{"@id":"https:\/\/sergiolapegue.com\/site\/2024\/06\/12\/el-poder-de-las-palabras\/"},"author":{"name":"Sergio Lapegue","@id":"https:\/\/sergiolapegue.com\/site\/#\/schema\/person\/083aeceeb0734cd166779ea6c0551a37"},"headline":"El poder de las palabras","datePublished":"2024-06-12T15:00:50+00:00","mainEntityOfPage":{"@id":"https:\/\/sergiolapegue.com\/site\/2024\/06\/12\/el-poder-de-las-palabras\/"},"wordCount":269,"publisher":{"@id":"https:\/\/sergiolapegue.com\/site\/#\/schema\/person\/083aeceeb0734cd166779ea6c0551a37"},"image":{"@id":"https:\/\/sergiolapegue.com\/site\/2024\/06\/12\/el-poder-de-las-palabras\/#primaryimage"},"thumbnailUrl":"https:\/\/sergiolapegue.com\/site\/wp-content\/uploads\/2024\/05\/lapegueee.jpg","keywords":["Sergio Lapeg\u00fce"],"articleSection":["De Pu\u00f1o y Letra"],"inLanguage":"es-AR"},{"@type":"WebPage","@id":"https:\/\/sergiolapegue.com\/site\/2024\/06\/12\/el-poder-de-las-palabras\/","url":"https:\/\/sergiolapegue.com\/site\/2024\/06\/12\/el-poder-de-las-palabras\/","name":"El poder de las palabras - Sergio Lapegue","isPartOf":{"@id":"https:\/\/sergiolapegue.com\/site\/#website"},"primaryImageOfPage":{"@id":"https:\/\/sergiolapegue.com\/site\/2024\/06\/12\/el-poder-de-las-palabras\/#primaryimage"},"image":{"@id":"https:\/\/sergiolapegue.com\/site\/2024\/06\/12\/el-poder-de-las-palabras\/#primaryimage"},"thumbnailUrl":"https:\/\/sergiolapegue.com\/site\/wp-content\/uploads\/2024\/05\/lapegueee.jpg","datePublished":"2024-06-12T15:00:50+00:00","description":"Las palabras son tan importantes que a veces ni nos damos cuenta del impacto que tienen en nuestra vida y en la vida de los dem\u00e1s.","breadcrumb":{"@id":"https:\/\/sergiolapegue.com\/site\/2024\/06\/12\/el-poder-de-las-palabras\/#breadcrumb"},"inLanguage":"es-AR","potentialAction":[{"@type":"ReadAction","target":["https:\/\/sergiolapegue.com\/site\/2024\/06\/12\/el-poder-de-las-palabras\/"]}]},{"@type":"ImageObject","inLanguage":"es-AR","@id":"https:\/\/sergiolapegue.com\/site\/2024\/06\/12\/el-poder-de-las-palabras\/#primaryimage","url":"https:\/\/sergiolapegue.com\/site\/wp-content\/uploads\/2024\/05\/lapegueee.jpg","contentUrl":"https:\/\/sergiolapegue.com\/site\/wp-content\/uploads\/2024\/05\/lapegueee.jpg","width":1200,"height":675},{"@type":"BreadcrumbList","@id":"https:\/\/sergiolapegue.com\/site\/2024\/06\/12\/el-poder-de-las-palabras\/#breadcrumb","itemListElement":[{"@type":"ListItem","position":1,"name":"Inicio","item":"https:\/\/sergiolapegue.com\/site\/"},{"@type":"ListItem","position":2,"name":"El poder de las palabras"}]},{"@type":"WebSite","@id":"https:\/\/sergiolapegue.com\/site\/#website","url":"https:\/\/sergiolapegue.com\/site\/","name":"Sergio Lapegue","description":"Periodista","publisher":{"@id":"https:\/\/sergiolapegue.com\/site\/#\/schema\/person\/083aeceeb0734cd166779ea6c0551a37"},"potentialAction":[{"@type":"SearchAction","target":{"@type":"EntryPoint","urlTemplate":"https:\/\/sergiolapegue.com\/site\/?s={search_term_string}"},"query-input":{"@type":"PropertyValueSpecification","valueRequired":true,"valueName":"search_term_string"}}],"inLanguage":"es-AR"},{"@type":["Person","Organization"],"@id":"https:\/\/sergiolapegue.com\/site\/#\/schema\/person\/083aeceeb0734cd166779ea6c0551a37","name":"Sergio Lapegue","image":{"@type":"ImageObject","inLanguage":"es-AR","@id":"https:\/\/sergiolapegue.com\/site\/wp-content\/uploads\/2021\/04\/logo_header-1.png","url":"https:\/\/sergiolapegue.com\/site\/wp-content\/uploads\/2021\/04\/logo_header-1.png","contentUrl":"https:\/\/sergiolapegue.com\/site\/wp-content\/uploads\/2021\/04\/logo_header-1.png","width":272,"height":90,"caption":"Sergio Lapegue"},"logo":{"@id":"https:\/\/sergiolapegue.com\/site\/wp-content\/uploads\/2021\/04\/logo_header-1.png"},"sameAs":["https:\/\/facebook.com\/sergiolapegue","https:\/\/instagram.com\/sergiolapegue","https:\/\/x.com\/https:\/\/twitter.com\/sergiolapegue"],"url":"https:\/\/sergiolapegue.com\/site\/author\/sergio\/"}]}},"_links":{"self":[{"href":"https:\/\/sergiolapegue.com\/site\/wp-json\/wp\/v2\/posts\/15553","targetHints":{"allow":["GET"]}}],"collection":[{"href":"https:\/\/sergiolapegue.com\/site\/wp-json\/wp\/v2\/posts"}],"about":[{"href":"https:\/\/sergiolapegue.com\/site\/wp-json\/wp\/v2\/types\/post"}],"author":[{"embeddable":true,"href":"https:\/\/sergiolapegue.com\/site\/wp-json\/wp\/v2\/users\/6"}],"replies":[{"embeddable":true,"href":"https:\/\/sergiolapegue.com\/site\/wp-json\/wp\/v2\/comments?post=15553"}],"version-history":[{"count":1,"href":"https:\/\/sergiolapegue.com\/site\/wp-json\/wp\/v2\/posts\/15553\/revisions"}],"predecessor-version":[{"id":15554,"href":"https:\/\/sergiolapegue.com\/site\/wp-json\/wp\/v2\/posts\/15553\/revisions\/15554"}],"wp:featuredmedia":[{"embeddable":true,"href":"https:\/\/sergiolapegue.com\/site\/wp-json\/wp\/v2\/media\/14661"}],"wp:attachment":[{"href":"https:\/\/sergiolapegue.com\/site\/wp-json\/wp\/v2\/media?parent=15553"}],"wp:term":[{"taxonomy":"category","embeddable":true,"href":"https:\/\/sergiolapegue.com\/site\/wp-json\/wp\/v2\/categories?post=15553"},{"taxonomy":"post_tag","embeddable":true,"href":"https:\/\/sergiolapegue.com\/site\/wp-json\/wp\/v2\/tags?post=15553"}],"curies":[{"name":"wp","href":"https:\/\/api.w.org\/{rel}","templated":true}]}}