{"id":15523,"date":"2024-06-12T17:00:00","date_gmt":"2024-06-12T20:00:00","guid":{"rendered":"https:\/\/sergiolapegue.com\/site\/?p=15523"},"modified":"2024-06-11T03:09:35","modified_gmt":"2024-06-11T06:09:35","slug":"fan","status":"publish","type":"post","link":"https:\/\/sergiolapegue.com\/site\/2024\/06\/12\/fan\/","title":{"rendered":"\u201cFAN\u201d"},"content":{"rendered":"\n<p>Llega a la Argentina,&nbsp;&nbsp;la comedia \u00e9xito de Espa\u00f1a.<\/p>\n\n\n\n<p>El pr\u00f3ximo&nbsp;20 de junio llega la comedia \u00e9xito mundial&nbsp;&#8220;FAN&#8221;, protagonizada por&nbsp;Esteban Prol, Paula Morales y Sergio Surraco, con la direcci\u00f3n de&nbsp;Susana Toscano&nbsp;al&nbsp;Teatro Devoto.<\/p>\n\n\n\n<p>En medio del \u00e9xito que desat\u00f3 la pol\u00e9mica serie &#8220;Beb\u00e9 Reno&#8221;, llega FAN para invitarte a descubrir \u00bfHasta d\u00f3nde llega tu fanatismo? Una ingeniosa obra que nos remite al mundo ca\u00f3tico y acelerado en el que vivimos, donde nada es lo que parece, la interacci\u00f3n constante con las Redes Sociales es una obsesi\u00f3n y todos intentamos escondernos tras la pantalla para no mostrarnos como somos.<\/p>\n\n\n\n<p><strong>SINOPSIS<\/strong><\/p>\n\n\n\n<p>\u201cFAN\u201d una historia que desaf\u00eda las expectativas y nos hace cuestionar hasta d\u00f3nde llegar\u00edas por tu \u00eddolo. Con personajes exc\u00e9ntricos y giros inesperados, la obra nos sumerge en un mundo donde la l\u00ednea entre admiraci\u00f3n y obsesi\u00f3n se desdibuja.&nbsp;<\/p>\n\n\n\n<p>\u00bfQu\u00e9 sos capaz de hacer por tu fan?<\/p>\n\n\n\n<figure class=\"wp-block-image size-full is-resized\"><img loading=\"lazy\" decoding=\"async\" width=\"660\" height=\"454\" src=\"https:\/\/sergiolapegue.com\/site\/wp-content\/uploads\/2024\/06\/Fan-1.jpeg\" alt=\"\" class=\"wp-image-15524\" style=\"width:696px;height:auto\" srcset=\"https:\/\/sergiolapegue.com\/site\/wp-content\/uploads\/2024\/06\/Fan-1.jpeg 660w, https:\/\/sergiolapegue.com\/site\/wp-content\/uploads\/2024\/06\/Fan-1-300x206.jpeg 300w, https:\/\/sergiolapegue.com\/site\/wp-content\/uploads\/2024\/06\/Fan-1-611x420.jpeg 611w, https:\/\/sergiolapegue.com\/site\/wp-content\/uploads\/2024\/06\/Fan-1-218x150.jpeg 218w\" sizes=\"auto, (max-width: 660px) 100vw, 660px\" \/><\/figure>\n\n\n\n<p><strong>FICHA T\u00c9CNICO ART\u00cdSTICA<\/strong><\/p>\n\n\n\n<p><strong>Libro:<\/strong> Juan Jes\u00fas de Manuel<\/p>\n\n\n\n<p><strong>Adaptaci\u00f3n:<\/strong> Susana Toscano<\/p>\n\n\n\n<p><strong>Elenco: <\/strong>Esteban Prol \u2013 Paula Morales \u2013 Sergio Surraco<\/p>\n\n\n\n<p><strong>Dise\u00f1o de Iluminaci\u00f3n:<\/strong> Jos\u00e9 Luis Calvo<\/p>\n\n\n\n<p><strong>Dise\u00f1o de Escenograf\u00eda:<\/strong> Marcelo Valiente<\/p>\n\n\n\n<p><strong>Realizador de Escenograf\u00eda:<\/strong> Mart\u00edn Ganen<\/p>\n\n\n\n<p><strong>Dise\u00f1o de Vestuario:<\/strong> Pepe Ur\u00eda<\/p>\n\n\n\n<p><strong>Realizaci\u00f3n de Vestuario:<\/strong> Javier Tschudy<\/p>\n\n\n\n<p><strong>Adaptaciones gr\u00e1ficas:<\/strong> Karen Santill\u00e1n<\/p>\n\n\n\n<p><strong>Fotograf\u00eda:<\/strong> Paz Garabal<\/p>\n\n\n\n<p><strong>Redes:<\/strong> Karen Santill\u00e1n<\/p>\n\n\n\n<p><strong>Prensa:<\/strong> TP Agencia<\/p>\n\n\n\n<p><strong>Asistente de Direcci\u00f3n:<\/strong> Ver\u00f3nica Peskin<\/p>\n\n\n\n<p><strong>Producci\u00f3n Ejecutiva:<\/strong> Pato Rebora<\/p>\n\n\n\n<p><strong>Producci\u00f3n General:<\/strong> Mariano Pitarch y Chacho Garabal<\/p>\n\n\n\n<p><strong>Producci\u00f3n:<\/strong> Galaxias Creativas y Smilehood<\/p>\n\n\n\n<p><strong>Direcci\u00f3n:<\/strong> Susana Toscano<\/p>\n\n\n\n<p><strong>Instagram:<\/strong> @fanargentina_<\/p>\n\n\n\n<figure class=\"wp-block-image size-full is-resized\"><img loading=\"lazy\" decoding=\"async\" width=\"660\" height=\"483\" src=\"https:\/\/sergiolapegue.com\/site\/wp-content\/uploads\/2024\/06\/Fan-2.jpeg\" alt=\"\" class=\"wp-image-15525\" style=\"width:696px;height:auto\" srcset=\"https:\/\/sergiolapegue.com\/site\/wp-content\/uploads\/2024\/06\/Fan-2.jpeg 660w, https:\/\/sergiolapegue.com\/site\/wp-content\/uploads\/2024\/06\/Fan-2-300x220.jpeg 300w, https:\/\/sergiolapegue.com\/site\/wp-content\/uploads\/2024\/06\/Fan-2-574x420.jpeg 574w, https:\/\/sergiolapegue.com\/site\/wp-content\/uploads\/2024\/06\/Fan-2-80x60.jpeg 80w\" sizes=\"auto, (max-width: 660px) 100vw, 660px\" \/><\/figure>\n\n\n\n<p><strong>TEATRO DEVOTO<\/strong><\/p>\n\n\n\n<p>Av. Lincoln 3818 \u2013 Capital Federal \u2013 Buenos Aires \u2013 Argentina<\/p>\n\n\n\n<p>Entradas: Desde $ 10.000 en boleter\u00eda del teatro o por Ticketek<\/p>\n\n\n\n<p>Funciones: Jueves \u2013 21:00 horas \u2013 Del 20\/06\/2024 al 27\/06\/2024<\/p>\n\n\n\n<p>Gracias Kevin Melgar para Tommy Pashkus Agencia por acercarnos la gacetilla de prensa de este espect\u00e1culo. \u00a0<\/p>\n","protected":false},"excerpt":{"rendered":"<p>Llega a la Argentina,&nbsp;&nbsp;la comedia \u00e9xito de Espa\u00f1a. El pr\u00f3ximo&nbsp;20 de junio llega la comedia \u00e9xito mundial&nbsp;&#8220;FAN&#8221;, protagonizada por&nbsp;Esteban Prol, Paula Morales y Sergio Surraco, con la direcci\u00f3n de&nbsp;Susana Toscano&nbsp;al&nbsp;Teatro Devoto. En medio del \u00e9xito que desat\u00f3 la pol\u00e9mica serie &#8220;Beb\u00e9 Reno&#8221;, llega FAN para invitarte a descubrir \u00bfHasta d\u00f3nde llega tu fanatismo? Una ingeniosa [&hellip;]<\/p>\n","protected":false},"author":3,"featured_media":15526,"comment_status":"open","ping_status":"closed","sticky":false,"template":"","format":"standard","meta":{"footnotes":""},"categories":[34,35],"tags":[],"class_list":{"0":"post-15523","1":"post","2":"type-post","3":"status-publish","4":"format-standard","5":"has-post-thumbnail","7":"category-arte","8":"category-teatro"},"yoast_head":"<!-- This site is optimized with the Yoast SEO plugin v27.5 - https:\/\/yoast.com\/product\/yoast-seo-wordpress\/ -->\n<title>\u201cFAN\u201d - Sergio Lapegue<\/title>\n<meta name=\"robots\" content=\"index, follow, max-snippet:-1, max-image-preview:large, max-video-preview:-1\" \/>\n<link rel=\"canonical\" href=\"https:\/\/sergiolapegue.com\/site\/2024\/06\/12\/fan\/\" \/>\n<meta property=\"og:locale\" content=\"es_ES\" \/>\n<meta property=\"og:type\" content=\"article\" \/>\n<meta property=\"og:title\" content=\"\u201cFAN\u201d - Sergio Lapegue\" \/>\n<meta property=\"og:description\" content=\"Llega a la Argentina,&nbsp;&nbsp;la comedia \u00e9xito de Espa\u00f1a. El pr\u00f3ximo&nbsp;20 de junio llega la comedia \u00e9xito mundial&nbsp;&#8220;FAN&#8221;, protagonizada por&nbsp;Esteban Prol, Paula Morales y Sergio Surraco, con la direcci\u00f3n de&nbsp;Susana Toscano&nbsp;al&nbsp;Teatro Devoto. En medio del \u00e9xito que desat\u00f3 la pol\u00e9mica serie &#8220;Beb\u00e9 Reno&#8221;, llega FAN para invitarte a descubrir \u00bfHasta d\u00f3nde llega tu fanatismo? Una ingeniosa [&hellip;]\" \/>\n<meta property=\"og:url\" content=\"https:\/\/sergiolapegue.com\/site\/2024\/06\/12\/fan\/\" \/>\n<meta property=\"og:site_name\" content=\"Sergio Lapegue\" \/>\n<meta property=\"article:publisher\" content=\"https:\/\/facebook.com\/sergiolapegue\" \/>\n<meta property=\"article:author\" content=\"https:\/\/facebook.com\/danielernesto.montana\" \/>\n<meta property=\"article:published_time\" content=\"2024-06-12T20:00:00+00:00\" \/>\n<meta property=\"og:image\" content=\"https:\/\/sergiolapegue.com\/site\/wp-content\/uploads\/2024\/06\/Fan.png\" \/>\n\t<meta property=\"og:image:width\" content=\"960\" \/>\n\t<meta property=\"og:image:height\" content=\"400\" \/>\n\t<meta property=\"og:image:type\" content=\"image\/png\" \/>\n<meta name=\"author\" content=\"Daniel E. Monta\u00f1a\" \/>\n<meta name=\"twitter:card\" content=\"summary_large_image\" \/>\n<meta name=\"twitter:creator\" content=\"@https:\/\/twitter.com\/daner_004\" \/>\n<meta name=\"twitter:site\" content=\"@sergiolapegue\" \/>\n<meta name=\"twitter:label1\" content=\"Escrito por\" \/>\n\t<meta name=\"twitter:data1\" content=\"Daniel E. Monta\u00f1a\" \/>\n\t<meta name=\"twitter:label2\" content=\"Tiempo de lectura\" \/>\n\t<meta name=\"twitter:data2\" content=\"2 minutos\" \/>\n<script type=\"application\/ld+json\" class=\"yoast-schema-graph\">{\"@context\":\"https:\\\/\\\/schema.org\",\"@graph\":[{\"@type\":\"Article\",\"@id\":\"https:\\\/\\\/sergiolapegue.com\\\/site\\\/2024\\\/06\\\/12\\\/fan\\\/#article\",\"isPartOf\":{\"@id\":\"https:\\\/\\\/sergiolapegue.com\\\/site\\\/2024\\\/06\\\/12\\\/fan\\\/\"},\"author\":{\"name\":\"Daniel E. Monta\u00f1a\",\"@id\":\"https:\\\/\\\/sergiolapegue.com\\\/site\\\/#\\\/schema\\\/person\\\/9198e7dbab43c6d74d0fd5399af7c3cd\"},\"headline\":\"\u201cFAN\u201d\",\"datePublished\":\"2024-06-12T20:00:00+00:00\",\"mainEntityOfPage\":{\"@id\":\"https:\\\/\\\/sergiolapegue.com\\\/site\\\/2024\\\/06\\\/12\\\/fan\\\/\"},\"wordCount\":322,\"commentCount\":0,\"publisher\":{\"@id\":\"https:\\\/\\\/sergiolapegue.com\\\/site\\\/#\\\/schema\\\/person\\\/083aeceeb0734cd166779ea6c0551a37\"},\"image\":{\"@id\":\"https:\\\/\\\/sergiolapegue.com\\\/site\\\/2024\\\/06\\\/12\\\/fan\\\/#primaryimage\"},\"thumbnailUrl\":\"https:\\\/\\\/sergiolapegue.com\\\/site\\\/wp-content\\\/uploads\\\/2024\\\/06\\\/Fan.png\",\"articleSection\":[\"Arte\",\"Teatro\"],\"inLanguage\":\"es-AR\",\"potentialAction\":[{\"@type\":\"CommentAction\",\"name\":\"Comment\",\"target\":[\"https:\\\/\\\/sergiolapegue.com\\\/site\\\/2024\\\/06\\\/12\\\/fan\\\/#respond\"]}]},{\"@type\":\"WebPage\",\"@id\":\"https:\\\/\\\/sergiolapegue.com\\\/site\\\/2024\\\/06\\\/12\\\/fan\\\/\",\"url\":\"https:\\\/\\\/sergiolapegue.com\\\/site\\\/2024\\\/06\\\/12\\\/fan\\\/\",\"name\":\"\u201cFAN\u201d - Sergio Lapegue\",\"isPartOf\":{\"@id\":\"https:\\\/\\\/sergiolapegue.com\\\/site\\\/#website\"},\"primaryImageOfPage\":{\"@id\":\"https:\\\/\\\/sergiolapegue.com\\\/site\\\/2024\\\/06\\\/12\\\/fan\\\/#primaryimage\"},\"image\":{\"@id\":\"https:\\\/\\\/sergiolapegue.com\\\/site\\\/2024\\\/06\\\/12\\\/fan\\\/#primaryimage\"},\"thumbnailUrl\":\"https:\\\/\\\/sergiolapegue.com\\\/site\\\/wp-content\\\/uploads\\\/2024\\\/06\\\/Fan.png\",\"datePublished\":\"2024-06-12T20:00:00+00:00\",\"breadcrumb\":{\"@id\":\"https:\\\/\\\/sergiolapegue.com\\\/site\\\/2024\\\/06\\\/12\\\/fan\\\/#breadcrumb\"},\"inLanguage\":\"es-AR\",\"potentialAction\":[{\"@type\":\"ReadAction\",\"target\":[\"https:\\\/\\\/sergiolapegue.com\\\/site\\\/2024\\\/06\\\/12\\\/fan\\\/\"]}]},{\"@type\":\"ImageObject\",\"inLanguage\":\"es-AR\",\"@id\":\"https:\\\/\\\/sergiolapegue.com\\\/site\\\/2024\\\/06\\\/12\\\/fan\\\/#primaryimage\",\"url\":\"https:\\\/\\\/sergiolapegue.com\\\/site\\\/wp-content\\\/uploads\\\/2024\\\/06\\\/Fan.png\",\"contentUrl\":\"https:\\\/\\\/sergiolapegue.com\\\/site\\\/wp-content\\\/uploads\\\/2024\\\/06\\\/Fan.png\",\"width\":960,\"height\":400},{\"@type\":\"BreadcrumbList\",\"@id\":\"https:\\\/\\\/sergiolapegue.com\\\/site\\\/2024\\\/06\\\/12\\\/fan\\\/#breadcrumb\",\"itemListElement\":[{\"@type\":\"ListItem\",\"position\":1,\"name\":\"Inicio\",\"item\":\"https:\\\/\\\/sergiolapegue.com\\\/site\\\/\"},{\"@type\":\"ListItem\",\"position\":2,\"name\":\"\u201cFAN\u201d\"}]},{\"@type\":\"WebSite\",\"@id\":\"https:\\\/\\\/sergiolapegue.com\\\/site\\\/#website\",\"url\":\"https:\\\/\\\/sergiolapegue.com\\\/site\\\/\",\"name\":\"Sergio Lapegue\",\"description\":\"Periodista\",\"publisher\":{\"@id\":\"https:\\\/\\\/sergiolapegue.com\\\/site\\\/#\\\/schema\\\/person\\\/083aeceeb0734cd166779ea6c0551a37\"},\"potentialAction\":[{\"@type\":\"SearchAction\",\"target\":{\"@type\":\"EntryPoint\",\"urlTemplate\":\"https:\\\/\\\/sergiolapegue.com\\\/site\\\/?s={search_term_string}\"},\"query-input\":{\"@type\":\"PropertyValueSpecification\",\"valueRequired\":true,\"valueName\":\"search_term_string\"}}],\"inLanguage\":\"es-AR\"},{\"@type\":[\"Person\",\"Organization\"],\"@id\":\"https:\\\/\\\/sergiolapegue.com\\\/site\\\/#\\\/schema\\\/person\\\/083aeceeb0734cd166779ea6c0551a37\",\"name\":\"Sergio Lapegue\",\"image\":{\"@type\":\"ImageObject\",\"inLanguage\":\"es-AR\",\"@id\":\"https:\\\/\\\/sergiolapegue.com\\\/site\\\/wp-content\\\/uploads\\\/2021\\\/04\\\/logo_header-1.png\",\"url\":\"https:\\\/\\\/sergiolapegue.com\\\/site\\\/wp-content\\\/uploads\\\/2021\\\/04\\\/logo_header-1.png\",\"contentUrl\":\"https:\\\/\\\/sergiolapegue.com\\\/site\\\/wp-content\\\/uploads\\\/2021\\\/04\\\/logo_header-1.png\",\"width\":272,\"height\":90,\"caption\":\"Sergio Lapegue\"},\"logo\":{\"@id\":\"https:\\\/\\\/sergiolapegue.com\\\/site\\\/wp-content\\\/uploads\\\/2021\\\/04\\\/logo_header-1.png\"},\"sameAs\":[\"https:\\\/\\\/facebook.com\\\/sergiolapegue\",\"https:\\\/\\\/instagram.com\\\/sergiolapegue\",\"https:\\\/\\\/x.com\\\/https:\\\/\\\/twitter.com\\\/sergiolapegue\"]},{\"@type\":\"Person\",\"@id\":\"https:\\\/\\\/sergiolapegue.com\\\/site\\\/#\\\/schema\\\/person\\\/9198e7dbab43c6d74d0fd5399af7c3cd\",\"name\":\"Daniel E. Monta\u00f1a\",\"image\":{\"@type\":\"ImageObject\",\"inLanguage\":\"es-AR\",\"@id\":\"https:\\\/\\\/sergiolapegue.com\\\/site\\\/wp-content\\\/uploads\\\/2021\\\/04\\\/sl_avatar_Daniel-150x150.jpg\",\"url\":\"https:\\\/\\\/sergiolapegue.com\\\/site\\\/wp-content\\\/uploads\\\/2021\\\/04\\\/sl_avatar_Daniel-150x150.jpg\",\"contentUrl\":\"https:\\\/\\\/sergiolapegue.com\\\/site\\\/wp-content\\\/uploads\\\/2021\\\/04\\\/sl_avatar_Daniel-150x150.jpg\",\"caption\":\"Daniel E. Monta\u00f1a\"},\"sameAs\":[\"https:\\\/\\\/facebook.com\\\/danielernesto.montana\",\"https:\\\/\\\/instagram.com\\\/daniel_montana1961\",\"https:\\\/\\\/x.com\\\/https:\\\/\\\/twitter.com\\\/daner_004\"],\"url\":\"https:\\\/\\\/sergiolapegue.com\\\/site\\\/author\\\/daniel\\\/\"}]}<\/script>\n<!-- \/ Yoast SEO plugin. -->","yoast_head_json":{"title":"\u201cFAN\u201d - Sergio Lapegue","robots":{"index":"index","follow":"follow","max-snippet":"max-snippet:-1","max-image-preview":"max-image-preview:large","max-video-preview":"max-video-preview:-1"},"canonical":"https:\/\/sergiolapegue.com\/site\/2024\/06\/12\/fan\/","og_locale":"es_ES","og_type":"article","og_title":"\u201cFAN\u201d - Sergio Lapegue","og_description":"Llega a la Argentina,&nbsp;&nbsp;la comedia \u00e9xito de Espa\u00f1a. El pr\u00f3ximo&nbsp;20 de junio llega la comedia \u00e9xito mundial&nbsp;&#8220;FAN&#8221;, protagonizada por&nbsp;Esteban Prol, Paula Morales y Sergio Surraco, con la direcci\u00f3n de&nbsp;Susana Toscano&nbsp;al&nbsp;Teatro Devoto. En medio del \u00e9xito que desat\u00f3 la pol\u00e9mica serie &#8220;Beb\u00e9 Reno&#8221;, llega FAN para invitarte a descubrir \u00bfHasta d\u00f3nde llega tu fanatismo? Una ingeniosa [&hellip;]","og_url":"https:\/\/sergiolapegue.com\/site\/2024\/06\/12\/fan\/","og_site_name":"Sergio Lapegue","article_publisher":"https:\/\/facebook.com\/sergiolapegue","article_author":"https:\/\/facebook.com\/danielernesto.montana","article_published_time":"2024-06-12T20:00:00+00:00","og_image":[{"width":960,"height":400,"url":"https:\/\/sergiolapegue.com\/site\/wp-content\/uploads\/2024\/06\/Fan.png","type":"image\/png"}],"author":"Daniel E. Monta\u00f1a","twitter_card":"summary_large_image","twitter_creator":"@https:\/\/twitter.com\/daner_004","twitter_site":"@sergiolapegue","twitter_misc":{"Escrito por":"Daniel E. Monta\u00f1a","Tiempo de lectura":"2 minutos"},"schema":{"@context":"https:\/\/schema.org","@graph":[{"@type":"Article","@id":"https:\/\/sergiolapegue.com\/site\/2024\/06\/12\/fan\/#article","isPartOf":{"@id":"https:\/\/sergiolapegue.com\/site\/2024\/06\/12\/fan\/"},"author":{"name":"Daniel E. Monta\u00f1a","@id":"https:\/\/sergiolapegue.com\/site\/#\/schema\/person\/9198e7dbab43c6d74d0fd5399af7c3cd"},"headline":"\u201cFAN\u201d","datePublished":"2024-06-12T20:00:00+00:00","mainEntityOfPage":{"@id":"https:\/\/sergiolapegue.com\/site\/2024\/06\/12\/fan\/"},"wordCount":322,"commentCount":0,"publisher":{"@id":"https:\/\/sergiolapegue.com\/site\/#\/schema\/person\/083aeceeb0734cd166779ea6c0551a37"},"image":{"@id":"https:\/\/sergiolapegue.com\/site\/2024\/06\/12\/fan\/#primaryimage"},"thumbnailUrl":"https:\/\/sergiolapegue.com\/site\/wp-content\/uploads\/2024\/06\/Fan.png","articleSection":["Arte","Teatro"],"inLanguage":"es-AR","potentialAction":[{"@type":"CommentAction","name":"Comment","target":["https:\/\/sergiolapegue.com\/site\/2024\/06\/12\/fan\/#respond"]}]},{"@type":"WebPage","@id":"https:\/\/sergiolapegue.com\/site\/2024\/06\/12\/fan\/","url":"https:\/\/sergiolapegue.com\/site\/2024\/06\/12\/fan\/","name":"\u201cFAN\u201d - Sergio Lapegue","isPartOf":{"@id":"https:\/\/sergiolapegue.com\/site\/#website"},"primaryImageOfPage":{"@id":"https:\/\/sergiolapegue.com\/site\/2024\/06\/12\/fan\/#primaryimage"},"image":{"@id":"https:\/\/sergiolapegue.com\/site\/2024\/06\/12\/fan\/#primaryimage"},"thumbnailUrl":"https:\/\/sergiolapegue.com\/site\/wp-content\/uploads\/2024\/06\/Fan.png","datePublished":"2024-06-12T20:00:00+00:00","breadcrumb":{"@id":"https:\/\/sergiolapegue.com\/site\/2024\/06\/12\/fan\/#breadcrumb"},"inLanguage":"es-AR","potentialAction":[{"@type":"ReadAction","target":["https:\/\/sergiolapegue.com\/site\/2024\/06\/12\/fan\/"]}]},{"@type":"ImageObject","inLanguage":"es-AR","@id":"https:\/\/sergiolapegue.com\/site\/2024\/06\/12\/fan\/#primaryimage","url":"https:\/\/sergiolapegue.com\/site\/wp-content\/uploads\/2024\/06\/Fan.png","contentUrl":"https:\/\/sergiolapegue.com\/site\/wp-content\/uploads\/2024\/06\/Fan.png","width":960,"height":400},{"@type":"BreadcrumbList","@id":"https:\/\/sergiolapegue.com\/site\/2024\/06\/12\/fan\/#breadcrumb","itemListElement":[{"@type":"ListItem","position":1,"name":"Inicio","item":"https:\/\/sergiolapegue.com\/site\/"},{"@type":"ListItem","position":2,"name":"\u201cFAN\u201d"}]},{"@type":"WebSite","@id":"https:\/\/sergiolapegue.com\/site\/#website","url":"https:\/\/sergiolapegue.com\/site\/","name":"Sergio Lapegue","description":"Periodista","publisher":{"@id":"https:\/\/sergiolapegue.com\/site\/#\/schema\/person\/083aeceeb0734cd166779ea6c0551a37"},"potentialAction":[{"@type":"SearchAction","target":{"@type":"EntryPoint","urlTemplate":"https:\/\/sergiolapegue.com\/site\/?s={search_term_string}"},"query-input":{"@type":"PropertyValueSpecification","valueRequired":true,"valueName":"search_term_string"}}],"inLanguage":"es-AR"},{"@type":["Person","Organization"],"@id":"https:\/\/sergiolapegue.com\/site\/#\/schema\/person\/083aeceeb0734cd166779ea6c0551a37","name":"Sergio Lapegue","image":{"@type":"ImageObject","inLanguage":"es-AR","@id":"https:\/\/sergiolapegue.com\/site\/wp-content\/uploads\/2021\/04\/logo_header-1.png","url":"https:\/\/sergiolapegue.com\/site\/wp-content\/uploads\/2021\/04\/logo_header-1.png","contentUrl":"https:\/\/sergiolapegue.com\/site\/wp-content\/uploads\/2021\/04\/logo_header-1.png","width":272,"height":90,"caption":"Sergio Lapegue"},"logo":{"@id":"https:\/\/sergiolapegue.com\/site\/wp-content\/uploads\/2021\/04\/logo_header-1.png"},"sameAs":["https:\/\/facebook.com\/sergiolapegue","https:\/\/instagram.com\/sergiolapegue","https:\/\/x.com\/https:\/\/twitter.com\/sergiolapegue"]},{"@type":"Person","@id":"https:\/\/sergiolapegue.com\/site\/#\/schema\/person\/9198e7dbab43c6d74d0fd5399af7c3cd","name":"Daniel E. Monta\u00f1a","image":{"@type":"ImageObject","inLanguage":"es-AR","@id":"https:\/\/sergiolapegue.com\/site\/wp-content\/uploads\/2021\/04\/sl_avatar_Daniel-150x150.jpg","url":"https:\/\/sergiolapegue.com\/site\/wp-content\/uploads\/2021\/04\/sl_avatar_Daniel-150x150.jpg","contentUrl":"https:\/\/sergiolapegue.com\/site\/wp-content\/uploads\/2021\/04\/sl_avatar_Daniel-150x150.jpg","caption":"Daniel E. Monta\u00f1a"},"sameAs":["https:\/\/facebook.com\/danielernesto.montana","https:\/\/instagram.com\/daniel_montana1961","https:\/\/x.com\/https:\/\/twitter.com\/daner_004"],"url":"https:\/\/sergiolapegue.com\/site\/author\/daniel\/"}]}},"_links":{"self":[{"href":"https:\/\/sergiolapegue.com\/site\/wp-json\/wp\/v2\/posts\/15523","targetHints":{"allow":["GET"]}}],"collection":[{"href":"https:\/\/sergiolapegue.com\/site\/wp-json\/wp\/v2\/posts"}],"about":[{"href":"https:\/\/sergiolapegue.com\/site\/wp-json\/wp\/v2\/types\/post"}],"author":[{"embeddable":true,"href":"https:\/\/sergiolapegue.com\/site\/wp-json\/wp\/v2\/users\/3"}],"replies":[{"embeddable":true,"href":"https:\/\/sergiolapegue.com\/site\/wp-json\/wp\/v2\/comments?post=15523"}],"version-history":[{"count":1,"href":"https:\/\/sergiolapegue.com\/site\/wp-json\/wp\/v2\/posts\/15523\/revisions"}],"predecessor-version":[{"id":15527,"href":"https:\/\/sergiolapegue.com\/site\/wp-json\/wp\/v2\/posts\/15523\/revisions\/15527"}],"wp:featuredmedia":[{"embeddable":true,"href":"https:\/\/sergiolapegue.com\/site\/wp-json\/wp\/v2\/media\/15526"}],"wp:attachment":[{"href":"https:\/\/sergiolapegue.com\/site\/wp-json\/wp\/v2\/media?parent=15523"}],"wp:term":[{"taxonomy":"category","embeddable":true,"href":"https:\/\/sergiolapegue.com\/site\/wp-json\/wp\/v2\/categories?post=15523"},{"taxonomy":"post_tag","embeddable":true,"href":"https:\/\/sergiolapegue.com\/site\/wp-json\/wp\/v2\/tags?post=15523"}],"curies":[{"name":"wp","href":"https:\/\/api.w.org\/{rel}","templated":true}]}}