{"id":15324,"date":"2024-06-12T11:04:53","date_gmt":"2024-06-12T14:04:53","guid":{"rendered":"https:\/\/sergiolapegue.com\/site\/?p=15324"},"modified":"2024-06-03T11:11:46","modified_gmt":"2024-06-03T14:11:46","slug":"colores-de-amia-quedo-inaugurada-la-original-intervencion-artistica-que-se-realizo-sobre-la-fachada-de-pasteur-633","status":"publish","type":"post","link":"https:\/\/sergiolapegue.com\/site\/2024\/06\/12\/colores-de-amia-quedo-inaugurada-la-original-intervencion-artistica-que-se-realizo-sobre-la-fachada-de-pasteur-633\/","title":{"rendered":"&#8220;Colores\u00a0de\u00a0AMIA&#8221;: Qued\u00f3 inaugurada la original intervenci\u00f3n art\u00edstica que se realiz\u00f3 sobre la fachada de Pasteur 633"},"content":{"rendered":"\n<p>En el marco de la conmemoraci\u00f3n por los<strong>&nbsp;<\/strong><strong>130 a\u00f1os de la fundaci\u00f3n de la entidad<\/strong>, esta ma\u00f1ana, qued\u00f3 oficialmente inaugurada la intervenci\u00f3n&nbsp;<strong>&#8220;Colores de AMIA&#8221;,<\/strong>&nbsp;la obra art\u00edstica con la que se decidi\u00f3 renovar y poner en valor las paredes externas del edificio ubicado en Pasteur 633.<\/p>\n\n\n\n<p>A cargo del artista pl\u00e1stico&nbsp;<strong>David Petroni<\/strong>, y bajo la coordinaci\u00f3n del departamento de&nbsp;<strong>Arte y Producci\u00f3n<\/strong>&nbsp;de la instituci\u00f3n,&nbsp;<strong>&#8220;Colores de AMIA&#8221;<\/strong><strong>&nbsp;<\/strong>transform\u00f3 la fachada de la emblem\u00e1tica sede del barrio de Once, en un enorme lienzo que permiti\u00f3 simbolizar, a trav\u00e9s de una significativa propuesta crom\u00e1tica, la multiplicidad de acciones y programas que la organizaci\u00f3n lleva adelante en el cumplimiento de su misi\u00f3n social.<\/p>\n\n\n\n<p>La inauguraci\u00f3n de &#8220;Colores AMIA&#8221; se realiz\u00f3 en la plaza seca de Pasteur 633 donde se encuentra emplazada, desde hace 26 a\u00f1os, la escultura del artista israel\u00ed Yaacov&nbsp;Agam, que rinde homenaje a las 85 personas asesinadas en el ataque terrorista del 18 de julio de 1994, que sufri\u00f3 la instituci\u00f3n.<\/p>\n\n\n\n<p>En la misma plaza seca, se encuentra el &#8220;El Muro de la Memoria&#8221;, la gigantesca obra creada, en 2018, por el artista Mart\u00edn Ron, a pedido de la entidad, para honrar a las v\u00edctimas del ataque terrorista y renovar el pedido de justicia.<\/p>\n\n\n\n<p>La obra de Agam y el mural de Ron forman parte, a partir de ahora, de un di\u00e1logo art\u00edstico permanente con &#8220;Colores de AMIA&#8221;, la original propuesta visual, inspirada en los valores que la instituci\u00f3n representa, y que se inaugur\u00f3 como parte de las acciones para conmemorar los 130 a\u00f1os de creaci\u00f3n de la instituci\u00f3n.<\/p>\n\n\n\n<p>&#8220;Los colores de esta nueva obra representan simb\u00f3licamente muchas cosas. En primer lugar, la diversidad de ideas, de edades, de expectativas, de historias que hacen a cada una de las personas que cotidianamente llevamos adelante nuestra tarea en AMIA&#8221;, expres\u00f3 Daniel Pomerantz, director ejecutivo de la entidad, en el acto de inauguraci\u00f3n de la intervenci\u00f3n art\u00edstica.<\/p>\n\n\n\n<figure class=\"wp-block-image size-large is-style-rounded\"><img loading=\"lazy\" decoding=\"async\" width=\"1024\" height=\"682\" src=\"https:\/\/sergiolapegue.com\/site\/wp-content\/uploads\/2024\/06\/Colores-de-AMIA-agradecimiento-a-los-donantes-del-proyecto-1024x682.jpeg\" alt=\"\" class=\"wp-image-15327\" srcset=\"https:\/\/sergiolapegue.com\/site\/wp-content\/uploads\/2024\/06\/Colores-de-AMIA-agradecimiento-a-los-donantes-del-proyecto-1024x682.jpeg 1024w, https:\/\/sergiolapegue.com\/site\/wp-content\/uploads\/2024\/06\/Colores-de-AMIA-agradecimiento-a-los-donantes-del-proyecto-300x200.jpeg 300w, https:\/\/sergiolapegue.com\/site\/wp-content\/uploads\/2024\/06\/Colores-de-AMIA-agradecimiento-a-los-donantes-del-proyecto-768x512.jpeg 768w, https:\/\/sergiolapegue.com\/site\/wp-content\/uploads\/2024\/06\/Colores-de-AMIA-agradecimiento-a-los-donantes-del-proyecto-630x420.jpeg 630w, https:\/\/sergiolapegue.com\/site\/wp-content\/uploads\/2024\/06\/Colores-de-AMIA-agradecimiento-a-los-donantes-del-proyecto-696x464.jpeg 696w, https:\/\/sergiolapegue.com\/site\/wp-content\/uploads\/2024\/06\/Colores-de-AMIA-agradecimiento-a-los-donantes-del-proyecto-1068x712.jpeg 1068w, https:\/\/sergiolapegue.com\/site\/wp-content\/uploads\/2024\/06\/Colores-de-AMIA-agradecimiento-a-los-donantes-del-proyecto.jpeg 1280w\" sizes=\"auto, (max-width: 1024px) 100vw, 1024px\" \/><\/figure>\n\n\n\n<p>&#8220;Hay una diversidad vibrante de programas, proyectos y actividades que diariamente se suceden en esta casa y que tienen a miles y miles de personas anualmente como receptores y destinatarios&#8221;, agreg\u00f3.<\/p>\n\n\n\n<p>Como se sabe, AMIA fue creada el 11 de febrero de 1894, para satisfacer las necesidades de los primeros grupos de inmigrantes jud\u00edos que llegaron al pa\u00eds. La creaci\u00f3n de un cementerio comunitario fue una de las primeras acciones que se llevaron a cabo.<\/p>\n\n\n\n<p>Con el correr del tiempo, la instituci\u00f3n fue ampliando sus \u00e1mbitos de incidencia. Hoy AMIA impulsa e implementa iniciativas y programas solidarios en el \u00e1mbito del servicio social, la educaci\u00f3n, la cultura, el arte, la creaci\u00f3n de empleo, la responsabilidad social empresaria, la integraci\u00f3n de personas con discapacidad, la promoci\u00f3n de los derechos de las personas mayores, de la infancia, etc.<\/p>\n\n\n\n<p>En palabras de Amos Linetzky, presidente de la instituci\u00f3n, &#8220;la AMIA es aquello que hace todos los d\u00edas, lo que ha venido desarrollando desde su creaci\u00f3n, y hay una palabra que la define en su totalidad: vida. La AMIA es vida. Trabajamos para reparar el mundo cada d\u00eda. Eso es lo que hacemos adentro del edificio y quer\u00edamos que tambi\u00e9n est\u00e9 representado simb\u00f3licamente en el exterior de nuestra casa&#8221;, resalt\u00f3 el titular de la entidad.<\/p>\n\n\n\n<p>&#8220;\u00bfDe qu\u00e9 color es la solidaridad, la cultura y la educaci\u00f3n? \u00bfDe qu\u00e9 color es la identidad, los valores y la continuidad? Cuando le propusimos a David Petroni hacer la intervenci\u00f3n, sab\u00edamos que no se trataba de decorar un edificio, sino de representar la piel de una instituci\u00f3n&#8221;, explic\u00f3, por su parte, el director de Arte y Producci\u00f3n de AMIA, Elio Kapszuk. &#8220;Podemos no saber de qu\u00e9 color es cada cosa pero si sabemos que no es monocrom\u00e1tico.&#8221;<\/p>\n\n\n\n<figure class=\"wp-block-image size-large is-style-rounded\"><img loading=\"lazy\" decoding=\"async\" width=\"1024\" height=\"682\" src=\"https:\/\/sergiolapegue.com\/site\/wp-content\/uploads\/2024\/06\/Colores-de-AMIA-David-Petroni-1024x682.jpeg\" alt=\"\" class=\"wp-image-15326\" srcset=\"https:\/\/sergiolapegue.com\/site\/wp-content\/uploads\/2024\/06\/Colores-de-AMIA-David-Petroni-1024x682.jpeg 1024w, https:\/\/sergiolapegue.com\/site\/wp-content\/uploads\/2024\/06\/Colores-de-AMIA-David-Petroni-300x200.jpeg 300w, https:\/\/sergiolapegue.com\/site\/wp-content\/uploads\/2024\/06\/Colores-de-AMIA-David-Petroni-768x512.jpeg 768w, https:\/\/sergiolapegue.com\/site\/wp-content\/uploads\/2024\/06\/Colores-de-AMIA-David-Petroni-630x420.jpeg 630w, https:\/\/sergiolapegue.com\/site\/wp-content\/uploads\/2024\/06\/Colores-de-AMIA-David-Petroni-696x464.jpeg 696w, https:\/\/sergiolapegue.com\/site\/wp-content\/uploads\/2024\/06\/Colores-de-AMIA-David-Petroni-1068x712.jpeg 1068w, https:\/\/sergiolapegue.com\/site\/wp-content\/uploads\/2024\/06\/Colores-de-AMIA-David-Petroni.jpeg 1280w\" sizes=\"auto, (max-width: 1024px) 100vw, 1024px\" \/><\/figure>\n\n\n\n<p>La intervenci\u00f3n art\u00edstica de la renovada fachada de AMIA fue posible gracias al apoyo de Laboratorio Elea, familias Taraciuk y Oppel, Sinteplast y El Galgo, a quienes se les agradeci\u00f3 especialmente en el acto de inauguraci\u00f3n realizado esta ma\u00f1ana, y que fue conducido por el secretario general de la instituci\u00f3n, Gabriel Gorenstein.<\/p>\n\n\n\n<p><strong>Sobre el artista<\/strong><\/p>\n\n\n\n<p>&#8220;Estoy muy agradecido por la confianza que AMIA deposit\u00f3 en m\u00ed y por permitir que mi visi\u00f3n art\u00edstica pueda perdurar a lo largo del tiempo, ya que la gente va a tener una relaci\u00f3n cotidiana con la obra. Tengo un poco esa sensaci\u00f3n de que ya no me pertenece; ahora es de AMIA y de la gente que convoca&#8221;, se\u00f1al\u00f3 David Petroni, el artista que llev\u00f3 adelante la intervenci\u00f3n.<\/p>\n\n\n\n<p>David Petroni (1984) quien trabaj\u00f3 para esta obra con la asistencia de Juanra Jim\u00e9nez, Pablo Lange de Angelis&nbsp;y Lucas Machado D\u00b4Amico, es un artista pl\u00e1stico argentino.<\/p>\n\n\n\n<p>Estudi\u00f3 dise\u00f1o gr\u00e1fico en la Universidad de Buenos Aires (FADU) y artes visuales en la Universidad Nacional de las Artes (UNA). Su pr\u00e1ctica incluye espacios urbanos (murales) y talleres, que van desde la pintura al grabado pasando por el volumen tridimensional.<\/p>\n\n\n\n<p>Su investigaci\u00f3n est\u00e9tica semi-abstracta est\u00e1 marcada por un universo con una mirada sensible alrededor del hombre, &#8220;es siempre el hombre quien contempla y manifiesta el universo&#8221;, utilizando as\u00ed las leyes de composici\u00f3n que muestran la naturaleza para llegar al punto unificador de los seres vivos.<\/p>\n\n\n\n<p>Realiz\u00f3 trabajos en Buenos Aires, R\u00edo de Janeiro, Par\u00eds, Lisboa, Roma, Gdansk, Barcelona, Miami y Jacksonville, entre otras ciudades.<\/p>\n\n\n\n<figure class=\"wp-block-image size-large is-style-rounded\"><img loading=\"lazy\" decoding=\"async\" width=\"1024\" height=\"682\" src=\"https:\/\/sergiolapegue.com\/site\/wp-content\/uploads\/2024\/06\/Colores-de-AMIA-Gabriel-Gorenstein-secretario-general-AMIA-1024x682.jpeg\" alt=\"\" class=\"wp-image-15325\" srcset=\"https:\/\/sergiolapegue.com\/site\/wp-content\/uploads\/2024\/06\/Colores-de-AMIA-Gabriel-Gorenstein-secretario-general-AMIA-1024x682.jpeg 1024w, https:\/\/sergiolapegue.com\/site\/wp-content\/uploads\/2024\/06\/Colores-de-AMIA-Gabriel-Gorenstein-secretario-general-AMIA-300x200.jpeg 300w, https:\/\/sergiolapegue.com\/site\/wp-content\/uploads\/2024\/06\/Colores-de-AMIA-Gabriel-Gorenstein-secretario-general-AMIA-768x512.jpeg 768w, https:\/\/sergiolapegue.com\/site\/wp-content\/uploads\/2024\/06\/Colores-de-AMIA-Gabriel-Gorenstein-secretario-general-AMIA-630x420.jpeg 630w, https:\/\/sergiolapegue.com\/site\/wp-content\/uploads\/2024\/06\/Colores-de-AMIA-Gabriel-Gorenstein-secretario-general-AMIA-696x464.jpeg 696w, https:\/\/sergiolapegue.com\/site\/wp-content\/uploads\/2024\/06\/Colores-de-AMIA-Gabriel-Gorenstein-secretario-general-AMIA-1068x712.jpeg 1068w, https:\/\/sergiolapegue.com\/site\/wp-content\/uploads\/2024\/06\/Colores-de-AMIA-Gabriel-Gorenstein-secretario-general-AMIA.jpeg 1280w\" sizes=\"auto, (max-width: 1024px) 100vw, 1024px\" \/><\/figure>\n","protected":false},"excerpt":{"rendered":"<p>En el marco de la conmemoraci\u00f3n por los&nbsp;130 a\u00f1os de la fundaci\u00f3n de la entidad, esta ma\u00f1ana, qued\u00f3 oficialmente inaugurada la intervenci\u00f3n&nbsp;&#8220;Colores de AMIA&#8221;,&nbsp;la obra art\u00edstica con la que se decidi\u00f3 renovar y poner en valor las paredes externas del edificio ubicado en Pasteur 633. A cargo del artista pl\u00e1stico&nbsp;David Petroni, y bajo la coordinaci\u00f3n [&hellip;]<\/p>\n","protected":false},"author":4,"featured_media":15328,"comment_status":"closed","ping_status":"closed","sticky":false,"template":"","format":"standard","meta":{"footnotes":""},"categories":[38],"tags":[683,919,3509,3543,3545,659,2712,3544],"class_list":{"0":"post-15324","1":"post","2":"type-post","3":"status-publish","4":"format-standard","5":"has-post-thumbnail","7":"category-actualidad","8":"tag-amia","9":"tag-artista","10":"tag-color","11":"tag-dibujo","12":"tag-fachada","13":"tag-fundacion","14":"tag-pared","15":"tag-pintor"},"yoast_head":"<!-- This site is optimized with the Yoast SEO plugin v27.5 - https:\/\/yoast.com\/product\/yoast-seo-wordpress\/ -->\n<title>&quot;Colores\u00a0de\u00a0AMIA&quot;: Qued\u00f3 inaugurada la original intervenci\u00f3n art\u00edstica que se realiz\u00f3 sobre la fachada de Pasteur 633 - Sergio Lapegue<\/title>\n<meta name=\"robots\" content=\"index, follow, max-snippet:-1, max-image-preview:large, max-video-preview:-1\" \/>\n<link rel=\"canonical\" href=\"https:\/\/sergiolapegue.com\/site\/2024\/06\/12\/colores-de-amia-quedo-inaugurada-la-original-intervencion-artistica-que-se-realizo-sobre-la-fachada-de-pasteur-633\/\" \/>\n<meta property=\"og:locale\" content=\"es_ES\" \/>\n<meta property=\"og:type\" content=\"article\" \/>\n<meta property=\"og:title\" content=\"&quot;Colores\u00a0de\u00a0AMIA&quot;: Qued\u00f3 inaugurada la original intervenci\u00f3n art\u00edstica que se realiz\u00f3 sobre la fachada de Pasteur 633 - Sergio Lapegue\" \/>\n<meta property=\"og:description\" content=\"En el marco de la conmemoraci\u00f3n por los&nbsp;130 a\u00f1os de la fundaci\u00f3n de la entidad, esta ma\u00f1ana, qued\u00f3 oficialmente inaugurada la intervenci\u00f3n&nbsp;&#8220;Colores de AMIA&#8221;,&nbsp;la obra art\u00edstica con la que se decidi\u00f3 renovar y poner en valor las paredes externas del edificio ubicado en Pasteur 633. A cargo del artista pl\u00e1stico&nbsp;David Petroni, y bajo la coordinaci\u00f3n [&hellip;]\" \/>\n<meta property=\"og:url\" content=\"https:\/\/sergiolapegue.com\/site\/2024\/06\/12\/colores-de-amia-quedo-inaugurada-la-original-intervencion-artistica-que-se-realizo-sobre-la-fachada-de-pasteur-633\/\" \/>\n<meta property=\"og:site_name\" content=\"Sergio Lapegue\" \/>\n<meta property=\"article:publisher\" content=\"https:\/\/facebook.com\/sergiolapegue\" \/>\n<meta property=\"article:published_time\" content=\"2024-06-12T14:04:53+00:00\" \/>\n<meta property=\"og:image\" content=\"https:\/\/sergiolapegue.com\/site\/wp-content\/uploads\/2024\/06\/Colores-de-AMIA.jpeg\" \/>\n\t<meta property=\"og:image:width\" content=\"1280\" \/>\n\t<meta property=\"og:image:height\" content=\"853\" \/>\n\t<meta property=\"og:image:type\" content=\"image\/jpeg\" \/>\n<meta name=\"author\" content=\"Leonardo Monta\u00f1a\" \/>\n<meta name=\"twitter:card\" content=\"summary_large_image\" \/>\n<meta name=\"twitter:creator\" content=\"@https:\/\/twitter.com\/soytoto81\" \/>\n<meta name=\"twitter:site\" content=\"@sergiolapegue\" \/>\n<meta name=\"twitter:label1\" content=\"Escrito por\" \/>\n\t<meta name=\"twitter:data1\" content=\"Leonardo Monta\u00f1a\" \/>\n\t<meta name=\"twitter:label2\" content=\"Tiempo de lectura\" \/>\n\t<meta name=\"twitter:data2\" content=\"5 minutos\" \/>\n<script type=\"application\/ld+json\" class=\"yoast-schema-graph\">{\"@context\":\"https:\\\/\\\/schema.org\",\"@graph\":[{\"@type\":\"Article\",\"@id\":\"https:\\\/\\\/sergiolapegue.com\\\/site\\\/2024\\\/06\\\/12\\\/colores-de-amia-quedo-inaugurada-la-original-intervencion-artistica-que-se-realizo-sobre-la-fachada-de-pasteur-633\\\/#article\",\"isPartOf\":{\"@id\":\"https:\\\/\\\/sergiolapegue.com\\\/site\\\/2024\\\/06\\\/12\\\/colores-de-amia-quedo-inaugurada-la-original-intervencion-artistica-que-se-realizo-sobre-la-fachada-de-pasteur-633\\\/\"},\"author\":{\"name\":\"Leonardo Monta\u00f1a\",\"@id\":\"https:\\\/\\\/sergiolapegue.com\\\/site\\\/#\\\/schema\\\/person\\\/00adf937d010c7f79a180dc4916a40e0\"},\"headline\":\"&#8220;Colores\u00a0de\u00a0AMIA&#8221;: Qued\u00f3 inaugurada la original intervenci\u00f3n art\u00edstica que se realiz\u00f3 sobre la fachada de Pasteur 633\",\"datePublished\":\"2024-06-12T14:04:53+00:00\",\"mainEntityOfPage\":{\"@id\":\"https:\\\/\\\/sergiolapegue.com\\\/site\\\/2024\\\/06\\\/12\\\/colores-de-amia-quedo-inaugurada-la-original-intervencion-artistica-que-se-realizo-sobre-la-fachada-de-pasteur-633\\\/\"},\"wordCount\":954,\"publisher\":{\"@id\":\"https:\\\/\\\/sergiolapegue.com\\\/site\\\/#\\\/schema\\\/person\\\/083aeceeb0734cd166779ea6c0551a37\"},\"image\":{\"@id\":\"https:\\\/\\\/sergiolapegue.com\\\/site\\\/2024\\\/06\\\/12\\\/colores-de-amia-quedo-inaugurada-la-original-intervencion-artistica-que-se-realizo-sobre-la-fachada-de-pasteur-633\\\/#primaryimage\"},\"thumbnailUrl\":\"https:\\\/\\\/sergiolapegue.com\\\/site\\\/wp-content\\\/uploads\\\/2024\\\/06\\\/Colores-de-AMIA.jpeg\",\"keywords\":[\"amia\",\"artista\",\"color\",\"dibujo\",\"fachada\",\"fundacion\",\"pared\",\"pintor\"],\"articleSection\":[\"Actualidad\"],\"inLanguage\":\"es-AR\"},{\"@type\":\"WebPage\",\"@id\":\"https:\\\/\\\/sergiolapegue.com\\\/site\\\/2024\\\/06\\\/12\\\/colores-de-amia-quedo-inaugurada-la-original-intervencion-artistica-que-se-realizo-sobre-la-fachada-de-pasteur-633\\\/\",\"url\":\"https:\\\/\\\/sergiolapegue.com\\\/site\\\/2024\\\/06\\\/12\\\/colores-de-amia-quedo-inaugurada-la-original-intervencion-artistica-que-se-realizo-sobre-la-fachada-de-pasteur-633\\\/\",\"name\":\"\\\"Colores\u00a0de\u00a0AMIA\\\": Qued\u00f3 inaugurada la original intervenci\u00f3n art\u00edstica que se realiz\u00f3 sobre la fachada de Pasteur 633 - Sergio Lapegue\",\"isPartOf\":{\"@id\":\"https:\\\/\\\/sergiolapegue.com\\\/site\\\/#website\"},\"primaryImageOfPage\":{\"@id\":\"https:\\\/\\\/sergiolapegue.com\\\/site\\\/2024\\\/06\\\/12\\\/colores-de-amia-quedo-inaugurada-la-original-intervencion-artistica-que-se-realizo-sobre-la-fachada-de-pasteur-633\\\/#primaryimage\"},\"image\":{\"@id\":\"https:\\\/\\\/sergiolapegue.com\\\/site\\\/2024\\\/06\\\/12\\\/colores-de-amia-quedo-inaugurada-la-original-intervencion-artistica-que-se-realizo-sobre-la-fachada-de-pasteur-633\\\/#primaryimage\"},\"thumbnailUrl\":\"https:\\\/\\\/sergiolapegue.com\\\/site\\\/wp-content\\\/uploads\\\/2024\\\/06\\\/Colores-de-AMIA.jpeg\",\"datePublished\":\"2024-06-12T14:04:53+00:00\",\"breadcrumb\":{\"@id\":\"https:\\\/\\\/sergiolapegue.com\\\/site\\\/2024\\\/06\\\/12\\\/colores-de-amia-quedo-inaugurada-la-original-intervencion-artistica-que-se-realizo-sobre-la-fachada-de-pasteur-633\\\/#breadcrumb\"},\"inLanguage\":\"es-AR\",\"potentialAction\":[{\"@type\":\"ReadAction\",\"target\":[\"https:\\\/\\\/sergiolapegue.com\\\/site\\\/2024\\\/06\\\/12\\\/colores-de-amia-quedo-inaugurada-la-original-intervencion-artistica-que-se-realizo-sobre-la-fachada-de-pasteur-633\\\/\"]}]},{\"@type\":\"ImageObject\",\"inLanguage\":\"es-AR\",\"@id\":\"https:\\\/\\\/sergiolapegue.com\\\/site\\\/2024\\\/06\\\/12\\\/colores-de-amia-quedo-inaugurada-la-original-intervencion-artistica-que-se-realizo-sobre-la-fachada-de-pasteur-633\\\/#primaryimage\",\"url\":\"https:\\\/\\\/sergiolapegue.com\\\/site\\\/wp-content\\\/uploads\\\/2024\\\/06\\\/Colores-de-AMIA.jpeg\",\"contentUrl\":\"https:\\\/\\\/sergiolapegue.com\\\/site\\\/wp-content\\\/uploads\\\/2024\\\/06\\\/Colores-de-AMIA.jpeg\",\"width\":1280,\"height\":853},{\"@type\":\"BreadcrumbList\",\"@id\":\"https:\\\/\\\/sergiolapegue.com\\\/site\\\/2024\\\/06\\\/12\\\/colores-de-amia-quedo-inaugurada-la-original-intervencion-artistica-que-se-realizo-sobre-la-fachada-de-pasteur-633\\\/#breadcrumb\",\"itemListElement\":[{\"@type\":\"ListItem\",\"position\":1,\"name\":\"Inicio\",\"item\":\"https:\\\/\\\/sergiolapegue.com\\\/site\\\/\"},{\"@type\":\"ListItem\",\"position\":2,\"name\":\"&#8220;Colores\u00a0de\u00a0AMIA&#8221;: Qued\u00f3 inaugurada la original intervenci\u00f3n art\u00edstica que se realiz\u00f3 sobre la fachada de Pasteur 633\"}]},{\"@type\":\"WebSite\",\"@id\":\"https:\\\/\\\/sergiolapegue.com\\\/site\\\/#website\",\"url\":\"https:\\\/\\\/sergiolapegue.com\\\/site\\\/\",\"name\":\"Sergio Lapegue\",\"description\":\"Periodista\",\"publisher\":{\"@id\":\"https:\\\/\\\/sergiolapegue.com\\\/site\\\/#\\\/schema\\\/person\\\/083aeceeb0734cd166779ea6c0551a37\"},\"potentialAction\":[{\"@type\":\"SearchAction\",\"target\":{\"@type\":\"EntryPoint\",\"urlTemplate\":\"https:\\\/\\\/sergiolapegue.com\\\/site\\\/?s={search_term_string}\"},\"query-input\":{\"@type\":\"PropertyValueSpecification\",\"valueRequired\":true,\"valueName\":\"search_term_string\"}}],\"inLanguage\":\"es-AR\"},{\"@type\":[\"Person\",\"Organization\"],\"@id\":\"https:\\\/\\\/sergiolapegue.com\\\/site\\\/#\\\/schema\\\/person\\\/083aeceeb0734cd166779ea6c0551a37\",\"name\":\"Sergio Lapegue\",\"image\":{\"@type\":\"ImageObject\",\"inLanguage\":\"es-AR\",\"@id\":\"https:\\\/\\\/sergiolapegue.com\\\/site\\\/wp-content\\\/uploads\\\/2021\\\/04\\\/logo_header-1.png\",\"url\":\"https:\\\/\\\/sergiolapegue.com\\\/site\\\/wp-content\\\/uploads\\\/2021\\\/04\\\/logo_header-1.png\",\"contentUrl\":\"https:\\\/\\\/sergiolapegue.com\\\/site\\\/wp-content\\\/uploads\\\/2021\\\/04\\\/logo_header-1.png\",\"width\":272,\"height\":90,\"caption\":\"Sergio Lapegue\"},\"logo\":{\"@id\":\"https:\\\/\\\/sergiolapegue.com\\\/site\\\/wp-content\\\/uploads\\\/2021\\\/04\\\/logo_header-1.png\"},\"sameAs\":[\"https:\\\/\\\/facebook.com\\\/sergiolapegue\",\"https:\\\/\\\/instagram.com\\\/sergiolapegue\",\"https:\\\/\\\/x.com\\\/https:\\\/\\\/twitter.com\\\/sergiolapegue\"]},{\"@type\":\"Person\",\"@id\":\"https:\\\/\\\/sergiolapegue.com\\\/site\\\/#\\\/schema\\\/person\\\/00adf937d010c7f79a180dc4916a40e0\",\"name\":\"Leonardo Monta\u00f1a\",\"image\":{\"@type\":\"ImageObject\",\"inLanguage\":\"es-AR\",\"@id\":\"https:\\\/\\\/sergiolapegue.com\\\/site\\\/wp-content\\\/uploads\\\/2021\\\/04\\\/sl_avatar_Leonardo-150x150.jpg\",\"url\":\"https:\\\/\\\/sergiolapegue.com\\\/site\\\/wp-content\\\/uploads\\\/2021\\\/04\\\/sl_avatar_Leonardo-150x150.jpg\",\"contentUrl\":\"https:\\\/\\\/sergiolapegue.com\\\/site\\\/wp-content\\\/uploads\\\/2021\\\/04\\\/sl_avatar_Leonardo-150x150.jpg\",\"caption\":\"Leonardo Monta\u00f1a\"},\"sameAs\":[\"https:\\\/\\\/x.com\\\/https:\\\/\\\/twitter.com\\\/soytoto81\"],\"url\":\"https:\\\/\\\/sergiolapegue.com\\\/site\\\/author\\\/leonardo\\\/\"}]}<\/script>\n<!-- \/ Yoast SEO plugin. -->","yoast_head_json":{"title":"\"Colores\u00a0de\u00a0AMIA\": Qued\u00f3 inaugurada la original intervenci\u00f3n art\u00edstica que se realiz\u00f3 sobre la fachada de Pasteur 633 - Sergio Lapegue","robots":{"index":"index","follow":"follow","max-snippet":"max-snippet:-1","max-image-preview":"max-image-preview:large","max-video-preview":"max-video-preview:-1"},"canonical":"https:\/\/sergiolapegue.com\/site\/2024\/06\/12\/colores-de-amia-quedo-inaugurada-la-original-intervencion-artistica-que-se-realizo-sobre-la-fachada-de-pasteur-633\/","og_locale":"es_ES","og_type":"article","og_title":"\"Colores\u00a0de\u00a0AMIA\": Qued\u00f3 inaugurada la original intervenci\u00f3n art\u00edstica que se realiz\u00f3 sobre la fachada de Pasteur 633 - Sergio Lapegue","og_description":"En el marco de la conmemoraci\u00f3n por los&nbsp;130 a\u00f1os de la fundaci\u00f3n de la entidad, esta ma\u00f1ana, qued\u00f3 oficialmente inaugurada la intervenci\u00f3n&nbsp;&#8220;Colores de AMIA&#8221;,&nbsp;la obra art\u00edstica con la que se decidi\u00f3 renovar y poner en valor las paredes externas del edificio ubicado en Pasteur 633. A cargo del artista pl\u00e1stico&nbsp;David Petroni, y bajo la coordinaci\u00f3n [&hellip;]","og_url":"https:\/\/sergiolapegue.com\/site\/2024\/06\/12\/colores-de-amia-quedo-inaugurada-la-original-intervencion-artistica-que-se-realizo-sobre-la-fachada-de-pasteur-633\/","og_site_name":"Sergio Lapegue","article_publisher":"https:\/\/facebook.com\/sergiolapegue","article_published_time":"2024-06-12T14:04:53+00:00","og_image":[{"width":1280,"height":853,"url":"https:\/\/sergiolapegue.com\/site\/wp-content\/uploads\/2024\/06\/Colores-de-AMIA.jpeg","type":"image\/jpeg"}],"author":"Leonardo Monta\u00f1a","twitter_card":"summary_large_image","twitter_creator":"@https:\/\/twitter.com\/soytoto81","twitter_site":"@sergiolapegue","twitter_misc":{"Escrito por":"Leonardo Monta\u00f1a","Tiempo de lectura":"5 minutos"},"schema":{"@context":"https:\/\/schema.org","@graph":[{"@type":"Article","@id":"https:\/\/sergiolapegue.com\/site\/2024\/06\/12\/colores-de-amia-quedo-inaugurada-la-original-intervencion-artistica-que-se-realizo-sobre-la-fachada-de-pasteur-633\/#article","isPartOf":{"@id":"https:\/\/sergiolapegue.com\/site\/2024\/06\/12\/colores-de-amia-quedo-inaugurada-la-original-intervencion-artistica-que-se-realizo-sobre-la-fachada-de-pasteur-633\/"},"author":{"name":"Leonardo Monta\u00f1a","@id":"https:\/\/sergiolapegue.com\/site\/#\/schema\/person\/00adf937d010c7f79a180dc4916a40e0"},"headline":"&#8220;Colores\u00a0de\u00a0AMIA&#8221;: Qued\u00f3 inaugurada la original intervenci\u00f3n art\u00edstica que se realiz\u00f3 sobre la fachada de Pasteur 633","datePublished":"2024-06-12T14:04:53+00:00","mainEntityOfPage":{"@id":"https:\/\/sergiolapegue.com\/site\/2024\/06\/12\/colores-de-amia-quedo-inaugurada-la-original-intervencion-artistica-que-se-realizo-sobre-la-fachada-de-pasteur-633\/"},"wordCount":954,"publisher":{"@id":"https:\/\/sergiolapegue.com\/site\/#\/schema\/person\/083aeceeb0734cd166779ea6c0551a37"},"image":{"@id":"https:\/\/sergiolapegue.com\/site\/2024\/06\/12\/colores-de-amia-quedo-inaugurada-la-original-intervencion-artistica-que-se-realizo-sobre-la-fachada-de-pasteur-633\/#primaryimage"},"thumbnailUrl":"https:\/\/sergiolapegue.com\/site\/wp-content\/uploads\/2024\/06\/Colores-de-AMIA.jpeg","keywords":["amia","artista","color","dibujo","fachada","fundacion","pared","pintor"],"articleSection":["Actualidad"],"inLanguage":"es-AR"},{"@type":"WebPage","@id":"https:\/\/sergiolapegue.com\/site\/2024\/06\/12\/colores-de-amia-quedo-inaugurada-la-original-intervencion-artistica-que-se-realizo-sobre-la-fachada-de-pasteur-633\/","url":"https:\/\/sergiolapegue.com\/site\/2024\/06\/12\/colores-de-amia-quedo-inaugurada-la-original-intervencion-artistica-que-se-realizo-sobre-la-fachada-de-pasteur-633\/","name":"\"Colores\u00a0de\u00a0AMIA\": Qued\u00f3 inaugurada la original intervenci\u00f3n art\u00edstica que se realiz\u00f3 sobre la fachada de Pasteur 633 - Sergio Lapegue","isPartOf":{"@id":"https:\/\/sergiolapegue.com\/site\/#website"},"primaryImageOfPage":{"@id":"https:\/\/sergiolapegue.com\/site\/2024\/06\/12\/colores-de-amia-quedo-inaugurada-la-original-intervencion-artistica-que-se-realizo-sobre-la-fachada-de-pasteur-633\/#primaryimage"},"image":{"@id":"https:\/\/sergiolapegue.com\/site\/2024\/06\/12\/colores-de-amia-quedo-inaugurada-la-original-intervencion-artistica-que-se-realizo-sobre-la-fachada-de-pasteur-633\/#primaryimage"},"thumbnailUrl":"https:\/\/sergiolapegue.com\/site\/wp-content\/uploads\/2024\/06\/Colores-de-AMIA.jpeg","datePublished":"2024-06-12T14:04:53+00:00","breadcrumb":{"@id":"https:\/\/sergiolapegue.com\/site\/2024\/06\/12\/colores-de-amia-quedo-inaugurada-la-original-intervencion-artistica-que-se-realizo-sobre-la-fachada-de-pasteur-633\/#breadcrumb"},"inLanguage":"es-AR","potentialAction":[{"@type":"ReadAction","target":["https:\/\/sergiolapegue.com\/site\/2024\/06\/12\/colores-de-amia-quedo-inaugurada-la-original-intervencion-artistica-que-se-realizo-sobre-la-fachada-de-pasteur-633\/"]}]},{"@type":"ImageObject","inLanguage":"es-AR","@id":"https:\/\/sergiolapegue.com\/site\/2024\/06\/12\/colores-de-amia-quedo-inaugurada-la-original-intervencion-artistica-que-se-realizo-sobre-la-fachada-de-pasteur-633\/#primaryimage","url":"https:\/\/sergiolapegue.com\/site\/wp-content\/uploads\/2024\/06\/Colores-de-AMIA.jpeg","contentUrl":"https:\/\/sergiolapegue.com\/site\/wp-content\/uploads\/2024\/06\/Colores-de-AMIA.jpeg","width":1280,"height":853},{"@type":"BreadcrumbList","@id":"https:\/\/sergiolapegue.com\/site\/2024\/06\/12\/colores-de-amia-quedo-inaugurada-la-original-intervencion-artistica-que-se-realizo-sobre-la-fachada-de-pasteur-633\/#breadcrumb","itemListElement":[{"@type":"ListItem","position":1,"name":"Inicio","item":"https:\/\/sergiolapegue.com\/site\/"},{"@type":"ListItem","position":2,"name":"&#8220;Colores\u00a0de\u00a0AMIA&#8221;: Qued\u00f3 inaugurada la original intervenci\u00f3n art\u00edstica que se realiz\u00f3 sobre la fachada de Pasteur 633"}]},{"@type":"WebSite","@id":"https:\/\/sergiolapegue.com\/site\/#website","url":"https:\/\/sergiolapegue.com\/site\/","name":"Sergio Lapegue","description":"Periodista","publisher":{"@id":"https:\/\/sergiolapegue.com\/site\/#\/schema\/person\/083aeceeb0734cd166779ea6c0551a37"},"potentialAction":[{"@type":"SearchAction","target":{"@type":"EntryPoint","urlTemplate":"https:\/\/sergiolapegue.com\/site\/?s={search_term_string}"},"query-input":{"@type":"PropertyValueSpecification","valueRequired":true,"valueName":"search_term_string"}}],"inLanguage":"es-AR"},{"@type":["Person","Organization"],"@id":"https:\/\/sergiolapegue.com\/site\/#\/schema\/person\/083aeceeb0734cd166779ea6c0551a37","name":"Sergio Lapegue","image":{"@type":"ImageObject","inLanguage":"es-AR","@id":"https:\/\/sergiolapegue.com\/site\/wp-content\/uploads\/2021\/04\/logo_header-1.png","url":"https:\/\/sergiolapegue.com\/site\/wp-content\/uploads\/2021\/04\/logo_header-1.png","contentUrl":"https:\/\/sergiolapegue.com\/site\/wp-content\/uploads\/2021\/04\/logo_header-1.png","width":272,"height":90,"caption":"Sergio Lapegue"},"logo":{"@id":"https:\/\/sergiolapegue.com\/site\/wp-content\/uploads\/2021\/04\/logo_header-1.png"},"sameAs":["https:\/\/facebook.com\/sergiolapegue","https:\/\/instagram.com\/sergiolapegue","https:\/\/x.com\/https:\/\/twitter.com\/sergiolapegue"]},{"@type":"Person","@id":"https:\/\/sergiolapegue.com\/site\/#\/schema\/person\/00adf937d010c7f79a180dc4916a40e0","name":"Leonardo Monta\u00f1a","image":{"@type":"ImageObject","inLanguage":"es-AR","@id":"https:\/\/sergiolapegue.com\/site\/wp-content\/uploads\/2021\/04\/sl_avatar_Leonardo-150x150.jpg","url":"https:\/\/sergiolapegue.com\/site\/wp-content\/uploads\/2021\/04\/sl_avatar_Leonardo-150x150.jpg","contentUrl":"https:\/\/sergiolapegue.com\/site\/wp-content\/uploads\/2021\/04\/sl_avatar_Leonardo-150x150.jpg","caption":"Leonardo Monta\u00f1a"},"sameAs":["https:\/\/x.com\/https:\/\/twitter.com\/soytoto81"],"url":"https:\/\/sergiolapegue.com\/site\/author\/leonardo\/"}]}},"_links":{"self":[{"href":"https:\/\/sergiolapegue.com\/site\/wp-json\/wp\/v2\/posts\/15324","targetHints":{"allow":["GET"]}}],"collection":[{"href":"https:\/\/sergiolapegue.com\/site\/wp-json\/wp\/v2\/posts"}],"about":[{"href":"https:\/\/sergiolapegue.com\/site\/wp-json\/wp\/v2\/types\/post"}],"author":[{"embeddable":true,"href":"https:\/\/sergiolapegue.com\/site\/wp-json\/wp\/v2\/users\/4"}],"replies":[{"embeddable":true,"href":"https:\/\/sergiolapegue.com\/site\/wp-json\/wp\/v2\/comments?post=15324"}],"version-history":[{"count":1,"href":"https:\/\/sergiolapegue.com\/site\/wp-json\/wp\/v2\/posts\/15324\/revisions"}],"predecessor-version":[{"id":15329,"href":"https:\/\/sergiolapegue.com\/site\/wp-json\/wp\/v2\/posts\/15324\/revisions\/15329"}],"wp:featuredmedia":[{"embeddable":true,"href":"https:\/\/sergiolapegue.com\/site\/wp-json\/wp\/v2\/media\/15328"}],"wp:attachment":[{"href":"https:\/\/sergiolapegue.com\/site\/wp-json\/wp\/v2\/media?parent=15324"}],"wp:term":[{"taxonomy":"category","embeddable":true,"href":"https:\/\/sergiolapegue.com\/site\/wp-json\/wp\/v2\/categories?post=15324"},{"taxonomy":"post_tag","embeddable":true,"href":"https:\/\/sergiolapegue.com\/site\/wp-json\/wp\/v2\/tags?post=15324"}],"curies":[{"name":"wp","href":"https:\/\/api.w.org\/{rel}","templated":true}]}}