{"id":15073,"date":"2024-05-22T05:00:00","date_gmt":"2024-05-22T08:00:00","guid":{"rendered":"https:\/\/sergiolapegue.com\/site\/?p=15073"},"modified":"2024-05-22T02:44:19","modified_gmt":"2024-05-22T05:44:19","slug":"perdi-la-cabra-y-su-show-en-makena-club","status":"publish","type":"post","link":"https:\/\/sergiolapegue.com\/site\/2024\/05\/22\/perdi-la-cabra-y-su-show-en-makena-club\/","title":{"rendered":"PERD\u00cd LA CABRA Y SU SHOW EN MAKENA CLUB"},"content":{"rendered":"\n<p>Perd\u00ed la Cabra, banda de rock rioplatense, vuelve al ruedo con un show espectacular el 24 de mayo en Makena Club, donde adem\u00e1s se tocar\u00e1n todos los cl\u00e1sicos de su disco \u201cLo crudo es lo real\u201d y estar\u00e1n adelantando temas de su pr\u00f3ximo disco que saldr\u00e1 antes de fin de a\u00f1o.<\/p>\n\n\n\n<p>Sobre el disco &#8220;Lo crudo es lo real&#8221;, Fede y Diego (miembros fundadores de Perd\u00ed la Cabra) concuerdan en que este es un primer gran \u00e1lbum que recoge la experiencia de muchos a\u00f1os, y es notable la producci\u00f3n por el reconocido Sebasti\u00e1n Perkal. &#8220;Creemos que adem\u00e1s, este disco cuenta con un manejo musical expresivo muy amplio que va desde un cuarteto de cuerdas que te eriza la piel, hasta la furia y el ritmo de unos tambores&#8221;. Es que algunas de las canciones fueron grabadas junto a artistas invitados de la talla de Cruzando el Charco, la Bomba de Tiempo, Dancing Mood y Nonpalidece. Tambi\u00e9n comentan que quisieron \u201cbuscar una est\u00e9tica que por momentos rodee lo sombr\u00edo y por otros lo carnavalesco, rodeada de im\u00e1genes populares &#8211; la calle, un corso, una murga, la gente, unos payasos, situaciones que representaron alg\u00fan momento de nuestras vidas\u201d.<\/p>\n\n\n\n<figure class=\"wp-block-image size-large\"><img loading=\"lazy\" decoding=\"async\" width=\"1024\" height=\"927\" src=\"https:\/\/sergiolapegue.com\/site\/wp-content\/uploads\/2024\/05\/Perdi-la-Cabra-1-1024x927.jpg\" alt=\"\" class=\"wp-image-15076\" srcset=\"https:\/\/sergiolapegue.com\/site\/wp-content\/uploads\/2024\/05\/Perdi-la-Cabra-1-1024x927.jpg 1024w, https:\/\/sergiolapegue.com\/site\/wp-content\/uploads\/2024\/05\/Perdi-la-Cabra-1-300x272.jpg 300w, https:\/\/sergiolapegue.com\/site\/wp-content\/uploads\/2024\/05\/Perdi-la-Cabra-1-768x695.jpg 768w, https:\/\/sergiolapegue.com\/site\/wp-content\/uploads\/2024\/05\/Perdi-la-Cabra-1-464x420.jpg 464w, https:\/\/sergiolapegue.com\/site\/wp-content\/uploads\/2024\/05\/Perdi-la-Cabra-1-696x630.jpg 696w, https:\/\/sergiolapegue.com\/site\/wp-content\/uploads\/2024\/05\/Perdi-la-Cabra-1-1068x967.jpg 1068w, https:\/\/sergiolapegue.com\/site\/wp-content\/uploads\/2024\/05\/Perdi-la-Cabra-1.jpg 1280w\" sizes=\"auto, (max-width: 1024px) 100vw, 1024px\" \/><\/figure>\n\n\n\n<p><strong>Disco &#8220;Lo crudo es lo real&#8221;<\/strong><\/p>\n\n\n\n<p>Grabado entre los meses de noviembre del 2019 y marzo del 2020 en EcoStudio.<\/p>\n\n\n\n<p>Voz y Guitarras: Federico Ferrari.<\/p>\n\n\n\n<p>Bajo y Coros: Diego Rodrigues Silva.&nbsp;<\/p>\n\n\n\n<p>Guitarras: Leandro Tesouro.&nbsp;<\/p>\n\n\n\n<p>Teclados: Marcos Guti\u00e9rrez.&nbsp;<\/p>\n\n\n\n<p>Bater\u00eda: Joaqu\u00edn Garc\u00eda.&nbsp;<\/p>\n\n\n\n<p>Producci\u00f3n, grabaci\u00f3n y mezcla: Sebasti\u00e1n Perkal.<\/p>\n\n\n\n<p>Asistente de grabaci\u00f3n y edici\u00f3n: Roc\u00edo Mansilla.<\/p>\n\n\n\n<p>Mastering: Diego Guerrero.<\/p>\n\n\n\n<p>Drum Doctor: Lucas Percivale.<\/p>\n\n\n\n<figure class=\"wp-block-image size-large\"><img loading=\"lazy\" decoding=\"async\" width=\"1024\" height=\"1024\" src=\"https:\/\/sergiolapegue.com\/site\/wp-content\/uploads\/2024\/05\/Perdi-la-Cabra-3-1024x1024.png\" alt=\"\" class=\"wp-image-15075\" srcset=\"https:\/\/sergiolapegue.com\/site\/wp-content\/uploads\/2024\/05\/Perdi-la-Cabra-3-1024x1024.png 1024w, https:\/\/sergiolapegue.com\/site\/wp-content\/uploads\/2024\/05\/Perdi-la-Cabra-3-300x300.png 300w, https:\/\/sergiolapegue.com\/site\/wp-content\/uploads\/2024\/05\/Perdi-la-Cabra-3-150x150.png 150w, https:\/\/sergiolapegue.com\/site\/wp-content\/uploads\/2024\/05\/Perdi-la-Cabra-3-768x768.png 768w, https:\/\/sergiolapegue.com\/site\/wp-content\/uploads\/2024\/05\/Perdi-la-Cabra-3-1536x1536.png 1536w, https:\/\/sergiolapegue.com\/site\/wp-content\/uploads\/2024\/05\/Perdi-la-Cabra-3-2048x2048.png 2048w, https:\/\/sergiolapegue.com\/site\/wp-content\/uploads\/2024\/05\/Perdi-la-Cabra-3-420x420.png 420w, https:\/\/sergiolapegue.com\/site\/wp-content\/uploads\/2024\/05\/Perdi-la-Cabra-3-696x696.png 696w, https:\/\/sergiolapegue.com\/site\/wp-content\/uploads\/2024\/05\/Perdi-la-Cabra-3-1068x1068.png 1068w, https:\/\/sergiolapegue.com\/site\/wp-content\/uploads\/2024\/05\/Perdi-la-Cabra-3-1920x1920.png 1920w\" sizes=\"auto, (max-width: 1024px) 100vw, 1024px\" \/><\/figure>\n\n\n\n<p><strong>M\u00fasicos Invitados<\/strong><\/p>\n\n\n\n<p>Agust\u00edn Azubel: Saxo y arreglos en &#8220;Como el perro de Pavlov&#8221;.<\/p>\n\n\n\n<p>Adri\u00e1n Meli: Trompeta en &#8220;Como el perro de Pavlov&#8221;.<\/p>\n\n\n\n<p>Martino Gesualdi: Tromb\u00f3n en &#8220;Como el Perro de Pavlov&#8221;.<\/p>\n\n\n\n<p>Mariano &#8220;Tiki&#8221; Cantero: Piano en &#8220;De otros tiempos&#8221; y &#8220;Mensajes de despedida&#8221;.<\/p>\n\n\n\n<p>Pablo Palleiro: Chico en &#8220;De otros tiempos&#8221; y &#8220;Mensajes de despedida&#8221;.<\/p>\n\n\n\n<p>Esteban \u00c1lvarez: Repique en &#8220;De otros tiempos&#8221; y &#8220;Mensajes de despedida&#8221;.<\/p>\n\n\n\n<p>Martin L\u00f3pez Camelo: Direcci\u00f3n y arreglo de cuerdas en &#8220;De viejos&#8221;.<\/p>\n\n\n\n<p>Mabel Serrano: Viol\u00edn en &#8220;De viejos&#8221;.<\/p>\n\n\n\n<p>Dolores L\u00f3pez Mac Kenzie: Viola en &#8220;De viejos&#8221;.<\/p>\n\n\n\n<p>Maricel Turkovich: Chelo en &#8220;De viejos&#8221;.<\/p>\n\n\n\n<p>Francisco Lago: Voz en &#8220;Faena del buen pescador&#8221;.<\/p>\n\n\n\n<p>Sebasti\u00e1n P\u00e9rez: Acorde\u00f3n en &#8220;Faena del buen pescador&#8221;.<\/p>\n\n\n\n<p>Jaquelina Larrouyet: Voz en &#8220;Mensajes de despedida&#8221;.<\/p>\n\n\n\n<p>Ignacio Marchesotti: Percusi\u00f3n en todos los temas.<\/p>\n\n\n\n<p>Todos los temas fueron compuestos por Federico Ferrari.<\/p>\n\n\n\n<figure class=\"wp-block-image size-large\"><img loading=\"lazy\" decoding=\"async\" width=\"1024\" height=\"1024\" src=\"https:\/\/sergiolapegue.com\/site\/wp-content\/uploads\/2024\/05\/Perdi-la-Cabra-4-1024x1024.jpg\" alt=\"\" class=\"wp-image-15077\" srcset=\"https:\/\/sergiolapegue.com\/site\/wp-content\/uploads\/2024\/05\/Perdi-la-Cabra-4-1024x1024.jpg 1024w, https:\/\/sergiolapegue.com\/site\/wp-content\/uploads\/2024\/05\/Perdi-la-Cabra-4-300x300.jpg 300w, https:\/\/sergiolapegue.com\/site\/wp-content\/uploads\/2024\/05\/Perdi-la-Cabra-4-150x150.jpg 150w, https:\/\/sergiolapegue.com\/site\/wp-content\/uploads\/2024\/05\/Perdi-la-Cabra-4-768x768.jpg 768w, https:\/\/sergiolapegue.com\/site\/wp-content\/uploads\/2024\/05\/Perdi-la-Cabra-4-420x420.jpg 420w, https:\/\/sergiolapegue.com\/site\/wp-content\/uploads\/2024\/05\/Perdi-la-Cabra-4-696x696.jpg 696w, https:\/\/sergiolapegue.com\/site\/wp-content\/uploads\/2024\/05\/Perdi-la-Cabra-4-1068x1068.jpg 1068w, https:\/\/sergiolapegue.com\/site\/wp-content\/uploads\/2024\/05\/Perdi-la-Cabra-4.jpg 1080w\" sizes=\"auto, (max-width: 1024px) 100vw, 1024px\" \/><\/figure>\n\n\n\n<p><strong>MAKENA CLUB<\/strong><\/p>\n\n\n\n<p>Fitz Roy 1519 \u2013 Capital Federal \u2013 Buenos Aires \u2013 Argentina<\/p>\n\n\n\n<p>Tel\u00e9fono: 4772-8281<\/p>\n\n\n\n<p>Entrada general: $ 4.000 \u2013 a trav\u00e9s de Passline<\/p>\n\n\n\n<p>Funci\u00f3n: Viernes 24 de mayo \u2013 20:30 horas<\/p>\n\n\n\n<p><br>Gracias Marcela N\u00fa\u00f1ez por hacernos llegar la gacetilla de prensa del show que brindar\u00e1 Perd\u00ed La Cabra en Makena Club. &nbsp;<\/p>\n\n\n\n<figure class=\"wp-block-image size-large\"><img loading=\"lazy\" decoding=\"async\" width=\"1024\" height=\"683\" src=\"https:\/\/sergiolapegue.com\/site\/wp-content\/uploads\/2024\/05\/Perdi-la-Cabra-2-1024x683.jpg\" alt=\"\" class=\"wp-image-15074\" srcset=\"https:\/\/sergiolapegue.com\/site\/wp-content\/uploads\/2024\/05\/Perdi-la-Cabra-2-1024x683.jpg 1024w, https:\/\/sergiolapegue.com\/site\/wp-content\/uploads\/2024\/05\/Perdi-la-Cabra-2-300x200.jpg 300w, https:\/\/sergiolapegue.com\/site\/wp-content\/uploads\/2024\/05\/Perdi-la-Cabra-2-768x512.jpg 768w, https:\/\/sergiolapegue.com\/site\/wp-content\/uploads\/2024\/05\/Perdi-la-Cabra-2-630x420.jpg 630w, https:\/\/sergiolapegue.com\/site\/wp-content\/uploads\/2024\/05\/Perdi-la-Cabra-2-696x464.jpg 696w, https:\/\/sergiolapegue.com\/site\/wp-content\/uploads\/2024\/05\/Perdi-la-Cabra-2-1068x713.jpg 1068w, https:\/\/sergiolapegue.com\/site\/wp-content\/uploads\/2024\/05\/Perdi-la-Cabra-2.jpg 1400w\" sizes=\"auto, (max-width: 1024px) 100vw, 1024px\" \/><\/figure>\n\n\n\n<p><strong>SOBRE PERD\u00cd LA CABRA<\/strong><\/p>\n\n\n\n<p>En 2020 y en plena pandemia, la banda present\u00f3 su primer gran \u00e1lbum: &#8220;LO CRUDO ES LO REAL\u201d. Producido por Sebasti\u00e1n Perkal y grabado junto a artistas invitados de la talla de\u00a0Cruzando el Charco, la Bomba de Tiempo, Dancing Mood y Nonpalidece.<br>La leyenda cuenta que todo comenz\u00f3 con el flyer de una cabra perdida y al poco tiempo, eso se transform\u00f3 en un suceso. R\u00e1pidamente se viraliz\u00f3 por las redes sociales. Cuando apareci\u00f3 &#8220;De otros tiempos&#8221;, el primer tema de Perd\u00ed la Cabra, el juego mut\u00f3 y la gente comprendi\u00f3 que se trataba de algo mucho m\u00e1s importante.<br>De a poco, la banda logr\u00f3 asentarse y emerger sobre la base de un rock rioplatense con letras que transitan el dolor de la vida cotidiana, el desamor, las met\u00e1foras barriales e incluso, el plano de las cr\u00edticas sociales. Trabajando un lenguaje directo, que invita a sumarse a la fiesta de la m\u00fasica. Su amplio repertorio los llev\u00f3 a tocar en vivo en diversos lugares emblem\u00e1ticos como &#8220;Pura Vida&#8221; en la Ciudad de La Plata hasta llegar al imponente &#8220;Teatro de Flores&#8221; en la Ciudad de Buenos Aires.<br>En 2022, con la pandemia atr\u00e1s, deciden volver al estudio para mostrar su nuevo material. Ah\u00ed surge \u201c75\u201d, un rocanrol grabado en los estudios Camar\u00f3n Brujo y producido enteramente por Perd\u00ed la Cabra. \u201cCuentos para elefantes\u201d y \u201c75\u201d ser\u00e1n los singles que pr\u00f3ximamente ver\u00e1n la luz y formar\u00e1n parte del siguiente disco. En \u201cCuentos para elefantes\u201d participaron grandes cantores de murga uruguaya como Jes\u00fas Fern\u00e1ndez (Falta y Resto), Leo \u201cEl Oso\u201d G\u00f3mez (Ag\u00e1rrate Catalina) y Gabriel \u201cHuevo\u201d Carrique (La Gran Mu\u00f1eca) entre otros.<\/p>\n\n\n\n<p><\/p>\n","protected":false},"excerpt":{"rendered":"<p>Perd\u00ed la Cabra, banda de rock rioplatense, vuelve al ruedo con un show espectacular el 24 de mayo en Makena Club, donde adem\u00e1s se tocar\u00e1n todos los cl\u00e1sicos de su disco \u201cLo crudo es lo real\u201d y estar\u00e1n adelantando temas de su pr\u00f3ximo disco que saldr\u00e1 antes de fin de a\u00f1o. Sobre el disco &#8220;Lo [&hellip;]<\/p>\n","protected":false},"author":3,"featured_media":15078,"comment_status":"open","ping_status":"closed","sticky":false,"template":"","format":"standard","meta":{"footnotes":""},"categories":[34,56],"tags":[],"class_list":{"0":"post-15073","1":"post","2":"type-post","3":"status-publish","4":"format-standard","5":"has-post-thumbnail","7":"category-arte","8":"category-musica"},"yoast_head":"<!-- This site is optimized with the Yoast SEO plugin v27.5 - https:\/\/yoast.com\/product\/yoast-seo-wordpress\/ -->\n<title>PERD\u00cd LA CABRA Y SU SHOW EN MAKENA CLUB - Sergio Lapegue<\/title>\n<meta name=\"robots\" content=\"index, follow, max-snippet:-1, max-image-preview:large, max-video-preview:-1\" \/>\n<link rel=\"canonical\" href=\"https:\/\/sergiolapegue.com\/site\/2024\/05\/22\/perdi-la-cabra-y-su-show-en-makena-club\/\" \/>\n<meta property=\"og:locale\" content=\"es_ES\" \/>\n<meta property=\"og:type\" content=\"article\" \/>\n<meta property=\"og:title\" content=\"PERD\u00cd LA CABRA Y SU SHOW EN MAKENA CLUB - Sergio Lapegue\" \/>\n<meta property=\"og:description\" content=\"Perd\u00ed la Cabra, banda de rock rioplatense, vuelve al ruedo con un show espectacular el 24 de mayo en Makena Club, donde adem\u00e1s se tocar\u00e1n todos los cl\u00e1sicos de su disco \u201cLo crudo es lo real\u201d y estar\u00e1n adelantando temas de su pr\u00f3ximo disco que saldr\u00e1 antes de fin de a\u00f1o. Sobre el disco &#8220;Lo [&hellip;]\" \/>\n<meta property=\"og:url\" content=\"https:\/\/sergiolapegue.com\/site\/2024\/05\/22\/perdi-la-cabra-y-su-show-en-makena-club\/\" \/>\n<meta property=\"og:site_name\" content=\"Sergio Lapegue\" \/>\n<meta property=\"article:publisher\" content=\"https:\/\/facebook.com\/sergiolapegue\" \/>\n<meta property=\"article:author\" content=\"https:\/\/facebook.com\/danielernesto.montana\" \/>\n<meta property=\"article:published_time\" content=\"2024-05-22T08:00:00+00:00\" \/>\n<meta property=\"og:image\" content=\"https:\/\/sergiolapegue.com\/site\/wp-content\/uploads\/2024\/05\/Perdi-la-Cabra.jpg\" \/>\n\t<meta property=\"og:image:width\" content=\"1400\" \/>\n\t<meta property=\"og:image:height\" content=\"1980\" \/>\n\t<meta property=\"og:image:type\" content=\"image\/jpeg\" \/>\n<meta name=\"author\" content=\"Daniel E. Monta\u00f1a\" \/>\n<meta name=\"twitter:card\" content=\"summary_large_image\" \/>\n<meta name=\"twitter:creator\" content=\"@https:\/\/twitter.com\/daner_004\" \/>\n<meta name=\"twitter:site\" content=\"@sergiolapegue\" \/>\n<meta name=\"twitter:label1\" content=\"Escrito por\" \/>\n\t<meta name=\"twitter:data1\" content=\"Daniel E. Monta\u00f1a\" \/>\n\t<meta name=\"twitter:label2\" content=\"Tiempo de lectura\" \/>\n\t<meta name=\"twitter:data2\" content=\"5 minutos\" \/>\n<script type=\"application\/ld+json\" class=\"yoast-schema-graph\">{\"@context\":\"https:\\\/\\\/schema.org\",\"@graph\":[{\"@type\":\"Article\",\"@id\":\"https:\\\/\\\/sergiolapegue.com\\\/site\\\/2024\\\/05\\\/22\\\/perdi-la-cabra-y-su-show-en-makena-club\\\/#article\",\"isPartOf\":{\"@id\":\"https:\\\/\\\/sergiolapegue.com\\\/site\\\/2024\\\/05\\\/22\\\/perdi-la-cabra-y-su-show-en-makena-club\\\/\"},\"author\":{\"name\":\"Daniel E. Monta\u00f1a\",\"@id\":\"https:\\\/\\\/sergiolapegue.com\\\/site\\\/#\\\/schema\\\/person\\\/9198e7dbab43c6d74d0fd5399af7c3cd\"},\"headline\":\"PERD\u00cd LA CABRA Y SU SHOW EN MAKENA CLUB\",\"datePublished\":\"2024-05-22T08:00:00+00:00\",\"mainEntityOfPage\":{\"@id\":\"https:\\\/\\\/sergiolapegue.com\\\/site\\\/2024\\\/05\\\/22\\\/perdi-la-cabra-y-su-show-en-makena-club\\\/\"},\"wordCount\":773,\"commentCount\":0,\"publisher\":{\"@id\":\"https:\\\/\\\/sergiolapegue.com\\\/site\\\/#\\\/schema\\\/person\\\/083aeceeb0734cd166779ea6c0551a37\"},\"image\":{\"@id\":\"https:\\\/\\\/sergiolapegue.com\\\/site\\\/2024\\\/05\\\/22\\\/perdi-la-cabra-y-su-show-en-makena-club\\\/#primaryimage\"},\"thumbnailUrl\":\"https:\\\/\\\/sergiolapegue.com\\\/site\\\/wp-content\\\/uploads\\\/2024\\\/05\\\/Perdi-la-Cabra.jpg\",\"articleSection\":[\"Arte\",\"M\u00fasica\"],\"inLanguage\":\"es-AR\",\"potentialAction\":[{\"@type\":\"CommentAction\",\"name\":\"Comment\",\"target\":[\"https:\\\/\\\/sergiolapegue.com\\\/site\\\/2024\\\/05\\\/22\\\/perdi-la-cabra-y-su-show-en-makena-club\\\/#respond\"]}]},{\"@type\":\"WebPage\",\"@id\":\"https:\\\/\\\/sergiolapegue.com\\\/site\\\/2024\\\/05\\\/22\\\/perdi-la-cabra-y-su-show-en-makena-club\\\/\",\"url\":\"https:\\\/\\\/sergiolapegue.com\\\/site\\\/2024\\\/05\\\/22\\\/perdi-la-cabra-y-su-show-en-makena-club\\\/\",\"name\":\"PERD\u00cd LA CABRA Y SU SHOW EN MAKENA CLUB - Sergio Lapegue\",\"isPartOf\":{\"@id\":\"https:\\\/\\\/sergiolapegue.com\\\/site\\\/#website\"},\"primaryImageOfPage\":{\"@id\":\"https:\\\/\\\/sergiolapegue.com\\\/site\\\/2024\\\/05\\\/22\\\/perdi-la-cabra-y-su-show-en-makena-club\\\/#primaryimage\"},\"image\":{\"@id\":\"https:\\\/\\\/sergiolapegue.com\\\/site\\\/2024\\\/05\\\/22\\\/perdi-la-cabra-y-su-show-en-makena-club\\\/#primaryimage\"},\"thumbnailUrl\":\"https:\\\/\\\/sergiolapegue.com\\\/site\\\/wp-content\\\/uploads\\\/2024\\\/05\\\/Perdi-la-Cabra.jpg\",\"datePublished\":\"2024-05-22T08:00:00+00:00\",\"breadcrumb\":{\"@id\":\"https:\\\/\\\/sergiolapegue.com\\\/site\\\/2024\\\/05\\\/22\\\/perdi-la-cabra-y-su-show-en-makena-club\\\/#breadcrumb\"},\"inLanguage\":\"es-AR\",\"potentialAction\":[{\"@type\":\"ReadAction\",\"target\":[\"https:\\\/\\\/sergiolapegue.com\\\/site\\\/2024\\\/05\\\/22\\\/perdi-la-cabra-y-su-show-en-makena-club\\\/\"]}]},{\"@type\":\"ImageObject\",\"inLanguage\":\"es-AR\",\"@id\":\"https:\\\/\\\/sergiolapegue.com\\\/site\\\/2024\\\/05\\\/22\\\/perdi-la-cabra-y-su-show-en-makena-club\\\/#primaryimage\",\"url\":\"https:\\\/\\\/sergiolapegue.com\\\/site\\\/wp-content\\\/uploads\\\/2024\\\/05\\\/Perdi-la-Cabra.jpg\",\"contentUrl\":\"https:\\\/\\\/sergiolapegue.com\\\/site\\\/wp-content\\\/uploads\\\/2024\\\/05\\\/Perdi-la-Cabra.jpg\",\"width\":1400,\"height\":1980},{\"@type\":\"BreadcrumbList\",\"@id\":\"https:\\\/\\\/sergiolapegue.com\\\/site\\\/2024\\\/05\\\/22\\\/perdi-la-cabra-y-su-show-en-makena-club\\\/#breadcrumb\",\"itemListElement\":[{\"@type\":\"ListItem\",\"position\":1,\"name\":\"Inicio\",\"item\":\"https:\\\/\\\/sergiolapegue.com\\\/site\\\/\"},{\"@type\":\"ListItem\",\"position\":2,\"name\":\"PERD\u00cd LA CABRA Y SU SHOW EN MAKENA CLUB\"}]},{\"@type\":\"WebSite\",\"@id\":\"https:\\\/\\\/sergiolapegue.com\\\/site\\\/#website\",\"url\":\"https:\\\/\\\/sergiolapegue.com\\\/site\\\/\",\"name\":\"Sergio Lapegue\",\"description\":\"Periodista\",\"publisher\":{\"@id\":\"https:\\\/\\\/sergiolapegue.com\\\/site\\\/#\\\/schema\\\/person\\\/083aeceeb0734cd166779ea6c0551a37\"},\"potentialAction\":[{\"@type\":\"SearchAction\",\"target\":{\"@type\":\"EntryPoint\",\"urlTemplate\":\"https:\\\/\\\/sergiolapegue.com\\\/site\\\/?s={search_term_string}\"},\"query-input\":{\"@type\":\"PropertyValueSpecification\",\"valueRequired\":true,\"valueName\":\"search_term_string\"}}],\"inLanguage\":\"es-AR\"},{\"@type\":[\"Person\",\"Organization\"],\"@id\":\"https:\\\/\\\/sergiolapegue.com\\\/site\\\/#\\\/schema\\\/person\\\/083aeceeb0734cd166779ea6c0551a37\",\"name\":\"Sergio Lapegue\",\"image\":{\"@type\":\"ImageObject\",\"inLanguage\":\"es-AR\",\"@id\":\"https:\\\/\\\/sergiolapegue.com\\\/site\\\/wp-content\\\/uploads\\\/2021\\\/04\\\/logo_header-1.png\",\"url\":\"https:\\\/\\\/sergiolapegue.com\\\/site\\\/wp-content\\\/uploads\\\/2021\\\/04\\\/logo_header-1.png\",\"contentUrl\":\"https:\\\/\\\/sergiolapegue.com\\\/site\\\/wp-content\\\/uploads\\\/2021\\\/04\\\/logo_header-1.png\",\"width\":272,\"height\":90,\"caption\":\"Sergio Lapegue\"},\"logo\":{\"@id\":\"https:\\\/\\\/sergiolapegue.com\\\/site\\\/wp-content\\\/uploads\\\/2021\\\/04\\\/logo_header-1.png\"},\"sameAs\":[\"https:\\\/\\\/facebook.com\\\/sergiolapegue\",\"https:\\\/\\\/instagram.com\\\/sergiolapegue\",\"https:\\\/\\\/x.com\\\/https:\\\/\\\/twitter.com\\\/sergiolapegue\"]},{\"@type\":\"Person\",\"@id\":\"https:\\\/\\\/sergiolapegue.com\\\/site\\\/#\\\/schema\\\/person\\\/9198e7dbab43c6d74d0fd5399af7c3cd\",\"name\":\"Daniel E. Monta\u00f1a\",\"image\":{\"@type\":\"ImageObject\",\"inLanguage\":\"es-AR\",\"@id\":\"https:\\\/\\\/sergiolapegue.com\\\/site\\\/wp-content\\\/uploads\\\/2021\\\/04\\\/sl_avatar_Daniel-150x150.jpg\",\"url\":\"https:\\\/\\\/sergiolapegue.com\\\/site\\\/wp-content\\\/uploads\\\/2021\\\/04\\\/sl_avatar_Daniel-150x150.jpg\",\"contentUrl\":\"https:\\\/\\\/sergiolapegue.com\\\/site\\\/wp-content\\\/uploads\\\/2021\\\/04\\\/sl_avatar_Daniel-150x150.jpg\",\"caption\":\"Daniel E. Monta\u00f1a\"},\"sameAs\":[\"https:\\\/\\\/facebook.com\\\/danielernesto.montana\",\"https:\\\/\\\/instagram.com\\\/daniel_montana1961\",\"https:\\\/\\\/x.com\\\/https:\\\/\\\/twitter.com\\\/daner_004\"],\"url\":\"https:\\\/\\\/sergiolapegue.com\\\/site\\\/author\\\/daniel\\\/\"}]}<\/script>\n<!-- \/ Yoast SEO plugin. -->","yoast_head_json":{"title":"PERD\u00cd LA CABRA Y SU SHOW EN MAKENA CLUB - Sergio Lapegue","robots":{"index":"index","follow":"follow","max-snippet":"max-snippet:-1","max-image-preview":"max-image-preview:large","max-video-preview":"max-video-preview:-1"},"canonical":"https:\/\/sergiolapegue.com\/site\/2024\/05\/22\/perdi-la-cabra-y-su-show-en-makena-club\/","og_locale":"es_ES","og_type":"article","og_title":"PERD\u00cd LA CABRA Y SU SHOW EN MAKENA CLUB - Sergio Lapegue","og_description":"Perd\u00ed la Cabra, banda de rock rioplatense, vuelve al ruedo con un show espectacular el 24 de mayo en Makena Club, donde adem\u00e1s se tocar\u00e1n todos los cl\u00e1sicos de su disco \u201cLo crudo es lo real\u201d y estar\u00e1n adelantando temas de su pr\u00f3ximo disco que saldr\u00e1 antes de fin de a\u00f1o. Sobre el disco &#8220;Lo [&hellip;]","og_url":"https:\/\/sergiolapegue.com\/site\/2024\/05\/22\/perdi-la-cabra-y-su-show-en-makena-club\/","og_site_name":"Sergio Lapegue","article_publisher":"https:\/\/facebook.com\/sergiolapegue","article_author":"https:\/\/facebook.com\/danielernesto.montana","article_published_time":"2024-05-22T08:00:00+00:00","og_image":[{"width":1400,"height":1980,"url":"https:\/\/sergiolapegue.com\/site\/wp-content\/uploads\/2024\/05\/Perdi-la-Cabra.jpg","type":"image\/jpeg"}],"author":"Daniel E. Monta\u00f1a","twitter_card":"summary_large_image","twitter_creator":"@https:\/\/twitter.com\/daner_004","twitter_site":"@sergiolapegue","twitter_misc":{"Escrito por":"Daniel E. Monta\u00f1a","Tiempo de lectura":"5 minutos"},"schema":{"@context":"https:\/\/schema.org","@graph":[{"@type":"Article","@id":"https:\/\/sergiolapegue.com\/site\/2024\/05\/22\/perdi-la-cabra-y-su-show-en-makena-club\/#article","isPartOf":{"@id":"https:\/\/sergiolapegue.com\/site\/2024\/05\/22\/perdi-la-cabra-y-su-show-en-makena-club\/"},"author":{"name":"Daniel E. Monta\u00f1a","@id":"https:\/\/sergiolapegue.com\/site\/#\/schema\/person\/9198e7dbab43c6d74d0fd5399af7c3cd"},"headline":"PERD\u00cd LA CABRA Y SU SHOW EN MAKENA CLUB","datePublished":"2024-05-22T08:00:00+00:00","mainEntityOfPage":{"@id":"https:\/\/sergiolapegue.com\/site\/2024\/05\/22\/perdi-la-cabra-y-su-show-en-makena-club\/"},"wordCount":773,"commentCount":0,"publisher":{"@id":"https:\/\/sergiolapegue.com\/site\/#\/schema\/person\/083aeceeb0734cd166779ea6c0551a37"},"image":{"@id":"https:\/\/sergiolapegue.com\/site\/2024\/05\/22\/perdi-la-cabra-y-su-show-en-makena-club\/#primaryimage"},"thumbnailUrl":"https:\/\/sergiolapegue.com\/site\/wp-content\/uploads\/2024\/05\/Perdi-la-Cabra.jpg","articleSection":["Arte","M\u00fasica"],"inLanguage":"es-AR","potentialAction":[{"@type":"CommentAction","name":"Comment","target":["https:\/\/sergiolapegue.com\/site\/2024\/05\/22\/perdi-la-cabra-y-su-show-en-makena-club\/#respond"]}]},{"@type":"WebPage","@id":"https:\/\/sergiolapegue.com\/site\/2024\/05\/22\/perdi-la-cabra-y-su-show-en-makena-club\/","url":"https:\/\/sergiolapegue.com\/site\/2024\/05\/22\/perdi-la-cabra-y-su-show-en-makena-club\/","name":"PERD\u00cd LA CABRA Y SU SHOW EN MAKENA CLUB - Sergio Lapegue","isPartOf":{"@id":"https:\/\/sergiolapegue.com\/site\/#website"},"primaryImageOfPage":{"@id":"https:\/\/sergiolapegue.com\/site\/2024\/05\/22\/perdi-la-cabra-y-su-show-en-makena-club\/#primaryimage"},"image":{"@id":"https:\/\/sergiolapegue.com\/site\/2024\/05\/22\/perdi-la-cabra-y-su-show-en-makena-club\/#primaryimage"},"thumbnailUrl":"https:\/\/sergiolapegue.com\/site\/wp-content\/uploads\/2024\/05\/Perdi-la-Cabra.jpg","datePublished":"2024-05-22T08:00:00+00:00","breadcrumb":{"@id":"https:\/\/sergiolapegue.com\/site\/2024\/05\/22\/perdi-la-cabra-y-su-show-en-makena-club\/#breadcrumb"},"inLanguage":"es-AR","potentialAction":[{"@type":"ReadAction","target":["https:\/\/sergiolapegue.com\/site\/2024\/05\/22\/perdi-la-cabra-y-su-show-en-makena-club\/"]}]},{"@type":"ImageObject","inLanguage":"es-AR","@id":"https:\/\/sergiolapegue.com\/site\/2024\/05\/22\/perdi-la-cabra-y-su-show-en-makena-club\/#primaryimage","url":"https:\/\/sergiolapegue.com\/site\/wp-content\/uploads\/2024\/05\/Perdi-la-Cabra.jpg","contentUrl":"https:\/\/sergiolapegue.com\/site\/wp-content\/uploads\/2024\/05\/Perdi-la-Cabra.jpg","width":1400,"height":1980},{"@type":"BreadcrumbList","@id":"https:\/\/sergiolapegue.com\/site\/2024\/05\/22\/perdi-la-cabra-y-su-show-en-makena-club\/#breadcrumb","itemListElement":[{"@type":"ListItem","position":1,"name":"Inicio","item":"https:\/\/sergiolapegue.com\/site\/"},{"@type":"ListItem","position":2,"name":"PERD\u00cd LA CABRA Y SU SHOW EN MAKENA CLUB"}]},{"@type":"WebSite","@id":"https:\/\/sergiolapegue.com\/site\/#website","url":"https:\/\/sergiolapegue.com\/site\/","name":"Sergio Lapegue","description":"Periodista","publisher":{"@id":"https:\/\/sergiolapegue.com\/site\/#\/schema\/person\/083aeceeb0734cd166779ea6c0551a37"},"potentialAction":[{"@type":"SearchAction","target":{"@type":"EntryPoint","urlTemplate":"https:\/\/sergiolapegue.com\/site\/?s={search_term_string}"},"query-input":{"@type":"PropertyValueSpecification","valueRequired":true,"valueName":"search_term_string"}}],"inLanguage":"es-AR"},{"@type":["Person","Organization"],"@id":"https:\/\/sergiolapegue.com\/site\/#\/schema\/person\/083aeceeb0734cd166779ea6c0551a37","name":"Sergio Lapegue","image":{"@type":"ImageObject","inLanguage":"es-AR","@id":"https:\/\/sergiolapegue.com\/site\/wp-content\/uploads\/2021\/04\/logo_header-1.png","url":"https:\/\/sergiolapegue.com\/site\/wp-content\/uploads\/2021\/04\/logo_header-1.png","contentUrl":"https:\/\/sergiolapegue.com\/site\/wp-content\/uploads\/2021\/04\/logo_header-1.png","width":272,"height":90,"caption":"Sergio Lapegue"},"logo":{"@id":"https:\/\/sergiolapegue.com\/site\/wp-content\/uploads\/2021\/04\/logo_header-1.png"},"sameAs":["https:\/\/facebook.com\/sergiolapegue","https:\/\/instagram.com\/sergiolapegue","https:\/\/x.com\/https:\/\/twitter.com\/sergiolapegue"]},{"@type":"Person","@id":"https:\/\/sergiolapegue.com\/site\/#\/schema\/person\/9198e7dbab43c6d74d0fd5399af7c3cd","name":"Daniel E. Monta\u00f1a","image":{"@type":"ImageObject","inLanguage":"es-AR","@id":"https:\/\/sergiolapegue.com\/site\/wp-content\/uploads\/2021\/04\/sl_avatar_Daniel-150x150.jpg","url":"https:\/\/sergiolapegue.com\/site\/wp-content\/uploads\/2021\/04\/sl_avatar_Daniel-150x150.jpg","contentUrl":"https:\/\/sergiolapegue.com\/site\/wp-content\/uploads\/2021\/04\/sl_avatar_Daniel-150x150.jpg","caption":"Daniel E. Monta\u00f1a"},"sameAs":["https:\/\/facebook.com\/danielernesto.montana","https:\/\/instagram.com\/daniel_montana1961","https:\/\/x.com\/https:\/\/twitter.com\/daner_004"],"url":"https:\/\/sergiolapegue.com\/site\/author\/daniel\/"}]}},"_links":{"self":[{"href":"https:\/\/sergiolapegue.com\/site\/wp-json\/wp\/v2\/posts\/15073","targetHints":{"allow":["GET"]}}],"collection":[{"href":"https:\/\/sergiolapegue.com\/site\/wp-json\/wp\/v2\/posts"}],"about":[{"href":"https:\/\/sergiolapegue.com\/site\/wp-json\/wp\/v2\/types\/post"}],"author":[{"embeddable":true,"href":"https:\/\/sergiolapegue.com\/site\/wp-json\/wp\/v2\/users\/3"}],"replies":[{"embeddable":true,"href":"https:\/\/sergiolapegue.com\/site\/wp-json\/wp\/v2\/comments?post=15073"}],"version-history":[{"count":1,"href":"https:\/\/sergiolapegue.com\/site\/wp-json\/wp\/v2\/posts\/15073\/revisions"}],"predecessor-version":[{"id":15079,"href":"https:\/\/sergiolapegue.com\/site\/wp-json\/wp\/v2\/posts\/15073\/revisions\/15079"}],"wp:featuredmedia":[{"embeddable":true,"href":"https:\/\/sergiolapegue.com\/site\/wp-json\/wp\/v2\/media\/15078"}],"wp:attachment":[{"href":"https:\/\/sergiolapegue.com\/site\/wp-json\/wp\/v2\/media?parent=15073"}],"wp:term":[{"taxonomy":"category","embeddable":true,"href":"https:\/\/sergiolapegue.com\/site\/wp-json\/wp\/v2\/categories?post=15073"},{"taxonomy":"post_tag","embeddable":true,"href":"https:\/\/sergiolapegue.com\/site\/wp-json\/wp\/v2\/tags?post=15073"}],"curies":[{"name":"wp","href":"https:\/\/api.w.org\/{rel}","templated":true}]}}