{"id":15053,"date":"2024-05-20T12:20:44","date_gmt":"2024-05-20T15:20:44","guid":{"rendered":"https:\/\/sergiolapegue.com\/site\/?p=15053"},"modified":"2024-05-20T12:20:46","modified_gmt":"2024-05-20T15:20:46","slug":"cuando-lomas-era-un-paraje-la-historia-de-la-posta-la-botica","status":"publish","type":"post","link":"https:\/\/sergiolapegue.com\/site\/2024\/05\/20\/cuando-lomas-era-un-paraje-la-historia-de-la-posta-la-botica\/","title":{"rendered":"Cuando Lomas era un paraje: la historia de la posta La Botica"},"content":{"rendered":"\n<p>\u00a1Hola otra vez, amigos de&nbsp;<strong>La Uni\u00f3n<\/strong>! Los invito a conocer una historia m\u00e1s sobre nuestro querido barrio. Viajemos a mediados siglo XIX, cuando<a href=\"https:\/\/launion.com.ar\/nota\/33561\/2023\/11\/la-llegada-del-tren-que-cambio-para-siempre-a-lomas\" target=\"_blank\" rel=\"noreferrer noopener\">&nbsp;<\/a><strong><a href=\"https:\/\/launion.com.ar\/nota\/33561\/2023\/11\/la-llegada-del-tren-que-cambio-para-siempre-a-lomas\" target=\"_blank\" rel=\"noreferrer noopener\">Lomas de Zamora<\/a><\/strong>&nbsp;a\u00fan no exist\u00eda. Los caminos, muchos de ellos intransitables, hac\u00edan casi imposible moverse de un pueblo&nbsp;a otro de la Provincia de Buenos Aires. Aunque no eran distancias muy grandes, los caminos de tierra se convert\u00edan en lodazales cuando llov\u00eda mucho. Hab\u00eda que atreverse a andarlos, no s\u00f3lo por las propias dificultades del terreno, sino tambi\u00e9n por el peligro que representaban los malones.&nbsp;<\/p>\n\n\n\n<p>En aquel tiempo hab\u00eda pocas opciones para transportarse. S\u00f3lo carretas, carros y caballos. En 1849, tres comerciantes visionarios, Fern\u00e1ndez, Rusi\u00f1ol y Hue, fundaron las Mensajer\u00edas Argentinas para cubrir las rutas Buenos Aires-Chascom\u00fas. La primera escala&nbsp;para el descanso y el cambio de caballos se llam\u00f3 posta&nbsp;<strong>La Botica<\/strong>&nbsp;y quedaba, claro, donde hoy est\u00e1<a href=\"https:\/\/launion.com.ar\/nota\/34895\/2024\/01\/la-quinta-que-un-expresidente-elegia-para-descansar-en-lomas\" target=\"_blank\" rel=\"noreferrer noopener\">&nbsp;<\/a><strong><a href=\"https:\/\/launion.com.ar\/nota\/34895\/2024\/01\/la-quinta-que-un-expresidente-elegia-para-descansar-en-lomas\" target=\"_blank\" rel=\"noreferrer noopener\">Lomas de Zamora<\/a><\/strong>, pero todav\u00eda no exist\u00eda un pueblo. Ni siquiera las v\u00edas del Ferrocarril. S\u00f3lo los t\u00edmidos terraplenes eran un proyecto de la posta, que con el tiempo qued\u00f3 pegada al and\u00e9n uno, tras la concreci\u00f3n del&nbsp;<strong>Ferrocarril del Sud<\/strong>&nbsp;en 1865.&nbsp;<\/p>\n\n\n\n<p>Hoy, en ese lugar inici\u00e1tico est\u00e1 la cabecera y terminal de colectivos de la L\u00ednea 266, empresa&nbsp;<strong><a href=\"https:\/\/launion.com.ar\/nota\/36371\/2024\/03\/villa-galicia--tiene-su-farmacia-en-lo-que-fue-una-pulperia-de-principios-del-siglo-xx\" target=\"_blank\" rel=\"noreferrer noopener\">Villa Galicia<\/a>&nbsp;San Jos\u00e9<\/strong>. Ubicada en el coraz\u00f3n comercial de&nbsp;<strong>Lomas Este<\/strong>, es decir, en la avenida Almirante Brown, entre Balcarce y Fonrouge.&nbsp;<\/p>\n\n\n\n<p>En este despoblado paraje, el palenque de los caballos atados, con agua fresca en los bebederos a la sombra, los viajeros ten\u00edan un buen reparo para restablecer fuerzas y seguir viaje hacia el sur. En La Botica, los viajeros encontraban refresco, una buena carne al asador, una copa y juegos de azar.\u00a0<\/p>\n\n\n\n<p>Los primeros medios de transporte en&nbsp;<strong><a href=\"https:\/\/launion.com.ar\/nota\/37237\/2024\/04\/lomas-de-zamora-y-sus-especies-nativas--que-nos-rodea\" target=\"_blank\" rel=\"noreferrer noopener\">Lomas de Zamora<\/a><\/strong>&nbsp;fueron los &#8220;break&#8221;, cl\u00e1sicos carruajes de cuatro ruedas, que a\u00fan en alg\u00fan campo todav\u00eda se utilizan a pesar del paso de los a\u00f1os y la modernidad tecnol\u00f3gica. Luego llegaron los Mateos, esos carruajes que se sol\u00edan ver en la zona del Zoo de Buenos Aires para paseos tur\u00edsticos. Reci\u00e9n a partir de 1910 se puede hablar del advenimiento de los colectivos y fue en 1927 cuando en esta zona apareci\u00f3 el primer \u00f3mnibus para el servicio de pasajeros que tendr\u00eda<a href=\"https:\/\/launion.com.ar\/nota\/36291\/2024\/03\/una-cancha-de-golf-y-un-estaqueadero-de-cueros-claves-para-impulsar-villa-galicia\" target=\"_blank\" rel=\"noreferrer noopener\">&nbsp;<\/a><strong><a href=\"https:\/\/launion.com.ar\/nota\/36291\/2024\/03\/una-cancha-de-golf-y-un-estaqueadero-de-cueros-claves-para-impulsar-villa-galicia\" target=\"_blank\" rel=\"noreferrer noopener\">Villa Galicia.&nbsp;<\/a><\/strong><\/p>\n\n\n\n<p>Por ese tiempo la estaci\u00f3n de\u00a0<strong>Lomas<\/strong>\u00a0era y sigue siendo todav\u00eda el punto clave para la concentraci\u00f3n de los medios de transporte de pasajeros. La actual empresa de colectivos comenz\u00f3 a funcionar org\u00e1nicamente reci\u00e9n en 1932, llam\u00e1ndose Compa\u00f1\u00eda de \u00f3mnibus\u00a0<strong>Villa Galicia<\/strong>. All\u00ed est\u00e1 el play\u00f3n de estacionamiento para los colectivos, junto a la plataforma del and\u00e9n n\u00famero 1 del ferrocarril, lugar donde funcion\u00f3 por muchos a\u00f1os la posta\u00a0<strong>La Botica.<\/strong>\u00a0\u00a1Hasta la semana que viene, amigos!\u00a0<\/p>\n\n\n\n<p><a href=\"https:\/\/launion.com.ar\/nota\/38190\/2024\/05\/cuando-lomas-era-un-paraje--la-historia-de-la-posta-la-botica\"><strong><em>Art\u00edculo publicado en el diario La Uni\u00f3n.-<\/em><\/strong><\/a><\/p>\n","protected":false},"excerpt":{"rendered":"<p>\u00a1Hola otra vez, amigos de&nbsp;La Uni\u00f3n! Los invito a conocer una historia m\u00e1s sobre nuestro querido barrio. Viajemos a mediados siglo XIX, cuando&nbsp;Lomas de Zamora&nbsp;a\u00fan no exist\u00eda. Los caminos, muchos de ellos intransitables, hac\u00edan casi imposible moverse de un pueblo&nbsp;a otro de la Provincia de Buenos Aires. Aunque no eran distancias muy grandes, los caminos [&hellip;]<\/p>\n","protected":false},"author":6,"featured_media":15054,"comment_status":"closed","ping_status":"closed","sticky":false,"template":"","format":"standard","meta":{"footnotes":""},"categories":[1276],"tags":[1323,1277],"class_list":{"0":"post-15053","1":"post","2":"type-post","3":"status-publish","4":"format-standard","5":"has-post-thumbnail","7":"category-de-puno-y-letra-lomas-de-zamora","8":"tag-la-union","9":"tag-lomas-de-zamora"},"yoast_head":"<!-- This site is optimized with the Yoast SEO plugin v27.5 - https:\/\/yoast.com\/product\/yoast-seo-wordpress\/ -->\n<title>Cuando Lomas era un paraje: la historia de la posta La Botica - Sergio Lapegue<\/title>\n<meta name=\"description\" content=\"En el siglo XIX, muchos caminos eran intransitables para carretas y carros, pero hab\u00eda una escala que se convirti\u00f3 en un lugar clave.\" \/>\n<meta name=\"robots\" content=\"index, follow, max-snippet:-1, max-image-preview:large, max-video-preview:-1\" \/>\n<link rel=\"canonical\" href=\"https:\/\/sergiolapegue.com\/site\/2024\/05\/20\/cuando-lomas-era-un-paraje-la-historia-de-la-posta-la-botica\/\" \/>\n<meta property=\"og:locale\" content=\"es_ES\" \/>\n<meta property=\"og:type\" content=\"article\" \/>\n<meta property=\"og:title\" content=\"Cuando Lomas era un paraje: la historia de la posta La Botica - Sergio Lapegue\" \/>\n<meta property=\"og:description\" content=\"En el siglo XIX, muchos caminos eran intransitables para carretas y carros, pero hab\u00eda una escala que se convirti\u00f3 en un lugar clave.\" \/>\n<meta property=\"og:url\" content=\"https:\/\/sergiolapegue.com\/site\/2024\/05\/20\/cuando-lomas-era-un-paraje-la-historia-de-la-posta-la-botica\/\" \/>\n<meta property=\"og:site_name\" content=\"Sergio Lapegue\" \/>\n<meta property=\"article:publisher\" content=\"https:\/\/facebook.com\/sergiolapegue\" \/>\n<meta property=\"article:author\" content=\"https:\/\/facebook.com\/sergiolapegue\" \/>\n<meta property=\"article:published_time\" content=\"2024-05-20T15:20:44+00:00\" \/>\n<meta property=\"article:modified_time\" content=\"2024-05-20T15:20:46+00:00\" \/>\n<meta property=\"og:image\" content=\"https:\/\/sergiolapegue.com\/site\/wp-content\/uploads\/2024\/05\/197468.webp\" \/>\n\t<meta property=\"og:image:width\" content=\"1000\" \/>\n\t<meta property=\"og:image:height\" content=\"525\" \/>\n\t<meta property=\"og:image:type\" content=\"image\/webp\" \/>\n<meta name=\"author\" content=\"Sergio Lapegue\" \/>\n<meta name=\"twitter:card\" content=\"summary_large_image\" \/>\n<meta name=\"twitter:creator\" content=\"@https:\/\/twitter.com\/sergiolapegue\" \/>\n<meta name=\"twitter:site\" content=\"@sergiolapegue\" \/>\n<meta name=\"twitter:label1\" content=\"Escrito por\" \/>\n\t<meta name=\"twitter:data1\" content=\"Sergio Lapegue\" \/>\n\t<meta name=\"twitter:label2\" content=\"Tiempo de lectura\" \/>\n\t<meta name=\"twitter:data2\" content=\"3 minutos\" \/>\n<script type=\"application\/ld+json\" class=\"yoast-schema-graph\">{\"@context\":\"https:\\\/\\\/schema.org\",\"@graph\":[{\"@type\":\"Article\",\"@id\":\"https:\\\/\\\/sergiolapegue.com\\\/site\\\/2024\\\/05\\\/20\\\/cuando-lomas-era-un-paraje-la-historia-de-la-posta-la-botica\\\/#article\",\"isPartOf\":{\"@id\":\"https:\\\/\\\/sergiolapegue.com\\\/site\\\/2024\\\/05\\\/20\\\/cuando-lomas-era-un-paraje-la-historia-de-la-posta-la-botica\\\/\"},\"author\":{\"name\":\"Sergio Lapegue\",\"@id\":\"https:\\\/\\\/sergiolapegue.com\\\/site\\\/#\\\/schema\\\/person\\\/083aeceeb0734cd166779ea6c0551a37\"},\"headline\":\"Cuando Lomas era un paraje: la historia de la posta La Botica\",\"datePublished\":\"2024-05-20T15:20:44+00:00\",\"dateModified\":\"2024-05-20T15:20:46+00:00\",\"mainEntityOfPage\":{\"@id\":\"https:\\\/\\\/sergiolapegue.com\\\/site\\\/2024\\\/05\\\/20\\\/cuando-lomas-era-un-paraje-la-historia-de-la-posta-la-botica\\\/\"},\"wordCount\":530,\"publisher\":{\"@id\":\"https:\\\/\\\/sergiolapegue.com\\\/site\\\/#\\\/schema\\\/person\\\/083aeceeb0734cd166779ea6c0551a37\"},\"image\":{\"@id\":\"https:\\\/\\\/sergiolapegue.com\\\/site\\\/2024\\\/05\\\/20\\\/cuando-lomas-era-un-paraje-la-historia-de-la-posta-la-botica\\\/#primaryimage\"},\"thumbnailUrl\":\"https:\\\/\\\/sergiolapegue.com\\\/site\\\/wp-content\\\/uploads\\\/2024\\\/05\\\/197468.webp\",\"keywords\":[\"La Uni\u00f3n\",\"Lomas de Zamora\"],\"articleSection\":[\"De Pu\u00f1o y Letra Lomas de Zamora\"],\"inLanguage\":\"es-AR\"},{\"@type\":\"WebPage\",\"@id\":\"https:\\\/\\\/sergiolapegue.com\\\/site\\\/2024\\\/05\\\/20\\\/cuando-lomas-era-un-paraje-la-historia-de-la-posta-la-botica\\\/\",\"url\":\"https:\\\/\\\/sergiolapegue.com\\\/site\\\/2024\\\/05\\\/20\\\/cuando-lomas-era-un-paraje-la-historia-de-la-posta-la-botica\\\/\",\"name\":\"Cuando Lomas era un paraje: la historia de la posta La Botica - Sergio Lapegue\",\"isPartOf\":{\"@id\":\"https:\\\/\\\/sergiolapegue.com\\\/site\\\/#website\"},\"primaryImageOfPage\":{\"@id\":\"https:\\\/\\\/sergiolapegue.com\\\/site\\\/2024\\\/05\\\/20\\\/cuando-lomas-era-un-paraje-la-historia-de-la-posta-la-botica\\\/#primaryimage\"},\"image\":{\"@id\":\"https:\\\/\\\/sergiolapegue.com\\\/site\\\/2024\\\/05\\\/20\\\/cuando-lomas-era-un-paraje-la-historia-de-la-posta-la-botica\\\/#primaryimage\"},\"thumbnailUrl\":\"https:\\\/\\\/sergiolapegue.com\\\/site\\\/wp-content\\\/uploads\\\/2024\\\/05\\\/197468.webp\",\"datePublished\":\"2024-05-20T15:20:44+00:00\",\"dateModified\":\"2024-05-20T15:20:46+00:00\",\"description\":\"En el siglo XIX, muchos caminos eran intransitables para carretas y carros, pero hab\u00eda una escala que se convirti\u00f3 en un lugar clave.\",\"breadcrumb\":{\"@id\":\"https:\\\/\\\/sergiolapegue.com\\\/site\\\/2024\\\/05\\\/20\\\/cuando-lomas-era-un-paraje-la-historia-de-la-posta-la-botica\\\/#breadcrumb\"},\"inLanguage\":\"es-AR\",\"potentialAction\":[{\"@type\":\"ReadAction\",\"target\":[\"https:\\\/\\\/sergiolapegue.com\\\/site\\\/2024\\\/05\\\/20\\\/cuando-lomas-era-un-paraje-la-historia-de-la-posta-la-botica\\\/\"]}]},{\"@type\":\"ImageObject\",\"inLanguage\":\"es-AR\",\"@id\":\"https:\\\/\\\/sergiolapegue.com\\\/site\\\/2024\\\/05\\\/20\\\/cuando-lomas-era-un-paraje-la-historia-de-la-posta-la-botica\\\/#primaryimage\",\"url\":\"https:\\\/\\\/sergiolapegue.com\\\/site\\\/wp-content\\\/uploads\\\/2024\\\/05\\\/197468.webp\",\"contentUrl\":\"https:\\\/\\\/sergiolapegue.com\\\/site\\\/wp-content\\\/uploads\\\/2024\\\/05\\\/197468.webp\",\"width\":1000,\"height\":525},{\"@type\":\"BreadcrumbList\",\"@id\":\"https:\\\/\\\/sergiolapegue.com\\\/site\\\/2024\\\/05\\\/20\\\/cuando-lomas-era-un-paraje-la-historia-de-la-posta-la-botica\\\/#breadcrumb\",\"itemListElement\":[{\"@type\":\"ListItem\",\"position\":1,\"name\":\"Inicio\",\"item\":\"https:\\\/\\\/sergiolapegue.com\\\/site\\\/\"},{\"@type\":\"ListItem\",\"position\":2,\"name\":\"Cuando Lomas era un paraje: la historia de la posta La Botica\"}]},{\"@type\":\"WebSite\",\"@id\":\"https:\\\/\\\/sergiolapegue.com\\\/site\\\/#website\",\"url\":\"https:\\\/\\\/sergiolapegue.com\\\/site\\\/\",\"name\":\"Sergio Lapegue\",\"description\":\"Periodista\",\"publisher\":{\"@id\":\"https:\\\/\\\/sergiolapegue.com\\\/site\\\/#\\\/schema\\\/person\\\/083aeceeb0734cd166779ea6c0551a37\"},\"potentialAction\":[{\"@type\":\"SearchAction\",\"target\":{\"@type\":\"EntryPoint\",\"urlTemplate\":\"https:\\\/\\\/sergiolapegue.com\\\/site\\\/?s={search_term_string}\"},\"query-input\":{\"@type\":\"PropertyValueSpecification\",\"valueRequired\":true,\"valueName\":\"search_term_string\"}}],\"inLanguage\":\"es-AR\"},{\"@type\":[\"Person\",\"Organization\"],\"@id\":\"https:\\\/\\\/sergiolapegue.com\\\/site\\\/#\\\/schema\\\/person\\\/083aeceeb0734cd166779ea6c0551a37\",\"name\":\"Sergio Lapegue\",\"image\":{\"@type\":\"ImageObject\",\"inLanguage\":\"es-AR\",\"@id\":\"https:\\\/\\\/sergiolapegue.com\\\/site\\\/wp-content\\\/uploads\\\/2021\\\/04\\\/logo_header-1.png\",\"url\":\"https:\\\/\\\/sergiolapegue.com\\\/site\\\/wp-content\\\/uploads\\\/2021\\\/04\\\/logo_header-1.png\",\"contentUrl\":\"https:\\\/\\\/sergiolapegue.com\\\/site\\\/wp-content\\\/uploads\\\/2021\\\/04\\\/logo_header-1.png\",\"width\":272,\"height\":90,\"caption\":\"Sergio Lapegue\"},\"logo\":{\"@id\":\"https:\\\/\\\/sergiolapegue.com\\\/site\\\/wp-content\\\/uploads\\\/2021\\\/04\\\/logo_header-1.png\"},\"sameAs\":[\"https:\\\/\\\/facebook.com\\\/sergiolapegue\",\"https:\\\/\\\/instagram.com\\\/sergiolapegue\",\"https:\\\/\\\/x.com\\\/https:\\\/\\\/twitter.com\\\/sergiolapegue\"],\"url\":\"https:\\\/\\\/sergiolapegue.com\\\/site\\\/author\\\/sergio\\\/\"}]}<\/script>\n<!-- \/ Yoast SEO plugin. -->","yoast_head_json":{"title":"Cuando Lomas era un paraje: la historia de la posta La Botica - Sergio Lapegue","description":"En el siglo XIX, muchos caminos eran intransitables para carretas y carros, pero hab\u00eda una escala que se convirti\u00f3 en un lugar clave.","robots":{"index":"index","follow":"follow","max-snippet":"max-snippet:-1","max-image-preview":"max-image-preview:large","max-video-preview":"max-video-preview:-1"},"canonical":"https:\/\/sergiolapegue.com\/site\/2024\/05\/20\/cuando-lomas-era-un-paraje-la-historia-de-la-posta-la-botica\/","og_locale":"es_ES","og_type":"article","og_title":"Cuando Lomas era un paraje: la historia de la posta La Botica - Sergio Lapegue","og_description":"En el siglo XIX, muchos caminos eran intransitables para carretas y carros, pero hab\u00eda una escala que se convirti\u00f3 en un lugar clave.","og_url":"https:\/\/sergiolapegue.com\/site\/2024\/05\/20\/cuando-lomas-era-un-paraje-la-historia-de-la-posta-la-botica\/","og_site_name":"Sergio Lapegue","article_publisher":"https:\/\/facebook.com\/sergiolapegue","article_author":"https:\/\/facebook.com\/sergiolapegue","article_published_time":"2024-05-20T15:20:44+00:00","article_modified_time":"2024-05-20T15:20:46+00:00","og_image":[{"width":1000,"height":525,"url":"https:\/\/sergiolapegue.com\/site\/wp-content\/uploads\/2024\/05\/197468.webp","type":"image\/webp"}],"author":"Sergio Lapegue","twitter_card":"summary_large_image","twitter_creator":"@https:\/\/twitter.com\/sergiolapegue","twitter_site":"@sergiolapegue","twitter_misc":{"Escrito por":"Sergio Lapegue","Tiempo de lectura":"3 minutos"},"schema":{"@context":"https:\/\/schema.org","@graph":[{"@type":"Article","@id":"https:\/\/sergiolapegue.com\/site\/2024\/05\/20\/cuando-lomas-era-un-paraje-la-historia-de-la-posta-la-botica\/#article","isPartOf":{"@id":"https:\/\/sergiolapegue.com\/site\/2024\/05\/20\/cuando-lomas-era-un-paraje-la-historia-de-la-posta-la-botica\/"},"author":{"name":"Sergio Lapegue","@id":"https:\/\/sergiolapegue.com\/site\/#\/schema\/person\/083aeceeb0734cd166779ea6c0551a37"},"headline":"Cuando Lomas era un paraje: la historia de la posta La Botica","datePublished":"2024-05-20T15:20:44+00:00","dateModified":"2024-05-20T15:20:46+00:00","mainEntityOfPage":{"@id":"https:\/\/sergiolapegue.com\/site\/2024\/05\/20\/cuando-lomas-era-un-paraje-la-historia-de-la-posta-la-botica\/"},"wordCount":530,"publisher":{"@id":"https:\/\/sergiolapegue.com\/site\/#\/schema\/person\/083aeceeb0734cd166779ea6c0551a37"},"image":{"@id":"https:\/\/sergiolapegue.com\/site\/2024\/05\/20\/cuando-lomas-era-un-paraje-la-historia-de-la-posta-la-botica\/#primaryimage"},"thumbnailUrl":"https:\/\/sergiolapegue.com\/site\/wp-content\/uploads\/2024\/05\/197468.webp","keywords":["La Uni\u00f3n","Lomas de Zamora"],"articleSection":["De Pu\u00f1o y Letra Lomas de Zamora"],"inLanguage":"es-AR"},{"@type":"WebPage","@id":"https:\/\/sergiolapegue.com\/site\/2024\/05\/20\/cuando-lomas-era-un-paraje-la-historia-de-la-posta-la-botica\/","url":"https:\/\/sergiolapegue.com\/site\/2024\/05\/20\/cuando-lomas-era-un-paraje-la-historia-de-la-posta-la-botica\/","name":"Cuando Lomas era un paraje: la historia de la posta La Botica - Sergio Lapegue","isPartOf":{"@id":"https:\/\/sergiolapegue.com\/site\/#website"},"primaryImageOfPage":{"@id":"https:\/\/sergiolapegue.com\/site\/2024\/05\/20\/cuando-lomas-era-un-paraje-la-historia-de-la-posta-la-botica\/#primaryimage"},"image":{"@id":"https:\/\/sergiolapegue.com\/site\/2024\/05\/20\/cuando-lomas-era-un-paraje-la-historia-de-la-posta-la-botica\/#primaryimage"},"thumbnailUrl":"https:\/\/sergiolapegue.com\/site\/wp-content\/uploads\/2024\/05\/197468.webp","datePublished":"2024-05-20T15:20:44+00:00","dateModified":"2024-05-20T15:20:46+00:00","description":"En el siglo XIX, muchos caminos eran intransitables para carretas y carros, pero hab\u00eda una escala que se convirti\u00f3 en un lugar clave.","breadcrumb":{"@id":"https:\/\/sergiolapegue.com\/site\/2024\/05\/20\/cuando-lomas-era-un-paraje-la-historia-de-la-posta-la-botica\/#breadcrumb"},"inLanguage":"es-AR","potentialAction":[{"@type":"ReadAction","target":["https:\/\/sergiolapegue.com\/site\/2024\/05\/20\/cuando-lomas-era-un-paraje-la-historia-de-la-posta-la-botica\/"]}]},{"@type":"ImageObject","inLanguage":"es-AR","@id":"https:\/\/sergiolapegue.com\/site\/2024\/05\/20\/cuando-lomas-era-un-paraje-la-historia-de-la-posta-la-botica\/#primaryimage","url":"https:\/\/sergiolapegue.com\/site\/wp-content\/uploads\/2024\/05\/197468.webp","contentUrl":"https:\/\/sergiolapegue.com\/site\/wp-content\/uploads\/2024\/05\/197468.webp","width":1000,"height":525},{"@type":"BreadcrumbList","@id":"https:\/\/sergiolapegue.com\/site\/2024\/05\/20\/cuando-lomas-era-un-paraje-la-historia-de-la-posta-la-botica\/#breadcrumb","itemListElement":[{"@type":"ListItem","position":1,"name":"Inicio","item":"https:\/\/sergiolapegue.com\/site\/"},{"@type":"ListItem","position":2,"name":"Cuando Lomas era un paraje: la historia de la posta La Botica"}]},{"@type":"WebSite","@id":"https:\/\/sergiolapegue.com\/site\/#website","url":"https:\/\/sergiolapegue.com\/site\/","name":"Sergio Lapegue","description":"Periodista","publisher":{"@id":"https:\/\/sergiolapegue.com\/site\/#\/schema\/person\/083aeceeb0734cd166779ea6c0551a37"},"potentialAction":[{"@type":"SearchAction","target":{"@type":"EntryPoint","urlTemplate":"https:\/\/sergiolapegue.com\/site\/?s={search_term_string}"},"query-input":{"@type":"PropertyValueSpecification","valueRequired":true,"valueName":"search_term_string"}}],"inLanguage":"es-AR"},{"@type":["Person","Organization"],"@id":"https:\/\/sergiolapegue.com\/site\/#\/schema\/person\/083aeceeb0734cd166779ea6c0551a37","name":"Sergio Lapegue","image":{"@type":"ImageObject","inLanguage":"es-AR","@id":"https:\/\/sergiolapegue.com\/site\/wp-content\/uploads\/2021\/04\/logo_header-1.png","url":"https:\/\/sergiolapegue.com\/site\/wp-content\/uploads\/2021\/04\/logo_header-1.png","contentUrl":"https:\/\/sergiolapegue.com\/site\/wp-content\/uploads\/2021\/04\/logo_header-1.png","width":272,"height":90,"caption":"Sergio Lapegue"},"logo":{"@id":"https:\/\/sergiolapegue.com\/site\/wp-content\/uploads\/2021\/04\/logo_header-1.png"},"sameAs":["https:\/\/facebook.com\/sergiolapegue","https:\/\/instagram.com\/sergiolapegue","https:\/\/x.com\/https:\/\/twitter.com\/sergiolapegue"],"url":"https:\/\/sergiolapegue.com\/site\/author\/sergio\/"}]}},"_links":{"self":[{"href":"https:\/\/sergiolapegue.com\/site\/wp-json\/wp\/v2\/posts\/15053","targetHints":{"allow":["GET"]}}],"collection":[{"href":"https:\/\/sergiolapegue.com\/site\/wp-json\/wp\/v2\/posts"}],"about":[{"href":"https:\/\/sergiolapegue.com\/site\/wp-json\/wp\/v2\/types\/post"}],"author":[{"embeddable":true,"href":"https:\/\/sergiolapegue.com\/site\/wp-json\/wp\/v2\/users\/6"}],"replies":[{"embeddable":true,"href":"https:\/\/sergiolapegue.com\/site\/wp-json\/wp\/v2\/comments?post=15053"}],"version-history":[{"count":1,"href":"https:\/\/sergiolapegue.com\/site\/wp-json\/wp\/v2\/posts\/15053\/revisions"}],"predecessor-version":[{"id":15055,"href":"https:\/\/sergiolapegue.com\/site\/wp-json\/wp\/v2\/posts\/15053\/revisions\/15055"}],"wp:featuredmedia":[{"embeddable":true,"href":"https:\/\/sergiolapegue.com\/site\/wp-json\/wp\/v2\/media\/15054"}],"wp:attachment":[{"href":"https:\/\/sergiolapegue.com\/site\/wp-json\/wp\/v2\/media?parent=15053"}],"wp:term":[{"taxonomy":"category","embeddable":true,"href":"https:\/\/sergiolapegue.com\/site\/wp-json\/wp\/v2\/categories?post=15053"},{"taxonomy":"post_tag","embeddable":true,"href":"https:\/\/sergiolapegue.com\/site\/wp-json\/wp\/v2\/tags?post=15053"}],"curies":[{"name":"wp","href":"https:\/\/api.w.org\/{rel}","templated":true}]}}