{"id":15039,"date":"2024-05-20T11:55:57","date_gmt":"2024-05-20T14:55:57","guid":{"rendered":"https:\/\/sergiolapegue.com\/site\/?p=15039"},"modified":"2024-05-20T11:55:58","modified_gmt":"2024-05-20T14:55:58","slug":"hit-astral-de-la-semana-el-sol-ingresa-en-geminis","status":"publish","type":"post","link":"https:\/\/sergiolapegue.com\/site\/2024\/05\/20\/hit-astral-de-la-semana-el-sol-ingresa-en-geminis\/","title":{"rendered":"HIT ASTRAL DE LA SEMANA: El SOL ingresa en G\u00c9MINIS"},"content":{"rendered":"\n<p>Esta semana el SOL cambia de signo y comienza la temporada de G\u00c9MINIS. El zod\u00edaco vira la energ\u00eda hacia el movimiento y la curiosidad. La luz del SOL nos abre los caminos y empiezan a llegar opciones donde antes parec\u00eda que las puertas estaban cerradas.&nbsp;<\/p>\n\n\n\n<p>Esto favorece la comunicaci\u00f3n, los estudios, el comercio y la circulaci\u00f3n de energ\u00eda en general, ayud\u00e1ndonos a sentirnos con mayor entusiasmo y un mejor humor.<\/p>\n\n\n\n<p>La propuesta para esta semana ser\u00e1 movernos por sobre todas las cosas, incorporar alg\u00fan conocimiento nuevo y explorar herramientas que nos permitan buscarnos la vida.&nbsp;<\/p>\n\n\n\n<p>G\u00c9MINIS nos ayudar\u00e1 a vernos de desde otros \u00e1ngulos pero tambi\u00e9n a relajarnos si tenemos contradicciones o todav\u00eda no sabemos bien para d\u00f3nde disparar.<\/p>\n\n\n\n<p>Lo importante es que crece el optimismo y la vida social.<\/p>\n\n\n\n<p><strong>SIGNOS DESTACADOS DE LA SEMANA: <\/strong>G\u00e9minis, Libra y Acuario los m\u00e1s beneficiados por la energ\u00eda solar. Se activan, sienten con m\u00e1s energ\u00eda y ganas de vivir. Sonr\u00edan m\u00e1s.<\/p>\n\n\n\n<p><strong>FRASE GU\u00cdA PARA ESTA SEMANA: <\/strong>\u201cPuede haber mil puertas y sabr\u00e9 cu\u00e1l debo abrir.\u201d<\/p>\n\n\n\n<p><strong>ARCANO ALIADO DEL TAROT:&nbsp;<\/strong><\/p>\n\n\n\n<p><strong>EL MAGO \/<\/strong> Esta carta te dice que mente, cuerpo y esp\u00edritu est\u00e1n siempre unidos, qu\u00e9 s\u00f3lo debemos escuchar lo que cada uno tiene para decirnos,<\/p>\n\n\n<div class=\"wp-block-image\">\n<figure class=\"aligncenter size-full\"><img loading=\"lazy\" decoding=\"async\" width=\"500\" height=\"888\" src=\"https:\/\/sergiolapegue.com\/site\/wp-content\/uploads\/2024\/05\/2-2.jpg\" alt=\"\" class=\"wp-image-15040\" srcset=\"https:\/\/sergiolapegue.com\/site\/wp-content\/uploads\/2024\/05\/2-2.jpg 500w, https:\/\/sergiolapegue.com\/site\/wp-content\/uploads\/2024\/05\/2-2-169x300.jpg 169w, https:\/\/sergiolapegue.com\/site\/wp-content\/uploads\/2024\/05\/2-2-236x420.jpg 236w\" sizes=\"auto, (max-width: 500px) 100vw, 500px\" \/><\/figure>\n<\/div>\n\n\n<p><strong>PREDICCIONES:<\/strong><\/p>\n\n\n\n<p><strong>SIGNOS DE FUEGO&nbsp; #ARIES #LEO #SAGITARIO<\/strong><\/p>\n\n\n\n<p>Mejora el \u00e1nimo y aparecen soluciones m\u00e1gicas.<\/p>\n\n\n\n<p>Llegan buenas noticias y se destraba la econom\u00eda.<\/p>\n\n\n\n<p>Buen momento para exponerse y comunicar cosas.<\/p>\n\n\n\n<p>La vida en pareja puede ser m\u00e1s hermosa.<\/p>\n\n\n\n<p><strong>SIGNOS DE TIERRA&nbsp; #TAURO #VIRGO #CAPRICORNIO<\/strong><\/p>\n\n\n\n<p>Con m\u00e1s vitalidad y energ\u00eda ps\u00edquica.<\/p>\n\n\n\n<p>Se oxigena el cuerpo y empiezan a descansar mejor.<\/p>\n\n\n\n<p>Bajen a tierra las buenas ideas, escr\u00edbanlas.<\/p>\n\n\n\n<p>Atenci\u00f3n, las ventas pueden repuntar.<\/p>\n\n\n\n<p><strong>SIGNOS DE AIRE&nbsp; #G\u00c9MINIS #LIBRA #ACUARIO<\/strong><\/p>\n\n\n\n<p>Revitalizados, llega la buena racha que est\u00e1n necesitando.<\/p>\n\n\n\n<p>Foco en las prioridades, avancen con firmeza.<\/p>\n\n\n\n<p>Salgan a competir y muestren liderazgo.<\/p>\n\n\n\n<p>Hagan todo lo posible por divertirse.<\/p>\n\n\n\n<p><strong>SIGNOS DE AGUA #C\u00c1NCER #ESCORPIO #PISCIS<\/strong><\/p>\n\n\n\n<p>Tiempo de elaborar los finales.<\/p>\n\n\n\n<p>Contradictorios, analicen los pasos a dar.<\/p>\n\n\n\n<p>Avancen pero no corran.<\/p>\n\n\n\n<p>Escuchen lo que el coraz\u00f3n les pide.<\/p>\n","protected":false},"excerpt":{"rendered":"<p>Esta semana el SOL cambia de signo y comienza la temporada de G\u00c9MINIS. El zod\u00edaco vira la energ\u00eda hacia el movimiento y la curiosidad. La luz del SOL nos abre los caminos y empiezan a llegar opciones donde antes parec\u00eda que las puertas estaban cerradas.&nbsp; Esto favorece la comunicaci\u00f3n, los estudios, el comercio y la [&hellip;]<\/p>\n","protected":false},"author":9,"featured_media":15041,"comment_status":"closed","ping_status":"closed","sticky":false,"template":"","format":"standard","meta":{"footnotes":""},"categories":[2901],"tags":[149,1128,3516,3515,3050,1552,2920,492,1107,2922],"class_list":{"0":"post-15039","1":"post","2":"type-post","3":"status-publish","4":"format-standard","5":"has-post-thumbnail","7":"category-astrotarot","8":"tag-astro","9":"tag-energia","10":"tag-geminis","11":"tag-hit","12":"tag-horoscopo","13":"tag-luna","14":"tag-signo","15":"tag-sol","16":"tag-vida","17":"tag-zodiaco"},"yoast_head":"<!-- This site is optimized with the Yoast SEO plugin v27.5 - https:\/\/yoast.com\/product\/yoast-seo-wordpress\/ -->\n<title>HIT ASTRAL DE LA SEMANA: El SOL ingresa en G\u00c9MINIS - Sergio Lapegue<\/title>\n<meta name=\"robots\" content=\"index, follow, max-snippet:-1, max-image-preview:large, max-video-preview:-1\" \/>\n<link rel=\"canonical\" href=\"https:\/\/sergiolapegue.com\/site\/2024\/05\/20\/hit-astral-de-la-semana-el-sol-ingresa-en-geminis\/\" \/>\n<meta property=\"og:locale\" content=\"es_ES\" \/>\n<meta property=\"og:type\" content=\"article\" \/>\n<meta property=\"og:title\" content=\"HIT ASTRAL DE LA SEMANA: El SOL ingresa en G\u00c9MINIS - Sergio Lapegue\" \/>\n<meta property=\"og:description\" content=\"Esta semana el SOL cambia de signo y comienza la temporada de G\u00c9MINIS. El zod\u00edaco vira la energ\u00eda hacia el movimiento y la curiosidad. La luz del SOL nos abre los caminos y empiezan a llegar opciones donde antes parec\u00eda que las puertas estaban cerradas.&nbsp; Esto favorece la comunicaci\u00f3n, los estudios, el comercio y la [&hellip;]\" \/>\n<meta property=\"og:url\" content=\"https:\/\/sergiolapegue.com\/site\/2024\/05\/20\/hit-astral-de-la-semana-el-sol-ingresa-en-geminis\/\" \/>\n<meta property=\"og:site_name\" content=\"Sergio Lapegue\" \/>\n<meta property=\"article:publisher\" content=\"https:\/\/facebook.com\/sergiolapegue\" \/>\n<meta property=\"article:published_time\" content=\"2024-05-20T14:55:57+00:00\" \/>\n<meta property=\"article:modified_time\" content=\"2024-05-20T14:55:58+00:00\" \/>\n<meta property=\"og:image\" content=\"https:\/\/sergiolapegue.com\/site\/wp-content\/uploads\/2024\/05\/1-2.jpg\" \/>\n\t<meta property=\"og:image:width\" content=\"736\" \/>\n\t<meta property=\"og:image:height\" content=\"920\" \/>\n\t<meta property=\"og:image:type\" content=\"image\/jpeg\" \/>\n<meta name=\"author\" content=\"Victoria Garc\u00eda Garcilazo\" \/>\n<meta name=\"twitter:card\" content=\"summary_large_image\" \/>\n<meta name=\"twitter:site\" content=\"@sergiolapegue\" \/>\n<meta name=\"twitter:label1\" content=\"Escrito por\" \/>\n\t<meta name=\"twitter:data1\" content=\"Victoria Garc\u00eda Garcilazo\" \/>\n\t<meta name=\"twitter:label2\" content=\"Tiempo de lectura\" \/>\n\t<meta name=\"twitter:data2\" content=\"2 minutos\" \/>\n<script type=\"application\/ld+json\" class=\"yoast-schema-graph\">{\"@context\":\"https:\\\/\\\/schema.org\",\"@graph\":[{\"@type\":\"Article\",\"@id\":\"https:\\\/\\\/sergiolapegue.com\\\/site\\\/2024\\\/05\\\/20\\\/hit-astral-de-la-semana-el-sol-ingresa-en-geminis\\\/#article\",\"isPartOf\":{\"@id\":\"https:\\\/\\\/sergiolapegue.com\\\/site\\\/2024\\\/05\\\/20\\\/hit-astral-de-la-semana-el-sol-ingresa-en-geminis\\\/\"},\"author\":{\"name\":\"Victoria Garc\u00eda Garcilazo\",\"@id\":\"https:\\\/\\\/sergiolapegue.com\\\/site\\\/#\\\/schema\\\/person\\\/038a19a76176d528a1a27ac17e18af68\"},\"headline\":\"HIT ASTRAL DE LA SEMANA: El SOL ingresa en G\u00c9MINIS\",\"datePublished\":\"2024-05-20T14:55:57+00:00\",\"dateModified\":\"2024-05-20T14:55:58+00:00\",\"mainEntityOfPage\":{\"@id\":\"https:\\\/\\\/sergiolapegue.com\\\/site\\\/2024\\\/05\\\/20\\\/hit-astral-de-la-semana-el-sol-ingresa-en-geminis\\\/\"},\"wordCount\":386,\"publisher\":{\"@id\":\"https:\\\/\\\/sergiolapegue.com\\\/site\\\/#\\\/schema\\\/person\\\/083aeceeb0734cd166779ea6c0551a37\"},\"image\":{\"@id\":\"https:\\\/\\\/sergiolapegue.com\\\/site\\\/2024\\\/05\\\/20\\\/hit-astral-de-la-semana-el-sol-ingresa-en-geminis\\\/#primaryimage\"},\"thumbnailUrl\":\"https:\\\/\\\/sergiolapegue.com\\\/site\\\/wp-content\\\/uploads\\\/2024\\\/05\\\/1-2.jpg\",\"keywords\":[\"astro\",\"energia\",\"geminis\",\"hit\",\"horoscopo\",\"luna\",\"signo\",\"sol\",\"vida\",\"zodiaco\"],\"articleSection\":[\"Astrotarot\"],\"inLanguage\":\"es-AR\"},{\"@type\":\"WebPage\",\"@id\":\"https:\\\/\\\/sergiolapegue.com\\\/site\\\/2024\\\/05\\\/20\\\/hit-astral-de-la-semana-el-sol-ingresa-en-geminis\\\/\",\"url\":\"https:\\\/\\\/sergiolapegue.com\\\/site\\\/2024\\\/05\\\/20\\\/hit-astral-de-la-semana-el-sol-ingresa-en-geminis\\\/\",\"name\":\"HIT ASTRAL DE LA SEMANA: El SOL ingresa en G\u00c9MINIS - Sergio Lapegue\",\"isPartOf\":{\"@id\":\"https:\\\/\\\/sergiolapegue.com\\\/site\\\/#website\"},\"primaryImageOfPage\":{\"@id\":\"https:\\\/\\\/sergiolapegue.com\\\/site\\\/2024\\\/05\\\/20\\\/hit-astral-de-la-semana-el-sol-ingresa-en-geminis\\\/#primaryimage\"},\"image\":{\"@id\":\"https:\\\/\\\/sergiolapegue.com\\\/site\\\/2024\\\/05\\\/20\\\/hit-astral-de-la-semana-el-sol-ingresa-en-geminis\\\/#primaryimage\"},\"thumbnailUrl\":\"https:\\\/\\\/sergiolapegue.com\\\/site\\\/wp-content\\\/uploads\\\/2024\\\/05\\\/1-2.jpg\",\"datePublished\":\"2024-05-20T14:55:57+00:00\",\"dateModified\":\"2024-05-20T14:55:58+00:00\",\"breadcrumb\":{\"@id\":\"https:\\\/\\\/sergiolapegue.com\\\/site\\\/2024\\\/05\\\/20\\\/hit-astral-de-la-semana-el-sol-ingresa-en-geminis\\\/#breadcrumb\"},\"inLanguage\":\"es-AR\",\"potentialAction\":[{\"@type\":\"ReadAction\",\"target\":[\"https:\\\/\\\/sergiolapegue.com\\\/site\\\/2024\\\/05\\\/20\\\/hit-astral-de-la-semana-el-sol-ingresa-en-geminis\\\/\"]}]},{\"@type\":\"ImageObject\",\"inLanguage\":\"es-AR\",\"@id\":\"https:\\\/\\\/sergiolapegue.com\\\/site\\\/2024\\\/05\\\/20\\\/hit-astral-de-la-semana-el-sol-ingresa-en-geminis\\\/#primaryimage\",\"url\":\"https:\\\/\\\/sergiolapegue.com\\\/site\\\/wp-content\\\/uploads\\\/2024\\\/05\\\/1-2.jpg\",\"contentUrl\":\"https:\\\/\\\/sergiolapegue.com\\\/site\\\/wp-content\\\/uploads\\\/2024\\\/05\\\/1-2.jpg\",\"width\":736,\"height\":920},{\"@type\":\"BreadcrumbList\",\"@id\":\"https:\\\/\\\/sergiolapegue.com\\\/site\\\/2024\\\/05\\\/20\\\/hit-astral-de-la-semana-el-sol-ingresa-en-geminis\\\/#breadcrumb\",\"itemListElement\":[{\"@type\":\"ListItem\",\"position\":1,\"name\":\"Inicio\",\"item\":\"https:\\\/\\\/sergiolapegue.com\\\/site\\\/\"},{\"@type\":\"ListItem\",\"position\":2,\"name\":\"HIT ASTRAL DE LA SEMANA: El SOL ingresa en G\u00c9MINIS\"}]},{\"@type\":\"WebSite\",\"@id\":\"https:\\\/\\\/sergiolapegue.com\\\/site\\\/#website\",\"url\":\"https:\\\/\\\/sergiolapegue.com\\\/site\\\/\",\"name\":\"Sergio Lapegue\",\"description\":\"Periodista\",\"publisher\":{\"@id\":\"https:\\\/\\\/sergiolapegue.com\\\/site\\\/#\\\/schema\\\/person\\\/083aeceeb0734cd166779ea6c0551a37\"},\"potentialAction\":[{\"@type\":\"SearchAction\",\"target\":{\"@type\":\"EntryPoint\",\"urlTemplate\":\"https:\\\/\\\/sergiolapegue.com\\\/site\\\/?s={search_term_string}\"},\"query-input\":{\"@type\":\"PropertyValueSpecification\",\"valueRequired\":true,\"valueName\":\"search_term_string\"}}],\"inLanguage\":\"es-AR\"},{\"@type\":[\"Person\",\"Organization\"],\"@id\":\"https:\\\/\\\/sergiolapegue.com\\\/site\\\/#\\\/schema\\\/person\\\/083aeceeb0734cd166779ea6c0551a37\",\"name\":\"Sergio Lapegue\",\"image\":{\"@type\":\"ImageObject\",\"inLanguage\":\"es-AR\",\"@id\":\"https:\\\/\\\/sergiolapegue.com\\\/site\\\/wp-content\\\/uploads\\\/2021\\\/04\\\/logo_header-1.png\",\"url\":\"https:\\\/\\\/sergiolapegue.com\\\/site\\\/wp-content\\\/uploads\\\/2021\\\/04\\\/logo_header-1.png\",\"contentUrl\":\"https:\\\/\\\/sergiolapegue.com\\\/site\\\/wp-content\\\/uploads\\\/2021\\\/04\\\/logo_header-1.png\",\"width\":272,\"height\":90,\"caption\":\"Sergio Lapegue\"},\"logo\":{\"@id\":\"https:\\\/\\\/sergiolapegue.com\\\/site\\\/wp-content\\\/uploads\\\/2021\\\/04\\\/logo_header-1.png\"},\"sameAs\":[\"https:\\\/\\\/facebook.com\\\/sergiolapegue\",\"https:\\\/\\\/instagram.com\\\/sergiolapegue\",\"https:\\\/\\\/x.com\\\/https:\\\/\\\/twitter.com\\\/sergiolapegue\"]},{\"@type\":\"Person\",\"@id\":\"https:\\\/\\\/sergiolapegue.com\\\/site\\\/#\\\/schema\\\/person\\\/038a19a76176d528a1a27ac17e18af68\",\"name\":\"Victoria Garc\u00eda Garcilazo\",\"image\":{\"@type\":\"ImageObject\",\"inLanguage\":\"es-AR\",\"@id\":\"https:\\\/\\\/sergiolapegue.com\\\/site\\\/wp-content\\\/uploads\\\/2025\\\/12\\\/victoriaGarciaGarcilazo-150x150.jpg\",\"url\":\"https:\\\/\\\/sergiolapegue.com\\\/site\\\/wp-content\\\/uploads\\\/2025\\\/12\\\/victoriaGarciaGarcilazo-150x150.jpg\",\"contentUrl\":\"https:\\\/\\\/sergiolapegue.com\\\/site\\\/wp-content\\\/uploads\\\/2025\\\/12\\\/victoriaGarciaGarcilazo-150x150.jpg\",\"caption\":\"Victoria Garc\u00eda Garcilazo\"},\"sameAs\":[\"https:\\\/\\\/lavictoriadevenus.com\\\/\",\"https:\\\/\\\/www.instagram.com\\\/lavictoriadevenus\\\/\",\"https:\\\/\\\/www.youtube.com\\\/channel\\\/UCPAWzfQij6wJRHSTN5wi3Mg\"],\"url\":\"https:\\\/\\\/sergiolapegue.com\\\/site\\\/author\\\/victoria\\\/\"}]}<\/script>\n<!-- \/ Yoast SEO plugin. -->","yoast_head_json":{"title":"HIT ASTRAL DE LA SEMANA: El SOL ingresa en G\u00c9MINIS - Sergio Lapegue","robots":{"index":"index","follow":"follow","max-snippet":"max-snippet:-1","max-image-preview":"max-image-preview:large","max-video-preview":"max-video-preview:-1"},"canonical":"https:\/\/sergiolapegue.com\/site\/2024\/05\/20\/hit-astral-de-la-semana-el-sol-ingresa-en-geminis\/","og_locale":"es_ES","og_type":"article","og_title":"HIT ASTRAL DE LA SEMANA: El SOL ingresa en G\u00c9MINIS - Sergio Lapegue","og_description":"Esta semana el SOL cambia de signo y comienza la temporada de G\u00c9MINIS. El zod\u00edaco vira la energ\u00eda hacia el movimiento y la curiosidad. La luz del SOL nos abre los caminos y empiezan a llegar opciones donde antes parec\u00eda que las puertas estaban cerradas.&nbsp; Esto favorece la comunicaci\u00f3n, los estudios, el comercio y la [&hellip;]","og_url":"https:\/\/sergiolapegue.com\/site\/2024\/05\/20\/hit-astral-de-la-semana-el-sol-ingresa-en-geminis\/","og_site_name":"Sergio Lapegue","article_publisher":"https:\/\/facebook.com\/sergiolapegue","article_published_time":"2024-05-20T14:55:57+00:00","article_modified_time":"2024-05-20T14:55:58+00:00","og_image":[{"width":736,"height":920,"url":"https:\/\/sergiolapegue.com\/site\/wp-content\/uploads\/2024\/05\/1-2.jpg","type":"image\/jpeg"}],"author":"Victoria Garc\u00eda Garcilazo","twitter_card":"summary_large_image","twitter_site":"@sergiolapegue","twitter_misc":{"Escrito por":"Victoria Garc\u00eda Garcilazo","Tiempo de lectura":"2 minutos"},"schema":{"@context":"https:\/\/schema.org","@graph":[{"@type":"Article","@id":"https:\/\/sergiolapegue.com\/site\/2024\/05\/20\/hit-astral-de-la-semana-el-sol-ingresa-en-geminis\/#article","isPartOf":{"@id":"https:\/\/sergiolapegue.com\/site\/2024\/05\/20\/hit-astral-de-la-semana-el-sol-ingresa-en-geminis\/"},"author":{"name":"Victoria Garc\u00eda Garcilazo","@id":"https:\/\/sergiolapegue.com\/site\/#\/schema\/person\/038a19a76176d528a1a27ac17e18af68"},"headline":"HIT ASTRAL DE LA SEMANA: El SOL ingresa en G\u00c9MINIS","datePublished":"2024-05-20T14:55:57+00:00","dateModified":"2024-05-20T14:55:58+00:00","mainEntityOfPage":{"@id":"https:\/\/sergiolapegue.com\/site\/2024\/05\/20\/hit-astral-de-la-semana-el-sol-ingresa-en-geminis\/"},"wordCount":386,"publisher":{"@id":"https:\/\/sergiolapegue.com\/site\/#\/schema\/person\/083aeceeb0734cd166779ea6c0551a37"},"image":{"@id":"https:\/\/sergiolapegue.com\/site\/2024\/05\/20\/hit-astral-de-la-semana-el-sol-ingresa-en-geminis\/#primaryimage"},"thumbnailUrl":"https:\/\/sergiolapegue.com\/site\/wp-content\/uploads\/2024\/05\/1-2.jpg","keywords":["astro","energia","geminis","hit","horoscopo","luna","signo","sol","vida","zodiaco"],"articleSection":["Astrotarot"],"inLanguage":"es-AR"},{"@type":"WebPage","@id":"https:\/\/sergiolapegue.com\/site\/2024\/05\/20\/hit-astral-de-la-semana-el-sol-ingresa-en-geminis\/","url":"https:\/\/sergiolapegue.com\/site\/2024\/05\/20\/hit-astral-de-la-semana-el-sol-ingresa-en-geminis\/","name":"HIT ASTRAL DE LA SEMANA: El SOL ingresa en G\u00c9MINIS - Sergio Lapegue","isPartOf":{"@id":"https:\/\/sergiolapegue.com\/site\/#website"},"primaryImageOfPage":{"@id":"https:\/\/sergiolapegue.com\/site\/2024\/05\/20\/hit-astral-de-la-semana-el-sol-ingresa-en-geminis\/#primaryimage"},"image":{"@id":"https:\/\/sergiolapegue.com\/site\/2024\/05\/20\/hit-astral-de-la-semana-el-sol-ingresa-en-geminis\/#primaryimage"},"thumbnailUrl":"https:\/\/sergiolapegue.com\/site\/wp-content\/uploads\/2024\/05\/1-2.jpg","datePublished":"2024-05-20T14:55:57+00:00","dateModified":"2024-05-20T14:55:58+00:00","breadcrumb":{"@id":"https:\/\/sergiolapegue.com\/site\/2024\/05\/20\/hit-astral-de-la-semana-el-sol-ingresa-en-geminis\/#breadcrumb"},"inLanguage":"es-AR","potentialAction":[{"@type":"ReadAction","target":["https:\/\/sergiolapegue.com\/site\/2024\/05\/20\/hit-astral-de-la-semana-el-sol-ingresa-en-geminis\/"]}]},{"@type":"ImageObject","inLanguage":"es-AR","@id":"https:\/\/sergiolapegue.com\/site\/2024\/05\/20\/hit-astral-de-la-semana-el-sol-ingresa-en-geminis\/#primaryimage","url":"https:\/\/sergiolapegue.com\/site\/wp-content\/uploads\/2024\/05\/1-2.jpg","contentUrl":"https:\/\/sergiolapegue.com\/site\/wp-content\/uploads\/2024\/05\/1-2.jpg","width":736,"height":920},{"@type":"BreadcrumbList","@id":"https:\/\/sergiolapegue.com\/site\/2024\/05\/20\/hit-astral-de-la-semana-el-sol-ingresa-en-geminis\/#breadcrumb","itemListElement":[{"@type":"ListItem","position":1,"name":"Inicio","item":"https:\/\/sergiolapegue.com\/site\/"},{"@type":"ListItem","position":2,"name":"HIT ASTRAL DE LA SEMANA: El SOL ingresa en G\u00c9MINIS"}]},{"@type":"WebSite","@id":"https:\/\/sergiolapegue.com\/site\/#website","url":"https:\/\/sergiolapegue.com\/site\/","name":"Sergio Lapegue","description":"Periodista","publisher":{"@id":"https:\/\/sergiolapegue.com\/site\/#\/schema\/person\/083aeceeb0734cd166779ea6c0551a37"},"potentialAction":[{"@type":"SearchAction","target":{"@type":"EntryPoint","urlTemplate":"https:\/\/sergiolapegue.com\/site\/?s={search_term_string}"},"query-input":{"@type":"PropertyValueSpecification","valueRequired":true,"valueName":"search_term_string"}}],"inLanguage":"es-AR"},{"@type":["Person","Organization"],"@id":"https:\/\/sergiolapegue.com\/site\/#\/schema\/person\/083aeceeb0734cd166779ea6c0551a37","name":"Sergio Lapegue","image":{"@type":"ImageObject","inLanguage":"es-AR","@id":"https:\/\/sergiolapegue.com\/site\/wp-content\/uploads\/2021\/04\/logo_header-1.png","url":"https:\/\/sergiolapegue.com\/site\/wp-content\/uploads\/2021\/04\/logo_header-1.png","contentUrl":"https:\/\/sergiolapegue.com\/site\/wp-content\/uploads\/2021\/04\/logo_header-1.png","width":272,"height":90,"caption":"Sergio Lapegue"},"logo":{"@id":"https:\/\/sergiolapegue.com\/site\/wp-content\/uploads\/2021\/04\/logo_header-1.png"},"sameAs":["https:\/\/facebook.com\/sergiolapegue","https:\/\/instagram.com\/sergiolapegue","https:\/\/x.com\/https:\/\/twitter.com\/sergiolapegue"]},{"@type":"Person","@id":"https:\/\/sergiolapegue.com\/site\/#\/schema\/person\/038a19a76176d528a1a27ac17e18af68","name":"Victoria Garc\u00eda Garcilazo","image":{"@type":"ImageObject","inLanguage":"es-AR","@id":"https:\/\/sergiolapegue.com\/site\/wp-content\/uploads\/2025\/12\/victoriaGarciaGarcilazo-150x150.jpg","url":"https:\/\/sergiolapegue.com\/site\/wp-content\/uploads\/2025\/12\/victoriaGarciaGarcilazo-150x150.jpg","contentUrl":"https:\/\/sergiolapegue.com\/site\/wp-content\/uploads\/2025\/12\/victoriaGarciaGarcilazo-150x150.jpg","caption":"Victoria Garc\u00eda Garcilazo"},"sameAs":["https:\/\/lavictoriadevenus.com\/","https:\/\/www.instagram.com\/lavictoriadevenus\/","https:\/\/www.youtube.com\/channel\/UCPAWzfQij6wJRHSTN5wi3Mg"],"url":"https:\/\/sergiolapegue.com\/site\/author\/victoria\/"}]}},"_links":{"self":[{"href":"https:\/\/sergiolapegue.com\/site\/wp-json\/wp\/v2\/posts\/15039","targetHints":{"allow":["GET"]}}],"collection":[{"href":"https:\/\/sergiolapegue.com\/site\/wp-json\/wp\/v2\/posts"}],"about":[{"href":"https:\/\/sergiolapegue.com\/site\/wp-json\/wp\/v2\/types\/post"}],"author":[{"embeddable":true,"href":"https:\/\/sergiolapegue.com\/site\/wp-json\/wp\/v2\/users\/9"}],"replies":[{"embeddable":true,"href":"https:\/\/sergiolapegue.com\/site\/wp-json\/wp\/v2\/comments?post=15039"}],"version-history":[{"count":1,"href":"https:\/\/sergiolapegue.com\/site\/wp-json\/wp\/v2\/posts\/15039\/revisions"}],"predecessor-version":[{"id":15042,"href":"https:\/\/sergiolapegue.com\/site\/wp-json\/wp\/v2\/posts\/15039\/revisions\/15042"}],"wp:featuredmedia":[{"embeddable":true,"href":"https:\/\/sergiolapegue.com\/site\/wp-json\/wp\/v2\/media\/15041"}],"wp:attachment":[{"href":"https:\/\/sergiolapegue.com\/site\/wp-json\/wp\/v2\/media?parent=15039"}],"wp:term":[{"taxonomy":"category","embeddable":true,"href":"https:\/\/sergiolapegue.com\/site\/wp-json\/wp\/v2\/categories?post=15039"},{"taxonomy":"post_tag","embeddable":true,"href":"https:\/\/sergiolapegue.com\/site\/wp-json\/wp\/v2\/tags?post=15039"}],"curies":[{"name":"wp","href":"https:\/\/api.w.org\/{rel}","templated":true}]}}