{"id":14910,"date":"2024-05-14T09:53:00","date_gmt":"2024-05-14T12:53:00","guid":{"rendered":"https:\/\/sergiolapegue.com\/site\/?p=14910"},"modified":"2024-05-13T12:18:56","modified_gmt":"2024-05-13T15:18:56","slug":"se-viene-un-nuevo-congreso-argentino-de-cannabis-y-salud","status":"publish","type":"post","link":"https:\/\/sergiolapegue.com\/site\/2024\/05\/14\/se-viene-un-nuevo-congreso-argentino-de-cannabis-y-salud\/","title":{"rendered":"Se viene un nuevo Congreso argentino de Cannabis y Salud"},"content":{"rendered":"\n<p>El pr\u00f3ximo 15, 16 y 17 de mayo se llevar\u00e1 a cabo la tercera edici\u00f3n del Congreso Argentino de Cannabis y Salud. El evento se realizar\u00e1 en el edificio Sergio Karakachoff de la Universidad Nacional de La Plata, ubicado en la calle 48 entre 6 y 7.<\/p>\n\n\n\n<p>El Congreso se enmarca como una continuidad de su primera edici\u00f3n, en junio de 2017 en la ciudad de La Plata y la segunda, de Chilecito, la Rioja, en el a\u00f1o 2021. En esta oportunidad se presentar\u00e1n los avances en investigaci\u00f3n b\u00e1sica y aplicada, investigaci\u00f3n cl\u00ednica, extensi\u00f3n Universitaria y experiencias comunitarias en nuestra regi\u00f3n. Desde el comit\u00e9 organizador se pretende que esta edici\u00f3n conserve su car\u00e1cter abierto a la comunidad y a su vez, profundice los espacios de discusi\u00f3n cient\u00edfica y acad\u00e9mica.<\/p>\n\n\n\n<figure class=\"wp-block-image size-large is-style-rounded\"><img loading=\"lazy\" decoding=\"async\" width=\"1024\" height=\"512\" src=\"https:\/\/sergiolapegue.com\/site\/wp-content\/uploads\/2024\/05\/cannabis02-1024x512.webp\" alt=\"\" class=\"wp-image-14911\" srcset=\"https:\/\/sergiolapegue.com\/site\/wp-content\/uploads\/2024\/05\/cannabis02-1024x512.webp 1024w, https:\/\/sergiolapegue.com\/site\/wp-content\/uploads\/2024\/05\/cannabis02-300x150.webp 300w, https:\/\/sergiolapegue.com\/site\/wp-content\/uploads\/2024\/05\/cannabis02-768x384.webp 768w, https:\/\/sergiolapegue.com\/site\/wp-content\/uploads\/2024\/05\/cannabis02-840x420.webp 840w, https:\/\/sergiolapegue.com\/site\/wp-content\/uploads\/2024\/05\/cannabis02-696x348.webp 696w, https:\/\/sergiolapegue.com\/site\/wp-content\/uploads\/2024\/05\/cannabis02-1068x534.webp 1068w, https:\/\/sergiolapegue.com\/site\/wp-content\/uploads\/2024\/05\/cannabis02.webp 1280w\" sizes=\"auto, (max-width: 1024px) 100vw, 1024px\" \/><\/figure>\n\n\n\n<p><strong>Temario principal<\/strong><\/p>\n\n\n\n<p>-Avances en la investigaci\u00f3n b\u00e1sica en Cannabis Medicinal.<br>\u200b-Cannabis y salud. Estudios cl\u00ednicos y experiencias de acompa\u00f1amiento de pacientes.<br>\u200b-Producci\u00f3n y desarrollos tecnol\u00f3gicos.<br>\u200b-Pol\u00edticas p\u00fablicas, procesos sociales y marco regulatorio.<br>\u200b-Salud autogestionada y colectiva: Hegemon\u00eda y ruptura, l\u00edmites y posibilidades del sistema de salud p\u00fablica.<\/p>\n\n\n\n<p>Para m\u00e1s informaci\u00f2n ingresar a&nbsp;<a href=\"https:\/\/www.congresodecannabis.com\/\"><strong>https:\/\/www.congresodecannabis.com\/<\/strong><\/a><\/p>\n","protected":false},"excerpt":{"rendered":"<p>El pr\u00f3ximo 15, 16 y 17 de mayo se llevar\u00e1 a cabo la tercera edici\u00f3n del Congreso Argentino de Cannabis y Salud. El evento se realizar\u00e1 en el edificio Sergio Karakachoff de la Universidad Nacional de La Plata, ubicado en la calle 48 entre 6 y 7. El Congreso se enmarca como una continuidad de [&hellip;]<\/p>\n","protected":false},"author":4,"featured_media":14914,"comment_status":"closed","ping_status":"closed","sticky":false,"template":"","format":"standard","meta":{"footnotes":""},"categories":[38],"tags":[89,3503,3216,157,3504,3506,567,3505,595,66],"class_list":{"0":"post-14910","1":"post","2":"type-post","3":"status-publish","4":"format-standard","5":"has-post-thumbnail","7":"category-actualidad","8":"tag-argentina","9":"tag-cannabis","10":"tag-congreso","11":"tag-enfermedad","12":"tag-la-plata","13":"tag-marihuana","14":"tag-medicina","15":"tag-planta","16":"tag-politica","17":"tag-salud"},"yoast_head":"<!-- This site is optimized with the Yoast SEO plugin v27.5 - https:\/\/yoast.com\/product\/yoast-seo-wordpress\/ -->\n<title>Se viene un nuevo Congreso argentino de Cannabis y Salud - Sergio Lapegue<\/title>\n<meta name=\"robots\" content=\"index, follow, max-snippet:-1, max-image-preview:large, max-video-preview:-1\" \/>\n<link rel=\"canonical\" href=\"https:\/\/sergiolapegue.com\/site\/2024\/05\/14\/se-viene-un-nuevo-congreso-argentino-de-cannabis-y-salud\/\" \/>\n<meta property=\"og:locale\" content=\"es_ES\" \/>\n<meta property=\"og:type\" content=\"article\" \/>\n<meta property=\"og:title\" content=\"Se viene un nuevo Congreso argentino de Cannabis y Salud - Sergio Lapegue\" \/>\n<meta property=\"og:description\" content=\"El pr\u00f3ximo 15, 16 y 17 de mayo se llevar\u00e1 a cabo la tercera edici\u00f3n del Congreso Argentino de Cannabis y Salud. El evento se realizar\u00e1 en el edificio Sergio Karakachoff de la Universidad Nacional de La Plata, ubicado en la calle 48 entre 6 y 7. El Congreso se enmarca como una continuidad de [&hellip;]\" \/>\n<meta property=\"og:url\" content=\"https:\/\/sergiolapegue.com\/site\/2024\/05\/14\/se-viene-un-nuevo-congreso-argentino-de-cannabis-y-salud\/\" \/>\n<meta property=\"og:site_name\" content=\"Sergio Lapegue\" \/>\n<meta property=\"article:publisher\" content=\"https:\/\/facebook.com\/sergiolapegue\" \/>\n<meta property=\"article:published_time\" content=\"2024-05-14T12:53:00+00:00\" \/>\n<meta property=\"og:image\" content=\"https:\/\/sergiolapegue.com\/site\/wp-content\/uploads\/2024\/05\/cannabis03.jpg\" \/>\n\t<meta property=\"og:image:width\" content=\"459\" \/>\n\t<meta property=\"og:image:height\" content=\"345\" \/>\n\t<meta property=\"og:image:type\" content=\"image\/jpeg\" \/>\n<meta name=\"author\" content=\"Leonardo Monta\u00f1a\" \/>\n<meta name=\"twitter:card\" content=\"summary_large_image\" \/>\n<meta name=\"twitter:creator\" content=\"@https:\/\/twitter.com\/soytoto81\" \/>\n<meta name=\"twitter:site\" content=\"@sergiolapegue\" \/>\n<meta name=\"twitter:label1\" content=\"Escrito por\" \/>\n\t<meta name=\"twitter:data1\" content=\"Leonardo Monta\u00f1a\" \/>\n\t<meta name=\"twitter:label2\" content=\"Tiempo de lectura\" \/>\n\t<meta name=\"twitter:data2\" content=\"2 minutos\" \/>\n<script type=\"application\/ld+json\" class=\"yoast-schema-graph\">{\"@context\":\"https:\\\/\\\/schema.org\",\"@graph\":[{\"@type\":\"Article\",\"@id\":\"https:\\\/\\\/sergiolapegue.com\\\/site\\\/2024\\\/05\\\/14\\\/se-viene-un-nuevo-congreso-argentino-de-cannabis-y-salud\\\/#article\",\"isPartOf\":{\"@id\":\"https:\\\/\\\/sergiolapegue.com\\\/site\\\/2024\\\/05\\\/14\\\/se-viene-un-nuevo-congreso-argentino-de-cannabis-y-salud\\\/\"},\"author\":{\"name\":\"Leonardo Monta\u00f1a\",\"@id\":\"https:\\\/\\\/sergiolapegue.com\\\/site\\\/#\\\/schema\\\/person\\\/00adf937d010c7f79a180dc4916a40e0\"},\"headline\":\"Se viene un nuevo Congreso argentino de Cannabis y Salud\",\"datePublished\":\"2024-05-14T12:53:00+00:00\",\"mainEntityOfPage\":{\"@id\":\"https:\\\/\\\/sergiolapegue.com\\\/site\\\/2024\\\/05\\\/14\\\/se-viene-un-nuevo-congreso-argentino-de-cannabis-y-salud\\\/\"},\"wordCount\":217,\"publisher\":{\"@id\":\"https:\\\/\\\/sergiolapegue.com\\\/site\\\/#\\\/schema\\\/person\\\/083aeceeb0734cd166779ea6c0551a37\"},\"image\":{\"@id\":\"https:\\\/\\\/sergiolapegue.com\\\/site\\\/2024\\\/05\\\/14\\\/se-viene-un-nuevo-congreso-argentino-de-cannabis-y-salud\\\/#primaryimage\"},\"thumbnailUrl\":\"https:\\\/\\\/sergiolapegue.com\\\/site\\\/wp-content\\\/uploads\\\/2024\\\/05\\\/cannabis03.jpg\",\"keywords\":[\"argentina\",\"cannabis\",\"congreso\",\"enfermedad\",\"la plata\",\"marihuana\",\"medicina\",\"planta\",\"politica\",\"salud\"],\"articleSection\":[\"Actualidad\"],\"inLanguage\":\"es-AR\"},{\"@type\":\"WebPage\",\"@id\":\"https:\\\/\\\/sergiolapegue.com\\\/site\\\/2024\\\/05\\\/14\\\/se-viene-un-nuevo-congreso-argentino-de-cannabis-y-salud\\\/\",\"url\":\"https:\\\/\\\/sergiolapegue.com\\\/site\\\/2024\\\/05\\\/14\\\/se-viene-un-nuevo-congreso-argentino-de-cannabis-y-salud\\\/\",\"name\":\"Se viene un nuevo Congreso argentino de Cannabis y Salud - Sergio Lapegue\",\"isPartOf\":{\"@id\":\"https:\\\/\\\/sergiolapegue.com\\\/site\\\/#website\"},\"primaryImageOfPage\":{\"@id\":\"https:\\\/\\\/sergiolapegue.com\\\/site\\\/2024\\\/05\\\/14\\\/se-viene-un-nuevo-congreso-argentino-de-cannabis-y-salud\\\/#primaryimage\"},\"image\":{\"@id\":\"https:\\\/\\\/sergiolapegue.com\\\/site\\\/2024\\\/05\\\/14\\\/se-viene-un-nuevo-congreso-argentino-de-cannabis-y-salud\\\/#primaryimage\"},\"thumbnailUrl\":\"https:\\\/\\\/sergiolapegue.com\\\/site\\\/wp-content\\\/uploads\\\/2024\\\/05\\\/cannabis03.jpg\",\"datePublished\":\"2024-05-14T12:53:00+00:00\",\"breadcrumb\":{\"@id\":\"https:\\\/\\\/sergiolapegue.com\\\/site\\\/2024\\\/05\\\/14\\\/se-viene-un-nuevo-congreso-argentino-de-cannabis-y-salud\\\/#breadcrumb\"},\"inLanguage\":\"es-AR\",\"potentialAction\":[{\"@type\":\"ReadAction\",\"target\":[\"https:\\\/\\\/sergiolapegue.com\\\/site\\\/2024\\\/05\\\/14\\\/se-viene-un-nuevo-congreso-argentino-de-cannabis-y-salud\\\/\"]}]},{\"@type\":\"ImageObject\",\"inLanguage\":\"es-AR\",\"@id\":\"https:\\\/\\\/sergiolapegue.com\\\/site\\\/2024\\\/05\\\/14\\\/se-viene-un-nuevo-congreso-argentino-de-cannabis-y-salud\\\/#primaryimage\",\"url\":\"https:\\\/\\\/sergiolapegue.com\\\/site\\\/wp-content\\\/uploads\\\/2024\\\/05\\\/cannabis03.jpg\",\"contentUrl\":\"https:\\\/\\\/sergiolapegue.com\\\/site\\\/wp-content\\\/uploads\\\/2024\\\/05\\\/cannabis03.jpg\",\"width\":459,\"height\":345},{\"@type\":\"BreadcrumbList\",\"@id\":\"https:\\\/\\\/sergiolapegue.com\\\/site\\\/2024\\\/05\\\/14\\\/se-viene-un-nuevo-congreso-argentino-de-cannabis-y-salud\\\/#breadcrumb\",\"itemListElement\":[{\"@type\":\"ListItem\",\"position\":1,\"name\":\"Inicio\",\"item\":\"https:\\\/\\\/sergiolapegue.com\\\/site\\\/\"},{\"@type\":\"ListItem\",\"position\":2,\"name\":\"Se viene un nuevo Congreso argentino de Cannabis y Salud\"}]},{\"@type\":\"WebSite\",\"@id\":\"https:\\\/\\\/sergiolapegue.com\\\/site\\\/#website\",\"url\":\"https:\\\/\\\/sergiolapegue.com\\\/site\\\/\",\"name\":\"Sergio Lapegue\",\"description\":\"Periodista\",\"publisher\":{\"@id\":\"https:\\\/\\\/sergiolapegue.com\\\/site\\\/#\\\/schema\\\/person\\\/083aeceeb0734cd166779ea6c0551a37\"},\"potentialAction\":[{\"@type\":\"SearchAction\",\"target\":{\"@type\":\"EntryPoint\",\"urlTemplate\":\"https:\\\/\\\/sergiolapegue.com\\\/site\\\/?s={search_term_string}\"},\"query-input\":{\"@type\":\"PropertyValueSpecification\",\"valueRequired\":true,\"valueName\":\"search_term_string\"}}],\"inLanguage\":\"es-AR\"},{\"@type\":[\"Person\",\"Organization\"],\"@id\":\"https:\\\/\\\/sergiolapegue.com\\\/site\\\/#\\\/schema\\\/person\\\/083aeceeb0734cd166779ea6c0551a37\",\"name\":\"Sergio Lapegue\",\"image\":{\"@type\":\"ImageObject\",\"inLanguage\":\"es-AR\",\"@id\":\"https:\\\/\\\/sergiolapegue.com\\\/site\\\/wp-content\\\/uploads\\\/2021\\\/04\\\/logo_header-1.png\",\"url\":\"https:\\\/\\\/sergiolapegue.com\\\/site\\\/wp-content\\\/uploads\\\/2021\\\/04\\\/logo_header-1.png\",\"contentUrl\":\"https:\\\/\\\/sergiolapegue.com\\\/site\\\/wp-content\\\/uploads\\\/2021\\\/04\\\/logo_header-1.png\",\"width\":272,\"height\":90,\"caption\":\"Sergio Lapegue\"},\"logo\":{\"@id\":\"https:\\\/\\\/sergiolapegue.com\\\/site\\\/wp-content\\\/uploads\\\/2021\\\/04\\\/logo_header-1.png\"},\"sameAs\":[\"https:\\\/\\\/facebook.com\\\/sergiolapegue\",\"https:\\\/\\\/instagram.com\\\/sergiolapegue\",\"https:\\\/\\\/x.com\\\/https:\\\/\\\/twitter.com\\\/sergiolapegue\"]},{\"@type\":\"Person\",\"@id\":\"https:\\\/\\\/sergiolapegue.com\\\/site\\\/#\\\/schema\\\/person\\\/00adf937d010c7f79a180dc4916a40e0\",\"name\":\"Leonardo Monta\u00f1a\",\"image\":{\"@type\":\"ImageObject\",\"inLanguage\":\"es-AR\",\"@id\":\"https:\\\/\\\/sergiolapegue.com\\\/site\\\/wp-content\\\/uploads\\\/2021\\\/04\\\/sl_avatar_Leonardo-150x150.jpg\",\"url\":\"https:\\\/\\\/sergiolapegue.com\\\/site\\\/wp-content\\\/uploads\\\/2021\\\/04\\\/sl_avatar_Leonardo-150x150.jpg\",\"contentUrl\":\"https:\\\/\\\/sergiolapegue.com\\\/site\\\/wp-content\\\/uploads\\\/2021\\\/04\\\/sl_avatar_Leonardo-150x150.jpg\",\"caption\":\"Leonardo Monta\u00f1a\"},\"sameAs\":[\"https:\\\/\\\/x.com\\\/https:\\\/\\\/twitter.com\\\/soytoto81\"],\"url\":\"https:\\\/\\\/sergiolapegue.com\\\/site\\\/author\\\/leonardo\\\/\"}]}<\/script>\n<!-- \/ Yoast SEO plugin. -->","yoast_head_json":{"title":"Se viene un nuevo Congreso argentino de Cannabis y Salud - Sergio Lapegue","robots":{"index":"index","follow":"follow","max-snippet":"max-snippet:-1","max-image-preview":"max-image-preview:large","max-video-preview":"max-video-preview:-1"},"canonical":"https:\/\/sergiolapegue.com\/site\/2024\/05\/14\/se-viene-un-nuevo-congreso-argentino-de-cannabis-y-salud\/","og_locale":"es_ES","og_type":"article","og_title":"Se viene un nuevo Congreso argentino de Cannabis y Salud - Sergio Lapegue","og_description":"El pr\u00f3ximo 15, 16 y 17 de mayo se llevar\u00e1 a cabo la tercera edici\u00f3n del Congreso Argentino de Cannabis y Salud. El evento se realizar\u00e1 en el edificio Sergio Karakachoff de la Universidad Nacional de La Plata, ubicado en la calle 48 entre 6 y 7. El Congreso se enmarca como una continuidad de [&hellip;]","og_url":"https:\/\/sergiolapegue.com\/site\/2024\/05\/14\/se-viene-un-nuevo-congreso-argentino-de-cannabis-y-salud\/","og_site_name":"Sergio Lapegue","article_publisher":"https:\/\/facebook.com\/sergiolapegue","article_published_time":"2024-05-14T12:53:00+00:00","og_image":[{"width":459,"height":345,"url":"https:\/\/sergiolapegue.com\/site\/wp-content\/uploads\/2024\/05\/cannabis03.jpg","type":"image\/jpeg"}],"author":"Leonardo Monta\u00f1a","twitter_card":"summary_large_image","twitter_creator":"@https:\/\/twitter.com\/soytoto81","twitter_site":"@sergiolapegue","twitter_misc":{"Escrito por":"Leonardo Monta\u00f1a","Tiempo de lectura":"2 minutos"},"schema":{"@context":"https:\/\/schema.org","@graph":[{"@type":"Article","@id":"https:\/\/sergiolapegue.com\/site\/2024\/05\/14\/se-viene-un-nuevo-congreso-argentino-de-cannabis-y-salud\/#article","isPartOf":{"@id":"https:\/\/sergiolapegue.com\/site\/2024\/05\/14\/se-viene-un-nuevo-congreso-argentino-de-cannabis-y-salud\/"},"author":{"name":"Leonardo Monta\u00f1a","@id":"https:\/\/sergiolapegue.com\/site\/#\/schema\/person\/00adf937d010c7f79a180dc4916a40e0"},"headline":"Se viene un nuevo Congreso argentino de Cannabis y Salud","datePublished":"2024-05-14T12:53:00+00:00","mainEntityOfPage":{"@id":"https:\/\/sergiolapegue.com\/site\/2024\/05\/14\/se-viene-un-nuevo-congreso-argentino-de-cannabis-y-salud\/"},"wordCount":217,"publisher":{"@id":"https:\/\/sergiolapegue.com\/site\/#\/schema\/person\/083aeceeb0734cd166779ea6c0551a37"},"image":{"@id":"https:\/\/sergiolapegue.com\/site\/2024\/05\/14\/se-viene-un-nuevo-congreso-argentino-de-cannabis-y-salud\/#primaryimage"},"thumbnailUrl":"https:\/\/sergiolapegue.com\/site\/wp-content\/uploads\/2024\/05\/cannabis03.jpg","keywords":["argentina","cannabis","congreso","enfermedad","la plata","marihuana","medicina","planta","politica","salud"],"articleSection":["Actualidad"],"inLanguage":"es-AR"},{"@type":"WebPage","@id":"https:\/\/sergiolapegue.com\/site\/2024\/05\/14\/se-viene-un-nuevo-congreso-argentino-de-cannabis-y-salud\/","url":"https:\/\/sergiolapegue.com\/site\/2024\/05\/14\/se-viene-un-nuevo-congreso-argentino-de-cannabis-y-salud\/","name":"Se viene un nuevo Congreso argentino de Cannabis y Salud - Sergio Lapegue","isPartOf":{"@id":"https:\/\/sergiolapegue.com\/site\/#website"},"primaryImageOfPage":{"@id":"https:\/\/sergiolapegue.com\/site\/2024\/05\/14\/se-viene-un-nuevo-congreso-argentino-de-cannabis-y-salud\/#primaryimage"},"image":{"@id":"https:\/\/sergiolapegue.com\/site\/2024\/05\/14\/se-viene-un-nuevo-congreso-argentino-de-cannabis-y-salud\/#primaryimage"},"thumbnailUrl":"https:\/\/sergiolapegue.com\/site\/wp-content\/uploads\/2024\/05\/cannabis03.jpg","datePublished":"2024-05-14T12:53:00+00:00","breadcrumb":{"@id":"https:\/\/sergiolapegue.com\/site\/2024\/05\/14\/se-viene-un-nuevo-congreso-argentino-de-cannabis-y-salud\/#breadcrumb"},"inLanguage":"es-AR","potentialAction":[{"@type":"ReadAction","target":["https:\/\/sergiolapegue.com\/site\/2024\/05\/14\/se-viene-un-nuevo-congreso-argentino-de-cannabis-y-salud\/"]}]},{"@type":"ImageObject","inLanguage":"es-AR","@id":"https:\/\/sergiolapegue.com\/site\/2024\/05\/14\/se-viene-un-nuevo-congreso-argentino-de-cannabis-y-salud\/#primaryimage","url":"https:\/\/sergiolapegue.com\/site\/wp-content\/uploads\/2024\/05\/cannabis03.jpg","contentUrl":"https:\/\/sergiolapegue.com\/site\/wp-content\/uploads\/2024\/05\/cannabis03.jpg","width":459,"height":345},{"@type":"BreadcrumbList","@id":"https:\/\/sergiolapegue.com\/site\/2024\/05\/14\/se-viene-un-nuevo-congreso-argentino-de-cannabis-y-salud\/#breadcrumb","itemListElement":[{"@type":"ListItem","position":1,"name":"Inicio","item":"https:\/\/sergiolapegue.com\/site\/"},{"@type":"ListItem","position":2,"name":"Se viene un nuevo Congreso argentino de Cannabis y Salud"}]},{"@type":"WebSite","@id":"https:\/\/sergiolapegue.com\/site\/#website","url":"https:\/\/sergiolapegue.com\/site\/","name":"Sergio Lapegue","description":"Periodista","publisher":{"@id":"https:\/\/sergiolapegue.com\/site\/#\/schema\/person\/083aeceeb0734cd166779ea6c0551a37"},"potentialAction":[{"@type":"SearchAction","target":{"@type":"EntryPoint","urlTemplate":"https:\/\/sergiolapegue.com\/site\/?s={search_term_string}"},"query-input":{"@type":"PropertyValueSpecification","valueRequired":true,"valueName":"search_term_string"}}],"inLanguage":"es-AR"},{"@type":["Person","Organization"],"@id":"https:\/\/sergiolapegue.com\/site\/#\/schema\/person\/083aeceeb0734cd166779ea6c0551a37","name":"Sergio Lapegue","image":{"@type":"ImageObject","inLanguage":"es-AR","@id":"https:\/\/sergiolapegue.com\/site\/wp-content\/uploads\/2021\/04\/logo_header-1.png","url":"https:\/\/sergiolapegue.com\/site\/wp-content\/uploads\/2021\/04\/logo_header-1.png","contentUrl":"https:\/\/sergiolapegue.com\/site\/wp-content\/uploads\/2021\/04\/logo_header-1.png","width":272,"height":90,"caption":"Sergio Lapegue"},"logo":{"@id":"https:\/\/sergiolapegue.com\/site\/wp-content\/uploads\/2021\/04\/logo_header-1.png"},"sameAs":["https:\/\/facebook.com\/sergiolapegue","https:\/\/instagram.com\/sergiolapegue","https:\/\/x.com\/https:\/\/twitter.com\/sergiolapegue"]},{"@type":"Person","@id":"https:\/\/sergiolapegue.com\/site\/#\/schema\/person\/00adf937d010c7f79a180dc4916a40e0","name":"Leonardo Monta\u00f1a","image":{"@type":"ImageObject","inLanguage":"es-AR","@id":"https:\/\/sergiolapegue.com\/site\/wp-content\/uploads\/2021\/04\/sl_avatar_Leonardo-150x150.jpg","url":"https:\/\/sergiolapegue.com\/site\/wp-content\/uploads\/2021\/04\/sl_avatar_Leonardo-150x150.jpg","contentUrl":"https:\/\/sergiolapegue.com\/site\/wp-content\/uploads\/2021\/04\/sl_avatar_Leonardo-150x150.jpg","caption":"Leonardo Monta\u00f1a"},"sameAs":["https:\/\/x.com\/https:\/\/twitter.com\/soytoto81"],"url":"https:\/\/sergiolapegue.com\/site\/author\/leonardo\/"}]}},"_links":{"self":[{"href":"https:\/\/sergiolapegue.com\/site\/wp-json\/wp\/v2\/posts\/14910","targetHints":{"allow":["GET"]}}],"collection":[{"href":"https:\/\/sergiolapegue.com\/site\/wp-json\/wp\/v2\/posts"}],"about":[{"href":"https:\/\/sergiolapegue.com\/site\/wp-json\/wp\/v2\/types\/post"}],"author":[{"embeddable":true,"href":"https:\/\/sergiolapegue.com\/site\/wp-json\/wp\/v2\/users\/4"}],"replies":[{"embeddable":true,"href":"https:\/\/sergiolapegue.com\/site\/wp-json\/wp\/v2\/comments?post=14910"}],"version-history":[{"count":1,"href":"https:\/\/sergiolapegue.com\/site\/wp-json\/wp\/v2\/posts\/14910\/revisions"}],"predecessor-version":[{"id":14915,"href":"https:\/\/sergiolapegue.com\/site\/wp-json\/wp\/v2\/posts\/14910\/revisions\/14915"}],"wp:featuredmedia":[{"embeddable":true,"href":"https:\/\/sergiolapegue.com\/site\/wp-json\/wp\/v2\/media\/14914"}],"wp:attachment":[{"href":"https:\/\/sergiolapegue.com\/site\/wp-json\/wp\/v2\/media?parent=14910"}],"wp:term":[{"taxonomy":"category","embeddable":true,"href":"https:\/\/sergiolapegue.com\/site\/wp-json\/wp\/v2\/categories?post=14910"},{"taxonomy":"post_tag","embeddable":true,"href":"https:\/\/sergiolapegue.com\/site\/wp-json\/wp\/v2\/tags?post=14910"}],"curies":[{"name":"wp","href":"https:\/\/api.w.org\/{rel}","templated":true}]}}