{"id":14803,"date":"2024-05-10T09:07:00","date_gmt":"2024-05-10T12:07:00","guid":{"rendered":"https:\/\/sergiolapegue.com\/site\/?p=14803"},"modified":"2024-05-08T11:11:07","modified_gmt":"2024-05-08T14:11:07","slug":"un-japones-de-90-anos-conquisto-el-record-guinness-de-surf","status":"publish","type":"post","link":"https:\/\/sergiolapegue.com\/site\/2024\/05\/10\/un-japones-de-90-anos-conquisto-el-record-guinness-de-surf\/","title":{"rendered":"Un japon\u00e9s de 90 a\u00f1os conquist\u00f3 el R\u00e9cord Guinness de surf"},"content":{"rendered":"\n<p>Seiichi Sano, un japon\u00e9s que desaf\u00eda las expectativas y redefine lo que significa envejecer, ha recibido el r\u00e9cord Guinness como el \u201csurfista m\u00e1s longevo del mundo\u201d. A sus 90 a\u00f1os, este intr\u00e9pido hombre ha demostrado que la edad es solo un n\u00famero al abrazar el surf con una pasi\u00f3n que rivaliza con la de los m\u00e1s j\u00f3venes.<\/p>\n\n\n\n<p>\u201cCreo que ser\u00eda interesante intentar surfear hasta los 100 a\u00f1os. Me cuido m\u00e1s cuando tengo objetivos como este. Incluso ahora me cuido mejor que antes\u201d, cont\u00f3 a la agencia AP.<\/p>\n\n\n\n<p>Sano comenz\u00f3 a surfear a laos 80 a\u00f1os, una etapa de la vida en la que muchos considerar\u00edan tomarse las actividades f\u00edsica con calma. Sin embargo, para \u00e9l, fue el momento perfecto para aventurarse en algo completamente nuevo.<\/p>\n\n\n\n<p>Su capacidad para manejar la tabla ha sorprendido tanto a compa\u00f1eros como a instructores, quienes a menudo quedan asombrados por su habilidad natural y su enfoque en la diversi\u00f3n sobre la perfecci\u00f3n. \u201cNo hay que centrarse en hacerlo bien sino en pasarla bien\u201d, es su lema, y es este enfoque despreocupado lo que ha resonado profundamente en aquellos que lo rodean en el agua.<\/p>\n\n\n\n<p>Y como si subirse a una table fuera poco, Sano ha a\u00f1adido un elemento de espect\u00e1culo a su surf, al lograr saltos de 180 grados que muchos j\u00f3venes surfistas no pueden igualar.<\/p>\n\n\n\n<figure class=\"wp-block-image size-large is-style-rounded\"><img loading=\"lazy\" decoding=\"async\" width=\"1024\" height=\"538\" src=\"https:\/\/sergiolapegue.com\/site\/wp-content\/uploads\/2024\/05\/Seiichi-Sano02-1024x538.webp\" alt=\"\" class=\"wp-image-14804\" srcset=\"https:\/\/sergiolapegue.com\/site\/wp-content\/uploads\/2024\/05\/Seiichi-Sano02-1024x538.webp 1024w, https:\/\/sergiolapegue.com\/site\/wp-content\/uploads\/2024\/05\/Seiichi-Sano02-300x158.webp 300w, https:\/\/sergiolapegue.com\/site\/wp-content\/uploads\/2024\/05\/Seiichi-Sano02-768x403.webp 768w, https:\/\/sergiolapegue.com\/site\/wp-content\/uploads\/2024\/05\/Seiichi-Sano02-1536x806.webp 1536w, https:\/\/sergiolapegue.com\/site\/wp-content\/uploads\/2024\/05\/Seiichi-Sano02-2048x1075.webp 2048w, https:\/\/sergiolapegue.com\/site\/wp-content\/uploads\/2024\/05\/Seiichi-Sano02-800x420.webp 800w, https:\/\/sergiolapegue.com\/site\/wp-content\/uploads\/2024\/05\/Seiichi-Sano02-696x365.webp 696w, https:\/\/sergiolapegue.com\/site\/wp-content\/uploads\/2024\/05\/Seiichi-Sano02-1068x561.webp 1068w, https:\/\/sergiolapegue.com\/site\/wp-content\/uploads\/2024\/05\/Seiichi-Sano02-1920x1008.webp 1920w\" sizes=\"auto, (max-width: 1024px) 100vw, 1024px\" \/><\/figure>\n\n\n\n<p>\u201cNo me considero un anciano\u201d, dijo con su traje de neopreno y su tabla a su lado. \u201cNunca me he considerado una persona mayor. Siempre siento que todav\u00eda puedo seguir adelante. Todav\u00eda puedo hacerlo. Todav\u00eda puedo disfrutarlo\u201d, agreg\u00f3.<\/p>\n\n\n\n<p>Adem\u00e1s de surfear, Sano Seiichi, originario de Fujisawa, Jap\u00f3n, contin\u00faa activamente al frente de su emprendimiento que provee madera a compa\u00f1\u00edas constructoras. Trabaja de 9 a 17 horas, pero siempre se hace tiempo para buscar nuevas aventuras.<\/p>\n\n\n\n<p>A los 80 a\u00f1os, por ejemplo, logr\u00f3 escalar el Monte Fuji, un desaf\u00edo que, con sus 3.776 metros de altura, muchos considerar\u00edan la culminaci\u00f3n de una vida de logros.<\/p>\n\n\n\n<figure class=\"wp-block-embed is-type-video is-provider-youtube wp-block-embed-youtube wp-embed-aspect-16-9 wp-has-aspect-ratio\"><div class=\"wp-block-embed__wrapper\">\n<div class=\"youtube-embed\" data-video_id=\"\"><iframe loading=\"lazy\" title=\"Oldest person to surf - Seiichi Sano, 88 years and 288 days old ?\u200d\u2642\ufe0f\" width=\"696\" height=\"392\" src=\"https:\/\/www.youtube.com\/embed\/x5CNEueh51w?feature=oembed&#038;enablejsapi=1\" frameborder=\"0\" allow=\"accelerometer; autoplay; clipboard-write; encrypted-media; gyroscope; picture-in-picture; web-share\" referrerpolicy=\"strict-origin-when-cross-origin\" allowfullscreen><\/iframe><\/div>\n<\/div><\/figure>\n","protected":false},"excerpt":{"rendered":"<p>Seiichi Sano, un japon\u00e9s que desaf\u00eda las expectativas y redefine lo que significa envejecer, ha recibido el r\u00e9cord Guinness como el \u201csurfista m\u00e1s longevo del mundo\u201d. A sus 90 a\u00f1os, este intr\u00e9pido hombre ha demostrado que la edad es solo un n\u00famero al abrazar el surf con una pasi\u00f3n que rivaliza con la de los [&hellip;]<\/p>\n","protected":false},"author":4,"featured_media":14805,"comment_status":"closed","ping_status":"closed","sticky":false,"template":"","format":"standard","meta":{"footnotes":""},"categories":[38],"tags":[211,3481,3479,491,2782,1627,1010,1039,3480,3482,3267],"class_list":{"0":"post-14803","1":"post","2":"type-post","3":"status-publish","4":"format-standard","5":"has-post-thumbnail","7":"category-actualidad","8":"tag-agua","9":"tag-anciano","10":"tag-guinness","11":"tag-japon","12":"tag-japones","13":"tag-juventud","14":"tag-mar","15":"tag-record","16":"tag-surf","17":"tag-tabla","18":"tag-viejo"},"yoast_head":"<!-- This site is optimized with the Yoast SEO plugin v27.5 - https:\/\/yoast.com\/product\/yoast-seo-wordpress\/ -->\n<title>Un japon\u00e9s de 90 a\u00f1os conquist\u00f3 el R\u00e9cord Guinness de surf - Sergio Lapegue<\/title>\n<meta name=\"robots\" content=\"index, follow, max-snippet:-1, max-image-preview:large, max-video-preview:-1\" \/>\n<link rel=\"canonical\" href=\"https:\/\/sergiolapegue.com\/site\/2024\/05\/10\/un-japones-de-90-anos-conquisto-el-record-guinness-de-surf\/\" \/>\n<meta property=\"og:locale\" content=\"es_ES\" \/>\n<meta property=\"og:type\" content=\"article\" \/>\n<meta property=\"og:title\" content=\"Un japon\u00e9s de 90 a\u00f1os conquist\u00f3 el R\u00e9cord Guinness de surf - Sergio Lapegue\" \/>\n<meta property=\"og:description\" content=\"Seiichi Sano, un japon\u00e9s que desaf\u00eda las expectativas y redefine lo que significa envejecer, ha recibido el r\u00e9cord Guinness como el \u201csurfista m\u00e1s longevo del mundo\u201d. A sus 90 a\u00f1os, este intr\u00e9pido hombre ha demostrado que la edad es solo un n\u00famero al abrazar el surf con una pasi\u00f3n que rivaliza con la de los [&hellip;]\" \/>\n<meta property=\"og:url\" content=\"https:\/\/sergiolapegue.com\/site\/2024\/05\/10\/un-japones-de-90-anos-conquisto-el-record-guinness-de-surf\/\" \/>\n<meta property=\"og:site_name\" content=\"Sergio Lapegue\" \/>\n<meta property=\"article:publisher\" content=\"https:\/\/facebook.com\/sergiolapegue\" \/>\n<meta property=\"article:published_time\" content=\"2024-05-10T12:07:00+00:00\" \/>\n<meta property=\"og:image\" content=\"https:\/\/sergiolapegue.com\/site\/wp-content\/uploads\/2024\/05\/Seiichi-Sano01.webp\" \/>\n\t<meta property=\"og:image:width\" content=\"790\" \/>\n\t<meta property=\"og:image:height\" content=\"444\" \/>\n\t<meta property=\"og:image:type\" content=\"image\/webp\" \/>\n<meta name=\"author\" content=\"Leonardo Monta\u00f1a\" \/>\n<meta name=\"twitter:card\" content=\"summary_large_image\" \/>\n<meta name=\"twitter:creator\" content=\"@https:\/\/twitter.com\/soytoto81\" \/>\n<meta name=\"twitter:site\" content=\"@sergiolapegue\" \/>\n<meta name=\"twitter:label1\" content=\"Escrito por\" \/>\n\t<meta name=\"twitter:data1\" content=\"Leonardo Monta\u00f1a\" \/>\n\t<meta name=\"twitter:label2\" content=\"Tiempo de lectura\" \/>\n\t<meta name=\"twitter:data2\" content=\"2 minutos\" \/>\n<script type=\"application\/ld+json\" class=\"yoast-schema-graph\">{\"@context\":\"https:\\\/\\\/schema.org\",\"@graph\":[{\"@type\":\"Article\",\"@id\":\"https:\\\/\\\/sergiolapegue.com\\\/site\\\/2024\\\/05\\\/10\\\/un-japones-de-90-anos-conquisto-el-record-guinness-de-surf\\\/#article\",\"isPartOf\":{\"@id\":\"https:\\\/\\\/sergiolapegue.com\\\/site\\\/2024\\\/05\\\/10\\\/un-japones-de-90-anos-conquisto-el-record-guinness-de-surf\\\/\"},\"author\":{\"name\":\"Leonardo Monta\u00f1a\",\"@id\":\"https:\\\/\\\/sergiolapegue.com\\\/site\\\/#\\\/schema\\\/person\\\/00adf937d010c7f79a180dc4916a40e0\"},\"headline\":\"Un japon\u00e9s de 90 a\u00f1os conquist\u00f3 el R\u00e9cord Guinness de surf\",\"datePublished\":\"2024-05-10T12:07:00+00:00\",\"mainEntityOfPage\":{\"@id\":\"https:\\\/\\\/sergiolapegue.com\\\/site\\\/2024\\\/05\\\/10\\\/un-japones-de-90-anos-conquisto-el-record-guinness-de-surf\\\/\"},\"wordCount\":371,\"publisher\":{\"@id\":\"https:\\\/\\\/sergiolapegue.com\\\/site\\\/#\\\/schema\\\/person\\\/083aeceeb0734cd166779ea6c0551a37\"},\"image\":{\"@id\":\"https:\\\/\\\/sergiolapegue.com\\\/site\\\/2024\\\/05\\\/10\\\/un-japones-de-90-anos-conquisto-el-record-guinness-de-surf\\\/#primaryimage\"},\"thumbnailUrl\":\"https:\\\/\\\/sergiolapegue.com\\\/site\\\/wp-content\\\/uploads\\\/2024\\\/05\\\/Seiichi-Sano01.webp\",\"keywords\":[\"agua\",\"anciano\",\"guinness\",\"japon\",\"japones\",\"juventud\",\"mar\",\"record\",\"surf\",\"tabla\",\"viejo\"],\"articleSection\":[\"Actualidad\"],\"inLanguage\":\"es-AR\"},{\"@type\":\"WebPage\",\"@id\":\"https:\\\/\\\/sergiolapegue.com\\\/site\\\/2024\\\/05\\\/10\\\/un-japones-de-90-anos-conquisto-el-record-guinness-de-surf\\\/\",\"url\":\"https:\\\/\\\/sergiolapegue.com\\\/site\\\/2024\\\/05\\\/10\\\/un-japones-de-90-anos-conquisto-el-record-guinness-de-surf\\\/\",\"name\":\"Un japon\u00e9s de 90 a\u00f1os conquist\u00f3 el R\u00e9cord Guinness de surf - Sergio Lapegue\",\"isPartOf\":{\"@id\":\"https:\\\/\\\/sergiolapegue.com\\\/site\\\/#website\"},\"primaryImageOfPage\":{\"@id\":\"https:\\\/\\\/sergiolapegue.com\\\/site\\\/2024\\\/05\\\/10\\\/un-japones-de-90-anos-conquisto-el-record-guinness-de-surf\\\/#primaryimage\"},\"image\":{\"@id\":\"https:\\\/\\\/sergiolapegue.com\\\/site\\\/2024\\\/05\\\/10\\\/un-japones-de-90-anos-conquisto-el-record-guinness-de-surf\\\/#primaryimage\"},\"thumbnailUrl\":\"https:\\\/\\\/sergiolapegue.com\\\/site\\\/wp-content\\\/uploads\\\/2024\\\/05\\\/Seiichi-Sano01.webp\",\"datePublished\":\"2024-05-10T12:07:00+00:00\",\"breadcrumb\":{\"@id\":\"https:\\\/\\\/sergiolapegue.com\\\/site\\\/2024\\\/05\\\/10\\\/un-japones-de-90-anos-conquisto-el-record-guinness-de-surf\\\/#breadcrumb\"},\"inLanguage\":\"es-AR\",\"potentialAction\":[{\"@type\":\"ReadAction\",\"target\":[\"https:\\\/\\\/sergiolapegue.com\\\/site\\\/2024\\\/05\\\/10\\\/un-japones-de-90-anos-conquisto-el-record-guinness-de-surf\\\/\"]}]},{\"@type\":\"ImageObject\",\"inLanguage\":\"es-AR\",\"@id\":\"https:\\\/\\\/sergiolapegue.com\\\/site\\\/2024\\\/05\\\/10\\\/un-japones-de-90-anos-conquisto-el-record-guinness-de-surf\\\/#primaryimage\",\"url\":\"https:\\\/\\\/sergiolapegue.com\\\/site\\\/wp-content\\\/uploads\\\/2024\\\/05\\\/Seiichi-Sano01.webp\",\"contentUrl\":\"https:\\\/\\\/sergiolapegue.com\\\/site\\\/wp-content\\\/uploads\\\/2024\\\/05\\\/Seiichi-Sano01.webp\",\"width\":790,\"height\":444},{\"@type\":\"BreadcrumbList\",\"@id\":\"https:\\\/\\\/sergiolapegue.com\\\/site\\\/2024\\\/05\\\/10\\\/un-japones-de-90-anos-conquisto-el-record-guinness-de-surf\\\/#breadcrumb\",\"itemListElement\":[{\"@type\":\"ListItem\",\"position\":1,\"name\":\"Inicio\",\"item\":\"https:\\\/\\\/sergiolapegue.com\\\/site\\\/\"},{\"@type\":\"ListItem\",\"position\":2,\"name\":\"Un japon\u00e9s de 90 a\u00f1os conquist\u00f3 el R\u00e9cord Guinness de surf\"}]},{\"@type\":\"WebSite\",\"@id\":\"https:\\\/\\\/sergiolapegue.com\\\/site\\\/#website\",\"url\":\"https:\\\/\\\/sergiolapegue.com\\\/site\\\/\",\"name\":\"Sergio Lapegue\",\"description\":\"Periodista\",\"publisher\":{\"@id\":\"https:\\\/\\\/sergiolapegue.com\\\/site\\\/#\\\/schema\\\/person\\\/083aeceeb0734cd166779ea6c0551a37\"},\"potentialAction\":[{\"@type\":\"SearchAction\",\"target\":{\"@type\":\"EntryPoint\",\"urlTemplate\":\"https:\\\/\\\/sergiolapegue.com\\\/site\\\/?s={search_term_string}\"},\"query-input\":{\"@type\":\"PropertyValueSpecification\",\"valueRequired\":true,\"valueName\":\"search_term_string\"}}],\"inLanguage\":\"es-AR\"},{\"@type\":[\"Person\",\"Organization\"],\"@id\":\"https:\\\/\\\/sergiolapegue.com\\\/site\\\/#\\\/schema\\\/person\\\/083aeceeb0734cd166779ea6c0551a37\",\"name\":\"Sergio Lapegue\",\"image\":{\"@type\":\"ImageObject\",\"inLanguage\":\"es-AR\",\"@id\":\"https:\\\/\\\/sergiolapegue.com\\\/site\\\/wp-content\\\/uploads\\\/2021\\\/04\\\/logo_header-1.png\",\"url\":\"https:\\\/\\\/sergiolapegue.com\\\/site\\\/wp-content\\\/uploads\\\/2021\\\/04\\\/logo_header-1.png\",\"contentUrl\":\"https:\\\/\\\/sergiolapegue.com\\\/site\\\/wp-content\\\/uploads\\\/2021\\\/04\\\/logo_header-1.png\",\"width\":272,\"height\":90,\"caption\":\"Sergio Lapegue\"},\"logo\":{\"@id\":\"https:\\\/\\\/sergiolapegue.com\\\/site\\\/wp-content\\\/uploads\\\/2021\\\/04\\\/logo_header-1.png\"},\"sameAs\":[\"https:\\\/\\\/facebook.com\\\/sergiolapegue\",\"https:\\\/\\\/instagram.com\\\/sergiolapegue\",\"https:\\\/\\\/x.com\\\/https:\\\/\\\/twitter.com\\\/sergiolapegue\"]},{\"@type\":\"Person\",\"@id\":\"https:\\\/\\\/sergiolapegue.com\\\/site\\\/#\\\/schema\\\/person\\\/00adf937d010c7f79a180dc4916a40e0\",\"name\":\"Leonardo Monta\u00f1a\",\"image\":{\"@type\":\"ImageObject\",\"inLanguage\":\"es-AR\",\"@id\":\"https:\\\/\\\/sergiolapegue.com\\\/site\\\/wp-content\\\/uploads\\\/2021\\\/04\\\/sl_avatar_Leonardo-150x150.jpg\",\"url\":\"https:\\\/\\\/sergiolapegue.com\\\/site\\\/wp-content\\\/uploads\\\/2021\\\/04\\\/sl_avatar_Leonardo-150x150.jpg\",\"contentUrl\":\"https:\\\/\\\/sergiolapegue.com\\\/site\\\/wp-content\\\/uploads\\\/2021\\\/04\\\/sl_avatar_Leonardo-150x150.jpg\",\"caption\":\"Leonardo Monta\u00f1a\"},\"sameAs\":[\"https:\\\/\\\/x.com\\\/https:\\\/\\\/twitter.com\\\/soytoto81\"],\"url\":\"https:\\\/\\\/sergiolapegue.com\\\/site\\\/author\\\/leonardo\\\/\"}]}<\/script>\n<!-- \/ Yoast SEO plugin. -->","yoast_head_json":{"title":"Un japon\u00e9s de 90 a\u00f1os conquist\u00f3 el R\u00e9cord Guinness de surf - Sergio Lapegue","robots":{"index":"index","follow":"follow","max-snippet":"max-snippet:-1","max-image-preview":"max-image-preview:large","max-video-preview":"max-video-preview:-1"},"canonical":"https:\/\/sergiolapegue.com\/site\/2024\/05\/10\/un-japones-de-90-anos-conquisto-el-record-guinness-de-surf\/","og_locale":"es_ES","og_type":"article","og_title":"Un japon\u00e9s de 90 a\u00f1os conquist\u00f3 el R\u00e9cord Guinness de surf - Sergio Lapegue","og_description":"Seiichi Sano, un japon\u00e9s que desaf\u00eda las expectativas y redefine lo que significa envejecer, ha recibido el r\u00e9cord Guinness como el \u201csurfista m\u00e1s longevo del mundo\u201d. A sus 90 a\u00f1os, este intr\u00e9pido hombre ha demostrado que la edad es solo un n\u00famero al abrazar el surf con una pasi\u00f3n que rivaliza con la de los [&hellip;]","og_url":"https:\/\/sergiolapegue.com\/site\/2024\/05\/10\/un-japones-de-90-anos-conquisto-el-record-guinness-de-surf\/","og_site_name":"Sergio Lapegue","article_publisher":"https:\/\/facebook.com\/sergiolapegue","article_published_time":"2024-05-10T12:07:00+00:00","og_image":[{"width":790,"height":444,"url":"https:\/\/sergiolapegue.com\/site\/wp-content\/uploads\/2024\/05\/Seiichi-Sano01.webp","type":"image\/webp"}],"author":"Leonardo Monta\u00f1a","twitter_card":"summary_large_image","twitter_creator":"@https:\/\/twitter.com\/soytoto81","twitter_site":"@sergiolapegue","twitter_misc":{"Escrito por":"Leonardo Monta\u00f1a","Tiempo de lectura":"2 minutos"},"schema":{"@context":"https:\/\/schema.org","@graph":[{"@type":"Article","@id":"https:\/\/sergiolapegue.com\/site\/2024\/05\/10\/un-japones-de-90-anos-conquisto-el-record-guinness-de-surf\/#article","isPartOf":{"@id":"https:\/\/sergiolapegue.com\/site\/2024\/05\/10\/un-japones-de-90-anos-conquisto-el-record-guinness-de-surf\/"},"author":{"name":"Leonardo Monta\u00f1a","@id":"https:\/\/sergiolapegue.com\/site\/#\/schema\/person\/00adf937d010c7f79a180dc4916a40e0"},"headline":"Un japon\u00e9s de 90 a\u00f1os conquist\u00f3 el R\u00e9cord Guinness de surf","datePublished":"2024-05-10T12:07:00+00:00","mainEntityOfPage":{"@id":"https:\/\/sergiolapegue.com\/site\/2024\/05\/10\/un-japones-de-90-anos-conquisto-el-record-guinness-de-surf\/"},"wordCount":371,"publisher":{"@id":"https:\/\/sergiolapegue.com\/site\/#\/schema\/person\/083aeceeb0734cd166779ea6c0551a37"},"image":{"@id":"https:\/\/sergiolapegue.com\/site\/2024\/05\/10\/un-japones-de-90-anos-conquisto-el-record-guinness-de-surf\/#primaryimage"},"thumbnailUrl":"https:\/\/sergiolapegue.com\/site\/wp-content\/uploads\/2024\/05\/Seiichi-Sano01.webp","keywords":["agua","anciano","guinness","japon","japones","juventud","mar","record","surf","tabla","viejo"],"articleSection":["Actualidad"],"inLanguage":"es-AR"},{"@type":"WebPage","@id":"https:\/\/sergiolapegue.com\/site\/2024\/05\/10\/un-japones-de-90-anos-conquisto-el-record-guinness-de-surf\/","url":"https:\/\/sergiolapegue.com\/site\/2024\/05\/10\/un-japones-de-90-anos-conquisto-el-record-guinness-de-surf\/","name":"Un japon\u00e9s de 90 a\u00f1os conquist\u00f3 el R\u00e9cord Guinness de surf - Sergio Lapegue","isPartOf":{"@id":"https:\/\/sergiolapegue.com\/site\/#website"},"primaryImageOfPage":{"@id":"https:\/\/sergiolapegue.com\/site\/2024\/05\/10\/un-japones-de-90-anos-conquisto-el-record-guinness-de-surf\/#primaryimage"},"image":{"@id":"https:\/\/sergiolapegue.com\/site\/2024\/05\/10\/un-japones-de-90-anos-conquisto-el-record-guinness-de-surf\/#primaryimage"},"thumbnailUrl":"https:\/\/sergiolapegue.com\/site\/wp-content\/uploads\/2024\/05\/Seiichi-Sano01.webp","datePublished":"2024-05-10T12:07:00+00:00","breadcrumb":{"@id":"https:\/\/sergiolapegue.com\/site\/2024\/05\/10\/un-japones-de-90-anos-conquisto-el-record-guinness-de-surf\/#breadcrumb"},"inLanguage":"es-AR","potentialAction":[{"@type":"ReadAction","target":["https:\/\/sergiolapegue.com\/site\/2024\/05\/10\/un-japones-de-90-anos-conquisto-el-record-guinness-de-surf\/"]}]},{"@type":"ImageObject","inLanguage":"es-AR","@id":"https:\/\/sergiolapegue.com\/site\/2024\/05\/10\/un-japones-de-90-anos-conquisto-el-record-guinness-de-surf\/#primaryimage","url":"https:\/\/sergiolapegue.com\/site\/wp-content\/uploads\/2024\/05\/Seiichi-Sano01.webp","contentUrl":"https:\/\/sergiolapegue.com\/site\/wp-content\/uploads\/2024\/05\/Seiichi-Sano01.webp","width":790,"height":444},{"@type":"BreadcrumbList","@id":"https:\/\/sergiolapegue.com\/site\/2024\/05\/10\/un-japones-de-90-anos-conquisto-el-record-guinness-de-surf\/#breadcrumb","itemListElement":[{"@type":"ListItem","position":1,"name":"Inicio","item":"https:\/\/sergiolapegue.com\/site\/"},{"@type":"ListItem","position":2,"name":"Un japon\u00e9s de 90 a\u00f1os conquist\u00f3 el R\u00e9cord Guinness de surf"}]},{"@type":"WebSite","@id":"https:\/\/sergiolapegue.com\/site\/#website","url":"https:\/\/sergiolapegue.com\/site\/","name":"Sergio Lapegue","description":"Periodista","publisher":{"@id":"https:\/\/sergiolapegue.com\/site\/#\/schema\/person\/083aeceeb0734cd166779ea6c0551a37"},"potentialAction":[{"@type":"SearchAction","target":{"@type":"EntryPoint","urlTemplate":"https:\/\/sergiolapegue.com\/site\/?s={search_term_string}"},"query-input":{"@type":"PropertyValueSpecification","valueRequired":true,"valueName":"search_term_string"}}],"inLanguage":"es-AR"},{"@type":["Person","Organization"],"@id":"https:\/\/sergiolapegue.com\/site\/#\/schema\/person\/083aeceeb0734cd166779ea6c0551a37","name":"Sergio Lapegue","image":{"@type":"ImageObject","inLanguage":"es-AR","@id":"https:\/\/sergiolapegue.com\/site\/wp-content\/uploads\/2021\/04\/logo_header-1.png","url":"https:\/\/sergiolapegue.com\/site\/wp-content\/uploads\/2021\/04\/logo_header-1.png","contentUrl":"https:\/\/sergiolapegue.com\/site\/wp-content\/uploads\/2021\/04\/logo_header-1.png","width":272,"height":90,"caption":"Sergio Lapegue"},"logo":{"@id":"https:\/\/sergiolapegue.com\/site\/wp-content\/uploads\/2021\/04\/logo_header-1.png"},"sameAs":["https:\/\/facebook.com\/sergiolapegue","https:\/\/instagram.com\/sergiolapegue","https:\/\/x.com\/https:\/\/twitter.com\/sergiolapegue"]},{"@type":"Person","@id":"https:\/\/sergiolapegue.com\/site\/#\/schema\/person\/00adf937d010c7f79a180dc4916a40e0","name":"Leonardo Monta\u00f1a","image":{"@type":"ImageObject","inLanguage":"es-AR","@id":"https:\/\/sergiolapegue.com\/site\/wp-content\/uploads\/2021\/04\/sl_avatar_Leonardo-150x150.jpg","url":"https:\/\/sergiolapegue.com\/site\/wp-content\/uploads\/2021\/04\/sl_avatar_Leonardo-150x150.jpg","contentUrl":"https:\/\/sergiolapegue.com\/site\/wp-content\/uploads\/2021\/04\/sl_avatar_Leonardo-150x150.jpg","caption":"Leonardo Monta\u00f1a"},"sameAs":["https:\/\/x.com\/https:\/\/twitter.com\/soytoto81"],"url":"https:\/\/sergiolapegue.com\/site\/author\/leonardo\/"}]}},"_links":{"self":[{"href":"https:\/\/sergiolapegue.com\/site\/wp-json\/wp\/v2\/posts\/14803","targetHints":{"allow":["GET"]}}],"collection":[{"href":"https:\/\/sergiolapegue.com\/site\/wp-json\/wp\/v2\/posts"}],"about":[{"href":"https:\/\/sergiolapegue.com\/site\/wp-json\/wp\/v2\/types\/post"}],"author":[{"embeddable":true,"href":"https:\/\/sergiolapegue.com\/site\/wp-json\/wp\/v2\/users\/4"}],"replies":[{"embeddable":true,"href":"https:\/\/sergiolapegue.com\/site\/wp-json\/wp\/v2\/comments?post=14803"}],"version-history":[{"count":1,"href":"https:\/\/sergiolapegue.com\/site\/wp-json\/wp\/v2\/posts\/14803\/revisions"}],"predecessor-version":[{"id":14806,"href":"https:\/\/sergiolapegue.com\/site\/wp-json\/wp\/v2\/posts\/14803\/revisions\/14806"}],"wp:featuredmedia":[{"embeddable":true,"href":"https:\/\/sergiolapegue.com\/site\/wp-json\/wp\/v2\/media\/14805"}],"wp:attachment":[{"href":"https:\/\/sergiolapegue.com\/site\/wp-json\/wp\/v2\/media?parent=14803"}],"wp:term":[{"taxonomy":"category","embeddable":true,"href":"https:\/\/sergiolapegue.com\/site\/wp-json\/wp\/v2\/categories?post=14803"},{"taxonomy":"post_tag","embeddable":true,"href":"https:\/\/sergiolapegue.com\/site\/wp-json\/wp\/v2\/tags?post=14803"}],"curies":[{"name":"wp","href":"https:\/\/api.w.org\/{rel}","templated":true}]}}