{"id":14772,"date":"2024-05-07T17:00:00","date_gmt":"2024-05-07T20:00:00","guid":{"rendered":"https:\/\/sergiolapegue.com\/site\/?p=14772"},"modified":"2024-05-07T01:16:53","modified_gmt":"2024-05-07T04:16:53","slug":"rozalen-lanza-su-sexto-album-de-estudio","status":"publish","type":"post","link":"https:\/\/sergiolapegue.com\/site\/2024\/05\/07\/rozalen-lanza-su-sexto-album-de-estudio\/","title":{"rendered":"ROZAL\u00c9N LANZA SU SEXTO \u00c1LBUM DE ESTUDIO"},"content":{"rendered":"\n<p>Rozal\u00e9n lanza su sexto \u00e1lbum de estudio, &#8216;El Abrazo&#8217;, una obra ecl\u00e9ctica que celebra las emociones universales a trav\u00e9s de trece canciones que son como trece gestos de afecto. El \u00e1lbum,&nbsp;que llega a las tiendas este 26 de abril,&nbsp;abarca una amplia variedad de estilos musicales, desde folclore hasta electr\u00f3nica, urbana y sinf\u00f3nica, mostrando la versatilidad art\u00edstica de Rozal\u00e9n.<\/p>\n\n\n\n<p>Una caracter\u00edstica destacada del \u00e1lbum son las colaboraciones con reconocidos artistas, como Carlos Vives en \u2018Tres D\u00edas en Cartagena\u2019, Kase. O y R de Rumba en \u2018Mis infiernos\u2019 y la participaci\u00f3n de la Euskadiko Orkestra dirigida por el c\u00e9lebre Fernando Vel\u00e1zquez en la preciosa \u2018Todo lo que amaste\u2019.&nbsp;<\/p>\n\n\n\n<figure class=\"wp-block-image size-large\"><img loading=\"lazy\" decoding=\"async\" width=\"1024\" height=\"576\" src=\"https:\/\/sergiolapegue.com\/site\/wp-content\/uploads\/2024\/05\/Rozalen-lanza-su-sexto-album-de-estudio-2-1024x576.jpeg\" alt=\"\" class=\"wp-image-14774\" srcset=\"https:\/\/sergiolapegue.com\/site\/wp-content\/uploads\/2024\/05\/Rozalen-lanza-su-sexto-album-de-estudio-2-1024x576.jpeg 1024w, https:\/\/sergiolapegue.com\/site\/wp-content\/uploads\/2024\/05\/Rozalen-lanza-su-sexto-album-de-estudio-2-300x169.jpeg 300w, https:\/\/sergiolapegue.com\/site\/wp-content\/uploads\/2024\/05\/Rozalen-lanza-su-sexto-album-de-estudio-2-768x432.jpeg 768w, https:\/\/sergiolapegue.com\/site\/wp-content\/uploads\/2024\/05\/Rozalen-lanza-su-sexto-album-de-estudio-2-1536x864.jpeg 1536w, https:\/\/sergiolapegue.com\/site\/wp-content\/uploads\/2024\/05\/Rozalen-lanza-su-sexto-album-de-estudio-2-746x420.jpeg 746w, https:\/\/sergiolapegue.com\/site\/wp-content\/uploads\/2024\/05\/Rozalen-lanza-su-sexto-album-de-estudio-2-696x392.jpeg 696w, https:\/\/sergiolapegue.com\/site\/wp-content\/uploads\/2024\/05\/Rozalen-lanza-su-sexto-album-de-estudio-2-1068x601.jpeg 1068w, https:\/\/sergiolapegue.com\/site\/wp-content\/uploads\/2024\/05\/Rozalen-lanza-su-sexto-album-de-estudio-2.jpeg 1800w\" sizes=\"auto, (max-width: 1024px) 100vw, 1024px\" \/><\/figure>\n\n\n\n<p>As\u00ed como en &#8220;El \u00e1rbol y el bosque&#8221; hab\u00eda muchos gui\u00f1os a M\u00e9xico, en este nuevo disco se percibe una fuerte influencia colombiana, inspirada en sus experiencias al colaborar con una ONG durante sus viajes por el pa\u00eds. Precisamente la canci\u00f3n con Vives representa un abrazo entre culturas.&nbsp;Los abrazos presentes en este sexto \u00e1lbum abarcan diversas emociones y situaciones, y hablan sobre diferentes seres, amores y duelos. \u201cAbrazamos la alegr\u00eda y tambi\u00e9n la nostalgia. Abrazamos al ausente para ser m\u00e1s conscientes del aqu\u00ed y ahora\u201d, apunta una Rozal\u00e9n \u201cfeliz\u201d de compartir esas muestras de afecto \u201cen estos tiempos hostiles\u201d.&nbsp;<\/p>\n\n\n\n<p>Lo que empieza, lo que termina y lo que se transforma\u2026 Todo eso est\u00e1 muy presente en el \u00e1lbum de una Rozal\u00e9n que se aferra a lo simple para afrontar las experiencias vitales. As\u00ed es como va contando diferentes amores: de su expareja a su sobrino, de sus amigos de toda la vida a los v\u00ednculos con la nostalgia y el duelo. Incluido el provocado por la repentina desaparici\u00f3n de su padre, al que rinde homenaje con&nbsp;Todo lo que amaste.&nbsp;<\/p>\n\n\n\n<p>Confiesa la cantante y compositora estar en esa etapa de la vida en la que cambian las prioridades y se regresa a lo esencial. Lo hace a trav\u00e9s de trece formas de decir&nbsp;te quiero, trece canciones como trece golpes de afecto para completar una obra tan sencilla e imprescindible como un abrazo.<\/p>\n\n\n\n<figure class=\"wp-block-image size-large\"><img loading=\"lazy\" decoding=\"async\" width=\"1024\" height=\"771\" src=\"https:\/\/sergiolapegue.com\/site\/wp-content\/uploads\/2024\/05\/Rozalen-lanza-su-sexto-album-de-estudio-1-1024x771.jpg\" alt=\"\" class=\"wp-image-14773\" srcset=\"https:\/\/sergiolapegue.com\/site\/wp-content\/uploads\/2024\/05\/Rozalen-lanza-su-sexto-album-de-estudio-1-1024x771.jpg 1024w, https:\/\/sergiolapegue.com\/site\/wp-content\/uploads\/2024\/05\/Rozalen-lanza-su-sexto-album-de-estudio-1-300x226.jpg 300w, https:\/\/sergiolapegue.com\/site\/wp-content\/uploads\/2024\/05\/Rozalen-lanza-su-sexto-album-de-estudio-1-768x578.jpg 768w, https:\/\/sergiolapegue.com\/site\/wp-content\/uploads\/2024\/05\/Rozalen-lanza-su-sexto-album-de-estudio-1-1536x1156.jpg 1536w, https:\/\/sergiolapegue.com\/site\/wp-content\/uploads\/2024\/05\/Rozalen-lanza-su-sexto-album-de-estudio-1-558x420.jpg 558w, https:\/\/sergiolapegue.com\/site\/wp-content\/uploads\/2024\/05\/Rozalen-lanza-su-sexto-album-de-estudio-1-80x60.jpg 80w, https:\/\/sergiolapegue.com\/site\/wp-content\/uploads\/2024\/05\/Rozalen-lanza-su-sexto-album-de-estudio-1-696x524.jpg 696w, https:\/\/sergiolapegue.com\/site\/wp-content\/uploads\/2024\/05\/Rozalen-lanza-su-sexto-album-de-estudio-1-1068x804.jpg 1068w, https:\/\/sergiolapegue.com\/site\/wp-content\/uploads\/2024\/05\/Rozalen-lanza-su-sexto-album-de-estudio-1.jpg 1600w\" sizes=\"auto, (max-width: 1024px) 100vw, 1024px\" \/><\/figure>\n\n\n\n<p><strong>Tracklist:<\/strong>\u00a0<\/p>\n\n\n\n<p>1.&nbsp;Lo tengo claro<\/p>\n\n\n\n<p>2.&nbsp;S\u00e1came la pena<\/p>\n\n\n\n<p>3.&nbsp;En una noche cualquiera<\/p>\n\n\n\n<p>4.&nbsp;Ll\u00e9vame<\/p>\n\n\n\n<p>5.&nbsp;La cara amable del mundo<\/p>\n\n\n\n<p>6.&nbsp;Tres d\u00edas en Cartagena&nbsp;(con Carlos Vives)<\/p>\n\n\n\n<p>7.&nbsp;Entonces<\/p>\n\n\n\n<p>8.&nbsp;Tuya<\/p>\n\n\n\n<p>9.&nbsp;Ceniza<\/p>\n\n\n\n<p>10.&nbsp;Mis infiernos&nbsp;(con Kase. O y R de Rumba)<\/p>\n\n\n\n<p>11.&nbsp;Te cuidar\u00e9 de lejos<\/p>\n\n\n\n<p>12.&nbsp;Todo sigue igual<\/p>\n\n\n\n<p>13.&nbsp;Todo lo que amaste&nbsp;(feat. Fernando Vel\u00e1zquez)<\/p>\n\n\n\n<p>Gracias Marisol Koren de MK Prensa por enviarnos la gacetilla de prensa del lanzamiento del nuevo \u00e1lbum de Rozal\u00e9n.<\/p>\n\n\n\n<p><\/p>\n","protected":false},"excerpt":{"rendered":"<p>Rozal\u00e9n lanza su sexto \u00e1lbum de estudio, &#8216;El Abrazo&#8217;, una obra ecl\u00e9ctica que celebra las emociones universales a trav\u00e9s de trece canciones que son como trece gestos de afecto. El \u00e1lbum,&nbsp;que llega a las tiendas este 26 de abril,&nbsp;abarca una amplia variedad de estilos musicales, desde folclore hasta electr\u00f3nica, urbana y sinf\u00f3nica, mostrando la versatilidad [&hellip;]<\/p>\n","protected":false},"author":3,"featured_media":14775,"comment_status":"open","ping_status":"closed","sticky":false,"template":"","format":"standard","meta":{"footnotes":""},"categories":[34,56],"tags":[],"class_list":{"0":"post-14772","1":"post","2":"type-post","3":"status-publish","4":"format-standard","5":"has-post-thumbnail","7":"category-arte","8":"category-musica"},"yoast_head":"<!-- This site is optimized with the Yoast SEO plugin v27.4 - https:\/\/yoast.com\/product\/yoast-seo-wordpress\/ -->\n<title>ROZAL\u00c9N LANZA SU SEXTO \u00c1LBUM DE ESTUDIO - Sergio Lapegue<\/title>\n<meta name=\"robots\" content=\"index, follow, max-snippet:-1, max-image-preview:large, max-video-preview:-1\" \/>\n<link rel=\"canonical\" href=\"https:\/\/sergiolapegue.com\/site\/2024\/05\/07\/rozalen-lanza-su-sexto-album-de-estudio\/\" \/>\n<meta property=\"og:locale\" content=\"es_ES\" \/>\n<meta property=\"og:type\" content=\"article\" \/>\n<meta property=\"og:title\" content=\"ROZAL\u00c9N LANZA SU SEXTO \u00c1LBUM DE ESTUDIO - Sergio Lapegue\" \/>\n<meta property=\"og:description\" content=\"Rozal\u00e9n lanza su sexto \u00e1lbum de estudio, &#8216;El Abrazo&#8217;, una obra ecl\u00e9ctica que celebra las emociones universales a trav\u00e9s de trece canciones que son como trece gestos de afecto. El \u00e1lbum,&nbsp;que llega a las tiendas este 26 de abril,&nbsp;abarca una amplia variedad de estilos musicales, desde folclore hasta electr\u00f3nica, urbana y sinf\u00f3nica, mostrando la versatilidad [&hellip;]\" \/>\n<meta property=\"og:url\" content=\"https:\/\/sergiolapegue.com\/site\/2024\/05\/07\/rozalen-lanza-su-sexto-album-de-estudio\/\" \/>\n<meta property=\"og:site_name\" content=\"Sergio Lapegue\" \/>\n<meta property=\"article:publisher\" content=\"https:\/\/facebook.com\/sergiolapegue\" \/>\n<meta property=\"article:author\" content=\"https:\/\/facebook.com\/danielernesto.montana\" \/>\n<meta property=\"article:published_time\" content=\"2024-05-07T20:00:00+00:00\" \/>\n<meta property=\"og:image\" content=\"https:\/\/sergiolapegue.com\/site\/wp-content\/uploads\/2024\/05\/Rozalen-lanza-su-sexto-album-de-estudio.png\" \/>\n\t<meta property=\"og:image:width\" content=\"730\" \/>\n\t<meta property=\"og:image:height\" content=\"731\" \/>\n\t<meta property=\"og:image:type\" content=\"image\/png\" \/>\n<meta name=\"author\" content=\"Daniel E. Monta\u00f1a\" \/>\n<meta name=\"twitter:card\" content=\"summary_large_image\" \/>\n<meta name=\"twitter:creator\" content=\"@https:\/\/twitter.com\/daner_004\" \/>\n<meta name=\"twitter:site\" content=\"@sergiolapegue\" \/>\n<meta name=\"twitter:label1\" content=\"Escrito por\" \/>\n\t<meta name=\"twitter:data1\" content=\"Daniel E. Monta\u00f1a\" \/>\n\t<meta name=\"twitter:label2\" content=\"Tiempo de lectura\" \/>\n\t<meta name=\"twitter:data2\" content=\"3 minutos\" \/>\n<script type=\"application\/ld+json\" class=\"yoast-schema-graph\">{\"@context\":\"https:\\\/\\\/schema.org\",\"@graph\":[{\"@type\":\"Article\",\"@id\":\"https:\\\/\\\/sergiolapegue.com\\\/site\\\/2024\\\/05\\\/07\\\/rozalen-lanza-su-sexto-album-de-estudio\\\/#article\",\"isPartOf\":{\"@id\":\"https:\\\/\\\/sergiolapegue.com\\\/site\\\/2024\\\/05\\\/07\\\/rozalen-lanza-su-sexto-album-de-estudio\\\/\"},\"author\":{\"name\":\"Daniel E. Monta\u00f1a\",\"@id\":\"https:\\\/\\\/sergiolapegue.com\\\/site\\\/#\\\/schema\\\/person\\\/9198e7dbab43c6d74d0fd5399af7c3cd\"},\"headline\":\"ROZAL\u00c9N LANZA SU SEXTO \u00c1LBUM DE ESTUDIO\",\"datePublished\":\"2024-05-07T20:00:00+00:00\",\"mainEntityOfPage\":{\"@id\":\"https:\\\/\\\/sergiolapegue.com\\\/site\\\/2024\\\/05\\\/07\\\/rozalen-lanza-su-sexto-album-de-estudio\\\/\"},\"wordCount\":472,\"commentCount\":0,\"publisher\":{\"@id\":\"https:\\\/\\\/sergiolapegue.com\\\/site\\\/#\\\/schema\\\/person\\\/083aeceeb0734cd166779ea6c0551a37\"},\"image\":{\"@id\":\"https:\\\/\\\/sergiolapegue.com\\\/site\\\/2024\\\/05\\\/07\\\/rozalen-lanza-su-sexto-album-de-estudio\\\/#primaryimage\"},\"thumbnailUrl\":\"https:\\\/\\\/sergiolapegue.com\\\/site\\\/wp-content\\\/uploads\\\/2024\\\/05\\\/Rozalen-lanza-su-sexto-album-de-estudio.png\",\"articleSection\":[\"Arte\",\"M\u00fasica\"],\"inLanguage\":\"es-AR\",\"potentialAction\":[{\"@type\":\"CommentAction\",\"name\":\"Comment\",\"target\":[\"https:\\\/\\\/sergiolapegue.com\\\/site\\\/2024\\\/05\\\/07\\\/rozalen-lanza-su-sexto-album-de-estudio\\\/#respond\"]}]},{\"@type\":\"WebPage\",\"@id\":\"https:\\\/\\\/sergiolapegue.com\\\/site\\\/2024\\\/05\\\/07\\\/rozalen-lanza-su-sexto-album-de-estudio\\\/\",\"url\":\"https:\\\/\\\/sergiolapegue.com\\\/site\\\/2024\\\/05\\\/07\\\/rozalen-lanza-su-sexto-album-de-estudio\\\/\",\"name\":\"ROZAL\u00c9N LANZA SU SEXTO \u00c1LBUM DE ESTUDIO - Sergio Lapegue\",\"isPartOf\":{\"@id\":\"https:\\\/\\\/sergiolapegue.com\\\/site\\\/#website\"},\"primaryImageOfPage\":{\"@id\":\"https:\\\/\\\/sergiolapegue.com\\\/site\\\/2024\\\/05\\\/07\\\/rozalen-lanza-su-sexto-album-de-estudio\\\/#primaryimage\"},\"image\":{\"@id\":\"https:\\\/\\\/sergiolapegue.com\\\/site\\\/2024\\\/05\\\/07\\\/rozalen-lanza-su-sexto-album-de-estudio\\\/#primaryimage\"},\"thumbnailUrl\":\"https:\\\/\\\/sergiolapegue.com\\\/site\\\/wp-content\\\/uploads\\\/2024\\\/05\\\/Rozalen-lanza-su-sexto-album-de-estudio.png\",\"datePublished\":\"2024-05-07T20:00:00+00:00\",\"breadcrumb\":{\"@id\":\"https:\\\/\\\/sergiolapegue.com\\\/site\\\/2024\\\/05\\\/07\\\/rozalen-lanza-su-sexto-album-de-estudio\\\/#breadcrumb\"},\"inLanguage\":\"es-AR\",\"potentialAction\":[{\"@type\":\"ReadAction\",\"target\":[\"https:\\\/\\\/sergiolapegue.com\\\/site\\\/2024\\\/05\\\/07\\\/rozalen-lanza-su-sexto-album-de-estudio\\\/\"]}]},{\"@type\":\"ImageObject\",\"inLanguage\":\"es-AR\",\"@id\":\"https:\\\/\\\/sergiolapegue.com\\\/site\\\/2024\\\/05\\\/07\\\/rozalen-lanza-su-sexto-album-de-estudio\\\/#primaryimage\",\"url\":\"https:\\\/\\\/sergiolapegue.com\\\/site\\\/wp-content\\\/uploads\\\/2024\\\/05\\\/Rozalen-lanza-su-sexto-album-de-estudio.png\",\"contentUrl\":\"https:\\\/\\\/sergiolapegue.com\\\/site\\\/wp-content\\\/uploads\\\/2024\\\/05\\\/Rozalen-lanza-su-sexto-album-de-estudio.png\",\"width\":730,\"height\":731},{\"@type\":\"BreadcrumbList\",\"@id\":\"https:\\\/\\\/sergiolapegue.com\\\/site\\\/2024\\\/05\\\/07\\\/rozalen-lanza-su-sexto-album-de-estudio\\\/#breadcrumb\",\"itemListElement\":[{\"@type\":\"ListItem\",\"position\":1,\"name\":\"Inicio\",\"item\":\"https:\\\/\\\/sergiolapegue.com\\\/site\\\/\"},{\"@type\":\"ListItem\",\"position\":2,\"name\":\"ROZAL\u00c9N LANZA SU SEXTO \u00c1LBUM DE ESTUDIO\"}]},{\"@type\":\"WebSite\",\"@id\":\"https:\\\/\\\/sergiolapegue.com\\\/site\\\/#website\",\"url\":\"https:\\\/\\\/sergiolapegue.com\\\/site\\\/\",\"name\":\"Sergio Lapegue\",\"description\":\"Periodista\",\"publisher\":{\"@id\":\"https:\\\/\\\/sergiolapegue.com\\\/site\\\/#\\\/schema\\\/person\\\/083aeceeb0734cd166779ea6c0551a37\"},\"potentialAction\":[{\"@type\":\"SearchAction\",\"target\":{\"@type\":\"EntryPoint\",\"urlTemplate\":\"https:\\\/\\\/sergiolapegue.com\\\/site\\\/?s={search_term_string}\"},\"query-input\":{\"@type\":\"PropertyValueSpecification\",\"valueRequired\":true,\"valueName\":\"search_term_string\"}}],\"inLanguage\":\"es-AR\"},{\"@type\":[\"Person\",\"Organization\"],\"@id\":\"https:\\\/\\\/sergiolapegue.com\\\/site\\\/#\\\/schema\\\/person\\\/083aeceeb0734cd166779ea6c0551a37\",\"name\":\"Sergio Lapegue\",\"image\":{\"@type\":\"ImageObject\",\"inLanguage\":\"es-AR\",\"@id\":\"https:\\\/\\\/sergiolapegue.com\\\/site\\\/wp-content\\\/uploads\\\/2021\\\/04\\\/logo_header-1.png\",\"url\":\"https:\\\/\\\/sergiolapegue.com\\\/site\\\/wp-content\\\/uploads\\\/2021\\\/04\\\/logo_header-1.png\",\"contentUrl\":\"https:\\\/\\\/sergiolapegue.com\\\/site\\\/wp-content\\\/uploads\\\/2021\\\/04\\\/logo_header-1.png\",\"width\":272,\"height\":90,\"caption\":\"Sergio Lapegue\"},\"logo\":{\"@id\":\"https:\\\/\\\/sergiolapegue.com\\\/site\\\/wp-content\\\/uploads\\\/2021\\\/04\\\/logo_header-1.png\"},\"sameAs\":[\"https:\\\/\\\/facebook.com\\\/sergiolapegue\",\"https:\\\/\\\/instagram.com\\\/sergiolapegue\",\"https:\\\/\\\/x.com\\\/https:\\\/\\\/twitter.com\\\/sergiolapegue\"]},{\"@type\":\"Person\",\"@id\":\"https:\\\/\\\/sergiolapegue.com\\\/site\\\/#\\\/schema\\\/person\\\/9198e7dbab43c6d74d0fd5399af7c3cd\",\"name\":\"Daniel E. Monta\u00f1a\",\"image\":{\"@type\":\"ImageObject\",\"inLanguage\":\"es-AR\",\"@id\":\"https:\\\/\\\/sergiolapegue.com\\\/site\\\/wp-content\\\/uploads\\\/2021\\\/04\\\/sl_avatar_Daniel-150x150.jpg\",\"url\":\"https:\\\/\\\/sergiolapegue.com\\\/site\\\/wp-content\\\/uploads\\\/2021\\\/04\\\/sl_avatar_Daniel-150x150.jpg\",\"contentUrl\":\"https:\\\/\\\/sergiolapegue.com\\\/site\\\/wp-content\\\/uploads\\\/2021\\\/04\\\/sl_avatar_Daniel-150x150.jpg\",\"caption\":\"Daniel E. Monta\u00f1a\"},\"sameAs\":[\"https:\\\/\\\/facebook.com\\\/danielernesto.montana\",\"https:\\\/\\\/instagram.com\\\/daniel_montana1961\",\"https:\\\/\\\/x.com\\\/https:\\\/\\\/twitter.com\\\/daner_004\"],\"url\":\"https:\\\/\\\/sergiolapegue.com\\\/site\\\/author\\\/daniel\\\/\"}]}<\/script>\n<!-- \/ Yoast SEO plugin. -->","yoast_head_json":{"title":"ROZAL\u00c9N LANZA SU SEXTO \u00c1LBUM DE ESTUDIO - Sergio Lapegue","robots":{"index":"index","follow":"follow","max-snippet":"max-snippet:-1","max-image-preview":"max-image-preview:large","max-video-preview":"max-video-preview:-1"},"canonical":"https:\/\/sergiolapegue.com\/site\/2024\/05\/07\/rozalen-lanza-su-sexto-album-de-estudio\/","og_locale":"es_ES","og_type":"article","og_title":"ROZAL\u00c9N LANZA SU SEXTO \u00c1LBUM DE ESTUDIO - Sergio Lapegue","og_description":"Rozal\u00e9n lanza su sexto \u00e1lbum de estudio, &#8216;El Abrazo&#8217;, una obra ecl\u00e9ctica que celebra las emociones universales a trav\u00e9s de trece canciones que son como trece gestos de afecto. El \u00e1lbum,&nbsp;que llega a las tiendas este 26 de abril,&nbsp;abarca una amplia variedad de estilos musicales, desde folclore hasta electr\u00f3nica, urbana y sinf\u00f3nica, mostrando la versatilidad [&hellip;]","og_url":"https:\/\/sergiolapegue.com\/site\/2024\/05\/07\/rozalen-lanza-su-sexto-album-de-estudio\/","og_site_name":"Sergio Lapegue","article_publisher":"https:\/\/facebook.com\/sergiolapegue","article_author":"https:\/\/facebook.com\/danielernesto.montana","article_published_time":"2024-05-07T20:00:00+00:00","og_image":[{"width":730,"height":731,"url":"https:\/\/sergiolapegue.com\/site\/wp-content\/uploads\/2024\/05\/Rozalen-lanza-su-sexto-album-de-estudio.png","type":"image\/png"}],"author":"Daniel E. Monta\u00f1a","twitter_card":"summary_large_image","twitter_creator":"@https:\/\/twitter.com\/daner_004","twitter_site":"@sergiolapegue","twitter_misc":{"Escrito por":"Daniel E. Monta\u00f1a","Tiempo de lectura":"3 minutos"},"schema":{"@context":"https:\/\/schema.org","@graph":[{"@type":"Article","@id":"https:\/\/sergiolapegue.com\/site\/2024\/05\/07\/rozalen-lanza-su-sexto-album-de-estudio\/#article","isPartOf":{"@id":"https:\/\/sergiolapegue.com\/site\/2024\/05\/07\/rozalen-lanza-su-sexto-album-de-estudio\/"},"author":{"name":"Daniel E. Monta\u00f1a","@id":"https:\/\/sergiolapegue.com\/site\/#\/schema\/person\/9198e7dbab43c6d74d0fd5399af7c3cd"},"headline":"ROZAL\u00c9N LANZA SU SEXTO \u00c1LBUM DE ESTUDIO","datePublished":"2024-05-07T20:00:00+00:00","mainEntityOfPage":{"@id":"https:\/\/sergiolapegue.com\/site\/2024\/05\/07\/rozalen-lanza-su-sexto-album-de-estudio\/"},"wordCount":472,"commentCount":0,"publisher":{"@id":"https:\/\/sergiolapegue.com\/site\/#\/schema\/person\/083aeceeb0734cd166779ea6c0551a37"},"image":{"@id":"https:\/\/sergiolapegue.com\/site\/2024\/05\/07\/rozalen-lanza-su-sexto-album-de-estudio\/#primaryimage"},"thumbnailUrl":"https:\/\/sergiolapegue.com\/site\/wp-content\/uploads\/2024\/05\/Rozalen-lanza-su-sexto-album-de-estudio.png","articleSection":["Arte","M\u00fasica"],"inLanguage":"es-AR","potentialAction":[{"@type":"CommentAction","name":"Comment","target":["https:\/\/sergiolapegue.com\/site\/2024\/05\/07\/rozalen-lanza-su-sexto-album-de-estudio\/#respond"]}]},{"@type":"WebPage","@id":"https:\/\/sergiolapegue.com\/site\/2024\/05\/07\/rozalen-lanza-su-sexto-album-de-estudio\/","url":"https:\/\/sergiolapegue.com\/site\/2024\/05\/07\/rozalen-lanza-su-sexto-album-de-estudio\/","name":"ROZAL\u00c9N LANZA SU SEXTO \u00c1LBUM DE ESTUDIO - Sergio Lapegue","isPartOf":{"@id":"https:\/\/sergiolapegue.com\/site\/#website"},"primaryImageOfPage":{"@id":"https:\/\/sergiolapegue.com\/site\/2024\/05\/07\/rozalen-lanza-su-sexto-album-de-estudio\/#primaryimage"},"image":{"@id":"https:\/\/sergiolapegue.com\/site\/2024\/05\/07\/rozalen-lanza-su-sexto-album-de-estudio\/#primaryimage"},"thumbnailUrl":"https:\/\/sergiolapegue.com\/site\/wp-content\/uploads\/2024\/05\/Rozalen-lanza-su-sexto-album-de-estudio.png","datePublished":"2024-05-07T20:00:00+00:00","breadcrumb":{"@id":"https:\/\/sergiolapegue.com\/site\/2024\/05\/07\/rozalen-lanza-su-sexto-album-de-estudio\/#breadcrumb"},"inLanguage":"es-AR","potentialAction":[{"@type":"ReadAction","target":["https:\/\/sergiolapegue.com\/site\/2024\/05\/07\/rozalen-lanza-su-sexto-album-de-estudio\/"]}]},{"@type":"ImageObject","inLanguage":"es-AR","@id":"https:\/\/sergiolapegue.com\/site\/2024\/05\/07\/rozalen-lanza-su-sexto-album-de-estudio\/#primaryimage","url":"https:\/\/sergiolapegue.com\/site\/wp-content\/uploads\/2024\/05\/Rozalen-lanza-su-sexto-album-de-estudio.png","contentUrl":"https:\/\/sergiolapegue.com\/site\/wp-content\/uploads\/2024\/05\/Rozalen-lanza-su-sexto-album-de-estudio.png","width":730,"height":731},{"@type":"BreadcrumbList","@id":"https:\/\/sergiolapegue.com\/site\/2024\/05\/07\/rozalen-lanza-su-sexto-album-de-estudio\/#breadcrumb","itemListElement":[{"@type":"ListItem","position":1,"name":"Inicio","item":"https:\/\/sergiolapegue.com\/site\/"},{"@type":"ListItem","position":2,"name":"ROZAL\u00c9N LANZA SU SEXTO \u00c1LBUM DE ESTUDIO"}]},{"@type":"WebSite","@id":"https:\/\/sergiolapegue.com\/site\/#website","url":"https:\/\/sergiolapegue.com\/site\/","name":"Sergio Lapegue","description":"Periodista","publisher":{"@id":"https:\/\/sergiolapegue.com\/site\/#\/schema\/person\/083aeceeb0734cd166779ea6c0551a37"},"potentialAction":[{"@type":"SearchAction","target":{"@type":"EntryPoint","urlTemplate":"https:\/\/sergiolapegue.com\/site\/?s={search_term_string}"},"query-input":{"@type":"PropertyValueSpecification","valueRequired":true,"valueName":"search_term_string"}}],"inLanguage":"es-AR"},{"@type":["Person","Organization"],"@id":"https:\/\/sergiolapegue.com\/site\/#\/schema\/person\/083aeceeb0734cd166779ea6c0551a37","name":"Sergio Lapegue","image":{"@type":"ImageObject","inLanguage":"es-AR","@id":"https:\/\/sergiolapegue.com\/site\/wp-content\/uploads\/2021\/04\/logo_header-1.png","url":"https:\/\/sergiolapegue.com\/site\/wp-content\/uploads\/2021\/04\/logo_header-1.png","contentUrl":"https:\/\/sergiolapegue.com\/site\/wp-content\/uploads\/2021\/04\/logo_header-1.png","width":272,"height":90,"caption":"Sergio Lapegue"},"logo":{"@id":"https:\/\/sergiolapegue.com\/site\/wp-content\/uploads\/2021\/04\/logo_header-1.png"},"sameAs":["https:\/\/facebook.com\/sergiolapegue","https:\/\/instagram.com\/sergiolapegue","https:\/\/x.com\/https:\/\/twitter.com\/sergiolapegue"]},{"@type":"Person","@id":"https:\/\/sergiolapegue.com\/site\/#\/schema\/person\/9198e7dbab43c6d74d0fd5399af7c3cd","name":"Daniel E. Monta\u00f1a","image":{"@type":"ImageObject","inLanguage":"es-AR","@id":"https:\/\/sergiolapegue.com\/site\/wp-content\/uploads\/2021\/04\/sl_avatar_Daniel-150x150.jpg","url":"https:\/\/sergiolapegue.com\/site\/wp-content\/uploads\/2021\/04\/sl_avatar_Daniel-150x150.jpg","contentUrl":"https:\/\/sergiolapegue.com\/site\/wp-content\/uploads\/2021\/04\/sl_avatar_Daniel-150x150.jpg","caption":"Daniel E. Monta\u00f1a"},"sameAs":["https:\/\/facebook.com\/danielernesto.montana","https:\/\/instagram.com\/daniel_montana1961","https:\/\/x.com\/https:\/\/twitter.com\/daner_004"],"url":"https:\/\/sergiolapegue.com\/site\/author\/daniel\/"}]}},"_links":{"self":[{"href":"https:\/\/sergiolapegue.com\/site\/wp-json\/wp\/v2\/posts\/14772","targetHints":{"allow":["GET"]}}],"collection":[{"href":"https:\/\/sergiolapegue.com\/site\/wp-json\/wp\/v2\/posts"}],"about":[{"href":"https:\/\/sergiolapegue.com\/site\/wp-json\/wp\/v2\/types\/post"}],"author":[{"embeddable":true,"href":"https:\/\/sergiolapegue.com\/site\/wp-json\/wp\/v2\/users\/3"}],"replies":[{"embeddable":true,"href":"https:\/\/sergiolapegue.com\/site\/wp-json\/wp\/v2\/comments?post=14772"}],"version-history":[{"count":1,"href":"https:\/\/sergiolapegue.com\/site\/wp-json\/wp\/v2\/posts\/14772\/revisions"}],"predecessor-version":[{"id":14776,"href":"https:\/\/sergiolapegue.com\/site\/wp-json\/wp\/v2\/posts\/14772\/revisions\/14776"}],"wp:featuredmedia":[{"embeddable":true,"href":"https:\/\/sergiolapegue.com\/site\/wp-json\/wp\/v2\/media\/14775"}],"wp:attachment":[{"href":"https:\/\/sergiolapegue.com\/site\/wp-json\/wp\/v2\/media?parent=14772"}],"wp:term":[{"taxonomy":"category","embeddable":true,"href":"https:\/\/sergiolapegue.com\/site\/wp-json\/wp\/v2\/categories?post=14772"},{"taxonomy":"post_tag","embeddable":true,"href":"https:\/\/sergiolapegue.com\/site\/wp-json\/wp\/v2\/tags?post=14772"}],"curies":[{"name":"wp","href":"https:\/\/api.w.org\/{rel}","templated":true}]}}