{"id":14501,"date":"2024-04-26T18:00:00","date_gmt":"2024-04-26T21:00:00","guid":{"rendered":"https:\/\/sergiolapegue.com\/site\/?p=14501"},"modified":"2024-04-26T00:42:16","modified_gmt":"2024-04-26T03:42:16","slug":"nena-gorda","status":"publish","type":"post","link":"https:\/\/sergiolapegue.com\/site\/2024\/04\/26\/nena-gorda\/","title":{"rendered":"NENA GORDA"},"content":{"rendered":"\n<p>A partir del 20 de Abril, en el Teatro El Crisol, se esta presentando la obra \u201cNena gorda\u201d, con dramaturgia de B\u00e1rbara Bonfil y Laura Fern\u00e1ndez, la direcci\u00f3n de Andrea Varchavsky, la actuaci\u00f3n de B\u00e1rbara Bonfil y la voz en off de Luisa De Barrigue De Fontainieu.<\/p>\n\n\n\n<p>La misma se presenta los s\u00e1bados a las 20:00 horas.<\/p>\n\n\n\n<figure class=\"wp-block-image size-large\"><img loading=\"lazy\" decoding=\"async\" width=\"1024\" height=\"576\" src=\"https:\/\/sergiolapegue.com\/site\/wp-content\/uploads\/2024\/04\/Nena-Gorda-1-1024x576.jpg\" alt=\"\" class=\"wp-image-14502\" srcset=\"https:\/\/sergiolapegue.com\/site\/wp-content\/uploads\/2024\/04\/Nena-Gorda-1-1024x576.jpg 1024w, https:\/\/sergiolapegue.com\/site\/wp-content\/uploads\/2024\/04\/Nena-Gorda-1-300x169.jpg 300w, https:\/\/sergiolapegue.com\/site\/wp-content\/uploads\/2024\/04\/Nena-Gorda-1-768x432.jpg 768w, https:\/\/sergiolapegue.com\/site\/wp-content\/uploads\/2024\/04\/Nena-Gorda-1-747x420.jpg 747w, https:\/\/sergiolapegue.com\/site\/wp-content\/uploads\/2024\/04\/Nena-Gorda-1-696x392.jpg 696w, https:\/\/sergiolapegue.com\/site\/wp-content\/uploads\/2024\/04\/Nena-Gorda-1-1068x601.jpg 1068w, https:\/\/sergiolapegue.com\/site\/wp-content\/uploads\/2024\/04\/Nena-Gorda-1.jpg 1280w\" sizes=\"auto, (max-width: 1024px) 100vw, 1024px\" \/><\/figure>\n\n\n\n<p><strong>SINOPSIS<\/strong><\/p>\n\n\n\n<p>\u201cNena gorda\u201d es un biodrama que surge de la convicci\u00f3n de que una herida personal es un interesante y genuino punto de partida para la creaci\u00f3n. En \u00e9ste caso, el foco est\u00e1 anclado en lo m\u00e1s \u00edntimo y a la vez universal: el cuerpo propio y la mirada de los otros sobre \u00e9l.<\/p>\n\n\n\n<p>Regresar, a trav\u00e9s de sus objetos, al cuarto de la infancia; aquel sitio que alberga a\u00fan el recuerdo, las memorias, los deseos de otros proyectados sobre nosotros.<br>Una foto. Una peque\u00f1a bailarina cl\u00e1sica llamativamente gorda es el disparador para preguntarnos: \u00bfQu\u00e9 se pretende del cuerpo de una ni\u00f1a que quiere bailar? \u00bfUna ni\u00f1a gorda que quiere ser bailarina cl\u00e1sica debe dejar de lado su deseo y dedicarse a otra cosa? \u00bfQu\u00e9 tiene que cambiar para que el cuerpo de una ni\u00f1a sea suficiente? \u00bfSe puede reparar el no haber tenido el cuerpo que se necesitaba para lo que desea?<\/p>\n\n\n\n<p>De adultos \u00bfPodemos elegir acaso qui\u00e9nes queremos ser o estamos limitados por frustraciones del pasado?<\/p>\n\n\n\n<figure class=\"wp-block-image size-large\"><img loading=\"lazy\" decoding=\"async\" width=\"1024\" height=\"1024\" src=\"https:\/\/sergiolapegue.com\/site\/wp-content\/uploads\/2024\/04\/Nena-Gorda-4-1024x1024.jpeg\" alt=\"\" class=\"wp-image-14503\" srcset=\"https:\/\/sergiolapegue.com\/site\/wp-content\/uploads\/2024\/04\/Nena-Gorda-4-1024x1024.jpeg 1024w, https:\/\/sergiolapegue.com\/site\/wp-content\/uploads\/2024\/04\/Nena-Gorda-4-300x300.jpeg 300w, https:\/\/sergiolapegue.com\/site\/wp-content\/uploads\/2024\/04\/Nena-Gorda-4-150x150.jpeg 150w, https:\/\/sergiolapegue.com\/site\/wp-content\/uploads\/2024\/04\/Nena-Gorda-4-768x768.jpeg 768w, https:\/\/sergiolapegue.com\/site\/wp-content\/uploads\/2024\/04\/Nena-Gorda-4-420x420.jpeg 420w, https:\/\/sergiolapegue.com\/site\/wp-content\/uploads\/2024\/04\/Nena-Gorda-4-696x696.jpeg 696w, https:\/\/sergiolapegue.com\/site\/wp-content\/uploads\/2024\/04\/Nena-Gorda-4-1068x1068.jpeg 1068w, https:\/\/sergiolapegue.com\/site\/wp-content\/uploads\/2024\/04\/Nena-Gorda-4.jpeg 1081w\" sizes=\"auto, (max-width: 1024px) 100vw, 1024px\" \/><\/figure>\n\n\n\n<p><strong>PROCESO DE CREACI\u00d3N<\/strong><\/p>\n\n\n\n<p>\u201cNena gorda\u201d surge de la convicci\u00f3n de que una herida personal es un interesante y genuino punto de partida para la creaci\u00f3n. Entendemos que aquellos sucesos, en principio particulares, que marcan la vida de una persona, pueden transformarse en material po\u00e9tico .Estos acontecimientos dejan de presentarse como algo individual para convertirse en materia sensible con la cual interpelar a otros emp\u00e1ticamente y, por qu\u00e9 no tambi\u00e9n, cuestionarnos la forma en que percibimos y nos relacionamos con ellos. Es en este sentido que se desarrolla la acci\u00f3n, apoyada por los objetos documentales que cobran especial valor como evidencias materiales del devenir de una vida<\/p>\n\n\n\n<figure class=\"wp-block-image size-large is-resized\"><img loading=\"lazy\" decoding=\"async\" width=\"578\" height=\"1024\" src=\"https:\/\/sergiolapegue.com\/site\/wp-content\/uploads\/2024\/04\/Nena-Gorda-2-578x1024.jpg\" alt=\"\" class=\"wp-image-14504\" style=\"width:696px;height:auto\" srcset=\"https:\/\/sergiolapegue.com\/site\/wp-content\/uploads\/2024\/04\/Nena-Gorda-2-578x1024.jpg 578w, https:\/\/sergiolapegue.com\/site\/wp-content\/uploads\/2024\/04\/Nena-Gorda-2-169x300.jpg 169w, https:\/\/sergiolapegue.com\/site\/wp-content\/uploads\/2024\/04\/Nena-Gorda-2-768x1360.jpg 768w, https:\/\/sergiolapegue.com\/site\/wp-content\/uploads\/2024\/04\/Nena-Gorda-2-867x1536.jpg 867w, https:\/\/sergiolapegue.com\/site\/wp-content\/uploads\/2024\/04\/Nena-Gorda-2-1157x2048.jpg 1157w, https:\/\/sergiolapegue.com\/site\/wp-content\/uploads\/2024\/04\/Nena-Gorda-2-237x420.jpg 237w, https:\/\/sergiolapegue.com\/site\/wp-content\/uploads\/2024\/04\/Nena-Gorda-2-696x1233.jpg 696w, https:\/\/sergiolapegue.com\/site\/wp-content\/uploads\/2024\/04\/Nena-Gorda-2-1068x1891.jpg 1068w, https:\/\/sergiolapegue.com\/site\/wp-content\/uploads\/2024\/04\/Nena-Gorda-2-1920x3400.jpg 1920w, https:\/\/sergiolapegue.com\/site\/wp-content\/uploads\/2024\/04\/Nena-Gorda-2-scaled.jpg 1446w\" sizes=\"auto, (max-width: 578px) 100vw, 578px\" \/><\/figure>\n\n\n\n<p><strong>FICHA T\u00c9CNICO ART\u00cdSTICA<\/strong><\/p>\n\n\n\n<p><strong>Dramaturgia:<\/strong> B\u00e1rbara Bonfil \u2013 Laura Fern\u00e1ndez<\/p>\n\n\n\n<p><strong>Act\u00faan:<\/strong> B\u00e1rbara Bonfil<\/p>\n\n\n\n<p><strong>Voz en Off:<\/strong> Luisa De Barrigue De Fontainieu<\/p>\n\n\n\n<p><strong>Escenograf\u00eda:<\/strong> Laura Cardoso<\/p>\n\n\n\n<p><strong>Vestuario:<\/strong> Laura Cardoso&nbsp;<\/p>\n\n\n\n<p><strong>Iluminaci\u00f3n:<\/strong> Mat\u00edas Noval<\/p>\n\n\n\n<p><strong>Dise\u00f1o sonoro:<\/strong> Mariano Kosiner Blanco<\/p>\n\n\n\n<p><strong>Audiovisuales:<\/strong> Amine Mohamed Boukhelfa&nbsp;<\/p>\n\n\n\n<p><strong>Dise\u00f1o gr\u00e1fico:<\/strong> Carolina Ames<\/p>\n\n\n\n<p><strong>Asistencia de direcci\u00f3n:<\/strong> Carolina Ni\u00f1o De Guzm\u00e1n<\/p>\n\n\n\n<p><strong>Direcci\u00f3n:<\/strong> Andrea Varchavsky<\/p>\n\n\n\n<p><strong>Instagram:<\/strong> @nenagordaobra<\/p>\n\n\n\n<p><strong>Duraci\u00f3n:<\/strong> 60 minutos<\/p>\n\n\n\n<p><strong>Clasificaci\u00f3n:<\/strong> Teatro \u2013 Presencial \u2013 Adultos<\/p>\n\n\n\n<figure class=\"wp-block-image size-large\"><img loading=\"lazy\" decoding=\"async\" width=\"1024\" height=\"1024\" src=\"https:\/\/sergiolapegue.com\/site\/wp-content\/uploads\/2024\/04\/Nena-Gorda-3-1024x1024.jpeg\" alt=\"\" class=\"wp-image-14505\" srcset=\"https:\/\/sergiolapegue.com\/site\/wp-content\/uploads\/2024\/04\/Nena-Gorda-3-1024x1024.jpeg 1024w, https:\/\/sergiolapegue.com\/site\/wp-content\/uploads\/2024\/04\/Nena-Gorda-3-300x300.jpeg 300w, https:\/\/sergiolapegue.com\/site\/wp-content\/uploads\/2024\/04\/Nena-Gorda-3-150x150.jpeg 150w, https:\/\/sergiolapegue.com\/site\/wp-content\/uploads\/2024\/04\/Nena-Gorda-3-768x768.jpeg 768w, https:\/\/sergiolapegue.com\/site\/wp-content\/uploads\/2024\/04\/Nena-Gorda-3-420x420.jpeg 420w, https:\/\/sergiolapegue.com\/site\/wp-content\/uploads\/2024\/04\/Nena-Gorda-3-696x696.jpeg 696w, https:\/\/sergiolapegue.com\/site\/wp-content\/uploads\/2024\/04\/Nena-Gorda-3-1068x1068.jpeg 1068w, https:\/\/sergiolapegue.com\/site\/wp-content\/uploads\/2024\/04\/Nena-Gorda-3.jpeg 1081w\" sizes=\"auto, (max-width: 1024px) 100vw, 1024px\" \/><\/figure>\n\n\n\n<p><strong>TEATRO EL CRISOL<\/strong><\/p>\n\n\n\n<p>Malabia 611 \u2013 Capital Federal \u2013 Buenos Aires \u2013 Argentina<\/p>\n\n\n\n<p>Tel\u00e9fono: 4854-3003 \u2013 Web: <a href=\"http:\/\/www.teatroelcrisol.com.ar\">http:\/\/www.teatroelcrisol.com.ar<\/a><\/p>\n\n\n\n<p>Entradas: $ 6.000 \u2013 en boleter\u00eda del teatro o por Alternativa Teatral<\/p>\n\n\n\n<p>Link:&nbsp;<a href=\"https:\/\/publico.alternativateatral.com\/entradas89167-nena-gorda\" target=\"_blank\" rel=\"noreferrer noopener\">https:\/\/publico.alternativateatral.com\/entradas89167-nena-gorda<\/a><\/p>\n\n\n\n<p>Funciones: S\u00e1bados 20:00 horas \u2013 Desde el 20\/04\/2024<\/p>\n\n\n\n<p>Gracias Carla Segalini de Correydileprensa por hacernos llegar la gacetilla de prensa de este espect\u00e1culo.<\/p>\n\n\n\n<p><strong>SOBRE ANDREA VARCHAVSKY \u2013 Directora<\/strong><\/p>\n\n\n\n<p>Actriz y docente egresada de la Licenciatura en Actuaci\u00f3n del IUNA. Se form\u00f3 con Sergio Boris, Antonio Bax, Jos\u00e9 C\u00e1ceres, Eleonora M\u00f3naco, Pablo Caramelo, Paco Redondo, Alejandro Catal\u00e1n, Eugenio Cacacce, Nora Moseinco. Ha cursado diversos seminarios de entrenamiento corporal y canto. En teatro trabaj\u00f3 en Colectivo, Ba\u00f1arse, Ocho Cuartos, y Los quietos, de Laura Fern\u00e1ndez. \u00c1gape, ciclo de teatro offshore; Autopsia a un copo de Nieve, direcci\u00f3n de Bernarda Tapia; La Baba, unipersonal, con direcci\u00f3n de Ana Laura Su\u00e1rez Casino, Espacio ecl\u00e9ctico; Dos mil horas de Ana Alvarado; El gordo consigue a la chica, Festival Horovitz, dirigida por Agustina Viegas Palermo; L\u00ednea espiral, dirigida por Paco Redondo, en el Teatro Payr\u00f3; La carne, creaci\u00f3n colectiva; Yerma, con direcci\u00f3n de Diego Cazabat en la Sala Alberdi del CCGSM, entre otras. En Cine particip\u00f3 en Argentina 1985, de Santiago Mitre; en TV ha participado en Campanas en la noche, Entre can\u00edbales, y Amar despu\u00e9s de amar (Telefe); y en distintos cortometrajes. Integra el grupo Mondiolas emitido en YouTube y UN3TV; Ha dictado diversos talleres para ni\u00f1os y adolescentes, y se desempe\u00f1a como docente de la materia Actuaci\u00f3n de la Lic. en Actuaci\u00f3n, UNA.-<\/p>\n\n\n\n<p><strong>SOBRE BARBARA BONFIL \u2013 Actriz y Dramaturga<\/strong><\/p>\n\n\n\n<p>Actriz, egresada de la Licenciatura en actuaci\u00f3n de la UNA. Se form\u00f3 con Roberto Saiz, Jos\u00e9 Caseres, Eugenio Soto, Sergio Sabater, Omar Fantini, Diego Cazabat, Paco Redondo, Pablo Mariuzzi, Lorena Szekely, Daniel Casablanca. Seminarios de Biodrama con Vivi Tellas. Dramaturgia con Rafael Spregelburd, Mauricio Kartun y Laura Fern\u00e1ndez. Construcci\u00f3n y manipulaci\u00f3n de t\u00edteres con Silvina Reinaudi. Danza flamenca con la Bailaora Yanina Mart\u00ednez , Bel\u00e9n P\u00e9rez Altamira y varios seminarios con bailaores nacionales y espa\u00f1oles. Form\u00f3 parte del Ballet flamenco del Centro Andaluz de Santo Lugares, dirigido por Yanina Mart\u00ednez, con el cual particip\u00f3 en numerosas actuaciones.&nbsp;Como actriz particip\u00f3 en \u201c Yo y sino nadie \u201c de Omar Fantini ; &#8220;L\u00ednea espiral&#8221; de Paco Redondo ;&#8221; La memoria de Shakespeare&#8221; de Sergio Sabater; &#8220;Yerma&#8221; de Diego Cazabat.&nbsp;Como codirectora en el espect\u00e1culo flamenco-teatral &#8220;BOCETOS&#8221;. Como asistente de producci\u00f3n y luces en el espect\u00e1culo flamenco &#8220;VIVENCIAS\u201d, de Yamil Rabaj y Yanina Mart\u00ednez. Como asistente de direcci\u00f3n particip\u00f3 en la obra teatral &#8220;BA\u00d1ARSE&#8221; de Laura Fern\u00e1ndez. Se desempe\u00f1\u00f3 como docente de teatro en escuelas primarias de la provincia de Bs As, en el Hospital Interzonal de Agudos Eva Per\u00f3n, en la Sala Alberdi del C.C Gral. San Mart\u00edn y en Teatro 25 de Mayo.<\/p>\n\n\n\n<p><strong>SOBRE LAURA FERN\u00c1NDEZ \u2013 Dramaturga<\/strong><\/p>\n\n\n\n<p>Dramaturga y directora. Licenciada en Direcci\u00f3n Esc\u00e9nica de la UNA. Ejerce como profesora titular de Direcci\u00f3n Teatral III y Jefa de Trabajos Pr\u00e1cticos de Direcci\u00f3n Teatral I. Particip\u00f3 del I Seminario de j\u00f3venes dramaturgas en Hangzhou, China y de la Residencia de dramaturgas emergentes del Royal Court Theatre, Reino Unido.&nbsp;<\/p>\n\n\n\n<p>Dirigi\u00f3: El David Marr\u00f3n y Blizzard, de David \u00c1ngel Gudi\u00f1o. Por la primera fue ternada como mejor directora en los Premios Trinidad Guevara. Escribi\u00f3 y dirigi\u00f3 Pac\u00edfico y Ba\u00f1arse .Escribi\u00f3 Colectivo, menci\u00f3n en el concurso Potencia y pol\u00edtica, organizado por la comisi\u00f3n del Cultura de la C\u00e1mara de Diputados. Por El ni\u00f1o con los pies pintados es ternada a los Premios Mar\u00eda Guerrero en la categor\u00eda mejor autor\u00eda. Escribi\u00f3 Gegengipfel .Escribi\u00f3 y dirigi\u00f3 En la mejilla que \u00e9l llama m\u00eda. Es autora y codirectora de la obra Cien pedacitos de mi arenero ,obra ganadora del premio Mejor espect\u00e1culo, premio do Juri Popular en el Festival Internacional de Teatro Universitario en Blumenau, Brasil; obra integrante del ciclo organizado por el Club de traductores b\u00falgaros en el Teatro de la Juventud, Sof\u00eda, con traducci\u00f3n de Neva M\u00edcheva, editada por Entrop\u00eda. Desde 2008, dirige y escribe junto al grupo Piel de Lava. Estrenan tres obras: Tren , Museo y Petr\u00f3leo por la cual gana el Premio ACE a mejor autor\u00eda nacional. Las obras son editadas por Entrop\u00eda en 2015. En 2016, en el marco de los proyectos espectaculares de graduaci\u00f3n de la Licenciatura en Actuaci\u00f3n de la UNA, estrena 8 cuartos, en la sede Venezuela. En 2014 forma parte de la I Compa\u00f1\u00eda de Graduados de la UNA: estrena Los quietos \u20132014\/15, sede Venezuela; Teatro Nacional Cervantes; Espacio Le Parc, Mendoza. Sus obras Dimanche \u2013 con coordinaci\u00f3n de Luis Cano \u2013 y Eso esf\u00e9rico sobre el coso nuevo \u2013tercer premio en el Concurso Nacional Nueva Dramaturgia Argentina\u2013 son publicadas en 2007 y 2004, respectivamente, por la Editorial INTeatro. Entre 2006 y 2010 es asistente de direcci\u00f3n de Rafael Spregelburd en las obras Bloqueo, Acassuso y L\u00facido.<\/p>\n\n\n\n<p><\/p>\n","protected":false},"excerpt":{"rendered":"<p>A partir del 20 de Abril, en el Teatro El Crisol, se esta presentando la obra \u201cNena gorda\u201d, con dramaturgia de B\u00e1rbara Bonfil y Laura Fern\u00e1ndez, la direcci\u00f3n de Andrea Varchavsky, la actuaci\u00f3n de B\u00e1rbara Bonfil y la voz en off de Luisa De Barrigue De Fontainieu. La misma se presenta los s\u00e1bados a las [&hellip;]<\/p>\n","protected":false},"author":3,"featured_media":14506,"comment_status":"open","ping_status":"closed","sticky":false,"template":"","format":"standard","meta":{"footnotes":""},"categories":[34,35],"tags":[],"class_list":{"0":"post-14501","1":"post","2":"type-post","3":"status-publish","4":"format-standard","5":"has-post-thumbnail","7":"category-arte","8":"category-teatro"},"yoast_head":"<!-- This site is optimized with the Yoast SEO plugin v27.5 - https:\/\/yoast.com\/product\/yoast-seo-wordpress\/ -->\n<title>NENA GORDA - Sergio Lapegue<\/title>\n<meta name=\"robots\" content=\"index, follow, max-snippet:-1, max-image-preview:large, max-video-preview:-1\" \/>\n<link rel=\"canonical\" href=\"https:\/\/sergiolapegue.com\/site\/2024\/04\/26\/nena-gorda\/\" \/>\n<meta property=\"og:locale\" content=\"es_ES\" \/>\n<meta property=\"og:type\" content=\"article\" \/>\n<meta property=\"og:title\" content=\"NENA GORDA - Sergio Lapegue\" \/>\n<meta property=\"og:description\" content=\"A partir del 20 de Abril, en el Teatro El Crisol, se esta presentando la obra \u201cNena gorda\u201d, con dramaturgia de B\u00e1rbara Bonfil y Laura Fern\u00e1ndez, la direcci\u00f3n de Andrea Varchavsky, la actuaci\u00f3n de B\u00e1rbara Bonfil y la voz en off de Luisa De Barrigue De Fontainieu. La misma se presenta los s\u00e1bados a las [&hellip;]\" \/>\n<meta property=\"og:url\" content=\"https:\/\/sergiolapegue.com\/site\/2024\/04\/26\/nena-gorda\/\" \/>\n<meta property=\"og:site_name\" content=\"Sergio Lapegue\" \/>\n<meta property=\"article:publisher\" content=\"https:\/\/facebook.com\/sergiolapegue\" \/>\n<meta property=\"article:author\" content=\"https:\/\/facebook.com\/danielernesto.montana\" \/>\n<meta property=\"article:published_time\" content=\"2024-04-26T21:00:00+00:00\" \/>\n<meta property=\"og:image\" content=\"https:\/\/sergiolapegue.com\/site\/wp-content\/uploads\/2024\/04\/Nena-Gorda.jpeg\" \/>\n\t<meta property=\"og:image:width\" content=\"591\" \/>\n\t<meta property=\"og:image:height\" content=\"886\" \/>\n\t<meta property=\"og:image:type\" content=\"image\/jpeg\" \/>\n<meta name=\"author\" content=\"Daniel E. Monta\u00f1a\" \/>\n<meta name=\"twitter:card\" content=\"summary_large_image\" \/>\n<meta name=\"twitter:creator\" content=\"@https:\/\/twitter.com\/daner_004\" \/>\n<meta name=\"twitter:site\" content=\"@sergiolapegue\" \/>\n<meta name=\"twitter:label1\" content=\"Escrito por\" \/>\n\t<meta name=\"twitter:data1\" content=\"Daniel E. Monta\u00f1a\" \/>\n\t<meta name=\"twitter:label2\" content=\"Tiempo de lectura\" \/>\n\t<meta name=\"twitter:data2\" content=\"7 minutos\" \/>\n<script type=\"application\/ld+json\" class=\"yoast-schema-graph\">{\"@context\":\"https:\\\/\\\/schema.org\",\"@graph\":[{\"@type\":\"Article\",\"@id\":\"https:\\\/\\\/sergiolapegue.com\\\/site\\\/2024\\\/04\\\/26\\\/nena-gorda\\\/#article\",\"isPartOf\":{\"@id\":\"https:\\\/\\\/sergiolapegue.com\\\/site\\\/2024\\\/04\\\/26\\\/nena-gorda\\\/\"},\"author\":{\"name\":\"Daniel E. Monta\u00f1a\",\"@id\":\"https:\\\/\\\/sergiolapegue.com\\\/site\\\/#\\\/schema\\\/person\\\/9198e7dbab43c6d74d0fd5399af7c3cd\"},\"headline\":\"NENA GORDA\",\"datePublished\":\"2024-04-26T21:00:00+00:00\",\"mainEntityOfPage\":{\"@id\":\"https:\\\/\\\/sergiolapegue.com\\\/site\\\/2024\\\/04\\\/26\\\/nena-gorda\\\/\"},\"wordCount\":1295,\"commentCount\":0,\"publisher\":{\"@id\":\"https:\\\/\\\/sergiolapegue.com\\\/site\\\/#\\\/schema\\\/person\\\/083aeceeb0734cd166779ea6c0551a37\"},\"image\":{\"@id\":\"https:\\\/\\\/sergiolapegue.com\\\/site\\\/2024\\\/04\\\/26\\\/nena-gorda\\\/#primaryimage\"},\"thumbnailUrl\":\"https:\\\/\\\/sergiolapegue.com\\\/site\\\/wp-content\\\/uploads\\\/2024\\\/04\\\/Nena-Gorda.jpeg\",\"articleSection\":[\"Arte\",\"Teatro\"],\"inLanguage\":\"es-AR\",\"potentialAction\":[{\"@type\":\"CommentAction\",\"name\":\"Comment\",\"target\":[\"https:\\\/\\\/sergiolapegue.com\\\/site\\\/2024\\\/04\\\/26\\\/nena-gorda\\\/#respond\"]}]},{\"@type\":\"WebPage\",\"@id\":\"https:\\\/\\\/sergiolapegue.com\\\/site\\\/2024\\\/04\\\/26\\\/nena-gorda\\\/\",\"url\":\"https:\\\/\\\/sergiolapegue.com\\\/site\\\/2024\\\/04\\\/26\\\/nena-gorda\\\/\",\"name\":\"NENA GORDA - Sergio Lapegue\",\"isPartOf\":{\"@id\":\"https:\\\/\\\/sergiolapegue.com\\\/site\\\/#website\"},\"primaryImageOfPage\":{\"@id\":\"https:\\\/\\\/sergiolapegue.com\\\/site\\\/2024\\\/04\\\/26\\\/nena-gorda\\\/#primaryimage\"},\"image\":{\"@id\":\"https:\\\/\\\/sergiolapegue.com\\\/site\\\/2024\\\/04\\\/26\\\/nena-gorda\\\/#primaryimage\"},\"thumbnailUrl\":\"https:\\\/\\\/sergiolapegue.com\\\/site\\\/wp-content\\\/uploads\\\/2024\\\/04\\\/Nena-Gorda.jpeg\",\"datePublished\":\"2024-04-26T21:00:00+00:00\",\"breadcrumb\":{\"@id\":\"https:\\\/\\\/sergiolapegue.com\\\/site\\\/2024\\\/04\\\/26\\\/nena-gorda\\\/#breadcrumb\"},\"inLanguage\":\"es-AR\",\"potentialAction\":[{\"@type\":\"ReadAction\",\"target\":[\"https:\\\/\\\/sergiolapegue.com\\\/site\\\/2024\\\/04\\\/26\\\/nena-gorda\\\/\"]}]},{\"@type\":\"ImageObject\",\"inLanguage\":\"es-AR\",\"@id\":\"https:\\\/\\\/sergiolapegue.com\\\/site\\\/2024\\\/04\\\/26\\\/nena-gorda\\\/#primaryimage\",\"url\":\"https:\\\/\\\/sergiolapegue.com\\\/site\\\/wp-content\\\/uploads\\\/2024\\\/04\\\/Nena-Gorda.jpeg\",\"contentUrl\":\"https:\\\/\\\/sergiolapegue.com\\\/site\\\/wp-content\\\/uploads\\\/2024\\\/04\\\/Nena-Gorda.jpeg\",\"width\":591,\"height\":886},{\"@type\":\"BreadcrumbList\",\"@id\":\"https:\\\/\\\/sergiolapegue.com\\\/site\\\/2024\\\/04\\\/26\\\/nena-gorda\\\/#breadcrumb\",\"itemListElement\":[{\"@type\":\"ListItem\",\"position\":1,\"name\":\"Inicio\",\"item\":\"https:\\\/\\\/sergiolapegue.com\\\/site\\\/\"},{\"@type\":\"ListItem\",\"position\":2,\"name\":\"NENA GORDA\"}]},{\"@type\":\"WebSite\",\"@id\":\"https:\\\/\\\/sergiolapegue.com\\\/site\\\/#website\",\"url\":\"https:\\\/\\\/sergiolapegue.com\\\/site\\\/\",\"name\":\"Sergio Lapegue\",\"description\":\"Periodista\",\"publisher\":{\"@id\":\"https:\\\/\\\/sergiolapegue.com\\\/site\\\/#\\\/schema\\\/person\\\/083aeceeb0734cd166779ea6c0551a37\"},\"potentialAction\":[{\"@type\":\"SearchAction\",\"target\":{\"@type\":\"EntryPoint\",\"urlTemplate\":\"https:\\\/\\\/sergiolapegue.com\\\/site\\\/?s={search_term_string}\"},\"query-input\":{\"@type\":\"PropertyValueSpecification\",\"valueRequired\":true,\"valueName\":\"search_term_string\"}}],\"inLanguage\":\"es-AR\"},{\"@type\":[\"Person\",\"Organization\"],\"@id\":\"https:\\\/\\\/sergiolapegue.com\\\/site\\\/#\\\/schema\\\/person\\\/083aeceeb0734cd166779ea6c0551a37\",\"name\":\"Sergio Lapegue\",\"image\":{\"@type\":\"ImageObject\",\"inLanguage\":\"es-AR\",\"@id\":\"https:\\\/\\\/sergiolapegue.com\\\/site\\\/wp-content\\\/uploads\\\/2021\\\/04\\\/logo_header-1.png\",\"url\":\"https:\\\/\\\/sergiolapegue.com\\\/site\\\/wp-content\\\/uploads\\\/2021\\\/04\\\/logo_header-1.png\",\"contentUrl\":\"https:\\\/\\\/sergiolapegue.com\\\/site\\\/wp-content\\\/uploads\\\/2021\\\/04\\\/logo_header-1.png\",\"width\":272,\"height\":90,\"caption\":\"Sergio Lapegue\"},\"logo\":{\"@id\":\"https:\\\/\\\/sergiolapegue.com\\\/site\\\/wp-content\\\/uploads\\\/2021\\\/04\\\/logo_header-1.png\"},\"sameAs\":[\"https:\\\/\\\/facebook.com\\\/sergiolapegue\",\"https:\\\/\\\/instagram.com\\\/sergiolapegue\",\"https:\\\/\\\/x.com\\\/https:\\\/\\\/twitter.com\\\/sergiolapegue\"]},{\"@type\":\"Person\",\"@id\":\"https:\\\/\\\/sergiolapegue.com\\\/site\\\/#\\\/schema\\\/person\\\/9198e7dbab43c6d74d0fd5399af7c3cd\",\"name\":\"Daniel E. Monta\u00f1a\",\"image\":{\"@type\":\"ImageObject\",\"inLanguage\":\"es-AR\",\"@id\":\"https:\\\/\\\/sergiolapegue.com\\\/site\\\/wp-content\\\/uploads\\\/2021\\\/04\\\/sl_avatar_Daniel-150x150.jpg\",\"url\":\"https:\\\/\\\/sergiolapegue.com\\\/site\\\/wp-content\\\/uploads\\\/2021\\\/04\\\/sl_avatar_Daniel-150x150.jpg\",\"contentUrl\":\"https:\\\/\\\/sergiolapegue.com\\\/site\\\/wp-content\\\/uploads\\\/2021\\\/04\\\/sl_avatar_Daniel-150x150.jpg\",\"caption\":\"Daniel E. Monta\u00f1a\"},\"sameAs\":[\"https:\\\/\\\/facebook.com\\\/danielernesto.montana\",\"https:\\\/\\\/instagram.com\\\/daniel_montana1961\",\"https:\\\/\\\/x.com\\\/https:\\\/\\\/twitter.com\\\/daner_004\"],\"url\":\"https:\\\/\\\/sergiolapegue.com\\\/site\\\/author\\\/daniel\\\/\"}]}<\/script>\n<!-- \/ Yoast SEO plugin. -->","yoast_head_json":{"title":"NENA GORDA - Sergio Lapegue","robots":{"index":"index","follow":"follow","max-snippet":"max-snippet:-1","max-image-preview":"max-image-preview:large","max-video-preview":"max-video-preview:-1"},"canonical":"https:\/\/sergiolapegue.com\/site\/2024\/04\/26\/nena-gorda\/","og_locale":"es_ES","og_type":"article","og_title":"NENA GORDA - Sergio Lapegue","og_description":"A partir del 20 de Abril, en el Teatro El Crisol, se esta presentando la obra \u201cNena gorda\u201d, con dramaturgia de B\u00e1rbara Bonfil y Laura Fern\u00e1ndez, la direcci\u00f3n de Andrea Varchavsky, la actuaci\u00f3n de B\u00e1rbara Bonfil y la voz en off de Luisa De Barrigue De Fontainieu. La misma se presenta los s\u00e1bados a las [&hellip;]","og_url":"https:\/\/sergiolapegue.com\/site\/2024\/04\/26\/nena-gorda\/","og_site_name":"Sergio Lapegue","article_publisher":"https:\/\/facebook.com\/sergiolapegue","article_author":"https:\/\/facebook.com\/danielernesto.montana","article_published_time":"2024-04-26T21:00:00+00:00","og_image":[{"width":591,"height":886,"url":"https:\/\/sergiolapegue.com\/site\/wp-content\/uploads\/2024\/04\/Nena-Gorda.jpeg","type":"image\/jpeg"}],"author":"Daniel E. Monta\u00f1a","twitter_card":"summary_large_image","twitter_creator":"@https:\/\/twitter.com\/daner_004","twitter_site":"@sergiolapegue","twitter_misc":{"Escrito por":"Daniel E. Monta\u00f1a","Tiempo de lectura":"7 minutos"},"schema":{"@context":"https:\/\/schema.org","@graph":[{"@type":"Article","@id":"https:\/\/sergiolapegue.com\/site\/2024\/04\/26\/nena-gorda\/#article","isPartOf":{"@id":"https:\/\/sergiolapegue.com\/site\/2024\/04\/26\/nena-gorda\/"},"author":{"name":"Daniel E. Monta\u00f1a","@id":"https:\/\/sergiolapegue.com\/site\/#\/schema\/person\/9198e7dbab43c6d74d0fd5399af7c3cd"},"headline":"NENA GORDA","datePublished":"2024-04-26T21:00:00+00:00","mainEntityOfPage":{"@id":"https:\/\/sergiolapegue.com\/site\/2024\/04\/26\/nena-gorda\/"},"wordCount":1295,"commentCount":0,"publisher":{"@id":"https:\/\/sergiolapegue.com\/site\/#\/schema\/person\/083aeceeb0734cd166779ea6c0551a37"},"image":{"@id":"https:\/\/sergiolapegue.com\/site\/2024\/04\/26\/nena-gorda\/#primaryimage"},"thumbnailUrl":"https:\/\/sergiolapegue.com\/site\/wp-content\/uploads\/2024\/04\/Nena-Gorda.jpeg","articleSection":["Arte","Teatro"],"inLanguage":"es-AR","potentialAction":[{"@type":"CommentAction","name":"Comment","target":["https:\/\/sergiolapegue.com\/site\/2024\/04\/26\/nena-gorda\/#respond"]}]},{"@type":"WebPage","@id":"https:\/\/sergiolapegue.com\/site\/2024\/04\/26\/nena-gorda\/","url":"https:\/\/sergiolapegue.com\/site\/2024\/04\/26\/nena-gorda\/","name":"NENA GORDA - Sergio Lapegue","isPartOf":{"@id":"https:\/\/sergiolapegue.com\/site\/#website"},"primaryImageOfPage":{"@id":"https:\/\/sergiolapegue.com\/site\/2024\/04\/26\/nena-gorda\/#primaryimage"},"image":{"@id":"https:\/\/sergiolapegue.com\/site\/2024\/04\/26\/nena-gorda\/#primaryimage"},"thumbnailUrl":"https:\/\/sergiolapegue.com\/site\/wp-content\/uploads\/2024\/04\/Nena-Gorda.jpeg","datePublished":"2024-04-26T21:00:00+00:00","breadcrumb":{"@id":"https:\/\/sergiolapegue.com\/site\/2024\/04\/26\/nena-gorda\/#breadcrumb"},"inLanguage":"es-AR","potentialAction":[{"@type":"ReadAction","target":["https:\/\/sergiolapegue.com\/site\/2024\/04\/26\/nena-gorda\/"]}]},{"@type":"ImageObject","inLanguage":"es-AR","@id":"https:\/\/sergiolapegue.com\/site\/2024\/04\/26\/nena-gorda\/#primaryimage","url":"https:\/\/sergiolapegue.com\/site\/wp-content\/uploads\/2024\/04\/Nena-Gorda.jpeg","contentUrl":"https:\/\/sergiolapegue.com\/site\/wp-content\/uploads\/2024\/04\/Nena-Gorda.jpeg","width":591,"height":886},{"@type":"BreadcrumbList","@id":"https:\/\/sergiolapegue.com\/site\/2024\/04\/26\/nena-gorda\/#breadcrumb","itemListElement":[{"@type":"ListItem","position":1,"name":"Inicio","item":"https:\/\/sergiolapegue.com\/site\/"},{"@type":"ListItem","position":2,"name":"NENA GORDA"}]},{"@type":"WebSite","@id":"https:\/\/sergiolapegue.com\/site\/#website","url":"https:\/\/sergiolapegue.com\/site\/","name":"Sergio Lapegue","description":"Periodista","publisher":{"@id":"https:\/\/sergiolapegue.com\/site\/#\/schema\/person\/083aeceeb0734cd166779ea6c0551a37"},"potentialAction":[{"@type":"SearchAction","target":{"@type":"EntryPoint","urlTemplate":"https:\/\/sergiolapegue.com\/site\/?s={search_term_string}"},"query-input":{"@type":"PropertyValueSpecification","valueRequired":true,"valueName":"search_term_string"}}],"inLanguage":"es-AR"},{"@type":["Person","Organization"],"@id":"https:\/\/sergiolapegue.com\/site\/#\/schema\/person\/083aeceeb0734cd166779ea6c0551a37","name":"Sergio Lapegue","image":{"@type":"ImageObject","inLanguage":"es-AR","@id":"https:\/\/sergiolapegue.com\/site\/wp-content\/uploads\/2021\/04\/logo_header-1.png","url":"https:\/\/sergiolapegue.com\/site\/wp-content\/uploads\/2021\/04\/logo_header-1.png","contentUrl":"https:\/\/sergiolapegue.com\/site\/wp-content\/uploads\/2021\/04\/logo_header-1.png","width":272,"height":90,"caption":"Sergio Lapegue"},"logo":{"@id":"https:\/\/sergiolapegue.com\/site\/wp-content\/uploads\/2021\/04\/logo_header-1.png"},"sameAs":["https:\/\/facebook.com\/sergiolapegue","https:\/\/instagram.com\/sergiolapegue","https:\/\/x.com\/https:\/\/twitter.com\/sergiolapegue"]},{"@type":"Person","@id":"https:\/\/sergiolapegue.com\/site\/#\/schema\/person\/9198e7dbab43c6d74d0fd5399af7c3cd","name":"Daniel E. Monta\u00f1a","image":{"@type":"ImageObject","inLanguage":"es-AR","@id":"https:\/\/sergiolapegue.com\/site\/wp-content\/uploads\/2021\/04\/sl_avatar_Daniel-150x150.jpg","url":"https:\/\/sergiolapegue.com\/site\/wp-content\/uploads\/2021\/04\/sl_avatar_Daniel-150x150.jpg","contentUrl":"https:\/\/sergiolapegue.com\/site\/wp-content\/uploads\/2021\/04\/sl_avatar_Daniel-150x150.jpg","caption":"Daniel E. Monta\u00f1a"},"sameAs":["https:\/\/facebook.com\/danielernesto.montana","https:\/\/instagram.com\/daniel_montana1961","https:\/\/x.com\/https:\/\/twitter.com\/daner_004"],"url":"https:\/\/sergiolapegue.com\/site\/author\/daniel\/"}]}},"_links":{"self":[{"href":"https:\/\/sergiolapegue.com\/site\/wp-json\/wp\/v2\/posts\/14501","targetHints":{"allow":["GET"]}}],"collection":[{"href":"https:\/\/sergiolapegue.com\/site\/wp-json\/wp\/v2\/posts"}],"about":[{"href":"https:\/\/sergiolapegue.com\/site\/wp-json\/wp\/v2\/types\/post"}],"author":[{"embeddable":true,"href":"https:\/\/sergiolapegue.com\/site\/wp-json\/wp\/v2\/users\/3"}],"replies":[{"embeddable":true,"href":"https:\/\/sergiolapegue.com\/site\/wp-json\/wp\/v2\/comments?post=14501"}],"version-history":[{"count":1,"href":"https:\/\/sergiolapegue.com\/site\/wp-json\/wp\/v2\/posts\/14501\/revisions"}],"predecessor-version":[{"id":14507,"href":"https:\/\/sergiolapegue.com\/site\/wp-json\/wp\/v2\/posts\/14501\/revisions\/14507"}],"wp:featuredmedia":[{"embeddable":true,"href":"https:\/\/sergiolapegue.com\/site\/wp-json\/wp\/v2\/media\/14506"}],"wp:attachment":[{"href":"https:\/\/sergiolapegue.com\/site\/wp-json\/wp\/v2\/media?parent=14501"}],"wp:term":[{"taxonomy":"category","embeddable":true,"href":"https:\/\/sergiolapegue.com\/site\/wp-json\/wp\/v2\/categories?post=14501"},{"taxonomy":"post_tag","embeddable":true,"href":"https:\/\/sergiolapegue.com\/site\/wp-json\/wp\/v2\/tags?post=14501"}],"curies":[{"name":"wp","href":"https:\/\/api.w.org\/{rel}","templated":true}]}}