{"id":14370,"date":"2024-04-23T09:32:00","date_gmt":"2024-04-23T12:32:00","guid":{"rendered":"https:\/\/sergiolapegue.com\/site\/?p=14370"},"modified":"2024-04-19T14:51:43","modified_gmt":"2024-04-19T17:51:43","slug":"argentina-america-latina-y-el-mapa-de-ciberamenazas-globales","status":"publish","type":"post","link":"https:\/\/sergiolapegue.com\/site\/2024\/04\/23\/argentina-america-latina-y-el-mapa-de-ciberamenazas-globales\/","title":{"rendered":"Argentina, Am\u00e9rica Latina y el mapa de ciberamenazas globales"},"content":{"rendered":"\n<p>De acuerdo al \u00faltimo mapa de amenazas globales de Check Point presentado a finales de marzo, <strong>el porcentaje de riesgo cibern\u00e9tico de la Argentina baj\u00f3 ocho puntos y se estableci\u00f3 en 45,2%, su punto m\u00e1s bajo en 24 meses.<\/strong> Este mapa es utilizado por organizaciones y profesionales de ciberseguridad para comprender <strong>la distribuci\u00f3n geogr\u00e1fica de estas amenazas y la intensidad de los ataques<\/strong> en diferentes regiones, y de esta manera tomar medidas proactivas para proteger sistemas y datos.<\/p>\n\n\n\n<p>Antes de analizar la evoluci\u00f3n de la Argentina en este importante mapa, hagamos un pantallazo mundial. El informe muestra que las amenazas m\u00e1s comunes a nivel global en 2023 fueron los <strong>malwares multiprop\u00f3sito (31%)<\/strong>, que pueden realizar distintas acciones maliciosas; <strong>malware de tipo infostealer (12%)<\/strong>, que est\u00e1n dise\u00f1ados espec\u00edficamente para robar credenciales; el <strong>ransomware tradicional (10%), la cripto miner\u00eda ilegal (9%) y los ataques a dispositivos m\u00f3viles (6%).<\/strong> Aunque con algunas ligeras diferencias, el mismo orden se repite para las Am\u00e9ricas.<\/p>\n\n\n\n<p>En cuanto a la <strong>Argentina<\/strong>, en esta nueva edici\u00f3n obtuvo un porcentaje de riesgo de 45,2%, lo que representa <strong>una mejora de 8 puntos respecto a 2023<\/strong> (53,2%), pero todav\u00eda algo lejos del porcentaje obtenido en 2022 (39,4,6%). Con este nuevo dato <strong>la Argentina se estableci\u00f3 como el sexto pa\u00eds m\u00e1s amenazado en t\u00e9rminos cibern\u00e9ticos de Am\u00e9rica Latina<\/strong> despu\u00e9s de Per\u00fa (56,8%), Colombia (55,4%), Ecuador (51,9%), Guatemala (50,4%) y M\u00e9xico (48,8%), y en l\u00ednea con otros pa\u00edses del mundo como Rep\u00fablica Checa (45,3%) o China (43,5%). Respecto a la mejora observada en Argentina, <strong>s\u00f3lo Bolivia, con una baja de 14% en su riesgo, mostr\u00f3 un mejor desempe\u00f1o en la regi\u00f3n.<\/strong><\/p>\n\n\n\n<p>Fabio S\u00e1nchez es Director de la Pr\u00e1ctica de Ciberseguridad de OCP TECH, una empresa integradora de tecnolog\u00eda que ofrece soluciones innovadoras en diecisiete pa\u00edses de la regi\u00f3n, inclu\u00edda Argentina. Para S\u00e1nchez, <strong>\u201ceducaci\u00f3n, gobierno y salud siguen siendo los objetivos principales del ciberdelito a nivel global\u201d<\/strong>, una perspectiva que tambi\u00e9n confirman los datos de Check Point presentados en marzo. \u201cEs cierto que hubo algunos casos resonantes en el pasado que condujeron a mejoras significativas en los protocolos de seguridad del sector educativo, pero hoy en promedio sigue siendo blanco de m\u00e1s de 2,000 intentos de ataque por semana\u201d, sostiene S\u00e1nchez. De acuerdo al informe, los casos m\u00e1s importantes de 2023 a nivel global involucraron a la Universidad Johns Hopkins y al sistema universitario de Georgia, cuyos sistemas fueron comprometidos por el ransomware CL0P a trav\u00e9s del software de transferencia de archivos gestionado MOVEit.<\/p>\n\n\n\n<p>En Argentina, <strong>el caso m\u00e1s resonante tuvo como v\u00edctima a la Comisi\u00f3n Nacional de Valores (CNV)<\/strong>, que sufri\u00f3 un ataque de ransomware por parte del grupo Medusa en junio de 2023. Este ataque condujo al cifrado de archivos en los equipos afectados y el robo de informaci\u00f3n. Aunque la CNV logr\u00f3 aislar y controlar el ataque, sus plataformas en l\u00ednea quedaron fuera de servicio. Este grupo, que tambi\u00e9n ha sido responsable de un ataque a la empresa Garbarino en el pa\u00eds, tambi\u00e9n se adjudic\u00f3 la autor\u00eda en hechos delictivos contra empresas de Bolivia, Brasil, Chile, Colombia y Rep\u00fablica Dominicana, entre otros pa\u00edses de la regi\u00f3n.<\/p>\n\n\n\n<figure class=\"wp-block-image size-full is-style-rounded\"><img loading=\"lazy\" decoding=\"async\" width=\"904\" height=\"455\" src=\"https:\/\/sergiolapegue.com\/site\/wp-content\/uploads\/2024\/04\/mapa-indice-ciberseguridad01.webp\" alt=\"\" class=\"wp-image-14371\" srcset=\"https:\/\/sergiolapegue.com\/site\/wp-content\/uploads\/2024\/04\/mapa-indice-ciberseguridad01.webp 904w, https:\/\/sergiolapegue.com\/site\/wp-content\/uploads\/2024\/04\/mapa-indice-ciberseguridad01-300x151.webp 300w, https:\/\/sergiolapegue.com\/site\/wp-content\/uploads\/2024\/04\/mapa-indice-ciberseguridad01-768x387.webp 768w, https:\/\/sergiolapegue.com\/site\/wp-content\/uploads\/2024\/04\/mapa-indice-ciberseguridad01-834x420.webp 834w, https:\/\/sergiolapegue.com\/site\/wp-content\/uploads\/2024\/04\/mapa-indice-ciberseguridad01-696x350.webp 696w\" sizes=\"auto, (max-width: 904px) 100vw, 904px\" \/><\/figure>\n\n\n\n<p>Este tipo de ataques requieren una atenci\u00f3n especial por parte de las empresas, que tercerizan sus servicios de misi\u00f3n cr\u00edtica para que coloquen mayores controles y verificaciones de seguridad en sus proveedores, pero esto no siempre se tiene en cuenta ni se contempla un modelo de seguridad compartido correctamente. \u201cCuando un evento de esta naturaleza ocurre en el sector p\u00fablico, como sucedi\u00f3 con la CNV, <strong>puede afectar a millones de ciudadanos e incluso paralizar las operaciones y los procedimientos de una ciudad entera\u201d<\/strong>, advierte S\u00e1nchez.<\/p>\n\n\n\n<p>\u00bfPor qu\u00e9 la educaci\u00f3n sigue siendo uno de los sectores m\u00e1s atractivos para el ciberdelito? Para S\u00e1nchez, ello se debe al enorme caudal de informaci\u00f3n personal sensible que manejan los sistemas de las escuelas p\u00fablicas y privadas de ense\u00f1anza media. \u201cSi a esto le sumamos el hecho de que <strong>presentan en l\u00edneas generales unos niveles m\u00e1s bajos de inversi\u00f3n en ciberseguridad y son m\u00e1s f\u00e1ciles de vulnerar<\/strong>, estamos ante una <strong>tormenta perfecta\u201d<\/strong>, concluy\u00f3.<\/p>\n\n\n\n<p>En s\u00edntesis, los datos presentados en marzo por Check Point muestran que la prevenci\u00f3n del ciberdelito mejor\u00f3 ostensiblemente en la Argentina entre 2022 y 2023, pero el panorama de amenazas siempre cambiantes en el que nos desenvolvemos hoy nos muestra que <strong>no se puede bajar los brazos: todav\u00eda queda un largo trecho por recorrer.<\/strong><\/p>\n","protected":false},"excerpt":{"rendered":"<p>De acuerdo al \u00faltimo mapa de amenazas globales de Check Point presentado a finales de marzo, el porcentaje de riesgo cibern\u00e9tico de la Argentina baj\u00f3 ocho puntos y se estableci\u00f3 en 45,2%, su punto m\u00e1s bajo en 24 meses. Este mapa es utilizado por organizaciones y profesionales de ciberseguridad para comprender la distribuci\u00f3n geogr\u00e1fica de [&hellip;]<\/p>\n","protected":false},"author":4,"featured_media":14372,"comment_status":"closed","ping_status":"closed","sticky":false,"template":"","format":"standard","meta":{"footnotes":""},"categories":[38],"tags":[89,2831,394,3439,3186,871,483,3230,1437,386],"class_list":{"0":"post-14370","1":"post","2":"type-post","3":"status-publish","4":"format-standard","5":"has-post-thumbnail","7":"category-actualidad","8":"tag-argentina","9":"tag-ataque","10":"tag-celular","11":"tag-ciberamenaza","12":"tag-cripto","13":"tag-iphone","14":"tag-mapa","15":"tag-moneda","16":"tag-movil","17":"tag-region"},"yoast_head":"<!-- This site is optimized with the Yoast SEO plugin v27.5 - https:\/\/yoast.com\/product\/yoast-seo-wordpress\/ -->\n<title>Argentina, Am\u00e9rica Latina y el mapa de ciberamenazas globales - Sergio Lapegue<\/title>\n<meta name=\"robots\" content=\"index, follow, max-snippet:-1, max-image-preview:large, max-video-preview:-1\" \/>\n<link rel=\"canonical\" href=\"https:\/\/sergiolapegue.com\/site\/2024\/04\/23\/argentina-america-latina-y-el-mapa-de-ciberamenazas-globales\/\" \/>\n<meta property=\"og:locale\" content=\"es_ES\" \/>\n<meta property=\"og:type\" content=\"article\" \/>\n<meta property=\"og:title\" content=\"Argentina, Am\u00e9rica Latina y el mapa de ciberamenazas globales - Sergio Lapegue\" \/>\n<meta property=\"og:description\" content=\"De acuerdo al \u00faltimo mapa de amenazas globales de Check Point presentado a finales de marzo, el porcentaje de riesgo cibern\u00e9tico de la Argentina baj\u00f3 ocho puntos y se estableci\u00f3 en 45,2%, su punto m\u00e1s bajo en 24 meses. Este mapa es utilizado por organizaciones y profesionales de ciberseguridad para comprender la distribuci\u00f3n geogr\u00e1fica de [&hellip;]\" \/>\n<meta property=\"og:url\" content=\"https:\/\/sergiolapegue.com\/site\/2024\/04\/23\/argentina-america-latina-y-el-mapa-de-ciberamenazas-globales\/\" \/>\n<meta property=\"og:site_name\" content=\"Sergio Lapegue\" \/>\n<meta property=\"article:publisher\" content=\"https:\/\/facebook.com\/sergiolapegue\" \/>\n<meta property=\"article:published_time\" content=\"2024-04-23T12:32:00+00:00\" \/>\n<meta property=\"og:image\" content=\"https:\/\/sergiolapegue.com\/site\/wp-content\/uploads\/2024\/04\/mapa-indice-ciberseguridad02.jpg\" \/>\n\t<meta property=\"og:image:width\" content=\"1440\" \/>\n\t<meta property=\"og:image:height\" content=\"570\" \/>\n\t<meta property=\"og:image:type\" content=\"image\/jpeg\" \/>\n<meta name=\"author\" content=\"Leonardo Monta\u00f1a\" \/>\n<meta name=\"twitter:card\" content=\"summary_large_image\" \/>\n<meta name=\"twitter:creator\" content=\"@https:\/\/twitter.com\/soytoto81\" \/>\n<meta name=\"twitter:site\" content=\"@sergiolapegue\" \/>\n<meta name=\"twitter:label1\" content=\"Escrito por\" \/>\n\t<meta name=\"twitter:data1\" content=\"Leonardo Monta\u00f1a\" \/>\n\t<meta name=\"twitter:label2\" content=\"Tiempo de lectura\" \/>\n\t<meta name=\"twitter:data2\" content=\"4 minutos\" \/>\n<script type=\"application\/ld+json\" class=\"yoast-schema-graph\">{\"@context\":\"https:\\\/\\\/schema.org\",\"@graph\":[{\"@type\":\"Article\",\"@id\":\"https:\\\/\\\/sergiolapegue.com\\\/site\\\/2024\\\/04\\\/23\\\/argentina-america-latina-y-el-mapa-de-ciberamenazas-globales\\\/#article\",\"isPartOf\":{\"@id\":\"https:\\\/\\\/sergiolapegue.com\\\/site\\\/2024\\\/04\\\/23\\\/argentina-america-latina-y-el-mapa-de-ciberamenazas-globales\\\/\"},\"author\":{\"name\":\"Leonardo Monta\u00f1a\",\"@id\":\"https:\\\/\\\/sergiolapegue.com\\\/site\\\/#\\\/schema\\\/person\\\/00adf937d010c7f79a180dc4916a40e0\"},\"headline\":\"Argentina, Am\u00e9rica Latina y el mapa de ciberamenazas globales\",\"datePublished\":\"2024-04-23T12:32:00+00:00\",\"mainEntityOfPage\":{\"@id\":\"https:\\\/\\\/sergiolapegue.com\\\/site\\\/2024\\\/04\\\/23\\\/argentina-america-latina-y-el-mapa-de-ciberamenazas-globales\\\/\"},\"wordCount\":784,\"publisher\":{\"@id\":\"https:\\\/\\\/sergiolapegue.com\\\/site\\\/#\\\/schema\\\/person\\\/083aeceeb0734cd166779ea6c0551a37\"},\"image\":{\"@id\":\"https:\\\/\\\/sergiolapegue.com\\\/site\\\/2024\\\/04\\\/23\\\/argentina-america-latina-y-el-mapa-de-ciberamenazas-globales\\\/#primaryimage\"},\"thumbnailUrl\":\"https:\\\/\\\/sergiolapegue.com\\\/site\\\/wp-content\\\/uploads\\\/2024\\\/04\\\/mapa-indice-ciberseguridad02.jpg\",\"keywords\":[\"argentina\",\"ataque\",\"celular\",\"ciberamenaza\",\"cripto\",\"iphone\",\"mapa\",\"moneda\",\"movil\",\"region\"],\"articleSection\":[\"Actualidad\"],\"inLanguage\":\"es-AR\"},{\"@type\":\"WebPage\",\"@id\":\"https:\\\/\\\/sergiolapegue.com\\\/site\\\/2024\\\/04\\\/23\\\/argentina-america-latina-y-el-mapa-de-ciberamenazas-globales\\\/\",\"url\":\"https:\\\/\\\/sergiolapegue.com\\\/site\\\/2024\\\/04\\\/23\\\/argentina-america-latina-y-el-mapa-de-ciberamenazas-globales\\\/\",\"name\":\"Argentina, Am\u00e9rica Latina y el mapa de ciberamenazas globales - Sergio Lapegue\",\"isPartOf\":{\"@id\":\"https:\\\/\\\/sergiolapegue.com\\\/site\\\/#website\"},\"primaryImageOfPage\":{\"@id\":\"https:\\\/\\\/sergiolapegue.com\\\/site\\\/2024\\\/04\\\/23\\\/argentina-america-latina-y-el-mapa-de-ciberamenazas-globales\\\/#primaryimage\"},\"image\":{\"@id\":\"https:\\\/\\\/sergiolapegue.com\\\/site\\\/2024\\\/04\\\/23\\\/argentina-america-latina-y-el-mapa-de-ciberamenazas-globales\\\/#primaryimage\"},\"thumbnailUrl\":\"https:\\\/\\\/sergiolapegue.com\\\/site\\\/wp-content\\\/uploads\\\/2024\\\/04\\\/mapa-indice-ciberseguridad02.jpg\",\"datePublished\":\"2024-04-23T12:32:00+00:00\",\"breadcrumb\":{\"@id\":\"https:\\\/\\\/sergiolapegue.com\\\/site\\\/2024\\\/04\\\/23\\\/argentina-america-latina-y-el-mapa-de-ciberamenazas-globales\\\/#breadcrumb\"},\"inLanguage\":\"es-AR\",\"potentialAction\":[{\"@type\":\"ReadAction\",\"target\":[\"https:\\\/\\\/sergiolapegue.com\\\/site\\\/2024\\\/04\\\/23\\\/argentina-america-latina-y-el-mapa-de-ciberamenazas-globales\\\/\"]}]},{\"@type\":\"ImageObject\",\"inLanguage\":\"es-AR\",\"@id\":\"https:\\\/\\\/sergiolapegue.com\\\/site\\\/2024\\\/04\\\/23\\\/argentina-america-latina-y-el-mapa-de-ciberamenazas-globales\\\/#primaryimage\",\"url\":\"https:\\\/\\\/sergiolapegue.com\\\/site\\\/wp-content\\\/uploads\\\/2024\\\/04\\\/mapa-indice-ciberseguridad02.jpg\",\"contentUrl\":\"https:\\\/\\\/sergiolapegue.com\\\/site\\\/wp-content\\\/uploads\\\/2024\\\/04\\\/mapa-indice-ciberseguridad02.jpg\",\"width\":1440,\"height\":570},{\"@type\":\"BreadcrumbList\",\"@id\":\"https:\\\/\\\/sergiolapegue.com\\\/site\\\/2024\\\/04\\\/23\\\/argentina-america-latina-y-el-mapa-de-ciberamenazas-globales\\\/#breadcrumb\",\"itemListElement\":[{\"@type\":\"ListItem\",\"position\":1,\"name\":\"Inicio\",\"item\":\"https:\\\/\\\/sergiolapegue.com\\\/site\\\/\"},{\"@type\":\"ListItem\",\"position\":2,\"name\":\"Argentina, Am\u00e9rica Latina y el mapa de ciberamenazas globales\"}]},{\"@type\":\"WebSite\",\"@id\":\"https:\\\/\\\/sergiolapegue.com\\\/site\\\/#website\",\"url\":\"https:\\\/\\\/sergiolapegue.com\\\/site\\\/\",\"name\":\"Sergio Lapegue\",\"description\":\"Periodista\",\"publisher\":{\"@id\":\"https:\\\/\\\/sergiolapegue.com\\\/site\\\/#\\\/schema\\\/person\\\/083aeceeb0734cd166779ea6c0551a37\"},\"potentialAction\":[{\"@type\":\"SearchAction\",\"target\":{\"@type\":\"EntryPoint\",\"urlTemplate\":\"https:\\\/\\\/sergiolapegue.com\\\/site\\\/?s={search_term_string}\"},\"query-input\":{\"@type\":\"PropertyValueSpecification\",\"valueRequired\":true,\"valueName\":\"search_term_string\"}}],\"inLanguage\":\"es-AR\"},{\"@type\":[\"Person\",\"Organization\"],\"@id\":\"https:\\\/\\\/sergiolapegue.com\\\/site\\\/#\\\/schema\\\/person\\\/083aeceeb0734cd166779ea6c0551a37\",\"name\":\"Sergio Lapegue\",\"image\":{\"@type\":\"ImageObject\",\"inLanguage\":\"es-AR\",\"@id\":\"https:\\\/\\\/sergiolapegue.com\\\/site\\\/wp-content\\\/uploads\\\/2021\\\/04\\\/logo_header-1.png\",\"url\":\"https:\\\/\\\/sergiolapegue.com\\\/site\\\/wp-content\\\/uploads\\\/2021\\\/04\\\/logo_header-1.png\",\"contentUrl\":\"https:\\\/\\\/sergiolapegue.com\\\/site\\\/wp-content\\\/uploads\\\/2021\\\/04\\\/logo_header-1.png\",\"width\":272,\"height\":90,\"caption\":\"Sergio Lapegue\"},\"logo\":{\"@id\":\"https:\\\/\\\/sergiolapegue.com\\\/site\\\/wp-content\\\/uploads\\\/2021\\\/04\\\/logo_header-1.png\"},\"sameAs\":[\"https:\\\/\\\/facebook.com\\\/sergiolapegue\",\"https:\\\/\\\/instagram.com\\\/sergiolapegue\",\"https:\\\/\\\/x.com\\\/https:\\\/\\\/twitter.com\\\/sergiolapegue\"]},{\"@type\":\"Person\",\"@id\":\"https:\\\/\\\/sergiolapegue.com\\\/site\\\/#\\\/schema\\\/person\\\/00adf937d010c7f79a180dc4916a40e0\",\"name\":\"Leonardo Monta\u00f1a\",\"image\":{\"@type\":\"ImageObject\",\"inLanguage\":\"es-AR\",\"@id\":\"https:\\\/\\\/sergiolapegue.com\\\/site\\\/wp-content\\\/uploads\\\/2021\\\/04\\\/sl_avatar_Leonardo-150x150.jpg\",\"url\":\"https:\\\/\\\/sergiolapegue.com\\\/site\\\/wp-content\\\/uploads\\\/2021\\\/04\\\/sl_avatar_Leonardo-150x150.jpg\",\"contentUrl\":\"https:\\\/\\\/sergiolapegue.com\\\/site\\\/wp-content\\\/uploads\\\/2021\\\/04\\\/sl_avatar_Leonardo-150x150.jpg\",\"caption\":\"Leonardo Monta\u00f1a\"},\"sameAs\":[\"https:\\\/\\\/x.com\\\/https:\\\/\\\/twitter.com\\\/soytoto81\"],\"url\":\"https:\\\/\\\/sergiolapegue.com\\\/site\\\/author\\\/leonardo\\\/\"}]}<\/script>\n<!-- \/ Yoast SEO plugin. -->","yoast_head_json":{"title":"Argentina, Am\u00e9rica Latina y el mapa de ciberamenazas globales - Sergio Lapegue","robots":{"index":"index","follow":"follow","max-snippet":"max-snippet:-1","max-image-preview":"max-image-preview:large","max-video-preview":"max-video-preview:-1"},"canonical":"https:\/\/sergiolapegue.com\/site\/2024\/04\/23\/argentina-america-latina-y-el-mapa-de-ciberamenazas-globales\/","og_locale":"es_ES","og_type":"article","og_title":"Argentina, Am\u00e9rica Latina y el mapa de ciberamenazas globales - Sergio Lapegue","og_description":"De acuerdo al \u00faltimo mapa de amenazas globales de Check Point presentado a finales de marzo, el porcentaje de riesgo cibern\u00e9tico de la Argentina baj\u00f3 ocho puntos y se estableci\u00f3 en 45,2%, su punto m\u00e1s bajo en 24 meses. Este mapa es utilizado por organizaciones y profesionales de ciberseguridad para comprender la distribuci\u00f3n geogr\u00e1fica de [&hellip;]","og_url":"https:\/\/sergiolapegue.com\/site\/2024\/04\/23\/argentina-america-latina-y-el-mapa-de-ciberamenazas-globales\/","og_site_name":"Sergio Lapegue","article_publisher":"https:\/\/facebook.com\/sergiolapegue","article_published_time":"2024-04-23T12:32:00+00:00","og_image":[{"width":1440,"height":570,"url":"https:\/\/sergiolapegue.com\/site\/wp-content\/uploads\/2024\/04\/mapa-indice-ciberseguridad02.jpg","type":"image\/jpeg"}],"author":"Leonardo Monta\u00f1a","twitter_card":"summary_large_image","twitter_creator":"@https:\/\/twitter.com\/soytoto81","twitter_site":"@sergiolapegue","twitter_misc":{"Escrito por":"Leonardo Monta\u00f1a","Tiempo de lectura":"4 minutos"},"schema":{"@context":"https:\/\/schema.org","@graph":[{"@type":"Article","@id":"https:\/\/sergiolapegue.com\/site\/2024\/04\/23\/argentina-america-latina-y-el-mapa-de-ciberamenazas-globales\/#article","isPartOf":{"@id":"https:\/\/sergiolapegue.com\/site\/2024\/04\/23\/argentina-america-latina-y-el-mapa-de-ciberamenazas-globales\/"},"author":{"name":"Leonardo Monta\u00f1a","@id":"https:\/\/sergiolapegue.com\/site\/#\/schema\/person\/00adf937d010c7f79a180dc4916a40e0"},"headline":"Argentina, Am\u00e9rica Latina y el mapa de ciberamenazas globales","datePublished":"2024-04-23T12:32:00+00:00","mainEntityOfPage":{"@id":"https:\/\/sergiolapegue.com\/site\/2024\/04\/23\/argentina-america-latina-y-el-mapa-de-ciberamenazas-globales\/"},"wordCount":784,"publisher":{"@id":"https:\/\/sergiolapegue.com\/site\/#\/schema\/person\/083aeceeb0734cd166779ea6c0551a37"},"image":{"@id":"https:\/\/sergiolapegue.com\/site\/2024\/04\/23\/argentina-america-latina-y-el-mapa-de-ciberamenazas-globales\/#primaryimage"},"thumbnailUrl":"https:\/\/sergiolapegue.com\/site\/wp-content\/uploads\/2024\/04\/mapa-indice-ciberseguridad02.jpg","keywords":["argentina","ataque","celular","ciberamenaza","cripto","iphone","mapa","moneda","movil","region"],"articleSection":["Actualidad"],"inLanguage":"es-AR"},{"@type":"WebPage","@id":"https:\/\/sergiolapegue.com\/site\/2024\/04\/23\/argentina-america-latina-y-el-mapa-de-ciberamenazas-globales\/","url":"https:\/\/sergiolapegue.com\/site\/2024\/04\/23\/argentina-america-latina-y-el-mapa-de-ciberamenazas-globales\/","name":"Argentina, Am\u00e9rica Latina y el mapa de ciberamenazas globales - Sergio Lapegue","isPartOf":{"@id":"https:\/\/sergiolapegue.com\/site\/#website"},"primaryImageOfPage":{"@id":"https:\/\/sergiolapegue.com\/site\/2024\/04\/23\/argentina-america-latina-y-el-mapa-de-ciberamenazas-globales\/#primaryimage"},"image":{"@id":"https:\/\/sergiolapegue.com\/site\/2024\/04\/23\/argentina-america-latina-y-el-mapa-de-ciberamenazas-globales\/#primaryimage"},"thumbnailUrl":"https:\/\/sergiolapegue.com\/site\/wp-content\/uploads\/2024\/04\/mapa-indice-ciberseguridad02.jpg","datePublished":"2024-04-23T12:32:00+00:00","breadcrumb":{"@id":"https:\/\/sergiolapegue.com\/site\/2024\/04\/23\/argentina-america-latina-y-el-mapa-de-ciberamenazas-globales\/#breadcrumb"},"inLanguage":"es-AR","potentialAction":[{"@type":"ReadAction","target":["https:\/\/sergiolapegue.com\/site\/2024\/04\/23\/argentina-america-latina-y-el-mapa-de-ciberamenazas-globales\/"]}]},{"@type":"ImageObject","inLanguage":"es-AR","@id":"https:\/\/sergiolapegue.com\/site\/2024\/04\/23\/argentina-america-latina-y-el-mapa-de-ciberamenazas-globales\/#primaryimage","url":"https:\/\/sergiolapegue.com\/site\/wp-content\/uploads\/2024\/04\/mapa-indice-ciberseguridad02.jpg","contentUrl":"https:\/\/sergiolapegue.com\/site\/wp-content\/uploads\/2024\/04\/mapa-indice-ciberseguridad02.jpg","width":1440,"height":570},{"@type":"BreadcrumbList","@id":"https:\/\/sergiolapegue.com\/site\/2024\/04\/23\/argentina-america-latina-y-el-mapa-de-ciberamenazas-globales\/#breadcrumb","itemListElement":[{"@type":"ListItem","position":1,"name":"Inicio","item":"https:\/\/sergiolapegue.com\/site\/"},{"@type":"ListItem","position":2,"name":"Argentina, Am\u00e9rica Latina y el mapa de ciberamenazas globales"}]},{"@type":"WebSite","@id":"https:\/\/sergiolapegue.com\/site\/#website","url":"https:\/\/sergiolapegue.com\/site\/","name":"Sergio Lapegue","description":"Periodista","publisher":{"@id":"https:\/\/sergiolapegue.com\/site\/#\/schema\/person\/083aeceeb0734cd166779ea6c0551a37"},"potentialAction":[{"@type":"SearchAction","target":{"@type":"EntryPoint","urlTemplate":"https:\/\/sergiolapegue.com\/site\/?s={search_term_string}"},"query-input":{"@type":"PropertyValueSpecification","valueRequired":true,"valueName":"search_term_string"}}],"inLanguage":"es-AR"},{"@type":["Person","Organization"],"@id":"https:\/\/sergiolapegue.com\/site\/#\/schema\/person\/083aeceeb0734cd166779ea6c0551a37","name":"Sergio Lapegue","image":{"@type":"ImageObject","inLanguage":"es-AR","@id":"https:\/\/sergiolapegue.com\/site\/wp-content\/uploads\/2021\/04\/logo_header-1.png","url":"https:\/\/sergiolapegue.com\/site\/wp-content\/uploads\/2021\/04\/logo_header-1.png","contentUrl":"https:\/\/sergiolapegue.com\/site\/wp-content\/uploads\/2021\/04\/logo_header-1.png","width":272,"height":90,"caption":"Sergio Lapegue"},"logo":{"@id":"https:\/\/sergiolapegue.com\/site\/wp-content\/uploads\/2021\/04\/logo_header-1.png"},"sameAs":["https:\/\/facebook.com\/sergiolapegue","https:\/\/instagram.com\/sergiolapegue","https:\/\/x.com\/https:\/\/twitter.com\/sergiolapegue"]},{"@type":"Person","@id":"https:\/\/sergiolapegue.com\/site\/#\/schema\/person\/00adf937d010c7f79a180dc4916a40e0","name":"Leonardo Monta\u00f1a","image":{"@type":"ImageObject","inLanguage":"es-AR","@id":"https:\/\/sergiolapegue.com\/site\/wp-content\/uploads\/2021\/04\/sl_avatar_Leonardo-150x150.jpg","url":"https:\/\/sergiolapegue.com\/site\/wp-content\/uploads\/2021\/04\/sl_avatar_Leonardo-150x150.jpg","contentUrl":"https:\/\/sergiolapegue.com\/site\/wp-content\/uploads\/2021\/04\/sl_avatar_Leonardo-150x150.jpg","caption":"Leonardo Monta\u00f1a"},"sameAs":["https:\/\/x.com\/https:\/\/twitter.com\/soytoto81"],"url":"https:\/\/sergiolapegue.com\/site\/author\/leonardo\/"}]}},"_links":{"self":[{"href":"https:\/\/sergiolapegue.com\/site\/wp-json\/wp\/v2\/posts\/14370","targetHints":{"allow":["GET"]}}],"collection":[{"href":"https:\/\/sergiolapegue.com\/site\/wp-json\/wp\/v2\/posts"}],"about":[{"href":"https:\/\/sergiolapegue.com\/site\/wp-json\/wp\/v2\/types\/post"}],"author":[{"embeddable":true,"href":"https:\/\/sergiolapegue.com\/site\/wp-json\/wp\/v2\/users\/4"}],"replies":[{"embeddable":true,"href":"https:\/\/sergiolapegue.com\/site\/wp-json\/wp\/v2\/comments?post=14370"}],"version-history":[{"count":1,"href":"https:\/\/sergiolapegue.com\/site\/wp-json\/wp\/v2\/posts\/14370\/revisions"}],"predecessor-version":[{"id":14373,"href":"https:\/\/sergiolapegue.com\/site\/wp-json\/wp\/v2\/posts\/14370\/revisions\/14373"}],"wp:featuredmedia":[{"embeddable":true,"href":"https:\/\/sergiolapegue.com\/site\/wp-json\/wp\/v2\/media\/14372"}],"wp:attachment":[{"href":"https:\/\/sergiolapegue.com\/site\/wp-json\/wp\/v2\/media?parent=14370"}],"wp:term":[{"taxonomy":"category","embeddable":true,"href":"https:\/\/sergiolapegue.com\/site\/wp-json\/wp\/v2\/categories?post=14370"},{"taxonomy":"post_tag","embeddable":true,"href":"https:\/\/sergiolapegue.com\/site\/wp-json\/wp\/v2\/tags?post=14370"}],"curies":[{"name":"wp","href":"https:\/\/api.w.org\/{rel}","templated":true}]}}