{"id":14355,"date":"2024-04-19T06:00:00","date_gmt":"2024-04-19T09:00:00","guid":{"rendered":"https:\/\/sergiolapegue.com\/site\/?p=14355"},"modified":"2024-04-17T00:39:15","modified_gmt":"2024-04-17T03:39:15","slug":"expedicion-un-camino-con-proposito","status":"publish","type":"post","link":"https:\/\/sergiolapegue.com\/site\/2024\/04\/19\/expedicion-un-camino-con-proposito\/","title":{"rendered":"EXPEDICI\u00d3N UN CAMINO CON PROP\u00d3SITO"},"content":{"rendered":"\n<p>El nuevo libro de el Master Coach Mart\u00edn Daulerio. <a href=\"https:\/\/86415.clicks.tstes.net\/track\/click?u=3458485&amp;p=38363431353a3832383a3a303a303a31&amp;s=7c8fe4e51755ac1201ddf6b29af33437&amp;m=0\" target=\"_blank\" rel=\"noreferrer noopener\">www.martindaulerio.com<\/a><\/p>\n\n\n\n<p>El master coach&nbsp;Mart\u00edn Daulerio&nbsp;nos invita a sumergirnos en un viaje transformador a trav\u00e9s de su libro,&nbsp;Expedici\u00f3n, un camino con prop\u00f3sito. En esta obra, Mart\u00edn comparte no s\u00f3lo un relato apasionante sobre su traves\u00eda de autoexploraci\u00f3n y crecimiento, sino que tambi\u00e9n nos gu\u00eda a descubrir el prop\u00f3sito que da sentido a nuestras vidas. A lo largo de las p\u00e1ginas, el autor narra c\u00f3mo, en la b\u00fasqueda de contenido y anotaciones para su libro, se encontr\u00f3 con una carpeta repleta de fotos y capturas de pantalla que le recordaron el&nbsp;impacto de su trabajo en la vida de otras personas.<br>Expedici\u00f3n, un camino con prop\u00f3sito&nbsp;es m\u00e1s que una narrativa personal; es&nbsp;una herramienta para quienes buscan profundizar en su propio ser, explorar sus talentos y vivir una vida plena y significativa.&nbsp;Mart\u00edn Daulerio nos ofrece no solo su testimonio, sino tambi\u00e9n un espejo en el que podemos ver reflejadas nuestras propias b\u00fasquedas y aspiraciones.<\/p>\n\n\n\n<p>\u201cCuando estaba creando Expedici\u00f3n, redescubr\u00ed el prop\u00f3sito que hab\u00eda impulsado mi vida y mi carrera\u201d, comparte Daulerio. \u201cEsa conexi\u00f3n profunda con las personas que han sido tocadas por mi entrenamiento y las declaraciones de prop\u00f3sito de cada uno, me hizo ver que este viaje tan espectacular no era solo m\u00edo\u201d.<br>Daulerio revela c\u00f3mo, despu\u00e9s de a\u00f1os de compartir y ense\u00f1ar, el prop\u00f3sito que cre\u00eda exclusivamente suyo, se hab\u00eda expandido, tocando la vida de otros de maneras que nunca imagin\u00f3. \u201cExpedici\u00f3n es una invitaci\u00f3n a compartir, a conectar con lo que verdaderamente nos mueve y a vivir en bienestar y abundancia\u201d, afirma.<\/p>\n\n\n\n<figure class=\"wp-block-image size-large is-resized\"><img loading=\"lazy\" decoding=\"async\" width=\"683\" height=\"1024\" src=\"https:\/\/sergiolapegue.com\/site\/wp-content\/uploads\/2024\/04\/Expedicion-un-camino-con-proposito-1-683x1024.jpg\" alt=\"\" class=\"wp-image-14356\" style=\"width:696px;height:auto\" srcset=\"https:\/\/sergiolapegue.com\/site\/wp-content\/uploads\/2024\/04\/Expedicion-un-camino-con-proposito-1-683x1024.jpg 683w, https:\/\/sergiolapegue.com\/site\/wp-content\/uploads\/2024\/04\/Expedicion-un-camino-con-proposito-1-200x300.jpg 200w, https:\/\/sergiolapegue.com\/site\/wp-content\/uploads\/2024\/04\/Expedicion-un-camino-con-proposito-1-768x1152.jpg 768w, https:\/\/sergiolapegue.com\/site\/wp-content\/uploads\/2024\/04\/Expedicion-un-camino-con-proposito-1-1024x1536.jpg 1024w, https:\/\/sergiolapegue.com\/site\/wp-content\/uploads\/2024\/04\/Expedicion-un-camino-con-proposito-1-1365x2048.jpg 1365w, https:\/\/sergiolapegue.com\/site\/wp-content\/uploads\/2024\/04\/Expedicion-un-camino-con-proposito-1-280x420.jpg 280w, https:\/\/sergiolapegue.com\/site\/wp-content\/uploads\/2024\/04\/Expedicion-un-camino-con-proposito-1-696x1044.jpg 696w, https:\/\/sergiolapegue.com\/site\/wp-content\/uploads\/2024\/04\/Expedicion-un-camino-con-proposito-1-1068x1602.jpg 1068w, https:\/\/sergiolapegue.com\/site\/wp-content\/uploads\/2024\/04\/Expedicion-un-camino-con-proposito-1.jpg 1400w\" sizes=\"auto, (max-width: 683px) 100vw, 683px\" \/><\/figure>\n\n\n\n<p><strong>SINOPSIS<\/strong><\/p>\n\n\n\n<p>\u00bfQui\u00e9n dijo que tener un prop\u00f3sito es un lujo? Muchos piensan que en esta vida primero tienen que trabajar, pagar las cuentas, educar a los hijos y reci\u00e9n despu\u00e9s podr\u00edan dedicarse a buscar su prop\u00f3sito. Pero deber\u00eda ser exactamente al rev\u00e9s. Porque cuando conectamos con el prop\u00f3sito, conectamos con el sentido, y eso le da valor a todo lo que hacemos. En este libro, el experimentado coach&nbsp;Mart\u00edn Daulerio MCC&nbsp;acompa\u00f1a a encontrar ese prop\u00f3sito que permita no solo sostener con firmeza cada objetivo que encaremos, sino que adem\u00e1s nos trascienda en el mundo. Con ejercicios, din\u00e1micas y ejemplos claros y concretos,&nbsp;Expedici\u00f3n: un camino con prop\u00f3sito&nbsp;permitir\u00e1 construir una identidad poderosa con la que los resultados lleguen por s\u00ed solos en lugar de estar persigui\u00e9ndolos. Porque&nbsp;encontrar el prop\u00f3sito es convertirnos en quien siempre estuvimos destinados a ser para vivir con pasi\u00f3n y volumen.<\/p>\n\n\n\n<figure class=\"wp-block-image size-full\"><img loading=\"lazy\" decoding=\"async\" width=\"721\" height=\"791\" src=\"https:\/\/sergiolapegue.com\/site\/wp-content\/uploads\/2024\/04\/Expedicion-un-camino-con-proposito-3.jpeg\" alt=\"\" class=\"wp-image-14357\" srcset=\"https:\/\/sergiolapegue.com\/site\/wp-content\/uploads\/2024\/04\/Expedicion-un-camino-con-proposito-3.jpeg 721w, https:\/\/sergiolapegue.com\/site\/wp-content\/uploads\/2024\/04\/Expedicion-un-camino-con-proposito-3-273x300.jpeg 273w, https:\/\/sergiolapegue.com\/site\/wp-content\/uploads\/2024\/04\/Expedicion-un-camino-con-proposito-3-383x420.jpeg 383w, https:\/\/sergiolapegue.com\/site\/wp-content\/uploads\/2024\/04\/Expedicion-un-camino-con-proposito-3-696x764.jpeg 696w\" sizes=\"auto, (max-width: 721px) 100vw, 721px\" \/><\/figure>\n\n\n\n<p><strong>BIO MART\u00cdN DAULERIO<\/strong><\/p>\n\n\n\n<p>\u201cMi misi\u00f3n es apoyar a las personas a conectar con su Ser Creativo para lograr una vida en plenitud con pasi\u00f3n y prop\u00f3sito.\u201d<\/p>\n\n\n\n<ul class=\"wp-block-list\">\n<li>Master Coach Metacreativo.<\/li>\n\n\n\n<li>Autor del libro \u201cExpedici\u00f3n, un camino con prop\u00f3sito\u201d<\/li>\n\n\n\n<li>Coach Ontol\u00f3gico.<\/li>\n\n\n\n<li>Coach Sist\u00e9mico.<\/li>\n\n\n\n<li>Supervisor de coaching certificado ICF<\/li>\n\n\n\n<li>\u00a0Mentor Coach Certificado ICF.<\/li>\n\n\n\n<li>Coach ICF MCC.<\/li>\n\n\n\n<li>Speaker Vivencial.<\/li>\n\n\n\n<li>Creativo y Comunicador.<\/li>\n\n\n\n<li>Co-Fundador de Expedition Purpose Academy (EPA)<\/li>\n\n\n\n<li>Co-Fundador de Faiketen Studio: Productora de audio y podcasting.<\/li>\n\n\n\n<li>Co-Fundador y co-director de la Escuela del Potencial Humano Integral<br>Sist\u00e9mico (EPHIS) con presencia en Argentina, Colombia y USA.<\/li>\n\n\n\n<li>Co-Creador y co-director de la Certificaci\u00f3n en Coaching Ontol\u00f3gico Metacreativo.<\/li>\n\n\n\n<li>Formador de Coaches.<\/li>\n\n\n\n<li>+3200 horas de Coaching.<\/li>\n<\/ul>\n\n\n\n<figure class=\"wp-block-image size-full\"><img loading=\"lazy\" decoding=\"async\" width=\"772\" height=\"773\" src=\"https:\/\/sergiolapegue.com\/site\/wp-content\/uploads\/2024\/04\/Expedicion-un-camino-con-proposito-5.jpeg\" alt=\"\" class=\"wp-image-14358\" srcset=\"https:\/\/sergiolapegue.com\/site\/wp-content\/uploads\/2024\/04\/Expedicion-un-camino-con-proposito-5.jpeg 772w, https:\/\/sergiolapegue.com\/site\/wp-content\/uploads\/2024\/04\/Expedicion-un-camino-con-proposito-5-300x300.jpeg 300w, https:\/\/sergiolapegue.com\/site\/wp-content\/uploads\/2024\/04\/Expedicion-un-camino-con-proposito-5-150x150.jpeg 150w, https:\/\/sergiolapegue.com\/site\/wp-content\/uploads\/2024\/04\/Expedicion-un-camino-con-proposito-5-768x769.jpeg 768w, https:\/\/sergiolapegue.com\/site\/wp-content\/uploads\/2024\/04\/Expedicion-un-camino-con-proposito-5-419x420.jpeg 419w, https:\/\/sergiolapegue.com\/site\/wp-content\/uploads\/2024\/04\/Expedicion-un-camino-con-proposito-5-696x697.jpeg 696w\" sizes=\"auto, (max-width: 772px) 100vw, 772px\" \/><\/figure>\n\n\n\n<p><strong>EXPERIENCIA<\/strong><strong><br>Expedition Purpose Academy<\/strong>&nbsp;&#8211;&nbsp;Co-Fundador y Entrenador<\/p>\n\n\n\n<p>2023 \u2013 PRESENTE<\/p>\n\n\n\n<p>Director programa y entrenador del programa \u201cExpedici\u00f3n\u201d, que est\u00e1 orientado a redise\u00f1o personal y el desarrollo de liderazgo a trav\u00e9s del prop\u00f3sito.<\/p>\n\n\n\n<p><strong>EPHIS Latam<\/strong>&nbsp;\u2014&nbsp;Co-Fundador y Director Acad\u00e9mico<\/p>\n\n\n\n<p>2018 \u2013 PRESENTE<\/p>\n\n\n\n<p>Director y mentor de la Certificaci\u00f3n en Coaching Ontol\u00f3gico con Enfoque Metacreativo y Speaker Vivencial, programa Nivel 2 avalado por ICF.<\/p>\n\n\n\n<p><strong>ILC Academy, Miami (USA<\/strong>) \u2014&nbsp;Mentor coach asociado<\/p>\n\n\n\n<p>2021 \u2013 PRESENTE<\/p>\n\n\n\n<p>Mentor coach para los graduados de la certificaci\u00f3n en Master Life Coach, dirigida por Fernando Celis PCC.<\/p>\n\n\n\n<p><strong>Expedici\u00f3n<\/strong>&nbsp;\u2014&nbsp;Creador y facilitador<\/p>\n\n\n\n<p>2014 \u2013 PRESENTE<\/p>\n\n\n\n<p>Entrenamiento de 3 d\u00edas enfocado en prop\u00f3sito y sentido. Llevamos realizadas ya m\u00e1s de 15 ediciones en distintas ciudades de Hispanoam\u00e9rica.<\/p>\n\n\n\n<p><strong>S\u00faperhumanos<\/strong>, Colombia |&nbsp;<strong>Misi\u00f3n Vital<\/strong>, Los \u00c1ngeles (USA)<\/p>\n\n\n\n<p>Entrenador en Potencial Humano 2019 \u2013 PRESENTE<\/p>\n\n\n\n<p>Entrenador de taller \u201cConsciencia\u201d<\/p>\n\n\n\n<p><strong>ICF Cap\u00edtulo<\/strong>&nbsp;Argentina, CABA<\/p>\n\n\n\n<p>2018 \u2013 2019<\/p>\n\n\n\n<p>Coordinador de Comunicaci\u00f3n y Prensa de la instituci\u00f3n.<\/p>\n\n\n\n<p><strong>Nueva Visi\u00f3n Argentina<\/strong>, CABA \u2014&nbsp;Coach Ontol\u00f3gico<\/p>\n\n\n\n<p>2015 \u2013 2019<\/p>\n\n\n\n<p>Docente de la Formaci\u00f3n en Coaching Ontol\u00f3gico y Liderazgo Transformacional que dicta la empresa.<\/p>\n\n\n\n<p><strong>Nueva Visi\u00f3n Argentina<\/strong>, CABA \u2014&nbsp;Entrenador en Potencial Humano 2014 &#8211; 2019<br>Entrenador de Talleres Vivenciales &#8211; Tres Niveles<\/p>\n\n\n\n<p>Entrenador de Talleres Adicionales \u201cLa Expedici\u00f3n\u201d, \u201cSer Abundante\u201d y \u201cDSM\u201d.<\/p>\n\n\n\n<p>Consultora que opera con empresas en temas de liderazgo organizacional, competencias comunicacionales, trabajo en equipo, desarrollo de programas de transformaci\u00f3n y talleres variados.<\/p>\n\n\n\n<p><strong>Buenos Aires 1<\/strong>, CABA \u2014&nbsp;Entrenador en Potencial Humano<\/p>\n\n\n\n<p>2007 \u2013 2010<\/p>\n\n\n\n<p>2007-2010 Entrenador de Programas de Liderazgo.<\/p>\n\n\n\n<p>2011-2012 Entrenador de Taller B\u00e1sico<\/p>\n\n\n\n<figure class=\"wp-block-image size-full\"><img loading=\"lazy\" decoding=\"async\" width=\"724\" height=\"739\" src=\"https:\/\/sergiolapegue.com\/site\/wp-content\/uploads\/2024\/04\/Expedicion-un-camino-con-proposito-4.jpeg\" alt=\"\" class=\"wp-image-14359\" srcset=\"https:\/\/sergiolapegue.com\/site\/wp-content\/uploads\/2024\/04\/Expedicion-un-camino-con-proposito-4.jpeg 724w, https:\/\/sergiolapegue.com\/site\/wp-content\/uploads\/2024\/04\/Expedicion-un-camino-con-proposito-4-294x300.jpeg 294w, https:\/\/sergiolapegue.com\/site\/wp-content\/uploads\/2024\/04\/Expedicion-un-camino-con-proposito-4-411x420.jpeg 411w, https:\/\/sergiolapegue.com\/site\/wp-content\/uploads\/2024\/04\/Expedicion-un-camino-con-proposito-4-696x710.jpeg 696w\" sizes=\"auto, (max-width: 724px) 100vw, 724px\" \/><\/figure>\n\n\n\n<p><strong>EDUCACI\u00d3N<\/strong><\/p>\n\n\n\n<p><strong>TEA Periodismo, Buenos Aires<\/strong>&nbsp;\u2014&nbsp;T\u00e9cnico en Periodismo General<\/p>\n\n\n\n<p>MARZO DE 1996 &#8211; DICIEMBRE DE 1998<\/p>\n\n\n\n<p>Formaci\u00f3n profesional como periodista.<\/p>\n\n\n\n<p><strong>ICC Group Consulting, Miami<\/strong>&nbsp;| Buenos Aires\u2014&nbsp;Coach<\/p>\n\n\n\n<p>MARZO DE 2009 &#8211; DICIEMBRE DE 2010<\/p>\n\n\n\n<p>Formaci\u00f3n en Coaching Modelo Ontol\u00f3gico especializada en Management y Liderazgo<br><strong>Espheras Coaching (Delia Chudnovsky)<\/strong>, Buenos Aires \u2014&nbsp;Diplomado en Coaching<\/p>\n\n\n\n<p>Onto Corporal<\/p>\n\n\n\n<p>AGOSTO DE 2012 &#8211; AGOSTO DE 2013<\/p>\n\n\n\n<p>Posgrado para Coaches Certificados apuntado a desarrollar herramientas y habilidades para la intervenci\u00f3n Corporal.<\/p>\n\n\n\n<p><strong>Goldvarg Consulting Group, Buenos Aires<\/strong>&nbsp;| Los \u00c1ngeles \u2014&nbsp;Mentor Coach<\/p>\n\n\n\n<p>MARZO DE 2017 &#8211; JUNIO DE 2017<\/p>\n\n\n\n<p>Certificaci\u00f3n en Mentor Coaching avalada por la International Coach Federation (ICF)<br><strong>CoachingxValores Buenos Aires<\/strong>&nbsp;\u2014 Certificaci\u00f3n<\/p>\n\n\n\n<p>OCTUBRE DE 2018&nbsp;<\/p>\n\n\n\n<p>Primera promoci\u00f3n argentina de la Certificaci\u00f3n Internacional de CoachingxValores<\/p>\n\n\n\n<p><strong>Marco Leone MCC<\/strong>, Buenos Aires | C\u00f3rdoba<\/p>\n\n\n\n<p>MARZO DE 2018 \u2013 ACTUALIDAD<\/p>\n\n\n\n<p>Entrenamiento Sist\u00e9mico (CCE &#8211; ICF)<\/p>\n\n\n\n<p><strong>Alain Cardon MCC<\/strong>, Buenos Aires | Certificaci\u00f3n<\/p>\n\n\n\n<p>OCTUBRE DE 2018 &#8211; NOVIEMBRE 2020<\/p>\n\n\n\n<p>Integrante de la primera camada de Coaches Sist\u00e9micos certificados de la escuela de Alain Cardon en Latinoam\u00e9rica. (CCE &#8211; ICF)<\/p>\n\n\n\n<p><strong>Melina Vicario<\/strong>&nbsp;(Staff Richard Bandler), Buenos Aires | Certificaci\u00f3n Internacional<\/p>\n\n\n\n<p>MARZO DE 2019 \u2013 ACTUALIDAD<\/p>\n\n\n\n<p>PNL Licensed Practitioner<\/p>\n\n\n\n<p><strong>Goldvarg Consulting Group<\/strong>, \u2014&nbsp;Supervisi\u00f3n de Coaching<\/p>\n\n\n\n<p>MARZO DE 2023 &#8211; DICIEMBRE DE 2023<\/p>\n\n\n\n<p>Certificaci\u00f3n en Supervisi\u00f3n de Coaching avalada por la International Coach Federation (ICF)<\/p>\n\n\n\n<p><\/p>\n\n\n\n<p>Gracias Marcela N\u00fa\u00f1ez por acercarnos la gacetilla de prensa con toda la informaci\u00f3n del lanzamiento del libro de Mart\u00edn Daulerio. <\/p>\n","protected":false},"excerpt":{"rendered":"<p>El nuevo libro de el Master Coach Mart\u00edn Daulerio. www.martindaulerio.com El master coach&nbsp;Mart\u00edn Daulerio&nbsp;nos invita a sumergirnos en un viaje transformador a trav\u00e9s de su libro,&nbsp;Expedici\u00f3n, un camino con prop\u00f3sito. En esta obra, Mart\u00edn comparte no s\u00f3lo un relato apasionante sobre su traves\u00eda de autoexploraci\u00f3n y crecimiento, sino que tambi\u00e9n nos gu\u00eda a descubrir el [&hellip;]<\/p>\n","protected":false},"author":3,"featured_media":14360,"comment_status":"open","ping_status":"closed","sticky":false,"template":"","format":"standard","meta":{"footnotes":""},"categories":[34,37],"tags":[],"class_list":{"0":"post-14355","1":"post","2":"type-post","3":"status-publish","4":"format-standard","5":"has-post-thumbnail","7":"category-arte","8":"category-libros"},"yoast_head":"<!-- This site is optimized with the Yoast SEO plugin v27.4 - https:\/\/yoast.com\/product\/yoast-seo-wordpress\/ -->\n<title>EXPEDICI\u00d3N UN CAMINO CON PROP\u00d3SITO - Sergio Lapegue<\/title>\n<meta name=\"robots\" content=\"index, follow, max-snippet:-1, max-image-preview:large, max-video-preview:-1\" \/>\n<link rel=\"canonical\" href=\"https:\/\/sergiolapegue.com\/site\/2024\/04\/19\/expedicion-un-camino-con-proposito\/\" \/>\n<meta property=\"og:locale\" content=\"es_ES\" \/>\n<meta property=\"og:type\" content=\"article\" \/>\n<meta property=\"og:title\" content=\"EXPEDICI\u00d3N UN CAMINO CON PROP\u00d3SITO - Sergio Lapegue\" \/>\n<meta property=\"og:description\" content=\"El nuevo libro de el Master Coach Mart\u00edn Daulerio. www.martindaulerio.com El master coach&nbsp;Mart\u00edn Daulerio&nbsp;nos invita a sumergirnos en un viaje transformador a trav\u00e9s de su libro,&nbsp;Expedici\u00f3n, un camino con prop\u00f3sito. En esta obra, Mart\u00edn comparte no s\u00f3lo un relato apasionante sobre su traves\u00eda de autoexploraci\u00f3n y crecimiento, sino que tambi\u00e9n nos gu\u00eda a descubrir el [&hellip;]\" \/>\n<meta property=\"og:url\" content=\"https:\/\/sergiolapegue.com\/site\/2024\/04\/19\/expedicion-un-camino-con-proposito\/\" \/>\n<meta property=\"og:site_name\" content=\"Sergio Lapegue\" \/>\n<meta property=\"article:publisher\" content=\"https:\/\/facebook.com\/sergiolapegue\" \/>\n<meta property=\"article:author\" content=\"https:\/\/facebook.com\/danielernesto.montana\" \/>\n<meta property=\"article:published_time\" content=\"2024-04-19T09:00:00+00:00\" \/>\n<meta property=\"og:image\" content=\"https:\/\/sergiolapegue.com\/site\/wp-content\/uploads\/2024\/04\/Expedicion-un-camino-con-proposito-0.jpg\" \/>\n\t<meta property=\"og:image:width\" content=\"700\" \/>\n\t<meta property=\"og:image:height\" content=\"1051\" \/>\n\t<meta property=\"og:image:type\" content=\"image\/jpeg\" \/>\n<meta name=\"author\" content=\"Daniel E. Monta\u00f1a\" \/>\n<meta name=\"twitter:card\" content=\"summary_large_image\" \/>\n<meta name=\"twitter:creator\" content=\"@https:\/\/twitter.com\/daner_004\" \/>\n<meta name=\"twitter:site\" content=\"@sergiolapegue\" \/>\n<meta name=\"twitter:label1\" content=\"Escrito por\" \/>\n\t<meta name=\"twitter:data1\" content=\"Daniel E. Monta\u00f1a\" \/>\n\t<meta name=\"twitter:label2\" content=\"Tiempo de lectura\" \/>\n\t<meta name=\"twitter:data2\" content=\"6 minutos\" \/>\n<script type=\"application\/ld+json\" class=\"yoast-schema-graph\">{\"@context\":\"https:\\\/\\\/schema.org\",\"@graph\":[{\"@type\":\"Article\",\"@id\":\"https:\\\/\\\/sergiolapegue.com\\\/site\\\/2024\\\/04\\\/19\\\/expedicion-un-camino-con-proposito\\\/#article\",\"isPartOf\":{\"@id\":\"https:\\\/\\\/sergiolapegue.com\\\/site\\\/2024\\\/04\\\/19\\\/expedicion-un-camino-con-proposito\\\/\"},\"author\":{\"name\":\"Daniel E. Monta\u00f1a\",\"@id\":\"https:\\\/\\\/sergiolapegue.com\\\/site\\\/#\\\/schema\\\/person\\\/9198e7dbab43c6d74d0fd5399af7c3cd\"},\"headline\":\"EXPEDICI\u00d3N UN CAMINO CON PROP\u00d3SITO\",\"datePublished\":\"2024-04-19T09:00:00+00:00\",\"mainEntityOfPage\":{\"@id\":\"https:\\\/\\\/sergiolapegue.com\\\/site\\\/2024\\\/04\\\/19\\\/expedicion-un-camino-con-proposito\\\/\"},\"wordCount\":1112,\"commentCount\":0,\"publisher\":{\"@id\":\"https:\\\/\\\/sergiolapegue.com\\\/site\\\/#\\\/schema\\\/person\\\/083aeceeb0734cd166779ea6c0551a37\"},\"image\":{\"@id\":\"https:\\\/\\\/sergiolapegue.com\\\/site\\\/2024\\\/04\\\/19\\\/expedicion-un-camino-con-proposito\\\/#primaryimage\"},\"thumbnailUrl\":\"https:\\\/\\\/sergiolapegue.com\\\/site\\\/wp-content\\\/uploads\\\/2024\\\/04\\\/Expedicion-un-camino-con-proposito-0.jpg\",\"articleSection\":[\"Arte\",\"Libros\"],\"inLanguage\":\"es-AR\",\"potentialAction\":[{\"@type\":\"CommentAction\",\"name\":\"Comment\",\"target\":[\"https:\\\/\\\/sergiolapegue.com\\\/site\\\/2024\\\/04\\\/19\\\/expedicion-un-camino-con-proposito\\\/#respond\"]}]},{\"@type\":\"WebPage\",\"@id\":\"https:\\\/\\\/sergiolapegue.com\\\/site\\\/2024\\\/04\\\/19\\\/expedicion-un-camino-con-proposito\\\/\",\"url\":\"https:\\\/\\\/sergiolapegue.com\\\/site\\\/2024\\\/04\\\/19\\\/expedicion-un-camino-con-proposito\\\/\",\"name\":\"EXPEDICI\u00d3N UN CAMINO CON PROP\u00d3SITO - Sergio Lapegue\",\"isPartOf\":{\"@id\":\"https:\\\/\\\/sergiolapegue.com\\\/site\\\/#website\"},\"primaryImageOfPage\":{\"@id\":\"https:\\\/\\\/sergiolapegue.com\\\/site\\\/2024\\\/04\\\/19\\\/expedicion-un-camino-con-proposito\\\/#primaryimage\"},\"image\":{\"@id\":\"https:\\\/\\\/sergiolapegue.com\\\/site\\\/2024\\\/04\\\/19\\\/expedicion-un-camino-con-proposito\\\/#primaryimage\"},\"thumbnailUrl\":\"https:\\\/\\\/sergiolapegue.com\\\/site\\\/wp-content\\\/uploads\\\/2024\\\/04\\\/Expedicion-un-camino-con-proposito-0.jpg\",\"datePublished\":\"2024-04-19T09:00:00+00:00\",\"breadcrumb\":{\"@id\":\"https:\\\/\\\/sergiolapegue.com\\\/site\\\/2024\\\/04\\\/19\\\/expedicion-un-camino-con-proposito\\\/#breadcrumb\"},\"inLanguage\":\"es-AR\",\"potentialAction\":[{\"@type\":\"ReadAction\",\"target\":[\"https:\\\/\\\/sergiolapegue.com\\\/site\\\/2024\\\/04\\\/19\\\/expedicion-un-camino-con-proposito\\\/\"]}]},{\"@type\":\"ImageObject\",\"inLanguage\":\"es-AR\",\"@id\":\"https:\\\/\\\/sergiolapegue.com\\\/site\\\/2024\\\/04\\\/19\\\/expedicion-un-camino-con-proposito\\\/#primaryimage\",\"url\":\"https:\\\/\\\/sergiolapegue.com\\\/site\\\/wp-content\\\/uploads\\\/2024\\\/04\\\/Expedicion-un-camino-con-proposito-0.jpg\",\"contentUrl\":\"https:\\\/\\\/sergiolapegue.com\\\/site\\\/wp-content\\\/uploads\\\/2024\\\/04\\\/Expedicion-un-camino-con-proposito-0.jpg\",\"width\":700,\"height\":1051},{\"@type\":\"BreadcrumbList\",\"@id\":\"https:\\\/\\\/sergiolapegue.com\\\/site\\\/2024\\\/04\\\/19\\\/expedicion-un-camino-con-proposito\\\/#breadcrumb\",\"itemListElement\":[{\"@type\":\"ListItem\",\"position\":1,\"name\":\"Inicio\",\"item\":\"https:\\\/\\\/sergiolapegue.com\\\/site\\\/\"},{\"@type\":\"ListItem\",\"position\":2,\"name\":\"EXPEDICI\u00d3N UN CAMINO CON PROP\u00d3SITO\"}]},{\"@type\":\"WebSite\",\"@id\":\"https:\\\/\\\/sergiolapegue.com\\\/site\\\/#website\",\"url\":\"https:\\\/\\\/sergiolapegue.com\\\/site\\\/\",\"name\":\"Sergio Lapegue\",\"description\":\"Periodista\",\"publisher\":{\"@id\":\"https:\\\/\\\/sergiolapegue.com\\\/site\\\/#\\\/schema\\\/person\\\/083aeceeb0734cd166779ea6c0551a37\"},\"potentialAction\":[{\"@type\":\"SearchAction\",\"target\":{\"@type\":\"EntryPoint\",\"urlTemplate\":\"https:\\\/\\\/sergiolapegue.com\\\/site\\\/?s={search_term_string}\"},\"query-input\":{\"@type\":\"PropertyValueSpecification\",\"valueRequired\":true,\"valueName\":\"search_term_string\"}}],\"inLanguage\":\"es-AR\"},{\"@type\":[\"Person\",\"Organization\"],\"@id\":\"https:\\\/\\\/sergiolapegue.com\\\/site\\\/#\\\/schema\\\/person\\\/083aeceeb0734cd166779ea6c0551a37\",\"name\":\"Sergio Lapegue\",\"image\":{\"@type\":\"ImageObject\",\"inLanguage\":\"es-AR\",\"@id\":\"https:\\\/\\\/sergiolapegue.com\\\/site\\\/wp-content\\\/uploads\\\/2021\\\/04\\\/logo_header-1.png\",\"url\":\"https:\\\/\\\/sergiolapegue.com\\\/site\\\/wp-content\\\/uploads\\\/2021\\\/04\\\/logo_header-1.png\",\"contentUrl\":\"https:\\\/\\\/sergiolapegue.com\\\/site\\\/wp-content\\\/uploads\\\/2021\\\/04\\\/logo_header-1.png\",\"width\":272,\"height\":90,\"caption\":\"Sergio Lapegue\"},\"logo\":{\"@id\":\"https:\\\/\\\/sergiolapegue.com\\\/site\\\/wp-content\\\/uploads\\\/2021\\\/04\\\/logo_header-1.png\"},\"sameAs\":[\"https:\\\/\\\/facebook.com\\\/sergiolapegue\",\"https:\\\/\\\/instagram.com\\\/sergiolapegue\",\"https:\\\/\\\/x.com\\\/https:\\\/\\\/twitter.com\\\/sergiolapegue\"]},{\"@type\":\"Person\",\"@id\":\"https:\\\/\\\/sergiolapegue.com\\\/site\\\/#\\\/schema\\\/person\\\/9198e7dbab43c6d74d0fd5399af7c3cd\",\"name\":\"Daniel E. Monta\u00f1a\",\"image\":{\"@type\":\"ImageObject\",\"inLanguage\":\"es-AR\",\"@id\":\"https:\\\/\\\/sergiolapegue.com\\\/site\\\/wp-content\\\/uploads\\\/2021\\\/04\\\/sl_avatar_Daniel-150x150.jpg\",\"url\":\"https:\\\/\\\/sergiolapegue.com\\\/site\\\/wp-content\\\/uploads\\\/2021\\\/04\\\/sl_avatar_Daniel-150x150.jpg\",\"contentUrl\":\"https:\\\/\\\/sergiolapegue.com\\\/site\\\/wp-content\\\/uploads\\\/2021\\\/04\\\/sl_avatar_Daniel-150x150.jpg\",\"caption\":\"Daniel E. Monta\u00f1a\"},\"sameAs\":[\"https:\\\/\\\/facebook.com\\\/danielernesto.montana\",\"https:\\\/\\\/instagram.com\\\/daniel_montana1961\",\"https:\\\/\\\/x.com\\\/https:\\\/\\\/twitter.com\\\/daner_004\"],\"url\":\"https:\\\/\\\/sergiolapegue.com\\\/site\\\/author\\\/daniel\\\/\"}]}<\/script>\n<!-- \/ Yoast SEO plugin. -->","yoast_head_json":{"title":"EXPEDICI\u00d3N UN CAMINO CON PROP\u00d3SITO - Sergio Lapegue","robots":{"index":"index","follow":"follow","max-snippet":"max-snippet:-1","max-image-preview":"max-image-preview:large","max-video-preview":"max-video-preview:-1"},"canonical":"https:\/\/sergiolapegue.com\/site\/2024\/04\/19\/expedicion-un-camino-con-proposito\/","og_locale":"es_ES","og_type":"article","og_title":"EXPEDICI\u00d3N UN CAMINO CON PROP\u00d3SITO - Sergio Lapegue","og_description":"El nuevo libro de el Master Coach Mart\u00edn Daulerio. www.martindaulerio.com El master coach&nbsp;Mart\u00edn Daulerio&nbsp;nos invita a sumergirnos en un viaje transformador a trav\u00e9s de su libro,&nbsp;Expedici\u00f3n, un camino con prop\u00f3sito. En esta obra, Mart\u00edn comparte no s\u00f3lo un relato apasionante sobre su traves\u00eda de autoexploraci\u00f3n y crecimiento, sino que tambi\u00e9n nos gu\u00eda a descubrir el [&hellip;]","og_url":"https:\/\/sergiolapegue.com\/site\/2024\/04\/19\/expedicion-un-camino-con-proposito\/","og_site_name":"Sergio Lapegue","article_publisher":"https:\/\/facebook.com\/sergiolapegue","article_author":"https:\/\/facebook.com\/danielernesto.montana","article_published_time":"2024-04-19T09:00:00+00:00","og_image":[{"width":700,"height":1051,"url":"https:\/\/sergiolapegue.com\/site\/wp-content\/uploads\/2024\/04\/Expedicion-un-camino-con-proposito-0.jpg","type":"image\/jpeg"}],"author":"Daniel E. Monta\u00f1a","twitter_card":"summary_large_image","twitter_creator":"@https:\/\/twitter.com\/daner_004","twitter_site":"@sergiolapegue","twitter_misc":{"Escrito por":"Daniel E. Monta\u00f1a","Tiempo de lectura":"6 minutos"},"schema":{"@context":"https:\/\/schema.org","@graph":[{"@type":"Article","@id":"https:\/\/sergiolapegue.com\/site\/2024\/04\/19\/expedicion-un-camino-con-proposito\/#article","isPartOf":{"@id":"https:\/\/sergiolapegue.com\/site\/2024\/04\/19\/expedicion-un-camino-con-proposito\/"},"author":{"name":"Daniel E. Monta\u00f1a","@id":"https:\/\/sergiolapegue.com\/site\/#\/schema\/person\/9198e7dbab43c6d74d0fd5399af7c3cd"},"headline":"EXPEDICI\u00d3N UN CAMINO CON PROP\u00d3SITO","datePublished":"2024-04-19T09:00:00+00:00","mainEntityOfPage":{"@id":"https:\/\/sergiolapegue.com\/site\/2024\/04\/19\/expedicion-un-camino-con-proposito\/"},"wordCount":1112,"commentCount":0,"publisher":{"@id":"https:\/\/sergiolapegue.com\/site\/#\/schema\/person\/083aeceeb0734cd166779ea6c0551a37"},"image":{"@id":"https:\/\/sergiolapegue.com\/site\/2024\/04\/19\/expedicion-un-camino-con-proposito\/#primaryimage"},"thumbnailUrl":"https:\/\/sergiolapegue.com\/site\/wp-content\/uploads\/2024\/04\/Expedicion-un-camino-con-proposito-0.jpg","articleSection":["Arte","Libros"],"inLanguage":"es-AR","potentialAction":[{"@type":"CommentAction","name":"Comment","target":["https:\/\/sergiolapegue.com\/site\/2024\/04\/19\/expedicion-un-camino-con-proposito\/#respond"]}]},{"@type":"WebPage","@id":"https:\/\/sergiolapegue.com\/site\/2024\/04\/19\/expedicion-un-camino-con-proposito\/","url":"https:\/\/sergiolapegue.com\/site\/2024\/04\/19\/expedicion-un-camino-con-proposito\/","name":"EXPEDICI\u00d3N UN CAMINO CON PROP\u00d3SITO - Sergio Lapegue","isPartOf":{"@id":"https:\/\/sergiolapegue.com\/site\/#website"},"primaryImageOfPage":{"@id":"https:\/\/sergiolapegue.com\/site\/2024\/04\/19\/expedicion-un-camino-con-proposito\/#primaryimage"},"image":{"@id":"https:\/\/sergiolapegue.com\/site\/2024\/04\/19\/expedicion-un-camino-con-proposito\/#primaryimage"},"thumbnailUrl":"https:\/\/sergiolapegue.com\/site\/wp-content\/uploads\/2024\/04\/Expedicion-un-camino-con-proposito-0.jpg","datePublished":"2024-04-19T09:00:00+00:00","breadcrumb":{"@id":"https:\/\/sergiolapegue.com\/site\/2024\/04\/19\/expedicion-un-camino-con-proposito\/#breadcrumb"},"inLanguage":"es-AR","potentialAction":[{"@type":"ReadAction","target":["https:\/\/sergiolapegue.com\/site\/2024\/04\/19\/expedicion-un-camino-con-proposito\/"]}]},{"@type":"ImageObject","inLanguage":"es-AR","@id":"https:\/\/sergiolapegue.com\/site\/2024\/04\/19\/expedicion-un-camino-con-proposito\/#primaryimage","url":"https:\/\/sergiolapegue.com\/site\/wp-content\/uploads\/2024\/04\/Expedicion-un-camino-con-proposito-0.jpg","contentUrl":"https:\/\/sergiolapegue.com\/site\/wp-content\/uploads\/2024\/04\/Expedicion-un-camino-con-proposito-0.jpg","width":700,"height":1051},{"@type":"BreadcrumbList","@id":"https:\/\/sergiolapegue.com\/site\/2024\/04\/19\/expedicion-un-camino-con-proposito\/#breadcrumb","itemListElement":[{"@type":"ListItem","position":1,"name":"Inicio","item":"https:\/\/sergiolapegue.com\/site\/"},{"@type":"ListItem","position":2,"name":"EXPEDICI\u00d3N UN CAMINO CON PROP\u00d3SITO"}]},{"@type":"WebSite","@id":"https:\/\/sergiolapegue.com\/site\/#website","url":"https:\/\/sergiolapegue.com\/site\/","name":"Sergio Lapegue","description":"Periodista","publisher":{"@id":"https:\/\/sergiolapegue.com\/site\/#\/schema\/person\/083aeceeb0734cd166779ea6c0551a37"},"potentialAction":[{"@type":"SearchAction","target":{"@type":"EntryPoint","urlTemplate":"https:\/\/sergiolapegue.com\/site\/?s={search_term_string}"},"query-input":{"@type":"PropertyValueSpecification","valueRequired":true,"valueName":"search_term_string"}}],"inLanguage":"es-AR"},{"@type":["Person","Organization"],"@id":"https:\/\/sergiolapegue.com\/site\/#\/schema\/person\/083aeceeb0734cd166779ea6c0551a37","name":"Sergio Lapegue","image":{"@type":"ImageObject","inLanguage":"es-AR","@id":"https:\/\/sergiolapegue.com\/site\/wp-content\/uploads\/2021\/04\/logo_header-1.png","url":"https:\/\/sergiolapegue.com\/site\/wp-content\/uploads\/2021\/04\/logo_header-1.png","contentUrl":"https:\/\/sergiolapegue.com\/site\/wp-content\/uploads\/2021\/04\/logo_header-1.png","width":272,"height":90,"caption":"Sergio Lapegue"},"logo":{"@id":"https:\/\/sergiolapegue.com\/site\/wp-content\/uploads\/2021\/04\/logo_header-1.png"},"sameAs":["https:\/\/facebook.com\/sergiolapegue","https:\/\/instagram.com\/sergiolapegue","https:\/\/x.com\/https:\/\/twitter.com\/sergiolapegue"]},{"@type":"Person","@id":"https:\/\/sergiolapegue.com\/site\/#\/schema\/person\/9198e7dbab43c6d74d0fd5399af7c3cd","name":"Daniel E. Monta\u00f1a","image":{"@type":"ImageObject","inLanguage":"es-AR","@id":"https:\/\/sergiolapegue.com\/site\/wp-content\/uploads\/2021\/04\/sl_avatar_Daniel-150x150.jpg","url":"https:\/\/sergiolapegue.com\/site\/wp-content\/uploads\/2021\/04\/sl_avatar_Daniel-150x150.jpg","contentUrl":"https:\/\/sergiolapegue.com\/site\/wp-content\/uploads\/2021\/04\/sl_avatar_Daniel-150x150.jpg","caption":"Daniel E. Monta\u00f1a"},"sameAs":["https:\/\/facebook.com\/danielernesto.montana","https:\/\/instagram.com\/daniel_montana1961","https:\/\/x.com\/https:\/\/twitter.com\/daner_004"],"url":"https:\/\/sergiolapegue.com\/site\/author\/daniel\/"}]}},"_links":{"self":[{"href":"https:\/\/sergiolapegue.com\/site\/wp-json\/wp\/v2\/posts\/14355","targetHints":{"allow":["GET"]}}],"collection":[{"href":"https:\/\/sergiolapegue.com\/site\/wp-json\/wp\/v2\/posts"}],"about":[{"href":"https:\/\/sergiolapegue.com\/site\/wp-json\/wp\/v2\/types\/post"}],"author":[{"embeddable":true,"href":"https:\/\/sergiolapegue.com\/site\/wp-json\/wp\/v2\/users\/3"}],"replies":[{"embeddable":true,"href":"https:\/\/sergiolapegue.com\/site\/wp-json\/wp\/v2\/comments?post=14355"}],"version-history":[{"count":1,"href":"https:\/\/sergiolapegue.com\/site\/wp-json\/wp\/v2\/posts\/14355\/revisions"}],"predecessor-version":[{"id":14361,"href":"https:\/\/sergiolapegue.com\/site\/wp-json\/wp\/v2\/posts\/14355\/revisions\/14361"}],"wp:featuredmedia":[{"embeddable":true,"href":"https:\/\/sergiolapegue.com\/site\/wp-json\/wp\/v2\/media\/14360"}],"wp:attachment":[{"href":"https:\/\/sergiolapegue.com\/site\/wp-json\/wp\/v2\/media?parent=14355"}],"wp:term":[{"taxonomy":"category","embeddable":true,"href":"https:\/\/sergiolapegue.com\/site\/wp-json\/wp\/v2\/categories?post=14355"},{"taxonomy":"post_tag","embeddable":true,"href":"https:\/\/sergiolapegue.com\/site\/wp-json\/wp\/v2\/tags?post=14355"}],"curies":[{"name":"wp","href":"https:\/\/api.w.org\/{rel}","templated":true}]}}