{"id":14313,"date":"2024-04-18T06:00:00","date_gmt":"2024-04-18T09:00:00","guid":{"rendered":"https:\/\/sergiolapegue.com\/site\/?p=14313"},"modified":"2024-04-15T00:06:26","modified_gmt":"2024-04-15T03:06:26","slug":"elegi-2","status":"publish","type":"post","link":"https:\/\/sergiolapegue.com\/site\/2024\/04\/18\/elegi-2\/","title":{"rendered":"\u201cELEG\u00cd\u201d"},"content":{"rendered":"\n<p>De la mano \u00a1y las palabras! de&nbsp;Valor Vereda, vuelve la m\u00e1s innovadora, creativa y m\u00e1gica experiencia para las infancias:&nbsp;Eleg\u00ed!&nbsp;<\/p>\n\n\n\n<p>Con la actuaci\u00f3n de Elisa L\u00f3pez Oro\u00f1o y Diego Mazurok,&nbsp;Eleg\u00ed!&nbsp;propone transitar una gran aventura basada en la improvisaci\u00f3n narrativa y la imaginaci\u00f3n.<\/p>\n\n\n\n<p>Eleg\u00ed!&nbsp;se presentar\u00e1 el&nbsp;S\u00e1bado 27 de abril en el Chacarerean Teatre.<\/p>\n\n\n\n<p>Valor Vereda lleva 17 a\u00f1os de propuestas l\u00fadicas para infancias.<\/p>\n\n\n\n<p>Grupo declarado de Inter\u00e9s Educativo por el Ministerio de Educaci\u00f3n de la Naci\u00f3n&nbsp;(2013)&nbsp;y de Inter\u00e9s Educativo, Cultural y Social por la Ciudad Aut\u00f3noma de Buenos Aires (2015)&nbsp;<\/p>\n\n\n\n<p>Ganador Premios ATINA&nbsp;<\/p>\n\n\n\n<p>Nominado a los Premios Hugo y a los Premios ACE&nbsp;<\/p>\n\n\n\n<figure class=\"wp-block-image size-large\"><img loading=\"lazy\" decoding=\"async\" width=\"768\" height=\"1024\" src=\"https:\/\/sergiolapegue.com\/site\/wp-content\/uploads\/2024\/04\/Elegi-1-768x1024.jpeg\" alt=\"\" class=\"wp-image-14314\" srcset=\"https:\/\/sergiolapegue.com\/site\/wp-content\/uploads\/2024\/04\/Elegi-1-768x1024.jpeg 768w, https:\/\/sergiolapegue.com\/site\/wp-content\/uploads\/2024\/04\/Elegi-1-225x300.jpeg 225w, https:\/\/sergiolapegue.com\/site\/wp-content\/uploads\/2024\/04\/Elegi-1-1152x1536.jpeg 1152w, https:\/\/sergiolapegue.com\/site\/wp-content\/uploads\/2024\/04\/Elegi-1-1536x2048.jpeg 1536w, https:\/\/sergiolapegue.com\/site\/wp-content\/uploads\/2024\/04\/Elegi-1-315x420.jpeg 315w, https:\/\/sergiolapegue.com\/site\/wp-content\/uploads\/2024\/04\/Elegi-1-696x928.jpeg 696w, https:\/\/sergiolapegue.com\/site\/wp-content\/uploads\/2024\/04\/Elegi-1-1068x1424.jpeg 1068w, https:\/\/sergiolapegue.com\/site\/wp-content\/uploads\/2024\/04\/Elegi-1-scaled.jpeg 1920w\" sizes=\"auto, (max-width: 768px) 100vw, 768px\" \/><\/figure>\n\n\n\n<p><strong>\u00bfQu\u00e9 es&nbsp;Eleg\u00ed!?<\/strong><\/p>\n\n\n\n<p>\u201cLa apuesta de Eleg\u00ed! es plasmar la voz en el cuerpo como \u00fanica presencia esc\u00e9nica. Para que quede de manifiesto el poder de la fantas\u00eda cuando se hace cuerpo mediante el relato. Dos actores, vestuarios neutros, y un espacio libre de escenograf\u00edas reivindican el valor de la presencia humana y del encuentro&#8221;. <strong>Elisa \/ Valor Vereda<\/strong><\/p>\n\n\n\n<p><strong>\u00bfSe acuerdan de esos libros en los que uno eleg\u00eda qu\u00e9 camino seguir?<\/strong><\/p>\n\n\n\n<p>Eleg\u00ed!&nbsp;es una experiencia narrativa vanguardista d\u00f3nde Eli y Diego, que est\u00e1n en el escenario, van creando mediante t\u00e9cnicas de improvisaci\u00f3n, la historia y los personajes. \u00a1El p\u00fablico es quien define el desarrollo de esta aventura!&nbsp;<\/p>\n\n\n\n<p>Todo se sit\u00faa en una isla m\u00e1gica, con un gran objetivo colectivo: llegar a un \u00fanico final ganador. Los protagonistas de la traves\u00eda son Ramiro, Mica y Trini, tres hermanos comunes y corrientes. Ni\u00f1os y ni\u00f1as de hoy, con intereses de hoy, que se meten en una isla encantada para vivir las aventuras de siempre; esas aventuras que trascienden generaciones, que no aparecen en la tablet, que no se pueden saltear en un zapping, porque estamos ah\u00ed, siendo protagonistas.<\/p>\n\n\n\n<p>Eli y Diego habitan un doble rol: hacen de narradores y de personajes a la vez. Desde el escenario ceden el protagonismo al p\u00fablico, a los chicos y a las chicas, para que ellos y ellas sean quienes eligen como sigue la historia.<\/p>\n\n\n\n<p>\u00bfQu\u00e9 eligen? \u00bfSeguir al sabio de la isla o ayudar a los caballos? \u00bfRecuperar el huevo de los deseos o volver al barco? Con cada elecci\u00f3n, el p\u00fablico tendr\u00e1 un desaf\u00edo que seguir\u00e1 desde sus butacas.&nbsp;<\/p>\n\n\n\n<p>Ser\u00e1 nuestra historia, la que el p\u00fablico elija, la que nos conduzca a un final feliz.<\/p>\n\n\n\n<p>\u201cEl entrecruzamiento que hacemos entre la fantas\u00eda y la realidad (cuando de la historia pasamos a los desaf\u00edos que realizan en equipo desde las butacas) es lo que va tejiendo esa responsabilidad compartida de ser parte de algo colectivo y significativo para todos. Cada funci\u00f3n es un v\u00e9rtigo, un abismo creativo que nos invita a habitar un show diferente cada vez&#8221;. <strong>Diego \/ Valor Vereda<\/strong><\/p>\n\n\n\n<figure class=\"wp-block-image size-large\"><img loading=\"lazy\" decoding=\"async\" width=\"768\" height=\"1024\" src=\"https:\/\/sergiolapegue.com\/site\/wp-content\/uploads\/2024\/04\/Elegi-2-768x1024.jpeg\" alt=\"\" class=\"wp-image-14315\" srcset=\"https:\/\/sergiolapegue.com\/site\/wp-content\/uploads\/2024\/04\/Elegi-2-768x1024.jpeg 768w, https:\/\/sergiolapegue.com\/site\/wp-content\/uploads\/2024\/04\/Elegi-2-225x300.jpeg 225w, https:\/\/sergiolapegue.com\/site\/wp-content\/uploads\/2024\/04\/Elegi-2-1152x1536.jpeg 1152w, https:\/\/sergiolapegue.com\/site\/wp-content\/uploads\/2024\/04\/Elegi-2-1536x2048.jpeg 1536w, https:\/\/sergiolapegue.com\/site\/wp-content\/uploads\/2024\/04\/Elegi-2-315x420.jpeg 315w, https:\/\/sergiolapegue.com\/site\/wp-content\/uploads\/2024\/04\/Elegi-2-696x928.jpeg 696w, https:\/\/sergiolapegue.com\/site\/wp-content\/uploads\/2024\/04\/Elegi-2-1068x1424.jpeg 1068w, https:\/\/sergiolapegue.com\/site\/wp-content\/uploads\/2024\/04\/Elegi-2-scaled.jpeg 1920w\" sizes=\"auto, (max-width: 768px) 100vw, 768px\" \/><\/figure>\n\n\n\n<p><strong>FICHA T\u00c9CNICO ART\u00cdSTICA<\/strong><\/p>\n\n\n\n<p><strong>Idea Original:&nbsp;<\/strong>Valor Vereda<\/p>\n\n\n\n<p><strong>Elenco<\/strong>: Elisa L\u00f3pez Oro\u00f1o y Diego Mazurok<\/p>\n\n\n\n<p><strong>Asistencia<\/strong>: Nacho Salerno<\/p>\n\n\n\n<p><strong>Vestuario:&nbsp;<\/strong>Betanha Almendra<\/p>\n\n\n\n<p><strong>Puesta en escena:&nbsp;<\/strong>Valor Vereda<\/p>\n\n\n\n<p><strong>Producci\u00f3n General:&nbsp;<\/strong>Vale Donati Producciones<\/p>\n\n\n\n<p><strong>Prensa:&nbsp;<\/strong>Prens\u00f3polis<\/p>\n\n\n\n<p><strong>Duraci\u00f3n:<\/strong> 50 minutos<\/p>\n\n\n\n<p><strong>Clasificaci\u00f3n:<\/strong> Teatro \u2013 Presencial \u2013 Para toda la familia \u2013 Infantiles<\/p>\n\n\n\n<figure class=\"wp-block-image size-large\"><img loading=\"lazy\" decoding=\"async\" width=\"1024\" height=\"765\" src=\"https:\/\/sergiolapegue.com\/site\/wp-content\/uploads\/2024\/04\/Elegi-3-1024x765.jpeg\" alt=\"\" class=\"wp-image-14316\" srcset=\"https:\/\/sergiolapegue.com\/site\/wp-content\/uploads\/2024\/04\/Elegi-3-1024x765.jpeg 1024w, https:\/\/sergiolapegue.com\/site\/wp-content\/uploads\/2024\/04\/Elegi-3-300x224.jpeg 300w, https:\/\/sergiolapegue.com\/site\/wp-content\/uploads\/2024\/04\/Elegi-3-768x574.jpeg 768w, https:\/\/sergiolapegue.com\/site\/wp-content\/uploads\/2024\/04\/Elegi-3-1536x1147.jpeg 1536w, https:\/\/sergiolapegue.com\/site\/wp-content\/uploads\/2024\/04\/Elegi-3-2048x1529.jpeg 2048w, https:\/\/sergiolapegue.com\/site\/wp-content\/uploads\/2024\/04\/Elegi-3-562x420.jpeg 562w, https:\/\/sergiolapegue.com\/site\/wp-content\/uploads\/2024\/04\/Elegi-3-80x60.jpeg 80w, https:\/\/sergiolapegue.com\/site\/wp-content\/uploads\/2024\/04\/Elegi-3-696x520.jpeg 696w, https:\/\/sergiolapegue.com\/site\/wp-content\/uploads\/2024\/04\/Elegi-3-1068x798.jpeg 1068w, https:\/\/sergiolapegue.com\/site\/wp-content\/uploads\/2024\/04\/Elegi-3-1920x1434.jpeg 1920w\" sizes=\"auto, (max-width: 1024px) 100vw, 1024px\" \/><\/figure>\n\n\n\n<p><strong>TEATRO CHACAREREAN TEATRE<\/strong><\/p>\n\n\n\n<p>Nicaragua 5565 \u2013 Capital Federal \u2013 Buenos Aires \u2013 Argentina<\/p>\n\n\n\n<p>Tel\u00e9fono: 4775-9010<\/p>\n\n\n\n<p>Entradas: $ 9.000 \u2013 en boleter\u00eda del teatro o por Plateanet<\/p>\n\n\n\n<p>Funci\u00f3n: S\u00e1bado 27 de Abril \u2013 16:00 horas<\/p>\n\n\n\n<p>Gracias Alejandra P\u00eda Nicolosi de Prens\u00f3polis Comunicaci\u00f3n y Prensa por enviarnos la gacetilla de prensa de este maravilloso espect\u00e1culo infantil. \u00a0\u00a0<\/p>\n\n\n\n<p><\/p>\n\n\n\n<figure class=\"wp-block-image size-large is-resized\"><img loading=\"lazy\" decoding=\"async\" width=\"1024\" height=\"578\" src=\"https:\/\/sergiolapegue.com\/site\/wp-content\/uploads\/2024\/04\/Elegi-Valor-Vereda-1024x578.png\" alt=\"\" class=\"wp-image-14317\" style=\"width:341px;height:auto\" srcset=\"https:\/\/sergiolapegue.com\/site\/wp-content\/uploads\/2024\/04\/Elegi-Valor-Vereda-1024x578.png 1024w, https:\/\/sergiolapegue.com\/site\/wp-content\/uploads\/2024\/04\/Elegi-Valor-Vereda-300x169.png 300w, https:\/\/sergiolapegue.com\/site\/wp-content\/uploads\/2024\/04\/Elegi-Valor-Vereda-768x434.png 768w, https:\/\/sergiolapegue.com\/site\/wp-content\/uploads\/2024\/04\/Elegi-Valor-Vereda-1536x868.png 1536w, https:\/\/sergiolapegue.com\/site\/wp-content\/uploads\/2024\/04\/Elegi-Valor-Vereda-2048x1157.png 2048w, https:\/\/sergiolapegue.com\/site\/wp-content\/uploads\/2024\/04\/Elegi-Valor-Vereda-744x420.png 744w, https:\/\/sergiolapegue.com\/site\/wp-content\/uploads\/2024\/04\/Elegi-Valor-Vereda-696x393.png 696w, https:\/\/sergiolapegue.com\/site\/wp-content\/uploads\/2024\/04\/Elegi-Valor-Vereda-1068x603.png 1068w, https:\/\/sergiolapegue.com\/site\/wp-content\/uploads\/2024\/04\/Elegi-Valor-Vereda-1920x1085.png 1920w\" sizes=\"auto, (max-width: 1024px) 100vw, 1024px\" \/><\/figure>\n\n\n\n<p><strong>SOBRE VALOR VEREDA<\/strong><\/p>\n\n\n\n<p>Valor Vereda&nbsp;desarrolla propuestas l\u00fadicas y musicales para ni\u00f1as y ni\u00f1os de todas las edades&nbsp;desde el a\u00f1o 2007. Los pilares sobre los que despliega todas sus propuestas son:&nbsp;imaginaci\u00f3n, fantas\u00eda y creatividad.<\/p>\n\n\n\n<p>Es por eso que el grupo fue declarado de&nbsp;Inter\u00e9s Educativo por el Ministerio de Educaci\u00f3n de la Naci\u00f3n&nbsp;(2013), de Inter\u00e9s Educativo, Cultural y Social por la Ciudad Aut\u00f3noma de Buenos Aires (2015)&nbsp;y sigue comprometi\u00e9ndose para acercarse a las infancias y la comunidad educativa de un&nbsp;modo respetuoso, din\u00e1mico, original y convocante.<\/p>\n\n\n\n<p>Desde el a\u00f1o 2009 hasta 2012, Valor Vereda desarrolla&nbsp;propuestas teatrales l\u00fadicas e interactivas, como ser la obras&nbsp;\u201cMini Misi\u00f3n\u201d, Caso 1 y Caso 2, en las que los chicos juegan a ser detectives para resolver un misterio. Luego de estas creaciones redobla la apuesta convirtiendo a&nbsp;la m\u00fasica en un nuevo escenario para el juego.&nbsp;As\u00ed nacen sus espect\u00e1culos&nbsp;\u201cCanciones para no tener miedo\u201d&nbsp;(2012),&nbsp;\u201cSoy Valiente\u201d&nbsp;(2016) y&nbsp;\u201cChiribitiles\u201d&nbsp;(2018) de los que surgen sus tres discos.&nbsp;<\/p>\n\n\n\n<p>Ganador del&nbsp;premio&nbsp;ATINA&nbsp;varios a\u00f1os consecutivos y siendo nominado a los&nbsp;Premios&nbsp;Hugo&nbsp;y&nbsp;Premios ACE&nbsp;en diversas oportunidades, el grupo se va afianzando en la escena musical para las infancias.<\/p>\n\n\n\n<p>Adem\u00e1s, Valor Vereda realiza giras por todo el pa\u00eds, siendo recibido en ciudades como: Bariloche, Neuqu\u00e9n, Corrientes y San Miguel de Tucum\u00e1n. En el AMBA, se presenta en prestigiosos escenarios, entre ellos: Centro Cultural Kirchner, Usina del Arte, Tecn\u00f3polis, Sala Caras y Caretas, Teatro Margarita Xirgu y Teatro Chacarerean.&nbsp;<\/p>\n\n\n\n<p>En el \u00faltimo a\u00f1o, en 2023, Valor Vereda recorri\u00f3 los escenarios de la Sala de C\u00e1mara de la Usina del Arte, La Carpinter\u00eda Teatro, y El Alambique, entre otros; adem\u00e1s de realizar funciones en eventos privados y en escuelas.<\/p>\n\n\n\n<p>Sus integrantes son m\u00fasicos, actores y docentes con amplia experiencia en el \u00e1mbito educativo y cultural:\u00a0Elisa L\u00f3pez Oro\u00f1o, Diego Mazurok, Lautaro Matute y Agust\u00edn Lumerman.<\/p>\n\n\n\n<p><\/p>\n","protected":false},"excerpt":{"rendered":"<p>De la mano \u00a1y las palabras! de&nbsp;Valor Vereda, vuelve la m\u00e1s innovadora, creativa y m\u00e1gica experiencia para las infancias:&nbsp;Eleg\u00ed!&nbsp; Con la actuaci\u00f3n de Elisa L\u00f3pez Oro\u00f1o y Diego Mazurok,&nbsp;Eleg\u00ed!&nbsp;propone transitar una gran aventura basada en la improvisaci\u00f3n narrativa y la imaginaci\u00f3n. Eleg\u00ed!&nbsp;se presentar\u00e1 el&nbsp;S\u00e1bado 27 de abril en el Chacarerean Teatre. Valor Vereda lleva 17 [&hellip;]<\/p>\n","protected":false},"author":3,"featured_media":14318,"comment_status":"open","ping_status":"closed","sticky":false,"template":"","format":"standard","meta":{"footnotes":""},"categories":[34,35],"tags":[],"class_list":{"0":"post-14313","1":"post","2":"type-post","3":"status-publish","4":"format-standard","5":"has-post-thumbnail","7":"category-arte","8":"category-teatro"},"yoast_head":"<!-- This site is optimized with the Yoast SEO plugin v27.4 - https:\/\/yoast.com\/product\/yoast-seo-wordpress\/ -->\n<title>\u201cELEG\u00cd\u201d - Sergio Lapegue<\/title>\n<meta name=\"robots\" content=\"index, follow, max-snippet:-1, max-image-preview:large, max-video-preview:-1\" \/>\n<link rel=\"canonical\" href=\"https:\/\/sergiolapegue.com\/site\/2024\/04\/18\/elegi-2\/\" \/>\n<meta property=\"og:locale\" content=\"es_ES\" \/>\n<meta property=\"og:type\" content=\"article\" \/>\n<meta property=\"og:title\" content=\"\u201cELEG\u00cd\u201d - Sergio Lapegue\" \/>\n<meta property=\"og:description\" content=\"De la mano \u00a1y las palabras! de&nbsp;Valor Vereda, vuelve la m\u00e1s innovadora, creativa y m\u00e1gica experiencia para las infancias:&nbsp;Eleg\u00ed!&nbsp; Con la actuaci\u00f3n de Elisa L\u00f3pez Oro\u00f1o y Diego Mazurok,&nbsp;Eleg\u00ed!&nbsp;propone transitar una gran aventura basada en la improvisaci\u00f3n narrativa y la imaginaci\u00f3n. Eleg\u00ed!&nbsp;se presentar\u00e1 el&nbsp;S\u00e1bado 27 de abril en el Chacarerean Teatre. Valor Vereda lleva 17 [&hellip;]\" \/>\n<meta property=\"og:url\" content=\"https:\/\/sergiolapegue.com\/site\/2024\/04\/18\/elegi-2\/\" \/>\n<meta property=\"og:site_name\" content=\"Sergio Lapegue\" \/>\n<meta property=\"article:publisher\" content=\"https:\/\/facebook.com\/sergiolapegue\" \/>\n<meta property=\"article:author\" content=\"https:\/\/facebook.com\/danielernesto.montana\" \/>\n<meta property=\"article:published_time\" content=\"2024-04-18T09:00:00+00:00\" \/>\n<meta property=\"og:image\" content=\"https:\/\/sergiolapegue.com\/site\/wp-content\/uploads\/2024\/04\/Elegi.jpeg\" \/>\n\t<meta property=\"og:image:width\" content=\"1200\" \/>\n\t<meta property=\"og:image:height\" content=\"1200\" \/>\n\t<meta property=\"og:image:type\" content=\"image\/jpeg\" \/>\n<meta name=\"author\" content=\"Daniel E. Monta\u00f1a\" \/>\n<meta name=\"twitter:card\" content=\"summary_large_image\" \/>\n<meta name=\"twitter:creator\" content=\"@https:\/\/twitter.com\/daner_004\" \/>\n<meta name=\"twitter:site\" content=\"@sergiolapegue\" \/>\n<meta name=\"twitter:label1\" content=\"Escrito por\" \/>\n\t<meta name=\"twitter:data1\" content=\"Daniel E. Monta\u00f1a\" \/>\n\t<meta name=\"twitter:label2\" content=\"Tiempo de lectura\" \/>\n\t<meta name=\"twitter:data2\" content=\"5 minutos\" \/>\n<script type=\"application\/ld+json\" class=\"yoast-schema-graph\">{\"@context\":\"https:\\\/\\\/schema.org\",\"@graph\":[{\"@type\":\"Article\",\"@id\":\"https:\\\/\\\/sergiolapegue.com\\\/site\\\/2024\\\/04\\\/18\\\/elegi-2\\\/#article\",\"isPartOf\":{\"@id\":\"https:\\\/\\\/sergiolapegue.com\\\/site\\\/2024\\\/04\\\/18\\\/elegi-2\\\/\"},\"author\":{\"name\":\"Daniel E. Monta\u00f1a\",\"@id\":\"https:\\\/\\\/sergiolapegue.com\\\/site\\\/#\\\/schema\\\/person\\\/9198e7dbab43c6d74d0fd5399af7c3cd\"},\"headline\":\"\u201cELEG\u00cd\u201d\",\"datePublished\":\"2024-04-18T09:00:00+00:00\",\"mainEntityOfPage\":{\"@id\":\"https:\\\/\\\/sergiolapegue.com\\\/site\\\/2024\\\/04\\\/18\\\/elegi-2\\\/\"},\"wordCount\":975,\"commentCount\":0,\"publisher\":{\"@id\":\"https:\\\/\\\/sergiolapegue.com\\\/site\\\/#\\\/schema\\\/person\\\/083aeceeb0734cd166779ea6c0551a37\"},\"image\":{\"@id\":\"https:\\\/\\\/sergiolapegue.com\\\/site\\\/2024\\\/04\\\/18\\\/elegi-2\\\/#primaryimage\"},\"thumbnailUrl\":\"https:\\\/\\\/sergiolapegue.com\\\/site\\\/wp-content\\\/uploads\\\/2024\\\/04\\\/Elegi.jpeg\",\"articleSection\":[\"Arte\",\"Teatro\"],\"inLanguage\":\"es-AR\",\"potentialAction\":[{\"@type\":\"CommentAction\",\"name\":\"Comment\",\"target\":[\"https:\\\/\\\/sergiolapegue.com\\\/site\\\/2024\\\/04\\\/18\\\/elegi-2\\\/#respond\"]}]},{\"@type\":\"WebPage\",\"@id\":\"https:\\\/\\\/sergiolapegue.com\\\/site\\\/2024\\\/04\\\/18\\\/elegi-2\\\/\",\"url\":\"https:\\\/\\\/sergiolapegue.com\\\/site\\\/2024\\\/04\\\/18\\\/elegi-2\\\/\",\"name\":\"\u201cELEG\u00cd\u201d - Sergio Lapegue\",\"isPartOf\":{\"@id\":\"https:\\\/\\\/sergiolapegue.com\\\/site\\\/#website\"},\"primaryImageOfPage\":{\"@id\":\"https:\\\/\\\/sergiolapegue.com\\\/site\\\/2024\\\/04\\\/18\\\/elegi-2\\\/#primaryimage\"},\"image\":{\"@id\":\"https:\\\/\\\/sergiolapegue.com\\\/site\\\/2024\\\/04\\\/18\\\/elegi-2\\\/#primaryimage\"},\"thumbnailUrl\":\"https:\\\/\\\/sergiolapegue.com\\\/site\\\/wp-content\\\/uploads\\\/2024\\\/04\\\/Elegi.jpeg\",\"datePublished\":\"2024-04-18T09:00:00+00:00\",\"breadcrumb\":{\"@id\":\"https:\\\/\\\/sergiolapegue.com\\\/site\\\/2024\\\/04\\\/18\\\/elegi-2\\\/#breadcrumb\"},\"inLanguage\":\"es-AR\",\"potentialAction\":[{\"@type\":\"ReadAction\",\"target\":[\"https:\\\/\\\/sergiolapegue.com\\\/site\\\/2024\\\/04\\\/18\\\/elegi-2\\\/\"]}]},{\"@type\":\"ImageObject\",\"inLanguage\":\"es-AR\",\"@id\":\"https:\\\/\\\/sergiolapegue.com\\\/site\\\/2024\\\/04\\\/18\\\/elegi-2\\\/#primaryimage\",\"url\":\"https:\\\/\\\/sergiolapegue.com\\\/site\\\/wp-content\\\/uploads\\\/2024\\\/04\\\/Elegi.jpeg\",\"contentUrl\":\"https:\\\/\\\/sergiolapegue.com\\\/site\\\/wp-content\\\/uploads\\\/2024\\\/04\\\/Elegi.jpeg\",\"width\":1200,\"height\":1200},{\"@type\":\"BreadcrumbList\",\"@id\":\"https:\\\/\\\/sergiolapegue.com\\\/site\\\/2024\\\/04\\\/18\\\/elegi-2\\\/#breadcrumb\",\"itemListElement\":[{\"@type\":\"ListItem\",\"position\":1,\"name\":\"Inicio\",\"item\":\"https:\\\/\\\/sergiolapegue.com\\\/site\\\/\"},{\"@type\":\"ListItem\",\"position\":2,\"name\":\"\u201cELEG\u00cd\u201d\"}]},{\"@type\":\"WebSite\",\"@id\":\"https:\\\/\\\/sergiolapegue.com\\\/site\\\/#website\",\"url\":\"https:\\\/\\\/sergiolapegue.com\\\/site\\\/\",\"name\":\"Sergio Lapegue\",\"description\":\"Periodista\",\"publisher\":{\"@id\":\"https:\\\/\\\/sergiolapegue.com\\\/site\\\/#\\\/schema\\\/person\\\/083aeceeb0734cd166779ea6c0551a37\"},\"potentialAction\":[{\"@type\":\"SearchAction\",\"target\":{\"@type\":\"EntryPoint\",\"urlTemplate\":\"https:\\\/\\\/sergiolapegue.com\\\/site\\\/?s={search_term_string}\"},\"query-input\":{\"@type\":\"PropertyValueSpecification\",\"valueRequired\":true,\"valueName\":\"search_term_string\"}}],\"inLanguage\":\"es-AR\"},{\"@type\":[\"Person\",\"Organization\"],\"@id\":\"https:\\\/\\\/sergiolapegue.com\\\/site\\\/#\\\/schema\\\/person\\\/083aeceeb0734cd166779ea6c0551a37\",\"name\":\"Sergio Lapegue\",\"image\":{\"@type\":\"ImageObject\",\"inLanguage\":\"es-AR\",\"@id\":\"https:\\\/\\\/sergiolapegue.com\\\/site\\\/wp-content\\\/uploads\\\/2021\\\/04\\\/logo_header-1.png\",\"url\":\"https:\\\/\\\/sergiolapegue.com\\\/site\\\/wp-content\\\/uploads\\\/2021\\\/04\\\/logo_header-1.png\",\"contentUrl\":\"https:\\\/\\\/sergiolapegue.com\\\/site\\\/wp-content\\\/uploads\\\/2021\\\/04\\\/logo_header-1.png\",\"width\":272,\"height\":90,\"caption\":\"Sergio Lapegue\"},\"logo\":{\"@id\":\"https:\\\/\\\/sergiolapegue.com\\\/site\\\/wp-content\\\/uploads\\\/2021\\\/04\\\/logo_header-1.png\"},\"sameAs\":[\"https:\\\/\\\/facebook.com\\\/sergiolapegue\",\"https:\\\/\\\/instagram.com\\\/sergiolapegue\",\"https:\\\/\\\/x.com\\\/https:\\\/\\\/twitter.com\\\/sergiolapegue\"]},{\"@type\":\"Person\",\"@id\":\"https:\\\/\\\/sergiolapegue.com\\\/site\\\/#\\\/schema\\\/person\\\/9198e7dbab43c6d74d0fd5399af7c3cd\",\"name\":\"Daniel E. Monta\u00f1a\",\"image\":{\"@type\":\"ImageObject\",\"inLanguage\":\"es-AR\",\"@id\":\"https:\\\/\\\/sergiolapegue.com\\\/site\\\/wp-content\\\/uploads\\\/2021\\\/04\\\/sl_avatar_Daniel-150x150.jpg\",\"url\":\"https:\\\/\\\/sergiolapegue.com\\\/site\\\/wp-content\\\/uploads\\\/2021\\\/04\\\/sl_avatar_Daniel-150x150.jpg\",\"contentUrl\":\"https:\\\/\\\/sergiolapegue.com\\\/site\\\/wp-content\\\/uploads\\\/2021\\\/04\\\/sl_avatar_Daniel-150x150.jpg\",\"caption\":\"Daniel E. Monta\u00f1a\"},\"sameAs\":[\"https:\\\/\\\/facebook.com\\\/danielernesto.montana\",\"https:\\\/\\\/instagram.com\\\/daniel_montana1961\",\"https:\\\/\\\/x.com\\\/https:\\\/\\\/twitter.com\\\/daner_004\"],\"url\":\"https:\\\/\\\/sergiolapegue.com\\\/site\\\/author\\\/daniel\\\/\"}]}<\/script>\n<!-- \/ Yoast SEO plugin. -->","yoast_head_json":{"title":"\u201cELEG\u00cd\u201d - Sergio Lapegue","robots":{"index":"index","follow":"follow","max-snippet":"max-snippet:-1","max-image-preview":"max-image-preview:large","max-video-preview":"max-video-preview:-1"},"canonical":"https:\/\/sergiolapegue.com\/site\/2024\/04\/18\/elegi-2\/","og_locale":"es_ES","og_type":"article","og_title":"\u201cELEG\u00cd\u201d - Sergio Lapegue","og_description":"De la mano \u00a1y las palabras! de&nbsp;Valor Vereda, vuelve la m\u00e1s innovadora, creativa y m\u00e1gica experiencia para las infancias:&nbsp;Eleg\u00ed!&nbsp; Con la actuaci\u00f3n de Elisa L\u00f3pez Oro\u00f1o y Diego Mazurok,&nbsp;Eleg\u00ed!&nbsp;propone transitar una gran aventura basada en la improvisaci\u00f3n narrativa y la imaginaci\u00f3n. Eleg\u00ed!&nbsp;se presentar\u00e1 el&nbsp;S\u00e1bado 27 de abril en el Chacarerean Teatre. Valor Vereda lleva 17 [&hellip;]","og_url":"https:\/\/sergiolapegue.com\/site\/2024\/04\/18\/elegi-2\/","og_site_name":"Sergio Lapegue","article_publisher":"https:\/\/facebook.com\/sergiolapegue","article_author":"https:\/\/facebook.com\/danielernesto.montana","article_published_time":"2024-04-18T09:00:00+00:00","og_image":[{"width":1200,"height":1200,"url":"https:\/\/sergiolapegue.com\/site\/wp-content\/uploads\/2024\/04\/Elegi.jpeg","type":"image\/jpeg"}],"author":"Daniel E. Monta\u00f1a","twitter_card":"summary_large_image","twitter_creator":"@https:\/\/twitter.com\/daner_004","twitter_site":"@sergiolapegue","twitter_misc":{"Escrito por":"Daniel E. Monta\u00f1a","Tiempo de lectura":"5 minutos"},"schema":{"@context":"https:\/\/schema.org","@graph":[{"@type":"Article","@id":"https:\/\/sergiolapegue.com\/site\/2024\/04\/18\/elegi-2\/#article","isPartOf":{"@id":"https:\/\/sergiolapegue.com\/site\/2024\/04\/18\/elegi-2\/"},"author":{"name":"Daniel E. Monta\u00f1a","@id":"https:\/\/sergiolapegue.com\/site\/#\/schema\/person\/9198e7dbab43c6d74d0fd5399af7c3cd"},"headline":"\u201cELEG\u00cd\u201d","datePublished":"2024-04-18T09:00:00+00:00","mainEntityOfPage":{"@id":"https:\/\/sergiolapegue.com\/site\/2024\/04\/18\/elegi-2\/"},"wordCount":975,"commentCount":0,"publisher":{"@id":"https:\/\/sergiolapegue.com\/site\/#\/schema\/person\/083aeceeb0734cd166779ea6c0551a37"},"image":{"@id":"https:\/\/sergiolapegue.com\/site\/2024\/04\/18\/elegi-2\/#primaryimage"},"thumbnailUrl":"https:\/\/sergiolapegue.com\/site\/wp-content\/uploads\/2024\/04\/Elegi.jpeg","articleSection":["Arte","Teatro"],"inLanguage":"es-AR","potentialAction":[{"@type":"CommentAction","name":"Comment","target":["https:\/\/sergiolapegue.com\/site\/2024\/04\/18\/elegi-2\/#respond"]}]},{"@type":"WebPage","@id":"https:\/\/sergiolapegue.com\/site\/2024\/04\/18\/elegi-2\/","url":"https:\/\/sergiolapegue.com\/site\/2024\/04\/18\/elegi-2\/","name":"\u201cELEG\u00cd\u201d - Sergio Lapegue","isPartOf":{"@id":"https:\/\/sergiolapegue.com\/site\/#website"},"primaryImageOfPage":{"@id":"https:\/\/sergiolapegue.com\/site\/2024\/04\/18\/elegi-2\/#primaryimage"},"image":{"@id":"https:\/\/sergiolapegue.com\/site\/2024\/04\/18\/elegi-2\/#primaryimage"},"thumbnailUrl":"https:\/\/sergiolapegue.com\/site\/wp-content\/uploads\/2024\/04\/Elegi.jpeg","datePublished":"2024-04-18T09:00:00+00:00","breadcrumb":{"@id":"https:\/\/sergiolapegue.com\/site\/2024\/04\/18\/elegi-2\/#breadcrumb"},"inLanguage":"es-AR","potentialAction":[{"@type":"ReadAction","target":["https:\/\/sergiolapegue.com\/site\/2024\/04\/18\/elegi-2\/"]}]},{"@type":"ImageObject","inLanguage":"es-AR","@id":"https:\/\/sergiolapegue.com\/site\/2024\/04\/18\/elegi-2\/#primaryimage","url":"https:\/\/sergiolapegue.com\/site\/wp-content\/uploads\/2024\/04\/Elegi.jpeg","contentUrl":"https:\/\/sergiolapegue.com\/site\/wp-content\/uploads\/2024\/04\/Elegi.jpeg","width":1200,"height":1200},{"@type":"BreadcrumbList","@id":"https:\/\/sergiolapegue.com\/site\/2024\/04\/18\/elegi-2\/#breadcrumb","itemListElement":[{"@type":"ListItem","position":1,"name":"Inicio","item":"https:\/\/sergiolapegue.com\/site\/"},{"@type":"ListItem","position":2,"name":"\u201cELEG\u00cd\u201d"}]},{"@type":"WebSite","@id":"https:\/\/sergiolapegue.com\/site\/#website","url":"https:\/\/sergiolapegue.com\/site\/","name":"Sergio Lapegue","description":"Periodista","publisher":{"@id":"https:\/\/sergiolapegue.com\/site\/#\/schema\/person\/083aeceeb0734cd166779ea6c0551a37"},"potentialAction":[{"@type":"SearchAction","target":{"@type":"EntryPoint","urlTemplate":"https:\/\/sergiolapegue.com\/site\/?s={search_term_string}"},"query-input":{"@type":"PropertyValueSpecification","valueRequired":true,"valueName":"search_term_string"}}],"inLanguage":"es-AR"},{"@type":["Person","Organization"],"@id":"https:\/\/sergiolapegue.com\/site\/#\/schema\/person\/083aeceeb0734cd166779ea6c0551a37","name":"Sergio Lapegue","image":{"@type":"ImageObject","inLanguage":"es-AR","@id":"https:\/\/sergiolapegue.com\/site\/wp-content\/uploads\/2021\/04\/logo_header-1.png","url":"https:\/\/sergiolapegue.com\/site\/wp-content\/uploads\/2021\/04\/logo_header-1.png","contentUrl":"https:\/\/sergiolapegue.com\/site\/wp-content\/uploads\/2021\/04\/logo_header-1.png","width":272,"height":90,"caption":"Sergio Lapegue"},"logo":{"@id":"https:\/\/sergiolapegue.com\/site\/wp-content\/uploads\/2021\/04\/logo_header-1.png"},"sameAs":["https:\/\/facebook.com\/sergiolapegue","https:\/\/instagram.com\/sergiolapegue","https:\/\/x.com\/https:\/\/twitter.com\/sergiolapegue"]},{"@type":"Person","@id":"https:\/\/sergiolapegue.com\/site\/#\/schema\/person\/9198e7dbab43c6d74d0fd5399af7c3cd","name":"Daniel E. Monta\u00f1a","image":{"@type":"ImageObject","inLanguage":"es-AR","@id":"https:\/\/sergiolapegue.com\/site\/wp-content\/uploads\/2021\/04\/sl_avatar_Daniel-150x150.jpg","url":"https:\/\/sergiolapegue.com\/site\/wp-content\/uploads\/2021\/04\/sl_avatar_Daniel-150x150.jpg","contentUrl":"https:\/\/sergiolapegue.com\/site\/wp-content\/uploads\/2021\/04\/sl_avatar_Daniel-150x150.jpg","caption":"Daniel E. Monta\u00f1a"},"sameAs":["https:\/\/facebook.com\/danielernesto.montana","https:\/\/instagram.com\/daniel_montana1961","https:\/\/x.com\/https:\/\/twitter.com\/daner_004"],"url":"https:\/\/sergiolapegue.com\/site\/author\/daniel\/"}]}},"_links":{"self":[{"href":"https:\/\/sergiolapegue.com\/site\/wp-json\/wp\/v2\/posts\/14313","targetHints":{"allow":["GET"]}}],"collection":[{"href":"https:\/\/sergiolapegue.com\/site\/wp-json\/wp\/v2\/posts"}],"about":[{"href":"https:\/\/sergiolapegue.com\/site\/wp-json\/wp\/v2\/types\/post"}],"author":[{"embeddable":true,"href":"https:\/\/sergiolapegue.com\/site\/wp-json\/wp\/v2\/users\/3"}],"replies":[{"embeddable":true,"href":"https:\/\/sergiolapegue.com\/site\/wp-json\/wp\/v2\/comments?post=14313"}],"version-history":[{"count":1,"href":"https:\/\/sergiolapegue.com\/site\/wp-json\/wp\/v2\/posts\/14313\/revisions"}],"predecessor-version":[{"id":14319,"href":"https:\/\/sergiolapegue.com\/site\/wp-json\/wp\/v2\/posts\/14313\/revisions\/14319"}],"wp:featuredmedia":[{"embeddable":true,"href":"https:\/\/sergiolapegue.com\/site\/wp-json\/wp\/v2\/media\/14318"}],"wp:attachment":[{"href":"https:\/\/sergiolapegue.com\/site\/wp-json\/wp\/v2\/media?parent=14313"}],"wp:term":[{"taxonomy":"category","embeddable":true,"href":"https:\/\/sergiolapegue.com\/site\/wp-json\/wp\/v2\/categories?post=14313"},{"taxonomy":"post_tag","embeddable":true,"href":"https:\/\/sergiolapegue.com\/site\/wp-json\/wp\/v2\/tags?post=14313"}],"curies":[{"name":"wp","href":"https:\/\/api.w.org\/{rel}","templated":true}]}}