{"id":14245,"date":"2024-04-08T11:25:37","date_gmt":"2024-04-08T14:25:37","guid":{"rendered":"https:\/\/sergiolapegue.com\/site\/?p=14245"},"modified":"2024-04-08T11:25:38","modified_gmt":"2024-04-08T14:25:38","slug":"el-dia-en-que-lomas-se-dio-cuenta-que-necesitaba-urgente-un-cuerpo-de-bomberos","status":"publish","type":"post","link":"https:\/\/sergiolapegue.com\/site\/2024\/04\/08\/el-dia-en-que-lomas-se-dio-cuenta-que-necesitaba-urgente-un-cuerpo-de-bomberos\/","title":{"rendered":"El d\u00eda en que Lomas se dio cuenta que necesitaba urgente un cuerpo de Bomberos"},"content":{"rendered":"\n<p>En la madrugada del 16 de octubre de 1908, nuestra ciudad se encontr\u00f3 con uno de esos eventos lamentables, pero que ninguna comunidad, en ning\u00fan pa\u00eds ni en ninguna \u00e9poca, pudo evitar: un incendio.&nbsp;&nbsp;<\/p>\n\n\n\n<p>Aquella noche, el fuego arras\u00f3 con un importante almac\u00e9n ubicado en la esquina de la actual avenida Hip\u00f3lito&nbsp;<strong>Yrigoyen y Loria<\/strong>. Lo importante&nbsp;de esa fecha no fue el siniestro en s\u00ed, que ni siquiera dej\u00f3 heridos (s\u00f3lo una p\u00e9rdida econ\u00f3mica para los due\u00f1os de local); sino la conclusi\u00f3n a la que se lleg\u00f3:&nbsp;<strong><a href=\"https:\/\/launion.com.ar\/nota\/36859\/2024\/03\/la-historia-del-euskal-echea-un-emblema-de-la-educacion-en-lomas\" target=\"_blank\" rel=\"noreferrer noopener\">Lomas de Zamora<\/a><\/strong>&nbsp;necesitaba urgente un cuerpo de bomberos.&nbsp;<\/p>\n\n\n\n<p>El incendio en el almac\u00e9n de la familia Ferrari, sumado a otro suceso similar en la quinta Las Tres Mar\u00edas, empuj\u00f3 a muchos vecinos a imitar a lo que suced\u00eda simult\u00e1neamente en muchos otros pueblos de la zona.&nbsp;&nbsp;<\/p>\n\n\n\n<p>En esa \u00e9poca, claro, ya exist\u00edan cuarteles en los barrios de La Boca, Avellaneda y Ensenada. Los primeros impulsos para levantarlo en\u00a0<strong><a href=\"https:\/\/launion.com.ar\/nota\/33561\/2023\/11\/la-llegada-del-tren-que-cambio-para-siempre-a-lomas\" target=\"_blank\" rel=\"noreferrer noopener\">Lomas<\/a><\/strong>\u00a0fueron del comisario Modesto Benavidez, pero fracasaron por los problemas econ\u00f3micos, hasta que comenz\u00f3 en\u00a0<strong>Banfield<\/strong>\u00a0un fuerte movimiento vecinal que finalmente logr\u00f3 concretar la iniciativa.\u00a0\u00a0<\/p>\n\n\n\n<p>Los hermanos Ritchie, quienes ten\u00edan en Capital Federal una empresa importadora de materiales para la lucha contra el fuego, dieron el impulso m\u00e1s importante al ofrecer equipamiento con muchas facilidades de pago.&nbsp;&nbsp;<\/p>\n\n\n\n<p>El 14 de noviembre de 1909, en el local&nbsp;<strong>El T\u00edvoli de Banfield<\/strong>, finalmente se reuni\u00f3 por primera vez una comisi\u00f3n de vecinos para levantar&nbsp;las bases de la entidad en Lomas. Ese d\u00eda se realiz\u00f3 la prueba de una bomba de incendio en forma exitosa, lo que caus\u00f3 la alegr\u00eda y el entusiasmo de la gente y de j\u00f3venes voluntarios dispuestos a integrar la planta de bomberos.&nbsp;<\/p>\n\n\n\n<p>Dos meses despu\u00e9s, el 10 de enero de 1910, se lev\u00f3 a cabo la asamblea fundacional de la Sociedad de Bomberos Voluntarios de\u00a0<strong>Lomas de\u00a0Zamora,\u00a0<\/strong>en la que se aprobaron los estatutos y qued\u00f3 formalmente conformada la primera Comisi\u00f3n Directiva. El primer local funcion\u00f3 en la cocher\u00eda Leguizam\u00f3n, luego en Boedo 453, m\u00e1s tarde en Laprida 640 y reci\u00e9n en 1926 en la actual direcci\u00f3n de Saavedra 28.\u00a0\u00a0<\/p>\n\n\n\n<p><strong><em><a href=\"https:\/\/launion.com.ar\/nota\/37051\/2024\/04\/el-dia-en-que-lomas-se-dio-cuenta-que-necesitaba-urgente-un-cuerpo-de-bomberos\">Art\u00edculo publicado en el diario La Uni\u00f3n.-<\/a><\/em><\/strong><\/p>\n","protected":false},"excerpt":{"rendered":"<p>En la madrugada del 16 de octubre de 1908, nuestra ciudad se encontr\u00f3 con uno de esos eventos lamentables, pero que ninguna comunidad, en ning\u00fan pa\u00eds ni en ninguna \u00e9poca, pudo evitar: un incendio.&nbsp;&nbsp; Aquella noche, el fuego arras\u00f3 con un importante almac\u00e9n ubicado en la esquina de la actual avenida Hip\u00f3lito&nbsp;Yrigoyen y Loria. Lo [&hellip;]<\/p>\n","protected":false},"author":6,"featured_media":14246,"comment_status":"closed","ping_status":"closed","sticky":false,"template":"","format":"standard","meta":{"footnotes":""},"categories":[1276],"tags":[3422,1323,1277],"class_list":{"0":"post-14245","1":"post","2":"type-post","3":"status-publish","4":"format-standard","5":"has-post-thumbnail","7":"category-de-puno-y-letra-lomas-de-zamora","8":"tag-bomberos","9":"tag-la-union","10":"tag-lomas-de-zamora"},"yoast_head":"<!-- This site is optimized with the Yoast SEO plugin v27.5 - https:\/\/yoast.com\/product\/yoast-seo-wordpress\/ -->\n<title>El d\u00eda en que Lomas se dio cuenta que necesitaba urgente un cuerpo de Bomberos - Sergio Lapegue<\/title>\n<meta name=\"description\" content=\"En noviembre de 1909, en el local El T\u00edvoli de Banfield, se reuni\u00f3 por primera vez una comisi\u00f3n de vecinos para levantar las bases.\" \/>\n<meta name=\"robots\" content=\"index, follow, max-snippet:-1, max-image-preview:large, max-video-preview:-1\" \/>\n<link rel=\"canonical\" href=\"https:\/\/sergiolapegue.com\/site\/2024\/04\/08\/el-dia-en-que-lomas-se-dio-cuenta-que-necesitaba-urgente-un-cuerpo-de-bomberos\/\" \/>\n<meta property=\"og:locale\" content=\"es_ES\" \/>\n<meta property=\"og:type\" content=\"article\" \/>\n<meta property=\"og:title\" content=\"El d\u00eda en que Lomas se dio cuenta que necesitaba urgente un cuerpo de Bomberos - Sergio Lapegue\" \/>\n<meta property=\"og:description\" content=\"En noviembre de 1909, en el local El T\u00edvoli de Banfield, se reuni\u00f3 por primera vez una comisi\u00f3n de vecinos para levantar las bases.\" \/>\n<meta property=\"og:url\" content=\"https:\/\/sergiolapegue.com\/site\/2024\/04\/08\/el-dia-en-que-lomas-se-dio-cuenta-que-necesitaba-urgente-un-cuerpo-de-bomberos\/\" \/>\n<meta property=\"og:site_name\" content=\"Sergio Lapegue\" \/>\n<meta property=\"article:publisher\" content=\"https:\/\/facebook.com\/sergiolapegue\" \/>\n<meta property=\"article:author\" content=\"https:\/\/facebook.com\/sergiolapegue\" \/>\n<meta property=\"article:published_time\" content=\"2024-04-08T14:25:37+00:00\" \/>\n<meta property=\"article:modified_time\" content=\"2024-04-08T14:25:38+00:00\" \/>\n<meta property=\"og:image\" content=\"https:\/\/sergiolapegue.com\/site\/wp-content\/uploads\/2024\/04\/194572.webp\" \/>\n\t<meta property=\"og:image:width\" content=\"1000\" \/>\n\t<meta property=\"og:image:height\" content=\"525\" \/>\n\t<meta property=\"og:image:type\" content=\"image\/webp\" \/>\n<meta name=\"author\" content=\"Sergio Lapegue\" \/>\n<meta name=\"twitter:card\" content=\"summary_large_image\" \/>\n<meta name=\"twitter:creator\" content=\"@https:\/\/twitter.com\/sergiolapegue\" \/>\n<meta name=\"twitter:site\" content=\"@sergiolapegue\" \/>\n<meta name=\"twitter:label1\" content=\"Escrito por\" \/>\n\t<meta name=\"twitter:data1\" content=\"Sergio Lapegue\" \/>\n\t<meta name=\"twitter:label2\" content=\"Tiempo de lectura\" \/>\n\t<meta name=\"twitter:data2\" content=\"2 minutos\" \/>\n<script type=\"application\/ld+json\" class=\"yoast-schema-graph\">{\"@context\":\"https:\\\/\\\/schema.org\",\"@graph\":[{\"@type\":\"Article\",\"@id\":\"https:\\\/\\\/sergiolapegue.com\\\/site\\\/2024\\\/04\\\/08\\\/el-dia-en-que-lomas-se-dio-cuenta-que-necesitaba-urgente-un-cuerpo-de-bomberos\\\/#article\",\"isPartOf\":{\"@id\":\"https:\\\/\\\/sergiolapegue.com\\\/site\\\/2024\\\/04\\\/08\\\/el-dia-en-que-lomas-se-dio-cuenta-que-necesitaba-urgente-un-cuerpo-de-bomberos\\\/\"},\"author\":{\"name\":\"Sergio Lapegue\",\"@id\":\"https:\\\/\\\/sergiolapegue.com\\\/site\\\/#\\\/schema\\\/person\\\/083aeceeb0734cd166779ea6c0551a37\"},\"headline\":\"El d\u00eda en que Lomas se dio cuenta que necesitaba urgente un cuerpo de Bomberos\",\"datePublished\":\"2024-04-08T14:25:37+00:00\",\"dateModified\":\"2024-04-08T14:25:38+00:00\",\"mainEntityOfPage\":{\"@id\":\"https:\\\/\\\/sergiolapegue.com\\\/site\\\/2024\\\/04\\\/08\\\/el-dia-en-que-lomas-se-dio-cuenta-que-necesitaba-urgente-un-cuerpo-de-bomberos\\\/\"},\"wordCount\":411,\"publisher\":{\"@id\":\"https:\\\/\\\/sergiolapegue.com\\\/site\\\/#\\\/schema\\\/person\\\/083aeceeb0734cd166779ea6c0551a37\"},\"image\":{\"@id\":\"https:\\\/\\\/sergiolapegue.com\\\/site\\\/2024\\\/04\\\/08\\\/el-dia-en-que-lomas-se-dio-cuenta-que-necesitaba-urgente-un-cuerpo-de-bomberos\\\/#primaryimage\"},\"thumbnailUrl\":\"https:\\\/\\\/sergiolapegue.com\\\/site\\\/wp-content\\\/uploads\\\/2024\\\/04\\\/194572.webp\",\"keywords\":[\"Bomberos\",\"La Uni\u00f3n\",\"Lomas de Zamora\"],\"articleSection\":[\"De Pu\u00f1o y Letra Lomas de Zamora\"],\"inLanguage\":\"es-AR\"},{\"@type\":\"WebPage\",\"@id\":\"https:\\\/\\\/sergiolapegue.com\\\/site\\\/2024\\\/04\\\/08\\\/el-dia-en-que-lomas-se-dio-cuenta-que-necesitaba-urgente-un-cuerpo-de-bomberos\\\/\",\"url\":\"https:\\\/\\\/sergiolapegue.com\\\/site\\\/2024\\\/04\\\/08\\\/el-dia-en-que-lomas-se-dio-cuenta-que-necesitaba-urgente-un-cuerpo-de-bomberos\\\/\",\"name\":\"El d\u00eda en que Lomas se dio cuenta que necesitaba urgente un cuerpo de Bomberos - Sergio Lapegue\",\"isPartOf\":{\"@id\":\"https:\\\/\\\/sergiolapegue.com\\\/site\\\/#website\"},\"primaryImageOfPage\":{\"@id\":\"https:\\\/\\\/sergiolapegue.com\\\/site\\\/2024\\\/04\\\/08\\\/el-dia-en-que-lomas-se-dio-cuenta-que-necesitaba-urgente-un-cuerpo-de-bomberos\\\/#primaryimage\"},\"image\":{\"@id\":\"https:\\\/\\\/sergiolapegue.com\\\/site\\\/2024\\\/04\\\/08\\\/el-dia-en-que-lomas-se-dio-cuenta-que-necesitaba-urgente-un-cuerpo-de-bomberos\\\/#primaryimage\"},\"thumbnailUrl\":\"https:\\\/\\\/sergiolapegue.com\\\/site\\\/wp-content\\\/uploads\\\/2024\\\/04\\\/194572.webp\",\"datePublished\":\"2024-04-08T14:25:37+00:00\",\"dateModified\":\"2024-04-08T14:25:38+00:00\",\"description\":\"En noviembre de 1909, en el local El T\u00edvoli de Banfield, se reuni\u00f3 por primera vez una comisi\u00f3n de vecinos para levantar las bases.\",\"breadcrumb\":{\"@id\":\"https:\\\/\\\/sergiolapegue.com\\\/site\\\/2024\\\/04\\\/08\\\/el-dia-en-que-lomas-se-dio-cuenta-que-necesitaba-urgente-un-cuerpo-de-bomberos\\\/#breadcrumb\"},\"inLanguage\":\"es-AR\",\"potentialAction\":[{\"@type\":\"ReadAction\",\"target\":[\"https:\\\/\\\/sergiolapegue.com\\\/site\\\/2024\\\/04\\\/08\\\/el-dia-en-que-lomas-se-dio-cuenta-que-necesitaba-urgente-un-cuerpo-de-bomberos\\\/\"]}]},{\"@type\":\"ImageObject\",\"inLanguage\":\"es-AR\",\"@id\":\"https:\\\/\\\/sergiolapegue.com\\\/site\\\/2024\\\/04\\\/08\\\/el-dia-en-que-lomas-se-dio-cuenta-que-necesitaba-urgente-un-cuerpo-de-bomberos\\\/#primaryimage\",\"url\":\"https:\\\/\\\/sergiolapegue.com\\\/site\\\/wp-content\\\/uploads\\\/2024\\\/04\\\/194572.webp\",\"contentUrl\":\"https:\\\/\\\/sergiolapegue.com\\\/site\\\/wp-content\\\/uploads\\\/2024\\\/04\\\/194572.webp\",\"width\":1000,\"height\":525},{\"@type\":\"BreadcrumbList\",\"@id\":\"https:\\\/\\\/sergiolapegue.com\\\/site\\\/2024\\\/04\\\/08\\\/el-dia-en-que-lomas-se-dio-cuenta-que-necesitaba-urgente-un-cuerpo-de-bomberos\\\/#breadcrumb\",\"itemListElement\":[{\"@type\":\"ListItem\",\"position\":1,\"name\":\"Inicio\",\"item\":\"https:\\\/\\\/sergiolapegue.com\\\/site\\\/\"},{\"@type\":\"ListItem\",\"position\":2,\"name\":\"El d\u00eda en que Lomas se dio cuenta que necesitaba urgente un cuerpo de Bomberos\"}]},{\"@type\":\"WebSite\",\"@id\":\"https:\\\/\\\/sergiolapegue.com\\\/site\\\/#website\",\"url\":\"https:\\\/\\\/sergiolapegue.com\\\/site\\\/\",\"name\":\"Sergio Lapegue\",\"description\":\"Periodista\",\"publisher\":{\"@id\":\"https:\\\/\\\/sergiolapegue.com\\\/site\\\/#\\\/schema\\\/person\\\/083aeceeb0734cd166779ea6c0551a37\"},\"potentialAction\":[{\"@type\":\"SearchAction\",\"target\":{\"@type\":\"EntryPoint\",\"urlTemplate\":\"https:\\\/\\\/sergiolapegue.com\\\/site\\\/?s={search_term_string}\"},\"query-input\":{\"@type\":\"PropertyValueSpecification\",\"valueRequired\":true,\"valueName\":\"search_term_string\"}}],\"inLanguage\":\"es-AR\"},{\"@type\":[\"Person\",\"Organization\"],\"@id\":\"https:\\\/\\\/sergiolapegue.com\\\/site\\\/#\\\/schema\\\/person\\\/083aeceeb0734cd166779ea6c0551a37\",\"name\":\"Sergio Lapegue\",\"image\":{\"@type\":\"ImageObject\",\"inLanguage\":\"es-AR\",\"@id\":\"https:\\\/\\\/sergiolapegue.com\\\/site\\\/wp-content\\\/uploads\\\/2021\\\/04\\\/logo_header-1.png\",\"url\":\"https:\\\/\\\/sergiolapegue.com\\\/site\\\/wp-content\\\/uploads\\\/2021\\\/04\\\/logo_header-1.png\",\"contentUrl\":\"https:\\\/\\\/sergiolapegue.com\\\/site\\\/wp-content\\\/uploads\\\/2021\\\/04\\\/logo_header-1.png\",\"width\":272,\"height\":90,\"caption\":\"Sergio Lapegue\"},\"logo\":{\"@id\":\"https:\\\/\\\/sergiolapegue.com\\\/site\\\/wp-content\\\/uploads\\\/2021\\\/04\\\/logo_header-1.png\"},\"sameAs\":[\"https:\\\/\\\/facebook.com\\\/sergiolapegue\",\"https:\\\/\\\/instagram.com\\\/sergiolapegue\",\"https:\\\/\\\/x.com\\\/https:\\\/\\\/twitter.com\\\/sergiolapegue\"],\"url\":\"https:\\\/\\\/sergiolapegue.com\\\/site\\\/author\\\/sergio\\\/\"}]}<\/script>\n<!-- \/ Yoast SEO plugin. -->","yoast_head_json":{"title":"El d\u00eda en que Lomas se dio cuenta que necesitaba urgente un cuerpo de Bomberos - Sergio Lapegue","description":"En noviembre de 1909, en el local El T\u00edvoli de Banfield, se reuni\u00f3 por primera vez una comisi\u00f3n de vecinos para levantar las bases.","robots":{"index":"index","follow":"follow","max-snippet":"max-snippet:-1","max-image-preview":"max-image-preview:large","max-video-preview":"max-video-preview:-1"},"canonical":"https:\/\/sergiolapegue.com\/site\/2024\/04\/08\/el-dia-en-que-lomas-se-dio-cuenta-que-necesitaba-urgente-un-cuerpo-de-bomberos\/","og_locale":"es_ES","og_type":"article","og_title":"El d\u00eda en que Lomas se dio cuenta que necesitaba urgente un cuerpo de Bomberos - Sergio Lapegue","og_description":"En noviembre de 1909, en el local El T\u00edvoli de Banfield, se reuni\u00f3 por primera vez una comisi\u00f3n de vecinos para levantar las bases.","og_url":"https:\/\/sergiolapegue.com\/site\/2024\/04\/08\/el-dia-en-que-lomas-se-dio-cuenta-que-necesitaba-urgente-un-cuerpo-de-bomberos\/","og_site_name":"Sergio Lapegue","article_publisher":"https:\/\/facebook.com\/sergiolapegue","article_author":"https:\/\/facebook.com\/sergiolapegue","article_published_time":"2024-04-08T14:25:37+00:00","article_modified_time":"2024-04-08T14:25:38+00:00","og_image":[{"width":1000,"height":525,"url":"https:\/\/sergiolapegue.com\/site\/wp-content\/uploads\/2024\/04\/194572.webp","type":"image\/webp"}],"author":"Sergio Lapegue","twitter_card":"summary_large_image","twitter_creator":"@https:\/\/twitter.com\/sergiolapegue","twitter_site":"@sergiolapegue","twitter_misc":{"Escrito por":"Sergio Lapegue","Tiempo de lectura":"2 minutos"},"schema":{"@context":"https:\/\/schema.org","@graph":[{"@type":"Article","@id":"https:\/\/sergiolapegue.com\/site\/2024\/04\/08\/el-dia-en-que-lomas-se-dio-cuenta-que-necesitaba-urgente-un-cuerpo-de-bomberos\/#article","isPartOf":{"@id":"https:\/\/sergiolapegue.com\/site\/2024\/04\/08\/el-dia-en-que-lomas-se-dio-cuenta-que-necesitaba-urgente-un-cuerpo-de-bomberos\/"},"author":{"name":"Sergio Lapegue","@id":"https:\/\/sergiolapegue.com\/site\/#\/schema\/person\/083aeceeb0734cd166779ea6c0551a37"},"headline":"El d\u00eda en que Lomas se dio cuenta que necesitaba urgente un cuerpo de Bomberos","datePublished":"2024-04-08T14:25:37+00:00","dateModified":"2024-04-08T14:25:38+00:00","mainEntityOfPage":{"@id":"https:\/\/sergiolapegue.com\/site\/2024\/04\/08\/el-dia-en-que-lomas-se-dio-cuenta-que-necesitaba-urgente-un-cuerpo-de-bomberos\/"},"wordCount":411,"publisher":{"@id":"https:\/\/sergiolapegue.com\/site\/#\/schema\/person\/083aeceeb0734cd166779ea6c0551a37"},"image":{"@id":"https:\/\/sergiolapegue.com\/site\/2024\/04\/08\/el-dia-en-que-lomas-se-dio-cuenta-que-necesitaba-urgente-un-cuerpo-de-bomberos\/#primaryimage"},"thumbnailUrl":"https:\/\/sergiolapegue.com\/site\/wp-content\/uploads\/2024\/04\/194572.webp","keywords":["Bomberos","La Uni\u00f3n","Lomas de Zamora"],"articleSection":["De Pu\u00f1o y Letra Lomas de Zamora"],"inLanguage":"es-AR"},{"@type":"WebPage","@id":"https:\/\/sergiolapegue.com\/site\/2024\/04\/08\/el-dia-en-que-lomas-se-dio-cuenta-que-necesitaba-urgente-un-cuerpo-de-bomberos\/","url":"https:\/\/sergiolapegue.com\/site\/2024\/04\/08\/el-dia-en-que-lomas-se-dio-cuenta-que-necesitaba-urgente-un-cuerpo-de-bomberos\/","name":"El d\u00eda en que Lomas se dio cuenta que necesitaba urgente un cuerpo de Bomberos - Sergio Lapegue","isPartOf":{"@id":"https:\/\/sergiolapegue.com\/site\/#website"},"primaryImageOfPage":{"@id":"https:\/\/sergiolapegue.com\/site\/2024\/04\/08\/el-dia-en-que-lomas-se-dio-cuenta-que-necesitaba-urgente-un-cuerpo-de-bomberos\/#primaryimage"},"image":{"@id":"https:\/\/sergiolapegue.com\/site\/2024\/04\/08\/el-dia-en-que-lomas-se-dio-cuenta-que-necesitaba-urgente-un-cuerpo-de-bomberos\/#primaryimage"},"thumbnailUrl":"https:\/\/sergiolapegue.com\/site\/wp-content\/uploads\/2024\/04\/194572.webp","datePublished":"2024-04-08T14:25:37+00:00","dateModified":"2024-04-08T14:25:38+00:00","description":"En noviembre de 1909, en el local El T\u00edvoli de Banfield, se reuni\u00f3 por primera vez una comisi\u00f3n de vecinos para levantar las bases.","breadcrumb":{"@id":"https:\/\/sergiolapegue.com\/site\/2024\/04\/08\/el-dia-en-que-lomas-se-dio-cuenta-que-necesitaba-urgente-un-cuerpo-de-bomberos\/#breadcrumb"},"inLanguage":"es-AR","potentialAction":[{"@type":"ReadAction","target":["https:\/\/sergiolapegue.com\/site\/2024\/04\/08\/el-dia-en-que-lomas-se-dio-cuenta-que-necesitaba-urgente-un-cuerpo-de-bomberos\/"]}]},{"@type":"ImageObject","inLanguage":"es-AR","@id":"https:\/\/sergiolapegue.com\/site\/2024\/04\/08\/el-dia-en-que-lomas-se-dio-cuenta-que-necesitaba-urgente-un-cuerpo-de-bomberos\/#primaryimage","url":"https:\/\/sergiolapegue.com\/site\/wp-content\/uploads\/2024\/04\/194572.webp","contentUrl":"https:\/\/sergiolapegue.com\/site\/wp-content\/uploads\/2024\/04\/194572.webp","width":1000,"height":525},{"@type":"BreadcrumbList","@id":"https:\/\/sergiolapegue.com\/site\/2024\/04\/08\/el-dia-en-que-lomas-se-dio-cuenta-que-necesitaba-urgente-un-cuerpo-de-bomberos\/#breadcrumb","itemListElement":[{"@type":"ListItem","position":1,"name":"Inicio","item":"https:\/\/sergiolapegue.com\/site\/"},{"@type":"ListItem","position":2,"name":"El d\u00eda en que Lomas se dio cuenta que necesitaba urgente un cuerpo de Bomberos"}]},{"@type":"WebSite","@id":"https:\/\/sergiolapegue.com\/site\/#website","url":"https:\/\/sergiolapegue.com\/site\/","name":"Sergio Lapegue","description":"Periodista","publisher":{"@id":"https:\/\/sergiolapegue.com\/site\/#\/schema\/person\/083aeceeb0734cd166779ea6c0551a37"},"potentialAction":[{"@type":"SearchAction","target":{"@type":"EntryPoint","urlTemplate":"https:\/\/sergiolapegue.com\/site\/?s={search_term_string}"},"query-input":{"@type":"PropertyValueSpecification","valueRequired":true,"valueName":"search_term_string"}}],"inLanguage":"es-AR"},{"@type":["Person","Organization"],"@id":"https:\/\/sergiolapegue.com\/site\/#\/schema\/person\/083aeceeb0734cd166779ea6c0551a37","name":"Sergio Lapegue","image":{"@type":"ImageObject","inLanguage":"es-AR","@id":"https:\/\/sergiolapegue.com\/site\/wp-content\/uploads\/2021\/04\/logo_header-1.png","url":"https:\/\/sergiolapegue.com\/site\/wp-content\/uploads\/2021\/04\/logo_header-1.png","contentUrl":"https:\/\/sergiolapegue.com\/site\/wp-content\/uploads\/2021\/04\/logo_header-1.png","width":272,"height":90,"caption":"Sergio Lapegue"},"logo":{"@id":"https:\/\/sergiolapegue.com\/site\/wp-content\/uploads\/2021\/04\/logo_header-1.png"},"sameAs":["https:\/\/facebook.com\/sergiolapegue","https:\/\/instagram.com\/sergiolapegue","https:\/\/x.com\/https:\/\/twitter.com\/sergiolapegue"],"url":"https:\/\/sergiolapegue.com\/site\/author\/sergio\/"}]}},"_links":{"self":[{"href":"https:\/\/sergiolapegue.com\/site\/wp-json\/wp\/v2\/posts\/14245","targetHints":{"allow":["GET"]}}],"collection":[{"href":"https:\/\/sergiolapegue.com\/site\/wp-json\/wp\/v2\/posts"}],"about":[{"href":"https:\/\/sergiolapegue.com\/site\/wp-json\/wp\/v2\/types\/post"}],"author":[{"embeddable":true,"href":"https:\/\/sergiolapegue.com\/site\/wp-json\/wp\/v2\/users\/6"}],"replies":[{"embeddable":true,"href":"https:\/\/sergiolapegue.com\/site\/wp-json\/wp\/v2\/comments?post=14245"}],"version-history":[{"count":1,"href":"https:\/\/sergiolapegue.com\/site\/wp-json\/wp\/v2\/posts\/14245\/revisions"}],"predecessor-version":[{"id":14247,"href":"https:\/\/sergiolapegue.com\/site\/wp-json\/wp\/v2\/posts\/14245\/revisions\/14247"}],"wp:featuredmedia":[{"embeddable":true,"href":"https:\/\/sergiolapegue.com\/site\/wp-json\/wp\/v2\/media\/14246"}],"wp:attachment":[{"href":"https:\/\/sergiolapegue.com\/site\/wp-json\/wp\/v2\/media?parent=14245"}],"wp:term":[{"taxonomy":"category","embeddable":true,"href":"https:\/\/sergiolapegue.com\/site\/wp-json\/wp\/v2\/categories?post=14245"},{"taxonomy":"post_tag","embeddable":true,"href":"https:\/\/sergiolapegue.com\/site\/wp-json\/wp\/v2\/tags?post=14245"}],"curies":[{"name":"wp","href":"https:\/\/api.w.org\/{rel}","templated":true}]}}